{"id":10341,"date":"2023-05-10T18:42:24","date_gmt":"2023-05-10T18:42:24","guid":{"rendered":"https:\/\/www.cftestataltarapaca.cl\/inicio\/?p=10341"},"modified":"2023-06-04T22:43:56","modified_gmt":"2023-06-04T22:43:56","slug":"socializacion-de-resultados-foda-institucional","status":"publish","type":"post","link":"https:\/\/www.cftestataltarapaca.cl\/inicio\/2023\/05\/10\/socializacion-de-resultados-foda-institucional\/","title":{"rendered":"Socializaci\u00f3n de resultados FODA Institucional"},"content":{"rendered":"<p style=\"text-align: justify;\">Con la presencia de nuestro Rector, Jorge Villegas Ahumada, los funcionarios del Centro de Formaci\u00f3n T\u00e9cnica Estatal Tarapac\u00e1 (CFT) participaron hoy en la jornada de presentaci\u00f3n \u00abResultados FODA Institucional\u00bb que se realiza con el objetivo de informar a la comunidad interna sobre la actualizaci\u00f3n de los objetivos del Proyecto de Desarrollo Institucional (PDI).<!--more--><\/p>\n<p style=\"text-align: justify;\">Para obtener estos objetivos, se realizaron diversas jornadas de Focus Group para recabar informaci\u00f3n de los distintos grupos de inter\u00e9s y, posteriormente, se analizaron y depuraron los datos obtenidos en jornadas de trabajo participativas entre los distintos estamentos del CFT. Este an\u00e1lisis permiti\u00f3 determinar la situaci\u00f3n actual de la instituci\u00f3n utilizando la herramienta FODA Sist\u00e9mico.<\/p>\n<p style=\"text-align: justify;\">El FODA Sist\u00e9mico permiti\u00f3 priorizar las acciones a implementar y estos resultados ser\u00e1n los que nos ayudar\u00e1n a demarcar los nuevos objetivos del proyecto. Adem\u00e1s, durante esta jornada se dio inicio oficial al proceso de autoevaluaci\u00f3n institucional, que consiste en recopilar y analizar informaci\u00f3n sustantiva sobre la base de los prop\u00f3sitos declarados del CFT y de un conjunto de criterios y est\u00e1ndares previamente definidos por la Comisi\u00f3n Nacional de Acreditaci\u00f3n (CNA)<\/p>\n<p style=\"text-align: justify;\">Este proceso de autoevaluaci\u00f3n es c\u00edclico y permanente, lo que permitir\u00e1 tomar decisiones confiables para mejorar continuamente la calidad de la instituci\u00f3n y la formaci\u00f3n t\u00e9cnica de los estudiantes. Con estas actividades, el CFT continua en su firme compromiso con la calidad y la excelencia en la formaci\u00f3n t\u00e9cnica.<\/p>\n<p style=\"text-align: justify;\"><img loading=\"lazy\" decoding=\"async\" class=\"alignnone wp-image-10342\" src=\"https:\/\/www.cftestataltarapaca.cl\/inicio\/wp-content\/uploads\/2023\/05\/pb00000702-300x200.jpg\" alt=\"\" width=\"731\" height=\"487\" srcset=\"https:\/\/www.cftestataltarapaca.cl\/inicio\/wp-content\/uploads\/2023\/05\/pb00000702-300x200.jpg 300w, https:\/\/www.cftestataltarapaca.cl\/inicio\/wp-content\/uploads\/2023\/05\/pb00000702-1024x683.jpg 1024w, https:\/\/www.cftestataltarapaca.cl\/inicio\/wp-content\/uploads\/2023\/05\/pb00000702-768x512.jpg 768w, https:\/\/www.cftestataltarapaca.cl\/inicio\/wp-content\/uploads\/2023\/05\/pb00000702-1536x1024.jpg 1536w, https:\/\/www.cftestataltarapaca.cl\/inicio\/wp-content\/uploads\/2023\/05\/pb00000702-2048x1365.jpg 2048w, https:\/\/www.cftestataltarapaca.cl\/inicio\/wp-content\/uploads\/2023\/05\/pb00000702-900x600.jpg 900w\" sizes=\"auto, (max-width: 731px) 100vw, 731px\" \/><\/p>\n<p style=\"text-align: justify;\">\n","protected":false},"excerpt":{"rendered":"<p>Con la presencia de nuestro Rector, Jorge Villegas Ahumada, los funcionarios del Centro de Formaci\u00f3n T\u00e9cnica Estatal Tarapac\u00e1 (CFT) participaron hoy en la jornada de presentaci\u00f3n \u00abResultados FODA Institucional\u00bb que&#8230;<\/p>\n","protected":false},"author":2,"featured_media":10344,"comment_status":"open","ping_status":"open","sticky":false,"template":"","format":"standard","meta":{"_joinchat":[],"footnotes":""},"categories":[159],"tags":[],"class_list":["post-10341","post","type-post","status-publish","format-standard","has-post-thumbnail","hentry","category-acreditacion"],"yoast_head":"<!-- This site is optimized with the Yoast SEO plugin v27.4 - https:\/\/yoast.com\/product\/yoast-seo-wordpress\/ -->\n<title>Socializaci\u00f3n de resultados FODA Institucional - CFT Estatal Tarapac\u00e1<\/title>\n<meta name=\"description\" content=\"Hoy dimos inicio oficial al proceso de autoevaluaci\u00f3n del CFT Estatal Tarapac\u00e1\" \/>\n<meta name=\"robots\" content=\"index, follow, max-snippet:-1, max-image-preview:large, max-video-preview:-1\" \/>\n<link rel=\"canonical\" href=\"https:\/\/www.cftestataltarapaca.cl\/inicio\/2023\/05\/10\/socializacion-de-resultados-foda-institucional\/\" \/>\n<meta property=\"og:locale\" content=\"es_ES\" \/>\n<meta property=\"og:type\" content=\"article\" \/>\n<meta property=\"og:title\" content=\"Socializaci\u00f3n de resultados FODA Institucional - CFT Estatal Tarapac\u00e1\" \/>\n<meta property=\"og:description\" content=\"Hoy dimos inicio oficial al proceso de autoevaluaci\u00f3n del CFT Estatal Tarapac\u00e1\" \/>\n<meta property=\"og:url\" content=\"https:\/\/www.cftestataltarapaca.cl\/inicio\/2023\/05\/10\/socializacion-de-resultados-foda-institucional\/\" \/>\n<meta property=\"og:site_name\" content=\"CFT Estatal Tarapac\u00e1\" \/>\n<meta property=\"article:publisher\" content=\"https:\/\/www.facebook.com\/CFTestataltarapaca\/\" \/>\n<meta property=\"article:published_time\" content=\"2023-05-10T18:42:24+00:00\" \/>\n<meta property=\"article:modified_time\" content=\"2023-06-04T22:43:56+00:00\" \/>\n<meta property=\"og:image\" content=\"https:\/\/www.cftestataltarapaca.cl\/inicio\/wp-content\/uploads\/2023\/05\/pb00000706-scaled.jpg\" \/>\n\t<meta property=\"og:image:width\" content=\"2560\" \/>\n\t<meta property=\"og:image:height\" content=\"1707\" \/>\n\t<meta property=\"og:image:type\" content=\"image\/jpeg\" \/>\n<meta name=\"author\" content=\"Comunicaciones\" \/>\n<meta name=\"twitter:card\" content=\"summary_large_image\" \/>\n<meta name=\"twitter:creator\" content=\"@CFTesTarapaca\" \/>\n<meta name=\"twitter:site\" content=\"@CFTesTarapaca\" \/>\n<meta name=\"twitter:label1\" content=\"Escrito por\" \/>\n\t<meta name=\"twitter:data1\" content=\"Comunicaciones\" \/>\n\t<meta name=\"twitter:label2\" content=\"Tiempo de lectura\" \/>\n\t<meta name=\"twitter:data2\" content=\"2 minutos\" \/>\n<script type=\"application\/ld+json\" class=\"yoast-schema-graph\">{\"@context\":\"https:\\\/\\\/schema.org\",\"@graph\":[{\"@type\":\"Article\",\"@id\":\"https:\\\/\\\/www.cftestataltarapaca.cl\\\/inicio\\\/2023\\\/05\\\/10\\\/socializacion-de-resultados-foda-institucional\\\/#article\",\"isPartOf\":{\"@id\":\"https:\\\/\\\/www.cftestataltarapaca.cl\\\/inicio\\\/2023\\\/05\\\/10\\\/socializacion-de-resultados-foda-institucional\\\/\"},\"author\":{\"name\":\"Comunicaciones\",\"@id\":\"https:\\\/\\\/www.cftestataltarapaca.cl\\\/inicio\\\/#\\\/schema\\\/person\\\/ad1fbfa1fa7c3d3889f4ae5401dd660e\"},\"headline\":\"Socializaci\u00f3n de resultados FODA Institucional\",\"datePublished\":\"2023-05-10T18:42:24+00:00\",\"dateModified\":\"2023-06-04T22:43:56+00:00\",\"mainEntityOfPage\":{\"@id\":\"https:\\\/\\\/www.cftestataltarapaca.cl\\\/inicio\\\/2023\\\/05\\\/10\\\/socializacion-de-resultados-foda-institucional\\\/\"},\"wordCount\":261,\"commentCount\":0,\"publisher\":{\"@id\":\"https:\\\/\\\/www.cftestataltarapaca.cl\\\/inicio\\\/#organization\"},\"image\":{\"@id\":\"https:\\\/\\\/www.cftestataltarapaca.cl\\\/inicio\\\/2023\\\/05\\\/10\\\/socializacion-de-resultados-foda-institucional\\\/#primaryimage\"},\"thumbnailUrl\":\"https:\\\/\\\/www.cftestataltarapaca.cl\\\/inicio\\\/wp-content\\\/uploads\\\/2023\\\/05\\\/pb00000706-scaled.jpg\",\"articleSection\":[\"Acreditaci\u00f3n\"],\"inLanguage\":\"es\",\"potentialAction\":[{\"@type\":\"CommentAction\",\"name\":\"Comment\",\"target\":[\"https:\\\/\\\/www.cftestataltarapaca.cl\\\/inicio\\\/2023\\\/05\\\/10\\\/socializacion-de-resultados-foda-institucional\\\/#respond\"]}]},{\"@type\":\"WebPage\",\"@id\":\"https:\\\/\\\/www.cftestataltarapaca.cl\\\/inicio\\\/2023\\\/05\\\/10\\\/socializacion-de-resultados-foda-institucional\\\/\",\"url\":\"https:\\\/\\\/www.cftestataltarapaca.cl\\\/inicio\\\/2023\\\/05\\\/10\\\/socializacion-de-resultados-foda-institucional\\\/\",\"name\":\"Socializaci\u00f3n de resultados FODA Institucional - CFT Estatal Tarapac\u00e1\",\"isPartOf\":{\"@id\":\"https:\\\/\\\/www.cftestataltarapaca.cl\\\/inicio\\\/#website\"},\"primaryImageOfPage\":{\"@id\":\"https:\\\/\\\/www.cftestataltarapaca.cl\\\/inicio\\\/2023\\\/05\\\/10\\\/socializacion-de-resultados-foda-institucional\\\/#primaryimage\"},\"image\":{\"@id\":\"https:\\\/\\\/www.cftestataltarapaca.cl\\\/inicio\\\/2023\\\/05\\\/10\\\/socializacion-de-resultados-foda-institucional\\\/#primaryimage\"},\"thumbnailUrl\":\"https:\\\/\\\/www.cftestataltarapaca.cl\\\/inicio\\\/wp-content\\\/uploads\\\/2023\\\/05\\\/pb00000706-scaled.jpg\",\"datePublished\":\"2023-05-10T18:42:24+00:00\",\"dateModified\":\"2023-06-04T22:43:56+00:00\",\"description\":\"Hoy dimos inicio oficial al proceso de autoevaluaci\u00f3n del CFT Estatal Tarapac\u00e1\",\"breadcrumb\":{\"@id\":\"https:\\\/\\\/www.cftestataltarapaca.cl\\\/inicio\\\/2023\\\/05\\\/10\\\/socializacion-de-resultados-foda-institucional\\\/#breadcrumb\"},\"inLanguage\":\"es\",\"potentialAction\":[{\"@type\":\"ReadAction\",\"target\":[\"https:\\\/\\\/www.cftestataltarapaca.cl\\\/inicio\\\/2023\\\/05\\\/10\\\/socializacion-de-resultados-foda-institucional\\\/\"]}]},{\"@type\":\"ImageObject\",\"inLanguage\":\"es\",\"@id\":\"https:\\\/\\\/www.cftestataltarapaca.cl\\\/inicio\\\/2023\\\/05\\\/10\\\/socializacion-de-resultados-foda-institucional\\\/#primaryimage\",\"url\":\"https:\\\/\\\/www.cftestataltarapaca.cl\\\/inicio\\\/wp-content\\\/uploads\\\/2023\\\/05\\\/pb00000706-scaled.jpg\",\"contentUrl\":\"https:\\\/\\\/www.cftestataltarapaca.cl\\\/inicio\\\/wp-content\\\/uploads\\\/2023\\\/05\\\/pb00000706-scaled.jpg\",\"width\":2560,\"height\":1707},{\"@type\":\"BreadcrumbList\",\"@id\":\"https:\\\/\\\/www.cftestataltarapaca.cl\\\/inicio\\\/2023\\\/05\\\/10\\\/socializacion-de-resultados-foda-institucional\\\/#breadcrumb\",\"itemListElement\":[{\"@type\":\"ListItem\",\"position\":1,\"name\":\"Portada\",\"item\":\"https:\\\/\\\/www.cftestataltarapaca.cl\\\/inicio\\\/\"},{\"@type\":\"ListItem\",\"position\":2,\"name\":\"Socializaci\u00f3n de resultados FODA Institucional\"}]},{\"@type\":\"WebSite\",\"@id\":\"https:\\\/\\\/www.cftestataltarapaca.cl\\\/inicio\\\/#website\",\"url\":\"https:\\\/\\\/www.cftestataltarapaca.cl\\\/inicio\\\/\",\"name\":\"CFT Estatal Tarapac\u00e1\",\"description\":\"Admisi\u00f3n 2025\",\"publisher\":{\"@id\":\"https:\\\/\\\/www.cftestataltarapaca.cl\\\/inicio\\\/#organization\"},\"potentialAction\":[{\"@type\":\"SearchAction\",\"target\":{\"@type\":\"EntryPoint\",\"urlTemplate\":\"https:\\\/\\\/www.cftestataltarapaca.cl\\\/inicio\\\/?s={search_term_string}\"},\"query-input\":{\"@type\":\"PropertyValueSpecification\",\"valueRequired\":true,\"valueName\":\"search_term_string\"}}],\"inLanguage\":\"es\"},{\"@type\":\"Organization\",\"@id\":\"https:\\\/\\\/www.cftestataltarapaca.cl\\\/inicio\\\/#organization\",\"name\":\"CFT Estatal Tarapac\u00e1\",\"url\":\"https:\\\/\\\/www.cftestataltarapaca.cl\\\/inicio\\\/\",\"logo\":{\"@type\":\"ImageObject\",\"inLanguage\":\"es\",\"@id\":\"https:\\\/\\\/www.cftestataltarapaca.cl\\\/inicio\\\/#\\\/schema\\\/logo\\\/image\\\/\",\"url\":\"https:\\\/\\\/www.cftestataltarapaca.cl\\\/inicio\\\/wp-content\\\/uploads\\\/2019\\\/03\\\/logo-retina-1.png\",\"contentUrl\":\"https:\\\/\\\/www.cftestataltarapaca.cl\\\/inicio\\\/wp-content\\\/uploads\\\/2019\\\/03\\\/logo-retina-1.png\",\"width\":401,\"height\":150,\"caption\":\"CFT Estatal Tarapac\u00e1\"},\"image\":{\"@id\":\"https:\\\/\\\/www.cftestataltarapaca.cl\\\/inicio\\\/#\\\/schema\\\/logo\\\/image\\\/\"},\"sameAs\":[\"https:\\\/\\\/www.facebook.com\\\/CFTestataltarapaca\\\/\",\"https:\\\/\\\/x.com\\\/CFTesTarapaca\",\"https:\\\/\\\/www.instagram.com\\\/CFTestataltarapaca\\\/\"]},{\"@type\":\"Person\",\"@id\":\"https:\\\/\\\/www.cftestataltarapaca.cl\\\/inicio\\\/#\\\/schema\\\/person\\\/ad1fbfa1fa7c3d3889f4ae5401dd660e\",\"name\":\"Comunicaciones\",\"image\":{\"@type\":\"ImageObject\",\"inLanguage\":\"es\",\"@id\":\"https:\\\/\\\/secure.gravatar.com\\\/avatar\\\/ed1c2728327f20a5a62edaeb7dc181858f225b765044c5314c3d1059a1bd992f?s=96&d=mm&r=g\",\"url\":\"https:\\\/\\\/secure.gravatar.com\\\/avatar\\\/ed1c2728327f20a5a62edaeb7dc181858f225b765044c5314c3d1059a1bd992f?s=96&d=mm&r=g\",\"contentUrl\":\"https:\\\/\\\/secure.gravatar.com\\\/avatar\\\/ed1c2728327f20a5a62edaeb7dc181858f225b765044c5314c3d1059a1bd992f?s=96&d=mm&r=g\",\"caption\":\"Comunicaciones\"},\"sameAs\":[\"http:\\\/\\\/www.cftestataltarapaca.cl\"],\"url\":\"https:\\\/\\\/www.cftestataltarapaca.cl\\\/inicio\\\/author\\\/comunicaciones\\\/\"}]}<\/script>\n<!-- \/ Yoast SEO plugin. -->","yoast_head_json":{"title":"Socializaci\u00f3n de resultados FODA Institucional - CFT Estatal Tarapac\u00e1","description":"Hoy dimos inicio oficial al proceso de autoevaluaci\u00f3n del CFT Estatal Tarapac\u00e1","robots":{"index":"index","follow":"follow","max-snippet":"max-snippet:-1","max-image-preview":"max-image-preview:large","max-video-preview":"max-video-preview:-1"},"canonical":"https:\/\/www.cftestataltarapaca.cl\/inicio\/2023\/05\/10\/socializacion-de-resultados-foda-institucional\/","og_locale":"es_ES","og_type":"article","og_title":"Socializaci\u00f3n de resultados FODA Institucional - CFT Estatal Tarapac\u00e1","og_description":"Hoy dimos inicio oficial al proceso de autoevaluaci\u00f3n del CFT Estatal Tarapac\u00e1","og_url":"https:\/\/www.cftestataltarapaca.cl\/inicio\/2023\/05\/10\/socializacion-de-resultados-foda-institucional\/","og_site_name":"CFT Estatal Tarapac\u00e1","article_publisher":"https:\/\/www.facebook.com\/CFTestataltarapaca\/","article_published_time":"2023-05-10T18:42:24+00:00","article_modified_time":"2023-06-04T22:43:56+00:00","og_image":[{"width":2560,"height":1707,"url":"https:\/\/www.cftestataltarapaca.cl\/inicio\/wp-content\/uploads\/2023\/05\/pb00000706-scaled.jpg","type":"image\/jpeg"}],"author":"Comunicaciones","twitter_card":"summary_large_image","twitter_creator":"@CFTesTarapaca","twitter_site":"@CFTesTarapaca","twitter_misc":{"Escrito por":"Comunicaciones","Tiempo de lectura":"2 minutos"},"schema":{"@context":"https:\/\/schema.org","@graph":[{"@type":"Article","@id":"https:\/\/www.cftestataltarapaca.cl\/inicio\/2023\/05\/10\/socializacion-de-resultados-foda-institucional\/#article","isPartOf":{"@id":"https:\/\/www.cftestataltarapaca.cl\/inicio\/2023\/05\/10\/socializacion-de-resultados-foda-institucional\/"},"author":{"name":"Comunicaciones","@id":"https:\/\/www.cftestataltarapaca.cl\/inicio\/#\/schema\/person\/ad1fbfa1fa7c3d3889f4ae5401dd660e"},"headline":"Socializaci\u00f3n de resultados FODA Institucional","datePublished":"2023-05-10T18:42:24+00:00","dateModified":"2023-06-04T22:43:56+00:00","mainEntityOfPage":{"@id":"https:\/\/www.cftestataltarapaca.cl\/inicio\/2023\/05\/10\/socializacion-de-resultados-foda-institucional\/"},"wordCount":261,"commentCount":0,"publisher":{"@id":"https:\/\/www.cftestataltarapaca.cl\/inicio\/#organization"},"image":{"@id":"https:\/\/www.cftestataltarapaca.cl\/inicio\/2023\/05\/10\/socializacion-de-resultados-foda-institucional\/#primaryimage"},"thumbnailUrl":"https:\/\/www.cftestataltarapaca.cl\/inicio\/wp-content\/uploads\/2023\/05\/pb00000706-scaled.jpg","articleSection":["Acreditaci\u00f3n"],"inLanguage":"es","potentialAction":[{"@type":"CommentAction","name":"Comment","target":["https:\/\/www.cftestataltarapaca.cl\/inicio\/2023\/05\/10\/socializacion-de-resultados-foda-institucional\/#respond"]}]},{"@type":"WebPage","@id":"https:\/\/www.cftestataltarapaca.cl\/inicio\/2023\/05\/10\/socializacion-de-resultados-foda-institucional\/","url":"https:\/\/www.cftestataltarapaca.cl\/inicio\/2023\/05\/10\/socializacion-de-resultados-foda-institucional\/","name":"Socializaci\u00f3n de resultados FODA Institucional - CFT Estatal Tarapac\u00e1","isPartOf":{"@id":"https:\/\/www.cftestataltarapaca.cl\/inicio\/#website"},"primaryImageOfPage":{"@id":"https:\/\/www.cftestataltarapaca.cl\/inicio\/2023\/05\/10\/socializacion-de-resultados-foda-institucional\/#primaryimage"},"image":{"@id":"https:\/\/www.cftestataltarapaca.cl\/inicio\/2023\/05\/10\/socializacion-de-resultados-foda-institucional\/#primaryimage"},"thumbnailUrl":"https:\/\/www.cftestataltarapaca.cl\/inicio\/wp-content\/uploads\/2023\/05\/pb00000706-scaled.jpg","datePublished":"2023-05-10T18:42:24+00:00","dateModified":"2023-06-04T22:43:56+00:00","description":"Hoy dimos inicio oficial al proceso de autoevaluaci\u00f3n del CFT Estatal Tarapac\u00e1","breadcrumb":{"@id":"https:\/\/www.cftestataltarapaca.cl\/inicio\/2023\/05\/10\/socializacion-de-resultados-foda-institucional\/#breadcrumb"},"inLanguage":"es","potentialAction":[{"@type":"ReadAction","target":["https:\/\/www.cftestataltarapaca.cl\/inicio\/2023\/05\/10\/socializacion-de-resultados-foda-institucional\/"]}]},{"@type":"ImageObject","inLanguage":"es","@id":"https:\/\/www.cftestataltarapaca.cl\/inicio\/2023\/05\/10\/socializacion-de-resultados-foda-institucional\/#primaryimage","url":"https:\/\/www.cftestataltarapaca.cl\/inicio\/wp-content\/uploads\/2023\/05\/pb00000706-scaled.jpg","contentUrl":"https:\/\/www.cftestataltarapaca.cl\/inicio\/wp-content\/uploads\/2023\/05\/pb00000706-scaled.jpg","width":2560,"height":1707},{"@type":"BreadcrumbList","@id":"https:\/\/www.cftestataltarapaca.cl\/inicio\/2023\/05\/10\/socializacion-de-resultados-foda-institucional\/#breadcrumb","itemListElement":[{"@type":"ListItem","position":1,"name":"Portada","item":"https:\/\/www.cftestataltarapaca.cl\/inicio\/"},{"@type":"ListItem","position":2,"name":"Socializaci\u00f3n de resultados FODA Institucional"}]},{"@type":"WebSite","@id":"https:\/\/www.cftestataltarapaca.cl\/inicio\/#website","url":"https:\/\/www.cftestataltarapaca.cl\/inicio\/","name":"CFT Estatal Tarapac\u00e1","description":"Admisi\u00f3n 2025","publisher":{"@id":"https:\/\/www.cftestataltarapaca.cl\/inicio\/#organization"},"potentialAction":[{"@type":"SearchAction","target":{"@type":"EntryPoint","urlTemplate":"https:\/\/www.cftestataltarapaca.cl\/inicio\/?s={search_term_string}"},"query-input":{"@type":"PropertyValueSpecification","valueRequired":true,"valueName":"search_term_string"}}],"inLanguage":"es"},{"@type":"Organization","@id":"https:\/\/www.cftestataltarapaca.cl\/inicio\/#organization","name":"CFT Estatal Tarapac\u00e1","url":"https:\/\/www.cftestataltarapaca.cl\/inicio\/","logo":{"@type":"ImageObject","inLanguage":"es","@id":"https:\/\/www.cftestataltarapaca.cl\/inicio\/#\/schema\/logo\/image\/","url":"https:\/\/www.cftestataltarapaca.cl\/inicio\/wp-content\/uploads\/2019\/03\/logo-retina-1.png","contentUrl":"https:\/\/www.cftestataltarapaca.cl\/inicio\/wp-content\/uploads\/2019\/03\/logo-retina-1.png","width":401,"height":150,"caption":"CFT Estatal Tarapac\u00e1"},"image":{"@id":"https:\/\/www.cftestataltarapaca.cl\/inicio\/#\/schema\/logo\/image\/"},"sameAs":["https:\/\/www.facebook.com\/CFTestataltarapaca\/","https:\/\/x.com\/CFTesTarapaca","https:\/\/www.instagram.com\/CFTestataltarapaca\/"]},{"@type":"Person","@id":"https:\/\/www.cftestataltarapaca.cl\/inicio\/#\/schema\/person\/ad1fbfa1fa7c3d3889f4ae5401dd660e","name":"Comunicaciones","image":{"@type":"ImageObject","inLanguage":"es","@id":"https:\/\/secure.gravatar.com\/avatar\/ed1c2728327f20a5a62edaeb7dc181858f225b765044c5314c3d1059a1bd992f?s=96&d=mm&r=g","url":"https:\/\/secure.gravatar.com\/avatar\/ed1c2728327f20a5a62edaeb7dc181858f225b765044c5314c3d1059a1bd992f?s=96&d=mm&r=g","contentUrl":"https:\/\/secure.gravatar.com\/avatar\/ed1c2728327f20a5a62edaeb7dc181858f225b765044c5314c3d1059a1bd992f?s=96&d=mm&r=g","caption":"Comunicaciones"},"sameAs":["http:\/\/www.cftestataltarapaca.cl"],"url":"https:\/\/www.cftestataltarapaca.cl\/inicio\/author\/comunicaciones\/"}]}},"publishpress_future_action":{"enabled":false,"date":"2026-05-08 13:56:18","action":"change-status","newStatus":"draft","terms":[],"taxonomy":"category","extraData":[]},"publishpress_future_workflow_manual_trigger":{"enabledWorkflows":[]},"_links":{"self":[{"href":"https:\/\/www.cftestataltarapaca.cl\/inicio\/wp-json\/wp\/v2\/posts\/10341","targetHints":{"allow":["GET"]}}],"collection":[{"href":"https:\/\/www.cftestataltarapaca.cl\/inicio\/wp-json\/wp\/v2\/posts"}],"about":[{"href":"https:\/\/www.cftestataltarapaca.cl\/inicio\/wp-json\/wp\/v2\/types\/post"}],"author":[{"embeddable":true,"href":"https:\/\/www.cftestataltarapaca.cl\/inicio\/wp-json\/wp\/v2\/users\/2"}],"replies":[{"embeddable":true,"href":"https:\/\/www.cftestataltarapaca.cl\/inicio\/wp-json\/wp\/v2\/comments?post=10341"}],"version-history":[{"count":5,"href":"https:\/\/www.cftestataltarapaca.cl\/inicio\/wp-json\/wp\/v2\/posts\/10341\/revisions"}],"predecessor-version":[{"id":10436,"href":"https:\/\/www.cftestataltarapaca.cl\/inicio\/wp-json\/wp\/v2\/posts\/10341\/revisions\/10436"}],"wp:featuredmedia":[{"embeddable":true,"href":"https:\/\/www.cftestataltarapaca.cl\/inicio\/wp-json\/wp\/v2\/media\/10344"}],"wp:attachment":[{"href":"https:\/\/www.cftestataltarapaca.cl\/inicio\/wp-json\/wp\/v2\/media?parent=10341"}],"wp:term":[{"taxonomy":"category","embeddable":true,"href":"https:\/\/www.cftestataltarapaca.cl\/inicio\/wp-json\/wp\/v2\/categories?post=10341"},{"taxonomy":"post_tag","embeddable":true,"href":"https:\/\/www.cftestataltarapaca.cl\/inicio\/wp-json\/wp\/v2\/tags?post=10341"}],"curies":[{"name":"wp","href":"https:\/\/api.w.org\/{rel}","templated":true}]}}