{"id":10924,"date":"2023-10-24T14:40:36","date_gmt":"2023-10-24T14:40:36","guid":{"rendered":"https:\/\/www.cftestataltarapaca.cl\/inicio\/?p=10924"},"modified":"2023-10-24T15:20:11","modified_gmt":"2023-10-24T15:20:11","slug":"cft-estatal-de-tarapaca-anuncia-un-nuevo-capitulo-de-desarrollo-institucional","status":"publish","type":"post","link":"https:\/\/www.cftestataltarapaca.cl\/inicio\/2023\/10\/24\/cft-estatal-de-tarapaca-anuncia-un-nuevo-capitulo-de-desarrollo-institucional\/","title":{"rendered":"CFT Estatal de Tarapac\u00e1 anuncia un nuevo cap\u00edtulo de Desarrollo Institucional"},"content":{"rendered":"<p>El Centro de Formaci\u00f3n T\u00e9cnica Estatal de Tarapac\u00e1 anunci\u00f3 su pr\u00f3xima fase de crecimiento y desarrollo. Desde sus or\u00edgenes, la instituci\u00f3n ha seguido una hoja de ruta que ha marcado su camino desde su fundaci\u00f3n, y ahora se encuentra listo para forjar el futuro.<!--more--><\/p>\n<p>Con solo unos meses para concluir su actual Proyecto de Desarrollo Institucional (PDI) 2019-2023, la instituci\u00f3n se enfrenta al nuevo desaf\u00edo de dar vida a su pr\u00f3ximo plan: el PDI 2024-2029. Este documento servir\u00e1 como la hoja de ruta que presentar\u00e1 la misi\u00f3n, visi\u00f3n, principios y valores que guiar\u00e1n al establecimiento durante los pr\u00f3ximos cinco a\u00f1os.<\/p>\n<p>El Rector, Jorge Villegas Ahumada, se\u00f1al\u00f3 que \u00abesta iniciativa no solo es un documento, sino una visi\u00f3n compartida de futuro. La participaci\u00f3n activa de todos los interesados ser\u00e1 clave para el \u00e9xito de este proceso. Juntos, se crear\u00e1 una visi\u00f3n institucional s\u00f3lida y orientada hacia el futuro.\u00bb<\/p>\n<p>Lo m\u00e1s destacado de este proceso es que se trata de un esfuerzo colectivo en el que todas las voces de la comunidad educativa tienen un papel fundamental. Como instituci\u00f3n estamos confiados en que este ser\u00e1 el comienzo de una etapa que sin duda ser\u00e1 gratificante y beneficiosa para todos quienes conforman esta instituci\u00f3n.<\/p>\n\n<div class=\"gdgallery-gallery-container\" id=\"gdgallery-container-8\" data-id=\"8\">\n    \n<div id=\"gdgallery_container_8\" style=\"display:none;\" data-view=\"grid\">\n            <a href=\"\">\n            <img decoding=\"async\" alt=\"\"\n                 data-type=\"image\"\n                 src=\"https:\/\/www.cftestataltarapaca.cl\/inicio\/wp-content\/uploads\/2023\/10\/calidad-1-7.jpg\"\n                 data-image=\"https:\/\/www.cftestataltarapaca.cl\/inicio\/wp-content\/uploads\/2023\/10\/calidad-1-7.jpg\"\n                 data-description=\"\"\n                                 style=\"display:block\">\n        <\/a>\n            <a href=\"\">\n            <img decoding=\"async\" alt=\"\"\n                 data-type=\"image\"\n                 src=\"https:\/\/www.cftestataltarapaca.cl\/inicio\/wp-content\/uploads\/2023\/10\/calidad-1-6.jpg\"\n                 data-image=\"https:\/\/www.cftestataltarapaca.cl\/inicio\/wp-content\/uploads\/2023\/10\/calidad-1-6.jpg\"\n                 data-description=\"\"\n                                 style=\"display:block\">\n        <\/a>\n            <a href=\"\">\n            <img decoding=\"async\" alt=\"\"\n                 data-type=\"image\"\n                 src=\"https:\/\/www.cftestataltarapaca.cl\/inicio\/wp-content\/uploads\/2023\/10\/calidad-1-2.jpg\"\n                 data-image=\"https:\/\/www.cftestataltarapaca.cl\/inicio\/wp-content\/uploads\/2023\/10\/calidad-1-2.jpg\"\n                 data-description=\"\"\n                                 style=\"display:block\">\n        <\/a>\n            <a href=\"\">\n            <img decoding=\"async\" alt=\"\"\n                 data-type=\"image\"\n                 src=\"https:\/\/www.cftestataltarapaca.cl\/inicio\/wp-content\/uploads\/2023\/10\/calidad-1-3.jpg\"\n                 data-image=\"https:\/\/www.cftestataltarapaca.cl\/inicio\/wp-content\/uploads\/2023\/10\/calidad-1-3.jpg\"\n                 data-description=\"\"\n                                 style=\"display:block\">\n        <\/a>\n            <a href=\"\">\n            <img decoding=\"async\" alt=\"\"\n                 data-type=\"image\"\n                 src=\"https:\/\/www.cftestataltarapaca.cl\/inicio\/wp-content\/uploads\/2023\/10\/calidad-1-5.jpg\"\n                 data-image=\"https:\/\/www.cftestataltarapaca.cl\/inicio\/wp-content\/uploads\/2023\/10\/calidad-1-5.jpg\"\n                 data-description=\"\"\n                                 style=\"display:block\">\n        <\/a>\n            <a href=\"\">\n            <img decoding=\"async\" alt=\"\"\n                 data-type=\"image\"\n                 src=\"https:\/\/www.cftestataltarapaca.cl\/inicio\/wp-content\/uploads\/2023\/10\/IMG_8585.jpg\"\n                 data-image=\"https:\/\/www.cftestataltarapaca.cl\/inicio\/wp-content\/uploads\/2023\/10\/IMG_8585.jpg\"\n                 data-description=\"\"\n                                 style=\"display:block\">\n        <\/a>\n            <a href=\"\">\n            <img decoding=\"async\" alt=\"\"\n                 data-type=\"image\"\n                 src=\"https:\/\/www.cftestataltarapaca.cl\/inicio\/wp-content\/uploads\/2023\/10\/IMG_8608.jpg\"\n                 data-image=\"https:\/\/www.cftestataltarapaca.cl\/inicio\/wp-content\/uploads\/2023\/10\/IMG_8608.jpg\"\n                 data-description=\"\"\n                                 style=\"display:block\">\n        <\/a>\n    <\/div>\n\n<script type=\"text\/javascript\">\n    (function() {\n        var runMyCode = function() {\n            jQuery(document).ready(function () {\n                var container = jQuery(\"#gdgallery_container_8\");\n                container.unitegallery({\"gallery_theme\":\"tilesgrid\",\"tile_width\":200,\"tile_height\":200,\"grid_space_between_cols\":20,\"grid_space_between_rows\":20,\"gallery_width\":\"100%\",\"gallery_background_color\":\"#FFFFFF\",\"theme_navigation_type\":\"bullets\",\"theme_bullets_margin_top\":50,\"theme_bullets_color\":\"gray\",\"bullets_space_between\":15,\"theme_arrows_margin_top\":50,\"theme_space_between_arrows\":20,\"theme_navigation_align\":\"center\",\"theme_navigation_offset_hor\":0,\"grid_num_rows\":3,\"tile_enable_textpanel\":true,\"tile_textpanel_title_text_align\":\"left\",\"tile_textpanel_title_font_size\":\"16\",\"tile_textpanel_title_color\":\"#FFFFFF\",\"tile_textpanel_bg_color\":\"#333333\",\"tile_textpanel_bg_opacity\":0.7,\"tile_enable_border\":true,\"tile_border_width\":\"1\",\"tile_border_color\":\"#333333\",\"tile_border_radius\":\"3\",\"tile_enable_overlay\":true,\"tile_enable_image_effect\":true,\"tile_image_effect_type\":\"blur\",\"tile_image_effect_reverse\":true,\"tile_enable_shadow\":true,\"tile_as_link\":false,\"tile_enable_icons\":true,\"tile_show_link_icon\":true,\"tile_textpanel_appear_type\":\"slide\",\"tile_textpanel_position\":\"bottom\",\"tile_link_newpage\":true,\"lightbox_type\":\"wide\",\"lightbox_arrows_offset\":0,\"lightbox_overlay_color\":\"#000000\",\"lightbox_overlay_opacity\":1,\"lightbox_top_panel_opacity\":1,\"lightbox_show_numbers\":true,\"lightbox_numbers_size\":\"15\",\"lightbox_numbers_color\":\"#FFFFFF\",\"lightbox_slider_image_border_width\":\"0\",\"lightbox_slider_image_border_color\":\"#FFFFFF\",\"lightbox_slider_image_border_radius\":0,\"lightbox_slider_image_shadow\":true,\"lightbox_slider_control_swipe\":true,\"lightbox_slider_control_zoom\":true,\"lightbox_slider_image_border\":true,\"lightbox_show_textpanel\":true,\"lightbox_textpanel_enable_title\":true,\"lightbox_textpanel_enable_description\":false,\"lightbox_textpanel_padding_top\":5,\"lightbox_textpanel_padding_bottom\":5,\"lightbox_textpanel_padding_right\":5,\"lightbox_textpanel_padding_left\":5,\"lightbox_textpanel_title_color\":\"#FFFFFF\",\"lightbox_textpanel_title_text_align\":\"center\",\"lightbox_textpanel_title_font_size\":\"16\",\"lightbox_textpanel_desc_color\":\"#FFFFFF\",\"lightbox_textpanel_desc_text_align\":\"center\",\"lightbox_textpanel_desc_font_size\":\"14\"});\n            });\n        };\n        var timer = function() {\n            if (window.jQuery) {runMyCode(window.jQuery);}\n            else {window.setTimeout(timer, 100);}\n        };\n        timer();\n    })();\n<\/script>\n<style>.ug-lightbox .ug-lightbox-top-panel-overlay{\n    background-color: #000000 !important;\n}\n#gdgallery_container_8{}<\/style>\n<\/div>\n\n\n\n\n\n\n<p>&nbsp;<\/p>\n","protected":false},"excerpt":{"rendered":"<p>El Centro de Formaci\u00f3n T\u00e9cnica Estatal de Tarapac\u00e1 anunci\u00f3 su pr\u00f3xima fase de crecimiento y desarrollo. Desde sus or\u00edgenes, la instituci\u00f3n ha seguido una hoja de ruta que ha marcado&#8230;<\/p>\n","protected":false},"author":2,"featured_media":10966,"comment_status":"open","ping_status":"open","sticky":false,"template":"","format":"standard","meta":{"_joinchat":[],"footnotes":""},"categories":[191,190],"tags":[],"class_list":["post-10924","post","type-post","status-publish","format-standard","has-post-thumbnail","hentry","category-calidad","category-desarrollo-institucional"],"yoast_head":"<!-- This site is optimized with the Yoast SEO plugin v27.4 - https:\/\/yoast.com\/product\/yoast-seo-wordpress\/ -->\n<title>CFT Estatal de Tarapac\u00e1 anuncia un nuevo cap\u00edtulo de Desarrollo Institucional - CFT Estatal Tarapac\u00e1<\/title>\n<meta name=\"robots\" content=\"index, follow, max-snippet:-1, max-image-preview:large, max-video-preview:-1\" \/>\n<link rel=\"canonical\" href=\"https:\/\/www.cftestataltarapaca.cl\/inicio\/2023\/10\/24\/cft-estatal-de-tarapaca-anuncia-un-nuevo-capitulo-de-desarrollo-institucional\/\" \/>\n<meta property=\"og:locale\" content=\"es_ES\" \/>\n<meta property=\"og:type\" content=\"article\" \/>\n<meta property=\"og:title\" content=\"CFT Estatal de Tarapac\u00e1 anuncia un nuevo cap\u00edtulo de Desarrollo Institucional - CFT Estatal Tarapac\u00e1\" \/>\n<meta property=\"og:description\" content=\"El Centro de Formaci\u00f3n T\u00e9cnica Estatal de Tarapac\u00e1 anunci\u00f3 su pr\u00f3xima fase de crecimiento y desarrollo. Desde sus or\u00edgenes, la instituci\u00f3n ha seguido una hoja de ruta que ha marcado...\" \/>\n<meta property=\"og:url\" content=\"https:\/\/www.cftestataltarapaca.cl\/inicio\/2023\/10\/24\/cft-estatal-de-tarapaca-anuncia-un-nuevo-capitulo-de-desarrollo-institucional\/\" \/>\n<meta property=\"og:site_name\" content=\"CFT Estatal Tarapac\u00e1\" \/>\n<meta property=\"article:publisher\" content=\"https:\/\/www.facebook.com\/CFTestataltarapaca\/\" \/>\n<meta property=\"article:published_time\" content=\"2023-10-24T14:40:36+00:00\" \/>\n<meta property=\"article:modified_time\" content=\"2023-10-24T15:20:11+00:00\" \/>\n<meta property=\"og:image\" content=\"https:\/\/www.cftestataltarapaca.cl\/inicio\/wp-content\/uploads\/2023\/10\/calidad-1-7.jpg\" \/>\n\t<meta property=\"og:image:width\" content=\"2000\" \/>\n\t<meta property=\"og:image:height\" content=\"1333\" \/>\n\t<meta property=\"og:image:type\" content=\"image\/jpeg\" \/>\n<meta name=\"author\" content=\"Comunicaciones\" \/>\n<meta name=\"twitter:card\" content=\"summary_large_image\" \/>\n<meta name=\"twitter:creator\" content=\"@CFTesTarapaca\" \/>\n<meta name=\"twitter:site\" content=\"@CFTesTarapaca\" \/>\n<meta name=\"twitter:label1\" content=\"Escrito por\" \/>\n\t<meta name=\"twitter:data1\" content=\"Comunicaciones\" \/>\n\t<meta name=\"twitter:label2\" content=\"Tiempo de lectura\" \/>\n\t<meta name=\"twitter:data2\" content=\"1 minuto\" \/>\n<script type=\"application\/ld+json\" class=\"yoast-schema-graph\">{\"@context\":\"https:\\\/\\\/schema.org\",\"@graph\":[{\"@type\":\"Article\",\"@id\":\"https:\\\/\\\/www.cftestataltarapaca.cl\\\/inicio\\\/2023\\\/10\\\/24\\\/cft-estatal-de-tarapaca-anuncia-un-nuevo-capitulo-de-desarrollo-institucional\\\/#article\",\"isPartOf\":{\"@id\":\"https:\\\/\\\/www.cftestataltarapaca.cl\\\/inicio\\\/2023\\\/10\\\/24\\\/cft-estatal-de-tarapaca-anuncia-un-nuevo-capitulo-de-desarrollo-institucional\\\/\"},\"author\":{\"name\":\"Comunicaciones\",\"@id\":\"https:\\\/\\\/www.cftestataltarapaca.cl\\\/inicio\\\/#\\\/schema\\\/person\\\/ad1fbfa1fa7c3d3889f4ae5401dd660e\"},\"headline\":\"CFT Estatal de Tarapac\u00e1 anuncia un nuevo cap\u00edtulo de Desarrollo Institucional\",\"datePublished\":\"2023-10-24T14:40:36+00:00\",\"dateModified\":\"2023-10-24T15:20:11+00:00\",\"mainEntityOfPage\":{\"@id\":\"https:\\\/\\\/www.cftestataltarapaca.cl\\\/inicio\\\/2023\\\/10\\\/24\\\/cft-estatal-de-tarapaca-anuncia-un-nuevo-capitulo-de-desarrollo-institucional\\\/\"},\"wordCount\":240,\"commentCount\":0,\"publisher\":{\"@id\":\"https:\\\/\\\/www.cftestataltarapaca.cl\\\/inicio\\\/#organization\"},\"image\":{\"@id\":\"https:\\\/\\\/www.cftestataltarapaca.cl\\\/inicio\\\/2023\\\/10\\\/24\\\/cft-estatal-de-tarapaca-anuncia-un-nuevo-capitulo-de-desarrollo-institucional\\\/#primaryimage\"},\"thumbnailUrl\":\"https:\\\/\\\/www.cftestataltarapaca.cl\\\/inicio\\\/wp-content\\\/uploads\\\/2023\\\/10\\\/calidad-1-7.jpg\",\"articleSection\":[\"Aseguramiento de la Calidad\",\"Desarrollo Institucional\"],\"inLanguage\":\"es\",\"potentialAction\":[{\"@type\":\"CommentAction\",\"name\":\"Comment\",\"target\":[\"https:\\\/\\\/www.cftestataltarapaca.cl\\\/inicio\\\/2023\\\/10\\\/24\\\/cft-estatal-de-tarapaca-anuncia-un-nuevo-capitulo-de-desarrollo-institucional\\\/#respond\"]}]},{\"@type\":\"WebPage\",\"@id\":\"https:\\\/\\\/www.cftestataltarapaca.cl\\\/inicio\\\/2023\\\/10\\\/24\\\/cft-estatal-de-tarapaca-anuncia-un-nuevo-capitulo-de-desarrollo-institucional\\\/\",\"url\":\"https:\\\/\\\/www.cftestataltarapaca.cl\\\/inicio\\\/2023\\\/10\\\/24\\\/cft-estatal-de-tarapaca-anuncia-un-nuevo-capitulo-de-desarrollo-institucional\\\/\",\"name\":\"CFT Estatal de Tarapac\u00e1 anuncia un nuevo cap\u00edtulo de Desarrollo Institucional - CFT Estatal Tarapac\u00e1\",\"isPartOf\":{\"@id\":\"https:\\\/\\\/www.cftestataltarapaca.cl\\\/inicio\\\/#website\"},\"primaryImageOfPage\":{\"@id\":\"https:\\\/\\\/www.cftestataltarapaca.cl\\\/inicio\\\/2023\\\/10\\\/24\\\/cft-estatal-de-tarapaca-anuncia-un-nuevo-capitulo-de-desarrollo-institucional\\\/#primaryimage\"},\"image\":{\"@id\":\"https:\\\/\\\/www.cftestataltarapaca.cl\\\/inicio\\\/2023\\\/10\\\/24\\\/cft-estatal-de-tarapaca-anuncia-un-nuevo-capitulo-de-desarrollo-institucional\\\/#primaryimage\"},\"thumbnailUrl\":\"https:\\\/\\\/www.cftestataltarapaca.cl\\\/inicio\\\/wp-content\\\/uploads\\\/2023\\\/10\\\/calidad-1-7.jpg\",\"datePublished\":\"2023-10-24T14:40:36+00:00\",\"dateModified\":\"2023-10-24T15:20:11+00:00\",\"breadcrumb\":{\"@id\":\"https:\\\/\\\/www.cftestataltarapaca.cl\\\/inicio\\\/2023\\\/10\\\/24\\\/cft-estatal-de-tarapaca-anuncia-un-nuevo-capitulo-de-desarrollo-institucional\\\/#breadcrumb\"},\"inLanguage\":\"es\",\"potentialAction\":[{\"@type\":\"ReadAction\",\"target\":[\"https:\\\/\\\/www.cftestataltarapaca.cl\\\/inicio\\\/2023\\\/10\\\/24\\\/cft-estatal-de-tarapaca-anuncia-un-nuevo-capitulo-de-desarrollo-institucional\\\/\"]}]},{\"@type\":\"ImageObject\",\"inLanguage\":\"es\",\"@id\":\"https:\\\/\\\/www.cftestataltarapaca.cl\\\/inicio\\\/2023\\\/10\\\/24\\\/cft-estatal-de-tarapaca-anuncia-un-nuevo-capitulo-de-desarrollo-institucional\\\/#primaryimage\",\"url\":\"https:\\\/\\\/www.cftestataltarapaca.cl\\\/inicio\\\/wp-content\\\/uploads\\\/2023\\\/10\\\/calidad-1-7.jpg\",\"contentUrl\":\"https:\\\/\\\/www.cftestataltarapaca.cl\\\/inicio\\\/wp-content\\\/uploads\\\/2023\\\/10\\\/calidad-1-7.jpg\",\"width\":2000,\"height\":1333},{\"@type\":\"BreadcrumbList\",\"@id\":\"https:\\\/\\\/www.cftestataltarapaca.cl\\\/inicio\\\/2023\\\/10\\\/24\\\/cft-estatal-de-tarapaca-anuncia-un-nuevo-capitulo-de-desarrollo-institucional\\\/#breadcrumb\",\"itemListElement\":[{\"@type\":\"ListItem\",\"position\":1,\"name\":\"Portada\",\"item\":\"https:\\\/\\\/www.cftestataltarapaca.cl\\\/inicio\\\/\"},{\"@type\":\"ListItem\",\"position\":2,\"name\":\"CFT Estatal de Tarapac\u00e1 anuncia un nuevo cap\u00edtulo de Desarrollo Institucional\"}]},{\"@type\":\"WebSite\",\"@id\":\"https:\\\/\\\/www.cftestataltarapaca.cl\\\/inicio\\\/#website\",\"url\":\"https:\\\/\\\/www.cftestataltarapaca.cl\\\/inicio\\\/\",\"name\":\"CFT Estatal Tarapac\u00e1\",\"description\":\"Admisi\u00f3n 2025\",\"publisher\":{\"@id\":\"https:\\\/\\\/www.cftestataltarapaca.cl\\\/inicio\\\/#organization\"},\"potentialAction\":[{\"@type\":\"SearchAction\",\"target\":{\"@type\":\"EntryPoint\",\"urlTemplate\":\"https:\\\/\\\/www.cftestataltarapaca.cl\\\/inicio\\\/?s={search_term_string}\"},\"query-input\":{\"@type\":\"PropertyValueSpecification\",\"valueRequired\":true,\"valueName\":\"search_term_string\"}}],\"inLanguage\":\"es\"},{\"@type\":\"Organization\",\"@id\":\"https:\\\/\\\/www.cftestataltarapaca.cl\\\/inicio\\\/#organization\",\"name\":\"CFT Estatal Tarapac\u00e1\",\"url\":\"https:\\\/\\\/www.cftestataltarapaca.cl\\\/inicio\\\/\",\"logo\":{\"@type\":\"ImageObject\",\"inLanguage\":\"es\",\"@id\":\"https:\\\/\\\/www.cftestataltarapaca.cl\\\/inicio\\\/#\\\/schema\\\/logo\\\/image\\\/\",\"url\":\"https:\\\/\\\/www.cftestataltarapaca.cl\\\/inicio\\\/wp-content\\\/uploads\\\/2019\\\/03\\\/logo-retina-1.png\",\"contentUrl\":\"https:\\\/\\\/www.cftestataltarapaca.cl\\\/inicio\\\/wp-content\\\/uploads\\\/2019\\\/03\\\/logo-retina-1.png\",\"width\":401,\"height\":150,\"caption\":\"CFT Estatal Tarapac\u00e1\"},\"image\":{\"@id\":\"https:\\\/\\\/www.cftestataltarapaca.cl\\\/inicio\\\/#\\\/schema\\\/logo\\\/image\\\/\"},\"sameAs\":[\"https:\\\/\\\/www.facebook.com\\\/CFTestataltarapaca\\\/\",\"https:\\\/\\\/x.com\\\/CFTesTarapaca\",\"https:\\\/\\\/www.instagram.com\\\/CFTestataltarapaca\\\/\"]},{\"@type\":\"Person\",\"@id\":\"https:\\\/\\\/www.cftestataltarapaca.cl\\\/inicio\\\/#\\\/schema\\\/person\\\/ad1fbfa1fa7c3d3889f4ae5401dd660e\",\"name\":\"Comunicaciones\",\"image\":{\"@type\":\"ImageObject\",\"inLanguage\":\"es\",\"@id\":\"https:\\\/\\\/secure.gravatar.com\\\/avatar\\\/ed1c2728327f20a5a62edaeb7dc181858f225b765044c5314c3d1059a1bd992f?s=96&d=mm&r=g\",\"url\":\"https:\\\/\\\/secure.gravatar.com\\\/avatar\\\/ed1c2728327f20a5a62edaeb7dc181858f225b765044c5314c3d1059a1bd992f?s=96&d=mm&r=g\",\"contentUrl\":\"https:\\\/\\\/secure.gravatar.com\\\/avatar\\\/ed1c2728327f20a5a62edaeb7dc181858f225b765044c5314c3d1059a1bd992f?s=96&d=mm&r=g\",\"caption\":\"Comunicaciones\"},\"sameAs\":[\"http:\\\/\\\/www.cftestataltarapaca.cl\"],\"url\":\"https:\\\/\\\/www.cftestataltarapaca.cl\\\/inicio\\\/author\\\/comunicaciones\\\/\"}]}<\/script>\n<!-- \/ Yoast SEO plugin. -->","yoast_head_json":{"title":"CFT Estatal de Tarapac\u00e1 anuncia un nuevo cap\u00edtulo de Desarrollo Institucional - CFT Estatal Tarapac\u00e1","robots":{"index":"index","follow":"follow","max-snippet":"max-snippet:-1","max-image-preview":"max-image-preview:large","max-video-preview":"max-video-preview:-1"},"canonical":"https:\/\/www.cftestataltarapaca.cl\/inicio\/2023\/10\/24\/cft-estatal-de-tarapaca-anuncia-un-nuevo-capitulo-de-desarrollo-institucional\/","og_locale":"es_ES","og_type":"article","og_title":"CFT Estatal de Tarapac\u00e1 anuncia un nuevo cap\u00edtulo de Desarrollo Institucional - CFT Estatal Tarapac\u00e1","og_description":"El Centro de Formaci\u00f3n T\u00e9cnica Estatal de Tarapac\u00e1 anunci\u00f3 su pr\u00f3xima fase de crecimiento y desarrollo. Desde sus or\u00edgenes, la instituci\u00f3n ha seguido una hoja de ruta que ha marcado...","og_url":"https:\/\/www.cftestataltarapaca.cl\/inicio\/2023\/10\/24\/cft-estatal-de-tarapaca-anuncia-un-nuevo-capitulo-de-desarrollo-institucional\/","og_site_name":"CFT Estatal Tarapac\u00e1","article_publisher":"https:\/\/www.facebook.com\/CFTestataltarapaca\/","article_published_time":"2023-10-24T14:40:36+00:00","article_modified_time":"2023-10-24T15:20:11+00:00","og_image":[{"width":2000,"height":1333,"url":"https:\/\/www.cftestataltarapaca.cl\/inicio\/wp-content\/uploads\/2023\/10\/calidad-1-7.jpg","type":"image\/jpeg"}],"author":"Comunicaciones","twitter_card":"summary_large_image","twitter_creator":"@CFTesTarapaca","twitter_site":"@CFTesTarapaca","twitter_misc":{"Escrito por":"Comunicaciones","Tiempo de lectura":"1 minuto"},"schema":{"@context":"https:\/\/schema.org","@graph":[{"@type":"Article","@id":"https:\/\/www.cftestataltarapaca.cl\/inicio\/2023\/10\/24\/cft-estatal-de-tarapaca-anuncia-un-nuevo-capitulo-de-desarrollo-institucional\/#article","isPartOf":{"@id":"https:\/\/www.cftestataltarapaca.cl\/inicio\/2023\/10\/24\/cft-estatal-de-tarapaca-anuncia-un-nuevo-capitulo-de-desarrollo-institucional\/"},"author":{"name":"Comunicaciones","@id":"https:\/\/www.cftestataltarapaca.cl\/inicio\/#\/schema\/person\/ad1fbfa1fa7c3d3889f4ae5401dd660e"},"headline":"CFT Estatal de Tarapac\u00e1 anuncia un nuevo cap\u00edtulo de Desarrollo Institucional","datePublished":"2023-10-24T14:40:36+00:00","dateModified":"2023-10-24T15:20:11+00:00","mainEntityOfPage":{"@id":"https:\/\/www.cftestataltarapaca.cl\/inicio\/2023\/10\/24\/cft-estatal-de-tarapaca-anuncia-un-nuevo-capitulo-de-desarrollo-institucional\/"},"wordCount":240,"commentCount":0,"publisher":{"@id":"https:\/\/www.cftestataltarapaca.cl\/inicio\/#organization"},"image":{"@id":"https:\/\/www.cftestataltarapaca.cl\/inicio\/2023\/10\/24\/cft-estatal-de-tarapaca-anuncia-un-nuevo-capitulo-de-desarrollo-institucional\/#primaryimage"},"thumbnailUrl":"https:\/\/www.cftestataltarapaca.cl\/inicio\/wp-content\/uploads\/2023\/10\/calidad-1-7.jpg","articleSection":["Aseguramiento de la Calidad","Desarrollo Institucional"],"inLanguage":"es","potentialAction":[{"@type":"CommentAction","name":"Comment","target":["https:\/\/www.cftestataltarapaca.cl\/inicio\/2023\/10\/24\/cft-estatal-de-tarapaca-anuncia-un-nuevo-capitulo-de-desarrollo-institucional\/#respond"]}]},{"@type":"WebPage","@id":"https:\/\/www.cftestataltarapaca.cl\/inicio\/2023\/10\/24\/cft-estatal-de-tarapaca-anuncia-un-nuevo-capitulo-de-desarrollo-institucional\/","url":"https:\/\/www.cftestataltarapaca.cl\/inicio\/2023\/10\/24\/cft-estatal-de-tarapaca-anuncia-un-nuevo-capitulo-de-desarrollo-institucional\/","name":"CFT Estatal de Tarapac\u00e1 anuncia un nuevo cap\u00edtulo de Desarrollo Institucional - CFT Estatal Tarapac\u00e1","isPartOf":{"@id":"https:\/\/www.cftestataltarapaca.cl\/inicio\/#website"},"primaryImageOfPage":{"@id":"https:\/\/www.cftestataltarapaca.cl\/inicio\/2023\/10\/24\/cft-estatal-de-tarapaca-anuncia-un-nuevo-capitulo-de-desarrollo-institucional\/#primaryimage"},"image":{"@id":"https:\/\/www.cftestataltarapaca.cl\/inicio\/2023\/10\/24\/cft-estatal-de-tarapaca-anuncia-un-nuevo-capitulo-de-desarrollo-institucional\/#primaryimage"},"thumbnailUrl":"https:\/\/www.cftestataltarapaca.cl\/inicio\/wp-content\/uploads\/2023\/10\/calidad-1-7.jpg","datePublished":"2023-10-24T14:40:36+00:00","dateModified":"2023-10-24T15:20:11+00:00","breadcrumb":{"@id":"https:\/\/www.cftestataltarapaca.cl\/inicio\/2023\/10\/24\/cft-estatal-de-tarapaca-anuncia-un-nuevo-capitulo-de-desarrollo-institucional\/#breadcrumb"},"inLanguage":"es","potentialAction":[{"@type":"ReadAction","target":["https:\/\/www.cftestataltarapaca.cl\/inicio\/2023\/10\/24\/cft-estatal-de-tarapaca-anuncia-un-nuevo-capitulo-de-desarrollo-institucional\/"]}]},{"@type":"ImageObject","inLanguage":"es","@id":"https:\/\/www.cftestataltarapaca.cl\/inicio\/2023\/10\/24\/cft-estatal-de-tarapaca-anuncia-un-nuevo-capitulo-de-desarrollo-institucional\/#primaryimage","url":"https:\/\/www.cftestataltarapaca.cl\/inicio\/wp-content\/uploads\/2023\/10\/calidad-1-7.jpg","contentUrl":"https:\/\/www.cftestataltarapaca.cl\/inicio\/wp-content\/uploads\/2023\/10\/calidad-1-7.jpg","width":2000,"height":1333},{"@type":"BreadcrumbList","@id":"https:\/\/www.cftestataltarapaca.cl\/inicio\/2023\/10\/24\/cft-estatal-de-tarapaca-anuncia-un-nuevo-capitulo-de-desarrollo-institucional\/#breadcrumb","itemListElement":[{"@type":"ListItem","position":1,"name":"Portada","item":"https:\/\/www.cftestataltarapaca.cl\/inicio\/"},{"@type":"ListItem","position":2,"name":"CFT Estatal de Tarapac\u00e1 anuncia un nuevo cap\u00edtulo de Desarrollo Institucional"}]},{"@type":"WebSite","@id":"https:\/\/www.cftestataltarapaca.cl\/inicio\/#website","url":"https:\/\/www.cftestataltarapaca.cl\/inicio\/","name":"CFT Estatal Tarapac\u00e1","description":"Admisi\u00f3n 2025","publisher":{"@id":"https:\/\/www.cftestataltarapaca.cl\/inicio\/#organization"},"potentialAction":[{"@type":"SearchAction","target":{"@type":"EntryPoint","urlTemplate":"https:\/\/www.cftestataltarapaca.cl\/inicio\/?s={search_term_string}"},"query-input":{"@type":"PropertyValueSpecification","valueRequired":true,"valueName":"search_term_string"}}],"inLanguage":"es"},{"@type":"Organization","@id":"https:\/\/www.cftestataltarapaca.cl\/inicio\/#organization","name":"CFT Estatal Tarapac\u00e1","url":"https:\/\/www.cftestataltarapaca.cl\/inicio\/","logo":{"@type":"ImageObject","inLanguage":"es","@id":"https:\/\/www.cftestataltarapaca.cl\/inicio\/#\/schema\/logo\/image\/","url":"https:\/\/www.cftestataltarapaca.cl\/inicio\/wp-content\/uploads\/2019\/03\/logo-retina-1.png","contentUrl":"https:\/\/www.cftestataltarapaca.cl\/inicio\/wp-content\/uploads\/2019\/03\/logo-retina-1.png","width":401,"height":150,"caption":"CFT Estatal Tarapac\u00e1"},"image":{"@id":"https:\/\/www.cftestataltarapaca.cl\/inicio\/#\/schema\/logo\/image\/"},"sameAs":["https:\/\/www.facebook.com\/CFTestataltarapaca\/","https:\/\/x.com\/CFTesTarapaca","https:\/\/www.instagram.com\/CFTestataltarapaca\/"]},{"@type":"Person","@id":"https:\/\/www.cftestataltarapaca.cl\/inicio\/#\/schema\/person\/ad1fbfa1fa7c3d3889f4ae5401dd660e","name":"Comunicaciones","image":{"@type":"ImageObject","inLanguage":"es","@id":"https:\/\/secure.gravatar.com\/avatar\/ed1c2728327f20a5a62edaeb7dc181858f225b765044c5314c3d1059a1bd992f?s=96&d=mm&r=g","url":"https:\/\/secure.gravatar.com\/avatar\/ed1c2728327f20a5a62edaeb7dc181858f225b765044c5314c3d1059a1bd992f?s=96&d=mm&r=g","contentUrl":"https:\/\/secure.gravatar.com\/avatar\/ed1c2728327f20a5a62edaeb7dc181858f225b765044c5314c3d1059a1bd992f?s=96&d=mm&r=g","caption":"Comunicaciones"},"sameAs":["http:\/\/www.cftestataltarapaca.cl"],"url":"https:\/\/www.cftestataltarapaca.cl\/inicio\/author\/comunicaciones\/"}]}},"publishpress_future_action":{"enabled":false,"date":"2026-05-08 13:32:26","action":"change-status","newStatus":"draft","terms":[],"taxonomy":"category","extraData":[]},"publishpress_future_workflow_manual_trigger":{"enabledWorkflows":[]},"_links":{"self":[{"href":"https:\/\/www.cftestataltarapaca.cl\/inicio\/wp-json\/wp\/v2\/posts\/10924","targetHints":{"allow":["GET"]}}],"collection":[{"href":"https:\/\/www.cftestataltarapaca.cl\/inicio\/wp-json\/wp\/v2\/posts"}],"about":[{"href":"https:\/\/www.cftestataltarapaca.cl\/inicio\/wp-json\/wp\/v2\/types\/post"}],"author":[{"embeddable":true,"href":"https:\/\/www.cftestataltarapaca.cl\/inicio\/wp-json\/wp\/v2\/users\/2"}],"replies":[{"embeddable":true,"href":"https:\/\/www.cftestataltarapaca.cl\/inicio\/wp-json\/wp\/v2\/comments?post=10924"}],"version-history":[{"count":5,"href":"https:\/\/www.cftestataltarapaca.cl\/inicio\/wp-json\/wp\/v2\/posts\/10924\/revisions"}],"predecessor-version":[{"id":10972,"href":"https:\/\/www.cftestataltarapaca.cl\/inicio\/wp-json\/wp\/v2\/posts\/10924\/revisions\/10972"}],"wp:featuredmedia":[{"embeddable":true,"href":"https:\/\/www.cftestataltarapaca.cl\/inicio\/wp-json\/wp\/v2\/media\/10966"}],"wp:attachment":[{"href":"https:\/\/www.cftestataltarapaca.cl\/inicio\/wp-json\/wp\/v2\/media?parent=10924"}],"wp:term":[{"taxonomy":"category","embeddable":true,"href":"https:\/\/www.cftestataltarapaca.cl\/inicio\/wp-json\/wp\/v2\/categories?post=10924"},{"taxonomy":"post_tag","embeddable":true,"href":"https:\/\/www.cftestataltarapaca.cl\/inicio\/wp-json\/wp\/v2\/tags?post=10924"}],"curies":[{"name":"wp","href":"https:\/\/api.w.org\/{rel}","templated":true}]}}