{"id":11028,"date":"2023-10-26T13:13:01","date_gmt":"2023-10-26T13:13:01","guid":{"rendered":"https:\/\/www.cftestataltarapaca.cl\/inicio\/?p=11028"},"modified":"2023-10-26T13:21:49","modified_gmt":"2023-10-26T13:21:49","slug":"seremi-de-educacion-s-visita-cft-estatal-de-tarapaca-para-conocer-el-impacto-de-la-gratuidad-en-la-educacion-superior","status":"publish","type":"post","link":"https:\/\/www.cftestataltarapaca.cl\/inicio\/2023\/10\/26\/seremi-de-educacion-s-visita-cft-estatal-de-tarapaca-para-conocer-el-impacto-de-la-gratuidad-en-la-educacion-superior\/","title":{"rendered":"Seremi de Educaci\u00f3n (s) visita CFT Estatal de Tarapac\u00e1 para conocer el Impacto de la Gratuidad en la Educaci\u00f3n Superior"},"content":{"rendered":"<p>La Seremi de Educaci\u00f3n (s) de la Regi\u00f3n de Tarapac\u00e1, Liliana Valenzuela, realiz\u00f3 una visita al CFT Estatal de Tarapac\u00e1, con el fin de conocer de cerca el impacto positivo de la Gratuidad en la Educaci\u00f3n Superior. Durante su recorrido, la autoridad regional se reuni\u00f3 con estudiantes y escuch\u00f3 sus testimonios sobre c\u00f3mo este beneficio ha transformado sus vidas acad\u00e9micas y econ\u00f3micas.<\/p>\n<p>La Gratuidad es un programa del Ministerio de Educaci\u00f3n que otorga a los hogares pertenecientes al 60% de menores ingresos del pa\u00eds la oportunidad de acceder a la educaci\u00f3n superior sin costo alguno. Esto significa que las familias que cumplan con estos requisitos no deben pagar aranceles ni matr\u00edculas durante toda la duraci\u00f3n nominal de la carrera.<\/p>\n<p>La clasificaci\u00f3n socioecon\u00f3mica de los estudiantes se realiza a trav\u00e9s del Formulario \u00danico de Acreditaci\u00f3n Socioecon\u00f3mica (FUAS), y los datos son validados con la colaboraci\u00f3n de diversos organismos del Estado.<\/p>\n<p>Liliana Valenzuela, Seremi de Educaci\u00f3n (s) se\u00f1al\u00f3 que \u201cTener la posibilidad de acceder a una carrera en la Educaci\u00f3n Superior representa un importante anhelo para la mayor\u00eda de las y los j\u00f3venes de nuestra regi\u00f3n de Tarapac\u00e1. Y es que este tipo de formaci\u00f3n ofrece la oportunidad de desarrollar competencias y habilidades, en l\u00ednea con los intereses y capacidades de las personas, otorg\u00e1ndoles adem\u00e1s las herramientas necesarias para ser parte activa de la comunidad y colaborar en la construcci\u00f3n de un modelo de desarrollo sostenible para nuestra sociedad. En este sentido, la Gratuidad para la Educaci\u00f3n Superior es un importante beneficio que apoya la construcci\u00f3n de los sue\u00f1os y proyectos de vida de los estudiantes y sus familias y de esta forma construimos un pa\u00eds m\u00e1s equitativo y con igualdad de oportunidades\u201d<\/p>\n<p>Por su parte, Jorge Villegas Ahumada, Rector del CFT Estatal Tarapac\u00e1, se refiri\u00f3 a los m\u00e1s de mil estudiantes que hoy cuentan con el beneficio de la Gratuidad en el CFT Estatal Tarapac\u00e1. \u00abEste beneficio es una oportunidad \u00fanica para miles de estudiantes que por motivos econ\u00f3micos no pod\u00edan contar con acceso a la Educaci\u00f3n Superior. En nuestra instituci\u00f3n somos testigos de los casos de \u00e9xito de j\u00f3venes que hoy ya son T\u00e9cnicos de Nivel Superior y que mejoraron sustancialmente su calidad de vida\u00bb<\/p>\n<p>Cabe destacar que seg\u00fan lo informado por la Seremi de Educaci\u00f3n de Tarapac\u00e1, en la regi\u00f3n las cifras de gratuidad para el a\u00f1o 2024 ser\u00e1n de 12.604 estudiantes beneficiados.<\/p>\n\n\t\t<style type=\"text\/css\">\n\t\t\t#gallery-1 {\n\t\t\t\tmargin: auto;\n\t\t\t}\n\t\t\t#gallery-1 .gallery-item {\n\t\t\t\tfloat: left;\n\t\t\t\tmargin-top: 10px;\n\t\t\t\ttext-align: center;\n\t\t\t\twidth: 33%;\n\t\t\t}\n\t\t\t#gallery-1 img {\n\t\t\t\tborder: 2px solid #cfcfcf;\n\t\t\t}\n\t\t\t#gallery-1 .gallery-caption {\n\t\t\t\tmargin-left: 0;\n\t\t\t}\n\t\t\t\/* see gallery_shortcode() in wp-includes\/media.php *\/\n\t\t<\/style>\n\t\t<div id='gallery-1' class='gallery galleryid-11028 gallery-columns-3 gallery-size-thumbnail'><dl class='gallery-item'>\n\t\t\t<dt class='gallery-icon landscape'>\n\t\t\t\t<a href='https:\/\/www.cftestataltarapaca.cl\/inicio\/2023\/10\/26\/seremi-de-educacion-s-visita-cft-estatal-de-tarapaca-para-conocer-el-impacto-de-la-gratuidad-en-la-educacion-superior\/seremi-04\/'><img loading=\"lazy\" decoding=\"async\" width=\"150\" height=\"150\" src=\"https:\/\/www.cftestataltarapaca.cl\/inicio\/wp-content\/uploads\/2023\/10\/seremi-04-150x150.jpg\" class=\"attachment-thumbnail size-thumbnail\" alt=\"\" srcset=\"https:\/\/www.cftestataltarapaca.cl\/inicio\/wp-content\/uploads\/2023\/10\/seremi-04-150x150.jpg 150w, https:\/\/www.cftestataltarapaca.cl\/inicio\/wp-content\/uploads\/2023\/10\/seremi-04-100x100.jpg 100w, https:\/\/www.cftestataltarapaca.cl\/inicio\/wp-content\/uploads\/2023\/10\/seremi-04-140x140.jpg 140w, https:\/\/www.cftestataltarapaca.cl\/inicio\/wp-content\/uploads\/2023\/10\/seremi-04-500x500.jpg 500w, https:\/\/www.cftestataltarapaca.cl\/inicio\/wp-content\/uploads\/2023\/10\/seremi-04-350x350.jpg 350w, https:\/\/www.cftestataltarapaca.cl\/inicio\/wp-content\/uploads\/2023\/10\/seremi-04-1000x1000.jpg 1000w, https:\/\/www.cftestataltarapaca.cl\/inicio\/wp-content\/uploads\/2023\/10\/seremi-04-800x800.jpg 800w\" sizes=\"auto, (max-width: 150px) 100vw, 150px\" \/><\/a>\n\t\t\t<\/dt><\/dl><dl class='gallery-item'>\n\t\t\t<dt class='gallery-icon landscape'>\n\t\t\t\t<a href='https:\/\/www.cftestataltarapaca.cl\/inicio\/2023\/10\/26\/seremi-de-educacion-s-visita-cft-estatal-de-tarapaca-para-conocer-el-impacto-de-la-gratuidad-en-la-educacion-superior\/seremi-05\/'><img loading=\"lazy\" decoding=\"async\" width=\"150\" height=\"150\" src=\"https:\/\/www.cftestataltarapaca.cl\/inicio\/wp-content\/uploads\/2023\/10\/seremi-05-150x150.jpg\" class=\"attachment-thumbnail size-thumbnail\" alt=\"\" srcset=\"https:\/\/www.cftestataltarapaca.cl\/inicio\/wp-content\/uploads\/2023\/10\/seremi-05-150x150.jpg 150w, https:\/\/www.cftestataltarapaca.cl\/inicio\/wp-content\/uploads\/2023\/10\/seremi-05-100x100.jpg 100w, https:\/\/www.cftestataltarapaca.cl\/inicio\/wp-content\/uploads\/2023\/10\/seremi-05-140x140.jpg 140w, https:\/\/www.cftestataltarapaca.cl\/inicio\/wp-content\/uploads\/2023\/10\/seremi-05-500x500.jpg 500w, https:\/\/www.cftestataltarapaca.cl\/inicio\/wp-content\/uploads\/2023\/10\/seremi-05-350x350.jpg 350w, https:\/\/www.cftestataltarapaca.cl\/inicio\/wp-content\/uploads\/2023\/10\/seremi-05-1000x1000.jpg 1000w, https:\/\/www.cftestataltarapaca.cl\/inicio\/wp-content\/uploads\/2023\/10\/seremi-05-800x800.jpg 800w\" sizes=\"auto, (max-width: 150px) 100vw, 150px\" \/><\/a>\n\t\t\t<\/dt><\/dl><dl class='gallery-item'>\n\t\t\t<dt class='gallery-icon landscape'>\n\t\t\t\t<a href='https:\/\/www.cftestataltarapaca.cl\/inicio\/2023\/10\/26\/seremi-de-educacion-s-visita-cft-estatal-de-tarapaca-para-conocer-el-impacto-de-la-gratuidad-en-la-educacion-superior\/seremi-16\/'><img loading=\"lazy\" decoding=\"async\" width=\"150\" height=\"150\" src=\"https:\/\/www.cftestataltarapaca.cl\/inicio\/wp-content\/uploads\/2023\/10\/seremi-16-150x150.jpg\" class=\"attachment-thumbnail size-thumbnail\" alt=\"\" srcset=\"https:\/\/www.cftestataltarapaca.cl\/inicio\/wp-content\/uploads\/2023\/10\/seremi-16-150x150.jpg 150w, https:\/\/www.cftestataltarapaca.cl\/inicio\/wp-content\/uploads\/2023\/10\/seremi-16-100x100.jpg 100w, https:\/\/www.cftestataltarapaca.cl\/inicio\/wp-content\/uploads\/2023\/10\/seremi-16-140x140.jpg 140w, https:\/\/www.cftestataltarapaca.cl\/inicio\/wp-content\/uploads\/2023\/10\/seremi-16-500x500.jpg 500w, https:\/\/www.cftestataltarapaca.cl\/inicio\/wp-content\/uploads\/2023\/10\/seremi-16-350x350.jpg 350w, https:\/\/www.cftestataltarapaca.cl\/inicio\/wp-content\/uploads\/2023\/10\/seremi-16-1000x1000.jpg 1000w, https:\/\/www.cftestataltarapaca.cl\/inicio\/wp-content\/uploads\/2023\/10\/seremi-16-800x800.jpg 800w\" sizes=\"auto, (max-width: 150px) 100vw, 150px\" \/><\/a>\n\t\t\t<\/dt><\/dl><br style=\"clear: both\" \/><dl class='gallery-item'>\n\t\t\t<dt class='gallery-icon landscape'>\n\t\t\t\t<a href='https:\/\/www.cftestataltarapaca.cl\/inicio\/2023\/10\/26\/seremi-de-educacion-s-visita-cft-estatal-de-tarapaca-para-conocer-el-impacto-de-la-gratuidad-en-la-educacion-superior\/seremi-21\/'><img loading=\"lazy\" decoding=\"async\" width=\"150\" height=\"150\" src=\"https:\/\/www.cftestataltarapaca.cl\/inicio\/wp-content\/uploads\/2023\/10\/seremi-21-150x150.jpg\" class=\"attachment-thumbnail size-thumbnail\" alt=\"\" srcset=\"https:\/\/www.cftestataltarapaca.cl\/inicio\/wp-content\/uploads\/2023\/10\/seremi-21-150x150.jpg 150w, https:\/\/www.cftestataltarapaca.cl\/inicio\/wp-content\/uploads\/2023\/10\/seremi-21-100x100.jpg 100w, https:\/\/www.cftestataltarapaca.cl\/inicio\/wp-content\/uploads\/2023\/10\/seremi-21-140x140.jpg 140w, https:\/\/www.cftestataltarapaca.cl\/inicio\/wp-content\/uploads\/2023\/10\/seremi-21-500x500.jpg 500w, https:\/\/www.cftestataltarapaca.cl\/inicio\/wp-content\/uploads\/2023\/10\/seremi-21-350x350.jpg 350w, https:\/\/www.cftestataltarapaca.cl\/inicio\/wp-content\/uploads\/2023\/10\/seremi-21-1000x1000.jpg 1000w, https:\/\/www.cftestataltarapaca.cl\/inicio\/wp-content\/uploads\/2023\/10\/seremi-21-800x800.jpg 800w\" sizes=\"auto, (max-width: 150px) 100vw, 150px\" \/><\/a>\n\t\t\t<\/dt><\/dl><dl class='gallery-item'>\n\t\t\t<dt class='gallery-icon landscape'>\n\t\t\t\t<a href='https:\/\/www.cftestataltarapaca.cl\/inicio\/2023\/10\/26\/seremi-de-educacion-s-visita-cft-estatal-de-tarapaca-para-conocer-el-impacto-de-la-gratuidad-en-la-educacion-superior\/seremi-14\/'><img loading=\"lazy\" decoding=\"async\" width=\"150\" height=\"150\" src=\"https:\/\/www.cftestataltarapaca.cl\/inicio\/wp-content\/uploads\/2023\/10\/seremi-14-150x150.jpg\" class=\"attachment-thumbnail size-thumbnail\" alt=\"\" srcset=\"https:\/\/www.cftestataltarapaca.cl\/inicio\/wp-content\/uploads\/2023\/10\/seremi-14-150x150.jpg 150w, https:\/\/www.cftestataltarapaca.cl\/inicio\/wp-content\/uploads\/2023\/10\/seremi-14-100x100.jpg 100w, https:\/\/www.cftestataltarapaca.cl\/inicio\/wp-content\/uploads\/2023\/10\/seremi-14-140x140.jpg 140w, https:\/\/www.cftestataltarapaca.cl\/inicio\/wp-content\/uploads\/2023\/10\/seremi-14-500x500.jpg 500w, https:\/\/www.cftestataltarapaca.cl\/inicio\/wp-content\/uploads\/2023\/10\/seremi-14-350x350.jpg 350w, https:\/\/www.cftestataltarapaca.cl\/inicio\/wp-content\/uploads\/2023\/10\/seremi-14-1000x1000.jpg 1000w, https:\/\/www.cftestataltarapaca.cl\/inicio\/wp-content\/uploads\/2023\/10\/seremi-14-800x800.jpg 800w\" sizes=\"auto, (max-width: 150px) 100vw, 150px\" \/><\/a>\n\t\t\t<\/dt><\/dl><dl class='gallery-item'>\n\t\t\t<dt class='gallery-icon landscape'>\n\t\t\t\t<a href='https:\/\/www.cftestataltarapaca.cl\/inicio\/2023\/10\/26\/seremi-de-educacion-s-visita-cft-estatal-de-tarapaca-para-conocer-el-impacto-de-la-gratuidad-en-la-educacion-superior\/seremi-18\/'><img loading=\"lazy\" decoding=\"async\" width=\"150\" height=\"150\" src=\"https:\/\/www.cftestataltarapaca.cl\/inicio\/wp-content\/uploads\/2023\/10\/seremi-18-150x150.jpg\" class=\"attachment-thumbnail size-thumbnail\" alt=\"\" srcset=\"https:\/\/www.cftestataltarapaca.cl\/inicio\/wp-content\/uploads\/2023\/10\/seremi-18-150x150.jpg 150w, https:\/\/www.cftestataltarapaca.cl\/inicio\/wp-content\/uploads\/2023\/10\/seremi-18-100x100.jpg 100w, https:\/\/www.cftestataltarapaca.cl\/inicio\/wp-content\/uploads\/2023\/10\/seremi-18-140x140.jpg 140w, https:\/\/www.cftestataltarapaca.cl\/inicio\/wp-content\/uploads\/2023\/10\/seremi-18-500x500.jpg 500w, https:\/\/www.cftestataltarapaca.cl\/inicio\/wp-content\/uploads\/2023\/10\/seremi-18-350x350.jpg 350w, https:\/\/www.cftestataltarapaca.cl\/inicio\/wp-content\/uploads\/2023\/10\/seremi-18-1000x1000.jpg 1000w, https:\/\/www.cftestataltarapaca.cl\/inicio\/wp-content\/uploads\/2023\/10\/seremi-18-800x800.jpg 800w\" sizes=\"auto, (max-width: 150px) 100vw, 150px\" \/><\/a>\n\t\t\t<\/dt><\/dl><br style=\"clear: both\" \/>\n\t\t<\/div>\n\n<p>&nbsp;<\/p>\n","protected":false},"excerpt":{"rendered":"<p>La Seremi de Educaci\u00f3n (s) de la Regi\u00f3n de Tarapac\u00e1, Liliana Valenzuela, realiz\u00f3 una visita al CFT Estatal de Tarapac\u00e1, con el fin de conocer de cerca el impacto positivo&#8230;<\/p>\n","protected":false},"author":2,"featured_media":11033,"comment_status":"open","ping_status":"open","sticky":false,"template":"","format":"standard","meta":{"_joinchat":[],"footnotes":""},"categories":[46,186,1],"tags":[],"class_list":["post-11028","post","type-post","status-publish","format-standard","has-post-thumbnail","hentry","category-admision","category-asuntos-estudiantiles","category-sin-categoria"],"yoast_head":"<!-- This site is optimized with the Yoast SEO plugin v27.4 - https:\/\/yoast.com\/product\/yoast-seo-wordpress\/ -->\n<title>Seremi de Educaci\u00f3n (s) visita CFT Estatal de Tarapac\u00e1 para conocer el Impacto de la Gratuidad en la Educaci\u00f3n Superior - CFT Estatal Tarapac\u00e1<\/title>\n<meta name=\"robots\" content=\"index, follow, max-snippet:-1, max-image-preview:large, max-video-preview:-1\" \/>\n<link rel=\"canonical\" href=\"https:\/\/www.cftestataltarapaca.cl\/inicio\/2023\/10\/26\/seremi-de-educacion-s-visita-cft-estatal-de-tarapaca-para-conocer-el-impacto-de-la-gratuidad-en-la-educacion-superior\/\" \/>\n<meta property=\"og:locale\" content=\"es_ES\" \/>\n<meta property=\"og:type\" content=\"article\" \/>\n<meta property=\"og:title\" content=\"Seremi de Educaci\u00f3n (s) visita CFT Estatal de Tarapac\u00e1 para conocer el Impacto de la Gratuidad en la Educaci\u00f3n Superior - CFT Estatal Tarapac\u00e1\" \/>\n<meta property=\"og:description\" content=\"La Seremi de Educaci\u00f3n (s) de la Regi\u00f3n de Tarapac\u00e1, Liliana Valenzuela, realiz\u00f3 una visita al CFT Estatal de Tarapac\u00e1, con el fin de conocer de cerca el impacto positivo...\" \/>\n<meta property=\"og:url\" content=\"https:\/\/www.cftestataltarapaca.cl\/inicio\/2023\/10\/26\/seremi-de-educacion-s-visita-cft-estatal-de-tarapaca-para-conocer-el-impacto-de-la-gratuidad-en-la-educacion-superior\/\" \/>\n<meta property=\"og:site_name\" content=\"CFT Estatal Tarapac\u00e1\" \/>\n<meta property=\"article:publisher\" content=\"https:\/\/www.facebook.com\/CFTestataltarapaca\/\" \/>\n<meta property=\"article:published_time\" content=\"2023-10-26T13:13:01+00:00\" \/>\n<meta property=\"article:modified_time\" content=\"2023-10-26T13:21:49+00:00\" \/>\n<meta property=\"og:image\" content=\"https:\/\/www.cftestataltarapaca.cl\/inicio\/wp-content\/uploads\/2023\/10\/seremi-17.jpg\" \/>\n\t<meta property=\"og:image:width\" content=\"2400\" \/>\n\t<meta property=\"og:image:height\" content=\"1600\" \/>\n\t<meta property=\"og:image:type\" content=\"image\/jpeg\" \/>\n<meta name=\"author\" content=\"Comunicaciones\" \/>\n<meta name=\"twitter:card\" content=\"summary_large_image\" \/>\n<meta name=\"twitter:creator\" content=\"@CFTesTarapaca\" \/>\n<meta name=\"twitter:site\" content=\"@CFTesTarapaca\" \/>\n<meta name=\"twitter:label1\" content=\"Escrito por\" \/>\n\t<meta name=\"twitter:data1\" content=\"Comunicaciones\" \/>\n\t<meta name=\"twitter:label2\" content=\"Tiempo de lectura\" \/>\n\t<meta name=\"twitter:data2\" content=\"2 minutos\" \/>\n<script type=\"application\/ld+json\" class=\"yoast-schema-graph\">{\"@context\":\"https:\\\/\\\/schema.org\",\"@graph\":[{\"@type\":\"Article\",\"@id\":\"https:\\\/\\\/www.cftestataltarapaca.cl\\\/inicio\\\/2023\\\/10\\\/26\\\/seremi-de-educacion-s-visita-cft-estatal-de-tarapaca-para-conocer-el-impacto-de-la-gratuidad-en-la-educacion-superior\\\/#article\",\"isPartOf\":{\"@id\":\"https:\\\/\\\/www.cftestataltarapaca.cl\\\/inicio\\\/2023\\\/10\\\/26\\\/seremi-de-educacion-s-visita-cft-estatal-de-tarapaca-para-conocer-el-impacto-de-la-gratuidad-en-la-educacion-superior\\\/\"},\"author\":{\"name\":\"Comunicaciones\",\"@id\":\"https:\\\/\\\/www.cftestataltarapaca.cl\\\/inicio\\\/#\\\/schema\\\/person\\\/ad1fbfa1fa7c3d3889f4ae5401dd660e\"},\"headline\":\"Seremi de Educaci\u00f3n (s) visita CFT Estatal de Tarapac\u00e1 para conocer el Impacto de la Gratuidad en la Educaci\u00f3n Superior\",\"datePublished\":\"2023-10-26T13:13:01+00:00\",\"dateModified\":\"2023-10-26T13:21:49+00:00\",\"mainEntityOfPage\":{\"@id\":\"https:\\\/\\\/www.cftestataltarapaca.cl\\\/inicio\\\/2023\\\/10\\\/26\\\/seremi-de-educacion-s-visita-cft-estatal-de-tarapaca-para-conocer-el-impacto-de-la-gratuidad-en-la-educacion-superior\\\/\"},\"wordCount\":461,\"commentCount\":0,\"publisher\":{\"@id\":\"https:\\\/\\\/www.cftestataltarapaca.cl\\\/inicio\\\/#organization\"},\"image\":{\"@id\":\"https:\\\/\\\/www.cftestataltarapaca.cl\\\/inicio\\\/2023\\\/10\\\/26\\\/seremi-de-educacion-s-visita-cft-estatal-de-tarapaca-para-conocer-el-impacto-de-la-gratuidad-en-la-educacion-superior\\\/#primaryimage\"},\"thumbnailUrl\":\"https:\\\/\\\/www.cftestataltarapaca.cl\\\/inicio\\\/wp-content\\\/uploads\\\/2023\\\/10\\\/seremi-17.jpg\",\"articleSection\":[\"Admisi\u00f3n\",\"Asuntos Estudiantiles\"],\"inLanguage\":\"es\",\"potentialAction\":[{\"@type\":\"CommentAction\",\"name\":\"Comment\",\"target\":[\"https:\\\/\\\/www.cftestataltarapaca.cl\\\/inicio\\\/2023\\\/10\\\/26\\\/seremi-de-educacion-s-visita-cft-estatal-de-tarapaca-para-conocer-el-impacto-de-la-gratuidad-en-la-educacion-superior\\\/#respond\"]}]},{\"@type\":\"WebPage\",\"@id\":\"https:\\\/\\\/www.cftestataltarapaca.cl\\\/inicio\\\/2023\\\/10\\\/26\\\/seremi-de-educacion-s-visita-cft-estatal-de-tarapaca-para-conocer-el-impacto-de-la-gratuidad-en-la-educacion-superior\\\/\",\"url\":\"https:\\\/\\\/www.cftestataltarapaca.cl\\\/inicio\\\/2023\\\/10\\\/26\\\/seremi-de-educacion-s-visita-cft-estatal-de-tarapaca-para-conocer-el-impacto-de-la-gratuidad-en-la-educacion-superior\\\/\",\"name\":\"Seremi de Educaci\u00f3n (s) visita CFT Estatal de Tarapac\u00e1 para conocer el Impacto de la Gratuidad en la Educaci\u00f3n Superior - CFT Estatal Tarapac\u00e1\",\"isPartOf\":{\"@id\":\"https:\\\/\\\/www.cftestataltarapaca.cl\\\/inicio\\\/#website\"},\"primaryImageOfPage\":{\"@id\":\"https:\\\/\\\/www.cftestataltarapaca.cl\\\/inicio\\\/2023\\\/10\\\/26\\\/seremi-de-educacion-s-visita-cft-estatal-de-tarapaca-para-conocer-el-impacto-de-la-gratuidad-en-la-educacion-superior\\\/#primaryimage\"},\"image\":{\"@id\":\"https:\\\/\\\/www.cftestataltarapaca.cl\\\/inicio\\\/2023\\\/10\\\/26\\\/seremi-de-educacion-s-visita-cft-estatal-de-tarapaca-para-conocer-el-impacto-de-la-gratuidad-en-la-educacion-superior\\\/#primaryimage\"},\"thumbnailUrl\":\"https:\\\/\\\/www.cftestataltarapaca.cl\\\/inicio\\\/wp-content\\\/uploads\\\/2023\\\/10\\\/seremi-17.jpg\",\"datePublished\":\"2023-10-26T13:13:01+00:00\",\"dateModified\":\"2023-10-26T13:21:49+00:00\",\"breadcrumb\":{\"@id\":\"https:\\\/\\\/www.cftestataltarapaca.cl\\\/inicio\\\/2023\\\/10\\\/26\\\/seremi-de-educacion-s-visita-cft-estatal-de-tarapaca-para-conocer-el-impacto-de-la-gratuidad-en-la-educacion-superior\\\/#breadcrumb\"},\"inLanguage\":\"es\",\"potentialAction\":[{\"@type\":\"ReadAction\",\"target\":[\"https:\\\/\\\/www.cftestataltarapaca.cl\\\/inicio\\\/2023\\\/10\\\/26\\\/seremi-de-educacion-s-visita-cft-estatal-de-tarapaca-para-conocer-el-impacto-de-la-gratuidad-en-la-educacion-superior\\\/\"]}]},{\"@type\":\"ImageObject\",\"inLanguage\":\"es\",\"@id\":\"https:\\\/\\\/www.cftestataltarapaca.cl\\\/inicio\\\/2023\\\/10\\\/26\\\/seremi-de-educacion-s-visita-cft-estatal-de-tarapaca-para-conocer-el-impacto-de-la-gratuidad-en-la-educacion-superior\\\/#primaryimage\",\"url\":\"https:\\\/\\\/www.cftestataltarapaca.cl\\\/inicio\\\/wp-content\\\/uploads\\\/2023\\\/10\\\/seremi-17.jpg\",\"contentUrl\":\"https:\\\/\\\/www.cftestataltarapaca.cl\\\/inicio\\\/wp-content\\\/uploads\\\/2023\\\/10\\\/seremi-17.jpg\",\"width\":2400,\"height\":1600},{\"@type\":\"BreadcrumbList\",\"@id\":\"https:\\\/\\\/www.cftestataltarapaca.cl\\\/inicio\\\/2023\\\/10\\\/26\\\/seremi-de-educacion-s-visita-cft-estatal-de-tarapaca-para-conocer-el-impacto-de-la-gratuidad-en-la-educacion-superior\\\/#breadcrumb\",\"itemListElement\":[{\"@type\":\"ListItem\",\"position\":1,\"name\":\"Portada\",\"item\":\"https:\\\/\\\/www.cftestataltarapaca.cl\\\/inicio\\\/\"},{\"@type\":\"ListItem\",\"position\":2,\"name\":\"Seremi de Educaci\u00f3n (s) visita CFT Estatal de Tarapac\u00e1 para conocer el Impacto de la Gratuidad en la Educaci\u00f3n Superior\"}]},{\"@type\":\"WebSite\",\"@id\":\"https:\\\/\\\/www.cftestataltarapaca.cl\\\/inicio\\\/#website\",\"url\":\"https:\\\/\\\/www.cftestataltarapaca.cl\\\/inicio\\\/\",\"name\":\"CFT Estatal Tarapac\u00e1\",\"description\":\"Admisi\u00f3n 2025\",\"publisher\":{\"@id\":\"https:\\\/\\\/www.cftestataltarapaca.cl\\\/inicio\\\/#organization\"},\"potentialAction\":[{\"@type\":\"SearchAction\",\"target\":{\"@type\":\"EntryPoint\",\"urlTemplate\":\"https:\\\/\\\/www.cftestataltarapaca.cl\\\/inicio\\\/?s={search_term_string}\"},\"query-input\":{\"@type\":\"PropertyValueSpecification\",\"valueRequired\":true,\"valueName\":\"search_term_string\"}}],\"inLanguage\":\"es\"},{\"@type\":\"Organization\",\"@id\":\"https:\\\/\\\/www.cftestataltarapaca.cl\\\/inicio\\\/#organization\",\"name\":\"CFT Estatal Tarapac\u00e1\",\"url\":\"https:\\\/\\\/www.cftestataltarapaca.cl\\\/inicio\\\/\",\"logo\":{\"@type\":\"ImageObject\",\"inLanguage\":\"es\",\"@id\":\"https:\\\/\\\/www.cftestataltarapaca.cl\\\/inicio\\\/#\\\/schema\\\/logo\\\/image\\\/\",\"url\":\"https:\\\/\\\/www.cftestataltarapaca.cl\\\/inicio\\\/wp-content\\\/uploads\\\/2019\\\/03\\\/logo-retina-1.png\",\"contentUrl\":\"https:\\\/\\\/www.cftestataltarapaca.cl\\\/inicio\\\/wp-content\\\/uploads\\\/2019\\\/03\\\/logo-retina-1.png\",\"width\":401,\"height\":150,\"caption\":\"CFT Estatal Tarapac\u00e1\"},\"image\":{\"@id\":\"https:\\\/\\\/www.cftestataltarapaca.cl\\\/inicio\\\/#\\\/schema\\\/logo\\\/image\\\/\"},\"sameAs\":[\"https:\\\/\\\/www.facebook.com\\\/CFTestataltarapaca\\\/\",\"https:\\\/\\\/x.com\\\/CFTesTarapaca\",\"https:\\\/\\\/www.instagram.com\\\/CFTestataltarapaca\\\/\"]},{\"@type\":\"Person\",\"@id\":\"https:\\\/\\\/www.cftestataltarapaca.cl\\\/inicio\\\/#\\\/schema\\\/person\\\/ad1fbfa1fa7c3d3889f4ae5401dd660e\",\"name\":\"Comunicaciones\",\"image\":{\"@type\":\"ImageObject\",\"inLanguage\":\"es\",\"@id\":\"https:\\\/\\\/secure.gravatar.com\\\/avatar\\\/ed1c2728327f20a5a62edaeb7dc181858f225b765044c5314c3d1059a1bd992f?s=96&d=mm&r=g\",\"url\":\"https:\\\/\\\/secure.gravatar.com\\\/avatar\\\/ed1c2728327f20a5a62edaeb7dc181858f225b765044c5314c3d1059a1bd992f?s=96&d=mm&r=g\",\"contentUrl\":\"https:\\\/\\\/secure.gravatar.com\\\/avatar\\\/ed1c2728327f20a5a62edaeb7dc181858f225b765044c5314c3d1059a1bd992f?s=96&d=mm&r=g\",\"caption\":\"Comunicaciones\"},\"sameAs\":[\"http:\\\/\\\/www.cftestataltarapaca.cl\"],\"url\":\"https:\\\/\\\/www.cftestataltarapaca.cl\\\/inicio\\\/author\\\/comunicaciones\\\/\"}]}<\/script>\n<!-- \/ Yoast SEO plugin. -->","yoast_head_json":{"title":"Seremi de Educaci\u00f3n (s) visita CFT Estatal de Tarapac\u00e1 para conocer el Impacto de la Gratuidad en la Educaci\u00f3n Superior - CFT Estatal Tarapac\u00e1","robots":{"index":"index","follow":"follow","max-snippet":"max-snippet:-1","max-image-preview":"max-image-preview:large","max-video-preview":"max-video-preview:-1"},"canonical":"https:\/\/www.cftestataltarapaca.cl\/inicio\/2023\/10\/26\/seremi-de-educacion-s-visita-cft-estatal-de-tarapaca-para-conocer-el-impacto-de-la-gratuidad-en-la-educacion-superior\/","og_locale":"es_ES","og_type":"article","og_title":"Seremi de Educaci\u00f3n (s) visita CFT Estatal de Tarapac\u00e1 para conocer el Impacto de la Gratuidad en la Educaci\u00f3n Superior - CFT Estatal Tarapac\u00e1","og_description":"La Seremi de Educaci\u00f3n (s) de la Regi\u00f3n de Tarapac\u00e1, Liliana Valenzuela, realiz\u00f3 una visita al CFT Estatal de Tarapac\u00e1, con el fin de conocer de cerca el impacto positivo...","og_url":"https:\/\/www.cftestataltarapaca.cl\/inicio\/2023\/10\/26\/seremi-de-educacion-s-visita-cft-estatal-de-tarapaca-para-conocer-el-impacto-de-la-gratuidad-en-la-educacion-superior\/","og_site_name":"CFT Estatal Tarapac\u00e1","article_publisher":"https:\/\/www.facebook.com\/CFTestataltarapaca\/","article_published_time":"2023-10-26T13:13:01+00:00","article_modified_time":"2023-10-26T13:21:49+00:00","og_image":[{"width":2400,"height":1600,"url":"https:\/\/www.cftestataltarapaca.cl\/inicio\/wp-content\/uploads\/2023\/10\/seremi-17.jpg","type":"image\/jpeg"}],"author":"Comunicaciones","twitter_card":"summary_large_image","twitter_creator":"@CFTesTarapaca","twitter_site":"@CFTesTarapaca","twitter_misc":{"Escrito por":"Comunicaciones","Tiempo de lectura":"2 minutos"},"schema":{"@context":"https:\/\/schema.org","@graph":[{"@type":"Article","@id":"https:\/\/www.cftestataltarapaca.cl\/inicio\/2023\/10\/26\/seremi-de-educacion-s-visita-cft-estatal-de-tarapaca-para-conocer-el-impacto-de-la-gratuidad-en-la-educacion-superior\/#article","isPartOf":{"@id":"https:\/\/www.cftestataltarapaca.cl\/inicio\/2023\/10\/26\/seremi-de-educacion-s-visita-cft-estatal-de-tarapaca-para-conocer-el-impacto-de-la-gratuidad-en-la-educacion-superior\/"},"author":{"name":"Comunicaciones","@id":"https:\/\/www.cftestataltarapaca.cl\/inicio\/#\/schema\/person\/ad1fbfa1fa7c3d3889f4ae5401dd660e"},"headline":"Seremi de Educaci\u00f3n (s) visita CFT Estatal de Tarapac\u00e1 para conocer el Impacto de la Gratuidad en la Educaci\u00f3n Superior","datePublished":"2023-10-26T13:13:01+00:00","dateModified":"2023-10-26T13:21:49+00:00","mainEntityOfPage":{"@id":"https:\/\/www.cftestataltarapaca.cl\/inicio\/2023\/10\/26\/seremi-de-educacion-s-visita-cft-estatal-de-tarapaca-para-conocer-el-impacto-de-la-gratuidad-en-la-educacion-superior\/"},"wordCount":461,"commentCount":0,"publisher":{"@id":"https:\/\/www.cftestataltarapaca.cl\/inicio\/#organization"},"image":{"@id":"https:\/\/www.cftestataltarapaca.cl\/inicio\/2023\/10\/26\/seremi-de-educacion-s-visita-cft-estatal-de-tarapaca-para-conocer-el-impacto-de-la-gratuidad-en-la-educacion-superior\/#primaryimage"},"thumbnailUrl":"https:\/\/www.cftestataltarapaca.cl\/inicio\/wp-content\/uploads\/2023\/10\/seremi-17.jpg","articleSection":["Admisi\u00f3n","Asuntos Estudiantiles"],"inLanguage":"es","potentialAction":[{"@type":"CommentAction","name":"Comment","target":["https:\/\/www.cftestataltarapaca.cl\/inicio\/2023\/10\/26\/seremi-de-educacion-s-visita-cft-estatal-de-tarapaca-para-conocer-el-impacto-de-la-gratuidad-en-la-educacion-superior\/#respond"]}]},{"@type":"WebPage","@id":"https:\/\/www.cftestataltarapaca.cl\/inicio\/2023\/10\/26\/seremi-de-educacion-s-visita-cft-estatal-de-tarapaca-para-conocer-el-impacto-de-la-gratuidad-en-la-educacion-superior\/","url":"https:\/\/www.cftestataltarapaca.cl\/inicio\/2023\/10\/26\/seremi-de-educacion-s-visita-cft-estatal-de-tarapaca-para-conocer-el-impacto-de-la-gratuidad-en-la-educacion-superior\/","name":"Seremi de Educaci\u00f3n (s) visita CFT Estatal de Tarapac\u00e1 para conocer el Impacto de la Gratuidad en la Educaci\u00f3n Superior - CFT Estatal Tarapac\u00e1","isPartOf":{"@id":"https:\/\/www.cftestataltarapaca.cl\/inicio\/#website"},"primaryImageOfPage":{"@id":"https:\/\/www.cftestataltarapaca.cl\/inicio\/2023\/10\/26\/seremi-de-educacion-s-visita-cft-estatal-de-tarapaca-para-conocer-el-impacto-de-la-gratuidad-en-la-educacion-superior\/#primaryimage"},"image":{"@id":"https:\/\/www.cftestataltarapaca.cl\/inicio\/2023\/10\/26\/seremi-de-educacion-s-visita-cft-estatal-de-tarapaca-para-conocer-el-impacto-de-la-gratuidad-en-la-educacion-superior\/#primaryimage"},"thumbnailUrl":"https:\/\/www.cftestataltarapaca.cl\/inicio\/wp-content\/uploads\/2023\/10\/seremi-17.jpg","datePublished":"2023-10-26T13:13:01+00:00","dateModified":"2023-10-26T13:21:49+00:00","breadcrumb":{"@id":"https:\/\/www.cftestataltarapaca.cl\/inicio\/2023\/10\/26\/seremi-de-educacion-s-visita-cft-estatal-de-tarapaca-para-conocer-el-impacto-de-la-gratuidad-en-la-educacion-superior\/#breadcrumb"},"inLanguage":"es","potentialAction":[{"@type":"ReadAction","target":["https:\/\/www.cftestataltarapaca.cl\/inicio\/2023\/10\/26\/seremi-de-educacion-s-visita-cft-estatal-de-tarapaca-para-conocer-el-impacto-de-la-gratuidad-en-la-educacion-superior\/"]}]},{"@type":"ImageObject","inLanguage":"es","@id":"https:\/\/www.cftestataltarapaca.cl\/inicio\/2023\/10\/26\/seremi-de-educacion-s-visita-cft-estatal-de-tarapaca-para-conocer-el-impacto-de-la-gratuidad-en-la-educacion-superior\/#primaryimage","url":"https:\/\/www.cftestataltarapaca.cl\/inicio\/wp-content\/uploads\/2023\/10\/seremi-17.jpg","contentUrl":"https:\/\/www.cftestataltarapaca.cl\/inicio\/wp-content\/uploads\/2023\/10\/seremi-17.jpg","width":2400,"height":1600},{"@type":"BreadcrumbList","@id":"https:\/\/www.cftestataltarapaca.cl\/inicio\/2023\/10\/26\/seremi-de-educacion-s-visita-cft-estatal-de-tarapaca-para-conocer-el-impacto-de-la-gratuidad-en-la-educacion-superior\/#breadcrumb","itemListElement":[{"@type":"ListItem","position":1,"name":"Portada","item":"https:\/\/www.cftestataltarapaca.cl\/inicio\/"},{"@type":"ListItem","position":2,"name":"Seremi de Educaci\u00f3n (s) visita CFT Estatal de Tarapac\u00e1 para conocer el Impacto de la Gratuidad en la Educaci\u00f3n Superior"}]},{"@type":"WebSite","@id":"https:\/\/www.cftestataltarapaca.cl\/inicio\/#website","url":"https:\/\/www.cftestataltarapaca.cl\/inicio\/","name":"CFT Estatal Tarapac\u00e1","description":"Admisi\u00f3n 2025","publisher":{"@id":"https:\/\/www.cftestataltarapaca.cl\/inicio\/#organization"},"potentialAction":[{"@type":"SearchAction","target":{"@type":"EntryPoint","urlTemplate":"https:\/\/www.cftestataltarapaca.cl\/inicio\/?s={search_term_string}"},"query-input":{"@type":"PropertyValueSpecification","valueRequired":true,"valueName":"search_term_string"}}],"inLanguage":"es"},{"@type":"Organization","@id":"https:\/\/www.cftestataltarapaca.cl\/inicio\/#organization","name":"CFT Estatal Tarapac\u00e1","url":"https:\/\/www.cftestataltarapaca.cl\/inicio\/","logo":{"@type":"ImageObject","inLanguage":"es","@id":"https:\/\/www.cftestataltarapaca.cl\/inicio\/#\/schema\/logo\/image\/","url":"https:\/\/www.cftestataltarapaca.cl\/inicio\/wp-content\/uploads\/2019\/03\/logo-retina-1.png","contentUrl":"https:\/\/www.cftestataltarapaca.cl\/inicio\/wp-content\/uploads\/2019\/03\/logo-retina-1.png","width":401,"height":150,"caption":"CFT Estatal Tarapac\u00e1"},"image":{"@id":"https:\/\/www.cftestataltarapaca.cl\/inicio\/#\/schema\/logo\/image\/"},"sameAs":["https:\/\/www.facebook.com\/CFTestataltarapaca\/","https:\/\/x.com\/CFTesTarapaca","https:\/\/www.instagram.com\/CFTestataltarapaca\/"]},{"@type":"Person","@id":"https:\/\/www.cftestataltarapaca.cl\/inicio\/#\/schema\/person\/ad1fbfa1fa7c3d3889f4ae5401dd660e","name":"Comunicaciones","image":{"@type":"ImageObject","inLanguage":"es","@id":"https:\/\/secure.gravatar.com\/avatar\/ed1c2728327f20a5a62edaeb7dc181858f225b765044c5314c3d1059a1bd992f?s=96&d=mm&r=g","url":"https:\/\/secure.gravatar.com\/avatar\/ed1c2728327f20a5a62edaeb7dc181858f225b765044c5314c3d1059a1bd992f?s=96&d=mm&r=g","contentUrl":"https:\/\/secure.gravatar.com\/avatar\/ed1c2728327f20a5a62edaeb7dc181858f225b765044c5314c3d1059a1bd992f?s=96&d=mm&r=g","caption":"Comunicaciones"},"sameAs":["http:\/\/www.cftestataltarapaca.cl"],"url":"https:\/\/www.cftestataltarapaca.cl\/inicio\/author\/comunicaciones\/"}]}},"publishpress_future_action":{"enabled":false,"date":"2026-05-08 12:37:23","action":"change-status","newStatus":"draft","terms":[],"taxonomy":"category","extraData":[]},"publishpress_future_workflow_manual_trigger":{"enabledWorkflows":[]},"_links":{"self":[{"href":"https:\/\/www.cftestataltarapaca.cl\/inicio\/wp-json\/wp\/v2\/posts\/11028","targetHints":{"allow":["GET"]}}],"collection":[{"href":"https:\/\/www.cftestataltarapaca.cl\/inicio\/wp-json\/wp\/v2\/posts"}],"about":[{"href":"https:\/\/www.cftestataltarapaca.cl\/inicio\/wp-json\/wp\/v2\/types\/post"}],"author":[{"embeddable":true,"href":"https:\/\/www.cftestataltarapaca.cl\/inicio\/wp-json\/wp\/v2\/users\/2"}],"replies":[{"embeddable":true,"href":"https:\/\/www.cftestataltarapaca.cl\/inicio\/wp-json\/wp\/v2\/comments?post=11028"}],"version-history":[{"count":2,"href":"https:\/\/www.cftestataltarapaca.cl\/inicio\/wp-json\/wp\/v2\/posts\/11028\/revisions"}],"predecessor-version":[{"id":11046,"href":"https:\/\/www.cftestataltarapaca.cl\/inicio\/wp-json\/wp\/v2\/posts\/11028\/revisions\/11046"}],"wp:featuredmedia":[{"embeddable":true,"href":"https:\/\/www.cftestataltarapaca.cl\/inicio\/wp-json\/wp\/v2\/media\/11033"}],"wp:attachment":[{"href":"https:\/\/www.cftestataltarapaca.cl\/inicio\/wp-json\/wp\/v2\/media?parent=11028"}],"wp:term":[{"taxonomy":"category","embeddable":true,"href":"https:\/\/www.cftestataltarapaca.cl\/inicio\/wp-json\/wp\/v2\/categories?post=11028"},{"taxonomy":"post_tag","embeddable":true,"href":"https:\/\/www.cftestataltarapaca.cl\/inicio\/wp-json\/wp\/v2\/tags?post=11028"}],"curies":[{"name":"wp","href":"https:\/\/api.w.org\/{rel}","templated":true}]}}