{"id":11051,"date":"2023-10-26T19:24:08","date_gmt":"2023-10-26T19:24:08","guid":{"rendered":"https:\/\/www.cftestataltarapaca.cl\/inicio\/?p=11051"},"modified":"2023-10-26T19:31:43","modified_gmt":"2023-10-26T19:31:43","slug":"mejora-continua-iniciamos-el-programa-de-transferencia-tecnica-junto-a-la-comision-nacional-de-acreditacion","status":"publish","type":"post","link":"https:\/\/www.cftestataltarapaca.cl\/inicio\/2023\/10\/26\/mejora-continua-iniciamos-el-programa-de-transferencia-tecnica-junto-a-la-comision-nacional-de-acreditacion\/","title":{"rendered":"Mejora Continua: Iniciamos el Programa de Transferencia T\u00e9cnica junto a la Comisi\u00f3n Nacional de Acreditaci\u00f3n"},"content":{"rendered":"<p>Iniciamos el proceso de PROGRAMA DE TRANSFERENCIA T\u00c9CNICA que llevar\u00e1 a cabo la Comisi\u00f3n Nacional de Acreditaci\u00f3n (CNA) cuyo objetivo es fortalecer las capacidades internas de los Centros de Formaci\u00f3n T\u00e9cnica Estatales en materias de Aseguramiento de la Calidad para procesos autoevaluativos y mejora continua, en el contexto de la entrada en vigencia del nuevo modelo evaluativo de la calidad de la educaci\u00f3n superior, como lo indica la ley N\u00b021.091.<\/p>\n<p>El programa, que estar\u00e1 a cargo de la facilitadora de CNA Ingrid Lazen, se compone de 6 m\u00f3dulos que deben cursarse de manera sucesiva, con una duraci\u00f3n total de 21 horas comprendida entre trabajo presencial y sincr\u00f3nica.<\/p>\n<p>En las pr\u00f3ximas semanas recibiremos un acompa\u00f1amiento por parte de CNA para revisar conceptos b\u00e1sicos de Aseguramiento de la Calidad, Docencia y resultados del proceso de formaci\u00f3n, Vinculaci\u00f3n con el medio y Plan de mejora cuyo objetivo es manejar los conceptos fundamentales de aseguramiento de la calidad (AC), con el fin de tener una mirada com\u00fan y homogeneizar el lenguaje t\u00e9cnico al interior de la instituci\u00f3n.<\/p>\n","protected":false},"excerpt":{"rendered":"<p>Iniciamos el proceso de PROGRAMA DE TRANSFERENCIA T\u00c9CNICA que llevar\u00e1 a cabo la Comisi\u00f3n Nacional de Acreditaci\u00f3n (CNA) cuyo objetivo es fortalecer las capacidades internas de los Centros de Formaci\u00f3n&#8230;<\/p>\n","protected":false},"author":2,"featured_media":11054,"comment_status":"open","ping_status":"open","sticky":false,"template":"","format":"standard","meta":{"_joinchat":[],"footnotes":""},"categories":[159,191],"tags":[],"class_list":["post-11051","post","type-post","status-publish","format-standard","has-post-thumbnail","hentry","category-acreditacion","category-calidad"],"yoast_head":"<!-- This site is optimized with the Yoast SEO plugin v27.4 - https:\/\/yoast.com\/product\/yoast-seo-wordpress\/ -->\n<title>Mejora Continua: Iniciamos el Programa de Transferencia T\u00e9cnica junto a la Comisi\u00f3n Nacional de Acreditaci\u00f3n - CFT Estatal Tarapac\u00e1<\/title>\n<meta name=\"robots\" content=\"index, follow, max-snippet:-1, max-image-preview:large, max-video-preview:-1\" \/>\n<link rel=\"canonical\" href=\"https:\/\/www.cftestataltarapaca.cl\/inicio\/2023\/10\/26\/mejora-continua-iniciamos-el-programa-de-transferencia-tecnica-junto-a-la-comision-nacional-de-acreditacion\/\" \/>\n<meta property=\"og:locale\" content=\"es_ES\" \/>\n<meta property=\"og:type\" content=\"article\" \/>\n<meta property=\"og:title\" content=\"Mejora Continua: Iniciamos el Programa de Transferencia T\u00e9cnica junto a la Comisi\u00f3n Nacional de Acreditaci\u00f3n - CFT Estatal Tarapac\u00e1\" \/>\n<meta property=\"og:description\" content=\"Iniciamos el proceso de PROGRAMA DE TRANSFERENCIA T\u00c9CNICA que llevar\u00e1 a cabo la Comisi\u00f3n Nacional de Acreditaci\u00f3n (CNA) cuyo objetivo es fortalecer las capacidades internas de los Centros de Formaci\u00f3n...\" \/>\n<meta property=\"og:url\" content=\"https:\/\/www.cftestataltarapaca.cl\/inicio\/2023\/10\/26\/mejora-continua-iniciamos-el-programa-de-transferencia-tecnica-junto-a-la-comision-nacional-de-acreditacion\/\" \/>\n<meta property=\"og:site_name\" content=\"CFT Estatal Tarapac\u00e1\" \/>\n<meta property=\"article:publisher\" content=\"https:\/\/www.facebook.com\/CFTestataltarapaca\/\" \/>\n<meta property=\"article:published_time\" content=\"2023-10-26T19:24:08+00:00\" \/>\n<meta property=\"article:modified_time\" content=\"2023-10-26T19:31:43+00:00\" \/>\n<meta property=\"og:image\" content=\"https:\/\/www.cftestataltarapaca.cl\/inicio\/wp-content\/uploads\/2023\/10\/Captura-de-pantalla-2023-10-25-a-las-16.58.56-1024x562.png\" \/>\n\t<meta property=\"og:image:width\" content=\"1024\" \/>\n\t<meta property=\"og:image:height\" content=\"562\" \/>\n\t<meta property=\"og:image:type\" content=\"image\/png\" \/>\n<meta name=\"author\" content=\"Comunicaciones\" \/>\n<meta name=\"twitter:card\" content=\"summary_large_image\" \/>\n<meta name=\"twitter:creator\" content=\"@CFTesTarapaca\" \/>\n<meta name=\"twitter:site\" content=\"@CFTesTarapaca\" \/>\n<meta name=\"twitter:label1\" content=\"Escrito por\" \/>\n\t<meta name=\"twitter:data1\" content=\"Comunicaciones\" \/>\n\t<meta name=\"twitter:label2\" content=\"Tiempo de lectura\" \/>\n\t<meta name=\"twitter:data2\" content=\"1 minuto\" \/>\n<script type=\"application\/ld+json\" class=\"yoast-schema-graph\">{\"@context\":\"https:\\\/\\\/schema.org\",\"@graph\":[{\"@type\":\"Article\",\"@id\":\"https:\\\/\\\/www.cftestataltarapaca.cl\\\/inicio\\\/2023\\\/10\\\/26\\\/mejora-continua-iniciamos-el-programa-de-transferencia-tecnica-junto-a-la-comision-nacional-de-acreditacion\\\/#article\",\"isPartOf\":{\"@id\":\"https:\\\/\\\/www.cftestataltarapaca.cl\\\/inicio\\\/2023\\\/10\\\/26\\\/mejora-continua-iniciamos-el-programa-de-transferencia-tecnica-junto-a-la-comision-nacional-de-acreditacion\\\/\"},\"author\":{\"name\":\"Comunicaciones\",\"@id\":\"https:\\\/\\\/www.cftestataltarapaca.cl\\\/inicio\\\/#\\\/schema\\\/person\\\/ad1fbfa1fa7c3d3889f4ae5401dd660e\"},\"headline\":\"Mejora Continua: Iniciamos el Programa de Transferencia T\u00e9cnica junto a la Comisi\u00f3n Nacional de Acreditaci\u00f3n\",\"datePublished\":\"2023-10-26T19:24:08+00:00\",\"dateModified\":\"2023-10-26T19:31:43+00:00\",\"mainEntityOfPage\":{\"@id\":\"https:\\\/\\\/www.cftestataltarapaca.cl\\\/inicio\\\/2023\\\/10\\\/26\\\/mejora-continua-iniciamos-el-programa-de-transferencia-tecnica-junto-a-la-comision-nacional-de-acreditacion\\\/\"},\"wordCount\":206,\"commentCount\":0,\"publisher\":{\"@id\":\"https:\\\/\\\/www.cftestataltarapaca.cl\\\/inicio\\\/#organization\"},\"image\":{\"@id\":\"https:\\\/\\\/www.cftestataltarapaca.cl\\\/inicio\\\/2023\\\/10\\\/26\\\/mejora-continua-iniciamos-el-programa-de-transferencia-tecnica-junto-a-la-comision-nacional-de-acreditacion\\\/#primaryimage\"},\"thumbnailUrl\":\"https:\\\/\\\/www.cftestataltarapaca.cl\\\/inicio\\\/wp-content\\\/uploads\\\/2023\\\/10\\\/Captura-de-pantalla-2023-10-25-a-las-16.58.56.png\",\"articleSection\":[\"Acreditaci\u00f3n\",\"Aseguramiento de la Calidad\"],\"inLanguage\":\"es\",\"potentialAction\":[{\"@type\":\"CommentAction\",\"name\":\"Comment\",\"target\":[\"https:\\\/\\\/www.cftestataltarapaca.cl\\\/inicio\\\/2023\\\/10\\\/26\\\/mejora-continua-iniciamos-el-programa-de-transferencia-tecnica-junto-a-la-comision-nacional-de-acreditacion\\\/#respond\"]}]},{\"@type\":\"WebPage\",\"@id\":\"https:\\\/\\\/www.cftestataltarapaca.cl\\\/inicio\\\/2023\\\/10\\\/26\\\/mejora-continua-iniciamos-el-programa-de-transferencia-tecnica-junto-a-la-comision-nacional-de-acreditacion\\\/\",\"url\":\"https:\\\/\\\/www.cftestataltarapaca.cl\\\/inicio\\\/2023\\\/10\\\/26\\\/mejora-continua-iniciamos-el-programa-de-transferencia-tecnica-junto-a-la-comision-nacional-de-acreditacion\\\/\",\"name\":\"Mejora Continua: Iniciamos el Programa de Transferencia T\u00e9cnica junto a la Comisi\u00f3n Nacional de Acreditaci\u00f3n - CFT Estatal Tarapac\u00e1\",\"isPartOf\":{\"@id\":\"https:\\\/\\\/www.cftestataltarapaca.cl\\\/inicio\\\/#website\"},\"primaryImageOfPage\":{\"@id\":\"https:\\\/\\\/www.cftestataltarapaca.cl\\\/inicio\\\/2023\\\/10\\\/26\\\/mejora-continua-iniciamos-el-programa-de-transferencia-tecnica-junto-a-la-comision-nacional-de-acreditacion\\\/#primaryimage\"},\"image\":{\"@id\":\"https:\\\/\\\/www.cftestataltarapaca.cl\\\/inicio\\\/2023\\\/10\\\/26\\\/mejora-continua-iniciamos-el-programa-de-transferencia-tecnica-junto-a-la-comision-nacional-de-acreditacion\\\/#primaryimage\"},\"thumbnailUrl\":\"https:\\\/\\\/www.cftestataltarapaca.cl\\\/inicio\\\/wp-content\\\/uploads\\\/2023\\\/10\\\/Captura-de-pantalla-2023-10-25-a-las-16.58.56.png\",\"datePublished\":\"2023-10-26T19:24:08+00:00\",\"dateModified\":\"2023-10-26T19:31:43+00:00\",\"breadcrumb\":{\"@id\":\"https:\\\/\\\/www.cftestataltarapaca.cl\\\/inicio\\\/2023\\\/10\\\/26\\\/mejora-continua-iniciamos-el-programa-de-transferencia-tecnica-junto-a-la-comision-nacional-de-acreditacion\\\/#breadcrumb\"},\"inLanguage\":\"es\",\"potentialAction\":[{\"@type\":\"ReadAction\",\"target\":[\"https:\\\/\\\/www.cftestataltarapaca.cl\\\/inicio\\\/2023\\\/10\\\/26\\\/mejora-continua-iniciamos-el-programa-de-transferencia-tecnica-junto-a-la-comision-nacional-de-acreditacion\\\/\"]}]},{\"@type\":\"ImageObject\",\"inLanguage\":\"es\",\"@id\":\"https:\\\/\\\/www.cftestataltarapaca.cl\\\/inicio\\\/2023\\\/10\\\/26\\\/mejora-continua-iniciamos-el-programa-de-transferencia-tecnica-junto-a-la-comision-nacional-de-acreditacion\\\/#primaryimage\",\"url\":\"https:\\\/\\\/www.cftestataltarapaca.cl\\\/inicio\\\/wp-content\\\/uploads\\\/2023\\\/10\\\/Captura-de-pantalla-2023-10-25-a-las-16.58.56.png\",\"contentUrl\":\"https:\\\/\\\/www.cftestataltarapaca.cl\\\/inicio\\\/wp-content\\\/uploads\\\/2023\\\/10\\\/Captura-de-pantalla-2023-10-25-a-las-16.58.56.png\",\"width\":2880,\"height\":1580},{\"@type\":\"BreadcrumbList\",\"@id\":\"https:\\\/\\\/www.cftestataltarapaca.cl\\\/inicio\\\/2023\\\/10\\\/26\\\/mejora-continua-iniciamos-el-programa-de-transferencia-tecnica-junto-a-la-comision-nacional-de-acreditacion\\\/#breadcrumb\",\"itemListElement\":[{\"@type\":\"ListItem\",\"position\":1,\"name\":\"Portada\",\"item\":\"https:\\\/\\\/www.cftestataltarapaca.cl\\\/inicio\\\/\"},{\"@type\":\"ListItem\",\"position\":2,\"name\":\"Mejora Continua: Iniciamos el Programa de Transferencia T\u00e9cnica junto a la Comisi\u00f3n Nacional de Acreditaci\u00f3n\"}]},{\"@type\":\"WebSite\",\"@id\":\"https:\\\/\\\/www.cftestataltarapaca.cl\\\/inicio\\\/#website\",\"url\":\"https:\\\/\\\/www.cftestataltarapaca.cl\\\/inicio\\\/\",\"name\":\"CFT Estatal Tarapac\u00e1\",\"description\":\"Admisi\u00f3n 2025\",\"publisher\":{\"@id\":\"https:\\\/\\\/www.cftestataltarapaca.cl\\\/inicio\\\/#organization\"},\"potentialAction\":[{\"@type\":\"SearchAction\",\"target\":{\"@type\":\"EntryPoint\",\"urlTemplate\":\"https:\\\/\\\/www.cftestataltarapaca.cl\\\/inicio\\\/?s={search_term_string}\"},\"query-input\":{\"@type\":\"PropertyValueSpecification\",\"valueRequired\":true,\"valueName\":\"search_term_string\"}}],\"inLanguage\":\"es\"},{\"@type\":\"Organization\",\"@id\":\"https:\\\/\\\/www.cftestataltarapaca.cl\\\/inicio\\\/#organization\",\"name\":\"CFT Estatal Tarapac\u00e1\",\"url\":\"https:\\\/\\\/www.cftestataltarapaca.cl\\\/inicio\\\/\",\"logo\":{\"@type\":\"ImageObject\",\"inLanguage\":\"es\",\"@id\":\"https:\\\/\\\/www.cftestataltarapaca.cl\\\/inicio\\\/#\\\/schema\\\/logo\\\/image\\\/\",\"url\":\"https:\\\/\\\/www.cftestataltarapaca.cl\\\/inicio\\\/wp-content\\\/uploads\\\/2019\\\/03\\\/logo-retina-1.png\",\"contentUrl\":\"https:\\\/\\\/www.cftestataltarapaca.cl\\\/inicio\\\/wp-content\\\/uploads\\\/2019\\\/03\\\/logo-retina-1.png\",\"width\":401,\"height\":150,\"caption\":\"CFT Estatal Tarapac\u00e1\"},\"image\":{\"@id\":\"https:\\\/\\\/www.cftestataltarapaca.cl\\\/inicio\\\/#\\\/schema\\\/logo\\\/image\\\/\"},\"sameAs\":[\"https:\\\/\\\/www.facebook.com\\\/CFTestataltarapaca\\\/\",\"https:\\\/\\\/x.com\\\/CFTesTarapaca\",\"https:\\\/\\\/www.instagram.com\\\/CFTestataltarapaca\\\/\"]},{\"@type\":\"Person\",\"@id\":\"https:\\\/\\\/www.cftestataltarapaca.cl\\\/inicio\\\/#\\\/schema\\\/person\\\/ad1fbfa1fa7c3d3889f4ae5401dd660e\",\"name\":\"Comunicaciones\",\"image\":{\"@type\":\"ImageObject\",\"inLanguage\":\"es\",\"@id\":\"https:\\\/\\\/secure.gravatar.com\\\/avatar\\\/ed1c2728327f20a5a62edaeb7dc181858f225b765044c5314c3d1059a1bd992f?s=96&d=mm&r=g\",\"url\":\"https:\\\/\\\/secure.gravatar.com\\\/avatar\\\/ed1c2728327f20a5a62edaeb7dc181858f225b765044c5314c3d1059a1bd992f?s=96&d=mm&r=g\",\"contentUrl\":\"https:\\\/\\\/secure.gravatar.com\\\/avatar\\\/ed1c2728327f20a5a62edaeb7dc181858f225b765044c5314c3d1059a1bd992f?s=96&d=mm&r=g\",\"caption\":\"Comunicaciones\"},\"sameAs\":[\"http:\\\/\\\/www.cftestataltarapaca.cl\"],\"url\":\"https:\\\/\\\/www.cftestataltarapaca.cl\\\/inicio\\\/author\\\/comunicaciones\\\/\"}]}<\/script>\n<!-- \/ Yoast SEO plugin. -->","yoast_head_json":{"title":"Mejora Continua: Iniciamos el Programa de Transferencia T\u00e9cnica junto a la Comisi\u00f3n Nacional de Acreditaci\u00f3n - CFT Estatal Tarapac\u00e1","robots":{"index":"index","follow":"follow","max-snippet":"max-snippet:-1","max-image-preview":"max-image-preview:large","max-video-preview":"max-video-preview:-1"},"canonical":"https:\/\/www.cftestataltarapaca.cl\/inicio\/2023\/10\/26\/mejora-continua-iniciamos-el-programa-de-transferencia-tecnica-junto-a-la-comision-nacional-de-acreditacion\/","og_locale":"es_ES","og_type":"article","og_title":"Mejora Continua: Iniciamos el Programa de Transferencia T\u00e9cnica junto a la Comisi\u00f3n Nacional de Acreditaci\u00f3n - CFT Estatal Tarapac\u00e1","og_description":"Iniciamos el proceso de PROGRAMA DE TRANSFERENCIA T\u00c9CNICA que llevar\u00e1 a cabo la Comisi\u00f3n Nacional de Acreditaci\u00f3n (CNA) cuyo objetivo es fortalecer las capacidades internas de los Centros de Formaci\u00f3n...","og_url":"https:\/\/www.cftestataltarapaca.cl\/inicio\/2023\/10\/26\/mejora-continua-iniciamos-el-programa-de-transferencia-tecnica-junto-a-la-comision-nacional-de-acreditacion\/","og_site_name":"CFT Estatal Tarapac\u00e1","article_publisher":"https:\/\/www.facebook.com\/CFTestataltarapaca\/","article_published_time":"2023-10-26T19:24:08+00:00","article_modified_time":"2023-10-26T19:31:43+00:00","og_image":[{"width":1024,"height":562,"url":"https:\/\/www.cftestataltarapaca.cl\/inicio\/wp-content\/uploads\/2023\/10\/Captura-de-pantalla-2023-10-25-a-las-16.58.56-1024x562.png","type":"image\/png"}],"author":"Comunicaciones","twitter_card":"summary_large_image","twitter_creator":"@CFTesTarapaca","twitter_site":"@CFTesTarapaca","twitter_misc":{"Escrito por":"Comunicaciones","Tiempo de lectura":"1 minuto"},"schema":{"@context":"https:\/\/schema.org","@graph":[{"@type":"Article","@id":"https:\/\/www.cftestataltarapaca.cl\/inicio\/2023\/10\/26\/mejora-continua-iniciamos-el-programa-de-transferencia-tecnica-junto-a-la-comision-nacional-de-acreditacion\/#article","isPartOf":{"@id":"https:\/\/www.cftestataltarapaca.cl\/inicio\/2023\/10\/26\/mejora-continua-iniciamos-el-programa-de-transferencia-tecnica-junto-a-la-comision-nacional-de-acreditacion\/"},"author":{"name":"Comunicaciones","@id":"https:\/\/www.cftestataltarapaca.cl\/inicio\/#\/schema\/person\/ad1fbfa1fa7c3d3889f4ae5401dd660e"},"headline":"Mejora Continua: Iniciamos el Programa de Transferencia T\u00e9cnica junto a la Comisi\u00f3n Nacional de Acreditaci\u00f3n","datePublished":"2023-10-26T19:24:08+00:00","dateModified":"2023-10-26T19:31:43+00:00","mainEntityOfPage":{"@id":"https:\/\/www.cftestataltarapaca.cl\/inicio\/2023\/10\/26\/mejora-continua-iniciamos-el-programa-de-transferencia-tecnica-junto-a-la-comision-nacional-de-acreditacion\/"},"wordCount":206,"commentCount":0,"publisher":{"@id":"https:\/\/www.cftestataltarapaca.cl\/inicio\/#organization"},"image":{"@id":"https:\/\/www.cftestataltarapaca.cl\/inicio\/2023\/10\/26\/mejora-continua-iniciamos-el-programa-de-transferencia-tecnica-junto-a-la-comision-nacional-de-acreditacion\/#primaryimage"},"thumbnailUrl":"https:\/\/www.cftestataltarapaca.cl\/inicio\/wp-content\/uploads\/2023\/10\/Captura-de-pantalla-2023-10-25-a-las-16.58.56.png","articleSection":["Acreditaci\u00f3n","Aseguramiento de la Calidad"],"inLanguage":"es","potentialAction":[{"@type":"CommentAction","name":"Comment","target":["https:\/\/www.cftestataltarapaca.cl\/inicio\/2023\/10\/26\/mejora-continua-iniciamos-el-programa-de-transferencia-tecnica-junto-a-la-comision-nacional-de-acreditacion\/#respond"]}]},{"@type":"WebPage","@id":"https:\/\/www.cftestataltarapaca.cl\/inicio\/2023\/10\/26\/mejora-continua-iniciamos-el-programa-de-transferencia-tecnica-junto-a-la-comision-nacional-de-acreditacion\/","url":"https:\/\/www.cftestataltarapaca.cl\/inicio\/2023\/10\/26\/mejora-continua-iniciamos-el-programa-de-transferencia-tecnica-junto-a-la-comision-nacional-de-acreditacion\/","name":"Mejora Continua: Iniciamos el Programa de Transferencia T\u00e9cnica junto a la Comisi\u00f3n Nacional de Acreditaci\u00f3n - CFT Estatal Tarapac\u00e1","isPartOf":{"@id":"https:\/\/www.cftestataltarapaca.cl\/inicio\/#website"},"primaryImageOfPage":{"@id":"https:\/\/www.cftestataltarapaca.cl\/inicio\/2023\/10\/26\/mejora-continua-iniciamos-el-programa-de-transferencia-tecnica-junto-a-la-comision-nacional-de-acreditacion\/#primaryimage"},"image":{"@id":"https:\/\/www.cftestataltarapaca.cl\/inicio\/2023\/10\/26\/mejora-continua-iniciamos-el-programa-de-transferencia-tecnica-junto-a-la-comision-nacional-de-acreditacion\/#primaryimage"},"thumbnailUrl":"https:\/\/www.cftestataltarapaca.cl\/inicio\/wp-content\/uploads\/2023\/10\/Captura-de-pantalla-2023-10-25-a-las-16.58.56.png","datePublished":"2023-10-26T19:24:08+00:00","dateModified":"2023-10-26T19:31:43+00:00","breadcrumb":{"@id":"https:\/\/www.cftestataltarapaca.cl\/inicio\/2023\/10\/26\/mejora-continua-iniciamos-el-programa-de-transferencia-tecnica-junto-a-la-comision-nacional-de-acreditacion\/#breadcrumb"},"inLanguage":"es","potentialAction":[{"@type":"ReadAction","target":["https:\/\/www.cftestataltarapaca.cl\/inicio\/2023\/10\/26\/mejora-continua-iniciamos-el-programa-de-transferencia-tecnica-junto-a-la-comision-nacional-de-acreditacion\/"]}]},{"@type":"ImageObject","inLanguage":"es","@id":"https:\/\/www.cftestataltarapaca.cl\/inicio\/2023\/10\/26\/mejora-continua-iniciamos-el-programa-de-transferencia-tecnica-junto-a-la-comision-nacional-de-acreditacion\/#primaryimage","url":"https:\/\/www.cftestataltarapaca.cl\/inicio\/wp-content\/uploads\/2023\/10\/Captura-de-pantalla-2023-10-25-a-las-16.58.56.png","contentUrl":"https:\/\/www.cftestataltarapaca.cl\/inicio\/wp-content\/uploads\/2023\/10\/Captura-de-pantalla-2023-10-25-a-las-16.58.56.png","width":2880,"height":1580},{"@type":"BreadcrumbList","@id":"https:\/\/www.cftestataltarapaca.cl\/inicio\/2023\/10\/26\/mejora-continua-iniciamos-el-programa-de-transferencia-tecnica-junto-a-la-comision-nacional-de-acreditacion\/#breadcrumb","itemListElement":[{"@type":"ListItem","position":1,"name":"Portada","item":"https:\/\/www.cftestataltarapaca.cl\/inicio\/"},{"@type":"ListItem","position":2,"name":"Mejora Continua: Iniciamos el Programa de Transferencia T\u00e9cnica junto a la Comisi\u00f3n Nacional de Acreditaci\u00f3n"}]},{"@type":"WebSite","@id":"https:\/\/www.cftestataltarapaca.cl\/inicio\/#website","url":"https:\/\/www.cftestataltarapaca.cl\/inicio\/","name":"CFT Estatal Tarapac\u00e1","description":"Admisi\u00f3n 2025","publisher":{"@id":"https:\/\/www.cftestataltarapaca.cl\/inicio\/#organization"},"potentialAction":[{"@type":"SearchAction","target":{"@type":"EntryPoint","urlTemplate":"https:\/\/www.cftestataltarapaca.cl\/inicio\/?s={search_term_string}"},"query-input":{"@type":"PropertyValueSpecification","valueRequired":true,"valueName":"search_term_string"}}],"inLanguage":"es"},{"@type":"Organization","@id":"https:\/\/www.cftestataltarapaca.cl\/inicio\/#organization","name":"CFT Estatal Tarapac\u00e1","url":"https:\/\/www.cftestataltarapaca.cl\/inicio\/","logo":{"@type":"ImageObject","inLanguage":"es","@id":"https:\/\/www.cftestataltarapaca.cl\/inicio\/#\/schema\/logo\/image\/","url":"https:\/\/www.cftestataltarapaca.cl\/inicio\/wp-content\/uploads\/2019\/03\/logo-retina-1.png","contentUrl":"https:\/\/www.cftestataltarapaca.cl\/inicio\/wp-content\/uploads\/2019\/03\/logo-retina-1.png","width":401,"height":150,"caption":"CFT Estatal Tarapac\u00e1"},"image":{"@id":"https:\/\/www.cftestataltarapaca.cl\/inicio\/#\/schema\/logo\/image\/"},"sameAs":["https:\/\/www.facebook.com\/CFTestataltarapaca\/","https:\/\/x.com\/CFTesTarapaca","https:\/\/www.instagram.com\/CFTestataltarapaca\/"]},{"@type":"Person","@id":"https:\/\/www.cftestataltarapaca.cl\/inicio\/#\/schema\/person\/ad1fbfa1fa7c3d3889f4ae5401dd660e","name":"Comunicaciones","image":{"@type":"ImageObject","inLanguage":"es","@id":"https:\/\/secure.gravatar.com\/avatar\/ed1c2728327f20a5a62edaeb7dc181858f225b765044c5314c3d1059a1bd992f?s=96&d=mm&r=g","url":"https:\/\/secure.gravatar.com\/avatar\/ed1c2728327f20a5a62edaeb7dc181858f225b765044c5314c3d1059a1bd992f?s=96&d=mm&r=g","contentUrl":"https:\/\/secure.gravatar.com\/avatar\/ed1c2728327f20a5a62edaeb7dc181858f225b765044c5314c3d1059a1bd992f?s=96&d=mm&r=g","caption":"Comunicaciones"},"sameAs":["http:\/\/www.cftestataltarapaca.cl"],"url":"https:\/\/www.cftestataltarapaca.cl\/inicio\/author\/comunicaciones\/"}]}},"publishpress_future_action":{"enabled":false,"date":"2026-05-08 12:41:58","action":"change-status","newStatus":"draft","terms":[],"taxonomy":"category","extraData":[]},"publishpress_future_workflow_manual_trigger":{"enabledWorkflows":[]},"_links":{"self":[{"href":"https:\/\/www.cftestataltarapaca.cl\/inicio\/wp-json\/wp\/v2\/posts\/11051","targetHints":{"allow":["GET"]}}],"collection":[{"href":"https:\/\/www.cftestataltarapaca.cl\/inicio\/wp-json\/wp\/v2\/posts"}],"about":[{"href":"https:\/\/www.cftestataltarapaca.cl\/inicio\/wp-json\/wp\/v2\/types\/post"}],"author":[{"embeddable":true,"href":"https:\/\/www.cftestataltarapaca.cl\/inicio\/wp-json\/wp\/v2\/users\/2"}],"replies":[{"embeddable":true,"href":"https:\/\/www.cftestataltarapaca.cl\/inicio\/wp-json\/wp\/v2\/comments?post=11051"}],"version-history":[{"count":2,"href":"https:\/\/www.cftestataltarapaca.cl\/inicio\/wp-json\/wp\/v2\/posts\/11051\/revisions"}],"predecessor-version":[{"id":11055,"href":"https:\/\/www.cftestataltarapaca.cl\/inicio\/wp-json\/wp\/v2\/posts\/11051\/revisions\/11055"}],"wp:featuredmedia":[{"embeddable":true,"href":"https:\/\/www.cftestataltarapaca.cl\/inicio\/wp-json\/wp\/v2\/media\/11054"}],"wp:attachment":[{"href":"https:\/\/www.cftestataltarapaca.cl\/inicio\/wp-json\/wp\/v2\/media?parent=11051"}],"wp:term":[{"taxonomy":"category","embeddable":true,"href":"https:\/\/www.cftestataltarapaca.cl\/inicio\/wp-json\/wp\/v2\/categories?post=11051"},{"taxonomy":"post_tag","embeddable":true,"href":"https:\/\/www.cftestataltarapaca.cl\/inicio\/wp-json\/wp\/v2\/tags?post=11051"}],"curies":[{"name":"wp","href":"https:\/\/api.w.org\/{rel}","templated":true}]}}