{"id":11095,"date":"2023-11-09T20:19:37","date_gmt":"2023-11-09T20:19:37","guid":{"rendered":"https:\/\/www.cftestataltarapaca.cl\/inicio\/?p=11095"},"modified":"2023-11-09T20:33:18","modified_gmt":"2023-11-09T20:33:18","slug":"finaliza-jornada-presencial-de-transferencia-tecnica-por-parte-de-la-comision-nacional-de-acreditacion","status":"publish","type":"post","link":"https:\/\/www.cftestataltarapaca.cl\/inicio\/2023\/11\/09\/finaliza-jornada-presencial-de-transferencia-tecnica-por-parte-de-la-comision-nacional-de-acreditacion\/","title":{"rendered":"Finaliza jornada presencial de Transferencia T\u00e9cnica por parte de la Comisi\u00f3n Nacional de Acreditaci\u00f3n"},"content":{"rendered":"<div class=\"\" data-block=\"true\" data-editor=\"71bl5\" data-offset-key=\"c45g5-0-0\">\n<div class=\"_1mf _1mj\" style=\"text-align: justify;\" data-offset-key=\"c45g5-0-0\"><span data-offset-key=\"c45g5-0-0\">Hoy, nuestro equipo de funcionarios y acad\u00e9micos, comandados por nuestro Rector Jorge Villegas Ahumada, culmin\u00f3 su participaci\u00f3n en el programa de Transferencia T\u00e9cnica realizado durante 3 d\u00edas en Hotel Gavina Iquique, dictado por la Comisi\u00f3n Nacional de Acreditaci\u00f3n.<\/span><\/div>\n<\/div>\n<p><!--more--><\/p>\n<div class=\"\" data-block=\"true\" data-editor=\"71bl5\" data-offset-key=\"8f39d-0-0\">\n<div class=\"_1mf _1mj\" style=\"text-align: justify;\" data-offset-key=\"8f39d-0-0\"><span data-offset-key=\"8f39d-0-0\"><span data-offset-key=\"5l7d3-0-0\">En la instancia revisamos conceptos b\u00e1sicos de Aseguramiento interno de la Calidad, Docencia y resultados del proceso de formaci\u00f3n y Gesti\u00f3n Estrat\u00e9gica y recursos institucionales,\u00a0 entre otros temas, cuyo objetivo principal es manejar los conceptos fundamentales de Aseguramiento de la Calidad (AC), con el fin de tener una<\/span><\/span><span data-offset-key=\"5l7d3-0-0\">mirada com\u00fan y homogeneizar el lenguaje t\u00e9cnico al interior de la instituci\u00f3n con miras al proceso de Acreditaci\u00f3n Institucional.<\/span><\/div>\n<\/div>\n<div data-offset-key=\"8f39d-0-0\"><\/div>\n<h3 data-offset-key=\"8f39d-0-0\"><\/h3>\n<div data-offset-key=\"5l7d3-0-0\"><\/div>\n<div data-offset-key=\"5l7d3-0-0\"><\/div>\n<p><iframe loading=\"lazy\" title=\"Programa de Transferencia T\u00e9cnica CNA\" width=\"1080\" height=\"608\" src=\"https:\/\/www.youtube.com\/embed\/DGqmKpDQmRw?feature=oembed\" frameborder=\"0\" allow=\"accelerometer; autoplay; clipboard-write; encrypted-media; gyroscope; picture-in-picture; web-share\" allowfullscreen><\/iframe><\/p>\n<p>&nbsp;<\/p>\n\n<div class=\"gdgallery-gallery-container\" id=\"gdgallery-container-9\" data-id=\"9\">\n    \n<div id=\"gdgallery_container_9\" style=\"display:none;\" data-view=\"grid\">\n            <a href=\"\">\n            <img decoding=\"async\" alt=\"\"\n                 data-type=\"image\"\n                 src=\"https:\/\/www.cftestataltarapaca.cl\/inicio\/wp-content\/uploads\/2023\/11\/CNA-12.jpg\"\n                 data-image=\"https:\/\/www.cftestataltarapaca.cl\/inicio\/wp-content\/uploads\/2023\/11\/CNA-12.jpg\"\n                 data-description=\"\"\n                                 style=\"display:block\">\n        <\/a>\n            <a href=\"\">\n            <img decoding=\"async\" alt=\"\"\n                 data-type=\"image\"\n                 src=\"https:\/\/www.cftestataltarapaca.cl\/inicio\/wp-content\/uploads\/2023\/11\/CNA-3.jpg\"\n                 data-image=\"https:\/\/www.cftestataltarapaca.cl\/inicio\/wp-content\/uploads\/2023\/11\/CNA-3.jpg\"\n                 data-description=\"\"\n                                 style=\"display:block\">\n        <\/a>\n            <a href=\"\">\n            <img decoding=\"async\" alt=\"\"\n                 data-type=\"image\"\n                 src=\"https:\/\/www.cftestataltarapaca.cl\/inicio\/wp-content\/uploads\/2023\/11\/CNA-4.jpg\"\n                 data-image=\"https:\/\/www.cftestataltarapaca.cl\/inicio\/wp-content\/uploads\/2023\/11\/CNA-4.jpg\"\n                 data-description=\"\"\n                                 style=\"display:block\">\n        <\/a>\n            <a href=\"\">\n            <img decoding=\"async\" alt=\"\"\n                 data-type=\"image\"\n                 src=\"https:\/\/www.cftestataltarapaca.cl\/inicio\/wp-content\/uploads\/2023\/11\/CNA-5.jpg\"\n                 data-image=\"https:\/\/www.cftestataltarapaca.cl\/inicio\/wp-content\/uploads\/2023\/11\/CNA-5.jpg\"\n                 data-description=\"\"\n                                 style=\"display:block\">\n        <\/a>\n            <a href=\"\">\n            <img decoding=\"async\" alt=\"\"\n                 data-type=\"image\"\n                 src=\"https:\/\/www.cftestataltarapaca.cl\/inicio\/wp-content\/uploads\/2023\/11\/CNA-7.jpg\"\n                 data-image=\"https:\/\/www.cftestataltarapaca.cl\/inicio\/wp-content\/uploads\/2023\/11\/CNA-7.jpg\"\n                 data-description=\"\"\n                                 style=\"display:block\">\n        <\/a>\n            <a href=\"\">\n            <img decoding=\"async\" alt=\"\"\n                 data-type=\"image\"\n                 src=\"https:\/\/www.cftestataltarapaca.cl\/inicio\/wp-content\/uploads\/2023\/11\/CNA-11.jpg\"\n                 data-image=\"https:\/\/www.cftestataltarapaca.cl\/inicio\/wp-content\/uploads\/2023\/11\/CNA-11.jpg\"\n                 data-description=\"\"\n                                 style=\"display:block\">\n        <\/a>\n            <a href=\"\">\n            <img decoding=\"async\" alt=\"\"\n                 data-type=\"image\"\n                 src=\"https:\/\/www.cftestataltarapaca.cl\/inicio\/wp-content\/uploads\/2023\/11\/CNA-17.jpg\"\n                 data-image=\"https:\/\/www.cftestataltarapaca.cl\/inicio\/wp-content\/uploads\/2023\/11\/CNA-17.jpg\"\n                 data-description=\"\"\n                                 style=\"display:block\">\n        <\/a>\n            <a href=\"\">\n            <img decoding=\"async\" alt=\"\"\n                 data-type=\"image\"\n                 src=\"https:\/\/www.cftestataltarapaca.cl\/inicio\/wp-content\/uploads\/2023\/11\/CNA-10.jpg\"\n                 data-image=\"https:\/\/www.cftestataltarapaca.cl\/inicio\/wp-content\/uploads\/2023\/11\/CNA-10.jpg\"\n                 data-description=\"\"\n                                 style=\"display:block\">\n        <\/a>\n            <a href=\"\">\n            <img decoding=\"async\" alt=\"\"\n                 data-type=\"image\"\n                 src=\"https:\/\/www.cftestataltarapaca.cl\/inicio\/wp-content\/uploads\/2023\/11\/CNA-8.jpg\"\n                 data-image=\"https:\/\/www.cftestataltarapaca.cl\/inicio\/wp-content\/uploads\/2023\/11\/CNA-8.jpg\"\n                 data-description=\"\"\n                                 style=\"display:block\">\n        <\/a>\n    <\/div>\n\n<script type=\"text\/javascript\">\n    (function() {\n        var runMyCode = function() {\n            jQuery(document).ready(function () {\n                var container = jQuery(\"#gdgallery_container_9\");\n                container.unitegallery({\"gallery_theme\":\"tilesgrid\",\"tile_width\":200,\"tile_height\":200,\"grid_space_between_cols\":20,\"grid_space_between_rows\":20,\"gallery_width\":\"100%\",\"gallery_background_color\":\"#FFFFFF\",\"theme_navigation_type\":\"bullets\",\"theme_bullets_margin_top\":50,\"theme_bullets_color\":\"gray\",\"bullets_space_between\":15,\"theme_arrows_margin_top\":50,\"theme_space_between_arrows\":20,\"theme_navigation_align\":\"center\",\"theme_navigation_offset_hor\":0,\"grid_num_rows\":3,\"tile_enable_textpanel\":true,\"tile_textpanel_title_text_align\":\"left\",\"tile_textpanel_title_font_size\":\"16\",\"tile_textpanel_title_color\":\"#FFFFFF\",\"tile_textpanel_bg_color\":\"#333333\",\"tile_textpanel_bg_opacity\":0.7,\"tile_enable_border\":true,\"tile_border_width\":\"1\",\"tile_border_color\":\"#333333\",\"tile_border_radius\":\"3\",\"tile_enable_overlay\":true,\"tile_enable_image_effect\":true,\"tile_image_effect_type\":\"blur\",\"tile_image_effect_reverse\":true,\"tile_enable_shadow\":true,\"tile_as_link\":false,\"tile_enable_icons\":true,\"tile_show_link_icon\":true,\"tile_textpanel_appear_type\":\"slide\",\"tile_textpanel_position\":\"bottom\",\"tile_link_newpage\":true,\"lightbox_type\":\"wide\",\"lightbox_arrows_offset\":0,\"lightbox_overlay_color\":\"#000000\",\"lightbox_overlay_opacity\":1,\"lightbox_top_panel_opacity\":1,\"lightbox_show_numbers\":true,\"lightbox_numbers_size\":\"15\",\"lightbox_numbers_color\":\"#FFFFFF\",\"lightbox_slider_image_border_width\":\"0\",\"lightbox_slider_image_border_color\":\"#FFFFFF\",\"lightbox_slider_image_border_radius\":0,\"lightbox_slider_image_shadow\":true,\"lightbox_slider_control_swipe\":true,\"lightbox_slider_control_zoom\":true,\"lightbox_slider_image_border\":true,\"lightbox_show_textpanel\":true,\"lightbox_textpanel_enable_title\":true,\"lightbox_textpanel_enable_description\":false,\"lightbox_textpanel_padding_top\":5,\"lightbox_textpanel_padding_bottom\":5,\"lightbox_textpanel_padding_right\":5,\"lightbox_textpanel_padding_left\":5,\"lightbox_textpanel_title_color\":\"#FFFFFF\",\"lightbox_textpanel_title_text_align\":\"center\",\"lightbox_textpanel_title_font_size\":\"16\",\"lightbox_textpanel_desc_color\":\"#FFFFFF\",\"lightbox_textpanel_desc_text_align\":\"center\",\"lightbox_textpanel_desc_font_size\":\"14\"});\n            });\n        };\n        var timer = function() {\n            if (window.jQuery) {runMyCode(window.jQuery);}\n            else {window.setTimeout(timer, 100);}\n        };\n        timer();\n    })();\n<\/script>\n<style>.ug-lightbox .ug-lightbox-top-panel-overlay{\n    background-color: #000000 !important;\n}\n#gdgallery_container_9{}<\/style>\n<\/div>\n\n\n\n\n\n\n","protected":false},"excerpt":{"rendered":"<p>Hoy, nuestro equipo de funcionarios y acad\u00e9micos, comandados por nuestro Rector Jorge Villegas Ahumada, culmin\u00f3 su participaci\u00f3n en el programa de Transferencia T\u00e9cnica realizado durante 3 d\u00edas en Hotel Gavina&#8230;<\/p>\n","protected":false},"author":2,"featured_media":11101,"comment_status":"open","ping_status":"open","sticky":false,"template":"","format":"standard","meta":{"_joinchat":[],"footnotes":""},"categories":[159,191],"tags":[],"class_list":["post-11095","post","type-post","status-publish","format-standard","has-post-thumbnail","hentry","category-acreditacion","category-calidad"],"yoast_head":"<!-- This site is optimized with the Yoast SEO plugin v27.4 - https:\/\/yoast.com\/product\/yoast-seo-wordpress\/ -->\n<title>Finaliza jornada presencial de Transferencia T\u00e9cnica por parte de la Comisi\u00f3n Nacional de Acreditaci\u00f3n - CFT Estatal Tarapac\u00e1<\/title>\n<meta name=\"robots\" content=\"index, follow, max-snippet:-1, max-image-preview:large, max-video-preview:-1\" \/>\n<link rel=\"canonical\" href=\"https:\/\/www.cftestataltarapaca.cl\/inicio\/2023\/11\/09\/finaliza-jornada-presencial-de-transferencia-tecnica-por-parte-de-la-comision-nacional-de-acreditacion\/\" \/>\n<meta property=\"og:locale\" content=\"es_ES\" \/>\n<meta property=\"og:type\" content=\"article\" \/>\n<meta property=\"og:title\" content=\"Finaliza jornada presencial de Transferencia T\u00e9cnica por parte de la Comisi\u00f3n Nacional de Acreditaci\u00f3n - CFT Estatal Tarapac\u00e1\" \/>\n<meta property=\"og:description\" content=\"Hoy, nuestro equipo de funcionarios y acad\u00e9micos, comandados por nuestro Rector Jorge Villegas Ahumada, culmin\u00f3 su participaci\u00f3n en el programa de Transferencia T\u00e9cnica realizado durante 3 d\u00edas en Hotel Gavina...\" \/>\n<meta property=\"og:url\" content=\"https:\/\/www.cftestataltarapaca.cl\/inicio\/2023\/11\/09\/finaliza-jornada-presencial-de-transferencia-tecnica-por-parte-de-la-comision-nacional-de-acreditacion\/\" \/>\n<meta property=\"og:site_name\" content=\"CFT Estatal Tarapac\u00e1\" \/>\n<meta property=\"article:publisher\" content=\"https:\/\/www.facebook.com\/CFTestataltarapaca\/\" \/>\n<meta property=\"article:published_time\" content=\"2023-11-09T20:19:37+00:00\" \/>\n<meta property=\"article:modified_time\" content=\"2023-11-09T20:33:18+00:00\" \/>\n<meta property=\"og:image\" content=\"https:\/\/www.cftestataltarapaca.cl\/inicio\/wp-content\/uploads\/2023\/11\/CNA-12.jpg\" \/>\n\t<meta property=\"og:image:width\" content=\"2000\" \/>\n\t<meta property=\"og:image:height\" content=\"1334\" \/>\n\t<meta property=\"og:image:type\" content=\"image\/jpeg\" \/>\n<meta name=\"author\" content=\"Comunicaciones\" \/>\n<meta name=\"twitter:card\" content=\"summary_large_image\" \/>\n<meta name=\"twitter:creator\" content=\"@CFTesTarapaca\" \/>\n<meta name=\"twitter:site\" content=\"@CFTesTarapaca\" \/>\n<meta name=\"twitter:label1\" content=\"Escrito por\" \/>\n\t<meta name=\"twitter:data1\" content=\"Comunicaciones\" \/>\n\t<meta name=\"twitter:label2\" content=\"Tiempo de lectura\" \/>\n\t<meta name=\"twitter:data2\" content=\"1 minuto\" \/>\n<script type=\"application\/ld+json\" class=\"yoast-schema-graph\">{\"@context\":\"https:\\\/\\\/schema.org\",\"@graph\":[{\"@type\":\"Article\",\"@id\":\"https:\\\/\\\/www.cftestataltarapaca.cl\\\/inicio\\\/2023\\\/11\\\/09\\\/finaliza-jornada-presencial-de-transferencia-tecnica-por-parte-de-la-comision-nacional-de-acreditacion\\\/#article\",\"isPartOf\":{\"@id\":\"https:\\\/\\\/www.cftestataltarapaca.cl\\\/inicio\\\/2023\\\/11\\\/09\\\/finaliza-jornada-presencial-de-transferencia-tecnica-por-parte-de-la-comision-nacional-de-acreditacion\\\/\"},\"author\":{\"name\":\"Comunicaciones\",\"@id\":\"https:\\\/\\\/www.cftestataltarapaca.cl\\\/inicio\\\/#\\\/schema\\\/person\\\/ad1fbfa1fa7c3d3889f4ae5401dd660e\"},\"headline\":\"Finaliza jornada presencial de Transferencia T\u00e9cnica por parte de la Comisi\u00f3n Nacional de Acreditaci\u00f3n\",\"datePublished\":\"2023-11-09T20:19:37+00:00\",\"dateModified\":\"2023-11-09T20:33:18+00:00\",\"mainEntityOfPage\":{\"@id\":\"https:\\\/\\\/www.cftestataltarapaca.cl\\\/inicio\\\/2023\\\/11\\\/09\\\/finaliza-jornada-presencial-de-transferencia-tecnica-por-parte-de-la-comision-nacional-de-acreditacion\\\/\"},\"wordCount\":149,\"commentCount\":0,\"publisher\":{\"@id\":\"https:\\\/\\\/www.cftestataltarapaca.cl\\\/inicio\\\/#organization\"},\"image\":{\"@id\":\"https:\\\/\\\/www.cftestataltarapaca.cl\\\/inicio\\\/2023\\\/11\\\/09\\\/finaliza-jornada-presencial-de-transferencia-tecnica-por-parte-de-la-comision-nacional-de-acreditacion\\\/#primaryimage\"},\"thumbnailUrl\":\"https:\\\/\\\/www.cftestataltarapaca.cl\\\/inicio\\\/wp-content\\\/uploads\\\/2023\\\/11\\\/CNA-12.jpg\",\"articleSection\":[\"Acreditaci\u00f3n\",\"Aseguramiento de la Calidad\"],\"inLanguage\":\"es\",\"potentialAction\":[{\"@type\":\"CommentAction\",\"name\":\"Comment\",\"target\":[\"https:\\\/\\\/www.cftestataltarapaca.cl\\\/inicio\\\/2023\\\/11\\\/09\\\/finaliza-jornada-presencial-de-transferencia-tecnica-por-parte-de-la-comision-nacional-de-acreditacion\\\/#respond\"]}]},{\"@type\":\"WebPage\",\"@id\":\"https:\\\/\\\/www.cftestataltarapaca.cl\\\/inicio\\\/2023\\\/11\\\/09\\\/finaliza-jornada-presencial-de-transferencia-tecnica-por-parte-de-la-comision-nacional-de-acreditacion\\\/\",\"url\":\"https:\\\/\\\/www.cftestataltarapaca.cl\\\/inicio\\\/2023\\\/11\\\/09\\\/finaliza-jornada-presencial-de-transferencia-tecnica-por-parte-de-la-comision-nacional-de-acreditacion\\\/\",\"name\":\"Finaliza jornada presencial de Transferencia T\u00e9cnica por parte de la Comisi\u00f3n Nacional de Acreditaci\u00f3n - CFT Estatal Tarapac\u00e1\",\"isPartOf\":{\"@id\":\"https:\\\/\\\/www.cftestataltarapaca.cl\\\/inicio\\\/#website\"},\"primaryImageOfPage\":{\"@id\":\"https:\\\/\\\/www.cftestataltarapaca.cl\\\/inicio\\\/2023\\\/11\\\/09\\\/finaliza-jornada-presencial-de-transferencia-tecnica-por-parte-de-la-comision-nacional-de-acreditacion\\\/#primaryimage\"},\"image\":{\"@id\":\"https:\\\/\\\/www.cftestataltarapaca.cl\\\/inicio\\\/2023\\\/11\\\/09\\\/finaliza-jornada-presencial-de-transferencia-tecnica-por-parte-de-la-comision-nacional-de-acreditacion\\\/#primaryimage\"},\"thumbnailUrl\":\"https:\\\/\\\/www.cftestataltarapaca.cl\\\/inicio\\\/wp-content\\\/uploads\\\/2023\\\/11\\\/CNA-12.jpg\",\"datePublished\":\"2023-11-09T20:19:37+00:00\",\"dateModified\":\"2023-11-09T20:33:18+00:00\",\"breadcrumb\":{\"@id\":\"https:\\\/\\\/www.cftestataltarapaca.cl\\\/inicio\\\/2023\\\/11\\\/09\\\/finaliza-jornada-presencial-de-transferencia-tecnica-por-parte-de-la-comision-nacional-de-acreditacion\\\/#breadcrumb\"},\"inLanguage\":\"es\",\"potentialAction\":[{\"@type\":\"ReadAction\",\"target\":[\"https:\\\/\\\/www.cftestataltarapaca.cl\\\/inicio\\\/2023\\\/11\\\/09\\\/finaliza-jornada-presencial-de-transferencia-tecnica-por-parte-de-la-comision-nacional-de-acreditacion\\\/\"]}]},{\"@type\":\"ImageObject\",\"inLanguage\":\"es\",\"@id\":\"https:\\\/\\\/www.cftestataltarapaca.cl\\\/inicio\\\/2023\\\/11\\\/09\\\/finaliza-jornada-presencial-de-transferencia-tecnica-por-parte-de-la-comision-nacional-de-acreditacion\\\/#primaryimage\",\"url\":\"https:\\\/\\\/www.cftestataltarapaca.cl\\\/inicio\\\/wp-content\\\/uploads\\\/2023\\\/11\\\/CNA-12.jpg\",\"contentUrl\":\"https:\\\/\\\/www.cftestataltarapaca.cl\\\/inicio\\\/wp-content\\\/uploads\\\/2023\\\/11\\\/CNA-12.jpg\",\"width\":2000,\"height\":1334},{\"@type\":\"BreadcrumbList\",\"@id\":\"https:\\\/\\\/www.cftestataltarapaca.cl\\\/inicio\\\/2023\\\/11\\\/09\\\/finaliza-jornada-presencial-de-transferencia-tecnica-por-parte-de-la-comision-nacional-de-acreditacion\\\/#breadcrumb\",\"itemListElement\":[{\"@type\":\"ListItem\",\"position\":1,\"name\":\"Portada\",\"item\":\"https:\\\/\\\/www.cftestataltarapaca.cl\\\/inicio\\\/\"},{\"@type\":\"ListItem\",\"position\":2,\"name\":\"Finaliza jornada presencial de Transferencia T\u00e9cnica por parte de la Comisi\u00f3n Nacional de Acreditaci\u00f3n\"}]},{\"@type\":\"WebSite\",\"@id\":\"https:\\\/\\\/www.cftestataltarapaca.cl\\\/inicio\\\/#website\",\"url\":\"https:\\\/\\\/www.cftestataltarapaca.cl\\\/inicio\\\/\",\"name\":\"CFT Estatal Tarapac\u00e1\",\"description\":\"Admisi\u00f3n 2025\",\"publisher\":{\"@id\":\"https:\\\/\\\/www.cftestataltarapaca.cl\\\/inicio\\\/#organization\"},\"potentialAction\":[{\"@type\":\"SearchAction\",\"target\":{\"@type\":\"EntryPoint\",\"urlTemplate\":\"https:\\\/\\\/www.cftestataltarapaca.cl\\\/inicio\\\/?s={search_term_string}\"},\"query-input\":{\"@type\":\"PropertyValueSpecification\",\"valueRequired\":true,\"valueName\":\"search_term_string\"}}],\"inLanguage\":\"es\"},{\"@type\":\"Organization\",\"@id\":\"https:\\\/\\\/www.cftestataltarapaca.cl\\\/inicio\\\/#organization\",\"name\":\"CFT Estatal Tarapac\u00e1\",\"url\":\"https:\\\/\\\/www.cftestataltarapaca.cl\\\/inicio\\\/\",\"logo\":{\"@type\":\"ImageObject\",\"inLanguage\":\"es\",\"@id\":\"https:\\\/\\\/www.cftestataltarapaca.cl\\\/inicio\\\/#\\\/schema\\\/logo\\\/image\\\/\",\"url\":\"https:\\\/\\\/www.cftestataltarapaca.cl\\\/inicio\\\/wp-content\\\/uploads\\\/2019\\\/03\\\/logo-retina-1.png\",\"contentUrl\":\"https:\\\/\\\/www.cftestataltarapaca.cl\\\/inicio\\\/wp-content\\\/uploads\\\/2019\\\/03\\\/logo-retina-1.png\",\"width\":401,\"height\":150,\"caption\":\"CFT Estatal Tarapac\u00e1\"},\"image\":{\"@id\":\"https:\\\/\\\/www.cftestataltarapaca.cl\\\/inicio\\\/#\\\/schema\\\/logo\\\/image\\\/\"},\"sameAs\":[\"https:\\\/\\\/www.facebook.com\\\/CFTestataltarapaca\\\/\",\"https:\\\/\\\/x.com\\\/CFTesTarapaca\",\"https:\\\/\\\/www.instagram.com\\\/CFTestataltarapaca\\\/\"]},{\"@type\":\"Person\",\"@id\":\"https:\\\/\\\/www.cftestataltarapaca.cl\\\/inicio\\\/#\\\/schema\\\/person\\\/ad1fbfa1fa7c3d3889f4ae5401dd660e\",\"name\":\"Comunicaciones\",\"image\":{\"@type\":\"ImageObject\",\"inLanguage\":\"es\",\"@id\":\"https:\\\/\\\/secure.gravatar.com\\\/avatar\\\/ed1c2728327f20a5a62edaeb7dc181858f225b765044c5314c3d1059a1bd992f?s=96&d=mm&r=g\",\"url\":\"https:\\\/\\\/secure.gravatar.com\\\/avatar\\\/ed1c2728327f20a5a62edaeb7dc181858f225b765044c5314c3d1059a1bd992f?s=96&d=mm&r=g\",\"contentUrl\":\"https:\\\/\\\/secure.gravatar.com\\\/avatar\\\/ed1c2728327f20a5a62edaeb7dc181858f225b765044c5314c3d1059a1bd992f?s=96&d=mm&r=g\",\"caption\":\"Comunicaciones\"},\"sameAs\":[\"http:\\\/\\\/www.cftestataltarapaca.cl\"],\"url\":\"https:\\\/\\\/www.cftestataltarapaca.cl\\\/inicio\\\/author\\\/comunicaciones\\\/\"}]}<\/script>\n<!-- \/ Yoast SEO plugin. -->","yoast_head_json":{"title":"Finaliza jornada presencial de Transferencia T\u00e9cnica por parte de la Comisi\u00f3n Nacional de Acreditaci\u00f3n - CFT Estatal Tarapac\u00e1","robots":{"index":"index","follow":"follow","max-snippet":"max-snippet:-1","max-image-preview":"max-image-preview:large","max-video-preview":"max-video-preview:-1"},"canonical":"https:\/\/www.cftestataltarapaca.cl\/inicio\/2023\/11\/09\/finaliza-jornada-presencial-de-transferencia-tecnica-por-parte-de-la-comision-nacional-de-acreditacion\/","og_locale":"es_ES","og_type":"article","og_title":"Finaliza jornada presencial de Transferencia T\u00e9cnica por parte de la Comisi\u00f3n Nacional de Acreditaci\u00f3n - CFT Estatal Tarapac\u00e1","og_description":"Hoy, nuestro equipo de funcionarios y acad\u00e9micos, comandados por nuestro Rector Jorge Villegas Ahumada, culmin\u00f3 su participaci\u00f3n en el programa de Transferencia T\u00e9cnica realizado durante 3 d\u00edas en Hotel Gavina...","og_url":"https:\/\/www.cftestataltarapaca.cl\/inicio\/2023\/11\/09\/finaliza-jornada-presencial-de-transferencia-tecnica-por-parte-de-la-comision-nacional-de-acreditacion\/","og_site_name":"CFT Estatal Tarapac\u00e1","article_publisher":"https:\/\/www.facebook.com\/CFTestataltarapaca\/","article_published_time":"2023-11-09T20:19:37+00:00","article_modified_time":"2023-11-09T20:33:18+00:00","og_image":[{"width":2000,"height":1334,"url":"https:\/\/www.cftestataltarapaca.cl\/inicio\/wp-content\/uploads\/2023\/11\/CNA-12.jpg","type":"image\/jpeg"}],"author":"Comunicaciones","twitter_card":"summary_large_image","twitter_creator":"@CFTesTarapaca","twitter_site":"@CFTesTarapaca","twitter_misc":{"Escrito por":"Comunicaciones","Tiempo de lectura":"1 minuto"},"schema":{"@context":"https:\/\/schema.org","@graph":[{"@type":"Article","@id":"https:\/\/www.cftestataltarapaca.cl\/inicio\/2023\/11\/09\/finaliza-jornada-presencial-de-transferencia-tecnica-por-parte-de-la-comision-nacional-de-acreditacion\/#article","isPartOf":{"@id":"https:\/\/www.cftestataltarapaca.cl\/inicio\/2023\/11\/09\/finaliza-jornada-presencial-de-transferencia-tecnica-por-parte-de-la-comision-nacional-de-acreditacion\/"},"author":{"name":"Comunicaciones","@id":"https:\/\/www.cftestataltarapaca.cl\/inicio\/#\/schema\/person\/ad1fbfa1fa7c3d3889f4ae5401dd660e"},"headline":"Finaliza jornada presencial de Transferencia T\u00e9cnica por parte de la Comisi\u00f3n Nacional de Acreditaci\u00f3n","datePublished":"2023-11-09T20:19:37+00:00","dateModified":"2023-11-09T20:33:18+00:00","mainEntityOfPage":{"@id":"https:\/\/www.cftestataltarapaca.cl\/inicio\/2023\/11\/09\/finaliza-jornada-presencial-de-transferencia-tecnica-por-parte-de-la-comision-nacional-de-acreditacion\/"},"wordCount":149,"commentCount":0,"publisher":{"@id":"https:\/\/www.cftestataltarapaca.cl\/inicio\/#organization"},"image":{"@id":"https:\/\/www.cftestataltarapaca.cl\/inicio\/2023\/11\/09\/finaliza-jornada-presencial-de-transferencia-tecnica-por-parte-de-la-comision-nacional-de-acreditacion\/#primaryimage"},"thumbnailUrl":"https:\/\/www.cftestataltarapaca.cl\/inicio\/wp-content\/uploads\/2023\/11\/CNA-12.jpg","articleSection":["Acreditaci\u00f3n","Aseguramiento de la Calidad"],"inLanguage":"es","potentialAction":[{"@type":"CommentAction","name":"Comment","target":["https:\/\/www.cftestataltarapaca.cl\/inicio\/2023\/11\/09\/finaliza-jornada-presencial-de-transferencia-tecnica-por-parte-de-la-comision-nacional-de-acreditacion\/#respond"]}]},{"@type":"WebPage","@id":"https:\/\/www.cftestataltarapaca.cl\/inicio\/2023\/11\/09\/finaliza-jornada-presencial-de-transferencia-tecnica-por-parte-de-la-comision-nacional-de-acreditacion\/","url":"https:\/\/www.cftestataltarapaca.cl\/inicio\/2023\/11\/09\/finaliza-jornada-presencial-de-transferencia-tecnica-por-parte-de-la-comision-nacional-de-acreditacion\/","name":"Finaliza jornada presencial de Transferencia T\u00e9cnica por parte de la Comisi\u00f3n Nacional de Acreditaci\u00f3n - CFT Estatal Tarapac\u00e1","isPartOf":{"@id":"https:\/\/www.cftestataltarapaca.cl\/inicio\/#website"},"primaryImageOfPage":{"@id":"https:\/\/www.cftestataltarapaca.cl\/inicio\/2023\/11\/09\/finaliza-jornada-presencial-de-transferencia-tecnica-por-parte-de-la-comision-nacional-de-acreditacion\/#primaryimage"},"image":{"@id":"https:\/\/www.cftestataltarapaca.cl\/inicio\/2023\/11\/09\/finaliza-jornada-presencial-de-transferencia-tecnica-por-parte-de-la-comision-nacional-de-acreditacion\/#primaryimage"},"thumbnailUrl":"https:\/\/www.cftestataltarapaca.cl\/inicio\/wp-content\/uploads\/2023\/11\/CNA-12.jpg","datePublished":"2023-11-09T20:19:37+00:00","dateModified":"2023-11-09T20:33:18+00:00","breadcrumb":{"@id":"https:\/\/www.cftestataltarapaca.cl\/inicio\/2023\/11\/09\/finaliza-jornada-presencial-de-transferencia-tecnica-por-parte-de-la-comision-nacional-de-acreditacion\/#breadcrumb"},"inLanguage":"es","potentialAction":[{"@type":"ReadAction","target":["https:\/\/www.cftestataltarapaca.cl\/inicio\/2023\/11\/09\/finaliza-jornada-presencial-de-transferencia-tecnica-por-parte-de-la-comision-nacional-de-acreditacion\/"]}]},{"@type":"ImageObject","inLanguage":"es","@id":"https:\/\/www.cftestataltarapaca.cl\/inicio\/2023\/11\/09\/finaliza-jornada-presencial-de-transferencia-tecnica-por-parte-de-la-comision-nacional-de-acreditacion\/#primaryimage","url":"https:\/\/www.cftestataltarapaca.cl\/inicio\/wp-content\/uploads\/2023\/11\/CNA-12.jpg","contentUrl":"https:\/\/www.cftestataltarapaca.cl\/inicio\/wp-content\/uploads\/2023\/11\/CNA-12.jpg","width":2000,"height":1334},{"@type":"BreadcrumbList","@id":"https:\/\/www.cftestataltarapaca.cl\/inicio\/2023\/11\/09\/finaliza-jornada-presencial-de-transferencia-tecnica-por-parte-de-la-comision-nacional-de-acreditacion\/#breadcrumb","itemListElement":[{"@type":"ListItem","position":1,"name":"Portada","item":"https:\/\/www.cftestataltarapaca.cl\/inicio\/"},{"@type":"ListItem","position":2,"name":"Finaliza jornada presencial de Transferencia T\u00e9cnica por parte de la Comisi\u00f3n Nacional de Acreditaci\u00f3n"}]},{"@type":"WebSite","@id":"https:\/\/www.cftestataltarapaca.cl\/inicio\/#website","url":"https:\/\/www.cftestataltarapaca.cl\/inicio\/","name":"CFT Estatal Tarapac\u00e1","description":"Admisi\u00f3n 2025","publisher":{"@id":"https:\/\/www.cftestataltarapaca.cl\/inicio\/#organization"},"potentialAction":[{"@type":"SearchAction","target":{"@type":"EntryPoint","urlTemplate":"https:\/\/www.cftestataltarapaca.cl\/inicio\/?s={search_term_string}"},"query-input":{"@type":"PropertyValueSpecification","valueRequired":true,"valueName":"search_term_string"}}],"inLanguage":"es"},{"@type":"Organization","@id":"https:\/\/www.cftestataltarapaca.cl\/inicio\/#organization","name":"CFT Estatal Tarapac\u00e1","url":"https:\/\/www.cftestataltarapaca.cl\/inicio\/","logo":{"@type":"ImageObject","inLanguage":"es","@id":"https:\/\/www.cftestataltarapaca.cl\/inicio\/#\/schema\/logo\/image\/","url":"https:\/\/www.cftestataltarapaca.cl\/inicio\/wp-content\/uploads\/2019\/03\/logo-retina-1.png","contentUrl":"https:\/\/www.cftestataltarapaca.cl\/inicio\/wp-content\/uploads\/2019\/03\/logo-retina-1.png","width":401,"height":150,"caption":"CFT Estatal Tarapac\u00e1"},"image":{"@id":"https:\/\/www.cftestataltarapaca.cl\/inicio\/#\/schema\/logo\/image\/"},"sameAs":["https:\/\/www.facebook.com\/CFTestataltarapaca\/","https:\/\/x.com\/CFTesTarapaca","https:\/\/www.instagram.com\/CFTestataltarapaca\/"]},{"@type":"Person","@id":"https:\/\/www.cftestataltarapaca.cl\/inicio\/#\/schema\/person\/ad1fbfa1fa7c3d3889f4ae5401dd660e","name":"Comunicaciones","image":{"@type":"ImageObject","inLanguage":"es","@id":"https:\/\/secure.gravatar.com\/avatar\/ed1c2728327f20a5a62edaeb7dc181858f225b765044c5314c3d1059a1bd992f?s=96&d=mm&r=g","url":"https:\/\/secure.gravatar.com\/avatar\/ed1c2728327f20a5a62edaeb7dc181858f225b765044c5314c3d1059a1bd992f?s=96&d=mm&r=g","contentUrl":"https:\/\/secure.gravatar.com\/avatar\/ed1c2728327f20a5a62edaeb7dc181858f225b765044c5314c3d1059a1bd992f?s=96&d=mm&r=g","caption":"Comunicaciones"},"sameAs":["http:\/\/www.cftestataltarapaca.cl"],"url":"https:\/\/www.cftestataltarapaca.cl\/inicio\/author\/comunicaciones\/"}]}},"publishpress_future_action":{"enabled":false,"date":"2026-05-08 12:42:03","action":"change-status","newStatus":"draft","terms":[],"taxonomy":"category","extraData":[]},"publishpress_future_workflow_manual_trigger":{"enabledWorkflows":[]},"_links":{"self":[{"href":"https:\/\/www.cftestataltarapaca.cl\/inicio\/wp-json\/wp\/v2\/posts\/11095","targetHints":{"allow":["GET"]}}],"collection":[{"href":"https:\/\/www.cftestataltarapaca.cl\/inicio\/wp-json\/wp\/v2\/posts"}],"about":[{"href":"https:\/\/www.cftestataltarapaca.cl\/inicio\/wp-json\/wp\/v2\/types\/post"}],"author":[{"embeddable":true,"href":"https:\/\/www.cftestataltarapaca.cl\/inicio\/wp-json\/wp\/v2\/users\/2"}],"replies":[{"embeddable":true,"href":"https:\/\/www.cftestataltarapaca.cl\/inicio\/wp-json\/wp\/v2\/comments?post=11095"}],"version-history":[{"count":6,"href":"https:\/\/www.cftestataltarapaca.cl\/inicio\/wp-json\/wp\/v2\/posts\/11095\/revisions"}],"predecessor-version":[{"id":11111,"href":"https:\/\/www.cftestataltarapaca.cl\/inicio\/wp-json\/wp\/v2\/posts\/11095\/revisions\/11111"}],"wp:featuredmedia":[{"embeddable":true,"href":"https:\/\/www.cftestataltarapaca.cl\/inicio\/wp-json\/wp\/v2\/media\/11101"}],"wp:attachment":[{"href":"https:\/\/www.cftestataltarapaca.cl\/inicio\/wp-json\/wp\/v2\/media?parent=11095"}],"wp:term":[{"taxonomy":"category","embeddable":true,"href":"https:\/\/www.cftestataltarapaca.cl\/inicio\/wp-json\/wp\/v2\/categories?post=11095"},{"taxonomy":"post_tag","embeddable":true,"href":"https:\/\/www.cftestataltarapaca.cl\/inicio\/wp-json\/wp\/v2\/tags?post=11095"}],"curies":[{"name":"wp","href":"https:\/\/api.w.org\/{rel}","templated":true}]}}