{"id":11895,"date":"2024-06-04T19:05:19","date_gmt":"2024-06-04T23:05:19","guid":{"rendered":"https:\/\/www.cftestataltarapaca.cl\/inicio\/?p=11895"},"modified":"2024-06-05T16:03:54","modified_gmt":"2024-06-05T20:03:54","slug":"ceremonia-de-cierre-programa-formate-para-el-trabajo-linea-continuidad-de-estudios","status":"publish","type":"post","link":"https:\/\/www.cftestataltarapaca.cl\/inicio\/2024\/06\/04\/ceremonia-de-cierre-programa-formate-para-el-trabajo-linea-continuidad-de-estudios\/","title":{"rendered":"Ceremonia de cierre Programa F\u00f3rmate para el Trabajo &#8211; L\u00ednea Continuidad de Estudios"},"content":{"rendered":"[vc_row type=\u00bbin_container\u00bb full_screen_row_position=\u00bbmiddle\u00bb scene_position=\u00bbcenter\u00bb text_color=\u00bbdark\u00bb text_align=\u00bbleft\u00bb overlay_strength=\u00bb0.3&#8243; shape_divider_position=\u00bbbottom\u00bb][vc_column column_padding=\u00bbno-extra-padding\u00bb column_padding_position=\u00bball\u00bb background_color_opacity=\u00bb1&#8243; background_hover_color_opacity=\u00bb1&#8243; column_shadow=\u00bbnone\u00bb column_border_radius=\u00bbnone\u00bb width=\u00bb1\/1&#8243; tablet_text_alignment=\u00bbdefault\u00bb phone_text_alignment=\u00bbdefault\u00bb column_border_width=\u00bbnone\u00bb column_border_style=\u00bbsolid\u00bb][vc_column_text]\n<div class=\"html-div xe8uvvx xdj266r x11i5rnm xat24cr x1mh8g0r xexx8yu x4uap5 x18d9i69 xkhd6sd\" dir=\"auto\">\n<div id=\":rdd:\" class=\"x1iorvi4 x1pi30zi x1l90r2v x1swvt13\" data-ad-comet-preview=\"message\" data-ad-preview=\"message\">\n<div class=\"x78zum5 xdt5ytf xz62fqu x16ldp7u\">\n<div class=\"xu06os2 x1ok221b\">\n<div class=\"xdj266r x11i5rnm xat24cr x1mh8g0r x1vvkbs x126k92a\">\n<div dir=\"auto\" style=\"text-align: justify;\">Felicitaciones a todos quienes terminaron los cursos de Instalaciones El\u00e9ctricas Clase D y Asistencia de Cuidados B\u00e1sicos e Integral del Adulto y Adulto Mayor y obtuvieron sus diplomas y certificaciones.<\/div>\n<p><!--more--><\/p>\n<div dir=\"auto\" style=\"text-align: justify;\"><\/div>\n<\/div>\n<div class=\"x11i5rnm xat24cr x1mh8g0r x1vvkbs xtlvy1s x126k92a\" style=\"text-align: justify;\">\n<div dir=\"auto\">Este programa, financiado por SENCE Tarapac\u00e1 y ejecutado por el CFT Estatal Tarapac\u00e1, es un ejemplo del compromiso con el crecimiento de la comunidad y esperamos sea solo el inicio de un camino hacia la educaci\u00f3n superior.<\/div>\n<div dir=\"auto\"><\/div>\n<\/div>\n<div class=\"x11i5rnm xat24cr x1mh8g0r x1vvkbs xtlvy1s x126k92a\" style=\"text-align: justify;\">\n<div dir=\"auto\">En la ceremonia contamos con la presencia del alcalde de la comuna de Alto Hospicio Patricio Ferreira, la SEREMI de Energ\u00eda S\u00e9fora Sidgman, Iv\u00e1n Escares Director regional de SENCE Tarapac\u00e1, la encargada regional de Chilevalora Gisselle Meza, el Director regional de SEC Sergio Barra y el Rector del CFT Estatal Tarapac\u00e1 Jorge Villegas.<\/div>\n<div dir=\"auto\"><\/div>\n<\/div>\n<div class=\"x11i5rnm xat24cr x1mh8g0r x1vvkbs xtlvy1s x126k92a\">\n<div dir=\"auto\" style=\"text-align: justify;\">\u00a1\u00c9xito en lo que viene!<\/div>\n<\/div>\n<\/div>\n<\/div>\n<\/div>\n<\/div>\n[\/vc_column_text]<div class=\"divider-wrap\"><div style=\"height: 25px;\" class=\"divider\"><\/div><\/div>[vc_gallery type=\u00bbimage_grid\u00bb images=\u00bb11896,11897,11898,11899,11900,11901,11902,11903,11904,11905,11906,11907,11908,11909,11910,11911,11912,11913,11914,11915&#8243; layout=\u00bbfullwidth\u00bb masonry_style=\u00bbtrue\u00bb item_spacing=\u00bb6px\u00bb gallery_style=\u00bb7&#8243; load_in_animation=\u00bbfade_in_from_bottom\u00bb][\/vc_column][\/vc_row][vc_row type=\u00bbin_container\u00bb full_screen_row_position=\u00bbmiddle\u00bb scene_position=\u00bbcenter\u00bb text_color=\u00bbdark\u00bb text_align=\u00bbleft\u00bb overlay_strength=\u00bb0.3&#8243; shape_divider_position=\u00bbbottom\u00bb][vc_column column_padding=\u00bbno-extra-padding\u00bb column_padding_position=\u00bball\u00bb background_color_opacity=\u00bb1&#8243; background_hover_color_opacity=\u00bb1&#8243; column_shadow=\u00bbnone\u00bb column_border_radius=\u00bbnone\u00bb width=\u00bb1\/1&#8243; tablet_text_alignment=\u00bbdefault\u00bb phone_text_alignment=\u00bbdefault\u00bb column_border_width=\u00bbnone\u00bb column_border_style=\u00bbsolid\u00bb][\/vc_column][\/vc_row]\n","protected":false},"excerpt":{"rendered":"<p>[vc_row type=\u00bbin_container\u00bb full_screen_row_position=\u00bbmiddle\u00bb scene_position=\u00bbcenter\u00bb text_color=\u00bbdark\u00bb text_align=\u00bbleft\u00bb overlay_strength=\u00bb0.3&#8243; shape_divider_position=\u00bbbottom\u00bb][vc_column column_padding=\u00bbno-extra-padding\u00bb column_padding_position=\u00bball\u00bb background_color_opacity=\u00bb1&#8243; background_hover_color_opacity=\u00bb1&#8243; column_shadow=\u00bbnone\u00bb column_border_radius=\u00bbnone\u00bb width=\u00bb1\/1&#8243; tablet_text_alignment=\u00bbdefault\u00bb phone_text_alignment=\u00bbdefault\u00bb column_border_width=\u00bbnone\u00bb column_border_style=\u00bbsolid\u00bb][vc_column_text] Felicitaciones a todos quienes terminaron los cursos de Instalaciones El\u00e9ctricas Clase&#8230;<\/p>\n","protected":false},"author":1,"featured_media":11916,"comment_status":"open","ping_status":"open","sticky":false,"template":"","format":"standard","meta":{"_joinchat":[],"footnotes":""},"categories":[45],"tags":[],"class_list":["post-11895","post","type-post","status-publish","format-standard","has-post-thumbnail","hentry","category-vinculacion"],"yoast_head":"<!-- This site is optimized with the Yoast SEO plugin v27.4 - https:\/\/yoast.com\/product\/yoast-seo-wordpress\/ -->\n<title>Ceremonia de cierre Programa F\u00f3rmate para el Trabajo - L\u00ednea Continuidad de Estudios - CFT Estatal Tarapac\u00e1<\/title>\n<meta name=\"robots\" content=\"index, follow, max-snippet:-1, max-image-preview:large, max-video-preview:-1\" \/>\n<link rel=\"canonical\" href=\"https:\/\/www.cftestataltarapaca.cl\/inicio\/2024\/06\/04\/ceremonia-de-cierre-programa-formate-para-el-trabajo-linea-continuidad-de-estudios\/\" \/>\n<meta property=\"og:locale\" content=\"es_ES\" \/>\n<meta property=\"og:type\" content=\"article\" \/>\n<meta property=\"og:title\" content=\"Ceremonia de cierre Programa F\u00f3rmate para el Trabajo - L\u00ednea Continuidad de Estudios - CFT Estatal Tarapac\u00e1\" \/>\n<meta property=\"og:description\" content=\"[vc_row type=\u00bbin_container\u00bb full_screen_row_position=\u00bbmiddle\u00bb scene_position=\u00bbcenter\u00bb text_color=\u00bbdark\u00bb text_align=\u00bbleft\u00bb overlay_strength=\u00bb0.3&#8243; shape_divider_position=\u00bbbottom\u00bb][vc_column column_padding=\u00bbno-extra-padding\u00bb column_padding_position=\u00bball\u00bb background_color_opacity=\u00bb1&#8243; background_hover_color_opacity=\u00bb1&#8243; column_shadow=\u00bbnone\u00bb column_border_radius=\u00bbnone\u00bb width=\u00bb1\/1&#8243; tablet_text_alignment=\u00bbdefault\u00bb phone_text_alignment=\u00bbdefault\u00bb column_border_width=\u00bbnone\u00bb column_border_style=\u00bbsolid\u00bb][vc_column_text] Felicitaciones a todos quienes terminaron los cursos de Instalaciones El\u00e9ctricas Clase...\" \/>\n<meta property=\"og:url\" content=\"https:\/\/www.cftestataltarapaca.cl\/inicio\/2024\/06\/04\/ceremonia-de-cierre-programa-formate-para-el-trabajo-linea-continuidad-de-estudios\/\" \/>\n<meta property=\"og:site_name\" content=\"CFT Estatal Tarapac\u00e1\" \/>\n<meta property=\"article:publisher\" content=\"https:\/\/www.facebook.com\/CFTestataltarapaca\/\" \/>\n<meta property=\"article:published_time\" content=\"2024-06-04T23:05:19+00:00\" \/>\n<meta property=\"article:modified_time\" content=\"2024-06-05T20:03:54+00:00\" \/>\n<meta property=\"og:image\" content=\"https:\/\/www.cftestataltarapaca.cl\/inicio\/wp-content\/uploads\/2024\/06\/CFT-27-scaled.jpg\" \/>\n\t<meta property=\"og:image:width\" content=\"2560\" \/>\n\t<meta property=\"og:image:height\" content=\"1707\" \/>\n\t<meta property=\"og:image:type\" content=\"image\/jpeg\" \/>\n<meta name=\"author\" content=\"cftestatal\" \/>\n<meta name=\"twitter:card\" content=\"summary_large_image\" \/>\n<meta name=\"twitter:creator\" content=\"@CFTesTarapaca\" \/>\n<meta name=\"twitter:site\" content=\"@CFTesTarapaca\" \/>\n<meta name=\"twitter:label1\" content=\"Escrito por\" \/>\n\t<meta name=\"twitter:data1\" content=\"cftestatal\" \/>\n\t<meta name=\"twitter:label2\" content=\"Tiempo de lectura\" \/>\n\t<meta name=\"twitter:data2\" content=\"1 minuto\" \/>\n<script type=\"application\/ld+json\" class=\"yoast-schema-graph\">{\"@context\":\"https:\\\/\\\/schema.org\",\"@graph\":[{\"@type\":\"Article\",\"@id\":\"https:\\\/\\\/www.cftestataltarapaca.cl\\\/inicio\\\/2024\\\/06\\\/04\\\/ceremonia-de-cierre-programa-formate-para-el-trabajo-linea-continuidad-de-estudios\\\/#article\",\"isPartOf\":{\"@id\":\"https:\\\/\\\/www.cftestataltarapaca.cl\\\/inicio\\\/2024\\\/06\\\/04\\\/ceremonia-de-cierre-programa-formate-para-el-trabajo-linea-continuidad-de-estudios\\\/\"},\"author\":{\"name\":\"cftestatal\",\"@id\":\"https:\\\/\\\/www.cftestataltarapaca.cl\\\/inicio\\\/#\\\/schema\\\/person\\\/6f8baea790b092727c3a3c450c9804ef\"},\"headline\":\"Ceremonia de cierre Programa F\u00f3rmate para el Trabajo &#8211; L\u00ednea Continuidad de Estudios\",\"datePublished\":\"2024-06-04T23:05:19+00:00\",\"dateModified\":\"2024-06-05T20:03:54+00:00\",\"mainEntityOfPage\":{\"@id\":\"https:\\\/\\\/www.cftestataltarapaca.cl\\\/inicio\\\/2024\\\/06\\\/04\\\/ceremonia-de-cierre-programa-formate-para-el-trabajo-linea-continuidad-de-estudios\\\/\"},\"wordCount\":318,\"commentCount\":0,\"publisher\":{\"@id\":\"https:\\\/\\\/www.cftestataltarapaca.cl\\\/inicio\\\/#organization\"},\"image\":{\"@id\":\"https:\\\/\\\/www.cftestataltarapaca.cl\\\/inicio\\\/2024\\\/06\\\/04\\\/ceremonia-de-cierre-programa-formate-para-el-trabajo-linea-continuidad-de-estudios\\\/#primaryimage\"},\"thumbnailUrl\":\"https:\\\/\\\/www.cftestataltarapaca.cl\\\/inicio\\\/wp-content\\\/uploads\\\/2024\\\/06\\\/CFT-27-scaled.jpg\",\"articleSection\":[\"Vinculaci\u00f3n\"],\"inLanguage\":\"es\",\"potentialAction\":[{\"@type\":\"CommentAction\",\"name\":\"Comment\",\"target\":[\"https:\\\/\\\/www.cftestataltarapaca.cl\\\/inicio\\\/2024\\\/06\\\/04\\\/ceremonia-de-cierre-programa-formate-para-el-trabajo-linea-continuidad-de-estudios\\\/#respond\"]}]},{\"@type\":\"WebPage\",\"@id\":\"https:\\\/\\\/www.cftestataltarapaca.cl\\\/inicio\\\/2024\\\/06\\\/04\\\/ceremonia-de-cierre-programa-formate-para-el-trabajo-linea-continuidad-de-estudios\\\/\",\"url\":\"https:\\\/\\\/www.cftestataltarapaca.cl\\\/inicio\\\/2024\\\/06\\\/04\\\/ceremonia-de-cierre-programa-formate-para-el-trabajo-linea-continuidad-de-estudios\\\/\",\"name\":\"Ceremonia de cierre Programa F\u00f3rmate para el Trabajo - L\u00ednea Continuidad de Estudios - CFT Estatal Tarapac\u00e1\",\"isPartOf\":{\"@id\":\"https:\\\/\\\/www.cftestataltarapaca.cl\\\/inicio\\\/#website\"},\"primaryImageOfPage\":{\"@id\":\"https:\\\/\\\/www.cftestataltarapaca.cl\\\/inicio\\\/2024\\\/06\\\/04\\\/ceremonia-de-cierre-programa-formate-para-el-trabajo-linea-continuidad-de-estudios\\\/#primaryimage\"},\"image\":{\"@id\":\"https:\\\/\\\/www.cftestataltarapaca.cl\\\/inicio\\\/2024\\\/06\\\/04\\\/ceremonia-de-cierre-programa-formate-para-el-trabajo-linea-continuidad-de-estudios\\\/#primaryimage\"},\"thumbnailUrl\":\"https:\\\/\\\/www.cftestataltarapaca.cl\\\/inicio\\\/wp-content\\\/uploads\\\/2024\\\/06\\\/CFT-27-scaled.jpg\",\"datePublished\":\"2024-06-04T23:05:19+00:00\",\"dateModified\":\"2024-06-05T20:03:54+00:00\",\"breadcrumb\":{\"@id\":\"https:\\\/\\\/www.cftestataltarapaca.cl\\\/inicio\\\/2024\\\/06\\\/04\\\/ceremonia-de-cierre-programa-formate-para-el-trabajo-linea-continuidad-de-estudios\\\/#breadcrumb\"},\"inLanguage\":\"es\",\"potentialAction\":[{\"@type\":\"ReadAction\",\"target\":[\"https:\\\/\\\/www.cftestataltarapaca.cl\\\/inicio\\\/2024\\\/06\\\/04\\\/ceremonia-de-cierre-programa-formate-para-el-trabajo-linea-continuidad-de-estudios\\\/\"]}]},{\"@type\":\"ImageObject\",\"inLanguage\":\"es\",\"@id\":\"https:\\\/\\\/www.cftestataltarapaca.cl\\\/inicio\\\/2024\\\/06\\\/04\\\/ceremonia-de-cierre-programa-formate-para-el-trabajo-linea-continuidad-de-estudios\\\/#primaryimage\",\"url\":\"https:\\\/\\\/www.cftestataltarapaca.cl\\\/inicio\\\/wp-content\\\/uploads\\\/2024\\\/06\\\/CFT-27-scaled.jpg\",\"contentUrl\":\"https:\\\/\\\/www.cftestataltarapaca.cl\\\/inicio\\\/wp-content\\\/uploads\\\/2024\\\/06\\\/CFT-27-scaled.jpg\",\"width\":2560,\"height\":1707,\"caption\":\"Programa formate para el trabajo\"},{\"@type\":\"BreadcrumbList\",\"@id\":\"https:\\\/\\\/www.cftestataltarapaca.cl\\\/inicio\\\/2024\\\/06\\\/04\\\/ceremonia-de-cierre-programa-formate-para-el-trabajo-linea-continuidad-de-estudios\\\/#breadcrumb\",\"itemListElement\":[{\"@type\":\"ListItem\",\"position\":1,\"name\":\"Portada\",\"item\":\"https:\\\/\\\/www.cftestataltarapaca.cl\\\/inicio\\\/\"},{\"@type\":\"ListItem\",\"position\":2,\"name\":\"Ceremonia de cierre Programa F\u00f3rmate para el Trabajo &#8211; L\u00ednea Continuidad de Estudios\"}]},{\"@type\":\"WebSite\",\"@id\":\"https:\\\/\\\/www.cftestataltarapaca.cl\\\/inicio\\\/#website\",\"url\":\"https:\\\/\\\/www.cftestataltarapaca.cl\\\/inicio\\\/\",\"name\":\"CFT Estatal Tarapac\u00e1\",\"description\":\"Admisi\u00f3n 2025\",\"publisher\":{\"@id\":\"https:\\\/\\\/www.cftestataltarapaca.cl\\\/inicio\\\/#organization\"},\"potentialAction\":[{\"@type\":\"SearchAction\",\"target\":{\"@type\":\"EntryPoint\",\"urlTemplate\":\"https:\\\/\\\/www.cftestataltarapaca.cl\\\/inicio\\\/?s={search_term_string}\"},\"query-input\":{\"@type\":\"PropertyValueSpecification\",\"valueRequired\":true,\"valueName\":\"search_term_string\"}}],\"inLanguage\":\"es\"},{\"@type\":\"Organization\",\"@id\":\"https:\\\/\\\/www.cftestataltarapaca.cl\\\/inicio\\\/#organization\",\"name\":\"CFT Estatal Tarapac\u00e1\",\"url\":\"https:\\\/\\\/www.cftestataltarapaca.cl\\\/inicio\\\/\",\"logo\":{\"@type\":\"ImageObject\",\"inLanguage\":\"es\",\"@id\":\"https:\\\/\\\/www.cftestataltarapaca.cl\\\/inicio\\\/#\\\/schema\\\/logo\\\/image\\\/\",\"url\":\"https:\\\/\\\/www.cftestataltarapaca.cl\\\/inicio\\\/wp-content\\\/uploads\\\/2019\\\/03\\\/logo-retina-1.png\",\"contentUrl\":\"https:\\\/\\\/www.cftestataltarapaca.cl\\\/inicio\\\/wp-content\\\/uploads\\\/2019\\\/03\\\/logo-retina-1.png\",\"width\":401,\"height\":150,\"caption\":\"CFT Estatal Tarapac\u00e1\"},\"image\":{\"@id\":\"https:\\\/\\\/www.cftestataltarapaca.cl\\\/inicio\\\/#\\\/schema\\\/logo\\\/image\\\/\"},\"sameAs\":[\"https:\\\/\\\/www.facebook.com\\\/CFTestataltarapaca\\\/\",\"https:\\\/\\\/x.com\\\/CFTesTarapaca\",\"https:\\\/\\\/www.instagram.com\\\/CFTestataltarapaca\\\/\"]},{\"@type\":\"Person\",\"@id\":\"https:\\\/\\\/www.cftestataltarapaca.cl\\\/inicio\\\/#\\\/schema\\\/person\\\/6f8baea790b092727c3a3c450c9804ef\",\"name\":\"cftestatal\",\"image\":{\"@type\":\"ImageObject\",\"inLanguage\":\"es\",\"@id\":\"https:\\\/\\\/secure.gravatar.com\\\/avatar\\\/660e74c785cdfc277d201d99328447b6780c200d88bedbde1ccc66ab4e0b82e1?s=96&d=mm&r=g\",\"url\":\"https:\\\/\\\/secure.gravatar.com\\\/avatar\\\/660e74c785cdfc277d201d99328447b6780c200d88bedbde1ccc66ab4e0b82e1?s=96&d=mm&r=g\",\"contentUrl\":\"https:\\\/\\\/secure.gravatar.com\\\/avatar\\\/660e74c785cdfc277d201d99328447b6780c200d88bedbde1ccc66ab4e0b82e1?s=96&d=mm&r=g\",\"caption\":\"cftestatal\"},\"url\":\"https:\\\/\\\/www.cftestataltarapaca.cl\\\/inicio\\\/author\\\/cftestatal\\\/\"}]}<\/script>\n<!-- \/ Yoast SEO plugin. -->","yoast_head_json":{"title":"Ceremonia de cierre Programa F\u00f3rmate para el Trabajo - L\u00ednea Continuidad de Estudios - CFT Estatal Tarapac\u00e1","robots":{"index":"index","follow":"follow","max-snippet":"max-snippet:-1","max-image-preview":"max-image-preview:large","max-video-preview":"max-video-preview:-1"},"canonical":"https:\/\/www.cftestataltarapaca.cl\/inicio\/2024\/06\/04\/ceremonia-de-cierre-programa-formate-para-el-trabajo-linea-continuidad-de-estudios\/","og_locale":"es_ES","og_type":"article","og_title":"Ceremonia de cierre Programa F\u00f3rmate para el Trabajo - L\u00ednea Continuidad de Estudios - CFT Estatal Tarapac\u00e1","og_description":"[vc_row type=\u00bbin_container\u00bb full_screen_row_position=\u00bbmiddle\u00bb scene_position=\u00bbcenter\u00bb text_color=\u00bbdark\u00bb text_align=\u00bbleft\u00bb overlay_strength=\u00bb0.3&#8243; shape_divider_position=\u00bbbottom\u00bb][vc_column column_padding=\u00bbno-extra-padding\u00bb column_padding_position=\u00bball\u00bb background_color_opacity=\u00bb1&#8243; background_hover_color_opacity=\u00bb1&#8243; column_shadow=\u00bbnone\u00bb column_border_radius=\u00bbnone\u00bb width=\u00bb1\/1&#8243; tablet_text_alignment=\u00bbdefault\u00bb phone_text_alignment=\u00bbdefault\u00bb column_border_width=\u00bbnone\u00bb column_border_style=\u00bbsolid\u00bb][vc_column_text] Felicitaciones a todos quienes terminaron los cursos de Instalaciones El\u00e9ctricas Clase...","og_url":"https:\/\/www.cftestataltarapaca.cl\/inicio\/2024\/06\/04\/ceremonia-de-cierre-programa-formate-para-el-trabajo-linea-continuidad-de-estudios\/","og_site_name":"CFT Estatal Tarapac\u00e1","article_publisher":"https:\/\/www.facebook.com\/CFTestataltarapaca\/","article_published_time":"2024-06-04T23:05:19+00:00","article_modified_time":"2024-06-05T20:03:54+00:00","og_image":[{"width":2560,"height":1707,"url":"https:\/\/www.cftestataltarapaca.cl\/inicio\/wp-content\/uploads\/2024\/06\/CFT-27-scaled.jpg","type":"image\/jpeg"}],"author":"cftestatal","twitter_card":"summary_large_image","twitter_creator":"@CFTesTarapaca","twitter_site":"@CFTesTarapaca","twitter_misc":{"Escrito por":"cftestatal","Tiempo de lectura":"1 minuto"},"schema":{"@context":"https:\/\/schema.org","@graph":[{"@type":"Article","@id":"https:\/\/www.cftestataltarapaca.cl\/inicio\/2024\/06\/04\/ceremonia-de-cierre-programa-formate-para-el-trabajo-linea-continuidad-de-estudios\/#article","isPartOf":{"@id":"https:\/\/www.cftestataltarapaca.cl\/inicio\/2024\/06\/04\/ceremonia-de-cierre-programa-formate-para-el-trabajo-linea-continuidad-de-estudios\/"},"author":{"name":"cftestatal","@id":"https:\/\/www.cftestataltarapaca.cl\/inicio\/#\/schema\/person\/6f8baea790b092727c3a3c450c9804ef"},"headline":"Ceremonia de cierre Programa F\u00f3rmate para el Trabajo &#8211; L\u00ednea Continuidad de Estudios","datePublished":"2024-06-04T23:05:19+00:00","dateModified":"2024-06-05T20:03:54+00:00","mainEntityOfPage":{"@id":"https:\/\/www.cftestataltarapaca.cl\/inicio\/2024\/06\/04\/ceremonia-de-cierre-programa-formate-para-el-trabajo-linea-continuidad-de-estudios\/"},"wordCount":318,"commentCount":0,"publisher":{"@id":"https:\/\/www.cftestataltarapaca.cl\/inicio\/#organization"},"image":{"@id":"https:\/\/www.cftestataltarapaca.cl\/inicio\/2024\/06\/04\/ceremonia-de-cierre-programa-formate-para-el-trabajo-linea-continuidad-de-estudios\/#primaryimage"},"thumbnailUrl":"https:\/\/www.cftestataltarapaca.cl\/inicio\/wp-content\/uploads\/2024\/06\/CFT-27-scaled.jpg","articleSection":["Vinculaci\u00f3n"],"inLanguage":"es","potentialAction":[{"@type":"CommentAction","name":"Comment","target":["https:\/\/www.cftestataltarapaca.cl\/inicio\/2024\/06\/04\/ceremonia-de-cierre-programa-formate-para-el-trabajo-linea-continuidad-de-estudios\/#respond"]}]},{"@type":"WebPage","@id":"https:\/\/www.cftestataltarapaca.cl\/inicio\/2024\/06\/04\/ceremonia-de-cierre-programa-formate-para-el-trabajo-linea-continuidad-de-estudios\/","url":"https:\/\/www.cftestataltarapaca.cl\/inicio\/2024\/06\/04\/ceremonia-de-cierre-programa-formate-para-el-trabajo-linea-continuidad-de-estudios\/","name":"Ceremonia de cierre Programa F\u00f3rmate para el Trabajo - L\u00ednea Continuidad de Estudios - CFT Estatal Tarapac\u00e1","isPartOf":{"@id":"https:\/\/www.cftestataltarapaca.cl\/inicio\/#website"},"primaryImageOfPage":{"@id":"https:\/\/www.cftestataltarapaca.cl\/inicio\/2024\/06\/04\/ceremonia-de-cierre-programa-formate-para-el-trabajo-linea-continuidad-de-estudios\/#primaryimage"},"image":{"@id":"https:\/\/www.cftestataltarapaca.cl\/inicio\/2024\/06\/04\/ceremonia-de-cierre-programa-formate-para-el-trabajo-linea-continuidad-de-estudios\/#primaryimage"},"thumbnailUrl":"https:\/\/www.cftestataltarapaca.cl\/inicio\/wp-content\/uploads\/2024\/06\/CFT-27-scaled.jpg","datePublished":"2024-06-04T23:05:19+00:00","dateModified":"2024-06-05T20:03:54+00:00","breadcrumb":{"@id":"https:\/\/www.cftestataltarapaca.cl\/inicio\/2024\/06\/04\/ceremonia-de-cierre-programa-formate-para-el-trabajo-linea-continuidad-de-estudios\/#breadcrumb"},"inLanguage":"es","potentialAction":[{"@type":"ReadAction","target":["https:\/\/www.cftestataltarapaca.cl\/inicio\/2024\/06\/04\/ceremonia-de-cierre-programa-formate-para-el-trabajo-linea-continuidad-de-estudios\/"]}]},{"@type":"ImageObject","inLanguage":"es","@id":"https:\/\/www.cftestataltarapaca.cl\/inicio\/2024\/06\/04\/ceremonia-de-cierre-programa-formate-para-el-trabajo-linea-continuidad-de-estudios\/#primaryimage","url":"https:\/\/www.cftestataltarapaca.cl\/inicio\/wp-content\/uploads\/2024\/06\/CFT-27-scaled.jpg","contentUrl":"https:\/\/www.cftestataltarapaca.cl\/inicio\/wp-content\/uploads\/2024\/06\/CFT-27-scaled.jpg","width":2560,"height":1707,"caption":"Programa formate para el trabajo"},{"@type":"BreadcrumbList","@id":"https:\/\/www.cftestataltarapaca.cl\/inicio\/2024\/06\/04\/ceremonia-de-cierre-programa-formate-para-el-trabajo-linea-continuidad-de-estudios\/#breadcrumb","itemListElement":[{"@type":"ListItem","position":1,"name":"Portada","item":"https:\/\/www.cftestataltarapaca.cl\/inicio\/"},{"@type":"ListItem","position":2,"name":"Ceremonia de cierre Programa F\u00f3rmate para el Trabajo &#8211; L\u00ednea Continuidad de Estudios"}]},{"@type":"WebSite","@id":"https:\/\/www.cftestataltarapaca.cl\/inicio\/#website","url":"https:\/\/www.cftestataltarapaca.cl\/inicio\/","name":"CFT Estatal Tarapac\u00e1","description":"Admisi\u00f3n 2025","publisher":{"@id":"https:\/\/www.cftestataltarapaca.cl\/inicio\/#organization"},"potentialAction":[{"@type":"SearchAction","target":{"@type":"EntryPoint","urlTemplate":"https:\/\/www.cftestataltarapaca.cl\/inicio\/?s={search_term_string}"},"query-input":{"@type":"PropertyValueSpecification","valueRequired":true,"valueName":"search_term_string"}}],"inLanguage":"es"},{"@type":"Organization","@id":"https:\/\/www.cftestataltarapaca.cl\/inicio\/#organization","name":"CFT Estatal Tarapac\u00e1","url":"https:\/\/www.cftestataltarapaca.cl\/inicio\/","logo":{"@type":"ImageObject","inLanguage":"es","@id":"https:\/\/www.cftestataltarapaca.cl\/inicio\/#\/schema\/logo\/image\/","url":"https:\/\/www.cftestataltarapaca.cl\/inicio\/wp-content\/uploads\/2019\/03\/logo-retina-1.png","contentUrl":"https:\/\/www.cftestataltarapaca.cl\/inicio\/wp-content\/uploads\/2019\/03\/logo-retina-1.png","width":401,"height":150,"caption":"CFT Estatal Tarapac\u00e1"},"image":{"@id":"https:\/\/www.cftestataltarapaca.cl\/inicio\/#\/schema\/logo\/image\/"},"sameAs":["https:\/\/www.facebook.com\/CFTestataltarapaca\/","https:\/\/x.com\/CFTesTarapaca","https:\/\/www.instagram.com\/CFTestataltarapaca\/"]},{"@type":"Person","@id":"https:\/\/www.cftestataltarapaca.cl\/inicio\/#\/schema\/person\/6f8baea790b092727c3a3c450c9804ef","name":"cftestatal","image":{"@type":"ImageObject","inLanguage":"es","@id":"https:\/\/secure.gravatar.com\/avatar\/660e74c785cdfc277d201d99328447b6780c200d88bedbde1ccc66ab4e0b82e1?s=96&d=mm&r=g","url":"https:\/\/secure.gravatar.com\/avatar\/660e74c785cdfc277d201d99328447b6780c200d88bedbde1ccc66ab4e0b82e1?s=96&d=mm&r=g","contentUrl":"https:\/\/secure.gravatar.com\/avatar\/660e74c785cdfc277d201d99328447b6780c200d88bedbde1ccc66ab4e0b82e1?s=96&d=mm&r=g","caption":"cftestatal"},"url":"https:\/\/www.cftestataltarapaca.cl\/inicio\/author\/cftestatal\/"}]}},"publishpress_future_action":{"enabled":false,"date":"2026-05-08 14:08:33","action":"change-status","newStatus":"draft","terms":[],"taxonomy":"category","extraData":[]},"publishpress_future_workflow_manual_trigger":{"enabledWorkflows":[]},"_links":{"self":[{"href":"https:\/\/www.cftestataltarapaca.cl\/inicio\/wp-json\/wp\/v2\/posts\/11895","targetHints":{"allow":["GET"]}}],"collection":[{"href":"https:\/\/www.cftestataltarapaca.cl\/inicio\/wp-json\/wp\/v2\/posts"}],"about":[{"href":"https:\/\/www.cftestataltarapaca.cl\/inicio\/wp-json\/wp\/v2\/types\/post"}],"author":[{"embeddable":true,"href":"https:\/\/www.cftestataltarapaca.cl\/inicio\/wp-json\/wp\/v2\/users\/1"}],"replies":[{"embeddable":true,"href":"https:\/\/www.cftestataltarapaca.cl\/inicio\/wp-json\/wp\/v2\/comments?post=11895"}],"version-history":[{"count":2,"href":"https:\/\/www.cftestataltarapaca.cl\/inicio\/wp-json\/wp\/v2\/posts\/11895\/revisions"}],"predecessor-version":[{"id":11939,"href":"https:\/\/www.cftestataltarapaca.cl\/inicio\/wp-json\/wp\/v2\/posts\/11895\/revisions\/11939"}],"wp:featuredmedia":[{"embeddable":true,"href":"https:\/\/www.cftestataltarapaca.cl\/inicio\/wp-json\/wp\/v2\/media\/11916"}],"wp:attachment":[{"href":"https:\/\/www.cftestataltarapaca.cl\/inicio\/wp-json\/wp\/v2\/media?parent=11895"}],"wp:term":[{"taxonomy":"category","embeddable":true,"href":"https:\/\/www.cftestataltarapaca.cl\/inicio\/wp-json\/wp\/v2\/categories?post=11895"},{"taxonomy":"post_tag","embeddable":true,"href":"https:\/\/www.cftestataltarapaca.cl\/inicio\/wp-json\/wp\/v2\/tags?post=11895"}],"curies":[{"name":"wp","href":"https:\/\/api.w.org\/{rel}","templated":true}]}}