{"id":12253,"date":"2024-04-16T13:00:32","date_gmt":"2024-04-16T17:00:32","guid":{"rendered":"https:\/\/www.cftestataltarapaca.cl\/inicio\/?p=12253"},"modified":"2024-08-07T13:10:04","modified_gmt":"2024-08-07T17:10:04","slug":"mesa-de-trabajo-colaborativa-con-la-finalidad-de-disenar-un-barrio-universitario-en-alto-hospicio","status":"publish","type":"post","link":"https:\/\/www.cftestataltarapaca.cl\/inicio\/2024\/04\/16\/mesa-de-trabajo-colaborativa-con-la-finalidad-de-disenar-un-barrio-universitario-en-alto-hospicio\/","title":{"rendered":"Mesa de trabajo colaborativa para el dise\u00f1o del futuro barrio universitario de Alto Hospicio"},"content":{"rendered":"<p style=\"text-align: justify;\">Nuestro Rector, Jorge Villegas Ahumada, junto a la Fiscal de nuestra instituci\u00f3n, Leticia Robles, participaron de la mesa de trabajo colaborativa con instituciones p\u00fablicas y privadas, que tiene por finalidad dise\u00f1ar un Barrio Universitario en Alto Hospicio.<br \/>\n<!--more--><br \/>\nLa iniciativa considera la instalaci\u00f3n del nuevo Campus del Centro de Formaci\u00f3n T\u00e9cnica Estatal Tarapac\u00e1, del campus Vergel de la Universidad Arturo Prat y un Centro Comercial, impulsando de esa manera el desarrollo de la Educaci\u00f3n Superior en Alto Hospicio.<\/p>\n<p style=\"text-align: justify;\">La reuni\u00f3n, realizada en el municipio, cont\u00f3 con la presencia del alcalde de la comuna, Patricio Ferreiera, Osvaldo Ardiles, SEREMI de Bienes Nacionales; y equipos t\u00e9cnicos de ZOFRI y de la Universidad Arturo Prat.<\/p>\n<p>&nbsp;<\/p>\n<div dir=\"auto\"><img loading=\"lazy\" decoding=\"async\" class=\"alignnone size-full wp-image-12255\" src=\"https:\/\/www.cftestataltarapaca.cl\/inicio\/wp-content\/uploads\/2024\/08\/Mesa-de-Trabajo-2.jpg\" alt=\"Mesa de Trabajo CFT Estatal Tarapac\u00e1\" width=\"2048\" height=\"1365\" srcset=\"https:\/\/www.cftestataltarapaca.cl\/inicio\/wp-content\/uploads\/2024\/08\/Mesa-de-Trabajo-2.jpg 2048w, https:\/\/www.cftestataltarapaca.cl\/inicio\/wp-content\/uploads\/2024\/08\/Mesa-de-Trabajo-2-300x200.jpg 300w, https:\/\/www.cftestataltarapaca.cl\/inicio\/wp-content\/uploads\/2024\/08\/Mesa-de-Trabajo-2-1024x683.jpg 1024w, https:\/\/www.cftestataltarapaca.cl\/inicio\/wp-content\/uploads\/2024\/08\/Mesa-de-Trabajo-2-768x512.jpg 768w, https:\/\/www.cftestataltarapaca.cl\/inicio\/wp-content\/uploads\/2024\/08\/Mesa-de-Trabajo-2-1536x1024.jpg 1536w, https:\/\/www.cftestataltarapaca.cl\/inicio\/wp-content\/uploads\/2024\/08\/Mesa-de-Trabajo-2-900x600.jpg 900w\" sizes=\"auto, (max-width: 2048px) 100vw, 2048px\" \/><\/div>\n<p>&nbsp;<\/p>\n<p><img loading=\"lazy\" decoding=\"async\" class=\"alignnone size-full wp-image-12256\" src=\"https:\/\/www.cftestataltarapaca.cl\/inicio\/wp-content\/uploads\/2024\/08\/Mesa-de-Trabajo-3.jpg\" alt=\"Mesa de Trabajo CFT Estatal Tarapac\u00e1\" width=\"2048\" height=\"1365\" srcset=\"https:\/\/www.cftestataltarapaca.cl\/inicio\/wp-content\/uploads\/2024\/08\/Mesa-de-Trabajo-3.jpg 2048w, https:\/\/www.cftestataltarapaca.cl\/inicio\/wp-content\/uploads\/2024\/08\/Mesa-de-Trabajo-3-300x200.jpg 300w, https:\/\/www.cftestataltarapaca.cl\/inicio\/wp-content\/uploads\/2024\/08\/Mesa-de-Trabajo-3-1024x683.jpg 1024w, https:\/\/www.cftestataltarapaca.cl\/inicio\/wp-content\/uploads\/2024\/08\/Mesa-de-Trabajo-3-768x512.jpg 768w, https:\/\/www.cftestataltarapaca.cl\/inicio\/wp-content\/uploads\/2024\/08\/Mesa-de-Trabajo-3-1536x1024.jpg 1536w, https:\/\/www.cftestataltarapaca.cl\/inicio\/wp-content\/uploads\/2024\/08\/Mesa-de-Trabajo-3-900x600.jpg 900w\" sizes=\"auto, (max-width: 2048px) 100vw, 2048px\" \/><\/p>\n","protected":false},"excerpt":{"rendered":"<p>Nuestro Rector, Jorge Villegas Ahumada, junto a la Fiscal de nuestra instituci\u00f3n, Leticia Robles, participaron de la mesa de trabajo colaborativa con instituciones p\u00fablicas y privadas, que tiene por finalidad&#8230;<\/p>\n","protected":false},"author":1,"featured_media":12254,"comment_status":"open","ping_status":"open","sticky":false,"template":"","format":"standard","meta":{"_joinchat":[],"footnotes":""},"categories":[190],"tags":[],"class_list":["post-12253","post","type-post","status-publish","format-standard","has-post-thumbnail","hentry","category-desarrollo-institucional"],"yoast_head":"<!-- This site is optimized with the Yoast SEO plugin v27.4 - https:\/\/yoast.com\/product\/yoast-seo-wordpress\/ -->\n<title>Mesa de trabajo colaborativa para el dise\u00f1o del futuro barrio universitario de Alto Hospicio - CFT Estatal Tarapac\u00e1<\/title>\n<meta name=\"robots\" content=\"index, follow, max-snippet:-1, max-image-preview:large, max-video-preview:-1\" \/>\n<link rel=\"canonical\" href=\"https:\/\/www.cftestataltarapaca.cl\/inicio\/2024\/04\/16\/mesa-de-trabajo-colaborativa-con-la-finalidad-de-disenar-un-barrio-universitario-en-alto-hospicio\/\" \/>\n<meta property=\"og:locale\" content=\"es_ES\" \/>\n<meta property=\"og:type\" content=\"article\" \/>\n<meta property=\"og:title\" content=\"Mesa de trabajo colaborativa para el dise\u00f1o del futuro barrio universitario de Alto Hospicio - CFT Estatal Tarapac\u00e1\" \/>\n<meta property=\"og:description\" content=\"Nuestro Rector, Jorge Villegas Ahumada, junto a la Fiscal de nuestra instituci\u00f3n, Leticia Robles, participaron de la mesa de trabajo colaborativa con instituciones p\u00fablicas y privadas, que tiene por finalidad...\" \/>\n<meta property=\"og:url\" content=\"https:\/\/www.cftestataltarapaca.cl\/inicio\/2024\/04\/16\/mesa-de-trabajo-colaborativa-con-la-finalidad-de-disenar-un-barrio-universitario-en-alto-hospicio\/\" \/>\n<meta property=\"og:site_name\" content=\"CFT Estatal Tarapac\u00e1\" \/>\n<meta property=\"article:publisher\" content=\"https:\/\/www.facebook.com\/CFTestataltarapaca\/\" \/>\n<meta property=\"article:published_time\" content=\"2024-04-16T17:00:32+00:00\" \/>\n<meta property=\"article:modified_time\" content=\"2024-08-07T17:10:04+00:00\" \/>\n<meta property=\"og:image\" content=\"https:\/\/www.cftestataltarapaca.cl\/inicio\/wp-content\/uploads\/2024\/08\/mesa-trabajo-1.jpg\" \/>\n\t<meta property=\"og:image:width\" content=\"2048\" \/>\n\t<meta property=\"og:image:height\" content=\"1365\" \/>\n\t<meta property=\"og:image:type\" content=\"image\/jpeg\" \/>\n<meta name=\"author\" content=\"cftestatal\" \/>\n<meta name=\"twitter:card\" content=\"summary_large_image\" \/>\n<meta name=\"twitter:creator\" content=\"@CFTesTarapaca\" \/>\n<meta name=\"twitter:site\" content=\"@CFTesTarapaca\" \/>\n<meta name=\"twitter:label1\" content=\"Escrito por\" \/>\n\t<meta name=\"twitter:data1\" content=\"cftestatal\" \/>\n\t<meta name=\"twitter:label2\" content=\"Tiempo de lectura\" \/>\n\t<meta name=\"twitter:data2\" content=\"2 minutos\" \/>\n<script type=\"application\/ld+json\" class=\"yoast-schema-graph\">{\"@context\":\"https:\\\/\\\/schema.org\",\"@graph\":[{\"@type\":\"Article\",\"@id\":\"https:\\\/\\\/www.cftestataltarapaca.cl\\\/inicio\\\/2024\\\/04\\\/16\\\/mesa-de-trabajo-colaborativa-con-la-finalidad-de-disenar-un-barrio-universitario-en-alto-hospicio\\\/#article\",\"isPartOf\":{\"@id\":\"https:\\\/\\\/www.cftestataltarapaca.cl\\\/inicio\\\/2024\\\/04\\\/16\\\/mesa-de-trabajo-colaborativa-con-la-finalidad-de-disenar-un-barrio-universitario-en-alto-hospicio\\\/\"},\"author\":{\"name\":\"cftestatal\",\"@id\":\"https:\\\/\\\/www.cftestataltarapaca.cl\\\/inicio\\\/#\\\/schema\\\/person\\\/6f8baea790b092727c3a3c450c9804ef\"},\"headline\":\"Mesa de trabajo colaborativa para el dise\u00f1o del futuro barrio universitario de Alto Hospicio\",\"datePublished\":\"2024-04-16T17:00:32+00:00\",\"dateModified\":\"2024-08-07T17:10:04+00:00\",\"mainEntityOfPage\":{\"@id\":\"https:\\\/\\\/www.cftestataltarapaca.cl\\\/inicio\\\/2024\\\/04\\\/16\\\/mesa-de-trabajo-colaborativa-con-la-finalidad-de-disenar-un-barrio-universitario-en-alto-hospicio\\\/\"},\"wordCount\":137,\"commentCount\":0,\"publisher\":{\"@id\":\"https:\\\/\\\/www.cftestataltarapaca.cl\\\/inicio\\\/#organization\"},\"image\":{\"@id\":\"https:\\\/\\\/www.cftestataltarapaca.cl\\\/inicio\\\/2024\\\/04\\\/16\\\/mesa-de-trabajo-colaborativa-con-la-finalidad-de-disenar-un-barrio-universitario-en-alto-hospicio\\\/#primaryimage\"},\"thumbnailUrl\":\"https:\\\/\\\/www.cftestataltarapaca.cl\\\/inicio\\\/wp-content\\\/uploads\\\/2024\\\/08\\\/mesa-trabajo-1.jpg\",\"articleSection\":[\"Desarrollo Institucional\"],\"inLanguage\":\"es\",\"potentialAction\":[{\"@type\":\"CommentAction\",\"name\":\"Comment\",\"target\":[\"https:\\\/\\\/www.cftestataltarapaca.cl\\\/inicio\\\/2024\\\/04\\\/16\\\/mesa-de-trabajo-colaborativa-con-la-finalidad-de-disenar-un-barrio-universitario-en-alto-hospicio\\\/#respond\"]}]},{\"@type\":\"WebPage\",\"@id\":\"https:\\\/\\\/www.cftestataltarapaca.cl\\\/inicio\\\/2024\\\/04\\\/16\\\/mesa-de-trabajo-colaborativa-con-la-finalidad-de-disenar-un-barrio-universitario-en-alto-hospicio\\\/\",\"url\":\"https:\\\/\\\/www.cftestataltarapaca.cl\\\/inicio\\\/2024\\\/04\\\/16\\\/mesa-de-trabajo-colaborativa-con-la-finalidad-de-disenar-un-barrio-universitario-en-alto-hospicio\\\/\",\"name\":\"Mesa de trabajo colaborativa para el dise\u00f1o del futuro barrio universitario de Alto Hospicio - CFT Estatal Tarapac\u00e1\",\"isPartOf\":{\"@id\":\"https:\\\/\\\/www.cftestataltarapaca.cl\\\/inicio\\\/#website\"},\"primaryImageOfPage\":{\"@id\":\"https:\\\/\\\/www.cftestataltarapaca.cl\\\/inicio\\\/2024\\\/04\\\/16\\\/mesa-de-trabajo-colaborativa-con-la-finalidad-de-disenar-un-barrio-universitario-en-alto-hospicio\\\/#primaryimage\"},\"image\":{\"@id\":\"https:\\\/\\\/www.cftestataltarapaca.cl\\\/inicio\\\/2024\\\/04\\\/16\\\/mesa-de-trabajo-colaborativa-con-la-finalidad-de-disenar-un-barrio-universitario-en-alto-hospicio\\\/#primaryimage\"},\"thumbnailUrl\":\"https:\\\/\\\/www.cftestataltarapaca.cl\\\/inicio\\\/wp-content\\\/uploads\\\/2024\\\/08\\\/mesa-trabajo-1.jpg\",\"datePublished\":\"2024-04-16T17:00:32+00:00\",\"dateModified\":\"2024-08-07T17:10:04+00:00\",\"breadcrumb\":{\"@id\":\"https:\\\/\\\/www.cftestataltarapaca.cl\\\/inicio\\\/2024\\\/04\\\/16\\\/mesa-de-trabajo-colaborativa-con-la-finalidad-de-disenar-un-barrio-universitario-en-alto-hospicio\\\/#breadcrumb\"},\"inLanguage\":\"es\",\"potentialAction\":[{\"@type\":\"ReadAction\",\"target\":[\"https:\\\/\\\/www.cftestataltarapaca.cl\\\/inicio\\\/2024\\\/04\\\/16\\\/mesa-de-trabajo-colaborativa-con-la-finalidad-de-disenar-un-barrio-universitario-en-alto-hospicio\\\/\"]}]},{\"@type\":\"ImageObject\",\"inLanguage\":\"es\",\"@id\":\"https:\\\/\\\/www.cftestataltarapaca.cl\\\/inicio\\\/2024\\\/04\\\/16\\\/mesa-de-trabajo-colaborativa-con-la-finalidad-de-disenar-un-barrio-universitario-en-alto-hospicio\\\/#primaryimage\",\"url\":\"https:\\\/\\\/www.cftestataltarapaca.cl\\\/inicio\\\/wp-content\\\/uploads\\\/2024\\\/08\\\/mesa-trabajo-1.jpg\",\"contentUrl\":\"https:\\\/\\\/www.cftestataltarapaca.cl\\\/inicio\\\/wp-content\\\/uploads\\\/2024\\\/08\\\/mesa-trabajo-1.jpg\",\"width\":2048,\"height\":1365,\"caption\":\"Mesa de Trabajo CFT Estatal Tarapac\u00e1\"},{\"@type\":\"BreadcrumbList\",\"@id\":\"https:\\\/\\\/www.cftestataltarapaca.cl\\\/inicio\\\/2024\\\/04\\\/16\\\/mesa-de-trabajo-colaborativa-con-la-finalidad-de-disenar-un-barrio-universitario-en-alto-hospicio\\\/#breadcrumb\",\"itemListElement\":[{\"@type\":\"ListItem\",\"position\":1,\"name\":\"Portada\",\"item\":\"https:\\\/\\\/www.cftestataltarapaca.cl\\\/inicio\\\/\"},{\"@type\":\"ListItem\",\"position\":2,\"name\":\"Mesa de trabajo colaborativa para el dise\u00f1o del futuro barrio universitario de Alto Hospicio\"}]},{\"@type\":\"WebSite\",\"@id\":\"https:\\\/\\\/www.cftestataltarapaca.cl\\\/inicio\\\/#website\",\"url\":\"https:\\\/\\\/www.cftestataltarapaca.cl\\\/inicio\\\/\",\"name\":\"CFT Estatal Tarapac\u00e1\",\"description\":\"Admisi\u00f3n 2025\",\"publisher\":{\"@id\":\"https:\\\/\\\/www.cftestataltarapaca.cl\\\/inicio\\\/#organization\"},\"potentialAction\":[{\"@type\":\"SearchAction\",\"target\":{\"@type\":\"EntryPoint\",\"urlTemplate\":\"https:\\\/\\\/www.cftestataltarapaca.cl\\\/inicio\\\/?s={search_term_string}\"},\"query-input\":{\"@type\":\"PropertyValueSpecification\",\"valueRequired\":true,\"valueName\":\"search_term_string\"}}],\"inLanguage\":\"es\"},{\"@type\":\"Organization\",\"@id\":\"https:\\\/\\\/www.cftestataltarapaca.cl\\\/inicio\\\/#organization\",\"name\":\"CFT Estatal Tarapac\u00e1\",\"url\":\"https:\\\/\\\/www.cftestataltarapaca.cl\\\/inicio\\\/\",\"logo\":{\"@type\":\"ImageObject\",\"inLanguage\":\"es\",\"@id\":\"https:\\\/\\\/www.cftestataltarapaca.cl\\\/inicio\\\/#\\\/schema\\\/logo\\\/image\\\/\",\"url\":\"https:\\\/\\\/www.cftestataltarapaca.cl\\\/inicio\\\/wp-content\\\/uploads\\\/2019\\\/03\\\/logo-retina-1.png\",\"contentUrl\":\"https:\\\/\\\/www.cftestataltarapaca.cl\\\/inicio\\\/wp-content\\\/uploads\\\/2019\\\/03\\\/logo-retina-1.png\",\"width\":401,\"height\":150,\"caption\":\"CFT Estatal Tarapac\u00e1\"},\"image\":{\"@id\":\"https:\\\/\\\/www.cftestataltarapaca.cl\\\/inicio\\\/#\\\/schema\\\/logo\\\/image\\\/\"},\"sameAs\":[\"https:\\\/\\\/www.facebook.com\\\/CFTestataltarapaca\\\/\",\"https:\\\/\\\/x.com\\\/CFTesTarapaca\",\"https:\\\/\\\/www.instagram.com\\\/CFTestataltarapaca\\\/\"]},{\"@type\":\"Person\",\"@id\":\"https:\\\/\\\/www.cftestataltarapaca.cl\\\/inicio\\\/#\\\/schema\\\/person\\\/6f8baea790b092727c3a3c450c9804ef\",\"name\":\"cftestatal\",\"image\":{\"@type\":\"ImageObject\",\"inLanguage\":\"es\",\"@id\":\"https:\\\/\\\/secure.gravatar.com\\\/avatar\\\/660e74c785cdfc277d201d99328447b6780c200d88bedbde1ccc66ab4e0b82e1?s=96&d=mm&r=g\",\"url\":\"https:\\\/\\\/secure.gravatar.com\\\/avatar\\\/660e74c785cdfc277d201d99328447b6780c200d88bedbde1ccc66ab4e0b82e1?s=96&d=mm&r=g\",\"contentUrl\":\"https:\\\/\\\/secure.gravatar.com\\\/avatar\\\/660e74c785cdfc277d201d99328447b6780c200d88bedbde1ccc66ab4e0b82e1?s=96&d=mm&r=g\",\"caption\":\"cftestatal\"},\"url\":\"https:\\\/\\\/www.cftestataltarapaca.cl\\\/inicio\\\/author\\\/cftestatal\\\/\"}]}<\/script>\n<!-- \/ Yoast SEO plugin. -->","yoast_head_json":{"title":"Mesa de trabajo colaborativa para el dise\u00f1o del futuro barrio universitario de Alto Hospicio - CFT Estatal Tarapac\u00e1","robots":{"index":"index","follow":"follow","max-snippet":"max-snippet:-1","max-image-preview":"max-image-preview:large","max-video-preview":"max-video-preview:-1"},"canonical":"https:\/\/www.cftestataltarapaca.cl\/inicio\/2024\/04\/16\/mesa-de-trabajo-colaborativa-con-la-finalidad-de-disenar-un-barrio-universitario-en-alto-hospicio\/","og_locale":"es_ES","og_type":"article","og_title":"Mesa de trabajo colaborativa para el dise\u00f1o del futuro barrio universitario de Alto Hospicio - CFT Estatal Tarapac\u00e1","og_description":"Nuestro Rector, Jorge Villegas Ahumada, junto a la Fiscal de nuestra instituci\u00f3n, Leticia Robles, participaron de la mesa de trabajo colaborativa con instituciones p\u00fablicas y privadas, que tiene por finalidad...","og_url":"https:\/\/www.cftestataltarapaca.cl\/inicio\/2024\/04\/16\/mesa-de-trabajo-colaborativa-con-la-finalidad-de-disenar-un-barrio-universitario-en-alto-hospicio\/","og_site_name":"CFT Estatal Tarapac\u00e1","article_publisher":"https:\/\/www.facebook.com\/CFTestataltarapaca\/","article_published_time":"2024-04-16T17:00:32+00:00","article_modified_time":"2024-08-07T17:10:04+00:00","og_image":[{"width":2048,"height":1365,"url":"https:\/\/www.cftestataltarapaca.cl\/inicio\/wp-content\/uploads\/2024\/08\/mesa-trabajo-1.jpg","type":"image\/jpeg"}],"author":"cftestatal","twitter_card":"summary_large_image","twitter_creator":"@CFTesTarapaca","twitter_site":"@CFTesTarapaca","twitter_misc":{"Escrito por":"cftestatal","Tiempo de lectura":"2 minutos"},"schema":{"@context":"https:\/\/schema.org","@graph":[{"@type":"Article","@id":"https:\/\/www.cftestataltarapaca.cl\/inicio\/2024\/04\/16\/mesa-de-trabajo-colaborativa-con-la-finalidad-de-disenar-un-barrio-universitario-en-alto-hospicio\/#article","isPartOf":{"@id":"https:\/\/www.cftestataltarapaca.cl\/inicio\/2024\/04\/16\/mesa-de-trabajo-colaborativa-con-la-finalidad-de-disenar-un-barrio-universitario-en-alto-hospicio\/"},"author":{"name":"cftestatal","@id":"https:\/\/www.cftestataltarapaca.cl\/inicio\/#\/schema\/person\/6f8baea790b092727c3a3c450c9804ef"},"headline":"Mesa de trabajo colaborativa para el dise\u00f1o del futuro barrio universitario de Alto Hospicio","datePublished":"2024-04-16T17:00:32+00:00","dateModified":"2024-08-07T17:10:04+00:00","mainEntityOfPage":{"@id":"https:\/\/www.cftestataltarapaca.cl\/inicio\/2024\/04\/16\/mesa-de-trabajo-colaborativa-con-la-finalidad-de-disenar-un-barrio-universitario-en-alto-hospicio\/"},"wordCount":137,"commentCount":0,"publisher":{"@id":"https:\/\/www.cftestataltarapaca.cl\/inicio\/#organization"},"image":{"@id":"https:\/\/www.cftestataltarapaca.cl\/inicio\/2024\/04\/16\/mesa-de-trabajo-colaborativa-con-la-finalidad-de-disenar-un-barrio-universitario-en-alto-hospicio\/#primaryimage"},"thumbnailUrl":"https:\/\/www.cftestataltarapaca.cl\/inicio\/wp-content\/uploads\/2024\/08\/mesa-trabajo-1.jpg","articleSection":["Desarrollo Institucional"],"inLanguage":"es","potentialAction":[{"@type":"CommentAction","name":"Comment","target":["https:\/\/www.cftestataltarapaca.cl\/inicio\/2024\/04\/16\/mesa-de-trabajo-colaborativa-con-la-finalidad-de-disenar-un-barrio-universitario-en-alto-hospicio\/#respond"]}]},{"@type":"WebPage","@id":"https:\/\/www.cftestataltarapaca.cl\/inicio\/2024\/04\/16\/mesa-de-trabajo-colaborativa-con-la-finalidad-de-disenar-un-barrio-universitario-en-alto-hospicio\/","url":"https:\/\/www.cftestataltarapaca.cl\/inicio\/2024\/04\/16\/mesa-de-trabajo-colaborativa-con-la-finalidad-de-disenar-un-barrio-universitario-en-alto-hospicio\/","name":"Mesa de trabajo colaborativa para el dise\u00f1o del futuro barrio universitario de Alto Hospicio - CFT Estatal Tarapac\u00e1","isPartOf":{"@id":"https:\/\/www.cftestataltarapaca.cl\/inicio\/#website"},"primaryImageOfPage":{"@id":"https:\/\/www.cftestataltarapaca.cl\/inicio\/2024\/04\/16\/mesa-de-trabajo-colaborativa-con-la-finalidad-de-disenar-un-barrio-universitario-en-alto-hospicio\/#primaryimage"},"image":{"@id":"https:\/\/www.cftestataltarapaca.cl\/inicio\/2024\/04\/16\/mesa-de-trabajo-colaborativa-con-la-finalidad-de-disenar-un-barrio-universitario-en-alto-hospicio\/#primaryimage"},"thumbnailUrl":"https:\/\/www.cftestataltarapaca.cl\/inicio\/wp-content\/uploads\/2024\/08\/mesa-trabajo-1.jpg","datePublished":"2024-04-16T17:00:32+00:00","dateModified":"2024-08-07T17:10:04+00:00","breadcrumb":{"@id":"https:\/\/www.cftestataltarapaca.cl\/inicio\/2024\/04\/16\/mesa-de-trabajo-colaborativa-con-la-finalidad-de-disenar-un-barrio-universitario-en-alto-hospicio\/#breadcrumb"},"inLanguage":"es","potentialAction":[{"@type":"ReadAction","target":["https:\/\/www.cftestataltarapaca.cl\/inicio\/2024\/04\/16\/mesa-de-trabajo-colaborativa-con-la-finalidad-de-disenar-un-barrio-universitario-en-alto-hospicio\/"]}]},{"@type":"ImageObject","inLanguage":"es","@id":"https:\/\/www.cftestataltarapaca.cl\/inicio\/2024\/04\/16\/mesa-de-trabajo-colaborativa-con-la-finalidad-de-disenar-un-barrio-universitario-en-alto-hospicio\/#primaryimage","url":"https:\/\/www.cftestataltarapaca.cl\/inicio\/wp-content\/uploads\/2024\/08\/mesa-trabajo-1.jpg","contentUrl":"https:\/\/www.cftestataltarapaca.cl\/inicio\/wp-content\/uploads\/2024\/08\/mesa-trabajo-1.jpg","width":2048,"height":1365,"caption":"Mesa de Trabajo CFT Estatal Tarapac\u00e1"},{"@type":"BreadcrumbList","@id":"https:\/\/www.cftestataltarapaca.cl\/inicio\/2024\/04\/16\/mesa-de-trabajo-colaborativa-con-la-finalidad-de-disenar-un-barrio-universitario-en-alto-hospicio\/#breadcrumb","itemListElement":[{"@type":"ListItem","position":1,"name":"Portada","item":"https:\/\/www.cftestataltarapaca.cl\/inicio\/"},{"@type":"ListItem","position":2,"name":"Mesa de trabajo colaborativa para el dise\u00f1o del futuro barrio universitario de Alto Hospicio"}]},{"@type":"WebSite","@id":"https:\/\/www.cftestataltarapaca.cl\/inicio\/#website","url":"https:\/\/www.cftestataltarapaca.cl\/inicio\/","name":"CFT Estatal Tarapac\u00e1","description":"Admisi\u00f3n 2025","publisher":{"@id":"https:\/\/www.cftestataltarapaca.cl\/inicio\/#organization"},"potentialAction":[{"@type":"SearchAction","target":{"@type":"EntryPoint","urlTemplate":"https:\/\/www.cftestataltarapaca.cl\/inicio\/?s={search_term_string}"},"query-input":{"@type":"PropertyValueSpecification","valueRequired":true,"valueName":"search_term_string"}}],"inLanguage":"es"},{"@type":"Organization","@id":"https:\/\/www.cftestataltarapaca.cl\/inicio\/#organization","name":"CFT Estatal Tarapac\u00e1","url":"https:\/\/www.cftestataltarapaca.cl\/inicio\/","logo":{"@type":"ImageObject","inLanguage":"es","@id":"https:\/\/www.cftestataltarapaca.cl\/inicio\/#\/schema\/logo\/image\/","url":"https:\/\/www.cftestataltarapaca.cl\/inicio\/wp-content\/uploads\/2019\/03\/logo-retina-1.png","contentUrl":"https:\/\/www.cftestataltarapaca.cl\/inicio\/wp-content\/uploads\/2019\/03\/logo-retina-1.png","width":401,"height":150,"caption":"CFT Estatal Tarapac\u00e1"},"image":{"@id":"https:\/\/www.cftestataltarapaca.cl\/inicio\/#\/schema\/logo\/image\/"},"sameAs":["https:\/\/www.facebook.com\/CFTestataltarapaca\/","https:\/\/x.com\/CFTesTarapaca","https:\/\/www.instagram.com\/CFTestataltarapaca\/"]},{"@type":"Person","@id":"https:\/\/www.cftestataltarapaca.cl\/inicio\/#\/schema\/person\/6f8baea790b092727c3a3c450c9804ef","name":"cftestatal","image":{"@type":"ImageObject","inLanguage":"es","@id":"https:\/\/secure.gravatar.com\/avatar\/660e74c785cdfc277d201d99328447b6780c200d88bedbde1ccc66ab4e0b82e1?s=96&d=mm&r=g","url":"https:\/\/secure.gravatar.com\/avatar\/660e74c785cdfc277d201d99328447b6780c200d88bedbde1ccc66ab4e0b82e1?s=96&d=mm&r=g","contentUrl":"https:\/\/secure.gravatar.com\/avatar\/660e74c785cdfc277d201d99328447b6780c200d88bedbde1ccc66ab4e0b82e1?s=96&d=mm&r=g","caption":"cftestatal"},"url":"https:\/\/www.cftestataltarapaca.cl\/inicio\/author\/cftestatal\/"}]}},"publishpress_future_action":{"enabled":false,"date":"2026-05-08 14:07:35","action":"change-status","newStatus":"draft","terms":[],"taxonomy":"category","extraData":[]},"publishpress_future_workflow_manual_trigger":{"enabledWorkflows":[]},"_links":{"self":[{"href":"https:\/\/www.cftestataltarapaca.cl\/inicio\/wp-json\/wp\/v2\/posts\/12253","targetHints":{"allow":["GET"]}}],"collection":[{"href":"https:\/\/www.cftestataltarapaca.cl\/inicio\/wp-json\/wp\/v2\/posts"}],"about":[{"href":"https:\/\/www.cftestataltarapaca.cl\/inicio\/wp-json\/wp\/v2\/types\/post"}],"author":[{"embeddable":true,"href":"https:\/\/www.cftestataltarapaca.cl\/inicio\/wp-json\/wp\/v2\/users\/1"}],"replies":[{"embeddable":true,"href":"https:\/\/www.cftestataltarapaca.cl\/inicio\/wp-json\/wp\/v2\/comments?post=12253"}],"version-history":[{"count":5,"href":"https:\/\/www.cftestataltarapaca.cl\/inicio\/wp-json\/wp\/v2\/posts\/12253\/revisions"}],"predecessor-version":[{"id":12261,"href":"https:\/\/www.cftestataltarapaca.cl\/inicio\/wp-json\/wp\/v2\/posts\/12253\/revisions\/12261"}],"wp:featuredmedia":[{"embeddable":true,"href":"https:\/\/www.cftestataltarapaca.cl\/inicio\/wp-json\/wp\/v2\/media\/12254"}],"wp:attachment":[{"href":"https:\/\/www.cftestataltarapaca.cl\/inicio\/wp-json\/wp\/v2\/media?parent=12253"}],"wp:term":[{"taxonomy":"category","embeddable":true,"href":"https:\/\/www.cftestataltarapaca.cl\/inicio\/wp-json\/wp\/v2\/categories?post=12253"},{"taxonomy":"post_tag","embeddable":true,"href":"https:\/\/www.cftestataltarapaca.cl\/inicio\/wp-json\/wp\/v2\/tags?post=12253"}],"curies":[{"name":"wp","href":"https:\/\/api.w.org\/{rel}","templated":true}]}}