{"id":13054,"date":"2024-12-03T23:13:58","date_gmt":"2024-12-04T02:13:58","guid":{"rendered":"https:\/\/www.cftestataltarapaca.cl\/inicio\/?p=13054"},"modified":"2024-12-09T10:12:44","modified_gmt":"2024-12-09T13:12:44","slug":"otec-del-cft-estatal-tarapaca-lidera-taller-de-liderazgo-inclusivo-en-conferencia-de-directores-del-slep-iquique","status":"publish","type":"post","link":"https:\/\/www.cftestataltarapaca.cl\/inicio\/2024\/12\/03\/otec-del-cft-estatal-tarapaca-lidera-taller-de-liderazgo-inclusivo-en-conferencia-de-directores-del-slep-iquique\/","title":{"rendered":"OTEC del CFT Estatal Tarapac\u00e1 lidera Taller de Liderazgo Inclusivo en Conferencia de Directores del SLEP Iquique"},"content":{"rendered":"<p>En el marco de la Segunda Conferencia de Directores y Directoras organizada por el Servicio Local de Educaci\u00f3n P\u00fablica (SLEP) Iquique, la OTEC del CFT Estatal Tarapac\u00e1 realiz\u00f3 con \u00e9xito el <strong>Taller de Liderazgo Inclusivo<\/strong>, dirigido a equipos directivos de establecimientos educativos.<\/p>\n<p>El taller, parte del convenio de colaboraci\u00f3n entre el CFT Estatal Tarapac\u00e1 y el SLEP, abord\u00f3 estrategias innovadoras, a cargo de la relatora Aury Godoy, para fomentar la inclusi\u00f3n en la gesti\u00f3n escolar, fortaleciendo la capacidad de liderazgo de los participantes.<\/p>\n<p><strong>Daniela Villagra<\/strong>, Encargada de la OTEC del CFT Estatal Tarapac\u00e1, destac\u00f3: <em>\u00abNuestro objetivo en esta oportunidad fue sensibilizar a los participantes sobre la importancia del liderazgo inclusivo en sus roles, a trav\u00e9s de estrategias y herramientas pr\u00e1cticas para implementar \u00e9ste tipo de liderazgo\u00bb<\/em><\/p>\n<p>Estas iniciativas reafirman el compromiso del CFT Estatal Tarapac\u00e1 con la formaci\u00f3n continua de profesionales de la regi\u00f3n, promoviendo la calidad y la inclusi\u00f3n en la educaci\u00f3n p\u00fablica.<\/p>\n\n\t\t<style type=\"text\/css\">\n\t\t\t#gallery-1 {\n\t\t\t\tmargin: auto;\n\t\t\t}\n\t\t\t#gallery-1 .gallery-item {\n\t\t\t\tfloat: left;\n\t\t\t\tmargin-top: 10px;\n\t\t\t\ttext-align: center;\n\t\t\t\twidth: 33%;\n\t\t\t}\n\t\t\t#gallery-1 img {\n\t\t\t\tborder: 2px solid #cfcfcf;\n\t\t\t}\n\t\t\t#gallery-1 .gallery-caption {\n\t\t\t\tmargin-left: 0;\n\t\t\t}\n\t\t\t\/* see gallery_shortcode() in wp-includes\/media.php *\/\n\t\t<\/style>\n\t\t<div id='gallery-1' class='gallery galleryid-13054 gallery-columns-3 gallery-size-medium'><dl class='gallery-item'>\n\t\t\t<dt class='gallery-icon landscape'>\n\t\t\t\t<a href='https:\/\/www.cftestataltarapaca.cl\/inicio\/2024\/12\/03\/otec-del-cft-estatal-tarapaca-lidera-taller-de-liderazgo-inclusivo-en-conferencia-de-directores-del-slep-iquique\/segunda-jornada-conferencia-directores-20\/'><img loading=\"lazy\" decoding=\"async\" width=\"300\" height=\"200\" src=\"https:\/\/www.cftestataltarapaca.cl\/inicio\/wp-content\/uploads\/2024\/12\/Segunda-Jornada-Conferencia-directores-20-300x200.jpg\" class=\"attachment-medium size-medium\" alt=\"\" srcset=\"https:\/\/www.cftestataltarapaca.cl\/inicio\/wp-content\/uploads\/2024\/12\/Segunda-Jornada-Conferencia-directores-20-300x200.jpg 300w, https:\/\/www.cftestataltarapaca.cl\/inicio\/wp-content\/uploads\/2024\/12\/Segunda-Jornada-Conferencia-directores-20-1024x683.jpg 1024w, https:\/\/www.cftestataltarapaca.cl\/inicio\/wp-content\/uploads\/2024\/12\/Segunda-Jornada-Conferencia-directores-20-768x512.jpg 768w, https:\/\/www.cftestataltarapaca.cl\/inicio\/wp-content\/uploads\/2024\/12\/Segunda-Jornada-Conferencia-directores-20-900x600.jpg 900w, https:\/\/www.cftestataltarapaca.cl\/inicio\/wp-content\/uploads\/2024\/12\/Segunda-Jornada-Conferencia-directores-20.jpg 1500w\" sizes=\"auto, (max-width: 300px) 100vw, 300px\" \/><\/a>\n\t\t\t<\/dt><\/dl><dl class='gallery-item'>\n\t\t\t<dt class='gallery-icon landscape'>\n\t\t\t\t<a href='https:\/\/www.cftestataltarapaca.cl\/inicio\/2024\/12\/03\/otec-del-cft-estatal-tarapaca-lidera-taller-de-liderazgo-inclusivo-en-conferencia-de-directores-del-slep-iquique\/segunda-jornada-conferencia-directores-19\/'><img loading=\"lazy\" decoding=\"async\" width=\"300\" height=\"200\" src=\"https:\/\/www.cftestataltarapaca.cl\/inicio\/wp-content\/uploads\/2024\/12\/Segunda-Jornada-Conferencia-directores-19-300x200.jpg\" class=\"attachment-medium size-medium\" alt=\"\" srcset=\"https:\/\/www.cftestataltarapaca.cl\/inicio\/wp-content\/uploads\/2024\/12\/Segunda-Jornada-Conferencia-directores-19-300x200.jpg 300w, https:\/\/www.cftestataltarapaca.cl\/inicio\/wp-content\/uploads\/2024\/12\/Segunda-Jornada-Conferencia-directores-19-1024x683.jpg 1024w, https:\/\/www.cftestataltarapaca.cl\/inicio\/wp-content\/uploads\/2024\/12\/Segunda-Jornada-Conferencia-directores-19-768x512.jpg 768w, https:\/\/www.cftestataltarapaca.cl\/inicio\/wp-content\/uploads\/2024\/12\/Segunda-Jornada-Conferencia-directores-19-900x600.jpg 900w, https:\/\/www.cftestataltarapaca.cl\/inicio\/wp-content\/uploads\/2024\/12\/Segunda-Jornada-Conferencia-directores-19.jpg 1500w\" sizes=\"auto, (max-width: 300px) 100vw, 300px\" \/><\/a>\n\t\t\t<\/dt><\/dl><dl class='gallery-item'>\n\t\t\t<dt class='gallery-icon landscape'>\n\t\t\t\t<a href='https:\/\/www.cftestataltarapaca.cl\/inicio\/2024\/12\/03\/otec-del-cft-estatal-tarapaca-lidera-taller-de-liderazgo-inclusivo-en-conferencia-de-directores-del-slep-iquique\/segunda-jornada-conferencia-directores-18\/'><img loading=\"lazy\" decoding=\"async\" width=\"300\" height=\"200\" src=\"https:\/\/www.cftestataltarapaca.cl\/inicio\/wp-content\/uploads\/2024\/12\/Segunda-Jornada-Conferencia-directores-18-300x200.jpg\" class=\"attachment-medium size-medium\" alt=\"\" srcset=\"https:\/\/www.cftestataltarapaca.cl\/inicio\/wp-content\/uploads\/2024\/12\/Segunda-Jornada-Conferencia-directores-18-300x200.jpg 300w, https:\/\/www.cftestataltarapaca.cl\/inicio\/wp-content\/uploads\/2024\/12\/Segunda-Jornada-Conferencia-directores-18-1024x683.jpg 1024w, https:\/\/www.cftestataltarapaca.cl\/inicio\/wp-content\/uploads\/2024\/12\/Segunda-Jornada-Conferencia-directores-18-768x512.jpg 768w, https:\/\/www.cftestataltarapaca.cl\/inicio\/wp-content\/uploads\/2024\/12\/Segunda-Jornada-Conferencia-directores-18-900x600.jpg 900w, https:\/\/www.cftestataltarapaca.cl\/inicio\/wp-content\/uploads\/2024\/12\/Segunda-Jornada-Conferencia-directores-18.jpg 1500w\" sizes=\"auto, (max-width: 300px) 100vw, 300px\" \/><\/a>\n\t\t\t<\/dt><\/dl><br style=\"clear: both\" \/><dl class='gallery-item'>\n\t\t\t<dt class='gallery-icon landscape'>\n\t\t\t\t<a href='https:\/\/www.cftestataltarapaca.cl\/inicio\/2024\/12\/03\/otec-del-cft-estatal-tarapaca-lidera-taller-de-liderazgo-inclusivo-en-conferencia-de-directores-del-slep-iquique\/segunda-jornada-conferencia-directores-17\/'><img loading=\"lazy\" decoding=\"async\" width=\"300\" height=\"200\" src=\"https:\/\/www.cftestataltarapaca.cl\/inicio\/wp-content\/uploads\/2024\/12\/Segunda-Jornada-Conferencia-directores-17-300x200.jpg\" class=\"attachment-medium size-medium\" alt=\"\" srcset=\"https:\/\/www.cftestataltarapaca.cl\/inicio\/wp-content\/uploads\/2024\/12\/Segunda-Jornada-Conferencia-directores-17-300x200.jpg 300w, https:\/\/www.cftestataltarapaca.cl\/inicio\/wp-content\/uploads\/2024\/12\/Segunda-Jornada-Conferencia-directores-17-1024x683.jpg 1024w, https:\/\/www.cftestataltarapaca.cl\/inicio\/wp-content\/uploads\/2024\/12\/Segunda-Jornada-Conferencia-directores-17-768x512.jpg 768w, https:\/\/www.cftestataltarapaca.cl\/inicio\/wp-content\/uploads\/2024\/12\/Segunda-Jornada-Conferencia-directores-17-900x600.jpg 900w, https:\/\/www.cftestataltarapaca.cl\/inicio\/wp-content\/uploads\/2024\/12\/Segunda-Jornada-Conferencia-directores-17.jpg 1500w\" sizes=\"auto, (max-width: 300px) 100vw, 300px\" \/><\/a>\n\t\t\t<\/dt><\/dl><dl class='gallery-item'>\n\t\t\t<dt class='gallery-icon landscape'>\n\t\t\t\t<a href='https:\/\/www.cftestataltarapaca.cl\/inicio\/2024\/12\/03\/otec-del-cft-estatal-tarapaca-lidera-taller-de-liderazgo-inclusivo-en-conferencia-de-directores-del-slep-iquique\/segunda-jornada-conferencia-directores-16\/'><img loading=\"lazy\" decoding=\"async\" width=\"300\" height=\"200\" src=\"https:\/\/www.cftestataltarapaca.cl\/inicio\/wp-content\/uploads\/2024\/12\/Segunda-Jornada-Conferencia-directores-16-300x200.jpg\" class=\"attachment-medium size-medium\" alt=\"\" srcset=\"https:\/\/www.cftestataltarapaca.cl\/inicio\/wp-content\/uploads\/2024\/12\/Segunda-Jornada-Conferencia-directores-16-300x200.jpg 300w, https:\/\/www.cftestataltarapaca.cl\/inicio\/wp-content\/uploads\/2024\/12\/Segunda-Jornada-Conferencia-directores-16-1024x683.jpg 1024w, https:\/\/www.cftestataltarapaca.cl\/inicio\/wp-content\/uploads\/2024\/12\/Segunda-Jornada-Conferencia-directores-16-768x512.jpg 768w, https:\/\/www.cftestataltarapaca.cl\/inicio\/wp-content\/uploads\/2024\/12\/Segunda-Jornada-Conferencia-directores-16-900x600.jpg 900w, https:\/\/www.cftestataltarapaca.cl\/inicio\/wp-content\/uploads\/2024\/12\/Segunda-Jornada-Conferencia-directores-16.jpg 1500w\" sizes=\"auto, (max-width: 300px) 100vw, 300px\" \/><\/a>\n\t\t\t<\/dt><\/dl><dl class='gallery-item'>\n\t\t\t<dt class='gallery-icon landscape'>\n\t\t\t\t<a href='https:\/\/www.cftestataltarapaca.cl\/inicio\/2024\/12\/03\/otec-del-cft-estatal-tarapaca-lidera-taller-de-liderazgo-inclusivo-en-conferencia-de-directores-del-slep-iquique\/segunda-jornada-conferencia-directores-4\/'><img loading=\"lazy\" decoding=\"async\" width=\"300\" height=\"200\" src=\"https:\/\/www.cftestataltarapaca.cl\/inicio\/wp-content\/uploads\/2024\/12\/Segunda-Jornada-Conferencia-directores-4-300x200.jpg\" class=\"attachment-medium size-medium\" alt=\"\" srcset=\"https:\/\/www.cftestataltarapaca.cl\/inicio\/wp-content\/uploads\/2024\/12\/Segunda-Jornada-Conferencia-directores-4-300x200.jpg 300w, https:\/\/www.cftestataltarapaca.cl\/inicio\/wp-content\/uploads\/2024\/12\/Segunda-Jornada-Conferencia-directores-4-1024x683.jpg 1024w, https:\/\/www.cftestataltarapaca.cl\/inicio\/wp-content\/uploads\/2024\/12\/Segunda-Jornada-Conferencia-directores-4-768x512.jpg 768w, https:\/\/www.cftestataltarapaca.cl\/inicio\/wp-content\/uploads\/2024\/12\/Segunda-Jornada-Conferencia-directores-4-900x600.jpg 900w, https:\/\/www.cftestataltarapaca.cl\/inicio\/wp-content\/uploads\/2024\/12\/Segunda-Jornada-Conferencia-directores-4.jpg 1500w\" sizes=\"auto, (max-width: 300px) 100vw, 300px\" \/><\/a>\n\t\t\t<\/dt><\/dl><br style=\"clear: both\" \/><dl class='gallery-item'>\n\t\t\t<dt class='gallery-icon landscape'>\n\t\t\t\t<a href='https:\/\/www.cftestataltarapaca.cl\/inicio\/2024\/12\/03\/otec-del-cft-estatal-tarapaca-lidera-taller-de-liderazgo-inclusivo-en-conferencia-de-directores-del-slep-iquique\/segunda-jornada-conferencia-directores-1-2\/'><img loading=\"lazy\" decoding=\"async\" width=\"300\" height=\"200\" src=\"https:\/\/www.cftestataltarapaca.cl\/inicio\/wp-content\/uploads\/2024\/12\/Segunda-Jornada-Conferencia-directores-1-1-300x200.jpg\" class=\"attachment-medium size-medium\" alt=\"\" srcset=\"https:\/\/www.cftestataltarapaca.cl\/inicio\/wp-content\/uploads\/2024\/12\/Segunda-Jornada-Conferencia-directores-1-1-300x200.jpg 300w, https:\/\/www.cftestataltarapaca.cl\/inicio\/wp-content\/uploads\/2024\/12\/Segunda-Jornada-Conferencia-directores-1-1-1024x683.jpg 1024w, https:\/\/www.cftestataltarapaca.cl\/inicio\/wp-content\/uploads\/2024\/12\/Segunda-Jornada-Conferencia-directores-1-1-768x513.jpg 768w, https:\/\/www.cftestataltarapaca.cl\/inicio\/wp-content\/uploads\/2024\/12\/Segunda-Jornada-Conferencia-directores-1-1-900x600.jpg 900w, https:\/\/www.cftestataltarapaca.cl\/inicio\/wp-content\/uploads\/2024\/12\/Segunda-Jornada-Conferencia-directores-1-1.jpg 1500w\" sizes=\"auto, (max-width: 300px) 100vw, 300px\" \/><\/a>\n\t\t\t<\/dt><\/dl>\n\t\t\t<br style='clear: both' \/>\n\t\t<\/div>\n\n<p>&nbsp;<\/p>\n","protected":false},"excerpt":{"rendered":"<p>En el marco de la Segunda Conferencia de Directores y Directoras organizada por el Servicio Local de Educaci\u00f3n P\u00fablica (SLEP) Iquique, la OTEC del CFT Estatal Tarapac\u00e1 realiz\u00f3 con \u00e9xito&#8230;<\/p>\n","protected":false},"author":2,"featured_media":13055,"comment_status":"open","ping_status":"open","sticky":false,"template":"","format":"standard","meta":{"_joinchat":[],"footnotes":""},"categories":[47],"tags":[],"class_list":["post-13054","post","type-post","status-publish","format-standard","has-post-thumbnail","hentry","category-dae"],"yoast_head":"<!-- This site is optimized with the Yoast SEO plugin v27.4 - https:\/\/yoast.com\/product\/yoast-seo-wordpress\/ -->\n<title>OTEC del CFT Estatal Tarapac\u00e1 lidera Taller de Liderazgo Inclusivo en Conferencia de Directores del SLEP Iquique - CFT Estatal Tarapac\u00e1<\/title>\n<meta name=\"robots\" content=\"index, follow, max-snippet:-1, max-image-preview:large, max-video-preview:-1\" \/>\n<link rel=\"canonical\" href=\"https:\/\/www.cftestataltarapaca.cl\/inicio\/2024\/12\/03\/otec-del-cft-estatal-tarapaca-lidera-taller-de-liderazgo-inclusivo-en-conferencia-de-directores-del-slep-iquique\/\" \/>\n<meta property=\"og:locale\" content=\"es_ES\" \/>\n<meta property=\"og:type\" content=\"article\" \/>\n<meta property=\"og:title\" content=\"OTEC del CFT Estatal Tarapac\u00e1 lidera Taller de Liderazgo Inclusivo en Conferencia de Directores del SLEP Iquique - CFT Estatal Tarapac\u00e1\" \/>\n<meta property=\"og:description\" content=\"En el marco de la Segunda Conferencia de Directores y Directoras organizada por el Servicio Local de Educaci\u00f3n P\u00fablica (SLEP) Iquique, la OTEC del CFT Estatal Tarapac\u00e1 realiz\u00f3 con \u00e9xito...\" \/>\n<meta property=\"og:url\" content=\"https:\/\/www.cftestataltarapaca.cl\/inicio\/2024\/12\/03\/otec-del-cft-estatal-tarapaca-lidera-taller-de-liderazgo-inclusivo-en-conferencia-de-directores-del-slep-iquique\/\" \/>\n<meta property=\"og:site_name\" content=\"CFT Estatal Tarapac\u00e1\" \/>\n<meta property=\"article:publisher\" content=\"https:\/\/www.facebook.com\/CFTestataltarapaca\/\" \/>\n<meta property=\"article:published_time\" content=\"2024-12-04T02:13:58+00:00\" \/>\n<meta property=\"article:modified_time\" content=\"2024-12-09T13:12:44+00:00\" \/>\n<meta property=\"og:image\" content=\"https:\/\/www.cftestataltarapaca.cl\/inicio\/wp-content\/uploads\/2024\/12\/Segunda-Jornada-Conferencia-directores-1.jpg\" \/>\n\t<meta property=\"og:image:width\" content=\"1500\" \/>\n\t<meta property=\"og:image:height\" content=\"1001\" \/>\n\t<meta property=\"og:image:type\" content=\"image\/jpeg\" \/>\n<meta name=\"author\" content=\"Comunicaciones\" \/>\n<meta name=\"twitter:card\" content=\"summary_large_image\" \/>\n<meta name=\"twitter:creator\" content=\"@CFTesTarapaca\" \/>\n<meta name=\"twitter:site\" content=\"@CFTesTarapaca\" \/>\n<meta name=\"twitter:label1\" content=\"Escrito por\" \/>\n\t<meta name=\"twitter:data1\" content=\"Comunicaciones\" \/>\n\t<meta name=\"twitter:label2\" content=\"Tiempo de lectura\" \/>\n\t<meta name=\"twitter:data2\" content=\"1 minuto\" \/>\n<script type=\"application\/ld+json\" class=\"yoast-schema-graph\">{\"@context\":\"https:\\\/\\\/schema.org\",\"@graph\":[{\"@type\":\"Article\",\"@id\":\"https:\\\/\\\/www.cftestataltarapaca.cl\\\/inicio\\\/2024\\\/12\\\/03\\\/otec-del-cft-estatal-tarapaca-lidera-taller-de-liderazgo-inclusivo-en-conferencia-de-directores-del-slep-iquique\\\/#article\",\"isPartOf\":{\"@id\":\"https:\\\/\\\/www.cftestataltarapaca.cl\\\/inicio\\\/2024\\\/12\\\/03\\\/otec-del-cft-estatal-tarapaca-lidera-taller-de-liderazgo-inclusivo-en-conferencia-de-directores-del-slep-iquique\\\/\"},\"author\":{\"name\":\"Comunicaciones\",\"@id\":\"https:\\\/\\\/www.cftestataltarapaca.cl\\\/inicio\\\/#\\\/schema\\\/person\\\/ad1fbfa1fa7c3d3889f4ae5401dd660e\"},\"headline\":\"OTEC del CFT Estatal Tarapac\u00e1 lidera Taller de Liderazgo Inclusivo en Conferencia de Directores del SLEP Iquique\",\"datePublished\":\"2024-12-04T02:13:58+00:00\",\"dateModified\":\"2024-12-09T13:12:44+00:00\",\"mainEntityOfPage\":{\"@id\":\"https:\\\/\\\/www.cftestataltarapaca.cl\\\/inicio\\\/2024\\\/12\\\/03\\\/otec-del-cft-estatal-tarapaca-lidera-taller-de-liderazgo-inclusivo-en-conferencia-de-directores-del-slep-iquique\\\/\"},\"wordCount\":188,\"commentCount\":0,\"publisher\":{\"@id\":\"https:\\\/\\\/www.cftestataltarapaca.cl\\\/inicio\\\/#organization\"},\"image\":{\"@id\":\"https:\\\/\\\/www.cftestataltarapaca.cl\\\/inicio\\\/2024\\\/12\\\/03\\\/otec-del-cft-estatal-tarapaca-lidera-taller-de-liderazgo-inclusivo-en-conferencia-de-directores-del-slep-iquique\\\/#primaryimage\"},\"thumbnailUrl\":\"https:\\\/\\\/www.cftestataltarapaca.cl\\\/inicio\\\/wp-content\\\/uploads\\\/2024\\\/12\\\/Segunda-Jornada-Conferencia-directores-1.jpg\",\"articleSection\":[\"DAE\"],\"inLanguage\":\"es\",\"potentialAction\":[{\"@type\":\"CommentAction\",\"name\":\"Comment\",\"target\":[\"https:\\\/\\\/www.cftestataltarapaca.cl\\\/inicio\\\/2024\\\/12\\\/03\\\/otec-del-cft-estatal-tarapaca-lidera-taller-de-liderazgo-inclusivo-en-conferencia-de-directores-del-slep-iquique\\\/#respond\"]}]},{\"@type\":\"WebPage\",\"@id\":\"https:\\\/\\\/www.cftestataltarapaca.cl\\\/inicio\\\/2024\\\/12\\\/03\\\/otec-del-cft-estatal-tarapaca-lidera-taller-de-liderazgo-inclusivo-en-conferencia-de-directores-del-slep-iquique\\\/\",\"url\":\"https:\\\/\\\/www.cftestataltarapaca.cl\\\/inicio\\\/2024\\\/12\\\/03\\\/otec-del-cft-estatal-tarapaca-lidera-taller-de-liderazgo-inclusivo-en-conferencia-de-directores-del-slep-iquique\\\/\",\"name\":\"OTEC del CFT Estatal Tarapac\u00e1 lidera Taller de Liderazgo Inclusivo en Conferencia de Directores del SLEP Iquique - CFT Estatal Tarapac\u00e1\",\"isPartOf\":{\"@id\":\"https:\\\/\\\/www.cftestataltarapaca.cl\\\/inicio\\\/#website\"},\"primaryImageOfPage\":{\"@id\":\"https:\\\/\\\/www.cftestataltarapaca.cl\\\/inicio\\\/2024\\\/12\\\/03\\\/otec-del-cft-estatal-tarapaca-lidera-taller-de-liderazgo-inclusivo-en-conferencia-de-directores-del-slep-iquique\\\/#primaryimage\"},\"image\":{\"@id\":\"https:\\\/\\\/www.cftestataltarapaca.cl\\\/inicio\\\/2024\\\/12\\\/03\\\/otec-del-cft-estatal-tarapaca-lidera-taller-de-liderazgo-inclusivo-en-conferencia-de-directores-del-slep-iquique\\\/#primaryimage\"},\"thumbnailUrl\":\"https:\\\/\\\/www.cftestataltarapaca.cl\\\/inicio\\\/wp-content\\\/uploads\\\/2024\\\/12\\\/Segunda-Jornada-Conferencia-directores-1.jpg\",\"datePublished\":\"2024-12-04T02:13:58+00:00\",\"dateModified\":\"2024-12-09T13:12:44+00:00\",\"breadcrumb\":{\"@id\":\"https:\\\/\\\/www.cftestataltarapaca.cl\\\/inicio\\\/2024\\\/12\\\/03\\\/otec-del-cft-estatal-tarapaca-lidera-taller-de-liderazgo-inclusivo-en-conferencia-de-directores-del-slep-iquique\\\/#breadcrumb\"},\"inLanguage\":\"es\",\"potentialAction\":[{\"@type\":\"ReadAction\",\"target\":[\"https:\\\/\\\/www.cftestataltarapaca.cl\\\/inicio\\\/2024\\\/12\\\/03\\\/otec-del-cft-estatal-tarapaca-lidera-taller-de-liderazgo-inclusivo-en-conferencia-de-directores-del-slep-iquique\\\/\"]}]},{\"@type\":\"ImageObject\",\"inLanguage\":\"es\",\"@id\":\"https:\\\/\\\/www.cftestataltarapaca.cl\\\/inicio\\\/2024\\\/12\\\/03\\\/otec-del-cft-estatal-tarapaca-lidera-taller-de-liderazgo-inclusivo-en-conferencia-de-directores-del-slep-iquique\\\/#primaryimage\",\"url\":\"https:\\\/\\\/www.cftestataltarapaca.cl\\\/inicio\\\/wp-content\\\/uploads\\\/2024\\\/12\\\/Segunda-Jornada-Conferencia-directores-1.jpg\",\"contentUrl\":\"https:\\\/\\\/www.cftestataltarapaca.cl\\\/inicio\\\/wp-content\\\/uploads\\\/2024\\\/12\\\/Segunda-Jornada-Conferencia-directores-1.jpg\",\"width\":1500,\"height\":1001},{\"@type\":\"BreadcrumbList\",\"@id\":\"https:\\\/\\\/www.cftestataltarapaca.cl\\\/inicio\\\/2024\\\/12\\\/03\\\/otec-del-cft-estatal-tarapaca-lidera-taller-de-liderazgo-inclusivo-en-conferencia-de-directores-del-slep-iquique\\\/#breadcrumb\",\"itemListElement\":[{\"@type\":\"ListItem\",\"position\":1,\"name\":\"Portada\",\"item\":\"https:\\\/\\\/www.cftestataltarapaca.cl\\\/inicio\\\/\"},{\"@type\":\"ListItem\",\"position\":2,\"name\":\"OTEC del CFT Estatal Tarapac\u00e1 lidera Taller de Liderazgo Inclusivo en Conferencia de Directores del SLEP Iquique\"}]},{\"@type\":\"WebSite\",\"@id\":\"https:\\\/\\\/www.cftestataltarapaca.cl\\\/inicio\\\/#website\",\"url\":\"https:\\\/\\\/www.cftestataltarapaca.cl\\\/inicio\\\/\",\"name\":\"CFT Estatal Tarapac\u00e1\",\"description\":\"Admisi\u00f3n 2025\",\"publisher\":{\"@id\":\"https:\\\/\\\/www.cftestataltarapaca.cl\\\/inicio\\\/#organization\"},\"potentialAction\":[{\"@type\":\"SearchAction\",\"target\":{\"@type\":\"EntryPoint\",\"urlTemplate\":\"https:\\\/\\\/www.cftestataltarapaca.cl\\\/inicio\\\/?s={search_term_string}\"},\"query-input\":{\"@type\":\"PropertyValueSpecification\",\"valueRequired\":true,\"valueName\":\"search_term_string\"}}],\"inLanguage\":\"es\"},{\"@type\":\"Organization\",\"@id\":\"https:\\\/\\\/www.cftestataltarapaca.cl\\\/inicio\\\/#organization\",\"name\":\"CFT Estatal Tarapac\u00e1\",\"url\":\"https:\\\/\\\/www.cftestataltarapaca.cl\\\/inicio\\\/\",\"logo\":{\"@type\":\"ImageObject\",\"inLanguage\":\"es\",\"@id\":\"https:\\\/\\\/www.cftestataltarapaca.cl\\\/inicio\\\/#\\\/schema\\\/logo\\\/image\\\/\",\"url\":\"https:\\\/\\\/www.cftestataltarapaca.cl\\\/inicio\\\/wp-content\\\/uploads\\\/2019\\\/03\\\/logo-retina-1.png\",\"contentUrl\":\"https:\\\/\\\/www.cftestataltarapaca.cl\\\/inicio\\\/wp-content\\\/uploads\\\/2019\\\/03\\\/logo-retina-1.png\",\"width\":401,\"height\":150,\"caption\":\"CFT Estatal Tarapac\u00e1\"},\"image\":{\"@id\":\"https:\\\/\\\/www.cftestataltarapaca.cl\\\/inicio\\\/#\\\/schema\\\/logo\\\/image\\\/\"},\"sameAs\":[\"https:\\\/\\\/www.facebook.com\\\/CFTestataltarapaca\\\/\",\"https:\\\/\\\/x.com\\\/CFTesTarapaca\",\"https:\\\/\\\/www.instagram.com\\\/CFTestataltarapaca\\\/\"]},{\"@type\":\"Person\",\"@id\":\"https:\\\/\\\/www.cftestataltarapaca.cl\\\/inicio\\\/#\\\/schema\\\/person\\\/ad1fbfa1fa7c3d3889f4ae5401dd660e\",\"name\":\"Comunicaciones\",\"image\":{\"@type\":\"ImageObject\",\"inLanguage\":\"es\",\"@id\":\"https:\\\/\\\/secure.gravatar.com\\\/avatar\\\/ed1c2728327f20a5a62edaeb7dc181858f225b765044c5314c3d1059a1bd992f?s=96&d=mm&r=g\",\"url\":\"https:\\\/\\\/secure.gravatar.com\\\/avatar\\\/ed1c2728327f20a5a62edaeb7dc181858f225b765044c5314c3d1059a1bd992f?s=96&d=mm&r=g\",\"contentUrl\":\"https:\\\/\\\/secure.gravatar.com\\\/avatar\\\/ed1c2728327f20a5a62edaeb7dc181858f225b765044c5314c3d1059a1bd992f?s=96&d=mm&r=g\",\"caption\":\"Comunicaciones\"},\"sameAs\":[\"http:\\\/\\\/www.cftestataltarapaca.cl\"],\"url\":\"https:\\\/\\\/www.cftestataltarapaca.cl\\\/inicio\\\/author\\\/comunicaciones\\\/\"}]}<\/script>\n<!-- \/ Yoast SEO plugin. -->","yoast_head_json":{"title":"OTEC del CFT Estatal Tarapac\u00e1 lidera Taller de Liderazgo Inclusivo en Conferencia de Directores del SLEP Iquique - CFT Estatal Tarapac\u00e1","robots":{"index":"index","follow":"follow","max-snippet":"max-snippet:-1","max-image-preview":"max-image-preview:large","max-video-preview":"max-video-preview:-1"},"canonical":"https:\/\/www.cftestataltarapaca.cl\/inicio\/2024\/12\/03\/otec-del-cft-estatal-tarapaca-lidera-taller-de-liderazgo-inclusivo-en-conferencia-de-directores-del-slep-iquique\/","og_locale":"es_ES","og_type":"article","og_title":"OTEC del CFT Estatal Tarapac\u00e1 lidera Taller de Liderazgo Inclusivo en Conferencia de Directores del SLEP Iquique - CFT Estatal Tarapac\u00e1","og_description":"En el marco de la Segunda Conferencia de Directores y Directoras organizada por el Servicio Local de Educaci\u00f3n P\u00fablica (SLEP) Iquique, la OTEC del CFT Estatal Tarapac\u00e1 realiz\u00f3 con \u00e9xito...","og_url":"https:\/\/www.cftestataltarapaca.cl\/inicio\/2024\/12\/03\/otec-del-cft-estatal-tarapaca-lidera-taller-de-liderazgo-inclusivo-en-conferencia-de-directores-del-slep-iquique\/","og_site_name":"CFT Estatal Tarapac\u00e1","article_publisher":"https:\/\/www.facebook.com\/CFTestataltarapaca\/","article_published_time":"2024-12-04T02:13:58+00:00","article_modified_time":"2024-12-09T13:12:44+00:00","og_image":[{"width":1500,"height":1001,"url":"https:\/\/www.cftestataltarapaca.cl\/inicio\/wp-content\/uploads\/2024\/12\/Segunda-Jornada-Conferencia-directores-1.jpg","type":"image\/jpeg"}],"author":"Comunicaciones","twitter_card":"summary_large_image","twitter_creator":"@CFTesTarapaca","twitter_site":"@CFTesTarapaca","twitter_misc":{"Escrito por":"Comunicaciones","Tiempo de lectura":"1 minuto"},"schema":{"@context":"https:\/\/schema.org","@graph":[{"@type":"Article","@id":"https:\/\/www.cftestataltarapaca.cl\/inicio\/2024\/12\/03\/otec-del-cft-estatal-tarapaca-lidera-taller-de-liderazgo-inclusivo-en-conferencia-de-directores-del-slep-iquique\/#article","isPartOf":{"@id":"https:\/\/www.cftestataltarapaca.cl\/inicio\/2024\/12\/03\/otec-del-cft-estatal-tarapaca-lidera-taller-de-liderazgo-inclusivo-en-conferencia-de-directores-del-slep-iquique\/"},"author":{"name":"Comunicaciones","@id":"https:\/\/www.cftestataltarapaca.cl\/inicio\/#\/schema\/person\/ad1fbfa1fa7c3d3889f4ae5401dd660e"},"headline":"OTEC del CFT Estatal Tarapac\u00e1 lidera Taller de Liderazgo Inclusivo en Conferencia de Directores del SLEP Iquique","datePublished":"2024-12-04T02:13:58+00:00","dateModified":"2024-12-09T13:12:44+00:00","mainEntityOfPage":{"@id":"https:\/\/www.cftestataltarapaca.cl\/inicio\/2024\/12\/03\/otec-del-cft-estatal-tarapaca-lidera-taller-de-liderazgo-inclusivo-en-conferencia-de-directores-del-slep-iquique\/"},"wordCount":188,"commentCount":0,"publisher":{"@id":"https:\/\/www.cftestataltarapaca.cl\/inicio\/#organization"},"image":{"@id":"https:\/\/www.cftestataltarapaca.cl\/inicio\/2024\/12\/03\/otec-del-cft-estatal-tarapaca-lidera-taller-de-liderazgo-inclusivo-en-conferencia-de-directores-del-slep-iquique\/#primaryimage"},"thumbnailUrl":"https:\/\/www.cftestataltarapaca.cl\/inicio\/wp-content\/uploads\/2024\/12\/Segunda-Jornada-Conferencia-directores-1.jpg","articleSection":["DAE"],"inLanguage":"es","potentialAction":[{"@type":"CommentAction","name":"Comment","target":["https:\/\/www.cftestataltarapaca.cl\/inicio\/2024\/12\/03\/otec-del-cft-estatal-tarapaca-lidera-taller-de-liderazgo-inclusivo-en-conferencia-de-directores-del-slep-iquique\/#respond"]}]},{"@type":"WebPage","@id":"https:\/\/www.cftestataltarapaca.cl\/inicio\/2024\/12\/03\/otec-del-cft-estatal-tarapaca-lidera-taller-de-liderazgo-inclusivo-en-conferencia-de-directores-del-slep-iquique\/","url":"https:\/\/www.cftestataltarapaca.cl\/inicio\/2024\/12\/03\/otec-del-cft-estatal-tarapaca-lidera-taller-de-liderazgo-inclusivo-en-conferencia-de-directores-del-slep-iquique\/","name":"OTEC del CFT Estatal Tarapac\u00e1 lidera Taller de Liderazgo Inclusivo en Conferencia de Directores del SLEP Iquique - CFT Estatal Tarapac\u00e1","isPartOf":{"@id":"https:\/\/www.cftestataltarapaca.cl\/inicio\/#website"},"primaryImageOfPage":{"@id":"https:\/\/www.cftestataltarapaca.cl\/inicio\/2024\/12\/03\/otec-del-cft-estatal-tarapaca-lidera-taller-de-liderazgo-inclusivo-en-conferencia-de-directores-del-slep-iquique\/#primaryimage"},"image":{"@id":"https:\/\/www.cftestataltarapaca.cl\/inicio\/2024\/12\/03\/otec-del-cft-estatal-tarapaca-lidera-taller-de-liderazgo-inclusivo-en-conferencia-de-directores-del-slep-iquique\/#primaryimage"},"thumbnailUrl":"https:\/\/www.cftestataltarapaca.cl\/inicio\/wp-content\/uploads\/2024\/12\/Segunda-Jornada-Conferencia-directores-1.jpg","datePublished":"2024-12-04T02:13:58+00:00","dateModified":"2024-12-09T13:12:44+00:00","breadcrumb":{"@id":"https:\/\/www.cftestataltarapaca.cl\/inicio\/2024\/12\/03\/otec-del-cft-estatal-tarapaca-lidera-taller-de-liderazgo-inclusivo-en-conferencia-de-directores-del-slep-iquique\/#breadcrumb"},"inLanguage":"es","potentialAction":[{"@type":"ReadAction","target":["https:\/\/www.cftestataltarapaca.cl\/inicio\/2024\/12\/03\/otec-del-cft-estatal-tarapaca-lidera-taller-de-liderazgo-inclusivo-en-conferencia-de-directores-del-slep-iquique\/"]}]},{"@type":"ImageObject","inLanguage":"es","@id":"https:\/\/www.cftestataltarapaca.cl\/inicio\/2024\/12\/03\/otec-del-cft-estatal-tarapaca-lidera-taller-de-liderazgo-inclusivo-en-conferencia-de-directores-del-slep-iquique\/#primaryimage","url":"https:\/\/www.cftestataltarapaca.cl\/inicio\/wp-content\/uploads\/2024\/12\/Segunda-Jornada-Conferencia-directores-1.jpg","contentUrl":"https:\/\/www.cftestataltarapaca.cl\/inicio\/wp-content\/uploads\/2024\/12\/Segunda-Jornada-Conferencia-directores-1.jpg","width":1500,"height":1001},{"@type":"BreadcrumbList","@id":"https:\/\/www.cftestataltarapaca.cl\/inicio\/2024\/12\/03\/otec-del-cft-estatal-tarapaca-lidera-taller-de-liderazgo-inclusivo-en-conferencia-de-directores-del-slep-iquique\/#breadcrumb","itemListElement":[{"@type":"ListItem","position":1,"name":"Portada","item":"https:\/\/www.cftestataltarapaca.cl\/inicio\/"},{"@type":"ListItem","position":2,"name":"OTEC del CFT Estatal Tarapac\u00e1 lidera Taller de Liderazgo Inclusivo en Conferencia de Directores del SLEP Iquique"}]},{"@type":"WebSite","@id":"https:\/\/www.cftestataltarapaca.cl\/inicio\/#website","url":"https:\/\/www.cftestataltarapaca.cl\/inicio\/","name":"CFT Estatal Tarapac\u00e1","description":"Admisi\u00f3n 2025","publisher":{"@id":"https:\/\/www.cftestataltarapaca.cl\/inicio\/#organization"},"potentialAction":[{"@type":"SearchAction","target":{"@type":"EntryPoint","urlTemplate":"https:\/\/www.cftestataltarapaca.cl\/inicio\/?s={search_term_string}"},"query-input":{"@type":"PropertyValueSpecification","valueRequired":true,"valueName":"search_term_string"}}],"inLanguage":"es"},{"@type":"Organization","@id":"https:\/\/www.cftestataltarapaca.cl\/inicio\/#organization","name":"CFT Estatal Tarapac\u00e1","url":"https:\/\/www.cftestataltarapaca.cl\/inicio\/","logo":{"@type":"ImageObject","inLanguage":"es","@id":"https:\/\/www.cftestataltarapaca.cl\/inicio\/#\/schema\/logo\/image\/","url":"https:\/\/www.cftestataltarapaca.cl\/inicio\/wp-content\/uploads\/2019\/03\/logo-retina-1.png","contentUrl":"https:\/\/www.cftestataltarapaca.cl\/inicio\/wp-content\/uploads\/2019\/03\/logo-retina-1.png","width":401,"height":150,"caption":"CFT Estatal Tarapac\u00e1"},"image":{"@id":"https:\/\/www.cftestataltarapaca.cl\/inicio\/#\/schema\/logo\/image\/"},"sameAs":["https:\/\/www.facebook.com\/CFTestataltarapaca\/","https:\/\/x.com\/CFTesTarapaca","https:\/\/www.instagram.com\/CFTestataltarapaca\/"]},{"@type":"Person","@id":"https:\/\/www.cftestataltarapaca.cl\/inicio\/#\/schema\/person\/ad1fbfa1fa7c3d3889f4ae5401dd660e","name":"Comunicaciones","image":{"@type":"ImageObject","inLanguage":"es","@id":"https:\/\/secure.gravatar.com\/avatar\/ed1c2728327f20a5a62edaeb7dc181858f225b765044c5314c3d1059a1bd992f?s=96&d=mm&r=g","url":"https:\/\/secure.gravatar.com\/avatar\/ed1c2728327f20a5a62edaeb7dc181858f225b765044c5314c3d1059a1bd992f?s=96&d=mm&r=g","contentUrl":"https:\/\/secure.gravatar.com\/avatar\/ed1c2728327f20a5a62edaeb7dc181858f225b765044c5314c3d1059a1bd992f?s=96&d=mm&r=g","caption":"Comunicaciones"},"sameAs":["http:\/\/www.cftestataltarapaca.cl"],"url":"https:\/\/www.cftestataltarapaca.cl\/inicio\/author\/comunicaciones\/"}]}},"publishpress_future_action":{"enabled":false,"date":"2026-05-08 12:50:18","action":"change-status","newStatus":"draft","terms":[],"taxonomy":"category","extraData":[]},"publishpress_future_workflow_manual_trigger":{"enabledWorkflows":[]},"_links":{"self":[{"href":"https:\/\/www.cftestataltarapaca.cl\/inicio\/wp-json\/wp\/v2\/posts\/13054","targetHints":{"allow":["GET"]}}],"collection":[{"href":"https:\/\/www.cftestataltarapaca.cl\/inicio\/wp-json\/wp\/v2\/posts"}],"about":[{"href":"https:\/\/www.cftestataltarapaca.cl\/inicio\/wp-json\/wp\/v2\/types\/post"}],"author":[{"embeddable":true,"href":"https:\/\/www.cftestataltarapaca.cl\/inicio\/wp-json\/wp\/v2\/users\/2"}],"replies":[{"embeddable":true,"href":"https:\/\/www.cftestataltarapaca.cl\/inicio\/wp-json\/wp\/v2\/comments?post=13054"}],"version-history":[{"count":2,"href":"https:\/\/www.cftestataltarapaca.cl\/inicio\/wp-json\/wp\/v2\/posts\/13054\/revisions"}],"predecessor-version":[{"id":13064,"href":"https:\/\/www.cftestataltarapaca.cl\/inicio\/wp-json\/wp\/v2\/posts\/13054\/revisions\/13064"}],"wp:featuredmedia":[{"embeddable":true,"href":"https:\/\/www.cftestataltarapaca.cl\/inicio\/wp-json\/wp\/v2\/media\/13055"}],"wp:attachment":[{"href":"https:\/\/www.cftestataltarapaca.cl\/inicio\/wp-json\/wp\/v2\/media?parent=13054"}],"wp:term":[{"taxonomy":"category","embeddable":true,"href":"https:\/\/www.cftestataltarapaca.cl\/inicio\/wp-json\/wp\/v2\/categories?post=13054"},{"taxonomy":"post_tag","embeddable":true,"href":"https:\/\/www.cftestataltarapaca.cl\/inicio\/wp-json\/wp\/v2\/tags?post=13054"}],"curies":[{"name":"wp","href":"https:\/\/api.w.org\/{rel}","templated":true}]}}