{"id":15460,"date":"2025-10-09T16:14:32","date_gmt":"2025-10-09T19:14:32","guid":{"rendered":"https:\/\/www.cftestataltarapaca.cl\/inicio\/?p=15460"},"modified":"2025-10-13T16:25:30","modified_gmt":"2025-10-13T19:25:30","slug":"estudiantes-de-tns-en-comercio-exterior-realizan-visita-guiada-a-la-empresa-portuaria-iquique-epi","status":"publish","type":"post","link":"https:\/\/www.cftestataltarapaca.cl\/inicio\/2025\/10\/09\/estudiantes-de-tns-en-comercio-exterior-realizan-visita-guiada-a-la-empresa-portuaria-iquique-epi\/","title":{"rendered":"Estudiantes de TNS en Comercio Exterior realizan visita guiada a la Empresa Portuaria Iquique (EPI)"},"content":{"rendered":"<p style=\"text-align: justify;\">La carrera de T\u00e9cnico de Nivel Superior en Comercio Exterior del CFT Estatal de Tarapac\u00e1 particip\u00f3 en el programa \u201cVive Tu Puerto\u201d de la Empresa Portuaria Iquique (EPI), una experiencia formativa que acerca a las y los estudiantes a la realidad log\u00edstica regional. <!--more--><\/p>\n<p style=\"text-align: justify;\">Durante la jornada, las y los estudiantes pudieron conocer en terreno las operaciones del Puerto de Iquique y su relevancia dentro del comercio exterior y la econom\u00eda del norte de Chile. Estas instancias permiten conectar la formaci\u00f3n t\u00e9cnica con el entorno productivo, promoviendo el aprendizaje pr\u00e1ctico, la empleabilidad y la comprensi\u00f3n del rol estrat\u00e9gico que cumple la log\u00edstica portuaria en el desarrollo sostenible de Tarapac\u00e1.<\/p>\n<p style=\"text-align: justify;\">Sobre su experiencia durante la visita, Jessica Moreno, estudiante de 2do semestre de TNS en Comercio Exterior, valor\u00f3 la oportunidad de poder visitar las instalaciones de EPI afirmando que <em>\u00abme pareci\u00f3 una jornada maravillosa, no conoc\u00eda el puerto y haber venido me aporta mucho como tambi\u00e9n conocer sus estrategias a futuro\u00bb.<\/em><\/p>\n<p style=\"text-align: justify;\">Este tipo de iniciativas robustecen nuestra educaci\u00f3n t\u00e9cnica profesional conectada con el entorno productivo de la regi\u00f3n, donde las y los estudiantes ponen en ejercicio lo aprendido en el aula y se preparan para los desaf\u00edos que afrontar\u00e1n en el mundo laboral.<\/p>\n\n\t\t<style type=\"text\/css\">\n\t\t\t#gallery-1 {\n\t\t\t\tmargin: auto;\n\t\t\t}\n\t\t\t#gallery-1 .gallery-item {\n\t\t\t\tfloat: left;\n\t\t\t\tmargin-top: 10px;\n\t\t\t\ttext-align: center;\n\t\t\t\twidth: 50%;\n\t\t\t}\n\t\t\t#gallery-1 img {\n\t\t\t\tborder: 2px solid #cfcfcf;\n\t\t\t}\n\t\t\t#gallery-1 .gallery-caption {\n\t\t\t\tmargin-left: 0;\n\t\t\t}\n\t\t\t\/* see gallery_shortcode() in wp-includes\/media.php *\/\n\t\t<\/style>\n\t\t<div id='gallery-1' class='gallery galleryid-15460 gallery-columns-2 gallery-size-full'><dl class='gallery-item'>\n\t\t\t<dt class='gallery-icon landscape'>\n\t\t\t\t<a href='https:\/\/www.cftestataltarapaca.cl\/inicio\/2025\/10\/09\/estudiantes-de-tns-en-comercio-exterior-realizan-visita-guiada-a-la-empresa-portuaria-iquique-epi\/grupo_3_estudiantes-2\/'><img loading=\"lazy\" decoding=\"async\" width=\"2560\" height=\"1442\" src=\"https:\/\/www.cftestataltarapaca.cl\/inicio\/wp-content\/uploads\/2025\/10\/Grupo_3_Estudiantes-1-scaled.jpg\" class=\"attachment-full size-full\" alt=\"\" srcset=\"https:\/\/www.cftestataltarapaca.cl\/inicio\/wp-content\/uploads\/2025\/10\/Grupo_3_Estudiantes-1-scaled.jpg 2560w, https:\/\/www.cftestataltarapaca.cl\/inicio\/wp-content\/uploads\/2025\/10\/Grupo_3_Estudiantes-1-300x169.jpg 300w, https:\/\/www.cftestataltarapaca.cl\/inicio\/wp-content\/uploads\/2025\/10\/Grupo_3_Estudiantes-1-1024x577.jpg 1024w, https:\/\/www.cftestataltarapaca.cl\/inicio\/wp-content\/uploads\/2025\/10\/Grupo_3_Estudiantes-1-768x432.jpg 768w, https:\/\/www.cftestataltarapaca.cl\/inicio\/wp-content\/uploads\/2025\/10\/Grupo_3_Estudiantes-1-1536x865.jpg 1536w, https:\/\/www.cftestataltarapaca.cl\/inicio\/wp-content\/uploads\/2025\/10\/Grupo_3_Estudiantes-1-2048x1153.jpg 2048w\" sizes=\"auto, (max-width: 2560px) 100vw, 2560px\" \/><\/a>\n\t\t\t<\/dt><\/dl><dl class='gallery-item'>\n\t\t\t<dt class='gallery-icon landscape'>\n\t\t\t\t<a href='https:\/\/www.cftestataltarapaca.cl\/inicio\/2025\/10\/09\/estudiantes-de-tns-en-comercio-exterior-realizan-visita-guiada-a-la-empresa-portuaria-iquique-epi\/charla_1\/'><img loading=\"lazy\" decoding=\"async\" width=\"2560\" height=\"1442\" src=\"https:\/\/www.cftestataltarapaca.cl\/inicio\/wp-content\/uploads\/2025\/10\/Charla_1-scaled.jpg\" class=\"attachment-full size-full\" alt=\"\" srcset=\"https:\/\/www.cftestataltarapaca.cl\/inicio\/wp-content\/uploads\/2025\/10\/Charla_1-scaled.jpg 2560w, https:\/\/www.cftestataltarapaca.cl\/inicio\/wp-content\/uploads\/2025\/10\/Charla_1-300x169.jpg 300w, https:\/\/www.cftestataltarapaca.cl\/inicio\/wp-content\/uploads\/2025\/10\/Charla_1-1024x577.jpg 1024w, https:\/\/www.cftestataltarapaca.cl\/inicio\/wp-content\/uploads\/2025\/10\/Charla_1-768x432.jpg 768w, https:\/\/www.cftestataltarapaca.cl\/inicio\/wp-content\/uploads\/2025\/10\/Charla_1-1536x865.jpg 1536w, https:\/\/www.cftestataltarapaca.cl\/inicio\/wp-content\/uploads\/2025\/10\/Charla_1-2048x1153.jpg 2048w\" sizes=\"auto, (max-width: 2560px) 100vw, 2560px\" \/><\/a>\n\t\t\t<\/dt><\/dl><br style=\"clear: both\" \/><dl class='gallery-item'>\n\t\t\t<dt class='gallery-icon landscape'>\n\t\t\t\t<a href='https:\/\/www.cftestataltarapaca.cl\/inicio\/2025\/10\/09\/estudiantes-de-tns-en-comercio-exterior-realizan-visita-guiada-a-la-empresa-portuaria-iquique-epi\/charla_5\/'><img loading=\"lazy\" decoding=\"async\" width=\"2560\" height=\"1442\" src=\"https:\/\/www.cftestataltarapaca.cl\/inicio\/wp-content\/uploads\/2025\/10\/Charla_5-scaled.jpg\" class=\"attachment-full size-full\" alt=\"\" srcset=\"https:\/\/www.cftestataltarapaca.cl\/inicio\/wp-content\/uploads\/2025\/10\/Charla_5-scaled.jpg 2560w, https:\/\/www.cftestataltarapaca.cl\/inicio\/wp-content\/uploads\/2025\/10\/Charla_5-300x169.jpg 300w, https:\/\/www.cftestataltarapaca.cl\/inicio\/wp-content\/uploads\/2025\/10\/Charla_5-1024x577.jpg 1024w, https:\/\/www.cftestataltarapaca.cl\/inicio\/wp-content\/uploads\/2025\/10\/Charla_5-768x432.jpg 768w, https:\/\/www.cftestataltarapaca.cl\/inicio\/wp-content\/uploads\/2025\/10\/Charla_5-1536x865.jpg 1536w, https:\/\/www.cftestataltarapaca.cl\/inicio\/wp-content\/uploads\/2025\/10\/Charla_5-2048x1153.jpg 2048w\" sizes=\"auto, (max-width: 2560px) 100vw, 2560px\" \/><\/a>\n\t\t\t<\/dt><\/dl><dl class='gallery-item'>\n\t\t\t<dt class='gallery-icon landscape'>\n\t\t\t\t<a href='https:\/\/www.cftestataltarapaca.cl\/inicio\/2025\/10\/09\/estudiantes-de-tns-en-comercio-exterior-realizan-visita-guiada-a-la-empresa-portuaria-iquique-epi\/grupo_2_estudiantes\/'><img loading=\"lazy\" decoding=\"async\" width=\"2560\" height=\"1442\" src=\"https:\/\/www.cftestataltarapaca.cl\/inicio\/wp-content\/uploads\/2025\/10\/Grupo_2_Estudiantes-scaled.jpg\" class=\"attachment-full size-full\" alt=\"\" srcset=\"https:\/\/www.cftestataltarapaca.cl\/inicio\/wp-content\/uploads\/2025\/10\/Grupo_2_Estudiantes-scaled.jpg 2560w, https:\/\/www.cftestataltarapaca.cl\/inicio\/wp-content\/uploads\/2025\/10\/Grupo_2_Estudiantes-300x169.jpg 300w, https:\/\/www.cftestataltarapaca.cl\/inicio\/wp-content\/uploads\/2025\/10\/Grupo_2_Estudiantes-1024x577.jpg 1024w, https:\/\/www.cftestataltarapaca.cl\/inicio\/wp-content\/uploads\/2025\/10\/Grupo_2_Estudiantes-768x432.jpg 768w, https:\/\/www.cftestataltarapaca.cl\/inicio\/wp-content\/uploads\/2025\/10\/Grupo_2_Estudiantes-1536x865.jpg 1536w, https:\/\/www.cftestataltarapaca.cl\/inicio\/wp-content\/uploads\/2025\/10\/Grupo_2_Estudiantes-2048x1153.jpg 2048w\" sizes=\"auto, (max-width: 2560px) 100vw, 2560px\" \/><\/a>\n\t\t\t<\/dt><\/dl><br style=\"clear: both\" \/><dl class='gallery-item'>\n\t\t\t<dt class='gallery-icon landscape'>\n\t\t\t\t<a href='https:\/\/www.cftestataltarapaca.cl\/inicio\/2025\/10\/09\/estudiantes-de-tns-en-comercio-exterior-realizan-visita-guiada-a-la-empresa-portuaria-iquique-epi\/grupo_1_estudiantes\/'><img loading=\"lazy\" decoding=\"async\" width=\"2560\" height=\"1442\" src=\"https:\/\/www.cftestataltarapaca.cl\/inicio\/wp-content\/uploads\/2025\/10\/Grupo_1_Estudiantes-scaled.jpg\" class=\"attachment-full size-full\" alt=\"\" srcset=\"https:\/\/www.cftestataltarapaca.cl\/inicio\/wp-content\/uploads\/2025\/10\/Grupo_1_Estudiantes-scaled.jpg 2560w, https:\/\/www.cftestataltarapaca.cl\/inicio\/wp-content\/uploads\/2025\/10\/Grupo_1_Estudiantes-300x169.jpg 300w, https:\/\/www.cftestataltarapaca.cl\/inicio\/wp-content\/uploads\/2025\/10\/Grupo_1_Estudiantes-1024x577.jpg 1024w, https:\/\/www.cftestataltarapaca.cl\/inicio\/wp-content\/uploads\/2025\/10\/Grupo_1_Estudiantes-768x432.jpg 768w, https:\/\/www.cftestataltarapaca.cl\/inicio\/wp-content\/uploads\/2025\/10\/Grupo_1_Estudiantes-1536x865.jpg 1536w, https:\/\/www.cftestataltarapaca.cl\/inicio\/wp-content\/uploads\/2025\/10\/Grupo_1_Estudiantes-2048x1153.jpg 2048w\" sizes=\"auto, (max-width: 2560px) 100vw, 2560px\" \/><\/a>\n\t\t\t<\/dt><\/dl><dl class='gallery-item'>\n\t\t\t<dt class='gallery-icon landscape'>\n\t\t\t\t<a href='https:\/\/www.cftestataltarapaca.cl\/inicio\/2025\/10\/09\/estudiantes-de-tns-en-comercio-exterior-realizan-visita-guiada-a-la-empresa-portuaria-iquique-epi\/20251007_111036\/'><img loading=\"lazy\" decoding=\"async\" width=\"2560\" height=\"1442\" src=\"https:\/\/www.cftestataltarapaca.cl\/inicio\/wp-content\/uploads\/2025\/10\/20251007_111036-scaled.jpg\" class=\"attachment-full size-full\" alt=\"\" srcset=\"https:\/\/www.cftestataltarapaca.cl\/inicio\/wp-content\/uploads\/2025\/10\/20251007_111036-scaled.jpg 2560w, https:\/\/www.cftestataltarapaca.cl\/inicio\/wp-content\/uploads\/2025\/10\/20251007_111036-300x169.jpg 300w, https:\/\/www.cftestataltarapaca.cl\/inicio\/wp-content\/uploads\/2025\/10\/20251007_111036-1024x577.jpg 1024w, https:\/\/www.cftestataltarapaca.cl\/inicio\/wp-content\/uploads\/2025\/10\/20251007_111036-768x432.jpg 768w, https:\/\/www.cftestataltarapaca.cl\/inicio\/wp-content\/uploads\/2025\/10\/20251007_111036-1536x865.jpg 1536w, https:\/\/www.cftestataltarapaca.cl\/inicio\/wp-content\/uploads\/2025\/10\/20251007_111036-2048x1153.jpg 2048w\" sizes=\"auto, (max-width: 2560px) 100vw, 2560px\" \/><\/a>\n\t\t\t<\/dt><\/dl><br style=\"clear: both\" \/>\n\t\t<\/div>\n\n","protected":false},"excerpt":{"rendered":"<p>La carrera de T\u00e9cnico de Nivel Superior en Comercio Exterior del CFT Estatal de Tarapac\u00e1 particip\u00f3 en el programa \u201cVive Tu Puerto\u201d de la Empresa Portuaria Iquique (EPI), una experiencia&#8230;<\/p>\n","protected":false},"author":2,"featured_media":15462,"comment_status":"open","ping_status":"open","sticky":false,"template":"","format":"standard","meta":{"_joinchat":[],"footnotes":""},"categories":[49,45],"tags":[],"class_list":["post-15460","post","type-post","status-publish","format-standard","has-post-thumbnail","hentry","category-academico","category-vinculacion"],"yoast_head":"<!-- This site is optimized with the Yoast SEO plugin v27.4 - https:\/\/yoast.com\/product\/yoast-seo-wordpress\/ -->\n<title>Estudiantes de TNS en Comercio Exterior realizan visita guiada a la Empresa Portuaria Iquique (EPI) - CFT Estatal Tarapac\u00e1<\/title>\n<meta name=\"robots\" content=\"index, follow, max-snippet:-1, max-image-preview:large, max-video-preview:-1\" \/>\n<link rel=\"canonical\" href=\"https:\/\/www.cftestataltarapaca.cl\/inicio\/2025\/10\/09\/estudiantes-de-tns-en-comercio-exterior-realizan-visita-guiada-a-la-empresa-portuaria-iquique-epi\/\" \/>\n<meta property=\"og:locale\" content=\"es_ES\" \/>\n<meta property=\"og:type\" content=\"article\" \/>\n<meta property=\"og:title\" content=\"Estudiantes de TNS en Comercio Exterior realizan visita guiada a la Empresa Portuaria Iquique (EPI) - CFT Estatal Tarapac\u00e1\" \/>\n<meta property=\"og:description\" content=\"La carrera de T\u00e9cnico de Nivel Superior en Comercio Exterior del CFT Estatal de Tarapac\u00e1 particip\u00f3 en el programa \u201cVive Tu Puerto\u201d de la Empresa Portuaria Iquique (EPI), una experiencia...\" \/>\n<meta property=\"og:url\" content=\"https:\/\/www.cftestataltarapaca.cl\/inicio\/2025\/10\/09\/estudiantes-de-tns-en-comercio-exterior-realizan-visita-guiada-a-la-empresa-portuaria-iquique-epi\/\" \/>\n<meta property=\"og:site_name\" content=\"CFT Estatal Tarapac\u00e1\" \/>\n<meta property=\"article:publisher\" content=\"https:\/\/www.facebook.com\/CFTestataltarapaca\/\" \/>\n<meta property=\"article:published_time\" content=\"2025-10-09T19:14:32+00:00\" \/>\n<meta property=\"article:modified_time\" content=\"2025-10-13T19:25:30+00:00\" \/>\n<meta property=\"og:image\" content=\"https:\/\/www.cftestataltarapaca.cl\/inicio\/wp-content\/uploads\/2025\/10\/Grupo_3_Estudiantes-scaled.jpg\" \/>\n\t<meta property=\"og:image:width\" content=\"2560\" \/>\n\t<meta property=\"og:image:height\" content=\"1442\" \/>\n\t<meta property=\"og:image:type\" content=\"image\/jpeg\" \/>\n<meta name=\"author\" content=\"Comunicaciones\" \/>\n<meta name=\"twitter:card\" content=\"summary_large_image\" \/>\n<meta name=\"twitter:creator\" content=\"@CFTesTarapaca\" \/>\n<meta name=\"twitter:site\" content=\"@CFTesTarapaca\" \/>\n<meta name=\"twitter:label1\" content=\"Escrito por\" \/>\n\t<meta name=\"twitter:data1\" content=\"Comunicaciones\" \/>\n\t<meta name=\"twitter:label2\" content=\"Tiempo de lectura\" \/>\n\t<meta name=\"twitter:data2\" content=\"2 minutos\" \/>\n<script type=\"application\/ld+json\" class=\"yoast-schema-graph\">{\"@context\":\"https:\\\/\\\/schema.org\",\"@graph\":[{\"@type\":\"Article\",\"@id\":\"https:\\\/\\\/www.cftestataltarapaca.cl\\\/inicio\\\/2025\\\/10\\\/09\\\/estudiantes-de-tns-en-comercio-exterior-realizan-visita-guiada-a-la-empresa-portuaria-iquique-epi\\\/#article\",\"isPartOf\":{\"@id\":\"https:\\\/\\\/www.cftestataltarapaca.cl\\\/inicio\\\/2025\\\/10\\\/09\\\/estudiantes-de-tns-en-comercio-exterior-realizan-visita-guiada-a-la-empresa-portuaria-iquique-epi\\\/\"},\"author\":{\"name\":\"Comunicaciones\",\"@id\":\"https:\\\/\\\/www.cftestataltarapaca.cl\\\/inicio\\\/#\\\/schema\\\/person\\\/ad1fbfa1fa7c3d3889f4ae5401dd660e\"},\"headline\":\"Estudiantes de TNS en Comercio Exterior realizan visita guiada a la Empresa Portuaria Iquique (EPI)\",\"datePublished\":\"2025-10-09T19:14:32+00:00\",\"dateModified\":\"2025-10-13T19:25:30+00:00\",\"mainEntityOfPage\":{\"@id\":\"https:\\\/\\\/www.cftestataltarapaca.cl\\\/inicio\\\/2025\\\/10\\\/09\\\/estudiantes-de-tns-en-comercio-exterior-realizan-visita-guiada-a-la-empresa-portuaria-iquique-epi\\\/\"},\"wordCount\":237,\"commentCount\":0,\"publisher\":{\"@id\":\"https:\\\/\\\/www.cftestataltarapaca.cl\\\/inicio\\\/#organization\"},\"image\":{\"@id\":\"https:\\\/\\\/www.cftestataltarapaca.cl\\\/inicio\\\/2025\\\/10\\\/09\\\/estudiantes-de-tns-en-comercio-exterior-realizan-visita-guiada-a-la-empresa-portuaria-iquique-epi\\\/#primaryimage\"},\"thumbnailUrl\":\"https:\\\/\\\/www.cftestataltarapaca.cl\\\/inicio\\\/wp-content\\\/uploads\\\/2025\\\/10\\\/Grupo_3_Estudiantes-scaled.jpg\",\"articleSection\":[\"Acad\u00e9mico\",\"Vinculaci\u00f3n\"],\"inLanguage\":\"es\",\"potentialAction\":[{\"@type\":\"CommentAction\",\"name\":\"Comment\",\"target\":[\"https:\\\/\\\/www.cftestataltarapaca.cl\\\/inicio\\\/2025\\\/10\\\/09\\\/estudiantes-de-tns-en-comercio-exterior-realizan-visita-guiada-a-la-empresa-portuaria-iquique-epi\\\/#respond\"]}]},{\"@type\":\"WebPage\",\"@id\":\"https:\\\/\\\/www.cftestataltarapaca.cl\\\/inicio\\\/2025\\\/10\\\/09\\\/estudiantes-de-tns-en-comercio-exterior-realizan-visita-guiada-a-la-empresa-portuaria-iquique-epi\\\/\",\"url\":\"https:\\\/\\\/www.cftestataltarapaca.cl\\\/inicio\\\/2025\\\/10\\\/09\\\/estudiantes-de-tns-en-comercio-exterior-realizan-visita-guiada-a-la-empresa-portuaria-iquique-epi\\\/\",\"name\":\"Estudiantes de TNS en Comercio Exterior realizan visita guiada a la Empresa Portuaria Iquique (EPI) - CFT Estatal Tarapac\u00e1\",\"isPartOf\":{\"@id\":\"https:\\\/\\\/www.cftestataltarapaca.cl\\\/inicio\\\/#website\"},\"primaryImageOfPage\":{\"@id\":\"https:\\\/\\\/www.cftestataltarapaca.cl\\\/inicio\\\/2025\\\/10\\\/09\\\/estudiantes-de-tns-en-comercio-exterior-realizan-visita-guiada-a-la-empresa-portuaria-iquique-epi\\\/#primaryimage\"},\"image\":{\"@id\":\"https:\\\/\\\/www.cftestataltarapaca.cl\\\/inicio\\\/2025\\\/10\\\/09\\\/estudiantes-de-tns-en-comercio-exterior-realizan-visita-guiada-a-la-empresa-portuaria-iquique-epi\\\/#primaryimage\"},\"thumbnailUrl\":\"https:\\\/\\\/www.cftestataltarapaca.cl\\\/inicio\\\/wp-content\\\/uploads\\\/2025\\\/10\\\/Grupo_3_Estudiantes-scaled.jpg\",\"datePublished\":\"2025-10-09T19:14:32+00:00\",\"dateModified\":\"2025-10-13T19:25:30+00:00\",\"breadcrumb\":{\"@id\":\"https:\\\/\\\/www.cftestataltarapaca.cl\\\/inicio\\\/2025\\\/10\\\/09\\\/estudiantes-de-tns-en-comercio-exterior-realizan-visita-guiada-a-la-empresa-portuaria-iquique-epi\\\/#breadcrumb\"},\"inLanguage\":\"es\",\"potentialAction\":[{\"@type\":\"ReadAction\",\"target\":[\"https:\\\/\\\/www.cftestataltarapaca.cl\\\/inicio\\\/2025\\\/10\\\/09\\\/estudiantes-de-tns-en-comercio-exterior-realizan-visita-guiada-a-la-empresa-portuaria-iquique-epi\\\/\"]}]},{\"@type\":\"ImageObject\",\"inLanguage\":\"es\",\"@id\":\"https:\\\/\\\/www.cftestataltarapaca.cl\\\/inicio\\\/2025\\\/10\\\/09\\\/estudiantes-de-tns-en-comercio-exterior-realizan-visita-guiada-a-la-empresa-portuaria-iquique-epi\\\/#primaryimage\",\"url\":\"https:\\\/\\\/www.cftestataltarapaca.cl\\\/inicio\\\/wp-content\\\/uploads\\\/2025\\\/10\\\/Grupo_3_Estudiantes-scaled.jpg\",\"contentUrl\":\"https:\\\/\\\/www.cftestataltarapaca.cl\\\/inicio\\\/wp-content\\\/uploads\\\/2025\\\/10\\\/Grupo_3_Estudiantes-scaled.jpg\",\"width\":2560,\"height\":1442},{\"@type\":\"BreadcrumbList\",\"@id\":\"https:\\\/\\\/www.cftestataltarapaca.cl\\\/inicio\\\/2025\\\/10\\\/09\\\/estudiantes-de-tns-en-comercio-exterior-realizan-visita-guiada-a-la-empresa-portuaria-iquique-epi\\\/#breadcrumb\",\"itemListElement\":[{\"@type\":\"ListItem\",\"position\":1,\"name\":\"Portada\",\"item\":\"https:\\\/\\\/www.cftestataltarapaca.cl\\\/inicio\\\/\"},{\"@type\":\"ListItem\",\"position\":2,\"name\":\"Estudiantes de TNS en Comercio Exterior realizan visita guiada a la Empresa Portuaria Iquique (EPI)\"}]},{\"@type\":\"WebSite\",\"@id\":\"https:\\\/\\\/www.cftestataltarapaca.cl\\\/inicio\\\/#website\",\"url\":\"https:\\\/\\\/www.cftestataltarapaca.cl\\\/inicio\\\/\",\"name\":\"CFT Estatal Tarapac\u00e1\",\"description\":\"Admisi\u00f3n 2025\",\"publisher\":{\"@id\":\"https:\\\/\\\/www.cftestataltarapaca.cl\\\/inicio\\\/#organization\"},\"potentialAction\":[{\"@type\":\"SearchAction\",\"target\":{\"@type\":\"EntryPoint\",\"urlTemplate\":\"https:\\\/\\\/www.cftestataltarapaca.cl\\\/inicio\\\/?s={search_term_string}\"},\"query-input\":{\"@type\":\"PropertyValueSpecification\",\"valueRequired\":true,\"valueName\":\"search_term_string\"}}],\"inLanguage\":\"es\"},{\"@type\":\"Organization\",\"@id\":\"https:\\\/\\\/www.cftestataltarapaca.cl\\\/inicio\\\/#organization\",\"name\":\"CFT Estatal Tarapac\u00e1\",\"url\":\"https:\\\/\\\/www.cftestataltarapaca.cl\\\/inicio\\\/\",\"logo\":{\"@type\":\"ImageObject\",\"inLanguage\":\"es\",\"@id\":\"https:\\\/\\\/www.cftestataltarapaca.cl\\\/inicio\\\/#\\\/schema\\\/logo\\\/image\\\/\",\"url\":\"https:\\\/\\\/www.cftestataltarapaca.cl\\\/inicio\\\/wp-content\\\/uploads\\\/2019\\\/03\\\/logo-retina-1.png\",\"contentUrl\":\"https:\\\/\\\/www.cftestataltarapaca.cl\\\/inicio\\\/wp-content\\\/uploads\\\/2019\\\/03\\\/logo-retina-1.png\",\"width\":401,\"height\":150,\"caption\":\"CFT Estatal Tarapac\u00e1\"},\"image\":{\"@id\":\"https:\\\/\\\/www.cftestataltarapaca.cl\\\/inicio\\\/#\\\/schema\\\/logo\\\/image\\\/\"},\"sameAs\":[\"https:\\\/\\\/www.facebook.com\\\/CFTestataltarapaca\\\/\",\"https:\\\/\\\/x.com\\\/CFTesTarapaca\",\"https:\\\/\\\/www.instagram.com\\\/CFTestataltarapaca\\\/\"]},{\"@type\":\"Person\",\"@id\":\"https:\\\/\\\/www.cftestataltarapaca.cl\\\/inicio\\\/#\\\/schema\\\/person\\\/ad1fbfa1fa7c3d3889f4ae5401dd660e\",\"name\":\"Comunicaciones\",\"image\":{\"@type\":\"ImageObject\",\"inLanguage\":\"es\",\"@id\":\"https:\\\/\\\/secure.gravatar.com\\\/avatar\\\/ed1c2728327f20a5a62edaeb7dc181858f225b765044c5314c3d1059a1bd992f?s=96&d=mm&r=g\",\"url\":\"https:\\\/\\\/secure.gravatar.com\\\/avatar\\\/ed1c2728327f20a5a62edaeb7dc181858f225b765044c5314c3d1059a1bd992f?s=96&d=mm&r=g\",\"contentUrl\":\"https:\\\/\\\/secure.gravatar.com\\\/avatar\\\/ed1c2728327f20a5a62edaeb7dc181858f225b765044c5314c3d1059a1bd992f?s=96&d=mm&r=g\",\"caption\":\"Comunicaciones\"},\"sameAs\":[\"http:\\\/\\\/www.cftestataltarapaca.cl\"],\"url\":\"https:\\\/\\\/www.cftestataltarapaca.cl\\\/inicio\\\/author\\\/comunicaciones\\\/\"}]}<\/script>\n<!-- \/ Yoast SEO plugin. -->","yoast_head_json":{"title":"Estudiantes de TNS en Comercio Exterior realizan visita guiada a la Empresa Portuaria Iquique (EPI) - CFT Estatal Tarapac\u00e1","robots":{"index":"index","follow":"follow","max-snippet":"max-snippet:-1","max-image-preview":"max-image-preview:large","max-video-preview":"max-video-preview:-1"},"canonical":"https:\/\/www.cftestataltarapaca.cl\/inicio\/2025\/10\/09\/estudiantes-de-tns-en-comercio-exterior-realizan-visita-guiada-a-la-empresa-portuaria-iquique-epi\/","og_locale":"es_ES","og_type":"article","og_title":"Estudiantes de TNS en Comercio Exterior realizan visita guiada a la Empresa Portuaria Iquique (EPI) - CFT Estatal Tarapac\u00e1","og_description":"La carrera de T\u00e9cnico de Nivel Superior en Comercio Exterior del CFT Estatal de Tarapac\u00e1 particip\u00f3 en el programa \u201cVive Tu Puerto\u201d de la Empresa Portuaria Iquique (EPI), una experiencia...","og_url":"https:\/\/www.cftestataltarapaca.cl\/inicio\/2025\/10\/09\/estudiantes-de-tns-en-comercio-exterior-realizan-visita-guiada-a-la-empresa-portuaria-iquique-epi\/","og_site_name":"CFT Estatal Tarapac\u00e1","article_publisher":"https:\/\/www.facebook.com\/CFTestataltarapaca\/","article_published_time":"2025-10-09T19:14:32+00:00","article_modified_time":"2025-10-13T19:25:30+00:00","og_image":[{"width":2560,"height":1442,"url":"https:\/\/www.cftestataltarapaca.cl\/inicio\/wp-content\/uploads\/2025\/10\/Grupo_3_Estudiantes-scaled.jpg","type":"image\/jpeg"}],"author":"Comunicaciones","twitter_card":"summary_large_image","twitter_creator":"@CFTesTarapaca","twitter_site":"@CFTesTarapaca","twitter_misc":{"Escrito por":"Comunicaciones","Tiempo de lectura":"2 minutos"},"schema":{"@context":"https:\/\/schema.org","@graph":[{"@type":"Article","@id":"https:\/\/www.cftestataltarapaca.cl\/inicio\/2025\/10\/09\/estudiantes-de-tns-en-comercio-exterior-realizan-visita-guiada-a-la-empresa-portuaria-iquique-epi\/#article","isPartOf":{"@id":"https:\/\/www.cftestataltarapaca.cl\/inicio\/2025\/10\/09\/estudiantes-de-tns-en-comercio-exterior-realizan-visita-guiada-a-la-empresa-portuaria-iquique-epi\/"},"author":{"name":"Comunicaciones","@id":"https:\/\/www.cftestataltarapaca.cl\/inicio\/#\/schema\/person\/ad1fbfa1fa7c3d3889f4ae5401dd660e"},"headline":"Estudiantes de TNS en Comercio Exterior realizan visita guiada a la Empresa Portuaria Iquique (EPI)","datePublished":"2025-10-09T19:14:32+00:00","dateModified":"2025-10-13T19:25:30+00:00","mainEntityOfPage":{"@id":"https:\/\/www.cftestataltarapaca.cl\/inicio\/2025\/10\/09\/estudiantes-de-tns-en-comercio-exterior-realizan-visita-guiada-a-la-empresa-portuaria-iquique-epi\/"},"wordCount":237,"commentCount":0,"publisher":{"@id":"https:\/\/www.cftestataltarapaca.cl\/inicio\/#organization"},"image":{"@id":"https:\/\/www.cftestataltarapaca.cl\/inicio\/2025\/10\/09\/estudiantes-de-tns-en-comercio-exterior-realizan-visita-guiada-a-la-empresa-portuaria-iquique-epi\/#primaryimage"},"thumbnailUrl":"https:\/\/www.cftestataltarapaca.cl\/inicio\/wp-content\/uploads\/2025\/10\/Grupo_3_Estudiantes-scaled.jpg","articleSection":["Acad\u00e9mico","Vinculaci\u00f3n"],"inLanguage":"es","potentialAction":[{"@type":"CommentAction","name":"Comment","target":["https:\/\/www.cftestataltarapaca.cl\/inicio\/2025\/10\/09\/estudiantes-de-tns-en-comercio-exterior-realizan-visita-guiada-a-la-empresa-portuaria-iquique-epi\/#respond"]}]},{"@type":"WebPage","@id":"https:\/\/www.cftestataltarapaca.cl\/inicio\/2025\/10\/09\/estudiantes-de-tns-en-comercio-exterior-realizan-visita-guiada-a-la-empresa-portuaria-iquique-epi\/","url":"https:\/\/www.cftestataltarapaca.cl\/inicio\/2025\/10\/09\/estudiantes-de-tns-en-comercio-exterior-realizan-visita-guiada-a-la-empresa-portuaria-iquique-epi\/","name":"Estudiantes de TNS en Comercio Exterior realizan visita guiada a la Empresa Portuaria Iquique (EPI) - CFT Estatal Tarapac\u00e1","isPartOf":{"@id":"https:\/\/www.cftestataltarapaca.cl\/inicio\/#website"},"primaryImageOfPage":{"@id":"https:\/\/www.cftestataltarapaca.cl\/inicio\/2025\/10\/09\/estudiantes-de-tns-en-comercio-exterior-realizan-visita-guiada-a-la-empresa-portuaria-iquique-epi\/#primaryimage"},"image":{"@id":"https:\/\/www.cftestataltarapaca.cl\/inicio\/2025\/10\/09\/estudiantes-de-tns-en-comercio-exterior-realizan-visita-guiada-a-la-empresa-portuaria-iquique-epi\/#primaryimage"},"thumbnailUrl":"https:\/\/www.cftestataltarapaca.cl\/inicio\/wp-content\/uploads\/2025\/10\/Grupo_3_Estudiantes-scaled.jpg","datePublished":"2025-10-09T19:14:32+00:00","dateModified":"2025-10-13T19:25:30+00:00","breadcrumb":{"@id":"https:\/\/www.cftestataltarapaca.cl\/inicio\/2025\/10\/09\/estudiantes-de-tns-en-comercio-exterior-realizan-visita-guiada-a-la-empresa-portuaria-iquique-epi\/#breadcrumb"},"inLanguage":"es","potentialAction":[{"@type":"ReadAction","target":["https:\/\/www.cftestataltarapaca.cl\/inicio\/2025\/10\/09\/estudiantes-de-tns-en-comercio-exterior-realizan-visita-guiada-a-la-empresa-portuaria-iquique-epi\/"]}]},{"@type":"ImageObject","inLanguage":"es","@id":"https:\/\/www.cftestataltarapaca.cl\/inicio\/2025\/10\/09\/estudiantes-de-tns-en-comercio-exterior-realizan-visita-guiada-a-la-empresa-portuaria-iquique-epi\/#primaryimage","url":"https:\/\/www.cftestataltarapaca.cl\/inicio\/wp-content\/uploads\/2025\/10\/Grupo_3_Estudiantes-scaled.jpg","contentUrl":"https:\/\/www.cftestataltarapaca.cl\/inicio\/wp-content\/uploads\/2025\/10\/Grupo_3_Estudiantes-scaled.jpg","width":2560,"height":1442},{"@type":"BreadcrumbList","@id":"https:\/\/www.cftestataltarapaca.cl\/inicio\/2025\/10\/09\/estudiantes-de-tns-en-comercio-exterior-realizan-visita-guiada-a-la-empresa-portuaria-iquique-epi\/#breadcrumb","itemListElement":[{"@type":"ListItem","position":1,"name":"Portada","item":"https:\/\/www.cftestataltarapaca.cl\/inicio\/"},{"@type":"ListItem","position":2,"name":"Estudiantes de TNS en Comercio Exterior realizan visita guiada a la Empresa Portuaria Iquique (EPI)"}]},{"@type":"WebSite","@id":"https:\/\/www.cftestataltarapaca.cl\/inicio\/#website","url":"https:\/\/www.cftestataltarapaca.cl\/inicio\/","name":"CFT Estatal Tarapac\u00e1","description":"Admisi\u00f3n 2025","publisher":{"@id":"https:\/\/www.cftestataltarapaca.cl\/inicio\/#organization"},"potentialAction":[{"@type":"SearchAction","target":{"@type":"EntryPoint","urlTemplate":"https:\/\/www.cftestataltarapaca.cl\/inicio\/?s={search_term_string}"},"query-input":{"@type":"PropertyValueSpecification","valueRequired":true,"valueName":"search_term_string"}}],"inLanguage":"es"},{"@type":"Organization","@id":"https:\/\/www.cftestataltarapaca.cl\/inicio\/#organization","name":"CFT Estatal Tarapac\u00e1","url":"https:\/\/www.cftestataltarapaca.cl\/inicio\/","logo":{"@type":"ImageObject","inLanguage":"es","@id":"https:\/\/www.cftestataltarapaca.cl\/inicio\/#\/schema\/logo\/image\/","url":"https:\/\/www.cftestataltarapaca.cl\/inicio\/wp-content\/uploads\/2019\/03\/logo-retina-1.png","contentUrl":"https:\/\/www.cftestataltarapaca.cl\/inicio\/wp-content\/uploads\/2019\/03\/logo-retina-1.png","width":401,"height":150,"caption":"CFT Estatal Tarapac\u00e1"},"image":{"@id":"https:\/\/www.cftestataltarapaca.cl\/inicio\/#\/schema\/logo\/image\/"},"sameAs":["https:\/\/www.facebook.com\/CFTestataltarapaca\/","https:\/\/x.com\/CFTesTarapaca","https:\/\/www.instagram.com\/CFTestataltarapaca\/"]},{"@type":"Person","@id":"https:\/\/www.cftestataltarapaca.cl\/inicio\/#\/schema\/person\/ad1fbfa1fa7c3d3889f4ae5401dd660e","name":"Comunicaciones","image":{"@type":"ImageObject","inLanguage":"es","@id":"https:\/\/secure.gravatar.com\/avatar\/ed1c2728327f20a5a62edaeb7dc181858f225b765044c5314c3d1059a1bd992f?s=96&d=mm&r=g","url":"https:\/\/secure.gravatar.com\/avatar\/ed1c2728327f20a5a62edaeb7dc181858f225b765044c5314c3d1059a1bd992f?s=96&d=mm&r=g","contentUrl":"https:\/\/secure.gravatar.com\/avatar\/ed1c2728327f20a5a62edaeb7dc181858f225b765044c5314c3d1059a1bd992f?s=96&d=mm&r=g","caption":"Comunicaciones"},"sameAs":["http:\/\/www.cftestataltarapaca.cl"],"url":"https:\/\/www.cftestataltarapaca.cl\/inicio\/author\/comunicaciones\/"}]}},"publishpress_future_action":{"enabled":false,"date":"2026-05-08 15:09:57","action":"change-status","newStatus":"draft","terms":[],"taxonomy":"category","extraData":[]},"publishpress_future_workflow_manual_trigger":{"enabledWorkflows":[]},"_links":{"self":[{"href":"https:\/\/www.cftestataltarapaca.cl\/inicio\/wp-json\/wp\/v2\/posts\/15460","targetHints":{"allow":["GET"]}}],"collection":[{"href":"https:\/\/www.cftestataltarapaca.cl\/inicio\/wp-json\/wp\/v2\/posts"}],"about":[{"href":"https:\/\/www.cftestataltarapaca.cl\/inicio\/wp-json\/wp\/v2\/types\/post"}],"author":[{"embeddable":true,"href":"https:\/\/www.cftestataltarapaca.cl\/inicio\/wp-json\/wp\/v2\/users\/2"}],"replies":[{"embeddable":true,"href":"https:\/\/www.cftestataltarapaca.cl\/inicio\/wp-json\/wp\/v2\/comments?post=15460"}],"version-history":[{"count":4,"href":"https:\/\/www.cftestataltarapaca.cl\/inicio\/wp-json\/wp\/v2\/posts\/15460\/revisions"}],"predecessor-version":[{"id":15502,"href":"https:\/\/www.cftestataltarapaca.cl\/inicio\/wp-json\/wp\/v2\/posts\/15460\/revisions\/15502"}],"wp:featuredmedia":[{"embeddable":true,"href":"https:\/\/www.cftestataltarapaca.cl\/inicio\/wp-json\/wp\/v2\/media\/15462"}],"wp:attachment":[{"href":"https:\/\/www.cftestataltarapaca.cl\/inicio\/wp-json\/wp\/v2\/media?parent=15460"}],"wp:term":[{"taxonomy":"category","embeddable":true,"href":"https:\/\/www.cftestataltarapaca.cl\/inicio\/wp-json\/wp\/v2\/categories?post=15460"},{"taxonomy":"post_tag","embeddable":true,"href":"https:\/\/www.cftestataltarapaca.cl\/inicio\/wp-json\/wp\/v2\/tags?post=15460"}],"curies":[{"name":"wp","href":"https:\/\/api.w.org\/{rel}","templated":true}]}}