{"id":15774,"date":"2025-11-10T11:48:46","date_gmt":"2025-11-10T14:48:46","guid":{"rendered":"https:\/\/www.cftestataltarapaca.cl\/inicio\/?p=15774"},"modified":"2026-04-23T16:03:01","modified_gmt":"2026-04-23T20:03:01","slug":"nuestros-estudiantes-de-trabajo-social-participaron-de-jornada-por-los-derechos-del-nino-en-huara","status":"publish","type":"post","link":"https:\/\/www.cftestataltarapaca.cl\/inicio\/2025\/11\/10\/nuestros-estudiantes-de-trabajo-social-participaron-de-jornada-por-los-derechos-del-nino-en-huara\/","title":{"rendered":"Nuestros estudiantes de Trabajo Social participaron de jornada por los Derechos del Ni\u00f1o en Huara"},"content":{"rendered":"<p style=\"text-align: justify;\">En el contexto de la conmemoraci\u00f3n de la Declaraci\u00f3n de los Derechos del Ni\u00f1o, la Oficina Local de la Ni\u00f1ez (OLN) de Huara realiz\u00f3, el pasado martes 4 de noviembre, una jornada comunitaria para promover el Buen Trato y la Parentalidad Social. A esta actividad se sumaron estudiantes de la carrera T\u00e9cnica de Nivel Superior en Trabajo Social del CFT Estatal de Tarapac\u00e1, quienes participaron activamente como parte de su proceso formativo.<!--more--><\/p>\n<p style=\"text-align: justify;\">Esta experiencia se enmarca en la campa\u00f1a nacional \u201cBuen Trato en Movimiento\u201d impulsada por la Subsecretar\u00eda de la Ni\u00f1ez, que invita a toda la ciudadan\u00eda a transformar el buen trato en cultura real, concreta y cotidiana hacia ni\u00f1os, ni\u00f1as y adolescentes (NNA). En esta ocasi\u00f3n, la actividad se desarroll\u00f3 junto a ni\u00f1os y ni\u00f1as desde Prek\u00ednder a 4\u00b0 B\u00e1sico del Liceo de Huara, sus equipos docentes y de Convivencia Escolar, reforzando la importancia de la participaci\u00f3n comunitaria y la corresponsabilidad en la protecci\u00f3n de la infancia.<\/p>\n<p style=\"text-align: justify;\">En el encuentro nuestros estudiantes junto al personal del OLN impartieron dos talleres participativos: Taller \u00abNuestra Voz, Nuestros Derechos\u00bb y Taller \u00abEl Mapa de los Afectos: Identificando el Buen Trato\u00bb, ambas actividades se desarrollaron desde el enfoque de derechos y el paradigma sist\u00e9mico, enfatizando el rol del Trabajo Social en la validaci\u00f3n de la voz de la infancia y la construcci\u00f3n de entornos protectores.<\/p>\n<p>Adem\u00e1s, otro equipo de nuestros estudiantes acompa\u00f1\u00f3 al Centro Diurno del Adulto Mayor (CEDIAM), donde se realizaron din\u00e1micas para fortalecer el autoestima y la vejez activa. Tambi\u00e9n se efectu\u00f3 el taller \u00abEl Tesoro de Huara\u00bb, centrado en empat\u00eda y v\u00ednculos afectivos y un \u00abmal\u00f3n de los recuerdos\u00bb con bailes, m\u00fasica y juegos.<\/p>\n<p style=\"text-align: justify;\">Sobre estas actividades realizadas en paralelo por sus estudiantes, Karla Avil\u00e9s Rivera, jefa de carrera de TNS en Trabajo Social coment\u00f3 que <em>\u00abestas experiencias en terreno son esenciales para que nuestras y nuestros estudiantes comprendan el sentido profundo del Trabajo Social: promover la dignidad, participaci\u00f3n y el bienestar integral de las personas en cada etapa del ciclo vital\u00bb.<\/em><\/p>\n<p>La jornada finaliz\u00f3 con una charla sobre el rol profesional del Trabajo Social tanto en infancia como en personas mayores, permitiendo a los estudiantes vincular teor\u00eda, \u00e9tica y pr\u00e1ctica en campo.<\/p>\n<p>Esta visita a Huara se consolid\u00f3 como una experiencia formativa y de servicio que fortaleci\u00f3 el compromiso institucional y comunitario con la protecci\u00f3n de derechos, la parentalidad social y la construcci\u00f3n de comunidades m\u00e1s emp\u00e1ticas, participativas y protectoras.<\/p>\n\n\t\t<style type=\"text\/css\">\n\t\t\t#gallery-1 {\n\t\t\t\tmargin: auto;\n\t\t\t}\n\t\t\t#gallery-1 .gallery-item {\n\t\t\t\tfloat: left;\n\t\t\t\tmargin-top: 10px;\n\t\t\t\ttext-align: center;\n\t\t\t\twidth: 50%;\n\t\t\t}\n\t\t\t#gallery-1 img {\n\t\t\t\tborder: 2px solid #cfcfcf;\n\t\t\t}\n\t\t\t#gallery-1 .gallery-caption {\n\t\t\t\tmargin-left: 0;\n\t\t\t}\n\t\t\t\/* see gallery_shortcode() in wp-includes\/media.php *\/\n\t\t<\/style>\n\t\t<div id='gallery-1' class='gallery galleryid-15774 gallery-columns-2 gallery-size-full'><dl class='gallery-item'>\n\t\t\t<dt class='gallery-icon landscape'>\n\t\t\t\t<a href='https:\/\/www.cftestataltarapaca.cl\/inicio\/2025\/11\/10\/nuestros-estudiantes-de-trabajo-social-participaron-de-jornada-por-los-derechos-del-nino-en-huara\/whatsapp-image-2025-11-09-at-9-34-54-pm-1\/'><img loading=\"lazy\" decoding=\"async\" width=\"2560\" height=\"1182\" src=\"https:\/\/www.cftestataltarapaca.cl\/inicio\/wp-content\/uploads\/2025\/11\/WhatsApp-Image-2025-11-09-at-9.34.54-PM-1-scaled.jpeg\" class=\"attachment-full size-full\" alt=\"\" srcset=\"https:\/\/www.cftestataltarapaca.cl\/inicio\/wp-content\/uploads\/2025\/11\/WhatsApp-Image-2025-11-09-at-9.34.54-PM-1-scaled.jpeg 2560w, https:\/\/www.cftestataltarapaca.cl\/inicio\/wp-content\/uploads\/2025\/11\/WhatsApp-Image-2025-11-09-at-9.34.54-PM-1-300x139.jpeg 300w, https:\/\/www.cftestataltarapaca.cl\/inicio\/wp-content\/uploads\/2025\/11\/WhatsApp-Image-2025-11-09-at-9.34.54-PM-1-1024x473.jpeg 1024w, https:\/\/www.cftestataltarapaca.cl\/inicio\/wp-content\/uploads\/2025\/11\/WhatsApp-Image-2025-11-09-at-9.34.54-PM-1-768x355.jpeg 768w, https:\/\/www.cftestataltarapaca.cl\/inicio\/wp-content\/uploads\/2025\/11\/WhatsApp-Image-2025-11-09-at-9.34.54-PM-1-1536x709.jpeg 1536w, https:\/\/www.cftestataltarapaca.cl\/inicio\/wp-content\/uploads\/2025\/11\/WhatsApp-Image-2025-11-09-at-9.34.54-PM-1-2048x946.jpeg 2048w\" sizes=\"auto, (max-width: 2560px) 100vw, 2560px\" \/><\/a>\n\t\t\t<\/dt><\/dl><dl class='gallery-item'>\n\t\t\t<dt class='gallery-icon landscape'>\n\t\t\t\t<a href='https:\/\/www.cftestataltarapaca.cl\/inicio\/2025\/11\/10\/nuestros-estudiantes-de-trabajo-social-participaron-de-jornada-por-los-derechos-del-nino-en-huara\/whatsapp-image-2025-11-09-at-9-34-54-pm\/'><img loading=\"lazy\" decoding=\"async\" width=\"2560\" height=\"1441\" src=\"https:\/\/www.cftestataltarapaca.cl\/inicio\/wp-content\/uploads\/2025\/11\/WhatsApp-Image-2025-11-09-at-9.34.54-PM-scaled.jpeg\" class=\"attachment-full size-full\" alt=\"\" srcset=\"https:\/\/www.cftestataltarapaca.cl\/inicio\/wp-content\/uploads\/2025\/11\/WhatsApp-Image-2025-11-09-at-9.34.54-PM-scaled.jpeg 2560w, https:\/\/www.cftestataltarapaca.cl\/inicio\/wp-content\/uploads\/2025\/11\/WhatsApp-Image-2025-11-09-at-9.34.54-PM-300x169.jpeg 300w, https:\/\/www.cftestataltarapaca.cl\/inicio\/wp-content\/uploads\/2025\/11\/WhatsApp-Image-2025-11-09-at-9.34.54-PM-1024x576.jpeg 1024w, https:\/\/www.cftestataltarapaca.cl\/inicio\/wp-content\/uploads\/2025\/11\/WhatsApp-Image-2025-11-09-at-9.34.54-PM-768x432.jpeg 768w, https:\/\/www.cftestataltarapaca.cl\/inicio\/wp-content\/uploads\/2025\/11\/WhatsApp-Image-2025-11-09-at-9.34.54-PM-1536x864.jpeg 1536w, https:\/\/www.cftestataltarapaca.cl\/inicio\/wp-content\/uploads\/2025\/11\/WhatsApp-Image-2025-11-09-at-9.34.54-PM-2048x1153.jpeg 2048w\" sizes=\"auto, (max-width: 2560px) 100vw, 2560px\" \/><\/a>\n\t\t\t<\/dt><\/dl><br style=\"clear: both\" \/><dl class='gallery-item'>\n\t\t\t<dt class='gallery-icon landscape'>\n\t\t\t\t<a href='https:\/\/www.cftestataltarapaca.cl\/inicio\/2025\/11\/10\/nuestros-estudiantes-de-trabajo-social-participaron-de-jornada-por-los-derechos-del-nino-en-huara\/whatsapp-image-2025-11-09-at-9-34-55-pm\/'><img loading=\"lazy\" decoding=\"async\" width=\"2560\" height=\"1182\" src=\"https:\/\/www.cftestataltarapaca.cl\/inicio\/wp-content\/uploads\/2025\/11\/WhatsApp-Image-2025-11-09-at-9.34.55-PM-scaled.jpeg\" class=\"attachment-full size-full\" alt=\"\" srcset=\"https:\/\/www.cftestataltarapaca.cl\/inicio\/wp-content\/uploads\/2025\/11\/WhatsApp-Image-2025-11-09-at-9.34.55-PM-scaled.jpeg 2560w, https:\/\/www.cftestataltarapaca.cl\/inicio\/wp-content\/uploads\/2025\/11\/WhatsApp-Image-2025-11-09-at-9.34.55-PM-300x139.jpeg 300w, https:\/\/www.cftestataltarapaca.cl\/inicio\/wp-content\/uploads\/2025\/11\/WhatsApp-Image-2025-11-09-at-9.34.55-PM-1024x473.jpeg 1024w, https:\/\/www.cftestataltarapaca.cl\/inicio\/wp-content\/uploads\/2025\/11\/WhatsApp-Image-2025-11-09-at-9.34.55-PM-768x355.jpeg 768w, https:\/\/www.cftestataltarapaca.cl\/inicio\/wp-content\/uploads\/2025\/11\/WhatsApp-Image-2025-11-09-at-9.34.55-PM-1536x709.jpeg 1536w, https:\/\/www.cftestataltarapaca.cl\/inicio\/wp-content\/uploads\/2025\/11\/WhatsApp-Image-2025-11-09-at-9.34.55-PM-2048x946.jpeg 2048w\" sizes=\"auto, (max-width: 2560px) 100vw, 2560px\" \/><\/a>\n\t\t\t<\/dt><\/dl><dl class='gallery-item'>\n\t\t\t<dt class='gallery-icon landscape'>\n\t\t\t\t<a href='https:\/\/www.cftestataltarapaca.cl\/inicio\/2025\/11\/10\/nuestros-estudiantes-de-trabajo-social-participaron-de-jornada-por-los-derechos-del-nino-en-huara\/whatsapp-image-2025-11-09-at-9-34-54-pm-2-1-2\/'><img loading=\"lazy\" decoding=\"async\" width=\"2560\" height=\"1182\" src=\"https:\/\/www.cftestataltarapaca.cl\/inicio\/wp-content\/uploads\/2025\/11\/WhatsApp-Image-2025-11-09-at-9.34.54-PM-2-1-1-scaled.jpeg\" class=\"attachment-full size-full\" alt=\"\" srcset=\"https:\/\/www.cftestataltarapaca.cl\/inicio\/wp-content\/uploads\/2025\/11\/WhatsApp-Image-2025-11-09-at-9.34.54-PM-2-1-1-scaled.jpeg 2560w, https:\/\/www.cftestataltarapaca.cl\/inicio\/wp-content\/uploads\/2025\/11\/WhatsApp-Image-2025-11-09-at-9.34.54-PM-2-1-1-300x139.jpeg 300w, https:\/\/www.cftestataltarapaca.cl\/inicio\/wp-content\/uploads\/2025\/11\/WhatsApp-Image-2025-11-09-at-9.34.54-PM-2-1-1-1024x473.jpeg 1024w, https:\/\/www.cftestataltarapaca.cl\/inicio\/wp-content\/uploads\/2025\/11\/WhatsApp-Image-2025-11-09-at-9.34.54-PM-2-1-1-768x355.jpeg 768w, https:\/\/www.cftestataltarapaca.cl\/inicio\/wp-content\/uploads\/2025\/11\/WhatsApp-Image-2025-11-09-at-9.34.54-PM-2-1-1-1536x709.jpeg 1536w, https:\/\/www.cftestataltarapaca.cl\/inicio\/wp-content\/uploads\/2025\/11\/WhatsApp-Image-2025-11-09-at-9.34.54-PM-2-1-1-2048x946.jpeg 2048w\" sizes=\"auto, (max-width: 2560px) 100vw, 2560px\" \/><\/a>\n\t\t\t<\/dt><\/dl><br style=\"clear: both\" \/>\n\t\t<\/div>\n\n","protected":false},"excerpt":{"rendered":"<p>En el contexto de la conmemoraci\u00f3n de la Declaraci\u00f3n de los Derechos del Ni\u00f1o, la Oficina Local de la Ni\u00f1ez (OLN) de Huara realiz\u00f3, el pasado martes 4 de noviembre,&#8230;<\/p>\n","protected":false},"author":2,"featured_media":15775,"comment_status":"open","ping_status":"open","sticky":false,"template":"","format":"standard","meta":{"_joinchat":[],"footnotes":""},"categories":[45],"tags":[],"class_list":["post-15774","post","type-post","status-publish","format-standard","has-post-thumbnail","hentry","category-vinculacion"],"yoast_head":"<!-- This site is optimized with the Yoast SEO plugin v27.4 - https:\/\/yoast.com\/product\/yoast-seo-wordpress\/ -->\n<title>Nuestros estudiantes de Trabajo Social participaron de jornada por los Derechos del Ni\u00f1o en Huara - CFT Estatal Tarapac\u00e1<\/title>\n<meta name=\"robots\" content=\"index, follow, max-snippet:-1, max-image-preview:large, max-video-preview:-1\" \/>\n<link rel=\"canonical\" href=\"https:\/\/www.cftestataltarapaca.cl\/inicio\/2025\/11\/10\/nuestros-estudiantes-de-trabajo-social-participaron-de-jornada-por-los-derechos-del-nino-en-huara\/\" \/>\n<meta property=\"og:locale\" content=\"es_ES\" \/>\n<meta property=\"og:type\" content=\"article\" \/>\n<meta property=\"og:title\" content=\"Nuestros estudiantes de Trabajo Social participaron de jornada por los Derechos del Ni\u00f1o en Huara - CFT Estatal Tarapac\u00e1\" \/>\n<meta property=\"og:description\" content=\"En el contexto de la conmemoraci\u00f3n de la Declaraci\u00f3n de los Derechos del Ni\u00f1o, la Oficina Local de la Ni\u00f1ez (OLN) de Huara realiz\u00f3, el pasado martes 4 de noviembre,...\" \/>\n<meta property=\"og:url\" content=\"https:\/\/www.cftestataltarapaca.cl\/inicio\/2025\/11\/10\/nuestros-estudiantes-de-trabajo-social-participaron-de-jornada-por-los-derechos-del-nino-en-huara\/\" \/>\n<meta property=\"og:site_name\" content=\"CFT Estatal Tarapac\u00e1\" \/>\n<meta property=\"article:publisher\" content=\"https:\/\/www.facebook.com\/CFTestataltarapaca\/\" \/>\n<meta property=\"article:published_time\" content=\"2025-11-10T14:48:46+00:00\" \/>\n<meta property=\"article:modified_time\" content=\"2026-04-23T20:03:01+00:00\" \/>\n<meta property=\"og:image\" content=\"https:\/\/www.cftestataltarapaca.cl\/inicio\/wp-content\/uploads\/2025\/11\/WhatsApp-Image-2025-11-09-at-9.34.54-PM-2-1-scaled.jpeg\" \/>\n\t<meta property=\"og:image:width\" content=\"2560\" \/>\n\t<meta property=\"og:image:height\" content=\"1182\" \/>\n\t<meta property=\"og:image:type\" content=\"image\/jpeg\" \/>\n<meta name=\"author\" content=\"Comunicaciones\" \/>\n<meta name=\"twitter:card\" content=\"summary_large_image\" \/>\n<meta name=\"twitter:creator\" content=\"@CFTesTarapaca\" \/>\n<meta name=\"twitter:site\" content=\"@CFTesTarapaca\" \/>\n<meta name=\"twitter:label1\" content=\"Escrito por\" \/>\n\t<meta name=\"twitter:data1\" content=\"Comunicaciones\" \/>\n\t<meta name=\"twitter:label2\" content=\"Tiempo de lectura\" \/>\n\t<meta name=\"twitter:data2\" content=\"3 minutos\" \/>\n<script type=\"application\/ld+json\" class=\"yoast-schema-graph\">{\"@context\":\"https:\\\/\\\/schema.org\",\"@graph\":[{\"@type\":\"Article\",\"@id\":\"https:\\\/\\\/www.cftestataltarapaca.cl\\\/inicio\\\/2025\\\/11\\\/10\\\/nuestros-estudiantes-de-trabajo-social-participaron-de-jornada-por-los-derechos-del-nino-en-huara\\\/#article\",\"isPartOf\":{\"@id\":\"https:\\\/\\\/www.cftestataltarapaca.cl\\\/inicio\\\/2025\\\/11\\\/10\\\/nuestros-estudiantes-de-trabajo-social-participaron-de-jornada-por-los-derechos-del-nino-en-huara\\\/\"},\"author\":{\"name\":\"Comunicaciones\",\"@id\":\"https:\\\/\\\/www.cftestataltarapaca.cl\\\/inicio\\\/#\\\/schema\\\/person\\\/ad1fbfa1fa7c3d3889f4ae5401dd660e\"},\"headline\":\"Nuestros estudiantes de Trabajo Social participaron de jornada por los Derechos del Ni\u00f1o en Huara\",\"datePublished\":\"2025-11-10T14:48:46+00:00\",\"dateModified\":\"2026-04-23T20:03:01+00:00\",\"mainEntityOfPage\":{\"@id\":\"https:\\\/\\\/www.cftestataltarapaca.cl\\\/inicio\\\/2025\\\/11\\\/10\\\/nuestros-estudiantes-de-trabajo-social-participaron-de-jornada-por-los-derechos-del-nino-en-huara\\\/\"},\"wordCount\":456,\"commentCount\":0,\"publisher\":{\"@id\":\"https:\\\/\\\/www.cftestataltarapaca.cl\\\/inicio\\\/#organization\"},\"image\":{\"@id\":\"https:\\\/\\\/www.cftestataltarapaca.cl\\\/inicio\\\/2025\\\/11\\\/10\\\/nuestros-estudiantes-de-trabajo-social-participaron-de-jornada-por-los-derechos-del-nino-en-huara\\\/#primaryimage\"},\"thumbnailUrl\":\"https:\\\/\\\/www.cftestataltarapaca.cl\\\/inicio\\\/wp-content\\\/uploads\\\/2025\\\/11\\\/WhatsApp-Image-2025-11-09-at-9.34.54-PM-2-1-scaled.jpeg\",\"articleSection\":[\"Vinculaci\u00f3n\"],\"inLanguage\":\"es\",\"potentialAction\":[{\"@type\":\"CommentAction\",\"name\":\"Comment\",\"target\":[\"https:\\\/\\\/www.cftestataltarapaca.cl\\\/inicio\\\/2025\\\/11\\\/10\\\/nuestros-estudiantes-de-trabajo-social-participaron-de-jornada-por-los-derechos-del-nino-en-huara\\\/#respond\"]}]},{\"@type\":\"WebPage\",\"@id\":\"https:\\\/\\\/www.cftestataltarapaca.cl\\\/inicio\\\/2025\\\/11\\\/10\\\/nuestros-estudiantes-de-trabajo-social-participaron-de-jornada-por-los-derechos-del-nino-en-huara\\\/\",\"url\":\"https:\\\/\\\/www.cftestataltarapaca.cl\\\/inicio\\\/2025\\\/11\\\/10\\\/nuestros-estudiantes-de-trabajo-social-participaron-de-jornada-por-los-derechos-del-nino-en-huara\\\/\",\"name\":\"Nuestros estudiantes de Trabajo Social participaron de jornada por los Derechos del Ni\u00f1o en Huara - CFT Estatal Tarapac\u00e1\",\"isPartOf\":{\"@id\":\"https:\\\/\\\/www.cftestataltarapaca.cl\\\/inicio\\\/#website\"},\"primaryImageOfPage\":{\"@id\":\"https:\\\/\\\/www.cftestataltarapaca.cl\\\/inicio\\\/2025\\\/11\\\/10\\\/nuestros-estudiantes-de-trabajo-social-participaron-de-jornada-por-los-derechos-del-nino-en-huara\\\/#primaryimage\"},\"image\":{\"@id\":\"https:\\\/\\\/www.cftestataltarapaca.cl\\\/inicio\\\/2025\\\/11\\\/10\\\/nuestros-estudiantes-de-trabajo-social-participaron-de-jornada-por-los-derechos-del-nino-en-huara\\\/#primaryimage\"},\"thumbnailUrl\":\"https:\\\/\\\/www.cftestataltarapaca.cl\\\/inicio\\\/wp-content\\\/uploads\\\/2025\\\/11\\\/WhatsApp-Image-2025-11-09-at-9.34.54-PM-2-1-scaled.jpeg\",\"datePublished\":\"2025-11-10T14:48:46+00:00\",\"dateModified\":\"2026-04-23T20:03:01+00:00\",\"breadcrumb\":{\"@id\":\"https:\\\/\\\/www.cftestataltarapaca.cl\\\/inicio\\\/2025\\\/11\\\/10\\\/nuestros-estudiantes-de-trabajo-social-participaron-de-jornada-por-los-derechos-del-nino-en-huara\\\/#breadcrumb\"},\"inLanguage\":\"es\",\"potentialAction\":[{\"@type\":\"ReadAction\",\"target\":[\"https:\\\/\\\/www.cftestataltarapaca.cl\\\/inicio\\\/2025\\\/11\\\/10\\\/nuestros-estudiantes-de-trabajo-social-participaron-de-jornada-por-los-derechos-del-nino-en-huara\\\/\"]}]},{\"@type\":\"ImageObject\",\"inLanguage\":\"es\",\"@id\":\"https:\\\/\\\/www.cftestataltarapaca.cl\\\/inicio\\\/2025\\\/11\\\/10\\\/nuestros-estudiantes-de-trabajo-social-participaron-de-jornada-por-los-derechos-del-nino-en-huara\\\/#primaryimage\",\"url\":\"https:\\\/\\\/www.cftestataltarapaca.cl\\\/inicio\\\/wp-content\\\/uploads\\\/2025\\\/11\\\/WhatsApp-Image-2025-11-09-at-9.34.54-PM-2-1-scaled.jpeg\",\"contentUrl\":\"https:\\\/\\\/www.cftestataltarapaca.cl\\\/inicio\\\/wp-content\\\/uploads\\\/2025\\\/11\\\/WhatsApp-Image-2025-11-09-at-9.34.54-PM-2-1-scaled.jpeg\",\"width\":2560,\"height\":1182},{\"@type\":\"BreadcrumbList\",\"@id\":\"https:\\\/\\\/www.cftestataltarapaca.cl\\\/inicio\\\/2025\\\/11\\\/10\\\/nuestros-estudiantes-de-trabajo-social-participaron-de-jornada-por-los-derechos-del-nino-en-huara\\\/#breadcrumb\",\"itemListElement\":[{\"@type\":\"ListItem\",\"position\":1,\"name\":\"Portada\",\"item\":\"https:\\\/\\\/www.cftestataltarapaca.cl\\\/inicio\\\/\"},{\"@type\":\"ListItem\",\"position\":2,\"name\":\"Nuestros estudiantes de Trabajo Social participaron de jornada por los Derechos del Ni\u00f1o en Huara\"}]},{\"@type\":\"WebSite\",\"@id\":\"https:\\\/\\\/www.cftestataltarapaca.cl\\\/inicio\\\/#website\",\"url\":\"https:\\\/\\\/www.cftestataltarapaca.cl\\\/inicio\\\/\",\"name\":\"CFT Estatal Tarapac\u00e1\",\"description\":\"Admisi\u00f3n 2025\",\"publisher\":{\"@id\":\"https:\\\/\\\/www.cftestataltarapaca.cl\\\/inicio\\\/#organization\"},\"potentialAction\":[{\"@type\":\"SearchAction\",\"target\":{\"@type\":\"EntryPoint\",\"urlTemplate\":\"https:\\\/\\\/www.cftestataltarapaca.cl\\\/inicio\\\/?s={search_term_string}\"},\"query-input\":{\"@type\":\"PropertyValueSpecification\",\"valueRequired\":true,\"valueName\":\"search_term_string\"}}],\"inLanguage\":\"es\"},{\"@type\":\"Organization\",\"@id\":\"https:\\\/\\\/www.cftestataltarapaca.cl\\\/inicio\\\/#organization\",\"name\":\"CFT Estatal Tarapac\u00e1\",\"url\":\"https:\\\/\\\/www.cftestataltarapaca.cl\\\/inicio\\\/\",\"logo\":{\"@type\":\"ImageObject\",\"inLanguage\":\"es\",\"@id\":\"https:\\\/\\\/www.cftestataltarapaca.cl\\\/inicio\\\/#\\\/schema\\\/logo\\\/image\\\/\",\"url\":\"https:\\\/\\\/www.cftestataltarapaca.cl\\\/inicio\\\/wp-content\\\/uploads\\\/2019\\\/03\\\/logo-retina-1.png\",\"contentUrl\":\"https:\\\/\\\/www.cftestataltarapaca.cl\\\/inicio\\\/wp-content\\\/uploads\\\/2019\\\/03\\\/logo-retina-1.png\",\"width\":401,\"height\":150,\"caption\":\"CFT Estatal Tarapac\u00e1\"},\"image\":{\"@id\":\"https:\\\/\\\/www.cftestataltarapaca.cl\\\/inicio\\\/#\\\/schema\\\/logo\\\/image\\\/\"},\"sameAs\":[\"https:\\\/\\\/www.facebook.com\\\/CFTestataltarapaca\\\/\",\"https:\\\/\\\/x.com\\\/CFTesTarapaca\",\"https:\\\/\\\/www.instagram.com\\\/CFTestataltarapaca\\\/\"]},{\"@type\":\"Person\",\"@id\":\"https:\\\/\\\/www.cftestataltarapaca.cl\\\/inicio\\\/#\\\/schema\\\/person\\\/ad1fbfa1fa7c3d3889f4ae5401dd660e\",\"name\":\"Comunicaciones\",\"image\":{\"@type\":\"ImageObject\",\"inLanguage\":\"es\",\"@id\":\"https:\\\/\\\/secure.gravatar.com\\\/avatar\\\/ed1c2728327f20a5a62edaeb7dc181858f225b765044c5314c3d1059a1bd992f?s=96&d=mm&r=g\",\"url\":\"https:\\\/\\\/secure.gravatar.com\\\/avatar\\\/ed1c2728327f20a5a62edaeb7dc181858f225b765044c5314c3d1059a1bd992f?s=96&d=mm&r=g\",\"contentUrl\":\"https:\\\/\\\/secure.gravatar.com\\\/avatar\\\/ed1c2728327f20a5a62edaeb7dc181858f225b765044c5314c3d1059a1bd992f?s=96&d=mm&r=g\",\"caption\":\"Comunicaciones\"},\"sameAs\":[\"http:\\\/\\\/www.cftestataltarapaca.cl\"],\"url\":\"https:\\\/\\\/www.cftestataltarapaca.cl\\\/inicio\\\/author\\\/comunicaciones\\\/\"}]}<\/script>\n<!-- \/ Yoast SEO plugin. -->","yoast_head_json":{"title":"Nuestros estudiantes de Trabajo Social participaron de jornada por los Derechos del Ni\u00f1o en Huara - CFT Estatal Tarapac\u00e1","robots":{"index":"index","follow":"follow","max-snippet":"max-snippet:-1","max-image-preview":"max-image-preview:large","max-video-preview":"max-video-preview:-1"},"canonical":"https:\/\/www.cftestataltarapaca.cl\/inicio\/2025\/11\/10\/nuestros-estudiantes-de-trabajo-social-participaron-de-jornada-por-los-derechos-del-nino-en-huara\/","og_locale":"es_ES","og_type":"article","og_title":"Nuestros estudiantes de Trabajo Social participaron de jornada por los Derechos del Ni\u00f1o en Huara - CFT Estatal Tarapac\u00e1","og_description":"En el contexto de la conmemoraci\u00f3n de la Declaraci\u00f3n de los Derechos del Ni\u00f1o, la Oficina Local de la Ni\u00f1ez (OLN) de Huara realiz\u00f3, el pasado martes 4 de noviembre,...","og_url":"https:\/\/www.cftestataltarapaca.cl\/inicio\/2025\/11\/10\/nuestros-estudiantes-de-trabajo-social-participaron-de-jornada-por-los-derechos-del-nino-en-huara\/","og_site_name":"CFT Estatal Tarapac\u00e1","article_publisher":"https:\/\/www.facebook.com\/CFTestataltarapaca\/","article_published_time":"2025-11-10T14:48:46+00:00","article_modified_time":"2026-04-23T20:03:01+00:00","og_image":[{"width":2560,"height":1182,"url":"https:\/\/www.cftestataltarapaca.cl\/inicio\/wp-content\/uploads\/2025\/11\/WhatsApp-Image-2025-11-09-at-9.34.54-PM-2-1-scaled.jpeg","type":"image\/jpeg"}],"author":"Comunicaciones","twitter_card":"summary_large_image","twitter_creator":"@CFTesTarapaca","twitter_site":"@CFTesTarapaca","twitter_misc":{"Escrito por":"Comunicaciones","Tiempo de lectura":"3 minutos"},"schema":{"@context":"https:\/\/schema.org","@graph":[{"@type":"Article","@id":"https:\/\/www.cftestataltarapaca.cl\/inicio\/2025\/11\/10\/nuestros-estudiantes-de-trabajo-social-participaron-de-jornada-por-los-derechos-del-nino-en-huara\/#article","isPartOf":{"@id":"https:\/\/www.cftestataltarapaca.cl\/inicio\/2025\/11\/10\/nuestros-estudiantes-de-trabajo-social-participaron-de-jornada-por-los-derechos-del-nino-en-huara\/"},"author":{"name":"Comunicaciones","@id":"https:\/\/www.cftestataltarapaca.cl\/inicio\/#\/schema\/person\/ad1fbfa1fa7c3d3889f4ae5401dd660e"},"headline":"Nuestros estudiantes de Trabajo Social participaron de jornada por los Derechos del Ni\u00f1o en Huara","datePublished":"2025-11-10T14:48:46+00:00","dateModified":"2026-04-23T20:03:01+00:00","mainEntityOfPage":{"@id":"https:\/\/www.cftestataltarapaca.cl\/inicio\/2025\/11\/10\/nuestros-estudiantes-de-trabajo-social-participaron-de-jornada-por-los-derechos-del-nino-en-huara\/"},"wordCount":456,"commentCount":0,"publisher":{"@id":"https:\/\/www.cftestataltarapaca.cl\/inicio\/#organization"},"image":{"@id":"https:\/\/www.cftestataltarapaca.cl\/inicio\/2025\/11\/10\/nuestros-estudiantes-de-trabajo-social-participaron-de-jornada-por-los-derechos-del-nino-en-huara\/#primaryimage"},"thumbnailUrl":"https:\/\/www.cftestataltarapaca.cl\/inicio\/wp-content\/uploads\/2025\/11\/WhatsApp-Image-2025-11-09-at-9.34.54-PM-2-1-scaled.jpeg","articleSection":["Vinculaci\u00f3n"],"inLanguage":"es","potentialAction":[{"@type":"CommentAction","name":"Comment","target":["https:\/\/www.cftestataltarapaca.cl\/inicio\/2025\/11\/10\/nuestros-estudiantes-de-trabajo-social-participaron-de-jornada-por-los-derechos-del-nino-en-huara\/#respond"]}]},{"@type":"WebPage","@id":"https:\/\/www.cftestataltarapaca.cl\/inicio\/2025\/11\/10\/nuestros-estudiantes-de-trabajo-social-participaron-de-jornada-por-los-derechos-del-nino-en-huara\/","url":"https:\/\/www.cftestataltarapaca.cl\/inicio\/2025\/11\/10\/nuestros-estudiantes-de-trabajo-social-participaron-de-jornada-por-los-derechos-del-nino-en-huara\/","name":"Nuestros estudiantes de Trabajo Social participaron de jornada por los Derechos del Ni\u00f1o en Huara - CFT Estatal Tarapac\u00e1","isPartOf":{"@id":"https:\/\/www.cftestataltarapaca.cl\/inicio\/#website"},"primaryImageOfPage":{"@id":"https:\/\/www.cftestataltarapaca.cl\/inicio\/2025\/11\/10\/nuestros-estudiantes-de-trabajo-social-participaron-de-jornada-por-los-derechos-del-nino-en-huara\/#primaryimage"},"image":{"@id":"https:\/\/www.cftestataltarapaca.cl\/inicio\/2025\/11\/10\/nuestros-estudiantes-de-trabajo-social-participaron-de-jornada-por-los-derechos-del-nino-en-huara\/#primaryimage"},"thumbnailUrl":"https:\/\/www.cftestataltarapaca.cl\/inicio\/wp-content\/uploads\/2025\/11\/WhatsApp-Image-2025-11-09-at-9.34.54-PM-2-1-scaled.jpeg","datePublished":"2025-11-10T14:48:46+00:00","dateModified":"2026-04-23T20:03:01+00:00","breadcrumb":{"@id":"https:\/\/www.cftestataltarapaca.cl\/inicio\/2025\/11\/10\/nuestros-estudiantes-de-trabajo-social-participaron-de-jornada-por-los-derechos-del-nino-en-huara\/#breadcrumb"},"inLanguage":"es","potentialAction":[{"@type":"ReadAction","target":["https:\/\/www.cftestataltarapaca.cl\/inicio\/2025\/11\/10\/nuestros-estudiantes-de-trabajo-social-participaron-de-jornada-por-los-derechos-del-nino-en-huara\/"]}]},{"@type":"ImageObject","inLanguage":"es","@id":"https:\/\/www.cftestataltarapaca.cl\/inicio\/2025\/11\/10\/nuestros-estudiantes-de-trabajo-social-participaron-de-jornada-por-los-derechos-del-nino-en-huara\/#primaryimage","url":"https:\/\/www.cftestataltarapaca.cl\/inicio\/wp-content\/uploads\/2025\/11\/WhatsApp-Image-2025-11-09-at-9.34.54-PM-2-1-scaled.jpeg","contentUrl":"https:\/\/www.cftestataltarapaca.cl\/inicio\/wp-content\/uploads\/2025\/11\/WhatsApp-Image-2025-11-09-at-9.34.54-PM-2-1-scaled.jpeg","width":2560,"height":1182},{"@type":"BreadcrumbList","@id":"https:\/\/www.cftestataltarapaca.cl\/inicio\/2025\/11\/10\/nuestros-estudiantes-de-trabajo-social-participaron-de-jornada-por-los-derechos-del-nino-en-huara\/#breadcrumb","itemListElement":[{"@type":"ListItem","position":1,"name":"Portada","item":"https:\/\/www.cftestataltarapaca.cl\/inicio\/"},{"@type":"ListItem","position":2,"name":"Nuestros estudiantes de Trabajo Social participaron de jornada por los Derechos del Ni\u00f1o en Huara"}]},{"@type":"WebSite","@id":"https:\/\/www.cftestataltarapaca.cl\/inicio\/#website","url":"https:\/\/www.cftestataltarapaca.cl\/inicio\/","name":"CFT Estatal Tarapac\u00e1","description":"Admisi\u00f3n 2025","publisher":{"@id":"https:\/\/www.cftestataltarapaca.cl\/inicio\/#organization"},"potentialAction":[{"@type":"SearchAction","target":{"@type":"EntryPoint","urlTemplate":"https:\/\/www.cftestataltarapaca.cl\/inicio\/?s={search_term_string}"},"query-input":{"@type":"PropertyValueSpecification","valueRequired":true,"valueName":"search_term_string"}}],"inLanguage":"es"},{"@type":"Organization","@id":"https:\/\/www.cftestataltarapaca.cl\/inicio\/#organization","name":"CFT Estatal Tarapac\u00e1","url":"https:\/\/www.cftestataltarapaca.cl\/inicio\/","logo":{"@type":"ImageObject","inLanguage":"es","@id":"https:\/\/www.cftestataltarapaca.cl\/inicio\/#\/schema\/logo\/image\/","url":"https:\/\/www.cftestataltarapaca.cl\/inicio\/wp-content\/uploads\/2019\/03\/logo-retina-1.png","contentUrl":"https:\/\/www.cftestataltarapaca.cl\/inicio\/wp-content\/uploads\/2019\/03\/logo-retina-1.png","width":401,"height":150,"caption":"CFT Estatal Tarapac\u00e1"},"image":{"@id":"https:\/\/www.cftestataltarapaca.cl\/inicio\/#\/schema\/logo\/image\/"},"sameAs":["https:\/\/www.facebook.com\/CFTestataltarapaca\/","https:\/\/x.com\/CFTesTarapaca","https:\/\/www.instagram.com\/CFTestataltarapaca\/"]},{"@type":"Person","@id":"https:\/\/www.cftestataltarapaca.cl\/inicio\/#\/schema\/person\/ad1fbfa1fa7c3d3889f4ae5401dd660e","name":"Comunicaciones","image":{"@type":"ImageObject","inLanguage":"es","@id":"https:\/\/secure.gravatar.com\/avatar\/ed1c2728327f20a5a62edaeb7dc181858f225b765044c5314c3d1059a1bd992f?s=96&d=mm&r=g","url":"https:\/\/secure.gravatar.com\/avatar\/ed1c2728327f20a5a62edaeb7dc181858f225b765044c5314c3d1059a1bd992f?s=96&d=mm&r=g","contentUrl":"https:\/\/secure.gravatar.com\/avatar\/ed1c2728327f20a5a62edaeb7dc181858f225b765044c5314c3d1059a1bd992f?s=96&d=mm&r=g","caption":"Comunicaciones"},"sameAs":["http:\/\/www.cftestataltarapaca.cl"],"url":"https:\/\/www.cftestataltarapaca.cl\/inicio\/author\/comunicaciones\/"}]}},"publishpress_future_action":{"enabled":false,"date":"2026-05-08 15:10:15","action":"change-status","newStatus":"draft","terms":[],"taxonomy":"category","extraData":[]},"publishpress_future_workflow_manual_trigger":{"enabledWorkflows":[]},"_links":{"self":[{"href":"https:\/\/www.cftestataltarapaca.cl\/inicio\/wp-json\/wp\/v2\/posts\/15774","targetHints":{"allow":["GET"]}}],"collection":[{"href":"https:\/\/www.cftestataltarapaca.cl\/inicio\/wp-json\/wp\/v2\/posts"}],"about":[{"href":"https:\/\/www.cftestataltarapaca.cl\/inicio\/wp-json\/wp\/v2\/types\/post"}],"author":[{"embeddable":true,"href":"https:\/\/www.cftestataltarapaca.cl\/inicio\/wp-json\/wp\/v2\/users\/2"}],"replies":[{"embeddable":true,"href":"https:\/\/www.cftestataltarapaca.cl\/inicio\/wp-json\/wp\/v2\/comments?post=15774"}],"version-history":[{"count":3,"href":"https:\/\/www.cftestataltarapaca.cl\/inicio\/wp-json\/wp\/v2\/posts\/15774\/revisions"}],"predecessor-version":[{"id":16672,"href":"https:\/\/www.cftestataltarapaca.cl\/inicio\/wp-json\/wp\/v2\/posts\/15774\/revisions\/16672"}],"wp:featuredmedia":[{"embeddable":true,"href":"https:\/\/www.cftestataltarapaca.cl\/inicio\/wp-json\/wp\/v2\/media\/15775"}],"wp:attachment":[{"href":"https:\/\/www.cftestataltarapaca.cl\/inicio\/wp-json\/wp\/v2\/media?parent=15774"}],"wp:term":[{"taxonomy":"category","embeddable":true,"href":"https:\/\/www.cftestataltarapaca.cl\/inicio\/wp-json\/wp\/v2\/categories?post=15774"},{"taxonomy":"post_tag","embeddable":true,"href":"https:\/\/www.cftestataltarapaca.cl\/inicio\/wp-json\/wp\/v2\/tags?post=15774"}],"curies":[{"name":"wp","href":"https:\/\/api.w.org\/{rel}","templated":true}]}}