{"id":16004,"date":"2025-12-18T10:05:36","date_gmt":"2025-12-18T13:05:36","guid":{"rendered":"https:\/\/www.cftestataltarapaca.cl\/inicio\/?p=16004"},"modified":"2025-12-18T12:26:50","modified_gmt":"2025-12-18T15:26:50","slug":"cft-estatal-de-tarapaca-aporta-mirada-academica-en-encuentro-vision-regional-2025-sobre-transformacion-digital-de-la-mineria","status":"publish","type":"post","link":"https:\/\/www.cftestataltarapaca.cl\/inicio\/2025\/12\/18\/cft-estatal-de-tarapaca-aporta-mirada-academica-en-encuentro-vision-regional-2025-sobre-transformacion-digital-de-la-mineria\/","title":{"rendered":"CFT Estatal de Tarapac\u00e1 aporta mirada acad\u00e9mica en encuentro \u201cVisi\u00f3n Regional 2025\u201d sobre transformaci\u00f3n digital de la miner\u00eda"},"content":{"rendered":"<p style=\"text-align: justify;\">El Centro de Formaci\u00f3n T\u00e9cnica Estatal de Tarapac\u00e1 tuvo una destacada participaci\u00f3n en una nueva versi\u00f3n de los desayunos\u00a0<em>Visi\u00f3n Regional 2025<\/em>, organizados por\u00a0<em>La Estrella de Iquique<\/em>, instancia de di\u00e1logo que reuni\u00f3 a actores del mundo productivo, gremial y formativo para analizar los desaf\u00edos actuales de la industria minera. En esta ocasi\u00f3n, la jornada estuvo centrada en la\u00a0<em>Transformaci\u00f3n Digital de la Industria Minera y los Desaf\u00edos en la Formaci\u00f3n T\u00e9cnica<\/em>, abordando tem\u00e1ticas como big data, inteligencia artificial, ciencia de datos, sostenibilidad y productividad.<!--more--><\/p>\n<p>En representaci\u00f3n del CFT Estatal de Tarapac\u00e1, expuso su coordinador acad\u00e9mico\u00a0<strong>Richard de Nordenflycht<\/strong>, quien relev\u00f3 el rol estrat\u00e9gico de la Educaci\u00f3n T\u00e9cnica de Nivel Superior en la preparaci\u00f3n de capital humano pertinente para los nuevos escenarios productivos de la regi\u00f3n. En el panel tambi\u00e9n particip\u00f3 Ignacio Flores, superintendente de Excelencia Operacional de Collahuasi.<\/p>\n<p style=\"text-align: justify;\">Sobre las acciones que hemos ejecutado como instituci\u00f3n para el aporte de las y los estudiantes, De NordenFlycht coment\u00f3 que <em>\u00abbuscamos que nuestros estudiantes tengan las habilidades para operar estas tecnolog\u00edas de las llamadas industrias 4.0. El uso de este lente de realidad virtual permite que el estudiante, entre muchas cosas, ponga en pr\u00e1ctica sus conocimientos en un ambiente digital simulado, por ejemplo previniendo accidentes, esto a trav\u00e9s de un entorno real. El CFT cuenta con equipos Meta Quest 3, cuyo valor bordea entre los $850 y $900 mil\u00bb.\u00a0<\/em><\/p>\n<p style=\"text-align: justify;\">Durante su intervenci\u00f3n, Richard de Nordenflycht enfatiz\u00f3 la necesidad de que las instituciones formativas avancen de manera decidida en la incorporaci\u00f3n de tecnolog\u00edas emergentes, alineando los procesos de ense\u00f1anza-aprendizaje con las transformaciones que vive la industria. En ese contexto, destac\u00f3 el trabajo que viene desarrollando el CFT Estatal de Tarapac\u00e1 desde Alto Hospicio, particularmente en la integraci\u00f3n de herramientas de simulaci\u00f3n avanzada y entornos digitales aplicados a la formaci\u00f3n t\u00e9cnica.<\/p>\n<p style=\"text-align: justify;\">En esa l\u00ednea, el CFT Estatal de Tarapac\u00e1 ha impulsado la incorporaci\u00f3n de\u00a0<strong>Realidad Virtual (RV)<\/strong>\u00a0como una herramienta pedag\u00f3gica estrat\u00e9gica, implementando escenarios inmersivos que permiten a las y los estudiantes entrenar en contextos reales de la industria de manera segura, controlada y altamente especializada. A trav\u00e9s del uso de lentes Meta Quest 3 y 3s, se han desarrollado simulaciones vinculadas a la operaci\u00f3n de gr\u00faa horquilla, manejo de incendios industriales, procedimientos en paneles el\u00e9ctricos, preparaci\u00f3n de pedidos log\u00edsticos y escenarios asociados a la miner\u00eda.<\/p>\n<p style=\"text-align: justify;\">Estas iniciativas, financiadas mediante proyectos ministeriales adjudicados, buscan fortalecer competencias t\u00e9cnicas clave, reducir riesgos operacionales, optimizar recursos institucionales y, al mismo tiempo, avanzar en equidad territorial, acercando tecnolog\u00eda de punta a una comuna hist\u00f3ricamente excluida de la educaci\u00f3n superior. Con ello, el CFT Estatal de Tarapac\u00e1 reafirma su compromiso con una formaci\u00f3n pertinente, conectada con los desaf\u00edos de la Industria 4.0 y con las necesidades reales del desarrollo regional.<\/p>\n\n\t\t<style type=\"text\/css\">\n\t\t\t#gallery-1 {\n\t\t\t\tmargin: auto;\n\t\t\t}\n\t\t\t#gallery-1 .gallery-item {\n\t\t\t\tfloat: left;\n\t\t\t\tmargin-top: 10px;\n\t\t\t\ttext-align: center;\n\t\t\t\twidth: 50%;\n\t\t\t}\n\t\t\t#gallery-1 img {\n\t\t\t\tborder: 2px solid #cfcfcf;\n\t\t\t}\n\t\t\t#gallery-1 .gallery-caption {\n\t\t\t\tmargin-left: 0;\n\t\t\t}\n\t\t\t\/* see gallery_shortcode() in wp-includes\/media.php *\/\n\t\t<\/style>\n\t\t<div id='gallery-1' class='gallery galleryid-16004 gallery-columns-2 gallery-size-full'><dl class='gallery-item'>\n\t\t\t<dt class='gallery-icon landscape'>\n\t\t\t\t<a href='https:\/\/www.cftestataltarapaca.cl\/inicio\/2025\/12\/18\/cft-estatal-de-tarapaca-aporta-mirada-academica-en-encuentro-vision-regional-2025-sobre-transformacion-digital-de-la-mineria\/vision-regional-richard-3\/'><img loading=\"lazy\" decoding=\"async\" width=\"2200\" height=\"1467\" src=\"https:\/\/www.cftestataltarapaca.cl\/inicio\/wp-content\/uploads\/2025\/12\/Visio\u0301n-Regional-Richard-3.jpg\" class=\"attachment-full size-full\" alt=\"\" srcset=\"https:\/\/www.cftestataltarapaca.cl\/inicio\/wp-content\/uploads\/2025\/12\/Visio\u0301n-Regional-Richard-3.jpg 2200w, https:\/\/www.cftestataltarapaca.cl\/inicio\/wp-content\/uploads\/2025\/12\/Visio\u0301n-Regional-Richard-3-300x200.jpg 300w, https:\/\/www.cftestataltarapaca.cl\/inicio\/wp-content\/uploads\/2025\/12\/Visio\u0301n-Regional-Richard-3-1024x683.jpg 1024w, https:\/\/www.cftestataltarapaca.cl\/inicio\/wp-content\/uploads\/2025\/12\/Visio\u0301n-Regional-Richard-3-768x512.jpg 768w, https:\/\/www.cftestataltarapaca.cl\/inicio\/wp-content\/uploads\/2025\/12\/Visio\u0301n-Regional-Richard-3-1536x1024.jpg 1536w, https:\/\/www.cftestataltarapaca.cl\/inicio\/wp-content\/uploads\/2025\/12\/Visio\u0301n-Regional-Richard-3-2048x1366.jpg 2048w, https:\/\/www.cftestataltarapaca.cl\/inicio\/wp-content\/uploads\/2025\/12\/Visio\u0301n-Regional-Richard-3-900x600.jpg 900w\" sizes=\"auto, (max-width: 2200px) 100vw, 2200px\" \/><\/a>\n\t\t\t<\/dt><\/dl><dl class='gallery-item'>\n\t\t\t<dt class='gallery-icon landscape'>\n\t\t\t\t<a href='https:\/\/www.cftestataltarapaca.cl\/inicio\/2025\/12\/18\/cft-estatal-de-tarapaca-aporta-mirada-academica-en-encuentro-vision-regional-2025-sobre-transformacion-digital-de-la-mineria\/vision-regional-richard-4\/'><img loading=\"lazy\" decoding=\"async\" width=\"2200\" height=\"1467\" src=\"https:\/\/www.cftestataltarapaca.cl\/inicio\/wp-content\/uploads\/2025\/12\/Visio\u0301n-Regional-Richard-4.jpg\" class=\"attachment-full size-full\" alt=\"\" srcset=\"https:\/\/www.cftestataltarapaca.cl\/inicio\/wp-content\/uploads\/2025\/12\/Visio\u0301n-Regional-Richard-4.jpg 2200w, https:\/\/www.cftestataltarapaca.cl\/inicio\/wp-content\/uploads\/2025\/12\/Visio\u0301n-Regional-Richard-4-300x200.jpg 300w, https:\/\/www.cftestataltarapaca.cl\/inicio\/wp-content\/uploads\/2025\/12\/Visio\u0301n-Regional-Richard-4-1024x683.jpg 1024w, https:\/\/www.cftestataltarapaca.cl\/inicio\/wp-content\/uploads\/2025\/12\/Visio\u0301n-Regional-Richard-4-768x512.jpg 768w, https:\/\/www.cftestataltarapaca.cl\/inicio\/wp-content\/uploads\/2025\/12\/Visio\u0301n-Regional-Richard-4-1536x1024.jpg 1536w, https:\/\/www.cftestataltarapaca.cl\/inicio\/wp-content\/uploads\/2025\/12\/Visio\u0301n-Regional-Richard-4-2048x1366.jpg 2048w, https:\/\/www.cftestataltarapaca.cl\/inicio\/wp-content\/uploads\/2025\/12\/Visio\u0301n-Regional-Richard-4-900x600.jpg 900w\" sizes=\"auto, (max-width: 2200px) 100vw, 2200px\" \/><\/a>\n\t\t\t<\/dt><\/dl><br style=\"clear: both\" \/><dl class='gallery-item'>\n\t\t\t<dt class='gallery-icon landscape'>\n\t\t\t\t<a href='https:\/\/www.cftestataltarapaca.cl\/inicio\/2025\/12\/18\/cft-estatal-de-tarapaca-aporta-mirada-academica-en-encuentro-vision-regional-2025-sobre-transformacion-digital-de-la-mineria\/vision-regional-richard-10\/'><img loading=\"lazy\" decoding=\"async\" width=\"2200\" height=\"1467\" src=\"https:\/\/www.cftestataltarapaca.cl\/inicio\/wp-content\/uploads\/2025\/12\/Visio\u0301n-Regional-Richard-10.jpg\" class=\"attachment-full size-full\" alt=\"\" srcset=\"https:\/\/www.cftestataltarapaca.cl\/inicio\/wp-content\/uploads\/2025\/12\/Visio\u0301n-Regional-Richard-10.jpg 2200w, https:\/\/www.cftestataltarapaca.cl\/inicio\/wp-content\/uploads\/2025\/12\/Visio\u0301n-Regional-Richard-10-300x200.jpg 300w, https:\/\/www.cftestataltarapaca.cl\/inicio\/wp-content\/uploads\/2025\/12\/Visio\u0301n-Regional-Richard-10-1024x683.jpg 1024w, https:\/\/www.cftestataltarapaca.cl\/inicio\/wp-content\/uploads\/2025\/12\/Visio\u0301n-Regional-Richard-10-768x512.jpg 768w, https:\/\/www.cftestataltarapaca.cl\/inicio\/wp-content\/uploads\/2025\/12\/Visio\u0301n-Regional-Richard-10-1536x1024.jpg 1536w, https:\/\/www.cftestataltarapaca.cl\/inicio\/wp-content\/uploads\/2025\/12\/Visio\u0301n-Regional-Richard-10-2048x1366.jpg 2048w, https:\/\/www.cftestataltarapaca.cl\/inicio\/wp-content\/uploads\/2025\/12\/Visio\u0301n-Regional-Richard-10-900x600.jpg 900w\" sizes=\"auto, (max-width: 2200px) 100vw, 2200px\" \/><\/a>\n\t\t\t<\/dt><\/dl><dl class='gallery-item'>\n\t\t\t<dt class='gallery-icon landscape'>\n\t\t\t\t<a href='https:\/\/www.cftestataltarapaca.cl\/inicio\/2025\/12\/18\/cft-estatal-de-tarapaca-aporta-mirada-academica-en-encuentro-vision-regional-2025-sobre-transformacion-digital-de-la-mineria\/vision-regional-richard-11\/'><img loading=\"lazy\" decoding=\"async\" width=\"2200\" height=\"1467\" src=\"https:\/\/www.cftestataltarapaca.cl\/inicio\/wp-content\/uploads\/2025\/12\/Visio\u0301n-Regional-Richard-11.jpg\" class=\"attachment-full size-full\" alt=\"\" srcset=\"https:\/\/www.cftestataltarapaca.cl\/inicio\/wp-content\/uploads\/2025\/12\/Visio\u0301n-Regional-Richard-11.jpg 2200w, https:\/\/www.cftestataltarapaca.cl\/inicio\/wp-content\/uploads\/2025\/12\/Visio\u0301n-Regional-Richard-11-300x200.jpg 300w, https:\/\/www.cftestataltarapaca.cl\/inicio\/wp-content\/uploads\/2025\/12\/Visio\u0301n-Regional-Richard-11-1024x683.jpg 1024w, https:\/\/www.cftestataltarapaca.cl\/inicio\/wp-content\/uploads\/2025\/12\/Visio\u0301n-Regional-Richard-11-768x512.jpg 768w, https:\/\/www.cftestataltarapaca.cl\/inicio\/wp-content\/uploads\/2025\/12\/Visio\u0301n-Regional-Richard-11-1536x1024.jpg 1536w, https:\/\/www.cftestataltarapaca.cl\/inicio\/wp-content\/uploads\/2025\/12\/Visio\u0301n-Regional-Richard-11-2048x1366.jpg 2048w, https:\/\/www.cftestataltarapaca.cl\/inicio\/wp-content\/uploads\/2025\/12\/Visio\u0301n-Regional-Richard-11-900x600.jpg 900w\" sizes=\"auto, (max-width: 2200px) 100vw, 2200px\" \/><\/a>\n\t\t\t<\/dt><\/dl><br style=\"clear: both\" \/><dl class='gallery-item'>\n\t\t\t<dt class='gallery-icon landscape'>\n\t\t\t\t<a href='https:\/\/www.cftestataltarapaca.cl\/inicio\/2025\/12\/18\/cft-estatal-de-tarapaca-aporta-mirada-academica-en-encuentro-vision-regional-2025-sobre-transformacion-digital-de-la-mineria\/vision-regional-richard-12\/'><img loading=\"lazy\" decoding=\"async\" width=\"2200\" height=\"1467\" src=\"https:\/\/www.cftestataltarapaca.cl\/inicio\/wp-content\/uploads\/2025\/12\/Visio\u0301n-Regional-Richard-12.jpg\" class=\"attachment-full size-full\" alt=\"\" srcset=\"https:\/\/www.cftestataltarapaca.cl\/inicio\/wp-content\/uploads\/2025\/12\/Visio\u0301n-Regional-Richard-12.jpg 2200w, https:\/\/www.cftestataltarapaca.cl\/inicio\/wp-content\/uploads\/2025\/12\/Visio\u0301n-Regional-Richard-12-300x200.jpg 300w, https:\/\/www.cftestataltarapaca.cl\/inicio\/wp-content\/uploads\/2025\/12\/Visio\u0301n-Regional-Richard-12-1024x683.jpg 1024w, https:\/\/www.cftestataltarapaca.cl\/inicio\/wp-content\/uploads\/2025\/12\/Visio\u0301n-Regional-Richard-12-768x512.jpg 768w, https:\/\/www.cftestataltarapaca.cl\/inicio\/wp-content\/uploads\/2025\/12\/Visio\u0301n-Regional-Richard-12-1536x1024.jpg 1536w, https:\/\/www.cftestataltarapaca.cl\/inicio\/wp-content\/uploads\/2025\/12\/Visio\u0301n-Regional-Richard-12-2048x1366.jpg 2048w, https:\/\/www.cftestataltarapaca.cl\/inicio\/wp-content\/uploads\/2025\/12\/Visio\u0301n-Regional-Richard-12-900x600.jpg 900w\" sizes=\"auto, (max-width: 2200px) 100vw, 2200px\" \/><\/a>\n\t\t\t<\/dt><\/dl><dl class='gallery-item'>\n\t\t\t<dt class='gallery-icon landscape'>\n\t\t\t\t<a href='https:\/\/www.cftestataltarapaca.cl\/inicio\/2025\/12\/18\/cft-estatal-de-tarapaca-aporta-mirada-academica-en-encuentro-vision-regional-2025-sobre-transformacion-digital-de-la-mineria\/vision-regional-richard-13\/'><img loading=\"lazy\" decoding=\"async\" width=\"2200\" height=\"1467\" src=\"https:\/\/www.cftestataltarapaca.cl\/inicio\/wp-content\/uploads\/2025\/12\/Visio\u0301n-Regional-Richard-13.jpg\" class=\"attachment-full size-full\" alt=\"\" srcset=\"https:\/\/www.cftestataltarapaca.cl\/inicio\/wp-content\/uploads\/2025\/12\/Visio\u0301n-Regional-Richard-13.jpg 2200w, https:\/\/www.cftestataltarapaca.cl\/inicio\/wp-content\/uploads\/2025\/12\/Visio\u0301n-Regional-Richard-13-300x200.jpg 300w, https:\/\/www.cftestataltarapaca.cl\/inicio\/wp-content\/uploads\/2025\/12\/Visio\u0301n-Regional-Richard-13-1024x683.jpg 1024w, https:\/\/www.cftestataltarapaca.cl\/inicio\/wp-content\/uploads\/2025\/12\/Visio\u0301n-Regional-Richard-13-768x512.jpg 768w, https:\/\/www.cftestataltarapaca.cl\/inicio\/wp-content\/uploads\/2025\/12\/Visio\u0301n-Regional-Richard-13-1536x1024.jpg 1536w, https:\/\/www.cftestataltarapaca.cl\/inicio\/wp-content\/uploads\/2025\/12\/Visio\u0301n-Regional-Richard-13-2048x1366.jpg 2048w, https:\/\/www.cftestataltarapaca.cl\/inicio\/wp-content\/uploads\/2025\/12\/Visio\u0301n-Regional-Richard-13-900x600.jpg 900w\" sizes=\"auto, (max-width: 2200px) 100vw, 2200px\" \/><\/a>\n\t\t\t<\/dt><\/dl><br style=\"clear: both\" \/><dl class='gallery-item'>\n\t\t\t<dt class='gallery-icon landscape'>\n\t\t\t\t<a href='https:\/\/www.cftestataltarapaca.cl\/inicio\/2025\/12\/18\/cft-estatal-de-tarapaca-aporta-mirada-academica-en-encuentro-vision-regional-2025-sobre-transformacion-digital-de-la-mineria\/vision-regional-richard-16\/'><img loading=\"lazy\" decoding=\"async\" width=\"2200\" height=\"1467\" src=\"https:\/\/www.cftestataltarapaca.cl\/inicio\/wp-content\/uploads\/2025\/12\/Visio\u0301n-Regional-Richard-16.jpg\" class=\"attachment-full size-full\" alt=\"\" srcset=\"https:\/\/www.cftestataltarapaca.cl\/inicio\/wp-content\/uploads\/2025\/12\/Visio\u0301n-Regional-Richard-16.jpg 2200w, https:\/\/www.cftestataltarapaca.cl\/inicio\/wp-content\/uploads\/2025\/12\/Visio\u0301n-Regional-Richard-16-300x200.jpg 300w, https:\/\/www.cftestataltarapaca.cl\/inicio\/wp-content\/uploads\/2025\/12\/Visio\u0301n-Regional-Richard-16-1024x683.jpg 1024w, https:\/\/www.cftestataltarapaca.cl\/inicio\/wp-content\/uploads\/2025\/12\/Visio\u0301n-Regional-Richard-16-768x512.jpg 768w, https:\/\/www.cftestataltarapaca.cl\/inicio\/wp-content\/uploads\/2025\/12\/Visio\u0301n-Regional-Richard-16-1536x1024.jpg 1536w, https:\/\/www.cftestataltarapaca.cl\/inicio\/wp-content\/uploads\/2025\/12\/Visio\u0301n-Regional-Richard-16-2048x1366.jpg 2048w, https:\/\/www.cftestataltarapaca.cl\/inicio\/wp-content\/uploads\/2025\/12\/Visio\u0301n-Regional-Richard-16-900x600.jpg 900w\" sizes=\"auto, (max-width: 2200px) 100vw, 2200px\" \/><\/a>\n\t\t\t<\/dt><\/dl><dl class='gallery-item'>\n\t\t\t<dt class='gallery-icon landscape'>\n\t\t\t\t<a href='https:\/\/www.cftestataltarapaca.cl\/inicio\/2025\/12\/18\/cft-estatal-de-tarapaca-aporta-mirada-academica-en-encuentro-vision-regional-2025-sobre-transformacion-digital-de-la-mineria\/vision-regional-richard-20-1\/'><img loading=\"lazy\" decoding=\"async\" width=\"2200\" height=\"1467\" src=\"https:\/\/www.cftestataltarapaca.cl\/inicio\/wp-content\/uploads\/2025\/12\/Visio\u0301n-Regional-Richard-20-1.jpg\" class=\"attachment-full size-full\" alt=\"\" srcset=\"https:\/\/www.cftestataltarapaca.cl\/inicio\/wp-content\/uploads\/2025\/12\/Visio\u0301n-Regional-Richard-20-1.jpg 2200w, https:\/\/www.cftestataltarapaca.cl\/inicio\/wp-content\/uploads\/2025\/12\/Visio\u0301n-Regional-Richard-20-1-300x200.jpg 300w, https:\/\/www.cftestataltarapaca.cl\/inicio\/wp-content\/uploads\/2025\/12\/Visio\u0301n-Regional-Richard-20-1-1024x683.jpg 1024w, https:\/\/www.cftestataltarapaca.cl\/inicio\/wp-content\/uploads\/2025\/12\/Visio\u0301n-Regional-Richard-20-1-768x512.jpg 768w, https:\/\/www.cftestataltarapaca.cl\/inicio\/wp-content\/uploads\/2025\/12\/Visio\u0301n-Regional-Richard-20-1-1536x1024.jpg 1536w, https:\/\/www.cftestataltarapaca.cl\/inicio\/wp-content\/uploads\/2025\/12\/Visio\u0301n-Regional-Richard-20-1-2048x1366.jpg 2048w, https:\/\/www.cftestataltarapaca.cl\/inicio\/wp-content\/uploads\/2025\/12\/Visio\u0301n-Regional-Richard-20-1-900x600.jpg 900w\" sizes=\"auto, (max-width: 2200px) 100vw, 2200px\" \/><\/a>\n\t\t\t<\/dt><\/dl><br style=\"clear: both\" \/><dl class='gallery-item'>\n\t\t\t<dt class='gallery-icon landscape'>\n\t\t\t\t<a href='https:\/\/www.cftestataltarapaca.cl\/inicio\/2025\/12\/18\/cft-estatal-de-tarapaca-aporta-mirada-academica-en-encuentro-vision-regional-2025-sobre-transformacion-digital-de-la-mineria\/vision-regional-richard-21\/'><img loading=\"lazy\" decoding=\"async\" width=\"2200\" height=\"1467\" src=\"https:\/\/www.cftestataltarapaca.cl\/inicio\/wp-content\/uploads\/2025\/12\/Visio\u0301n-Regional-Richard-21.jpg\" class=\"attachment-full size-full\" alt=\"\" srcset=\"https:\/\/www.cftestataltarapaca.cl\/inicio\/wp-content\/uploads\/2025\/12\/Visio\u0301n-Regional-Richard-21.jpg 2200w, https:\/\/www.cftestataltarapaca.cl\/inicio\/wp-content\/uploads\/2025\/12\/Visio\u0301n-Regional-Richard-21-300x200.jpg 300w, https:\/\/www.cftestataltarapaca.cl\/inicio\/wp-content\/uploads\/2025\/12\/Visio\u0301n-Regional-Richard-21-1024x683.jpg 1024w, https:\/\/www.cftestataltarapaca.cl\/inicio\/wp-content\/uploads\/2025\/12\/Visio\u0301n-Regional-Richard-21-768x512.jpg 768w, https:\/\/www.cftestataltarapaca.cl\/inicio\/wp-content\/uploads\/2025\/12\/Visio\u0301n-Regional-Richard-21-1536x1024.jpg 1536w, https:\/\/www.cftestataltarapaca.cl\/inicio\/wp-content\/uploads\/2025\/12\/Visio\u0301n-Regional-Richard-21-2048x1366.jpg 2048w, https:\/\/www.cftestataltarapaca.cl\/inicio\/wp-content\/uploads\/2025\/12\/Visio\u0301n-Regional-Richard-21-900x600.jpg 900w\" sizes=\"auto, (max-width: 2200px) 100vw, 2200px\" \/><\/a>\n\t\t\t<\/dt><\/dl><dl class='gallery-item'>\n\t\t\t<dt class='gallery-icon landscape'>\n\t\t\t\t<a href='https:\/\/www.cftestataltarapaca.cl\/inicio\/2025\/12\/18\/cft-estatal-de-tarapaca-aporta-mirada-academica-en-encuentro-vision-regional-2025-sobre-transformacion-digital-de-la-mineria\/vision-regional-richard-23\/'><img loading=\"lazy\" decoding=\"async\" width=\"2200\" height=\"1467\" src=\"https:\/\/www.cftestataltarapaca.cl\/inicio\/wp-content\/uploads\/2025\/12\/Visio\u0301n-Regional-Richard-23.jpg\" class=\"attachment-full size-full\" alt=\"\" srcset=\"https:\/\/www.cftestataltarapaca.cl\/inicio\/wp-content\/uploads\/2025\/12\/Visio\u0301n-Regional-Richard-23.jpg 2200w, https:\/\/www.cftestataltarapaca.cl\/inicio\/wp-content\/uploads\/2025\/12\/Visio\u0301n-Regional-Richard-23-300x200.jpg 300w, https:\/\/www.cftestataltarapaca.cl\/inicio\/wp-content\/uploads\/2025\/12\/Visio\u0301n-Regional-Richard-23-1024x683.jpg 1024w, https:\/\/www.cftestataltarapaca.cl\/inicio\/wp-content\/uploads\/2025\/12\/Visio\u0301n-Regional-Richard-23-768x512.jpg 768w, https:\/\/www.cftestataltarapaca.cl\/inicio\/wp-content\/uploads\/2025\/12\/Visio\u0301n-Regional-Richard-23-1536x1024.jpg 1536w, https:\/\/www.cftestataltarapaca.cl\/inicio\/wp-content\/uploads\/2025\/12\/Visio\u0301n-Regional-Richard-23-2048x1366.jpg 2048w, https:\/\/www.cftestataltarapaca.cl\/inicio\/wp-content\/uploads\/2025\/12\/Visio\u0301n-Regional-Richard-23-900x600.jpg 900w\" sizes=\"auto, (max-width: 2200px) 100vw, 2200px\" \/><\/a>\n\t\t\t<\/dt><\/dl><br style=\"clear: both\" \/><dl class='gallery-item'>\n\t\t\t<dt class='gallery-icon landscape'>\n\t\t\t\t<a href='https:\/\/www.cftestataltarapaca.cl\/inicio\/2025\/12\/18\/cft-estatal-de-tarapaca-aporta-mirada-academica-en-encuentro-vision-regional-2025-sobre-transformacion-digital-de-la-mineria\/vision-regional-richard-24\/'><img loading=\"lazy\" decoding=\"async\" width=\"2200\" height=\"1467\" src=\"https:\/\/www.cftestataltarapaca.cl\/inicio\/wp-content\/uploads\/2025\/12\/Visio\u0301n-Regional-Richard-24.jpg\" class=\"attachment-full size-full\" alt=\"\" srcset=\"https:\/\/www.cftestataltarapaca.cl\/inicio\/wp-content\/uploads\/2025\/12\/Visio\u0301n-Regional-Richard-24.jpg 2200w, https:\/\/www.cftestataltarapaca.cl\/inicio\/wp-content\/uploads\/2025\/12\/Visio\u0301n-Regional-Richard-24-300x200.jpg 300w, https:\/\/www.cftestataltarapaca.cl\/inicio\/wp-content\/uploads\/2025\/12\/Visio\u0301n-Regional-Richard-24-1024x683.jpg 1024w, https:\/\/www.cftestataltarapaca.cl\/inicio\/wp-content\/uploads\/2025\/12\/Visio\u0301n-Regional-Richard-24-768x512.jpg 768w, https:\/\/www.cftestataltarapaca.cl\/inicio\/wp-content\/uploads\/2025\/12\/Visio\u0301n-Regional-Richard-24-1536x1024.jpg 1536w, https:\/\/www.cftestataltarapaca.cl\/inicio\/wp-content\/uploads\/2025\/12\/Visio\u0301n-Regional-Richard-24-2048x1366.jpg 2048w, https:\/\/www.cftestataltarapaca.cl\/inicio\/wp-content\/uploads\/2025\/12\/Visio\u0301n-Regional-Richard-24-900x600.jpg 900w\" sizes=\"auto, (max-width: 2200px) 100vw, 2200px\" \/><\/a>\n\t\t\t<\/dt><\/dl>\n\t\t\t<br style='clear: both' \/>\n\t\t<\/div>\n\n","protected":false},"excerpt":{"rendered":"<p>El Centro de Formaci\u00f3n T\u00e9cnica Estatal de Tarapac\u00e1 tuvo una destacada participaci\u00f3n en una nueva versi\u00f3n de los desayunos\u00a0Visi\u00f3n Regional 2025, organizados por\u00a0La Estrella de Iquique, instancia de di\u00e1logo que&#8230;<\/p>\n","protected":false},"author":2,"featured_media":16005,"comment_status":"open","ping_status":"open","sticky":false,"template":"","format":"standard","meta":{"_joinchat":[],"footnotes":""},"categories":[190,45],"tags":[],"class_list":["post-16004","post","type-post","status-publish","format-standard","has-post-thumbnail","hentry","category-desarrollo-institucional","category-vinculacion"],"yoast_head":"<!-- This site is optimized with the Yoast SEO plugin v27.4 - https:\/\/yoast.com\/product\/yoast-seo-wordpress\/ -->\n<title>CFT Estatal de Tarapac\u00e1 aporta mirada acad\u00e9mica en encuentro \u201cVisi\u00f3n Regional 2025\u201d sobre transformaci\u00f3n digital de la miner\u00eda - CFT Estatal Tarapac\u00e1<\/title>\n<meta name=\"robots\" content=\"index, follow, max-snippet:-1, max-image-preview:large, max-video-preview:-1\" \/>\n<link rel=\"canonical\" href=\"https:\/\/www.cftestataltarapaca.cl\/inicio\/2025\/12\/18\/cft-estatal-de-tarapaca-aporta-mirada-academica-en-encuentro-vision-regional-2025-sobre-transformacion-digital-de-la-mineria\/\" \/>\n<meta property=\"og:locale\" content=\"es_ES\" \/>\n<meta property=\"og:type\" content=\"article\" \/>\n<meta property=\"og:title\" content=\"CFT Estatal de Tarapac\u00e1 aporta mirada acad\u00e9mica en encuentro \u201cVisi\u00f3n Regional 2025\u201d sobre transformaci\u00f3n digital de la miner\u00eda - CFT Estatal Tarapac\u00e1\" \/>\n<meta property=\"og:description\" content=\"El Centro de Formaci\u00f3n T\u00e9cnica Estatal de Tarapac\u00e1 tuvo una destacada participaci\u00f3n en una nueva versi\u00f3n de los desayunos\u00a0Visi\u00f3n Regional 2025, organizados por\u00a0La Estrella de Iquique, instancia de di\u00e1logo que...\" \/>\n<meta property=\"og:url\" content=\"https:\/\/www.cftestataltarapaca.cl\/inicio\/2025\/12\/18\/cft-estatal-de-tarapaca-aporta-mirada-academica-en-encuentro-vision-regional-2025-sobre-transformacion-digital-de-la-mineria\/\" \/>\n<meta property=\"og:site_name\" content=\"CFT Estatal Tarapac\u00e1\" \/>\n<meta property=\"article:publisher\" content=\"https:\/\/www.facebook.com\/CFTestataltarapaca\/\" \/>\n<meta property=\"article:published_time\" content=\"2025-12-18T13:05:36+00:00\" \/>\n<meta property=\"article:modified_time\" content=\"2025-12-18T15:26:50+00:00\" \/>\n<meta property=\"og:image\" content=\"https:\/\/www.cftestataltarapaca.cl\/inicio\/wp-content\/uploads\/2025\/12\/Visio\u0301n-Regional-Richard-19-1024x683.jpg\" \/>\n\t<meta property=\"og:image:width\" content=\"1024\" \/>\n\t<meta property=\"og:image:height\" content=\"683\" \/>\n\t<meta property=\"og:image:type\" content=\"image\/jpeg\" \/>\n<meta name=\"author\" content=\"Comunicaciones\" \/>\n<meta name=\"twitter:card\" content=\"summary_large_image\" \/>\n<meta name=\"twitter:creator\" content=\"@CFTesTarapaca\" \/>\n<meta name=\"twitter:site\" content=\"@CFTesTarapaca\" \/>\n<meta name=\"twitter:label1\" content=\"Escrito por\" \/>\n\t<meta name=\"twitter:data1\" content=\"Comunicaciones\" \/>\n\t<meta name=\"twitter:label2\" content=\"Tiempo de lectura\" \/>\n\t<meta name=\"twitter:data2\" content=\"3 minutos\" \/>\n<script type=\"application\/ld+json\" class=\"yoast-schema-graph\">{\"@context\":\"https:\\\/\\\/schema.org\",\"@graph\":[{\"@type\":\"Article\",\"@id\":\"https:\\\/\\\/www.cftestataltarapaca.cl\\\/inicio\\\/2025\\\/12\\\/18\\\/cft-estatal-de-tarapaca-aporta-mirada-academica-en-encuentro-vision-regional-2025-sobre-transformacion-digital-de-la-mineria\\\/#article\",\"isPartOf\":{\"@id\":\"https:\\\/\\\/www.cftestataltarapaca.cl\\\/inicio\\\/2025\\\/12\\\/18\\\/cft-estatal-de-tarapaca-aporta-mirada-academica-en-encuentro-vision-regional-2025-sobre-transformacion-digital-de-la-mineria\\\/\"},\"author\":{\"name\":\"Comunicaciones\",\"@id\":\"https:\\\/\\\/www.cftestataltarapaca.cl\\\/inicio\\\/#\\\/schema\\\/person\\\/ad1fbfa1fa7c3d3889f4ae5401dd660e\"},\"headline\":\"CFT Estatal de Tarapac\u00e1 aporta mirada acad\u00e9mica en encuentro \u201cVisi\u00f3n Regional 2025\u201d sobre transformaci\u00f3n digital de la miner\u00eda\",\"datePublished\":\"2025-12-18T13:05:36+00:00\",\"dateModified\":\"2025-12-18T15:26:50+00:00\",\"mainEntityOfPage\":{\"@id\":\"https:\\\/\\\/www.cftestataltarapaca.cl\\\/inicio\\\/2025\\\/12\\\/18\\\/cft-estatal-de-tarapaca-aporta-mirada-academica-en-encuentro-vision-regional-2025-sobre-transformacion-digital-de-la-mineria\\\/\"},\"wordCount\":521,\"commentCount\":0,\"publisher\":{\"@id\":\"https:\\\/\\\/www.cftestataltarapaca.cl\\\/inicio\\\/#organization\"},\"image\":{\"@id\":\"https:\\\/\\\/www.cftestataltarapaca.cl\\\/inicio\\\/2025\\\/12\\\/18\\\/cft-estatal-de-tarapaca-aporta-mirada-academica-en-encuentro-vision-regional-2025-sobre-transformacion-digital-de-la-mineria\\\/#primaryimage\"},\"thumbnailUrl\":\"https:\\\/\\\/www.cftestataltarapaca.cl\\\/inicio\\\/wp-content\\\/uploads\\\/2025\\\/12\\\/Visio\u0301n-Regional-Richard-19.jpg\",\"articleSection\":[\"Desarrollo Institucional\",\"Vinculaci\u00f3n\"],\"inLanguage\":\"es\",\"potentialAction\":[{\"@type\":\"CommentAction\",\"name\":\"Comment\",\"target\":[\"https:\\\/\\\/www.cftestataltarapaca.cl\\\/inicio\\\/2025\\\/12\\\/18\\\/cft-estatal-de-tarapaca-aporta-mirada-academica-en-encuentro-vision-regional-2025-sobre-transformacion-digital-de-la-mineria\\\/#respond\"]}]},{\"@type\":\"WebPage\",\"@id\":\"https:\\\/\\\/www.cftestataltarapaca.cl\\\/inicio\\\/2025\\\/12\\\/18\\\/cft-estatal-de-tarapaca-aporta-mirada-academica-en-encuentro-vision-regional-2025-sobre-transformacion-digital-de-la-mineria\\\/\",\"url\":\"https:\\\/\\\/www.cftestataltarapaca.cl\\\/inicio\\\/2025\\\/12\\\/18\\\/cft-estatal-de-tarapaca-aporta-mirada-academica-en-encuentro-vision-regional-2025-sobre-transformacion-digital-de-la-mineria\\\/\",\"name\":\"CFT Estatal de Tarapac\u00e1 aporta mirada acad\u00e9mica en encuentro \u201cVisi\u00f3n Regional 2025\u201d sobre transformaci\u00f3n digital de la miner\u00eda - CFT Estatal Tarapac\u00e1\",\"isPartOf\":{\"@id\":\"https:\\\/\\\/www.cftestataltarapaca.cl\\\/inicio\\\/#website\"},\"primaryImageOfPage\":{\"@id\":\"https:\\\/\\\/www.cftestataltarapaca.cl\\\/inicio\\\/2025\\\/12\\\/18\\\/cft-estatal-de-tarapaca-aporta-mirada-academica-en-encuentro-vision-regional-2025-sobre-transformacion-digital-de-la-mineria\\\/#primaryimage\"},\"image\":{\"@id\":\"https:\\\/\\\/www.cftestataltarapaca.cl\\\/inicio\\\/2025\\\/12\\\/18\\\/cft-estatal-de-tarapaca-aporta-mirada-academica-en-encuentro-vision-regional-2025-sobre-transformacion-digital-de-la-mineria\\\/#primaryimage\"},\"thumbnailUrl\":\"https:\\\/\\\/www.cftestataltarapaca.cl\\\/inicio\\\/wp-content\\\/uploads\\\/2025\\\/12\\\/Visio\u0301n-Regional-Richard-19.jpg\",\"datePublished\":\"2025-12-18T13:05:36+00:00\",\"dateModified\":\"2025-12-18T15:26:50+00:00\",\"breadcrumb\":{\"@id\":\"https:\\\/\\\/www.cftestataltarapaca.cl\\\/inicio\\\/2025\\\/12\\\/18\\\/cft-estatal-de-tarapaca-aporta-mirada-academica-en-encuentro-vision-regional-2025-sobre-transformacion-digital-de-la-mineria\\\/#breadcrumb\"},\"inLanguage\":\"es\",\"potentialAction\":[{\"@type\":\"ReadAction\",\"target\":[\"https:\\\/\\\/www.cftestataltarapaca.cl\\\/inicio\\\/2025\\\/12\\\/18\\\/cft-estatal-de-tarapaca-aporta-mirada-academica-en-encuentro-vision-regional-2025-sobre-transformacion-digital-de-la-mineria\\\/\"]}]},{\"@type\":\"ImageObject\",\"inLanguage\":\"es\",\"@id\":\"https:\\\/\\\/www.cftestataltarapaca.cl\\\/inicio\\\/2025\\\/12\\\/18\\\/cft-estatal-de-tarapaca-aporta-mirada-academica-en-encuentro-vision-regional-2025-sobre-transformacion-digital-de-la-mineria\\\/#primaryimage\",\"url\":\"https:\\\/\\\/www.cftestataltarapaca.cl\\\/inicio\\\/wp-content\\\/uploads\\\/2025\\\/12\\\/Visio\u0301n-Regional-Richard-19.jpg\",\"contentUrl\":\"https:\\\/\\\/www.cftestataltarapaca.cl\\\/inicio\\\/wp-content\\\/uploads\\\/2025\\\/12\\\/Visio\u0301n-Regional-Richard-19.jpg\",\"width\":2200,\"height\":1467},{\"@type\":\"BreadcrumbList\",\"@id\":\"https:\\\/\\\/www.cftestataltarapaca.cl\\\/inicio\\\/2025\\\/12\\\/18\\\/cft-estatal-de-tarapaca-aporta-mirada-academica-en-encuentro-vision-regional-2025-sobre-transformacion-digital-de-la-mineria\\\/#breadcrumb\",\"itemListElement\":[{\"@type\":\"ListItem\",\"position\":1,\"name\":\"Portada\",\"item\":\"https:\\\/\\\/www.cftestataltarapaca.cl\\\/inicio\\\/\"},{\"@type\":\"ListItem\",\"position\":2,\"name\":\"CFT Estatal de Tarapac\u00e1 aporta mirada acad\u00e9mica en encuentro \u201cVisi\u00f3n Regional 2025\u201d sobre transformaci\u00f3n digital de la miner\u00eda\"}]},{\"@type\":\"WebSite\",\"@id\":\"https:\\\/\\\/www.cftestataltarapaca.cl\\\/inicio\\\/#website\",\"url\":\"https:\\\/\\\/www.cftestataltarapaca.cl\\\/inicio\\\/\",\"name\":\"CFT Estatal Tarapac\u00e1\",\"description\":\"Admisi\u00f3n 2025\",\"publisher\":{\"@id\":\"https:\\\/\\\/www.cftestataltarapaca.cl\\\/inicio\\\/#organization\"},\"potentialAction\":[{\"@type\":\"SearchAction\",\"target\":{\"@type\":\"EntryPoint\",\"urlTemplate\":\"https:\\\/\\\/www.cftestataltarapaca.cl\\\/inicio\\\/?s={search_term_string}\"},\"query-input\":{\"@type\":\"PropertyValueSpecification\",\"valueRequired\":true,\"valueName\":\"search_term_string\"}}],\"inLanguage\":\"es\"},{\"@type\":\"Organization\",\"@id\":\"https:\\\/\\\/www.cftestataltarapaca.cl\\\/inicio\\\/#organization\",\"name\":\"CFT Estatal Tarapac\u00e1\",\"url\":\"https:\\\/\\\/www.cftestataltarapaca.cl\\\/inicio\\\/\",\"logo\":{\"@type\":\"ImageObject\",\"inLanguage\":\"es\",\"@id\":\"https:\\\/\\\/www.cftestataltarapaca.cl\\\/inicio\\\/#\\\/schema\\\/logo\\\/image\\\/\",\"url\":\"https:\\\/\\\/www.cftestataltarapaca.cl\\\/inicio\\\/wp-content\\\/uploads\\\/2019\\\/03\\\/logo-retina-1.png\",\"contentUrl\":\"https:\\\/\\\/www.cftestataltarapaca.cl\\\/inicio\\\/wp-content\\\/uploads\\\/2019\\\/03\\\/logo-retina-1.png\",\"width\":401,\"height\":150,\"caption\":\"CFT Estatal Tarapac\u00e1\"},\"image\":{\"@id\":\"https:\\\/\\\/www.cftestataltarapaca.cl\\\/inicio\\\/#\\\/schema\\\/logo\\\/image\\\/\"},\"sameAs\":[\"https:\\\/\\\/www.facebook.com\\\/CFTestataltarapaca\\\/\",\"https:\\\/\\\/x.com\\\/CFTesTarapaca\",\"https:\\\/\\\/www.instagram.com\\\/CFTestataltarapaca\\\/\"]},{\"@type\":\"Person\",\"@id\":\"https:\\\/\\\/www.cftestataltarapaca.cl\\\/inicio\\\/#\\\/schema\\\/person\\\/ad1fbfa1fa7c3d3889f4ae5401dd660e\",\"name\":\"Comunicaciones\",\"image\":{\"@type\":\"ImageObject\",\"inLanguage\":\"es\",\"@id\":\"https:\\\/\\\/secure.gravatar.com\\\/avatar\\\/ed1c2728327f20a5a62edaeb7dc181858f225b765044c5314c3d1059a1bd992f?s=96&d=mm&r=g\",\"url\":\"https:\\\/\\\/secure.gravatar.com\\\/avatar\\\/ed1c2728327f20a5a62edaeb7dc181858f225b765044c5314c3d1059a1bd992f?s=96&d=mm&r=g\",\"contentUrl\":\"https:\\\/\\\/secure.gravatar.com\\\/avatar\\\/ed1c2728327f20a5a62edaeb7dc181858f225b765044c5314c3d1059a1bd992f?s=96&d=mm&r=g\",\"caption\":\"Comunicaciones\"},\"sameAs\":[\"http:\\\/\\\/www.cftestataltarapaca.cl\"],\"url\":\"https:\\\/\\\/www.cftestataltarapaca.cl\\\/inicio\\\/author\\\/comunicaciones\\\/\"}]}<\/script>\n<!-- \/ Yoast SEO plugin. -->","yoast_head_json":{"title":"CFT Estatal de Tarapac\u00e1 aporta mirada acad\u00e9mica en encuentro \u201cVisi\u00f3n Regional 2025\u201d sobre transformaci\u00f3n digital de la miner\u00eda - CFT Estatal Tarapac\u00e1","robots":{"index":"index","follow":"follow","max-snippet":"max-snippet:-1","max-image-preview":"max-image-preview:large","max-video-preview":"max-video-preview:-1"},"canonical":"https:\/\/www.cftestataltarapaca.cl\/inicio\/2025\/12\/18\/cft-estatal-de-tarapaca-aporta-mirada-academica-en-encuentro-vision-regional-2025-sobre-transformacion-digital-de-la-mineria\/","og_locale":"es_ES","og_type":"article","og_title":"CFT Estatal de Tarapac\u00e1 aporta mirada acad\u00e9mica en encuentro \u201cVisi\u00f3n Regional 2025\u201d sobre transformaci\u00f3n digital de la miner\u00eda - CFT Estatal Tarapac\u00e1","og_description":"El Centro de Formaci\u00f3n T\u00e9cnica Estatal de Tarapac\u00e1 tuvo una destacada participaci\u00f3n en una nueva versi\u00f3n de los desayunos\u00a0Visi\u00f3n Regional 2025, organizados por\u00a0La Estrella de Iquique, instancia de di\u00e1logo que...","og_url":"https:\/\/www.cftestataltarapaca.cl\/inicio\/2025\/12\/18\/cft-estatal-de-tarapaca-aporta-mirada-academica-en-encuentro-vision-regional-2025-sobre-transformacion-digital-de-la-mineria\/","og_site_name":"CFT Estatal Tarapac\u00e1","article_publisher":"https:\/\/www.facebook.com\/CFTestataltarapaca\/","article_published_time":"2025-12-18T13:05:36+00:00","article_modified_time":"2025-12-18T15:26:50+00:00","og_image":[{"width":1024,"height":683,"url":"https:\/\/www.cftestataltarapaca.cl\/inicio\/wp-content\/uploads\/2025\/12\/Visio\u0301n-Regional-Richard-19-1024x683.jpg","type":"image\/jpeg"}],"author":"Comunicaciones","twitter_card":"summary_large_image","twitter_creator":"@CFTesTarapaca","twitter_site":"@CFTesTarapaca","twitter_misc":{"Escrito por":"Comunicaciones","Tiempo de lectura":"3 minutos"},"schema":{"@context":"https:\/\/schema.org","@graph":[{"@type":"Article","@id":"https:\/\/www.cftestataltarapaca.cl\/inicio\/2025\/12\/18\/cft-estatal-de-tarapaca-aporta-mirada-academica-en-encuentro-vision-regional-2025-sobre-transformacion-digital-de-la-mineria\/#article","isPartOf":{"@id":"https:\/\/www.cftestataltarapaca.cl\/inicio\/2025\/12\/18\/cft-estatal-de-tarapaca-aporta-mirada-academica-en-encuentro-vision-regional-2025-sobre-transformacion-digital-de-la-mineria\/"},"author":{"name":"Comunicaciones","@id":"https:\/\/www.cftestataltarapaca.cl\/inicio\/#\/schema\/person\/ad1fbfa1fa7c3d3889f4ae5401dd660e"},"headline":"CFT Estatal de Tarapac\u00e1 aporta mirada acad\u00e9mica en encuentro \u201cVisi\u00f3n Regional 2025\u201d sobre transformaci\u00f3n digital de la miner\u00eda","datePublished":"2025-12-18T13:05:36+00:00","dateModified":"2025-12-18T15:26:50+00:00","mainEntityOfPage":{"@id":"https:\/\/www.cftestataltarapaca.cl\/inicio\/2025\/12\/18\/cft-estatal-de-tarapaca-aporta-mirada-academica-en-encuentro-vision-regional-2025-sobre-transformacion-digital-de-la-mineria\/"},"wordCount":521,"commentCount":0,"publisher":{"@id":"https:\/\/www.cftestataltarapaca.cl\/inicio\/#organization"},"image":{"@id":"https:\/\/www.cftestataltarapaca.cl\/inicio\/2025\/12\/18\/cft-estatal-de-tarapaca-aporta-mirada-academica-en-encuentro-vision-regional-2025-sobre-transformacion-digital-de-la-mineria\/#primaryimage"},"thumbnailUrl":"https:\/\/www.cftestataltarapaca.cl\/inicio\/wp-content\/uploads\/2025\/12\/Visio\u0301n-Regional-Richard-19.jpg","articleSection":["Desarrollo Institucional","Vinculaci\u00f3n"],"inLanguage":"es","potentialAction":[{"@type":"CommentAction","name":"Comment","target":["https:\/\/www.cftestataltarapaca.cl\/inicio\/2025\/12\/18\/cft-estatal-de-tarapaca-aporta-mirada-academica-en-encuentro-vision-regional-2025-sobre-transformacion-digital-de-la-mineria\/#respond"]}]},{"@type":"WebPage","@id":"https:\/\/www.cftestataltarapaca.cl\/inicio\/2025\/12\/18\/cft-estatal-de-tarapaca-aporta-mirada-academica-en-encuentro-vision-regional-2025-sobre-transformacion-digital-de-la-mineria\/","url":"https:\/\/www.cftestataltarapaca.cl\/inicio\/2025\/12\/18\/cft-estatal-de-tarapaca-aporta-mirada-academica-en-encuentro-vision-regional-2025-sobre-transformacion-digital-de-la-mineria\/","name":"CFT Estatal de Tarapac\u00e1 aporta mirada acad\u00e9mica en encuentro \u201cVisi\u00f3n Regional 2025\u201d sobre transformaci\u00f3n digital de la miner\u00eda - CFT Estatal Tarapac\u00e1","isPartOf":{"@id":"https:\/\/www.cftestataltarapaca.cl\/inicio\/#website"},"primaryImageOfPage":{"@id":"https:\/\/www.cftestataltarapaca.cl\/inicio\/2025\/12\/18\/cft-estatal-de-tarapaca-aporta-mirada-academica-en-encuentro-vision-regional-2025-sobre-transformacion-digital-de-la-mineria\/#primaryimage"},"image":{"@id":"https:\/\/www.cftestataltarapaca.cl\/inicio\/2025\/12\/18\/cft-estatal-de-tarapaca-aporta-mirada-academica-en-encuentro-vision-regional-2025-sobre-transformacion-digital-de-la-mineria\/#primaryimage"},"thumbnailUrl":"https:\/\/www.cftestataltarapaca.cl\/inicio\/wp-content\/uploads\/2025\/12\/Visio\u0301n-Regional-Richard-19.jpg","datePublished":"2025-12-18T13:05:36+00:00","dateModified":"2025-12-18T15:26:50+00:00","breadcrumb":{"@id":"https:\/\/www.cftestataltarapaca.cl\/inicio\/2025\/12\/18\/cft-estatal-de-tarapaca-aporta-mirada-academica-en-encuentro-vision-regional-2025-sobre-transformacion-digital-de-la-mineria\/#breadcrumb"},"inLanguage":"es","potentialAction":[{"@type":"ReadAction","target":["https:\/\/www.cftestataltarapaca.cl\/inicio\/2025\/12\/18\/cft-estatal-de-tarapaca-aporta-mirada-academica-en-encuentro-vision-regional-2025-sobre-transformacion-digital-de-la-mineria\/"]}]},{"@type":"ImageObject","inLanguage":"es","@id":"https:\/\/www.cftestataltarapaca.cl\/inicio\/2025\/12\/18\/cft-estatal-de-tarapaca-aporta-mirada-academica-en-encuentro-vision-regional-2025-sobre-transformacion-digital-de-la-mineria\/#primaryimage","url":"https:\/\/www.cftestataltarapaca.cl\/inicio\/wp-content\/uploads\/2025\/12\/Visio\u0301n-Regional-Richard-19.jpg","contentUrl":"https:\/\/www.cftestataltarapaca.cl\/inicio\/wp-content\/uploads\/2025\/12\/Visio\u0301n-Regional-Richard-19.jpg","width":2200,"height":1467},{"@type":"BreadcrumbList","@id":"https:\/\/www.cftestataltarapaca.cl\/inicio\/2025\/12\/18\/cft-estatal-de-tarapaca-aporta-mirada-academica-en-encuentro-vision-regional-2025-sobre-transformacion-digital-de-la-mineria\/#breadcrumb","itemListElement":[{"@type":"ListItem","position":1,"name":"Portada","item":"https:\/\/www.cftestataltarapaca.cl\/inicio\/"},{"@type":"ListItem","position":2,"name":"CFT Estatal de Tarapac\u00e1 aporta mirada acad\u00e9mica en encuentro \u201cVisi\u00f3n Regional 2025\u201d sobre transformaci\u00f3n digital de la miner\u00eda"}]},{"@type":"WebSite","@id":"https:\/\/www.cftestataltarapaca.cl\/inicio\/#website","url":"https:\/\/www.cftestataltarapaca.cl\/inicio\/","name":"CFT Estatal Tarapac\u00e1","description":"Admisi\u00f3n 2025","publisher":{"@id":"https:\/\/www.cftestataltarapaca.cl\/inicio\/#organization"},"potentialAction":[{"@type":"SearchAction","target":{"@type":"EntryPoint","urlTemplate":"https:\/\/www.cftestataltarapaca.cl\/inicio\/?s={search_term_string}"},"query-input":{"@type":"PropertyValueSpecification","valueRequired":true,"valueName":"search_term_string"}}],"inLanguage":"es"},{"@type":"Organization","@id":"https:\/\/www.cftestataltarapaca.cl\/inicio\/#organization","name":"CFT Estatal Tarapac\u00e1","url":"https:\/\/www.cftestataltarapaca.cl\/inicio\/","logo":{"@type":"ImageObject","inLanguage":"es","@id":"https:\/\/www.cftestataltarapaca.cl\/inicio\/#\/schema\/logo\/image\/","url":"https:\/\/www.cftestataltarapaca.cl\/inicio\/wp-content\/uploads\/2019\/03\/logo-retina-1.png","contentUrl":"https:\/\/www.cftestataltarapaca.cl\/inicio\/wp-content\/uploads\/2019\/03\/logo-retina-1.png","width":401,"height":150,"caption":"CFT Estatal Tarapac\u00e1"},"image":{"@id":"https:\/\/www.cftestataltarapaca.cl\/inicio\/#\/schema\/logo\/image\/"},"sameAs":["https:\/\/www.facebook.com\/CFTestataltarapaca\/","https:\/\/x.com\/CFTesTarapaca","https:\/\/www.instagram.com\/CFTestataltarapaca\/"]},{"@type":"Person","@id":"https:\/\/www.cftestataltarapaca.cl\/inicio\/#\/schema\/person\/ad1fbfa1fa7c3d3889f4ae5401dd660e","name":"Comunicaciones","image":{"@type":"ImageObject","inLanguage":"es","@id":"https:\/\/secure.gravatar.com\/avatar\/ed1c2728327f20a5a62edaeb7dc181858f225b765044c5314c3d1059a1bd992f?s=96&d=mm&r=g","url":"https:\/\/secure.gravatar.com\/avatar\/ed1c2728327f20a5a62edaeb7dc181858f225b765044c5314c3d1059a1bd992f?s=96&d=mm&r=g","contentUrl":"https:\/\/secure.gravatar.com\/avatar\/ed1c2728327f20a5a62edaeb7dc181858f225b765044c5314c3d1059a1bd992f?s=96&d=mm&r=g","caption":"Comunicaciones"},"sameAs":["http:\/\/www.cftestataltarapaca.cl"],"url":"https:\/\/www.cftestataltarapaca.cl\/inicio\/author\/comunicaciones\/"}]}},"publishpress_future_action":{"enabled":false,"date":"2026-05-08 13:50:44","action":"change-status","newStatus":"draft","terms":[],"taxonomy":"category","extraData":[]},"publishpress_future_workflow_manual_trigger":{"enabledWorkflows":[]},"_links":{"self":[{"href":"https:\/\/www.cftestataltarapaca.cl\/inicio\/wp-json\/wp\/v2\/posts\/16004","targetHints":{"allow":["GET"]}}],"collection":[{"href":"https:\/\/www.cftestataltarapaca.cl\/inicio\/wp-json\/wp\/v2\/posts"}],"about":[{"href":"https:\/\/www.cftestataltarapaca.cl\/inicio\/wp-json\/wp\/v2\/types\/post"}],"author":[{"embeddable":true,"href":"https:\/\/www.cftestataltarapaca.cl\/inicio\/wp-json\/wp\/v2\/users\/2"}],"replies":[{"embeddable":true,"href":"https:\/\/www.cftestataltarapaca.cl\/inicio\/wp-json\/wp\/v2\/comments?post=16004"}],"version-history":[{"count":3,"href":"https:\/\/www.cftestataltarapaca.cl\/inicio\/wp-json\/wp\/v2\/posts\/16004\/revisions"}],"predecessor-version":[{"id":16028,"href":"https:\/\/www.cftestataltarapaca.cl\/inicio\/wp-json\/wp\/v2\/posts\/16004\/revisions\/16028"}],"wp:featuredmedia":[{"embeddable":true,"href":"https:\/\/www.cftestataltarapaca.cl\/inicio\/wp-json\/wp\/v2\/media\/16005"}],"wp:attachment":[{"href":"https:\/\/www.cftestataltarapaca.cl\/inicio\/wp-json\/wp\/v2\/media?parent=16004"}],"wp:term":[{"taxonomy":"category","embeddable":true,"href":"https:\/\/www.cftestataltarapaca.cl\/inicio\/wp-json\/wp\/v2\/categories?post=16004"},{"taxonomy":"post_tag","embeddable":true,"href":"https:\/\/www.cftestataltarapaca.cl\/inicio\/wp-json\/wp\/v2\/tags?post=16004"}],"curies":[{"name":"wp","href":"https:\/\/api.w.org\/{rel}","templated":true}]}}