{"id":1607,"date":"2019-04-30T13:29:37","date_gmt":"2019-04-30T13:29:37","guid":{"rendered":"http:\/\/www.cftestataltarapaca.cl\/inicio\/?p=1607"},"modified":"2019-05-07T14:32:28","modified_gmt":"2019-05-07T14:32:28","slug":"cft-estatal-tarapaca-celebro-termino-de-su-primer-diplomado","status":"publish","type":"post","link":"https:\/\/www.cftestataltarapaca.cl\/inicio\/2019\/04\/30\/cft-estatal-tarapaca-celebro-termino-de-su-primer-diplomado\/","title":{"rendered":"CFT Estatal Tarapac\u00e1 celebr\u00f3 t\u00e9rmino de su primer Diplomado"},"content":{"rendered":"<button id=\"bb1\" type=\"button\" value=\"Play\" class=\"responsivevoice-button\" title=\"ResponsiveVoice Tap to Start\/Stop Speech\"><span>&#128266; Escuchar<\/span><\/button>\n        <script>\n            bb1.onclick = function(){\n                if(responsiveVoice.isPlaying()){\n                    responsiveVoice.cancel();\n                }else{\n                    responsiveVoice.speak(\"Fortalecer el aprendizaje de los estudiantes de educaci\u00f3n media, fue el principal objetivo que tuvo el Centro de Formaci\u00f3n T\u00e9cnica Estatal de Tarapac\u00e1 para impartir en la regi\u00f3n los diplomados de \u201cFormaci\u00f3n y Evaluaci\u00f3n para el Desarrollo de Competencias para las asignaturas de Matem\u00e1ticas y F\u00edsica\u201d. As\u00ed lo destac\u00f3 el rector de la instituci\u00f3n, Jorge Villegas Ahumada en la ceremonia de entrega de diplomas a las y los egresados, actividad inserta en el programa formativo que lleva a cabo el CFT Estatal. Realizada en dependencias de la primera instituci\u00f3n de educaci\u00f3n superior de Alto Hospicio, la ceremonia cont\u00f3 con la presencia de integrantes del Directorio del CFT y de acad\u00e9micos que impartieron las clases, quienes destacaron el inter\u00e9s y dedicaci\u00f3n que demostr\u00f3 cada participante para sacar adelante la capacitaci\u00f3n. El rector Jorge Villegas junto con agradecer a quienes cursaron ambos diplomados y valorar el esfuerzo que realizaron para avanzar en sus estudios, dijo que este tipo de actividades buscan aportar al desarrollo de la regi\u00f3n a trav\u00e9s de la ense\u00f1anza dirigida a las futuras generaciones. La jornada cont\u00f3 con la presencia de la directora de la MacroZona Norte de la Agencia de Calidad de la Educaci\u00f3n, Mabel Bustos y el director regional de la Superintendencia de Educaci\u00f3n, Ricardo Villalba, acompa\u00f1ados de los integrantes del directorio del CFT Estatal, Sacha Fuentealba y Richard Leal, director del Sence y representante de los Liceos TP de la regi\u00f3n, respectivamente. Karla Pino, a nombre de quienes recibieron sus diplomas, valor\u00f3 la propuesta que desarroll\u00f3 el CFT Estatal Tarapac\u00e1 al iniciar su labor educativa en la regi\u00f3n, \u201cmis m\u00e1s sinceros agradecimientos de la tremenda oportunidad de capacitarnos y becarnos en un diplomado que para nosotros se transforma en una tremenda herramienta laboral\u201d. Afirm\u00f3 que con la actitud demostrada por los y las docentes que egresaron de los diplomados, \u201clograremos que los altos \u00edndices de deserci\u00f3n escolar bajen, la tarea es nuestra, debemos hacernos cargo de ellas, abrazarla y amarla cada d\u00eda m\u00e1s\u201d. El director acad\u00e9mico del CFT, Roberto Urdanivia tambi\u00e9n se refiri\u00f3 a diplomado y al esfuerzo llevado a cabo por cada asistente, recordando que en ellos participaron docentes provenientes las provincias de Iquique y el Tamarugal. Los dos diplomados tuvieron una duraci\u00f3n de 130 horas, desarrollado durante los viernes y s\u00e1bados, contando con el apoyo de 7 acad\u00e9micos.\", \"Spanish Latin American Female\");\n                }\n            };\n        <\/script>\n    \n<p style=\"text-align: justify;\">Fortalecer el aprendizaje de los estudiantes de educaci\u00f3n media, fue el principal objetivo que tuvo el Centro de Formaci\u00f3n T\u00e9cnica Estatal de Tarapac\u00e1 para impartir en la regi\u00f3n los diplomados de \u201cFormaci\u00f3n y Evaluaci\u00f3n para el Desarrollo de Competencias para las asignaturas de Matem\u00e1ticas y F\u00edsica\u201d.<\/p>\n<p><!--more--><\/p>\n<p style=\"text-align: justify;\">As\u00ed lo destac\u00f3 el rector de la instituci\u00f3n, Jorge Villegas Ahumada en la ceremonia de entrega de diplomas a las y los egresados, actividad inserta en el programa formativo que lleva a cabo el CFT Estatal.<\/p>\n<p style=\"text-align: justify;\">Realizada en dependencias de la primera instituci\u00f3n de educaci\u00f3n superior de Alto Hospicio, la ceremonia cont\u00f3 con la presencia de integrantes del Directorio del CFT y de acad\u00e9micos que impartieron las clases, quienes destacaron el inter\u00e9s y dedicaci\u00f3n que demostr\u00f3 cada participante para sacar adelante la capacitaci\u00f3n.<\/p>\n<p style=\"text-align: justify;\">El rector Jorge Villegas junto con agradecer a quienes cursaron ambos diplomados y valorar el esfuerzo que realizaron para avanzar en sus estudios, dijo que este tipo de actividades buscan aportar al desarrollo de la regi\u00f3n a trav\u00e9s de la ense\u00f1anza dirigida a las futuras generaciones.<\/p>\n<p style=\"text-align: justify;\">La jornada cont\u00f3 con la presencia de la directora de la MacroZona Norte de la Agencia de Calidad de la Educaci\u00f3n, Mabel Bustos y el director regional de la Superintendencia de Educaci\u00f3n, Ricardo Villalba, acompa\u00f1ados de los integrantes del directorio del CFT Estatal, Sacha Fuentealba y Richard Leal, director del Sence y representante de los Liceos TP de la regi\u00f3n, respectivamente.<\/p>\n<p style=\"text-align: justify;\">Karla Pino, a nombre de quienes recibieron sus diplomas, valor\u00f3 la propuesta que desarroll\u00f3 el CFT Estatal Tarapac\u00e1 al iniciar su labor educativa en la regi\u00f3n, \u201cmis m\u00e1s sinceros agradecimientos de la tremenda oportunidad de capacitarnos y becarnos en un diplomado que para nosotros se transforma en una tremenda herramienta laboral\u201d. Afirm\u00f3 que con la actitud demostrada por los y las docentes que egresaron de los diplomados, \u201clograremos que los altos \u00edndices de deserci\u00f3n escolar bajen, la tarea es nuestra, debemos hacernos cargo de ellas, abrazarla y amarla cada d\u00eda m\u00e1s\u201d.<\/p>\n<p style=\"text-align: justify;\">El director acad\u00e9mico del CFT, Roberto Urdanivia tambi\u00e9n se refiri\u00f3 a diplomado y al esfuerzo llevado a cabo por cada asistente, recordando que en ellos participaron docentes provenientes las provincias de Iquique y el Tamarugal.<\/p>\n<p style=\"text-align: justify;\">Los dos diplomados tuvieron una duraci\u00f3n de 130 horas, desarrollado durante los viernes y s\u00e1bados, contando con el apoyo de 7 acad\u00e9micos.<\/p>\n\n","protected":false},"excerpt":{"rendered":"<p>Fortalecer el aprendizaje de los estudiantes de educaci\u00f3n media, fue el principal objetivo que tuvo el Centro de Formaci\u00f3n T\u00e9cnica Estatal de Tarapac\u00e1 para impartir en la regi\u00f3n los diplomados&#8230;<\/p>\n","protected":false},"author":2,"featured_media":1591,"comment_status":"open","ping_status":"open","sticky":false,"template":"","format":"standard","meta":{"_joinchat":[],"footnotes":""},"categories":[52,47,45],"tags":[56,58,59],"class_list":["post-1607","post","type-post","status-publish","format-standard","has-post-thumbnail","hentry","category-comunicados","category-dae","category-vinculacion","tag-cftestataltarapaca","tag-diplomado","tag-educacion-tarapaca"],"yoast_head":"<!-- This site is optimized with the Yoast SEO plugin v27.4 - https:\/\/yoast.com\/product\/yoast-seo-wordpress\/ -->\n<title>CFT Estatal Tarapac\u00e1 celebr\u00f3 t\u00e9rmino de su primer Diplomado - CFT Estatal Tarapac\u00e1<\/title>\n<meta name=\"robots\" content=\"index, follow, max-snippet:-1, max-image-preview:large, max-video-preview:-1\" \/>\n<link rel=\"canonical\" href=\"https:\/\/www.cftestataltarapaca.cl\/inicio\/2019\/04\/30\/cft-estatal-tarapaca-celebro-termino-de-su-primer-diplomado\/\" \/>\n<meta property=\"og:locale\" content=\"es_ES\" \/>\n<meta property=\"og:type\" content=\"article\" \/>\n<meta property=\"og:title\" content=\"CFT Estatal Tarapac\u00e1 celebr\u00f3 t\u00e9rmino de su primer Diplomado - CFT Estatal Tarapac\u00e1\" \/>\n<meta property=\"og:description\" content=\"Fortalecer el aprendizaje de los estudiantes de educaci\u00f3n media, fue el principal objetivo que tuvo el Centro de Formaci\u00f3n T\u00e9cnica Estatal de Tarapac\u00e1 para impartir en la regi\u00f3n los diplomados...\" \/>\n<meta property=\"og:url\" content=\"https:\/\/www.cftestataltarapaca.cl\/inicio\/2019\/04\/30\/cft-estatal-tarapaca-celebro-termino-de-su-primer-diplomado\/\" \/>\n<meta property=\"og:site_name\" content=\"CFT Estatal Tarapac\u00e1\" \/>\n<meta property=\"article:publisher\" content=\"https:\/\/www.facebook.com\/CFTestataltarapaca\/\" \/>\n<meta property=\"article:published_time\" content=\"2019-04-30T13:29:37+00:00\" \/>\n<meta property=\"article:modified_time\" content=\"2019-05-07T14:32:28+00:00\" \/>\n<meta property=\"og:image\" content=\"https:\/\/www.cftestataltarapaca.cl\/inicio\/wp-content\/uploads\/2019\/04\/Diplomado-39.jpg\" \/>\n\t<meta property=\"og:image:width\" content=\"1280\" \/>\n\t<meta property=\"og:image:height\" content=\"853\" \/>\n\t<meta property=\"og:image:type\" content=\"image\/jpeg\" \/>\n<meta name=\"author\" content=\"Comunicaciones\" \/>\n<meta name=\"twitter:card\" content=\"summary_large_image\" \/>\n<meta name=\"twitter:creator\" content=\"@CFTesTarapaca\" \/>\n<meta name=\"twitter:site\" content=\"@CFTesTarapaca\" \/>\n<meta name=\"twitter:label1\" content=\"Escrito por\" \/>\n\t<meta name=\"twitter:data1\" content=\"Comunicaciones\" \/>\n\t<meta name=\"twitter:label2\" content=\"Tiempo de lectura\" \/>\n\t<meta name=\"twitter:data2\" content=\"2 minutos\" \/>\n<script type=\"application\/ld+json\" class=\"yoast-schema-graph\">{\"@context\":\"https:\\\/\\\/schema.org\",\"@graph\":[{\"@type\":\"Article\",\"@id\":\"https:\\\/\\\/www.cftestataltarapaca.cl\\\/inicio\\\/2019\\\/04\\\/30\\\/cft-estatal-tarapaca-celebro-termino-de-su-primer-diplomado\\\/#article\",\"isPartOf\":{\"@id\":\"https:\\\/\\\/www.cftestataltarapaca.cl\\\/inicio\\\/2019\\\/04\\\/30\\\/cft-estatal-tarapaca-celebro-termino-de-su-primer-diplomado\\\/\"},\"author\":{\"name\":\"Comunicaciones\",\"@id\":\"https:\\\/\\\/www.cftestataltarapaca.cl\\\/inicio\\\/#\\\/schema\\\/person\\\/ad1fbfa1fa7c3d3889f4ae5401dd660e\"},\"headline\":\"CFT Estatal Tarapac\u00e1 celebr\u00f3 t\u00e9rmino de su primer Diplomado\",\"datePublished\":\"2019-04-30T13:29:37+00:00\",\"dateModified\":\"2019-05-07T14:32:28+00:00\",\"mainEntityOfPage\":{\"@id\":\"https:\\\/\\\/www.cftestataltarapaca.cl\\\/inicio\\\/2019\\\/04\\\/30\\\/cft-estatal-tarapaca-celebro-termino-de-su-primer-diplomado\\\/\"},\"wordCount\":433,\"commentCount\":0,\"publisher\":{\"@id\":\"https:\\\/\\\/www.cftestataltarapaca.cl\\\/inicio\\\/#organization\"},\"image\":{\"@id\":\"https:\\\/\\\/www.cftestataltarapaca.cl\\\/inicio\\\/2019\\\/04\\\/30\\\/cft-estatal-tarapaca-celebro-termino-de-su-primer-diplomado\\\/#primaryimage\"},\"thumbnailUrl\":\"https:\\\/\\\/www.cftestataltarapaca.cl\\\/inicio\\\/wp-content\\\/uploads\\\/2019\\\/04\\\/Diplomado-39.jpg\",\"keywords\":[\"cftestataltarapaca\",\"Diplomado\",\"Educaci\u00f3n Tarapaca\"],\"articleSection\":[\"Comunicados\",\"DAE\",\"Vinculaci\u00f3n\"],\"inLanguage\":\"es\",\"potentialAction\":[{\"@type\":\"CommentAction\",\"name\":\"Comment\",\"target\":[\"https:\\\/\\\/www.cftestataltarapaca.cl\\\/inicio\\\/2019\\\/04\\\/30\\\/cft-estatal-tarapaca-celebro-termino-de-su-primer-diplomado\\\/#respond\"]}]},{\"@type\":\"WebPage\",\"@id\":\"https:\\\/\\\/www.cftestataltarapaca.cl\\\/inicio\\\/2019\\\/04\\\/30\\\/cft-estatal-tarapaca-celebro-termino-de-su-primer-diplomado\\\/\",\"url\":\"https:\\\/\\\/www.cftestataltarapaca.cl\\\/inicio\\\/2019\\\/04\\\/30\\\/cft-estatal-tarapaca-celebro-termino-de-su-primer-diplomado\\\/\",\"name\":\"CFT Estatal Tarapac\u00e1 celebr\u00f3 t\u00e9rmino de su primer Diplomado - CFT Estatal Tarapac\u00e1\",\"isPartOf\":{\"@id\":\"https:\\\/\\\/www.cftestataltarapaca.cl\\\/inicio\\\/#website\"},\"primaryImageOfPage\":{\"@id\":\"https:\\\/\\\/www.cftestataltarapaca.cl\\\/inicio\\\/2019\\\/04\\\/30\\\/cft-estatal-tarapaca-celebro-termino-de-su-primer-diplomado\\\/#primaryimage\"},\"image\":{\"@id\":\"https:\\\/\\\/www.cftestataltarapaca.cl\\\/inicio\\\/2019\\\/04\\\/30\\\/cft-estatal-tarapaca-celebro-termino-de-su-primer-diplomado\\\/#primaryimage\"},\"thumbnailUrl\":\"https:\\\/\\\/www.cftestataltarapaca.cl\\\/inicio\\\/wp-content\\\/uploads\\\/2019\\\/04\\\/Diplomado-39.jpg\",\"datePublished\":\"2019-04-30T13:29:37+00:00\",\"dateModified\":\"2019-05-07T14:32:28+00:00\",\"breadcrumb\":{\"@id\":\"https:\\\/\\\/www.cftestataltarapaca.cl\\\/inicio\\\/2019\\\/04\\\/30\\\/cft-estatal-tarapaca-celebro-termino-de-su-primer-diplomado\\\/#breadcrumb\"},\"inLanguage\":\"es\",\"potentialAction\":[{\"@type\":\"ReadAction\",\"target\":[\"https:\\\/\\\/www.cftestataltarapaca.cl\\\/inicio\\\/2019\\\/04\\\/30\\\/cft-estatal-tarapaca-celebro-termino-de-su-primer-diplomado\\\/\"]}]},{\"@type\":\"ImageObject\",\"inLanguage\":\"es\",\"@id\":\"https:\\\/\\\/www.cftestataltarapaca.cl\\\/inicio\\\/2019\\\/04\\\/30\\\/cft-estatal-tarapaca-celebro-termino-de-su-primer-diplomado\\\/#primaryimage\",\"url\":\"https:\\\/\\\/www.cftestataltarapaca.cl\\\/inicio\\\/wp-content\\\/uploads\\\/2019\\\/04\\\/Diplomado-39.jpg\",\"contentUrl\":\"https:\\\/\\\/www.cftestataltarapaca.cl\\\/inicio\\\/wp-content\\\/uploads\\\/2019\\\/04\\\/Diplomado-39.jpg\",\"width\":1280,\"height\":853,\"caption\":\"Diplomado Matem\u00e1ticas y F\u00edsica\"},{\"@type\":\"BreadcrumbList\",\"@id\":\"https:\\\/\\\/www.cftestataltarapaca.cl\\\/inicio\\\/2019\\\/04\\\/30\\\/cft-estatal-tarapaca-celebro-termino-de-su-primer-diplomado\\\/#breadcrumb\",\"itemListElement\":[{\"@type\":\"ListItem\",\"position\":1,\"name\":\"Portada\",\"item\":\"https:\\\/\\\/www.cftestataltarapaca.cl\\\/inicio\\\/\"},{\"@type\":\"ListItem\",\"position\":2,\"name\":\"CFT Estatal Tarapac\u00e1 celebr\u00f3 t\u00e9rmino de su primer Diplomado\"}]},{\"@type\":\"WebSite\",\"@id\":\"https:\\\/\\\/www.cftestataltarapaca.cl\\\/inicio\\\/#website\",\"url\":\"https:\\\/\\\/www.cftestataltarapaca.cl\\\/inicio\\\/\",\"name\":\"CFT Estatal Tarapac\u00e1\",\"description\":\"Admisi\u00f3n 2025\",\"publisher\":{\"@id\":\"https:\\\/\\\/www.cftestataltarapaca.cl\\\/inicio\\\/#organization\"},\"potentialAction\":[{\"@type\":\"SearchAction\",\"target\":{\"@type\":\"EntryPoint\",\"urlTemplate\":\"https:\\\/\\\/www.cftestataltarapaca.cl\\\/inicio\\\/?s={search_term_string}\"},\"query-input\":{\"@type\":\"PropertyValueSpecification\",\"valueRequired\":true,\"valueName\":\"search_term_string\"}}],\"inLanguage\":\"es\"},{\"@type\":\"Organization\",\"@id\":\"https:\\\/\\\/www.cftestataltarapaca.cl\\\/inicio\\\/#organization\",\"name\":\"CFT Estatal Tarapac\u00e1\",\"url\":\"https:\\\/\\\/www.cftestataltarapaca.cl\\\/inicio\\\/\",\"logo\":{\"@type\":\"ImageObject\",\"inLanguage\":\"es\",\"@id\":\"https:\\\/\\\/www.cftestataltarapaca.cl\\\/inicio\\\/#\\\/schema\\\/logo\\\/image\\\/\",\"url\":\"https:\\\/\\\/www.cftestataltarapaca.cl\\\/inicio\\\/wp-content\\\/uploads\\\/2019\\\/03\\\/logo-retina-1.png\",\"contentUrl\":\"https:\\\/\\\/www.cftestataltarapaca.cl\\\/inicio\\\/wp-content\\\/uploads\\\/2019\\\/03\\\/logo-retina-1.png\",\"width\":401,\"height\":150,\"caption\":\"CFT Estatal Tarapac\u00e1\"},\"image\":{\"@id\":\"https:\\\/\\\/www.cftestataltarapaca.cl\\\/inicio\\\/#\\\/schema\\\/logo\\\/image\\\/\"},\"sameAs\":[\"https:\\\/\\\/www.facebook.com\\\/CFTestataltarapaca\\\/\",\"https:\\\/\\\/x.com\\\/CFTesTarapaca\",\"https:\\\/\\\/www.instagram.com\\\/CFTestataltarapaca\\\/\"]},{\"@type\":\"Person\",\"@id\":\"https:\\\/\\\/www.cftestataltarapaca.cl\\\/inicio\\\/#\\\/schema\\\/person\\\/ad1fbfa1fa7c3d3889f4ae5401dd660e\",\"name\":\"Comunicaciones\",\"image\":{\"@type\":\"ImageObject\",\"inLanguage\":\"es\",\"@id\":\"https:\\\/\\\/secure.gravatar.com\\\/avatar\\\/ed1c2728327f20a5a62edaeb7dc181858f225b765044c5314c3d1059a1bd992f?s=96&d=mm&r=g\",\"url\":\"https:\\\/\\\/secure.gravatar.com\\\/avatar\\\/ed1c2728327f20a5a62edaeb7dc181858f225b765044c5314c3d1059a1bd992f?s=96&d=mm&r=g\",\"contentUrl\":\"https:\\\/\\\/secure.gravatar.com\\\/avatar\\\/ed1c2728327f20a5a62edaeb7dc181858f225b765044c5314c3d1059a1bd992f?s=96&d=mm&r=g\",\"caption\":\"Comunicaciones\"},\"sameAs\":[\"http:\\\/\\\/www.cftestataltarapaca.cl\"],\"url\":\"https:\\\/\\\/www.cftestataltarapaca.cl\\\/inicio\\\/author\\\/comunicaciones\\\/\"}]}<\/script>\n<!-- \/ Yoast SEO plugin. -->","yoast_head_json":{"title":"CFT Estatal Tarapac\u00e1 celebr\u00f3 t\u00e9rmino de su primer Diplomado - CFT Estatal Tarapac\u00e1","robots":{"index":"index","follow":"follow","max-snippet":"max-snippet:-1","max-image-preview":"max-image-preview:large","max-video-preview":"max-video-preview:-1"},"canonical":"https:\/\/www.cftestataltarapaca.cl\/inicio\/2019\/04\/30\/cft-estatal-tarapaca-celebro-termino-de-su-primer-diplomado\/","og_locale":"es_ES","og_type":"article","og_title":"CFT Estatal Tarapac\u00e1 celebr\u00f3 t\u00e9rmino de su primer Diplomado - CFT Estatal Tarapac\u00e1","og_description":"Fortalecer el aprendizaje de los estudiantes de educaci\u00f3n media, fue el principal objetivo que tuvo el Centro de Formaci\u00f3n T\u00e9cnica Estatal de Tarapac\u00e1 para impartir en la regi\u00f3n los diplomados...","og_url":"https:\/\/www.cftestataltarapaca.cl\/inicio\/2019\/04\/30\/cft-estatal-tarapaca-celebro-termino-de-su-primer-diplomado\/","og_site_name":"CFT Estatal Tarapac\u00e1","article_publisher":"https:\/\/www.facebook.com\/CFTestataltarapaca\/","article_published_time":"2019-04-30T13:29:37+00:00","article_modified_time":"2019-05-07T14:32:28+00:00","og_image":[{"width":1280,"height":853,"url":"https:\/\/www.cftestataltarapaca.cl\/inicio\/wp-content\/uploads\/2019\/04\/Diplomado-39.jpg","type":"image\/jpeg"}],"author":"Comunicaciones","twitter_card":"summary_large_image","twitter_creator":"@CFTesTarapaca","twitter_site":"@CFTesTarapaca","twitter_misc":{"Escrito por":"Comunicaciones","Tiempo de lectura":"2 minutos"},"schema":{"@context":"https:\/\/schema.org","@graph":[{"@type":"Article","@id":"https:\/\/www.cftestataltarapaca.cl\/inicio\/2019\/04\/30\/cft-estatal-tarapaca-celebro-termino-de-su-primer-diplomado\/#article","isPartOf":{"@id":"https:\/\/www.cftestataltarapaca.cl\/inicio\/2019\/04\/30\/cft-estatal-tarapaca-celebro-termino-de-su-primer-diplomado\/"},"author":{"name":"Comunicaciones","@id":"https:\/\/www.cftestataltarapaca.cl\/inicio\/#\/schema\/person\/ad1fbfa1fa7c3d3889f4ae5401dd660e"},"headline":"CFT Estatal Tarapac\u00e1 celebr\u00f3 t\u00e9rmino de su primer Diplomado","datePublished":"2019-04-30T13:29:37+00:00","dateModified":"2019-05-07T14:32:28+00:00","mainEntityOfPage":{"@id":"https:\/\/www.cftestataltarapaca.cl\/inicio\/2019\/04\/30\/cft-estatal-tarapaca-celebro-termino-de-su-primer-diplomado\/"},"wordCount":433,"commentCount":0,"publisher":{"@id":"https:\/\/www.cftestataltarapaca.cl\/inicio\/#organization"},"image":{"@id":"https:\/\/www.cftestataltarapaca.cl\/inicio\/2019\/04\/30\/cft-estatal-tarapaca-celebro-termino-de-su-primer-diplomado\/#primaryimage"},"thumbnailUrl":"https:\/\/www.cftestataltarapaca.cl\/inicio\/wp-content\/uploads\/2019\/04\/Diplomado-39.jpg","keywords":["cftestataltarapaca","Diplomado","Educaci\u00f3n Tarapaca"],"articleSection":["Comunicados","DAE","Vinculaci\u00f3n"],"inLanguage":"es","potentialAction":[{"@type":"CommentAction","name":"Comment","target":["https:\/\/www.cftestataltarapaca.cl\/inicio\/2019\/04\/30\/cft-estatal-tarapaca-celebro-termino-de-su-primer-diplomado\/#respond"]}]},{"@type":"WebPage","@id":"https:\/\/www.cftestataltarapaca.cl\/inicio\/2019\/04\/30\/cft-estatal-tarapaca-celebro-termino-de-su-primer-diplomado\/","url":"https:\/\/www.cftestataltarapaca.cl\/inicio\/2019\/04\/30\/cft-estatal-tarapaca-celebro-termino-de-su-primer-diplomado\/","name":"CFT Estatal Tarapac\u00e1 celebr\u00f3 t\u00e9rmino de su primer Diplomado - CFT Estatal Tarapac\u00e1","isPartOf":{"@id":"https:\/\/www.cftestataltarapaca.cl\/inicio\/#website"},"primaryImageOfPage":{"@id":"https:\/\/www.cftestataltarapaca.cl\/inicio\/2019\/04\/30\/cft-estatal-tarapaca-celebro-termino-de-su-primer-diplomado\/#primaryimage"},"image":{"@id":"https:\/\/www.cftestataltarapaca.cl\/inicio\/2019\/04\/30\/cft-estatal-tarapaca-celebro-termino-de-su-primer-diplomado\/#primaryimage"},"thumbnailUrl":"https:\/\/www.cftestataltarapaca.cl\/inicio\/wp-content\/uploads\/2019\/04\/Diplomado-39.jpg","datePublished":"2019-04-30T13:29:37+00:00","dateModified":"2019-05-07T14:32:28+00:00","breadcrumb":{"@id":"https:\/\/www.cftestataltarapaca.cl\/inicio\/2019\/04\/30\/cft-estatal-tarapaca-celebro-termino-de-su-primer-diplomado\/#breadcrumb"},"inLanguage":"es","potentialAction":[{"@type":"ReadAction","target":["https:\/\/www.cftestataltarapaca.cl\/inicio\/2019\/04\/30\/cft-estatal-tarapaca-celebro-termino-de-su-primer-diplomado\/"]}]},{"@type":"ImageObject","inLanguage":"es","@id":"https:\/\/www.cftestataltarapaca.cl\/inicio\/2019\/04\/30\/cft-estatal-tarapaca-celebro-termino-de-su-primer-diplomado\/#primaryimage","url":"https:\/\/www.cftestataltarapaca.cl\/inicio\/wp-content\/uploads\/2019\/04\/Diplomado-39.jpg","contentUrl":"https:\/\/www.cftestataltarapaca.cl\/inicio\/wp-content\/uploads\/2019\/04\/Diplomado-39.jpg","width":1280,"height":853,"caption":"Diplomado Matem\u00e1ticas y F\u00edsica"},{"@type":"BreadcrumbList","@id":"https:\/\/www.cftestataltarapaca.cl\/inicio\/2019\/04\/30\/cft-estatal-tarapaca-celebro-termino-de-su-primer-diplomado\/#breadcrumb","itemListElement":[{"@type":"ListItem","position":1,"name":"Portada","item":"https:\/\/www.cftestataltarapaca.cl\/inicio\/"},{"@type":"ListItem","position":2,"name":"CFT Estatal Tarapac\u00e1 celebr\u00f3 t\u00e9rmino de su primer Diplomado"}]},{"@type":"WebSite","@id":"https:\/\/www.cftestataltarapaca.cl\/inicio\/#website","url":"https:\/\/www.cftestataltarapaca.cl\/inicio\/","name":"CFT Estatal Tarapac\u00e1","description":"Admisi\u00f3n 2025","publisher":{"@id":"https:\/\/www.cftestataltarapaca.cl\/inicio\/#organization"},"potentialAction":[{"@type":"SearchAction","target":{"@type":"EntryPoint","urlTemplate":"https:\/\/www.cftestataltarapaca.cl\/inicio\/?s={search_term_string}"},"query-input":{"@type":"PropertyValueSpecification","valueRequired":true,"valueName":"search_term_string"}}],"inLanguage":"es"},{"@type":"Organization","@id":"https:\/\/www.cftestataltarapaca.cl\/inicio\/#organization","name":"CFT Estatal Tarapac\u00e1","url":"https:\/\/www.cftestataltarapaca.cl\/inicio\/","logo":{"@type":"ImageObject","inLanguage":"es","@id":"https:\/\/www.cftestataltarapaca.cl\/inicio\/#\/schema\/logo\/image\/","url":"https:\/\/www.cftestataltarapaca.cl\/inicio\/wp-content\/uploads\/2019\/03\/logo-retina-1.png","contentUrl":"https:\/\/www.cftestataltarapaca.cl\/inicio\/wp-content\/uploads\/2019\/03\/logo-retina-1.png","width":401,"height":150,"caption":"CFT Estatal Tarapac\u00e1"},"image":{"@id":"https:\/\/www.cftestataltarapaca.cl\/inicio\/#\/schema\/logo\/image\/"},"sameAs":["https:\/\/www.facebook.com\/CFTestataltarapaca\/","https:\/\/x.com\/CFTesTarapaca","https:\/\/www.instagram.com\/CFTestataltarapaca\/"]},{"@type":"Person","@id":"https:\/\/www.cftestataltarapaca.cl\/inicio\/#\/schema\/person\/ad1fbfa1fa7c3d3889f4ae5401dd660e","name":"Comunicaciones","image":{"@type":"ImageObject","inLanguage":"es","@id":"https:\/\/secure.gravatar.com\/avatar\/ed1c2728327f20a5a62edaeb7dc181858f225b765044c5314c3d1059a1bd992f?s=96&d=mm&r=g","url":"https:\/\/secure.gravatar.com\/avatar\/ed1c2728327f20a5a62edaeb7dc181858f225b765044c5314c3d1059a1bd992f?s=96&d=mm&r=g","contentUrl":"https:\/\/secure.gravatar.com\/avatar\/ed1c2728327f20a5a62edaeb7dc181858f225b765044c5314c3d1059a1bd992f?s=96&d=mm&r=g","caption":"Comunicaciones"},"sameAs":["http:\/\/www.cftestataltarapaca.cl"],"url":"https:\/\/www.cftestataltarapaca.cl\/inicio\/author\/comunicaciones\/"}]}},"publishpress_future_action":{"enabled":false,"date":"2026-05-08 15:09:29","action":"change-status","newStatus":"draft","terms":[],"taxonomy":"category","extraData":[]},"publishpress_future_workflow_manual_trigger":{"enabledWorkflows":[]},"_links":{"self":[{"href":"https:\/\/www.cftestataltarapaca.cl\/inicio\/wp-json\/wp\/v2\/posts\/1607","targetHints":{"allow":["GET"]}}],"collection":[{"href":"https:\/\/www.cftestataltarapaca.cl\/inicio\/wp-json\/wp\/v2\/posts"}],"about":[{"href":"https:\/\/www.cftestataltarapaca.cl\/inicio\/wp-json\/wp\/v2\/types\/post"}],"author":[{"embeddable":true,"href":"https:\/\/www.cftestataltarapaca.cl\/inicio\/wp-json\/wp\/v2\/users\/2"}],"replies":[{"embeddable":true,"href":"https:\/\/www.cftestataltarapaca.cl\/inicio\/wp-json\/wp\/v2\/comments?post=1607"}],"version-history":[{"count":4,"href":"https:\/\/www.cftestataltarapaca.cl\/inicio\/wp-json\/wp\/v2\/posts\/1607\/revisions"}],"predecessor-version":[{"id":1612,"href":"https:\/\/www.cftestataltarapaca.cl\/inicio\/wp-json\/wp\/v2\/posts\/1607\/revisions\/1612"}],"wp:featuredmedia":[{"embeddable":true,"href":"https:\/\/www.cftestataltarapaca.cl\/inicio\/wp-json\/wp\/v2\/media\/1591"}],"wp:attachment":[{"href":"https:\/\/www.cftestataltarapaca.cl\/inicio\/wp-json\/wp\/v2\/media?parent=1607"}],"wp:term":[{"taxonomy":"category","embeddable":true,"href":"https:\/\/www.cftestataltarapaca.cl\/inicio\/wp-json\/wp\/v2\/categories?post=1607"},{"taxonomy":"post_tag","embeddable":true,"href":"https:\/\/www.cftestataltarapaca.cl\/inicio\/wp-json\/wp\/v2\/tags?post=1607"}],"curies":[{"name":"wp","href":"https:\/\/api.w.org\/{rel}","templated":true}]}}