{"id":16117,"date":"2026-01-05T11:03:46","date_gmt":"2026-01-05T14:03:46","guid":{"rendered":"https:\/\/www.cftestataltarapaca.cl\/inicio\/?p=16117"},"modified":"2026-01-05T16:45:05","modified_gmt":"2026-01-05T19:45:05","slug":"cft-estatal-de-tarapaca-reconoce-a-sus-docentes-y-realiza-la-entrega-de-la-carga-academica-2026","status":"publish","type":"post","link":"https:\/\/www.cftestataltarapaca.cl\/inicio\/2026\/01\/05\/cft-estatal-de-tarapaca-reconoce-a-sus-docentes-y-realiza-la-entrega-de-la-carga-academica-2026\/","title":{"rendered":"CFT Estatal de Tarapac\u00e1 reconoce a sus docentes y realiza la entrega de la carga acad\u00e9mica 2026"},"content":{"rendered":"<p style=\"text-align: justify;\">El Centro de Formaci\u00f3n T\u00e9cnica Estatal de Tarapac\u00e1 realiz\u00f3 la Jornada de Cierre Acad\u00e9mico 2025, instancia que permiti\u00f3 dar t\u00e9rmino al a\u00f1o acad\u00e9mico, relevar los principales avances institucionales y proyectar los desaf\u00edos estrat\u00e9gicos y acad\u00e9micos para el a\u00f1o 2026, junto con la entrega de la carga acad\u00e9mica correspondiente al pr\u00f3ximo per\u00edodo.<!--more-->El encuentro tuvo como objetivo reconocer el trabajo desarrollado por las y los docentes durante el a\u00f1o 2025, fortalecer la identidad institucional y alinear a la comunidad acad\u00e9mica con los lineamientos formativos y pedag\u00f3gicos que orientar\u00e1n el desarrollo de actividades acad\u00e9micas del a\u00f1o 2026.<\/p>\n<p style=\"text-align: justify;\">La jornada fue encabezada por las palabras del Rector (s) Roberto Urdanivia, quien felicit\u00f3 a los docentes destacando los principales hitos alcanzados.<br \/>\nPosteriormente, nuestro Coordinador Acad\u00e9mico, Richard de Nordenflycht, present\u00f3 el cierre acad\u00e9mico 2025 y los desaf\u00edos para el a\u00f1o 2026, abordando los resultados del proceso acad\u00e9mico, los principales desaf\u00edos en materia\u00a0 pedag\u00f3gicas y formativas, las proyecciones en innovaci\u00f3n educativa, fortalecimiento curricular y aseguramiento de la calidad, as\u00ed como los lineamientos generales para el desarrollo del pr\u00f3ximo a\u00f1o acad\u00e9mico.<\/p>\n<p style=\"text-align: justify;\">Finalmente, la Direcci\u00f3n Acad\u00e9mica realiz\u00f3 un reconocimiento a los docentes 2025, aquellos que reflejan en distintos aspectos la excelencia en el aula y entrega oficial de la carga acad\u00e9mica 2026, instancia que permiti\u00f3 iniciar de manera anticipada la planificaci\u00f3n docente, asegurando continuidad, orden y coherencia con los objetivos institucionales y el Modelo Educativo del CFT Estatal de Tarapac\u00e1.<br \/>\nLa jornada se consolid\u00f3 como un espacio de cierre, reflexi\u00f3n y proyecci\u00f3n institucional, reafirmando el rol estrat\u00e9gico de las y los docentes en la formaci\u00f3n t\u00e9cnica.<\/p>\n\n\t\t<style type=\"text\/css\">\n\t\t\t#gallery-1 {\n\t\t\t\tmargin: auto;\n\t\t\t}\n\t\t\t#gallery-1 .gallery-item {\n\t\t\t\tfloat: left;\n\t\t\t\tmargin-top: 10px;\n\t\t\t\ttext-align: center;\n\t\t\t\twidth: 50%;\n\t\t\t}\n\t\t\t#gallery-1 img {\n\t\t\t\tborder: 2px solid #cfcfcf;\n\t\t\t}\n\t\t\t#gallery-1 .gallery-caption {\n\t\t\t\tmargin-left: 0;\n\t\t\t}\n\t\t\t\/* see gallery_shortcode() in wp-includes\/media.php *\/\n\t\t<\/style>\n\t\t<div id='gallery-1' class='gallery galleryid-16117 gallery-columns-2 gallery-size-full'><dl class='gallery-item'>\n\t\t\t<dt class='gallery-icon landscape'>\n\t\t\t\t<a href='https:\/\/www.cftestataltarapaca.cl\/inicio\/2026\/01\/05\/cft-estatal-de-tarapaca-reconoce-a-sus-docentes-y-realiza-la-entrega-de-la-carga-academica-2026\/img_1763\/'><img loading=\"lazy\" decoding=\"async\" width=\"2560\" height=\"1707\" src=\"https:\/\/www.cftestataltarapaca.cl\/inicio\/wp-content\/uploads\/2026\/01\/IMG_1763-scaled.jpg\" class=\"attachment-full size-full\" alt=\"\" srcset=\"https:\/\/www.cftestataltarapaca.cl\/inicio\/wp-content\/uploads\/2026\/01\/IMG_1763-scaled.jpg 2560w, https:\/\/www.cftestataltarapaca.cl\/inicio\/wp-content\/uploads\/2026\/01\/IMG_1763-300x200.jpg 300w, https:\/\/www.cftestataltarapaca.cl\/inicio\/wp-content\/uploads\/2026\/01\/IMG_1763-1024x683.jpg 1024w, https:\/\/www.cftestataltarapaca.cl\/inicio\/wp-content\/uploads\/2026\/01\/IMG_1763-768x512.jpg 768w, https:\/\/www.cftestataltarapaca.cl\/inicio\/wp-content\/uploads\/2026\/01\/IMG_1763-1536x1024.jpg 1536w, https:\/\/www.cftestataltarapaca.cl\/inicio\/wp-content\/uploads\/2026\/01\/IMG_1763-2048x1365.jpg 2048w, https:\/\/www.cftestataltarapaca.cl\/inicio\/wp-content\/uploads\/2026\/01\/IMG_1763-900x600.jpg 900w\" sizes=\"auto, (max-width: 2560px) 100vw, 2560px\" \/><\/a>\n\t\t\t<\/dt><\/dl><dl class='gallery-item'>\n\t\t\t<dt class='gallery-icon landscape'>\n\t\t\t\t<a href='https:\/\/www.cftestataltarapaca.cl\/inicio\/2026\/01\/05\/cft-estatal-de-tarapaca-reconoce-a-sus-docentes-y-realiza-la-entrega-de-la-carga-academica-2026\/img_1771\/'><img loading=\"lazy\" decoding=\"async\" width=\"2560\" height=\"1707\" src=\"https:\/\/www.cftestataltarapaca.cl\/inicio\/wp-content\/uploads\/2026\/01\/IMG_1771-scaled.jpg\" class=\"attachment-full size-full\" alt=\"\" srcset=\"https:\/\/www.cftestataltarapaca.cl\/inicio\/wp-content\/uploads\/2026\/01\/IMG_1771-scaled.jpg 2560w, https:\/\/www.cftestataltarapaca.cl\/inicio\/wp-content\/uploads\/2026\/01\/IMG_1771-300x200.jpg 300w, https:\/\/www.cftestataltarapaca.cl\/inicio\/wp-content\/uploads\/2026\/01\/IMG_1771-1024x683.jpg 1024w, https:\/\/www.cftestataltarapaca.cl\/inicio\/wp-content\/uploads\/2026\/01\/IMG_1771-768x512.jpg 768w, https:\/\/www.cftestataltarapaca.cl\/inicio\/wp-content\/uploads\/2026\/01\/IMG_1771-1536x1024.jpg 1536w, https:\/\/www.cftestataltarapaca.cl\/inicio\/wp-content\/uploads\/2026\/01\/IMG_1771-2048x1365.jpg 2048w, https:\/\/www.cftestataltarapaca.cl\/inicio\/wp-content\/uploads\/2026\/01\/IMG_1771-900x600.jpg 900w\" sizes=\"auto, (max-width: 2560px) 100vw, 2560px\" \/><\/a>\n\t\t\t<\/dt><\/dl><br style=\"clear: both\" \/><dl class='gallery-item'>\n\t\t\t<dt class='gallery-icon landscape'>\n\t\t\t\t<a href='https:\/\/www.cftestataltarapaca.cl\/inicio\/2026\/01\/05\/cft-estatal-de-tarapaca-reconoce-a-sus-docentes-y-realiza-la-entrega-de-la-carga-academica-2026\/img_1785\/'><img loading=\"lazy\" decoding=\"async\" width=\"2560\" height=\"1707\" src=\"https:\/\/www.cftestataltarapaca.cl\/inicio\/wp-content\/uploads\/2026\/01\/IMG_1785-scaled.jpg\" class=\"attachment-full size-full\" alt=\"\" srcset=\"https:\/\/www.cftestataltarapaca.cl\/inicio\/wp-content\/uploads\/2026\/01\/IMG_1785-scaled.jpg 2560w, https:\/\/www.cftestataltarapaca.cl\/inicio\/wp-content\/uploads\/2026\/01\/IMG_1785-300x200.jpg 300w, https:\/\/www.cftestataltarapaca.cl\/inicio\/wp-content\/uploads\/2026\/01\/IMG_1785-1024x683.jpg 1024w, https:\/\/www.cftestataltarapaca.cl\/inicio\/wp-content\/uploads\/2026\/01\/IMG_1785-768x512.jpg 768w, https:\/\/www.cftestataltarapaca.cl\/inicio\/wp-content\/uploads\/2026\/01\/IMG_1785-1536x1024.jpg 1536w, https:\/\/www.cftestataltarapaca.cl\/inicio\/wp-content\/uploads\/2026\/01\/IMG_1785-2048x1365.jpg 2048w, https:\/\/www.cftestataltarapaca.cl\/inicio\/wp-content\/uploads\/2026\/01\/IMG_1785-900x600.jpg 900w\" sizes=\"auto, (max-width: 2560px) 100vw, 2560px\" \/><\/a>\n\t\t\t<\/dt><\/dl><dl class='gallery-item'>\n\t\t\t<dt class='gallery-icon landscape'>\n\t\t\t\t<a href='https:\/\/www.cftestataltarapaca.cl\/inicio\/2026\/01\/05\/cft-estatal-de-tarapaca-reconoce-a-sus-docentes-y-realiza-la-entrega-de-la-carga-academica-2026\/img_1789\/'><img loading=\"lazy\" decoding=\"async\" width=\"2560\" height=\"1707\" src=\"https:\/\/www.cftestataltarapaca.cl\/inicio\/wp-content\/uploads\/2026\/01\/IMG_1789-scaled.jpg\" class=\"attachment-full size-full\" alt=\"\" srcset=\"https:\/\/www.cftestataltarapaca.cl\/inicio\/wp-content\/uploads\/2026\/01\/IMG_1789-scaled.jpg 2560w, https:\/\/www.cftestataltarapaca.cl\/inicio\/wp-content\/uploads\/2026\/01\/IMG_1789-300x200.jpg 300w, https:\/\/www.cftestataltarapaca.cl\/inicio\/wp-content\/uploads\/2026\/01\/IMG_1789-1024x683.jpg 1024w, https:\/\/www.cftestataltarapaca.cl\/inicio\/wp-content\/uploads\/2026\/01\/IMG_1789-768x512.jpg 768w, https:\/\/www.cftestataltarapaca.cl\/inicio\/wp-content\/uploads\/2026\/01\/IMG_1789-1536x1024.jpg 1536w, https:\/\/www.cftestataltarapaca.cl\/inicio\/wp-content\/uploads\/2026\/01\/IMG_1789-2048x1365.jpg 2048w, https:\/\/www.cftestataltarapaca.cl\/inicio\/wp-content\/uploads\/2026\/01\/IMG_1789-900x600.jpg 900w\" sizes=\"auto, (max-width: 2560px) 100vw, 2560px\" \/><\/a>\n\t\t\t<\/dt><\/dl><br style=\"clear: both\" \/><dl class='gallery-item'>\n\t\t\t<dt class='gallery-icon landscape'>\n\t\t\t\t<a href='https:\/\/www.cftestataltarapaca.cl\/inicio\/2026\/01\/05\/cft-estatal-de-tarapaca-reconoce-a-sus-docentes-y-realiza-la-entrega-de-la-carga-academica-2026\/img_1792\/'><img loading=\"lazy\" decoding=\"async\" width=\"2560\" height=\"1707\" src=\"https:\/\/www.cftestataltarapaca.cl\/inicio\/wp-content\/uploads\/2026\/01\/IMG_1792-scaled.jpg\" class=\"attachment-full size-full\" alt=\"\" srcset=\"https:\/\/www.cftestataltarapaca.cl\/inicio\/wp-content\/uploads\/2026\/01\/IMG_1792-scaled.jpg 2560w, https:\/\/www.cftestataltarapaca.cl\/inicio\/wp-content\/uploads\/2026\/01\/IMG_1792-300x200.jpg 300w, https:\/\/www.cftestataltarapaca.cl\/inicio\/wp-content\/uploads\/2026\/01\/IMG_1792-1024x683.jpg 1024w, https:\/\/www.cftestataltarapaca.cl\/inicio\/wp-content\/uploads\/2026\/01\/IMG_1792-768x512.jpg 768w, https:\/\/www.cftestataltarapaca.cl\/inicio\/wp-content\/uploads\/2026\/01\/IMG_1792-1536x1024.jpg 1536w, https:\/\/www.cftestataltarapaca.cl\/inicio\/wp-content\/uploads\/2026\/01\/IMG_1792-2048x1365.jpg 2048w, https:\/\/www.cftestataltarapaca.cl\/inicio\/wp-content\/uploads\/2026\/01\/IMG_1792-900x600.jpg 900w\" sizes=\"auto, (max-width: 2560px) 100vw, 2560px\" \/><\/a>\n\t\t\t<\/dt><\/dl><dl class='gallery-item'>\n\t\t\t<dt class='gallery-icon landscape'>\n\t\t\t\t<a href='https:\/\/www.cftestataltarapaca.cl\/inicio\/2026\/01\/05\/cft-estatal-de-tarapaca-reconoce-a-sus-docentes-y-realiza-la-entrega-de-la-carga-academica-2026\/img_2521-2\/'><img loading=\"lazy\" decoding=\"async\" width=\"2560\" height=\"1920\" src=\"https:\/\/www.cftestataltarapaca.cl\/inicio\/wp-content\/uploads\/2026\/01\/IMG_2521-1-scaled.jpg\" class=\"attachment-full size-full\" alt=\"\" srcset=\"https:\/\/www.cftestataltarapaca.cl\/inicio\/wp-content\/uploads\/2026\/01\/IMG_2521-1-scaled.jpg 2560w, https:\/\/www.cftestataltarapaca.cl\/inicio\/wp-content\/uploads\/2026\/01\/IMG_2521-1-300x225.jpg 300w, https:\/\/www.cftestataltarapaca.cl\/inicio\/wp-content\/uploads\/2026\/01\/IMG_2521-1-1024x768.jpg 1024w, https:\/\/www.cftestataltarapaca.cl\/inicio\/wp-content\/uploads\/2026\/01\/IMG_2521-1-768x576.jpg 768w, https:\/\/www.cftestataltarapaca.cl\/inicio\/wp-content\/uploads\/2026\/01\/IMG_2521-1-1536x1152.jpg 1536w, https:\/\/www.cftestataltarapaca.cl\/inicio\/wp-content\/uploads\/2026\/01\/IMG_2521-1-2048x1536.jpg 2048w\" sizes=\"auto, (max-width: 2560px) 100vw, 2560px\" \/><\/a>\n\t\t\t<\/dt><\/dl><br style=\"clear: both\" \/><dl class='gallery-item'>\n\t\t\t<dt class='gallery-icon landscape'>\n\t\t\t\t<a href='https:\/\/www.cftestataltarapaca.cl\/inicio\/2026\/01\/05\/cft-estatal-de-tarapaca-reconoce-a-sus-docentes-y-realiza-la-entrega-de-la-carga-academica-2026\/img_2508\/'><img loading=\"lazy\" decoding=\"async\" width=\"2560\" height=\"1920\" src=\"https:\/\/www.cftestataltarapaca.cl\/inicio\/wp-content\/uploads\/2026\/01\/IMG_2508-scaled.jpg\" class=\"attachment-full size-full\" alt=\"\" srcset=\"https:\/\/www.cftestataltarapaca.cl\/inicio\/wp-content\/uploads\/2026\/01\/IMG_2508-scaled.jpg 2560w, https:\/\/www.cftestataltarapaca.cl\/inicio\/wp-content\/uploads\/2026\/01\/IMG_2508-300x225.jpg 300w, https:\/\/www.cftestataltarapaca.cl\/inicio\/wp-content\/uploads\/2026\/01\/IMG_2508-1024x768.jpg 1024w, https:\/\/www.cftestataltarapaca.cl\/inicio\/wp-content\/uploads\/2026\/01\/IMG_2508-768x576.jpg 768w, https:\/\/www.cftestataltarapaca.cl\/inicio\/wp-content\/uploads\/2026\/01\/IMG_2508-1536x1152.jpg 1536w, https:\/\/www.cftestataltarapaca.cl\/inicio\/wp-content\/uploads\/2026\/01\/IMG_2508-2048x1536.jpg 2048w\" sizes=\"auto, (max-width: 2560px) 100vw, 2560px\" \/><\/a>\n\t\t\t<\/dt><\/dl><dl class='gallery-item'>\n\t\t\t<dt class='gallery-icon landscape'>\n\t\t\t\t<a href='https:\/\/www.cftestataltarapaca.cl\/inicio\/2026\/01\/05\/cft-estatal-de-tarapaca-reconoce-a-sus-docentes-y-realiza-la-entrega-de-la-carga-academica-2026\/img_2524\/'><img loading=\"lazy\" decoding=\"async\" width=\"2560\" height=\"1920\" src=\"https:\/\/www.cftestataltarapaca.cl\/inicio\/wp-content\/uploads\/2026\/01\/IMG_2524-scaled.jpg\" class=\"attachment-full size-full\" alt=\"\" srcset=\"https:\/\/www.cftestataltarapaca.cl\/inicio\/wp-content\/uploads\/2026\/01\/IMG_2524-scaled.jpg 2560w, https:\/\/www.cftestataltarapaca.cl\/inicio\/wp-content\/uploads\/2026\/01\/IMG_2524-300x225.jpg 300w, https:\/\/www.cftestataltarapaca.cl\/inicio\/wp-content\/uploads\/2026\/01\/IMG_2524-1024x768.jpg 1024w, https:\/\/www.cftestataltarapaca.cl\/inicio\/wp-content\/uploads\/2026\/01\/IMG_2524-768x576.jpg 768w, https:\/\/www.cftestataltarapaca.cl\/inicio\/wp-content\/uploads\/2026\/01\/IMG_2524-1536x1152.jpg 1536w, https:\/\/www.cftestataltarapaca.cl\/inicio\/wp-content\/uploads\/2026\/01\/IMG_2524-2048x1536.jpg 2048w\" sizes=\"auto, (max-width: 2560px) 100vw, 2560px\" \/><\/a>\n\t\t\t<\/dt><\/dl><br style=\"clear: both\" \/>\n\t\t<\/div>\n\n","protected":false},"excerpt":{"rendered":"<p>El Centro de Formaci\u00f3n T\u00e9cnica Estatal de Tarapac\u00e1 realiz\u00f3 la Jornada de Cierre Acad\u00e9mico 2025, instancia que permiti\u00f3 dar t\u00e9rmino al a\u00f1o acad\u00e9mico, relevar los principales avances institucionales y proyectar&#8230;<\/p>\n","protected":false},"author":2,"featured_media":16124,"comment_status":"open","ping_status":"open","sticky":false,"template":"","format":"standard","meta":{"_joinchat":[],"footnotes":""},"categories":[49],"tags":[],"class_list":["post-16117","post","type-post","status-publish","format-standard","has-post-thumbnail","hentry","category-academico"],"yoast_head":"<!-- This site is optimized with the Yoast SEO plugin v27.4 - https:\/\/yoast.com\/product\/yoast-seo-wordpress\/ -->\n<title>CFT Estatal de Tarapac\u00e1 reconoce a sus docentes y realiza la entrega de la carga acad\u00e9mica 2026 - CFT Estatal Tarapac\u00e1<\/title>\n<meta name=\"robots\" content=\"index, follow, max-snippet:-1, max-image-preview:large, max-video-preview:-1\" \/>\n<link rel=\"canonical\" href=\"https:\/\/www.cftestataltarapaca.cl\/inicio\/2026\/01\/05\/cft-estatal-de-tarapaca-reconoce-a-sus-docentes-y-realiza-la-entrega-de-la-carga-academica-2026\/\" \/>\n<meta property=\"og:locale\" content=\"es_ES\" \/>\n<meta property=\"og:type\" content=\"article\" \/>\n<meta property=\"og:title\" content=\"CFT Estatal de Tarapac\u00e1 reconoce a sus docentes y realiza la entrega de la carga acad\u00e9mica 2026 - CFT Estatal Tarapac\u00e1\" \/>\n<meta property=\"og:description\" content=\"El Centro de Formaci\u00f3n T\u00e9cnica Estatal de Tarapac\u00e1 realiz\u00f3 la Jornada de Cierre Acad\u00e9mico 2025, instancia que permiti\u00f3 dar t\u00e9rmino al a\u00f1o acad\u00e9mico, relevar los principales avances institucionales y proyectar...\" \/>\n<meta property=\"og:url\" content=\"https:\/\/www.cftestataltarapaca.cl\/inicio\/2026\/01\/05\/cft-estatal-de-tarapaca-reconoce-a-sus-docentes-y-realiza-la-entrega-de-la-carga-academica-2026\/\" \/>\n<meta property=\"og:site_name\" content=\"CFT Estatal Tarapac\u00e1\" \/>\n<meta property=\"article:publisher\" content=\"https:\/\/www.facebook.com\/CFTestataltarapaca\/\" \/>\n<meta property=\"article:published_time\" content=\"2026-01-05T14:03:46+00:00\" \/>\n<meta property=\"article:modified_time\" content=\"2026-01-05T19:45:05+00:00\" \/>\n<meta property=\"og:image\" content=\"https:\/\/www.cftestataltarapaca.cl\/inicio\/wp-content\/uploads\/2026\/01\/IMG_2521-scaled.jpg\" \/>\n\t<meta property=\"og:image:width\" content=\"2560\" \/>\n\t<meta property=\"og:image:height\" content=\"1920\" \/>\n\t<meta property=\"og:image:type\" content=\"image\/jpeg\" \/>\n<meta name=\"author\" content=\"Comunicaciones\" \/>\n<meta name=\"twitter:card\" content=\"summary_large_image\" \/>\n<meta name=\"twitter:creator\" content=\"@CFTesTarapaca\" \/>\n<meta name=\"twitter:site\" content=\"@CFTesTarapaca\" \/>\n<meta name=\"twitter:label1\" content=\"Escrito por\" \/>\n\t<meta name=\"twitter:data1\" content=\"Comunicaciones\" \/>\n\t<meta name=\"twitter:label2\" content=\"Tiempo de lectura\" \/>\n\t<meta name=\"twitter:data2\" content=\"2 minutos\" \/>\n<script type=\"application\/ld+json\" class=\"yoast-schema-graph\">{\"@context\":\"https:\\\/\\\/schema.org\",\"@graph\":[{\"@type\":\"Article\",\"@id\":\"https:\\\/\\\/www.cftestataltarapaca.cl\\\/inicio\\\/2026\\\/01\\\/05\\\/cft-estatal-de-tarapaca-reconoce-a-sus-docentes-y-realiza-la-entrega-de-la-carga-academica-2026\\\/#article\",\"isPartOf\":{\"@id\":\"https:\\\/\\\/www.cftestataltarapaca.cl\\\/inicio\\\/2026\\\/01\\\/05\\\/cft-estatal-de-tarapaca-reconoce-a-sus-docentes-y-realiza-la-entrega-de-la-carga-academica-2026\\\/\"},\"author\":{\"name\":\"Comunicaciones\",\"@id\":\"https:\\\/\\\/www.cftestataltarapaca.cl\\\/inicio\\\/#\\\/schema\\\/person\\\/ad1fbfa1fa7c3d3889f4ae5401dd660e\"},\"headline\":\"CFT Estatal de Tarapac\u00e1 reconoce a sus docentes y realiza la entrega de la carga acad\u00e9mica 2026\",\"datePublished\":\"2026-01-05T14:03:46+00:00\",\"dateModified\":\"2026-01-05T19:45:05+00:00\",\"mainEntityOfPage\":{\"@id\":\"https:\\\/\\\/www.cftestataltarapaca.cl\\\/inicio\\\/2026\\\/01\\\/05\\\/cft-estatal-de-tarapaca-reconoce-a-sus-docentes-y-realiza-la-entrega-de-la-carga-academica-2026\\\/\"},\"wordCount\":311,\"commentCount\":0,\"publisher\":{\"@id\":\"https:\\\/\\\/www.cftestataltarapaca.cl\\\/inicio\\\/#organization\"},\"image\":{\"@id\":\"https:\\\/\\\/www.cftestataltarapaca.cl\\\/inicio\\\/2026\\\/01\\\/05\\\/cft-estatal-de-tarapaca-reconoce-a-sus-docentes-y-realiza-la-entrega-de-la-carga-academica-2026\\\/#primaryimage\"},\"thumbnailUrl\":\"https:\\\/\\\/www.cftestataltarapaca.cl\\\/inicio\\\/wp-content\\\/uploads\\\/2026\\\/01\\\/IMG_2521-scaled.jpg\",\"articleSection\":[\"Acad\u00e9mico\"],\"inLanguage\":\"es\",\"potentialAction\":[{\"@type\":\"CommentAction\",\"name\":\"Comment\",\"target\":[\"https:\\\/\\\/www.cftestataltarapaca.cl\\\/inicio\\\/2026\\\/01\\\/05\\\/cft-estatal-de-tarapaca-reconoce-a-sus-docentes-y-realiza-la-entrega-de-la-carga-academica-2026\\\/#respond\"]}]},{\"@type\":\"WebPage\",\"@id\":\"https:\\\/\\\/www.cftestataltarapaca.cl\\\/inicio\\\/2026\\\/01\\\/05\\\/cft-estatal-de-tarapaca-reconoce-a-sus-docentes-y-realiza-la-entrega-de-la-carga-academica-2026\\\/\",\"url\":\"https:\\\/\\\/www.cftestataltarapaca.cl\\\/inicio\\\/2026\\\/01\\\/05\\\/cft-estatal-de-tarapaca-reconoce-a-sus-docentes-y-realiza-la-entrega-de-la-carga-academica-2026\\\/\",\"name\":\"CFT Estatal de Tarapac\u00e1 reconoce a sus docentes y realiza la entrega de la carga acad\u00e9mica 2026 - CFT Estatal Tarapac\u00e1\",\"isPartOf\":{\"@id\":\"https:\\\/\\\/www.cftestataltarapaca.cl\\\/inicio\\\/#website\"},\"primaryImageOfPage\":{\"@id\":\"https:\\\/\\\/www.cftestataltarapaca.cl\\\/inicio\\\/2026\\\/01\\\/05\\\/cft-estatal-de-tarapaca-reconoce-a-sus-docentes-y-realiza-la-entrega-de-la-carga-academica-2026\\\/#primaryimage\"},\"image\":{\"@id\":\"https:\\\/\\\/www.cftestataltarapaca.cl\\\/inicio\\\/2026\\\/01\\\/05\\\/cft-estatal-de-tarapaca-reconoce-a-sus-docentes-y-realiza-la-entrega-de-la-carga-academica-2026\\\/#primaryimage\"},\"thumbnailUrl\":\"https:\\\/\\\/www.cftestataltarapaca.cl\\\/inicio\\\/wp-content\\\/uploads\\\/2026\\\/01\\\/IMG_2521-scaled.jpg\",\"datePublished\":\"2026-01-05T14:03:46+00:00\",\"dateModified\":\"2026-01-05T19:45:05+00:00\",\"breadcrumb\":{\"@id\":\"https:\\\/\\\/www.cftestataltarapaca.cl\\\/inicio\\\/2026\\\/01\\\/05\\\/cft-estatal-de-tarapaca-reconoce-a-sus-docentes-y-realiza-la-entrega-de-la-carga-academica-2026\\\/#breadcrumb\"},\"inLanguage\":\"es\",\"potentialAction\":[{\"@type\":\"ReadAction\",\"target\":[\"https:\\\/\\\/www.cftestataltarapaca.cl\\\/inicio\\\/2026\\\/01\\\/05\\\/cft-estatal-de-tarapaca-reconoce-a-sus-docentes-y-realiza-la-entrega-de-la-carga-academica-2026\\\/\"]}]},{\"@type\":\"ImageObject\",\"inLanguage\":\"es\",\"@id\":\"https:\\\/\\\/www.cftestataltarapaca.cl\\\/inicio\\\/2026\\\/01\\\/05\\\/cft-estatal-de-tarapaca-reconoce-a-sus-docentes-y-realiza-la-entrega-de-la-carga-academica-2026\\\/#primaryimage\",\"url\":\"https:\\\/\\\/www.cftestataltarapaca.cl\\\/inicio\\\/wp-content\\\/uploads\\\/2026\\\/01\\\/IMG_2521-scaled.jpg\",\"contentUrl\":\"https:\\\/\\\/www.cftestataltarapaca.cl\\\/inicio\\\/wp-content\\\/uploads\\\/2026\\\/01\\\/IMG_2521-scaled.jpg\",\"width\":2560,\"height\":1920},{\"@type\":\"BreadcrumbList\",\"@id\":\"https:\\\/\\\/www.cftestataltarapaca.cl\\\/inicio\\\/2026\\\/01\\\/05\\\/cft-estatal-de-tarapaca-reconoce-a-sus-docentes-y-realiza-la-entrega-de-la-carga-academica-2026\\\/#breadcrumb\",\"itemListElement\":[{\"@type\":\"ListItem\",\"position\":1,\"name\":\"Portada\",\"item\":\"https:\\\/\\\/www.cftestataltarapaca.cl\\\/inicio\\\/\"},{\"@type\":\"ListItem\",\"position\":2,\"name\":\"CFT Estatal de Tarapac\u00e1 reconoce a sus docentes y realiza la entrega de la carga acad\u00e9mica 2026\"}]},{\"@type\":\"WebSite\",\"@id\":\"https:\\\/\\\/www.cftestataltarapaca.cl\\\/inicio\\\/#website\",\"url\":\"https:\\\/\\\/www.cftestataltarapaca.cl\\\/inicio\\\/\",\"name\":\"CFT Estatal Tarapac\u00e1\",\"description\":\"Admisi\u00f3n 2025\",\"publisher\":{\"@id\":\"https:\\\/\\\/www.cftestataltarapaca.cl\\\/inicio\\\/#organization\"},\"potentialAction\":[{\"@type\":\"SearchAction\",\"target\":{\"@type\":\"EntryPoint\",\"urlTemplate\":\"https:\\\/\\\/www.cftestataltarapaca.cl\\\/inicio\\\/?s={search_term_string}\"},\"query-input\":{\"@type\":\"PropertyValueSpecification\",\"valueRequired\":true,\"valueName\":\"search_term_string\"}}],\"inLanguage\":\"es\"},{\"@type\":\"Organization\",\"@id\":\"https:\\\/\\\/www.cftestataltarapaca.cl\\\/inicio\\\/#organization\",\"name\":\"CFT Estatal Tarapac\u00e1\",\"url\":\"https:\\\/\\\/www.cftestataltarapaca.cl\\\/inicio\\\/\",\"logo\":{\"@type\":\"ImageObject\",\"inLanguage\":\"es\",\"@id\":\"https:\\\/\\\/www.cftestataltarapaca.cl\\\/inicio\\\/#\\\/schema\\\/logo\\\/image\\\/\",\"url\":\"https:\\\/\\\/www.cftestataltarapaca.cl\\\/inicio\\\/wp-content\\\/uploads\\\/2019\\\/03\\\/logo-retina-1.png\",\"contentUrl\":\"https:\\\/\\\/www.cftestataltarapaca.cl\\\/inicio\\\/wp-content\\\/uploads\\\/2019\\\/03\\\/logo-retina-1.png\",\"width\":401,\"height\":150,\"caption\":\"CFT Estatal Tarapac\u00e1\"},\"image\":{\"@id\":\"https:\\\/\\\/www.cftestataltarapaca.cl\\\/inicio\\\/#\\\/schema\\\/logo\\\/image\\\/\"},\"sameAs\":[\"https:\\\/\\\/www.facebook.com\\\/CFTestataltarapaca\\\/\",\"https:\\\/\\\/x.com\\\/CFTesTarapaca\",\"https:\\\/\\\/www.instagram.com\\\/CFTestataltarapaca\\\/\"]},{\"@type\":\"Person\",\"@id\":\"https:\\\/\\\/www.cftestataltarapaca.cl\\\/inicio\\\/#\\\/schema\\\/person\\\/ad1fbfa1fa7c3d3889f4ae5401dd660e\",\"name\":\"Comunicaciones\",\"image\":{\"@type\":\"ImageObject\",\"inLanguage\":\"es\",\"@id\":\"https:\\\/\\\/secure.gravatar.com\\\/avatar\\\/ed1c2728327f20a5a62edaeb7dc181858f225b765044c5314c3d1059a1bd992f?s=96&d=mm&r=g\",\"url\":\"https:\\\/\\\/secure.gravatar.com\\\/avatar\\\/ed1c2728327f20a5a62edaeb7dc181858f225b765044c5314c3d1059a1bd992f?s=96&d=mm&r=g\",\"contentUrl\":\"https:\\\/\\\/secure.gravatar.com\\\/avatar\\\/ed1c2728327f20a5a62edaeb7dc181858f225b765044c5314c3d1059a1bd992f?s=96&d=mm&r=g\",\"caption\":\"Comunicaciones\"},\"sameAs\":[\"http:\\\/\\\/www.cftestataltarapaca.cl\"],\"url\":\"https:\\\/\\\/www.cftestataltarapaca.cl\\\/inicio\\\/author\\\/comunicaciones\\\/\"}]}<\/script>\n<!-- \/ Yoast SEO plugin. -->","yoast_head_json":{"title":"CFT Estatal de Tarapac\u00e1 reconoce a sus docentes y realiza la entrega de la carga acad\u00e9mica 2026 - CFT Estatal Tarapac\u00e1","robots":{"index":"index","follow":"follow","max-snippet":"max-snippet:-1","max-image-preview":"max-image-preview:large","max-video-preview":"max-video-preview:-1"},"canonical":"https:\/\/www.cftestataltarapaca.cl\/inicio\/2026\/01\/05\/cft-estatal-de-tarapaca-reconoce-a-sus-docentes-y-realiza-la-entrega-de-la-carga-academica-2026\/","og_locale":"es_ES","og_type":"article","og_title":"CFT Estatal de Tarapac\u00e1 reconoce a sus docentes y realiza la entrega de la carga acad\u00e9mica 2026 - CFT Estatal Tarapac\u00e1","og_description":"El Centro de Formaci\u00f3n T\u00e9cnica Estatal de Tarapac\u00e1 realiz\u00f3 la Jornada de Cierre Acad\u00e9mico 2025, instancia que permiti\u00f3 dar t\u00e9rmino al a\u00f1o acad\u00e9mico, relevar los principales avances institucionales y proyectar...","og_url":"https:\/\/www.cftestataltarapaca.cl\/inicio\/2026\/01\/05\/cft-estatal-de-tarapaca-reconoce-a-sus-docentes-y-realiza-la-entrega-de-la-carga-academica-2026\/","og_site_name":"CFT Estatal Tarapac\u00e1","article_publisher":"https:\/\/www.facebook.com\/CFTestataltarapaca\/","article_published_time":"2026-01-05T14:03:46+00:00","article_modified_time":"2026-01-05T19:45:05+00:00","og_image":[{"width":2560,"height":1920,"url":"https:\/\/www.cftestataltarapaca.cl\/inicio\/wp-content\/uploads\/2026\/01\/IMG_2521-scaled.jpg","type":"image\/jpeg"}],"author":"Comunicaciones","twitter_card":"summary_large_image","twitter_creator":"@CFTesTarapaca","twitter_site":"@CFTesTarapaca","twitter_misc":{"Escrito por":"Comunicaciones","Tiempo de lectura":"2 minutos"},"schema":{"@context":"https:\/\/schema.org","@graph":[{"@type":"Article","@id":"https:\/\/www.cftestataltarapaca.cl\/inicio\/2026\/01\/05\/cft-estatal-de-tarapaca-reconoce-a-sus-docentes-y-realiza-la-entrega-de-la-carga-academica-2026\/#article","isPartOf":{"@id":"https:\/\/www.cftestataltarapaca.cl\/inicio\/2026\/01\/05\/cft-estatal-de-tarapaca-reconoce-a-sus-docentes-y-realiza-la-entrega-de-la-carga-academica-2026\/"},"author":{"name":"Comunicaciones","@id":"https:\/\/www.cftestataltarapaca.cl\/inicio\/#\/schema\/person\/ad1fbfa1fa7c3d3889f4ae5401dd660e"},"headline":"CFT Estatal de Tarapac\u00e1 reconoce a sus docentes y realiza la entrega de la carga acad\u00e9mica 2026","datePublished":"2026-01-05T14:03:46+00:00","dateModified":"2026-01-05T19:45:05+00:00","mainEntityOfPage":{"@id":"https:\/\/www.cftestataltarapaca.cl\/inicio\/2026\/01\/05\/cft-estatal-de-tarapaca-reconoce-a-sus-docentes-y-realiza-la-entrega-de-la-carga-academica-2026\/"},"wordCount":311,"commentCount":0,"publisher":{"@id":"https:\/\/www.cftestataltarapaca.cl\/inicio\/#organization"},"image":{"@id":"https:\/\/www.cftestataltarapaca.cl\/inicio\/2026\/01\/05\/cft-estatal-de-tarapaca-reconoce-a-sus-docentes-y-realiza-la-entrega-de-la-carga-academica-2026\/#primaryimage"},"thumbnailUrl":"https:\/\/www.cftestataltarapaca.cl\/inicio\/wp-content\/uploads\/2026\/01\/IMG_2521-scaled.jpg","articleSection":["Acad\u00e9mico"],"inLanguage":"es","potentialAction":[{"@type":"CommentAction","name":"Comment","target":["https:\/\/www.cftestataltarapaca.cl\/inicio\/2026\/01\/05\/cft-estatal-de-tarapaca-reconoce-a-sus-docentes-y-realiza-la-entrega-de-la-carga-academica-2026\/#respond"]}]},{"@type":"WebPage","@id":"https:\/\/www.cftestataltarapaca.cl\/inicio\/2026\/01\/05\/cft-estatal-de-tarapaca-reconoce-a-sus-docentes-y-realiza-la-entrega-de-la-carga-academica-2026\/","url":"https:\/\/www.cftestataltarapaca.cl\/inicio\/2026\/01\/05\/cft-estatal-de-tarapaca-reconoce-a-sus-docentes-y-realiza-la-entrega-de-la-carga-academica-2026\/","name":"CFT Estatal de Tarapac\u00e1 reconoce a sus docentes y realiza la entrega de la carga acad\u00e9mica 2026 - CFT Estatal Tarapac\u00e1","isPartOf":{"@id":"https:\/\/www.cftestataltarapaca.cl\/inicio\/#website"},"primaryImageOfPage":{"@id":"https:\/\/www.cftestataltarapaca.cl\/inicio\/2026\/01\/05\/cft-estatal-de-tarapaca-reconoce-a-sus-docentes-y-realiza-la-entrega-de-la-carga-academica-2026\/#primaryimage"},"image":{"@id":"https:\/\/www.cftestataltarapaca.cl\/inicio\/2026\/01\/05\/cft-estatal-de-tarapaca-reconoce-a-sus-docentes-y-realiza-la-entrega-de-la-carga-academica-2026\/#primaryimage"},"thumbnailUrl":"https:\/\/www.cftestataltarapaca.cl\/inicio\/wp-content\/uploads\/2026\/01\/IMG_2521-scaled.jpg","datePublished":"2026-01-05T14:03:46+00:00","dateModified":"2026-01-05T19:45:05+00:00","breadcrumb":{"@id":"https:\/\/www.cftestataltarapaca.cl\/inicio\/2026\/01\/05\/cft-estatal-de-tarapaca-reconoce-a-sus-docentes-y-realiza-la-entrega-de-la-carga-academica-2026\/#breadcrumb"},"inLanguage":"es","potentialAction":[{"@type":"ReadAction","target":["https:\/\/www.cftestataltarapaca.cl\/inicio\/2026\/01\/05\/cft-estatal-de-tarapaca-reconoce-a-sus-docentes-y-realiza-la-entrega-de-la-carga-academica-2026\/"]}]},{"@type":"ImageObject","inLanguage":"es","@id":"https:\/\/www.cftestataltarapaca.cl\/inicio\/2026\/01\/05\/cft-estatal-de-tarapaca-reconoce-a-sus-docentes-y-realiza-la-entrega-de-la-carga-academica-2026\/#primaryimage","url":"https:\/\/www.cftestataltarapaca.cl\/inicio\/wp-content\/uploads\/2026\/01\/IMG_2521-scaled.jpg","contentUrl":"https:\/\/www.cftestataltarapaca.cl\/inicio\/wp-content\/uploads\/2026\/01\/IMG_2521-scaled.jpg","width":2560,"height":1920},{"@type":"BreadcrumbList","@id":"https:\/\/www.cftestataltarapaca.cl\/inicio\/2026\/01\/05\/cft-estatal-de-tarapaca-reconoce-a-sus-docentes-y-realiza-la-entrega-de-la-carga-academica-2026\/#breadcrumb","itemListElement":[{"@type":"ListItem","position":1,"name":"Portada","item":"https:\/\/www.cftestataltarapaca.cl\/inicio\/"},{"@type":"ListItem","position":2,"name":"CFT Estatal de Tarapac\u00e1 reconoce a sus docentes y realiza la entrega de la carga acad\u00e9mica 2026"}]},{"@type":"WebSite","@id":"https:\/\/www.cftestataltarapaca.cl\/inicio\/#website","url":"https:\/\/www.cftestataltarapaca.cl\/inicio\/","name":"CFT Estatal Tarapac\u00e1","description":"Admisi\u00f3n 2025","publisher":{"@id":"https:\/\/www.cftestataltarapaca.cl\/inicio\/#organization"},"potentialAction":[{"@type":"SearchAction","target":{"@type":"EntryPoint","urlTemplate":"https:\/\/www.cftestataltarapaca.cl\/inicio\/?s={search_term_string}"},"query-input":{"@type":"PropertyValueSpecification","valueRequired":true,"valueName":"search_term_string"}}],"inLanguage":"es"},{"@type":"Organization","@id":"https:\/\/www.cftestataltarapaca.cl\/inicio\/#organization","name":"CFT Estatal Tarapac\u00e1","url":"https:\/\/www.cftestataltarapaca.cl\/inicio\/","logo":{"@type":"ImageObject","inLanguage":"es","@id":"https:\/\/www.cftestataltarapaca.cl\/inicio\/#\/schema\/logo\/image\/","url":"https:\/\/www.cftestataltarapaca.cl\/inicio\/wp-content\/uploads\/2019\/03\/logo-retina-1.png","contentUrl":"https:\/\/www.cftestataltarapaca.cl\/inicio\/wp-content\/uploads\/2019\/03\/logo-retina-1.png","width":401,"height":150,"caption":"CFT Estatal Tarapac\u00e1"},"image":{"@id":"https:\/\/www.cftestataltarapaca.cl\/inicio\/#\/schema\/logo\/image\/"},"sameAs":["https:\/\/www.facebook.com\/CFTestataltarapaca\/","https:\/\/x.com\/CFTesTarapaca","https:\/\/www.instagram.com\/CFTestataltarapaca\/"]},{"@type":"Person","@id":"https:\/\/www.cftestataltarapaca.cl\/inicio\/#\/schema\/person\/ad1fbfa1fa7c3d3889f4ae5401dd660e","name":"Comunicaciones","image":{"@type":"ImageObject","inLanguage":"es","@id":"https:\/\/secure.gravatar.com\/avatar\/ed1c2728327f20a5a62edaeb7dc181858f225b765044c5314c3d1059a1bd992f?s=96&d=mm&r=g","url":"https:\/\/secure.gravatar.com\/avatar\/ed1c2728327f20a5a62edaeb7dc181858f225b765044c5314c3d1059a1bd992f?s=96&d=mm&r=g","contentUrl":"https:\/\/secure.gravatar.com\/avatar\/ed1c2728327f20a5a62edaeb7dc181858f225b765044c5314c3d1059a1bd992f?s=96&d=mm&r=g","caption":"Comunicaciones"},"sameAs":["http:\/\/www.cftestataltarapaca.cl"],"url":"https:\/\/www.cftestataltarapaca.cl\/inicio\/author\/comunicaciones\/"}]}},"publishpress_future_action":{"enabled":false,"date":"2026-05-08 13:58:55","action":"change-status","newStatus":"draft","terms":[],"taxonomy":"category","extraData":[]},"publishpress_future_workflow_manual_trigger":{"enabledWorkflows":[]},"_links":{"self":[{"href":"https:\/\/www.cftestataltarapaca.cl\/inicio\/wp-json\/wp\/v2\/posts\/16117","targetHints":{"allow":["GET"]}}],"collection":[{"href":"https:\/\/www.cftestataltarapaca.cl\/inicio\/wp-json\/wp\/v2\/posts"}],"about":[{"href":"https:\/\/www.cftestataltarapaca.cl\/inicio\/wp-json\/wp\/v2\/types\/post"}],"author":[{"embeddable":true,"href":"https:\/\/www.cftestataltarapaca.cl\/inicio\/wp-json\/wp\/v2\/users\/2"}],"replies":[{"embeddable":true,"href":"https:\/\/www.cftestataltarapaca.cl\/inicio\/wp-json\/wp\/v2\/comments?post=16117"}],"version-history":[{"count":3,"href":"https:\/\/www.cftestataltarapaca.cl\/inicio\/wp-json\/wp\/v2\/posts\/16117\/revisions"}],"predecessor-version":[{"id":16135,"href":"https:\/\/www.cftestataltarapaca.cl\/inicio\/wp-json\/wp\/v2\/posts\/16117\/revisions\/16135"}],"wp:featuredmedia":[{"embeddable":true,"href":"https:\/\/www.cftestataltarapaca.cl\/inicio\/wp-json\/wp\/v2\/media\/16124"}],"wp:attachment":[{"href":"https:\/\/www.cftestataltarapaca.cl\/inicio\/wp-json\/wp\/v2\/media?parent=16117"}],"wp:term":[{"taxonomy":"category","embeddable":true,"href":"https:\/\/www.cftestataltarapaca.cl\/inicio\/wp-json\/wp\/v2\/categories?post=16117"},{"taxonomy":"post_tag","embeddable":true,"href":"https:\/\/www.cftestataltarapaca.cl\/inicio\/wp-json\/wp\/v2\/tags?post=16117"}],"curies":[{"name":"wp","href":"https:\/\/api.w.org\/{rel}","templated":true}]}}