{"id":16657,"date":"2026-04-12T15:59:36","date_gmt":"2026-04-12T19:59:36","guid":{"rendered":"https:\/\/www.cftestataltarapaca.cl\/inicio\/?p=16657"},"modified":"2026-04-30T13:16:15","modified_gmt":"2026-04-30T17:16:15","slug":"estudiantes-del-cft-estatal-de-tarapaca-participan-en-mesa-heforshe-de-teck-sobre-equidad-de-genero-en-mineria","status":"publish","type":"post","link":"https:\/\/www.cftestataltarapaca.cl\/inicio\/2026\/04\/12\/estudiantes-del-cft-estatal-de-tarapaca-participan-en-mesa-heforshe-de-teck-sobre-equidad-de-genero-en-mineria\/","title":{"rendered":"Estudiantes del CFT Estatal de Tarapac\u00e1 participan en mesa HeForShe de Teck sobre equidad de g\u00e9nero en Miner\u00eda"},"content":{"rendered":"<p>Una delegaci\u00f3n de estudiantes de nuestras carreras STEM fueron parte de la Mesa Redonda HeForShe de Teck, instancia que reuni\u00f3 a j\u00f3venes talentos y l\u00edderes de la industria para dialogar sobre el futuro de la equidad de g\u00e9nero en la industria minera, adem\u00e1s de poder conocer las instalaciones de operaciones integradas de la compa\u00f1\u00eda.<!--more--><\/p>\n<p style=\"text-align: justify\">El encuentro realizado este 13 de abril en las oficinas de Teck en Santiago convoc\u00f3 a m\u00e1s de 30 estudiantes y profesionales en etapas iniciales de su carrera, provenientes de distintas instituciones del pa\u00eds, figurando seis estudiantes de nuestra instituci\u00f3n. En este espacio de di\u00e1logo, las y los participantes compartieron sus experiencias, reflexiones y propuestas orientadas al fortalecimiento de entornos laborales m\u00e1s inclusivos dentro del sector minero.<\/p>\n<p style=\"text-align: justify\">La jornada fue dirigida por el presidente y CEO de Teck, Jonathan Price, enmarcado en la iniciativa global HeForShe de ONU Mujeres, y contempl\u00f3 espacios de conversaci\u00f3n abierta en torno a desaf\u00edos clave como el rol de los aliados en la industria, las barreras de acceso para mujeres y grupos subrepresentados, y las oportunidades para avanzar hacia una miner\u00eda m\u00e1s equitativa.<\/p>\n<p style=\"text-align: justify\">Durante el encuentro, nuestros estudiantes tuvieron la oportunidad de integrarse activamente en mesas de discusi\u00f3n, aportando desde su experiencia formativa y proyectando su futuro desarrollo profesional en el rubro. Adem\u00e1s, la instancia permiti\u00f3 generar v\u00ednculos con actores relevantes del sector, enriqueciendo su visi\u00f3n sobre las din\u00e1micas actuales de la industria.<\/p>\n<p style=\"text-align: justify\">La participaci\u00f3n en este tipo de espacios responde a la participaci\u00f3n de vincular la formaci\u00f3n t\u00e9cnico profesional con los desaf\u00edos reales del entorno productivo, promoviendo el desarrollo de competencias t\u00e9cnicas, mirada cr\u00edtica y comprometida con tem\u00e1ticas como la equidad de g\u00e9nero e inclusi\u00f3n.<\/p>\n<p style=\"text-align: justify\">A trav\u00e9s de estos encuentros, fortalecemos el v\u00ednculo con el industria minera, generando oportunidades para que nuestros estudiantes sean actores claves en di\u00e1logos que marcar\u00e1n el futuro de este sector, contribuyendo con la perspectiva local para una miner\u00eda m\u00e1s inclusiva, pertinente y sostenible.<\/p>\n\n\t\t<style type=\"text\/css\">\n\t\t\t#gallery-1 {\n\t\t\t\tmargin: auto;\n\t\t\t}\n\t\t\t#gallery-1 .gallery-item {\n\t\t\t\tfloat: left;\n\t\t\t\tmargin-top: 10px;\n\t\t\t\ttext-align: center;\n\t\t\t\twidth: 50%;\n\t\t\t}\n\t\t\t#gallery-1 img {\n\t\t\t\tborder: 2px solid #cfcfcf;\n\t\t\t}\n\t\t\t#gallery-1 .gallery-caption {\n\t\t\t\tmargin-left: 0;\n\t\t\t}\n\t\t\t\/* see gallery_shortcode() in wp-includes\/media.php *\/\n\t\t<\/style>\n\t\t<div id='gallery-1' class='gallery galleryid-16657 gallery-columns-2 gallery-size-full'><dl class='gallery-item'>\n\t\t\t<dt class='gallery-icon portrait'>\n\t\t\t\t<a href='https:\/\/www.cftestataltarapaca.cl\/inicio\/2026\/04\/12\/estudiantes-del-cft-estatal-de-tarapaca-participan-en-mesa-heforshe-de-teck-sobre-equidad-de-genero-en-mineria\/whatsapp-image-2026-04-13-at-4-51-28-pm\/'><img loading=\"lazy\" decoding=\"async\" width=\"900\" height=\"1600\" src=\"https:\/\/www.cftestataltarapaca.cl\/inicio\/wp-content\/uploads\/2026\/04\/WhatsApp-Image-2026-04-13-at-4.51.28-PM.jpeg\" class=\"attachment-full size-full\" alt=\"\" srcset=\"https:\/\/www.cftestataltarapaca.cl\/inicio\/wp-content\/uploads\/2026\/04\/WhatsApp-Image-2026-04-13-at-4.51.28-PM.jpeg 900w, https:\/\/www.cftestataltarapaca.cl\/inicio\/wp-content\/uploads\/2026\/04\/WhatsApp-Image-2026-04-13-at-4.51.28-PM-169x300.jpeg 169w, https:\/\/www.cftestataltarapaca.cl\/inicio\/wp-content\/uploads\/2026\/04\/WhatsApp-Image-2026-04-13-at-4.51.28-PM-576x1024.jpeg 576w, https:\/\/www.cftestataltarapaca.cl\/inicio\/wp-content\/uploads\/2026\/04\/WhatsApp-Image-2026-04-13-at-4.51.28-PM-768x1365.jpeg 768w, https:\/\/www.cftestataltarapaca.cl\/inicio\/wp-content\/uploads\/2026\/04\/WhatsApp-Image-2026-04-13-at-4.51.28-PM-864x1536.jpeg 864w\" sizes=\"auto, (max-width: 900px) 100vw, 900px\" \/><\/a>\n\t\t\t<\/dt><\/dl><dl class='gallery-item'>\n\t\t\t<dt class='gallery-icon portrait'>\n\t\t\t\t<a href='https:\/\/www.cftestataltarapaca.cl\/inicio\/2026\/04\/12\/estudiantes-del-cft-estatal-de-tarapaca-participan-en-mesa-heforshe-de-teck-sobre-equidad-de-genero-en-mineria\/whatsapp-image-2026-04-13-at-5-02-28-pm\/'><img loading=\"lazy\" decoding=\"async\" width=\"900\" height=\"1600\" src=\"https:\/\/www.cftestataltarapaca.cl\/inicio\/wp-content\/uploads\/2026\/04\/WhatsApp-Image-2026-04-13-at-5.02.28-PM.jpeg\" class=\"attachment-full size-full\" alt=\"\" srcset=\"https:\/\/www.cftestataltarapaca.cl\/inicio\/wp-content\/uploads\/2026\/04\/WhatsApp-Image-2026-04-13-at-5.02.28-PM.jpeg 900w, https:\/\/www.cftestataltarapaca.cl\/inicio\/wp-content\/uploads\/2026\/04\/WhatsApp-Image-2026-04-13-at-5.02.28-PM-169x300.jpeg 169w, https:\/\/www.cftestataltarapaca.cl\/inicio\/wp-content\/uploads\/2026\/04\/WhatsApp-Image-2026-04-13-at-5.02.28-PM-576x1024.jpeg 576w, https:\/\/www.cftestataltarapaca.cl\/inicio\/wp-content\/uploads\/2026\/04\/WhatsApp-Image-2026-04-13-at-5.02.28-PM-768x1365.jpeg 768w, https:\/\/www.cftestataltarapaca.cl\/inicio\/wp-content\/uploads\/2026\/04\/WhatsApp-Image-2026-04-13-at-5.02.28-PM-864x1536.jpeg 864w\" sizes=\"auto, (max-width: 900px) 100vw, 900px\" \/><\/a>\n\t\t\t<\/dt><\/dl><br style=\"clear: both\" \/><dl class='gallery-item'>\n\t\t\t<dt class='gallery-icon portrait'>\n\t\t\t\t<a href='https:\/\/www.cftestataltarapaca.cl\/inicio\/2026\/04\/12\/estudiantes-del-cft-estatal-de-tarapaca-participan-en-mesa-heforshe-de-teck-sobre-equidad-de-genero-en-mineria\/whatsapp-image-2026-04-13-at-4-48-44-pm\/'><img loading=\"lazy\" decoding=\"async\" width=\"1200\" height=\"1600\" src=\"https:\/\/www.cftestataltarapaca.cl\/inicio\/wp-content\/uploads\/2026\/04\/WhatsApp-Image-2026-04-13-at-4.48.44-PM.jpeg\" class=\"attachment-full size-full\" alt=\"\" srcset=\"https:\/\/www.cftestataltarapaca.cl\/inicio\/wp-content\/uploads\/2026\/04\/WhatsApp-Image-2026-04-13-at-4.48.44-PM.jpeg 1200w, https:\/\/www.cftestataltarapaca.cl\/inicio\/wp-content\/uploads\/2026\/04\/WhatsApp-Image-2026-04-13-at-4.48.44-PM-225x300.jpeg 225w, https:\/\/www.cftestataltarapaca.cl\/inicio\/wp-content\/uploads\/2026\/04\/WhatsApp-Image-2026-04-13-at-4.48.44-PM-768x1024.jpeg 768w, https:\/\/www.cftestataltarapaca.cl\/inicio\/wp-content\/uploads\/2026\/04\/WhatsApp-Image-2026-04-13-at-4.48.44-PM-1152x1536.jpeg 1152w\" sizes=\"auto, (max-width: 1200px) 100vw, 1200px\" \/><\/a>\n\t\t\t<\/dt><\/dl><dl class='gallery-item'>\n\t\t\t<dt class='gallery-icon portrait'>\n\t\t\t\t<a href='https:\/\/www.cftestataltarapaca.cl\/inicio\/2026\/04\/12\/estudiantes-del-cft-estatal-de-tarapaca-participan-en-mesa-heforshe-de-teck-sobre-equidad-de-genero-en-mineria\/whatsapp-image-2026-04-13-at-6-24-47-pm\/'><img loading=\"lazy\" decoding=\"async\" width=\"1200\" height=\"1600\" src=\"https:\/\/www.cftestataltarapaca.cl\/inicio\/wp-content\/uploads\/2026\/04\/WhatsApp-Image-2026-04-13-at-6.24.47-PM.jpeg\" class=\"attachment-full size-full\" alt=\"\" srcset=\"https:\/\/www.cftestataltarapaca.cl\/inicio\/wp-content\/uploads\/2026\/04\/WhatsApp-Image-2026-04-13-at-6.24.47-PM.jpeg 1200w, https:\/\/www.cftestataltarapaca.cl\/inicio\/wp-content\/uploads\/2026\/04\/WhatsApp-Image-2026-04-13-at-6.24.47-PM-225x300.jpeg 225w, https:\/\/www.cftestataltarapaca.cl\/inicio\/wp-content\/uploads\/2026\/04\/WhatsApp-Image-2026-04-13-at-6.24.47-PM-768x1024.jpeg 768w, https:\/\/www.cftestataltarapaca.cl\/inicio\/wp-content\/uploads\/2026\/04\/WhatsApp-Image-2026-04-13-at-6.24.47-PM-1152x1536.jpeg 1152w\" sizes=\"auto, (max-width: 1200px) 100vw, 1200px\" \/><\/a>\n\t\t\t<\/dt><\/dl><br style=\"clear: both\" \/><dl class='gallery-item'>\n\t\t\t<dt class='gallery-icon portrait'>\n\t\t\t\t<a href='https:\/\/www.cftestataltarapaca.cl\/inicio\/2026\/04\/12\/estudiantes-del-cft-estatal-de-tarapaca-participan-en-mesa-heforshe-de-teck-sobre-equidad-de-genero-en-mineria\/whatsapp-image-2026-04-13-at-5-07-06-pm\/'><img loading=\"lazy\" decoding=\"async\" width=\"720\" height=\"1280\" src=\"https:\/\/www.cftestataltarapaca.cl\/inicio\/wp-content\/uploads\/2026\/04\/WhatsApp-Image-2026-04-13-at-5.07.06-PM.jpeg\" class=\"attachment-full size-full\" alt=\"\" srcset=\"https:\/\/www.cftestataltarapaca.cl\/inicio\/wp-content\/uploads\/2026\/04\/WhatsApp-Image-2026-04-13-at-5.07.06-PM.jpeg 720w, https:\/\/www.cftestataltarapaca.cl\/inicio\/wp-content\/uploads\/2026\/04\/WhatsApp-Image-2026-04-13-at-5.07.06-PM-169x300.jpeg 169w, https:\/\/www.cftestataltarapaca.cl\/inicio\/wp-content\/uploads\/2026\/04\/WhatsApp-Image-2026-04-13-at-5.07.06-PM-576x1024.jpeg 576w\" sizes=\"auto, (max-width: 720px) 100vw, 720px\" \/><\/a>\n\t\t\t<\/dt><\/dl>\n\t\t\t<br style='clear: both' \/>\n\t\t<\/div>\n\n","protected":false},"excerpt":{"rendered":"<p>Una delegaci\u00f3n de estudiantes de nuestras carreras STEM fueron parte de la Mesa Redonda HeForShe de Teck, instancia que reuni\u00f3 a j\u00f3venes talentos y l\u00edderes de la industria para dialogar&#8230;<\/p>\n","protected":false},"author":2,"featured_media":16658,"comment_status":"open","ping_status":"open","sticky":false,"template":"","format":"standard","meta":{"_joinchat":[],"footnotes":""},"categories":[45],"tags":[],"class_list":["post-16657","post","type-post","status-publish","format-standard","has-post-thumbnail","hentry","category-vinculacion"],"yoast_head":"<!-- This site is optimized with the Yoast SEO plugin v27.4 - https:\/\/yoast.com\/product\/yoast-seo-wordpress\/ -->\n<title>Estudiantes del CFT Estatal de Tarapac\u00e1 participan en mesa HeForShe de Teck sobre equidad de g\u00e9nero en Miner\u00eda - CFT Estatal Tarapac\u00e1<\/title>\n<meta name=\"robots\" content=\"index, follow, max-snippet:-1, max-image-preview:large, max-video-preview:-1\" \/>\n<link rel=\"canonical\" href=\"https:\/\/www.cftestataltarapaca.cl\/inicio\/2026\/04\/12\/estudiantes-del-cft-estatal-de-tarapaca-participan-en-mesa-heforshe-de-teck-sobre-equidad-de-genero-en-mineria\/\" \/>\n<meta property=\"og:locale\" content=\"es_ES\" \/>\n<meta property=\"og:type\" content=\"article\" \/>\n<meta property=\"og:title\" content=\"Estudiantes del CFT Estatal de Tarapac\u00e1 participan en mesa HeForShe de Teck sobre equidad de g\u00e9nero en Miner\u00eda - CFT Estatal Tarapac\u00e1\" \/>\n<meta property=\"og:description\" content=\"Una delegaci\u00f3n de estudiantes de nuestras carreras STEM fueron parte de la Mesa Redonda HeForShe de Teck, instancia que reuni\u00f3 a j\u00f3venes talentos y l\u00edderes de la industria para dialogar...\" \/>\n<meta property=\"og:url\" content=\"https:\/\/www.cftestataltarapaca.cl\/inicio\/2026\/04\/12\/estudiantes-del-cft-estatal-de-tarapaca-participan-en-mesa-heforshe-de-teck-sobre-equidad-de-genero-en-mineria\/\" \/>\n<meta property=\"og:site_name\" content=\"CFT Estatal Tarapac\u00e1\" \/>\n<meta property=\"article:publisher\" content=\"https:\/\/www.facebook.com\/CFTestataltarapaca\/\" \/>\n<meta property=\"article:published_time\" content=\"2026-04-12T19:59:36+00:00\" \/>\n<meta property=\"article:modified_time\" content=\"2026-04-30T17:16:15+00:00\" \/>\n<meta property=\"og:image\" content=\"https:\/\/www.cftestataltarapaca.cl\/inicio\/wp-content\/uploads\/2026\/04\/WhatsApp-Image-2026-04-13-at-5.56.10-PM.jpeg\" \/>\n\t<meta property=\"og:image:width\" content=\"1600\" \/>\n\t<meta property=\"og:image:height\" content=\"1200\" \/>\n\t<meta property=\"og:image:type\" content=\"image\/jpeg\" \/>\n<meta name=\"author\" content=\"Comunicaciones\" \/>\n<meta name=\"twitter:card\" content=\"summary_large_image\" \/>\n<meta name=\"twitter:creator\" content=\"@CFTesTarapaca\" \/>\n<meta name=\"twitter:site\" content=\"@CFTesTarapaca\" \/>\n<meta name=\"twitter:label1\" content=\"Escrito por\" \/>\n\t<meta name=\"twitter:data1\" content=\"Comunicaciones\" \/>\n\t<meta name=\"twitter:label2\" content=\"Tiempo de lectura\" \/>\n\t<meta name=\"twitter:data2\" content=\"2 minutos\" \/>\n<script type=\"application\/ld+json\" class=\"yoast-schema-graph\">{\"@context\":\"https:\\\/\\\/schema.org\",\"@graph\":[{\"@type\":\"Article\",\"@id\":\"https:\\\/\\\/www.cftestataltarapaca.cl\\\/inicio\\\/2026\\\/04\\\/12\\\/estudiantes-del-cft-estatal-de-tarapaca-participan-en-mesa-heforshe-de-teck-sobre-equidad-de-genero-en-mineria\\\/#article\",\"isPartOf\":{\"@id\":\"https:\\\/\\\/www.cftestataltarapaca.cl\\\/inicio\\\/2026\\\/04\\\/12\\\/estudiantes-del-cft-estatal-de-tarapaca-participan-en-mesa-heforshe-de-teck-sobre-equidad-de-genero-en-mineria\\\/\"},\"author\":{\"name\":\"Comunicaciones\",\"@id\":\"https:\\\/\\\/www.cftestataltarapaca.cl\\\/inicio\\\/#\\\/schema\\\/person\\\/ad1fbfa1fa7c3d3889f4ae5401dd660e\"},\"headline\":\"Estudiantes del CFT Estatal de Tarapac\u00e1 participan en mesa HeForShe de Teck sobre equidad de g\u00e9nero en Miner\u00eda\",\"datePublished\":\"2026-04-12T19:59:36+00:00\",\"dateModified\":\"2026-04-30T17:16:15+00:00\",\"mainEntityOfPage\":{\"@id\":\"https:\\\/\\\/www.cftestataltarapaca.cl\\\/inicio\\\/2026\\\/04\\\/12\\\/estudiantes-del-cft-estatal-de-tarapaca-participan-en-mesa-heforshe-de-teck-sobre-equidad-de-genero-en-mineria\\\/\"},\"wordCount\":377,\"commentCount\":0,\"publisher\":{\"@id\":\"https:\\\/\\\/www.cftestataltarapaca.cl\\\/inicio\\\/#organization\"},\"image\":{\"@id\":\"https:\\\/\\\/www.cftestataltarapaca.cl\\\/inicio\\\/2026\\\/04\\\/12\\\/estudiantes-del-cft-estatal-de-tarapaca-participan-en-mesa-heforshe-de-teck-sobre-equidad-de-genero-en-mineria\\\/#primaryimage\"},\"thumbnailUrl\":\"https:\\\/\\\/www.cftestataltarapaca.cl\\\/inicio\\\/wp-content\\\/uploads\\\/2026\\\/04\\\/WhatsApp-Image-2026-04-13-at-5.56.10-PM.jpeg\",\"articleSection\":[\"Vinculaci\u00f3n\"],\"inLanguage\":\"es\",\"potentialAction\":[{\"@type\":\"CommentAction\",\"name\":\"Comment\",\"target\":[\"https:\\\/\\\/www.cftestataltarapaca.cl\\\/inicio\\\/2026\\\/04\\\/12\\\/estudiantes-del-cft-estatal-de-tarapaca-participan-en-mesa-heforshe-de-teck-sobre-equidad-de-genero-en-mineria\\\/#respond\"]}]},{\"@type\":\"WebPage\",\"@id\":\"https:\\\/\\\/www.cftestataltarapaca.cl\\\/inicio\\\/2026\\\/04\\\/12\\\/estudiantes-del-cft-estatal-de-tarapaca-participan-en-mesa-heforshe-de-teck-sobre-equidad-de-genero-en-mineria\\\/\",\"url\":\"https:\\\/\\\/www.cftestataltarapaca.cl\\\/inicio\\\/2026\\\/04\\\/12\\\/estudiantes-del-cft-estatal-de-tarapaca-participan-en-mesa-heforshe-de-teck-sobre-equidad-de-genero-en-mineria\\\/\",\"name\":\"Estudiantes del CFT Estatal de Tarapac\u00e1 participan en mesa HeForShe de Teck sobre equidad de g\u00e9nero en Miner\u00eda - CFT Estatal Tarapac\u00e1\",\"isPartOf\":{\"@id\":\"https:\\\/\\\/www.cftestataltarapaca.cl\\\/inicio\\\/#website\"},\"primaryImageOfPage\":{\"@id\":\"https:\\\/\\\/www.cftestataltarapaca.cl\\\/inicio\\\/2026\\\/04\\\/12\\\/estudiantes-del-cft-estatal-de-tarapaca-participan-en-mesa-heforshe-de-teck-sobre-equidad-de-genero-en-mineria\\\/#primaryimage\"},\"image\":{\"@id\":\"https:\\\/\\\/www.cftestataltarapaca.cl\\\/inicio\\\/2026\\\/04\\\/12\\\/estudiantes-del-cft-estatal-de-tarapaca-participan-en-mesa-heforshe-de-teck-sobre-equidad-de-genero-en-mineria\\\/#primaryimage\"},\"thumbnailUrl\":\"https:\\\/\\\/www.cftestataltarapaca.cl\\\/inicio\\\/wp-content\\\/uploads\\\/2026\\\/04\\\/WhatsApp-Image-2026-04-13-at-5.56.10-PM.jpeg\",\"datePublished\":\"2026-04-12T19:59:36+00:00\",\"dateModified\":\"2026-04-30T17:16:15+00:00\",\"breadcrumb\":{\"@id\":\"https:\\\/\\\/www.cftestataltarapaca.cl\\\/inicio\\\/2026\\\/04\\\/12\\\/estudiantes-del-cft-estatal-de-tarapaca-participan-en-mesa-heforshe-de-teck-sobre-equidad-de-genero-en-mineria\\\/#breadcrumb\"},\"inLanguage\":\"es\",\"potentialAction\":[{\"@type\":\"ReadAction\",\"target\":[\"https:\\\/\\\/www.cftestataltarapaca.cl\\\/inicio\\\/2026\\\/04\\\/12\\\/estudiantes-del-cft-estatal-de-tarapaca-participan-en-mesa-heforshe-de-teck-sobre-equidad-de-genero-en-mineria\\\/\"]}]},{\"@type\":\"ImageObject\",\"inLanguage\":\"es\",\"@id\":\"https:\\\/\\\/www.cftestataltarapaca.cl\\\/inicio\\\/2026\\\/04\\\/12\\\/estudiantes-del-cft-estatal-de-tarapaca-participan-en-mesa-heforshe-de-teck-sobre-equidad-de-genero-en-mineria\\\/#primaryimage\",\"url\":\"https:\\\/\\\/www.cftestataltarapaca.cl\\\/inicio\\\/wp-content\\\/uploads\\\/2026\\\/04\\\/WhatsApp-Image-2026-04-13-at-5.56.10-PM.jpeg\",\"contentUrl\":\"https:\\\/\\\/www.cftestataltarapaca.cl\\\/inicio\\\/wp-content\\\/uploads\\\/2026\\\/04\\\/WhatsApp-Image-2026-04-13-at-5.56.10-PM.jpeg\",\"width\":1600,\"height\":1200},{\"@type\":\"BreadcrumbList\",\"@id\":\"https:\\\/\\\/www.cftestataltarapaca.cl\\\/inicio\\\/2026\\\/04\\\/12\\\/estudiantes-del-cft-estatal-de-tarapaca-participan-en-mesa-heforshe-de-teck-sobre-equidad-de-genero-en-mineria\\\/#breadcrumb\",\"itemListElement\":[{\"@type\":\"ListItem\",\"position\":1,\"name\":\"Portada\",\"item\":\"https:\\\/\\\/www.cftestataltarapaca.cl\\\/inicio\\\/\"},{\"@type\":\"ListItem\",\"position\":2,\"name\":\"Estudiantes del CFT Estatal de Tarapac\u00e1 participan en mesa HeForShe de Teck sobre equidad de g\u00e9nero en Miner\u00eda\"}]},{\"@type\":\"WebSite\",\"@id\":\"https:\\\/\\\/www.cftestataltarapaca.cl\\\/inicio\\\/#website\",\"url\":\"https:\\\/\\\/www.cftestataltarapaca.cl\\\/inicio\\\/\",\"name\":\"CFT Estatal Tarapac\u00e1\",\"description\":\"Admisi\u00f3n 2025\",\"publisher\":{\"@id\":\"https:\\\/\\\/www.cftestataltarapaca.cl\\\/inicio\\\/#organization\"},\"potentialAction\":[{\"@type\":\"SearchAction\",\"target\":{\"@type\":\"EntryPoint\",\"urlTemplate\":\"https:\\\/\\\/www.cftestataltarapaca.cl\\\/inicio\\\/?s={search_term_string}\"},\"query-input\":{\"@type\":\"PropertyValueSpecification\",\"valueRequired\":true,\"valueName\":\"search_term_string\"}}],\"inLanguage\":\"es\"},{\"@type\":\"Organization\",\"@id\":\"https:\\\/\\\/www.cftestataltarapaca.cl\\\/inicio\\\/#organization\",\"name\":\"CFT Estatal Tarapac\u00e1\",\"url\":\"https:\\\/\\\/www.cftestataltarapaca.cl\\\/inicio\\\/\",\"logo\":{\"@type\":\"ImageObject\",\"inLanguage\":\"es\",\"@id\":\"https:\\\/\\\/www.cftestataltarapaca.cl\\\/inicio\\\/#\\\/schema\\\/logo\\\/image\\\/\",\"url\":\"https:\\\/\\\/www.cftestataltarapaca.cl\\\/inicio\\\/wp-content\\\/uploads\\\/2019\\\/03\\\/logo-retina-1.png\",\"contentUrl\":\"https:\\\/\\\/www.cftestataltarapaca.cl\\\/inicio\\\/wp-content\\\/uploads\\\/2019\\\/03\\\/logo-retina-1.png\",\"width\":401,\"height\":150,\"caption\":\"CFT Estatal Tarapac\u00e1\"},\"image\":{\"@id\":\"https:\\\/\\\/www.cftestataltarapaca.cl\\\/inicio\\\/#\\\/schema\\\/logo\\\/image\\\/\"},\"sameAs\":[\"https:\\\/\\\/www.facebook.com\\\/CFTestataltarapaca\\\/\",\"https:\\\/\\\/x.com\\\/CFTesTarapaca\",\"https:\\\/\\\/www.instagram.com\\\/CFTestataltarapaca\\\/\"]},{\"@type\":\"Person\",\"@id\":\"https:\\\/\\\/www.cftestataltarapaca.cl\\\/inicio\\\/#\\\/schema\\\/person\\\/ad1fbfa1fa7c3d3889f4ae5401dd660e\",\"name\":\"Comunicaciones\",\"image\":{\"@type\":\"ImageObject\",\"inLanguage\":\"es\",\"@id\":\"https:\\\/\\\/secure.gravatar.com\\\/avatar\\\/ed1c2728327f20a5a62edaeb7dc181858f225b765044c5314c3d1059a1bd992f?s=96&d=mm&r=g\",\"url\":\"https:\\\/\\\/secure.gravatar.com\\\/avatar\\\/ed1c2728327f20a5a62edaeb7dc181858f225b765044c5314c3d1059a1bd992f?s=96&d=mm&r=g\",\"contentUrl\":\"https:\\\/\\\/secure.gravatar.com\\\/avatar\\\/ed1c2728327f20a5a62edaeb7dc181858f225b765044c5314c3d1059a1bd992f?s=96&d=mm&r=g\",\"caption\":\"Comunicaciones\"},\"sameAs\":[\"http:\\\/\\\/www.cftestataltarapaca.cl\"],\"url\":\"https:\\\/\\\/www.cftestataltarapaca.cl\\\/inicio\\\/author\\\/comunicaciones\\\/\"}]}<\/script>\n<!-- \/ Yoast SEO plugin. -->","yoast_head_json":{"title":"Estudiantes del CFT Estatal de Tarapac\u00e1 participan en mesa HeForShe de Teck sobre equidad de g\u00e9nero en Miner\u00eda - CFT Estatal Tarapac\u00e1","robots":{"index":"index","follow":"follow","max-snippet":"max-snippet:-1","max-image-preview":"max-image-preview:large","max-video-preview":"max-video-preview:-1"},"canonical":"https:\/\/www.cftestataltarapaca.cl\/inicio\/2026\/04\/12\/estudiantes-del-cft-estatal-de-tarapaca-participan-en-mesa-heforshe-de-teck-sobre-equidad-de-genero-en-mineria\/","og_locale":"es_ES","og_type":"article","og_title":"Estudiantes del CFT Estatal de Tarapac\u00e1 participan en mesa HeForShe de Teck sobre equidad de g\u00e9nero en Miner\u00eda - CFT Estatal Tarapac\u00e1","og_description":"Una delegaci\u00f3n de estudiantes de nuestras carreras STEM fueron parte de la Mesa Redonda HeForShe de Teck, instancia que reuni\u00f3 a j\u00f3venes talentos y l\u00edderes de la industria para dialogar...","og_url":"https:\/\/www.cftestataltarapaca.cl\/inicio\/2026\/04\/12\/estudiantes-del-cft-estatal-de-tarapaca-participan-en-mesa-heforshe-de-teck-sobre-equidad-de-genero-en-mineria\/","og_site_name":"CFT Estatal Tarapac\u00e1","article_publisher":"https:\/\/www.facebook.com\/CFTestataltarapaca\/","article_published_time":"2026-04-12T19:59:36+00:00","article_modified_time":"2026-04-30T17:16:15+00:00","og_image":[{"width":1600,"height":1200,"url":"https:\/\/www.cftestataltarapaca.cl\/inicio\/wp-content\/uploads\/2026\/04\/WhatsApp-Image-2026-04-13-at-5.56.10-PM.jpeg","type":"image\/jpeg"}],"author":"Comunicaciones","twitter_card":"summary_large_image","twitter_creator":"@CFTesTarapaca","twitter_site":"@CFTesTarapaca","twitter_misc":{"Escrito por":"Comunicaciones","Tiempo de lectura":"2 minutos"},"schema":{"@context":"https:\/\/schema.org","@graph":[{"@type":"Article","@id":"https:\/\/www.cftestataltarapaca.cl\/inicio\/2026\/04\/12\/estudiantes-del-cft-estatal-de-tarapaca-participan-en-mesa-heforshe-de-teck-sobre-equidad-de-genero-en-mineria\/#article","isPartOf":{"@id":"https:\/\/www.cftestataltarapaca.cl\/inicio\/2026\/04\/12\/estudiantes-del-cft-estatal-de-tarapaca-participan-en-mesa-heforshe-de-teck-sobre-equidad-de-genero-en-mineria\/"},"author":{"name":"Comunicaciones","@id":"https:\/\/www.cftestataltarapaca.cl\/inicio\/#\/schema\/person\/ad1fbfa1fa7c3d3889f4ae5401dd660e"},"headline":"Estudiantes del CFT Estatal de Tarapac\u00e1 participan en mesa HeForShe de Teck sobre equidad de g\u00e9nero en Miner\u00eda","datePublished":"2026-04-12T19:59:36+00:00","dateModified":"2026-04-30T17:16:15+00:00","mainEntityOfPage":{"@id":"https:\/\/www.cftestataltarapaca.cl\/inicio\/2026\/04\/12\/estudiantes-del-cft-estatal-de-tarapaca-participan-en-mesa-heforshe-de-teck-sobre-equidad-de-genero-en-mineria\/"},"wordCount":377,"commentCount":0,"publisher":{"@id":"https:\/\/www.cftestataltarapaca.cl\/inicio\/#organization"},"image":{"@id":"https:\/\/www.cftestataltarapaca.cl\/inicio\/2026\/04\/12\/estudiantes-del-cft-estatal-de-tarapaca-participan-en-mesa-heforshe-de-teck-sobre-equidad-de-genero-en-mineria\/#primaryimage"},"thumbnailUrl":"https:\/\/www.cftestataltarapaca.cl\/inicio\/wp-content\/uploads\/2026\/04\/WhatsApp-Image-2026-04-13-at-5.56.10-PM.jpeg","articleSection":["Vinculaci\u00f3n"],"inLanguage":"es","potentialAction":[{"@type":"CommentAction","name":"Comment","target":["https:\/\/www.cftestataltarapaca.cl\/inicio\/2026\/04\/12\/estudiantes-del-cft-estatal-de-tarapaca-participan-en-mesa-heforshe-de-teck-sobre-equidad-de-genero-en-mineria\/#respond"]}]},{"@type":"WebPage","@id":"https:\/\/www.cftestataltarapaca.cl\/inicio\/2026\/04\/12\/estudiantes-del-cft-estatal-de-tarapaca-participan-en-mesa-heforshe-de-teck-sobre-equidad-de-genero-en-mineria\/","url":"https:\/\/www.cftestataltarapaca.cl\/inicio\/2026\/04\/12\/estudiantes-del-cft-estatal-de-tarapaca-participan-en-mesa-heforshe-de-teck-sobre-equidad-de-genero-en-mineria\/","name":"Estudiantes del CFT Estatal de Tarapac\u00e1 participan en mesa HeForShe de Teck sobre equidad de g\u00e9nero en Miner\u00eda - CFT Estatal Tarapac\u00e1","isPartOf":{"@id":"https:\/\/www.cftestataltarapaca.cl\/inicio\/#website"},"primaryImageOfPage":{"@id":"https:\/\/www.cftestataltarapaca.cl\/inicio\/2026\/04\/12\/estudiantes-del-cft-estatal-de-tarapaca-participan-en-mesa-heforshe-de-teck-sobre-equidad-de-genero-en-mineria\/#primaryimage"},"image":{"@id":"https:\/\/www.cftestataltarapaca.cl\/inicio\/2026\/04\/12\/estudiantes-del-cft-estatal-de-tarapaca-participan-en-mesa-heforshe-de-teck-sobre-equidad-de-genero-en-mineria\/#primaryimage"},"thumbnailUrl":"https:\/\/www.cftestataltarapaca.cl\/inicio\/wp-content\/uploads\/2026\/04\/WhatsApp-Image-2026-04-13-at-5.56.10-PM.jpeg","datePublished":"2026-04-12T19:59:36+00:00","dateModified":"2026-04-30T17:16:15+00:00","breadcrumb":{"@id":"https:\/\/www.cftestataltarapaca.cl\/inicio\/2026\/04\/12\/estudiantes-del-cft-estatal-de-tarapaca-participan-en-mesa-heforshe-de-teck-sobre-equidad-de-genero-en-mineria\/#breadcrumb"},"inLanguage":"es","potentialAction":[{"@type":"ReadAction","target":["https:\/\/www.cftestataltarapaca.cl\/inicio\/2026\/04\/12\/estudiantes-del-cft-estatal-de-tarapaca-participan-en-mesa-heforshe-de-teck-sobre-equidad-de-genero-en-mineria\/"]}]},{"@type":"ImageObject","inLanguage":"es","@id":"https:\/\/www.cftestataltarapaca.cl\/inicio\/2026\/04\/12\/estudiantes-del-cft-estatal-de-tarapaca-participan-en-mesa-heforshe-de-teck-sobre-equidad-de-genero-en-mineria\/#primaryimage","url":"https:\/\/www.cftestataltarapaca.cl\/inicio\/wp-content\/uploads\/2026\/04\/WhatsApp-Image-2026-04-13-at-5.56.10-PM.jpeg","contentUrl":"https:\/\/www.cftestataltarapaca.cl\/inicio\/wp-content\/uploads\/2026\/04\/WhatsApp-Image-2026-04-13-at-5.56.10-PM.jpeg","width":1600,"height":1200},{"@type":"BreadcrumbList","@id":"https:\/\/www.cftestataltarapaca.cl\/inicio\/2026\/04\/12\/estudiantes-del-cft-estatal-de-tarapaca-participan-en-mesa-heforshe-de-teck-sobre-equidad-de-genero-en-mineria\/#breadcrumb","itemListElement":[{"@type":"ListItem","position":1,"name":"Portada","item":"https:\/\/www.cftestataltarapaca.cl\/inicio\/"},{"@type":"ListItem","position":2,"name":"Estudiantes del CFT Estatal de Tarapac\u00e1 participan en mesa HeForShe de Teck sobre equidad de g\u00e9nero en Miner\u00eda"}]},{"@type":"WebSite","@id":"https:\/\/www.cftestataltarapaca.cl\/inicio\/#website","url":"https:\/\/www.cftestataltarapaca.cl\/inicio\/","name":"CFT Estatal Tarapac\u00e1","description":"Admisi\u00f3n 2025","publisher":{"@id":"https:\/\/www.cftestataltarapaca.cl\/inicio\/#organization"},"potentialAction":[{"@type":"SearchAction","target":{"@type":"EntryPoint","urlTemplate":"https:\/\/www.cftestataltarapaca.cl\/inicio\/?s={search_term_string}"},"query-input":{"@type":"PropertyValueSpecification","valueRequired":true,"valueName":"search_term_string"}}],"inLanguage":"es"},{"@type":"Organization","@id":"https:\/\/www.cftestataltarapaca.cl\/inicio\/#organization","name":"CFT Estatal Tarapac\u00e1","url":"https:\/\/www.cftestataltarapaca.cl\/inicio\/","logo":{"@type":"ImageObject","inLanguage":"es","@id":"https:\/\/www.cftestataltarapaca.cl\/inicio\/#\/schema\/logo\/image\/","url":"https:\/\/www.cftestataltarapaca.cl\/inicio\/wp-content\/uploads\/2019\/03\/logo-retina-1.png","contentUrl":"https:\/\/www.cftestataltarapaca.cl\/inicio\/wp-content\/uploads\/2019\/03\/logo-retina-1.png","width":401,"height":150,"caption":"CFT Estatal Tarapac\u00e1"},"image":{"@id":"https:\/\/www.cftestataltarapaca.cl\/inicio\/#\/schema\/logo\/image\/"},"sameAs":["https:\/\/www.facebook.com\/CFTestataltarapaca\/","https:\/\/x.com\/CFTesTarapaca","https:\/\/www.instagram.com\/CFTestataltarapaca\/"]},{"@type":"Person","@id":"https:\/\/www.cftestataltarapaca.cl\/inicio\/#\/schema\/person\/ad1fbfa1fa7c3d3889f4ae5401dd660e","name":"Comunicaciones","image":{"@type":"ImageObject","inLanguage":"es","@id":"https:\/\/secure.gravatar.com\/avatar\/ed1c2728327f20a5a62edaeb7dc181858f225b765044c5314c3d1059a1bd992f?s=96&d=mm&r=g","url":"https:\/\/secure.gravatar.com\/avatar\/ed1c2728327f20a5a62edaeb7dc181858f225b765044c5314c3d1059a1bd992f?s=96&d=mm&r=g","contentUrl":"https:\/\/secure.gravatar.com\/avatar\/ed1c2728327f20a5a62edaeb7dc181858f225b765044c5314c3d1059a1bd992f?s=96&d=mm&r=g","caption":"Comunicaciones"},"sameAs":["http:\/\/www.cftestataltarapaca.cl"],"url":"https:\/\/www.cftestataltarapaca.cl\/inicio\/author\/comunicaciones\/"}]}},"publishpress_future_action":{"enabled":false,"date":"2026-05-08 11:34:18","action":"change-status","newStatus":"draft","terms":[],"taxonomy":"category","extraData":[]},"publishpress_future_workflow_manual_trigger":{"enabledWorkflows":[]},"_links":{"self":[{"href":"https:\/\/www.cftestataltarapaca.cl\/inicio\/wp-json\/wp\/v2\/posts\/16657","targetHints":{"allow":["GET"]}}],"collection":[{"href":"https:\/\/www.cftestataltarapaca.cl\/inicio\/wp-json\/wp\/v2\/posts"}],"about":[{"href":"https:\/\/www.cftestataltarapaca.cl\/inicio\/wp-json\/wp\/v2\/types\/post"}],"author":[{"embeddable":true,"href":"https:\/\/www.cftestataltarapaca.cl\/inicio\/wp-json\/wp\/v2\/users\/2"}],"replies":[{"embeddable":true,"href":"https:\/\/www.cftestataltarapaca.cl\/inicio\/wp-json\/wp\/v2\/comments?post=16657"}],"version-history":[{"count":3,"href":"https:\/\/www.cftestataltarapaca.cl\/inicio\/wp-json\/wp\/v2\/posts\/16657\/revisions"}],"predecessor-version":[{"id":16717,"href":"https:\/\/www.cftestataltarapaca.cl\/inicio\/wp-json\/wp\/v2\/posts\/16657\/revisions\/16717"}],"wp:featuredmedia":[{"embeddable":true,"href":"https:\/\/www.cftestataltarapaca.cl\/inicio\/wp-json\/wp\/v2\/media\/16658"}],"wp:attachment":[{"href":"https:\/\/www.cftestataltarapaca.cl\/inicio\/wp-json\/wp\/v2\/media?parent=16657"}],"wp:term":[{"taxonomy":"category","embeddable":true,"href":"https:\/\/www.cftestataltarapaca.cl\/inicio\/wp-json\/wp\/v2\/categories?post=16657"},{"taxonomy":"post_tag","embeddable":true,"href":"https:\/\/www.cftestataltarapaca.cl\/inicio\/wp-json\/wp\/v2\/tags?post=16657"}],"curies":[{"name":"wp","href":"https:\/\/api.w.org\/{rel}","templated":true}]}}