{"id":16679,"date":"2026-04-27T13:49:53","date_gmt":"2026-04-27T17:49:53","guid":{"rendered":"https:\/\/www.cftestataltarapaca.cl\/inicio\/?p=16679"},"modified":"2026-04-27T13:49:53","modified_gmt":"2026-04-27T17:49:53","slug":"que-hacer-en-caso-de-un-accidente-del-trabajador","status":"publish","type":"post","link":"https:\/\/www.cftestataltarapaca.cl\/inicio\/2026\/04\/27\/que-hacer-en-caso-de-un-accidente-del-trabajador\/","title":{"rendered":"\u00bfQu\u00e9 hacer en caso de un accidente del trabajador?"},"content":{"rendered":"<article style=\"font-family: Arial, sans-serif; color: #2d3a4d; line-height: 1.6; max-width: 800px; margin: 0 auto;\">\n<header style=\"border-bottom: 3px solid #ffd446; padding-bottom: 10px; margin-bottom: 20px;\">\n<h2 style=\"color: #0780c3; margin: 0; font-size: 24px; font-weight: bold;\">\n            <span style=\"font-size: 24px;\">\u00bfQu\u00e9 hacer en caso de un <\/span><br \/>\n            <b style=\"font-size: 24px;\">accidente del trabajador?<\/b><br \/>\n        <\/h2>\n<\/header>\n<p style=\"font-size: 16px; font-weight: bold; text-align: center; color: #2d3a4d; background-color: #f7f9fc; padding: 15px; border-radius: 8px;\">\n        Si sufres un accidente del trabajador, sigue estos pasos:\n    <\/p>\n<p>    <!-- PASO 0 --><\/p>\n<h3 style=\"color: #3662a9; border-left: 4px solid #ffd446; padding-left: 10px; text-transform: uppercase; font-size: 15px; margin-top: 30px;\">\n        <span style=\"background-color:#ffd446; color:#2d3a4d; border-radius:50%; width:24px; height:24px; display:inline-block; text-align:center; margin-right:5px;\">0<\/span> Antes de llamar a ACHS<br \/>\n    <\/h3>\n<div style=\"background-color: #fffbea; border: 2px solid #ffd446; border-radius: 8px; padding: 15px; margin-bottom: 20px;\">\n<p style=\"margin: 0 0 5px 0; font-size: 14px;\">\ud83e\uddba <strong>Contacta al Prevencionista de Riesgos:<\/strong> <span style=\"color: #0780c3; font-weight: 900; font-size: 15px;\">Vicente Montenegro<\/span><\/p>\n<p style=\"margin: 0; font-size: 14px; color: #555555;\">Informa el accidente de inmediato para que pueda orientarte y coordinar los pasos a seguir seg\u00fan el protocolo institucional.<\/p>\n<\/p><\/div>\n<p>    <!-- PASO 1 --><\/p>\n<h3 style=\"color: #3662a9; border-left: 4px solid #0780c3; padding-left: 10px; text-transform: uppercase; font-size: 15px; margin-top: 30px;\">\n        <span style=\"background-color:#0780c3; color:#ffffff; border-radius:50%; width:24px; height:24px; display:inline-block; text-align:center; margin-right:5px;\">1<\/span> Seg\u00fan la gravedad del accidente<br \/>\n    <\/h3>\n<div style=\"display: flex; gap: 15px; margin-bottom: 20px; flex-wrap: wrap;\">\n        <!-- Leve --><\/p>\n<div style=\"flex: 1; min-width: 250px; background-color: #f2fbf5; border: 2px solid #2fb45e; border-radius: 8px; padding: 15px;\">\n<p style=\"margin: 0 0 10px 0; font-size: 15px; color: #2fb45e;\"><strong>\ud83d\udfe2 Accidente leve<\/strong><\/p>\n<p style=\"margin: 0 0 5px 0; font-size: 14px; color: #444444;\"><strong>Si no requieres ambulancia:<\/strong><br \/>Acude al <strong>centro de atenci\u00f3n ACHS m\u00e1s cercano<\/strong> a tu lugar de trabajo.<\/p>\n<p style=\"margin: 0; font-size: 14px; color: #444444;\"><strong>Al llegar al centro de atenci\u00f3n:<\/strong><br \/>Presenta tu <strong>c\u00e9dula de identidad<\/strong>. Genera y adjunta la <strong>Denuncia Individual de Accidente del Trabajo (DIAT)<\/strong>, firmada por ti o tu empleador.<\/p>\n<\/p><\/div>\n<p>        <!-- Grave --><\/p>\n<div style=\"flex: 1; min-width: 250px; background-color: #fff5f5; border: 2px solid #f54152; border-radius: 8px; padding: 15px;\">\n<p style=\"margin: 0 0 10px 0; font-size: 15px; color: #f54152;\"><strong>\ud83d\udd34 Accidente grave<\/strong><\/p>\n<p style=\"margin: 0 0 5px 0; font-size: 14px; color: #444444;\"><strong>Si requieres ambulancia:<\/strong><br \/>Llama o pide a alguien que contacte urgencia ambulancia al <strong>1404<\/strong> o al <strong>800 800 1404<\/strong> desde cualquier punto del pa\u00eds.<\/p>\n<p style=\"margin: 0; font-size: 14px; color: #444444;\"><strong>Si el accidente es muy grave:<\/strong><br \/>Se derivar\u00e1 al <strong>centro ACHS m\u00e1s cercano<\/strong> al evento, desde donde se enviar\u00e1 la ambulancia.<\/p>\n<\/p><\/div><\/div>\n<p>    <!-- ACHS Info --><\/p>\n<div style=\"background-color: #f7f9fc; border: 1.5px solid #e0e7ef; border-radius: 8px; padding: 15px; margin-bottom: 20px;\">\n<p style=\"margin: 0 0 10px 0; font-size: 14px; font-weight: bold; color: #0780c3; text-transform: uppercase;\">Centro ACHS m\u00e1s cercano<\/p>\n<ul style=\"list-style: none; padding: 0; margin: 0 0 15px 0; font-size: 14px; color: #444444;\">\n<li style=\"margin-bottom: 8px;\">\ud83d\udccd <strong>Direcci\u00f3n:<\/strong> Amunategui 1517, Iquique<\/li>\n<li style=\"margin-bottom: 8px;\">\ud83d\udcde <strong>Tel\u00e9fono:<\/strong> (57) 225157805 \u2013 225157824<\/li>\n<li>\ud83d\udd50 <strong>Horario:<\/strong> Lunes a Viernes \/ 08:00 a 18:00 hrs.<\/li>\n<\/ul>\n<div style=\"background-color: #fff8ea; border: 1px solid #ffd446; border-radius: 6px; padding: 12px; font-size: 13px; color: #555555;\">\n            \u26a0\ufe0f <strong>Fuera de ese horario:<\/strong> ac\u00e9rcate a la urgencia de <strong>Cl\u00ednica Tarapac\u00e1<\/strong>.\n        <\/div><\/div>\n<p>    <!-- PASO 2 --><\/p>\n<h3 style=\"color: #3662a9; border-left: 4px solid #0780c3; padding-left: 10px; text-transform: uppercase; font-size: 15px; margin-top: 30px;\">\n        <span style=\"background-color:#0780c3; color:#ffffff; border-radius:50%; width:24px; height:24px; display:inline-block; text-align:center; margin-right:5px;\">2<\/span> Denuncia del accidente<br \/>\n    <\/h3>\n<div style=\"background-color: #f0f6fc; border: 2px solid #30b2de; border-radius: 8px; padding: 18px; margin-bottom: 20px;\">\n<p style=\"margin: 0 0 10px 0; font-size: 15px; color: #0780c3; font-weight: bold;\">En caso de urgencia<\/p>\n<p style=\"margin: 0 0 15px 0; font-size: 14px; color: #444444;\">Debes realizar una <strong>denuncia de accidente<\/strong>, y el empleador deber\u00e1 enviar la <strong>DIAT firmada<\/strong> lo antes posible. Si tu condici\u00f3n de salud no te lo permite, la denuncia podr\u00e1 realizarla tu acompa\u00f1ante, familiar o la empresa.<\/p>\n<hr style=\"border: none; border-top: 1px solid #b8c4ce; margin: 15px 0;\">\n<p style=\"margin: 0 0 15px 0; font-size: 14px; font-weight: bold; text-align: center; color: #2d3a4d;\">Este tr\u00e1mite puede realizarse a trav\u00e9s de:<\/p>\n<ul style=\"list-style: none; padding: 0; margin: 0; display: flex; justify-content: space-around; text-align: center; flex-wrap: wrap; gap: 10px;\">\n<li>\n<div style=\"font-size:24px; margin-bottom:5px;\">\ud83c\udf10<\/div>\n<p><strong>Web<\/strong><br \/><a href=\"http:\/\/www.achs.cl\" style=\"color: #0780c3; text-decoration: none; font-weight: bold;\">www.achs.cl<\/a><\/li>\n<li>\n<div style=\"font-size:24px; margin-bottom:5px;\">\ud83d\udcde<\/div>\n<p><strong>Llamando al<\/strong><br \/><span style=\"color: #0780c3; font-weight: bold;\">600 600 2247<\/span><\/li>\n<li>\n<div style=\"font-size:24px; margin-bottom:5px;\">\ud83c\udfe5<\/div>\n<p><strong>Sucursal<\/strong><br \/><span style=\"color: #0780c3; font-weight: bold;\">ACHS<\/span><\/li>\n<\/ul><\/div>\n<p>    <!-- PASO 3 --><\/p>\n<h3 style=\"color: #3662a9; border-left: 4px solid #0780c3; padding-left: 10px; text-transform: uppercase; font-size: 15px; margin-top: 30px;\">\n        <span style=\"background-color:#0780c3; color:#ffffff; border-radius:50%; width:24px; height:24px; display:inline-block; text-align:center; margin-right:5px;\">3<\/span> Resultado de la evaluaci\u00f3n<br \/>\n    <\/h3>\n<div style=\"display: flex; gap: 15px; margin-bottom: 30px; flex-wrap: wrap;\">\n        <!-- Aprobado --><\/p>\n<div style=\"flex: 1; min-width: 250px; background-color: #f2fbf5; border: 2px solid #2fb45e; border-radius: 8px; padding: 15px;\">\n<p style=\"margin: 0 0 10px 0; font-size: 15px; color: #2fb45e;\">\u2705 <strong>Origen laboral confirmado<\/strong><\/p>\n<p style=\"margin: 0 0 10px 0; font-size: 14px; color: #444444;\">ACHS entregar\u00e1 las <strong>prestaciones m\u00e9dicas y econ\u00f3micas<\/strong> contempladas en la <strong>Ley 16.744<\/strong>.<\/p>\n<p style=\"margin: 0; font-size: 14px; color: #444444;\">Los empleadores deber\u00e1n tomar medidas para <strong>eliminar el riesgo<\/strong> que gener\u00f3 la enfermedad y controlar la exposici\u00f3n.<\/p>\n<\/p><\/div>\n<p>        <!-- Rechazado --><\/p>\n<div style=\"flex: 1; min-width: 250px; background-color: #fff5f5; border: 2px solid #f54152; border-radius: 8px; padding: 15px;\">\n<p style=\"margin: 0 0 10px 0; font-size: 15px; color: #f54152;\">\u274c <strong>Origen no laboral<\/strong><\/p>\n<p style=\"margin: 0; font-size: 14px; color: #444444;\">El trabajador ser\u00e1 <strong>derivado a su previsi\u00f3n de salud com\u00fan<\/strong>.<\/p>\n<\/p><\/div><\/div>\n<p>    <!-- FIRMA --><\/p>\n<div style=\"border-left: 4px solid #0780c3; padding-left: 15px; margin-top: 40px; margin-bottom: 20px;\">\n<p style=\"margin: 0 0 4px 0; font-size: 16px; font-weight: 900; color: #2d3a4d;\">Mat\u00edas Lobos<\/p>\n<p style=\"margin: 0 0 2px 0; font-size: 14px; font-weight: bold; color: #0780c3;\">Presidente, Comit\u00e9 Paritario de Higiene y Seguridad<\/p>\n<p style=\"margin: 0 0 2px 0; font-size: 13px; color: #555555;\">CFT Estatal de la Regi\u00f3n de Tarapac\u00e1<\/p>\n<p style=\"margin: 0; font-size: 11px; color: #b8c4ce; text-transform: uppercase; letter-spacing: 0.5px;\">Asociados a ACHS \u00b7 Ley 16.744<\/p>\n<\/p><\/div>\n<\/article>\n","protected":false},"excerpt":{"rendered":"<p>\u00bfQu\u00e9 hacer en caso de un accidente del trabajador? Si sufres un accidente del trabajador, sigue estos pasos: 0 Antes de llamar a ACHS \ud83e\uddba Contacta al Prevencionista de Riesgos:&#8230;<\/p>\n","protected":false},"author":5,"featured_media":16152,"comment_status":"open","ping_status":"open","sticky":false,"template":"","format":"standard","meta":{"_joinchat":[],"footnotes":""},"categories":[196],"tags":[],"class_list":["post-16679","post","type-post","status-publish","format-standard","has-post-thumbnail","hentry","category-comite-paritario"],"yoast_head":"<!-- This site is optimized with the Yoast SEO plugin v27.4 - https:\/\/yoast.com\/product\/yoast-seo-wordpress\/ -->\n<title>\u00bfQu\u00e9 hacer en caso de un accidente del trabajador? - CFT Estatal Tarapac\u00e1<\/title>\n<meta name=\"robots\" content=\"index, follow, max-snippet:-1, max-image-preview:large, max-video-preview:-1\" \/>\n<link rel=\"canonical\" href=\"https:\/\/www.cftestataltarapaca.cl\/inicio\/2026\/04\/27\/que-hacer-en-caso-de-un-accidente-del-trabajador\/\" \/>\n<meta property=\"og:locale\" content=\"es_ES\" \/>\n<meta property=\"og:type\" content=\"article\" \/>\n<meta property=\"og:title\" content=\"\u00bfQu\u00e9 hacer en caso de un accidente del trabajador? - CFT Estatal Tarapac\u00e1\" \/>\n<meta property=\"og:description\" content=\"\u00bfQu\u00e9 hacer en caso de un accidente del trabajador? Si sufres un accidente del trabajador, sigue estos pasos: 0 Antes de llamar a ACHS \ud83e\uddba Contacta al Prevencionista de Riesgos:...\" \/>\n<meta property=\"og:url\" content=\"https:\/\/www.cftestataltarapaca.cl\/inicio\/2026\/04\/27\/que-hacer-en-caso-de-un-accidente-del-trabajador\/\" \/>\n<meta property=\"og:site_name\" content=\"CFT Estatal Tarapac\u00e1\" \/>\n<meta property=\"article:publisher\" content=\"https:\/\/www.facebook.com\/CFTestataltarapaca\/\" \/>\n<meta property=\"article:published_time\" content=\"2026-04-27T17:49:53+00:00\" \/>\n<meta property=\"og:image\" content=\"https:\/\/www.cftestataltarapaca.cl\/inicio\/wp-content\/uploads\/2026\/01\/Curso-Extintores-Comite\u0301-Paritario-scaled.png\" \/>\n\t<meta property=\"og:image:width\" content=\"2560\" \/>\n\t<meta property=\"og:image:height\" content=\"1396\" \/>\n\t<meta property=\"og:image:type\" content=\"image\/png\" \/>\n<meta name=\"author\" content=\"Mat\u00edas Lobos\" \/>\n<meta name=\"twitter:card\" content=\"summary_large_image\" \/>\n<meta name=\"twitter:creator\" content=\"@CFTesTarapaca\" \/>\n<meta name=\"twitter:site\" content=\"@CFTesTarapaca\" \/>\n<meta name=\"twitter:label1\" content=\"Escrito por\" \/>\n\t<meta name=\"twitter:data1\" content=\"Mat\u00edas Lobos\" \/>\n\t<meta name=\"twitter:label2\" content=\"Tiempo de lectura\" \/>\n\t<meta name=\"twitter:data2\" content=\"2 minutos\" \/>\n<script type=\"application\/ld+json\" class=\"yoast-schema-graph\">{\"@context\":\"https:\\\/\\\/schema.org\",\"@graph\":[{\"@type\":\"Article\",\"@id\":\"https:\\\/\\\/www.cftestataltarapaca.cl\\\/inicio\\\/2026\\\/04\\\/27\\\/que-hacer-en-caso-de-un-accidente-del-trabajador\\\/#article\",\"isPartOf\":{\"@id\":\"https:\\\/\\\/www.cftestataltarapaca.cl\\\/inicio\\\/2026\\\/04\\\/27\\\/que-hacer-en-caso-de-un-accidente-del-trabajador\\\/\"},\"author\":{\"name\":\"Mat\u00edas Lobos\",\"@id\":\"https:\\\/\\\/www.cftestataltarapaca.cl\\\/inicio\\\/#\\\/schema\\\/person\\\/b85ff161835d7212babeeeb710874490\"},\"headline\":\"\u00bfQu\u00e9 hacer en caso de un accidente del trabajador?\",\"datePublished\":\"2026-04-27T17:49:53+00:00\",\"mainEntityOfPage\":{\"@id\":\"https:\\\/\\\/www.cftestataltarapaca.cl\\\/inicio\\\/2026\\\/04\\\/27\\\/que-hacer-en-caso-de-un-accidente-del-trabajador\\\/\"},\"wordCount\":330,\"commentCount\":0,\"publisher\":{\"@id\":\"https:\\\/\\\/www.cftestataltarapaca.cl\\\/inicio\\\/#organization\"},\"image\":{\"@id\":\"https:\\\/\\\/www.cftestataltarapaca.cl\\\/inicio\\\/2026\\\/04\\\/27\\\/que-hacer-en-caso-de-un-accidente-del-trabajador\\\/#primaryimage\"},\"thumbnailUrl\":\"https:\\\/\\\/www.cftestataltarapaca.cl\\\/inicio\\\/wp-content\\\/uploads\\\/2026\\\/01\\\/Curso-Extintores-Comite\u0301-Paritario-scaled.png\",\"articleSection\":[\"Comit\u00e9 Paritario\"],\"inLanguage\":\"es\",\"potentialAction\":[{\"@type\":\"CommentAction\",\"name\":\"Comment\",\"target\":[\"https:\\\/\\\/www.cftestataltarapaca.cl\\\/inicio\\\/2026\\\/04\\\/27\\\/que-hacer-en-caso-de-un-accidente-del-trabajador\\\/#respond\"]}]},{\"@type\":\"WebPage\",\"@id\":\"https:\\\/\\\/www.cftestataltarapaca.cl\\\/inicio\\\/2026\\\/04\\\/27\\\/que-hacer-en-caso-de-un-accidente-del-trabajador\\\/\",\"url\":\"https:\\\/\\\/www.cftestataltarapaca.cl\\\/inicio\\\/2026\\\/04\\\/27\\\/que-hacer-en-caso-de-un-accidente-del-trabajador\\\/\",\"name\":\"\u00bfQu\u00e9 hacer en caso de un accidente del trabajador? - CFT Estatal Tarapac\u00e1\",\"isPartOf\":{\"@id\":\"https:\\\/\\\/www.cftestataltarapaca.cl\\\/inicio\\\/#website\"},\"primaryImageOfPage\":{\"@id\":\"https:\\\/\\\/www.cftestataltarapaca.cl\\\/inicio\\\/2026\\\/04\\\/27\\\/que-hacer-en-caso-de-un-accidente-del-trabajador\\\/#primaryimage\"},\"image\":{\"@id\":\"https:\\\/\\\/www.cftestataltarapaca.cl\\\/inicio\\\/2026\\\/04\\\/27\\\/que-hacer-en-caso-de-un-accidente-del-trabajador\\\/#primaryimage\"},\"thumbnailUrl\":\"https:\\\/\\\/www.cftestataltarapaca.cl\\\/inicio\\\/wp-content\\\/uploads\\\/2026\\\/01\\\/Curso-Extintores-Comite\u0301-Paritario-scaled.png\",\"datePublished\":\"2026-04-27T17:49:53+00:00\",\"breadcrumb\":{\"@id\":\"https:\\\/\\\/www.cftestataltarapaca.cl\\\/inicio\\\/2026\\\/04\\\/27\\\/que-hacer-en-caso-de-un-accidente-del-trabajador\\\/#breadcrumb\"},\"inLanguage\":\"es\",\"potentialAction\":[{\"@type\":\"ReadAction\",\"target\":[\"https:\\\/\\\/www.cftestataltarapaca.cl\\\/inicio\\\/2026\\\/04\\\/27\\\/que-hacer-en-caso-de-un-accidente-del-trabajador\\\/\"]}]},{\"@type\":\"ImageObject\",\"inLanguage\":\"es\",\"@id\":\"https:\\\/\\\/www.cftestataltarapaca.cl\\\/inicio\\\/2026\\\/04\\\/27\\\/que-hacer-en-caso-de-un-accidente-del-trabajador\\\/#primaryimage\",\"url\":\"https:\\\/\\\/www.cftestataltarapaca.cl\\\/inicio\\\/wp-content\\\/uploads\\\/2026\\\/01\\\/Curso-Extintores-Comite\u0301-Paritario-scaled.png\",\"contentUrl\":\"https:\\\/\\\/www.cftestataltarapaca.cl\\\/inicio\\\/wp-content\\\/uploads\\\/2026\\\/01\\\/Curso-Extintores-Comite\u0301-Paritario-scaled.png\",\"width\":2560,\"height\":1396},{\"@type\":\"BreadcrumbList\",\"@id\":\"https:\\\/\\\/www.cftestataltarapaca.cl\\\/inicio\\\/2026\\\/04\\\/27\\\/que-hacer-en-caso-de-un-accidente-del-trabajador\\\/#breadcrumb\",\"itemListElement\":[{\"@type\":\"ListItem\",\"position\":1,\"name\":\"Portada\",\"item\":\"https:\\\/\\\/www.cftestataltarapaca.cl\\\/inicio\\\/\"},{\"@type\":\"ListItem\",\"position\":2,\"name\":\"\u00bfQu\u00e9 hacer en caso de un accidente del trabajador?\"}]},{\"@type\":\"WebSite\",\"@id\":\"https:\\\/\\\/www.cftestataltarapaca.cl\\\/inicio\\\/#website\",\"url\":\"https:\\\/\\\/www.cftestataltarapaca.cl\\\/inicio\\\/\",\"name\":\"CFT Estatal Tarapac\u00e1\",\"description\":\"Admisi\u00f3n 2025\",\"publisher\":{\"@id\":\"https:\\\/\\\/www.cftestataltarapaca.cl\\\/inicio\\\/#organization\"},\"potentialAction\":[{\"@type\":\"SearchAction\",\"target\":{\"@type\":\"EntryPoint\",\"urlTemplate\":\"https:\\\/\\\/www.cftestataltarapaca.cl\\\/inicio\\\/?s={search_term_string}\"},\"query-input\":{\"@type\":\"PropertyValueSpecification\",\"valueRequired\":true,\"valueName\":\"search_term_string\"}}],\"inLanguage\":\"es\"},{\"@type\":\"Organization\",\"@id\":\"https:\\\/\\\/www.cftestataltarapaca.cl\\\/inicio\\\/#organization\",\"name\":\"CFT Estatal Tarapac\u00e1\",\"url\":\"https:\\\/\\\/www.cftestataltarapaca.cl\\\/inicio\\\/\",\"logo\":{\"@type\":\"ImageObject\",\"inLanguage\":\"es\",\"@id\":\"https:\\\/\\\/www.cftestataltarapaca.cl\\\/inicio\\\/#\\\/schema\\\/logo\\\/image\\\/\",\"url\":\"https:\\\/\\\/www.cftestataltarapaca.cl\\\/inicio\\\/wp-content\\\/uploads\\\/2019\\\/03\\\/logo-retina-1.png\",\"contentUrl\":\"https:\\\/\\\/www.cftestataltarapaca.cl\\\/inicio\\\/wp-content\\\/uploads\\\/2019\\\/03\\\/logo-retina-1.png\",\"width\":401,\"height\":150,\"caption\":\"CFT Estatal Tarapac\u00e1\"},\"image\":{\"@id\":\"https:\\\/\\\/www.cftestataltarapaca.cl\\\/inicio\\\/#\\\/schema\\\/logo\\\/image\\\/\"},\"sameAs\":[\"https:\\\/\\\/www.facebook.com\\\/CFTestataltarapaca\\\/\",\"https:\\\/\\\/x.com\\\/CFTesTarapaca\",\"https:\\\/\\\/www.instagram.com\\\/CFTestataltarapaca\\\/\"]},{\"@type\":\"Person\",\"@id\":\"https:\\\/\\\/www.cftestataltarapaca.cl\\\/inicio\\\/#\\\/schema\\\/person\\\/b85ff161835d7212babeeeb710874490\",\"name\":\"Mat\u00edas Lobos\",\"image\":{\"@type\":\"ImageObject\",\"inLanguage\":\"es\",\"@id\":\"https:\\\/\\\/secure.gravatar.com\\\/avatar\\\/4e5bfb86927f656fcaeb5c6f871545da77cf6a36fd8ffe31427ce79854263950?s=96&d=mm&r=g\",\"url\":\"https:\\\/\\\/secure.gravatar.com\\\/avatar\\\/4e5bfb86927f656fcaeb5c6f871545da77cf6a36fd8ffe31427ce79854263950?s=96&d=mm&r=g\",\"contentUrl\":\"https:\\\/\\\/secure.gravatar.com\\\/avatar\\\/4e5bfb86927f656fcaeb5c6f871545da77cf6a36fd8ffe31427ce79854263950?s=96&d=mm&r=g\",\"caption\":\"Mat\u00edas Lobos\"},\"sameAs\":[\"http:\\\/\\\/www.cftestataltarapaca.cl\"],\"url\":\"https:\\\/\\\/www.cftestataltarapaca.cl\\\/inicio\\\/author\\\/comiteparitario\\\/\"}]}<\/script>\n<!-- \/ Yoast SEO plugin. -->","yoast_head_json":{"title":"\u00bfQu\u00e9 hacer en caso de un accidente del trabajador? - CFT Estatal Tarapac\u00e1","robots":{"index":"index","follow":"follow","max-snippet":"max-snippet:-1","max-image-preview":"max-image-preview:large","max-video-preview":"max-video-preview:-1"},"canonical":"https:\/\/www.cftestataltarapaca.cl\/inicio\/2026\/04\/27\/que-hacer-en-caso-de-un-accidente-del-trabajador\/","og_locale":"es_ES","og_type":"article","og_title":"\u00bfQu\u00e9 hacer en caso de un accidente del trabajador? - CFT Estatal Tarapac\u00e1","og_description":"\u00bfQu\u00e9 hacer en caso de un accidente del trabajador? Si sufres un accidente del trabajador, sigue estos pasos: 0 Antes de llamar a ACHS \ud83e\uddba Contacta al Prevencionista de Riesgos:...","og_url":"https:\/\/www.cftestataltarapaca.cl\/inicio\/2026\/04\/27\/que-hacer-en-caso-de-un-accidente-del-trabajador\/","og_site_name":"CFT Estatal Tarapac\u00e1","article_publisher":"https:\/\/www.facebook.com\/CFTestataltarapaca\/","article_published_time":"2026-04-27T17:49:53+00:00","og_image":[{"width":2560,"height":1396,"url":"https:\/\/www.cftestataltarapaca.cl\/inicio\/wp-content\/uploads\/2026\/01\/Curso-Extintores-Comite\u0301-Paritario-scaled.png","type":"image\/png"}],"author":"Mat\u00edas Lobos","twitter_card":"summary_large_image","twitter_creator":"@CFTesTarapaca","twitter_site":"@CFTesTarapaca","twitter_misc":{"Escrito por":"Mat\u00edas Lobos","Tiempo de lectura":"2 minutos"},"schema":{"@context":"https:\/\/schema.org","@graph":[{"@type":"Article","@id":"https:\/\/www.cftestataltarapaca.cl\/inicio\/2026\/04\/27\/que-hacer-en-caso-de-un-accidente-del-trabajador\/#article","isPartOf":{"@id":"https:\/\/www.cftestataltarapaca.cl\/inicio\/2026\/04\/27\/que-hacer-en-caso-de-un-accidente-del-trabajador\/"},"author":{"name":"Mat\u00edas Lobos","@id":"https:\/\/www.cftestataltarapaca.cl\/inicio\/#\/schema\/person\/b85ff161835d7212babeeeb710874490"},"headline":"\u00bfQu\u00e9 hacer en caso de un accidente del trabajador?","datePublished":"2026-04-27T17:49:53+00:00","mainEntityOfPage":{"@id":"https:\/\/www.cftestataltarapaca.cl\/inicio\/2026\/04\/27\/que-hacer-en-caso-de-un-accidente-del-trabajador\/"},"wordCount":330,"commentCount":0,"publisher":{"@id":"https:\/\/www.cftestataltarapaca.cl\/inicio\/#organization"},"image":{"@id":"https:\/\/www.cftestataltarapaca.cl\/inicio\/2026\/04\/27\/que-hacer-en-caso-de-un-accidente-del-trabajador\/#primaryimage"},"thumbnailUrl":"https:\/\/www.cftestataltarapaca.cl\/inicio\/wp-content\/uploads\/2026\/01\/Curso-Extintores-Comite\u0301-Paritario-scaled.png","articleSection":["Comit\u00e9 Paritario"],"inLanguage":"es","potentialAction":[{"@type":"CommentAction","name":"Comment","target":["https:\/\/www.cftestataltarapaca.cl\/inicio\/2026\/04\/27\/que-hacer-en-caso-de-un-accidente-del-trabajador\/#respond"]}]},{"@type":"WebPage","@id":"https:\/\/www.cftestataltarapaca.cl\/inicio\/2026\/04\/27\/que-hacer-en-caso-de-un-accidente-del-trabajador\/","url":"https:\/\/www.cftestataltarapaca.cl\/inicio\/2026\/04\/27\/que-hacer-en-caso-de-un-accidente-del-trabajador\/","name":"\u00bfQu\u00e9 hacer en caso de un accidente del trabajador? - CFT Estatal Tarapac\u00e1","isPartOf":{"@id":"https:\/\/www.cftestataltarapaca.cl\/inicio\/#website"},"primaryImageOfPage":{"@id":"https:\/\/www.cftestataltarapaca.cl\/inicio\/2026\/04\/27\/que-hacer-en-caso-de-un-accidente-del-trabajador\/#primaryimage"},"image":{"@id":"https:\/\/www.cftestataltarapaca.cl\/inicio\/2026\/04\/27\/que-hacer-en-caso-de-un-accidente-del-trabajador\/#primaryimage"},"thumbnailUrl":"https:\/\/www.cftestataltarapaca.cl\/inicio\/wp-content\/uploads\/2026\/01\/Curso-Extintores-Comite\u0301-Paritario-scaled.png","datePublished":"2026-04-27T17:49:53+00:00","breadcrumb":{"@id":"https:\/\/www.cftestataltarapaca.cl\/inicio\/2026\/04\/27\/que-hacer-en-caso-de-un-accidente-del-trabajador\/#breadcrumb"},"inLanguage":"es","potentialAction":[{"@type":"ReadAction","target":["https:\/\/www.cftestataltarapaca.cl\/inicio\/2026\/04\/27\/que-hacer-en-caso-de-un-accidente-del-trabajador\/"]}]},{"@type":"ImageObject","inLanguage":"es","@id":"https:\/\/www.cftestataltarapaca.cl\/inicio\/2026\/04\/27\/que-hacer-en-caso-de-un-accidente-del-trabajador\/#primaryimage","url":"https:\/\/www.cftestataltarapaca.cl\/inicio\/wp-content\/uploads\/2026\/01\/Curso-Extintores-Comite\u0301-Paritario-scaled.png","contentUrl":"https:\/\/www.cftestataltarapaca.cl\/inicio\/wp-content\/uploads\/2026\/01\/Curso-Extintores-Comite\u0301-Paritario-scaled.png","width":2560,"height":1396},{"@type":"BreadcrumbList","@id":"https:\/\/www.cftestataltarapaca.cl\/inicio\/2026\/04\/27\/que-hacer-en-caso-de-un-accidente-del-trabajador\/#breadcrumb","itemListElement":[{"@type":"ListItem","position":1,"name":"Portada","item":"https:\/\/www.cftestataltarapaca.cl\/inicio\/"},{"@type":"ListItem","position":2,"name":"\u00bfQu\u00e9 hacer en caso de un accidente del trabajador?"}]},{"@type":"WebSite","@id":"https:\/\/www.cftestataltarapaca.cl\/inicio\/#website","url":"https:\/\/www.cftestataltarapaca.cl\/inicio\/","name":"CFT Estatal Tarapac\u00e1","description":"Admisi\u00f3n 2025","publisher":{"@id":"https:\/\/www.cftestataltarapaca.cl\/inicio\/#organization"},"potentialAction":[{"@type":"SearchAction","target":{"@type":"EntryPoint","urlTemplate":"https:\/\/www.cftestataltarapaca.cl\/inicio\/?s={search_term_string}"},"query-input":{"@type":"PropertyValueSpecification","valueRequired":true,"valueName":"search_term_string"}}],"inLanguage":"es"},{"@type":"Organization","@id":"https:\/\/www.cftestataltarapaca.cl\/inicio\/#organization","name":"CFT Estatal Tarapac\u00e1","url":"https:\/\/www.cftestataltarapaca.cl\/inicio\/","logo":{"@type":"ImageObject","inLanguage":"es","@id":"https:\/\/www.cftestataltarapaca.cl\/inicio\/#\/schema\/logo\/image\/","url":"https:\/\/www.cftestataltarapaca.cl\/inicio\/wp-content\/uploads\/2019\/03\/logo-retina-1.png","contentUrl":"https:\/\/www.cftestataltarapaca.cl\/inicio\/wp-content\/uploads\/2019\/03\/logo-retina-1.png","width":401,"height":150,"caption":"CFT Estatal Tarapac\u00e1"},"image":{"@id":"https:\/\/www.cftestataltarapaca.cl\/inicio\/#\/schema\/logo\/image\/"},"sameAs":["https:\/\/www.facebook.com\/CFTestataltarapaca\/","https:\/\/x.com\/CFTesTarapaca","https:\/\/www.instagram.com\/CFTestataltarapaca\/"]},{"@type":"Person","@id":"https:\/\/www.cftestataltarapaca.cl\/inicio\/#\/schema\/person\/b85ff161835d7212babeeeb710874490","name":"Mat\u00edas Lobos","image":{"@type":"ImageObject","inLanguage":"es","@id":"https:\/\/secure.gravatar.com\/avatar\/4e5bfb86927f656fcaeb5c6f871545da77cf6a36fd8ffe31427ce79854263950?s=96&d=mm&r=g","url":"https:\/\/secure.gravatar.com\/avatar\/4e5bfb86927f656fcaeb5c6f871545da77cf6a36fd8ffe31427ce79854263950?s=96&d=mm&r=g","contentUrl":"https:\/\/secure.gravatar.com\/avatar\/4e5bfb86927f656fcaeb5c6f871545da77cf6a36fd8ffe31427ce79854263950?s=96&d=mm&r=g","caption":"Mat\u00edas Lobos"},"sameAs":["http:\/\/www.cftestataltarapaca.cl"],"url":"https:\/\/www.cftestataltarapaca.cl\/inicio\/author\/comiteparitario\/"}]}},"publishpress_future_action":{"enabled":true,"date":"2026-05-04 17:46:29","action":"change-status","newStatus":"draft","terms":[0],"taxonomy":"category","extraData":[]},"publishpress_future_workflow_manual_trigger":{"enabledWorkflows":[]},"_links":{"self":[{"href":"https:\/\/www.cftestataltarapaca.cl\/inicio\/wp-json\/wp\/v2\/posts\/16679","targetHints":{"allow":["GET"]}}],"collection":[{"href":"https:\/\/www.cftestataltarapaca.cl\/inicio\/wp-json\/wp\/v2\/posts"}],"about":[{"href":"https:\/\/www.cftestataltarapaca.cl\/inicio\/wp-json\/wp\/v2\/types\/post"}],"author":[{"embeddable":true,"href":"https:\/\/www.cftestataltarapaca.cl\/inicio\/wp-json\/wp\/v2\/users\/5"}],"replies":[{"embeddable":true,"href":"https:\/\/www.cftestataltarapaca.cl\/inicio\/wp-json\/wp\/v2\/comments?post=16679"}],"version-history":[{"count":3,"href":"https:\/\/www.cftestataltarapaca.cl\/inicio\/wp-json\/wp\/v2\/posts\/16679\/revisions"}],"predecessor-version":[{"id":16682,"href":"https:\/\/www.cftestataltarapaca.cl\/inicio\/wp-json\/wp\/v2\/posts\/16679\/revisions\/16682"}],"wp:featuredmedia":[{"embeddable":true,"href":"https:\/\/www.cftestataltarapaca.cl\/inicio\/wp-json\/wp\/v2\/media\/16152"}],"wp:attachment":[{"href":"https:\/\/www.cftestataltarapaca.cl\/inicio\/wp-json\/wp\/v2\/media?parent=16679"}],"wp:term":[{"taxonomy":"category","embeddable":true,"href":"https:\/\/www.cftestataltarapaca.cl\/inicio\/wp-json\/wp\/v2\/categories?post=16679"},{"taxonomy":"post_tag","embeddable":true,"href":"https:\/\/www.cftestataltarapaca.cl\/inicio\/wp-json\/wp\/v2\/tags?post=16679"}],"curies":[{"name":"wp","href":"https:\/\/api.w.org\/{rel}","templated":true}]}}