{"id":16687,"date":"2026-04-28T11:12:54","date_gmt":"2026-04-28T15:12:54","guid":{"rendered":"https:\/\/www.cftestataltarapaca.cl\/inicio\/?p=16687"},"modified":"2026-04-28T11:12:54","modified_gmt":"2026-04-28T15:12:54","slug":"cft-estatal-de-tarapaca-fue-sede-de-la-primera-mesa-de-empleabilidad-2026","status":"publish","type":"post","link":"https:\/\/www.cftestataltarapaca.cl\/inicio\/2026\/04\/28\/cft-estatal-de-tarapaca-fue-sede-de-la-primera-mesa-de-empleabilidad-2026\/","title":{"rendered":"CFT Estatal de Tarapac\u00e1 fue sede de la primera Mesa de Empleabilidad 2026"},"content":{"rendered":"<p style=\"text-align: justify\">La instancia, organizada por Sence Tarapac\u00e1 con apoyo de la Seremi del Trabajo, reuni\u00f3 a actores p\u00fablicos y privados para analizar desaf\u00edos laborales y fortalecer la articulaci\u00f3n con la formaci\u00f3n t\u00e9cnico profesional en la regi\u00f3n.<!--more--><\/p>\n<p style=\"text-align: justify\">Como Centro de Formaci\u00f3n T\u00e9cnica Estatal de Tarapac\u00e1 fuimos sede de la primera versi\u00f3n de la Mesa de Empleabilidad 2026, espacio de di\u00e1logo multisectorial que permiti\u00f3 abordar el escenario laboral regional, identificar las principales demandas del sector productivo y proyectar acciones conjuntas orientadas a mejorar la inserci\u00f3n laboral. La jornada cont\u00f3 con la participaci\u00f3n de autoridades regionales, representantes del mundo p\u00fablico y privado, y actores clave vinculados al desarrollo del capital humano.<\/p>\n<p style=\"text-align: justify\">Durante el encuentro, tambi\u00e9n se abordaron desaf\u00edos clave como el desempleo, la informalidad laboral y la necesidad de avanzar hacia empleos de mayor calidad. En este contexto, los protagonistas de la jornada destacaron la importancia de sostener y fortalecer este tipo de espacios de colaboraci\u00f3n p\u00fablico-privada, especialmente con foco en grupos prioritarios como mujeres, j\u00f3venes y adultos de la regi\u00f3n.<\/p>\n<h2>Opiniones:<\/h2>\n<h4>Roberto Urdanivia, rector (s) CFT Estatal de Tarapac\u00e1:<\/h4>\n<p style=\"text-align: justify\"><em>\u00abEstamos muy contentos de haber sido sede de esta primera mesa de empleabilidad. Para nosotros es una gran instancia para nutrirnos de insumos de informaci\u00f3n respecto a niveles de empleo, demanda en sectores productivos para tener una oferta acad\u00e9mica pertinente y ser un aporte real con nuestras carreras y aportar con buenos \u00edndices de inserci\u00f3n laboral. Este es el inicio de una serie de instancias en las cuales vamos a ser protagonistas, para trabajar de manera conjunta y multisectorial con todos los participantes de esta mesa\u00bb.<\/em><\/p>\n<h4>Cristian Cabezas, seremi del Trabajo y Previsi\u00f3n Social de la regi\u00f3n de Tarapac\u00e1:<\/h4>\n<p style=\"text-align: justify\"><em>\u00abEstamos muy felices por dar inicio a esta mesa de Empleabilidad 2026, tenemos un gran desaf\u00edo tanto a nivel nacional como regional que es el desempleo y la informalidad. Contar con esta mesa y con el inter\u00e9s de tener m\u00e1s y mejores empleos para nuestra regi\u00f3n, creemos que es todo un \u00e9xito continuar este proceso y fortalecerla con mayor ah\u00ednco en esta alianza p\u00fablico-privada para que las familias de esta regi\u00f3n y sobre todo las mujeres junto a los j\u00f3venes, puedan contar con mejores empleos\u00bb.<\/em><\/p>\n<h4><strong>Luz Sarmiento, gerenta \u00e1rea Capital Humano Asociaci\u00f3n de Industriales de Iquique y El Tamarugal:<\/strong><\/h4>\n<p style=\"text-align: justify\"><em>\u00abContar con la presencia de todos los seremis y empresas nos da una confianza para saber cuales son las nuevas caracter\u00edsticas y nuevos lineamientos que ellos tienen para trabajar de manera conjunta\u00bb.<\/em><\/p>\n\n\t\t<style type=\"text\/css\">\n\t\t\t#gallery-1 {\n\t\t\t\tmargin: auto;\n\t\t\t}\n\t\t\t#gallery-1 .gallery-item {\n\t\t\t\tfloat: left;\n\t\t\t\tmargin-top: 10px;\n\t\t\t\ttext-align: center;\n\t\t\t\twidth: 33%;\n\t\t\t}\n\t\t\t#gallery-1 img {\n\t\t\t\tborder: 2px solid #cfcfcf;\n\t\t\t}\n\t\t\t#gallery-1 .gallery-caption {\n\t\t\t\tmargin-left: 0;\n\t\t\t}\n\t\t\t\/* see gallery_shortcode() in wp-includes\/media.php *\/\n\t\t<\/style>\n\t\t<div id='gallery-1' class='gallery galleryid-16687 gallery-columns-3 gallery-size-full'><dl class='gallery-item'>\n\t\t\t<dt class='gallery-icon portrait'>\n\t\t\t\t<a href='https:\/\/www.cftestataltarapaca.cl\/inicio\/2026\/04\/28\/cft-estatal-de-tarapaca-fue-sede-de-la-primera-mesa-de-empleabilidad-2026\/mesa-empleabilidad-1\/'><img loading=\"lazy\" decoding=\"async\" width=\"1707\" height=\"2560\" src=\"https:\/\/www.cftestataltarapaca.cl\/inicio\/wp-content\/uploads\/2026\/04\/mesa-empleabilidad-1-scaled.jpg\" class=\"attachment-full size-full\" alt=\"\" srcset=\"https:\/\/www.cftestataltarapaca.cl\/inicio\/wp-content\/uploads\/2026\/04\/mesa-empleabilidad-1-scaled.jpg 1707w, https:\/\/www.cftestataltarapaca.cl\/inicio\/wp-content\/uploads\/2026\/04\/mesa-empleabilidad-1-200x300.jpg 200w, https:\/\/www.cftestataltarapaca.cl\/inicio\/wp-content\/uploads\/2026\/04\/mesa-empleabilidad-1-683x1024.jpg 683w, https:\/\/www.cftestataltarapaca.cl\/inicio\/wp-content\/uploads\/2026\/04\/mesa-empleabilidad-1-768x1152.jpg 768w, https:\/\/www.cftestataltarapaca.cl\/inicio\/wp-content\/uploads\/2026\/04\/mesa-empleabilidad-1-1024x1536.jpg 1024w, https:\/\/www.cftestataltarapaca.cl\/inicio\/wp-content\/uploads\/2026\/04\/mesa-empleabilidad-1-1365x2048.jpg 1365w\" sizes=\"auto, (max-width: 1707px) 100vw, 1707px\" \/><\/a>\n\t\t\t<\/dt><\/dl><dl class='gallery-item'>\n\t\t\t<dt class='gallery-icon portrait'>\n\t\t\t\t<a href='https:\/\/www.cftestataltarapaca.cl\/inicio\/2026\/04\/28\/cft-estatal-de-tarapaca-fue-sede-de-la-primera-mesa-de-empleabilidad-2026\/mesa-empleabilidad-3\/'><img loading=\"lazy\" decoding=\"async\" width=\"1707\" height=\"2560\" src=\"https:\/\/www.cftestataltarapaca.cl\/inicio\/wp-content\/uploads\/2026\/04\/mesa-empleabilidad-3-scaled.jpg\" class=\"attachment-full size-full\" alt=\"\" srcset=\"https:\/\/www.cftestataltarapaca.cl\/inicio\/wp-content\/uploads\/2026\/04\/mesa-empleabilidad-3-scaled.jpg 1707w, https:\/\/www.cftestataltarapaca.cl\/inicio\/wp-content\/uploads\/2026\/04\/mesa-empleabilidad-3-200x300.jpg 200w, https:\/\/www.cftestataltarapaca.cl\/inicio\/wp-content\/uploads\/2026\/04\/mesa-empleabilidad-3-683x1024.jpg 683w, https:\/\/www.cftestataltarapaca.cl\/inicio\/wp-content\/uploads\/2026\/04\/mesa-empleabilidad-3-768x1152.jpg 768w, https:\/\/www.cftestataltarapaca.cl\/inicio\/wp-content\/uploads\/2026\/04\/mesa-empleabilidad-3-1024x1536.jpg 1024w, https:\/\/www.cftestataltarapaca.cl\/inicio\/wp-content\/uploads\/2026\/04\/mesa-empleabilidad-3-1365x2048.jpg 1365w\" sizes=\"auto, (max-width: 1707px) 100vw, 1707px\" \/><\/a>\n\t\t\t<\/dt><\/dl><dl class='gallery-item'>\n\t\t\t<dt class='gallery-icon portrait'>\n\t\t\t\t<a href='https:\/\/www.cftestataltarapaca.cl\/inicio\/2026\/04\/28\/cft-estatal-de-tarapaca-fue-sede-de-la-primera-mesa-de-empleabilidad-2026\/mesa-empleabilidad-4\/'><img loading=\"lazy\" decoding=\"async\" width=\"1707\" height=\"2560\" src=\"https:\/\/www.cftestataltarapaca.cl\/inicio\/wp-content\/uploads\/2026\/04\/mesa-empleabilidad-4-scaled.jpg\" class=\"attachment-full size-full\" alt=\"\" srcset=\"https:\/\/www.cftestataltarapaca.cl\/inicio\/wp-content\/uploads\/2026\/04\/mesa-empleabilidad-4-scaled.jpg 1707w, https:\/\/www.cftestataltarapaca.cl\/inicio\/wp-content\/uploads\/2026\/04\/mesa-empleabilidad-4-200x300.jpg 200w, https:\/\/www.cftestataltarapaca.cl\/inicio\/wp-content\/uploads\/2026\/04\/mesa-empleabilidad-4-683x1024.jpg 683w, https:\/\/www.cftestataltarapaca.cl\/inicio\/wp-content\/uploads\/2026\/04\/mesa-empleabilidad-4-768x1152.jpg 768w, https:\/\/www.cftestataltarapaca.cl\/inicio\/wp-content\/uploads\/2026\/04\/mesa-empleabilidad-4-1024x1536.jpg 1024w, https:\/\/www.cftestataltarapaca.cl\/inicio\/wp-content\/uploads\/2026\/04\/mesa-empleabilidad-4-1365x2048.jpg 1365w\" sizes=\"auto, (max-width: 1707px) 100vw, 1707px\" \/><\/a>\n\t\t\t<\/dt><\/dl><br style=\"clear: both\" \/><dl class='gallery-item'>\n\t\t\t<dt class='gallery-icon portrait'>\n\t\t\t\t<a href='https:\/\/www.cftestataltarapaca.cl\/inicio\/2026\/04\/28\/cft-estatal-de-tarapaca-fue-sede-de-la-primera-mesa-de-empleabilidad-2026\/mesa-empleabilidad-5\/'><img loading=\"lazy\" decoding=\"async\" width=\"1707\" height=\"2560\" src=\"https:\/\/www.cftestataltarapaca.cl\/inicio\/wp-content\/uploads\/2026\/04\/mesa-empleabilidad-5-scaled.jpg\" class=\"attachment-full size-full\" alt=\"\" srcset=\"https:\/\/www.cftestataltarapaca.cl\/inicio\/wp-content\/uploads\/2026\/04\/mesa-empleabilidad-5-scaled.jpg 1707w, https:\/\/www.cftestataltarapaca.cl\/inicio\/wp-content\/uploads\/2026\/04\/mesa-empleabilidad-5-200x300.jpg 200w, https:\/\/www.cftestataltarapaca.cl\/inicio\/wp-content\/uploads\/2026\/04\/mesa-empleabilidad-5-683x1024.jpg 683w, https:\/\/www.cftestataltarapaca.cl\/inicio\/wp-content\/uploads\/2026\/04\/mesa-empleabilidad-5-768x1152.jpg 768w, https:\/\/www.cftestataltarapaca.cl\/inicio\/wp-content\/uploads\/2026\/04\/mesa-empleabilidad-5-1024x1536.jpg 1024w, https:\/\/www.cftestataltarapaca.cl\/inicio\/wp-content\/uploads\/2026\/04\/mesa-empleabilidad-5-1365x2048.jpg 1365w\" sizes=\"auto, (max-width: 1707px) 100vw, 1707px\" \/><\/a>\n\t\t\t<\/dt><\/dl><dl class='gallery-item'>\n\t\t\t<dt class='gallery-icon portrait'>\n\t\t\t\t<a href='https:\/\/www.cftestataltarapaca.cl\/inicio\/2026\/04\/28\/cft-estatal-de-tarapaca-fue-sede-de-la-primera-mesa-de-empleabilidad-2026\/mesa-empleabilidad-6\/'><img loading=\"lazy\" decoding=\"async\" width=\"1707\" height=\"2560\" src=\"https:\/\/www.cftestataltarapaca.cl\/inicio\/wp-content\/uploads\/2026\/04\/mesa-empleabilidad-6-scaled.jpg\" class=\"attachment-full size-full\" alt=\"\" srcset=\"https:\/\/www.cftestataltarapaca.cl\/inicio\/wp-content\/uploads\/2026\/04\/mesa-empleabilidad-6-scaled.jpg 1707w, https:\/\/www.cftestataltarapaca.cl\/inicio\/wp-content\/uploads\/2026\/04\/mesa-empleabilidad-6-200x300.jpg 200w, https:\/\/www.cftestataltarapaca.cl\/inicio\/wp-content\/uploads\/2026\/04\/mesa-empleabilidad-6-683x1024.jpg 683w, https:\/\/www.cftestataltarapaca.cl\/inicio\/wp-content\/uploads\/2026\/04\/mesa-empleabilidad-6-768x1152.jpg 768w, https:\/\/www.cftestataltarapaca.cl\/inicio\/wp-content\/uploads\/2026\/04\/mesa-empleabilidad-6-1024x1536.jpg 1024w, https:\/\/www.cftestataltarapaca.cl\/inicio\/wp-content\/uploads\/2026\/04\/mesa-empleabilidad-6-1365x2048.jpg 1365w\" sizes=\"auto, (max-width: 1707px) 100vw, 1707px\" \/><\/a>\n\t\t\t<\/dt><\/dl><dl class='gallery-item'>\n\t\t\t<dt class='gallery-icon portrait'>\n\t\t\t\t<a href='https:\/\/www.cftestataltarapaca.cl\/inicio\/2026\/04\/28\/cft-estatal-de-tarapaca-fue-sede-de-la-primera-mesa-de-empleabilidad-2026\/mesa-empleabilidad-8\/'><img loading=\"lazy\" decoding=\"async\" width=\"1707\" height=\"2560\" src=\"https:\/\/www.cftestataltarapaca.cl\/inicio\/wp-content\/uploads\/2026\/04\/mesa-empleabilidad-8-scaled.jpg\" class=\"attachment-full size-full\" alt=\"\" srcset=\"https:\/\/www.cftestataltarapaca.cl\/inicio\/wp-content\/uploads\/2026\/04\/mesa-empleabilidad-8-scaled.jpg 1707w, https:\/\/www.cftestataltarapaca.cl\/inicio\/wp-content\/uploads\/2026\/04\/mesa-empleabilidad-8-200x300.jpg 200w, https:\/\/www.cftestataltarapaca.cl\/inicio\/wp-content\/uploads\/2026\/04\/mesa-empleabilidad-8-683x1024.jpg 683w, https:\/\/www.cftestataltarapaca.cl\/inicio\/wp-content\/uploads\/2026\/04\/mesa-empleabilidad-8-768x1152.jpg 768w, https:\/\/www.cftestataltarapaca.cl\/inicio\/wp-content\/uploads\/2026\/04\/mesa-empleabilidad-8-1024x1536.jpg 1024w, https:\/\/www.cftestataltarapaca.cl\/inicio\/wp-content\/uploads\/2026\/04\/mesa-empleabilidad-8-1365x2048.jpg 1365w\" sizes=\"auto, (max-width: 1707px) 100vw, 1707px\" \/><\/a>\n\t\t\t<\/dt><\/dl><br style=\"clear: both\" \/><dl class='gallery-item'>\n\t\t\t<dt class='gallery-icon portrait'>\n\t\t\t\t<a href='https:\/\/www.cftestataltarapaca.cl\/inicio\/2026\/04\/28\/cft-estatal-de-tarapaca-fue-sede-de-la-primera-mesa-de-empleabilidad-2026\/mesa-empleabilidad-11\/'><img loading=\"lazy\" decoding=\"async\" width=\"1707\" height=\"2560\" src=\"https:\/\/www.cftestataltarapaca.cl\/inicio\/wp-content\/uploads\/2026\/04\/mesa-empleabilidad-11-scaled.jpg\" class=\"attachment-full size-full\" alt=\"\" srcset=\"https:\/\/www.cftestataltarapaca.cl\/inicio\/wp-content\/uploads\/2026\/04\/mesa-empleabilidad-11-scaled.jpg 1707w, https:\/\/www.cftestataltarapaca.cl\/inicio\/wp-content\/uploads\/2026\/04\/mesa-empleabilidad-11-200x300.jpg 200w, https:\/\/www.cftestataltarapaca.cl\/inicio\/wp-content\/uploads\/2026\/04\/mesa-empleabilidad-11-683x1024.jpg 683w, https:\/\/www.cftestataltarapaca.cl\/inicio\/wp-content\/uploads\/2026\/04\/mesa-empleabilidad-11-768x1152.jpg 768w, https:\/\/www.cftestataltarapaca.cl\/inicio\/wp-content\/uploads\/2026\/04\/mesa-empleabilidad-11-1024x1536.jpg 1024w, https:\/\/www.cftestataltarapaca.cl\/inicio\/wp-content\/uploads\/2026\/04\/mesa-empleabilidad-11-1365x2048.jpg 1365w\" sizes=\"auto, (max-width: 1707px) 100vw, 1707px\" \/><\/a>\n\t\t\t<\/dt><\/dl>\n\t\t\t<br style='clear: both' \/>\n\t\t<\/div>\n\n","protected":false},"excerpt":{"rendered":"<p>La instancia, organizada por Sence Tarapac\u00e1 con apoyo de la Seremi del Trabajo, reuni\u00f3 a actores p\u00fablicos y privados para analizar desaf\u00edos laborales y fortalecer la articulaci\u00f3n con la formaci\u00f3n&#8230;<\/p>\n","protected":false},"author":2,"featured_media":16691,"comment_status":"open","ping_status":"open","sticky":false,"template":"","format":"standard","meta":{"_joinchat":[],"footnotes":""},"categories":[45],"tags":[],"class_list":["post-16687","post","type-post","status-publish","format-standard","has-post-thumbnail","hentry","category-vinculacion"],"yoast_head":"<!-- This site is optimized with the Yoast SEO plugin v27.4 - https:\/\/yoast.com\/product\/yoast-seo-wordpress\/ -->\n<title>CFT Estatal de Tarapac\u00e1 fue sede de la primera Mesa de Empleabilidad 2026 - CFT Estatal Tarapac\u00e1<\/title>\n<meta name=\"robots\" content=\"index, follow, max-snippet:-1, max-image-preview:large, max-video-preview:-1\" \/>\n<link rel=\"canonical\" href=\"https:\/\/www.cftestataltarapaca.cl\/inicio\/2026\/04\/28\/cft-estatal-de-tarapaca-fue-sede-de-la-primera-mesa-de-empleabilidad-2026\/\" \/>\n<meta property=\"og:locale\" content=\"es_ES\" \/>\n<meta property=\"og:type\" content=\"article\" \/>\n<meta property=\"og:title\" content=\"CFT Estatal de Tarapac\u00e1 fue sede de la primera Mesa de Empleabilidad 2026 - CFT Estatal Tarapac\u00e1\" \/>\n<meta property=\"og:description\" content=\"La instancia, organizada por Sence Tarapac\u00e1 con apoyo de la Seremi del Trabajo, reuni\u00f3 a actores p\u00fablicos y privados para analizar desaf\u00edos laborales y fortalecer la articulaci\u00f3n con la formaci\u00f3n...\" \/>\n<meta property=\"og:url\" content=\"https:\/\/www.cftestataltarapaca.cl\/inicio\/2026\/04\/28\/cft-estatal-de-tarapaca-fue-sede-de-la-primera-mesa-de-empleabilidad-2026\/\" \/>\n<meta property=\"og:site_name\" content=\"CFT Estatal Tarapac\u00e1\" \/>\n<meta property=\"article:publisher\" content=\"https:\/\/www.facebook.com\/CFTestataltarapaca\/\" \/>\n<meta property=\"article:published_time\" content=\"2026-04-28T15:12:54+00:00\" \/>\n<meta property=\"og:image\" content=\"https:\/\/www.cftestataltarapaca.cl\/inicio\/wp-content\/uploads\/2026\/04\/mesa-empleabilidad-13-1024x683.jpg\" \/>\n\t<meta property=\"og:image:width\" content=\"1024\" \/>\n\t<meta property=\"og:image:height\" content=\"683\" \/>\n\t<meta property=\"og:image:type\" content=\"image\/jpeg\" \/>\n<meta name=\"author\" content=\"Comunicaciones\" \/>\n<meta name=\"twitter:card\" content=\"summary_large_image\" \/>\n<meta name=\"twitter:creator\" content=\"@CFTesTarapaca\" \/>\n<meta name=\"twitter:site\" content=\"@CFTesTarapaca\" \/>\n<meta name=\"twitter:label1\" content=\"Escrito por\" \/>\n\t<meta name=\"twitter:data1\" content=\"Comunicaciones\" \/>\n\t<meta name=\"twitter:label2\" content=\"Tiempo de lectura\" \/>\n\t<meta name=\"twitter:data2\" content=\"3 minutos\" \/>\n<script type=\"application\/ld+json\" class=\"yoast-schema-graph\">{\"@context\":\"https:\\\/\\\/schema.org\",\"@graph\":[{\"@type\":\"Article\",\"@id\":\"https:\\\/\\\/www.cftestataltarapaca.cl\\\/inicio\\\/2026\\\/04\\\/28\\\/cft-estatal-de-tarapaca-fue-sede-de-la-primera-mesa-de-empleabilidad-2026\\\/#article\",\"isPartOf\":{\"@id\":\"https:\\\/\\\/www.cftestataltarapaca.cl\\\/inicio\\\/2026\\\/04\\\/28\\\/cft-estatal-de-tarapaca-fue-sede-de-la-primera-mesa-de-empleabilidad-2026\\\/\"},\"author\":{\"name\":\"Comunicaciones\",\"@id\":\"https:\\\/\\\/www.cftestataltarapaca.cl\\\/inicio\\\/#\\\/schema\\\/person\\\/ad1fbfa1fa7c3d3889f4ae5401dd660e\"},\"headline\":\"CFT Estatal de Tarapac\u00e1 fue sede de la primera Mesa de Empleabilidad 2026\",\"datePublished\":\"2026-04-28T15:12:54+00:00\",\"mainEntityOfPage\":{\"@id\":\"https:\\\/\\\/www.cftestataltarapaca.cl\\\/inicio\\\/2026\\\/04\\\/28\\\/cft-estatal-de-tarapaca-fue-sede-de-la-primera-mesa-de-empleabilidad-2026\\\/\"},\"wordCount\":454,\"commentCount\":0,\"publisher\":{\"@id\":\"https:\\\/\\\/www.cftestataltarapaca.cl\\\/inicio\\\/#organization\"},\"image\":{\"@id\":\"https:\\\/\\\/www.cftestataltarapaca.cl\\\/inicio\\\/2026\\\/04\\\/28\\\/cft-estatal-de-tarapaca-fue-sede-de-la-primera-mesa-de-empleabilidad-2026\\\/#primaryimage\"},\"thumbnailUrl\":\"https:\\\/\\\/www.cftestataltarapaca.cl\\\/inicio\\\/wp-content\\\/uploads\\\/2026\\\/04\\\/mesa-empleabilidad-13.jpg\",\"articleSection\":[\"Vinculaci\u00f3n\"],\"inLanguage\":\"es\",\"potentialAction\":[{\"@type\":\"CommentAction\",\"name\":\"Comment\",\"target\":[\"https:\\\/\\\/www.cftestataltarapaca.cl\\\/inicio\\\/2026\\\/04\\\/28\\\/cft-estatal-de-tarapaca-fue-sede-de-la-primera-mesa-de-empleabilidad-2026\\\/#respond\"]}]},{\"@type\":\"WebPage\",\"@id\":\"https:\\\/\\\/www.cftestataltarapaca.cl\\\/inicio\\\/2026\\\/04\\\/28\\\/cft-estatal-de-tarapaca-fue-sede-de-la-primera-mesa-de-empleabilidad-2026\\\/\",\"url\":\"https:\\\/\\\/www.cftestataltarapaca.cl\\\/inicio\\\/2026\\\/04\\\/28\\\/cft-estatal-de-tarapaca-fue-sede-de-la-primera-mesa-de-empleabilidad-2026\\\/\",\"name\":\"CFT Estatal de Tarapac\u00e1 fue sede de la primera Mesa de Empleabilidad 2026 - CFT Estatal Tarapac\u00e1\",\"isPartOf\":{\"@id\":\"https:\\\/\\\/www.cftestataltarapaca.cl\\\/inicio\\\/#website\"},\"primaryImageOfPage\":{\"@id\":\"https:\\\/\\\/www.cftestataltarapaca.cl\\\/inicio\\\/2026\\\/04\\\/28\\\/cft-estatal-de-tarapaca-fue-sede-de-la-primera-mesa-de-empleabilidad-2026\\\/#primaryimage\"},\"image\":{\"@id\":\"https:\\\/\\\/www.cftestataltarapaca.cl\\\/inicio\\\/2026\\\/04\\\/28\\\/cft-estatal-de-tarapaca-fue-sede-de-la-primera-mesa-de-empleabilidad-2026\\\/#primaryimage\"},\"thumbnailUrl\":\"https:\\\/\\\/www.cftestataltarapaca.cl\\\/inicio\\\/wp-content\\\/uploads\\\/2026\\\/04\\\/mesa-empleabilidad-13.jpg\",\"datePublished\":\"2026-04-28T15:12:54+00:00\",\"breadcrumb\":{\"@id\":\"https:\\\/\\\/www.cftestataltarapaca.cl\\\/inicio\\\/2026\\\/04\\\/28\\\/cft-estatal-de-tarapaca-fue-sede-de-la-primera-mesa-de-empleabilidad-2026\\\/#breadcrumb\"},\"inLanguage\":\"es\",\"potentialAction\":[{\"@type\":\"ReadAction\",\"target\":[\"https:\\\/\\\/www.cftestataltarapaca.cl\\\/inicio\\\/2026\\\/04\\\/28\\\/cft-estatal-de-tarapaca-fue-sede-de-la-primera-mesa-de-empleabilidad-2026\\\/\"]}]},{\"@type\":\"ImageObject\",\"inLanguage\":\"es\",\"@id\":\"https:\\\/\\\/www.cftestataltarapaca.cl\\\/inicio\\\/2026\\\/04\\\/28\\\/cft-estatal-de-tarapaca-fue-sede-de-la-primera-mesa-de-empleabilidad-2026\\\/#primaryimage\",\"url\":\"https:\\\/\\\/www.cftestataltarapaca.cl\\\/inicio\\\/wp-content\\\/uploads\\\/2026\\\/04\\\/mesa-empleabilidad-13.jpg\",\"contentUrl\":\"https:\\\/\\\/www.cftestataltarapaca.cl\\\/inicio\\\/wp-content\\\/uploads\\\/2026\\\/04\\\/mesa-empleabilidad-13.jpg\",\"width\":2280,\"height\":1520},{\"@type\":\"BreadcrumbList\",\"@id\":\"https:\\\/\\\/www.cftestataltarapaca.cl\\\/inicio\\\/2026\\\/04\\\/28\\\/cft-estatal-de-tarapaca-fue-sede-de-la-primera-mesa-de-empleabilidad-2026\\\/#breadcrumb\",\"itemListElement\":[{\"@type\":\"ListItem\",\"position\":1,\"name\":\"Portada\",\"item\":\"https:\\\/\\\/www.cftestataltarapaca.cl\\\/inicio\\\/\"},{\"@type\":\"ListItem\",\"position\":2,\"name\":\"CFT Estatal de Tarapac\u00e1 fue sede de la primera Mesa de Empleabilidad 2026\"}]},{\"@type\":\"WebSite\",\"@id\":\"https:\\\/\\\/www.cftestataltarapaca.cl\\\/inicio\\\/#website\",\"url\":\"https:\\\/\\\/www.cftestataltarapaca.cl\\\/inicio\\\/\",\"name\":\"CFT Estatal Tarapac\u00e1\",\"description\":\"Admisi\u00f3n 2025\",\"publisher\":{\"@id\":\"https:\\\/\\\/www.cftestataltarapaca.cl\\\/inicio\\\/#organization\"},\"potentialAction\":[{\"@type\":\"SearchAction\",\"target\":{\"@type\":\"EntryPoint\",\"urlTemplate\":\"https:\\\/\\\/www.cftestataltarapaca.cl\\\/inicio\\\/?s={search_term_string}\"},\"query-input\":{\"@type\":\"PropertyValueSpecification\",\"valueRequired\":true,\"valueName\":\"search_term_string\"}}],\"inLanguage\":\"es\"},{\"@type\":\"Organization\",\"@id\":\"https:\\\/\\\/www.cftestataltarapaca.cl\\\/inicio\\\/#organization\",\"name\":\"CFT Estatal Tarapac\u00e1\",\"url\":\"https:\\\/\\\/www.cftestataltarapaca.cl\\\/inicio\\\/\",\"logo\":{\"@type\":\"ImageObject\",\"inLanguage\":\"es\",\"@id\":\"https:\\\/\\\/www.cftestataltarapaca.cl\\\/inicio\\\/#\\\/schema\\\/logo\\\/image\\\/\",\"url\":\"https:\\\/\\\/www.cftestataltarapaca.cl\\\/inicio\\\/wp-content\\\/uploads\\\/2019\\\/03\\\/logo-retina-1.png\",\"contentUrl\":\"https:\\\/\\\/www.cftestataltarapaca.cl\\\/inicio\\\/wp-content\\\/uploads\\\/2019\\\/03\\\/logo-retina-1.png\",\"width\":401,\"height\":150,\"caption\":\"CFT Estatal Tarapac\u00e1\"},\"image\":{\"@id\":\"https:\\\/\\\/www.cftestataltarapaca.cl\\\/inicio\\\/#\\\/schema\\\/logo\\\/image\\\/\"},\"sameAs\":[\"https:\\\/\\\/www.facebook.com\\\/CFTestataltarapaca\\\/\",\"https:\\\/\\\/x.com\\\/CFTesTarapaca\",\"https:\\\/\\\/www.instagram.com\\\/CFTestataltarapaca\\\/\"]},{\"@type\":\"Person\",\"@id\":\"https:\\\/\\\/www.cftestataltarapaca.cl\\\/inicio\\\/#\\\/schema\\\/person\\\/ad1fbfa1fa7c3d3889f4ae5401dd660e\",\"name\":\"Comunicaciones\",\"image\":{\"@type\":\"ImageObject\",\"inLanguage\":\"es\",\"@id\":\"https:\\\/\\\/secure.gravatar.com\\\/avatar\\\/ed1c2728327f20a5a62edaeb7dc181858f225b765044c5314c3d1059a1bd992f?s=96&d=mm&r=g\",\"url\":\"https:\\\/\\\/secure.gravatar.com\\\/avatar\\\/ed1c2728327f20a5a62edaeb7dc181858f225b765044c5314c3d1059a1bd992f?s=96&d=mm&r=g\",\"contentUrl\":\"https:\\\/\\\/secure.gravatar.com\\\/avatar\\\/ed1c2728327f20a5a62edaeb7dc181858f225b765044c5314c3d1059a1bd992f?s=96&d=mm&r=g\",\"caption\":\"Comunicaciones\"},\"sameAs\":[\"http:\\\/\\\/www.cftestataltarapaca.cl\"],\"url\":\"https:\\\/\\\/www.cftestataltarapaca.cl\\\/inicio\\\/author\\\/comunicaciones\\\/\"}]}<\/script>\n<!-- \/ Yoast SEO plugin. -->","yoast_head_json":{"title":"CFT Estatal de Tarapac\u00e1 fue sede de la primera Mesa de Empleabilidad 2026 - CFT Estatal Tarapac\u00e1","robots":{"index":"index","follow":"follow","max-snippet":"max-snippet:-1","max-image-preview":"max-image-preview:large","max-video-preview":"max-video-preview:-1"},"canonical":"https:\/\/www.cftestataltarapaca.cl\/inicio\/2026\/04\/28\/cft-estatal-de-tarapaca-fue-sede-de-la-primera-mesa-de-empleabilidad-2026\/","og_locale":"es_ES","og_type":"article","og_title":"CFT Estatal de Tarapac\u00e1 fue sede de la primera Mesa de Empleabilidad 2026 - CFT Estatal Tarapac\u00e1","og_description":"La instancia, organizada por Sence Tarapac\u00e1 con apoyo de la Seremi del Trabajo, reuni\u00f3 a actores p\u00fablicos y privados para analizar desaf\u00edos laborales y fortalecer la articulaci\u00f3n con la formaci\u00f3n...","og_url":"https:\/\/www.cftestataltarapaca.cl\/inicio\/2026\/04\/28\/cft-estatal-de-tarapaca-fue-sede-de-la-primera-mesa-de-empleabilidad-2026\/","og_site_name":"CFT Estatal Tarapac\u00e1","article_publisher":"https:\/\/www.facebook.com\/CFTestataltarapaca\/","article_published_time":"2026-04-28T15:12:54+00:00","og_image":[{"width":1024,"height":683,"url":"https:\/\/www.cftestataltarapaca.cl\/inicio\/wp-content\/uploads\/2026\/04\/mesa-empleabilidad-13-1024x683.jpg","type":"image\/jpeg"}],"author":"Comunicaciones","twitter_card":"summary_large_image","twitter_creator":"@CFTesTarapaca","twitter_site":"@CFTesTarapaca","twitter_misc":{"Escrito por":"Comunicaciones","Tiempo de lectura":"3 minutos"},"schema":{"@context":"https:\/\/schema.org","@graph":[{"@type":"Article","@id":"https:\/\/www.cftestataltarapaca.cl\/inicio\/2026\/04\/28\/cft-estatal-de-tarapaca-fue-sede-de-la-primera-mesa-de-empleabilidad-2026\/#article","isPartOf":{"@id":"https:\/\/www.cftestataltarapaca.cl\/inicio\/2026\/04\/28\/cft-estatal-de-tarapaca-fue-sede-de-la-primera-mesa-de-empleabilidad-2026\/"},"author":{"name":"Comunicaciones","@id":"https:\/\/www.cftestataltarapaca.cl\/inicio\/#\/schema\/person\/ad1fbfa1fa7c3d3889f4ae5401dd660e"},"headline":"CFT Estatal de Tarapac\u00e1 fue sede de la primera Mesa de Empleabilidad 2026","datePublished":"2026-04-28T15:12:54+00:00","mainEntityOfPage":{"@id":"https:\/\/www.cftestataltarapaca.cl\/inicio\/2026\/04\/28\/cft-estatal-de-tarapaca-fue-sede-de-la-primera-mesa-de-empleabilidad-2026\/"},"wordCount":454,"commentCount":0,"publisher":{"@id":"https:\/\/www.cftestataltarapaca.cl\/inicio\/#organization"},"image":{"@id":"https:\/\/www.cftestataltarapaca.cl\/inicio\/2026\/04\/28\/cft-estatal-de-tarapaca-fue-sede-de-la-primera-mesa-de-empleabilidad-2026\/#primaryimage"},"thumbnailUrl":"https:\/\/www.cftestataltarapaca.cl\/inicio\/wp-content\/uploads\/2026\/04\/mesa-empleabilidad-13.jpg","articleSection":["Vinculaci\u00f3n"],"inLanguage":"es","potentialAction":[{"@type":"CommentAction","name":"Comment","target":["https:\/\/www.cftestataltarapaca.cl\/inicio\/2026\/04\/28\/cft-estatal-de-tarapaca-fue-sede-de-la-primera-mesa-de-empleabilidad-2026\/#respond"]}]},{"@type":"WebPage","@id":"https:\/\/www.cftestataltarapaca.cl\/inicio\/2026\/04\/28\/cft-estatal-de-tarapaca-fue-sede-de-la-primera-mesa-de-empleabilidad-2026\/","url":"https:\/\/www.cftestataltarapaca.cl\/inicio\/2026\/04\/28\/cft-estatal-de-tarapaca-fue-sede-de-la-primera-mesa-de-empleabilidad-2026\/","name":"CFT Estatal de Tarapac\u00e1 fue sede de la primera Mesa de Empleabilidad 2026 - CFT Estatal Tarapac\u00e1","isPartOf":{"@id":"https:\/\/www.cftestataltarapaca.cl\/inicio\/#website"},"primaryImageOfPage":{"@id":"https:\/\/www.cftestataltarapaca.cl\/inicio\/2026\/04\/28\/cft-estatal-de-tarapaca-fue-sede-de-la-primera-mesa-de-empleabilidad-2026\/#primaryimage"},"image":{"@id":"https:\/\/www.cftestataltarapaca.cl\/inicio\/2026\/04\/28\/cft-estatal-de-tarapaca-fue-sede-de-la-primera-mesa-de-empleabilidad-2026\/#primaryimage"},"thumbnailUrl":"https:\/\/www.cftestataltarapaca.cl\/inicio\/wp-content\/uploads\/2026\/04\/mesa-empleabilidad-13.jpg","datePublished":"2026-04-28T15:12:54+00:00","breadcrumb":{"@id":"https:\/\/www.cftestataltarapaca.cl\/inicio\/2026\/04\/28\/cft-estatal-de-tarapaca-fue-sede-de-la-primera-mesa-de-empleabilidad-2026\/#breadcrumb"},"inLanguage":"es","potentialAction":[{"@type":"ReadAction","target":["https:\/\/www.cftestataltarapaca.cl\/inicio\/2026\/04\/28\/cft-estatal-de-tarapaca-fue-sede-de-la-primera-mesa-de-empleabilidad-2026\/"]}]},{"@type":"ImageObject","inLanguage":"es","@id":"https:\/\/www.cftestataltarapaca.cl\/inicio\/2026\/04\/28\/cft-estatal-de-tarapaca-fue-sede-de-la-primera-mesa-de-empleabilidad-2026\/#primaryimage","url":"https:\/\/www.cftestataltarapaca.cl\/inicio\/wp-content\/uploads\/2026\/04\/mesa-empleabilidad-13.jpg","contentUrl":"https:\/\/www.cftestataltarapaca.cl\/inicio\/wp-content\/uploads\/2026\/04\/mesa-empleabilidad-13.jpg","width":2280,"height":1520},{"@type":"BreadcrumbList","@id":"https:\/\/www.cftestataltarapaca.cl\/inicio\/2026\/04\/28\/cft-estatal-de-tarapaca-fue-sede-de-la-primera-mesa-de-empleabilidad-2026\/#breadcrumb","itemListElement":[{"@type":"ListItem","position":1,"name":"Portada","item":"https:\/\/www.cftestataltarapaca.cl\/inicio\/"},{"@type":"ListItem","position":2,"name":"CFT Estatal de Tarapac\u00e1 fue sede de la primera Mesa de Empleabilidad 2026"}]},{"@type":"WebSite","@id":"https:\/\/www.cftestataltarapaca.cl\/inicio\/#website","url":"https:\/\/www.cftestataltarapaca.cl\/inicio\/","name":"CFT Estatal Tarapac\u00e1","description":"Admisi\u00f3n 2025","publisher":{"@id":"https:\/\/www.cftestataltarapaca.cl\/inicio\/#organization"},"potentialAction":[{"@type":"SearchAction","target":{"@type":"EntryPoint","urlTemplate":"https:\/\/www.cftestataltarapaca.cl\/inicio\/?s={search_term_string}"},"query-input":{"@type":"PropertyValueSpecification","valueRequired":true,"valueName":"search_term_string"}}],"inLanguage":"es"},{"@type":"Organization","@id":"https:\/\/www.cftestataltarapaca.cl\/inicio\/#organization","name":"CFT Estatal Tarapac\u00e1","url":"https:\/\/www.cftestataltarapaca.cl\/inicio\/","logo":{"@type":"ImageObject","inLanguage":"es","@id":"https:\/\/www.cftestataltarapaca.cl\/inicio\/#\/schema\/logo\/image\/","url":"https:\/\/www.cftestataltarapaca.cl\/inicio\/wp-content\/uploads\/2019\/03\/logo-retina-1.png","contentUrl":"https:\/\/www.cftestataltarapaca.cl\/inicio\/wp-content\/uploads\/2019\/03\/logo-retina-1.png","width":401,"height":150,"caption":"CFT Estatal Tarapac\u00e1"},"image":{"@id":"https:\/\/www.cftestataltarapaca.cl\/inicio\/#\/schema\/logo\/image\/"},"sameAs":["https:\/\/www.facebook.com\/CFTestataltarapaca\/","https:\/\/x.com\/CFTesTarapaca","https:\/\/www.instagram.com\/CFTestataltarapaca\/"]},{"@type":"Person","@id":"https:\/\/www.cftestataltarapaca.cl\/inicio\/#\/schema\/person\/ad1fbfa1fa7c3d3889f4ae5401dd660e","name":"Comunicaciones","image":{"@type":"ImageObject","inLanguage":"es","@id":"https:\/\/secure.gravatar.com\/avatar\/ed1c2728327f20a5a62edaeb7dc181858f225b765044c5314c3d1059a1bd992f?s=96&d=mm&r=g","url":"https:\/\/secure.gravatar.com\/avatar\/ed1c2728327f20a5a62edaeb7dc181858f225b765044c5314c3d1059a1bd992f?s=96&d=mm&r=g","contentUrl":"https:\/\/secure.gravatar.com\/avatar\/ed1c2728327f20a5a62edaeb7dc181858f225b765044c5314c3d1059a1bd992f?s=96&d=mm&r=g","caption":"Comunicaciones"},"sameAs":["http:\/\/www.cftestataltarapaca.cl"],"url":"https:\/\/www.cftestataltarapaca.cl\/inicio\/author\/comunicaciones\/"}]}},"publishpress_future_action":{"enabled":true,"date":"2026-05-05 13:10:28","action":"change-status","newStatus":"draft","terms":[],"taxonomy":"category","extraData":[]},"publishpress_future_workflow_manual_trigger":{"enabledWorkflows":[]},"_links":{"self":[{"href":"https:\/\/www.cftestataltarapaca.cl\/inicio\/wp-json\/wp\/v2\/posts\/16687","targetHints":{"allow":["GET"]}}],"collection":[{"href":"https:\/\/www.cftestataltarapaca.cl\/inicio\/wp-json\/wp\/v2\/posts"}],"about":[{"href":"https:\/\/www.cftestataltarapaca.cl\/inicio\/wp-json\/wp\/v2\/types\/post"}],"author":[{"embeddable":true,"href":"https:\/\/www.cftestataltarapaca.cl\/inicio\/wp-json\/wp\/v2\/users\/2"}],"replies":[{"embeddable":true,"href":"https:\/\/www.cftestataltarapaca.cl\/inicio\/wp-json\/wp\/v2\/comments?post=16687"}],"version-history":[{"count":2,"href":"https:\/\/www.cftestataltarapaca.cl\/inicio\/wp-json\/wp\/v2\/posts\/16687\/revisions"}],"predecessor-version":[{"id":16700,"href":"https:\/\/www.cftestataltarapaca.cl\/inicio\/wp-json\/wp\/v2\/posts\/16687\/revisions\/16700"}],"wp:featuredmedia":[{"embeddable":true,"href":"https:\/\/www.cftestataltarapaca.cl\/inicio\/wp-json\/wp\/v2\/media\/16691"}],"wp:attachment":[{"href":"https:\/\/www.cftestataltarapaca.cl\/inicio\/wp-json\/wp\/v2\/media?parent=16687"}],"wp:term":[{"taxonomy":"category","embeddable":true,"href":"https:\/\/www.cftestataltarapaca.cl\/inicio\/wp-json\/wp\/v2\/categories?post=16687"},{"taxonomy":"post_tag","embeddable":true,"href":"https:\/\/www.cftestataltarapaca.cl\/inicio\/wp-json\/wp\/v2\/tags?post=16687"}],"curies":[{"name":"wp","href":"https:\/\/api.w.org\/{rel}","templated":true}]}}