{"id":1817,"date":"2019-09-03T17:11:04","date_gmt":"2019-09-03T17:11:04","guid":{"rendered":"https:\/\/www.cftestataltarapaca.cl\/inicio\/?p=1817"},"modified":"2019-09-06T19:35:39","modified_gmt":"2019-09-06T19:35:39","slug":"instituciones-publicas-y-privadas-participaron-en-feria-de-seguridad-laboral-del-cft-estatal-tarapaca","status":"publish","type":"post","link":"https:\/\/www.cftestataltarapaca.cl\/inicio\/2019\/09\/03\/instituciones-publicas-y-privadas-participaron-en-feria-de-seguridad-laboral-del-cft-estatal-tarapaca\/","title":{"rendered":"Instituciones p\u00fablicas y privadas participaron en Feria de Seguridad Laboral del CFT Estatal Tarapac\u00e1"},"content":{"rendered":"<button id=\"bb1\" type=\"button\" value=\"Play\" class=\"responsivevoice-button\" title=\"ResponsiveVoice Tap to Start\/Stop Speech\"><span>&#128266; Escuchar<\/span><\/button>\n        <script>\n            bb1.onclick = function(){\n                if(responsiveVoice.isPlaying()){\n                    responsiveVoice.cancel();\n                }else{\n                    responsiveVoice.speak(\"Estudiantes de 8 establecimientos educacionales y vecinos de la comuna de Alto Hospicio asistieron a la \u201cFeria de Seguridad Laboral, Prevenci\u00f3n de Riesgos y Autocuidado\u201d, organizada y ejecutada por el Centro de Formaci\u00f3n T\u00e9cnica Estatal de Tarapac\u00e1. Se trata de la primera versi\u00f3n del encuentro que reuni\u00f3 a instituciones p\u00fablicas y del sector privado, todos con el \u00fanico objetivo de promover el autocuiado. El objetivo de la actividad, explic\u00f3 el rector, es compartir y difundir uno de los sellos acad\u00e9micos del CFT Estatal Tarapac\u00e1, como es la Seguridad, la que se encuentra presente en todas las carreras t\u00e9cnicas de nivel superior que imparte la instituci\u00f3n. \u201cFormamos t\u00e9cnicos con alto sentido del cuidado personal y laboral y queremos compartir esto con la comunidad\u201d. JORNADA La jornada comenz\u00f3 con la bienvenida del rector a los asistentes para luego entregar reconocimientos a las instituciones que expusieron y que correspondieron a Komatsu, Asociaci\u00f3n Chilena de Seguridad (ACHS), Instituto de Seguridad Laboral (ISL), Senda Tarapac\u00e1, INJUV, Cesfam de Alto Hospicio Dr \u201cYandry A\u00f1azco\u201d, ONEMI, Compa\u00f1\u00eda de Bomberos de Alto Hospicio, DIDECO; Programa Mujeres Jefas de Hogar, Centro de la Mujer, Centro de Hombres, Programa de Sexualidad y Maternidad, F\u00e1brica de Implementos de Seguridad Mois\u00e9s, F&S Capacitaci\u00f3n y C\u00eda, ; la junta de vecinos \u201cIsabel Allende\u201d y el jard\u00edn infantil \u201cLucerito Dorado\u201d, junto al CFT Estatal Tarapac\u00e1. Tras un recorrido por los stand, en los que los asistentes tuvieron la oportunidad de conocer las acciones destinadas a la prevenci\u00f3n y autocuidado que se llevan a cabo en distintas instancias, as\u00ed como tambi\u00e9n acceder a informaci\u00f3n del CFT Estatal Tarapac\u00e1 y de disfrutar del \u00e1rea de esparcimiento que la instituci\u00f3n tiene, estudiantes asistieron a los conversatorios \u201cEl valor de la prevenci\u00f3n en el \u00e1mbito laboral\u201d expuesto por el Instituto de Seguridad Laboral (ISL) junto a KOMATSU; \u201cEl autocuidado y los factores de riesgos personales\u201d, desarrollado por SENDA y la ONEMI. La feria tuvo como tarea aportar en la promoci\u00f3n de la seguridad y salud no solo para el sector laboral sino a las actuales y futuras generaciones, raz\u00f3n por la cual se invit\u00f3 no solo a vecinos sino tambi\u00e9n a estudiantes de educaci\u00f3n media e incluso p\u00e1rvulos, para as\u00ed fortalecer las acciones de autocuidado desde peque\u00f1os.\", \"Spanish Latin American Female\");\n                }\n            };\n        <\/script>\n    \n<p style=\"text-align: justify;\">Estudiantes de 8 establecimientos educacionales y vecinos de la comuna de Alto Hospicio asistieron a la \u201cFeria de Seguridad Laboral, Prevenci\u00f3n de Riesgos y Autocuidado\u201d, organizada y ejecutada por el Centro de Formaci\u00f3n T\u00e9cnica Estatal de Tarapac\u00e1.<\/p>\n<p style=\"text-align: justify;\">Se trata de la primera versi\u00f3n del encuentro que reuni\u00f3 a instituciones p\u00fablicas y del sector privado, todos con el \u00fanico objetivo de promover el autocuiado.<\/p>\n<p><!--more--><\/p>\n<p style=\"text-align: justify;\">El objetivo de la actividad, explic\u00f3 el rector, es compartir y difundir uno de los sellos acad\u00e9micos del CFT Estatal Tarapac\u00e1, como es la Seguridad, la que se encuentra presente en todas las carreras t\u00e9cnicas de nivel superior que imparte la instituci\u00f3n. \u201cFormamos t\u00e9cnicos con alto sentido del cuidado personal y laboral y queremos compartir esto con la comunidad\u201d.<\/p>\n<p style=\"text-align: justify;\">JORNADA<\/p>\n<p style=\"text-align: justify;\">La jornada comenz\u00f3 con la bienvenida del rector a los asistentes para luego entregar reconocimientos a las instituciones que expusieron y que correspondieron a Komatsu, Asociaci\u00f3n Chilena de Seguridad (ACHS), Instituto de Seguridad Laboral (ISL), Senda Tarapac\u00e1, INJUV, Cesfam de Alto Hospicio Dr \u201cYandry A\u00f1azco\u201d, ONEMI, Compa\u00f1\u00eda de Bomberos de Alto Hospicio, DIDECO; Programa Mujeres Jefas de Hogar, Centro de la Mujer, Centro de Hombres, Programa de Sexualidad y Maternidad, F\u00e1brica de Implementos de Seguridad Mois\u00e9s, F&amp;S Capacitaci\u00f3n y C\u00eda, ; la junta de vecinos \u201cIsabel Allende\u201d y el jard\u00edn infantil \u201cLucerito Dorado\u201d, junto al CFT Estatal Tarapac\u00e1.<\/p>\n<p style=\"text-align: justify;\">Tras un recorrido por los stand, en los que los asistentes tuvieron la oportunidad de conocer las acciones destinadas a la prevenci\u00f3n y autocuidado que se llevan a cabo en distintas instancias, as\u00ed como tambi\u00e9n acceder a informaci\u00f3n del CFT Estatal Tarapac\u00e1 y de disfrutar del \u00e1rea de esparcimiento que la instituci\u00f3n tiene, estudiantes asistieron a los conversatorios \u201cEl valor de la prevenci\u00f3n en el \u00e1mbito laboral\u201d expuesto por el Instituto de Seguridad Laboral (ISL) junto a KOMATSU; \u201cEl autocuidado y los factores de riesgos personales\u201d, desarrollado por SENDA y la ONEMI.<\/p>\n<p style=\"text-align: justify;\">La feria tuvo como tarea aportar en la promoci\u00f3n de la seguridad y salud no solo para el sector laboral sino a las actuales y futuras generaciones, raz\u00f3n por la cual se invit\u00f3 no solo a vecinos sino tambi\u00e9n a estudiantes de educaci\u00f3n media e incluso p\u00e1rvulos, para as\u00ed fortalecer las acciones de autocuidado desde peque\u00f1os.<\/p>\n\n<p>&nbsp;<\/p>\n<p>&nbsp;<\/p>\n<p><img loading=\"lazy\" decoding=\"async\" class=\"alignnone size-medium wp-image-1821\" src=\"https:\/\/www.cftestataltarapaca.cl\/inicio\/wp-content\/uploads\/2019\/09\/3-300x225.jpg\" alt=\"\" width=\"300\" height=\"225\" srcset=\"https:\/\/www.cftestataltarapaca.cl\/inicio\/wp-content\/uploads\/2019\/09\/3-300x225.jpg 300w, https:\/\/www.cftestataltarapaca.cl\/inicio\/wp-content\/uploads\/2019\/09\/3-768x576.jpg 768w, https:\/\/www.cftestataltarapaca.cl\/inicio\/wp-content\/uploads\/2019\/09\/3-1024x768.jpg 1024w, https:\/\/www.cftestataltarapaca.cl\/inicio\/wp-content\/uploads\/2019\/09\/3.jpg 1500w\" sizes=\"auto, (max-width: 300px) 100vw, 300px\" \/><img loading=\"lazy\" decoding=\"async\" class=\"alignnone size-medium wp-image-1822\" src=\"https:\/\/www.cftestataltarapaca.cl\/inicio\/wp-content\/uploads\/2019\/09\/4-300x225.jpg\" alt=\"\" width=\"300\" height=\"225\" srcset=\"https:\/\/www.cftestataltarapaca.cl\/inicio\/wp-content\/uploads\/2019\/09\/4-300x225.jpg 300w, https:\/\/www.cftestataltarapaca.cl\/inicio\/wp-content\/uploads\/2019\/09\/4-768x576.jpg 768w, https:\/\/www.cftestataltarapaca.cl\/inicio\/wp-content\/uploads\/2019\/09\/4-1024x768.jpg 1024w, https:\/\/www.cftestataltarapaca.cl\/inicio\/wp-content\/uploads\/2019\/09\/4.jpg 1500w\" sizes=\"auto, (max-width: 300px) 100vw, 300px\" \/><img loading=\"lazy\" decoding=\"async\" class=\"alignnone size-medium wp-image-1823\" src=\"https:\/\/www.cftestataltarapaca.cl\/inicio\/wp-content\/uploads\/2019\/09\/5-300x225.jpg\" alt=\"\" width=\"300\" height=\"225\" srcset=\"https:\/\/www.cftestataltarapaca.cl\/inicio\/wp-content\/uploads\/2019\/09\/5-300x225.jpg 300w, https:\/\/www.cftestataltarapaca.cl\/inicio\/wp-content\/uploads\/2019\/09\/5-768x576.jpg 768w, https:\/\/www.cftestataltarapaca.cl\/inicio\/wp-content\/uploads\/2019\/09\/5-1024x768.jpg 1024w, https:\/\/www.cftestataltarapaca.cl\/inicio\/wp-content\/uploads\/2019\/09\/5.jpg 1500w\" sizes=\"auto, (max-width: 300px) 100vw, 300px\" \/><img loading=\"lazy\" decoding=\"async\" class=\"alignnone size-medium wp-image-1825\" src=\"https:\/\/www.cftestataltarapaca.cl\/inicio\/wp-content\/uploads\/2019\/09\/7-300x225.jpg\" alt=\"\" width=\"300\" height=\"225\" srcset=\"https:\/\/www.cftestataltarapaca.cl\/inicio\/wp-content\/uploads\/2019\/09\/7-300x225.jpg 300w, https:\/\/www.cftestataltarapaca.cl\/inicio\/wp-content\/uploads\/2019\/09\/7-768x576.jpg 768w, https:\/\/www.cftestataltarapaca.cl\/inicio\/wp-content\/uploads\/2019\/09\/7-1024x768.jpg 1024w, https:\/\/www.cftestataltarapaca.cl\/inicio\/wp-content\/uploads\/2019\/09\/7.jpg 1500w\" sizes=\"auto, (max-width: 300px) 100vw, 300px\" \/><img loading=\"lazy\" decoding=\"async\" class=\"alignnone size-medium wp-image-1826\" src=\"https:\/\/www.cftestataltarapaca.cl\/inicio\/wp-content\/uploads\/2019\/09\/8-300x225.jpg\" alt=\"\" width=\"300\" height=\"225\" srcset=\"https:\/\/www.cftestataltarapaca.cl\/inicio\/wp-content\/uploads\/2019\/09\/8-300x225.jpg 300w, https:\/\/www.cftestataltarapaca.cl\/inicio\/wp-content\/uploads\/2019\/09\/8-768x576.jpg 768w, https:\/\/www.cftestataltarapaca.cl\/inicio\/wp-content\/uploads\/2019\/09\/8-1024x768.jpg 1024w, https:\/\/www.cftestataltarapaca.cl\/inicio\/wp-content\/uploads\/2019\/09\/8.jpg 1500w\" sizes=\"auto, (max-width: 300px) 100vw, 300px\" \/><img loading=\"lazy\" decoding=\"async\" class=\"alignnone size-medium wp-image-1827\" src=\"https:\/\/www.cftestataltarapaca.cl\/inicio\/wp-content\/uploads\/2019\/09\/9-300x225.jpg\" alt=\"\" width=\"300\" height=\"225\" srcset=\"https:\/\/www.cftestataltarapaca.cl\/inicio\/wp-content\/uploads\/2019\/09\/9-300x225.jpg 300w, https:\/\/www.cftestataltarapaca.cl\/inicio\/wp-content\/uploads\/2019\/09\/9-768x576.jpg 768w, https:\/\/www.cftestataltarapaca.cl\/inicio\/wp-content\/uploads\/2019\/09\/9-1024x768.jpg 1024w, https:\/\/www.cftestataltarapaca.cl\/inicio\/wp-content\/uploads\/2019\/09\/9.jpg 1500w\" sizes=\"auto, (max-width: 300px) 100vw, 300px\" \/><\/p>\n","protected":false},"excerpt":{"rendered":"<p>Estudiantes de 8 establecimientos educacionales y vecinos de la comuna de Alto Hospicio asistieron a la \u201cFeria de Seguridad Laboral, Prevenci\u00f3n de Riesgos y Autocuidado\u201d, organizada y ejecutada por el&#8230;<\/p>\n","protected":false},"author":2,"featured_media":1820,"comment_status":"open","ping_status":"open","sticky":false,"template":"","format":"standard","meta":{"_joinchat":[],"footnotes":""},"categories":[49,52,1,45],"tags":[75,86,80,89,94,93,92,54],"class_list":["post-1817","post","type-post","status-publish","format-standard","has-post-thumbnail","hentry","category-academico","category-comunicados","category-sin-categoria","category-vinculacion","tag-alto-hospicio","tag-cft-estatal-tarapaca","tag-educacion","tag-educacion-tecnica-profesional","tag-feria-de-seguridad","tag-laboral","tag-seguridad","tag-senda-prevencion"],"yoast_head":"<!-- This site is optimized with the Yoast SEO plugin v27.4 - https:\/\/yoast.com\/product\/yoast-seo-wordpress\/ -->\n<title>Instituciones p\u00fablicas y privadas participaron en Feria de Seguridad Laboral del CFT Estatal Tarapac\u00e1 - CFT Estatal Tarapac\u00e1<\/title>\n<meta name=\"robots\" content=\"index, follow, max-snippet:-1, max-image-preview:large, max-video-preview:-1\" \/>\n<link rel=\"canonical\" href=\"https:\/\/www.cftestataltarapaca.cl\/inicio\/2019\/09\/03\/instituciones-publicas-y-privadas-participaron-en-feria-de-seguridad-laboral-del-cft-estatal-tarapaca\/\" \/>\n<meta property=\"og:locale\" content=\"es_ES\" \/>\n<meta property=\"og:type\" content=\"article\" \/>\n<meta property=\"og:title\" content=\"Instituciones p\u00fablicas y privadas participaron en Feria de Seguridad Laboral del CFT Estatal Tarapac\u00e1 - CFT Estatal Tarapac\u00e1\" \/>\n<meta property=\"og:description\" content=\"Estudiantes de 8 establecimientos educacionales y vecinos de la comuna de Alto Hospicio asistieron a la \u201cFeria de Seguridad Laboral, Prevenci\u00f3n de Riesgos y Autocuidado\u201d, organizada y ejecutada por el...\" \/>\n<meta property=\"og:url\" content=\"https:\/\/www.cftestataltarapaca.cl\/inicio\/2019\/09\/03\/instituciones-publicas-y-privadas-participaron-en-feria-de-seguridad-laboral-del-cft-estatal-tarapaca\/\" \/>\n<meta property=\"og:site_name\" content=\"CFT Estatal Tarapac\u00e1\" \/>\n<meta property=\"article:publisher\" content=\"https:\/\/www.facebook.com\/CFTestataltarapaca\/\" \/>\n<meta property=\"article:published_time\" content=\"2019-09-03T17:11:04+00:00\" \/>\n<meta property=\"article:modified_time\" content=\"2019-09-06T19:35:39+00:00\" \/>\n<meta property=\"og:image\" content=\"https:\/\/www.cftestataltarapaca.cl\/inicio\/wp-content\/uploads\/2019\/09\/6.jpg\" \/>\n\t<meta property=\"og:image:width\" content=\"1500\" \/>\n\t<meta property=\"og:image:height\" content=\"1125\" \/>\n\t<meta property=\"og:image:type\" content=\"image\/jpeg\" \/>\n<meta name=\"author\" content=\"Comunicaciones\" \/>\n<meta name=\"twitter:card\" content=\"summary_large_image\" \/>\n<meta name=\"twitter:creator\" content=\"@CFTesTarapaca\" \/>\n<meta name=\"twitter:site\" content=\"@CFTesTarapaca\" \/>\n<meta name=\"twitter:label1\" content=\"Escrito por\" \/>\n\t<meta name=\"twitter:data1\" content=\"Comunicaciones\" \/>\n\t<meta name=\"twitter:label2\" content=\"Tiempo de lectura\" \/>\n\t<meta name=\"twitter:data2\" content=\"2 minutos\" \/>\n<script type=\"application\/ld+json\" class=\"yoast-schema-graph\">{\"@context\":\"https:\\\/\\\/schema.org\",\"@graph\":[{\"@type\":\"Article\",\"@id\":\"https:\\\/\\\/www.cftestataltarapaca.cl\\\/inicio\\\/2019\\\/09\\\/03\\\/instituciones-publicas-y-privadas-participaron-en-feria-de-seguridad-laboral-del-cft-estatal-tarapaca\\\/#article\",\"isPartOf\":{\"@id\":\"https:\\\/\\\/www.cftestataltarapaca.cl\\\/inicio\\\/2019\\\/09\\\/03\\\/instituciones-publicas-y-privadas-participaron-en-feria-de-seguridad-laboral-del-cft-estatal-tarapaca\\\/\"},\"author\":{\"name\":\"Comunicaciones\",\"@id\":\"https:\\\/\\\/www.cftestataltarapaca.cl\\\/inicio\\\/#\\\/schema\\\/person\\\/ad1fbfa1fa7c3d3889f4ae5401dd660e\"},\"headline\":\"Instituciones p\u00fablicas y privadas participaron en Feria de Seguridad Laboral del CFT Estatal Tarapac\u00e1\",\"datePublished\":\"2019-09-03T17:11:04+00:00\",\"dateModified\":\"2019-09-06T19:35:39+00:00\",\"mainEntityOfPage\":{\"@id\":\"https:\\\/\\\/www.cftestataltarapaca.cl\\\/inicio\\\/2019\\\/09\\\/03\\\/instituciones-publicas-y-privadas-participaron-en-feria-de-seguridad-laboral-del-cft-estatal-tarapaca\\\/\"},\"wordCount\":423,\"commentCount\":0,\"publisher\":{\"@id\":\"https:\\\/\\\/www.cftestataltarapaca.cl\\\/inicio\\\/#organization\"},\"image\":{\"@id\":\"https:\\\/\\\/www.cftestataltarapaca.cl\\\/inicio\\\/2019\\\/09\\\/03\\\/instituciones-publicas-y-privadas-participaron-en-feria-de-seguridad-laboral-del-cft-estatal-tarapaca\\\/#primaryimage\"},\"thumbnailUrl\":\"https:\\\/\\\/www.cftestataltarapaca.cl\\\/inicio\\\/wp-content\\\/uploads\\\/2019\\\/09\\\/6.jpg\",\"keywords\":[\"Alto Hospicio\",\"CFT Estatal Tarapac\u00e1\",\"educaci\u00f3n\",\"Educaci\u00f3n T\u00e9cnica Profesional\",\"Feria de seguridad\",\"Laboral\",\"Seguridad\",\"SENDA; prevenci\u00f3n\"],\"articleSection\":{\"0\":\"Acad\u00e9mico\",\"1\":\"Comunicados\",\"3\":\"Vinculaci\u00f3n\"},\"inLanguage\":\"es\",\"potentialAction\":[{\"@type\":\"CommentAction\",\"name\":\"Comment\",\"target\":[\"https:\\\/\\\/www.cftestataltarapaca.cl\\\/inicio\\\/2019\\\/09\\\/03\\\/instituciones-publicas-y-privadas-participaron-en-feria-de-seguridad-laboral-del-cft-estatal-tarapaca\\\/#respond\"]}]},{\"@type\":\"WebPage\",\"@id\":\"https:\\\/\\\/www.cftestataltarapaca.cl\\\/inicio\\\/2019\\\/09\\\/03\\\/instituciones-publicas-y-privadas-participaron-en-feria-de-seguridad-laboral-del-cft-estatal-tarapaca\\\/\",\"url\":\"https:\\\/\\\/www.cftestataltarapaca.cl\\\/inicio\\\/2019\\\/09\\\/03\\\/instituciones-publicas-y-privadas-participaron-en-feria-de-seguridad-laboral-del-cft-estatal-tarapaca\\\/\",\"name\":\"Instituciones p\u00fablicas y privadas participaron en Feria de Seguridad Laboral del CFT Estatal Tarapac\u00e1 - CFT Estatal Tarapac\u00e1\",\"isPartOf\":{\"@id\":\"https:\\\/\\\/www.cftestataltarapaca.cl\\\/inicio\\\/#website\"},\"primaryImageOfPage\":{\"@id\":\"https:\\\/\\\/www.cftestataltarapaca.cl\\\/inicio\\\/2019\\\/09\\\/03\\\/instituciones-publicas-y-privadas-participaron-en-feria-de-seguridad-laboral-del-cft-estatal-tarapaca\\\/#primaryimage\"},\"image\":{\"@id\":\"https:\\\/\\\/www.cftestataltarapaca.cl\\\/inicio\\\/2019\\\/09\\\/03\\\/instituciones-publicas-y-privadas-participaron-en-feria-de-seguridad-laboral-del-cft-estatal-tarapaca\\\/#primaryimage\"},\"thumbnailUrl\":\"https:\\\/\\\/www.cftestataltarapaca.cl\\\/inicio\\\/wp-content\\\/uploads\\\/2019\\\/09\\\/6.jpg\",\"datePublished\":\"2019-09-03T17:11:04+00:00\",\"dateModified\":\"2019-09-06T19:35:39+00:00\",\"breadcrumb\":{\"@id\":\"https:\\\/\\\/www.cftestataltarapaca.cl\\\/inicio\\\/2019\\\/09\\\/03\\\/instituciones-publicas-y-privadas-participaron-en-feria-de-seguridad-laboral-del-cft-estatal-tarapaca\\\/#breadcrumb\"},\"inLanguage\":\"es\",\"potentialAction\":[{\"@type\":\"ReadAction\",\"target\":[\"https:\\\/\\\/www.cftestataltarapaca.cl\\\/inicio\\\/2019\\\/09\\\/03\\\/instituciones-publicas-y-privadas-participaron-en-feria-de-seguridad-laboral-del-cft-estatal-tarapaca\\\/\"]}]},{\"@type\":\"ImageObject\",\"inLanguage\":\"es\",\"@id\":\"https:\\\/\\\/www.cftestataltarapaca.cl\\\/inicio\\\/2019\\\/09\\\/03\\\/instituciones-publicas-y-privadas-participaron-en-feria-de-seguridad-laboral-del-cft-estatal-tarapaca\\\/#primaryimage\",\"url\":\"https:\\\/\\\/www.cftestataltarapaca.cl\\\/inicio\\\/wp-content\\\/uploads\\\/2019\\\/09\\\/6.jpg\",\"contentUrl\":\"https:\\\/\\\/www.cftestataltarapaca.cl\\\/inicio\\\/wp-content\\\/uploads\\\/2019\\\/09\\\/6.jpg\",\"width\":1500,\"height\":1125},{\"@type\":\"BreadcrumbList\",\"@id\":\"https:\\\/\\\/www.cftestataltarapaca.cl\\\/inicio\\\/2019\\\/09\\\/03\\\/instituciones-publicas-y-privadas-participaron-en-feria-de-seguridad-laboral-del-cft-estatal-tarapaca\\\/#breadcrumb\",\"itemListElement\":[{\"@type\":\"ListItem\",\"position\":1,\"name\":\"Portada\",\"item\":\"https:\\\/\\\/www.cftestataltarapaca.cl\\\/inicio\\\/\"},{\"@type\":\"ListItem\",\"position\":2,\"name\":\"Instituciones p\u00fablicas y privadas participaron en Feria de Seguridad Laboral del CFT Estatal Tarapac\u00e1\"}]},{\"@type\":\"WebSite\",\"@id\":\"https:\\\/\\\/www.cftestataltarapaca.cl\\\/inicio\\\/#website\",\"url\":\"https:\\\/\\\/www.cftestataltarapaca.cl\\\/inicio\\\/\",\"name\":\"CFT Estatal Tarapac\u00e1\",\"description\":\"Admisi\u00f3n 2025\",\"publisher\":{\"@id\":\"https:\\\/\\\/www.cftestataltarapaca.cl\\\/inicio\\\/#organization\"},\"potentialAction\":[{\"@type\":\"SearchAction\",\"target\":{\"@type\":\"EntryPoint\",\"urlTemplate\":\"https:\\\/\\\/www.cftestataltarapaca.cl\\\/inicio\\\/?s={search_term_string}\"},\"query-input\":{\"@type\":\"PropertyValueSpecification\",\"valueRequired\":true,\"valueName\":\"search_term_string\"}}],\"inLanguage\":\"es\"},{\"@type\":\"Organization\",\"@id\":\"https:\\\/\\\/www.cftestataltarapaca.cl\\\/inicio\\\/#organization\",\"name\":\"CFT Estatal Tarapac\u00e1\",\"url\":\"https:\\\/\\\/www.cftestataltarapaca.cl\\\/inicio\\\/\",\"logo\":{\"@type\":\"ImageObject\",\"inLanguage\":\"es\",\"@id\":\"https:\\\/\\\/www.cftestataltarapaca.cl\\\/inicio\\\/#\\\/schema\\\/logo\\\/image\\\/\",\"url\":\"https:\\\/\\\/www.cftestataltarapaca.cl\\\/inicio\\\/wp-content\\\/uploads\\\/2019\\\/03\\\/logo-retina-1.png\",\"contentUrl\":\"https:\\\/\\\/www.cftestataltarapaca.cl\\\/inicio\\\/wp-content\\\/uploads\\\/2019\\\/03\\\/logo-retina-1.png\",\"width\":401,\"height\":150,\"caption\":\"CFT Estatal Tarapac\u00e1\"},\"image\":{\"@id\":\"https:\\\/\\\/www.cftestataltarapaca.cl\\\/inicio\\\/#\\\/schema\\\/logo\\\/image\\\/\"},\"sameAs\":[\"https:\\\/\\\/www.facebook.com\\\/CFTestataltarapaca\\\/\",\"https:\\\/\\\/x.com\\\/CFTesTarapaca\",\"https:\\\/\\\/www.instagram.com\\\/CFTestataltarapaca\\\/\"]},{\"@type\":\"Person\",\"@id\":\"https:\\\/\\\/www.cftestataltarapaca.cl\\\/inicio\\\/#\\\/schema\\\/person\\\/ad1fbfa1fa7c3d3889f4ae5401dd660e\",\"name\":\"Comunicaciones\",\"image\":{\"@type\":\"ImageObject\",\"inLanguage\":\"es\",\"@id\":\"https:\\\/\\\/secure.gravatar.com\\\/avatar\\\/ed1c2728327f20a5a62edaeb7dc181858f225b765044c5314c3d1059a1bd992f?s=96&d=mm&r=g\",\"url\":\"https:\\\/\\\/secure.gravatar.com\\\/avatar\\\/ed1c2728327f20a5a62edaeb7dc181858f225b765044c5314c3d1059a1bd992f?s=96&d=mm&r=g\",\"contentUrl\":\"https:\\\/\\\/secure.gravatar.com\\\/avatar\\\/ed1c2728327f20a5a62edaeb7dc181858f225b765044c5314c3d1059a1bd992f?s=96&d=mm&r=g\",\"caption\":\"Comunicaciones\"},\"sameAs\":[\"http:\\\/\\\/www.cftestataltarapaca.cl\"],\"url\":\"https:\\\/\\\/www.cftestataltarapaca.cl\\\/inicio\\\/author\\\/comunicaciones\\\/\"}]}<\/script>\n<!-- \/ Yoast SEO plugin. -->","yoast_head_json":{"title":"Instituciones p\u00fablicas y privadas participaron en Feria de Seguridad Laboral del CFT Estatal Tarapac\u00e1 - CFT Estatal Tarapac\u00e1","robots":{"index":"index","follow":"follow","max-snippet":"max-snippet:-1","max-image-preview":"max-image-preview:large","max-video-preview":"max-video-preview:-1"},"canonical":"https:\/\/www.cftestataltarapaca.cl\/inicio\/2019\/09\/03\/instituciones-publicas-y-privadas-participaron-en-feria-de-seguridad-laboral-del-cft-estatal-tarapaca\/","og_locale":"es_ES","og_type":"article","og_title":"Instituciones p\u00fablicas y privadas participaron en Feria de Seguridad Laboral del CFT Estatal Tarapac\u00e1 - CFT Estatal Tarapac\u00e1","og_description":"Estudiantes de 8 establecimientos educacionales y vecinos de la comuna de Alto Hospicio asistieron a la \u201cFeria de Seguridad Laboral, Prevenci\u00f3n de Riesgos y Autocuidado\u201d, organizada y ejecutada por el...","og_url":"https:\/\/www.cftestataltarapaca.cl\/inicio\/2019\/09\/03\/instituciones-publicas-y-privadas-participaron-en-feria-de-seguridad-laboral-del-cft-estatal-tarapaca\/","og_site_name":"CFT Estatal Tarapac\u00e1","article_publisher":"https:\/\/www.facebook.com\/CFTestataltarapaca\/","article_published_time":"2019-09-03T17:11:04+00:00","article_modified_time":"2019-09-06T19:35:39+00:00","og_image":[{"width":1500,"height":1125,"url":"https:\/\/www.cftestataltarapaca.cl\/inicio\/wp-content\/uploads\/2019\/09\/6.jpg","type":"image\/jpeg"}],"author":"Comunicaciones","twitter_card":"summary_large_image","twitter_creator":"@CFTesTarapaca","twitter_site":"@CFTesTarapaca","twitter_misc":{"Escrito por":"Comunicaciones","Tiempo de lectura":"2 minutos"},"schema":{"@context":"https:\/\/schema.org","@graph":[{"@type":"Article","@id":"https:\/\/www.cftestataltarapaca.cl\/inicio\/2019\/09\/03\/instituciones-publicas-y-privadas-participaron-en-feria-de-seguridad-laboral-del-cft-estatal-tarapaca\/#article","isPartOf":{"@id":"https:\/\/www.cftestataltarapaca.cl\/inicio\/2019\/09\/03\/instituciones-publicas-y-privadas-participaron-en-feria-de-seguridad-laboral-del-cft-estatal-tarapaca\/"},"author":{"name":"Comunicaciones","@id":"https:\/\/www.cftestataltarapaca.cl\/inicio\/#\/schema\/person\/ad1fbfa1fa7c3d3889f4ae5401dd660e"},"headline":"Instituciones p\u00fablicas y privadas participaron en Feria de Seguridad Laboral del CFT Estatal Tarapac\u00e1","datePublished":"2019-09-03T17:11:04+00:00","dateModified":"2019-09-06T19:35:39+00:00","mainEntityOfPage":{"@id":"https:\/\/www.cftestataltarapaca.cl\/inicio\/2019\/09\/03\/instituciones-publicas-y-privadas-participaron-en-feria-de-seguridad-laboral-del-cft-estatal-tarapaca\/"},"wordCount":423,"commentCount":0,"publisher":{"@id":"https:\/\/www.cftestataltarapaca.cl\/inicio\/#organization"},"image":{"@id":"https:\/\/www.cftestataltarapaca.cl\/inicio\/2019\/09\/03\/instituciones-publicas-y-privadas-participaron-en-feria-de-seguridad-laboral-del-cft-estatal-tarapaca\/#primaryimage"},"thumbnailUrl":"https:\/\/www.cftestataltarapaca.cl\/inicio\/wp-content\/uploads\/2019\/09\/6.jpg","keywords":["Alto Hospicio","CFT Estatal Tarapac\u00e1","educaci\u00f3n","Educaci\u00f3n T\u00e9cnica Profesional","Feria de seguridad","Laboral","Seguridad","SENDA; prevenci\u00f3n"],"articleSection":{"0":"Acad\u00e9mico","1":"Comunicados","3":"Vinculaci\u00f3n"},"inLanguage":"es","potentialAction":[{"@type":"CommentAction","name":"Comment","target":["https:\/\/www.cftestataltarapaca.cl\/inicio\/2019\/09\/03\/instituciones-publicas-y-privadas-participaron-en-feria-de-seguridad-laboral-del-cft-estatal-tarapaca\/#respond"]}]},{"@type":"WebPage","@id":"https:\/\/www.cftestataltarapaca.cl\/inicio\/2019\/09\/03\/instituciones-publicas-y-privadas-participaron-en-feria-de-seguridad-laboral-del-cft-estatal-tarapaca\/","url":"https:\/\/www.cftestataltarapaca.cl\/inicio\/2019\/09\/03\/instituciones-publicas-y-privadas-participaron-en-feria-de-seguridad-laboral-del-cft-estatal-tarapaca\/","name":"Instituciones p\u00fablicas y privadas participaron en Feria de Seguridad Laboral del CFT Estatal Tarapac\u00e1 - CFT Estatal Tarapac\u00e1","isPartOf":{"@id":"https:\/\/www.cftestataltarapaca.cl\/inicio\/#website"},"primaryImageOfPage":{"@id":"https:\/\/www.cftestataltarapaca.cl\/inicio\/2019\/09\/03\/instituciones-publicas-y-privadas-participaron-en-feria-de-seguridad-laboral-del-cft-estatal-tarapaca\/#primaryimage"},"image":{"@id":"https:\/\/www.cftestataltarapaca.cl\/inicio\/2019\/09\/03\/instituciones-publicas-y-privadas-participaron-en-feria-de-seguridad-laboral-del-cft-estatal-tarapaca\/#primaryimage"},"thumbnailUrl":"https:\/\/www.cftestataltarapaca.cl\/inicio\/wp-content\/uploads\/2019\/09\/6.jpg","datePublished":"2019-09-03T17:11:04+00:00","dateModified":"2019-09-06T19:35:39+00:00","breadcrumb":{"@id":"https:\/\/www.cftestataltarapaca.cl\/inicio\/2019\/09\/03\/instituciones-publicas-y-privadas-participaron-en-feria-de-seguridad-laboral-del-cft-estatal-tarapaca\/#breadcrumb"},"inLanguage":"es","potentialAction":[{"@type":"ReadAction","target":["https:\/\/www.cftestataltarapaca.cl\/inicio\/2019\/09\/03\/instituciones-publicas-y-privadas-participaron-en-feria-de-seguridad-laboral-del-cft-estatal-tarapaca\/"]}]},{"@type":"ImageObject","inLanguage":"es","@id":"https:\/\/www.cftestataltarapaca.cl\/inicio\/2019\/09\/03\/instituciones-publicas-y-privadas-participaron-en-feria-de-seguridad-laboral-del-cft-estatal-tarapaca\/#primaryimage","url":"https:\/\/www.cftestataltarapaca.cl\/inicio\/wp-content\/uploads\/2019\/09\/6.jpg","contentUrl":"https:\/\/www.cftestataltarapaca.cl\/inicio\/wp-content\/uploads\/2019\/09\/6.jpg","width":1500,"height":1125},{"@type":"BreadcrumbList","@id":"https:\/\/www.cftestataltarapaca.cl\/inicio\/2019\/09\/03\/instituciones-publicas-y-privadas-participaron-en-feria-de-seguridad-laboral-del-cft-estatal-tarapaca\/#breadcrumb","itemListElement":[{"@type":"ListItem","position":1,"name":"Portada","item":"https:\/\/www.cftestataltarapaca.cl\/inicio\/"},{"@type":"ListItem","position":2,"name":"Instituciones p\u00fablicas y privadas participaron en Feria de Seguridad Laboral del CFT Estatal Tarapac\u00e1"}]},{"@type":"WebSite","@id":"https:\/\/www.cftestataltarapaca.cl\/inicio\/#website","url":"https:\/\/www.cftestataltarapaca.cl\/inicio\/","name":"CFT Estatal Tarapac\u00e1","description":"Admisi\u00f3n 2025","publisher":{"@id":"https:\/\/www.cftestataltarapaca.cl\/inicio\/#organization"},"potentialAction":[{"@type":"SearchAction","target":{"@type":"EntryPoint","urlTemplate":"https:\/\/www.cftestataltarapaca.cl\/inicio\/?s={search_term_string}"},"query-input":{"@type":"PropertyValueSpecification","valueRequired":true,"valueName":"search_term_string"}}],"inLanguage":"es"},{"@type":"Organization","@id":"https:\/\/www.cftestataltarapaca.cl\/inicio\/#organization","name":"CFT Estatal Tarapac\u00e1","url":"https:\/\/www.cftestataltarapaca.cl\/inicio\/","logo":{"@type":"ImageObject","inLanguage":"es","@id":"https:\/\/www.cftestataltarapaca.cl\/inicio\/#\/schema\/logo\/image\/","url":"https:\/\/www.cftestataltarapaca.cl\/inicio\/wp-content\/uploads\/2019\/03\/logo-retina-1.png","contentUrl":"https:\/\/www.cftestataltarapaca.cl\/inicio\/wp-content\/uploads\/2019\/03\/logo-retina-1.png","width":401,"height":150,"caption":"CFT Estatal Tarapac\u00e1"},"image":{"@id":"https:\/\/www.cftestataltarapaca.cl\/inicio\/#\/schema\/logo\/image\/"},"sameAs":["https:\/\/www.facebook.com\/CFTestataltarapaca\/","https:\/\/x.com\/CFTesTarapaca","https:\/\/www.instagram.com\/CFTestataltarapaca\/"]},{"@type":"Person","@id":"https:\/\/www.cftestataltarapaca.cl\/inicio\/#\/schema\/person\/ad1fbfa1fa7c3d3889f4ae5401dd660e","name":"Comunicaciones","image":{"@type":"ImageObject","inLanguage":"es","@id":"https:\/\/secure.gravatar.com\/avatar\/ed1c2728327f20a5a62edaeb7dc181858f225b765044c5314c3d1059a1bd992f?s=96&d=mm&r=g","url":"https:\/\/secure.gravatar.com\/avatar\/ed1c2728327f20a5a62edaeb7dc181858f225b765044c5314c3d1059a1bd992f?s=96&d=mm&r=g","contentUrl":"https:\/\/secure.gravatar.com\/avatar\/ed1c2728327f20a5a62edaeb7dc181858f225b765044c5314c3d1059a1bd992f?s=96&d=mm&r=g","caption":"Comunicaciones"},"sameAs":["http:\/\/www.cftestataltarapaca.cl"],"url":"https:\/\/www.cftestataltarapaca.cl\/inicio\/author\/comunicaciones\/"}]}},"publishpress_future_action":{"enabled":false,"date":"2026-05-09 09:25:27","action":"change-status","newStatus":"draft","terms":[],"taxonomy":"category","extraData":[]},"publishpress_future_workflow_manual_trigger":{"enabledWorkflows":[]},"_links":{"self":[{"href":"https:\/\/www.cftestataltarapaca.cl\/inicio\/wp-json\/wp\/v2\/posts\/1817","targetHints":{"allow":["GET"]}}],"collection":[{"href":"https:\/\/www.cftestataltarapaca.cl\/inicio\/wp-json\/wp\/v2\/posts"}],"about":[{"href":"https:\/\/www.cftestataltarapaca.cl\/inicio\/wp-json\/wp\/v2\/types\/post"}],"author":[{"embeddable":true,"href":"https:\/\/www.cftestataltarapaca.cl\/inicio\/wp-json\/wp\/v2\/users\/2"}],"replies":[{"embeddable":true,"href":"https:\/\/www.cftestataltarapaca.cl\/inicio\/wp-json\/wp\/v2\/comments?post=1817"}],"version-history":[{"count":5,"href":"https:\/\/www.cftestataltarapaca.cl\/inicio\/wp-json\/wp\/v2\/posts\/1817\/revisions"}],"predecessor-version":[{"id":1867,"href":"https:\/\/www.cftestataltarapaca.cl\/inicio\/wp-json\/wp\/v2\/posts\/1817\/revisions\/1867"}],"wp:featuredmedia":[{"embeddable":true,"href":"https:\/\/www.cftestataltarapaca.cl\/inicio\/wp-json\/wp\/v2\/media\/1820"}],"wp:attachment":[{"href":"https:\/\/www.cftestataltarapaca.cl\/inicio\/wp-json\/wp\/v2\/media?parent=1817"}],"wp:term":[{"taxonomy":"category","embeddable":true,"href":"https:\/\/www.cftestataltarapaca.cl\/inicio\/wp-json\/wp\/v2\/categories?post=1817"},{"taxonomy":"post_tag","embeddable":true,"href":"https:\/\/www.cftestataltarapaca.cl\/inicio\/wp-json\/wp\/v2\/tags?post=1817"}],"curies":[{"name":"wp","href":"https:\/\/api.w.org\/{rel}","templated":true}]}}