{"id":1847,"date":"2019-09-04T21:32:16","date_gmt":"2019-09-04T21:32:16","guid":{"rendered":"https:\/\/www.cftestataltarapaca.cl\/inicio\/?p=1847"},"modified":"2019-09-06T19:34:07","modified_gmt":"2019-09-06T19:34:07","slug":"fortalecen-articulacion-de-la-educacion-media-tp-con-educacion-superior-a-traves-de-convenio-de-convalidacion","status":"publish","type":"post","link":"https:\/\/www.cftestataltarapaca.cl\/inicio\/2019\/09\/04\/fortalecen-articulacion-de-la-educacion-media-tp-con-educacion-superior-a-traves-de-convenio-de-convalidacion\/","title":{"rendered":"Fortalecen articulaci\u00f3n de la Educaci\u00f3n Media TP con Educaci\u00f3n Superior a trav\u00e9s de convenio de convalidaci\u00f3n"},"content":{"rendered":"<button id=\"bb1\" type=\"button\" value=\"Play\" class=\"responsivevoice-button\" title=\"ResponsiveVoice Tap to Start\/Stop Speech\"><span>&#128266; Escuchar<\/span><\/button>\n        <script>\n            bb1.onclick = function(){\n                if(responsiveVoice.isPlaying()){\n                    responsiveVoice.cancel();\n                }else{\n                    responsiveVoice.speak(\"El Centro de Formaci\u00f3n T\u00e9cnica Estatal de Tarapac\u00e1, Universidad Arturo Prat e Inacap Iquique, junto a la Secretar\u00eda Regional Ministerial de Educaci\u00f3n, adscribieron al primer Convenio de Convalidaci\u00f3n de la Educaci\u00f3n T\u00e9cnico Profesional de la Regi\u00f3n, en una ceremonia efectuada en el Colegio Obispo Labb\u00e9. La ceremonia estuvo encabezada por el seremi de Educaci\u00f3n, Natan Olivos junto a los rectores del CFT Estatal, Jorge Villegas Ahumada; Rector de Inacap Iquique, Sebasti\u00e1n Cabello; Directora General de Docencia de la Universidad Arturo Prat, M\u00f3nica Cuevas; Rector del Colegio Obispo Labb\u00e9, Claudio Olivares; Director Regional de la Superintendencia de Educaci\u00f3n Escolar, Ricardo Villalba y Director Regional de JUNAEB (s) Marcelo Rebolledo. Este convenio, establecido a nivel nacional y refrendado en regiones, permitir\u00e1 que los estudiantes de las especialidades de Telecomunicaciones, Electricidad, Administraci\u00f3n (menci\u00f3n Recursos Humanos) y Mec\u00e1nica Automotriz, que est\u00e9n en liceos de Educaci\u00f3n Media T\u00e9cnico Profesional (EMTP) en categor\u00eda \u201calto\u201d o que asistan a Liceos Bicentenario en categor\u00eda \u201cmedio\u201d y \u201calto\u201d, convalidar al menos tres asignaturas de forma inmediata al momento de ingresar a carreras afines en la Educaci\u00f3n Superior. \u201cEste acuerdo es el primer paso para la articulaci\u00f3n de la Educaci\u00f3n Media y la Educaci\u00f3n Superior. De esta forma apuntamos a fortalecer y modernizar la Formaci\u00f3n T\u00e9cnico Profesional, para que m\u00e1s j\u00f3venes tengan la oportunidad de mejorar la adquisici\u00f3n y el desarrollo de competencias y habilidades con ello puedan insertarse en el mercado laboral. El Gobierno del Presidente Sebasti\u00e1n Pi\u00f1era ha establecido tres ejes fundamentales en su pol\u00edtica p\u00fablica en materia de Educaci\u00f3n y junto con la calidad y la Educaci\u00f3n Parvularia, la Formaci\u00f3n T\u00e9cnico Profesional es un pilar esencial porque es el motor que mueve al pa\u00eds y es el futuro para el desarrollo y crecimiento de nuestras comunidades\u201d, expres\u00f3 el seremi de Educaci\u00f3n Natan Olivos. La autoridad regional explic\u00f3 que esta convalidaci\u00f3n, que comenzar\u00e1 a regir desde el 2020, forma parte de la agenda de modernizaci\u00f3n de la Formaci\u00f3n T\u00e9cnico Profesional y busca promover la vinculaci\u00f3n entre la educaci\u00f3n media TP, la educaci\u00f3n superior TP y el sector productivo. Agreg\u00f3 que cada instituci\u00f3n de Educaci\u00f3n Superior adscrita podr\u00e1 reconocer un n\u00famero mayor de asignaturas o incorporar otras especialidades si as\u00ed lo requiere y que anualmente entregar\u00e1 un informe de seguimiento con el rendimiento de los estudiantes para determinar el impacto de este convenio y establecer las acciones de mejora que sean necesarias. CFT ESTATAL Jorge Villegas Ahumada, Rector del CFT Estatal de Tarapac\u00e1, se\u00f1al\u00f3 que este convenio representa un anhelo largamente esperado: \u201cYo llevo muchos a\u00f1os en la formaci\u00f3n t\u00e9cnica y necesit\u00e1bamos y quer\u00edamos y muchas veces lo hac\u00edamos de buena voluntad, pero ahora siendo algo formal es un tremendo avance para la formaci\u00f3n t\u00e9cnica.\u00a0 Definitivamente ese puente que tantos a\u00f1os esper\u00e1bamos por fin se abri\u00f3\u00a0y, por lo tanto, el l\u00edmite es todo lo que podamos hacer, lo que significa que vamos a poder tomar gente de la educaci\u00f3n TP y ellos van a poder llegar hasta los m\u00e1s altos niveles de educaci\u00f3n y nosotros siendo parte de ese escal\u00f3n, como CFT Estatal, vamos a ser los primeros que los vamos a recibir. Por lo tanto, tenemos el compromiso de recibirlos y adaptarlos para todo lo que es la formaci\u00f3n superior que contin\u00faa con un IP o una Universidad. Este convenio es un hito, un cambio sustancial en la educaci\u00f3n chilena donde la educaci\u00f3n superior acoge a la educaci\u00f3n media y le da oportunidad de la continuidad, es fant\u00e1stico y maravilloso\u201d, coment\u00f3.\", \"Spanish Latin American Female\");\n                }\n            };\n        <\/script>\n    \n<p style=\"text-align: justify;\">El Centro de Formaci\u00f3n T\u00e9cnica Estatal de Tarapac\u00e1, Universidad Arturo Prat e Inacap Iquique, junto a la Secretar\u00eda Regional Ministerial de Educaci\u00f3n, adscribieron al primer Convenio de Convalidaci\u00f3n de la Educaci\u00f3n T\u00e9cnico Profesional de la Regi\u00f3n, en una ceremonia efectuada en el Colegio Obispo Labb\u00e9.<\/p>\n<p><!--more--><\/p>\n<p style=\"text-align: justify;\">La ceremonia estuvo encabezada por el seremi de Educaci\u00f3n, Natan Olivos junto a los rectores del CFT Estatal, Jorge Villegas Ahumada; Rector de Inacap Iquique, Sebasti\u00e1n Cabello; Directora General de Docencia de la Universidad Arturo Prat, M\u00f3nica Cuevas; Rector del Colegio Obispo Labb\u00e9, Claudio Olivares; Director Regional de la Superintendencia de Educaci\u00f3n Escolar, Ricardo Villalba y Director Regional de JUNAEB (s) Marcelo Rebolledo.<\/p>\n<p style=\"text-align: justify;\">Este convenio, establecido a nivel nacional y refrendado en regiones, permitir\u00e1 que los estudiantes de las especialidades de Telecomunicaciones, Electricidad, Administraci\u00f3n (menci\u00f3n Recursos Humanos) y Mec\u00e1nica Automotriz, que est\u00e9n en liceos de Educaci\u00f3n Media T\u00e9cnico Profesional (EMTP) en categor\u00eda \u201calto\u201d o que asistan a Liceos Bicentenario en categor\u00eda \u201cmedio\u201d y \u201calto\u201d, convalidar al menos tres asignaturas de forma inmediata al momento de ingresar a carreras afines en la Educaci\u00f3n Superior.<\/p>\n<p style=\"text-align: justify;\">\u201cEste acuerdo es el primer paso para la articulaci\u00f3n de la Educaci\u00f3n Media y la Educaci\u00f3n Superior. De esta forma apuntamos a fortalecer y modernizar la Formaci\u00f3n T\u00e9cnico Profesional, para que m\u00e1s j\u00f3venes tengan la oportunidad de mejorar la adquisici\u00f3n y el desarrollo de competencias y habilidades con ello puedan insertarse en el mercado laboral. El Gobierno del Presidente Sebasti\u00e1n Pi\u00f1era ha establecido tres ejes fundamentales en su pol\u00edtica p\u00fablica en materia de Educaci\u00f3n y junto con la calidad y la Educaci\u00f3n Parvularia, la Formaci\u00f3n T\u00e9cnico Profesional es un pilar esencial porque es el motor que mueve al pa\u00eds y es el futuro para el desarrollo y crecimiento de nuestras comunidades\u201d, expres\u00f3 el seremi de Educaci\u00f3n Natan Olivos.<\/p>\n<p style=\"text-align: justify;\">La autoridad regional explic\u00f3 que esta convalidaci\u00f3n, que comenzar\u00e1 a regir desde el 2020, forma parte de la agenda de modernizaci\u00f3n de la Formaci\u00f3n T\u00e9cnico Profesional y busca promover la vinculaci\u00f3n entre la educaci\u00f3n media TP, la educaci\u00f3n superior TP y el sector productivo. Agreg\u00f3 que cada instituci\u00f3n de Educaci\u00f3n Superior adscrita podr\u00e1 reconocer un n\u00famero mayor de asignaturas o incorporar otras especialidades si as\u00ed lo requiere y que anualmente entregar\u00e1 un informe de seguimiento con el rendimiento de los estudiantes para determinar el impacto de este convenio y establecer las acciones de mejora que sean necesarias.<\/p>\n<p style=\"text-align: justify;\"><strong>CFT ESTATAL<\/strong><\/p>\n<p style=\"text-align: justify;\">Jorge Villegas Ahumada, Rector del CFT Estatal de Tarapac\u00e1, se\u00f1al\u00f3 que este convenio representa un anhelo largamente esperado: \u201cYo llevo muchos a\u00f1os en la formaci\u00f3n t\u00e9cnica y necesit\u00e1bamos y quer\u00edamos y muchas veces lo hac\u00edamos de buena voluntad, pero ahora siendo algo formal es un tremendo avance para la formaci\u00f3n t\u00e9cnica.\u00a0 Definitivamente ese puente que tantos a\u00f1os esper\u00e1bamos por fin se abri\u00f3\u00a0y, por lo tanto, el l\u00edmite es todo lo que podamos hacer, lo que significa que vamos a poder tomar gente de la educaci\u00f3n TP y ellos van a poder llegar hasta los m\u00e1s altos niveles de educaci\u00f3n y nosotros siendo parte de ese escal\u00f3n, como CFT Estatal, vamos a ser los primeros que los vamos a recibir. Por lo tanto, tenemos el compromiso de recibirlos y adaptarlos para todo lo que es la formaci\u00f3n superior que contin\u00faa con un IP o una Universidad. Este convenio es un hito, un cambio sustancial en la educaci\u00f3n chilena donde la educaci\u00f3n superior acoge a la educaci\u00f3n media y le da oportunidad de la continuidad, es fant\u00e1stico y maravilloso\u201d, coment\u00f3.<\/p>\n\n","protected":false},"excerpt":{"rendered":"<p>El Centro de Formaci\u00f3n T\u00e9cnica Estatal de Tarapac\u00e1, Universidad Arturo Prat e Inacap Iquique, junto a la Secretar\u00eda Regional Ministerial de Educaci\u00f3n, adscribieron al primer Convenio de Convalidaci\u00f3n de la&#8230;<\/p>\n","protected":false},"author":2,"featured_media":1848,"comment_status":"open","ping_status":"open","sticky":false,"template":"","format":"standard","meta":{"_joinchat":[],"footnotes":""},"categories":[49,52,45],"tags":[75,86,91,56,80,89],"class_list":["post-1847","post","type-post","status-publish","format-standard","has-post-thumbnail","hentry","category-academico","category-comunicados","category-vinculacion","tag-alto-hospicio","tag-cft-estatal-tarapaca","tag-cftech","tag-cftestataltarapaca","tag-educacion","tag-educacion-tecnica-profesional"],"yoast_head":"<!-- This site is optimized with the Yoast SEO plugin v27.4 - https:\/\/yoast.com\/product\/yoast-seo-wordpress\/ -->\n<title>Fortalecen articulaci\u00f3n de la Educaci\u00f3n Media TP con Educaci\u00f3n Superior a trav\u00e9s de convenio de convalidaci\u00f3n - CFT Estatal Tarapac\u00e1<\/title>\n<meta name=\"robots\" content=\"index, follow, max-snippet:-1, max-image-preview:large, max-video-preview:-1\" \/>\n<link rel=\"canonical\" href=\"https:\/\/www.cftestataltarapaca.cl\/inicio\/2019\/09\/04\/fortalecen-articulacion-de-la-educacion-media-tp-con-educacion-superior-a-traves-de-convenio-de-convalidacion\/\" \/>\n<meta property=\"og:locale\" content=\"es_ES\" \/>\n<meta property=\"og:type\" content=\"article\" \/>\n<meta property=\"og:title\" content=\"Fortalecen articulaci\u00f3n de la Educaci\u00f3n Media TP con Educaci\u00f3n Superior a trav\u00e9s de convenio de convalidaci\u00f3n - CFT Estatal Tarapac\u00e1\" \/>\n<meta property=\"og:description\" content=\"El Centro de Formaci\u00f3n T\u00e9cnica Estatal de Tarapac\u00e1, Universidad Arturo Prat e Inacap Iquique, junto a la Secretar\u00eda Regional Ministerial de Educaci\u00f3n, adscribieron al primer Convenio de Convalidaci\u00f3n de la...\" \/>\n<meta property=\"og:url\" content=\"https:\/\/www.cftestataltarapaca.cl\/inicio\/2019\/09\/04\/fortalecen-articulacion-de-la-educacion-media-tp-con-educacion-superior-a-traves-de-convenio-de-convalidacion\/\" \/>\n<meta property=\"og:site_name\" content=\"CFT Estatal Tarapac\u00e1\" \/>\n<meta property=\"article:publisher\" content=\"https:\/\/www.facebook.com\/CFTestataltarapaca\/\" \/>\n<meta property=\"article:published_time\" content=\"2019-09-04T21:32:16+00:00\" \/>\n<meta property=\"article:modified_time\" content=\"2019-09-06T19:34:07+00:00\" \/>\n<meta property=\"og:image\" content=\"https:\/\/www.cftestataltarapaca.cl\/inicio\/wp-content\/uploads\/2019\/09\/3-1.jpg\" \/>\n\t<meta property=\"og:image:width\" content=\"1000\" \/>\n\t<meta property=\"og:image:height\" content=\"666\" \/>\n\t<meta property=\"og:image:type\" content=\"image\/jpeg\" \/>\n<meta name=\"author\" content=\"Comunicaciones\" \/>\n<meta name=\"twitter:card\" content=\"summary_large_image\" \/>\n<meta name=\"twitter:creator\" content=\"@CFTesTarapaca\" \/>\n<meta name=\"twitter:site\" content=\"@CFTesTarapaca\" \/>\n<meta name=\"twitter:label1\" content=\"Escrito por\" \/>\n\t<meta name=\"twitter:data1\" content=\"Comunicaciones\" \/>\n\t<meta name=\"twitter:label2\" content=\"Tiempo de lectura\" \/>\n\t<meta name=\"twitter:data2\" content=\"3 minutos\" \/>\n<script type=\"application\/ld+json\" class=\"yoast-schema-graph\">{\"@context\":\"https:\\\/\\\/schema.org\",\"@graph\":[{\"@type\":\"Article\",\"@id\":\"https:\\\/\\\/www.cftestataltarapaca.cl\\\/inicio\\\/2019\\\/09\\\/04\\\/fortalecen-articulacion-de-la-educacion-media-tp-con-educacion-superior-a-traves-de-convenio-de-convalidacion\\\/#article\",\"isPartOf\":{\"@id\":\"https:\\\/\\\/www.cftestataltarapaca.cl\\\/inicio\\\/2019\\\/09\\\/04\\\/fortalecen-articulacion-de-la-educacion-media-tp-con-educacion-superior-a-traves-de-convenio-de-convalidacion\\\/\"},\"author\":{\"name\":\"Comunicaciones\",\"@id\":\"https:\\\/\\\/www.cftestataltarapaca.cl\\\/inicio\\\/#\\\/schema\\\/person\\\/ad1fbfa1fa7c3d3889f4ae5401dd660e\"},\"headline\":\"Fortalecen articulaci\u00f3n de la Educaci\u00f3n Media TP con Educaci\u00f3n Superior a trav\u00e9s de convenio de convalidaci\u00f3n\",\"datePublished\":\"2019-09-04T21:32:16+00:00\",\"dateModified\":\"2019-09-06T19:34:07+00:00\",\"mainEntityOfPage\":{\"@id\":\"https:\\\/\\\/www.cftestataltarapaca.cl\\\/inicio\\\/2019\\\/09\\\/04\\\/fortalecen-articulacion-de-la-educacion-media-tp-con-educacion-superior-a-traves-de-convenio-de-convalidacion\\\/\"},\"wordCount\":674,\"commentCount\":0,\"publisher\":{\"@id\":\"https:\\\/\\\/www.cftestataltarapaca.cl\\\/inicio\\\/#organization\"},\"image\":{\"@id\":\"https:\\\/\\\/www.cftestataltarapaca.cl\\\/inicio\\\/2019\\\/09\\\/04\\\/fortalecen-articulacion-de-la-educacion-media-tp-con-educacion-superior-a-traves-de-convenio-de-convalidacion\\\/#primaryimage\"},\"thumbnailUrl\":\"https:\\\/\\\/www.cftestataltarapaca.cl\\\/inicio\\\/wp-content\\\/uploads\\\/2019\\\/09\\\/3-1.jpg\",\"keywords\":[\"Alto Hospicio\",\"CFT Estatal Tarapac\u00e1\",\"CFTECH\",\"cftestataltarapaca\",\"educaci\u00f3n\",\"Educaci\u00f3n T\u00e9cnica Profesional\"],\"articleSection\":[\"Acad\u00e9mico\",\"Comunicados\",\"Vinculaci\u00f3n\"],\"inLanguage\":\"es\",\"potentialAction\":[{\"@type\":\"CommentAction\",\"name\":\"Comment\",\"target\":[\"https:\\\/\\\/www.cftestataltarapaca.cl\\\/inicio\\\/2019\\\/09\\\/04\\\/fortalecen-articulacion-de-la-educacion-media-tp-con-educacion-superior-a-traves-de-convenio-de-convalidacion\\\/#respond\"]}]},{\"@type\":\"WebPage\",\"@id\":\"https:\\\/\\\/www.cftestataltarapaca.cl\\\/inicio\\\/2019\\\/09\\\/04\\\/fortalecen-articulacion-de-la-educacion-media-tp-con-educacion-superior-a-traves-de-convenio-de-convalidacion\\\/\",\"url\":\"https:\\\/\\\/www.cftestataltarapaca.cl\\\/inicio\\\/2019\\\/09\\\/04\\\/fortalecen-articulacion-de-la-educacion-media-tp-con-educacion-superior-a-traves-de-convenio-de-convalidacion\\\/\",\"name\":\"Fortalecen articulaci\u00f3n de la Educaci\u00f3n Media TP con Educaci\u00f3n Superior a trav\u00e9s de convenio de convalidaci\u00f3n - CFT Estatal Tarapac\u00e1\",\"isPartOf\":{\"@id\":\"https:\\\/\\\/www.cftestataltarapaca.cl\\\/inicio\\\/#website\"},\"primaryImageOfPage\":{\"@id\":\"https:\\\/\\\/www.cftestataltarapaca.cl\\\/inicio\\\/2019\\\/09\\\/04\\\/fortalecen-articulacion-de-la-educacion-media-tp-con-educacion-superior-a-traves-de-convenio-de-convalidacion\\\/#primaryimage\"},\"image\":{\"@id\":\"https:\\\/\\\/www.cftestataltarapaca.cl\\\/inicio\\\/2019\\\/09\\\/04\\\/fortalecen-articulacion-de-la-educacion-media-tp-con-educacion-superior-a-traves-de-convenio-de-convalidacion\\\/#primaryimage\"},\"thumbnailUrl\":\"https:\\\/\\\/www.cftestataltarapaca.cl\\\/inicio\\\/wp-content\\\/uploads\\\/2019\\\/09\\\/3-1.jpg\",\"datePublished\":\"2019-09-04T21:32:16+00:00\",\"dateModified\":\"2019-09-06T19:34:07+00:00\",\"breadcrumb\":{\"@id\":\"https:\\\/\\\/www.cftestataltarapaca.cl\\\/inicio\\\/2019\\\/09\\\/04\\\/fortalecen-articulacion-de-la-educacion-media-tp-con-educacion-superior-a-traves-de-convenio-de-convalidacion\\\/#breadcrumb\"},\"inLanguage\":\"es\",\"potentialAction\":[{\"@type\":\"ReadAction\",\"target\":[\"https:\\\/\\\/www.cftestataltarapaca.cl\\\/inicio\\\/2019\\\/09\\\/04\\\/fortalecen-articulacion-de-la-educacion-media-tp-con-educacion-superior-a-traves-de-convenio-de-convalidacion\\\/\"]}]},{\"@type\":\"ImageObject\",\"inLanguage\":\"es\",\"@id\":\"https:\\\/\\\/www.cftestataltarapaca.cl\\\/inicio\\\/2019\\\/09\\\/04\\\/fortalecen-articulacion-de-la-educacion-media-tp-con-educacion-superior-a-traves-de-convenio-de-convalidacion\\\/#primaryimage\",\"url\":\"https:\\\/\\\/www.cftestataltarapaca.cl\\\/inicio\\\/wp-content\\\/uploads\\\/2019\\\/09\\\/3-1.jpg\",\"contentUrl\":\"https:\\\/\\\/www.cftestataltarapaca.cl\\\/inicio\\\/wp-content\\\/uploads\\\/2019\\\/09\\\/3-1.jpg\",\"width\":1000,\"height\":666,\"caption\":\"CFT Estatal Tarapac\u00e1\"},{\"@type\":\"BreadcrumbList\",\"@id\":\"https:\\\/\\\/www.cftestataltarapaca.cl\\\/inicio\\\/2019\\\/09\\\/04\\\/fortalecen-articulacion-de-la-educacion-media-tp-con-educacion-superior-a-traves-de-convenio-de-convalidacion\\\/#breadcrumb\",\"itemListElement\":[{\"@type\":\"ListItem\",\"position\":1,\"name\":\"Portada\",\"item\":\"https:\\\/\\\/www.cftestataltarapaca.cl\\\/inicio\\\/\"},{\"@type\":\"ListItem\",\"position\":2,\"name\":\"Fortalecen articulaci\u00f3n de la Educaci\u00f3n Media TP con Educaci\u00f3n Superior a trav\u00e9s de convenio de convalidaci\u00f3n\"}]},{\"@type\":\"WebSite\",\"@id\":\"https:\\\/\\\/www.cftestataltarapaca.cl\\\/inicio\\\/#website\",\"url\":\"https:\\\/\\\/www.cftestataltarapaca.cl\\\/inicio\\\/\",\"name\":\"CFT Estatal Tarapac\u00e1\",\"description\":\"Admisi\u00f3n 2025\",\"publisher\":{\"@id\":\"https:\\\/\\\/www.cftestataltarapaca.cl\\\/inicio\\\/#organization\"},\"potentialAction\":[{\"@type\":\"SearchAction\",\"target\":{\"@type\":\"EntryPoint\",\"urlTemplate\":\"https:\\\/\\\/www.cftestataltarapaca.cl\\\/inicio\\\/?s={search_term_string}\"},\"query-input\":{\"@type\":\"PropertyValueSpecification\",\"valueRequired\":true,\"valueName\":\"search_term_string\"}}],\"inLanguage\":\"es\"},{\"@type\":\"Organization\",\"@id\":\"https:\\\/\\\/www.cftestataltarapaca.cl\\\/inicio\\\/#organization\",\"name\":\"CFT Estatal Tarapac\u00e1\",\"url\":\"https:\\\/\\\/www.cftestataltarapaca.cl\\\/inicio\\\/\",\"logo\":{\"@type\":\"ImageObject\",\"inLanguage\":\"es\",\"@id\":\"https:\\\/\\\/www.cftestataltarapaca.cl\\\/inicio\\\/#\\\/schema\\\/logo\\\/image\\\/\",\"url\":\"https:\\\/\\\/www.cftestataltarapaca.cl\\\/inicio\\\/wp-content\\\/uploads\\\/2019\\\/03\\\/logo-retina-1.png\",\"contentUrl\":\"https:\\\/\\\/www.cftestataltarapaca.cl\\\/inicio\\\/wp-content\\\/uploads\\\/2019\\\/03\\\/logo-retina-1.png\",\"width\":401,\"height\":150,\"caption\":\"CFT Estatal Tarapac\u00e1\"},\"image\":{\"@id\":\"https:\\\/\\\/www.cftestataltarapaca.cl\\\/inicio\\\/#\\\/schema\\\/logo\\\/image\\\/\"},\"sameAs\":[\"https:\\\/\\\/www.facebook.com\\\/CFTestataltarapaca\\\/\",\"https:\\\/\\\/x.com\\\/CFTesTarapaca\",\"https:\\\/\\\/www.instagram.com\\\/CFTestataltarapaca\\\/\"]},{\"@type\":\"Person\",\"@id\":\"https:\\\/\\\/www.cftestataltarapaca.cl\\\/inicio\\\/#\\\/schema\\\/person\\\/ad1fbfa1fa7c3d3889f4ae5401dd660e\",\"name\":\"Comunicaciones\",\"image\":{\"@type\":\"ImageObject\",\"inLanguage\":\"es\",\"@id\":\"https:\\\/\\\/secure.gravatar.com\\\/avatar\\\/ed1c2728327f20a5a62edaeb7dc181858f225b765044c5314c3d1059a1bd992f?s=96&d=mm&r=g\",\"url\":\"https:\\\/\\\/secure.gravatar.com\\\/avatar\\\/ed1c2728327f20a5a62edaeb7dc181858f225b765044c5314c3d1059a1bd992f?s=96&d=mm&r=g\",\"contentUrl\":\"https:\\\/\\\/secure.gravatar.com\\\/avatar\\\/ed1c2728327f20a5a62edaeb7dc181858f225b765044c5314c3d1059a1bd992f?s=96&d=mm&r=g\",\"caption\":\"Comunicaciones\"},\"sameAs\":[\"http:\\\/\\\/www.cftestataltarapaca.cl\"],\"url\":\"https:\\\/\\\/www.cftestataltarapaca.cl\\\/inicio\\\/author\\\/comunicaciones\\\/\"}]}<\/script>\n<!-- \/ Yoast SEO plugin. -->","yoast_head_json":{"title":"Fortalecen articulaci\u00f3n de la Educaci\u00f3n Media TP con Educaci\u00f3n Superior a trav\u00e9s de convenio de convalidaci\u00f3n - CFT Estatal Tarapac\u00e1","robots":{"index":"index","follow":"follow","max-snippet":"max-snippet:-1","max-image-preview":"max-image-preview:large","max-video-preview":"max-video-preview:-1"},"canonical":"https:\/\/www.cftestataltarapaca.cl\/inicio\/2019\/09\/04\/fortalecen-articulacion-de-la-educacion-media-tp-con-educacion-superior-a-traves-de-convenio-de-convalidacion\/","og_locale":"es_ES","og_type":"article","og_title":"Fortalecen articulaci\u00f3n de la Educaci\u00f3n Media TP con Educaci\u00f3n Superior a trav\u00e9s de convenio de convalidaci\u00f3n - CFT Estatal Tarapac\u00e1","og_description":"El Centro de Formaci\u00f3n T\u00e9cnica Estatal de Tarapac\u00e1, Universidad Arturo Prat e Inacap Iquique, junto a la Secretar\u00eda Regional Ministerial de Educaci\u00f3n, adscribieron al primer Convenio de Convalidaci\u00f3n de la...","og_url":"https:\/\/www.cftestataltarapaca.cl\/inicio\/2019\/09\/04\/fortalecen-articulacion-de-la-educacion-media-tp-con-educacion-superior-a-traves-de-convenio-de-convalidacion\/","og_site_name":"CFT Estatal Tarapac\u00e1","article_publisher":"https:\/\/www.facebook.com\/CFTestataltarapaca\/","article_published_time":"2019-09-04T21:32:16+00:00","article_modified_time":"2019-09-06T19:34:07+00:00","og_image":[{"width":1000,"height":666,"url":"https:\/\/www.cftestataltarapaca.cl\/inicio\/wp-content\/uploads\/2019\/09\/3-1.jpg","type":"image\/jpeg"}],"author":"Comunicaciones","twitter_card":"summary_large_image","twitter_creator":"@CFTesTarapaca","twitter_site":"@CFTesTarapaca","twitter_misc":{"Escrito por":"Comunicaciones","Tiempo de lectura":"3 minutos"},"schema":{"@context":"https:\/\/schema.org","@graph":[{"@type":"Article","@id":"https:\/\/www.cftestataltarapaca.cl\/inicio\/2019\/09\/04\/fortalecen-articulacion-de-la-educacion-media-tp-con-educacion-superior-a-traves-de-convenio-de-convalidacion\/#article","isPartOf":{"@id":"https:\/\/www.cftestataltarapaca.cl\/inicio\/2019\/09\/04\/fortalecen-articulacion-de-la-educacion-media-tp-con-educacion-superior-a-traves-de-convenio-de-convalidacion\/"},"author":{"name":"Comunicaciones","@id":"https:\/\/www.cftestataltarapaca.cl\/inicio\/#\/schema\/person\/ad1fbfa1fa7c3d3889f4ae5401dd660e"},"headline":"Fortalecen articulaci\u00f3n de la Educaci\u00f3n Media TP con Educaci\u00f3n Superior a trav\u00e9s de convenio de convalidaci\u00f3n","datePublished":"2019-09-04T21:32:16+00:00","dateModified":"2019-09-06T19:34:07+00:00","mainEntityOfPage":{"@id":"https:\/\/www.cftestataltarapaca.cl\/inicio\/2019\/09\/04\/fortalecen-articulacion-de-la-educacion-media-tp-con-educacion-superior-a-traves-de-convenio-de-convalidacion\/"},"wordCount":674,"commentCount":0,"publisher":{"@id":"https:\/\/www.cftestataltarapaca.cl\/inicio\/#organization"},"image":{"@id":"https:\/\/www.cftestataltarapaca.cl\/inicio\/2019\/09\/04\/fortalecen-articulacion-de-la-educacion-media-tp-con-educacion-superior-a-traves-de-convenio-de-convalidacion\/#primaryimage"},"thumbnailUrl":"https:\/\/www.cftestataltarapaca.cl\/inicio\/wp-content\/uploads\/2019\/09\/3-1.jpg","keywords":["Alto Hospicio","CFT Estatal Tarapac\u00e1","CFTECH","cftestataltarapaca","educaci\u00f3n","Educaci\u00f3n T\u00e9cnica Profesional"],"articleSection":["Acad\u00e9mico","Comunicados","Vinculaci\u00f3n"],"inLanguage":"es","potentialAction":[{"@type":"CommentAction","name":"Comment","target":["https:\/\/www.cftestataltarapaca.cl\/inicio\/2019\/09\/04\/fortalecen-articulacion-de-la-educacion-media-tp-con-educacion-superior-a-traves-de-convenio-de-convalidacion\/#respond"]}]},{"@type":"WebPage","@id":"https:\/\/www.cftestataltarapaca.cl\/inicio\/2019\/09\/04\/fortalecen-articulacion-de-la-educacion-media-tp-con-educacion-superior-a-traves-de-convenio-de-convalidacion\/","url":"https:\/\/www.cftestataltarapaca.cl\/inicio\/2019\/09\/04\/fortalecen-articulacion-de-la-educacion-media-tp-con-educacion-superior-a-traves-de-convenio-de-convalidacion\/","name":"Fortalecen articulaci\u00f3n de la Educaci\u00f3n Media TP con Educaci\u00f3n Superior a trav\u00e9s de convenio de convalidaci\u00f3n - CFT Estatal Tarapac\u00e1","isPartOf":{"@id":"https:\/\/www.cftestataltarapaca.cl\/inicio\/#website"},"primaryImageOfPage":{"@id":"https:\/\/www.cftestataltarapaca.cl\/inicio\/2019\/09\/04\/fortalecen-articulacion-de-la-educacion-media-tp-con-educacion-superior-a-traves-de-convenio-de-convalidacion\/#primaryimage"},"image":{"@id":"https:\/\/www.cftestataltarapaca.cl\/inicio\/2019\/09\/04\/fortalecen-articulacion-de-la-educacion-media-tp-con-educacion-superior-a-traves-de-convenio-de-convalidacion\/#primaryimage"},"thumbnailUrl":"https:\/\/www.cftestataltarapaca.cl\/inicio\/wp-content\/uploads\/2019\/09\/3-1.jpg","datePublished":"2019-09-04T21:32:16+00:00","dateModified":"2019-09-06T19:34:07+00:00","breadcrumb":{"@id":"https:\/\/www.cftestataltarapaca.cl\/inicio\/2019\/09\/04\/fortalecen-articulacion-de-la-educacion-media-tp-con-educacion-superior-a-traves-de-convenio-de-convalidacion\/#breadcrumb"},"inLanguage":"es","potentialAction":[{"@type":"ReadAction","target":["https:\/\/www.cftestataltarapaca.cl\/inicio\/2019\/09\/04\/fortalecen-articulacion-de-la-educacion-media-tp-con-educacion-superior-a-traves-de-convenio-de-convalidacion\/"]}]},{"@type":"ImageObject","inLanguage":"es","@id":"https:\/\/www.cftestataltarapaca.cl\/inicio\/2019\/09\/04\/fortalecen-articulacion-de-la-educacion-media-tp-con-educacion-superior-a-traves-de-convenio-de-convalidacion\/#primaryimage","url":"https:\/\/www.cftestataltarapaca.cl\/inicio\/wp-content\/uploads\/2019\/09\/3-1.jpg","contentUrl":"https:\/\/www.cftestataltarapaca.cl\/inicio\/wp-content\/uploads\/2019\/09\/3-1.jpg","width":1000,"height":666,"caption":"CFT Estatal Tarapac\u00e1"},{"@type":"BreadcrumbList","@id":"https:\/\/www.cftestataltarapaca.cl\/inicio\/2019\/09\/04\/fortalecen-articulacion-de-la-educacion-media-tp-con-educacion-superior-a-traves-de-convenio-de-convalidacion\/#breadcrumb","itemListElement":[{"@type":"ListItem","position":1,"name":"Portada","item":"https:\/\/www.cftestataltarapaca.cl\/inicio\/"},{"@type":"ListItem","position":2,"name":"Fortalecen articulaci\u00f3n de la Educaci\u00f3n Media TP con Educaci\u00f3n Superior a trav\u00e9s de convenio de convalidaci\u00f3n"}]},{"@type":"WebSite","@id":"https:\/\/www.cftestataltarapaca.cl\/inicio\/#website","url":"https:\/\/www.cftestataltarapaca.cl\/inicio\/","name":"CFT Estatal Tarapac\u00e1","description":"Admisi\u00f3n 2025","publisher":{"@id":"https:\/\/www.cftestataltarapaca.cl\/inicio\/#organization"},"potentialAction":[{"@type":"SearchAction","target":{"@type":"EntryPoint","urlTemplate":"https:\/\/www.cftestataltarapaca.cl\/inicio\/?s={search_term_string}"},"query-input":{"@type":"PropertyValueSpecification","valueRequired":true,"valueName":"search_term_string"}}],"inLanguage":"es"},{"@type":"Organization","@id":"https:\/\/www.cftestataltarapaca.cl\/inicio\/#organization","name":"CFT Estatal Tarapac\u00e1","url":"https:\/\/www.cftestataltarapaca.cl\/inicio\/","logo":{"@type":"ImageObject","inLanguage":"es","@id":"https:\/\/www.cftestataltarapaca.cl\/inicio\/#\/schema\/logo\/image\/","url":"https:\/\/www.cftestataltarapaca.cl\/inicio\/wp-content\/uploads\/2019\/03\/logo-retina-1.png","contentUrl":"https:\/\/www.cftestataltarapaca.cl\/inicio\/wp-content\/uploads\/2019\/03\/logo-retina-1.png","width":401,"height":150,"caption":"CFT Estatal Tarapac\u00e1"},"image":{"@id":"https:\/\/www.cftestataltarapaca.cl\/inicio\/#\/schema\/logo\/image\/"},"sameAs":["https:\/\/www.facebook.com\/CFTestataltarapaca\/","https:\/\/x.com\/CFTesTarapaca","https:\/\/www.instagram.com\/CFTestataltarapaca\/"]},{"@type":"Person","@id":"https:\/\/www.cftestataltarapaca.cl\/inicio\/#\/schema\/person\/ad1fbfa1fa7c3d3889f4ae5401dd660e","name":"Comunicaciones","image":{"@type":"ImageObject","inLanguage":"es","@id":"https:\/\/secure.gravatar.com\/avatar\/ed1c2728327f20a5a62edaeb7dc181858f225b765044c5314c3d1059a1bd992f?s=96&d=mm&r=g","url":"https:\/\/secure.gravatar.com\/avatar\/ed1c2728327f20a5a62edaeb7dc181858f225b765044c5314c3d1059a1bd992f?s=96&d=mm&r=g","contentUrl":"https:\/\/secure.gravatar.com\/avatar\/ed1c2728327f20a5a62edaeb7dc181858f225b765044c5314c3d1059a1bd992f?s=96&d=mm&r=g","caption":"Comunicaciones"},"sameAs":["http:\/\/www.cftestataltarapaca.cl"],"url":"https:\/\/www.cftestataltarapaca.cl\/inicio\/author\/comunicaciones\/"}]}},"publishpress_future_action":{"enabled":false,"date":"2026-05-09 09:25:27","action":"change-status","newStatus":"draft","terms":[],"taxonomy":"category","extraData":[]},"publishpress_future_workflow_manual_trigger":{"enabledWorkflows":[]},"_links":{"self":[{"href":"https:\/\/www.cftestataltarapaca.cl\/inicio\/wp-json\/wp\/v2\/posts\/1847","targetHints":{"allow":["GET"]}}],"collection":[{"href":"https:\/\/www.cftestataltarapaca.cl\/inicio\/wp-json\/wp\/v2\/posts"}],"about":[{"href":"https:\/\/www.cftestataltarapaca.cl\/inicio\/wp-json\/wp\/v2\/types\/post"}],"author":[{"embeddable":true,"href":"https:\/\/www.cftestataltarapaca.cl\/inicio\/wp-json\/wp\/v2\/users\/2"}],"replies":[{"embeddable":true,"href":"https:\/\/www.cftestataltarapaca.cl\/inicio\/wp-json\/wp\/v2\/comments?post=1847"}],"version-history":[{"count":4,"href":"https:\/\/www.cftestataltarapaca.cl\/inicio\/wp-json\/wp\/v2\/posts\/1847\/revisions"}],"predecessor-version":[{"id":1866,"href":"https:\/\/www.cftestataltarapaca.cl\/inicio\/wp-json\/wp\/v2\/posts\/1847\/revisions\/1866"}],"wp:featuredmedia":[{"embeddable":true,"href":"https:\/\/www.cftestataltarapaca.cl\/inicio\/wp-json\/wp\/v2\/media\/1848"}],"wp:attachment":[{"href":"https:\/\/www.cftestataltarapaca.cl\/inicio\/wp-json\/wp\/v2\/media?parent=1847"}],"wp:term":[{"taxonomy":"category","embeddable":true,"href":"https:\/\/www.cftestataltarapaca.cl\/inicio\/wp-json\/wp\/v2\/categories?post=1847"},{"taxonomy":"post_tag","embeddable":true,"href":"https:\/\/www.cftestataltarapaca.cl\/inicio\/wp-json\/wp\/v2\/tags?post=1847"}],"curies":[{"name":"wp","href":"https:\/\/api.w.org\/{rel}","templated":true}]}}