{"id":1999,"date":"2019-09-26T13:53:40","date_gmt":"2019-09-26T13:53:40","guid":{"rendered":"https:\/\/www.cftestataltarapaca.cl\/inicio\/?p=1999"},"modified":"2019-09-26T16:27:20","modified_gmt":"2019-09-26T16:27:20","slug":"sence-y-cft-estatal-tarapaca-potencian-continuidad-de-estudios-superiores","status":"publish","type":"post","link":"https:\/\/www.cftestataltarapaca.cl\/inicio\/2019\/09\/26\/sence-y-cft-estatal-tarapaca-potencian-continuidad-de-estudios-superiores\/","title":{"rendered":"SENCE y CFT Estatal Tarapac\u00e1 firman convenio para potenciar continuidad de estudios superiores"},"content":{"rendered":"<p style=\"text-align: justify\">Estudiar un oficio puede ser la puerta de entrada para seguir una carrera t\u00e9cnica de nivel superior de gran demanda y consideraci\u00f3n en el mundo laboral, accediendo con ello a otros trabajos y a una mejor calidad de vida. As\u00ed lo entienden y promueven el Servicio Nacional de Capacitaci\u00f3n y Empleo (SENCE) y el Centro de Formaci\u00f3n T\u00e9cnica Estatal de Tarapac\u00e1 con la firma del convenio de colaboraci\u00f3n que busca potenciar la continuidad de estudios.<br \/>\nEn ceremonia realizada en dependencias del CFT Estatal Tarapac\u00e1, se oficializ\u00f3 la alianza, la cual cont\u00f3 con la presencia de la seremi del Trabajo, Cibel Jim\u00e9nez junto al director regional del SENCE, Roberto Varas y al rector del CFT Estatal, Jorge Villegas Ahumada.<br \/>\nEl convenio permitir\u00e1 desarrollar el Programa de Capacitaci\u00f3n F\u00f3rmate para el Trabajo L\u00ednea Continuidad de Estudios 2019, a trav\u00e9s del cual Sence transfiere recursos al CFT Estatal para el desarrollo de cursos de oficios que tendr\u00e1n continuidad en las carretas t\u00e9cnicas de nivel superior que imparte la instituci\u00f3n.<br \/>\nAl respecto al rector del CFT Estatal Tarapac\u00e1, Jorge Villegas Ahumada, se\u00f1al\u00f3 que para la instituci\u00f3n es un compromiso el colaborar al desarrollo de la regi\u00f3n a trav\u00e9s de la educaci\u00f3n. Destac\u00f3 el paso que se est\u00e1 dando con la continuidad de estudios y de seguir estudios superiores.<br \/>\nDe igual forma el director del Sence, Roberto Varas, reconoci\u00f3 el trabajo del CFT Estatal, instituci\u00f3n experta en la formaci\u00f3n t\u00e9cnica.<br \/>\nFinalmente la seremi del Trabajo, Cibel Jim\u00e9nez valor\u00f3 la oportunidad de acceder a mejores y mayores oportunidades laborales al contar con m\u00e1s herramientas y conocimientos.<\/p>\n<p style=\"text-align: justify\">CURSOS Y CARRERAS<br \/>\nEl programa contempla la ejecuci\u00f3n de dos cursos, los que corresponden a Asistente Cadena Log\u00edstica el cual es articulado con la carrera de TNS de Log\u00edstica y a de Mantenedor de Apoyo de Equipos M\u00f3viles y Fijos, que estar\u00e1 articulado con la carrera TNS Mec\u00e1nico en mantenimiento predictivo.<br \/>\nAmbos cursos ser\u00e1n dise\u00f1ados por el CFT Estatal considerando, preferentemente, los sectores productivos identificados en el Marco de Cualificaciones T\u00e9cnico Profesional.<br \/>\nLos planes de capacitaci\u00f3n tendr\u00e1n una duraci\u00f3n m\u00e1xima de 300 horas cada uno y estar\u00e1n dise\u00f1ados para un total de 25 participantes por cursos, todos impartidos en el campus del CFT Estatal Tarapac\u00e1, en Alto Hospicio.<br \/>\nPara rendir los cursos solo se requiere tener rendido el cuarto a\u00f1o de ense\u00f1anza media y pertenecer al 60 por ciento de poblaci\u00f3n vulnerable.<\/p>\n","protected":false},"excerpt":{"rendered":"<p>Estudiar un oficio puede ser la puerta de entrada para seguir una carrera t\u00e9cnica de nivel superior de gran demanda y consideraci\u00f3n en el mundo laboral, accediendo con ello a&#8230;<\/p>\n","protected":false},"author":2,"featured_media":2000,"comment_status":"open","ping_status":"open","sticky":false,"template":"","format":"standard","meta":{"_joinchat":[],"footnotes":""},"categories":[49,52,45],"tags":[75,86,96,80,79,82],"class_list":["post-1999","post","type-post","status-publish","format-standard","has-post-thumbnail","hentry","category-academico","category-comunicados","category-vinculacion","tag-alto-hospicio","tag-cft-estatal-tarapaca","tag-continuidad-de-estudios","tag-educacion","tag-formacion-continua","tag-vinculacion"],"yoast_head":"<!-- This site is optimized with the Yoast SEO plugin v27.4 - https:\/\/yoast.com\/product\/yoast-seo-wordpress\/ -->\n<title>SENCE y CFT Estatal Tarapac\u00e1 firman convenio para potenciar continuidad de estudios superiores - CFT Estatal Tarapac\u00e1<\/title>\n<meta name=\"robots\" content=\"index, follow, max-snippet:-1, max-image-preview:large, max-video-preview:-1\" \/>\n<link rel=\"canonical\" href=\"https:\/\/www.cftestataltarapaca.cl\/inicio\/2019\/09\/26\/sence-y-cft-estatal-tarapaca-potencian-continuidad-de-estudios-superiores\/\" \/>\n<meta property=\"og:locale\" content=\"es_ES\" \/>\n<meta property=\"og:type\" content=\"article\" \/>\n<meta property=\"og:title\" content=\"SENCE y CFT Estatal Tarapac\u00e1 firman convenio para potenciar continuidad de estudios superiores - CFT Estatal Tarapac\u00e1\" \/>\n<meta property=\"og:description\" content=\"Estudiar un oficio puede ser la puerta de entrada para seguir una carrera t\u00e9cnica de nivel superior de gran demanda y consideraci\u00f3n en el mundo laboral, accediendo con ello a...\" \/>\n<meta property=\"og:url\" content=\"https:\/\/www.cftestataltarapaca.cl\/inicio\/2019\/09\/26\/sence-y-cft-estatal-tarapaca-potencian-continuidad-de-estudios-superiores\/\" \/>\n<meta property=\"og:site_name\" content=\"CFT Estatal Tarapac\u00e1\" \/>\n<meta property=\"article:publisher\" content=\"https:\/\/www.facebook.com\/CFTestataltarapaca\/\" \/>\n<meta property=\"article:published_time\" content=\"2019-09-26T13:53:40+00:00\" \/>\n<meta property=\"article:modified_time\" content=\"2019-09-26T16:27:20+00:00\" \/>\n<meta property=\"og:image\" content=\"https:\/\/www.cftestataltarapaca.cl\/inicio\/wp-content\/uploads\/2019\/09\/Firma-Sence-12-1.jpg\" \/>\n\t<meta property=\"og:image:width\" content=\"2000\" \/>\n\t<meta property=\"og:image:height\" content=\"1333\" \/>\n\t<meta property=\"og:image:type\" content=\"image\/jpeg\" \/>\n<meta name=\"author\" content=\"Comunicaciones\" \/>\n<meta name=\"twitter:card\" content=\"summary_large_image\" \/>\n<meta name=\"twitter:creator\" content=\"@CFTesTarapaca\" \/>\n<meta name=\"twitter:site\" content=\"@CFTesTarapaca\" \/>\n<meta name=\"twitter:label1\" content=\"Escrito por\" \/>\n\t<meta name=\"twitter:data1\" content=\"Comunicaciones\" \/>\n\t<meta name=\"twitter:label2\" content=\"Tiempo de lectura\" \/>\n\t<meta name=\"twitter:data2\" content=\"2 minutos\" \/>\n<script type=\"application\/ld+json\" class=\"yoast-schema-graph\">{\"@context\":\"https:\\\/\\\/schema.org\",\"@graph\":[{\"@type\":\"Article\",\"@id\":\"https:\\\/\\\/www.cftestataltarapaca.cl\\\/inicio\\\/2019\\\/09\\\/26\\\/sence-y-cft-estatal-tarapaca-potencian-continuidad-de-estudios-superiores\\\/#article\",\"isPartOf\":{\"@id\":\"https:\\\/\\\/www.cftestataltarapaca.cl\\\/inicio\\\/2019\\\/09\\\/26\\\/sence-y-cft-estatal-tarapaca-potencian-continuidad-de-estudios-superiores\\\/\"},\"author\":{\"name\":\"Comunicaciones\",\"@id\":\"https:\\\/\\\/www.cftestataltarapaca.cl\\\/inicio\\\/#\\\/schema\\\/person\\\/ad1fbfa1fa7c3d3889f4ae5401dd660e\"},\"headline\":\"SENCE y CFT Estatal Tarapac\u00e1 firman convenio para potenciar continuidad de estudios superiores\",\"datePublished\":\"2019-09-26T13:53:40+00:00\",\"dateModified\":\"2019-09-26T16:27:20+00:00\",\"mainEntityOfPage\":{\"@id\":\"https:\\\/\\\/www.cftestataltarapaca.cl\\\/inicio\\\/2019\\\/09\\\/26\\\/sence-y-cft-estatal-tarapaca-potencian-continuidad-de-estudios-superiores\\\/\"},\"wordCount\":442,\"commentCount\":0,\"publisher\":{\"@id\":\"https:\\\/\\\/www.cftestataltarapaca.cl\\\/inicio\\\/#organization\"},\"image\":{\"@id\":\"https:\\\/\\\/www.cftestataltarapaca.cl\\\/inicio\\\/2019\\\/09\\\/26\\\/sence-y-cft-estatal-tarapaca-potencian-continuidad-de-estudios-superiores\\\/#primaryimage\"},\"thumbnailUrl\":\"https:\\\/\\\/www.cftestataltarapaca.cl\\\/inicio\\\/wp-content\\\/uploads\\\/2019\\\/09\\\/Firma-Sence-12-1.jpg\",\"keywords\":[\"Alto Hospicio\",\"CFT Estatal Tarapac\u00e1\",\"continuidad de estudios\",\"educaci\u00f3n\",\"formaci\u00f3n continua\",\"vinculaci\u00f3n\"],\"articleSection\":[\"Acad\u00e9mico\",\"Comunicados\",\"Vinculaci\u00f3n\"],\"inLanguage\":\"es\",\"potentialAction\":[{\"@type\":\"CommentAction\",\"name\":\"Comment\",\"target\":[\"https:\\\/\\\/www.cftestataltarapaca.cl\\\/inicio\\\/2019\\\/09\\\/26\\\/sence-y-cft-estatal-tarapaca-potencian-continuidad-de-estudios-superiores\\\/#respond\"]}]},{\"@type\":\"WebPage\",\"@id\":\"https:\\\/\\\/www.cftestataltarapaca.cl\\\/inicio\\\/2019\\\/09\\\/26\\\/sence-y-cft-estatal-tarapaca-potencian-continuidad-de-estudios-superiores\\\/\",\"url\":\"https:\\\/\\\/www.cftestataltarapaca.cl\\\/inicio\\\/2019\\\/09\\\/26\\\/sence-y-cft-estatal-tarapaca-potencian-continuidad-de-estudios-superiores\\\/\",\"name\":\"SENCE y CFT Estatal Tarapac\u00e1 firman convenio para potenciar continuidad de estudios superiores - CFT Estatal Tarapac\u00e1\",\"isPartOf\":{\"@id\":\"https:\\\/\\\/www.cftestataltarapaca.cl\\\/inicio\\\/#website\"},\"primaryImageOfPage\":{\"@id\":\"https:\\\/\\\/www.cftestataltarapaca.cl\\\/inicio\\\/2019\\\/09\\\/26\\\/sence-y-cft-estatal-tarapaca-potencian-continuidad-de-estudios-superiores\\\/#primaryimage\"},\"image\":{\"@id\":\"https:\\\/\\\/www.cftestataltarapaca.cl\\\/inicio\\\/2019\\\/09\\\/26\\\/sence-y-cft-estatal-tarapaca-potencian-continuidad-de-estudios-superiores\\\/#primaryimage\"},\"thumbnailUrl\":\"https:\\\/\\\/www.cftestataltarapaca.cl\\\/inicio\\\/wp-content\\\/uploads\\\/2019\\\/09\\\/Firma-Sence-12-1.jpg\",\"datePublished\":\"2019-09-26T13:53:40+00:00\",\"dateModified\":\"2019-09-26T16:27:20+00:00\",\"breadcrumb\":{\"@id\":\"https:\\\/\\\/www.cftestataltarapaca.cl\\\/inicio\\\/2019\\\/09\\\/26\\\/sence-y-cft-estatal-tarapaca-potencian-continuidad-de-estudios-superiores\\\/#breadcrumb\"},\"inLanguage\":\"es\",\"potentialAction\":[{\"@type\":\"ReadAction\",\"target\":[\"https:\\\/\\\/www.cftestataltarapaca.cl\\\/inicio\\\/2019\\\/09\\\/26\\\/sence-y-cft-estatal-tarapaca-potencian-continuidad-de-estudios-superiores\\\/\"]}]},{\"@type\":\"ImageObject\",\"inLanguage\":\"es\",\"@id\":\"https:\\\/\\\/www.cftestataltarapaca.cl\\\/inicio\\\/2019\\\/09\\\/26\\\/sence-y-cft-estatal-tarapaca-potencian-continuidad-de-estudios-superiores\\\/#primaryimage\",\"url\":\"https:\\\/\\\/www.cftestataltarapaca.cl\\\/inicio\\\/wp-content\\\/uploads\\\/2019\\\/09\\\/Firma-Sence-12-1.jpg\",\"contentUrl\":\"https:\\\/\\\/www.cftestataltarapaca.cl\\\/inicio\\\/wp-content\\\/uploads\\\/2019\\\/09\\\/Firma-Sence-12-1.jpg\",\"width\":2000,\"height\":1333},{\"@type\":\"BreadcrumbList\",\"@id\":\"https:\\\/\\\/www.cftestataltarapaca.cl\\\/inicio\\\/2019\\\/09\\\/26\\\/sence-y-cft-estatal-tarapaca-potencian-continuidad-de-estudios-superiores\\\/#breadcrumb\",\"itemListElement\":[{\"@type\":\"ListItem\",\"position\":1,\"name\":\"Portada\",\"item\":\"https:\\\/\\\/www.cftestataltarapaca.cl\\\/inicio\\\/\"},{\"@type\":\"ListItem\",\"position\":2,\"name\":\"SENCE y CFT Estatal Tarapac\u00e1 firman convenio para potenciar continuidad de estudios superiores\"}]},{\"@type\":\"WebSite\",\"@id\":\"https:\\\/\\\/www.cftestataltarapaca.cl\\\/inicio\\\/#website\",\"url\":\"https:\\\/\\\/www.cftestataltarapaca.cl\\\/inicio\\\/\",\"name\":\"CFT Estatal Tarapac\u00e1\",\"description\":\"Admisi\u00f3n 2025\",\"publisher\":{\"@id\":\"https:\\\/\\\/www.cftestataltarapaca.cl\\\/inicio\\\/#organization\"},\"potentialAction\":[{\"@type\":\"SearchAction\",\"target\":{\"@type\":\"EntryPoint\",\"urlTemplate\":\"https:\\\/\\\/www.cftestataltarapaca.cl\\\/inicio\\\/?s={search_term_string}\"},\"query-input\":{\"@type\":\"PropertyValueSpecification\",\"valueRequired\":true,\"valueName\":\"search_term_string\"}}],\"inLanguage\":\"es\"},{\"@type\":\"Organization\",\"@id\":\"https:\\\/\\\/www.cftestataltarapaca.cl\\\/inicio\\\/#organization\",\"name\":\"CFT Estatal Tarapac\u00e1\",\"url\":\"https:\\\/\\\/www.cftestataltarapaca.cl\\\/inicio\\\/\",\"logo\":{\"@type\":\"ImageObject\",\"inLanguage\":\"es\",\"@id\":\"https:\\\/\\\/www.cftestataltarapaca.cl\\\/inicio\\\/#\\\/schema\\\/logo\\\/image\\\/\",\"url\":\"https:\\\/\\\/www.cftestataltarapaca.cl\\\/inicio\\\/wp-content\\\/uploads\\\/2019\\\/03\\\/logo-retina-1.png\",\"contentUrl\":\"https:\\\/\\\/www.cftestataltarapaca.cl\\\/inicio\\\/wp-content\\\/uploads\\\/2019\\\/03\\\/logo-retina-1.png\",\"width\":401,\"height\":150,\"caption\":\"CFT Estatal Tarapac\u00e1\"},\"image\":{\"@id\":\"https:\\\/\\\/www.cftestataltarapaca.cl\\\/inicio\\\/#\\\/schema\\\/logo\\\/image\\\/\"},\"sameAs\":[\"https:\\\/\\\/www.facebook.com\\\/CFTestataltarapaca\\\/\",\"https:\\\/\\\/x.com\\\/CFTesTarapaca\",\"https:\\\/\\\/www.instagram.com\\\/CFTestataltarapaca\\\/\"]},{\"@type\":\"Person\",\"@id\":\"https:\\\/\\\/www.cftestataltarapaca.cl\\\/inicio\\\/#\\\/schema\\\/person\\\/ad1fbfa1fa7c3d3889f4ae5401dd660e\",\"name\":\"Comunicaciones\",\"image\":{\"@type\":\"ImageObject\",\"inLanguage\":\"es\",\"@id\":\"https:\\\/\\\/secure.gravatar.com\\\/avatar\\\/ed1c2728327f20a5a62edaeb7dc181858f225b765044c5314c3d1059a1bd992f?s=96&d=mm&r=g\",\"url\":\"https:\\\/\\\/secure.gravatar.com\\\/avatar\\\/ed1c2728327f20a5a62edaeb7dc181858f225b765044c5314c3d1059a1bd992f?s=96&d=mm&r=g\",\"contentUrl\":\"https:\\\/\\\/secure.gravatar.com\\\/avatar\\\/ed1c2728327f20a5a62edaeb7dc181858f225b765044c5314c3d1059a1bd992f?s=96&d=mm&r=g\",\"caption\":\"Comunicaciones\"},\"sameAs\":[\"http:\\\/\\\/www.cftestataltarapaca.cl\"],\"url\":\"https:\\\/\\\/www.cftestataltarapaca.cl\\\/inicio\\\/author\\\/comunicaciones\\\/\"}]}<\/script>\n<!-- \/ Yoast SEO plugin. -->","yoast_head_json":{"title":"SENCE y CFT Estatal Tarapac\u00e1 firman convenio para potenciar continuidad de estudios superiores - CFT Estatal Tarapac\u00e1","robots":{"index":"index","follow":"follow","max-snippet":"max-snippet:-1","max-image-preview":"max-image-preview:large","max-video-preview":"max-video-preview:-1"},"canonical":"https:\/\/www.cftestataltarapaca.cl\/inicio\/2019\/09\/26\/sence-y-cft-estatal-tarapaca-potencian-continuidad-de-estudios-superiores\/","og_locale":"es_ES","og_type":"article","og_title":"SENCE y CFT Estatal Tarapac\u00e1 firman convenio para potenciar continuidad de estudios superiores - CFT Estatal Tarapac\u00e1","og_description":"Estudiar un oficio puede ser la puerta de entrada para seguir una carrera t\u00e9cnica de nivel superior de gran demanda y consideraci\u00f3n en el mundo laboral, accediendo con ello a...","og_url":"https:\/\/www.cftestataltarapaca.cl\/inicio\/2019\/09\/26\/sence-y-cft-estatal-tarapaca-potencian-continuidad-de-estudios-superiores\/","og_site_name":"CFT Estatal Tarapac\u00e1","article_publisher":"https:\/\/www.facebook.com\/CFTestataltarapaca\/","article_published_time":"2019-09-26T13:53:40+00:00","article_modified_time":"2019-09-26T16:27:20+00:00","og_image":[{"width":2000,"height":1333,"url":"https:\/\/www.cftestataltarapaca.cl\/inicio\/wp-content\/uploads\/2019\/09\/Firma-Sence-12-1.jpg","type":"image\/jpeg"}],"author":"Comunicaciones","twitter_card":"summary_large_image","twitter_creator":"@CFTesTarapaca","twitter_site":"@CFTesTarapaca","twitter_misc":{"Escrito por":"Comunicaciones","Tiempo de lectura":"2 minutos"},"schema":{"@context":"https:\/\/schema.org","@graph":[{"@type":"Article","@id":"https:\/\/www.cftestataltarapaca.cl\/inicio\/2019\/09\/26\/sence-y-cft-estatal-tarapaca-potencian-continuidad-de-estudios-superiores\/#article","isPartOf":{"@id":"https:\/\/www.cftestataltarapaca.cl\/inicio\/2019\/09\/26\/sence-y-cft-estatal-tarapaca-potencian-continuidad-de-estudios-superiores\/"},"author":{"name":"Comunicaciones","@id":"https:\/\/www.cftestataltarapaca.cl\/inicio\/#\/schema\/person\/ad1fbfa1fa7c3d3889f4ae5401dd660e"},"headline":"SENCE y CFT Estatal Tarapac\u00e1 firman convenio para potenciar continuidad de estudios superiores","datePublished":"2019-09-26T13:53:40+00:00","dateModified":"2019-09-26T16:27:20+00:00","mainEntityOfPage":{"@id":"https:\/\/www.cftestataltarapaca.cl\/inicio\/2019\/09\/26\/sence-y-cft-estatal-tarapaca-potencian-continuidad-de-estudios-superiores\/"},"wordCount":442,"commentCount":0,"publisher":{"@id":"https:\/\/www.cftestataltarapaca.cl\/inicio\/#organization"},"image":{"@id":"https:\/\/www.cftestataltarapaca.cl\/inicio\/2019\/09\/26\/sence-y-cft-estatal-tarapaca-potencian-continuidad-de-estudios-superiores\/#primaryimage"},"thumbnailUrl":"https:\/\/www.cftestataltarapaca.cl\/inicio\/wp-content\/uploads\/2019\/09\/Firma-Sence-12-1.jpg","keywords":["Alto Hospicio","CFT Estatal Tarapac\u00e1","continuidad de estudios","educaci\u00f3n","formaci\u00f3n continua","vinculaci\u00f3n"],"articleSection":["Acad\u00e9mico","Comunicados","Vinculaci\u00f3n"],"inLanguage":"es","potentialAction":[{"@type":"CommentAction","name":"Comment","target":["https:\/\/www.cftestataltarapaca.cl\/inicio\/2019\/09\/26\/sence-y-cft-estatal-tarapaca-potencian-continuidad-de-estudios-superiores\/#respond"]}]},{"@type":"WebPage","@id":"https:\/\/www.cftestataltarapaca.cl\/inicio\/2019\/09\/26\/sence-y-cft-estatal-tarapaca-potencian-continuidad-de-estudios-superiores\/","url":"https:\/\/www.cftestataltarapaca.cl\/inicio\/2019\/09\/26\/sence-y-cft-estatal-tarapaca-potencian-continuidad-de-estudios-superiores\/","name":"SENCE y CFT Estatal Tarapac\u00e1 firman convenio para potenciar continuidad de estudios superiores - CFT Estatal Tarapac\u00e1","isPartOf":{"@id":"https:\/\/www.cftestataltarapaca.cl\/inicio\/#website"},"primaryImageOfPage":{"@id":"https:\/\/www.cftestataltarapaca.cl\/inicio\/2019\/09\/26\/sence-y-cft-estatal-tarapaca-potencian-continuidad-de-estudios-superiores\/#primaryimage"},"image":{"@id":"https:\/\/www.cftestataltarapaca.cl\/inicio\/2019\/09\/26\/sence-y-cft-estatal-tarapaca-potencian-continuidad-de-estudios-superiores\/#primaryimage"},"thumbnailUrl":"https:\/\/www.cftestataltarapaca.cl\/inicio\/wp-content\/uploads\/2019\/09\/Firma-Sence-12-1.jpg","datePublished":"2019-09-26T13:53:40+00:00","dateModified":"2019-09-26T16:27:20+00:00","breadcrumb":{"@id":"https:\/\/www.cftestataltarapaca.cl\/inicio\/2019\/09\/26\/sence-y-cft-estatal-tarapaca-potencian-continuidad-de-estudios-superiores\/#breadcrumb"},"inLanguage":"es","potentialAction":[{"@type":"ReadAction","target":["https:\/\/www.cftestataltarapaca.cl\/inicio\/2019\/09\/26\/sence-y-cft-estatal-tarapaca-potencian-continuidad-de-estudios-superiores\/"]}]},{"@type":"ImageObject","inLanguage":"es","@id":"https:\/\/www.cftestataltarapaca.cl\/inicio\/2019\/09\/26\/sence-y-cft-estatal-tarapaca-potencian-continuidad-de-estudios-superiores\/#primaryimage","url":"https:\/\/www.cftestataltarapaca.cl\/inicio\/wp-content\/uploads\/2019\/09\/Firma-Sence-12-1.jpg","contentUrl":"https:\/\/www.cftestataltarapaca.cl\/inicio\/wp-content\/uploads\/2019\/09\/Firma-Sence-12-1.jpg","width":2000,"height":1333},{"@type":"BreadcrumbList","@id":"https:\/\/www.cftestataltarapaca.cl\/inicio\/2019\/09\/26\/sence-y-cft-estatal-tarapaca-potencian-continuidad-de-estudios-superiores\/#breadcrumb","itemListElement":[{"@type":"ListItem","position":1,"name":"Portada","item":"https:\/\/www.cftestataltarapaca.cl\/inicio\/"},{"@type":"ListItem","position":2,"name":"SENCE y CFT Estatal Tarapac\u00e1 firman convenio para potenciar continuidad de estudios superiores"}]},{"@type":"WebSite","@id":"https:\/\/www.cftestataltarapaca.cl\/inicio\/#website","url":"https:\/\/www.cftestataltarapaca.cl\/inicio\/","name":"CFT Estatal Tarapac\u00e1","description":"Admisi\u00f3n 2025","publisher":{"@id":"https:\/\/www.cftestataltarapaca.cl\/inicio\/#organization"},"potentialAction":[{"@type":"SearchAction","target":{"@type":"EntryPoint","urlTemplate":"https:\/\/www.cftestataltarapaca.cl\/inicio\/?s={search_term_string}"},"query-input":{"@type":"PropertyValueSpecification","valueRequired":true,"valueName":"search_term_string"}}],"inLanguage":"es"},{"@type":"Organization","@id":"https:\/\/www.cftestataltarapaca.cl\/inicio\/#organization","name":"CFT Estatal Tarapac\u00e1","url":"https:\/\/www.cftestataltarapaca.cl\/inicio\/","logo":{"@type":"ImageObject","inLanguage":"es","@id":"https:\/\/www.cftestataltarapaca.cl\/inicio\/#\/schema\/logo\/image\/","url":"https:\/\/www.cftestataltarapaca.cl\/inicio\/wp-content\/uploads\/2019\/03\/logo-retina-1.png","contentUrl":"https:\/\/www.cftestataltarapaca.cl\/inicio\/wp-content\/uploads\/2019\/03\/logo-retina-1.png","width":401,"height":150,"caption":"CFT Estatal Tarapac\u00e1"},"image":{"@id":"https:\/\/www.cftestataltarapaca.cl\/inicio\/#\/schema\/logo\/image\/"},"sameAs":["https:\/\/www.facebook.com\/CFTestataltarapaca\/","https:\/\/x.com\/CFTesTarapaca","https:\/\/www.instagram.com\/CFTestataltarapaca\/"]},{"@type":"Person","@id":"https:\/\/www.cftestataltarapaca.cl\/inicio\/#\/schema\/person\/ad1fbfa1fa7c3d3889f4ae5401dd660e","name":"Comunicaciones","image":{"@type":"ImageObject","inLanguage":"es","@id":"https:\/\/secure.gravatar.com\/avatar\/ed1c2728327f20a5a62edaeb7dc181858f225b765044c5314c3d1059a1bd992f?s=96&d=mm&r=g","url":"https:\/\/secure.gravatar.com\/avatar\/ed1c2728327f20a5a62edaeb7dc181858f225b765044c5314c3d1059a1bd992f?s=96&d=mm&r=g","contentUrl":"https:\/\/secure.gravatar.com\/avatar\/ed1c2728327f20a5a62edaeb7dc181858f225b765044c5314c3d1059a1bd992f?s=96&d=mm&r=g","caption":"Comunicaciones"},"sameAs":["http:\/\/www.cftestataltarapaca.cl"],"url":"https:\/\/www.cftestataltarapaca.cl\/inicio\/author\/comunicaciones\/"}]}},"publishpress_future_action":{"enabled":false,"date":"2026-05-09 09:25:47","action":"change-status","newStatus":"draft","terms":[],"taxonomy":"category","extraData":[]},"publishpress_future_workflow_manual_trigger":{"enabledWorkflows":[]},"_links":{"self":[{"href":"https:\/\/www.cftestataltarapaca.cl\/inicio\/wp-json\/wp\/v2\/posts\/1999","targetHints":{"allow":["GET"]}}],"collection":[{"href":"https:\/\/www.cftestataltarapaca.cl\/inicio\/wp-json\/wp\/v2\/posts"}],"about":[{"href":"https:\/\/www.cftestataltarapaca.cl\/inicio\/wp-json\/wp\/v2\/types\/post"}],"author":[{"embeddable":true,"href":"https:\/\/www.cftestataltarapaca.cl\/inicio\/wp-json\/wp\/v2\/users\/2"}],"replies":[{"embeddable":true,"href":"https:\/\/www.cftestataltarapaca.cl\/inicio\/wp-json\/wp\/v2\/comments?post=1999"}],"version-history":[{"count":3,"href":"https:\/\/www.cftestataltarapaca.cl\/inicio\/wp-json\/wp\/v2\/posts\/1999\/revisions"}],"predecessor-version":[{"id":2003,"href":"https:\/\/www.cftestataltarapaca.cl\/inicio\/wp-json\/wp\/v2\/posts\/1999\/revisions\/2003"}],"wp:featuredmedia":[{"embeddable":true,"href":"https:\/\/www.cftestataltarapaca.cl\/inicio\/wp-json\/wp\/v2\/media\/2000"}],"wp:attachment":[{"href":"https:\/\/www.cftestataltarapaca.cl\/inicio\/wp-json\/wp\/v2\/media?parent=1999"}],"wp:term":[{"taxonomy":"category","embeddable":true,"href":"https:\/\/www.cftestataltarapaca.cl\/inicio\/wp-json\/wp\/v2\/categories?post=1999"},{"taxonomy":"post_tag","embeddable":true,"href":"https:\/\/www.cftestataltarapaca.cl\/inicio\/wp-json\/wp\/v2\/tags?post=1999"}],"curies":[{"name":"wp","href":"https:\/\/api.w.org\/{rel}","templated":true}]}}