{"id":2004,"date":"2019-09-27T15:16:02","date_gmt":"2019-09-27T15:16:02","guid":{"rendered":"https:\/\/www.cftestataltarapaca.cl\/inicio\/?p=2004"},"modified":"2019-09-27T15:16:02","modified_gmt":"2019-09-27T15:16:02","slug":"cft-estatal-tarapaca-es-anfitrion-de-la-cop25","status":"publish","type":"post","link":"https:\/\/www.cftestataltarapaca.cl\/inicio\/2019\/09\/27\/cft-estatal-tarapaca-es-anfitrion-de-la-cop25\/","title":{"rendered":"CFT Estatal Tarapac\u00e1 es anfitri\u00f3n de la COP25"},"content":{"rendered":"<p style=\"text-align: justify\">CFT Estatal Tarapac\u00e1 forma parte de las 31 instituciones de educaci\u00f3n superior del pa\u00eds seleccionada como anfitriona de la COP25, el evento internacional que se desarrollar\u00e1 en Chile y que est\u00e1 enfocada en avanzar en el desarrollo sustentable.<\/p>\n<p style=\"text-align: justify\">As\u00ed lo destac\u00f3 Jorge Villegas, rector del Centro de Formaci\u00f3n T\u00e9cnica de Tarapac\u00e1, quien explic\u00f3 que la instituci\u00f3n fue invitada por el ministerio de Educaci\u00f3n a trav\u00e9s de la red de Centros de Formaci\u00f3n T\u00e9cnica Estatales de Chile CFTECH, de la cual forma parte.<\/p>\n<p style=\"text-align: justify\">\u201cFuimos invitados a ser parte de este gran encuentro mundial a trav\u00e9s del compromiso de adoptar medidas e implementar acciones que propendan al cuidado del medio ambiente y la sustentabilidad en nuestra regi\u00f3n. Bajo ese contexto es que nos comprometimos a ser una instituci\u00f3n que promueve la participaci\u00f3n ciudadana para el di\u00e1logo y la co-creaci\u00f3n de acciones locales para la conservaci\u00f3n del medio ambiente, as\u00ed como tambi\u00e9n implementar y articular iniciativas del entorno para la formaci\u00f3n y educaci\u00f3n medioambiental. Nos llena de orgullo haber sido considerados para colaborar en promover y fortalecer la formaci\u00f3n integral de nuestros estudiantes y de la comunidad de la cual formamos parte\u201d.<\/p>\n<p style=\"text-align: justify\">INICIATIVAS<\/p>\n<p style=\"text-align: justify\">La Red CFTECH realizar\u00e1 en las comunas donde est\u00e1n presentes sus sedes, una jornada comunitaria denominada Cabildo Verde, la cual permitir\u00e1 conocer perspectivas y la opini\u00f3n sobre tem\u00e1ticas atingentes a la realidad local, involucrando a la ciudadan\u00eda para adquirir conductas proambiente e implementar planes de acci\u00f3n.<\/p>\n<p style=\"text-align: justify\">A lo anterior se suma la ejecuci\u00f3n de un programa de Educaci\u00f3n Medioambiental y Eficiencia Energ\u00e9tica a trav\u00e9s de talleres y conversatorios de sensibilizaci\u00f3n de residuos, eficiencia energ\u00e9tica dom\u00e9stica, tal actividad no solo est\u00e1 dirigida a estudiantes del CFT sino a toda la comunidad. A ello se suma que se evaluar\u00e1 la incorporaci\u00f3n del CFT Estatal en la red de campus sustentables, coherente con los estatutos y la ley que crea los CFTECH.<\/p>\n<p style=\"text-align: justify\">A ello se suma el compromiso para que en el a\u00f1o 2025 el 100% del sistema de iluminaci\u00f3n del futuro campus, est\u00e9 respaldado por un sistema fotovoltaico, as\u00ed como tambi\u00e9n se disminuir\u00e1 el consumo del agua potable a trav\u00e9s de las instalaciones eficientes, sistema de tuber\u00edas que disminuir\u00e1n las filtraciones y la construcci\u00f3n de jardines con especies end\u00e9micas y de bajo consumo h\u00eddrico.<\/p>\n<p style=\"text-align: justify\">El rector afirm\u00f3 que es un honor haber sido considerados en esta instancia, en la que el mundo enfoca su mirada en Chile y fija criterios para cuidar y proteger el planeta.<\/p>\n","protected":false},"excerpt":{"rendered":"<p>CFT Estatal Tarapac\u00e1 forma parte de las 31 instituciones de educaci\u00f3n superior del pa\u00eds seleccionada como anfitriona de la COP25, el evento internacional que se desarrollar\u00e1 en Chile y que&#8230;<\/p>\n","protected":false},"author":2,"featured_media":2006,"comment_status":"open","ping_status":"open","sticky":false,"template":"","format":"standard","meta":{"_joinchat":[],"footnotes":""},"categories":[52,45],"tags":[75,91,56,97,89,98],"class_list":["post-2004","post","type-post","status-publish","format-standard","has-post-thumbnail","hentry","category-comunicados","category-vinculacion","tag-alto-hospicio","tag-cftech","tag-cftestataltarapaca","tag-cop25","tag-educacion-tecnica-profesional","tag-sustentabilidad"],"yoast_head":"<!-- This site is optimized with the Yoast SEO plugin v27.4 - https:\/\/yoast.com\/product\/yoast-seo-wordpress\/ -->\n<title>CFT Estatal Tarapac\u00e1 es anfitri\u00f3n de la COP25 - CFT Estatal Tarapac\u00e1<\/title>\n<meta name=\"robots\" content=\"index, follow, max-snippet:-1, max-image-preview:large, max-video-preview:-1\" \/>\n<link rel=\"canonical\" href=\"https:\/\/www.cftestataltarapaca.cl\/inicio\/2019\/09\/27\/cft-estatal-tarapaca-es-anfitrion-de-la-cop25\/\" \/>\n<meta property=\"og:locale\" content=\"es_ES\" \/>\n<meta property=\"og:type\" content=\"article\" \/>\n<meta property=\"og:title\" content=\"CFT Estatal Tarapac\u00e1 es anfitri\u00f3n de la COP25 - CFT Estatal Tarapac\u00e1\" \/>\n<meta property=\"og:description\" content=\"CFT Estatal Tarapac\u00e1 forma parte de las 31 instituciones de educaci\u00f3n superior del pa\u00eds seleccionada como anfitriona de la COP25, el evento internacional que se desarrollar\u00e1 en Chile y que...\" \/>\n<meta property=\"og:url\" content=\"https:\/\/www.cftestataltarapaca.cl\/inicio\/2019\/09\/27\/cft-estatal-tarapaca-es-anfitrion-de-la-cop25\/\" \/>\n<meta property=\"og:site_name\" content=\"CFT Estatal Tarapac\u00e1\" \/>\n<meta property=\"article:publisher\" content=\"https:\/\/www.facebook.com\/CFTestataltarapaca\/\" \/>\n<meta property=\"article:published_time\" content=\"2019-09-27T15:16:02+00:00\" \/>\n<meta property=\"og:image\" content=\"https:\/\/www.cftestataltarapaca.cl\/inicio\/wp-content\/uploads\/2019\/09\/CFT-Estatal-Tarapac\u00e1-baja-resoluci\u00f3n.jpg\" \/>\n\t<meta property=\"og:image:width\" content=\"1000\" \/>\n\t<meta property=\"og:image:height\" content=\"549\" \/>\n\t<meta property=\"og:image:type\" content=\"image\/jpeg\" \/>\n<meta name=\"author\" content=\"Comunicaciones\" \/>\n<meta name=\"twitter:card\" content=\"summary_large_image\" \/>\n<meta name=\"twitter:creator\" content=\"@CFTesTarapaca\" \/>\n<meta name=\"twitter:site\" content=\"@CFTesTarapaca\" \/>\n<meta name=\"twitter:label1\" content=\"Escrito por\" \/>\n\t<meta name=\"twitter:data1\" content=\"Comunicaciones\" \/>\n\t<meta name=\"twitter:label2\" content=\"Tiempo de lectura\" \/>\n\t<meta name=\"twitter:data2\" content=\"2 minutos\" \/>\n<script type=\"application\/ld+json\" class=\"yoast-schema-graph\">{\"@context\":\"https:\\\/\\\/schema.org\",\"@graph\":[{\"@type\":\"Article\",\"@id\":\"https:\\\/\\\/www.cftestataltarapaca.cl\\\/inicio\\\/2019\\\/09\\\/27\\\/cft-estatal-tarapaca-es-anfitrion-de-la-cop25\\\/#article\",\"isPartOf\":{\"@id\":\"https:\\\/\\\/www.cftestataltarapaca.cl\\\/inicio\\\/2019\\\/09\\\/27\\\/cft-estatal-tarapaca-es-anfitrion-de-la-cop25\\\/\"},\"author\":{\"name\":\"Comunicaciones\",\"@id\":\"https:\\\/\\\/www.cftestataltarapaca.cl\\\/inicio\\\/#\\\/schema\\\/person\\\/ad1fbfa1fa7c3d3889f4ae5401dd660e\"},\"headline\":\"CFT Estatal Tarapac\u00e1 es anfitri\u00f3n de la COP25\",\"datePublished\":\"2019-09-27T15:16:02+00:00\",\"mainEntityOfPage\":{\"@id\":\"https:\\\/\\\/www.cftestataltarapaca.cl\\\/inicio\\\/2019\\\/09\\\/27\\\/cft-estatal-tarapaca-es-anfitrion-de-la-cop25\\\/\"},\"wordCount\":452,\"commentCount\":0,\"publisher\":{\"@id\":\"https:\\\/\\\/www.cftestataltarapaca.cl\\\/inicio\\\/#organization\"},\"image\":{\"@id\":\"https:\\\/\\\/www.cftestataltarapaca.cl\\\/inicio\\\/2019\\\/09\\\/27\\\/cft-estatal-tarapaca-es-anfitrion-de-la-cop25\\\/#primaryimage\"},\"thumbnailUrl\":\"https:\\\/\\\/www.cftestataltarapaca.cl\\\/inicio\\\/wp-content\\\/uploads\\\/2019\\\/09\\\/CFT-Estatal-Tarapac\u00e1-baja-resoluci\u00f3n.jpg\",\"keywords\":[\"Alto Hospicio\",\"CFTECH\",\"cftestataltarapaca\",\"Cop25\",\"Educaci\u00f3n T\u00e9cnica Profesional\",\"sustentabilidad\"],\"articleSection\":[\"Comunicados\",\"Vinculaci\u00f3n\"],\"inLanguage\":\"es\",\"potentialAction\":[{\"@type\":\"CommentAction\",\"name\":\"Comment\",\"target\":[\"https:\\\/\\\/www.cftestataltarapaca.cl\\\/inicio\\\/2019\\\/09\\\/27\\\/cft-estatal-tarapaca-es-anfitrion-de-la-cop25\\\/#respond\"]}]},{\"@type\":\"WebPage\",\"@id\":\"https:\\\/\\\/www.cftestataltarapaca.cl\\\/inicio\\\/2019\\\/09\\\/27\\\/cft-estatal-tarapaca-es-anfitrion-de-la-cop25\\\/\",\"url\":\"https:\\\/\\\/www.cftestataltarapaca.cl\\\/inicio\\\/2019\\\/09\\\/27\\\/cft-estatal-tarapaca-es-anfitrion-de-la-cop25\\\/\",\"name\":\"CFT Estatal Tarapac\u00e1 es anfitri\u00f3n de la COP25 - CFT Estatal Tarapac\u00e1\",\"isPartOf\":{\"@id\":\"https:\\\/\\\/www.cftestataltarapaca.cl\\\/inicio\\\/#website\"},\"primaryImageOfPage\":{\"@id\":\"https:\\\/\\\/www.cftestataltarapaca.cl\\\/inicio\\\/2019\\\/09\\\/27\\\/cft-estatal-tarapaca-es-anfitrion-de-la-cop25\\\/#primaryimage\"},\"image\":{\"@id\":\"https:\\\/\\\/www.cftestataltarapaca.cl\\\/inicio\\\/2019\\\/09\\\/27\\\/cft-estatal-tarapaca-es-anfitrion-de-la-cop25\\\/#primaryimage\"},\"thumbnailUrl\":\"https:\\\/\\\/www.cftestataltarapaca.cl\\\/inicio\\\/wp-content\\\/uploads\\\/2019\\\/09\\\/CFT-Estatal-Tarapac\u00e1-baja-resoluci\u00f3n.jpg\",\"datePublished\":\"2019-09-27T15:16:02+00:00\",\"breadcrumb\":{\"@id\":\"https:\\\/\\\/www.cftestataltarapaca.cl\\\/inicio\\\/2019\\\/09\\\/27\\\/cft-estatal-tarapaca-es-anfitrion-de-la-cop25\\\/#breadcrumb\"},\"inLanguage\":\"es\",\"potentialAction\":[{\"@type\":\"ReadAction\",\"target\":[\"https:\\\/\\\/www.cftestataltarapaca.cl\\\/inicio\\\/2019\\\/09\\\/27\\\/cft-estatal-tarapaca-es-anfitrion-de-la-cop25\\\/\"]}]},{\"@type\":\"ImageObject\",\"inLanguage\":\"es\",\"@id\":\"https:\\\/\\\/www.cftestataltarapaca.cl\\\/inicio\\\/2019\\\/09\\\/27\\\/cft-estatal-tarapaca-es-anfitrion-de-la-cop25\\\/#primaryimage\",\"url\":\"https:\\\/\\\/www.cftestataltarapaca.cl\\\/inicio\\\/wp-content\\\/uploads\\\/2019\\\/09\\\/CFT-Estatal-Tarapac\u00e1-baja-resoluci\u00f3n.jpg\",\"contentUrl\":\"https:\\\/\\\/www.cftestataltarapaca.cl\\\/inicio\\\/wp-content\\\/uploads\\\/2019\\\/09\\\/CFT-Estatal-Tarapac\u00e1-baja-resoluci\u00f3n.jpg\",\"width\":1000,\"height\":549},{\"@type\":\"BreadcrumbList\",\"@id\":\"https:\\\/\\\/www.cftestataltarapaca.cl\\\/inicio\\\/2019\\\/09\\\/27\\\/cft-estatal-tarapaca-es-anfitrion-de-la-cop25\\\/#breadcrumb\",\"itemListElement\":[{\"@type\":\"ListItem\",\"position\":1,\"name\":\"Portada\",\"item\":\"https:\\\/\\\/www.cftestataltarapaca.cl\\\/inicio\\\/\"},{\"@type\":\"ListItem\",\"position\":2,\"name\":\"CFT Estatal Tarapac\u00e1 es anfitri\u00f3n de la COP25\"}]},{\"@type\":\"WebSite\",\"@id\":\"https:\\\/\\\/www.cftestataltarapaca.cl\\\/inicio\\\/#website\",\"url\":\"https:\\\/\\\/www.cftestataltarapaca.cl\\\/inicio\\\/\",\"name\":\"CFT Estatal Tarapac\u00e1\",\"description\":\"Admisi\u00f3n 2025\",\"publisher\":{\"@id\":\"https:\\\/\\\/www.cftestataltarapaca.cl\\\/inicio\\\/#organization\"},\"potentialAction\":[{\"@type\":\"SearchAction\",\"target\":{\"@type\":\"EntryPoint\",\"urlTemplate\":\"https:\\\/\\\/www.cftestataltarapaca.cl\\\/inicio\\\/?s={search_term_string}\"},\"query-input\":{\"@type\":\"PropertyValueSpecification\",\"valueRequired\":true,\"valueName\":\"search_term_string\"}}],\"inLanguage\":\"es\"},{\"@type\":\"Organization\",\"@id\":\"https:\\\/\\\/www.cftestataltarapaca.cl\\\/inicio\\\/#organization\",\"name\":\"CFT Estatal Tarapac\u00e1\",\"url\":\"https:\\\/\\\/www.cftestataltarapaca.cl\\\/inicio\\\/\",\"logo\":{\"@type\":\"ImageObject\",\"inLanguage\":\"es\",\"@id\":\"https:\\\/\\\/www.cftestataltarapaca.cl\\\/inicio\\\/#\\\/schema\\\/logo\\\/image\\\/\",\"url\":\"https:\\\/\\\/www.cftestataltarapaca.cl\\\/inicio\\\/wp-content\\\/uploads\\\/2019\\\/03\\\/logo-retina-1.png\",\"contentUrl\":\"https:\\\/\\\/www.cftestataltarapaca.cl\\\/inicio\\\/wp-content\\\/uploads\\\/2019\\\/03\\\/logo-retina-1.png\",\"width\":401,\"height\":150,\"caption\":\"CFT Estatal Tarapac\u00e1\"},\"image\":{\"@id\":\"https:\\\/\\\/www.cftestataltarapaca.cl\\\/inicio\\\/#\\\/schema\\\/logo\\\/image\\\/\"},\"sameAs\":[\"https:\\\/\\\/www.facebook.com\\\/CFTestataltarapaca\\\/\",\"https:\\\/\\\/x.com\\\/CFTesTarapaca\",\"https:\\\/\\\/www.instagram.com\\\/CFTestataltarapaca\\\/\"]},{\"@type\":\"Person\",\"@id\":\"https:\\\/\\\/www.cftestataltarapaca.cl\\\/inicio\\\/#\\\/schema\\\/person\\\/ad1fbfa1fa7c3d3889f4ae5401dd660e\",\"name\":\"Comunicaciones\",\"image\":{\"@type\":\"ImageObject\",\"inLanguage\":\"es\",\"@id\":\"https:\\\/\\\/secure.gravatar.com\\\/avatar\\\/ed1c2728327f20a5a62edaeb7dc181858f225b765044c5314c3d1059a1bd992f?s=96&d=mm&r=g\",\"url\":\"https:\\\/\\\/secure.gravatar.com\\\/avatar\\\/ed1c2728327f20a5a62edaeb7dc181858f225b765044c5314c3d1059a1bd992f?s=96&d=mm&r=g\",\"contentUrl\":\"https:\\\/\\\/secure.gravatar.com\\\/avatar\\\/ed1c2728327f20a5a62edaeb7dc181858f225b765044c5314c3d1059a1bd992f?s=96&d=mm&r=g\",\"caption\":\"Comunicaciones\"},\"sameAs\":[\"http:\\\/\\\/www.cftestataltarapaca.cl\"],\"url\":\"https:\\\/\\\/www.cftestataltarapaca.cl\\\/inicio\\\/author\\\/comunicaciones\\\/\"}]}<\/script>\n<!-- \/ Yoast SEO plugin. -->","yoast_head_json":{"title":"CFT Estatal Tarapac\u00e1 es anfitri\u00f3n de la COP25 - CFT Estatal Tarapac\u00e1","robots":{"index":"index","follow":"follow","max-snippet":"max-snippet:-1","max-image-preview":"max-image-preview:large","max-video-preview":"max-video-preview:-1"},"canonical":"https:\/\/www.cftestataltarapaca.cl\/inicio\/2019\/09\/27\/cft-estatal-tarapaca-es-anfitrion-de-la-cop25\/","og_locale":"es_ES","og_type":"article","og_title":"CFT Estatal Tarapac\u00e1 es anfitri\u00f3n de la COP25 - CFT Estatal Tarapac\u00e1","og_description":"CFT Estatal Tarapac\u00e1 forma parte de las 31 instituciones de educaci\u00f3n superior del pa\u00eds seleccionada como anfitriona de la COP25, el evento internacional que se desarrollar\u00e1 en Chile y que...","og_url":"https:\/\/www.cftestataltarapaca.cl\/inicio\/2019\/09\/27\/cft-estatal-tarapaca-es-anfitrion-de-la-cop25\/","og_site_name":"CFT Estatal Tarapac\u00e1","article_publisher":"https:\/\/www.facebook.com\/CFTestataltarapaca\/","article_published_time":"2019-09-27T15:16:02+00:00","og_image":[{"width":1000,"height":549,"url":"https:\/\/www.cftestataltarapaca.cl\/inicio\/wp-content\/uploads\/2019\/09\/CFT-Estatal-Tarapac\u00e1-baja-resoluci\u00f3n.jpg","type":"image\/jpeg"}],"author":"Comunicaciones","twitter_card":"summary_large_image","twitter_creator":"@CFTesTarapaca","twitter_site":"@CFTesTarapaca","twitter_misc":{"Escrito por":"Comunicaciones","Tiempo de lectura":"2 minutos"},"schema":{"@context":"https:\/\/schema.org","@graph":[{"@type":"Article","@id":"https:\/\/www.cftestataltarapaca.cl\/inicio\/2019\/09\/27\/cft-estatal-tarapaca-es-anfitrion-de-la-cop25\/#article","isPartOf":{"@id":"https:\/\/www.cftestataltarapaca.cl\/inicio\/2019\/09\/27\/cft-estatal-tarapaca-es-anfitrion-de-la-cop25\/"},"author":{"name":"Comunicaciones","@id":"https:\/\/www.cftestataltarapaca.cl\/inicio\/#\/schema\/person\/ad1fbfa1fa7c3d3889f4ae5401dd660e"},"headline":"CFT Estatal Tarapac\u00e1 es anfitri\u00f3n de la COP25","datePublished":"2019-09-27T15:16:02+00:00","mainEntityOfPage":{"@id":"https:\/\/www.cftestataltarapaca.cl\/inicio\/2019\/09\/27\/cft-estatal-tarapaca-es-anfitrion-de-la-cop25\/"},"wordCount":452,"commentCount":0,"publisher":{"@id":"https:\/\/www.cftestataltarapaca.cl\/inicio\/#organization"},"image":{"@id":"https:\/\/www.cftestataltarapaca.cl\/inicio\/2019\/09\/27\/cft-estatal-tarapaca-es-anfitrion-de-la-cop25\/#primaryimage"},"thumbnailUrl":"https:\/\/www.cftestataltarapaca.cl\/inicio\/wp-content\/uploads\/2019\/09\/CFT-Estatal-Tarapac\u00e1-baja-resoluci\u00f3n.jpg","keywords":["Alto Hospicio","CFTECH","cftestataltarapaca","Cop25","Educaci\u00f3n T\u00e9cnica Profesional","sustentabilidad"],"articleSection":["Comunicados","Vinculaci\u00f3n"],"inLanguage":"es","potentialAction":[{"@type":"CommentAction","name":"Comment","target":["https:\/\/www.cftestataltarapaca.cl\/inicio\/2019\/09\/27\/cft-estatal-tarapaca-es-anfitrion-de-la-cop25\/#respond"]}]},{"@type":"WebPage","@id":"https:\/\/www.cftestataltarapaca.cl\/inicio\/2019\/09\/27\/cft-estatal-tarapaca-es-anfitrion-de-la-cop25\/","url":"https:\/\/www.cftestataltarapaca.cl\/inicio\/2019\/09\/27\/cft-estatal-tarapaca-es-anfitrion-de-la-cop25\/","name":"CFT Estatal Tarapac\u00e1 es anfitri\u00f3n de la COP25 - CFT Estatal Tarapac\u00e1","isPartOf":{"@id":"https:\/\/www.cftestataltarapaca.cl\/inicio\/#website"},"primaryImageOfPage":{"@id":"https:\/\/www.cftestataltarapaca.cl\/inicio\/2019\/09\/27\/cft-estatal-tarapaca-es-anfitrion-de-la-cop25\/#primaryimage"},"image":{"@id":"https:\/\/www.cftestataltarapaca.cl\/inicio\/2019\/09\/27\/cft-estatal-tarapaca-es-anfitrion-de-la-cop25\/#primaryimage"},"thumbnailUrl":"https:\/\/www.cftestataltarapaca.cl\/inicio\/wp-content\/uploads\/2019\/09\/CFT-Estatal-Tarapac\u00e1-baja-resoluci\u00f3n.jpg","datePublished":"2019-09-27T15:16:02+00:00","breadcrumb":{"@id":"https:\/\/www.cftestataltarapaca.cl\/inicio\/2019\/09\/27\/cft-estatal-tarapaca-es-anfitrion-de-la-cop25\/#breadcrumb"},"inLanguage":"es","potentialAction":[{"@type":"ReadAction","target":["https:\/\/www.cftestataltarapaca.cl\/inicio\/2019\/09\/27\/cft-estatal-tarapaca-es-anfitrion-de-la-cop25\/"]}]},{"@type":"ImageObject","inLanguage":"es","@id":"https:\/\/www.cftestataltarapaca.cl\/inicio\/2019\/09\/27\/cft-estatal-tarapaca-es-anfitrion-de-la-cop25\/#primaryimage","url":"https:\/\/www.cftestataltarapaca.cl\/inicio\/wp-content\/uploads\/2019\/09\/CFT-Estatal-Tarapac\u00e1-baja-resoluci\u00f3n.jpg","contentUrl":"https:\/\/www.cftestataltarapaca.cl\/inicio\/wp-content\/uploads\/2019\/09\/CFT-Estatal-Tarapac\u00e1-baja-resoluci\u00f3n.jpg","width":1000,"height":549},{"@type":"BreadcrumbList","@id":"https:\/\/www.cftestataltarapaca.cl\/inicio\/2019\/09\/27\/cft-estatal-tarapaca-es-anfitrion-de-la-cop25\/#breadcrumb","itemListElement":[{"@type":"ListItem","position":1,"name":"Portada","item":"https:\/\/www.cftestataltarapaca.cl\/inicio\/"},{"@type":"ListItem","position":2,"name":"CFT Estatal Tarapac\u00e1 es anfitri\u00f3n de la COP25"}]},{"@type":"WebSite","@id":"https:\/\/www.cftestataltarapaca.cl\/inicio\/#website","url":"https:\/\/www.cftestataltarapaca.cl\/inicio\/","name":"CFT Estatal Tarapac\u00e1","description":"Admisi\u00f3n 2025","publisher":{"@id":"https:\/\/www.cftestataltarapaca.cl\/inicio\/#organization"},"potentialAction":[{"@type":"SearchAction","target":{"@type":"EntryPoint","urlTemplate":"https:\/\/www.cftestataltarapaca.cl\/inicio\/?s={search_term_string}"},"query-input":{"@type":"PropertyValueSpecification","valueRequired":true,"valueName":"search_term_string"}}],"inLanguage":"es"},{"@type":"Organization","@id":"https:\/\/www.cftestataltarapaca.cl\/inicio\/#organization","name":"CFT Estatal Tarapac\u00e1","url":"https:\/\/www.cftestataltarapaca.cl\/inicio\/","logo":{"@type":"ImageObject","inLanguage":"es","@id":"https:\/\/www.cftestataltarapaca.cl\/inicio\/#\/schema\/logo\/image\/","url":"https:\/\/www.cftestataltarapaca.cl\/inicio\/wp-content\/uploads\/2019\/03\/logo-retina-1.png","contentUrl":"https:\/\/www.cftestataltarapaca.cl\/inicio\/wp-content\/uploads\/2019\/03\/logo-retina-1.png","width":401,"height":150,"caption":"CFT Estatal Tarapac\u00e1"},"image":{"@id":"https:\/\/www.cftestataltarapaca.cl\/inicio\/#\/schema\/logo\/image\/"},"sameAs":["https:\/\/www.facebook.com\/CFTestataltarapaca\/","https:\/\/x.com\/CFTesTarapaca","https:\/\/www.instagram.com\/CFTestataltarapaca\/"]},{"@type":"Person","@id":"https:\/\/www.cftestataltarapaca.cl\/inicio\/#\/schema\/person\/ad1fbfa1fa7c3d3889f4ae5401dd660e","name":"Comunicaciones","image":{"@type":"ImageObject","inLanguage":"es","@id":"https:\/\/secure.gravatar.com\/avatar\/ed1c2728327f20a5a62edaeb7dc181858f225b765044c5314c3d1059a1bd992f?s=96&d=mm&r=g","url":"https:\/\/secure.gravatar.com\/avatar\/ed1c2728327f20a5a62edaeb7dc181858f225b765044c5314c3d1059a1bd992f?s=96&d=mm&r=g","contentUrl":"https:\/\/secure.gravatar.com\/avatar\/ed1c2728327f20a5a62edaeb7dc181858f225b765044c5314c3d1059a1bd992f?s=96&d=mm&r=g","caption":"Comunicaciones"},"sameAs":["http:\/\/www.cftestataltarapaca.cl"],"url":"https:\/\/www.cftestataltarapaca.cl\/inicio\/author\/comunicaciones\/"}]}},"publishpress_future_action":{"enabled":false,"date":"2026-05-09 08:06:23","action":"change-status","newStatus":"draft","terms":[],"taxonomy":"category","extraData":[]},"publishpress_future_workflow_manual_trigger":{"enabledWorkflows":[]},"_links":{"self":[{"href":"https:\/\/www.cftestataltarapaca.cl\/inicio\/wp-json\/wp\/v2\/posts\/2004","targetHints":{"allow":["GET"]}}],"collection":[{"href":"https:\/\/www.cftestataltarapaca.cl\/inicio\/wp-json\/wp\/v2\/posts"}],"about":[{"href":"https:\/\/www.cftestataltarapaca.cl\/inicio\/wp-json\/wp\/v2\/types\/post"}],"author":[{"embeddable":true,"href":"https:\/\/www.cftestataltarapaca.cl\/inicio\/wp-json\/wp\/v2\/users\/2"}],"replies":[{"embeddable":true,"href":"https:\/\/www.cftestataltarapaca.cl\/inicio\/wp-json\/wp\/v2\/comments?post=2004"}],"version-history":[{"count":1,"href":"https:\/\/www.cftestataltarapaca.cl\/inicio\/wp-json\/wp\/v2\/posts\/2004\/revisions"}],"predecessor-version":[{"id":2007,"href":"https:\/\/www.cftestataltarapaca.cl\/inicio\/wp-json\/wp\/v2\/posts\/2004\/revisions\/2007"}],"wp:featuredmedia":[{"embeddable":true,"href":"https:\/\/www.cftestataltarapaca.cl\/inicio\/wp-json\/wp\/v2\/media\/2006"}],"wp:attachment":[{"href":"https:\/\/www.cftestataltarapaca.cl\/inicio\/wp-json\/wp\/v2\/media?parent=2004"}],"wp:term":[{"taxonomy":"category","embeddable":true,"href":"https:\/\/www.cftestataltarapaca.cl\/inicio\/wp-json\/wp\/v2\/categories?post=2004"},{"taxonomy":"post_tag","embeddable":true,"href":"https:\/\/www.cftestataltarapaca.cl\/inicio\/wp-json\/wp\/v2\/tags?post=2004"}],"curies":[{"name":"wp","href":"https:\/\/api.w.org\/{rel}","templated":true}]}}