{"id":2024,"date":"2019-10-04T14:19:34","date_gmt":"2019-10-04T14:19:34","guid":{"rendered":"https:\/\/www.cftestataltarapaca.cl\/inicio\/?p=2024"},"modified":"2019-11-22T14:18:26","modified_gmt":"2019-11-22T14:18:26","slug":"establecimientos-de-educacion-media-de-la-region-participaron-en-encuentro-organizado-cft-estatal-de-tarapaca","status":"publish","type":"post","link":"https:\/\/www.cftestataltarapaca.cl\/inicio\/2019\/10\/04\/establecimientos-de-educacion-media-de-la-region-participaron-en-encuentro-organizado-cft-estatal-de-tarapaca\/","title":{"rendered":"Establecimientos de educaci\u00f3n media de la regi\u00f3n participaron en encuentro organizado CFT Estatal de Tarapac\u00e1"},"content":{"rendered":"<p style=\"text-align: justify;\">Directores, orientadores y acad\u00e9micos de establecimientos de educaci\u00f3n media de la regi\u00f3n asistieron a la jornada informativa desarrollada por el Centro de Formaci\u00f3n T\u00e9cnica Estatal de Tarapac\u00e1.<\/p>\n<p><!--more--><\/p>\n<p style=\"text-align: justify;\">La actividad, realizada en dependencias de la instituci\u00f3n de educaci\u00f3n superior y que cont\u00f3 con la presencia de integrantes del directorio del CFT Estatal, Roberto Varas, director regional del Sence; Esmeralda Contreras dela CUT y Claudia Ram\u00edrez de la Asociaci\u00f3n de Industriales de Iquique, tuvo como finalidad informar sobre el proceso de Admisi\u00f3n 2020 del CFT Estatal Tarapac\u00e1, de sus carreras y de los beneficios estatales a los que est\u00e1 adscrito.<\/p>\n<p style=\"text-align: justify;\">\u201cAgradecemos la asistencia a nuestra casa, para nosotros es muy importante la vinculaci\u00f3n con la educaci\u00f3n t\u00e9cnico profesional de la regi\u00f3n\u201d, fueron las palabras del rector Jorge Villegas Ahumada, al dar inicio a la jornada, destacando el permanente respaldo que los liceos TP han brindado a la instituci\u00f3n que \u00e9l dirige.<\/p>\n<p style=\"text-align: justify;\">En la jornada el director acad\u00e9mico, Roberto Urdanivia, se refiri\u00f3 al proceso de Admisi\u00f3n 2020 del CFT Estatal, el cual contempla 7 carreras t\u00e9cnicas de nivel superior, correspondientes a Log\u00edstica, Mec\u00e1nico Mantenimiento Predictivo, Administraci\u00f3n de Empresas. Administraci\u00f3n P\u00fablica, Enfermer\u00eda, Educaci\u00f3n Parvularia y El\u00e9ctrico en Energ\u00edas Renovables.<\/p>\n<p style=\"text-align: justify;\">Junto con ello, el encargado del departamento de beneficios estudiantiles, Eduardo Navarro, inform\u00f3 de los beneficios estudiantiles estatales a los que est\u00e1 adscrito el CFT Estatal Tarapac\u00e1 y de los requisitos para postular a ellos, haciendo menci\u00f3n que hasta el 30 de octubre es posible enviar el Formulario de Acreditaci\u00f3n Socioecon\u00f3mica, para lo cual deben acceder a <a href=\"http:\/\/www.fuas.cl\">www.fuas.cl<\/a>.\u00a0 En apoyo a esa actividad, el profesional invit\u00f3 a la Jornada de Beneficios Estudiantiles, la que ser\u00e1 realizada el 24 de octubre y que est\u00e1 dirigida no solo a estudiantes sino a toda la comunidad interesada en conocer sobre gratuidad y becas estatales. La jornada ser\u00e1 entre las 09 y 13 hrs y est\u00e1 abierta a la comunidad.<\/p>\n<p style=\"text-align: justify;\">En la actividad tambi\u00e9n se invit\u00f3 a los establecimientos de educaci\u00f3n media de Tarapac\u00e1 a participar en el Cabildo Abierto que el CFT Estatal realizar\u00e1 el 29 de octubre en sus dependencias, la que est\u00e1 inserta en las actividades que la instituci\u00f3n desarrollar\u00e1 en su calidad de anfitri\u00f3n de la COP25.<\/p>\n<p style=\"text-align: justify;\">El encuentro educativo con los liceos de la regi\u00f3n, concluy\u00f3 con la participaci\u00f3n del estudiante Elvi Callejas, de Mec\u00e1nico Mantenimiento Predictivo, quien comparti\u00f3 su experiencia de estudiar en el CFT Estatal Tarapac\u00e1 y de las oportunidades laborales que su carrera entrega.<\/p>\n<p>&nbsp;<\/p>\n<p><img loading=\"lazy\" decoding=\"async\" class=\"alignnone size-medium wp-image-2029\" src=\"https:\/\/www.cftestataltarapaca.cl\/inicio\/wp-content\/uploads\/2019\/10\/2-1-300x225.jpg\" alt=\"\" width=\"300\" height=\"225\" srcset=\"https:\/\/www.cftestataltarapaca.cl\/inicio\/wp-content\/uploads\/2019\/10\/2-1-300x225.jpg 300w, https:\/\/www.cftestataltarapaca.cl\/inicio\/wp-content\/uploads\/2019\/10\/2-1-768x576.jpg 768w, https:\/\/www.cftestataltarapaca.cl\/inicio\/wp-content\/uploads\/2019\/10\/2-1.jpg 1000w\" sizes=\"auto, (max-width: 300px) 100vw, 300px\" \/><img loading=\"lazy\" decoding=\"async\" class=\"alignnone wp-image-2030\" src=\"https:\/\/www.cftestataltarapaca.cl\/inicio\/wp-content\/uploads\/2019\/10\/3-300x225.jpg\" alt=\"\" width=\"300\" height=\"225\" srcset=\"https:\/\/www.cftestataltarapaca.cl\/inicio\/wp-content\/uploads\/2019\/10\/3-300x225.jpg 300w, https:\/\/www.cftestataltarapaca.cl\/inicio\/wp-content\/uploads\/2019\/10\/3-768x576.jpg 768w, https:\/\/www.cftestataltarapaca.cl\/inicio\/wp-content\/uploads\/2019\/10\/3.jpg 1000w\" sizes=\"auto, (max-width: 300px) 100vw, 300px\" \/><\/p>\n<p><img loading=\"lazy\" decoding=\"async\" class=\"alignnone size-medium wp-image-2031\" src=\"https:\/\/www.cftestataltarapaca.cl\/inicio\/wp-content\/uploads\/2019\/10\/4.1-300x225.jpg\" alt=\"\" width=\"300\" height=\"225\" srcset=\"https:\/\/www.cftestataltarapaca.cl\/inicio\/wp-content\/uploads\/2019\/10\/4.1-300x225.jpg 300w, https:\/\/www.cftestataltarapaca.cl\/inicio\/wp-content\/uploads\/2019\/10\/4.1-768x576.jpg 768w, https:\/\/www.cftestataltarapaca.cl\/inicio\/wp-content\/uploads\/2019\/10\/4.1.jpg 1000w\" sizes=\"auto, (max-width: 300px) 100vw, 300px\" \/><\/p>\n","protected":false},"excerpt":{"rendered":"<p>Directores, orientadores y acad\u00e9micos de establecimientos de educaci\u00f3n media de la regi\u00f3n asistieron a la jornada informativa desarrollada por el Centro de Formaci\u00f3n T\u00e9cnica Estatal de Tarapac\u00e1.<\/p>\n","protected":false},"author":2,"featured_media":2033,"comment_status":"open","ping_status":"open","sticky":false,"template":"","format":"standard","meta":{"_joinchat":[],"footnotes":""},"categories":[49,46,52,45],"tags":[75,86,80,89,99,67,68],"class_list":["post-2024","post","type-post","status-publish","format-standard","has-post-thumbnail","hentry","category-academico","category-admision","category-comunicados","category-vinculacion","tag-alto-hospicio","tag-cft-estatal-tarapaca","tag-educacion","tag-educacion-tecnica-profesional","tag-liceos-tecnicos","tag-tarapaca","tag-tecnicos"],"yoast_head":"<!-- This site is optimized with the Yoast SEO plugin v27.4 - https:\/\/yoast.com\/product\/yoast-seo-wordpress\/ -->\n<title>Establecimientos de educaci\u00f3n media de la regi\u00f3n participaron en encuentro organizado CFT Estatal de Tarapac\u00e1 - CFT Estatal Tarapac\u00e1<\/title>\n<meta name=\"robots\" content=\"index, follow, max-snippet:-1, max-image-preview:large, max-video-preview:-1\" \/>\n<link rel=\"canonical\" href=\"https:\/\/www.cftestataltarapaca.cl\/inicio\/2019\/10\/04\/establecimientos-de-educacion-media-de-la-region-participaron-en-encuentro-organizado-cft-estatal-de-tarapaca\/\" \/>\n<meta property=\"og:locale\" content=\"es_ES\" \/>\n<meta property=\"og:type\" content=\"article\" \/>\n<meta property=\"og:title\" content=\"Establecimientos de educaci\u00f3n media de la regi\u00f3n participaron en encuentro organizado CFT Estatal de Tarapac\u00e1 - CFT Estatal Tarapac\u00e1\" \/>\n<meta property=\"og:description\" content=\"Directores, orientadores y acad\u00e9micos de establecimientos de educaci\u00f3n media de la regi\u00f3n asistieron a la jornada informativa desarrollada por el Centro de Formaci\u00f3n T\u00e9cnica Estatal de Tarapac\u00e1.\" \/>\n<meta property=\"og:url\" content=\"https:\/\/www.cftestataltarapaca.cl\/inicio\/2019\/10\/04\/establecimientos-de-educacion-media-de-la-region-participaron-en-encuentro-organizado-cft-estatal-de-tarapaca\/\" \/>\n<meta property=\"og:site_name\" content=\"CFT Estatal Tarapac\u00e1\" \/>\n<meta property=\"article:publisher\" content=\"https:\/\/www.facebook.com\/CFTestataltarapaca\/\" \/>\n<meta property=\"article:published_time\" content=\"2019-10-04T14:19:34+00:00\" \/>\n<meta property=\"article:modified_time\" content=\"2019-11-22T14:18:26+00:00\" \/>\n<meta property=\"og:image\" content=\"https:\/\/www.cftestataltarapaca.cl\/inicio\/wp-content\/uploads\/2019\/10\/1-1.jpg\" \/>\n\t<meta property=\"og:image:width\" content=\"1000\" \/>\n\t<meta property=\"og:image:height\" content=\"750\" \/>\n\t<meta property=\"og:image:type\" content=\"image\/jpeg\" \/>\n<meta name=\"author\" content=\"Comunicaciones\" \/>\n<meta name=\"twitter:card\" content=\"summary_large_image\" \/>\n<meta name=\"twitter:creator\" content=\"@CFTesTarapaca\" \/>\n<meta name=\"twitter:site\" content=\"@CFTesTarapaca\" \/>\n<meta name=\"twitter:label1\" content=\"Escrito por\" \/>\n\t<meta name=\"twitter:data1\" content=\"Comunicaciones\" \/>\n\t<meta name=\"twitter:label2\" content=\"Tiempo de lectura\" \/>\n\t<meta name=\"twitter:data2\" content=\"2 minutos\" \/>\n<script type=\"application\/ld+json\" class=\"yoast-schema-graph\">{\"@context\":\"https:\\\/\\\/schema.org\",\"@graph\":[{\"@type\":\"Article\",\"@id\":\"https:\\\/\\\/www.cftestataltarapaca.cl\\\/inicio\\\/2019\\\/10\\\/04\\\/establecimientos-de-educacion-media-de-la-region-participaron-en-encuentro-organizado-cft-estatal-de-tarapaca\\\/#article\",\"isPartOf\":{\"@id\":\"https:\\\/\\\/www.cftestataltarapaca.cl\\\/inicio\\\/2019\\\/10\\\/04\\\/establecimientos-de-educacion-media-de-la-region-participaron-en-encuentro-organizado-cft-estatal-de-tarapaca\\\/\"},\"author\":{\"name\":\"Comunicaciones\",\"@id\":\"https:\\\/\\\/www.cftestataltarapaca.cl\\\/inicio\\\/#\\\/schema\\\/person\\\/ad1fbfa1fa7c3d3889f4ae5401dd660e\"},\"headline\":\"Establecimientos de educaci\u00f3n media de la regi\u00f3n participaron en encuentro organizado CFT Estatal de Tarapac\u00e1\",\"datePublished\":\"2019-10-04T14:19:34+00:00\",\"dateModified\":\"2019-11-22T14:18:26+00:00\",\"mainEntityOfPage\":{\"@id\":\"https:\\\/\\\/www.cftestataltarapaca.cl\\\/inicio\\\/2019\\\/10\\\/04\\\/establecimientos-de-educacion-media-de-la-region-participaron-en-encuentro-organizado-cft-estatal-de-tarapaca\\\/\"},\"wordCount\":452,\"commentCount\":0,\"publisher\":{\"@id\":\"https:\\\/\\\/www.cftestataltarapaca.cl\\\/inicio\\\/#organization\"},\"image\":{\"@id\":\"https:\\\/\\\/www.cftestataltarapaca.cl\\\/inicio\\\/2019\\\/10\\\/04\\\/establecimientos-de-educacion-media-de-la-region-participaron-en-encuentro-organizado-cft-estatal-de-tarapaca\\\/#primaryimage\"},\"thumbnailUrl\":\"https:\\\/\\\/www.cftestataltarapaca.cl\\\/inicio\\\/wp-content\\\/uploads\\\/2019\\\/10\\\/1-1.jpg\",\"keywords\":[\"Alto Hospicio\",\"CFT Estatal Tarapac\u00e1\",\"educaci\u00f3n\",\"Educaci\u00f3n T\u00e9cnica Profesional\",\"liceos tecnicos\",\"Tarapac\u00e1\",\"t\u00e9cnicos\"],\"articleSection\":[\"Acad\u00e9mico\",\"Admisi\u00f3n\",\"Comunicados\",\"Vinculaci\u00f3n\"],\"inLanguage\":\"es\",\"potentialAction\":[{\"@type\":\"CommentAction\",\"name\":\"Comment\",\"target\":[\"https:\\\/\\\/www.cftestataltarapaca.cl\\\/inicio\\\/2019\\\/10\\\/04\\\/establecimientos-de-educacion-media-de-la-region-participaron-en-encuentro-organizado-cft-estatal-de-tarapaca\\\/#respond\"]}]},{\"@type\":\"WebPage\",\"@id\":\"https:\\\/\\\/www.cftestataltarapaca.cl\\\/inicio\\\/2019\\\/10\\\/04\\\/establecimientos-de-educacion-media-de-la-region-participaron-en-encuentro-organizado-cft-estatal-de-tarapaca\\\/\",\"url\":\"https:\\\/\\\/www.cftestataltarapaca.cl\\\/inicio\\\/2019\\\/10\\\/04\\\/establecimientos-de-educacion-media-de-la-region-participaron-en-encuentro-organizado-cft-estatal-de-tarapaca\\\/\",\"name\":\"Establecimientos de educaci\u00f3n media de la regi\u00f3n participaron en encuentro organizado CFT Estatal de Tarapac\u00e1 - CFT Estatal Tarapac\u00e1\",\"isPartOf\":{\"@id\":\"https:\\\/\\\/www.cftestataltarapaca.cl\\\/inicio\\\/#website\"},\"primaryImageOfPage\":{\"@id\":\"https:\\\/\\\/www.cftestataltarapaca.cl\\\/inicio\\\/2019\\\/10\\\/04\\\/establecimientos-de-educacion-media-de-la-region-participaron-en-encuentro-organizado-cft-estatal-de-tarapaca\\\/#primaryimage\"},\"image\":{\"@id\":\"https:\\\/\\\/www.cftestataltarapaca.cl\\\/inicio\\\/2019\\\/10\\\/04\\\/establecimientos-de-educacion-media-de-la-region-participaron-en-encuentro-organizado-cft-estatal-de-tarapaca\\\/#primaryimage\"},\"thumbnailUrl\":\"https:\\\/\\\/www.cftestataltarapaca.cl\\\/inicio\\\/wp-content\\\/uploads\\\/2019\\\/10\\\/1-1.jpg\",\"datePublished\":\"2019-10-04T14:19:34+00:00\",\"dateModified\":\"2019-11-22T14:18:26+00:00\",\"breadcrumb\":{\"@id\":\"https:\\\/\\\/www.cftestataltarapaca.cl\\\/inicio\\\/2019\\\/10\\\/04\\\/establecimientos-de-educacion-media-de-la-region-participaron-en-encuentro-organizado-cft-estatal-de-tarapaca\\\/#breadcrumb\"},\"inLanguage\":\"es\",\"potentialAction\":[{\"@type\":\"ReadAction\",\"target\":[\"https:\\\/\\\/www.cftestataltarapaca.cl\\\/inicio\\\/2019\\\/10\\\/04\\\/establecimientos-de-educacion-media-de-la-region-participaron-en-encuentro-organizado-cft-estatal-de-tarapaca\\\/\"]}]},{\"@type\":\"ImageObject\",\"inLanguage\":\"es\",\"@id\":\"https:\\\/\\\/www.cftestataltarapaca.cl\\\/inicio\\\/2019\\\/10\\\/04\\\/establecimientos-de-educacion-media-de-la-region-participaron-en-encuentro-organizado-cft-estatal-de-tarapaca\\\/#primaryimage\",\"url\":\"https:\\\/\\\/www.cftestataltarapaca.cl\\\/inicio\\\/wp-content\\\/uploads\\\/2019\\\/10\\\/1-1.jpg\",\"contentUrl\":\"https:\\\/\\\/www.cftestataltarapaca.cl\\\/inicio\\\/wp-content\\\/uploads\\\/2019\\\/10\\\/1-1.jpg\",\"width\":1000,\"height\":750},{\"@type\":\"BreadcrumbList\",\"@id\":\"https:\\\/\\\/www.cftestataltarapaca.cl\\\/inicio\\\/2019\\\/10\\\/04\\\/establecimientos-de-educacion-media-de-la-region-participaron-en-encuentro-organizado-cft-estatal-de-tarapaca\\\/#breadcrumb\",\"itemListElement\":[{\"@type\":\"ListItem\",\"position\":1,\"name\":\"Portada\",\"item\":\"https:\\\/\\\/www.cftestataltarapaca.cl\\\/inicio\\\/\"},{\"@type\":\"ListItem\",\"position\":2,\"name\":\"Establecimientos de educaci\u00f3n media de la regi\u00f3n participaron en encuentro organizado CFT Estatal de Tarapac\u00e1\"}]},{\"@type\":\"WebSite\",\"@id\":\"https:\\\/\\\/www.cftestataltarapaca.cl\\\/inicio\\\/#website\",\"url\":\"https:\\\/\\\/www.cftestataltarapaca.cl\\\/inicio\\\/\",\"name\":\"CFT Estatal Tarapac\u00e1\",\"description\":\"Admisi\u00f3n 2025\",\"publisher\":{\"@id\":\"https:\\\/\\\/www.cftestataltarapaca.cl\\\/inicio\\\/#organization\"},\"potentialAction\":[{\"@type\":\"SearchAction\",\"target\":{\"@type\":\"EntryPoint\",\"urlTemplate\":\"https:\\\/\\\/www.cftestataltarapaca.cl\\\/inicio\\\/?s={search_term_string}\"},\"query-input\":{\"@type\":\"PropertyValueSpecification\",\"valueRequired\":true,\"valueName\":\"search_term_string\"}}],\"inLanguage\":\"es\"},{\"@type\":\"Organization\",\"@id\":\"https:\\\/\\\/www.cftestataltarapaca.cl\\\/inicio\\\/#organization\",\"name\":\"CFT Estatal Tarapac\u00e1\",\"url\":\"https:\\\/\\\/www.cftestataltarapaca.cl\\\/inicio\\\/\",\"logo\":{\"@type\":\"ImageObject\",\"inLanguage\":\"es\",\"@id\":\"https:\\\/\\\/www.cftestataltarapaca.cl\\\/inicio\\\/#\\\/schema\\\/logo\\\/image\\\/\",\"url\":\"https:\\\/\\\/www.cftestataltarapaca.cl\\\/inicio\\\/wp-content\\\/uploads\\\/2019\\\/03\\\/logo-retina-1.png\",\"contentUrl\":\"https:\\\/\\\/www.cftestataltarapaca.cl\\\/inicio\\\/wp-content\\\/uploads\\\/2019\\\/03\\\/logo-retina-1.png\",\"width\":401,\"height\":150,\"caption\":\"CFT Estatal Tarapac\u00e1\"},\"image\":{\"@id\":\"https:\\\/\\\/www.cftestataltarapaca.cl\\\/inicio\\\/#\\\/schema\\\/logo\\\/image\\\/\"},\"sameAs\":[\"https:\\\/\\\/www.facebook.com\\\/CFTestataltarapaca\\\/\",\"https:\\\/\\\/x.com\\\/CFTesTarapaca\",\"https:\\\/\\\/www.instagram.com\\\/CFTestataltarapaca\\\/\"]},{\"@type\":\"Person\",\"@id\":\"https:\\\/\\\/www.cftestataltarapaca.cl\\\/inicio\\\/#\\\/schema\\\/person\\\/ad1fbfa1fa7c3d3889f4ae5401dd660e\",\"name\":\"Comunicaciones\",\"image\":{\"@type\":\"ImageObject\",\"inLanguage\":\"es\",\"@id\":\"https:\\\/\\\/secure.gravatar.com\\\/avatar\\\/ed1c2728327f20a5a62edaeb7dc181858f225b765044c5314c3d1059a1bd992f?s=96&d=mm&r=g\",\"url\":\"https:\\\/\\\/secure.gravatar.com\\\/avatar\\\/ed1c2728327f20a5a62edaeb7dc181858f225b765044c5314c3d1059a1bd992f?s=96&d=mm&r=g\",\"contentUrl\":\"https:\\\/\\\/secure.gravatar.com\\\/avatar\\\/ed1c2728327f20a5a62edaeb7dc181858f225b765044c5314c3d1059a1bd992f?s=96&d=mm&r=g\",\"caption\":\"Comunicaciones\"},\"sameAs\":[\"http:\\\/\\\/www.cftestataltarapaca.cl\"],\"url\":\"https:\\\/\\\/www.cftestataltarapaca.cl\\\/inicio\\\/author\\\/comunicaciones\\\/\"}]}<\/script>\n<!-- \/ Yoast SEO plugin. -->","yoast_head_json":{"title":"Establecimientos de educaci\u00f3n media de la regi\u00f3n participaron en encuentro organizado CFT Estatal de Tarapac\u00e1 - CFT Estatal Tarapac\u00e1","robots":{"index":"index","follow":"follow","max-snippet":"max-snippet:-1","max-image-preview":"max-image-preview:large","max-video-preview":"max-video-preview:-1"},"canonical":"https:\/\/www.cftestataltarapaca.cl\/inicio\/2019\/10\/04\/establecimientos-de-educacion-media-de-la-region-participaron-en-encuentro-organizado-cft-estatal-de-tarapaca\/","og_locale":"es_ES","og_type":"article","og_title":"Establecimientos de educaci\u00f3n media de la regi\u00f3n participaron en encuentro organizado CFT Estatal de Tarapac\u00e1 - CFT Estatal Tarapac\u00e1","og_description":"Directores, orientadores y acad\u00e9micos de establecimientos de educaci\u00f3n media de la regi\u00f3n asistieron a la jornada informativa desarrollada por el Centro de Formaci\u00f3n T\u00e9cnica Estatal de Tarapac\u00e1.","og_url":"https:\/\/www.cftestataltarapaca.cl\/inicio\/2019\/10\/04\/establecimientos-de-educacion-media-de-la-region-participaron-en-encuentro-organizado-cft-estatal-de-tarapaca\/","og_site_name":"CFT Estatal Tarapac\u00e1","article_publisher":"https:\/\/www.facebook.com\/CFTestataltarapaca\/","article_published_time":"2019-10-04T14:19:34+00:00","article_modified_time":"2019-11-22T14:18:26+00:00","og_image":[{"width":1000,"height":750,"url":"https:\/\/www.cftestataltarapaca.cl\/inicio\/wp-content\/uploads\/2019\/10\/1-1.jpg","type":"image\/jpeg"}],"author":"Comunicaciones","twitter_card":"summary_large_image","twitter_creator":"@CFTesTarapaca","twitter_site":"@CFTesTarapaca","twitter_misc":{"Escrito por":"Comunicaciones","Tiempo de lectura":"2 minutos"},"schema":{"@context":"https:\/\/schema.org","@graph":[{"@type":"Article","@id":"https:\/\/www.cftestataltarapaca.cl\/inicio\/2019\/10\/04\/establecimientos-de-educacion-media-de-la-region-participaron-en-encuentro-organizado-cft-estatal-de-tarapaca\/#article","isPartOf":{"@id":"https:\/\/www.cftestataltarapaca.cl\/inicio\/2019\/10\/04\/establecimientos-de-educacion-media-de-la-region-participaron-en-encuentro-organizado-cft-estatal-de-tarapaca\/"},"author":{"name":"Comunicaciones","@id":"https:\/\/www.cftestataltarapaca.cl\/inicio\/#\/schema\/person\/ad1fbfa1fa7c3d3889f4ae5401dd660e"},"headline":"Establecimientos de educaci\u00f3n media de la regi\u00f3n participaron en encuentro organizado CFT Estatal de Tarapac\u00e1","datePublished":"2019-10-04T14:19:34+00:00","dateModified":"2019-11-22T14:18:26+00:00","mainEntityOfPage":{"@id":"https:\/\/www.cftestataltarapaca.cl\/inicio\/2019\/10\/04\/establecimientos-de-educacion-media-de-la-region-participaron-en-encuentro-organizado-cft-estatal-de-tarapaca\/"},"wordCount":452,"commentCount":0,"publisher":{"@id":"https:\/\/www.cftestataltarapaca.cl\/inicio\/#organization"},"image":{"@id":"https:\/\/www.cftestataltarapaca.cl\/inicio\/2019\/10\/04\/establecimientos-de-educacion-media-de-la-region-participaron-en-encuentro-organizado-cft-estatal-de-tarapaca\/#primaryimage"},"thumbnailUrl":"https:\/\/www.cftestataltarapaca.cl\/inicio\/wp-content\/uploads\/2019\/10\/1-1.jpg","keywords":["Alto Hospicio","CFT Estatal Tarapac\u00e1","educaci\u00f3n","Educaci\u00f3n T\u00e9cnica Profesional","liceos tecnicos","Tarapac\u00e1","t\u00e9cnicos"],"articleSection":["Acad\u00e9mico","Admisi\u00f3n","Comunicados","Vinculaci\u00f3n"],"inLanguage":"es","potentialAction":[{"@type":"CommentAction","name":"Comment","target":["https:\/\/www.cftestataltarapaca.cl\/inicio\/2019\/10\/04\/establecimientos-de-educacion-media-de-la-region-participaron-en-encuentro-organizado-cft-estatal-de-tarapaca\/#respond"]}]},{"@type":"WebPage","@id":"https:\/\/www.cftestataltarapaca.cl\/inicio\/2019\/10\/04\/establecimientos-de-educacion-media-de-la-region-participaron-en-encuentro-organizado-cft-estatal-de-tarapaca\/","url":"https:\/\/www.cftestataltarapaca.cl\/inicio\/2019\/10\/04\/establecimientos-de-educacion-media-de-la-region-participaron-en-encuentro-organizado-cft-estatal-de-tarapaca\/","name":"Establecimientos de educaci\u00f3n media de la regi\u00f3n participaron en encuentro organizado CFT Estatal de Tarapac\u00e1 - CFT Estatal Tarapac\u00e1","isPartOf":{"@id":"https:\/\/www.cftestataltarapaca.cl\/inicio\/#website"},"primaryImageOfPage":{"@id":"https:\/\/www.cftestataltarapaca.cl\/inicio\/2019\/10\/04\/establecimientos-de-educacion-media-de-la-region-participaron-en-encuentro-organizado-cft-estatal-de-tarapaca\/#primaryimage"},"image":{"@id":"https:\/\/www.cftestataltarapaca.cl\/inicio\/2019\/10\/04\/establecimientos-de-educacion-media-de-la-region-participaron-en-encuentro-organizado-cft-estatal-de-tarapaca\/#primaryimage"},"thumbnailUrl":"https:\/\/www.cftestataltarapaca.cl\/inicio\/wp-content\/uploads\/2019\/10\/1-1.jpg","datePublished":"2019-10-04T14:19:34+00:00","dateModified":"2019-11-22T14:18:26+00:00","breadcrumb":{"@id":"https:\/\/www.cftestataltarapaca.cl\/inicio\/2019\/10\/04\/establecimientos-de-educacion-media-de-la-region-participaron-en-encuentro-organizado-cft-estatal-de-tarapaca\/#breadcrumb"},"inLanguage":"es","potentialAction":[{"@type":"ReadAction","target":["https:\/\/www.cftestataltarapaca.cl\/inicio\/2019\/10\/04\/establecimientos-de-educacion-media-de-la-region-participaron-en-encuentro-organizado-cft-estatal-de-tarapaca\/"]}]},{"@type":"ImageObject","inLanguage":"es","@id":"https:\/\/www.cftestataltarapaca.cl\/inicio\/2019\/10\/04\/establecimientos-de-educacion-media-de-la-region-participaron-en-encuentro-organizado-cft-estatal-de-tarapaca\/#primaryimage","url":"https:\/\/www.cftestataltarapaca.cl\/inicio\/wp-content\/uploads\/2019\/10\/1-1.jpg","contentUrl":"https:\/\/www.cftestataltarapaca.cl\/inicio\/wp-content\/uploads\/2019\/10\/1-1.jpg","width":1000,"height":750},{"@type":"BreadcrumbList","@id":"https:\/\/www.cftestataltarapaca.cl\/inicio\/2019\/10\/04\/establecimientos-de-educacion-media-de-la-region-participaron-en-encuentro-organizado-cft-estatal-de-tarapaca\/#breadcrumb","itemListElement":[{"@type":"ListItem","position":1,"name":"Portada","item":"https:\/\/www.cftestataltarapaca.cl\/inicio\/"},{"@type":"ListItem","position":2,"name":"Establecimientos de educaci\u00f3n media de la regi\u00f3n participaron en encuentro organizado CFT Estatal de Tarapac\u00e1"}]},{"@type":"WebSite","@id":"https:\/\/www.cftestataltarapaca.cl\/inicio\/#website","url":"https:\/\/www.cftestataltarapaca.cl\/inicio\/","name":"CFT Estatal Tarapac\u00e1","description":"Admisi\u00f3n 2025","publisher":{"@id":"https:\/\/www.cftestataltarapaca.cl\/inicio\/#organization"},"potentialAction":[{"@type":"SearchAction","target":{"@type":"EntryPoint","urlTemplate":"https:\/\/www.cftestataltarapaca.cl\/inicio\/?s={search_term_string}"},"query-input":{"@type":"PropertyValueSpecification","valueRequired":true,"valueName":"search_term_string"}}],"inLanguage":"es"},{"@type":"Organization","@id":"https:\/\/www.cftestataltarapaca.cl\/inicio\/#organization","name":"CFT Estatal Tarapac\u00e1","url":"https:\/\/www.cftestataltarapaca.cl\/inicio\/","logo":{"@type":"ImageObject","inLanguage":"es","@id":"https:\/\/www.cftestataltarapaca.cl\/inicio\/#\/schema\/logo\/image\/","url":"https:\/\/www.cftestataltarapaca.cl\/inicio\/wp-content\/uploads\/2019\/03\/logo-retina-1.png","contentUrl":"https:\/\/www.cftestataltarapaca.cl\/inicio\/wp-content\/uploads\/2019\/03\/logo-retina-1.png","width":401,"height":150,"caption":"CFT Estatal Tarapac\u00e1"},"image":{"@id":"https:\/\/www.cftestataltarapaca.cl\/inicio\/#\/schema\/logo\/image\/"},"sameAs":["https:\/\/www.facebook.com\/CFTestataltarapaca\/","https:\/\/x.com\/CFTesTarapaca","https:\/\/www.instagram.com\/CFTestataltarapaca\/"]},{"@type":"Person","@id":"https:\/\/www.cftestataltarapaca.cl\/inicio\/#\/schema\/person\/ad1fbfa1fa7c3d3889f4ae5401dd660e","name":"Comunicaciones","image":{"@type":"ImageObject","inLanguage":"es","@id":"https:\/\/secure.gravatar.com\/avatar\/ed1c2728327f20a5a62edaeb7dc181858f225b765044c5314c3d1059a1bd992f?s=96&d=mm&r=g","url":"https:\/\/secure.gravatar.com\/avatar\/ed1c2728327f20a5a62edaeb7dc181858f225b765044c5314c3d1059a1bd992f?s=96&d=mm&r=g","contentUrl":"https:\/\/secure.gravatar.com\/avatar\/ed1c2728327f20a5a62edaeb7dc181858f225b765044c5314c3d1059a1bd992f?s=96&d=mm&r=g","caption":"Comunicaciones"},"sameAs":["http:\/\/www.cftestataltarapaca.cl"],"url":"https:\/\/www.cftestataltarapaca.cl\/inicio\/author\/comunicaciones\/"}]}},"publishpress_future_action":{"enabled":false,"date":"2026-05-09 08:06:43","action":"change-status","newStatus":"draft","terms":[],"taxonomy":"category","extraData":[]},"publishpress_future_workflow_manual_trigger":{"enabledWorkflows":[]},"_links":{"self":[{"href":"https:\/\/www.cftestataltarapaca.cl\/inicio\/wp-json\/wp\/v2\/posts\/2024","targetHints":{"allow":["GET"]}}],"collection":[{"href":"https:\/\/www.cftestataltarapaca.cl\/inicio\/wp-json\/wp\/v2\/posts"}],"about":[{"href":"https:\/\/www.cftestataltarapaca.cl\/inicio\/wp-json\/wp\/v2\/types\/post"}],"author":[{"embeddable":true,"href":"https:\/\/www.cftestataltarapaca.cl\/inicio\/wp-json\/wp\/v2\/users\/2"}],"replies":[{"embeddable":true,"href":"https:\/\/www.cftestataltarapaca.cl\/inicio\/wp-json\/wp\/v2\/comments?post=2024"}],"version-history":[{"count":4,"href":"https:\/\/www.cftestataltarapaca.cl\/inicio\/wp-json\/wp\/v2\/posts\/2024\/revisions"}],"predecessor-version":[{"id":2630,"href":"https:\/\/www.cftestataltarapaca.cl\/inicio\/wp-json\/wp\/v2\/posts\/2024\/revisions\/2630"}],"wp:featuredmedia":[{"embeddable":true,"href":"https:\/\/www.cftestataltarapaca.cl\/inicio\/wp-json\/wp\/v2\/media\/2033"}],"wp:attachment":[{"href":"https:\/\/www.cftestataltarapaca.cl\/inicio\/wp-json\/wp\/v2\/media?parent=2024"}],"wp:term":[{"taxonomy":"category","embeddable":true,"href":"https:\/\/www.cftestataltarapaca.cl\/inicio\/wp-json\/wp\/v2\/categories?post=2024"},{"taxonomy":"post_tag","embeddable":true,"href":"https:\/\/www.cftestataltarapaca.cl\/inicio\/wp-json\/wp\/v2\/tags?post=2024"}],"curies":[{"name":"wp","href":"https:\/\/api.w.org\/{rel}","templated":true}]}}