{"id":2639,"date":"2019-11-27T20:12:43","date_gmt":"2019-11-27T20:12:43","guid":{"rendered":"https:\/\/www.cftestataltarapaca.cl\/inicio\/?p=2639"},"modified":"2019-11-27T20:12:43","modified_gmt":"2019-11-27T20:12:43","slug":"hasta-30-de-diciembre-de-2019-se-mantiene-beca-matriculas-costo-cero","status":"publish","type":"post","link":"https:\/\/www.cftestataltarapaca.cl\/inicio\/2019\/11\/27\/hasta-30-de-diciembre-de-2019-se-mantiene-beca-matriculas-costo-cero\/","title":{"rendered":"Hasta 30 de diciembre de 2019 se mantiene beca \u201cMatr\u00edculas Costo Cero\u201d"},"content":{"rendered":"<p style=\"text-align: justify\">Quienes deseen estudiar en el Centro de Formaci\u00f3n T\u00e9cnica Estatal de Tarapac\u00e1 tienen plazo hasta el 30 de diciembre para acceder a la beca \u201cMatr\u00edcula Costo Cero\u201d.<\/p>\n<p style=\"text-align: justify\">Se trata de una beca que cubre el 100% del valor de la Matr\u00edcula para quienes realicen ese tr\u00e1mite antes de la fecha antes se\u00f1alada.<\/p>\n<p style=\"text-align: justify\">El proceso de Admisi\u00f3n 2020 del CFT Estatal Tarapac\u00e1 contempla 7 carreras t\u00e9cnicas de nivel superior en Administraci\u00f3n de Empresas, Mec\u00e1nica Mantenimiento Predictivo, Log\u00edstica, Enfermer\u00eda, Educaci\u00f3n Parvularia, Administraci\u00f3n P\u00fablica y El\u00e9ctrico en Energ\u00edas Renovables.<\/p>\n<p style=\"text-align: justify\">CFT Estatal Tarapac\u00e1 es la \u00fanica instituci\u00f3n de educaci\u00f3n superior que imparte clases en la comuna de Alto Hospicio, su oferta acad\u00e9mica contempla jornadas diurna y vespertina, adem\u00e1s\u00a0 est\u00e1 adscrita a la gratuidad y todos los beneficios estatales.<\/p>\n<p style=\"text-align: justify\">Los horarios de atenci\u00f3n son de lunes a jueves de 08.30 a 17.30 hrs y viernes de 8.30 a 16.30 hrs, en Juanita Fern\u00e1ndez 3199, Alto Hospicio.<\/p>\n<p style=\"text-align: justify\">\ud83d\udcde 572267570 o 9 78953861.<\/p>\n<p style=\"text-align: justify\">www.cftestataltarapaca.cl<\/p>\n","protected":false},"excerpt":{"rendered":"<p>Quienes deseen estudiar en el Centro de Formaci\u00f3n T\u00e9cnica Estatal de Tarapac\u00e1 tienen plazo hasta el 30 de diciembre para acceder a la beca \u201cMatr\u00edcula Costo Cero\u201d. Se trata de&#8230;<\/p>\n","protected":false},"author":2,"featured_media":0,"comment_status":"open","ping_status":"open","sticky":false,"template":"","format":"standard","meta":{"_joinchat":[],"footnotes":""},"categories":[49,46,52],"tags":[75,108,69,86,80,109],"class_list":["post-2639","post","type-post","status-publish","format-standard","hentry","category-academico","category-admision","category-comunicados","tag-alto-hospicio","tag-beca-costo-cero","tag-carreras","tag-cft-estatal-tarapaca","tag-educacion","tag-educacion-superior"],"yoast_head":"<!-- This site is optimized with the Yoast SEO plugin v27.4 - https:\/\/yoast.com\/product\/yoast-seo-wordpress\/ -->\n<title>Hasta 30 de diciembre de 2019 se mantiene beca \u201cMatr\u00edculas Costo Cero\u201d - CFT Estatal Tarapac\u00e1<\/title>\n<meta name=\"robots\" content=\"index, follow, max-snippet:-1, max-image-preview:large, max-video-preview:-1\" \/>\n<link rel=\"canonical\" href=\"https:\/\/www.cftestataltarapaca.cl\/inicio\/2019\/11\/27\/hasta-30-de-diciembre-de-2019-se-mantiene-beca-matriculas-costo-cero\/\" \/>\n<meta property=\"og:locale\" content=\"es_ES\" \/>\n<meta property=\"og:type\" content=\"article\" \/>\n<meta property=\"og:title\" content=\"Hasta 30 de diciembre de 2019 se mantiene beca \u201cMatr\u00edculas Costo Cero\u201d - CFT Estatal Tarapac\u00e1\" \/>\n<meta property=\"og:description\" content=\"Quienes deseen estudiar en el Centro de Formaci\u00f3n T\u00e9cnica Estatal de Tarapac\u00e1 tienen plazo hasta el 30 de diciembre para acceder a la beca \u201cMatr\u00edcula Costo Cero\u201d. Se trata de...\" \/>\n<meta property=\"og:url\" content=\"https:\/\/www.cftestataltarapaca.cl\/inicio\/2019\/11\/27\/hasta-30-de-diciembre-de-2019-se-mantiene-beca-matriculas-costo-cero\/\" \/>\n<meta property=\"og:site_name\" content=\"CFT Estatal Tarapac\u00e1\" \/>\n<meta property=\"article:publisher\" content=\"https:\/\/www.facebook.com\/CFTestataltarapaca\/\" \/>\n<meta property=\"article:published_time\" content=\"2019-11-27T20:12:43+00:00\" \/>\n<meta property=\"og:image\" content=\"https:\/\/www.cftestataltarapaca.cl\/inicio\/wp-content\/uploads\/2019\/11\/admis\u00f3n-y-matr\u00edcula.png\" \/>\n\t<meta property=\"og:image:width\" content=\"780\" \/>\n\t<meta property=\"og:image:height\" content=\"352\" \/>\n\t<meta property=\"og:image:type\" content=\"image\/png\" \/>\n<meta name=\"author\" content=\"Comunicaciones\" \/>\n<meta name=\"twitter:card\" content=\"summary_large_image\" \/>\n<meta name=\"twitter:creator\" content=\"@CFTesTarapaca\" \/>\n<meta name=\"twitter:site\" content=\"@CFTesTarapaca\" \/>\n<meta name=\"twitter:label1\" content=\"Escrito por\" \/>\n\t<meta name=\"twitter:data1\" content=\"Comunicaciones\" \/>\n\t<meta name=\"twitter:label2\" content=\"Tiempo de lectura\" \/>\n\t<meta name=\"twitter:data2\" content=\"1 minuto\" \/>\n<script type=\"application\/ld+json\" class=\"yoast-schema-graph\">{\"@context\":\"https:\\\/\\\/schema.org\",\"@graph\":[{\"@type\":\"Article\",\"@id\":\"https:\\\/\\\/www.cftestataltarapaca.cl\\\/inicio\\\/2019\\\/11\\\/27\\\/hasta-30-de-diciembre-de-2019-se-mantiene-beca-matriculas-costo-cero\\\/#article\",\"isPartOf\":{\"@id\":\"https:\\\/\\\/www.cftestataltarapaca.cl\\\/inicio\\\/2019\\\/11\\\/27\\\/hasta-30-de-diciembre-de-2019-se-mantiene-beca-matriculas-costo-cero\\\/\"},\"author\":{\"name\":\"Comunicaciones\",\"@id\":\"https:\\\/\\\/www.cftestataltarapaca.cl\\\/inicio\\\/#\\\/schema\\\/person\\\/ad1fbfa1fa7c3d3889f4ae5401dd660e\"},\"headline\":\"Hasta 30 de diciembre de 2019 se mantiene beca \u201cMatr\u00edculas Costo Cero\u201d\",\"datePublished\":\"2019-11-27T20:12:43+00:00\",\"mainEntityOfPage\":{\"@id\":\"https:\\\/\\\/www.cftestataltarapaca.cl\\\/inicio\\\/2019\\\/11\\\/27\\\/hasta-30-de-diciembre-de-2019-se-mantiene-beca-matriculas-costo-cero\\\/\"},\"wordCount\":180,\"commentCount\":2,\"publisher\":{\"@id\":\"https:\\\/\\\/www.cftestataltarapaca.cl\\\/inicio\\\/#organization\"},\"keywords\":[\"Alto Hospicio\",\"beca costo cero\",\"carreras\",\"CFT Estatal Tarapac\u00e1\",\"educaci\u00f3n\",\"educaci\u00f3n superior\"],\"articleSection\":[\"Acad\u00e9mico\",\"Admisi\u00f3n\",\"Comunicados\"],\"inLanguage\":\"es\",\"potentialAction\":[{\"@type\":\"CommentAction\",\"name\":\"Comment\",\"target\":[\"https:\\\/\\\/www.cftestataltarapaca.cl\\\/inicio\\\/2019\\\/11\\\/27\\\/hasta-30-de-diciembre-de-2019-se-mantiene-beca-matriculas-costo-cero\\\/#respond\"]}]},{\"@type\":\"WebPage\",\"@id\":\"https:\\\/\\\/www.cftestataltarapaca.cl\\\/inicio\\\/2019\\\/11\\\/27\\\/hasta-30-de-diciembre-de-2019-se-mantiene-beca-matriculas-costo-cero\\\/\",\"url\":\"https:\\\/\\\/www.cftestataltarapaca.cl\\\/inicio\\\/2019\\\/11\\\/27\\\/hasta-30-de-diciembre-de-2019-se-mantiene-beca-matriculas-costo-cero\\\/\",\"name\":\"Hasta 30 de diciembre de 2019 se mantiene beca \u201cMatr\u00edculas Costo Cero\u201d - CFT Estatal Tarapac\u00e1\",\"isPartOf\":{\"@id\":\"https:\\\/\\\/www.cftestataltarapaca.cl\\\/inicio\\\/#website\"},\"datePublished\":\"2019-11-27T20:12:43+00:00\",\"breadcrumb\":{\"@id\":\"https:\\\/\\\/www.cftestataltarapaca.cl\\\/inicio\\\/2019\\\/11\\\/27\\\/hasta-30-de-diciembre-de-2019-se-mantiene-beca-matriculas-costo-cero\\\/#breadcrumb\"},\"inLanguage\":\"es\",\"potentialAction\":[{\"@type\":\"ReadAction\",\"target\":[\"https:\\\/\\\/www.cftestataltarapaca.cl\\\/inicio\\\/2019\\\/11\\\/27\\\/hasta-30-de-diciembre-de-2019-se-mantiene-beca-matriculas-costo-cero\\\/\"]}]},{\"@type\":\"BreadcrumbList\",\"@id\":\"https:\\\/\\\/www.cftestataltarapaca.cl\\\/inicio\\\/2019\\\/11\\\/27\\\/hasta-30-de-diciembre-de-2019-se-mantiene-beca-matriculas-costo-cero\\\/#breadcrumb\",\"itemListElement\":[{\"@type\":\"ListItem\",\"position\":1,\"name\":\"Portada\",\"item\":\"https:\\\/\\\/www.cftestataltarapaca.cl\\\/inicio\\\/\"},{\"@type\":\"ListItem\",\"position\":2,\"name\":\"Hasta 30 de diciembre de 2019 se mantiene beca \u201cMatr\u00edculas Costo Cero\u201d\"}]},{\"@type\":\"WebSite\",\"@id\":\"https:\\\/\\\/www.cftestataltarapaca.cl\\\/inicio\\\/#website\",\"url\":\"https:\\\/\\\/www.cftestataltarapaca.cl\\\/inicio\\\/\",\"name\":\"CFT Estatal Tarapac\u00e1\",\"description\":\"Admisi\u00f3n 2025\",\"publisher\":{\"@id\":\"https:\\\/\\\/www.cftestataltarapaca.cl\\\/inicio\\\/#organization\"},\"potentialAction\":[{\"@type\":\"SearchAction\",\"target\":{\"@type\":\"EntryPoint\",\"urlTemplate\":\"https:\\\/\\\/www.cftestataltarapaca.cl\\\/inicio\\\/?s={search_term_string}\"},\"query-input\":{\"@type\":\"PropertyValueSpecification\",\"valueRequired\":true,\"valueName\":\"search_term_string\"}}],\"inLanguage\":\"es\"},{\"@type\":\"Organization\",\"@id\":\"https:\\\/\\\/www.cftestataltarapaca.cl\\\/inicio\\\/#organization\",\"name\":\"CFT Estatal Tarapac\u00e1\",\"url\":\"https:\\\/\\\/www.cftestataltarapaca.cl\\\/inicio\\\/\",\"logo\":{\"@type\":\"ImageObject\",\"inLanguage\":\"es\",\"@id\":\"https:\\\/\\\/www.cftestataltarapaca.cl\\\/inicio\\\/#\\\/schema\\\/logo\\\/image\\\/\",\"url\":\"https:\\\/\\\/www.cftestataltarapaca.cl\\\/inicio\\\/wp-content\\\/uploads\\\/2019\\\/03\\\/logo-retina-1.png\",\"contentUrl\":\"https:\\\/\\\/www.cftestataltarapaca.cl\\\/inicio\\\/wp-content\\\/uploads\\\/2019\\\/03\\\/logo-retina-1.png\",\"width\":401,\"height\":150,\"caption\":\"CFT Estatal Tarapac\u00e1\"},\"image\":{\"@id\":\"https:\\\/\\\/www.cftestataltarapaca.cl\\\/inicio\\\/#\\\/schema\\\/logo\\\/image\\\/\"},\"sameAs\":[\"https:\\\/\\\/www.facebook.com\\\/CFTestataltarapaca\\\/\",\"https:\\\/\\\/x.com\\\/CFTesTarapaca\",\"https:\\\/\\\/www.instagram.com\\\/CFTestataltarapaca\\\/\"]},{\"@type\":\"Person\",\"@id\":\"https:\\\/\\\/www.cftestataltarapaca.cl\\\/inicio\\\/#\\\/schema\\\/person\\\/ad1fbfa1fa7c3d3889f4ae5401dd660e\",\"name\":\"Comunicaciones\",\"image\":{\"@type\":\"ImageObject\",\"inLanguage\":\"es\",\"@id\":\"https:\\\/\\\/secure.gravatar.com\\\/avatar\\\/ed1c2728327f20a5a62edaeb7dc181858f225b765044c5314c3d1059a1bd992f?s=96&d=mm&r=g\",\"url\":\"https:\\\/\\\/secure.gravatar.com\\\/avatar\\\/ed1c2728327f20a5a62edaeb7dc181858f225b765044c5314c3d1059a1bd992f?s=96&d=mm&r=g\",\"contentUrl\":\"https:\\\/\\\/secure.gravatar.com\\\/avatar\\\/ed1c2728327f20a5a62edaeb7dc181858f225b765044c5314c3d1059a1bd992f?s=96&d=mm&r=g\",\"caption\":\"Comunicaciones\"},\"sameAs\":[\"http:\\\/\\\/www.cftestataltarapaca.cl\"],\"url\":\"https:\\\/\\\/www.cftestataltarapaca.cl\\\/inicio\\\/author\\\/comunicaciones\\\/\"}]}<\/script>\n<!-- \/ Yoast SEO plugin. -->","yoast_head_json":{"title":"Hasta 30 de diciembre de 2019 se mantiene beca \u201cMatr\u00edculas Costo Cero\u201d - CFT Estatal Tarapac\u00e1","robots":{"index":"index","follow":"follow","max-snippet":"max-snippet:-1","max-image-preview":"max-image-preview:large","max-video-preview":"max-video-preview:-1"},"canonical":"https:\/\/www.cftestataltarapaca.cl\/inicio\/2019\/11\/27\/hasta-30-de-diciembre-de-2019-se-mantiene-beca-matriculas-costo-cero\/","og_locale":"es_ES","og_type":"article","og_title":"Hasta 30 de diciembre de 2019 se mantiene beca \u201cMatr\u00edculas Costo Cero\u201d - CFT Estatal Tarapac\u00e1","og_description":"Quienes deseen estudiar en el Centro de Formaci\u00f3n T\u00e9cnica Estatal de Tarapac\u00e1 tienen plazo hasta el 30 de diciembre para acceder a la beca \u201cMatr\u00edcula Costo Cero\u201d. Se trata de...","og_url":"https:\/\/www.cftestataltarapaca.cl\/inicio\/2019\/11\/27\/hasta-30-de-diciembre-de-2019-se-mantiene-beca-matriculas-costo-cero\/","og_site_name":"CFT Estatal Tarapac\u00e1","article_publisher":"https:\/\/www.facebook.com\/CFTestataltarapaca\/","article_published_time":"2019-11-27T20:12:43+00:00","og_image":[{"width":780,"height":352,"url":"https:\/\/www.cftestataltarapaca.cl\/inicio\/wp-content\/uploads\/2019\/11\/admis\u00f3n-y-matr\u00edcula.png","type":"image\/png"}],"author":"Comunicaciones","twitter_card":"summary_large_image","twitter_creator":"@CFTesTarapaca","twitter_site":"@CFTesTarapaca","twitter_misc":{"Escrito por":"Comunicaciones","Tiempo de lectura":"1 minuto"},"schema":{"@context":"https:\/\/schema.org","@graph":[{"@type":"Article","@id":"https:\/\/www.cftestataltarapaca.cl\/inicio\/2019\/11\/27\/hasta-30-de-diciembre-de-2019-se-mantiene-beca-matriculas-costo-cero\/#article","isPartOf":{"@id":"https:\/\/www.cftestataltarapaca.cl\/inicio\/2019\/11\/27\/hasta-30-de-diciembre-de-2019-se-mantiene-beca-matriculas-costo-cero\/"},"author":{"name":"Comunicaciones","@id":"https:\/\/www.cftestataltarapaca.cl\/inicio\/#\/schema\/person\/ad1fbfa1fa7c3d3889f4ae5401dd660e"},"headline":"Hasta 30 de diciembre de 2019 se mantiene beca \u201cMatr\u00edculas Costo Cero\u201d","datePublished":"2019-11-27T20:12:43+00:00","mainEntityOfPage":{"@id":"https:\/\/www.cftestataltarapaca.cl\/inicio\/2019\/11\/27\/hasta-30-de-diciembre-de-2019-se-mantiene-beca-matriculas-costo-cero\/"},"wordCount":180,"commentCount":2,"publisher":{"@id":"https:\/\/www.cftestataltarapaca.cl\/inicio\/#organization"},"keywords":["Alto Hospicio","beca costo cero","carreras","CFT Estatal Tarapac\u00e1","educaci\u00f3n","educaci\u00f3n superior"],"articleSection":["Acad\u00e9mico","Admisi\u00f3n","Comunicados"],"inLanguage":"es","potentialAction":[{"@type":"CommentAction","name":"Comment","target":["https:\/\/www.cftestataltarapaca.cl\/inicio\/2019\/11\/27\/hasta-30-de-diciembre-de-2019-se-mantiene-beca-matriculas-costo-cero\/#respond"]}]},{"@type":"WebPage","@id":"https:\/\/www.cftestataltarapaca.cl\/inicio\/2019\/11\/27\/hasta-30-de-diciembre-de-2019-se-mantiene-beca-matriculas-costo-cero\/","url":"https:\/\/www.cftestataltarapaca.cl\/inicio\/2019\/11\/27\/hasta-30-de-diciembre-de-2019-se-mantiene-beca-matriculas-costo-cero\/","name":"Hasta 30 de diciembre de 2019 se mantiene beca \u201cMatr\u00edculas Costo Cero\u201d - CFT Estatal Tarapac\u00e1","isPartOf":{"@id":"https:\/\/www.cftestataltarapaca.cl\/inicio\/#website"},"datePublished":"2019-11-27T20:12:43+00:00","breadcrumb":{"@id":"https:\/\/www.cftestataltarapaca.cl\/inicio\/2019\/11\/27\/hasta-30-de-diciembre-de-2019-se-mantiene-beca-matriculas-costo-cero\/#breadcrumb"},"inLanguage":"es","potentialAction":[{"@type":"ReadAction","target":["https:\/\/www.cftestataltarapaca.cl\/inicio\/2019\/11\/27\/hasta-30-de-diciembre-de-2019-se-mantiene-beca-matriculas-costo-cero\/"]}]},{"@type":"BreadcrumbList","@id":"https:\/\/www.cftestataltarapaca.cl\/inicio\/2019\/11\/27\/hasta-30-de-diciembre-de-2019-se-mantiene-beca-matriculas-costo-cero\/#breadcrumb","itemListElement":[{"@type":"ListItem","position":1,"name":"Portada","item":"https:\/\/www.cftestataltarapaca.cl\/inicio\/"},{"@type":"ListItem","position":2,"name":"Hasta 30 de diciembre de 2019 se mantiene beca \u201cMatr\u00edculas Costo Cero\u201d"}]},{"@type":"WebSite","@id":"https:\/\/www.cftestataltarapaca.cl\/inicio\/#website","url":"https:\/\/www.cftestataltarapaca.cl\/inicio\/","name":"CFT Estatal Tarapac\u00e1","description":"Admisi\u00f3n 2025","publisher":{"@id":"https:\/\/www.cftestataltarapaca.cl\/inicio\/#organization"},"potentialAction":[{"@type":"SearchAction","target":{"@type":"EntryPoint","urlTemplate":"https:\/\/www.cftestataltarapaca.cl\/inicio\/?s={search_term_string}"},"query-input":{"@type":"PropertyValueSpecification","valueRequired":true,"valueName":"search_term_string"}}],"inLanguage":"es"},{"@type":"Organization","@id":"https:\/\/www.cftestataltarapaca.cl\/inicio\/#organization","name":"CFT Estatal Tarapac\u00e1","url":"https:\/\/www.cftestataltarapaca.cl\/inicio\/","logo":{"@type":"ImageObject","inLanguage":"es","@id":"https:\/\/www.cftestataltarapaca.cl\/inicio\/#\/schema\/logo\/image\/","url":"https:\/\/www.cftestataltarapaca.cl\/inicio\/wp-content\/uploads\/2019\/03\/logo-retina-1.png","contentUrl":"https:\/\/www.cftestataltarapaca.cl\/inicio\/wp-content\/uploads\/2019\/03\/logo-retina-1.png","width":401,"height":150,"caption":"CFT Estatal Tarapac\u00e1"},"image":{"@id":"https:\/\/www.cftestataltarapaca.cl\/inicio\/#\/schema\/logo\/image\/"},"sameAs":["https:\/\/www.facebook.com\/CFTestataltarapaca\/","https:\/\/x.com\/CFTesTarapaca","https:\/\/www.instagram.com\/CFTestataltarapaca\/"]},{"@type":"Person","@id":"https:\/\/www.cftestataltarapaca.cl\/inicio\/#\/schema\/person\/ad1fbfa1fa7c3d3889f4ae5401dd660e","name":"Comunicaciones","image":{"@type":"ImageObject","inLanguage":"es","@id":"https:\/\/secure.gravatar.com\/avatar\/ed1c2728327f20a5a62edaeb7dc181858f225b765044c5314c3d1059a1bd992f?s=96&d=mm&r=g","url":"https:\/\/secure.gravatar.com\/avatar\/ed1c2728327f20a5a62edaeb7dc181858f225b765044c5314c3d1059a1bd992f?s=96&d=mm&r=g","contentUrl":"https:\/\/secure.gravatar.com\/avatar\/ed1c2728327f20a5a62edaeb7dc181858f225b765044c5314c3d1059a1bd992f?s=96&d=mm&r=g","caption":"Comunicaciones"},"sameAs":["http:\/\/www.cftestataltarapaca.cl"],"url":"https:\/\/www.cftestataltarapaca.cl\/inicio\/author\/comunicaciones\/"}]}},"publishpress_future_action":{"enabled":false,"date":"2026-05-09 04:05:14","action":"change-status","newStatus":"draft","terms":[],"taxonomy":"category","extraData":[]},"publishpress_future_workflow_manual_trigger":{"enabledWorkflows":[]},"_links":{"self":[{"href":"https:\/\/www.cftestataltarapaca.cl\/inicio\/wp-json\/wp\/v2\/posts\/2639","targetHints":{"allow":["GET"]}}],"collection":[{"href":"https:\/\/www.cftestataltarapaca.cl\/inicio\/wp-json\/wp\/v2\/posts"}],"about":[{"href":"https:\/\/www.cftestataltarapaca.cl\/inicio\/wp-json\/wp\/v2\/types\/post"}],"author":[{"embeddable":true,"href":"https:\/\/www.cftestataltarapaca.cl\/inicio\/wp-json\/wp\/v2\/users\/2"}],"replies":[{"embeddable":true,"href":"https:\/\/www.cftestataltarapaca.cl\/inicio\/wp-json\/wp\/v2\/comments?post=2639"}],"version-history":[{"count":5,"href":"https:\/\/www.cftestataltarapaca.cl\/inicio\/wp-json\/wp\/v2\/posts\/2639\/revisions"}],"predecessor-version":[{"id":2644,"href":"https:\/\/www.cftestataltarapaca.cl\/inicio\/wp-json\/wp\/v2\/posts\/2639\/revisions\/2644"}],"wp:attachment":[{"href":"https:\/\/www.cftestataltarapaca.cl\/inicio\/wp-json\/wp\/v2\/media?parent=2639"}],"wp:term":[{"taxonomy":"category","embeddable":true,"href":"https:\/\/www.cftestataltarapaca.cl\/inicio\/wp-json\/wp\/v2\/categories?post=2639"},{"taxonomy":"post_tag","embeddable":true,"href":"https:\/\/www.cftestataltarapaca.cl\/inicio\/wp-json\/wp\/v2\/tags?post=2639"}],"curies":[{"name":"wp","href":"https:\/\/api.w.org\/{rel}","templated":true}]}}