{"id":2658,"date":"2019-12-04T13:01:43","date_gmt":"2019-12-04T13:01:43","guid":{"rendered":"https:\/\/www.cftestataltarapaca.cl\/inicio\/?p=2658"},"modified":"2019-12-04T13:01:43","modified_gmt":"2019-12-04T13:01:43","slug":"cft-estatal-tarapaca-recibio-certificacion-trabajar-con-calidad-de-vida","status":"publish","type":"post","link":"https:\/\/www.cftestataltarapaca.cl\/inicio\/2019\/12\/04\/cft-estatal-tarapaca-recibio-certificacion-trabajar-con-calidad-de-vida\/","title":{"rendered":"CFT Estatal Tarapac\u00e1 recibi\u00f3 certificaci\u00f3n \u201cTrabajar con Calidad de Vida\u201d"},"content":{"rendered":"<p style=\"text-align: justify\">Tras un a\u00f1o de trabajo y capacitaciones el Centro de Formaci\u00f3n T\u00e9cnica Estatal de Tarapac\u00e1 recibi\u00f3 su certificaci\u00f3n de espacio laboral preventivo del consumo de alcohol y drogas.<\/p>\n<p style=\"text-align: justify\">En ceremonia liderada por el director regional de SENDA, Claudio Jim\u00e9nez y la seremi del Trabajo, Cibel Jim\u00e9nez, se entreg\u00f3 al rector del CFT Estatal Tarapac\u00e1, Jorge Villegas Ahumada el certificado inicial (primera etapa), que acredita la implementaci\u00f3n del programa \u201cTrabajar con Calidad de Vida\u201d en la instituci\u00f3n de educaci\u00f3n superior.<\/p>\n<p style=\"text-align: justify\">El programa tiene como finalidad orientar a prevenir el consumo de drogas y alcohol al interior de las organizaciones laborales, contribuyendo al bienestar de los trabajadores y trabajadoras y su entorno familiar, explic\u00f3 el director regional de SENDA, Claudio Jim\u00e9nez, quien inform\u00f3 que la certificaci\u00f3n inicial tambi\u00e9n fue entregada a Canon, Tesorer\u00eda Regional de Tarapac\u00e1, Fondo de Solidaridad e Inversi\u00f3n Social (Fosis), Falabella, Compa\u00f1\u00eda Minera Cerro Colorado y Electrotecnia GPR.<\/p>\n<p style=\"text-align: justify\">El rector del CFT Estatal Tarapac\u00e1, Jorge Villegas Ahumada, agradeci\u00f3 la oportunidad que proporciona Senda de participar en capacitaci\u00f3n en prevenci\u00f3n. \u201cUno de nuestros ejes, en cada una de nuestras 7 carreras t\u00e9cnicas de nivel superior, es la seguridad y este tipo de capacitaciones nos fortalece en la entrega de mejores herramientas a nuestros estudiantes\u201d.<\/p>\n<p style=\"text-align: justify\">En la ceremonia tambi\u00e9n se entreg\u00f3 certificaci\u00f3n final, tras dos a\u00f1os de implementaci\u00f3n, al Instituto Nacional de Deportes, Servicios del Norte, Servicio Agr\u00edcola y Ganadero (SAG), Seremi del Trabajo y Previsi\u00f3n Social, Siges Chile e Inversiones TSB.<\/p>\n<p><img loading=\"lazy\" decoding=\"async\" class=\"alignnone size-medium wp-image-2660\" src=\"https:\/\/www.cftestataltarapaca.cl\/inicio\/wp-content\/uploads\/2019\/12\/3-300x225.jpg\" alt=\"\" width=\"300\" height=\"225\" srcset=\"https:\/\/www.cftestataltarapaca.cl\/inicio\/wp-content\/uploads\/2019\/12\/3-300x225.jpg 300w, https:\/\/www.cftestataltarapaca.cl\/inicio\/wp-content\/uploads\/2019\/12\/3-768x576.jpg 768w, https:\/\/www.cftestataltarapaca.cl\/inicio\/wp-content\/uploads\/2019\/12\/3.jpg 1024w\" sizes=\"auto, (max-width: 300px) 100vw, 300px\" \/><\/p>\n","protected":false},"excerpt":{"rendered":"<p>Tras un a\u00f1o de trabajo y capacitaciones el Centro de Formaci\u00f3n T\u00e9cnica Estatal de Tarapac\u00e1 recibi\u00f3 su certificaci\u00f3n de espacio laboral preventivo del consumo de alcohol y drogas. En ceremonia&#8230;<\/p>\n","protected":false},"author":2,"featured_media":2659,"comment_status":"open","ping_status":"open","sticky":false,"template":"","format":"standard","meta":{"_joinchat":[],"footnotes":""},"categories":[49,52,45],"tags":[62,86,92,54],"class_list":["post-2658","post","type-post","status-publish","format-standard","has-post-thumbnail","hentry","category-academico","category-comunicados","category-vinculacion","tag-altohospicio","tag-cft-estatal-tarapaca","tag-seguridad","tag-senda-prevencion"],"yoast_head":"<!-- This site is optimized with the Yoast SEO plugin v27.4 - https:\/\/yoast.com\/product\/yoast-seo-wordpress\/ -->\n<title>CFT Estatal Tarapac\u00e1 recibi\u00f3 certificaci\u00f3n \u201cTrabajar con Calidad de Vida\u201d - CFT Estatal Tarapac\u00e1<\/title>\n<meta name=\"robots\" content=\"index, follow, max-snippet:-1, max-image-preview:large, max-video-preview:-1\" \/>\n<link rel=\"canonical\" href=\"https:\/\/www.cftestataltarapaca.cl\/inicio\/2019\/12\/04\/cft-estatal-tarapaca-recibio-certificacion-trabajar-con-calidad-de-vida\/\" \/>\n<meta property=\"og:locale\" content=\"es_ES\" \/>\n<meta property=\"og:type\" content=\"article\" \/>\n<meta property=\"og:title\" content=\"CFT Estatal Tarapac\u00e1 recibi\u00f3 certificaci\u00f3n \u201cTrabajar con Calidad de Vida\u201d - CFT Estatal Tarapac\u00e1\" \/>\n<meta property=\"og:description\" content=\"Tras un a\u00f1o de trabajo y capacitaciones el Centro de Formaci\u00f3n T\u00e9cnica Estatal de Tarapac\u00e1 recibi\u00f3 su certificaci\u00f3n de espacio laboral preventivo del consumo de alcohol y drogas. En ceremonia...\" \/>\n<meta property=\"og:url\" content=\"https:\/\/www.cftestataltarapaca.cl\/inicio\/2019\/12\/04\/cft-estatal-tarapaca-recibio-certificacion-trabajar-con-calidad-de-vida\/\" \/>\n<meta property=\"og:site_name\" content=\"CFT Estatal Tarapac\u00e1\" \/>\n<meta property=\"article:publisher\" content=\"https:\/\/www.facebook.com\/CFTestataltarapaca\/\" \/>\n<meta property=\"article:published_time\" content=\"2019-12-04T13:01:43+00:00\" \/>\n<meta property=\"og:image\" content=\"https:\/\/www.cftestataltarapaca.cl\/inicio\/wp-content\/uploads\/2019\/12\/1.jpg\" \/>\n\t<meta property=\"og:image:width\" content=\"1024\" \/>\n\t<meta property=\"og:image:height\" content=\"768\" \/>\n\t<meta property=\"og:image:type\" content=\"image\/jpeg\" \/>\n<meta name=\"author\" content=\"Comunicaciones\" \/>\n<meta name=\"twitter:card\" content=\"summary_large_image\" \/>\n<meta name=\"twitter:creator\" content=\"@CFTesTarapaca\" \/>\n<meta name=\"twitter:site\" content=\"@CFTesTarapaca\" \/>\n<meta name=\"twitter:label1\" content=\"Escrito por\" \/>\n\t<meta name=\"twitter:data1\" content=\"Comunicaciones\" \/>\n\t<meta name=\"twitter:label2\" content=\"Tiempo de lectura\" \/>\n\t<meta name=\"twitter:data2\" content=\"1 minuto\" \/>\n<script type=\"application\/ld+json\" class=\"yoast-schema-graph\">{\"@context\":\"https:\\\/\\\/schema.org\",\"@graph\":[{\"@type\":\"Article\",\"@id\":\"https:\\\/\\\/www.cftestataltarapaca.cl\\\/inicio\\\/2019\\\/12\\\/04\\\/cft-estatal-tarapaca-recibio-certificacion-trabajar-con-calidad-de-vida\\\/#article\",\"isPartOf\":{\"@id\":\"https:\\\/\\\/www.cftestataltarapaca.cl\\\/inicio\\\/2019\\\/12\\\/04\\\/cft-estatal-tarapaca-recibio-certificacion-trabajar-con-calidad-de-vida\\\/\"},\"author\":{\"name\":\"Comunicaciones\",\"@id\":\"https:\\\/\\\/www.cftestataltarapaca.cl\\\/inicio\\\/#\\\/schema\\\/person\\\/ad1fbfa1fa7c3d3889f4ae5401dd660e\"},\"headline\":\"CFT Estatal Tarapac\u00e1 recibi\u00f3 certificaci\u00f3n \u201cTrabajar con Calidad de Vida\u201d\",\"datePublished\":\"2019-12-04T13:01:43+00:00\",\"mainEntityOfPage\":{\"@id\":\"https:\\\/\\\/www.cftestataltarapaca.cl\\\/inicio\\\/2019\\\/12\\\/04\\\/cft-estatal-tarapaca-recibio-certificacion-trabajar-con-calidad-de-vida\\\/\"},\"wordCount\":275,\"commentCount\":0,\"publisher\":{\"@id\":\"https:\\\/\\\/www.cftestataltarapaca.cl\\\/inicio\\\/#organization\"},\"image\":{\"@id\":\"https:\\\/\\\/www.cftestataltarapaca.cl\\\/inicio\\\/2019\\\/12\\\/04\\\/cft-estatal-tarapaca-recibio-certificacion-trabajar-con-calidad-de-vida\\\/#primaryimage\"},\"thumbnailUrl\":\"https:\\\/\\\/www.cftestataltarapaca.cl\\\/inicio\\\/wp-content\\\/uploads\\\/2019\\\/12\\\/1.jpg\",\"keywords\":[\"AltoHospicio\",\"CFT Estatal Tarapac\u00e1\",\"Seguridad\",\"SENDA; prevenci\u00f3n\"],\"articleSection\":[\"Acad\u00e9mico\",\"Comunicados\",\"Vinculaci\u00f3n\"],\"inLanguage\":\"es\",\"potentialAction\":[{\"@type\":\"CommentAction\",\"name\":\"Comment\",\"target\":[\"https:\\\/\\\/www.cftestataltarapaca.cl\\\/inicio\\\/2019\\\/12\\\/04\\\/cft-estatal-tarapaca-recibio-certificacion-trabajar-con-calidad-de-vida\\\/#respond\"]}]},{\"@type\":\"WebPage\",\"@id\":\"https:\\\/\\\/www.cftestataltarapaca.cl\\\/inicio\\\/2019\\\/12\\\/04\\\/cft-estatal-tarapaca-recibio-certificacion-trabajar-con-calidad-de-vida\\\/\",\"url\":\"https:\\\/\\\/www.cftestataltarapaca.cl\\\/inicio\\\/2019\\\/12\\\/04\\\/cft-estatal-tarapaca-recibio-certificacion-trabajar-con-calidad-de-vida\\\/\",\"name\":\"CFT Estatal Tarapac\u00e1 recibi\u00f3 certificaci\u00f3n \u201cTrabajar con Calidad de Vida\u201d - CFT Estatal Tarapac\u00e1\",\"isPartOf\":{\"@id\":\"https:\\\/\\\/www.cftestataltarapaca.cl\\\/inicio\\\/#website\"},\"primaryImageOfPage\":{\"@id\":\"https:\\\/\\\/www.cftestataltarapaca.cl\\\/inicio\\\/2019\\\/12\\\/04\\\/cft-estatal-tarapaca-recibio-certificacion-trabajar-con-calidad-de-vida\\\/#primaryimage\"},\"image\":{\"@id\":\"https:\\\/\\\/www.cftestataltarapaca.cl\\\/inicio\\\/2019\\\/12\\\/04\\\/cft-estatal-tarapaca-recibio-certificacion-trabajar-con-calidad-de-vida\\\/#primaryimage\"},\"thumbnailUrl\":\"https:\\\/\\\/www.cftestataltarapaca.cl\\\/inicio\\\/wp-content\\\/uploads\\\/2019\\\/12\\\/1.jpg\",\"datePublished\":\"2019-12-04T13:01:43+00:00\",\"breadcrumb\":{\"@id\":\"https:\\\/\\\/www.cftestataltarapaca.cl\\\/inicio\\\/2019\\\/12\\\/04\\\/cft-estatal-tarapaca-recibio-certificacion-trabajar-con-calidad-de-vida\\\/#breadcrumb\"},\"inLanguage\":\"es\",\"potentialAction\":[{\"@type\":\"ReadAction\",\"target\":[\"https:\\\/\\\/www.cftestataltarapaca.cl\\\/inicio\\\/2019\\\/12\\\/04\\\/cft-estatal-tarapaca-recibio-certificacion-trabajar-con-calidad-de-vida\\\/\"]}]},{\"@type\":\"ImageObject\",\"inLanguage\":\"es\",\"@id\":\"https:\\\/\\\/www.cftestataltarapaca.cl\\\/inicio\\\/2019\\\/12\\\/04\\\/cft-estatal-tarapaca-recibio-certificacion-trabajar-con-calidad-de-vida\\\/#primaryimage\",\"url\":\"https:\\\/\\\/www.cftestataltarapaca.cl\\\/inicio\\\/wp-content\\\/uploads\\\/2019\\\/12\\\/1.jpg\",\"contentUrl\":\"https:\\\/\\\/www.cftestataltarapaca.cl\\\/inicio\\\/wp-content\\\/uploads\\\/2019\\\/12\\\/1.jpg\",\"width\":1024,\"height\":768},{\"@type\":\"BreadcrumbList\",\"@id\":\"https:\\\/\\\/www.cftestataltarapaca.cl\\\/inicio\\\/2019\\\/12\\\/04\\\/cft-estatal-tarapaca-recibio-certificacion-trabajar-con-calidad-de-vida\\\/#breadcrumb\",\"itemListElement\":[{\"@type\":\"ListItem\",\"position\":1,\"name\":\"Portada\",\"item\":\"https:\\\/\\\/www.cftestataltarapaca.cl\\\/inicio\\\/\"},{\"@type\":\"ListItem\",\"position\":2,\"name\":\"CFT Estatal Tarapac\u00e1 recibi\u00f3 certificaci\u00f3n \u201cTrabajar con Calidad de Vida\u201d\"}]},{\"@type\":\"WebSite\",\"@id\":\"https:\\\/\\\/www.cftestataltarapaca.cl\\\/inicio\\\/#website\",\"url\":\"https:\\\/\\\/www.cftestataltarapaca.cl\\\/inicio\\\/\",\"name\":\"CFT Estatal Tarapac\u00e1\",\"description\":\"Admisi\u00f3n 2025\",\"publisher\":{\"@id\":\"https:\\\/\\\/www.cftestataltarapaca.cl\\\/inicio\\\/#organization\"},\"potentialAction\":[{\"@type\":\"SearchAction\",\"target\":{\"@type\":\"EntryPoint\",\"urlTemplate\":\"https:\\\/\\\/www.cftestataltarapaca.cl\\\/inicio\\\/?s={search_term_string}\"},\"query-input\":{\"@type\":\"PropertyValueSpecification\",\"valueRequired\":true,\"valueName\":\"search_term_string\"}}],\"inLanguage\":\"es\"},{\"@type\":\"Organization\",\"@id\":\"https:\\\/\\\/www.cftestataltarapaca.cl\\\/inicio\\\/#organization\",\"name\":\"CFT Estatal Tarapac\u00e1\",\"url\":\"https:\\\/\\\/www.cftestataltarapaca.cl\\\/inicio\\\/\",\"logo\":{\"@type\":\"ImageObject\",\"inLanguage\":\"es\",\"@id\":\"https:\\\/\\\/www.cftestataltarapaca.cl\\\/inicio\\\/#\\\/schema\\\/logo\\\/image\\\/\",\"url\":\"https:\\\/\\\/www.cftestataltarapaca.cl\\\/inicio\\\/wp-content\\\/uploads\\\/2019\\\/03\\\/logo-retina-1.png\",\"contentUrl\":\"https:\\\/\\\/www.cftestataltarapaca.cl\\\/inicio\\\/wp-content\\\/uploads\\\/2019\\\/03\\\/logo-retina-1.png\",\"width\":401,\"height\":150,\"caption\":\"CFT Estatal Tarapac\u00e1\"},\"image\":{\"@id\":\"https:\\\/\\\/www.cftestataltarapaca.cl\\\/inicio\\\/#\\\/schema\\\/logo\\\/image\\\/\"},\"sameAs\":[\"https:\\\/\\\/www.facebook.com\\\/CFTestataltarapaca\\\/\",\"https:\\\/\\\/x.com\\\/CFTesTarapaca\",\"https:\\\/\\\/www.instagram.com\\\/CFTestataltarapaca\\\/\"]},{\"@type\":\"Person\",\"@id\":\"https:\\\/\\\/www.cftestataltarapaca.cl\\\/inicio\\\/#\\\/schema\\\/person\\\/ad1fbfa1fa7c3d3889f4ae5401dd660e\",\"name\":\"Comunicaciones\",\"image\":{\"@type\":\"ImageObject\",\"inLanguage\":\"es\",\"@id\":\"https:\\\/\\\/secure.gravatar.com\\\/avatar\\\/ed1c2728327f20a5a62edaeb7dc181858f225b765044c5314c3d1059a1bd992f?s=96&d=mm&r=g\",\"url\":\"https:\\\/\\\/secure.gravatar.com\\\/avatar\\\/ed1c2728327f20a5a62edaeb7dc181858f225b765044c5314c3d1059a1bd992f?s=96&d=mm&r=g\",\"contentUrl\":\"https:\\\/\\\/secure.gravatar.com\\\/avatar\\\/ed1c2728327f20a5a62edaeb7dc181858f225b765044c5314c3d1059a1bd992f?s=96&d=mm&r=g\",\"caption\":\"Comunicaciones\"},\"sameAs\":[\"http:\\\/\\\/www.cftestataltarapaca.cl\"],\"url\":\"https:\\\/\\\/www.cftestataltarapaca.cl\\\/inicio\\\/author\\\/comunicaciones\\\/\"}]}<\/script>\n<!-- \/ Yoast SEO plugin. -->","yoast_head_json":{"title":"CFT Estatal Tarapac\u00e1 recibi\u00f3 certificaci\u00f3n \u201cTrabajar con Calidad de Vida\u201d - CFT Estatal Tarapac\u00e1","robots":{"index":"index","follow":"follow","max-snippet":"max-snippet:-1","max-image-preview":"max-image-preview:large","max-video-preview":"max-video-preview:-1"},"canonical":"https:\/\/www.cftestataltarapaca.cl\/inicio\/2019\/12\/04\/cft-estatal-tarapaca-recibio-certificacion-trabajar-con-calidad-de-vida\/","og_locale":"es_ES","og_type":"article","og_title":"CFT Estatal Tarapac\u00e1 recibi\u00f3 certificaci\u00f3n \u201cTrabajar con Calidad de Vida\u201d - CFT Estatal Tarapac\u00e1","og_description":"Tras un a\u00f1o de trabajo y capacitaciones el Centro de Formaci\u00f3n T\u00e9cnica Estatal de Tarapac\u00e1 recibi\u00f3 su certificaci\u00f3n de espacio laboral preventivo del consumo de alcohol y drogas. En ceremonia...","og_url":"https:\/\/www.cftestataltarapaca.cl\/inicio\/2019\/12\/04\/cft-estatal-tarapaca-recibio-certificacion-trabajar-con-calidad-de-vida\/","og_site_name":"CFT Estatal Tarapac\u00e1","article_publisher":"https:\/\/www.facebook.com\/CFTestataltarapaca\/","article_published_time":"2019-12-04T13:01:43+00:00","og_image":[{"width":1024,"height":768,"url":"https:\/\/www.cftestataltarapaca.cl\/inicio\/wp-content\/uploads\/2019\/12\/1.jpg","type":"image\/jpeg"}],"author":"Comunicaciones","twitter_card":"summary_large_image","twitter_creator":"@CFTesTarapaca","twitter_site":"@CFTesTarapaca","twitter_misc":{"Escrito por":"Comunicaciones","Tiempo de lectura":"1 minuto"},"schema":{"@context":"https:\/\/schema.org","@graph":[{"@type":"Article","@id":"https:\/\/www.cftestataltarapaca.cl\/inicio\/2019\/12\/04\/cft-estatal-tarapaca-recibio-certificacion-trabajar-con-calidad-de-vida\/#article","isPartOf":{"@id":"https:\/\/www.cftestataltarapaca.cl\/inicio\/2019\/12\/04\/cft-estatal-tarapaca-recibio-certificacion-trabajar-con-calidad-de-vida\/"},"author":{"name":"Comunicaciones","@id":"https:\/\/www.cftestataltarapaca.cl\/inicio\/#\/schema\/person\/ad1fbfa1fa7c3d3889f4ae5401dd660e"},"headline":"CFT Estatal Tarapac\u00e1 recibi\u00f3 certificaci\u00f3n \u201cTrabajar con Calidad de Vida\u201d","datePublished":"2019-12-04T13:01:43+00:00","mainEntityOfPage":{"@id":"https:\/\/www.cftestataltarapaca.cl\/inicio\/2019\/12\/04\/cft-estatal-tarapaca-recibio-certificacion-trabajar-con-calidad-de-vida\/"},"wordCount":275,"commentCount":0,"publisher":{"@id":"https:\/\/www.cftestataltarapaca.cl\/inicio\/#organization"},"image":{"@id":"https:\/\/www.cftestataltarapaca.cl\/inicio\/2019\/12\/04\/cft-estatal-tarapaca-recibio-certificacion-trabajar-con-calidad-de-vida\/#primaryimage"},"thumbnailUrl":"https:\/\/www.cftestataltarapaca.cl\/inicio\/wp-content\/uploads\/2019\/12\/1.jpg","keywords":["AltoHospicio","CFT Estatal Tarapac\u00e1","Seguridad","SENDA; prevenci\u00f3n"],"articleSection":["Acad\u00e9mico","Comunicados","Vinculaci\u00f3n"],"inLanguage":"es","potentialAction":[{"@type":"CommentAction","name":"Comment","target":["https:\/\/www.cftestataltarapaca.cl\/inicio\/2019\/12\/04\/cft-estatal-tarapaca-recibio-certificacion-trabajar-con-calidad-de-vida\/#respond"]}]},{"@type":"WebPage","@id":"https:\/\/www.cftestataltarapaca.cl\/inicio\/2019\/12\/04\/cft-estatal-tarapaca-recibio-certificacion-trabajar-con-calidad-de-vida\/","url":"https:\/\/www.cftestataltarapaca.cl\/inicio\/2019\/12\/04\/cft-estatal-tarapaca-recibio-certificacion-trabajar-con-calidad-de-vida\/","name":"CFT Estatal Tarapac\u00e1 recibi\u00f3 certificaci\u00f3n \u201cTrabajar con Calidad de Vida\u201d - CFT Estatal Tarapac\u00e1","isPartOf":{"@id":"https:\/\/www.cftestataltarapaca.cl\/inicio\/#website"},"primaryImageOfPage":{"@id":"https:\/\/www.cftestataltarapaca.cl\/inicio\/2019\/12\/04\/cft-estatal-tarapaca-recibio-certificacion-trabajar-con-calidad-de-vida\/#primaryimage"},"image":{"@id":"https:\/\/www.cftestataltarapaca.cl\/inicio\/2019\/12\/04\/cft-estatal-tarapaca-recibio-certificacion-trabajar-con-calidad-de-vida\/#primaryimage"},"thumbnailUrl":"https:\/\/www.cftestataltarapaca.cl\/inicio\/wp-content\/uploads\/2019\/12\/1.jpg","datePublished":"2019-12-04T13:01:43+00:00","breadcrumb":{"@id":"https:\/\/www.cftestataltarapaca.cl\/inicio\/2019\/12\/04\/cft-estatal-tarapaca-recibio-certificacion-trabajar-con-calidad-de-vida\/#breadcrumb"},"inLanguage":"es","potentialAction":[{"@type":"ReadAction","target":["https:\/\/www.cftestataltarapaca.cl\/inicio\/2019\/12\/04\/cft-estatal-tarapaca-recibio-certificacion-trabajar-con-calidad-de-vida\/"]}]},{"@type":"ImageObject","inLanguage":"es","@id":"https:\/\/www.cftestataltarapaca.cl\/inicio\/2019\/12\/04\/cft-estatal-tarapaca-recibio-certificacion-trabajar-con-calidad-de-vida\/#primaryimage","url":"https:\/\/www.cftestataltarapaca.cl\/inicio\/wp-content\/uploads\/2019\/12\/1.jpg","contentUrl":"https:\/\/www.cftestataltarapaca.cl\/inicio\/wp-content\/uploads\/2019\/12\/1.jpg","width":1024,"height":768},{"@type":"BreadcrumbList","@id":"https:\/\/www.cftestataltarapaca.cl\/inicio\/2019\/12\/04\/cft-estatal-tarapaca-recibio-certificacion-trabajar-con-calidad-de-vida\/#breadcrumb","itemListElement":[{"@type":"ListItem","position":1,"name":"Portada","item":"https:\/\/www.cftestataltarapaca.cl\/inicio\/"},{"@type":"ListItem","position":2,"name":"CFT Estatal Tarapac\u00e1 recibi\u00f3 certificaci\u00f3n \u201cTrabajar con Calidad de Vida\u201d"}]},{"@type":"WebSite","@id":"https:\/\/www.cftestataltarapaca.cl\/inicio\/#website","url":"https:\/\/www.cftestataltarapaca.cl\/inicio\/","name":"CFT Estatal Tarapac\u00e1","description":"Admisi\u00f3n 2025","publisher":{"@id":"https:\/\/www.cftestataltarapaca.cl\/inicio\/#organization"},"potentialAction":[{"@type":"SearchAction","target":{"@type":"EntryPoint","urlTemplate":"https:\/\/www.cftestataltarapaca.cl\/inicio\/?s={search_term_string}"},"query-input":{"@type":"PropertyValueSpecification","valueRequired":true,"valueName":"search_term_string"}}],"inLanguage":"es"},{"@type":"Organization","@id":"https:\/\/www.cftestataltarapaca.cl\/inicio\/#organization","name":"CFT Estatal Tarapac\u00e1","url":"https:\/\/www.cftestataltarapaca.cl\/inicio\/","logo":{"@type":"ImageObject","inLanguage":"es","@id":"https:\/\/www.cftestataltarapaca.cl\/inicio\/#\/schema\/logo\/image\/","url":"https:\/\/www.cftestataltarapaca.cl\/inicio\/wp-content\/uploads\/2019\/03\/logo-retina-1.png","contentUrl":"https:\/\/www.cftestataltarapaca.cl\/inicio\/wp-content\/uploads\/2019\/03\/logo-retina-1.png","width":401,"height":150,"caption":"CFT Estatal Tarapac\u00e1"},"image":{"@id":"https:\/\/www.cftestataltarapaca.cl\/inicio\/#\/schema\/logo\/image\/"},"sameAs":["https:\/\/www.facebook.com\/CFTestataltarapaca\/","https:\/\/x.com\/CFTesTarapaca","https:\/\/www.instagram.com\/CFTestataltarapaca\/"]},{"@type":"Person","@id":"https:\/\/www.cftestataltarapaca.cl\/inicio\/#\/schema\/person\/ad1fbfa1fa7c3d3889f4ae5401dd660e","name":"Comunicaciones","image":{"@type":"ImageObject","inLanguage":"es","@id":"https:\/\/secure.gravatar.com\/avatar\/ed1c2728327f20a5a62edaeb7dc181858f225b765044c5314c3d1059a1bd992f?s=96&d=mm&r=g","url":"https:\/\/secure.gravatar.com\/avatar\/ed1c2728327f20a5a62edaeb7dc181858f225b765044c5314c3d1059a1bd992f?s=96&d=mm&r=g","contentUrl":"https:\/\/secure.gravatar.com\/avatar\/ed1c2728327f20a5a62edaeb7dc181858f225b765044c5314c3d1059a1bd992f?s=96&d=mm&r=g","caption":"Comunicaciones"},"sameAs":["http:\/\/www.cftestataltarapaca.cl"],"url":"https:\/\/www.cftestataltarapaca.cl\/inicio\/author\/comunicaciones\/"}]}},"publishpress_future_action":{"enabled":false,"date":"2026-05-09 03:56:14","action":"change-status","newStatus":"draft","terms":[],"taxonomy":"category","extraData":[]},"publishpress_future_workflow_manual_trigger":{"enabledWorkflows":[]},"_links":{"self":[{"href":"https:\/\/www.cftestataltarapaca.cl\/inicio\/wp-json\/wp\/v2\/posts\/2658","targetHints":{"allow":["GET"]}}],"collection":[{"href":"https:\/\/www.cftestataltarapaca.cl\/inicio\/wp-json\/wp\/v2\/posts"}],"about":[{"href":"https:\/\/www.cftestataltarapaca.cl\/inicio\/wp-json\/wp\/v2\/types\/post"}],"author":[{"embeddable":true,"href":"https:\/\/www.cftestataltarapaca.cl\/inicio\/wp-json\/wp\/v2\/users\/2"}],"replies":[{"embeddable":true,"href":"https:\/\/www.cftestataltarapaca.cl\/inicio\/wp-json\/wp\/v2\/comments?post=2658"}],"version-history":[{"count":2,"href":"https:\/\/www.cftestataltarapaca.cl\/inicio\/wp-json\/wp\/v2\/posts\/2658\/revisions"}],"predecessor-version":[{"id":2662,"href":"https:\/\/www.cftestataltarapaca.cl\/inicio\/wp-json\/wp\/v2\/posts\/2658\/revisions\/2662"}],"wp:featuredmedia":[{"embeddable":true,"href":"https:\/\/www.cftestataltarapaca.cl\/inicio\/wp-json\/wp\/v2\/media\/2659"}],"wp:attachment":[{"href":"https:\/\/www.cftestataltarapaca.cl\/inicio\/wp-json\/wp\/v2\/media?parent=2658"}],"wp:term":[{"taxonomy":"category","embeddable":true,"href":"https:\/\/www.cftestataltarapaca.cl\/inicio\/wp-json\/wp\/v2\/categories?post=2658"},{"taxonomy":"post_tag","embeddable":true,"href":"https:\/\/www.cftestataltarapaca.cl\/inicio\/wp-json\/wp\/v2\/tags?post=2658"}],"curies":[{"name":"wp","href":"https:\/\/api.w.org\/{rel}","templated":true}]}}