{"id":3572,"date":"2019-12-06T16:04:42","date_gmt":"2019-12-06T16:04:42","guid":{"rendered":"https:\/\/www.cftestataltarapaca.cl\/inicio\/?p=3572"},"modified":"2019-12-06T16:04:42","modified_gmt":"2019-12-06T16:04:42","slug":"beca-matricula-costo-cero-se-extiende-hasta-31-de-enero","status":"publish","type":"post","link":"https:\/\/www.cftestataltarapaca.cl\/inicio\/2019\/12\/06\/beca-matricula-costo-cero-se-extiende-hasta-31-de-enero\/","title":{"rendered":"Beca \u201cMatr\u00edcula costo cero\u201d se extiende hasta 31 de enero"},"content":{"rendered":"<p style=\"text-align: justify\">En su \u00faltima sesi\u00f3n del a\u00f1o el directorio del Centro de Formaci\u00f3n T\u00e9cnica Estatal de Tarapac\u00e1, que lidera el rector Jorge Villegas Ahumada, determin\u00f3 extender hasta el 31 de octubre la beca \u201cMatr\u00edcula costo cero\u201d.<\/p>\n<p style=\"text-align: justify\">Se trata de una beca que cubre el 100% del valor de la Matr\u00edcula a estudiantes nuevos proceso Admisi\u00f3n 2020.<\/p>\n<p style=\"text-align: justify\">CFT Estatal contempla una oferta acad\u00e9mica con carreras t\u00e9cnicas de nivel superior en las \u00e1reas del conocimiento de Administraci\u00f3n de Empresas, Mec\u00e1nica Mantenimiento Predictivo, Log\u00edstica, Enfermer\u00eda, Educaci\u00f3n Parvularia, Administraci\u00f3n P\u00fablica y El\u00e9ctrico en Energ\u00edas Renovables.<\/p>\n<p style=\"text-align: justify\">Creada bajo la ley 20.910, CFT Estatal Tarapac\u00e1 es la \u00fanica instituci\u00f3n de educaci\u00f3n superior que imparte clases en Alto Hospicio, con jornadas diurna y vespertina, encontr\u00e1ndose adem\u00e1s adscrita a la gratuidad y todos los beneficios estatales.<\/p>\n<p style=\"text-align: justify\">Los horarios de atenci\u00f3n del proceso de Matr\u00edcula son de lunes a jueves de 08.30 a 17.30 hrs y viernes de 8.30 a 16.30 hrs, en Juanita Fern\u00e1ndez 3199, Alto Hospicio. Para m\u00e1s informaci\u00f3n 572267570 o 9 78953861.<\/p>\n<p>www.cftestataltarapaca.cl<\/p>\n","protected":false},"excerpt":{"rendered":"<p>En su \u00faltima sesi\u00f3n del a\u00f1o el directorio del Centro de Formaci\u00f3n T\u00e9cnica Estatal de Tarapac\u00e1, que lidera el rector Jorge Villegas Ahumada, determin\u00f3 extender hasta el 31 de octubre&#8230;<\/p>\n","protected":false},"author":2,"featured_media":0,"comment_status":"open","ping_status":"open","sticky":false,"template":"","format":"standard","meta":{"_joinchat":[],"footnotes":""},"categories":[49,46,52],"tags":[86,80,107,68],"class_list":["post-3572","post","type-post","status-publish","format-standard","hentry","category-academico","category-admision","category-comunicados","tag-cft-estatal-tarapaca","tag-educacion","tag-matricula","tag-tecnicos"],"yoast_head":"<!-- This site is optimized with the Yoast SEO plugin v27.4 - https:\/\/yoast.com\/product\/yoast-seo-wordpress\/ -->\n<title>Beca \u201cMatr\u00edcula costo cero\u201d se extiende hasta 31 de enero - CFT Estatal Tarapac\u00e1<\/title>\n<meta name=\"robots\" content=\"index, follow, max-snippet:-1, max-image-preview:large, max-video-preview:-1\" \/>\n<link rel=\"canonical\" href=\"https:\/\/www.cftestataltarapaca.cl\/inicio\/2019\/12\/06\/beca-matricula-costo-cero-se-extiende-hasta-31-de-enero\/\" \/>\n<meta property=\"og:locale\" content=\"es_ES\" \/>\n<meta property=\"og:type\" content=\"article\" \/>\n<meta property=\"og:title\" content=\"Beca \u201cMatr\u00edcula costo cero\u201d se extiende hasta 31 de enero - CFT Estatal Tarapac\u00e1\" \/>\n<meta property=\"og:description\" content=\"En su \u00faltima sesi\u00f3n del a\u00f1o el directorio del Centro de Formaci\u00f3n T\u00e9cnica Estatal de Tarapac\u00e1, que lidera el rector Jorge Villegas Ahumada, determin\u00f3 extender hasta el 31 de octubre...\" \/>\n<meta property=\"og:url\" content=\"https:\/\/www.cftestataltarapaca.cl\/inicio\/2019\/12\/06\/beca-matricula-costo-cero-se-extiende-hasta-31-de-enero\/\" \/>\n<meta property=\"og:site_name\" content=\"CFT Estatal Tarapac\u00e1\" \/>\n<meta property=\"article:publisher\" content=\"https:\/\/www.facebook.com\/CFTestataltarapaca\/\" \/>\n<meta property=\"article:published_time\" content=\"2019-12-06T16:04:42+00:00\" \/>\n<meta property=\"og:image\" content=\"https:\/\/www.cftestataltarapaca.cl\/inicio\/wp-content\/uploads\/2019\/12\/costo-cero-31-de-enero.jpg\" \/>\n\t<meta property=\"og:image:width\" content=\"1280\" \/>\n\t<meta property=\"og:image:height\" content=\"702\" \/>\n\t<meta property=\"og:image:type\" content=\"image\/jpeg\" \/>\n<meta name=\"author\" content=\"Comunicaciones\" \/>\n<meta name=\"twitter:card\" content=\"summary_large_image\" \/>\n<meta name=\"twitter:creator\" content=\"@CFTesTarapaca\" \/>\n<meta name=\"twitter:site\" content=\"@CFTesTarapaca\" \/>\n<meta name=\"twitter:label1\" content=\"Escrito por\" \/>\n\t<meta name=\"twitter:data1\" content=\"Comunicaciones\" \/>\n\t<meta name=\"twitter:label2\" content=\"Tiempo de lectura\" \/>\n\t<meta name=\"twitter:data2\" content=\"1 minuto\" \/>\n<script type=\"application\/ld+json\" class=\"yoast-schema-graph\">{\"@context\":\"https:\\\/\\\/schema.org\",\"@graph\":[{\"@type\":\"Article\",\"@id\":\"https:\\\/\\\/www.cftestataltarapaca.cl\\\/inicio\\\/2019\\\/12\\\/06\\\/beca-matricula-costo-cero-se-extiende-hasta-31-de-enero\\\/#article\",\"isPartOf\":{\"@id\":\"https:\\\/\\\/www.cftestataltarapaca.cl\\\/inicio\\\/2019\\\/12\\\/06\\\/beca-matricula-costo-cero-se-extiende-hasta-31-de-enero\\\/\"},\"author\":{\"name\":\"Comunicaciones\",\"@id\":\"https:\\\/\\\/www.cftestataltarapaca.cl\\\/inicio\\\/#\\\/schema\\\/person\\\/ad1fbfa1fa7c3d3889f4ae5401dd660e\"},\"headline\":\"Beca \u201cMatr\u00edcula costo cero\u201d se extiende hasta 31 de enero\",\"datePublished\":\"2019-12-06T16:04:42+00:00\",\"mainEntityOfPage\":{\"@id\":\"https:\\\/\\\/www.cftestataltarapaca.cl\\\/inicio\\\/2019\\\/12\\\/06\\\/beca-matricula-costo-cero-se-extiende-hasta-31-de-enero\\\/\"},\"wordCount\":193,\"commentCount\":0,\"publisher\":{\"@id\":\"https:\\\/\\\/www.cftestataltarapaca.cl\\\/inicio\\\/#organization\"},\"keywords\":[\"CFT Estatal Tarapac\u00e1\",\"educaci\u00f3n\",\"matr\u00edcula\",\"t\u00e9cnicos\"],\"articleSection\":[\"Acad\u00e9mico\",\"Admisi\u00f3n\",\"Comunicados\"],\"inLanguage\":\"es\",\"potentialAction\":[{\"@type\":\"CommentAction\",\"name\":\"Comment\",\"target\":[\"https:\\\/\\\/www.cftestataltarapaca.cl\\\/inicio\\\/2019\\\/12\\\/06\\\/beca-matricula-costo-cero-se-extiende-hasta-31-de-enero\\\/#respond\"]}]},{\"@type\":\"WebPage\",\"@id\":\"https:\\\/\\\/www.cftestataltarapaca.cl\\\/inicio\\\/2019\\\/12\\\/06\\\/beca-matricula-costo-cero-se-extiende-hasta-31-de-enero\\\/\",\"url\":\"https:\\\/\\\/www.cftestataltarapaca.cl\\\/inicio\\\/2019\\\/12\\\/06\\\/beca-matricula-costo-cero-se-extiende-hasta-31-de-enero\\\/\",\"name\":\"Beca \u201cMatr\u00edcula costo cero\u201d se extiende hasta 31 de enero - CFT Estatal Tarapac\u00e1\",\"isPartOf\":{\"@id\":\"https:\\\/\\\/www.cftestataltarapaca.cl\\\/inicio\\\/#website\"},\"datePublished\":\"2019-12-06T16:04:42+00:00\",\"breadcrumb\":{\"@id\":\"https:\\\/\\\/www.cftestataltarapaca.cl\\\/inicio\\\/2019\\\/12\\\/06\\\/beca-matricula-costo-cero-se-extiende-hasta-31-de-enero\\\/#breadcrumb\"},\"inLanguage\":\"es\",\"potentialAction\":[{\"@type\":\"ReadAction\",\"target\":[\"https:\\\/\\\/www.cftestataltarapaca.cl\\\/inicio\\\/2019\\\/12\\\/06\\\/beca-matricula-costo-cero-se-extiende-hasta-31-de-enero\\\/\"]}]},{\"@type\":\"BreadcrumbList\",\"@id\":\"https:\\\/\\\/www.cftestataltarapaca.cl\\\/inicio\\\/2019\\\/12\\\/06\\\/beca-matricula-costo-cero-se-extiende-hasta-31-de-enero\\\/#breadcrumb\",\"itemListElement\":[{\"@type\":\"ListItem\",\"position\":1,\"name\":\"Portada\",\"item\":\"https:\\\/\\\/www.cftestataltarapaca.cl\\\/inicio\\\/\"},{\"@type\":\"ListItem\",\"position\":2,\"name\":\"Beca \u201cMatr\u00edcula costo cero\u201d se extiende hasta 31 de enero\"}]},{\"@type\":\"WebSite\",\"@id\":\"https:\\\/\\\/www.cftestataltarapaca.cl\\\/inicio\\\/#website\",\"url\":\"https:\\\/\\\/www.cftestataltarapaca.cl\\\/inicio\\\/\",\"name\":\"CFT Estatal Tarapac\u00e1\",\"description\":\"Admisi\u00f3n 2025\",\"publisher\":{\"@id\":\"https:\\\/\\\/www.cftestataltarapaca.cl\\\/inicio\\\/#organization\"},\"potentialAction\":[{\"@type\":\"SearchAction\",\"target\":{\"@type\":\"EntryPoint\",\"urlTemplate\":\"https:\\\/\\\/www.cftestataltarapaca.cl\\\/inicio\\\/?s={search_term_string}\"},\"query-input\":{\"@type\":\"PropertyValueSpecification\",\"valueRequired\":true,\"valueName\":\"search_term_string\"}}],\"inLanguage\":\"es\"},{\"@type\":\"Organization\",\"@id\":\"https:\\\/\\\/www.cftestataltarapaca.cl\\\/inicio\\\/#organization\",\"name\":\"CFT Estatal Tarapac\u00e1\",\"url\":\"https:\\\/\\\/www.cftestataltarapaca.cl\\\/inicio\\\/\",\"logo\":{\"@type\":\"ImageObject\",\"inLanguage\":\"es\",\"@id\":\"https:\\\/\\\/www.cftestataltarapaca.cl\\\/inicio\\\/#\\\/schema\\\/logo\\\/image\\\/\",\"url\":\"https:\\\/\\\/www.cftestataltarapaca.cl\\\/inicio\\\/wp-content\\\/uploads\\\/2019\\\/03\\\/logo-retina-1.png\",\"contentUrl\":\"https:\\\/\\\/www.cftestataltarapaca.cl\\\/inicio\\\/wp-content\\\/uploads\\\/2019\\\/03\\\/logo-retina-1.png\",\"width\":401,\"height\":150,\"caption\":\"CFT Estatal Tarapac\u00e1\"},\"image\":{\"@id\":\"https:\\\/\\\/www.cftestataltarapaca.cl\\\/inicio\\\/#\\\/schema\\\/logo\\\/image\\\/\"},\"sameAs\":[\"https:\\\/\\\/www.facebook.com\\\/CFTestataltarapaca\\\/\",\"https:\\\/\\\/x.com\\\/CFTesTarapaca\",\"https:\\\/\\\/www.instagram.com\\\/CFTestataltarapaca\\\/\"]},{\"@type\":\"Person\",\"@id\":\"https:\\\/\\\/www.cftestataltarapaca.cl\\\/inicio\\\/#\\\/schema\\\/person\\\/ad1fbfa1fa7c3d3889f4ae5401dd660e\",\"name\":\"Comunicaciones\",\"image\":{\"@type\":\"ImageObject\",\"inLanguage\":\"es\",\"@id\":\"https:\\\/\\\/secure.gravatar.com\\\/avatar\\\/ed1c2728327f20a5a62edaeb7dc181858f225b765044c5314c3d1059a1bd992f?s=96&d=mm&r=g\",\"url\":\"https:\\\/\\\/secure.gravatar.com\\\/avatar\\\/ed1c2728327f20a5a62edaeb7dc181858f225b765044c5314c3d1059a1bd992f?s=96&d=mm&r=g\",\"contentUrl\":\"https:\\\/\\\/secure.gravatar.com\\\/avatar\\\/ed1c2728327f20a5a62edaeb7dc181858f225b765044c5314c3d1059a1bd992f?s=96&d=mm&r=g\",\"caption\":\"Comunicaciones\"},\"sameAs\":[\"http:\\\/\\\/www.cftestataltarapaca.cl\"],\"url\":\"https:\\\/\\\/www.cftestataltarapaca.cl\\\/inicio\\\/author\\\/comunicaciones\\\/\"}]}<\/script>\n<!-- \/ Yoast SEO plugin. -->","yoast_head_json":{"title":"Beca \u201cMatr\u00edcula costo cero\u201d se extiende hasta 31 de enero - CFT Estatal Tarapac\u00e1","robots":{"index":"index","follow":"follow","max-snippet":"max-snippet:-1","max-image-preview":"max-image-preview:large","max-video-preview":"max-video-preview:-1"},"canonical":"https:\/\/www.cftestataltarapaca.cl\/inicio\/2019\/12\/06\/beca-matricula-costo-cero-se-extiende-hasta-31-de-enero\/","og_locale":"es_ES","og_type":"article","og_title":"Beca \u201cMatr\u00edcula costo cero\u201d se extiende hasta 31 de enero - CFT Estatal Tarapac\u00e1","og_description":"En su \u00faltima sesi\u00f3n del a\u00f1o el directorio del Centro de Formaci\u00f3n T\u00e9cnica Estatal de Tarapac\u00e1, que lidera el rector Jorge Villegas Ahumada, determin\u00f3 extender hasta el 31 de octubre...","og_url":"https:\/\/www.cftestataltarapaca.cl\/inicio\/2019\/12\/06\/beca-matricula-costo-cero-se-extiende-hasta-31-de-enero\/","og_site_name":"CFT Estatal Tarapac\u00e1","article_publisher":"https:\/\/www.facebook.com\/CFTestataltarapaca\/","article_published_time":"2019-12-06T16:04:42+00:00","og_image":[{"width":1280,"height":702,"url":"https:\/\/www.cftestataltarapaca.cl\/inicio\/wp-content\/uploads\/2019\/12\/costo-cero-31-de-enero.jpg","type":"image\/jpeg"}],"author":"Comunicaciones","twitter_card":"summary_large_image","twitter_creator":"@CFTesTarapaca","twitter_site":"@CFTesTarapaca","twitter_misc":{"Escrito por":"Comunicaciones","Tiempo de lectura":"1 minuto"},"schema":{"@context":"https:\/\/schema.org","@graph":[{"@type":"Article","@id":"https:\/\/www.cftestataltarapaca.cl\/inicio\/2019\/12\/06\/beca-matricula-costo-cero-se-extiende-hasta-31-de-enero\/#article","isPartOf":{"@id":"https:\/\/www.cftestataltarapaca.cl\/inicio\/2019\/12\/06\/beca-matricula-costo-cero-se-extiende-hasta-31-de-enero\/"},"author":{"name":"Comunicaciones","@id":"https:\/\/www.cftestataltarapaca.cl\/inicio\/#\/schema\/person\/ad1fbfa1fa7c3d3889f4ae5401dd660e"},"headline":"Beca \u201cMatr\u00edcula costo cero\u201d se extiende hasta 31 de enero","datePublished":"2019-12-06T16:04:42+00:00","mainEntityOfPage":{"@id":"https:\/\/www.cftestataltarapaca.cl\/inicio\/2019\/12\/06\/beca-matricula-costo-cero-se-extiende-hasta-31-de-enero\/"},"wordCount":193,"commentCount":0,"publisher":{"@id":"https:\/\/www.cftestataltarapaca.cl\/inicio\/#organization"},"keywords":["CFT Estatal Tarapac\u00e1","educaci\u00f3n","matr\u00edcula","t\u00e9cnicos"],"articleSection":["Acad\u00e9mico","Admisi\u00f3n","Comunicados"],"inLanguage":"es","potentialAction":[{"@type":"CommentAction","name":"Comment","target":["https:\/\/www.cftestataltarapaca.cl\/inicio\/2019\/12\/06\/beca-matricula-costo-cero-se-extiende-hasta-31-de-enero\/#respond"]}]},{"@type":"WebPage","@id":"https:\/\/www.cftestataltarapaca.cl\/inicio\/2019\/12\/06\/beca-matricula-costo-cero-se-extiende-hasta-31-de-enero\/","url":"https:\/\/www.cftestataltarapaca.cl\/inicio\/2019\/12\/06\/beca-matricula-costo-cero-se-extiende-hasta-31-de-enero\/","name":"Beca \u201cMatr\u00edcula costo cero\u201d se extiende hasta 31 de enero - CFT Estatal Tarapac\u00e1","isPartOf":{"@id":"https:\/\/www.cftestataltarapaca.cl\/inicio\/#website"},"datePublished":"2019-12-06T16:04:42+00:00","breadcrumb":{"@id":"https:\/\/www.cftestataltarapaca.cl\/inicio\/2019\/12\/06\/beca-matricula-costo-cero-se-extiende-hasta-31-de-enero\/#breadcrumb"},"inLanguage":"es","potentialAction":[{"@type":"ReadAction","target":["https:\/\/www.cftestataltarapaca.cl\/inicio\/2019\/12\/06\/beca-matricula-costo-cero-se-extiende-hasta-31-de-enero\/"]}]},{"@type":"BreadcrumbList","@id":"https:\/\/www.cftestataltarapaca.cl\/inicio\/2019\/12\/06\/beca-matricula-costo-cero-se-extiende-hasta-31-de-enero\/#breadcrumb","itemListElement":[{"@type":"ListItem","position":1,"name":"Portada","item":"https:\/\/www.cftestataltarapaca.cl\/inicio\/"},{"@type":"ListItem","position":2,"name":"Beca \u201cMatr\u00edcula costo cero\u201d se extiende hasta 31 de enero"}]},{"@type":"WebSite","@id":"https:\/\/www.cftestataltarapaca.cl\/inicio\/#website","url":"https:\/\/www.cftestataltarapaca.cl\/inicio\/","name":"CFT Estatal Tarapac\u00e1","description":"Admisi\u00f3n 2025","publisher":{"@id":"https:\/\/www.cftestataltarapaca.cl\/inicio\/#organization"},"potentialAction":[{"@type":"SearchAction","target":{"@type":"EntryPoint","urlTemplate":"https:\/\/www.cftestataltarapaca.cl\/inicio\/?s={search_term_string}"},"query-input":{"@type":"PropertyValueSpecification","valueRequired":true,"valueName":"search_term_string"}}],"inLanguage":"es"},{"@type":"Organization","@id":"https:\/\/www.cftestataltarapaca.cl\/inicio\/#organization","name":"CFT Estatal Tarapac\u00e1","url":"https:\/\/www.cftestataltarapaca.cl\/inicio\/","logo":{"@type":"ImageObject","inLanguage":"es","@id":"https:\/\/www.cftestataltarapaca.cl\/inicio\/#\/schema\/logo\/image\/","url":"https:\/\/www.cftestataltarapaca.cl\/inicio\/wp-content\/uploads\/2019\/03\/logo-retina-1.png","contentUrl":"https:\/\/www.cftestataltarapaca.cl\/inicio\/wp-content\/uploads\/2019\/03\/logo-retina-1.png","width":401,"height":150,"caption":"CFT Estatal Tarapac\u00e1"},"image":{"@id":"https:\/\/www.cftestataltarapaca.cl\/inicio\/#\/schema\/logo\/image\/"},"sameAs":["https:\/\/www.facebook.com\/CFTestataltarapaca\/","https:\/\/x.com\/CFTesTarapaca","https:\/\/www.instagram.com\/CFTestataltarapaca\/"]},{"@type":"Person","@id":"https:\/\/www.cftestataltarapaca.cl\/inicio\/#\/schema\/person\/ad1fbfa1fa7c3d3889f4ae5401dd660e","name":"Comunicaciones","image":{"@type":"ImageObject","inLanguage":"es","@id":"https:\/\/secure.gravatar.com\/avatar\/ed1c2728327f20a5a62edaeb7dc181858f225b765044c5314c3d1059a1bd992f?s=96&d=mm&r=g","url":"https:\/\/secure.gravatar.com\/avatar\/ed1c2728327f20a5a62edaeb7dc181858f225b765044c5314c3d1059a1bd992f?s=96&d=mm&r=g","contentUrl":"https:\/\/secure.gravatar.com\/avatar\/ed1c2728327f20a5a62edaeb7dc181858f225b765044c5314c3d1059a1bd992f?s=96&d=mm&r=g","caption":"Comunicaciones"},"sameAs":["http:\/\/www.cftestataltarapaca.cl"],"url":"https:\/\/www.cftestataltarapaca.cl\/inicio\/author\/comunicaciones\/"}]}},"publishpress_future_action":{"enabled":false,"date":"2026-05-09 04:05:50","action":"change-status","newStatus":"draft","terms":[],"taxonomy":"category","extraData":[]},"publishpress_future_workflow_manual_trigger":{"enabledWorkflows":[]},"_links":{"self":[{"href":"https:\/\/www.cftestataltarapaca.cl\/inicio\/wp-json\/wp\/v2\/posts\/3572","targetHints":{"allow":["GET"]}}],"collection":[{"href":"https:\/\/www.cftestataltarapaca.cl\/inicio\/wp-json\/wp\/v2\/posts"}],"about":[{"href":"https:\/\/www.cftestataltarapaca.cl\/inicio\/wp-json\/wp\/v2\/types\/post"}],"author":[{"embeddable":true,"href":"https:\/\/www.cftestataltarapaca.cl\/inicio\/wp-json\/wp\/v2\/users\/2"}],"replies":[{"embeddable":true,"href":"https:\/\/www.cftestataltarapaca.cl\/inicio\/wp-json\/wp\/v2\/comments?post=3572"}],"version-history":[{"count":1,"href":"https:\/\/www.cftestataltarapaca.cl\/inicio\/wp-json\/wp\/v2\/posts\/3572\/revisions"}],"predecessor-version":[{"id":3574,"href":"https:\/\/www.cftestataltarapaca.cl\/inicio\/wp-json\/wp\/v2\/posts\/3572\/revisions\/3574"}],"wp:attachment":[{"href":"https:\/\/www.cftestataltarapaca.cl\/inicio\/wp-json\/wp\/v2\/media?parent=3572"}],"wp:term":[{"taxonomy":"category","embeddable":true,"href":"https:\/\/www.cftestataltarapaca.cl\/inicio\/wp-json\/wp\/v2\/categories?post=3572"},{"taxonomy":"post_tag","embeddable":true,"href":"https:\/\/www.cftestataltarapaca.cl\/inicio\/wp-json\/wp\/v2\/tags?post=3572"}],"curies":[{"name":"wp","href":"https:\/\/api.w.org\/{rel}","templated":true}]}}