{"id":3772,"date":"2020-01-10T19:17:22","date_gmt":"2020-01-10T19:17:22","guid":{"rendered":"https:\/\/www.cftestataltarapaca.cl\/inicio\/?p=3772"},"modified":"2020-01-10T19:17:22","modified_gmt":"2020-01-10T19:17:22","slug":"estudiantes-del-cft-estatal-tarapaca-reciben-su-primera-certificacion","status":"publish","type":"post","link":"https:\/\/www.cftestataltarapaca.cl\/inicio\/2020\/01\/10\/estudiantes-del-cft-estatal-tarapaca-reciben-su-primera-certificacion\/","title":{"rendered":"Estudiantes del CFT Estatal Tarapac\u00e1 reciben su primera certificaci\u00f3n"},"content":{"rendered":"<p style=\"text-align: justify\">Tras concluir su segundo semestre, estudiantes de las carreras t\u00e9cnicas de nivel superior del Centro de Formaci\u00f3n T\u00e9cnica Estatal de Tarapac\u00e1 recibieron sus certificados de oficios calificados.<\/p>\n<p style=\"text-align: justify\">Se trata de la primera certificaci\u00f3n de \u00a0salida intermedia entregada a estudiantes de la primera generaci\u00f3n del CFT Estatal Tarapac\u00e1, documento que les acredita que han cursado y aprobado todas las asignaturas.<\/p>\n<p style=\"text-align: justify\">En el sal\u00f3n auditorio de la instituci\u00f3n de educaci\u00f3n superior se llev\u00f3 a cabo la entrega simb\u00f3lica de certificados a los estudiantes destacados por su desempe\u00f1o acad\u00e9mico, oportunidad en la que el rector de la instituci\u00f3n, Jorge Villegas Ahumada, felicit\u00f3 a\u00a0los y las estudiantes que concluyeron esta etapa, \u201cesto forma parte del nuevo sistema de educaci\u00f3n, que permite la entrega de certificados en carreras con mallas curriculares basadas en competencias. Este es el primer paso que dan, hasta llegar a la titulaci\u00f3n\u201d.<\/p>\n<p style=\"text-align: justify\">Los documentos entregados corresponden a Certificado de Operador Log\u00edstico para quienes cursan la carrera TNS en Log\u00edstica; Mantenedor Mec\u00e1nico base de equipos m\u00f3viles y planta para estudiantes de Mec\u00e1nico Mantenimiento Predictivo y certificado de Asistente Administrativo de Empresas para quienes siguen la carrera Administraci\u00f3n de Empresas.<\/p>\n<p style=\"text-align: justify\">TESTIMONIO<\/p>\n<p style=\"text-align: justify\">En representaci\u00f3n de los estudiantes de la primera generaci\u00f3n, la alumna Mar\u00eda Ignacia Gaete agradeci\u00f3 el apoyo brindado por toda la instituci\u00f3n. \u201cCon esta certificaci\u00f3n se nos abren muchas puertas, es un gran logro\u201d.<\/p>\n<p style=\"text-align: justify\">Cabe recordar que las carreras que imparte el CFT Estatal Tarapac\u00e1 proporciona la oportunidad de acceder a dos certificaciones intermedias, la primera una vez concluido el segundo semestre y la segunda al terminar el cuarto semestre, para luego recibir el t\u00edtulo de T\u00e9cnico de Nivel Superior al quinto semestre.<\/p>\n<p style=\"text-align: justify\">Quienes aprobaron sus asignaturas de primer a\u00f1o pueden retirar su certificado en Juanita Fern\u00e1ndez 3199.<\/p>\n<p>&nbsp;<\/p>\n<p>&nbsp;<\/p>\n<p><img loading=\"lazy\" decoding=\"async\" class=\"alignnone size-medium wp-image-3773\" src=\"https:\/\/www.cftestataltarapaca.cl\/inicio\/wp-content\/uploads\/2020\/01\/adm-de-empresas-300x198.jpg\" alt=\"\" width=\"300\" height=\"198\" srcset=\"https:\/\/www.cftestataltarapaca.cl\/inicio\/wp-content\/uploads\/2020\/01\/adm-de-empresas-300x198.jpg 300w, https:\/\/www.cftestataltarapaca.cl\/inicio\/wp-content\/uploads\/2020\/01\/adm-de-empresas-768x507.jpg 768w, https:\/\/www.cftestataltarapaca.cl\/inicio\/wp-content\/uploads\/2020\/01\/adm-de-empresas.jpg 1000w\" sizes=\"auto, (max-width: 300px) 100vw, 300px\" \/> <img loading=\"lazy\" decoding=\"async\" class=\"alignnone  wp-image-3775\" src=\"https:\/\/www.cftestataltarapaca.cl\/inicio\/wp-content\/uploads\/2020\/01\/Mec\u00e1nico-Mant-300x200.jpg\" alt=\"\" width=\"293\" height=\"195\" srcset=\"https:\/\/www.cftestataltarapaca.cl\/inicio\/wp-content\/uploads\/2020\/01\/Mec\u00e1nico-Mant-300x200.jpg 300w, https:\/\/www.cftestataltarapaca.cl\/inicio\/wp-content\/uploads\/2020\/01\/Mec\u00e1nico-Mant-768x511.jpg 768w, https:\/\/www.cftestataltarapaca.cl\/inicio\/wp-content\/uploads\/2020\/01\/Mec\u00e1nico-Mant.jpg 1000w, https:\/\/www.cftestataltarapaca.cl\/inicio\/wp-content\/uploads\/2020\/01\/Mec\u00e1nico-Mant-900x600.jpg 900w\" sizes=\"auto, (max-width: 293px) 100vw, 293px\" \/><\/p>\n<p>&nbsp;<\/p>\n","protected":false},"excerpt":{"rendered":"<p>Tras concluir su segundo semestre, estudiantes de las carreras t\u00e9cnicas de nivel superior del Centro de Formaci\u00f3n T\u00e9cnica Estatal de Tarapac\u00e1 recibieron sus certificados de oficios calificados. Se trata de&#8230;<\/p>\n","protected":false},"author":2,"featured_media":3774,"comment_status":"open","ping_status":"open","sticky":false,"template":"","format":"standard","meta":{"_joinchat":[],"footnotes":""},"categories":[49,46,52],"tags":[75,86,80,59,68],"class_list":["post-3772","post","type-post","status-publish","format-standard","has-post-thumbnail","hentry","category-academico","category-admision","category-comunicados","tag-alto-hospicio","tag-cft-estatal-tarapaca","tag-educacion","tag-educacion-tarapaca","tag-tecnicos"],"yoast_head":"<!-- This site is optimized with the Yoast SEO plugin v27.4 - https:\/\/yoast.com\/product\/yoast-seo-wordpress\/ -->\n<title>Estudiantes del CFT Estatal Tarapac\u00e1 reciben su primera certificaci\u00f3n - CFT Estatal Tarapac\u00e1<\/title>\n<meta name=\"robots\" content=\"index, follow, max-snippet:-1, max-image-preview:large, max-video-preview:-1\" \/>\n<link rel=\"canonical\" href=\"https:\/\/www.cftestataltarapaca.cl\/inicio\/2020\/01\/10\/estudiantes-del-cft-estatal-tarapaca-reciben-su-primera-certificacion\/\" \/>\n<meta property=\"og:locale\" content=\"es_ES\" \/>\n<meta property=\"og:type\" content=\"article\" \/>\n<meta property=\"og:title\" content=\"Estudiantes del CFT Estatal Tarapac\u00e1 reciben su primera certificaci\u00f3n - CFT Estatal Tarapac\u00e1\" \/>\n<meta property=\"og:description\" content=\"Tras concluir su segundo semestre, estudiantes de las carreras t\u00e9cnicas de nivel superior del Centro de Formaci\u00f3n T\u00e9cnica Estatal de Tarapac\u00e1 recibieron sus certificados de oficios calificados. Se trata de...\" \/>\n<meta property=\"og:url\" content=\"https:\/\/www.cftestataltarapaca.cl\/inicio\/2020\/01\/10\/estudiantes-del-cft-estatal-tarapaca-reciben-su-primera-certificacion\/\" \/>\n<meta property=\"og:site_name\" content=\"CFT Estatal Tarapac\u00e1\" \/>\n<meta property=\"article:publisher\" content=\"https:\/\/www.facebook.com\/CFTestataltarapaca\/\" \/>\n<meta property=\"article:published_time\" content=\"2020-01-10T19:17:22+00:00\" \/>\n<meta property=\"og:image\" content=\"https:\/\/www.cftestataltarapaca.cl\/inicio\/wp-content\/uploads\/2020\/01\/Log\u00edstica.jpg\" \/>\n\t<meta property=\"og:image:width\" content=\"1000\" \/>\n\t<meta property=\"og:image:height\" content=\"693\" \/>\n\t<meta property=\"og:image:type\" content=\"image\/jpeg\" \/>\n<meta name=\"author\" content=\"Comunicaciones\" \/>\n<meta name=\"twitter:card\" content=\"summary_large_image\" \/>\n<meta name=\"twitter:creator\" content=\"@CFTesTarapaca\" \/>\n<meta name=\"twitter:site\" content=\"@CFTesTarapaca\" \/>\n<meta name=\"twitter:label1\" content=\"Escrito por\" \/>\n\t<meta name=\"twitter:data1\" content=\"Comunicaciones\" \/>\n\t<meta name=\"twitter:label2\" content=\"Tiempo de lectura\" \/>\n\t<meta name=\"twitter:data2\" content=\"2 minutos\" \/>\n<script type=\"application\/ld+json\" class=\"yoast-schema-graph\">{\"@context\":\"https:\\\/\\\/schema.org\",\"@graph\":[{\"@type\":\"Article\",\"@id\":\"https:\\\/\\\/www.cftestataltarapaca.cl\\\/inicio\\\/2020\\\/01\\\/10\\\/estudiantes-del-cft-estatal-tarapaca-reciben-su-primera-certificacion\\\/#article\",\"isPartOf\":{\"@id\":\"https:\\\/\\\/www.cftestataltarapaca.cl\\\/inicio\\\/2020\\\/01\\\/10\\\/estudiantes-del-cft-estatal-tarapaca-reciben-su-primera-certificacion\\\/\"},\"author\":{\"name\":\"Comunicaciones\",\"@id\":\"https:\\\/\\\/www.cftestataltarapaca.cl\\\/inicio\\\/#\\\/schema\\\/person\\\/ad1fbfa1fa7c3d3889f4ae5401dd660e\"},\"headline\":\"Estudiantes del CFT Estatal Tarapac\u00e1 reciben su primera certificaci\u00f3n\",\"datePublished\":\"2020-01-10T19:17:22+00:00\",\"mainEntityOfPage\":{\"@id\":\"https:\\\/\\\/www.cftestataltarapaca.cl\\\/inicio\\\/2020\\\/01\\\/10\\\/estudiantes-del-cft-estatal-tarapaca-reciben-su-primera-certificacion\\\/\"},\"wordCount\":328,\"commentCount\":0,\"publisher\":{\"@id\":\"https:\\\/\\\/www.cftestataltarapaca.cl\\\/inicio\\\/#organization\"},\"image\":{\"@id\":\"https:\\\/\\\/www.cftestataltarapaca.cl\\\/inicio\\\/2020\\\/01\\\/10\\\/estudiantes-del-cft-estatal-tarapaca-reciben-su-primera-certificacion\\\/#primaryimage\"},\"thumbnailUrl\":\"https:\\\/\\\/www.cftestataltarapaca.cl\\\/inicio\\\/wp-content\\\/uploads\\\/2020\\\/01\\\/Log\u00edstica.jpg\",\"keywords\":[\"Alto Hospicio\",\"CFT Estatal Tarapac\u00e1\",\"educaci\u00f3n\",\"Educaci\u00f3n Tarapaca\",\"t\u00e9cnicos\"],\"articleSection\":[\"Acad\u00e9mico\",\"Admisi\u00f3n\",\"Comunicados\"],\"inLanguage\":\"es\",\"potentialAction\":[{\"@type\":\"CommentAction\",\"name\":\"Comment\",\"target\":[\"https:\\\/\\\/www.cftestataltarapaca.cl\\\/inicio\\\/2020\\\/01\\\/10\\\/estudiantes-del-cft-estatal-tarapaca-reciben-su-primera-certificacion\\\/#respond\"]}]},{\"@type\":\"WebPage\",\"@id\":\"https:\\\/\\\/www.cftestataltarapaca.cl\\\/inicio\\\/2020\\\/01\\\/10\\\/estudiantes-del-cft-estatal-tarapaca-reciben-su-primera-certificacion\\\/\",\"url\":\"https:\\\/\\\/www.cftestataltarapaca.cl\\\/inicio\\\/2020\\\/01\\\/10\\\/estudiantes-del-cft-estatal-tarapaca-reciben-su-primera-certificacion\\\/\",\"name\":\"Estudiantes del CFT Estatal Tarapac\u00e1 reciben su primera certificaci\u00f3n - CFT Estatal Tarapac\u00e1\",\"isPartOf\":{\"@id\":\"https:\\\/\\\/www.cftestataltarapaca.cl\\\/inicio\\\/#website\"},\"primaryImageOfPage\":{\"@id\":\"https:\\\/\\\/www.cftestataltarapaca.cl\\\/inicio\\\/2020\\\/01\\\/10\\\/estudiantes-del-cft-estatal-tarapaca-reciben-su-primera-certificacion\\\/#primaryimage\"},\"image\":{\"@id\":\"https:\\\/\\\/www.cftestataltarapaca.cl\\\/inicio\\\/2020\\\/01\\\/10\\\/estudiantes-del-cft-estatal-tarapaca-reciben-su-primera-certificacion\\\/#primaryimage\"},\"thumbnailUrl\":\"https:\\\/\\\/www.cftestataltarapaca.cl\\\/inicio\\\/wp-content\\\/uploads\\\/2020\\\/01\\\/Log\u00edstica.jpg\",\"datePublished\":\"2020-01-10T19:17:22+00:00\",\"breadcrumb\":{\"@id\":\"https:\\\/\\\/www.cftestataltarapaca.cl\\\/inicio\\\/2020\\\/01\\\/10\\\/estudiantes-del-cft-estatal-tarapaca-reciben-su-primera-certificacion\\\/#breadcrumb\"},\"inLanguage\":\"es\",\"potentialAction\":[{\"@type\":\"ReadAction\",\"target\":[\"https:\\\/\\\/www.cftestataltarapaca.cl\\\/inicio\\\/2020\\\/01\\\/10\\\/estudiantes-del-cft-estatal-tarapaca-reciben-su-primera-certificacion\\\/\"]}]},{\"@type\":\"ImageObject\",\"inLanguage\":\"es\",\"@id\":\"https:\\\/\\\/www.cftestataltarapaca.cl\\\/inicio\\\/2020\\\/01\\\/10\\\/estudiantes-del-cft-estatal-tarapaca-reciben-su-primera-certificacion\\\/#primaryimage\",\"url\":\"https:\\\/\\\/www.cftestataltarapaca.cl\\\/inicio\\\/wp-content\\\/uploads\\\/2020\\\/01\\\/Log\u00edstica.jpg\",\"contentUrl\":\"https:\\\/\\\/www.cftestataltarapaca.cl\\\/inicio\\\/wp-content\\\/uploads\\\/2020\\\/01\\\/Log\u00edstica.jpg\",\"width\":1000,\"height\":693},{\"@type\":\"BreadcrumbList\",\"@id\":\"https:\\\/\\\/www.cftestataltarapaca.cl\\\/inicio\\\/2020\\\/01\\\/10\\\/estudiantes-del-cft-estatal-tarapaca-reciben-su-primera-certificacion\\\/#breadcrumb\",\"itemListElement\":[{\"@type\":\"ListItem\",\"position\":1,\"name\":\"Portada\",\"item\":\"https:\\\/\\\/www.cftestataltarapaca.cl\\\/inicio\\\/\"},{\"@type\":\"ListItem\",\"position\":2,\"name\":\"Estudiantes del CFT Estatal Tarapac\u00e1 reciben su primera certificaci\u00f3n\"}]},{\"@type\":\"WebSite\",\"@id\":\"https:\\\/\\\/www.cftestataltarapaca.cl\\\/inicio\\\/#website\",\"url\":\"https:\\\/\\\/www.cftestataltarapaca.cl\\\/inicio\\\/\",\"name\":\"CFT Estatal Tarapac\u00e1\",\"description\":\"Admisi\u00f3n 2025\",\"publisher\":{\"@id\":\"https:\\\/\\\/www.cftestataltarapaca.cl\\\/inicio\\\/#organization\"},\"potentialAction\":[{\"@type\":\"SearchAction\",\"target\":{\"@type\":\"EntryPoint\",\"urlTemplate\":\"https:\\\/\\\/www.cftestataltarapaca.cl\\\/inicio\\\/?s={search_term_string}\"},\"query-input\":{\"@type\":\"PropertyValueSpecification\",\"valueRequired\":true,\"valueName\":\"search_term_string\"}}],\"inLanguage\":\"es\"},{\"@type\":\"Organization\",\"@id\":\"https:\\\/\\\/www.cftestataltarapaca.cl\\\/inicio\\\/#organization\",\"name\":\"CFT Estatal Tarapac\u00e1\",\"url\":\"https:\\\/\\\/www.cftestataltarapaca.cl\\\/inicio\\\/\",\"logo\":{\"@type\":\"ImageObject\",\"inLanguage\":\"es\",\"@id\":\"https:\\\/\\\/www.cftestataltarapaca.cl\\\/inicio\\\/#\\\/schema\\\/logo\\\/image\\\/\",\"url\":\"https:\\\/\\\/www.cftestataltarapaca.cl\\\/inicio\\\/wp-content\\\/uploads\\\/2019\\\/03\\\/logo-retina-1.png\",\"contentUrl\":\"https:\\\/\\\/www.cftestataltarapaca.cl\\\/inicio\\\/wp-content\\\/uploads\\\/2019\\\/03\\\/logo-retina-1.png\",\"width\":401,\"height\":150,\"caption\":\"CFT Estatal Tarapac\u00e1\"},\"image\":{\"@id\":\"https:\\\/\\\/www.cftestataltarapaca.cl\\\/inicio\\\/#\\\/schema\\\/logo\\\/image\\\/\"},\"sameAs\":[\"https:\\\/\\\/www.facebook.com\\\/CFTestataltarapaca\\\/\",\"https:\\\/\\\/x.com\\\/CFTesTarapaca\",\"https:\\\/\\\/www.instagram.com\\\/CFTestataltarapaca\\\/\"]},{\"@type\":\"Person\",\"@id\":\"https:\\\/\\\/www.cftestataltarapaca.cl\\\/inicio\\\/#\\\/schema\\\/person\\\/ad1fbfa1fa7c3d3889f4ae5401dd660e\",\"name\":\"Comunicaciones\",\"image\":{\"@type\":\"ImageObject\",\"inLanguage\":\"es\",\"@id\":\"https:\\\/\\\/secure.gravatar.com\\\/avatar\\\/ed1c2728327f20a5a62edaeb7dc181858f225b765044c5314c3d1059a1bd992f?s=96&d=mm&r=g\",\"url\":\"https:\\\/\\\/secure.gravatar.com\\\/avatar\\\/ed1c2728327f20a5a62edaeb7dc181858f225b765044c5314c3d1059a1bd992f?s=96&d=mm&r=g\",\"contentUrl\":\"https:\\\/\\\/secure.gravatar.com\\\/avatar\\\/ed1c2728327f20a5a62edaeb7dc181858f225b765044c5314c3d1059a1bd992f?s=96&d=mm&r=g\",\"caption\":\"Comunicaciones\"},\"sameAs\":[\"http:\\\/\\\/www.cftestataltarapaca.cl\"],\"url\":\"https:\\\/\\\/www.cftestataltarapaca.cl\\\/inicio\\\/author\\\/comunicaciones\\\/\"}]}<\/script>\n<!-- \/ Yoast SEO plugin. -->","yoast_head_json":{"title":"Estudiantes del CFT Estatal Tarapac\u00e1 reciben su primera certificaci\u00f3n - CFT Estatal Tarapac\u00e1","robots":{"index":"index","follow":"follow","max-snippet":"max-snippet:-1","max-image-preview":"max-image-preview:large","max-video-preview":"max-video-preview:-1"},"canonical":"https:\/\/www.cftestataltarapaca.cl\/inicio\/2020\/01\/10\/estudiantes-del-cft-estatal-tarapaca-reciben-su-primera-certificacion\/","og_locale":"es_ES","og_type":"article","og_title":"Estudiantes del CFT Estatal Tarapac\u00e1 reciben su primera certificaci\u00f3n - CFT Estatal Tarapac\u00e1","og_description":"Tras concluir su segundo semestre, estudiantes de las carreras t\u00e9cnicas de nivel superior del Centro de Formaci\u00f3n T\u00e9cnica Estatal de Tarapac\u00e1 recibieron sus certificados de oficios calificados. Se trata de...","og_url":"https:\/\/www.cftestataltarapaca.cl\/inicio\/2020\/01\/10\/estudiantes-del-cft-estatal-tarapaca-reciben-su-primera-certificacion\/","og_site_name":"CFT Estatal Tarapac\u00e1","article_publisher":"https:\/\/www.facebook.com\/CFTestataltarapaca\/","article_published_time":"2020-01-10T19:17:22+00:00","og_image":[{"width":1000,"height":693,"url":"https:\/\/www.cftestataltarapaca.cl\/inicio\/wp-content\/uploads\/2020\/01\/Log\u00edstica.jpg","type":"image\/jpeg"}],"author":"Comunicaciones","twitter_card":"summary_large_image","twitter_creator":"@CFTesTarapaca","twitter_site":"@CFTesTarapaca","twitter_misc":{"Escrito por":"Comunicaciones","Tiempo de lectura":"2 minutos"},"schema":{"@context":"https:\/\/schema.org","@graph":[{"@type":"Article","@id":"https:\/\/www.cftestataltarapaca.cl\/inicio\/2020\/01\/10\/estudiantes-del-cft-estatal-tarapaca-reciben-su-primera-certificacion\/#article","isPartOf":{"@id":"https:\/\/www.cftestataltarapaca.cl\/inicio\/2020\/01\/10\/estudiantes-del-cft-estatal-tarapaca-reciben-su-primera-certificacion\/"},"author":{"name":"Comunicaciones","@id":"https:\/\/www.cftestataltarapaca.cl\/inicio\/#\/schema\/person\/ad1fbfa1fa7c3d3889f4ae5401dd660e"},"headline":"Estudiantes del CFT Estatal Tarapac\u00e1 reciben su primera certificaci\u00f3n","datePublished":"2020-01-10T19:17:22+00:00","mainEntityOfPage":{"@id":"https:\/\/www.cftestataltarapaca.cl\/inicio\/2020\/01\/10\/estudiantes-del-cft-estatal-tarapaca-reciben-su-primera-certificacion\/"},"wordCount":328,"commentCount":0,"publisher":{"@id":"https:\/\/www.cftestataltarapaca.cl\/inicio\/#organization"},"image":{"@id":"https:\/\/www.cftestataltarapaca.cl\/inicio\/2020\/01\/10\/estudiantes-del-cft-estatal-tarapaca-reciben-su-primera-certificacion\/#primaryimage"},"thumbnailUrl":"https:\/\/www.cftestataltarapaca.cl\/inicio\/wp-content\/uploads\/2020\/01\/Log\u00edstica.jpg","keywords":["Alto Hospicio","CFT Estatal Tarapac\u00e1","educaci\u00f3n","Educaci\u00f3n Tarapaca","t\u00e9cnicos"],"articleSection":["Acad\u00e9mico","Admisi\u00f3n","Comunicados"],"inLanguage":"es","potentialAction":[{"@type":"CommentAction","name":"Comment","target":["https:\/\/www.cftestataltarapaca.cl\/inicio\/2020\/01\/10\/estudiantes-del-cft-estatal-tarapaca-reciben-su-primera-certificacion\/#respond"]}]},{"@type":"WebPage","@id":"https:\/\/www.cftestataltarapaca.cl\/inicio\/2020\/01\/10\/estudiantes-del-cft-estatal-tarapaca-reciben-su-primera-certificacion\/","url":"https:\/\/www.cftestataltarapaca.cl\/inicio\/2020\/01\/10\/estudiantes-del-cft-estatal-tarapaca-reciben-su-primera-certificacion\/","name":"Estudiantes del CFT Estatal Tarapac\u00e1 reciben su primera certificaci\u00f3n - CFT Estatal Tarapac\u00e1","isPartOf":{"@id":"https:\/\/www.cftestataltarapaca.cl\/inicio\/#website"},"primaryImageOfPage":{"@id":"https:\/\/www.cftestataltarapaca.cl\/inicio\/2020\/01\/10\/estudiantes-del-cft-estatal-tarapaca-reciben-su-primera-certificacion\/#primaryimage"},"image":{"@id":"https:\/\/www.cftestataltarapaca.cl\/inicio\/2020\/01\/10\/estudiantes-del-cft-estatal-tarapaca-reciben-su-primera-certificacion\/#primaryimage"},"thumbnailUrl":"https:\/\/www.cftestataltarapaca.cl\/inicio\/wp-content\/uploads\/2020\/01\/Log\u00edstica.jpg","datePublished":"2020-01-10T19:17:22+00:00","breadcrumb":{"@id":"https:\/\/www.cftestataltarapaca.cl\/inicio\/2020\/01\/10\/estudiantes-del-cft-estatal-tarapaca-reciben-su-primera-certificacion\/#breadcrumb"},"inLanguage":"es","potentialAction":[{"@type":"ReadAction","target":["https:\/\/www.cftestataltarapaca.cl\/inicio\/2020\/01\/10\/estudiantes-del-cft-estatal-tarapaca-reciben-su-primera-certificacion\/"]}]},{"@type":"ImageObject","inLanguage":"es","@id":"https:\/\/www.cftestataltarapaca.cl\/inicio\/2020\/01\/10\/estudiantes-del-cft-estatal-tarapaca-reciben-su-primera-certificacion\/#primaryimage","url":"https:\/\/www.cftestataltarapaca.cl\/inicio\/wp-content\/uploads\/2020\/01\/Log\u00edstica.jpg","contentUrl":"https:\/\/www.cftestataltarapaca.cl\/inicio\/wp-content\/uploads\/2020\/01\/Log\u00edstica.jpg","width":1000,"height":693},{"@type":"BreadcrumbList","@id":"https:\/\/www.cftestataltarapaca.cl\/inicio\/2020\/01\/10\/estudiantes-del-cft-estatal-tarapaca-reciben-su-primera-certificacion\/#breadcrumb","itemListElement":[{"@type":"ListItem","position":1,"name":"Portada","item":"https:\/\/www.cftestataltarapaca.cl\/inicio\/"},{"@type":"ListItem","position":2,"name":"Estudiantes del CFT Estatal Tarapac\u00e1 reciben su primera certificaci\u00f3n"}]},{"@type":"WebSite","@id":"https:\/\/www.cftestataltarapaca.cl\/inicio\/#website","url":"https:\/\/www.cftestataltarapaca.cl\/inicio\/","name":"CFT Estatal Tarapac\u00e1","description":"Admisi\u00f3n 2025","publisher":{"@id":"https:\/\/www.cftestataltarapaca.cl\/inicio\/#organization"},"potentialAction":[{"@type":"SearchAction","target":{"@type":"EntryPoint","urlTemplate":"https:\/\/www.cftestataltarapaca.cl\/inicio\/?s={search_term_string}"},"query-input":{"@type":"PropertyValueSpecification","valueRequired":true,"valueName":"search_term_string"}}],"inLanguage":"es"},{"@type":"Organization","@id":"https:\/\/www.cftestataltarapaca.cl\/inicio\/#organization","name":"CFT Estatal Tarapac\u00e1","url":"https:\/\/www.cftestataltarapaca.cl\/inicio\/","logo":{"@type":"ImageObject","inLanguage":"es","@id":"https:\/\/www.cftestataltarapaca.cl\/inicio\/#\/schema\/logo\/image\/","url":"https:\/\/www.cftestataltarapaca.cl\/inicio\/wp-content\/uploads\/2019\/03\/logo-retina-1.png","contentUrl":"https:\/\/www.cftestataltarapaca.cl\/inicio\/wp-content\/uploads\/2019\/03\/logo-retina-1.png","width":401,"height":150,"caption":"CFT Estatal Tarapac\u00e1"},"image":{"@id":"https:\/\/www.cftestataltarapaca.cl\/inicio\/#\/schema\/logo\/image\/"},"sameAs":["https:\/\/www.facebook.com\/CFTestataltarapaca\/","https:\/\/x.com\/CFTesTarapaca","https:\/\/www.instagram.com\/CFTestataltarapaca\/"]},{"@type":"Person","@id":"https:\/\/www.cftestataltarapaca.cl\/inicio\/#\/schema\/person\/ad1fbfa1fa7c3d3889f4ae5401dd660e","name":"Comunicaciones","image":{"@type":"ImageObject","inLanguage":"es","@id":"https:\/\/secure.gravatar.com\/avatar\/ed1c2728327f20a5a62edaeb7dc181858f225b765044c5314c3d1059a1bd992f?s=96&d=mm&r=g","url":"https:\/\/secure.gravatar.com\/avatar\/ed1c2728327f20a5a62edaeb7dc181858f225b765044c5314c3d1059a1bd992f?s=96&d=mm&r=g","contentUrl":"https:\/\/secure.gravatar.com\/avatar\/ed1c2728327f20a5a62edaeb7dc181858f225b765044c5314c3d1059a1bd992f?s=96&d=mm&r=g","caption":"Comunicaciones"},"sameAs":["http:\/\/www.cftestataltarapaca.cl"],"url":"https:\/\/www.cftestataltarapaca.cl\/inicio\/author\/comunicaciones\/"}]}},"publishpress_future_action":{"enabled":false,"date":"2026-05-09 04:05:16","action":"change-status","newStatus":"draft","terms":[],"taxonomy":"category","extraData":[]},"publishpress_future_workflow_manual_trigger":{"enabledWorkflows":[]},"_links":{"self":[{"href":"https:\/\/www.cftestataltarapaca.cl\/inicio\/wp-json\/wp\/v2\/posts\/3772","targetHints":{"allow":["GET"]}}],"collection":[{"href":"https:\/\/www.cftestataltarapaca.cl\/inicio\/wp-json\/wp\/v2\/posts"}],"about":[{"href":"https:\/\/www.cftestataltarapaca.cl\/inicio\/wp-json\/wp\/v2\/types\/post"}],"author":[{"embeddable":true,"href":"https:\/\/www.cftestataltarapaca.cl\/inicio\/wp-json\/wp\/v2\/users\/2"}],"replies":[{"embeddable":true,"href":"https:\/\/www.cftestataltarapaca.cl\/inicio\/wp-json\/wp\/v2\/comments?post=3772"}],"version-history":[{"count":2,"href":"https:\/\/www.cftestataltarapaca.cl\/inicio\/wp-json\/wp\/v2\/posts\/3772\/revisions"}],"predecessor-version":[{"id":3777,"href":"https:\/\/www.cftestataltarapaca.cl\/inicio\/wp-json\/wp\/v2\/posts\/3772\/revisions\/3777"}],"wp:featuredmedia":[{"embeddable":true,"href":"https:\/\/www.cftestataltarapaca.cl\/inicio\/wp-json\/wp\/v2\/media\/3774"}],"wp:attachment":[{"href":"https:\/\/www.cftestataltarapaca.cl\/inicio\/wp-json\/wp\/v2\/media?parent=3772"}],"wp:term":[{"taxonomy":"category","embeddable":true,"href":"https:\/\/www.cftestataltarapaca.cl\/inicio\/wp-json\/wp\/v2\/categories?post=3772"},{"taxonomy":"post_tag","embeddable":true,"href":"https:\/\/www.cftestataltarapaca.cl\/inicio\/wp-json\/wp\/v2\/tags?post=3772"}],"curies":[{"name":"wp","href":"https:\/\/api.w.org\/{rel}","templated":true}]}}