{"id":3780,"date":"2020-01-13T18:25:10","date_gmt":"2020-01-13T18:25:10","guid":{"rendered":"https:\/\/www.cftestataltarapaca.cl\/inicio\/?p=3780"},"modified":"2020-01-13T18:25:10","modified_gmt":"2020-01-13T18:25:10","slug":"grupo-komatsu-cummins-chile-y-cft-estatal-de-tarapaca-firman-convenio-que-beneficia-la-formacion-de-futuros-tecnicos","status":"publish","type":"post","link":"https:\/\/www.cftestataltarapaca.cl\/inicio\/2020\/01\/13\/grupo-komatsu-cummins-chile-y-cft-estatal-de-tarapaca-firman-convenio-que-beneficia-la-formacion-de-futuros-tecnicos\/","title":{"rendered":"Grupo Komatsu Cummins Chile y CFT Estatal de Tarapac\u00e1 firman convenio que beneficia la formaci\u00f3n de futuros t\u00e9cnicos"},"content":{"rendered":"<p style=\"text-align: justify\"><strong>Alto Hospicio.-<\/strong> Estudiantes del Centro de Formaci\u00f3n T\u00e9cnica Estatal de Tarapac\u00e1 tendr\u00e1n la oportunidad de realizar pasant\u00edas y postular a pr\u00e1cticas, adem\u00e1s de concretar visitas t\u00e9cnicas a los talleres de la empresa Komatsu, acercando de esa forma los procesos productivos e industriales a la etapa formativa.<\/p>\n<p style=\"text-align: justify\">Dicho paso acad\u00e9mico se logra a trav\u00e9s de la alianza estrat\u00e9gica entre CFT Estatal Tarapac\u00e1 y el grupo Komatsu Cummins Chile, la que fue formalizada con la firma de convenio de colaboraci\u00f3n liderada por el rector de la casa de estudios superiores, Jorge Villegas Ahumada y el subgerente de operaciones, Daniel Alfaro.<\/p>\n<p style=\"text-align: justify\">El acuerdo tiene por finalidad proporcionar mayores herramientas y conocimientos que favorezcan la inserci\u00f3n laboral de los estudiantes una vez egresados de sus carreras, esto porque tendr\u00e1n la oportunidad de postular a pasant\u00edas y pr\u00e1cticas profesionales en algunas de las empresas del grupo Komatsu Cummins, siempre que se cumplan los requisitos de ingreso para las compa\u00f1\u00edas del grupo.<\/p>\n<p style=\"text-align: justify\">Al respecto el rector del CFT Estatal Tarapac\u00e1, tras destacar que se trata del primer convenio que la instituci\u00f3n firma con el sector productivo, dijo que la alianza entre ambas entidades posibilita el fortalecimiento y desarrollo de futuros t\u00e9cnicos del sector industrial e indic\u00f3 que al concretar el anhelo de consolidar un trabajo conjunto entre el sector acad\u00e9mico y el productivo, se aporta al desarrollo social y econ\u00f3mico de la regi\u00f3n.<\/p>\n<p style=\"text-align: justify\">De igual forma Daniel Alfaro, Subgerente de Operaciones de Komatsu Cummins valor\u00f3 el alcance que tiene el acuerdo. \u201cAl mostrarles a los j\u00f3venes c\u00f3mo operamos, cu\u00e1les son nuestros equipos y con qu\u00e9 adelantos tecnol\u00f3gicos contamos en nuestros talleres, los preparamos mejor para su inserci\u00f3n en el mundo laboral. Cuando los t\u00e9cnicos tienen contacto con la industria mientras se est\u00e1n formando, egresan con m\u00e1s y mejores herramientas. Eso tambi\u00e9n nos sirve a nosotros: ofrecerles una pr\u00e1ctica a t\u00e9cnicos m\u00e1s calificados nos abre la puerta, primero, al descubrimiento de nuevos talentos y, segundo, nos permite contar con especialistas de gran calidad sin tener que buscarlos en otras regiones\u201d.<\/p>\n<p style=\"text-align: justify\">En la ceremonia de firma de convenio tambi\u00e9n estuvieron presentes el seremi de Educaci\u00f3n, Claudio Chamorro y el Mauricio Briones Giordano, Director Regional del Instituto de Seguridad Laboral, quienes valoraron el paso dado entre ambos sectores.<\/p>\n<p style=\"text-align: justify\">CONVENIO<\/p>\n<p style=\"text-align: justify\">El convenio, que agrega valor a la l\u00ednea del desarrollo de talentos en el \u00e1rea minera, adem\u00e1s de pasant\u00edas y pr\u00e1cticas, permitir\u00e1 que los estudiantes del CFT Estatal que a\u00fan est\u00e9n en la etapa formativa podr\u00e1n conocer en terreno y de manera pr\u00e1ctica c\u00f3mo opera la industria de equipos mineros. Todo eso se concretar\u00e1 a trav\u00e9s de visitas t\u00e9cnicas a talleres y salas de trabajo del grupo Komatsu Cummins Chile.<\/p>\n<p style=\"text-align: justify\">A su vez, el CFT dispondr\u00e1 de sus dependencias, incluyendo salas de clases, auditorios o patios, para actividades desarrolladas de forma individual o conjunta con el grupo Komatsu Cummins Chile y que apunten a mejorar el v\u00ednculo entre la compa\u00f1\u00eda y la comunidad, tanto de Alto Hospicio como de toda la Regi\u00f3n de Tarapac\u00e1.<\/p>\n<p style=\"text-align: justify\">La alianza tambi\u00e9n considera el desarrollo de charlas, ferias, conversatorios, mesas t\u00e9cnicas, seminarios, entre otras actividades. La idea es actualizar de forma permanente a estudiantes, egresados y trabajadores sobre el rumbo de la industria.<\/p>\n<p><img loading=\"lazy\" decoding=\"async\" class=\"alignnone size-medium wp-image-3784\" src=\"https:\/\/www.cftestataltarapaca.cl\/inicio\/wp-content\/uploads\/2020\/01\/3-300x225.jpg\" alt=\"\" width=\"300\" height=\"225\" srcset=\"https:\/\/www.cftestataltarapaca.cl\/inicio\/wp-content\/uploads\/2020\/01\/3-300x225.jpg 300w, https:\/\/www.cftestataltarapaca.cl\/inicio\/wp-content\/uploads\/2020\/01\/3-768x576.jpg 768w, https:\/\/www.cftestataltarapaca.cl\/inicio\/wp-content\/uploads\/2020\/01\/3.jpg 1000w\" sizes=\"auto, (max-width: 300px) 100vw, 300px\" \/> <img loading=\"lazy\" decoding=\"async\" class=\"alignnone size-medium wp-image-3783\" src=\"https:\/\/www.cftestataltarapaca.cl\/inicio\/wp-content\/uploads\/2020\/01\/2-300x225.jpg\" alt=\"\" width=\"300\" height=\"225\" srcset=\"https:\/\/www.cftestataltarapaca.cl\/inicio\/wp-content\/uploads\/2020\/01\/2-300x225.jpg 300w, https:\/\/www.cftestataltarapaca.cl\/inicio\/wp-content\/uploads\/2020\/01\/2-768x576.jpg 768w, https:\/\/www.cftestataltarapaca.cl\/inicio\/wp-content\/uploads\/2020\/01\/2.jpg 1000w\" sizes=\"auto, (max-width: 300px) 100vw, 300px\" \/><\/p>\n","protected":false},"excerpt":{"rendered":"<p>Alto Hospicio.- Estudiantes del Centro de Formaci\u00f3n T\u00e9cnica Estatal de Tarapac\u00e1 tendr\u00e1n la oportunidad de realizar pasant\u00edas y postular a pr\u00e1cticas, adem\u00e1s de concretar visitas t\u00e9cnicas a los talleres de&#8230;<\/p>\n","protected":false},"author":2,"featured_media":3782,"comment_status":"open","ping_status":"open","sticky":false,"template":"","format":"standard","meta":{"_joinchat":[],"footnotes":""},"categories":[49,52,45],"tags":[75,86,110,68,82],"class_list":["post-3780","post","type-post","status-publish","format-standard","has-post-thumbnail","hentry","category-academico","category-comunicados","category-vinculacion","tag-alto-hospicio","tag-cft-estatal-tarapaca","tag-mineria","tag-tecnicos","tag-vinculacion"],"yoast_head":"<!-- This site is optimized with the Yoast SEO plugin v27.4 - https:\/\/yoast.com\/product\/yoast-seo-wordpress\/ -->\n<title>Grupo Komatsu Cummins Chile y CFT Estatal de Tarapac\u00e1 firman convenio que beneficia la formaci\u00f3n de futuros t\u00e9cnicos - CFT Estatal Tarapac\u00e1<\/title>\n<meta name=\"robots\" content=\"index, follow, max-snippet:-1, max-image-preview:large, max-video-preview:-1\" \/>\n<link rel=\"canonical\" href=\"https:\/\/www.cftestataltarapaca.cl\/inicio\/2020\/01\/13\/grupo-komatsu-cummins-chile-y-cft-estatal-de-tarapaca-firman-convenio-que-beneficia-la-formacion-de-futuros-tecnicos\/\" \/>\n<meta property=\"og:locale\" content=\"es_ES\" \/>\n<meta property=\"og:type\" content=\"article\" \/>\n<meta property=\"og:title\" content=\"Grupo Komatsu Cummins Chile y CFT Estatal de Tarapac\u00e1 firman convenio que beneficia la formaci\u00f3n de futuros t\u00e9cnicos - CFT Estatal Tarapac\u00e1\" \/>\n<meta property=\"og:description\" content=\"Alto Hospicio.- Estudiantes del Centro de Formaci\u00f3n T\u00e9cnica Estatal de Tarapac\u00e1 tendr\u00e1n la oportunidad de realizar pasant\u00edas y postular a pr\u00e1cticas, adem\u00e1s de concretar visitas t\u00e9cnicas a los talleres de...\" \/>\n<meta property=\"og:url\" content=\"https:\/\/www.cftestataltarapaca.cl\/inicio\/2020\/01\/13\/grupo-komatsu-cummins-chile-y-cft-estatal-de-tarapaca-firman-convenio-que-beneficia-la-formacion-de-futuros-tecnicos\/\" \/>\n<meta property=\"og:site_name\" content=\"CFT Estatal Tarapac\u00e1\" \/>\n<meta property=\"article:publisher\" content=\"https:\/\/www.facebook.com\/CFTestataltarapaca\/\" \/>\n<meta property=\"article:published_time\" content=\"2020-01-13T18:25:10+00:00\" \/>\n<meta property=\"og:image\" content=\"https:\/\/www.cftestataltarapaca.cl\/inicio\/wp-content\/uploads\/2020\/01\/5.jpg\" \/>\n\t<meta property=\"og:image:width\" content=\"1000\" \/>\n\t<meta property=\"og:image:height\" content=\"886\" \/>\n\t<meta property=\"og:image:type\" content=\"image\/jpeg\" \/>\n<meta name=\"author\" content=\"Comunicaciones\" \/>\n<meta name=\"twitter:card\" content=\"summary_large_image\" \/>\n<meta name=\"twitter:creator\" content=\"@CFTesTarapaca\" \/>\n<meta name=\"twitter:site\" content=\"@CFTesTarapaca\" \/>\n<meta name=\"twitter:label1\" content=\"Escrito por\" \/>\n\t<meta name=\"twitter:data1\" content=\"Comunicaciones\" \/>\n\t<meta name=\"twitter:label2\" content=\"Tiempo de lectura\" \/>\n\t<meta name=\"twitter:data2\" content=\"3 minutos\" \/>\n<script type=\"application\/ld+json\" class=\"yoast-schema-graph\">{\"@context\":\"https:\\\/\\\/schema.org\",\"@graph\":[{\"@type\":\"Article\",\"@id\":\"https:\\\/\\\/www.cftestataltarapaca.cl\\\/inicio\\\/2020\\\/01\\\/13\\\/grupo-komatsu-cummins-chile-y-cft-estatal-de-tarapaca-firman-convenio-que-beneficia-la-formacion-de-futuros-tecnicos\\\/#article\",\"isPartOf\":{\"@id\":\"https:\\\/\\\/www.cftestataltarapaca.cl\\\/inicio\\\/2020\\\/01\\\/13\\\/grupo-komatsu-cummins-chile-y-cft-estatal-de-tarapaca-firman-convenio-que-beneficia-la-formacion-de-futuros-tecnicos\\\/\"},\"author\":{\"name\":\"Comunicaciones\",\"@id\":\"https:\\\/\\\/www.cftestataltarapaca.cl\\\/inicio\\\/#\\\/schema\\\/person\\\/ad1fbfa1fa7c3d3889f4ae5401dd660e\"},\"headline\":\"Grupo Komatsu Cummins Chile y CFT Estatal de Tarapac\u00e1 firman convenio que beneficia la formaci\u00f3n de futuros t\u00e9cnicos\",\"datePublished\":\"2020-01-13T18:25:10+00:00\",\"mainEntityOfPage\":{\"@id\":\"https:\\\/\\\/www.cftestataltarapaca.cl\\\/inicio\\\/2020\\\/01\\\/13\\\/grupo-komatsu-cummins-chile-y-cft-estatal-de-tarapaca-firman-convenio-que-beneficia-la-formacion-de-futuros-tecnicos\\\/\"},\"wordCount\":600,\"commentCount\":0,\"publisher\":{\"@id\":\"https:\\\/\\\/www.cftestataltarapaca.cl\\\/inicio\\\/#organization\"},\"image\":{\"@id\":\"https:\\\/\\\/www.cftestataltarapaca.cl\\\/inicio\\\/2020\\\/01\\\/13\\\/grupo-komatsu-cummins-chile-y-cft-estatal-de-tarapaca-firman-convenio-que-beneficia-la-formacion-de-futuros-tecnicos\\\/#primaryimage\"},\"thumbnailUrl\":\"https:\\\/\\\/www.cftestataltarapaca.cl\\\/inicio\\\/wp-content\\\/uploads\\\/2020\\\/01\\\/5.jpg\",\"keywords\":[\"Alto Hospicio\",\"CFT Estatal Tarapac\u00e1\",\"miner\u00eda\",\"t\u00e9cnicos\",\"vinculaci\u00f3n\"],\"articleSection\":[\"Acad\u00e9mico\",\"Comunicados\",\"Vinculaci\u00f3n\"],\"inLanguage\":\"es\",\"potentialAction\":[{\"@type\":\"CommentAction\",\"name\":\"Comment\",\"target\":[\"https:\\\/\\\/www.cftestataltarapaca.cl\\\/inicio\\\/2020\\\/01\\\/13\\\/grupo-komatsu-cummins-chile-y-cft-estatal-de-tarapaca-firman-convenio-que-beneficia-la-formacion-de-futuros-tecnicos\\\/#respond\"]}]},{\"@type\":\"WebPage\",\"@id\":\"https:\\\/\\\/www.cftestataltarapaca.cl\\\/inicio\\\/2020\\\/01\\\/13\\\/grupo-komatsu-cummins-chile-y-cft-estatal-de-tarapaca-firman-convenio-que-beneficia-la-formacion-de-futuros-tecnicos\\\/\",\"url\":\"https:\\\/\\\/www.cftestataltarapaca.cl\\\/inicio\\\/2020\\\/01\\\/13\\\/grupo-komatsu-cummins-chile-y-cft-estatal-de-tarapaca-firman-convenio-que-beneficia-la-formacion-de-futuros-tecnicos\\\/\",\"name\":\"Grupo Komatsu Cummins Chile y CFT Estatal de Tarapac\u00e1 firman convenio que beneficia la formaci\u00f3n de futuros t\u00e9cnicos - CFT Estatal Tarapac\u00e1\",\"isPartOf\":{\"@id\":\"https:\\\/\\\/www.cftestataltarapaca.cl\\\/inicio\\\/#website\"},\"primaryImageOfPage\":{\"@id\":\"https:\\\/\\\/www.cftestataltarapaca.cl\\\/inicio\\\/2020\\\/01\\\/13\\\/grupo-komatsu-cummins-chile-y-cft-estatal-de-tarapaca-firman-convenio-que-beneficia-la-formacion-de-futuros-tecnicos\\\/#primaryimage\"},\"image\":{\"@id\":\"https:\\\/\\\/www.cftestataltarapaca.cl\\\/inicio\\\/2020\\\/01\\\/13\\\/grupo-komatsu-cummins-chile-y-cft-estatal-de-tarapaca-firman-convenio-que-beneficia-la-formacion-de-futuros-tecnicos\\\/#primaryimage\"},\"thumbnailUrl\":\"https:\\\/\\\/www.cftestataltarapaca.cl\\\/inicio\\\/wp-content\\\/uploads\\\/2020\\\/01\\\/5.jpg\",\"datePublished\":\"2020-01-13T18:25:10+00:00\",\"breadcrumb\":{\"@id\":\"https:\\\/\\\/www.cftestataltarapaca.cl\\\/inicio\\\/2020\\\/01\\\/13\\\/grupo-komatsu-cummins-chile-y-cft-estatal-de-tarapaca-firman-convenio-que-beneficia-la-formacion-de-futuros-tecnicos\\\/#breadcrumb\"},\"inLanguage\":\"es\",\"potentialAction\":[{\"@type\":\"ReadAction\",\"target\":[\"https:\\\/\\\/www.cftestataltarapaca.cl\\\/inicio\\\/2020\\\/01\\\/13\\\/grupo-komatsu-cummins-chile-y-cft-estatal-de-tarapaca-firman-convenio-que-beneficia-la-formacion-de-futuros-tecnicos\\\/\"]}]},{\"@type\":\"ImageObject\",\"inLanguage\":\"es\",\"@id\":\"https:\\\/\\\/www.cftestataltarapaca.cl\\\/inicio\\\/2020\\\/01\\\/13\\\/grupo-komatsu-cummins-chile-y-cft-estatal-de-tarapaca-firman-convenio-que-beneficia-la-formacion-de-futuros-tecnicos\\\/#primaryimage\",\"url\":\"https:\\\/\\\/www.cftestataltarapaca.cl\\\/inicio\\\/wp-content\\\/uploads\\\/2020\\\/01\\\/5.jpg\",\"contentUrl\":\"https:\\\/\\\/www.cftestataltarapaca.cl\\\/inicio\\\/wp-content\\\/uploads\\\/2020\\\/01\\\/5.jpg\",\"width\":1000,\"height\":886},{\"@type\":\"BreadcrumbList\",\"@id\":\"https:\\\/\\\/www.cftestataltarapaca.cl\\\/inicio\\\/2020\\\/01\\\/13\\\/grupo-komatsu-cummins-chile-y-cft-estatal-de-tarapaca-firman-convenio-que-beneficia-la-formacion-de-futuros-tecnicos\\\/#breadcrumb\",\"itemListElement\":[{\"@type\":\"ListItem\",\"position\":1,\"name\":\"Portada\",\"item\":\"https:\\\/\\\/www.cftestataltarapaca.cl\\\/inicio\\\/\"},{\"@type\":\"ListItem\",\"position\":2,\"name\":\"Grupo Komatsu Cummins Chile y CFT Estatal de Tarapac\u00e1 firman convenio que beneficia la formaci\u00f3n de futuros t\u00e9cnicos\"}]},{\"@type\":\"WebSite\",\"@id\":\"https:\\\/\\\/www.cftestataltarapaca.cl\\\/inicio\\\/#website\",\"url\":\"https:\\\/\\\/www.cftestataltarapaca.cl\\\/inicio\\\/\",\"name\":\"CFT Estatal Tarapac\u00e1\",\"description\":\"Admisi\u00f3n 2025\",\"publisher\":{\"@id\":\"https:\\\/\\\/www.cftestataltarapaca.cl\\\/inicio\\\/#organization\"},\"potentialAction\":[{\"@type\":\"SearchAction\",\"target\":{\"@type\":\"EntryPoint\",\"urlTemplate\":\"https:\\\/\\\/www.cftestataltarapaca.cl\\\/inicio\\\/?s={search_term_string}\"},\"query-input\":{\"@type\":\"PropertyValueSpecification\",\"valueRequired\":true,\"valueName\":\"search_term_string\"}}],\"inLanguage\":\"es\"},{\"@type\":\"Organization\",\"@id\":\"https:\\\/\\\/www.cftestataltarapaca.cl\\\/inicio\\\/#organization\",\"name\":\"CFT Estatal Tarapac\u00e1\",\"url\":\"https:\\\/\\\/www.cftestataltarapaca.cl\\\/inicio\\\/\",\"logo\":{\"@type\":\"ImageObject\",\"inLanguage\":\"es\",\"@id\":\"https:\\\/\\\/www.cftestataltarapaca.cl\\\/inicio\\\/#\\\/schema\\\/logo\\\/image\\\/\",\"url\":\"https:\\\/\\\/www.cftestataltarapaca.cl\\\/inicio\\\/wp-content\\\/uploads\\\/2019\\\/03\\\/logo-retina-1.png\",\"contentUrl\":\"https:\\\/\\\/www.cftestataltarapaca.cl\\\/inicio\\\/wp-content\\\/uploads\\\/2019\\\/03\\\/logo-retina-1.png\",\"width\":401,\"height\":150,\"caption\":\"CFT Estatal Tarapac\u00e1\"},\"image\":{\"@id\":\"https:\\\/\\\/www.cftestataltarapaca.cl\\\/inicio\\\/#\\\/schema\\\/logo\\\/image\\\/\"},\"sameAs\":[\"https:\\\/\\\/www.facebook.com\\\/CFTestataltarapaca\\\/\",\"https:\\\/\\\/x.com\\\/CFTesTarapaca\",\"https:\\\/\\\/www.instagram.com\\\/CFTestataltarapaca\\\/\"]},{\"@type\":\"Person\",\"@id\":\"https:\\\/\\\/www.cftestataltarapaca.cl\\\/inicio\\\/#\\\/schema\\\/person\\\/ad1fbfa1fa7c3d3889f4ae5401dd660e\",\"name\":\"Comunicaciones\",\"image\":{\"@type\":\"ImageObject\",\"inLanguage\":\"es\",\"@id\":\"https:\\\/\\\/secure.gravatar.com\\\/avatar\\\/ed1c2728327f20a5a62edaeb7dc181858f225b765044c5314c3d1059a1bd992f?s=96&d=mm&r=g\",\"url\":\"https:\\\/\\\/secure.gravatar.com\\\/avatar\\\/ed1c2728327f20a5a62edaeb7dc181858f225b765044c5314c3d1059a1bd992f?s=96&d=mm&r=g\",\"contentUrl\":\"https:\\\/\\\/secure.gravatar.com\\\/avatar\\\/ed1c2728327f20a5a62edaeb7dc181858f225b765044c5314c3d1059a1bd992f?s=96&d=mm&r=g\",\"caption\":\"Comunicaciones\"},\"sameAs\":[\"http:\\\/\\\/www.cftestataltarapaca.cl\"],\"url\":\"https:\\\/\\\/www.cftestataltarapaca.cl\\\/inicio\\\/author\\\/comunicaciones\\\/\"}]}<\/script>\n<!-- \/ Yoast SEO plugin. -->","yoast_head_json":{"title":"Grupo Komatsu Cummins Chile y CFT Estatal de Tarapac\u00e1 firman convenio que beneficia la formaci\u00f3n de futuros t\u00e9cnicos - CFT Estatal Tarapac\u00e1","robots":{"index":"index","follow":"follow","max-snippet":"max-snippet:-1","max-image-preview":"max-image-preview:large","max-video-preview":"max-video-preview:-1"},"canonical":"https:\/\/www.cftestataltarapaca.cl\/inicio\/2020\/01\/13\/grupo-komatsu-cummins-chile-y-cft-estatal-de-tarapaca-firman-convenio-que-beneficia-la-formacion-de-futuros-tecnicos\/","og_locale":"es_ES","og_type":"article","og_title":"Grupo Komatsu Cummins Chile y CFT Estatal de Tarapac\u00e1 firman convenio que beneficia la formaci\u00f3n de futuros t\u00e9cnicos - CFT Estatal Tarapac\u00e1","og_description":"Alto Hospicio.- Estudiantes del Centro de Formaci\u00f3n T\u00e9cnica Estatal de Tarapac\u00e1 tendr\u00e1n la oportunidad de realizar pasant\u00edas y postular a pr\u00e1cticas, adem\u00e1s de concretar visitas t\u00e9cnicas a los talleres de...","og_url":"https:\/\/www.cftestataltarapaca.cl\/inicio\/2020\/01\/13\/grupo-komatsu-cummins-chile-y-cft-estatal-de-tarapaca-firman-convenio-que-beneficia-la-formacion-de-futuros-tecnicos\/","og_site_name":"CFT Estatal Tarapac\u00e1","article_publisher":"https:\/\/www.facebook.com\/CFTestataltarapaca\/","article_published_time":"2020-01-13T18:25:10+00:00","og_image":[{"width":1000,"height":886,"url":"https:\/\/www.cftestataltarapaca.cl\/inicio\/wp-content\/uploads\/2020\/01\/5.jpg","type":"image\/jpeg"}],"author":"Comunicaciones","twitter_card":"summary_large_image","twitter_creator":"@CFTesTarapaca","twitter_site":"@CFTesTarapaca","twitter_misc":{"Escrito por":"Comunicaciones","Tiempo de lectura":"3 minutos"},"schema":{"@context":"https:\/\/schema.org","@graph":[{"@type":"Article","@id":"https:\/\/www.cftestataltarapaca.cl\/inicio\/2020\/01\/13\/grupo-komatsu-cummins-chile-y-cft-estatal-de-tarapaca-firman-convenio-que-beneficia-la-formacion-de-futuros-tecnicos\/#article","isPartOf":{"@id":"https:\/\/www.cftestataltarapaca.cl\/inicio\/2020\/01\/13\/grupo-komatsu-cummins-chile-y-cft-estatal-de-tarapaca-firman-convenio-que-beneficia-la-formacion-de-futuros-tecnicos\/"},"author":{"name":"Comunicaciones","@id":"https:\/\/www.cftestataltarapaca.cl\/inicio\/#\/schema\/person\/ad1fbfa1fa7c3d3889f4ae5401dd660e"},"headline":"Grupo Komatsu Cummins Chile y CFT Estatal de Tarapac\u00e1 firman convenio que beneficia la formaci\u00f3n de futuros t\u00e9cnicos","datePublished":"2020-01-13T18:25:10+00:00","mainEntityOfPage":{"@id":"https:\/\/www.cftestataltarapaca.cl\/inicio\/2020\/01\/13\/grupo-komatsu-cummins-chile-y-cft-estatal-de-tarapaca-firman-convenio-que-beneficia-la-formacion-de-futuros-tecnicos\/"},"wordCount":600,"commentCount":0,"publisher":{"@id":"https:\/\/www.cftestataltarapaca.cl\/inicio\/#organization"},"image":{"@id":"https:\/\/www.cftestataltarapaca.cl\/inicio\/2020\/01\/13\/grupo-komatsu-cummins-chile-y-cft-estatal-de-tarapaca-firman-convenio-que-beneficia-la-formacion-de-futuros-tecnicos\/#primaryimage"},"thumbnailUrl":"https:\/\/www.cftestataltarapaca.cl\/inicio\/wp-content\/uploads\/2020\/01\/5.jpg","keywords":["Alto Hospicio","CFT Estatal Tarapac\u00e1","miner\u00eda","t\u00e9cnicos","vinculaci\u00f3n"],"articleSection":["Acad\u00e9mico","Comunicados","Vinculaci\u00f3n"],"inLanguage":"es","potentialAction":[{"@type":"CommentAction","name":"Comment","target":["https:\/\/www.cftestataltarapaca.cl\/inicio\/2020\/01\/13\/grupo-komatsu-cummins-chile-y-cft-estatal-de-tarapaca-firman-convenio-que-beneficia-la-formacion-de-futuros-tecnicos\/#respond"]}]},{"@type":"WebPage","@id":"https:\/\/www.cftestataltarapaca.cl\/inicio\/2020\/01\/13\/grupo-komatsu-cummins-chile-y-cft-estatal-de-tarapaca-firman-convenio-que-beneficia-la-formacion-de-futuros-tecnicos\/","url":"https:\/\/www.cftestataltarapaca.cl\/inicio\/2020\/01\/13\/grupo-komatsu-cummins-chile-y-cft-estatal-de-tarapaca-firman-convenio-que-beneficia-la-formacion-de-futuros-tecnicos\/","name":"Grupo Komatsu Cummins Chile y CFT Estatal de Tarapac\u00e1 firman convenio que beneficia la formaci\u00f3n de futuros t\u00e9cnicos - CFT Estatal Tarapac\u00e1","isPartOf":{"@id":"https:\/\/www.cftestataltarapaca.cl\/inicio\/#website"},"primaryImageOfPage":{"@id":"https:\/\/www.cftestataltarapaca.cl\/inicio\/2020\/01\/13\/grupo-komatsu-cummins-chile-y-cft-estatal-de-tarapaca-firman-convenio-que-beneficia-la-formacion-de-futuros-tecnicos\/#primaryimage"},"image":{"@id":"https:\/\/www.cftestataltarapaca.cl\/inicio\/2020\/01\/13\/grupo-komatsu-cummins-chile-y-cft-estatal-de-tarapaca-firman-convenio-que-beneficia-la-formacion-de-futuros-tecnicos\/#primaryimage"},"thumbnailUrl":"https:\/\/www.cftestataltarapaca.cl\/inicio\/wp-content\/uploads\/2020\/01\/5.jpg","datePublished":"2020-01-13T18:25:10+00:00","breadcrumb":{"@id":"https:\/\/www.cftestataltarapaca.cl\/inicio\/2020\/01\/13\/grupo-komatsu-cummins-chile-y-cft-estatal-de-tarapaca-firman-convenio-que-beneficia-la-formacion-de-futuros-tecnicos\/#breadcrumb"},"inLanguage":"es","potentialAction":[{"@type":"ReadAction","target":["https:\/\/www.cftestataltarapaca.cl\/inicio\/2020\/01\/13\/grupo-komatsu-cummins-chile-y-cft-estatal-de-tarapaca-firman-convenio-que-beneficia-la-formacion-de-futuros-tecnicos\/"]}]},{"@type":"ImageObject","inLanguage":"es","@id":"https:\/\/www.cftestataltarapaca.cl\/inicio\/2020\/01\/13\/grupo-komatsu-cummins-chile-y-cft-estatal-de-tarapaca-firman-convenio-que-beneficia-la-formacion-de-futuros-tecnicos\/#primaryimage","url":"https:\/\/www.cftestataltarapaca.cl\/inicio\/wp-content\/uploads\/2020\/01\/5.jpg","contentUrl":"https:\/\/www.cftestataltarapaca.cl\/inicio\/wp-content\/uploads\/2020\/01\/5.jpg","width":1000,"height":886},{"@type":"BreadcrumbList","@id":"https:\/\/www.cftestataltarapaca.cl\/inicio\/2020\/01\/13\/grupo-komatsu-cummins-chile-y-cft-estatal-de-tarapaca-firman-convenio-que-beneficia-la-formacion-de-futuros-tecnicos\/#breadcrumb","itemListElement":[{"@type":"ListItem","position":1,"name":"Portada","item":"https:\/\/www.cftestataltarapaca.cl\/inicio\/"},{"@type":"ListItem","position":2,"name":"Grupo Komatsu Cummins Chile y CFT Estatal de Tarapac\u00e1 firman convenio que beneficia la formaci\u00f3n de futuros t\u00e9cnicos"}]},{"@type":"WebSite","@id":"https:\/\/www.cftestataltarapaca.cl\/inicio\/#website","url":"https:\/\/www.cftestataltarapaca.cl\/inicio\/","name":"CFT Estatal Tarapac\u00e1","description":"Admisi\u00f3n 2025","publisher":{"@id":"https:\/\/www.cftestataltarapaca.cl\/inicio\/#organization"},"potentialAction":[{"@type":"SearchAction","target":{"@type":"EntryPoint","urlTemplate":"https:\/\/www.cftestataltarapaca.cl\/inicio\/?s={search_term_string}"},"query-input":{"@type":"PropertyValueSpecification","valueRequired":true,"valueName":"search_term_string"}}],"inLanguage":"es"},{"@type":"Organization","@id":"https:\/\/www.cftestataltarapaca.cl\/inicio\/#organization","name":"CFT Estatal Tarapac\u00e1","url":"https:\/\/www.cftestataltarapaca.cl\/inicio\/","logo":{"@type":"ImageObject","inLanguage":"es","@id":"https:\/\/www.cftestataltarapaca.cl\/inicio\/#\/schema\/logo\/image\/","url":"https:\/\/www.cftestataltarapaca.cl\/inicio\/wp-content\/uploads\/2019\/03\/logo-retina-1.png","contentUrl":"https:\/\/www.cftestataltarapaca.cl\/inicio\/wp-content\/uploads\/2019\/03\/logo-retina-1.png","width":401,"height":150,"caption":"CFT Estatal Tarapac\u00e1"},"image":{"@id":"https:\/\/www.cftestataltarapaca.cl\/inicio\/#\/schema\/logo\/image\/"},"sameAs":["https:\/\/www.facebook.com\/CFTestataltarapaca\/","https:\/\/x.com\/CFTesTarapaca","https:\/\/www.instagram.com\/CFTestataltarapaca\/"]},{"@type":"Person","@id":"https:\/\/www.cftestataltarapaca.cl\/inicio\/#\/schema\/person\/ad1fbfa1fa7c3d3889f4ae5401dd660e","name":"Comunicaciones","image":{"@type":"ImageObject","inLanguage":"es","@id":"https:\/\/secure.gravatar.com\/avatar\/ed1c2728327f20a5a62edaeb7dc181858f225b765044c5314c3d1059a1bd992f?s=96&d=mm&r=g","url":"https:\/\/secure.gravatar.com\/avatar\/ed1c2728327f20a5a62edaeb7dc181858f225b765044c5314c3d1059a1bd992f?s=96&d=mm&r=g","contentUrl":"https:\/\/secure.gravatar.com\/avatar\/ed1c2728327f20a5a62edaeb7dc181858f225b765044c5314c3d1059a1bd992f?s=96&d=mm&r=g","caption":"Comunicaciones"},"sameAs":["http:\/\/www.cftestataltarapaca.cl"],"url":"https:\/\/www.cftestataltarapaca.cl\/inicio\/author\/comunicaciones\/"}]}},"publishpress_future_action":{"enabled":false,"date":"2026-05-09 03:55:50","action":"change-status","newStatus":"draft","terms":[],"taxonomy":"category","extraData":[]},"publishpress_future_workflow_manual_trigger":{"enabledWorkflows":[]},"_links":{"self":[{"href":"https:\/\/www.cftestataltarapaca.cl\/inicio\/wp-json\/wp\/v2\/posts\/3780","targetHints":{"allow":["GET"]}}],"collection":[{"href":"https:\/\/www.cftestataltarapaca.cl\/inicio\/wp-json\/wp\/v2\/posts"}],"about":[{"href":"https:\/\/www.cftestataltarapaca.cl\/inicio\/wp-json\/wp\/v2\/types\/post"}],"author":[{"embeddable":true,"href":"https:\/\/www.cftestataltarapaca.cl\/inicio\/wp-json\/wp\/v2\/users\/2"}],"replies":[{"embeddable":true,"href":"https:\/\/www.cftestataltarapaca.cl\/inicio\/wp-json\/wp\/v2\/comments?post=3780"}],"version-history":[{"count":1,"href":"https:\/\/www.cftestataltarapaca.cl\/inicio\/wp-json\/wp\/v2\/posts\/3780\/revisions"}],"predecessor-version":[{"id":3785,"href":"https:\/\/www.cftestataltarapaca.cl\/inicio\/wp-json\/wp\/v2\/posts\/3780\/revisions\/3785"}],"wp:featuredmedia":[{"embeddable":true,"href":"https:\/\/www.cftestataltarapaca.cl\/inicio\/wp-json\/wp\/v2\/media\/3782"}],"wp:attachment":[{"href":"https:\/\/www.cftestataltarapaca.cl\/inicio\/wp-json\/wp\/v2\/media?parent=3780"}],"wp:term":[{"taxonomy":"category","embeddable":true,"href":"https:\/\/www.cftestataltarapaca.cl\/inicio\/wp-json\/wp\/v2\/categories?post=3780"},{"taxonomy":"post_tag","embeddable":true,"href":"https:\/\/www.cftestataltarapaca.cl\/inicio\/wp-json\/wp\/v2\/tags?post=3780"}],"curies":[{"name":"wp","href":"https:\/\/api.w.org\/{rel}","templated":true}]}}