{"id":3863,"date":"2020-03-10T15:03:51","date_gmt":"2020-03-10T15:03:51","guid":{"rendered":"https:\/\/www.cftestataltarapaca.cl\/inicio\/?p=3863"},"modified":"2020-03-11T13:11:09","modified_gmt":"2020-03-11T13:11:09","slug":"cft-estatal-tarapaca-dio-la-bienvenida-a-estudiantes-de-primer-ano","status":"publish","type":"post","link":"https:\/\/www.cftestataltarapaca.cl\/inicio\/2020\/03\/10\/cft-estatal-tarapaca-dio-la-bienvenida-a-estudiantes-de-primer-ano\/","title":{"rendered":"CFT Estatal Tarapac\u00e1 dio la bienvenida a estudiantes de primer a\u00f1o"},"content":{"rendered":"<p style=\"text-align: justify\">Con m\u00fasica y muestra art\u00edstica el Centro de Formaci\u00f3n T\u00e9cnica Estatal de Tarapac\u00e1 dio la bienvenida a las y los estudiantes que ingresaron a primer a\u00f1o de las carreras t\u00e9cnicas de nivel superior en mec\u00e1nico mantenimiento predictivo, log\u00edstica, administraci\u00f3n de empresas, administraci\u00f3n p\u00fablica, enfermer\u00eda, parvularia y el\u00e9ctrico en energ\u00edas renovables.<\/p>\n<p style=\"text-align: justify\">La actividad, desarrollada tanto en jornada diurna como vespertina, contempl\u00f3 adem\u00e1s de las palabras del rector Jorge Villegas y del director acad\u00e9mico, Roberto Urdanivia, la de estudiantes de segundo a\u00f1o de la instituci\u00f3n, Isabel Bravo y Nayareth, Pacheco quienes compartieron su experiencia con los presentes, valorando el respaldo acad\u00e9mico que reciben.<\/p>\n<p style=\"text-align: justify\">JORNADA INDUCCI\u00d3N<\/p>\n<p style=\"text-align: justify\">El proceso de ingreso contempl\u00f3 en una alegre bienvenida, acompa\u00f1ada de batucada, magos y malabaristas, esto porque el deseo de la instituci\u00f3n fue demostrar que no solo ser\u00e1 un lugar de estudio, sino un espacio de convivencia, en la que compartir\u00e1n momentos alegres y otros m\u00e1s serios, \u201cComo lo hace una familia, y nosotros ya somos una familia\u201d, dijo el director Acad\u00e9mico de la instituci\u00f3n, Roberto Urdanivia Carvajal.<\/p>\n<p style=\"text-align: justify\">En la oportunidad el rector Jorge Villegas, dijo que la educaci\u00f3n hace la diferencia, \u201cy ustedes son capaces de superar los obst\u00e1culos que los limitaban, solo es necesario enfocarse, ser\u00e1n 5 semestres de aprendizaje, pero se puede\u201d. La autoridad acad\u00e9mica tambi\u00e9n destac\u00f3 que el CFT Estatal Tarapac\u00e1 les entregar\u00e1 apoyo de manera permanente a cada uno de sus estudiantes. \u201cGracias por creer en nosotros, me siento muy orgullosos de todos y todas ustedes\u201d.<\/p>\n<p style=\"text-align: justify\">En ambas jornadas fueron presentados los equipos de trabajo tanto administrativo como acad\u00e9mico.<\/p>\n<p>&nbsp;<\/p>\n<p><img loading=\"lazy\" decoding=\"async\" class=\"alignnone size-medium wp-image-3866\" src=\"https:\/\/www.cftestataltarapaca.cl\/inicio\/wp-content\/uploads\/2020\/03\/Bienvenida-4-300x200.jpg\" alt=\"\" width=\"300\" height=\"200\" srcset=\"https:\/\/www.cftestataltarapaca.cl\/inicio\/wp-content\/uploads\/2020\/03\/Bienvenida-4-300x200.jpg 300w, https:\/\/www.cftestataltarapaca.cl\/inicio\/wp-content\/uploads\/2020\/03\/Bienvenida-4-768x512.jpg 768w, https:\/\/www.cftestataltarapaca.cl\/inicio\/wp-content\/uploads\/2020\/03\/Bienvenida-4.jpg 800w\" sizes=\"auto, (max-width: 300px) 100vw, 300px\" \/> <img loading=\"lazy\" decoding=\"async\" class=\"alignnone size-medium wp-image-3868\" src=\"https:\/\/www.cftestataltarapaca.cl\/inicio\/wp-content\/uploads\/2020\/03\/Bienvenida-28-300x200.jpg\" alt=\"\" width=\"300\" height=\"200\" srcset=\"https:\/\/www.cftestataltarapaca.cl\/inicio\/wp-content\/uploads\/2020\/03\/Bienvenida-28-300x200.jpg 300w, https:\/\/www.cftestataltarapaca.cl\/inicio\/wp-content\/uploads\/2020\/03\/Bienvenida-28-768x512.jpg 768w, https:\/\/www.cftestataltarapaca.cl\/inicio\/wp-content\/uploads\/2020\/03\/Bienvenida-28.jpg 800w\" sizes=\"auto, (max-width: 300px) 100vw, 300px\" \/> <img loading=\"lazy\" decoding=\"async\" class=\"alignnone size-medium wp-image-3867\" src=\"https:\/\/www.cftestataltarapaca.cl\/inicio\/wp-content\/uploads\/2020\/03\/Bienvenida-14-300x200.jpg\" alt=\"\" width=\"300\" height=\"200\" srcset=\"https:\/\/www.cftestataltarapaca.cl\/inicio\/wp-content\/uploads\/2020\/03\/Bienvenida-14-300x200.jpg 300w, https:\/\/www.cftestataltarapaca.cl\/inicio\/wp-content\/uploads\/2020\/03\/Bienvenida-14-768x512.jpg 768w, https:\/\/www.cftestataltarapaca.cl\/inicio\/wp-content\/uploads\/2020\/03\/Bienvenida-14.jpg 800w\" sizes=\"auto, (max-width: 300px) 100vw, 300px\" \/><\/p>\n","protected":false},"excerpt":{"rendered":"<p>Con m\u00fasica y muestra art\u00edstica el Centro de Formaci\u00f3n T\u00e9cnica Estatal de Tarapac\u00e1 dio la bienvenida a las y los estudiantes que ingresaron a primer a\u00f1o de las carreras t\u00e9cnicas&#8230;<\/p>\n","protected":false},"author":2,"featured_media":3864,"comment_status":"open","ping_status":"open","sticky":false,"template":"","format":"standard","meta":{"_joinchat":[],"footnotes":""},"categories":[49,46,52],"tags":[75,69,86,80,59,68],"class_list":["post-3863","post","type-post","status-publish","format-standard","has-post-thumbnail","hentry","category-academico","category-admision","category-comunicados","tag-alto-hospicio","tag-carreras","tag-cft-estatal-tarapaca","tag-educacion","tag-educacion-tarapaca","tag-tecnicos"],"yoast_head":"<!-- This site is optimized with the Yoast SEO plugin v27.4 - https:\/\/yoast.com\/product\/yoast-seo-wordpress\/ -->\n<title>CFT Estatal Tarapac\u00e1 dio la bienvenida a estudiantes de primer a\u00f1o - CFT Estatal Tarapac\u00e1<\/title>\n<meta name=\"robots\" content=\"index, follow, max-snippet:-1, max-image-preview:large, max-video-preview:-1\" \/>\n<link rel=\"canonical\" href=\"https:\/\/www.cftestataltarapaca.cl\/inicio\/2020\/03\/10\/cft-estatal-tarapaca-dio-la-bienvenida-a-estudiantes-de-primer-ano\/\" \/>\n<meta property=\"og:locale\" content=\"es_ES\" \/>\n<meta property=\"og:type\" content=\"article\" \/>\n<meta property=\"og:title\" content=\"CFT Estatal Tarapac\u00e1 dio la bienvenida a estudiantes de primer a\u00f1o - CFT Estatal Tarapac\u00e1\" \/>\n<meta property=\"og:description\" content=\"Con m\u00fasica y muestra art\u00edstica el Centro de Formaci\u00f3n T\u00e9cnica Estatal de Tarapac\u00e1 dio la bienvenida a las y los estudiantes que ingresaron a primer a\u00f1o de las carreras t\u00e9cnicas...\" \/>\n<meta property=\"og:url\" content=\"https:\/\/www.cftestataltarapaca.cl\/inicio\/2020\/03\/10\/cft-estatal-tarapaca-dio-la-bienvenida-a-estudiantes-de-primer-ano\/\" \/>\n<meta property=\"og:site_name\" content=\"CFT Estatal Tarapac\u00e1\" \/>\n<meta property=\"article:publisher\" content=\"https:\/\/www.facebook.com\/CFTestataltarapaca\/\" \/>\n<meta property=\"article:published_time\" content=\"2020-03-10T15:03:51+00:00\" \/>\n<meta property=\"article:modified_time\" content=\"2020-03-11T13:11:09+00:00\" \/>\n<meta property=\"og:image\" content=\"https:\/\/www.cftestataltarapaca.cl\/inicio\/wp-content\/uploads\/2020\/03\/Bienvenida-3.jpg\" \/>\n\t<meta property=\"og:image:width\" content=\"800\" \/>\n\t<meta property=\"og:image:height\" content=\"533\" \/>\n\t<meta property=\"og:image:type\" content=\"image\/jpeg\" \/>\n<meta name=\"author\" content=\"Comunicaciones\" \/>\n<meta name=\"twitter:card\" content=\"summary_large_image\" \/>\n<meta name=\"twitter:creator\" content=\"@CFTesTarapaca\" \/>\n<meta name=\"twitter:site\" content=\"@CFTesTarapaca\" \/>\n<meta name=\"twitter:label1\" content=\"Escrito por\" \/>\n\t<meta name=\"twitter:data1\" content=\"Comunicaciones\" \/>\n\t<meta name=\"twitter:label2\" content=\"Tiempo de lectura\" \/>\n\t<meta name=\"twitter:data2\" content=\"1 minuto\" \/>\n<script type=\"application\/ld+json\" class=\"yoast-schema-graph\">{\"@context\":\"https:\\\/\\\/schema.org\",\"@graph\":[{\"@type\":\"Article\",\"@id\":\"https:\\\/\\\/www.cftestataltarapaca.cl\\\/inicio\\\/2020\\\/03\\\/10\\\/cft-estatal-tarapaca-dio-la-bienvenida-a-estudiantes-de-primer-ano\\\/#article\",\"isPartOf\":{\"@id\":\"https:\\\/\\\/www.cftestataltarapaca.cl\\\/inicio\\\/2020\\\/03\\\/10\\\/cft-estatal-tarapaca-dio-la-bienvenida-a-estudiantes-de-primer-ano\\\/\"},\"author\":{\"name\":\"Comunicaciones\",\"@id\":\"https:\\\/\\\/www.cftestataltarapaca.cl\\\/inicio\\\/#\\\/schema\\\/person\\\/ad1fbfa1fa7c3d3889f4ae5401dd660e\"},\"headline\":\"CFT Estatal Tarapac\u00e1 dio la bienvenida a estudiantes de primer a\u00f1o\",\"datePublished\":\"2020-03-10T15:03:51+00:00\",\"dateModified\":\"2020-03-11T13:11:09+00:00\",\"mainEntityOfPage\":{\"@id\":\"https:\\\/\\\/www.cftestataltarapaca.cl\\\/inicio\\\/2020\\\/03\\\/10\\\/cft-estatal-tarapaca-dio-la-bienvenida-a-estudiantes-de-primer-ano\\\/\"},\"wordCount\":301,\"commentCount\":0,\"publisher\":{\"@id\":\"https:\\\/\\\/www.cftestataltarapaca.cl\\\/inicio\\\/#organization\"},\"image\":{\"@id\":\"https:\\\/\\\/www.cftestataltarapaca.cl\\\/inicio\\\/2020\\\/03\\\/10\\\/cft-estatal-tarapaca-dio-la-bienvenida-a-estudiantes-de-primer-ano\\\/#primaryimage\"},\"thumbnailUrl\":\"https:\\\/\\\/www.cftestataltarapaca.cl\\\/inicio\\\/wp-content\\\/uploads\\\/2020\\\/03\\\/Bienvenida-3.jpg\",\"keywords\":[\"Alto Hospicio\",\"carreras\",\"CFT Estatal Tarapac\u00e1\",\"educaci\u00f3n\",\"Educaci\u00f3n Tarapaca\",\"t\u00e9cnicos\"],\"articleSection\":[\"Acad\u00e9mico\",\"Admisi\u00f3n\",\"Comunicados\"],\"inLanguage\":\"es\",\"potentialAction\":[{\"@type\":\"CommentAction\",\"name\":\"Comment\",\"target\":[\"https:\\\/\\\/www.cftestataltarapaca.cl\\\/inicio\\\/2020\\\/03\\\/10\\\/cft-estatal-tarapaca-dio-la-bienvenida-a-estudiantes-de-primer-ano\\\/#respond\"]}]},{\"@type\":\"WebPage\",\"@id\":\"https:\\\/\\\/www.cftestataltarapaca.cl\\\/inicio\\\/2020\\\/03\\\/10\\\/cft-estatal-tarapaca-dio-la-bienvenida-a-estudiantes-de-primer-ano\\\/\",\"url\":\"https:\\\/\\\/www.cftestataltarapaca.cl\\\/inicio\\\/2020\\\/03\\\/10\\\/cft-estatal-tarapaca-dio-la-bienvenida-a-estudiantes-de-primer-ano\\\/\",\"name\":\"CFT Estatal Tarapac\u00e1 dio la bienvenida a estudiantes de primer a\u00f1o - CFT Estatal Tarapac\u00e1\",\"isPartOf\":{\"@id\":\"https:\\\/\\\/www.cftestataltarapaca.cl\\\/inicio\\\/#website\"},\"primaryImageOfPage\":{\"@id\":\"https:\\\/\\\/www.cftestataltarapaca.cl\\\/inicio\\\/2020\\\/03\\\/10\\\/cft-estatal-tarapaca-dio-la-bienvenida-a-estudiantes-de-primer-ano\\\/#primaryimage\"},\"image\":{\"@id\":\"https:\\\/\\\/www.cftestataltarapaca.cl\\\/inicio\\\/2020\\\/03\\\/10\\\/cft-estatal-tarapaca-dio-la-bienvenida-a-estudiantes-de-primer-ano\\\/#primaryimage\"},\"thumbnailUrl\":\"https:\\\/\\\/www.cftestataltarapaca.cl\\\/inicio\\\/wp-content\\\/uploads\\\/2020\\\/03\\\/Bienvenida-3.jpg\",\"datePublished\":\"2020-03-10T15:03:51+00:00\",\"dateModified\":\"2020-03-11T13:11:09+00:00\",\"breadcrumb\":{\"@id\":\"https:\\\/\\\/www.cftestataltarapaca.cl\\\/inicio\\\/2020\\\/03\\\/10\\\/cft-estatal-tarapaca-dio-la-bienvenida-a-estudiantes-de-primer-ano\\\/#breadcrumb\"},\"inLanguage\":\"es\",\"potentialAction\":[{\"@type\":\"ReadAction\",\"target\":[\"https:\\\/\\\/www.cftestataltarapaca.cl\\\/inicio\\\/2020\\\/03\\\/10\\\/cft-estatal-tarapaca-dio-la-bienvenida-a-estudiantes-de-primer-ano\\\/\"]}]},{\"@type\":\"ImageObject\",\"inLanguage\":\"es\",\"@id\":\"https:\\\/\\\/www.cftestataltarapaca.cl\\\/inicio\\\/2020\\\/03\\\/10\\\/cft-estatal-tarapaca-dio-la-bienvenida-a-estudiantes-de-primer-ano\\\/#primaryimage\",\"url\":\"https:\\\/\\\/www.cftestataltarapaca.cl\\\/inicio\\\/wp-content\\\/uploads\\\/2020\\\/03\\\/Bienvenida-3.jpg\",\"contentUrl\":\"https:\\\/\\\/www.cftestataltarapaca.cl\\\/inicio\\\/wp-content\\\/uploads\\\/2020\\\/03\\\/Bienvenida-3.jpg\",\"width\":800,\"height\":533},{\"@type\":\"BreadcrumbList\",\"@id\":\"https:\\\/\\\/www.cftestataltarapaca.cl\\\/inicio\\\/2020\\\/03\\\/10\\\/cft-estatal-tarapaca-dio-la-bienvenida-a-estudiantes-de-primer-ano\\\/#breadcrumb\",\"itemListElement\":[{\"@type\":\"ListItem\",\"position\":1,\"name\":\"Portada\",\"item\":\"https:\\\/\\\/www.cftestataltarapaca.cl\\\/inicio\\\/\"},{\"@type\":\"ListItem\",\"position\":2,\"name\":\"CFT Estatal Tarapac\u00e1 dio la bienvenida a estudiantes de primer a\u00f1o\"}]},{\"@type\":\"WebSite\",\"@id\":\"https:\\\/\\\/www.cftestataltarapaca.cl\\\/inicio\\\/#website\",\"url\":\"https:\\\/\\\/www.cftestataltarapaca.cl\\\/inicio\\\/\",\"name\":\"CFT Estatal Tarapac\u00e1\",\"description\":\"Admisi\u00f3n 2025\",\"publisher\":{\"@id\":\"https:\\\/\\\/www.cftestataltarapaca.cl\\\/inicio\\\/#organization\"},\"potentialAction\":[{\"@type\":\"SearchAction\",\"target\":{\"@type\":\"EntryPoint\",\"urlTemplate\":\"https:\\\/\\\/www.cftestataltarapaca.cl\\\/inicio\\\/?s={search_term_string}\"},\"query-input\":{\"@type\":\"PropertyValueSpecification\",\"valueRequired\":true,\"valueName\":\"search_term_string\"}}],\"inLanguage\":\"es\"},{\"@type\":\"Organization\",\"@id\":\"https:\\\/\\\/www.cftestataltarapaca.cl\\\/inicio\\\/#organization\",\"name\":\"CFT Estatal Tarapac\u00e1\",\"url\":\"https:\\\/\\\/www.cftestataltarapaca.cl\\\/inicio\\\/\",\"logo\":{\"@type\":\"ImageObject\",\"inLanguage\":\"es\",\"@id\":\"https:\\\/\\\/www.cftestataltarapaca.cl\\\/inicio\\\/#\\\/schema\\\/logo\\\/image\\\/\",\"url\":\"https:\\\/\\\/www.cftestataltarapaca.cl\\\/inicio\\\/wp-content\\\/uploads\\\/2019\\\/03\\\/logo-retina-1.png\",\"contentUrl\":\"https:\\\/\\\/www.cftestataltarapaca.cl\\\/inicio\\\/wp-content\\\/uploads\\\/2019\\\/03\\\/logo-retina-1.png\",\"width\":401,\"height\":150,\"caption\":\"CFT Estatal Tarapac\u00e1\"},\"image\":{\"@id\":\"https:\\\/\\\/www.cftestataltarapaca.cl\\\/inicio\\\/#\\\/schema\\\/logo\\\/image\\\/\"},\"sameAs\":[\"https:\\\/\\\/www.facebook.com\\\/CFTestataltarapaca\\\/\",\"https:\\\/\\\/x.com\\\/CFTesTarapaca\",\"https:\\\/\\\/www.instagram.com\\\/CFTestataltarapaca\\\/\"]},{\"@type\":\"Person\",\"@id\":\"https:\\\/\\\/www.cftestataltarapaca.cl\\\/inicio\\\/#\\\/schema\\\/person\\\/ad1fbfa1fa7c3d3889f4ae5401dd660e\",\"name\":\"Comunicaciones\",\"image\":{\"@type\":\"ImageObject\",\"inLanguage\":\"es\",\"@id\":\"https:\\\/\\\/secure.gravatar.com\\\/avatar\\\/ed1c2728327f20a5a62edaeb7dc181858f225b765044c5314c3d1059a1bd992f?s=96&d=mm&r=g\",\"url\":\"https:\\\/\\\/secure.gravatar.com\\\/avatar\\\/ed1c2728327f20a5a62edaeb7dc181858f225b765044c5314c3d1059a1bd992f?s=96&d=mm&r=g\",\"contentUrl\":\"https:\\\/\\\/secure.gravatar.com\\\/avatar\\\/ed1c2728327f20a5a62edaeb7dc181858f225b765044c5314c3d1059a1bd992f?s=96&d=mm&r=g\",\"caption\":\"Comunicaciones\"},\"sameAs\":[\"http:\\\/\\\/www.cftestataltarapaca.cl\"],\"url\":\"https:\\\/\\\/www.cftestataltarapaca.cl\\\/inicio\\\/author\\\/comunicaciones\\\/\"}]}<\/script>\n<!-- \/ Yoast SEO plugin. -->","yoast_head_json":{"title":"CFT Estatal Tarapac\u00e1 dio la bienvenida a estudiantes de primer a\u00f1o - CFT Estatal Tarapac\u00e1","robots":{"index":"index","follow":"follow","max-snippet":"max-snippet:-1","max-image-preview":"max-image-preview:large","max-video-preview":"max-video-preview:-1"},"canonical":"https:\/\/www.cftestataltarapaca.cl\/inicio\/2020\/03\/10\/cft-estatal-tarapaca-dio-la-bienvenida-a-estudiantes-de-primer-ano\/","og_locale":"es_ES","og_type":"article","og_title":"CFT Estatal Tarapac\u00e1 dio la bienvenida a estudiantes de primer a\u00f1o - CFT Estatal Tarapac\u00e1","og_description":"Con m\u00fasica y muestra art\u00edstica el Centro de Formaci\u00f3n T\u00e9cnica Estatal de Tarapac\u00e1 dio la bienvenida a las y los estudiantes que ingresaron a primer a\u00f1o de las carreras t\u00e9cnicas...","og_url":"https:\/\/www.cftestataltarapaca.cl\/inicio\/2020\/03\/10\/cft-estatal-tarapaca-dio-la-bienvenida-a-estudiantes-de-primer-ano\/","og_site_name":"CFT Estatal Tarapac\u00e1","article_publisher":"https:\/\/www.facebook.com\/CFTestataltarapaca\/","article_published_time":"2020-03-10T15:03:51+00:00","article_modified_time":"2020-03-11T13:11:09+00:00","og_image":[{"width":800,"height":533,"url":"https:\/\/www.cftestataltarapaca.cl\/inicio\/wp-content\/uploads\/2020\/03\/Bienvenida-3.jpg","type":"image\/jpeg"}],"author":"Comunicaciones","twitter_card":"summary_large_image","twitter_creator":"@CFTesTarapaca","twitter_site":"@CFTesTarapaca","twitter_misc":{"Escrito por":"Comunicaciones","Tiempo de lectura":"1 minuto"},"schema":{"@context":"https:\/\/schema.org","@graph":[{"@type":"Article","@id":"https:\/\/www.cftestataltarapaca.cl\/inicio\/2020\/03\/10\/cft-estatal-tarapaca-dio-la-bienvenida-a-estudiantes-de-primer-ano\/#article","isPartOf":{"@id":"https:\/\/www.cftestataltarapaca.cl\/inicio\/2020\/03\/10\/cft-estatal-tarapaca-dio-la-bienvenida-a-estudiantes-de-primer-ano\/"},"author":{"name":"Comunicaciones","@id":"https:\/\/www.cftestataltarapaca.cl\/inicio\/#\/schema\/person\/ad1fbfa1fa7c3d3889f4ae5401dd660e"},"headline":"CFT Estatal Tarapac\u00e1 dio la bienvenida a estudiantes de primer a\u00f1o","datePublished":"2020-03-10T15:03:51+00:00","dateModified":"2020-03-11T13:11:09+00:00","mainEntityOfPage":{"@id":"https:\/\/www.cftestataltarapaca.cl\/inicio\/2020\/03\/10\/cft-estatal-tarapaca-dio-la-bienvenida-a-estudiantes-de-primer-ano\/"},"wordCount":301,"commentCount":0,"publisher":{"@id":"https:\/\/www.cftestataltarapaca.cl\/inicio\/#organization"},"image":{"@id":"https:\/\/www.cftestataltarapaca.cl\/inicio\/2020\/03\/10\/cft-estatal-tarapaca-dio-la-bienvenida-a-estudiantes-de-primer-ano\/#primaryimage"},"thumbnailUrl":"https:\/\/www.cftestataltarapaca.cl\/inicio\/wp-content\/uploads\/2020\/03\/Bienvenida-3.jpg","keywords":["Alto Hospicio","carreras","CFT Estatal Tarapac\u00e1","educaci\u00f3n","Educaci\u00f3n Tarapaca","t\u00e9cnicos"],"articleSection":["Acad\u00e9mico","Admisi\u00f3n","Comunicados"],"inLanguage":"es","potentialAction":[{"@type":"CommentAction","name":"Comment","target":["https:\/\/www.cftestataltarapaca.cl\/inicio\/2020\/03\/10\/cft-estatal-tarapaca-dio-la-bienvenida-a-estudiantes-de-primer-ano\/#respond"]}]},{"@type":"WebPage","@id":"https:\/\/www.cftestataltarapaca.cl\/inicio\/2020\/03\/10\/cft-estatal-tarapaca-dio-la-bienvenida-a-estudiantes-de-primer-ano\/","url":"https:\/\/www.cftestataltarapaca.cl\/inicio\/2020\/03\/10\/cft-estatal-tarapaca-dio-la-bienvenida-a-estudiantes-de-primer-ano\/","name":"CFT Estatal Tarapac\u00e1 dio la bienvenida a estudiantes de primer a\u00f1o - CFT Estatal Tarapac\u00e1","isPartOf":{"@id":"https:\/\/www.cftestataltarapaca.cl\/inicio\/#website"},"primaryImageOfPage":{"@id":"https:\/\/www.cftestataltarapaca.cl\/inicio\/2020\/03\/10\/cft-estatal-tarapaca-dio-la-bienvenida-a-estudiantes-de-primer-ano\/#primaryimage"},"image":{"@id":"https:\/\/www.cftestataltarapaca.cl\/inicio\/2020\/03\/10\/cft-estatal-tarapaca-dio-la-bienvenida-a-estudiantes-de-primer-ano\/#primaryimage"},"thumbnailUrl":"https:\/\/www.cftestataltarapaca.cl\/inicio\/wp-content\/uploads\/2020\/03\/Bienvenida-3.jpg","datePublished":"2020-03-10T15:03:51+00:00","dateModified":"2020-03-11T13:11:09+00:00","breadcrumb":{"@id":"https:\/\/www.cftestataltarapaca.cl\/inicio\/2020\/03\/10\/cft-estatal-tarapaca-dio-la-bienvenida-a-estudiantes-de-primer-ano\/#breadcrumb"},"inLanguage":"es","potentialAction":[{"@type":"ReadAction","target":["https:\/\/www.cftestataltarapaca.cl\/inicio\/2020\/03\/10\/cft-estatal-tarapaca-dio-la-bienvenida-a-estudiantes-de-primer-ano\/"]}]},{"@type":"ImageObject","inLanguage":"es","@id":"https:\/\/www.cftestataltarapaca.cl\/inicio\/2020\/03\/10\/cft-estatal-tarapaca-dio-la-bienvenida-a-estudiantes-de-primer-ano\/#primaryimage","url":"https:\/\/www.cftestataltarapaca.cl\/inicio\/wp-content\/uploads\/2020\/03\/Bienvenida-3.jpg","contentUrl":"https:\/\/www.cftestataltarapaca.cl\/inicio\/wp-content\/uploads\/2020\/03\/Bienvenida-3.jpg","width":800,"height":533},{"@type":"BreadcrumbList","@id":"https:\/\/www.cftestataltarapaca.cl\/inicio\/2020\/03\/10\/cft-estatal-tarapaca-dio-la-bienvenida-a-estudiantes-de-primer-ano\/#breadcrumb","itemListElement":[{"@type":"ListItem","position":1,"name":"Portada","item":"https:\/\/www.cftestataltarapaca.cl\/inicio\/"},{"@type":"ListItem","position":2,"name":"CFT Estatal Tarapac\u00e1 dio la bienvenida a estudiantes de primer a\u00f1o"}]},{"@type":"WebSite","@id":"https:\/\/www.cftestataltarapaca.cl\/inicio\/#website","url":"https:\/\/www.cftestataltarapaca.cl\/inicio\/","name":"CFT Estatal Tarapac\u00e1","description":"Admisi\u00f3n 2025","publisher":{"@id":"https:\/\/www.cftestataltarapaca.cl\/inicio\/#organization"},"potentialAction":[{"@type":"SearchAction","target":{"@type":"EntryPoint","urlTemplate":"https:\/\/www.cftestataltarapaca.cl\/inicio\/?s={search_term_string}"},"query-input":{"@type":"PropertyValueSpecification","valueRequired":true,"valueName":"search_term_string"}}],"inLanguage":"es"},{"@type":"Organization","@id":"https:\/\/www.cftestataltarapaca.cl\/inicio\/#organization","name":"CFT Estatal Tarapac\u00e1","url":"https:\/\/www.cftestataltarapaca.cl\/inicio\/","logo":{"@type":"ImageObject","inLanguage":"es","@id":"https:\/\/www.cftestataltarapaca.cl\/inicio\/#\/schema\/logo\/image\/","url":"https:\/\/www.cftestataltarapaca.cl\/inicio\/wp-content\/uploads\/2019\/03\/logo-retina-1.png","contentUrl":"https:\/\/www.cftestataltarapaca.cl\/inicio\/wp-content\/uploads\/2019\/03\/logo-retina-1.png","width":401,"height":150,"caption":"CFT Estatal Tarapac\u00e1"},"image":{"@id":"https:\/\/www.cftestataltarapaca.cl\/inicio\/#\/schema\/logo\/image\/"},"sameAs":["https:\/\/www.facebook.com\/CFTestataltarapaca\/","https:\/\/x.com\/CFTesTarapaca","https:\/\/www.instagram.com\/CFTestataltarapaca\/"]},{"@type":"Person","@id":"https:\/\/www.cftestataltarapaca.cl\/inicio\/#\/schema\/person\/ad1fbfa1fa7c3d3889f4ae5401dd660e","name":"Comunicaciones","image":{"@type":"ImageObject","inLanguage":"es","@id":"https:\/\/secure.gravatar.com\/avatar\/ed1c2728327f20a5a62edaeb7dc181858f225b765044c5314c3d1059a1bd992f?s=96&d=mm&r=g","url":"https:\/\/secure.gravatar.com\/avatar\/ed1c2728327f20a5a62edaeb7dc181858f225b765044c5314c3d1059a1bd992f?s=96&d=mm&r=g","contentUrl":"https:\/\/secure.gravatar.com\/avatar\/ed1c2728327f20a5a62edaeb7dc181858f225b765044c5314c3d1059a1bd992f?s=96&d=mm&r=g","caption":"Comunicaciones"},"sameAs":["http:\/\/www.cftestataltarapaca.cl"],"url":"https:\/\/www.cftestataltarapaca.cl\/inicio\/author\/comunicaciones\/"}]}},"publishpress_future_action":{"enabled":false,"date":"2026-05-09 02:25:19","action":"change-status","newStatus":"draft","terms":[],"taxonomy":"category","extraData":[]},"publishpress_future_workflow_manual_trigger":{"enabledWorkflows":[]},"_links":{"self":[{"href":"https:\/\/www.cftestataltarapaca.cl\/inicio\/wp-json\/wp\/v2\/posts\/3863","targetHints":{"allow":["GET"]}}],"collection":[{"href":"https:\/\/www.cftestataltarapaca.cl\/inicio\/wp-json\/wp\/v2\/posts"}],"about":[{"href":"https:\/\/www.cftestataltarapaca.cl\/inicio\/wp-json\/wp\/v2\/types\/post"}],"author":[{"embeddable":true,"href":"https:\/\/www.cftestataltarapaca.cl\/inicio\/wp-json\/wp\/v2\/users\/2"}],"replies":[{"embeddable":true,"href":"https:\/\/www.cftestataltarapaca.cl\/inicio\/wp-json\/wp\/v2\/comments?post=3863"}],"version-history":[{"count":3,"href":"https:\/\/www.cftestataltarapaca.cl\/inicio\/wp-json\/wp\/v2\/posts\/3863\/revisions"}],"predecessor-version":[{"id":3871,"href":"https:\/\/www.cftestataltarapaca.cl\/inicio\/wp-json\/wp\/v2\/posts\/3863\/revisions\/3871"}],"wp:featuredmedia":[{"embeddable":true,"href":"https:\/\/www.cftestataltarapaca.cl\/inicio\/wp-json\/wp\/v2\/media\/3864"}],"wp:attachment":[{"href":"https:\/\/www.cftestataltarapaca.cl\/inicio\/wp-json\/wp\/v2\/media?parent=3863"}],"wp:term":[{"taxonomy":"category","embeddable":true,"href":"https:\/\/www.cftestataltarapaca.cl\/inicio\/wp-json\/wp\/v2\/categories?post=3863"},{"taxonomy":"post_tag","embeddable":true,"href":"https:\/\/www.cftestataltarapaca.cl\/inicio\/wp-json\/wp\/v2\/tags?post=3863"}],"curies":[{"name":"wp","href":"https:\/\/api.w.org\/{rel}","templated":true}]}}