{"id":3949,"date":"2020-03-19T17:39:42","date_gmt":"2020-03-19T17:39:42","guid":{"rendered":"https:\/\/www.cftestataltarapaca.cl\/inicio\/?p=3949"},"modified":"2020-03-19T17:39:42","modified_gmt":"2020-03-19T17:39:42","slug":"ministerio-de-salud-anuncia-nuevas-medidas-sanitarias","status":"publish","type":"post","link":"https:\/\/www.cftestataltarapaca.cl\/inicio\/2020\/03\/19\/ministerio-de-salud-anuncia-nuevas-medidas-sanitarias\/","title":{"rendered":"Ministerio de Salud anuncia nuevas medidas sanitarias"},"content":{"rendered":"<p dir=\"ltr\">El Ministerio de Salud inform\u00f3 que a las 21 horas de ayer, se reportan\u00a0<strong>342 casos de COVID-19\u00a0testeados como positivos, de los cuales 103 corresponden a casos nuevos.\u00a0<\/strong><\/p>\n<p>En la Regi\u00f3n Metropolitana se reportan\u00a073 casos testeados nuevos, la mayor\u00eda\u00a0vinculados al brote de un colegio de la zona oriente de la regi\u00f3n. En tanto, en la regi\u00f3n del Maule, hay tres casos nuevos;\u00a0en \u00d1uble, dos casos nuevos, todos ellos vinculados a la participaci\u00f3n de actividades deportivas en un gimnasio de la zona; en Los Lagos, ocho casos nuevos vinculados al brote de un crucero, cuyos pasajeros fueron evacuados en la madrugada del martes.<\/p>\n<p>Hasta ahora, en Chile no\u00a0hay fallecidos por el COVID-19 y el total de pacientes hospitalizados en todo el pa\u00eds (sistema p\u00fablico y privado), son 19 personas, presentando una tasa de hospitalizaci\u00f3n de 5%.<\/p>\n<h5><strong>ADUANA SANITARIA<\/strong><\/h5>\n<p>El ministro Ma\u00f1alich tambi\u00e9n inform\u00f3 que luego de la reuni\u00f3n de coordinaci\u00f3n en La Moneda y por instrucci\u00f3n del Presidente Sebasti\u00e1n Pi\u00f1era, se tomar\u00e1n las siguientes medidas:<\/p>\n<p>\u2022\u00a0\u00a0 \u00a0A partir de viernes 20,\u00a0se va a implementar una\u00a0<strong>aduana sanitaria con entrega de pasaporte sanitario en las 5 regiones del norte del pa\u00eds<\/strong>, para el acceso a\u00e9reo; y desde Coquimbo hacia el norte, para todos los veh\u00edculos que ingresen de manera terrestre. Son regiones que tienen pocos casos (7 acumulados), por lo que el objetivo es\u00a0<strong>garantizar la protecci\u00f3n para evitar que personas con la infecci\u00f3n llegue a esos lugares.<\/strong><\/p>\n<p>\u2022\u00a0 \u00a0 Tambi\u00e9n se instalar\u00e1 una\u00a0<strong>Aduana sanitaria\u00a0<\/strong>para las regiones de\u00a0<strong>Ays\u00e9n y Magallanes.<\/strong><\/p>\n<p>\u2022\u00a0\u00a0 \u00a0Se determin\u00f3 aplicar\u00a0<strong>cuarentena para la Isla de Pascua<\/strong>, donde las personas que quieran salir de la Isla podr\u00e1n hacerlo, pero no se podr\u00e1 ingresar por 14 d\u00edas y o solo podr\u00e1n hacerlo con autorizaci\u00f3n al jefe de zona.<\/p>\n<p>A lo anterior se suma la determinaci\u00f3n de mantener cerrados los centros comerciales, con excepci\u00f3n de aquellas tiendas fundamentales para el abastecimiento de las familias.<\/p>\n","protected":false},"excerpt":{"rendered":"<p>El Ministerio de Salud inform\u00f3 que a las 21 horas de ayer, se reportan\u00a0342 casos de COVID-19\u00a0testeados como positivos, de los cuales 103 corresponden a casos nuevos.\u00a0 En la Regi\u00f3n&#8230;<\/p>\n","protected":false},"author":2,"featured_media":3953,"comment_status":"open","ping_status":"open","sticky":false,"template":"","format":"standard","meta":{"_joinchat":[],"footnotes":""},"categories":[52,1],"tags":[75,86,112],"class_list":["post-3949","post","type-post","status-publish","format-standard","has-post-thumbnail","hentry","category-comunicados","category-sin-categoria","tag-alto-hospicio","tag-cft-estatal-tarapaca","tag-coronavirus"],"yoast_head":"<!-- This site is optimized with the Yoast SEO plugin v27.4 - https:\/\/yoast.com\/product\/yoast-seo-wordpress\/ -->\n<title>Ministerio de Salud anuncia nuevas medidas sanitarias - CFT Estatal Tarapac\u00e1<\/title>\n<meta name=\"robots\" content=\"index, follow, max-snippet:-1, max-image-preview:large, max-video-preview:-1\" \/>\n<link rel=\"canonical\" href=\"https:\/\/www.cftestataltarapaca.cl\/inicio\/2020\/03\/19\/ministerio-de-salud-anuncia-nuevas-medidas-sanitarias\/\" \/>\n<meta property=\"og:locale\" content=\"es_ES\" \/>\n<meta property=\"og:type\" content=\"article\" \/>\n<meta property=\"og:title\" content=\"Ministerio de Salud anuncia nuevas medidas sanitarias - CFT Estatal Tarapac\u00e1\" \/>\n<meta property=\"og:description\" content=\"El Ministerio de Salud inform\u00f3 que a las 21 horas de ayer, se reportan\u00a0342 casos de COVID-19\u00a0testeados como positivos, de los cuales 103 corresponden a casos nuevos.\u00a0 En la Regi\u00f3n...\" \/>\n<meta property=\"og:url\" content=\"https:\/\/www.cftestataltarapaca.cl\/inicio\/2020\/03\/19\/ministerio-de-salud-anuncia-nuevas-medidas-sanitarias\/\" \/>\n<meta property=\"og:site_name\" content=\"CFT Estatal Tarapac\u00e1\" \/>\n<meta property=\"article:publisher\" content=\"https:\/\/www.facebook.com\/CFTestataltarapaca\/\" \/>\n<meta property=\"article:published_time\" content=\"2020-03-19T17:39:42+00:00\" \/>\n<meta property=\"og:image\" content=\"https:\/\/www.cftestataltarapaca.cl\/inicio\/wp-content\/uploads\/2020\/03\/cierre-de-locales.png\" \/>\n\t<meta property=\"og:image:width\" content=\"680\" \/>\n\t<meta property=\"og:image:height\" content=\"378\" \/>\n\t<meta property=\"og:image:type\" content=\"image\/png\" \/>\n<meta name=\"author\" content=\"Comunicaciones\" \/>\n<meta name=\"twitter:card\" content=\"summary_large_image\" \/>\n<meta name=\"twitter:creator\" content=\"@CFTesTarapaca\" \/>\n<meta name=\"twitter:site\" content=\"@CFTesTarapaca\" \/>\n<meta name=\"twitter:label1\" content=\"Escrito por\" \/>\n\t<meta name=\"twitter:data1\" content=\"Comunicaciones\" \/>\n\t<meta name=\"twitter:label2\" content=\"Tiempo de lectura\" \/>\n\t<meta name=\"twitter:data2\" content=\"2 minutos\" \/>\n<script type=\"application\/ld+json\" class=\"yoast-schema-graph\">{\"@context\":\"https:\\\/\\\/schema.org\",\"@graph\":[{\"@type\":\"Article\",\"@id\":\"https:\\\/\\\/www.cftestataltarapaca.cl\\\/inicio\\\/2020\\\/03\\\/19\\\/ministerio-de-salud-anuncia-nuevas-medidas-sanitarias\\\/#article\",\"isPartOf\":{\"@id\":\"https:\\\/\\\/www.cftestataltarapaca.cl\\\/inicio\\\/2020\\\/03\\\/19\\\/ministerio-de-salud-anuncia-nuevas-medidas-sanitarias\\\/\"},\"author\":{\"name\":\"Comunicaciones\",\"@id\":\"https:\\\/\\\/www.cftestataltarapaca.cl\\\/inicio\\\/#\\\/schema\\\/person\\\/ad1fbfa1fa7c3d3889f4ae5401dd660e\"},\"headline\":\"Ministerio de Salud anuncia nuevas medidas sanitarias\",\"datePublished\":\"2020-03-19T17:39:42+00:00\",\"mainEntityOfPage\":{\"@id\":\"https:\\\/\\\/www.cftestataltarapaca.cl\\\/inicio\\\/2020\\\/03\\\/19\\\/ministerio-de-salud-anuncia-nuevas-medidas-sanitarias\\\/\"},\"wordCount\":344,\"commentCount\":0,\"publisher\":{\"@id\":\"https:\\\/\\\/www.cftestataltarapaca.cl\\\/inicio\\\/#organization\"},\"image\":{\"@id\":\"https:\\\/\\\/www.cftestataltarapaca.cl\\\/inicio\\\/2020\\\/03\\\/19\\\/ministerio-de-salud-anuncia-nuevas-medidas-sanitarias\\\/#primaryimage\"},\"thumbnailUrl\":\"https:\\\/\\\/www.cftestataltarapaca.cl\\\/inicio\\\/wp-content\\\/uploads\\\/2020\\\/03\\\/cierre-de-locales.png\",\"keywords\":[\"Alto Hospicio\",\"CFT Estatal Tarapac\u00e1\",\"Coronavirus\"],\"articleSection\":[\"Comunicados\"],\"inLanguage\":\"es\",\"potentialAction\":[{\"@type\":\"CommentAction\",\"name\":\"Comment\",\"target\":[\"https:\\\/\\\/www.cftestataltarapaca.cl\\\/inicio\\\/2020\\\/03\\\/19\\\/ministerio-de-salud-anuncia-nuevas-medidas-sanitarias\\\/#respond\"]}]},{\"@type\":\"WebPage\",\"@id\":\"https:\\\/\\\/www.cftestataltarapaca.cl\\\/inicio\\\/2020\\\/03\\\/19\\\/ministerio-de-salud-anuncia-nuevas-medidas-sanitarias\\\/\",\"url\":\"https:\\\/\\\/www.cftestataltarapaca.cl\\\/inicio\\\/2020\\\/03\\\/19\\\/ministerio-de-salud-anuncia-nuevas-medidas-sanitarias\\\/\",\"name\":\"Ministerio de Salud anuncia nuevas medidas sanitarias - CFT Estatal Tarapac\u00e1\",\"isPartOf\":{\"@id\":\"https:\\\/\\\/www.cftestataltarapaca.cl\\\/inicio\\\/#website\"},\"primaryImageOfPage\":{\"@id\":\"https:\\\/\\\/www.cftestataltarapaca.cl\\\/inicio\\\/2020\\\/03\\\/19\\\/ministerio-de-salud-anuncia-nuevas-medidas-sanitarias\\\/#primaryimage\"},\"image\":{\"@id\":\"https:\\\/\\\/www.cftestataltarapaca.cl\\\/inicio\\\/2020\\\/03\\\/19\\\/ministerio-de-salud-anuncia-nuevas-medidas-sanitarias\\\/#primaryimage\"},\"thumbnailUrl\":\"https:\\\/\\\/www.cftestataltarapaca.cl\\\/inicio\\\/wp-content\\\/uploads\\\/2020\\\/03\\\/cierre-de-locales.png\",\"datePublished\":\"2020-03-19T17:39:42+00:00\",\"breadcrumb\":{\"@id\":\"https:\\\/\\\/www.cftestataltarapaca.cl\\\/inicio\\\/2020\\\/03\\\/19\\\/ministerio-de-salud-anuncia-nuevas-medidas-sanitarias\\\/#breadcrumb\"},\"inLanguage\":\"es\",\"potentialAction\":[{\"@type\":\"ReadAction\",\"target\":[\"https:\\\/\\\/www.cftestataltarapaca.cl\\\/inicio\\\/2020\\\/03\\\/19\\\/ministerio-de-salud-anuncia-nuevas-medidas-sanitarias\\\/\"]}]},{\"@type\":\"ImageObject\",\"inLanguage\":\"es\",\"@id\":\"https:\\\/\\\/www.cftestataltarapaca.cl\\\/inicio\\\/2020\\\/03\\\/19\\\/ministerio-de-salud-anuncia-nuevas-medidas-sanitarias\\\/#primaryimage\",\"url\":\"https:\\\/\\\/www.cftestataltarapaca.cl\\\/inicio\\\/wp-content\\\/uploads\\\/2020\\\/03\\\/cierre-de-locales.png\",\"contentUrl\":\"https:\\\/\\\/www.cftestataltarapaca.cl\\\/inicio\\\/wp-content\\\/uploads\\\/2020\\\/03\\\/cierre-de-locales.png\",\"width\":680,\"height\":378},{\"@type\":\"BreadcrumbList\",\"@id\":\"https:\\\/\\\/www.cftestataltarapaca.cl\\\/inicio\\\/2020\\\/03\\\/19\\\/ministerio-de-salud-anuncia-nuevas-medidas-sanitarias\\\/#breadcrumb\",\"itemListElement\":[{\"@type\":\"ListItem\",\"position\":1,\"name\":\"Portada\",\"item\":\"https:\\\/\\\/www.cftestataltarapaca.cl\\\/inicio\\\/\"},{\"@type\":\"ListItem\",\"position\":2,\"name\":\"Ministerio de Salud anuncia nuevas medidas sanitarias\"}]},{\"@type\":\"WebSite\",\"@id\":\"https:\\\/\\\/www.cftestataltarapaca.cl\\\/inicio\\\/#website\",\"url\":\"https:\\\/\\\/www.cftestataltarapaca.cl\\\/inicio\\\/\",\"name\":\"CFT Estatal Tarapac\u00e1\",\"description\":\"Admisi\u00f3n 2025\",\"publisher\":{\"@id\":\"https:\\\/\\\/www.cftestataltarapaca.cl\\\/inicio\\\/#organization\"},\"potentialAction\":[{\"@type\":\"SearchAction\",\"target\":{\"@type\":\"EntryPoint\",\"urlTemplate\":\"https:\\\/\\\/www.cftestataltarapaca.cl\\\/inicio\\\/?s={search_term_string}\"},\"query-input\":{\"@type\":\"PropertyValueSpecification\",\"valueRequired\":true,\"valueName\":\"search_term_string\"}}],\"inLanguage\":\"es\"},{\"@type\":\"Organization\",\"@id\":\"https:\\\/\\\/www.cftestataltarapaca.cl\\\/inicio\\\/#organization\",\"name\":\"CFT Estatal Tarapac\u00e1\",\"url\":\"https:\\\/\\\/www.cftestataltarapaca.cl\\\/inicio\\\/\",\"logo\":{\"@type\":\"ImageObject\",\"inLanguage\":\"es\",\"@id\":\"https:\\\/\\\/www.cftestataltarapaca.cl\\\/inicio\\\/#\\\/schema\\\/logo\\\/image\\\/\",\"url\":\"https:\\\/\\\/www.cftestataltarapaca.cl\\\/inicio\\\/wp-content\\\/uploads\\\/2019\\\/03\\\/logo-retina-1.png\",\"contentUrl\":\"https:\\\/\\\/www.cftestataltarapaca.cl\\\/inicio\\\/wp-content\\\/uploads\\\/2019\\\/03\\\/logo-retina-1.png\",\"width\":401,\"height\":150,\"caption\":\"CFT Estatal Tarapac\u00e1\"},\"image\":{\"@id\":\"https:\\\/\\\/www.cftestataltarapaca.cl\\\/inicio\\\/#\\\/schema\\\/logo\\\/image\\\/\"},\"sameAs\":[\"https:\\\/\\\/www.facebook.com\\\/CFTestataltarapaca\\\/\",\"https:\\\/\\\/x.com\\\/CFTesTarapaca\",\"https:\\\/\\\/www.instagram.com\\\/CFTestataltarapaca\\\/\"]},{\"@type\":\"Person\",\"@id\":\"https:\\\/\\\/www.cftestataltarapaca.cl\\\/inicio\\\/#\\\/schema\\\/person\\\/ad1fbfa1fa7c3d3889f4ae5401dd660e\",\"name\":\"Comunicaciones\",\"image\":{\"@type\":\"ImageObject\",\"inLanguage\":\"es\",\"@id\":\"https:\\\/\\\/secure.gravatar.com\\\/avatar\\\/ed1c2728327f20a5a62edaeb7dc181858f225b765044c5314c3d1059a1bd992f?s=96&d=mm&r=g\",\"url\":\"https:\\\/\\\/secure.gravatar.com\\\/avatar\\\/ed1c2728327f20a5a62edaeb7dc181858f225b765044c5314c3d1059a1bd992f?s=96&d=mm&r=g\",\"contentUrl\":\"https:\\\/\\\/secure.gravatar.com\\\/avatar\\\/ed1c2728327f20a5a62edaeb7dc181858f225b765044c5314c3d1059a1bd992f?s=96&d=mm&r=g\",\"caption\":\"Comunicaciones\"},\"sameAs\":[\"http:\\\/\\\/www.cftestataltarapaca.cl\"],\"url\":\"https:\\\/\\\/www.cftestataltarapaca.cl\\\/inicio\\\/author\\\/comunicaciones\\\/\"}]}<\/script>\n<!-- \/ Yoast SEO plugin. -->","yoast_head_json":{"title":"Ministerio de Salud anuncia nuevas medidas sanitarias - CFT Estatal Tarapac\u00e1","robots":{"index":"index","follow":"follow","max-snippet":"max-snippet:-1","max-image-preview":"max-image-preview:large","max-video-preview":"max-video-preview:-1"},"canonical":"https:\/\/www.cftestataltarapaca.cl\/inicio\/2020\/03\/19\/ministerio-de-salud-anuncia-nuevas-medidas-sanitarias\/","og_locale":"es_ES","og_type":"article","og_title":"Ministerio de Salud anuncia nuevas medidas sanitarias - CFT Estatal Tarapac\u00e1","og_description":"El Ministerio de Salud inform\u00f3 que a las 21 horas de ayer, se reportan\u00a0342 casos de COVID-19\u00a0testeados como positivos, de los cuales 103 corresponden a casos nuevos.\u00a0 En la Regi\u00f3n...","og_url":"https:\/\/www.cftestataltarapaca.cl\/inicio\/2020\/03\/19\/ministerio-de-salud-anuncia-nuevas-medidas-sanitarias\/","og_site_name":"CFT Estatal Tarapac\u00e1","article_publisher":"https:\/\/www.facebook.com\/CFTestataltarapaca\/","article_published_time":"2020-03-19T17:39:42+00:00","og_image":[{"width":680,"height":378,"url":"https:\/\/www.cftestataltarapaca.cl\/inicio\/wp-content\/uploads\/2020\/03\/cierre-de-locales.png","type":"image\/png"}],"author":"Comunicaciones","twitter_card":"summary_large_image","twitter_creator":"@CFTesTarapaca","twitter_site":"@CFTesTarapaca","twitter_misc":{"Escrito por":"Comunicaciones","Tiempo de lectura":"2 minutos"},"schema":{"@context":"https:\/\/schema.org","@graph":[{"@type":"Article","@id":"https:\/\/www.cftestataltarapaca.cl\/inicio\/2020\/03\/19\/ministerio-de-salud-anuncia-nuevas-medidas-sanitarias\/#article","isPartOf":{"@id":"https:\/\/www.cftestataltarapaca.cl\/inicio\/2020\/03\/19\/ministerio-de-salud-anuncia-nuevas-medidas-sanitarias\/"},"author":{"name":"Comunicaciones","@id":"https:\/\/www.cftestataltarapaca.cl\/inicio\/#\/schema\/person\/ad1fbfa1fa7c3d3889f4ae5401dd660e"},"headline":"Ministerio de Salud anuncia nuevas medidas sanitarias","datePublished":"2020-03-19T17:39:42+00:00","mainEntityOfPage":{"@id":"https:\/\/www.cftestataltarapaca.cl\/inicio\/2020\/03\/19\/ministerio-de-salud-anuncia-nuevas-medidas-sanitarias\/"},"wordCount":344,"commentCount":0,"publisher":{"@id":"https:\/\/www.cftestataltarapaca.cl\/inicio\/#organization"},"image":{"@id":"https:\/\/www.cftestataltarapaca.cl\/inicio\/2020\/03\/19\/ministerio-de-salud-anuncia-nuevas-medidas-sanitarias\/#primaryimage"},"thumbnailUrl":"https:\/\/www.cftestataltarapaca.cl\/inicio\/wp-content\/uploads\/2020\/03\/cierre-de-locales.png","keywords":["Alto Hospicio","CFT Estatal Tarapac\u00e1","Coronavirus"],"articleSection":["Comunicados"],"inLanguage":"es","potentialAction":[{"@type":"CommentAction","name":"Comment","target":["https:\/\/www.cftestataltarapaca.cl\/inicio\/2020\/03\/19\/ministerio-de-salud-anuncia-nuevas-medidas-sanitarias\/#respond"]}]},{"@type":"WebPage","@id":"https:\/\/www.cftestataltarapaca.cl\/inicio\/2020\/03\/19\/ministerio-de-salud-anuncia-nuevas-medidas-sanitarias\/","url":"https:\/\/www.cftestataltarapaca.cl\/inicio\/2020\/03\/19\/ministerio-de-salud-anuncia-nuevas-medidas-sanitarias\/","name":"Ministerio de Salud anuncia nuevas medidas sanitarias - CFT Estatal Tarapac\u00e1","isPartOf":{"@id":"https:\/\/www.cftestataltarapaca.cl\/inicio\/#website"},"primaryImageOfPage":{"@id":"https:\/\/www.cftestataltarapaca.cl\/inicio\/2020\/03\/19\/ministerio-de-salud-anuncia-nuevas-medidas-sanitarias\/#primaryimage"},"image":{"@id":"https:\/\/www.cftestataltarapaca.cl\/inicio\/2020\/03\/19\/ministerio-de-salud-anuncia-nuevas-medidas-sanitarias\/#primaryimage"},"thumbnailUrl":"https:\/\/www.cftestataltarapaca.cl\/inicio\/wp-content\/uploads\/2020\/03\/cierre-de-locales.png","datePublished":"2020-03-19T17:39:42+00:00","breadcrumb":{"@id":"https:\/\/www.cftestataltarapaca.cl\/inicio\/2020\/03\/19\/ministerio-de-salud-anuncia-nuevas-medidas-sanitarias\/#breadcrumb"},"inLanguage":"es","potentialAction":[{"@type":"ReadAction","target":["https:\/\/www.cftestataltarapaca.cl\/inicio\/2020\/03\/19\/ministerio-de-salud-anuncia-nuevas-medidas-sanitarias\/"]}]},{"@type":"ImageObject","inLanguage":"es","@id":"https:\/\/www.cftestataltarapaca.cl\/inicio\/2020\/03\/19\/ministerio-de-salud-anuncia-nuevas-medidas-sanitarias\/#primaryimage","url":"https:\/\/www.cftestataltarapaca.cl\/inicio\/wp-content\/uploads\/2020\/03\/cierre-de-locales.png","contentUrl":"https:\/\/www.cftestataltarapaca.cl\/inicio\/wp-content\/uploads\/2020\/03\/cierre-de-locales.png","width":680,"height":378},{"@type":"BreadcrumbList","@id":"https:\/\/www.cftestataltarapaca.cl\/inicio\/2020\/03\/19\/ministerio-de-salud-anuncia-nuevas-medidas-sanitarias\/#breadcrumb","itemListElement":[{"@type":"ListItem","position":1,"name":"Portada","item":"https:\/\/www.cftestataltarapaca.cl\/inicio\/"},{"@type":"ListItem","position":2,"name":"Ministerio de Salud anuncia nuevas medidas sanitarias"}]},{"@type":"WebSite","@id":"https:\/\/www.cftestataltarapaca.cl\/inicio\/#website","url":"https:\/\/www.cftestataltarapaca.cl\/inicio\/","name":"CFT Estatal Tarapac\u00e1","description":"Admisi\u00f3n 2025","publisher":{"@id":"https:\/\/www.cftestataltarapaca.cl\/inicio\/#organization"},"potentialAction":[{"@type":"SearchAction","target":{"@type":"EntryPoint","urlTemplate":"https:\/\/www.cftestataltarapaca.cl\/inicio\/?s={search_term_string}"},"query-input":{"@type":"PropertyValueSpecification","valueRequired":true,"valueName":"search_term_string"}}],"inLanguage":"es"},{"@type":"Organization","@id":"https:\/\/www.cftestataltarapaca.cl\/inicio\/#organization","name":"CFT Estatal Tarapac\u00e1","url":"https:\/\/www.cftestataltarapaca.cl\/inicio\/","logo":{"@type":"ImageObject","inLanguage":"es","@id":"https:\/\/www.cftestataltarapaca.cl\/inicio\/#\/schema\/logo\/image\/","url":"https:\/\/www.cftestataltarapaca.cl\/inicio\/wp-content\/uploads\/2019\/03\/logo-retina-1.png","contentUrl":"https:\/\/www.cftestataltarapaca.cl\/inicio\/wp-content\/uploads\/2019\/03\/logo-retina-1.png","width":401,"height":150,"caption":"CFT Estatal Tarapac\u00e1"},"image":{"@id":"https:\/\/www.cftestataltarapaca.cl\/inicio\/#\/schema\/logo\/image\/"},"sameAs":["https:\/\/www.facebook.com\/CFTestataltarapaca\/","https:\/\/x.com\/CFTesTarapaca","https:\/\/www.instagram.com\/CFTestataltarapaca\/"]},{"@type":"Person","@id":"https:\/\/www.cftestataltarapaca.cl\/inicio\/#\/schema\/person\/ad1fbfa1fa7c3d3889f4ae5401dd660e","name":"Comunicaciones","image":{"@type":"ImageObject","inLanguage":"es","@id":"https:\/\/secure.gravatar.com\/avatar\/ed1c2728327f20a5a62edaeb7dc181858f225b765044c5314c3d1059a1bd992f?s=96&d=mm&r=g","url":"https:\/\/secure.gravatar.com\/avatar\/ed1c2728327f20a5a62edaeb7dc181858f225b765044c5314c3d1059a1bd992f?s=96&d=mm&r=g","contentUrl":"https:\/\/secure.gravatar.com\/avatar\/ed1c2728327f20a5a62edaeb7dc181858f225b765044c5314c3d1059a1bd992f?s=96&d=mm&r=g","caption":"Comunicaciones"},"sameAs":["http:\/\/www.cftestataltarapaca.cl"],"url":"https:\/\/www.cftestataltarapaca.cl\/inicio\/author\/comunicaciones\/"}]}},"publishpress_future_action":{"enabled":false,"date":"2026-05-09 02:30:22","action":"change-status","newStatus":"draft","terms":[],"taxonomy":"category","extraData":[]},"publishpress_future_workflow_manual_trigger":{"enabledWorkflows":[]},"_links":{"self":[{"href":"https:\/\/www.cftestataltarapaca.cl\/inicio\/wp-json\/wp\/v2\/posts\/3949","targetHints":{"allow":["GET"]}}],"collection":[{"href":"https:\/\/www.cftestataltarapaca.cl\/inicio\/wp-json\/wp\/v2\/posts"}],"about":[{"href":"https:\/\/www.cftestataltarapaca.cl\/inicio\/wp-json\/wp\/v2\/types\/post"}],"author":[{"embeddable":true,"href":"https:\/\/www.cftestataltarapaca.cl\/inicio\/wp-json\/wp\/v2\/users\/2"}],"replies":[{"embeddable":true,"href":"https:\/\/www.cftestataltarapaca.cl\/inicio\/wp-json\/wp\/v2\/comments?post=3949"}],"version-history":[{"count":2,"href":"https:\/\/www.cftestataltarapaca.cl\/inicio\/wp-json\/wp\/v2\/posts\/3949\/revisions"}],"predecessor-version":[{"id":3954,"href":"https:\/\/www.cftestataltarapaca.cl\/inicio\/wp-json\/wp\/v2\/posts\/3949\/revisions\/3954"}],"wp:featuredmedia":[{"embeddable":true,"href":"https:\/\/www.cftestataltarapaca.cl\/inicio\/wp-json\/wp\/v2\/media\/3953"}],"wp:attachment":[{"href":"https:\/\/www.cftestataltarapaca.cl\/inicio\/wp-json\/wp\/v2\/media?parent=3949"}],"wp:term":[{"taxonomy":"category","embeddable":true,"href":"https:\/\/www.cftestataltarapaca.cl\/inicio\/wp-json\/wp\/v2\/categories?post=3949"},{"taxonomy":"post_tag","embeddable":true,"href":"https:\/\/www.cftestataltarapaca.cl\/inicio\/wp-json\/wp\/v2\/tags?post=3949"}],"curies":[{"name":"wp","href":"https:\/\/api.w.org\/{rel}","templated":true}]}}