{"id":4039,"date":"2020-03-27T12:42:20","date_gmt":"2020-03-27T12:42:20","guid":{"rendered":"https:\/\/www.cftestataltarapaca.cl\/inicio\/?p=4039"},"modified":"2020-04-03T21:02:34","modified_gmt":"2020-04-03T21:02:34","slug":"mineduc-reafirma-compromiso-con-educacion-tp-y-delinea-estrategia-de-capacitacion-online-para-instituciones-de-educacion-superior","status":"publish","type":"post","link":"https:\/\/www.cftestataltarapaca.cl\/inicio\/2020\/03\/27\/mineduc-reafirma-compromiso-con-educacion-tp-y-delinea-estrategia-de-capacitacion-online-para-instituciones-de-educacion-superior\/","title":{"rendered":"Mineduc reafirma compromiso con Educaci\u00f3n TP y delinea estrategia de capacitaci\u00f3n online para instituciones de Educaci\u00f3n Superior"},"content":{"rendered":"<p style=\"text-align: justify;\">A trav\u00e9s de una videoconferencia, el subsecretario de Educaci\u00f3n Superior, Juan Eduardo Vargas, encabez\u00f3 una reuni\u00f3n de coordinaci\u00f3n con los rectores de los 10 Centros de Formaci\u00f3n T\u00e9cnica Estatales que este a\u00f1o est\u00e1n funcionando a lo largo del pa\u00eds, recibiendo a m\u00e1s de tres mil estudiantes. En la instancia, el subsecretario analiz\u00f3 con los rectores las diversas medidas del\u00a0<a href=\"https:\/\/educacionsuperior.mineduc.cl\/2020\/03\/18\/3504\/\" target=\"_blank\" rel=\"noreferrer noopener\" aria-label=\"Plan de Acci\u00f3n (abre en una nueva pesta\u00f1a)\">Plan de Acci\u00f3n\u00a0<\/a>que impulsa el Ministerio de Educaci\u00f3n en apoyo al sistema de Educaci\u00f3n Superior, y en particular a los centros de formaci\u00f3n t\u00e9cnica e institutos profesionales, para que puedan continuar los procesos formativos en medio de la emergencia por el COVID-19.<\/p>\n<p><!--more--><\/p>\n<p style=\"text-align: justify;\">\u201cEstamos convencidos de que es fundamental que el sistema en su conjunto trabaje unido para apoyarse en el marco de la emergencia y que, siguiendo todas las recomendaciones sanitarias, procuremos mantener la formaci\u00f3n de los estudiantes a trav\u00e9s de diversas modalidades de ense\u00f1anza. Para nuestro Gobierno, la formaci\u00f3n t\u00e9cnico profesional es una prioridad y por eso hemos puesto a disposici\u00f3n de las instituciones una serie de herramientas que podr\u00e1n apoyarlas en esta tarea\u201d, destac\u00f3 el subsecretario Vargas.<\/p>\n<h2><strong>Plan de Acci\u00f3n COVID-19<\/strong><\/h2>\n<p style=\"text-align: justify;\">El Plan de Acci\u00f3n para apoyar a las instituciones de Educaci\u00f3n Superior ya est\u00e1 en curso y, si bien apoyar\u00e1 a universidades, centros de formaci\u00f3n t\u00e9cnica e institutos profesionales, tiene un \u00e9nfasis en las instituciones t\u00e9cnico profesionales, porque ellas son las que m\u00e1s han requerido apoyo para fortalecer sus sistemas de educaci\u00f3n a distancia.<\/p>\n<p style=\"text-align: justify;\">En concreto, a partir de un convenio firmado entre el Mineduc y 14 casas de estudios con trayectoria y experiencia en aprendizaje online, ya se ha puesto a disposici\u00f3n de los docentes y las instituciones que lo requieran un centenar de recursos educativos, que van desde manuales, tutoriales, gu\u00edas y videos para el uso de diversas aplicaciones, hasta capacitaci\u00f3n y recomendaciones de buenas pr\u00e1cticas en el trabajo docente a distancia. Con estas herramientas -disponibles en\u00a0<a href=\"https:\/\/educacionsuperior.mineduc.cl\/\">la web\u00a0<\/a>de Educaci\u00f3n Superior, las instituciones que lo requieran podr\u00e1n acceder al material de forma completamente gratuita, con el fin de recoger los aprendizajes de otros planteles que tienen mayor experiencia en el tema.<\/p>\n<h3><strong>Plataforma Google Suite<\/strong><\/h3>\n<p style=\"text-align: justify;\">De la misma manera, luego de que Mineduc lograra un acuerdo con Google para facilitar de forma gratuita la plataforma Google Suite para la ense\u00f1anza online, ya son 10 las instituciones -entre ellas 4 CFT Estatales- que se han inscrito para activar sus cuentas e iniciar as\u00ed las clases a distancia con los estudiantes. Esta medida permitir\u00e1 beneficiar en los pr\u00f3ximos d\u00edas alrededor de 4 mil estudiantes y casi 500 acad\u00e9micos que hasta ahora no contaban con estas plataformas digitales para sus clases.<\/p>\n<h3><strong>Fondo de \u00c1reas Estrat\u00e9gicas<\/strong><\/h3>\n<p style=\"text-align: justify;\">Adicionalmente, el subsecretario inform\u00f3 a los rectores que este a\u00f1o, la Subsecretar\u00eda de Educaci\u00f3n Superior tiene en su Fondo de \u00c1reas Estrat\u00e9gicas un presupuesto de casi $10.500 millones para proyectos vinculados a la mejora de la calidad en la educaci\u00f3n, los cuales son concursables y est\u00e1n dirigidos a las universidades, institutos profesionales y centros de formaci\u00f3n t\u00e9cnica. A partir de la experiencia recogida en esta crisis, la Subsecretar\u00eda de Educaci\u00f3n Superior priorizar\u00e1 este a\u00f1o aquellos proyectos relacionados con el desarrollo de la educaci\u00f3n a distancia, de manera de que las instituciones puedan potenciar sus proyectos de formaci\u00f3n virtual.<\/p>\n<p style=\"text-align: justify;\">\u201cPara nosotros es importante y necesario mantener comunicaci\u00f3n con el Ministerio de Educaci\u00f3n de la manera m\u00e1s eficiente posible, y esta reuni\u00f3n dej\u00f3 demostrado que el uso de la tecnolog\u00eda, similar a la que hemos potenciado en nuestras aulas virtuales, es una manera eficiente de hacerlo. Logramos poner en antecedentes al Subsecretario del estado de cada una de nuestras instituciones, quienes, dentro de su autonom\u00eda, han optado por diversas plataformas de conectividad pero con un \u00fanico fin: entregar formaci\u00f3n a nuestros estudiantes\u201d, destac\u00f3 el rector del CFT de Valpara\u00edso Rodrigo Jarufe, quien preside la Red de CFT Estatales, quien adem\u00e1s valor\u00f3 que en la instancia se pudieron plantear las necesidades m\u00e1s urgentes de las instituciones en medio de la emergencia, que permitan poder continuar con el proyecto de entregar educaci\u00f3n t\u00e9cnica superior de calidad a lo largo de todo el pa\u00eds.<\/p>\n","protected":false},"excerpt":{"rendered":"<p>A trav\u00e9s de una videoconferencia, el subsecretario de Educaci\u00f3n Superior, Juan Eduardo Vargas, encabez\u00f3 una reuni\u00f3n de coordinaci\u00f3n con los rectores de los 10 Centros de Formaci\u00f3n T\u00e9cnica Estatales que&#8230;<\/p>\n","protected":false},"author":2,"featured_media":4040,"comment_status":"open","ping_status":"open","sticky":false,"template":"","format":"standard","meta":{"_joinchat":[],"footnotes":""},"categories":[49,52,118],"tags":[86,91,112,80],"class_list":["post-4039","post","type-post","status-publish","format-standard","has-post-thumbnail","hentry","category-academico","category-comunicados","category-covid-19","tag-cft-estatal-tarapaca","tag-cftech","tag-coronavirus","tag-educacion"],"yoast_head":"<!-- This site is optimized with the Yoast SEO plugin v27.4 - https:\/\/yoast.com\/product\/yoast-seo-wordpress\/ -->\n<title>Mineduc reafirma compromiso con Educaci\u00f3n TP y delinea estrategia de capacitaci\u00f3n online para instituciones de Educaci\u00f3n Superior - CFT Estatal Tarapac\u00e1<\/title>\n<meta name=\"robots\" content=\"index, follow, max-snippet:-1, max-image-preview:large, max-video-preview:-1\" \/>\n<link rel=\"canonical\" href=\"https:\/\/www.cftestataltarapaca.cl\/inicio\/2020\/03\/27\/mineduc-reafirma-compromiso-con-educacion-tp-y-delinea-estrategia-de-capacitacion-online-para-instituciones-de-educacion-superior\/\" \/>\n<meta property=\"og:locale\" content=\"es_ES\" \/>\n<meta property=\"og:type\" content=\"article\" \/>\n<meta property=\"og:title\" content=\"Mineduc reafirma compromiso con Educaci\u00f3n TP y delinea estrategia de capacitaci\u00f3n online para instituciones de Educaci\u00f3n Superior - CFT Estatal Tarapac\u00e1\" \/>\n<meta property=\"og:description\" content=\"A trav\u00e9s de una videoconferencia, el subsecretario de Educaci\u00f3n Superior, Juan Eduardo Vargas, encabez\u00f3 una reuni\u00f3n de coordinaci\u00f3n con los rectores de los 10 Centros de Formaci\u00f3n T\u00e9cnica Estatales que...\" \/>\n<meta property=\"og:url\" content=\"https:\/\/www.cftestataltarapaca.cl\/inicio\/2020\/03\/27\/mineduc-reafirma-compromiso-con-educacion-tp-y-delinea-estrategia-de-capacitacion-online-para-instituciones-de-educacion-superior\/\" \/>\n<meta property=\"og:site_name\" content=\"CFT Estatal Tarapac\u00e1\" \/>\n<meta property=\"article:publisher\" content=\"https:\/\/www.facebook.com\/CFTestataltarapaca\/\" \/>\n<meta property=\"article:published_time\" content=\"2020-03-27T12:42:20+00:00\" \/>\n<meta property=\"article:modified_time\" content=\"2020-04-03T21:02:34+00:00\" \/>\n<meta property=\"og:image\" content=\"https:\/\/www.cftestataltarapaca.cl\/inicio\/wp-content\/uploads\/2020\/03\/video-con-subse.png\" \/>\n\t<meta property=\"og:image:width\" content=\"660\" \/>\n\t<meta property=\"og:image:height\" content=\"390\" \/>\n\t<meta property=\"og:image:type\" content=\"image\/png\" \/>\n<meta name=\"author\" content=\"Comunicaciones\" \/>\n<meta name=\"twitter:card\" content=\"summary_large_image\" \/>\n<meta name=\"twitter:creator\" content=\"@CFTesTarapaca\" \/>\n<meta name=\"twitter:site\" content=\"@CFTesTarapaca\" \/>\n<meta name=\"twitter:label1\" content=\"Escrito por\" \/>\n\t<meta name=\"twitter:data1\" content=\"Comunicaciones\" \/>\n\t<meta name=\"twitter:label2\" content=\"Tiempo de lectura\" \/>\n\t<meta name=\"twitter:data2\" content=\"4 minutos\" \/>\n<script type=\"application\/ld+json\" class=\"yoast-schema-graph\">{\"@context\":\"https:\\\/\\\/schema.org\",\"@graph\":[{\"@type\":\"Article\",\"@id\":\"https:\\\/\\\/www.cftestataltarapaca.cl\\\/inicio\\\/2020\\\/03\\\/27\\\/mineduc-reafirma-compromiso-con-educacion-tp-y-delinea-estrategia-de-capacitacion-online-para-instituciones-de-educacion-superior\\\/#article\",\"isPartOf\":{\"@id\":\"https:\\\/\\\/www.cftestataltarapaca.cl\\\/inicio\\\/2020\\\/03\\\/27\\\/mineduc-reafirma-compromiso-con-educacion-tp-y-delinea-estrategia-de-capacitacion-online-para-instituciones-de-educacion-superior\\\/\"},\"author\":{\"name\":\"Comunicaciones\",\"@id\":\"https:\\\/\\\/www.cftestataltarapaca.cl\\\/inicio\\\/#\\\/schema\\\/person\\\/ad1fbfa1fa7c3d3889f4ae5401dd660e\"},\"headline\":\"Mineduc reafirma compromiso con Educaci\u00f3n TP y delinea estrategia de capacitaci\u00f3n online para instituciones de Educaci\u00f3n Superior\",\"datePublished\":\"2020-03-27T12:42:20+00:00\",\"dateModified\":\"2020-04-03T21:02:34+00:00\",\"mainEntityOfPage\":{\"@id\":\"https:\\\/\\\/www.cftestataltarapaca.cl\\\/inicio\\\/2020\\\/03\\\/27\\\/mineduc-reafirma-compromiso-con-educacion-tp-y-delinea-estrategia-de-capacitacion-online-para-instituciones-de-educacion-superior\\\/\"},\"wordCount\":756,\"commentCount\":0,\"publisher\":{\"@id\":\"https:\\\/\\\/www.cftestataltarapaca.cl\\\/inicio\\\/#organization\"},\"image\":{\"@id\":\"https:\\\/\\\/www.cftestataltarapaca.cl\\\/inicio\\\/2020\\\/03\\\/27\\\/mineduc-reafirma-compromiso-con-educacion-tp-y-delinea-estrategia-de-capacitacion-online-para-instituciones-de-educacion-superior\\\/#primaryimage\"},\"thumbnailUrl\":\"https:\\\/\\\/www.cftestataltarapaca.cl\\\/inicio\\\/wp-content\\\/uploads\\\/2020\\\/03\\\/video-con-subse.png\",\"keywords\":[\"CFT Estatal Tarapac\u00e1\",\"CFTECH\",\"Coronavirus\",\"educaci\u00f3n\"],\"articleSection\":[\"Acad\u00e9mico\",\"Comunicados\",\"Covid 19\"],\"inLanguage\":\"es\",\"potentialAction\":[{\"@type\":\"CommentAction\",\"name\":\"Comment\",\"target\":[\"https:\\\/\\\/www.cftestataltarapaca.cl\\\/inicio\\\/2020\\\/03\\\/27\\\/mineduc-reafirma-compromiso-con-educacion-tp-y-delinea-estrategia-de-capacitacion-online-para-instituciones-de-educacion-superior\\\/#respond\"]}]},{\"@type\":\"WebPage\",\"@id\":\"https:\\\/\\\/www.cftestataltarapaca.cl\\\/inicio\\\/2020\\\/03\\\/27\\\/mineduc-reafirma-compromiso-con-educacion-tp-y-delinea-estrategia-de-capacitacion-online-para-instituciones-de-educacion-superior\\\/\",\"url\":\"https:\\\/\\\/www.cftestataltarapaca.cl\\\/inicio\\\/2020\\\/03\\\/27\\\/mineduc-reafirma-compromiso-con-educacion-tp-y-delinea-estrategia-de-capacitacion-online-para-instituciones-de-educacion-superior\\\/\",\"name\":\"Mineduc reafirma compromiso con Educaci\u00f3n TP y delinea estrategia de capacitaci\u00f3n online para instituciones de Educaci\u00f3n Superior - CFT Estatal Tarapac\u00e1\",\"isPartOf\":{\"@id\":\"https:\\\/\\\/www.cftestataltarapaca.cl\\\/inicio\\\/#website\"},\"primaryImageOfPage\":{\"@id\":\"https:\\\/\\\/www.cftestataltarapaca.cl\\\/inicio\\\/2020\\\/03\\\/27\\\/mineduc-reafirma-compromiso-con-educacion-tp-y-delinea-estrategia-de-capacitacion-online-para-instituciones-de-educacion-superior\\\/#primaryimage\"},\"image\":{\"@id\":\"https:\\\/\\\/www.cftestataltarapaca.cl\\\/inicio\\\/2020\\\/03\\\/27\\\/mineduc-reafirma-compromiso-con-educacion-tp-y-delinea-estrategia-de-capacitacion-online-para-instituciones-de-educacion-superior\\\/#primaryimage\"},\"thumbnailUrl\":\"https:\\\/\\\/www.cftestataltarapaca.cl\\\/inicio\\\/wp-content\\\/uploads\\\/2020\\\/03\\\/video-con-subse.png\",\"datePublished\":\"2020-03-27T12:42:20+00:00\",\"dateModified\":\"2020-04-03T21:02:34+00:00\",\"breadcrumb\":{\"@id\":\"https:\\\/\\\/www.cftestataltarapaca.cl\\\/inicio\\\/2020\\\/03\\\/27\\\/mineduc-reafirma-compromiso-con-educacion-tp-y-delinea-estrategia-de-capacitacion-online-para-instituciones-de-educacion-superior\\\/#breadcrumb\"},\"inLanguage\":\"es\",\"potentialAction\":[{\"@type\":\"ReadAction\",\"target\":[\"https:\\\/\\\/www.cftestataltarapaca.cl\\\/inicio\\\/2020\\\/03\\\/27\\\/mineduc-reafirma-compromiso-con-educacion-tp-y-delinea-estrategia-de-capacitacion-online-para-instituciones-de-educacion-superior\\\/\"]}]},{\"@type\":\"ImageObject\",\"inLanguage\":\"es\",\"@id\":\"https:\\\/\\\/www.cftestataltarapaca.cl\\\/inicio\\\/2020\\\/03\\\/27\\\/mineduc-reafirma-compromiso-con-educacion-tp-y-delinea-estrategia-de-capacitacion-online-para-instituciones-de-educacion-superior\\\/#primaryimage\",\"url\":\"https:\\\/\\\/www.cftestataltarapaca.cl\\\/inicio\\\/wp-content\\\/uploads\\\/2020\\\/03\\\/video-con-subse.png\",\"contentUrl\":\"https:\\\/\\\/www.cftestataltarapaca.cl\\\/inicio\\\/wp-content\\\/uploads\\\/2020\\\/03\\\/video-con-subse.png\",\"width\":660,\"height\":390},{\"@type\":\"BreadcrumbList\",\"@id\":\"https:\\\/\\\/www.cftestataltarapaca.cl\\\/inicio\\\/2020\\\/03\\\/27\\\/mineduc-reafirma-compromiso-con-educacion-tp-y-delinea-estrategia-de-capacitacion-online-para-instituciones-de-educacion-superior\\\/#breadcrumb\",\"itemListElement\":[{\"@type\":\"ListItem\",\"position\":1,\"name\":\"Portada\",\"item\":\"https:\\\/\\\/www.cftestataltarapaca.cl\\\/inicio\\\/\"},{\"@type\":\"ListItem\",\"position\":2,\"name\":\"Mineduc reafirma compromiso con Educaci\u00f3n TP y delinea estrategia de capacitaci\u00f3n online para instituciones de Educaci\u00f3n Superior\"}]},{\"@type\":\"WebSite\",\"@id\":\"https:\\\/\\\/www.cftestataltarapaca.cl\\\/inicio\\\/#website\",\"url\":\"https:\\\/\\\/www.cftestataltarapaca.cl\\\/inicio\\\/\",\"name\":\"CFT Estatal Tarapac\u00e1\",\"description\":\"Admisi\u00f3n 2025\",\"publisher\":{\"@id\":\"https:\\\/\\\/www.cftestataltarapaca.cl\\\/inicio\\\/#organization\"},\"potentialAction\":[{\"@type\":\"SearchAction\",\"target\":{\"@type\":\"EntryPoint\",\"urlTemplate\":\"https:\\\/\\\/www.cftestataltarapaca.cl\\\/inicio\\\/?s={search_term_string}\"},\"query-input\":{\"@type\":\"PropertyValueSpecification\",\"valueRequired\":true,\"valueName\":\"search_term_string\"}}],\"inLanguage\":\"es\"},{\"@type\":\"Organization\",\"@id\":\"https:\\\/\\\/www.cftestataltarapaca.cl\\\/inicio\\\/#organization\",\"name\":\"CFT Estatal Tarapac\u00e1\",\"url\":\"https:\\\/\\\/www.cftestataltarapaca.cl\\\/inicio\\\/\",\"logo\":{\"@type\":\"ImageObject\",\"inLanguage\":\"es\",\"@id\":\"https:\\\/\\\/www.cftestataltarapaca.cl\\\/inicio\\\/#\\\/schema\\\/logo\\\/image\\\/\",\"url\":\"https:\\\/\\\/www.cftestataltarapaca.cl\\\/inicio\\\/wp-content\\\/uploads\\\/2019\\\/03\\\/logo-retina-1.png\",\"contentUrl\":\"https:\\\/\\\/www.cftestataltarapaca.cl\\\/inicio\\\/wp-content\\\/uploads\\\/2019\\\/03\\\/logo-retina-1.png\",\"width\":401,\"height\":150,\"caption\":\"CFT Estatal Tarapac\u00e1\"},\"image\":{\"@id\":\"https:\\\/\\\/www.cftestataltarapaca.cl\\\/inicio\\\/#\\\/schema\\\/logo\\\/image\\\/\"},\"sameAs\":[\"https:\\\/\\\/www.facebook.com\\\/CFTestataltarapaca\\\/\",\"https:\\\/\\\/x.com\\\/CFTesTarapaca\",\"https:\\\/\\\/www.instagram.com\\\/CFTestataltarapaca\\\/\"]},{\"@type\":\"Person\",\"@id\":\"https:\\\/\\\/www.cftestataltarapaca.cl\\\/inicio\\\/#\\\/schema\\\/person\\\/ad1fbfa1fa7c3d3889f4ae5401dd660e\",\"name\":\"Comunicaciones\",\"image\":{\"@type\":\"ImageObject\",\"inLanguage\":\"es\",\"@id\":\"https:\\\/\\\/secure.gravatar.com\\\/avatar\\\/ed1c2728327f20a5a62edaeb7dc181858f225b765044c5314c3d1059a1bd992f?s=96&d=mm&r=g\",\"url\":\"https:\\\/\\\/secure.gravatar.com\\\/avatar\\\/ed1c2728327f20a5a62edaeb7dc181858f225b765044c5314c3d1059a1bd992f?s=96&d=mm&r=g\",\"contentUrl\":\"https:\\\/\\\/secure.gravatar.com\\\/avatar\\\/ed1c2728327f20a5a62edaeb7dc181858f225b765044c5314c3d1059a1bd992f?s=96&d=mm&r=g\",\"caption\":\"Comunicaciones\"},\"sameAs\":[\"http:\\\/\\\/www.cftestataltarapaca.cl\"],\"url\":\"https:\\\/\\\/www.cftestataltarapaca.cl\\\/inicio\\\/author\\\/comunicaciones\\\/\"}]}<\/script>\n<!-- \/ Yoast SEO plugin. -->","yoast_head_json":{"title":"Mineduc reafirma compromiso con Educaci\u00f3n TP y delinea estrategia de capacitaci\u00f3n online para instituciones de Educaci\u00f3n Superior - CFT Estatal Tarapac\u00e1","robots":{"index":"index","follow":"follow","max-snippet":"max-snippet:-1","max-image-preview":"max-image-preview:large","max-video-preview":"max-video-preview:-1"},"canonical":"https:\/\/www.cftestataltarapaca.cl\/inicio\/2020\/03\/27\/mineduc-reafirma-compromiso-con-educacion-tp-y-delinea-estrategia-de-capacitacion-online-para-instituciones-de-educacion-superior\/","og_locale":"es_ES","og_type":"article","og_title":"Mineduc reafirma compromiso con Educaci\u00f3n TP y delinea estrategia de capacitaci\u00f3n online para instituciones de Educaci\u00f3n Superior - CFT Estatal Tarapac\u00e1","og_description":"A trav\u00e9s de una videoconferencia, el subsecretario de Educaci\u00f3n Superior, Juan Eduardo Vargas, encabez\u00f3 una reuni\u00f3n de coordinaci\u00f3n con los rectores de los 10 Centros de Formaci\u00f3n T\u00e9cnica Estatales que...","og_url":"https:\/\/www.cftestataltarapaca.cl\/inicio\/2020\/03\/27\/mineduc-reafirma-compromiso-con-educacion-tp-y-delinea-estrategia-de-capacitacion-online-para-instituciones-de-educacion-superior\/","og_site_name":"CFT Estatal Tarapac\u00e1","article_publisher":"https:\/\/www.facebook.com\/CFTestataltarapaca\/","article_published_time":"2020-03-27T12:42:20+00:00","article_modified_time":"2020-04-03T21:02:34+00:00","og_image":[{"width":660,"height":390,"url":"https:\/\/www.cftestataltarapaca.cl\/inicio\/wp-content\/uploads\/2020\/03\/video-con-subse.png","type":"image\/png"}],"author":"Comunicaciones","twitter_card":"summary_large_image","twitter_creator":"@CFTesTarapaca","twitter_site":"@CFTesTarapaca","twitter_misc":{"Escrito por":"Comunicaciones","Tiempo de lectura":"4 minutos"},"schema":{"@context":"https:\/\/schema.org","@graph":[{"@type":"Article","@id":"https:\/\/www.cftestataltarapaca.cl\/inicio\/2020\/03\/27\/mineduc-reafirma-compromiso-con-educacion-tp-y-delinea-estrategia-de-capacitacion-online-para-instituciones-de-educacion-superior\/#article","isPartOf":{"@id":"https:\/\/www.cftestataltarapaca.cl\/inicio\/2020\/03\/27\/mineduc-reafirma-compromiso-con-educacion-tp-y-delinea-estrategia-de-capacitacion-online-para-instituciones-de-educacion-superior\/"},"author":{"name":"Comunicaciones","@id":"https:\/\/www.cftestataltarapaca.cl\/inicio\/#\/schema\/person\/ad1fbfa1fa7c3d3889f4ae5401dd660e"},"headline":"Mineduc reafirma compromiso con Educaci\u00f3n TP y delinea estrategia de capacitaci\u00f3n online para instituciones de Educaci\u00f3n Superior","datePublished":"2020-03-27T12:42:20+00:00","dateModified":"2020-04-03T21:02:34+00:00","mainEntityOfPage":{"@id":"https:\/\/www.cftestataltarapaca.cl\/inicio\/2020\/03\/27\/mineduc-reafirma-compromiso-con-educacion-tp-y-delinea-estrategia-de-capacitacion-online-para-instituciones-de-educacion-superior\/"},"wordCount":756,"commentCount":0,"publisher":{"@id":"https:\/\/www.cftestataltarapaca.cl\/inicio\/#organization"},"image":{"@id":"https:\/\/www.cftestataltarapaca.cl\/inicio\/2020\/03\/27\/mineduc-reafirma-compromiso-con-educacion-tp-y-delinea-estrategia-de-capacitacion-online-para-instituciones-de-educacion-superior\/#primaryimage"},"thumbnailUrl":"https:\/\/www.cftestataltarapaca.cl\/inicio\/wp-content\/uploads\/2020\/03\/video-con-subse.png","keywords":["CFT Estatal Tarapac\u00e1","CFTECH","Coronavirus","educaci\u00f3n"],"articleSection":["Acad\u00e9mico","Comunicados","Covid 19"],"inLanguage":"es","potentialAction":[{"@type":"CommentAction","name":"Comment","target":["https:\/\/www.cftestataltarapaca.cl\/inicio\/2020\/03\/27\/mineduc-reafirma-compromiso-con-educacion-tp-y-delinea-estrategia-de-capacitacion-online-para-instituciones-de-educacion-superior\/#respond"]}]},{"@type":"WebPage","@id":"https:\/\/www.cftestataltarapaca.cl\/inicio\/2020\/03\/27\/mineduc-reafirma-compromiso-con-educacion-tp-y-delinea-estrategia-de-capacitacion-online-para-instituciones-de-educacion-superior\/","url":"https:\/\/www.cftestataltarapaca.cl\/inicio\/2020\/03\/27\/mineduc-reafirma-compromiso-con-educacion-tp-y-delinea-estrategia-de-capacitacion-online-para-instituciones-de-educacion-superior\/","name":"Mineduc reafirma compromiso con Educaci\u00f3n TP y delinea estrategia de capacitaci\u00f3n online para instituciones de Educaci\u00f3n Superior - CFT Estatal Tarapac\u00e1","isPartOf":{"@id":"https:\/\/www.cftestataltarapaca.cl\/inicio\/#website"},"primaryImageOfPage":{"@id":"https:\/\/www.cftestataltarapaca.cl\/inicio\/2020\/03\/27\/mineduc-reafirma-compromiso-con-educacion-tp-y-delinea-estrategia-de-capacitacion-online-para-instituciones-de-educacion-superior\/#primaryimage"},"image":{"@id":"https:\/\/www.cftestataltarapaca.cl\/inicio\/2020\/03\/27\/mineduc-reafirma-compromiso-con-educacion-tp-y-delinea-estrategia-de-capacitacion-online-para-instituciones-de-educacion-superior\/#primaryimage"},"thumbnailUrl":"https:\/\/www.cftestataltarapaca.cl\/inicio\/wp-content\/uploads\/2020\/03\/video-con-subse.png","datePublished":"2020-03-27T12:42:20+00:00","dateModified":"2020-04-03T21:02:34+00:00","breadcrumb":{"@id":"https:\/\/www.cftestataltarapaca.cl\/inicio\/2020\/03\/27\/mineduc-reafirma-compromiso-con-educacion-tp-y-delinea-estrategia-de-capacitacion-online-para-instituciones-de-educacion-superior\/#breadcrumb"},"inLanguage":"es","potentialAction":[{"@type":"ReadAction","target":["https:\/\/www.cftestataltarapaca.cl\/inicio\/2020\/03\/27\/mineduc-reafirma-compromiso-con-educacion-tp-y-delinea-estrategia-de-capacitacion-online-para-instituciones-de-educacion-superior\/"]}]},{"@type":"ImageObject","inLanguage":"es","@id":"https:\/\/www.cftestataltarapaca.cl\/inicio\/2020\/03\/27\/mineduc-reafirma-compromiso-con-educacion-tp-y-delinea-estrategia-de-capacitacion-online-para-instituciones-de-educacion-superior\/#primaryimage","url":"https:\/\/www.cftestataltarapaca.cl\/inicio\/wp-content\/uploads\/2020\/03\/video-con-subse.png","contentUrl":"https:\/\/www.cftestataltarapaca.cl\/inicio\/wp-content\/uploads\/2020\/03\/video-con-subse.png","width":660,"height":390},{"@type":"BreadcrumbList","@id":"https:\/\/www.cftestataltarapaca.cl\/inicio\/2020\/03\/27\/mineduc-reafirma-compromiso-con-educacion-tp-y-delinea-estrategia-de-capacitacion-online-para-instituciones-de-educacion-superior\/#breadcrumb","itemListElement":[{"@type":"ListItem","position":1,"name":"Portada","item":"https:\/\/www.cftestataltarapaca.cl\/inicio\/"},{"@type":"ListItem","position":2,"name":"Mineduc reafirma compromiso con Educaci\u00f3n TP y delinea estrategia de capacitaci\u00f3n online para instituciones de Educaci\u00f3n Superior"}]},{"@type":"WebSite","@id":"https:\/\/www.cftestataltarapaca.cl\/inicio\/#website","url":"https:\/\/www.cftestataltarapaca.cl\/inicio\/","name":"CFT Estatal Tarapac\u00e1","description":"Admisi\u00f3n 2025","publisher":{"@id":"https:\/\/www.cftestataltarapaca.cl\/inicio\/#organization"},"potentialAction":[{"@type":"SearchAction","target":{"@type":"EntryPoint","urlTemplate":"https:\/\/www.cftestataltarapaca.cl\/inicio\/?s={search_term_string}"},"query-input":{"@type":"PropertyValueSpecification","valueRequired":true,"valueName":"search_term_string"}}],"inLanguage":"es"},{"@type":"Organization","@id":"https:\/\/www.cftestataltarapaca.cl\/inicio\/#organization","name":"CFT Estatal Tarapac\u00e1","url":"https:\/\/www.cftestataltarapaca.cl\/inicio\/","logo":{"@type":"ImageObject","inLanguage":"es","@id":"https:\/\/www.cftestataltarapaca.cl\/inicio\/#\/schema\/logo\/image\/","url":"https:\/\/www.cftestataltarapaca.cl\/inicio\/wp-content\/uploads\/2019\/03\/logo-retina-1.png","contentUrl":"https:\/\/www.cftestataltarapaca.cl\/inicio\/wp-content\/uploads\/2019\/03\/logo-retina-1.png","width":401,"height":150,"caption":"CFT Estatal Tarapac\u00e1"},"image":{"@id":"https:\/\/www.cftestataltarapaca.cl\/inicio\/#\/schema\/logo\/image\/"},"sameAs":["https:\/\/www.facebook.com\/CFTestataltarapaca\/","https:\/\/x.com\/CFTesTarapaca","https:\/\/www.instagram.com\/CFTestataltarapaca\/"]},{"@type":"Person","@id":"https:\/\/www.cftestataltarapaca.cl\/inicio\/#\/schema\/person\/ad1fbfa1fa7c3d3889f4ae5401dd660e","name":"Comunicaciones","image":{"@type":"ImageObject","inLanguage":"es","@id":"https:\/\/secure.gravatar.com\/avatar\/ed1c2728327f20a5a62edaeb7dc181858f225b765044c5314c3d1059a1bd992f?s=96&d=mm&r=g","url":"https:\/\/secure.gravatar.com\/avatar\/ed1c2728327f20a5a62edaeb7dc181858f225b765044c5314c3d1059a1bd992f?s=96&d=mm&r=g","contentUrl":"https:\/\/secure.gravatar.com\/avatar\/ed1c2728327f20a5a62edaeb7dc181858f225b765044c5314c3d1059a1bd992f?s=96&d=mm&r=g","caption":"Comunicaciones"},"sameAs":["http:\/\/www.cftestataltarapaca.cl"],"url":"https:\/\/www.cftestataltarapaca.cl\/inicio\/author\/comunicaciones\/"}]}},"publishpress_future_action":{"enabled":false,"date":"2026-05-08 16:21:37","action":"change-status","newStatus":"draft","terms":[],"taxonomy":"category","extraData":[]},"publishpress_future_workflow_manual_trigger":{"enabledWorkflows":[]},"_links":{"self":[{"href":"https:\/\/www.cftestataltarapaca.cl\/inicio\/wp-json\/wp\/v2\/posts\/4039","targetHints":{"allow":["GET"]}}],"collection":[{"href":"https:\/\/www.cftestataltarapaca.cl\/inicio\/wp-json\/wp\/v2\/posts"}],"about":[{"href":"https:\/\/www.cftestataltarapaca.cl\/inicio\/wp-json\/wp\/v2\/types\/post"}],"author":[{"embeddable":true,"href":"https:\/\/www.cftestataltarapaca.cl\/inicio\/wp-json\/wp\/v2\/users\/2"}],"replies":[{"embeddable":true,"href":"https:\/\/www.cftestataltarapaca.cl\/inicio\/wp-json\/wp\/v2\/comments?post=4039"}],"version-history":[{"count":2,"href":"https:\/\/www.cftestataltarapaca.cl\/inicio\/wp-json\/wp\/v2\/posts\/4039\/revisions"}],"predecessor-version":[{"id":4159,"href":"https:\/\/www.cftestataltarapaca.cl\/inicio\/wp-json\/wp\/v2\/posts\/4039\/revisions\/4159"}],"wp:featuredmedia":[{"embeddable":true,"href":"https:\/\/www.cftestataltarapaca.cl\/inicio\/wp-json\/wp\/v2\/media\/4040"}],"wp:attachment":[{"href":"https:\/\/www.cftestataltarapaca.cl\/inicio\/wp-json\/wp\/v2\/media?parent=4039"}],"wp:term":[{"taxonomy":"category","embeddable":true,"href":"https:\/\/www.cftestataltarapaca.cl\/inicio\/wp-json\/wp\/v2\/categories?post=4039"},{"taxonomy":"post_tag","embeddable":true,"href":"https:\/\/www.cftestataltarapaca.cl\/inicio\/wp-json\/wp\/v2\/tags?post=4039"}],"curies":[{"name":"wp","href":"https:\/\/api.w.org\/{rel}","templated":true}]}}