{"id":4185,"date":"2020-04-06T20:20:21","date_gmt":"2020-04-06T20:20:21","guid":{"rendered":"https:\/\/www.cftestataltarapaca.cl\/inicio\/?p=4185"},"modified":"2020-04-06T20:20:21","modified_gmt":"2020-04-06T20:20:21","slug":"gobierno-anuncia-que-desde-el-miercoles-se-exigira-uso-de-mascarilla-en-todo-tipo-de-transporte-publico","status":"publish","type":"post","link":"https:\/\/www.cftestataltarapaca.cl\/inicio\/2020\/04\/06\/gobierno-anuncia-que-desde-el-miercoles-se-exigira-uso-de-mascarilla-en-todo-tipo-de-transporte-publico\/","title":{"rendered":"Gobierno anuncia que desde el mi\u00e9rcoles se exigir\u00e1 uso de mascarilla en todo tipo de transporte p\u00fablico"},"content":{"rendered":"<p>Desde este mi\u00e9rcoles, 8 de abril, a las 05:00 horas, ser\u00e1 obligatorio el uso de mascarillas en todo el transporte p\u00fablico o privado en todo el pa\u00eds. La informaci\u00f3n fue entregada por la subsecretaria de Salud P\u00fablica, Paula Daza, tras concluir el Comit\u00e9 de Emergencia por COVID-19.<\/p>\n<p>La autoridad anunci\u00f3 que . \u201cEstamos hablando del Metro, de los trenes, de los buses, de los transportes colectivos, del transporte privado remunerado de pasajeros, transporte a\u00e9reo y transporte mar\u00edtimo remunerado\u201d.<\/p>\n","protected":false},"excerpt":{"rendered":"<p>Desde este mi\u00e9rcoles, 8 de abril, a las 05:00 horas, ser\u00e1 obligatorio el uso de mascarillas en todo el transporte p\u00fablico o privado en todo el pa\u00eds. La informaci\u00f3n fue&#8230;<\/p>\n","protected":false},"author":2,"featured_media":4188,"comment_status":"open","ping_status":"open","sticky":false,"template":"","format":"standard","meta":{"_joinchat":[],"footnotes":""},"categories":[52,1],"tags":[75,104,112],"class_list":["post-4185","post","type-post","status-publish","format-standard","has-post-thumbnail","hentry","category-comunicados","category-sin-categoria","tag-alto-hospicio","tag-clases","tag-coronavirus"],"yoast_head":"<!-- This site is optimized with the Yoast SEO plugin v27.4 - https:\/\/yoast.com\/product\/yoast-seo-wordpress\/ -->\n<title>Gobierno anuncia que desde el mi\u00e9rcoles se exigir\u00e1 uso de mascarilla en todo tipo de transporte p\u00fablico - CFT Estatal Tarapac\u00e1<\/title>\n<meta name=\"robots\" content=\"index, follow, max-snippet:-1, max-image-preview:large, max-video-preview:-1\" \/>\n<link rel=\"canonical\" href=\"https:\/\/www.cftestataltarapaca.cl\/inicio\/2020\/04\/06\/gobierno-anuncia-que-desde-el-miercoles-se-exigira-uso-de-mascarilla-en-todo-tipo-de-transporte-publico\/\" \/>\n<meta property=\"og:locale\" content=\"es_ES\" \/>\n<meta property=\"og:type\" content=\"article\" \/>\n<meta property=\"og:title\" content=\"Gobierno anuncia que desde el mi\u00e9rcoles se exigir\u00e1 uso de mascarilla en todo tipo de transporte p\u00fablico - CFT Estatal Tarapac\u00e1\" \/>\n<meta property=\"og:description\" content=\"Desde este mi\u00e9rcoles, 8 de abril, a las 05:00 horas, ser\u00e1 obligatorio el uso de mascarillas en todo el transporte p\u00fablico o privado en todo el pa\u00eds. La informaci\u00f3n fue...\" \/>\n<meta property=\"og:url\" content=\"https:\/\/www.cftestataltarapaca.cl\/inicio\/2020\/04\/06\/gobierno-anuncia-que-desde-el-miercoles-se-exigira-uso-de-mascarilla-en-todo-tipo-de-transporte-publico\/\" \/>\n<meta property=\"og:site_name\" content=\"CFT Estatal Tarapac\u00e1\" \/>\n<meta property=\"article:publisher\" content=\"https:\/\/www.facebook.com\/CFTestataltarapaca\/\" \/>\n<meta property=\"article:published_time\" content=\"2020-04-06T20:20:21+00:00\" \/>\n<meta property=\"og:image\" content=\"https:\/\/www.cftestataltarapaca.cl\/inicio\/wp-content\/uploads\/2020\/04\/mascarilla-obligatoria.jpg\" \/>\n\t<meta property=\"og:image:width\" content=\"1080\" \/>\n\t<meta property=\"og:image:height\" content=\"600\" \/>\n\t<meta property=\"og:image:type\" content=\"image\/jpeg\" \/>\n<meta name=\"author\" content=\"Comunicaciones\" \/>\n<meta name=\"twitter:card\" content=\"summary_large_image\" \/>\n<meta name=\"twitter:creator\" content=\"@CFTesTarapaca\" \/>\n<meta name=\"twitter:site\" content=\"@CFTesTarapaca\" \/>\n<meta name=\"twitter:label1\" content=\"Escrito por\" \/>\n\t<meta name=\"twitter:data1\" content=\"Comunicaciones\" \/>\n<script type=\"application\/ld+json\" class=\"yoast-schema-graph\">{\"@context\":\"https:\\\/\\\/schema.org\",\"@graph\":[{\"@type\":\"Article\",\"@id\":\"https:\\\/\\\/www.cftestataltarapaca.cl\\\/inicio\\\/2020\\\/04\\\/06\\\/gobierno-anuncia-que-desde-el-miercoles-se-exigira-uso-de-mascarilla-en-todo-tipo-de-transporte-publico\\\/#article\",\"isPartOf\":{\"@id\":\"https:\\\/\\\/www.cftestataltarapaca.cl\\\/inicio\\\/2020\\\/04\\\/06\\\/gobierno-anuncia-que-desde-el-miercoles-se-exigira-uso-de-mascarilla-en-todo-tipo-de-transporte-publico\\\/\"},\"author\":{\"name\":\"Comunicaciones\",\"@id\":\"https:\\\/\\\/www.cftestataltarapaca.cl\\\/inicio\\\/#\\\/schema\\\/person\\\/ad1fbfa1fa7c3d3889f4ae5401dd660e\"},\"headline\":\"Gobierno anuncia que desde el mi\u00e9rcoles se exigir\u00e1 uso de mascarilla en todo tipo de transporte p\u00fablico\",\"datePublished\":\"2020-04-06T20:20:21+00:00\",\"mainEntityOfPage\":{\"@id\":\"https:\\\/\\\/www.cftestataltarapaca.cl\\\/inicio\\\/2020\\\/04\\\/06\\\/gobierno-anuncia-que-desde-el-miercoles-se-exigira-uso-de-mascarilla-en-todo-tipo-de-transporte-publico\\\/\"},\"wordCount\":101,\"commentCount\":0,\"publisher\":{\"@id\":\"https:\\\/\\\/www.cftestataltarapaca.cl\\\/inicio\\\/#organization\"},\"image\":{\"@id\":\"https:\\\/\\\/www.cftestataltarapaca.cl\\\/inicio\\\/2020\\\/04\\\/06\\\/gobierno-anuncia-que-desde-el-miercoles-se-exigira-uso-de-mascarilla-en-todo-tipo-de-transporte-publico\\\/#primaryimage\"},\"thumbnailUrl\":\"https:\\\/\\\/www.cftestataltarapaca.cl\\\/inicio\\\/wp-content\\\/uploads\\\/2020\\\/04\\\/mascarilla-obligatoria.jpg\",\"keywords\":[\"Alto Hospicio\",\"Clases\",\"Coronavirus\"],\"articleSection\":[\"Comunicados\"],\"inLanguage\":\"es\",\"potentialAction\":[{\"@type\":\"CommentAction\",\"name\":\"Comment\",\"target\":[\"https:\\\/\\\/www.cftestataltarapaca.cl\\\/inicio\\\/2020\\\/04\\\/06\\\/gobierno-anuncia-que-desde-el-miercoles-se-exigira-uso-de-mascarilla-en-todo-tipo-de-transporte-publico\\\/#respond\"]}]},{\"@type\":\"WebPage\",\"@id\":\"https:\\\/\\\/www.cftestataltarapaca.cl\\\/inicio\\\/2020\\\/04\\\/06\\\/gobierno-anuncia-que-desde-el-miercoles-se-exigira-uso-de-mascarilla-en-todo-tipo-de-transporte-publico\\\/\",\"url\":\"https:\\\/\\\/www.cftestataltarapaca.cl\\\/inicio\\\/2020\\\/04\\\/06\\\/gobierno-anuncia-que-desde-el-miercoles-se-exigira-uso-de-mascarilla-en-todo-tipo-de-transporte-publico\\\/\",\"name\":\"Gobierno anuncia que desde el mi\u00e9rcoles se exigir\u00e1 uso de mascarilla en todo tipo de transporte p\u00fablico - CFT Estatal Tarapac\u00e1\",\"isPartOf\":{\"@id\":\"https:\\\/\\\/www.cftestataltarapaca.cl\\\/inicio\\\/#website\"},\"primaryImageOfPage\":{\"@id\":\"https:\\\/\\\/www.cftestataltarapaca.cl\\\/inicio\\\/2020\\\/04\\\/06\\\/gobierno-anuncia-que-desde-el-miercoles-se-exigira-uso-de-mascarilla-en-todo-tipo-de-transporte-publico\\\/#primaryimage\"},\"image\":{\"@id\":\"https:\\\/\\\/www.cftestataltarapaca.cl\\\/inicio\\\/2020\\\/04\\\/06\\\/gobierno-anuncia-que-desde-el-miercoles-se-exigira-uso-de-mascarilla-en-todo-tipo-de-transporte-publico\\\/#primaryimage\"},\"thumbnailUrl\":\"https:\\\/\\\/www.cftestataltarapaca.cl\\\/inicio\\\/wp-content\\\/uploads\\\/2020\\\/04\\\/mascarilla-obligatoria.jpg\",\"datePublished\":\"2020-04-06T20:20:21+00:00\",\"breadcrumb\":{\"@id\":\"https:\\\/\\\/www.cftestataltarapaca.cl\\\/inicio\\\/2020\\\/04\\\/06\\\/gobierno-anuncia-que-desde-el-miercoles-se-exigira-uso-de-mascarilla-en-todo-tipo-de-transporte-publico\\\/#breadcrumb\"},\"inLanguage\":\"es\",\"potentialAction\":[{\"@type\":\"ReadAction\",\"target\":[\"https:\\\/\\\/www.cftestataltarapaca.cl\\\/inicio\\\/2020\\\/04\\\/06\\\/gobierno-anuncia-que-desde-el-miercoles-se-exigira-uso-de-mascarilla-en-todo-tipo-de-transporte-publico\\\/\"]}]},{\"@type\":\"ImageObject\",\"inLanguage\":\"es\",\"@id\":\"https:\\\/\\\/www.cftestataltarapaca.cl\\\/inicio\\\/2020\\\/04\\\/06\\\/gobierno-anuncia-que-desde-el-miercoles-se-exigira-uso-de-mascarilla-en-todo-tipo-de-transporte-publico\\\/#primaryimage\",\"url\":\"https:\\\/\\\/www.cftestataltarapaca.cl\\\/inicio\\\/wp-content\\\/uploads\\\/2020\\\/04\\\/mascarilla-obligatoria.jpg\",\"contentUrl\":\"https:\\\/\\\/www.cftestataltarapaca.cl\\\/inicio\\\/wp-content\\\/uploads\\\/2020\\\/04\\\/mascarilla-obligatoria.jpg\",\"width\":1080,\"height\":600},{\"@type\":\"BreadcrumbList\",\"@id\":\"https:\\\/\\\/www.cftestataltarapaca.cl\\\/inicio\\\/2020\\\/04\\\/06\\\/gobierno-anuncia-que-desde-el-miercoles-se-exigira-uso-de-mascarilla-en-todo-tipo-de-transporte-publico\\\/#breadcrumb\",\"itemListElement\":[{\"@type\":\"ListItem\",\"position\":1,\"name\":\"Portada\",\"item\":\"https:\\\/\\\/www.cftestataltarapaca.cl\\\/inicio\\\/\"},{\"@type\":\"ListItem\",\"position\":2,\"name\":\"Gobierno anuncia que desde el mi\u00e9rcoles se exigir\u00e1 uso de mascarilla en todo tipo de transporte p\u00fablico\"}]},{\"@type\":\"WebSite\",\"@id\":\"https:\\\/\\\/www.cftestataltarapaca.cl\\\/inicio\\\/#website\",\"url\":\"https:\\\/\\\/www.cftestataltarapaca.cl\\\/inicio\\\/\",\"name\":\"CFT Estatal Tarapac\u00e1\",\"description\":\"Admisi\u00f3n 2025\",\"publisher\":{\"@id\":\"https:\\\/\\\/www.cftestataltarapaca.cl\\\/inicio\\\/#organization\"},\"potentialAction\":[{\"@type\":\"SearchAction\",\"target\":{\"@type\":\"EntryPoint\",\"urlTemplate\":\"https:\\\/\\\/www.cftestataltarapaca.cl\\\/inicio\\\/?s={search_term_string}\"},\"query-input\":{\"@type\":\"PropertyValueSpecification\",\"valueRequired\":true,\"valueName\":\"search_term_string\"}}],\"inLanguage\":\"es\"},{\"@type\":\"Organization\",\"@id\":\"https:\\\/\\\/www.cftestataltarapaca.cl\\\/inicio\\\/#organization\",\"name\":\"CFT Estatal Tarapac\u00e1\",\"url\":\"https:\\\/\\\/www.cftestataltarapaca.cl\\\/inicio\\\/\",\"logo\":{\"@type\":\"ImageObject\",\"inLanguage\":\"es\",\"@id\":\"https:\\\/\\\/www.cftestataltarapaca.cl\\\/inicio\\\/#\\\/schema\\\/logo\\\/image\\\/\",\"url\":\"https:\\\/\\\/www.cftestataltarapaca.cl\\\/inicio\\\/wp-content\\\/uploads\\\/2019\\\/03\\\/logo-retina-1.png\",\"contentUrl\":\"https:\\\/\\\/www.cftestataltarapaca.cl\\\/inicio\\\/wp-content\\\/uploads\\\/2019\\\/03\\\/logo-retina-1.png\",\"width\":401,\"height\":150,\"caption\":\"CFT Estatal Tarapac\u00e1\"},\"image\":{\"@id\":\"https:\\\/\\\/www.cftestataltarapaca.cl\\\/inicio\\\/#\\\/schema\\\/logo\\\/image\\\/\"},\"sameAs\":[\"https:\\\/\\\/www.facebook.com\\\/CFTestataltarapaca\\\/\",\"https:\\\/\\\/x.com\\\/CFTesTarapaca\",\"https:\\\/\\\/www.instagram.com\\\/CFTestataltarapaca\\\/\"]},{\"@type\":\"Person\",\"@id\":\"https:\\\/\\\/www.cftestataltarapaca.cl\\\/inicio\\\/#\\\/schema\\\/person\\\/ad1fbfa1fa7c3d3889f4ae5401dd660e\",\"name\":\"Comunicaciones\",\"image\":{\"@type\":\"ImageObject\",\"inLanguage\":\"es\",\"@id\":\"https:\\\/\\\/secure.gravatar.com\\\/avatar\\\/ed1c2728327f20a5a62edaeb7dc181858f225b765044c5314c3d1059a1bd992f?s=96&d=mm&r=g\",\"url\":\"https:\\\/\\\/secure.gravatar.com\\\/avatar\\\/ed1c2728327f20a5a62edaeb7dc181858f225b765044c5314c3d1059a1bd992f?s=96&d=mm&r=g\",\"contentUrl\":\"https:\\\/\\\/secure.gravatar.com\\\/avatar\\\/ed1c2728327f20a5a62edaeb7dc181858f225b765044c5314c3d1059a1bd992f?s=96&d=mm&r=g\",\"caption\":\"Comunicaciones\"},\"sameAs\":[\"http:\\\/\\\/www.cftestataltarapaca.cl\"],\"url\":\"https:\\\/\\\/www.cftestataltarapaca.cl\\\/inicio\\\/author\\\/comunicaciones\\\/\"}]}<\/script>\n<!-- \/ Yoast SEO plugin. -->","yoast_head_json":{"title":"Gobierno anuncia que desde el mi\u00e9rcoles se exigir\u00e1 uso de mascarilla en todo tipo de transporte p\u00fablico - CFT Estatal Tarapac\u00e1","robots":{"index":"index","follow":"follow","max-snippet":"max-snippet:-1","max-image-preview":"max-image-preview:large","max-video-preview":"max-video-preview:-1"},"canonical":"https:\/\/www.cftestataltarapaca.cl\/inicio\/2020\/04\/06\/gobierno-anuncia-que-desde-el-miercoles-se-exigira-uso-de-mascarilla-en-todo-tipo-de-transporte-publico\/","og_locale":"es_ES","og_type":"article","og_title":"Gobierno anuncia que desde el mi\u00e9rcoles se exigir\u00e1 uso de mascarilla en todo tipo de transporte p\u00fablico - CFT Estatal Tarapac\u00e1","og_description":"Desde este mi\u00e9rcoles, 8 de abril, a las 05:00 horas, ser\u00e1 obligatorio el uso de mascarillas en todo el transporte p\u00fablico o privado en todo el pa\u00eds. La informaci\u00f3n fue...","og_url":"https:\/\/www.cftestataltarapaca.cl\/inicio\/2020\/04\/06\/gobierno-anuncia-que-desde-el-miercoles-se-exigira-uso-de-mascarilla-en-todo-tipo-de-transporte-publico\/","og_site_name":"CFT Estatal Tarapac\u00e1","article_publisher":"https:\/\/www.facebook.com\/CFTestataltarapaca\/","article_published_time":"2020-04-06T20:20:21+00:00","og_image":[{"width":1080,"height":600,"url":"https:\/\/www.cftestataltarapaca.cl\/inicio\/wp-content\/uploads\/2020\/04\/mascarilla-obligatoria.jpg","type":"image\/jpeg"}],"author":"Comunicaciones","twitter_card":"summary_large_image","twitter_creator":"@CFTesTarapaca","twitter_site":"@CFTesTarapaca","twitter_misc":{"Escrito por":"Comunicaciones"},"schema":{"@context":"https:\/\/schema.org","@graph":[{"@type":"Article","@id":"https:\/\/www.cftestataltarapaca.cl\/inicio\/2020\/04\/06\/gobierno-anuncia-que-desde-el-miercoles-se-exigira-uso-de-mascarilla-en-todo-tipo-de-transporte-publico\/#article","isPartOf":{"@id":"https:\/\/www.cftestataltarapaca.cl\/inicio\/2020\/04\/06\/gobierno-anuncia-que-desde-el-miercoles-se-exigira-uso-de-mascarilla-en-todo-tipo-de-transporte-publico\/"},"author":{"name":"Comunicaciones","@id":"https:\/\/www.cftestataltarapaca.cl\/inicio\/#\/schema\/person\/ad1fbfa1fa7c3d3889f4ae5401dd660e"},"headline":"Gobierno anuncia que desde el mi\u00e9rcoles se exigir\u00e1 uso de mascarilla en todo tipo de transporte p\u00fablico","datePublished":"2020-04-06T20:20:21+00:00","mainEntityOfPage":{"@id":"https:\/\/www.cftestataltarapaca.cl\/inicio\/2020\/04\/06\/gobierno-anuncia-que-desde-el-miercoles-se-exigira-uso-de-mascarilla-en-todo-tipo-de-transporte-publico\/"},"wordCount":101,"commentCount":0,"publisher":{"@id":"https:\/\/www.cftestataltarapaca.cl\/inicio\/#organization"},"image":{"@id":"https:\/\/www.cftestataltarapaca.cl\/inicio\/2020\/04\/06\/gobierno-anuncia-que-desde-el-miercoles-se-exigira-uso-de-mascarilla-en-todo-tipo-de-transporte-publico\/#primaryimage"},"thumbnailUrl":"https:\/\/www.cftestataltarapaca.cl\/inicio\/wp-content\/uploads\/2020\/04\/mascarilla-obligatoria.jpg","keywords":["Alto Hospicio","Clases","Coronavirus"],"articleSection":["Comunicados"],"inLanguage":"es","potentialAction":[{"@type":"CommentAction","name":"Comment","target":["https:\/\/www.cftestataltarapaca.cl\/inicio\/2020\/04\/06\/gobierno-anuncia-que-desde-el-miercoles-se-exigira-uso-de-mascarilla-en-todo-tipo-de-transporte-publico\/#respond"]}]},{"@type":"WebPage","@id":"https:\/\/www.cftestataltarapaca.cl\/inicio\/2020\/04\/06\/gobierno-anuncia-que-desde-el-miercoles-se-exigira-uso-de-mascarilla-en-todo-tipo-de-transporte-publico\/","url":"https:\/\/www.cftestataltarapaca.cl\/inicio\/2020\/04\/06\/gobierno-anuncia-que-desde-el-miercoles-se-exigira-uso-de-mascarilla-en-todo-tipo-de-transporte-publico\/","name":"Gobierno anuncia que desde el mi\u00e9rcoles se exigir\u00e1 uso de mascarilla en todo tipo de transporte p\u00fablico - CFT Estatal Tarapac\u00e1","isPartOf":{"@id":"https:\/\/www.cftestataltarapaca.cl\/inicio\/#website"},"primaryImageOfPage":{"@id":"https:\/\/www.cftestataltarapaca.cl\/inicio\/2020\/04\/06\/gobierno-anuncia-que-desde-el-miercoles-se-exigira-uso-de-mascarilla-en-todo-tipo-de-transporte-publico\/#primaryimage"},"image":{"@id":"https:\/\/www.cftestataltarapaca.cl\/inicio\/2020\/04\/06\/gobierno-anuncia-que-desde-el-miercoles-se-exigira-uso-de-mascarilla-en-todo-tipo-de-transporte-publico\/#primaryimage"},"thumbnailUrl":"https:\/\/www.cftestataltarapaca.cl\/inicio\/wp-content\/uploads\/2020\/04\/mascarilla-obligatoria.jpg","datePublished":"2020-04-06T20:20:21+00:00","breadcrumb":{"@id":"https:\/\/www.cftestataltarapaca.cl\/inicio\/2020\/04\/06\/gobierno-anuncia-que-desde-el-miercoles-se-exigira-uso-de-mascarilla-en-todo-tipo-de-transporte-publico\/#breadcrumb"},"inLanguage":"es","potentialAction":[{"@type":"ReadAction","target":["https:\/\/www.cftestataltarapaca.cl\/inicio\/2020\/04\/06\/gobierno-anuncia-que-desde-el-miercoles-se-exigira-uso-de-mascarilla-en-todo-tipo-de-transporte-publico\/"]}]},{"@type":"ImageObject","inLanguage":"es","@id":"https:\/\/www.cftestataltarapaca.cl\/inicio\/2020\/04\/06\/gobierno-anuncia-que-desde-el-miercoles-se-exigira-uso-de-mascarilla-en-todo-tipo-de-transporte-publico\/#primaryimage","url":"https:\/\/www.cftestataltarapaca.cl\/inicio\/wp-content\/uploads\/2020\/04\/mascarilla-obligatoria.jpg","contentUrl":"https:\/\/www.cftestataltarapaca.cl\/inicio\/wp-content\/uploads\/2020\/04\/mascarilla-obligatoria.jpg","width":1080,"height":600},{"@type":"BreadcrumbList","@id":"https:\/\/www.cftestataltarapaca.cl\/inicio\/2020\/04\/06\/gobierno-anuncia-que-desde-el-miercoles-se-exigira-uso-de-mascarilla-en-todo-tipo-de-transporte-publico\/#breadcrumb","itemListElement":[{"@type":"ListItem","position":1,"name":"Portada","item":"https:\/\/www.cftestataltarapaca.cl\/inicio\/"},{"@type":"ListItem","position":2,"name":"Gobierno anuncia que desde el mi\u00e9rcoles se exigir\u00e1 uso de mascarilla en todo tipo de transporte p\u00fablico"}]},{"@type":"WebSite","@id":"https:\/\/www.cftestataltarapaca.cl\/inicio\/#website","url":"https:\/\/www.cftestataltarapaca.cl\/inicio\/","name":"CFT Estatal Tarapac\u00e1","description":"Admisi\u00f3n 2025","publisher":{"@id":"https:\/\/www.cftestataltarapaca.cl\/inicio\/#organization"},"potentialAction":[{"@type":"SearchAction","target":{"@type":"EntryPoint","urlTemplate":"https:\/\/www.cftestataltarapaca.cl\/inicio\/?s={search_term_string}"},"query-input":{"@type":"PropertyValueSpecification","valueRequired":true,"valueName":"search_term_string"}}],"inLanguage":"es"},{"@type":"Organization","@id":"https:\/\/www.cftestataltarapaca.cl\/inicio\/#organization","name":"CFT Estatal Tarapac\u00e1","url":"https:\/\/www.cftestataltarapaca.cl\/inicio\/","logo":{"@type":"ImageObject","inLanguage":"es","@id":"https:\/\/www.cftestataltarapaca.cl\/inicio\/#\/schema\/logo\/image\/","url":"https:\/\/www.cftestataltarapaca.cl\/inicio\/wp-content\/uploads\/2019\/03\/logo-retina-1.png","contentUrl":"https:\/\/www.cftestataltarapaca.cl\/inicio\/wp-content\/uploads\/2019\/03\/logo-retina-1.png","width":401,"height":150,"caption":"CFT Estatal Tarapac\u00e1"},"image":{"@id":"https:\/\/www.cftestataltarapaca.cl\/inicio\/#\/schema\/logo\/image\/"},"sameAs":["https:\/\/www.facebook.com\/CFTestataltarapaca\/","https:\/\/x.com\/CFTesTarapaca","https:\/\/www.instagram.com\/CFTestataltarapaca\/"]},{"@type":"Person","@id":"https:\/\/www.cftestataltarapaca.cl\/inicio\/#\/schema\/person\/ad1fbfa1fa7c3d3889f4ae5401dd660e","name":"Comunicaciones","image":{"@type":"ImageObject","inLanguage":"es","@id":"https:\/\/secure.gravatar.com\/avatar\/ed1c2728327f20a5a62edaeb7dc181858f225b765044c5314c3d1059a1bd992f?s=96&d=mm&r=g","url":"https:\/\/secure.gravatar.com\/avatar\/ed1c2728327f20a5a62edaeb7dc181858f225b765044c5314c3d1059a1bd992f?s=96&d=mm&r=g","contentUrl":"https:\/\/secure.gravatar.com\/avatar\/ed1c2728327f20a5a62edaeb7dc181858f225b765044c5314c3d1059a1bd992f?s=96&d=mm&r=g","caption":"Comunicaciones"},"sameAs":["http:\/\/www.cftestataltarapaca.cl"],"url":"https:\/\/www.cftestataltarapaca.cl\/inicio\/author\/comunicaciones\/"}]}},"publishpress_future_action":{"enabled":false,"date":"2026-05-09 01:42:06","action":"change-status","newStatus":"draft","terms":[],"taxonomy":"category","extraData":[]},"publishpress_future_workflow_manual_trigger":{"enabledWorkflows":[]},"_links":{"self":[{"href":"https:\/\/www.cftestataltarapaca.cl\/inicio\/wp-json\/wp\/v2\/posts\/4185","targetHints":{"allow":["GET"]}}],"collection":[{"href":"https:\/\/www.cftestataltarapaca.cl\/inicio\/wp-json\/wp\/v2\/posts"}],"about":[{"href":"https:\/\/www.cftestataltarapaca.cl\/inicio\/wp-json\/wp\/v2\/types\/post"}],"author":[{"embeddable":true,"href":"https:\/\/www.cftestataltarapaca.cl\/inicio\/wp-json\/wp\/v2\/users\/2"}],"replies":[{"embeddable":true,"href":"https:\/\/www.cftestataltarapaca.cl\/inicio\/wp-json\/wp\/v2\/comments?post=4185"}],"version-history":[{"count":2,"href":"https:\/\/www.cftestataltarapaca.cl\/inicio\/wp-json\/wp\/v2\/posts\/4185\/revisions"}],"predecessor-version":[{"id":4190,"href":"https:\/\/www.cftestataltarapaca.cl\/inicio\/wp-json\/wp\/v2\/posts\/4185\/revisions\/4190"}],"wp:featuredmedia":[{"embeddable":true,"href":"https:\/\/www.cftestataltarapaca.cl\/inicio\/wp-json\/wp\/v2\/media\/4188"}],"wp:attachment":[{"href":"https:\/\/www.cftestataltarapaca.cl\/inicio\/wp-json\/wp\/v2\/media?parent=4185"}],"wp:term":[{"taxonomy":"category","embeddable":true,"href":"https:\/\/www.cftestataltarapaca.cl\/inicio\/wp-json\/wp\/v2\/categories?post=4185"},{"taxonomy":"post_tag","embeddable":true,"href":"https:\/\/www.cftestataltarapaca.cl\/inicio\/wp-json\/wp\/v2\/tags?post=4185"}],"curies":[{"name":"wp","href":"https:\/\/api.w.org\/{rel}","templated":true}]}}