{"id":4204,"date":"2020-04-07T14:06:41","date_gmt":"2020-04-07T14:06:41","guid":{"rendered":"https:\/\/www.cftestataltarapaca.cl\/inicio\/?p=4204"},"modified":"2020-04-07T15:45:32","modified_gmt":"2020-04-07T15:45:32","slug":"comunicacion-directa-y-oportuna","status":"publish","type":"post","link":"https:\/\/www.cftestataltarapaca.cl\/inicio\/2020\/04\/07\/comunicacion-directa-y-oportuna\/","title":{"rendered":"Comunicaci\u00f3n directa y oportuna"},"content":{"rendered":"<p style=\"text-align: justify\">Debido a la pandemia que afecta al mundo y al pa\u00eds, y a que la mejor manera de protegerse y de disminuir el contagio es manteniendo una distancia social y en lo posible quedarse en casa, el Centro de Formaci\u00f3n T\u00e9cnica Estatal de Tarapac\u00e1, para resguardar la salud de la comunidad educativa, habilit\u00f3 en el sitio web de la instituci\u00f3n una plataforma online que permite mantener en contacto permanente a estudiantes y acad\u00e9micos.<\/p>\n<p style=\"text-align: justify\">Y es que el objetivo de la instituci\u00f3n no solo es entregar los conocimientos importantes de cada carrera, a fin que se logren los objetivos de aprendizajes esperados en cada asignatura, sino principalmente acompa\u00f1ar a cada estudiante en su proceso, acci\u00f3n que pasa desde responder las inquietudes acad\u00e9micas propias de sus carreras como adem\u00e1s las opiniones, propuestas y reconocimientos.<\/p>\n<p style=\"text-align: justify\">Con ese objetivo es que se habilit\u00f3 en la p\u00e1gina web www.cftestataltarapaca.cl\u00a0 en la secci\u00f3n de estudiantes, el link de Buz\u00f3n de Sugerencias, en el cual cada estudiante podr\u00e1 plantear o realizar sus Sugerencias, Reclamos y Felicitaciones agregar\u00eda. El plazo de respuesta a sus consultas ser\u00e1 m\u00e1ximo de 3 d\u00edas h\u00e1biles.<\/p>\n<p>Se les invita a usar la plataforma, la que permite fortalecer los lazos entre todos quienes formamos parte de esta instituci\u00f3n. <a href=\"https:\/\/www.cftestataltarapaca.cl\/inicio\/buzon\/\">https:\/\/www.cftestataltarapaca.cl\/inicio\/buzon\/<\/a><\/p>\n<p>Les recordamos que para cada estudiante est\u00e1n disponibles:<\/p>\n<ol>\n<li>Aula virtual : Permite desarrollar clases on line, a fin que se logren los objetivos de aprendizajes esperados en cada asignatura en cada carrera. <a href=\"https:\/\/www.cftestataltarapaca.cl\/inicio\/aulavirtual\/\">https:\/\/www.cftestataltarapaca.cl\/inicio\/aulavirtual\/<\/a><\/li>\n<li>Solicitudes acad\u00e9micas via web: Todas las solicitudes al \u00e1rea Acad\u00e9mica, como cambio de Carrera, Convalidaci\u00f3n de Ramos etc pueden ser realizadas v\u00eda web. <a href=\"https:\/\/www.cftestataltarapaca.cl\/inicio\/solicitudes\/\">https:\/\/www.cftestataltarapaca.cl\/inicio\/solicitudes\/<\/a><\/li>\n<li>Buz\u00f3n de Sugerencias, para recepcionar los temas que son de su inter\u00e9s. <a href=\"https:\/\/www.cftestataltarapaca.cl\/inicio\/buzon\/\">https:\/\/www.cftestataltarapaca.cl\/inicio\/buzon\/<\/a><\/li>\n<\/ol>\n","protected":false},"excerpt":{"rendered":"<p>Debido a la pandemia que afecta al mundo y al pa\u00eds, y a que la mejor manera de protegerse y de disminuir el contagio es manteniendo una distancia social y&#8230;<\/p>\n","protected":false},"author":2,"featured_media":2511,"comment_status":"open","ping_status":"open","sticky":false,"template":"","format":"standard","meta":{"_joinchat":[],"footnotes":""},"categories":[52,118],"tags":[75,86,56,120],"class_list":["post-4204","post","type-post","status-publish","format-standard","has-post-thumbnail","hentry","category-comunicados","category-covid-19","tag-alto-hospicio","tag-cft-estatal-tarapaca","tag-cftestataltarapaca","tag-comunicacion"],"yoast_head":"<!-- This site is optimized with the Yoast SEO plugin v27.4 - https:\/\/yoast.com\/product\/yoast-seo-wordpress\/ -->\n<title>Comunicaci\u00f3n directa y oportuna - CFT Estatal Tarapac\u00e1<\/title>\n<meta name=\"robots\" content=\"index, follow, max-snippet:-1, max-image-preview:large, max-video-preview:-1\" \/>\n<link rel=\"canonical\" href=\"https:\/\/www.cftestataltarapaca.cl\/inicio\/2020\/04\/07\/comunicacion-directa-y-oportuna\/\" \/>\n<meta property=\"og:locale\" content=\"es_ES\" \/>\n<meta property=\"og:type\" content=\"article\" \/>\n<meta property=\"og:title\" content=\"Comunicaci\u00f3n directa y oportuna - CFT Estatal Tarapac\u00e1\" \/>\n<meta property=\"og:description\" content=\"Debido a la pandemia que afecta al mundo y al pa\u00eds, y a que la mejor manera de protegerse y de disminuir el contagio es manteniendo una distancia social y...\" \/>\n<meta property=\"og:url\" content=\"https:\/\/www.cftestataltarapaca.cl\/inicio\/2020\/04\/07\/comunicacion-directa-y-oportuna\/\" \/>\n<meta property=\"og:site_name\" content=\"CFT Estatal Tarapac\u00e1\" \/>\n<meta property=\"article:publisher\" content=\"https:\/\/www.facebook.com\/CFTestataltarapaca\/\" \/>\n<meta property=\"article:published_time\" content=\"2020-04-07T14:06:41+00:00\" \/>\n<meta property=\"article:modified_time\" content=\"2020-04-07T15:45:32+00:00\" \/>\n<meta property=\"og:image\" content=\"https:\/\/www.cftestataltarapaca.cl\/inicio\/wp-content\/uploads\/2019\/10\/informa.jpg\" \/>\n\t<meta property=\"og:image:width\" content=\"1720\" \/>\n\t<meta property=\"og:image:height\" content=\"1080\" \/>\n\t<meta property=\"og:image:type\" content=\"image\/jpeg\" \/>\n<meta name=\"author\" content=\"Comunicaciones\" \/>\n<meta name=\"twitter:card\" content=\"summary_large_image\" \/>\n<meta name=\"twitter:creator\" content=\"@CFTesTarapaca\" \/>\n<meta name=\"twitter:site\" content=\"@CFTesTarapaca\" \/>\n<meta name=\"twitter:label1\" content=\"Escrito por\" \/>\n\t<meta name=\"twitter:data1\" content=\"Comunicaciones\" \/>\n\t<meta name=\"twitter:label2\" content=\"Tiempo de lectura\" \/>\n\t<meta name=\"twitter:data2\" content=\"2 minutos\" \/>\n<script type=\"application\/ld+json\" class=\"yoast-schema-graph\">{\"@context\":\"https:\\\/\\\/schema.org\",\"@graph\":[{\"@type\":\"Article\",\"@id\":\"https:\\\/\\\/www.cftestataltarapaca.cl\\\/inicio\\\/2020\\\/04\\\/07\\\/comunicacion-directa-y-oportuna\\\/#article\",\"isPartOf\":{\"@id\":\"https:\\\/\\\/www.cftestataltarapaca.cl\\\/inicio\\\/2020\\\/04\\\/07\\\/comunicacion-directa-y-oportuna\\\/\"},\"author\":{\"name\":\"Comunicaciones\",\"@id\":\"https:\\\/\\\/www.cftestataltarapaca.cl\\\/inicio\\\/#\\\/schema\\\/person\\\/ad1fbfa1fa7c3d3889f4ae5401dd660e\"},\"headline\":\"Comunicaci\u00f3n directa y oportuna\",\"datePublished\":\"2020-04-07T14:06:41+00:00\",\"dateModified\":\"2020-04-07T15:45:32+00:00\",\"mainEntityOfPage\":{\"@id\":\"https:\\\/\\\/www.cftestataltarapaca.cl\\\/inicio\\\/2020\\\/04\\\/07\\\/comunicacion-directa-y-oportuna\\\/\"},\"wordCount\":325,\"commentCount\":0,\"publisher\":{\"@id\":\"https:\\\/\\\/www.cftestataltarapaca.cl\\\/inicio\\\/#organization\"},\"image\":{\"@id\":\"https:\\\/\\\/www.cftestataltarapaca.cl\\\/inicio\\\/2020\\\/04\\\/07\\\/comunicacion-directa-y-oportuna\\\/#primaryimage\"},\"thumbnailUrl\":\"https:\\\/\\\/www.cftestataltarapaca.cl\\\/inicio\\\/wp-content\\\/uploads\\\/2019\\\/10\\\/informa.jpg\",\"keywords\":[\"Alto Hospicio\",\"CFT Estatal Tarapac\u00e1\",\"cftestataltarapaca\",\"comunicaci\u00f3n\"],\"articleSection\":[\"Comunicados\",\"Covid 19\"],\"inLanguage\":\"es\",\"potentialAction\":[{\"@type\":\"CommentAction\",\"name\":\"Comment\",\"target\":[\"https:\\\/\\\/www.cftestataltarapaca.cl\\\/inicio\\\/2020\\\/04\\\/07\\\/comunicacion-directa-y-oportuna\\\/#respond\"]}]},{\"@type\":\"WebPage\",\"@id\":\"https:\\\/\\\/www.cftestataltarapaca.cl\\\/inicio\\\/2020\\\/04\\\/07\\\/comunicacion-directa-y-oportuna\\\/\",\"url\":\"https:\\\/\\\/www.cftestataltarapaca.cl\\\/inicio\\\/2020\\\/04\\\/07\\\/comunicacion-directa-y-oportuna\\\/\",\"name\":\"Comunicaci\u00f3n directa y oportuna - CFT Estatal Tarapac\u00e1\",\"isPartOf\":{\"@id\":\"https:\\\/\\\/www.cftestataltarapaca.cl\\\/inicio\\\/#website\"},\"primaryImageOfPage\":{\"@id\":\"https:\\\/\\\/www.cftestataltarapaca.cl\\\/inicio\\\/2020\\\/04\\\/07\\\/comunicacion-directa-y-oportuna\\\/#primaryimage\"},\"image\":{\"@id\":\"https:\\\/\\\/www.cftestataltarapaca.cl\\\/inicio\\\/2020\\\/04\\\/07\\\/comunicacion-directa-y-oportuna\\\/#primaryimage\"},\"thumbnailUrl\":\"https:\\\/\\\/www.cftestataltarapaca.cl\\\/inicio\\\/wp-content\\\/uploads\\\/2019\\\/10\\\/informa.jpg\",\"datePublished\":\"2020-04-07T14:06:41+00:00\",\"dateModified\":\"2020-04-07T15:45:32+00:00\",\"breadcrumb\":{\"@id\":\"https:\\\/\\\/www.cftestataltarapaca.cl\\\/inicio\\\/2020\\\/04\\\/07\\\/comunicacion-directa-y-oportuna\\\/#breadcrumb\"},\"inLanguage\":\"es\",\"potentialAction\":[{\"@type\":\"ReadAction\",\"target\":[\"https:\\\/\\\/www.cftestataltarapaca.cl\\\/inicio\\\/2020\\\/04\\\/07\\\/comunicacion-directa-y-oportuna\\\/\"]}]},{\"@type\":\"ImageObject\",\"inLanguage\":\"es\",\"@id\":\"https:\\\/\\\/www.cftestataltarapaca.cl\\\/inicio\\\/2020\\\/04\\\/07\\\/comunicacion-directa-y-oportuna\\\/#primaryimage\",\"url\":\"https:\\\/\\\/www.cftestataltarapaca.cl\\\/inicio\\\/wp-content\\\/uploads\\\/2019\\\/10\\\/informa.jpg\",\"contentUrl\":\"https:\\\/\\\/www.cftestataltarapaca.cl\\\/inicio\\\/wp-content\\\/uploads\\\/2019\\\/10\\\/informa.jpg\",\"width\":1720,\"height\":1080},{\"@type\":\"BreadcrumbList\",\"@id\":\"https:\\\/\\\/www.cftestataltarapaca.cl\\\/inicio\\\/2020\\\/04\\\/07\\\/comunicacion-directa-y-oportuna\\\/#breadcrumb\",\"itemListElement\":[{\"@type\":\"ListItem\",\"position\":1,\"name\":\"Portada\",\"item\":\"https:\\\/\\\/www.cftestataltarapaca.cl\\\/inicio\\\/\"},{\"@type\":\"ListItem\",\"position\":2,\"name\":\"Comunicaci\u00f3n directa y oportuna\"}]},{\"@type\":\"WebSite\",\"@id\":\"https:\\\/\\\/www.cftestataltarapaca.cl\\\/inicio\\\/#website\",\"url\":\"https:\\\/\\\/www.cftestataltarapaca.cl\\\/inicio\\\/\",\"name\":\"CFT Estatal Tarapac\u00e1\",\"description\":\"Admisi\u00f3n 2025\",\"publisher\":{\"@id\":\"https:\\\/\\\/www.cftestataltarapaca.cl\\\/inicio\\\/#organization\"},\"potentialAction\":[{\"@type\":\"SearchAction\",\"target\":{\"@type\":\"EntryPoint\",\"urlTemplate\":\"https:\\\/\\\/www.cftestataltarapaca.cl\\\/inicio\\\/?s={search_term_string}\"},\"query-input\":{\"@type\":\"PropertyValueSpecification\",\"valueRequired\":true,\"valueName\":\"search_term_string\"}}],\"inLanguage\":\"es\"},{\"@type\":\"Organization\",\"@id\":\"https:\\\/\\\/www.cftestataltarapaca.cl\\\/inicio\\\/#organization\",\"name\":\"CFT Estatal Tarapac\u00e1\",\"url\":\"https:\\\/\\\/www.cftestataltarapaca.cl\\\/inicio\\\/\",\"logo\":{\"@type\":\"ImageObject\",\"inLanguage\":\"es\",\"@id\":\"https:\\\/\\\/www.cftestataltarapaca.cl\\\/inicio\\\/#\\\/schema\\\/logo\\\/image\\\/\",\"url\":\"https:\\\/\\\/www.cftestataltarapaca.cl\\\/inicio\\\/wp-content\\\/uploads\\\/2019\\\/03\\\/logo-retina-1.png\",\"contentUrl\":\"https:\\\/\\\/www.cftestataltarapaca.cl\\\/inicio\\\/wp-content\\\/uploads\\\/2019\\\/03\\\/logo-retina-1.png\",\"width\":401,\"height\":150,\"caption\":\"CFT Estatal Tarapac\u00e1\"},\"image\":{\"@id\":\"https:\\\/\\\/www.cftestataltarapaca.cl\\\/inicio\\\/#\\\/schema\\\/logo\\\/image\\\/\"},\"sameAs\":[\"https:\\\/\\\/www.facebook.com\\\/CFTestataltarapaca\\\/\",\"https:\\\/\\\/x.com\\\/CFTesTarapaca\",\"https:\\\/\\\/www.instagram.com\\\/CFTestataltarapaca\\\/\"]},{\"@type\":\"Person\",\"@id\":\"https:\\\/\\\/www.cftestataltarapaca.cl\\\/inicio\\\/#\\\/schema\\\/person\\\/ad1fbfa1fa7c3d3889f4ae5401dd660e\",\"name\":\"Comunicaciones\",\"image\":{\"@type\":\"ImageObject\",\"inLanguage\":\"es\",\"@id\":\"https:\\\/\\\/secure.gravatar.com\\\/avatar\\\/ed1c2728327f20a5a62edaeb7dc181858f225b765044c5314c3d1059a1bd992f?s=96&d=mm&r=g\",\"url\":\"https:\\\/\\\/secure.gravatar.com\\\/avatar\\\/ed1c2728327f20a5a62edaeb7dc181858f225b765044c5314c3d1059a1bd992f?s=96&d=mm&r=g\",\"contentUrl\":\"https:\\\/\\\/secure.gravatar.com\\\/avatar\\\/ed1c2728327f20a5a62edaeb7dc181858f225b765044c5314c3d1059a1bd992f?s=96&d=mm&r=g\",\"caption\":\"Comunicaciones\"},\"sameAs\":[\"http:\\\/\\\/www.cftestataltarapaca.cl\"],\"url\":\"https:\\\/\\\/www.cftestataltarapaca.cl\\\/inicio\\\/author\\\/comunicaciones\\\/\"}]}<\/script>\n<!-- \/ Yoast SEO plugin. -->","yoast_head_json":{"title":"Comunicaci\u00f3n directa y oportuna - CFT Estatal Tarapac\u00e1","robots":{"index":"index","follow":"follow","max-snippet":"max-snippet:-1","max-image-preview":"max-image-preview:large","max-video-preview":"max-video-preview:-1"},"canonical":"https:\/\/www.cftestataltarapaca.cl\/inicio\/2020\/04\/07\/comunicacion-directa-y-oportuna\/","og_locale":"es_ES","og_type":"article","og_title":"Comunicaci\u00f3n directa y oportuna - CFT Estatal Tarapac\u00e1","og_description":"Debido a la pandemia que afecta al mundo y al pa\u00eds, y a que la mejor manera de protegerse y de disminuir el contagio es manteniendo una distancia social y...","og_url":"https:\/\/www.cftestataltarapaca.cl\/inicio\/2020\/04\/07\/comunicacion-directa-y-oportuna\/","og_site_name":"CFT Estatal Tarapac\u00e1","article_publisher":"https:\/\/www.facebook.com\/CFTestataltarapaca\/","article_published_time":"2020-04-07T14:06:41+00:00","article_modified_time":"2020-04-07T15:45:32+00:00","og_image":[{"width":1720,"height":1080,"url":"https:\/\/www.cftestataltarapaca.cl\/inicio\/wp-content\/uploads\/2019\/10\/informa.jpg","type":"image\/jpeg"}],"author":"Comunicaciones","twitter_card":"summary_large_image","twitter_creator":"@CFTesTarapaca","twitter_site":"@CFTesTarapaca","twitter_misc":{"Escrito por":"Comunicaciones","Tiempo de lectura":"2 minutos"},"schema":{"@context":"https:\/\/schema.org","@graph":[{"@type":"Article","@id":"https:\/\/www.cftestataltarapaca.cl\/inicio\/2020\/04\/07\/comunicacion-directa-y-oportuna\/#article","isPartOf":{"@id":"https:\/\/www.cftestataltarapaca.cl\/inicio\/2020\/04\/07\/comunicacion-directa-y-oportuna\/"},"author":{"name":"Comunicaciones","@id":"https:\/\/www.cftestataltarapaca.cl\/inicio\/#\/schema\/person\/ad1fbfa1fa7c3d3889f4ae5401dd660e"},"headline":"Comunicaci\u00f3n directa y oportuna","datePublished":"2020-04-07T14:06:41+00:00","dateModified":"2020-04-07T15:45:32+00:00","mainEntityOfPage":{"@id":"https:\/\/www.cftestataltarapaca.cl\/inicio\/2020\/04\/07\/comunicacion-directa-y-oportuna\/"},"wordCount":325,"commentCount":0,"publisher":{"@id":"https:\/\/www.cftestataltarapaca.cl\/inicio\/#organization"},"image":{"@id":"https:\/\/www.cftestataltarapaca.cl\/inicio\/2020\/04\/07\/comunicacion-directa-y-oportuna\/#primaryimage"},"thumbnailUrl":"https:\/\/www.cftestataltarapaca.cl\/inicio\/wp-content\/uploads\/2019\/10\/informa.jpg","keywords":["Alto Hospicio","CFT Estatal Tarapac\u00e1","cftestataltarapaca","comunicaci\u00f3n"],"articleSection":["Comunicados","Covid 19"],"inLanguage":"es","potentialAction":[{"@type":"CommentAction","name":"Comment","target":["https:\/\/www.cftestataltarapaca.cl\/inicio\/2020\/04\/07\/comunicacion-directa-y-oportuna\/#respond"]}]},{"@type":"WebPage","@id":"https:\/\/www.cftestataltarapaca.cl\/inicio\/2020\/04\/07\/comunicacion-directa-y-oportuna\/","url":"https:\/\/www.cftestataltarapaca.cl\/inicio\/2020\/04\/07\/comunicacion-directa-y-oportuna\/","name":"Comunicaci\u00f3n directa y oportuna - CFT Estatal Tarapac\u00e1","isPartOf":{"@id":"https:\/\/www.cftestataltarapaca.cl\/inicio\/#website"},"primaryImageOfPage":{"@id":"https:\/\/www.cftestataltarapaca.cl\/inicio\/2020\/04\/07\/comunicacion-directa-y-oportuna\/#primaryimage"},"image":{"@id":"https:\/\/www.cftestataltarapaca.cl\/inicio\/2020\/04\/07\/comunicacion-directa-y-oportuna\/#primaryimage"},"thumbnailUrl":"https:\/\/www.cftestataltarapaca.cl\/inicio\/wp-content\/uploads\/2019\/10\/informa.jpg","datePublished":"2020-04-07T14:06:41+00:00","dateModified":"2020-04-07T15:45:32+00:00","breadcrumb":{"@id":"https:\/\/www.cftestataltarapaca.cl\/inicio\/2020\/04\/07\/comunicacion-directa-y-oportuna\/#breadcrumb"},"inLanguage":"es","potentialAction":[{"@type":"ReadAction","target":["https:\/\/www.cftestataltarapaca.cl\/inicio\/2020\/04\/07\/comunicacion-directa-y-oportuna\/"]}]},{"@type":"ImageObject","inLanguage":"es","@id":"https:\/\/www.cftestataltarapaca.cl\/inicio\/2020\/04\/07\/comunicacion-directa-y-oportuna\/#primaryimage","url":"https:\/\/www.cftestataltarapaca.cl\/inicio\/wp-content\/uploads\/2019\/10\/informa.jpg","contentUrl":"https:\/\/www.cftestataltarapaca.cl\/inicio\/wp-content\/uploads\/2019\/10\/informa.jpg","width":1720,"height":1080},{"@type":"BreadcrumbList","@id":"https:\/\/www.cftestataltarapaca.cl\/inicio\/2020\/04\/07\/comunicacion-directa-y-oportuna\/#breadcrumb","itemListElement":[{"@type":"ListItem","position":1,"name":"Portada","item":"https:\/\/www.cftestataltarapaca.cl\/inicio\/"},{"@type":"ListItem","position":2,"name":"Comunicaci\u00f3n directa y oportuna"}]},{"@type":"WebSite","@id":"https:\/\/www.cftestataltarapaca.cl\/inicio\/#website","url":"https:\/\/www.cftestataltarapaca.cl\/inicio\/","name":"CFT Estatal Tarapac\u00e1","description":"Admisi\u00f3n 2025","publisher":{"@id":"https:\/\/www.cftestataltarapaca.cl\/inicio\/#organization"},"potentialAction":[{"@type":"SearchAction","target":{"@type":"EntryPoint","urlTemplate":"https:\/\/www.cftestataltarapaca.cl\/inicio\/?s={search_term_string}"},"query-input":{"@type":"PropertyValueSpecification","valueRequired":true,"valueName":"search_term_string"}}],"inLanguage":"es"},{"@type":"Organization","@id":"https:\/\/www.cftestataltarapaca.cl\/inicio\/#organization","name":"CFT Estatal Tarapac\u00e1","url":"https:\/\/www.cftestataltarapaca.cl\/inicio\/","logo":{"@type":"ImageObject","inLanguage":"es","@id":"https:\/\/www.cftestataltarapaca.cl\/inicio\/#\/schema\/logo\/image\/","url":"https:\/\/www.cftestataltarapaca.cl\/inicio\/wp-content\/uploads\/2019\/03\/logo-retina-1.png","contentUrl":"https:\/\/www.cftestataltarapaca.cl\/inicio\/wp-content\/uploads\/2019\/03\/logo-retina-1.png","width":401,"height":150,"caption":"CFT Estatal Tarapac\u00e1"},"image":{"@id":"https:\/\/www.cftestataltarapaca.cl\/inicio\/#\/schema\/logo\/image\/"},"sameAs":["https:\/\/www.facebook.com\/CFTestataltarapaca\/","https:\/\/x.com\/CFTesTarapaca","https:\/\/www.instagram.com\/CFTestataltarapaca\/"]},{"@type":"Person","@id":"https:\/\/www.cftestataltarapaca.cl\/inicio\/#\/schema\/person\/ad1fbfa1fa7c3d3889f4ae5401dd660e","name":"Comunicaciones","image":{"@type":"ImageObject","inLanguage":"es","@id":"https:\/\/secure.gravatar.com\/avatar\/ed1c2728327f20a5a62edaeb7dc181858f225b765044c5314c3d1059a1bd992f?s=96&d=mm&r=g","url":"https:\/\/secure.gravatar.com\/avatar\/ed1c2728327f20a5a62edaeb7dc181858f225b765044c5314c3d1059a1bd992f?s=96&d=mm&r=g","contentUrl":"https:\/\/secure.gravatar.com\/avatar\/ed1c2728327f20a5a62edaeb7dc181858f225b765044c5314c3d1059a1bd992f?s=96&d=mm&r=g","caption":"Comunicaciones"},"sameAs":["http:\/\/www.cftestataltarapaca.cl"],"url":"https:\/\/www.cftestataltarapaca.cl\/inicio\/author\/comunicaciones\/"}]}},"publishpress_future_action":{"enabled":false,"date":"2026-05-08 16:21:36","action":"change-status","newStatus":"draft","terms":[],"taxonomy":"category","extraData":[]},"publishpress_future_workflow_manual_trigger":{"enabledWorkflows":[]},"_links":{"self":[{"href":"https:\/\/www.cftestataltarapaca.cl\/inicio\/wp-json\/wp\/v2\/posts\/4204","targetHints":{"allow":["GET"]}}],"collection":[{"href":"https:\/\/www.cftestataltarapaca.cl\/inicio\/wp-json\/wp\/v2\/posts"}],"about":[{"href":"https:\/\/www.cftestataltarapaca.cl\/inicio\/wp-json\/wp\/v2\/types\/post"}],"author":[{"embeddable":true,"href":"https:\/\/www.cftestataltarapaca.cl\/inicio\/wp-json\/wp\/v2\/users\/2"}],"replies":[{"embeddable":true,"href":"https:\/\/www.cftestataltarapaca.cl\/inicio\/wp-json\/wp\/v2\/comments?post=4204"}],"version-history":[{"count":2,"href":"https:\/\/www.cftestataltarapaca.cl\/inicio\/wp-json\/wp\/v2\/posts\/4204\/revisions"}],"predecessor-version":[{"id":4206,"href":"https:\/\/www.cftestataltarapaca.cl\/inicio\/wp-json\/wp\/v2\/posts\/4204\/revisions\/4206"}],"wp:featuredmedia":[{"embeddable":true,"href":"https:\/\/www.cftestataltarapaca.cl\/inicio\/wp-json\/wp\/v2\/media\/2511"}],"wp:attachment":[{"href":"https:\/\/www.cftestataltarapaca.cl\/inicio\/wp-json\/wp\/v2\/media?parent=4204"}],"wp:term":[{"taxonomy":"category","embeddable":true,"href":"https:\/\/www.cftestataltarapaca.cl\/inicio\/wp-json\/wp\/v2\/categories?post=4204"},{"taxonomy":"post_tag","embeddable":true,"href":"https:\/\/www.cftestataltarapaca.cl\/inicio\/wp-json\/wp\/v2\/tags?post=4204"}],"curies":[{"name":"wp","href":"https:\/\/api.w.org\/{rel}","templated":true}]}}