{"id":4253,"date":"2020-04-15T16:41:07","date_gmt":"2020-04-15T16:41:07","guid":{"rendered":"https:\/\/www.cftestataltarapaca.cl\/inicio\/?p=4253"},"modified":"2020-04-17T20:24:31","modified_gmt":"2020-04-17T20:24:31","slug":"recomendaciones-para-disminuir-el-estres-en-momentos-de-covid-19","status":"publish","type":"post","link":"https:\/\/www.cftestataltarapaca.cl\/inicio\/2020\/04\/15\/recomendaciones-para-disminuir-el-estres-en-momentos-de-covid-19\/","title":{"rendered":"Recomendaciones para disminuir el estr\u00e9s en momentos de Covid-19"},"content":{"rendered":"<p style=\"text-align: justify;\">En estos momentos, en el que la crisis de salud que enfrenta el mundo a cauda de Covid-19 ha llevado a cambiar las rutinas diarias, es importante que las personas tomen ciertas medidas no solo referidas al cuidado de la salud f\u00edsica, sino tambi\u00e9n de la mental, enfrentando el estr\u00e9s que la situaci\u00f3n puede causar.<!--more--><\/p>\n<p style=\"text-align: justify;\">Es por esa raz\u00f3n que el Centro de Formaci\u00f3n T\u00e9cnica Estatal de Tarapac\u00e1, a trav\u00e9s de la unidad de Recreaci\u00f3n y Deportes entrega algunas recomendaciones, para afrontar la ansiedad y estr\u00e9s que podr\u00edan aparecer en estos d\u00edas.<\/p>\n<p>RECOMENDACIONES:<\/p>\n<ol>\n<li style=\"text-align: justify;\">No colmarse de informaci\u00f3n: Actualmente, lo referente al COVID19 es lo m\u00e1s difundido en todos los medios de comunicaci\u00f3n (escritos, televisivos, redes sociales, etc). Dicha difusi\u00f3n puede generar que se agudice la ansiedad provocada por la incertidumbre sobre lo que ocurrir\u00e1 respecto a esta pandemia. Intenta dejar un momento del d\u00eda para informarte a trav\u00e9s de canales oficiales (cuidado con las noticias falsas), pero no m\u00e1s que eso. No te agobies revisando y leyendo todo el d\u00eda respecto a lo mismo, probablemente no te ayudar\u00e1 y te producir\u00e1 intranquilidad.<\/li>\n<li style=\"text-align: justify;\">Intenta cambiar la perspectiva desde la que ves el mantenerte en casa, si bien muchas cosas han debido alterarse totalmente, recuerda que respetar el llamado a no salir de casa es una manera de ayudar a superar la crisis. Puedes centrarte en lo que s\u00ed puedes controlar y seguir haciendo; si tienes actividades pendientes, tareas, arreglos o distintas cosas que puedas hacer en tu casa \u00a1hazlo ahora!, si lo piensas, seguramente encontrar\u00e1s alguna actividad que realizar durante este tiempo.<\/li>\n<li style=\"text-align: justify;\">\u00a1Saca provecho de las redes sociales! Si bien debemos mantener el distanciamiento social indiscutiblemente, un n\u00famero importante de personas cuenta con un tel\u00e9fono m\u00f3vil e internet, mediante los cuales es posible estar conectado con seres queridos y amigos. Intenta mantenerte en contacto con tus redes a trav\u00e9s de video llamadas o alg\u00fan chat\u2026 Necesitamos respetar el distanciamiento social y cuarentena, no aislarnos en niveles extremos. Es importante mantenernos acompa\u00f1ados y existen diversas maneras para hacerlo.<\/li>\n<li style=\"text-align: justify;\">Si vives acompa\u00f1ado, intenta hacer algo en conjunto con quien te acompa\u00f1a. Siempre hay algo nuevo de lo que hablar, una historia que contar, algo que recordar. A nivel familiar y personal esta puede ser una oportunidad de fortalecer lazos y darse aliento. Recuerda tambi\u00e9n buscar un espacio para ti cuando lo necesites, poco a poco hay que alcanzar el equilibrio y la clave en esa b\u00fasqueda, ser\u00e1 la tolerancia.<\/li>\n<li style=\"text-align: justify;\">\u00a1No abandones tus hobbies (o comienza a practicar uno)! Intenta adaptarlos en la medida que puedas. Una rutina de ejercicios, pintura, lectura, cocina o comenzar a aprender o estudiar algo que quiz\u00e1s no pudiste abordar antes ser\u00e1n claves para afrontar el estr\u00e9s y fundamentales para mantener adecuados niveles de serotonina, dopamina y cortisol en nuestro organismo; la primera (serotonina) es conocida como la \u201chormona de la felicidad\u201d, cuando su producci\u00f3n disminuye, podemos experimentar cambios en nuestro estado de \u00e1nimo y comenzar sentirnos deprimidos y desganados, por otro lado, la dopamina es conocida como el \u201ccentro de la motivaci\u00f3n y el placer\u201d y tanto su disminuci\u00f3n como excesivo aumento pueden ser negativos. Finalmente, el cortisol es la \u201chormona del estr\u00e9s\u201d, su producci\u00f3n se asocia con la tensi\u00f3n y suele ser adaptativa, pero cuando el estr\u00e9s o frustraci\u00f3n aumentan, se torna nocivo y puede generar insomnio, taquicardia, sudoraci\u00f3n y una serie de s\u00edntomas muy poco agradables. Es determinante que intentemos distendernos y mantenernos ocupados para conservar el equilibrio de nuestro sistema.<\/li>\n<\/ol>\n<ol start=\"6\">\n<li style=\"text-align: justify;\">Pr\u00e1ctica alguna actividad de relajaci\u00f3n. Si nunca lo has hecho antes, puede ser una buena oportunidad para comenzar a hacerlo, buscando gu\u00edas en internet o quiz\u00e1s preguntando a alguien que ya lo realice. Puedes practicar ejercicios de respiraci\u00f3n, meditaci\u00f3n o incluso Yoga. Hacerlo te beneficiar\u00e1 muy favorablemente para afrontar el estr\u00e9s. Adem\u00e1s de mantener tu sistema regulado, te ayudar\u00e1 a sortear los s\u00edntomas de la activaci\u00f3n fisiol\u00f3gica que la ansiedad y tensi\u00f3n te podr\u00edan producir (insomnio, irritabilidad, hiperventilaci\u00f3n y pensamientos intrusivos), del mismo modo, te brindar\u00e1 una oportunidad de introspecci\u00f3n y an\u00e1lisis que en cualquier situaci\u00f3n vienen bien a nivel personal.<\/li>\n<li style=\"text-align: justify;\">\u00a1No pierdas la esperanza! Intenta mantener un pensamiento alternativo y no caer en el catastrofismo. Debemos identificar y reconocer plenamente lo que est\u00e1 sucediendo y adaptarnos a ello, pero en ning\u00fan caso renuncies a tus planes ni metas, esto pasar\u00e1 y ser\u00e1 superado. Alimenta la tolerancia y flexibilidad en ti, los tiempos que vivimos lo requieren y de la mano de una planificaci\u00f3n y actitud favorables, ser\u00e1 m\u00e1s sencillo salir adelante. Respira profundo y reorgan\u00edzate, como seguramente lo has hecho antes utilizando tus propios recursos y la ayuda de tus seres queridos y amigos.<\/li>\n<\/ol>\n<ul>\n<li>Agradecimientos especiales al Psic\u00f3logo: Carlos Melis, por su asesor\u00eda para estas recomendaciones.<\/li>\n<\/ul>\n<p>#QU\u00c9DATEENCASA, en movimiento, aliment\u00e1ndote bien y sin estr\u00e9s.<\/p>\n","protected":false},"excerpt":{"rendered":"<p>En estos momentos, en el que la crisis de salud que enfrenta el mundo a cauda de Covid-19 ha llevado a cambiar las rutinas diarias, es importante que las personas&#8230;<\/p>\n","protected":false},"author":2,"featured_media":4254,"comment_status":"open","ping_status":"open","sticky":false,"template":"","format":"standard","meta":{"_joinchat":[],"footnotes":""},"categories":[49,52,118,1],"tags":[75,86,56,112,60,113],"class_list":["post-4253","post","type-post","status-publish","format-standard","has-post-thumbnail","hentry","category-academico","category-comunicados","category-covid-19","category-sin-categoria","tag-alto-hospicio","tag-cft-estatal-tarapaca","tag-cftestataltarapaca","tag-coronavirus","tag-deportes","tag-salud"],"yoast_head":"<!-- This site is optimized with the Yoast SEO plugin v27.4 - https:\/\/yoast.com\/product\/yoast-seo-wordpress\/ -->\n<title>Recomendaciones para disminuir el estr\u00e9s en momentos de Covid-19 - CFT Estatal Tarapac\u00e1<\/title>\n<meta name=\"robots\" content=\"index, follow, max-snippet:-1, max-image-preview:large, max-video-preview:-1\" \/>\n<link rel=\"canonical\" href=\"https:\/\/www.cftestataltarapaca.cl\/inicio\/2020\/04\/15\/recomendaciones-para-disminuir-el-estres-en-momentos-de-covid-19\/\" \/>\n<meta property=\"og:locale\" content=\"es_ES\" \/>\n<meta property=\"og:type\" content=\"article\" \/>\n<meta property=\"og:title\" content=\"Recomendaciones para disminuir el estr\u00e9s en momentos de Covid-19 - CFT Estatal Tarapac\u00e1\" \/>\n<meta property=\"og:description\" content=\"En estos momentos, en el que la crisis de salud que enfrenta el mundo a cauda de Covid-19 ha llevado a cambiar las rutinas diarias, es importante que las personas...\" \/>\n<meta property=\"og:url\" content=\"https:\/\/www.cftestataltarapaca.cl\/inicio\/2020\/04\/15\/recomendaciones-para-disminuir-el-estres-en-momentos-de-covid-19\/\" \/>\n<meta property=\"og:site_name\" content=\"CFT Estatal Tarapac\u00e1\" \/>\n<meta property=\"article:publisher\" content=\"https:\/\/www.facebook.com\/CFTestataltarapaca\/\" \/>\n<meta property=\"article:published_time\" content=\"2020-04-15T16:41:07+00:00\" \/>\n<meta property=\"article:modified_time\" content=\"2020-04-17T20:24:31+00:00\" \/>\n<meta property=\"og:image\" content=\"https:\/\/www.cftestataltarapaca.cl\/inicio\/wp-content\/uploads\/2020\/04\/manejo-estres-2.jpg\" \/>\n\t<meta property=\"og:image:width\" content=\"626\" \/>\n\t<meta property=\"og:image:height\" content=\"417\" \/>\n\t<meta property=\"og:image:type\" content=\"image\/jpeg\" \/>\n<meta name=\"author\" content=\"Comunicaciones\" \/>\n<meta name=\"twitter:card\" content=\"summary_large_image\" \/>\n<meta name=\"twitter:creator\" content=\"@CFTesTarapaca\" \/>\n<meta name=\"twitter:site\" content=\"@CFTesTarapaca\" \/>\n<meta name=\"twitter:label1\" content=\"Escrito por\" \/>\n\t<meta name=\"twitter:data1\" content=\"Comunicaciones\" \/>\n\t<meta name=\"twitter:label2\" content=\"Tiempo de lectura\" \/>\n\t<meta name=\"twitter:data2\" content=\"4 minutos\" \/>\n<script type=\"application\/ld+json\" class=\"yoast-schema-graph\">{\"@context\":\"https:\\\/\\\/schema.org\",\"@graph\":[{\"@type\":\"Article\",\"@id\":\"https:\\\/\\\/www.cftestataltarapaca.cl\\\/inicio\\\/2020\\\/04\\\/15\\\/recomendaciones-para-disminuir-el-estres-en-momentos-de-covid-19\\\/#article\",\"isPartOf\":{\"@id\":\"https:\\\/\\\/www.cftestataltarapaca.cl\\\/inicio\\\/2020\\\/04\\\/15\\\/recomendaciones-para-disminuir-el-estres-en-momentos-de-covid-19\\\/\"},\"author\":{\"name\":\"Comunicaciones\",\"@id\":\"https:\\\/\\\/www.cftestataltarapaca.cl\\\/inicio\\\/#\\\/schema\\\/person\\\/ad1fbfa1fa7c3d3889f4ae5401dd660e\"},\"headline\":\"Recomendaciones para disminuir el estr\u00e9s en momentos de Covid-19\",\"datePublished\":\"2020-04-15T16:41:07+00:00\",\"dateModified\":\"2020-04-17T20:24:31+00:00\",\"mainEntityOfPage\":{\"@id\":\"https:\\\/\\\/www.cftestataltarapaca.cl\\\/inicio\\\/2020\\\/04\\\/15\\\/recomendaciones-para-disminuir-el-estres-en-momentos-de-covid-19\\\/\"},\"wordCount\":870,\"commentCount\":0,\"publisher\":{\"@id\":\"https:\\\/\\\/www.cftestataltarapaca.cl\\\/inicio\\\/#organization\"},\"image\":{\"@id\":\"https:\\\/\\\/www.cftestataltarapaca.cl\\\/inicio\\\/2020\\\/04\\\/15\\\/recomendaciones-para-disminuir-el-estres-en-momentos-de-covid-19\\\/#primaryimage\"},\"thumbnailUrl\":\"https:\\\/\\\/www.cftestataltarapaca.cl\\\/inicio\\\/wp-content\\\/uploads\\\/2020\\\/04\\\/manejo-estres-2.jpg\",\"keywords\":[\"Alto Hospicio\",\"CFT Estatal Tarapac\u00e1\",\"cftestataltarapaca\",\"Coronavirus\",\"Deportes\",\"salud\"],\"articleSection\":[\"Acad\u00e9mico\",\"Comunicados\",\"Covid 19\"],\"inLanguage\":\"es\",\"potentialAction\":[{\"@type\":\"CommentAction\",\"name\":\"Comment\",\"target\":[\"https:\\\/\\\/www.cftestataltarapaca.cl\\\/inicio\\\/2020\\\/04\\\/15\\\/recomendaciones-para-disminuir-el-estres-en-momentos-de-covid-19\\\/#respond\"]}]},{\"@type\":\"WebPage\",\"@id\":\"https:\\\/\\\/www.cftestataltarapaca.cl\\\/inicio\\\/2020\\\/04\\\/15\\\/recomendaciones-para-disminuir-el-estres-en-momentos-de-covid-19\\\/\",\"url\":\"https:\\\/\\\/www.cftestataltarapaca.cl\\\/inicio\\\/2020\\\/04\\\/15\\\/recomendaciones-para-disminuir-el-estres-en-momentos-de-covid-19\\\/\",\"name\":\"Recomendaciones para disminuir el estr\u00e9s en momentos de Covid-19 - CFT Estatal Tarapac\u00e1\",\"isPartOf\":{\"@id\":\"https:\\\/\\\/www.cftestataltarapaca.cl\\\/inicio\\\/#website\"},\"primaryImageOfPage\":{\"@id\":\"https:\\\/\\\/www.cftestataltarapaca.cl\\\/inicio\\\/2020\\\/04\\\/15\\\/recomendaciones-para-disminuir-el-estres-en-momentos-de-covid-19\\\/#primaryimage\"},\"image\":{\"@id\":\"https:\\\/\\\/www.cftestataltarapaca.cl\\\/inicio\\\/2020\\\/04\\\/15\\\/recomendaciones-para-disminuir-el-estres-en-momentos-de-covid-19\\\/#primaryimage\"},\"thumbnailUrl\":\"https:\\\/\\\/www.cftestataltarapaca.cl\\\/inicio\\\/wp-content\\\/uploads\\\/2020\\\/04\\\/manejo-estres-2.jpg\",\"datePublished\":\"2020-04-15T16:41:07+00:00\",\"dateModified\":\"2020-04-17T20:24:31+00:00\",\"breadcrumb\":{\"@id\":\"https:\\\/\\\/www.cftestataltarapaca.cl\\\/inicio\\\/2020\\\/04\\\/15\\\/recomendaciones-para-disminuir-el-estres-en-momentos-de-covid-19\\\/#breadcrumb\"},\"inLanguage\":\"es\",\"potentialAction\":[{\"@type\":\"ReadAction\",\"target\":[\"https:\\\/\\\/www.cftestataltarapaca.cl\\\/inicio\\\/2020\\\/04\\\/15\\\/recomendaciones-para-disminuir-el-estres-en-momentos-de-covid-19\\\/\"]}]},{\"@type\":\"ImageObject\",\"inLanguage\":\"es\",\"@id\":\"https:\\\/\\\/www.cftestataltarapaca.cl\\\/inicio\\\/2020\\\/04\\\/15\\\/recomendaciones-para-disminuir-el-estres-en-momentos-de-covid-19\\\/#primaryimage\",\"url\":\"https:\\\/\\\/www.cftestataltarapaca.cl\\\/inicio\\\/wp-content\\\/uploads\\\/2020\\\/04\\\/manejo-estres-2.jpg\",\"contentUrl\":\"https:\\\/\\\/www.cftestataltarapaca.cl\\\/inicio\\\/wp-content\\\/uploads\\\/2020\\\/04\\\/manejo-estres-2.jpg\",\"width\":626,\"height\":417,\"caption\":\"Woman working in a gardening shop\"},{\"@type\":\"BreadcrumbList\",\"@id\":\"https:\\\/\\\/www.cftestataltarapaca.cl\\\/inicio\\\/2020\\\/04\\\/15\\\/recomendaciones-para-disminuir-el-estres-en-momentos-de-covid-19\\\/#breadcrumb\",\"itemListElement\":[{\"@type\":\"ListItem\",\"position\":1,\"name\":\"Portada\",\"item\":\"https:\\\/\\\/www.cftestataltarapaca.cl\\\/inicio\\\/\"},{\"@type\":\"ListItem\",\"position\":2,\"name\":\"Recomendaciones para disminuir el estr\u00e9s en momentos de Covid-19\"}]},{\"@type\":\"WebSite\",\"@id\":\"https:\\\/\\\/www.cftestataltarapaca.cl\\\/inicio\\\/#website\",\"url\":\"https:\\\/\\\/www.cftestataltarapaca.cl\\\/inicio\\\/\",\"name\":\"CFT Estatal Tarapac\u00e1\",\"description\":\"Admisi\u00f3n 2025\",\"publisher\":{\"@id\":\"https:\\\/\\\/www.cftestataltarapaca.cl\\\/inicio\\\/#organization\"},\"potentialAction\":[{\"@type\":\"SearchAction\",\"target\":{\"@type\":\"EntryPoint\",\"urlTemplate\":\"https:\\\/\\\/www.cftestataltarapaca.cl\\\/inicio\\\/?s={search_term_string}\"},\"query-input\":{\"@type\":\"PropertyValueSpecification\",\"valueRequired\":true,\"valueName\":\"search_term_string\"}}],\"inLanguage\":\"es\"},{\"@type\":\"Organization\",\"@id\":\"https:\\\/\\\/www.cftestataltarapaca.cl\\\/inicio\\\/#organization\",\"name\":\"CFT Estatal Tarapac\u00e1\",\"url\":\"https:\\\/\\\/www.cftestataltarapaca.cl\\\/inicio\\\/\",\"logo\":{\"@type\":\"ImageObject\",\"inLanguage\":\"es\",\"@id\":\"https:\\\/\\\/www.cftestataltarapaca.cl\\\/inicio\\\/#\\\/schema\\\/logo\\\/image\\\/\",\"url\":\"https:\\\/\\\/www.cftestataltarapaca.cl\\\/inicio\\\/wp-content\\\/uploads\\\/2019\\\/03\\\/logo-retina-1.png\",\"contentUrl\":\"https:\\\/\\\/www.cftestataltarapaca.cl\\\/inicio\\\/wp-content\\\/uploads\\\/2019\\\/03\\\/logo-retina-1.png\",\"width\":401,\"height\":150,\"caption\":\"CFT Estatal Tarapac\u00e1\"},\"image\":{\"@id\":\"https:\\\/\\\/www.cftestataltarapaca.cl\\\/inicio\\\/#\\\/schema\\\/logo\\\/image\\\/\"},\"sameAs\":[\"https:\\\/\\\/www.facebook.com\\\/CFTestataltarapaca\\\/\",\"https:\\\/\\\/x.com\\\/CFTesTarapaca\",\"https:\\\/\\\/www.instagram.com\\\/CFTestataltarapaca\\\/\"]},{\"@type\":\"Person\",\"@id\":\"https:\\\/\\\/www.cftestataltarapaca.cl\\\/inicio\\\/#\\\/schema\\\/person\\\/ad1fbfa1fa7c3d3889f4ae5401dd660e\",\"name\":\"Comunicaciones\",\"image\":{\"@type\":\"ImageObject\",\"inLanguage\":\"es\",\"@id\":\"https:\\\/\\\/secure.gravatar.com\\\/avatar\\\/ed1c2728327f20a5a62edaeb7dc181858f225b765044c5314c3d1059a1bd992f?s=96&d=mm&r=g\",\"url\":\"https:\\\/\\\/secure.gravatar.com\\\/avatar\\\/ed1c2728327f20a5a62edaeb7dc181858f225b765044c5314c3d1059a1bd992f?s=96&d=mm&r=g\",\"contentUrl\":\"https:\\\/\\\/secure.gravatar.com\\\/avatar\\\/ed1c2728327f20a5a62edaeb7dc181858f225b765044c5314c3d1059a1bd992f?s=96&d=mm&r=g\",\"caption\":\"Comunicaciones\"},\"sameAs\":[\"http:\\\/\\\/www.cftestataltarapaca.cl\"],\"url\":\"https:\\\/\\\/www.cftestataltarapaca.cl\\\/inicio\\\/author\\\/comunicaciones\\\/\"}]}<\/script>\n<!-- \/ Yoast SEO plugin. -->","yoast_head_json":{"title":"Recomendaciones para disminuir el estr\u00e9s en momentos de Covid-19 - CFT Estatal Tarapac\u00e1","robots":{"index":"index","follow":"follow","max-snippet":"max-snippet:-1","max-image-preview":"max-image-preview:large","max-video-preview":"max-video-preview:-1"},"canonical":"https:\/\/www.cftestataltarapaca.cl\/inicio\/2020\/04\/15\/recomendaciones-para-disminuir-el-estres-en-momentos-de-covid-19\/","og_locale":"es_ES","og_type":"article","og_title":"Recomendaciones para disminuir el estr\u00e9s en momentos de Covid-19 - CFT Estatal Tarapac\u00e1","og_description":"En estos momentos, en el que la crisis de salud que enfrenta el mundo a cauda de Covid-19 ha llevado a cambiar las rutinas diarias, es importante que las personas...","og_url":"https:\/\/www.cftestataltarapaca.cl\/inicio\/2020\/04\/15\/recomendaciones-para-disminuir-el-estres-en-momentos-de-covid-19\/","og_site_name":"CFT Estatal Tarapac\u00e1","article_publisher":"https:\/\/www.facebook.com\/CFTestataltarapaca\/","article_published_time":"2020-04-15T16:41:07+00:00","article_modified_time":"2020-04-17T20:24:31+00:00","og_image":[{"width":626,"height":417,"url":"https:\/\/www.cftestataltarapaca.cl\/inicio\/wp-content\/uploads\/2020\/04\/manejo-estres-2.jpg","type":"image\/jpeg"}],"author":"Comunicaciones","twitter_card":"summary_large_image","twitter_creator":"@CFTesTarapaca","twitter_site":"@CFTesTarapaca","twitter_misc":{"Escrito por":"Comunicaciones","Tiempo de lectura":"4 minutos"},"schema":{"@context":"https:\/\/schema.org","@graph":[{"@type":"Article","@id":"https:\/\/www.cftestataltarapaca.cl\/inicio\/2020\/04\/15\/recomendaciones-para-disminuir-el-estres-en-momentos-de-covid-19\/#article","isPartOf":{"@id":"https:\/\/www.cftestataltarapaca.cl\/inicio\/2020\/04\/15\/recomendaciones-para-disminuir-el-estres-en-momentos-de-covid-19\/"},"author":{"name":"Comunicaciones","@id":"https:\/\/www.cftestataltarapaca.cl\/inicio\/#\/schema\/person\/ad1fbfa1fa7c3d3889f4ae5401dd660e"},"headline":"Recomendaciones para disminuir el estr\u00e9s en momentos de Covid-19","datePublished":"2020-04-15T16:41:07+00:00","dateModified":"2020-04-17T20:24:31+00:00","mainEntityOfPage":{"@id":"https:\/\/www.cftestataltarapaca.cl\/inicio\/2020\/04\/15\/recomendaciones-para-disminuir-el-estres-en-momentos-de-covid-19\/"},"wordCount":870,"commentCount":0,"publisher":{"@id":"https:\/\/www.cftestataltarapaca.cl\/inicio\/#organization"},"image":{"@id":"https:\/\/www.cftestataltarapaca.cl\/inicio\/2020\/04\/15\/recomendaciones-para-disminuir-el-estres-en-momentos-de-covid-19\/#primaryimage"},"thumbnailUrl":"https:\/\/www.cftestataltarapaca.cl\/inicio\/wp-content\/uploads\/2020\/04\/manejo-estres-2.jpg","keywords":["Alto Hospicio","CFT Estatal Tarapac\u00e1","cftestataltarapaca","Coronavirus","Deportes","salud"],"articleSection":["Acad\u00e9mico","Comunicados","Covid 19"],"inLanguage":"es","potentialAction":[{"@type":"CommentAction","name":"Comment","target":["https:\/\/www.cftestataltarapaca.cl\/inicio\/2020\/04\/15\/recomendaciones-para-disminuir-el-estres-en-momentos-de-covid-19\/#respond"]}]},{"@type":"WebPage","@id":"https:\/\/www.cftestataltarapaca.cl\/inicio\/2020\/04\/15\/recomendaciones-para-disminuir-el-estres-en-momentos-de-covid-19\/","url":"https:\/\/www.cftestataltarapaca.cl\/inicio\/2020\/04\/15\/recomendaciones-para-disminuir-el-estres-en-momentos-de-covid-19\/","name":"Recomendaciones para disminuir el estr\u00e9s en momentos de Covid-19 - CFT Estatal Tarapac\u00e1","isPartOf":{"@id":"https:\/\/www.cftestataltarapaca.cl\/inicio\/#website"},"primaryImageOfPage":{"@id":"https:\/\/www.cftestataltarapaca.cl\/inicio\/2020\/04\/15\/recomendaciones-para-disminuir-el-estres-en-momentos-de-covid-19\/#primaryimage"},"image":{"@id":"https:\/\/www.cftestataltarapaca.cl\/inicio\/2020\/04\/15\/recomendaciones-para-disminuir-el-estres-en-momentos-de-covid-19\/#primaryimage"},"thumbnailUrl":"https:\/\/www.cftestataltarapaca.cl\/inicio\/wp-content\/uploads\/2020\/04\/manejo-estres-2.jpg","datePublished":"2020-04-15T16:41:07+00:00","dateModified":"2020-04-17T20:24:31+00:00","breadcrumb":{"@id":"https:\/\/www.cftestataltarapaca.cl\/inicio\/2020\/04\/15\/recomendaciones-para-disminuir-el-estres-en-momentos-de-covid-19\/#breadcrumb"},"inLanguage":"es","potentialAction":[{"@type":"ReadAction","target":["https:\/\/www.cftestataltarapaca.cl\/inicio\/2020\/04\/15\/recomendaciones-para-disminuir-el-estres-en-momentos-de-covid-19\/"]}]},{"@type":"ImageObject","inLanguage":"es","@id":"https:\/\/www.cftestataltarapaca.cl\/inicio\/2020\/04\/15\/recomendaciones-para-disminuir-el-estres-en-momentos-de-covid-19\/#primaryimage","url":"https:\/\/www.cftestataltarapaca.cl\/inicio\/wp-content\/uploads\/2020\/04\/manejo-estres-2.jpg","contentUrl":"https:\/\/www.cftestataltarapaca.cl\/inicio\/wp-content\/uploads\/2020\/04\/manejo-estres-2.jpg","width":626,"height":417,"caption":"Woman working in a gardening shop"},{"@type":"BreadcrumbList","@id":"https:\/\/www.cftestataltarapaca.cl\/inicio\/2020\/04\/15\/recomendaciones-para-disminuir-el-estres-en-momentos-de-covid-19\/#breadcrumb","itemListElement":[{"@type":"ListItem","position":1,"name":"Portada","item":"https:\/\/www.cftestataltarapaca.cl\/inicio\/"},{"@type":"ListItem","position":2,"name":"Recomendaciones para disminuir el estr\u00e9s en momentos de Covid-19"}]},{"@type":"WebSite","@id":"https:\/\/www.cftestataltarapaca.cl\/inicio\/#website","url":"https:\/\/www.cftestataltarapaca.cl\/inicio\/","name":"CFT Estatal Tarapac\u00e1","description":"Admisi\u00f3n 2025","publisher":{"@id":"https:\/\/www.cftestataltarapaca.cl\/inicio\/#organization"},"potentialAction":[{"@type":"SearchAction","target":{"@type":"EntryPoint","urlTemplate":"https:\/\/www.cftestataltarapaca.cl\/inicio\/?s={search_term_string}"},"query-input":{"@type":"PropertyValueSpecification","valueRequired":true,"valueName":"search_term_string"}}],"inLanguage":"es"},{"@type":"Organization","@id":"https:\/\/www.cftestataltarapaca.cl\/inicio\/#organization","name":"CFT Estatal Tarapac\u00e1","url":"https:\/\/www.cftestataltarapaca.cl\/inicio\/","logo":{"@type":"ImageObject","inLanguage":"es","@id":"https:\/\/www.cftestataltarapaca.cl\/inicio\/#\/schema\/logo\/image\/","url":"https:\/\/www.cftestataltarapaca.cl\/inicio\/wp-content\/uploads\/2019\/03\/logo-retina-1.png","contentUrl":"https:\/\/www.cftestataltarapaca.cl\/inicio\/wp-content\/uploads\/2019\/03\/logo-retina-1.png","width":401,"height":150,"caption":"CFT Estatal Tarapac\u00e1"},"image":{"@id":"https:\/\/www.cftestataltarapaca.cl\/inicio\/#\/schema\/logo\/image\/"},"sameAs":["https:\/\/www.facebook.com\/CFTestataltarapaca\/","https:\/\/x.com\/CFTesTarapaca","https:\/\/www.instagram.com\/CFTestataltarapaca\/"]},{"@type":"Person","@id":"https:\/\/www.cftestataltarapaca.cl\/inicio\/#\/schema\/person\/ad1fbfa1fa7c3d3889f4ae5401dd660e","name":"Comunicaciones","image":{"@type":"ImageObject","inLanguage":"es","@id":"https:\/\/secure.gravatar.com\/avatar\/ed1c2728327f20a5a62edaeb7dc181858f225b765044c5314c3d1059a1bd992f?s=96&d=mm&r=g","url":"https:\/\/secure.gravatar.com\/avatar\/ed1c2728327f20a5a62edaeb7dc181858f225b765044c5314c3d1059a1bd992f?s=96&d=mm&r=g","contentUrl":"https:\/\/secure.gravatar.com\/avatar\/ed1c2728327f20a5a62edaeb7dc181858f225b765044c5314c3d1059a1bd992f?s=96&d=mm&r=g","caption":"Comunicaciones"},"sameAs":["http:\/\/www.cftestataltarapaca.cl"],"url":"https:\/\/www.cftestataltarapaca.cl\/inicio\/author\/comunicaciones\/"}]}},"publishpress_future_action":{"enabled":false,"date":"2026-05-08 15:09:29","action":"change-status","newStatus":"draft","terms":[],"taxonomy":"category","extraData":[]},"publishpress_future_workflow_manual_trigger":{"enabledWorkflows":[]},"_links":{"self":[{"href":"https:\/\/www.cftestataltarapaca.cl\/inicio\/wp-json\/wp\/v2\/posts\/4253","targetHints":{"allow":["GET"]}}],"collection":[{"href":"https:\/\/www.cftestataltarapaca.cl\/inicio\/wp-json\/wp\/v2\/posts"}],"about":[{"href":"https:\/\/www.cftestataltarapaca.cl\/inicio\/wp-json\/wp\/v2\/types\/post"}],"author":[{"embeddable":true,"href":"https:\/\/www.cftestataltarapaca.cl\/inicio\/wp-json\/wp\/v2\/users\/2"}],"replies":[{"embeddable":true,"href":"https:\/\/www.cftestataltarapaca.cl\/inicio\/wp-json\/wp\/v2\/comments?post=4253"}],"version-history":[{"count":2,"href":"https:\/\/www.cftestataltarapaca.cl\/inicio\/wp-json\/wp\/v2\/posts\/4253\/revisions"}],"predecessor-version":[{"id":4286,"href":"https:\/\/www.cftestataltarapaca.cl\/inicio\/wp-json\/wp\/v2\/posts\/4253\/revisions\/4286"}],"wp:featuredmedia":[{"embeddable":true,"href":"https:\/\/www.cftestataltarapaca.cl\/inicio\/wp-json\/wp\/v2\/media\/4254"}],"wp:attachment":[{"href":"https:\/\/www.cftestataltarapaca.cl\/inicio\/wp-json\/wp\/v2\/media?parent=4253"}],"wp:term":[{"taxonomy":"category","embeddable":true,"href":"https:\/\/www.cftestataltarapaca.cl\/inicio\/wp-json\/wp\/v2\/categories?post=4253"},{"taxonomy":"post_tag","embeddable":true,"href":"https:\/\/www.cftestataltarapaca.cl\/inicio\/wp-json\/wp\/v2\/tags?post=4253"}],"curies":[{"name":"wp","href":"https:\/\/api.w.org\/{rel}","templated":true}]}}