{"id":4303,"date":"2020-04-21T21:05:22","date_gmt":"2020-04-21T21:05:22","guid":{"rendered":"https:\/\/www.cftestataltarapaca.cl\/inicio\/?p=4303"},"modified":"2020-04-24T21:26:33","modified_gmt":"2020-04-24T21:26:33","slug":"estimada-comunidad-cft-estatal-de-tarapaca","status":"publish","type":"post","link":"https:\/\/www.cftestataltarapaca.cl\/inicio\/2020\/04\/21\/estimada-comunidad-cft-estatal-de-tarapaca\/","title":{"rendered":"Comunicado CFT Estatal Tarapac\u00e1"},"content":{"rendered":"<p style=\"text-align: justify\">Dada la contingencia actual que estamos enfrentando, por la pandemia mundial que nos afecta de Covid19, y que nos ha impedido desarrollar un semestre acad\u00e9mico de manera normal, en el \u00e1rea acad\u00e9mica, se han tomado las siguientes medidas que permiten dar continuidad al proceso ense\u00f1anza aprendizaje.<!--more--><\/p>\n<p style=\"text-align: justify\"><strong>Trabajo remoto y turnos \u00e9ticos<\/strong><\/p>\n<p style=\"text-align: justify\">Se implement\u00f3 sistema de trabajo de manera virtual y turnos \u00e9ticos, en las dependencias del CFT, con dos personas de lunes a viernes, en horario de 08:30 a 14.30 hrs. para atender cualquier requerimiento de alumnos.<\/p>\n<p style=\"text-align: justify\">Por otra parte, para los alumnos que no pueden asistir a realizar consultas al CFT, se est\u00e1 realizando trabajo en modalidad a distancia, para continuar con el proceso de gesti\u00f3n acad\u00e9mica de manera continua.<\/p>\n<p style=\"text-align: justify\"><strong>Calendario Acad\u00e9mico<\/strong><\/p>\n<p style=\"text-align: justify\">Con el fin de lograr todos los aprendizajes que comprende las asignaturas que se imparten este semestre, se ha reprogramado la planificaci\u00f3n de cada una de ellas, de tal forma que todos los contenidos te\u00f3ricos sean revisados en modalidad on line, modalidad que estamos obligados a utilizar dada las instrucciones de la autoridad sanitaria del pa\u00eds, que nos imposibilita realizar clases presenciales. Una vez que estemos autorizados para retornar a modalidad presencial se revisar\u00e1n solo las actividades pr\u00e1cticas que comprenden las asignaturas, m\u00e1s un reforzamiento de los contenidos ya visto.<\/p>\n<p style=\"text-align: justify\">Respecto de la calendarizaci\u00f3n para el t\u00e9rmino de semestre e inicio del segundo semestre, depender\u00e1 de las medidas que tome la autoridad nacional en funci\u00f3n de c\u00f3mo evolucione esta contingencia sanitaria.<\/p>\n<p style=\"text-align: justify\">Si esta crisis y emergencia generada por la pandemia, evoluciona en forma satisfactoria, seg\u00fan el escenario que se est\u00e1 observando en base a las medidas tomadas por la autoridad nacional\u00a0 y si las condiciones lo permiten, podr\u00edamos esperar regresar a clases presenciales a partir del lunes 01 de junio, con los matices y gradualidad que sea necesario aplicar.<\/p>\n<p style=\"text-align: justify\"><strong><br \/>\n<\/strong><strong>Docencia a distancia<\/strong><\/p>\n<p style=\"text-align: justify\">Dado los hechos ya mencionados producto del Covid 19, que impiden realizar clases presenciales, el CFT Estatal de Tarapac\u00e1 ha considerado necesario impartir asignaturas presenciales en modalidad on line, mientras sea necesario y con el fin de no detener el proceso ense\u00f1anza aprendizaje durante el semestre, sino por el contario darle continuidad. Para ello se utiliza la plataforma de aprendizaje virtual ClassRoom<\/p>\n<p style=\"text-align: justify\"><strong>Clases con soporte On Line<\/strong><\/p>\n<p style=\"text-align: justify\">Las clases on line se realizan en los horarios planificados y en ellas el docente se encuentra disponible, para interactuar y responder dudas o solicitudes de los estudiantes, en las plataformas definidas.<\/p>\n<p style=\"text-align: justify\">Junto con la plataforma ClassRoom, el docente utiliza el medio m\u00e1s id\u00f3neo para establecer una comunicaci\u00f3n fluida en sus clases, utilizando como complemento el recurso video llamadas, las que son guardadas para que el estudiante pueda recurrir a dicho material posteriormente. De igual manera ocurre con material como: gu\u00edas, apuntes, c\u00e1psulas en videos, presentaciones power point, y otros.<\/p>\n<p style=\"text-align: justify\"><strong>\u00a0<\/strong><strong>Apoyo acad\u00e9mico y Psicosocial al alumno<\/strong><\/p>\n<p style=\"text-align: justify\">Se ha definido un Sistema de Apoyo al Alumno que comprende, todas las intervenciones que se estiman necesarias a nivel institucional, para nivelar sus competencias de entrada, incentivar la continuidad y mejorar su progresi\u00f3n acad\u00e9mica.<\/p>\n<ol>\n<li style=\"text-align: justify\">Desde el proceso de ense\u00f1anza-aprendizaje, este sistema considera intervenciones en dos v\u00e9rtices que sostienen el proceso de ense\u00f1anza-aprendizaje: alumno y docente<\/li>\n<li style=\"text-align: justify\">Desde los \u00e1mbitos de apoyo en esta contingencia en la progresi\u00f3n acad\u00e9mica del alumno, se consideran intervenciones en tres aspectos: Desempe\u00f1o acad\u00e9mico, Financiamiento, \u00c1rea Psicosocial.<\/li>\n<\/ol>\n<p style=\"text-align: justify\"><strong>Apoyo Acad\u00e9mico<\/strong><\/p>\n<p style=\"text-align: justify\">Con el fin de hacer frente de la mejor manera posible esta contingencia, para este primer semestre de 2020, se han tomado excepcionalmente, las siguientes medidas acad\u00e9micas que faciliten su buen cierre y logro de aprendizajes de los alumnos:<\/p>\n<ul>\n<li style=\"text-align: justify\">Asistencia. se libera como requisito de aprobaci\u00f3n de las asignaturas y ayudant\u00edas.<\/li>\n<li style=\"text-align: justify\">Numero de evaluaciones del tipo catedra. Se acota el n\u00famero de estas, a dos, complementando el resto, para llegar a lo planificado y en base a lo establecido en reglamento acad\u00e9mico respecto la cantidad de evaluaciones m\u00ednimas, con evaluaciones formativas a lo largo del semestre, y adecuando sus ponderaciones seg\u00fan la cantidad de contenidos a revisar, siempre orientado al buen resultado de aprendizaje del alumno<\/li>\n<li style=\"text-align: justify\">Examen final, se suspende y se mantiene la opci\u00f3n de examen de repetici\u00f3n, en caso de reprobaci\u00f3n de asignaturas lectivas y si el alumno as\u00ed lo solicita.<\/li>\n<li style=\"text-align: justify\">Se define utilizar como instrumentos de evaluaci\u00f3n on line a: m\u00e9todo de casos, trabajos colaborativos, aprendizaje basado en problemas, aprendizaje basado en proyectos\/desaf\u00edos, foros, debates, trabajos pr\u00e1cticos incorporando el entorno pr\u00f3ximo del estudiante y que se relacione con la especialidad en estudio, y otros similares.<\/li>\n<\/ul>\n<p style=\"text-align: justify\"><strong>\u00a0 \u00a0Ayudant\u00edas <\/strong><\/p>\n<p style=\"text-align: justify\">Estas se realizar\u00e1n desde el mes de mayo hasta fines de junio, mediante la modalidad on line, para aquellas que sea posible<\/p>\n<p style=\"text-align: justify\">Adem\u00e1s, los alumnos contar\u00e1n con capsulas educativas y material de apoyo de acompa\u00f1amiento virtual entregadas por el respectivo docente de la asignatura.<\/p>\n<p style=\"text-align: justify\"><strong>\u00a0 \u00a0Reducci\u00f3n de carga a acad\u00e9mica y ex\u00e1menes de conocimientos previos<\/strong><\/p>\n<p style=\"text-align: justify\">Se ampl\u00eda plazo para reducir carga acad\u00e9mica mediante la renuncia a la asignatura (siempre que no se est\u00e9 cursando en segunda oportunidad) o a trav\u00e9s de rendici\u00f3n de ex\u00e1menes de conocimientos previos, hasta el 29 de mayo.<\/p>\n<p style=\"text-align: justify\">Esta iniciativa surge como medida de apoyo a disminuir la carga acad\u00e9mica online que tienen los alumnos, con el fin de no saturarlos con en el estr\u00e9s provocado por la adaptaci\u00f3n a una forma distinta de cursar el semestre, siempre que no afecte su situaci\u00f3n seg\u00fan los beneficios del Estado que posea.<\/p>\n<p style=\"text-align: justify\"><strong>\u00a0 \u00a0Apoyo Psicopedag\u00f3gico:<\/strong><\/p>\n<p style=\"text-align: justify\">Durante este proceso de trabajo virtual, se aplicar\u00e1 un programa de acompa\u00f1amiento a estudiantes, a trav\u00e9s de apoyo y asesoramiento psico-educativo, realizado por la encargada de aseguramiento del aprendizaje, para ayudarlo y contenerlos con los problemas y efectos que puedan surgir a trav\u00e9s de la metodolog\u00eda de clases online, organizando rutinas de estudios y as\u00ed estar bien preparados para enfrentar la formaci\u00f3n acad\u00e9mica a distancia. Esto operar\u00e1 a mediante videollamadas y citas previamente programadas, a trav\u00e9s de la p\u00e1gina web del CFT.<\/p>\n<p style=\"text-align: justify\"><strong>Apoyo social e integral<\/strong><\/p>\n<p><strong>\u00a0 \u00a0Creaci\u00f3n de una bolsa de trabajo virtual.<\/strong><\/p>\n<p style=\"text-align: justify\">Orientada a los alumnos que est\u00e1n en b\u00fasqueda de trabajo permanente o part time. Se informar\u00e1 oficialmente cuando est\u00e9 operativa.<\/p>\n<p><strong>\u00a0 \u00a0Bienestar Estudiantil<\/strong><\/p>\n<p style=\"text-align: justify\">Orientaci\u00f3n y atenci\u00f3n personalizada en forma remota a todos los alumnos que hagan consultas respectos sus procesos de postulaci\u00f3n y beneficios en general.<\/p>\n<p style=\"text-align: justify\">Se defini\u00f3 un seguimiento personalizado a los alumnos, para el proceso de asignaci\u00f3n de beneficios 2020 y renovaci\u00f3n.<\/p>\n<p><strong>\u00a0 \u00a0Buz\u00f3n de Sugerencia <\/strong><\/p>\n<p style=\"text-align: justify\">Se crea esta instancia de comunicaci\u00f3n, destinada a los alumnos, de tal forma que puedan expresar cualquier inquietud, duda, reclamo, felicitaci\u00f3n, etc., con un plazo de 72 horas h\u00e1biles de respuesta a su correo.<\/p>\n<p><strong>\u00a0 \u00a0Brechas digitales<\/strong><\/p>\n<p style=\"text-align: justify\">Luego de haber identificado a los alumnos que m\u00e1s lo requieren y que presentan problemas socioecon\u00f3micos y de acceso a conectividad de internet, se les apoyar\u00e1 con el beneficio de bolsas de GB de datos o entrega de material impreso de lo visto en clases.<\/p>\n<p><strong>\u00a0 \u00a0Deporte y Recreaci\u00f3n<\/strong><\/p>\n<p style=\"text-align: justify\">A trav\u00e9s de RRSS se difunden capsulas, preparadas por el \u00e1rea de deportes y recreaci\u00f3n y comunicaciones, con videos de ejercicios f\u00edsicos que la comunidad educativa puede realizar, con elementos de casa y que permitan evitar el sedentarismo y disminuir los niveles de estr\u00e9s en este proceso.<\/p>\n<p>&nbsp;<\/p>\n<p style=\"text-align: justify\"><strong>Beneficios y Financiamiento Estudiantil<\/strong><\/p>\n<p style=\"text-align: justify\">Se implement\u00f3 un sistema de apoyo a los estudiantes con problemas econ\u00f3mico, seg\u00fan las medidas de flexibilizaci\u00f3n de pago de matr\u00edcula y aranceles, informadas a todos los alumnos por la Direcci\u00f3n Econ\u00f3mica y Administrativa.<\/p>\n<p style=\"text-align: justify\">Nuestros estudiantes pueden optar a los beneficios y financiamientos del Estado que MINEDUC ofrece en su plataforma Beneficios Estudiantiles, <a href=\"http:\/\/portal.beneficiosestudiantiles.cl\/\">http:\/\/portal.beneficiosestudiantiles.cl\/<\/a><\/p>\n<p style=\"text-align: justify\">Invitamos a todos los miembros de la comunidad CFT Estatal de Tarapac\u00e1 a mantenerse informados, ante cualquier nueva comunicaci\u00f3n.<\/p>\n<p>&nbsp;<\/p>\n<p>Direcci\u00f3n Acad\u00e9mica<\/p>\n<p>CFT Estatal de Tarapac\u00e1<\/p>\n<p>&nbsp;<\/p>\n","protected":false},"excerpt":{"rendered":"<p>Dada la contingencia actual que estamos enfrentando, por la pandemia mundial que nos afecta de Covid19, y que nos ha impedido desarrollar un semestre acad\u00e9mico de manera normal, en el&#8230;<\/p>\n","protected":false},"author":2,"featured_media":3875,"comment_status":"open","ping_status":"open","sticky":false,"template":"","format":"standard","meta":{"_joinchat":[],"footnotes":""},"categories":[49,52,118],"tags":[75,86,104,80,67,68],"class_list":["post-4303","post","type-post","status-publish","format-standard","has-post-thumbnail","hentry","category-academico","category-comunicados","category-covid-19","tag-alto-hospicio","tag-cft-estatal-tarapaca","tag-clases","tag-educacion","tag-tarapaca","tag-tecnicos"],"yoast_head":"<!-- This site is optimized with the Yoast SEO plugin v27.4 - https:\/\/yoast.com\/product\/yoast-seo-wordpress\/ -->\n<title>Comunicado CFT Estatal Tarapac\u00e1 - CFT Estatal Tarapac\u00e1<\/title>\n<meta name=\"robots\" content=\"index, follow, max-snippet:-1, max-image-preview:large, max-video-preview:-1\" \/>\n<link rel=\"canonical\" href=\"https:\/\/www.cftestataltarapaca.cl\/inicio\/2020\/04\/21\/estimada-comunidad-cft-estatal-de-tarapaca\/\" \/>\n<meta property=\"og:locale\" content=\"es_ES\" \/>\n<meta property=\"og:type\" content=\"article\" \/>\n<meta property=\"og:title\" content=\"Comunicado CFT Estatal Tarapac\u00e1 - CFT Estatal Tarapac\u00e1\" \/>\n<meta property=\"og:description\" content=\"Dada la contingencia actual que estamos enfrentando, por la pandemia mundial que nos afecta de Covid19, y que nos ha impedido desarrollar un semestre acad\u00e9mico de manera normal, en el...\" \/>\n<meta property=\"og:url\" content=\"https:\/\/www.cftestataltarapaca.cl\/inicio\/2020\/04\/21\/estimada-comunidad-cft-estatal-de-tarapaca\/\" \/>\n<meta property=\"og:site_name\" content=\"CFT Estatal Tarapac\u00e1\" \/>\n<meta property=\"article:publisher\" content=\"https:\/\/www.facebook.com\/CFTestataltarapaca\/\" \/>\n<meta property=\"article:published_time\" content=\"2020-04-21T21:05:22+00:00\" \/>\n<meta property=\"article:modified_time\" content=\"2020-04-24T21:26:33+00:00\" \/>\n<meta property=\"og:image\" content=\"https:\/\/www.cftestataltarapaca.cl\/inicio\/wp-content\/uploads\/2020\/03\/comunicados.jpg\" \/>\n\t<meta property=\"og:image:width\" content=\"1720\" \/>\n\t<meta property=\"og:image:height\" content=\"1080\" \/>\n\t<meta property=\"og:image:type\" content=\"image\/jpeg\" \/>\n<meta name=\"author\" content=\"Comunicaciones\" \/>\n<meta name=\"twitter:card\" content=\"summary_large_image\" \/>\n<meta name=\"twitter:creator\" content=\"@CFTesTarapaca\" \/>\n<meta name=\"twitter:site\" content=\"@CFTesTarapaca\" \/>\n<meta name=\"twitter:label1\" content=\"Escrito por\" \/>\n\t<meta name=\"twitter:data1\" content=\"Comunicaciones\" \/>\n\t<meta name=\"twitter:label2\" content=\"Tiempo de lectura\" \/>\n\t<meta name=\"twitter:data2\" content=\"7 minutos\" \/>\n<script type=\"application\/ld+json\" class=\"yoast-schema-graph\">{\"@context\":\"https:\\\/\\\/schema.org\",\"@graph\":[{\"@type\":\"Article\",\"@id\":\"https:\\\/\\\/www.cftestataltarapaca.cl\\\/inicio\\\/2020\\\/04\\\/21\\\/estimada-comunidad-cft-estatal-de-tarapaca\\\/#article\",\"isPartOf\":{\"@id\":\"https:\\\/\\\/www.cftestataltarapaca.cl\\\/inicio\\\/2020\\\/04\\\/21\\\/estimada-comunidad-cft-estatal-de-tarapaca\\\/\"},\"author\":{\"name\":\"Comunicaciones\",\"@id\":\"https:\\\/\\\/www.cftestataltarapaca.cl\\\/inicio\\\/#\\\/schema\\\/person\\\/ad1fbfa1fa7c3d3889f4ae5401dd660e\"},\"headline\":\"Comunicado CFT Estatal Tarapac\u00e1\",\"datePublished\":\"2020-04-21T21:05:22+00:00\",\"dateModified\":\"2020-04-24T21:26:33+00:00\",\"mainEntityOfPage\":{\"@id\":\"https:\\\/\\\/www.cftestataltarapaca.cl\\\/inicio\\\/2020\\\/04\\\/21\\\/estimada-comunidad-cft-estatal-de-tarapaca\\\/\"},\"wordCount\":1366,\"commentCount\":0,\"publisher\":{\"@id\":\"https:\\\/\\\/www.cftestataltarapaca.cl\\\/inicio\\\/#organization\"},\"image\":{\"@id\":\"https:\\\/\\\/www.cftestataltarapaca.cl\\\/inicio\\\/2020\\\/04\\\/21\\\/estimada-comunidad-cft-estatal-de-tarapaca\\\/#primaryimage\"},\"thumbnailUrl\":\"https:\\\/\\\/www.cftestataltarapaca.cl\\\/inicio\\\/wp-content\\\/uploads\\\/2020\\\/03\\\/comunicados.jpg\",\"keywords\":[\"Alto Hospicio\",\"CFT Estatal Tarapac\u00e1\",\"Clases\",\"educaci\u00f3n\",\"Tarapac\u00e1\",\"t\u00e9cnicos\"],\"articleSection\":[\"Acad\u00e9mico\",\"Comunicados\",\"Covid 19\"],\"inLanguage\":\"es\",\"potentialAction\":[{\"@type\":\"CommentAction\",\"name\":\"Comment\",\"target\":[\"https:\\\/\\\/www.cftestataltarapaca.cl\\\/inicio\\\/2020\\\/04\\\/21\\\/estimada-comunidad-cft-estatal-de-tarapaca\\\/#respond\"]}]},{\"@type\":\"WebPage\",\"@id\":\"https:\\\/\\\/www.cftestataltarapaca.cl\\\/inicio\\\/2020\\\/04\\\/21\\\/estimada-comunidad-cft-estatal-de-tarapaca\\\/\",\"url\":\"https:\\\/\\\/www.cftestataltarapaca.cl\\\/inicio\\\/2020\\\/04\\\/21\\\/estimada-comunidad-cft-estatal-de-tarapaca\\\/\",\"name\":\"Comunicado CFT Estatal Tarapac\u00e1 - CFT Estatal Tarapac\u00e1\",\"isPartOf\":{\"@id\":\"https:\\\/\\\/www.cftestataltarapaca.cl\\\/inicio\\\/#website\"},\"primaryImageOfPage\":{\"@id\":\"https:\\\/\\\/www.cftestataltarapaca.cl\\\/inicio\\\/2020\\\/04\\\/21\\\/estimada-comunidad-cft-estatal-de-tarapaca\\\/#primaryimage\"},\"image\":{\"@id\":\"https:\\\/\\\/www.cftestataltarapaca.cl\\\/inicio\\\/2020\\\/04\\\/21\\\/estimada-comunidad-cft-estatal-de-tarapaca\\\/#primaryimage\"},\"thumbnailUrl\":\"https:\\\/\\\/www.cftestataltarapaca.cl\\\/inicio\\\/wp-content\\\/uploads\\\/2020\\\/03\\\/comunicados.jpg\",\"datePublished\":\"2020-04-21T21:05:22+00:00\",\"dateModified\":\"2020-04-24T21:26:33+00:00\",\"breadcrumb\":{\"@id\":\"https:\\\/\\\/www.cftestataltarapaca.cl\\\/inicio\\\/2020\\\/04\\\/21\\\/estimada-comunidad-cft-estatal-de-tarapaca\\\/#breadcrumb\"},\"inLanguage\":\"es\",\"potentialAction\":[{\"@type\":\"ReadAction\",\"target\":[\"https:\\\/\\\/www.cftestataltarapaca.cl\\\/inicio\\\/2020\\\/04\\\/21\\\/estimada-comunidad-cft-estatal-de-tarapaca\\\/\"]}]},{\"@type\":\"ImageObject\",\"inLanguage\":\"es\",\"@id\":\"https:\\\/\\\/www.cftestataltarapaca.cl\\\/inicio\\\/2020\\\/04\\\/21\\\/estimada-comunidad-cft-estatal-de-tarapaca\\\/#primaryimage\",\"url\":\"https:\\\/\\\/www.cftestataltarapaca.cl\\\/inicio\\\/wp-content\\\/uploads\\\/2020\\\/03\\\/comunicados.jpg\",\"contentUrl\":\"https:\\\/\\\/www.cftestataltarapaca.cl\\\/inicio\\\/wp-content\\\/uploads\\\/2020\\\/03\\\/comunicados.jpg\",\"width\":1720,\"height\":1080},{\"@type\":\"BreadcrumbList\",\"@id\":\"https:\\\/\\\/www.cftestataltarapaca.cl\\\/inicio\\\/2020\\\/04\\\/21\\\/estimada-comunidad-cft-estatal-de-tarapaca\\\/#breadcrumb\",\"itemListElement\":[{\"@type\":\"ListItem\",\"position\":1,\"name\":\"Portada\",\"item\":\"https:\\\/\\\/www.cftestataltarapaca.cl\\\/inicio\\\/\"},{\"@type\":\"ListItem\",\"position\":2,\"name\":\"Comunicado CFT Estatal Tarapac\u00e1\"}]},{\"@type\":\"WebSite\",\"@id\":\"https:\\\/\\\/www.cftestataltarapaca.cl\\\/inicio\\\/#website\",\"url\":\"https:\\\/\\\/www.cftestataltarapaca.cl\\\/inicio\\\/\",\"name\":\"CFT Estatal Tarapac\u00e1\",\"description\":\"Admisi\u00f3n 2025\",\"publisher\":{\"@id\":\"https:\\\/\\\/www.cftestataltarapaca.cl\\\/inicio\\\/#organization\"},\"potentialAction\":[{\"@type\":\"SearchAction\",\"target\":{\"@type\":\"EntryPoint\",\"urlTemplate\":\"https:\\\/\\\/www.cftestataltarapaca.cl\\\/inicio\\\/?s={search_term_string}\"},\"query-input\":{\"@type\":\"PropertyValueSpecification\",\"valueRequired\":true,\"valueName\":\"search_term_string\"}}],\"inLanguage\":\"es\"},{\"@type\":\"Organization\",\"@id\":\"https:\\\/\\\/www.cftestataltarapaca.cl\\\/inicio\\\/#organization\",\"name\":\"CFT Estatal Tarapac\u00e1\",\"url\":\"https:\\\/\\\/www.cftestataltarapaca.cl\\\/inicio\\\/\",\"logo\":{\"@type\":\"ImageObject\",\"inLanguage\":\"es\",\"@id\":\"https:\\\/\\\/www.cftestataltarapaca.cl\\\/inicio\\\/#\\\/schema\\\/logo\\\/image\\\/\",\"url\":\"https:\\\/\\\/www.cftestataltarapaca.cl\\\/inicio\\\/wp-content\\\/uploads\\\/2019\\\/03\\\/logo-retina-1.png\",\"contentUrl\":\"https:\\\/\\\/www.cftestataltarapaca.cl\\\/inicio\\\/wp-content\\\/uploads\\\/2019\\\/03\\\/logo-retina-1.png\",\"width\":401,\"height\":150,\"caption\":\"CFT Estatal Tarapac\u00e1\"},\"image\":{\"@id\":\"https:\\\/\\\/www.cftestataltarapaca.cl\\\/inicio\\\/#\\\/schema\\\/logo\\\/image\\\/\"},\"sameAs\":[\"https:\\\/\\\/www.facebook.com\\\/CFTestataltarapaca\\\/\",\"https:\\\/\\\/x.com\\\/CFTesTarapaca\",\"https:\\\/\\\/www.instagram.com\\\/CFTestataltarapaca\\\/\"]},{\"@type\":\"Person\",\"@id\":\"https:\\\/\\\/www.cftestataltarapaca.cl\\\/inicio\\\/#\\\/schema\\\/person\\\/ad1fbfa1fa7c3d3889f4ae5401dd660e\",\"name\":\"Comunicaciones\",\"image\":{\"@type\":\"ImageObject\",\"inLanguage\":\"es\",\"@id\":\"https:\\\/\\\/secure.gravatar.com\\\/avatar\\\/ed1c2728327f20a5a62edaeb7dc181858f225b765044c5314c3d1059a1bd992f?s=96&d=mm&r=g\",\"url\":\"https:\\\/\\\/secure.gravatar.com\\\/avatar\\\/ed1c2728327f20a5a62edaeb7dc181858f225b765044c5314c3d1059a1bd992f?s=96&d=mm&r=g\",\"contentUrl\":\"https:\\\/\\\/secure.gravatar.com\\\/avatar\\\/ed1c2728327f20a5a62edaeb7dc181858f225b765044c5314c3d1059a1bd992f?s=96&d=mm&r=g\",\"caption\":\"Comunicaciones\"},\"sameAs\":[\"http:\\\/\\\/www.cftestataltarapaca.cl\"],\"url\":\"https:\\\/\\\/www.cftestataltarapaca.cl\\\/inicio\\\/author\\\/comunicaciones\\\/\"}]}<\/script>\n<!-- \/ Yoast SEO plugin. -->","yoast_head_json":{"title":"Comunicado CFT Estatal Tarapac\u00e1 - CFT Estatal Tarapac\u00e1","robots":{"index":"index","follow":"follow","max-snippet":"max-snippet:-1","max-image-preview":"max-image-preview:large","max-video-preview":"max-video-preview:-1"},"canonical":"https:\/\/www.cftestataltarapaca.cl\/inicio\/2020\/04\/21\/estimada-comunidad-cft-estatal-de-tarapaca\/","og_locale":"es_ES","og_type":"article","og_title":"Comunicado CFT Estatal Tarapac\u00e1 - CFT Estatal Tarapac\u00e1","og_description":"Dada la contingencia actual que estamos enfrentando, por la pandemia mundial que nos afecta de Covid19, y que nos ha impedido desarrollar un semestre acad\u00e9mico de manera normal, en el...","og_url":"https:\/\/www.cftestataltarapaca.cl\/inicio\/2020\/04\/21\/estimada-comunidad-cft-estatal-de-tarapaca\/","og_site_name":"CFT Estatal Tarapac\u00e1","article_publisher":"https:\/\/www.facebook.com\/CFTestataltarapaca\/","article_published_time":"2020-04-21T21:05:22+00:00","article_modified_time":"2020-04-24T21:26:33+00:00","og_image":[{"width":1720,"height":1080,"url":"https:\/\/www.cftestataltarapaca.cl\/inicio\/wp-content\/uploads\/2020\/03\/comunicados.jpg","type":"image\/jpeg"}],"author":"Comunicaciones","twitter_card":"summary_large_image","twitter_creator":"@CFTesTarapaca","twitter_site":"@CFTesTarapaca","twitter_misc":{"Escrito por":"Comunicaciones","Tiempo de lectura":"7 minutos"},"schema":{"@context":"https:\/\/schema.org","@graph":[{"@type":"Article","@id":"https:\/\/www.cftestataltarapaca.cl\/inicio\/2020\/04\/21\/estimada-comunidad-cft-estatal-de-tarapaca\/#article","isPartOf":{"@id":"https:\/\/www.cftestataltarapaca.cl\/inicio\/2020\/04\/21\/estimada-comunidad-cft-estatal-de-tarapaca\/"},"author":{"name":"Comunicaciones","@id":"https:\/\/www.cftestataltarapaca.cl\/inicio\/#\/schema\/person\/ad1fbfa1fa7c3d3889f4ae5401dd660e"},"headline":"Comunicado CFT Estatal Tarapac\u00e1","datePublished":"2020-04-21T21:05:22+00:00","dateModified":"2020-04-24T21:26:33+00:00","mainEntityOfPage":{"@id":"https:\/\/www.cftestataltarapaca.cl\/inicio\/2020\/04\/21\/estimada-comunidad-cft-estatal-de-tarapaca\/"},"wordCount":1366,"commentCount":0,"publisher":{"@id":"https:\/\/www.cftestataltarapaca.cl\/inicio\/#organization"},"image":{"@id":"https:\/\/www.cftestataltarapaca.cl\/inicio\/2020\/04\/21\/estimada-comunidad-cft-estatal-de-tarapaca\/#primaryimage"},"thumbnailUrl":"https:\/\/www.cftestataltarapaca.cl\/inicio\/wp-content\/uploads\/2020\/03\/comunicados.jpg","keywords":["Alto Hospicio","CFT Estatal Tarapac\u00e1","Clases","educaci\u00f3n","Tarapac\u00e1","t\u00e9cnicos"],"articleSection":["Acad\u00e9mico","Comunicados","Covid 19"],"inLanguage":"es","potentialAction":[{"@type":"CommentAction","name":"Comment","target":["https:\/\/www.cftestataltarapaca.cl\/inicio\/2020\/04\/21\/estimada-comunidad-cft-estatal-de-tarapaca\/#respond"]}]},{"@type":"WebPage","@id":"https:\/\/www.cftestataltarapaca.cl\/inicio\/2020\/04\/21\/estimada-comunidad-cft-estatal-de-tarapaca\/","url":"https:\/\/www.cftestataltarapaca.cl\/inicio\/2020\/04\/21\/estimada-comunidad-cft-estatal-de-tarapaca\/","name":"Comunicado CFT Estatal Tarapac\u00e1 - CFT Estatal Tarapac\u00e1","isPartOf":{"@id":"https:\/\/www.cftestataltarapaca.cl\/inicio\/#website"},"primaryImageOfPage":{"@id":"https:\/\/www.cftestataltarapaca.cl\/inicio\/2020\/04\/21\/estimada-comunidad-cft-estatal-de-tarapaca\/#primaryimage"},"image":{"@id":"https:\/\/www.cftestataltarapaca.cl\/inicio\/2020\/04\/21\/estimada-comunidad-cft-estatal-de-tarapaca\/#primaryimage"},"thumbnailUrl":"https:\/\/www.cftestataltarapaca.cl\/inicio\/wp-content\/uploads\/2020\/03\/comunicados.jpg","datePublished":"2020-04-21T21:05:22+00:00","dateModified":"2020-04-24T21:26:33+00:00","breadcrumb":{"@id":"https:\/\/www.cftestataltarapaca.cl\/inicio\/2020\/04\/21\/estimada-comunidad-cft-estatal-de-tarapaca\/#breadcrumb"},"inLanguage":"es","potentialAction":[{"@type":"ReadAction","target":["https:\/\/www.cftestataltarapaca.cl\/inicio\/2020\/04\/21\/estimada-comunidad-cft-estatal-de-tarapaca\/"]}]},{"@type":"ImageObject","inLanguage":"es","@id":"https:\/\/www.cftestataltarapaca.cl\/inicio\/2020\/04\/21\/estimada-comunidad-cft-estatal-de-tarapaca\/#primaryimage","url":"https:\/\/www.cftestataltarapaca.cl\/inicio\/wp-content\/uploads\/2020\/03\/comunicados.jpg","contentUrl":"https:\/\/www.cftestataltarapaca.cl\/inicio\/wp-content\/uploads\/2020\/03\/comunicados.jpg","width":1720,"height":1080},{"@type":"BreadcrumbList","@id":"https:\/\/www.cftestataltarapaca.cl\/inicio\/2020\/04\/21\/estimada-comunidad-cft-estatal-de-tarapaca\/#breadcrumb","itemListElement":[{"@type":"ListItem","position":1,"name":"Portada","item":"https:\/\/www.cftestataltarapaca.cl\/inicio\/"},{"@type":"ListItem","position":2,"name":"Comunicado CFT Estatal Tarapac\u00e1"}]},{"@type":"WebSite","@id":"https:\/\/www.cftestataltarapaca.cl\/inicio\/#website","url":"https:\/\/www.cftestataltarapaca.cl\/inicio\/","name":"CFT Estatal Tarapac\u00e1","description":"Admisi\u00f3n 2025","publisher":{"@id":"https:\/\/www.cftestataltarapaca.cl\/inicio\/#organization"},"potentialAction":[{"@type":"SearchAction","target":{"@type":"EntryPoint","urlTemplate":"https:\/\/www.cftestataltarapaca.cl\/inicio\/?s={search_term_string}"},"query-input":{"@type":"PropertyValueSpecification","valueRequired":true,"valueName":"search_term_string"}}],"inLanguage":"es"},{"@type":"Organization","@id":"https:\/\/www.cftestataltarapaca.cl\/inicio\/#organization","name":"CFT Estatal Tarapac\u00e1","url":"https:\/\/www.cftestataltarapaca.cl\/inicio\/","logo":{"@type":"ImageObject","inLanguage":"es","@id":"https:\/\/www.cftestataltarapaca.cl\/inicio\/#\/schema\/logo\/image\/","url":"https:\/\/www.cftestataltarapaca.cl\/inicio\/wp-content\/uploads\/2019\/03\/logo-retina-1.png","contentUrl":"https:\/\/www.cftestataltarapaca.cl\/inicio\/wp-content\/uploads\/2019\/03\/logo-retina-1.png","width":401,"height":150,"caption":"CFT Estatal Tarapac\u00e1"},"image":{"@id":"https:\/\/www.cftestataltarapaca.cl\/inicio\/#\/schema\/logo\/image\/"},"sameAs":["https:\/\/www.facebook.com\/CFTestataltarapaca\/","https:\/\/x.com\/CFTesTarapaca","https:\/\/www.instagram.com\/CFTestataltarapaca\/"]},{"@type":"Person","@id":"https:\/\/www.cftestataltarapaca.cl\/inicio\/#\/schema\/person\/ad1fbfa1fa7c3d3889f4ae5401dd660e","name":"Comunicaciones","image":{"@type":"ImageObject","inLanguage":"es","@id":"https:\/\/secure.gravatar.com\/avatar\/ed1c2728327f20a5a62edaeb7dc181858f225b765044c5314c3d1059a1bd992f?s=96&d=mm&r=g","url":"https:\/\/secure.gravatar.com\/avatar\/ed1c2728327f20a5a62edaeb7dc181858f225b765044c5314c3d1059a1bd992f?s=96&d=mm&r=g","contentUrl":"https:\/\/secure.gravatar.com\/avatar\/ed1c2728327f20a5a62edaeb7dc181858f225b765044c5314c3d1059a1bd992f?s=96&d=mm&r=g","caption":"Comunicaciones"},"sameAs":["http:\/\/www.cftestataltarapaca.cl"],"url":"https:\/\/www.cftestataltarapaca.cl\/inicio\/author\/comunicaciones\/"}]}},"publishpress_future_action":{"enabled":false,"date":"2026-05-08 15:09:57","action":"change-status","newStatus":"draft","terms":[],"taxonomy":"category","extraData":[]},"publishpress_future_workflow_manual_trigger":{"enabledWorkflows":[]},"_links":{"self":[{"href":"https:\/\/www.cftestataltarapaca.cl\/inicio\/wp-json\/wp\/v2\/posts\/4303","targetHints":{"allow":["GET"]}}],"collection":[{"href":"https:\/\/www.cftestataltarapaca.cl\/inicio\/wp-json\/wp\/v2\/posts"}],"about":[{"href":"https:\/\/www.cftestataltarapaca.cl\/inicio\/wp-json\/wp\/v2\/types\/post"}],"author":[{"embeddable":true,"href":"https:\/\/www.cftestataltarapaca.cl\/inicio\/wp-json\/wp\/v2\/users\/2"}],"replies":[{"embeddable":true,"href":"https:\/\/www.cftestataltarapaca.cl\/inicio\/wp-json\/wp\/v2\/comments?post=4303"}],"version-history":[{"count":5,"href":"https:\/\/www.cftestataltarapaca.cl\/inicio\/wp-json\/wp\/v2\/posts\/4303\/revisions"}],"predecessor-version":[{"id":4332,"href":"https:\/\/www.cftestataltarapaca.cl\/inicio\/wp-json\/wp\/v2\/posts\/4303\/revisions\/4332"}],"wp:featuredmedia":[{"embeddable":true,"href":"https:\/\/www.cftestataltarapaca.cl\/inicio\/wp-json\/wp\/v2\/media\/3875"}],"wp:attachment":[{"href":"https:\/\/www.cftestataltarapaca.cl\/inicio\/wp-json\/wp\/v2\/media?parent=4303"}],"wp:term":[{"taxonomy":"category","embeddable":true,"href":"https:\/\/www.cftestataltarapaca.cl\/inicio\/wp-json\/wp\/v2\/categories?post=4303"},{"taxonomy":"post_tag","embeddable":true,"href":"https:\/\/www.cftestataltarapaca.cl\/inicio\/wp-json\/wp\/v2\/tags?post=4303"}],"curies":[{"name":"wp","href":"https:\/\/api.w.org\/{rel}","templated":true}]}}