{"id":4316,"date":"2020-04-23T20:03:17","date_gmt":"2020-04-23T20:03:17","guid":{"rendered":"https:\/\/www.cftestataltarapaca.cl\/inicio\/?p=4316"},"modified":"2020-04-23T20:03:17","modified_gmt":"2020-04-23T20:03:17","slug":"cft-estatal-tarapaca-forma-parte-de-consejo-asesor-empresarial-de-la-red-futuro-tecnico-de-mineduc","status":"publish","type":"post","link":"https:\/\/www.cftestataltarapaca.cl\/inicio\/2020\/04\/23\/cft-estatal-tarapaca-forma-parte-de-consejo-asesor-empresarial-de-la-red-futuro-tecnico-de-mineduc\/","title":{"rendered":"CFT Estatal Tarapac\u00e1 forma parte de Consejo Asesor Empresarial de la Red Futuro T\u00e9cnico de Mineduc"},"content":{"rendered":"<p style=\"text-align: justify\">Centro de Formaci\u00f3n T\u00e9cnica Estatal de Tarapac\u00e1 forma parte del Consejo Asesor Empresarial de la Red Futuro T\u00e9cnico, programa ejecutado por el Ministerio de Educaci\u00f3n, con colaboraci\u00f3n de la consultora Conexium y en la que participan instituciones formadoras y capacitadoras, junto al sector productivo local y servicios p\u00fablicos.<\/p>\n<p style=\"text-align: justify\">Mediante la modalidad de video conferencia se llev\u00f3 a cabo el proceso de constituci\u00f3n del organismo que busca contribuir a la pertinencia y calidad en la formaci\u00f3n de estudiantes t\u00e9cnicos de la regi\u00f3n.<\/p>\n<p style=\"text-align: justify\">Representados por el rector Jorge Villegas Ahumada y profesionales de la instituci\u00f3n, el CFT Estatal de Tarapac\u00e1 se sum\u00f3 a la instancia que trabaja por fortalecer la articulaci\u00f3n entre el mundo formativo y el sector productivo.<\/p>\n<p style=\"text-align: justify\">El Consejo Asesor empresarial re\u00fane a distintos gremios e instituciones p\u00fablicas y privadas de la regi\u00f3n, busca impulsar e instalar un \u00f3rgano regional intersectorial de gobernanza TP de Tarapac\u00e1, iniciando un proceso de alianzas y trabajo cooperativo.<\/p>\n","protected":false},"excerpt":{"rendered":"<p>Centro de Formaci\u00f3n T\u00e9cnica Estatal de Tarapac\u00e1 forma parte del Consejo Asesor Empresarial de la Red Futuro T\u00e9cnico, programa ejecutado por el Ministerio de Educaci\u00f3n, con colaboraci\u00f3n de la consultora&#8230;<\/p>\n","protected":false},"author":2,"featured_media":4317,"comment_status":"open","ping_status":"open","sticky":false,"template":"","format":"standard","meta":{"_joinchat":[],"footnotes":""},"categories":[49,52,45],"tags":[75,86,124],"class_list":["post-4316","post","type-post","status-publish","format-standard","has-post-thumbnail","hentry","category-academico","category-comunicados","category-vinculacion","tag-alto-hospicio","tag-cft-estatal-tarapaca","tag-formacion-tecnica"],"yoast_head":"<!-- This site is optimized with the Yoast SEO plugin v27.4 - https:\/\/yoast.com\/product\/yoast-seo-wordpress\/ -->\n<title>CFT Estatal Tarapac\u00e1 forma parte de Consejo Asesor Empresarial de la Red Futuro T\u00e9cnico de Mineduc - CFT Estatal Tarapac\u00e1<\/title>\n<meta name=\"robots\" content=\"index, follow, max-snippet:-1, max-image-preview:large, max-video-preview:-1\" \/>\n<link rel=\"canonical\" href=\"https:\/\/www.cftestataltarapaca.cl\/inicio\/2020\/04\/23\/cft-estatal-tarapaca-forma-parte-de-consejo-asesor-empresarial-de-la-red-futuro-tecnico-de-mineduc\/\" \/>\n<meta property=\"og:locale\" content=\"es_ES\" \/>\n<meta property=\"og:type\" content=\"article\" \/>\n<meta property=\"og:title\" content=\"CFT Estatal Tarapac\u00e1 forma parte de Consejo Asesor Empresarial de la Red Futuro T\u00e9cnico de Mineduc - CFT Estatal Tarapac\u00e1\" \/>\n<meta property=\"og:description\" content=\"Centro de Formaci\u00f3n T\u00e9cnica Estatal de Tarapac\u00e1 forma parte del Consejo Asesor Empresarial de la Red Futuro T\u00e9cnico, programa ejecutado por el Ministerio de Educaci\u00f3n, con colaboraci\u00f3n de la consultora...\" \/>\n<meta property=\"og:url\" content=\"https:\/\/www.cftestataltarapaca.cl\/inicio\/2020\/04\/23\/cft-estatal-tarapaca-forma-parte-de-consejo-asesor-empresarial-de-la-red-futuro-tecnico-de-mineduc\/\" \/>\n<meta property=\"og:site_name\" content=\"CFT Estatal Tarapac\u00e1\" \/>\n<meta property=\"article:publisher\" content=\"https:\/\/www.facebook.com\/CFTestataltarapaca\/\" \/>\n<meta property=\"article:published_time\" content=\"2020-04-23T20:03:17+00:00\" \/>\n<meta property=\"og:image\" content=\"https:\/\/www.cftestataltarapaca.cl\/inicio\/wp-content\/uploads\/2020\/04\/1.png\" \/>\n\t<meta property=\"og:image:width\" content=\"800\" \/>\n\t<meta property=\"og:image:height\" content=\"381\" \/>\n\t<meta property=\"og:image:type\" content=\"image\/png\" \/>\n<meta name=\"author\" content=\"Comunicaciones\" \/>\n<meta name=\"twitter:card\" content=\"summary_large_image\" \/>\n<meta name=\"twitter:creator\" content=\"@CFTesTarapaca\" \/>\n<meta name=\"twitter:site\" content=\"@CFTesTarapaca\" \/>\n<meta name=\"twitter:label1\" content=\"Escrito por\" \/>\n\t<meta name=\"twitter:data1\" content=\"Comunicaciones\" \/>\n\t<meta name=\"twitter:label2\" content=\"Tiempo de lectura\" \/>\n\t<meta name=\"twitter:data2\" content=\"1 minuto\" \/>\n<script type=\"application\/ld+json\" class=\"yoast-schema-graph\">{\"@context\":\"https:\\\/\\\/schema.org\",\"@graph\":[{\"@type\":\"Article\",\"@id\":\"https:\\\/\\\/www.cftestataltarapaca.cl\\\/inicio\\\/2020\\\/04\\\/23\\\/cft-estatal-tarapaca-forma-parte-de-consejo-asesor-empresarial-de-la-red-futuro-tecnico-de-mineduc\\\/#article\",\"isPartOf\":{\"@id\":\"https:\\\/\\\/www.cftestataltarapaca.cl\\\/inicio\\\/2020\\\/04\\\/23\\\/cft-estatal-tarapaca-forma-parte-de-consejo-asesor-empresarial-de-la-red-futuro-tecnico-de-mineduc\\\/\"},\"author\":{\"name\":\"Comunicaciones\",\"@id\":\"https:\\\/\\\/www.cftestataltarapaca.cl\\\/inicio\\\/#\\\/schema\\\/person\\\/ad1fbfa1fa7c3d3889f4ae5401dd660e\"},\"headline\":\"CFT Estatal Tarapac\u00e1 forma parte de Consejo Asesor Empresarial de la Red Futuro T\u00e9cnico de Mineduc\",\"datePublished\":\"2020-04-23T20:03:17+00:00\",\"mainEntityOfPage\":{\"@id\":\"https:\\\/\\\/www.cftestataltarapaca.cl\\\/inicio\\\/2020\\\/04\\\/23\\\/cft-estatal-tarapaca-forma-parte-de-consejo-asesor-empresarial-de-la-red-futuro-tecnico-de-mineduc\\\/\"},\"wordCount\":186,\"commentCount\":0,\"publisher\":{\"@id\":\"https:\\\/\\\/www.cftestataltarapaca.cl\\\/inicio\\\/#organization\"},\"image\":{\"@id\":\"https:\\\/\\\/www.cftestataltarapaca.cl\\\/inicio\\\/2020\\\/04\\\/23\\\/cft-estatal-tarapaca-forma-parte-de-consejo-asesor-empresarial-de-la-red-futuro-tecnico-de-mineduc\\\/#primaryimage\"},\"thumbnailUrl\":\"https:\\\/\\\/www.cftestataltarapaca.cl\\\/inicio\\\/wp-content\\\/uploads\\\/2020\\\/04\\\/1.png\",\"keywords\":[\"Alto Hospicio\",\"CFT Estatal Tarapac\u00e1\",\"Formaci\u00f3n T\u00e9cnica\"],\"articleSection\":[\"Acad\u00e9mico\",\"Comunicados\",\"Vinculaci\u00f3n\"],\"inLanguage\":\"es\",\"potentialAction\":[{\"@type\":\"CommentAction\",\"name\":\"Comment\",\"target\":[\"https:\\\/\\\/www.cftestataltarapaca.cl\\\/inicio\\\/2020\\\/04\\\/23\\\/cft-estatal-tarapaca-forma-parte-de-consejo-asesor-empresarial-de-la-red-futuro-tecnico-de-mineduc\\\/#respond\"]}]},{\"@type\":\"WebPage\",\"@id\":\"https:\\\/\\\/www.cftestataltarapaca.cl\\\/inicio\\\/2020\\\/04\\\/23\\\/cft-estatal-tarapaca-forma-parte-de-consejo-asesor-empresarial-de-la-red-futuro-tecnico-de-mineduc\\\/\",\"url\":\"https:\\\/\\\/www.cftestataltarapaca.cl\\\/inicio\\\/2020\\\/04\\\/23\\\/cft-estatal-tarapaca-forma-parte-de-consejo-asesor-empresarial-de-la-red-futuro-tecnico-de-mineduc\\\/\",\"name\":\"CFT Estatal Tarapac\u00e1 forma parte de Consejo Asesor Empresarial de la Red Futuro T\u00e9cnico de Mineduc - CFT Estatal Tarapac\u00e1\",\"isPartOf\":{\"@id\":\"https:\\\/\\\/www.cftestataltarapaca.cl\\\/inicio\\\/#website\"},\"primaryImageOfPage\":{\"@id\":\"https:\\\/\\\/www.cftestataltarapaca.cl\\\/inicio\\\/2020\\\/04\\\/23\\\/cft-estatal-tarapaca-forma-parte-de-consejo-asesor-empresarial-de-la-red-futuro-tecnico-de-mineduc\\\/#primaryimage\"},\"image\":{\"@id\":\"https:\\\/\\\/www.cftestataltarapaca.cl\\\/inicio\\\/2020\\\/04\\\/23\\\/cft-estatal-tarapaca-forma-parte-de-consejo-asesor-empresarial-de-la-red-futuro-tecnico-de-mineduc\\\/#primaryimage\"},\"thumbnailUrl\":\"https:\\\/\\\/www.cftestataltarapaca.cl\\\/inicio\\\/wp-content\\\/uploads\\\/2020\\\/04\\\/1.png\",\"datePublished\":\"2020-04-23T20:03:17+00:00\",\"breadcrumb\":{\"@id\":\"https:\\\/\\\/www.cftestataltarapaca.cl\\\/inicio\\\/2020\\\/04\\\/23\\\/cft-estatal-tarapaca-forma-parte-de-consejo-asesor-empresarial-de-la-red-futuro-tecnico-de-mineduc\\\/#breadcrumb\"},\"inLanguage\":\"es\",\"potentialAction\":[{\"@type\":\"ReadAction\",\"target\":[\"https:\\\/\\\/www.cftestataltarapaca.cl\\\/inicio\\\/2020\\\/04\\\/23\\\/cft-estatal-tarapaca-forma-parte-de-consejo-asesor-empresarial-de-la-red-futuro-tecnico-de-mineduc\\\/\"]}]},{\"@type\":\"ImageObject\",\"inLanguage\":\"es\",\"@id\":\"https:\\\/\\\/www.cftestataltarapaca.cl\\\/inicio\\\/2020\\\/04\\\/23\\\/cft-estatal-tarapaca-forma-parte-de-consejo-asesor-empresarial-de-la-red-futuro-tecnico-de-mineduc\\\/#primaryimage\",\"url\":\"https:\\\/\\\/www.cftestataltarapaca.cl\\\/inicio\\\/wp-content\\\/uploads\\\/2020\\\/04\\\/1.png\",\"contentUrl\":\"https:\\\/\\\/www.cftestataltarapaca.cl\\\/inicio\\\/wp-content\\\/uploads\\\/2020\\\/04\\\/1.png\",\"width\":800,\"height\":381},{\"@type\":\"BreadcrumbList\",\"@id\":\"https:\\\/\\\/www.cftestataltarapaca.cl\\\/inicio\\\/2020\\\/04\\\/23\\\/cft-estatal-tarapaca-forma-parte-de-consejo-asesor-empresarial-de-la-red-futuro-tecnico-de-mineduc\\\/#breadcrumb\",\"itemListElement\":[{\"@type\":\"ListItem\",\"position\":1,\"name\":\"Portada\",\"item\":\"https:\\\/\\\/www.cftestataltarapaca.cl\\\/inicio\\\/\"},{\"@type\":\"ListItem\",\"position\":2,\"name\":\"CFT Estatal Tarapac\u00e1 forma parte de Consejo Asesor Empresarial de la Red Futuro T\u00e9cnico de Mineduc\"}]},{\"@type\":\"WebSite\",\"@id\":\"https:\\\/\\\/www.cftestataltarapaca.cl\\\/inicio\\\/#website\",\"url\":\"https:\\\/\\\/www.cftestataltarapaca.cl\\\/inicio\\\/\",\"name\":\"CFT Estatal Tarapac\u00e1\",\"description\":\"Admisi\u00f3n 2025\",\"publisher\":{\"@id\":\"https:\\\/\\\/www.cftestataltarapaca.cl\\\/inicio\\\/#organization\"},\"potentialAction\":[{\"@type\":\"SearchAction\",\"target\":{\"@type\":\"EntryPoint\",\"urlTemplate\":\"https:\\\/\\\/www.cftestataltarapaca.cl\\\/inicio\\\/?s={search_term_string}\"},\"query-input\":{\"@type\":\"PropertyValueSpecification\",\"valueRequired\":true,\"valueName\":\"search_term_string\"}}],\"inLanguage\":\"es\"},{\"@type\":\"Organization\",\"@id\":\"https:\\\/\\\/www.cftestataltarapaca.cl\\\/inicio\\\/#organization\",\"name\":\"CFT Estatal Tarapac\u00e1\",\"url\":\"https:\\\/\\\/www.cftestataltarapaca.cl\\\/inicio\\\/\",\"logo\":{\"@type\":\"ImageObject\",\"inLanguage\":\"es\",\"@id\":\"https:\\\/\\\/www.cftestataltarapaca.cl\\\/inicio\\\/#\\\/schema\\\/logo\\\/image\\\/\",\"url\":\"https:\\\/\\\/www.cftestataltarapaca.cl\\\/inicio\\\/wp-content\\\/uploads\\\/2019\\\/03\\\/logo-retina-1.png\",\"contentUrl\":\"https:\\\/\\\/www.cftestataltarapaca.cl\\\/inicio\\\/wp-content\\\/uploads\\\/2019\\\/03\\\/logo-retina-1.png\",\"width\":401,\"height\":150,\"caption\":\"CFT Estatal Tarapac\u00e1\"},\"image\":{\"@id\":\"https:\\\/\\\/www.cftestataltarapaca.cl\\\/inicio\\\/#\\\/schema\\\/logo\\\/image\\\/\"},\"sameAs\":[\"https:\\\/\\\/www.facebook.com\\\/CFTestataltarapaca\\\/\",\"https:\\\/\\\/x.com\\\/CFTesTarapaca\",\"https:\\\/\\\/www.instagram.com\\\/CFTestataltarapaca\\\/\"]},{\"@type\":\"Person\",\"@id\":\"https:\\\/\\\/www.cftestataltarapaca.cl\\\/inicio\\\/#\\\/schema\\\/person\\\/ad1fbfa1fa7c3d3889f4ae5401dd660e\",\"name\":\"Comunicaciones\",\"image\":{\"@type\":\"ImageObject\",\"inLanguage\":\"es\",\"@id\":\"https:\\\/\\\/secure.gravatar.com\\\/avatar\\\/ed1c2728327f20a5a62edaeb7dc181858f225b765044c5314c3d1059a1bd992f?s=96&d=mm&r=g\",\"url\":\"https:\\\/\\\/secure.gravatar.com\\\/avatar\\\/ed1c2728327f20a5a62edaeb7dc181858f225b765044c5314c3d1059a1bd992f?s=96&d=mm&r=g\",\"contentUrl\":\"https:\\\/\\\/secure.gravatar.com\\\/avatar\\\/ed1c2728327f20a5a62edaeb7dc181858f225b765044c5314c3d1059a1bd992f?s=96&d=mm&r=g\",\"caption\":\"Comunicaciones\"},\"sameAs\":[\"http:\\\/\\\/www.cftestataltarapaca.cl\"],\"url\":\"https:\\\/\\\/www.cftestataltarapaca.cl\\\/inicio\\\/author\\\/comunicaciones\\\/\"}]}<\/script>\n<!-- \/ Yoast SEO plugin. -->","yoast_head_json":{"title":"CFT Estatal Tarapac\u00e1 forma parte de Consejo Asesor Empresarial de la Red Futuro T\u00e9cnico de Mineduc - CFT Estatal Tarapac\u00e1","robots":{"index":"index","follow":"follow","max-snippet":"max-snippet:-1","max-image-preview":"max-image-preview:large","max-video-preview":"max-video-preview:-1"},"canonical":"https:\/\/www.cftestataltarapaca.cl\/inicio\/2020\/04\/23\/cft-estatal-tarapaca-forma-parte-de-consejo-asesor-empresarial-de-la-red-futuro-tecnico-de-mineduc\/","og_locale":"es_ES","og_type":"article","og_title":"CFT Estatal Tarapac\u00e1 forma parte de Consejo Asesor Empresarial de la Red Futuro T\u00e9cnico de Mineduc - CFT Estatal Tarapac\u00e1","og_description":"Centro de Formaci\u00f3n T\u00e9cnica Estatal de Tarapac\u00e1 forma parte del Consejo Asesor Empresarial de la Red Futuro T\u00e9cnico, programa ejecutado por el Ministerio de Educaci\u00f3n, con colaboraci\u00f3n de la consultora...","og_url":"https:\/\/www.cftestataltarapaca.cl\/inicio\/2020\/04\/23\/cft-estatal-tarapaca-forma-parte-de-consejo-asesor-empresarial-de-la-red-futuro-tecnico-de-mineduc\/","og_site_name":"CFT Estatal Tarapac\u00e1","article_publisher":"https:\/\/www.facebook.com\/CFTestataltarapaca\/","article_published_time":"2020-04-23T20:03:17+00:00","og_image":[{"width":800,"height":381,"url":"https:\/\/www.cftestataltarapaca.cl\/inicio\/wp-content\/uploads\/2020\/04\/1.png","type":"image\/png"}],"author":"Comunicaciones","twitter_card":"summary_large_image","twitter_creator":"@CFTesTarapaca","twitter_site":"@CFTesTarapaca","twitter_misc":{"Escrito por":"Comunicaciones","Tiempo de lectura":"1 minuto"},"schema":{"@context":"https:\/\/schema.org","@graph":[{"@type":"Article","@id":"https:\/\/www.cftestataltarapaca.cl\/inicio\/2020\/04\/23\/cft-estatal-tarapaca-forma-parte-de-consejo-asesor-empresarial-de-la-red-futuro-tecnico-de-mineduc\/#article","isPartOf":{"@id":"https:\/\/www.cftestataltarapaca.cl\/inicio\/2020\/04\/23\/cft-estatal-tarapaca-forma-parte-de-consejo-asesor-empresarial-de-la-red-futuro-tecnico-de-mineduc\/"},"author":{"name":"Comunicaciones","@id":"https:\/\/www.cftestataltarapaca.cl\/inicio\/#\/schema\/person\/ad1fbfa1fa7c3d3889f4ae5401dd660e"},"headline":"CFT Estatal Tarapac\u00e1 forma parte de Consejo Asesor Empresarial de la Red Futuro T\u00e9cnico de Mineduc","datePublished":"2020-04-23T20:03:17+00:00","mainEntityOfPage":{"@id":"https:\/\/www.cftestataltarapaca.cl\/inicio\/2020\/04\/23\/cft-estatal-tarapaca-forma-parte-de-consejo-asesor-empresarial-de-la-red-futuro-tecnico-de-mineduc\/"},"wordCount":186,"commentCount":0,"publisher":{"@id":"https:\/\/www.cftestataltarapaca.cl\/inicio\/#organization"},"image":{"@id":"https:\/\/www.cftestataltarapaca.cl\/inicio\/2020\/04\/23\/cft-estatal-tarapaca-forma-parte-de-consejo-asesor-empresarial-de-la-red-futuro-tecnico-de-mineduc\/#primaryimage"},"thumbnailUrl":"https:\/\/www.cftestataltarapaca.cl\/inicio\/wp-content\/uploads\/2020\/04\/1.png","keywords":["Alto Hospicio","CFT Estatal Tarapac\u00e1","Formaci\u00f3n T\u00e9cnica"],"articleSection":["Acad\u00e9mico","Comunicados","Vinculaci\u00f3n"],"inLanguage":"es","potentialAction":[{"@type":"CommentAction","name":"Comment","target":["https:\/\/www.cftestataltarapaca.cl\/inicio\/2020\/04\/23\/cft-estatal-tarapaca-forma-parte-de-consejo-asesor-empresarial-de-la-red-futuro-tecnico-de-mineduc\/#respond"]}]},{"@type":"WebPage","@id":"https:\/\/www.cftestataltarapaca.cl\/inicio\/2020\/04\/23\/cft-estatal-tarapaca-forma-parte-de-consejo-asesor-empresarial-de-la-red-futuro-tecnico-de-mineduc\/","url":"https:\/\/www.cftestataltarapaca.cl\/inicio\/2020\/04\/23\/cft-estatal-tarapaca-forma-parte-de-consejo-asesor-empresarial-de-la-red-futuro-tecnico-de-mineduc\/","name":"CFT Estatal Tarapac\u00e1 forma parte de Consejo Asesor Empresarial de la Red Futuro T\u00e9cnico de Mineduc - CFT Estatal Tarapac\u00e1","isPartOf":{"@id":"https:\/\/www.cftestataltarapaca.cl\/inicio\/#website"},"primaryImageOfPage":{"@id":"https:\/\/www.cftestataltarapaca.cl\/inicio\/2020\/04\/23\/cft-estatal-tarapaca-forma-parte-de-consejo-asesor-empresarial-de-la-red-futuro-tecnico-de-mineduc\/#primaryimage"},"image":{"@id":"https:\/\/www.cftestataltarapaca.cl\/inicio\/2020\/04\/23\/cft-estatal-tarapaca-forma-parte-de-consejo-asesor-empresarial-de-la-red-futuro-tecnico-de-mineduc\/#primaryimage"},"thumbnailUrl":"https:\/\/www.cftestataltarapaca.cl\/inicio\/wp-content\/uploads\/2020\/04\/1.png","datePublished":"2020-04-23T20:03:17+00:00","breadcrumb":{"@id":"https:\/\/www.cftestataltarapaca.cl\/inicio\/2020\/04\/23\/cft-estatal-tarapaca-forma-parte-de-consejo-asesor-empresarial-de-la-red-futuro-tecnico-de-mineduc\/#breadcrumb"},"inLanguage":"es","potentialAction":[{"@type":"ReadAction","target":["https:\/\/www.cftestataltarapaca.cl\/inicio\/2020\/04\/23\/cft-estatal-tarapaca-forma-parte-de-consejo-asesor-empresarial-de-la-red-futuro-tecnico-de-mineduc\/"]}]},{"@type":"ImageObject","inLanguage":"es","@id":"https:\/\/www.cftestataltarapaca.cl\/inicio\/2020\/04\/23\/cft-estatal-tarapaca-forma-parte-de-consejo-asesor-empresarial-de-la-red-futuro-tecnico-de-mineduc\/#primaryimage","url":"https:\/\/www.cftestataltarapaca.cl\/inicio\/wp-content\/uploads\/2020\/04\/1.png","contentUrl":"https:\/\/www.cftestataltarapaca.cl\/inicio\/wp-content\/uploads\/2020\/04\/1.png","width":800,"height":381},{"@type":"BreadcrumbList","@id":"https:\/\/www.cftestataltarapaca.cl\/inicio\/2020\/04\/23\/cft-estatal-tarapaca-forma-parte-de-consejo-asesor-empresarial-de-la-red-futuro-tecnico-de-mineduc\/#breadcrumb","itemListElement":[{"@type":"ListItem","position":1,"name":"Portada","item":"https:\/\/www.cftestataltarapaca.cl\/inicio\/"},{"@type":"ListItem","position":2,"name":"CFT Estatal Tarapac\u00e1 forma parte de Consejo Asesor Empresarial de la Red Futuro T\u00e9cnico de Mineduc"}]},{"@type":"WebSite","@id":"https:\/\/www.cftestataltarapaca.cl\/inicio\/#website","url":"https:\/\/www.cftestataltarapaca.cl\/inicio\/","name":"CFT Estatal Tarapac\u00e1","description":"Admisi\u00f3n 2025","publisher":{"@id":"https:\/\/www.cftestataltarapaca.cl\/inicio\/#organization"},"potentialAction":[{"@type":"SearchAction","target":{"@type":"EntryPoint","urlTemplate":"https:\/\/www.cftestataltarapaca.cl\/inicio\/?s={search_term_string}"},"query-input":{"@type":"PropertyValueSpecification","valueRequired":true,"valueName":"search_term_string"}}],"inLanguage":"es"},{"@type":"Organization","@id":"https:\/\/www.cftestataltarapaca.cl\/inicio\/#organization","name":"CFT Estatal Tarapac\u00e1","url":"https:\/\/www.cftestataltarapaca.cl\/inicio\/","logo":{"@type":"ImageObject","inLanguage":"es","@id":"https:\/\/www.cftestataltarapaca.cl\/inicio\/#\/schema\/logo\/image\/","url":"https:\/\/www.cftestataltarapaca.cl\/inicio\/wp-content\/uploads\/2019\/03\/logo-retina-1.png","contentUrl":"https:\/\/www.cftestataltarapaca.cl\/inicio\/wp-content\/uploads\/2019\/03\/logo-retina-1.png","width":401,"height":150,"caption":"CFT Estatal Tarapac\u00e1"},"image":{"@id":"https:\/\/www.cftestataltarapaca.cl\/inicio\/#\/schema\/logo\/image\/"},"sameAs":["https:\/\/www.facebook.com\/CFTestataltarapaca\/","https:\/\/x.com\/CFTesTarapaca","https:\/\/www.instagram.com\/CFTestataltarapaca\/"]},{"@type":"Person","@id":"https:\/\/www.cftestataltarapaca.cl\/inicio\/#\/schema\/person\/ad1fbfa1fa7c3d3889f4ae5401dd660e","name":"Comunicaciones","image":{"@type":"ImageObject","inLanguage":"es","@id":"https:\/\/secure.gravatar.com\/avatar\/ed1c2728327f20a5a62edaeb7dc181858f225b765044c5314c3d1059a1bd992f?s=96&d=mm&r=g","url":"https:\/\/secure.gravatar.com\/avatar\/ed1c2728327f20a5a62edaeb7dc181858f225b765044c5314c3d1059a1bd992f?s=96&d=mm&r=g","contentUrl":"https:\/\/secure.gravatar.com\/avatar\/ed1c2728327f20a5a62edaeb7dc181858f225b765044c5314c3d1059a1bd992f?s=96&d=mm&r=g","caption":"Comunicaciones"},"sameAs":["http:\/\/www.cftestataltarapaca.cl"],"url":"https:\/\/www.cftestataltarapaca.cl\/inicio\/author\/comunicaciones\/"}]}},"publishpress_future_action":{"enabled":false,"date":"2026-05-08 23:11:09","action":"change-status","newStatus":"draft","terms":[],"taxonomy":"category","extraData":[]},"publishpress_future_workflow_manual_trigger":{"enabledWorkflows":[]},"_links":{"self":[{"href":"https:\/\/www.cftestataltarapaca.cl\/inicio\/wp-json\/wp\/v2\/posts\/4316","targetHints":{"allow":["GET"]}}],"collection":[{"href":"https:\/\/www.cftestataltarapaca.cl\/inicio\/wp-json\/wp\/v2\/posts"}],"about":[{"href":"https:\/\/www.cftestataltarapaca.cl\/inicio\/wp-json\/wp\/v2\/types\/post"}],"author":[{"embeddable":true,"href":"https:\/\/www.cftestataltarapaca.cl\/inicio\/wp-json\/wp\/v2\/users\/2"}],"replies":[{"embeddable":true,"href":"https:\/\/www.cftestataltarapaca.cl\/inicio\/wp-json\/wp\/v2\/comments?post=4316"}],"version-history":[{"count":2,"href":"https:\/\/www.cftestataltarapaca.cl\/inicio\/wp-json\/wp\/v2\/posts\/4316\/revisions"}],"predecessor-version":[{"id":4319,"href":"https:\/\/www.cftestataltarapaca.cl\/inicio\/wp-json\/wp\/v2\/posts\/4316\/revisions\/4319"}],"wp:featuredmedia":[{"embeddable":true,"href":"https:\/\/www.cftestataltarapaca.cl\/inicio\/wp-json\/wp\/v2\/media\/4317"}],"wp:attachment":[{"href":"https:\/\/www.cftestataltarapaca.cl\/inicio\/wp-json\/wp\/v2\/media?parent=4316"}],"wp:term":[{"taxonomy":"category","embeddable":true,"href":"https:\/\/www.cftestataltarapaca.cl\/inicio\/wp-json\/wp\/v2\/categories?post=4316"},{"taxonomy":"post_tag","embeddable":true,"href":"https:\/\/www.cftestataltarapaca.cl\/inicio\/wp-json\/wp\/v2\/tags?post=4316"}],"curies":[{"name":"wp","href":"https:\/\/api.w.org\/{rel}","templated":true}]}}