{"id":4357,"date":"2020-04-27T20:38:35","date_gmt":"2020-04-27T20:38:35","guid":{"rendered":"https:\/\/www.cftestataltarapaca.cl\/inicio\/?p=4357"},"modified":"2020-05-06T19:22:05","modified_gmt":"2020-05-06T19:22:05","slug":"mineduc-extiende-plazo-de-postulacion-a-becas-de-perfeccionamiento-tecnico-profesional-en-el-extranjero","status":"publish","type":"post","link":"https:\/\/www.cftestataltarapaca.cl\/inicio\/2020\/04\/27\/mineduc-extiende-plazo-de-postulacion-a-becas-de-perfeccionamiento-tecnico-profesional-en-el-extranjero\/","title":{"rendered":"Mineduc extiende plazo de postulaci\u00f3n a becas de perfeccionamiento t\u00e9cnico profesional en el extranjero hasta 18 de mayo"},"content":{"rendered":"<p style=\"text-align: justify;\">El Ministerio de Educaci\u00f3n, a trav\u00e9s de la Subsecretar\u00eda de Educaci\u00f3n Superior, extendi\u00f3 \u2013 hasta el 18 de mayo el plazo para postular a las becas de perfeccionamiento en competencias t\u00e9cnicas en el extranjero.<!--more--><\/p>\n<p style=\"text-align: justify;\">Estas becas est\u00e1n destinadas a titulados de carreras t\u00e9cnicas de nivel superior o profesionales de hasta 8 semestres sin licenciatura, T\u00e9cnicos en Educaci\u00f3n Parvularia y docentes de Educaci\u00f3n T\u00e9cnico Profesional Media y Superior que podr\u00e1n capacitarse en el extranjero en \u00e1reas como Industria Alimentaria, Energ\u00edas Renovables y Sustentabilidad, Metalmec\u00e1nica y Manufactura, y Administraci\u00f3n y Log\u00edstica, entre otras. La oferta acad\u00e9mica integra ocho pa\u00edses: Alemania, Australia, Brasil, Canad\u00e1, Espa\u00f1a, Holanda, M\u00e9xico y Nueva Zelanda.<\/p>\n<p style=\"text-align: justify;\">Gracias a la extensi\u00f3n, la postulaci\u00f3n estar\u00e1 disponible hasta el 18 de mayo, a las 12.00 horas, a trav\u00e9s del\u00a0<a href=\"https:\/\/tecnicos.mineduc.cl\/concurso2020\/\" target=\"_blank\" rel=\"noopener noreferrer\">sitio web T\u00e9cnicos para Chile<\/a>\u00a0. En la misma plataforma se pueden encontrar la informaci\u00f3n sobre los requisitos y los canales de contacto para despejar dudas sobre el proceso.<\/p>\n<p style=\"text-align: justify;\"><strong>\u00bfQui\u00e9nes pueden acceder a las becas?<\/strong><\/p>\n<p style=\"text-align: justify;\">El programa considera cuatro modalidades de becas en el extranjero:<\/p>\n<p style=\"text-align: justify;\">Modalidad Sector\u00a0<strong>T\u00e9cnico Profesional de Nivel Superior<\/strong>: Destinada a financiar pasant\u00edas en el extranjero para quienes hayan obtenido t\u00edtulo T\u00e9cnico de Nivel Superior y\/o T\u00edtulo Profesional de hasta 8 semestres sin licenciatura que adem\u00e1s posean al menos dos a\u00f1os de experiencia laboral en el \u00e1rea de formaci\u00f3n a la que postulan.<\/p>\n<p style=\"text-align: justify;\">Modalidad\u00a0<strong>Formadores Educaci\u00f3n Superior T\u00e9cnico Profesional<\/strong>: Destinada a perfeccionar a los formadores de Educaci\u00f3n Superior, en el \u00e1mbito T\u00e9cnico Profesional, para que a su retorno al pa\u00eds puedan contribuir al mejoramiento del proceso educativo en las instituciones educacionales donde se desempe\u00f1en.<\/p>\n<p style=\"text-align: justify;\">Modalidad\u00a0<strong>Formadores Educaci\u00f3n Media T\u00e9cnico Profesional<\/strong>: Destinada a perfeccionar a los formadores de Educaci\u00f3n Media T\u00e9cnico Profesional, para que a su retorno al pa\u00eds puedan contribuir al mejoramiento del proceso educativo en las instituciones educacionales donde se desempe\u00f1en.<\/p>\n<p style=\"text-align: justify;\">Modalidad\u00a0<strong>T\u00e9cnicos Nivel Superior en Educaci\u00f3n Parvularia (Red P\u00fablica<\/strong>): Destinada a perfeccionar en nuevas herramientas metodol\u00f3gicas, a los T\u00e9cnicos en Educaci\u00f3n Parvularia que trabajan en el Sector P\u00fablico, entendiendo como tal los jardines JUNJI, Fundaci\u00f3n Integra y Corporaciones Municipales.<\/p>\n<p><img loading=\"lazy\" decoding=\"async\" class=\"alignnone size-medium wp-image-4359\" src=\"https:\/\/www.cftestataltarapaca.cl\/inicio\/wp-content\/uploads\/2020\/04\/becas-t\u00e9cnicos-2-240x300.jpg\" alt=\"\" width=\"240\" height=\"300\" srcset=\"https:\/\/www.cftestataltarapaca.cl\/inicio\/wp-content\/uploads\/2020\/04\/becas-t\u00e9cnicos-2-240x300.jpg 240w, https:\/\/www.cftestataltarapaca.cl\/inicio\/wp-content\/uploads\/2020\/04\/becas-t\u00e9cnicos-2-768x961.jpg 768w, https:\/\/www.cftestataltarapaca.cl\/inicio\/wp-content\/uploads\/2020\/04\/becas-t\u00e9cnicos-2.jpg 818w\" sizes=\"auto, (max-width: 240px) 100vw, 240px\" \/><\/p>\n","protected":false},"excerpt":{"rendered":"<p>El Ministerio de Educaci\u00f3n, a trav\u00e9s de la Subsecretar\u00eda de Educaci\u00f3n Superior, extendi\u00f3 \u2013 hasta el 18 de mayo el plazo para postular a las becas de perfeccionamiento en competencias&#8230;<\/p>\n","protected":false},"author":2,"featured_media":4358,"comment_status":"open","ping_status":"open","sticky":false,"template":"","format":"standard","meta":{"_joinchat":[],"footnotes":""},"categories":[49,52,118],"tags":[],"class_list":["post-4357","post","type-post","status-publish","format-standard","has-post-thumbnail","hentry","category-academico","category-comunicados","category-covid-19"],"yoast_head":"<!-- This site is optimized with the Yoast SEO plugin v27.4 - https:\/\/yoast.com\/product\/yoast-seo-wordpress\/ -->\n<title>Mineduc extiende plazo de postulaci\u00f3n a becas de perfeccionamiento t\u00e9cnico profesional en el extranjero hasta 18 de mayo - CFT Estatal Tarapac\u00e1<\/title>\n<meta name=\"robots\" content=\"index, follow, max-snippet:-1, max-image-preview:large, max-video-preview:-1\" \/>\n<link rel=\"canonical\" href=\"https:\/\/www.cftestataltarapaca.cl\/inicio\/2020\/04\/27\/mineduc-extiende-plazo-de-postulacion-a-becas-de-perfeccionamiento-tecnico-profesional-en-el-extranjero\/\" \/>\n<meta property=\"og:locale\" content=\"es_ES\" \/>\n<meta property=\"og:type\" content=\"article\" \/>\n<meta property=\"og:title\" content=\"Mineduc extiende plazo de postulaci\u00f3n a becas de perfeccionamiento t\u00e9cnico profesional en el extranjero hasta 18 de mayo - CFT Estatal Tarapac\u00e1\" \/>\n<meta property=\"og:description\" content=\"El Ministerio de Educaci\u00f3n, a trav\u00e9s de la Subsecretar\u00eda de Educaci\u00f3n Superior, extendi\u00f3 \u2013 hasta el 18 de mayo el plazo para postular a las becas de perfeccionamiento en competencias...\" \/>\n<meta property=\"og:url\" content=\"https:\/\/www.cftestataltarapaca.cl\/inicio\/2020\/04\/27\/mineduc-extiende-plazo-de-postulacion-a-becas-de-perfeccionamiento-tecnico-profesional-en-el-extranjero\/\" \/>\n<meta property=\"og:site_name\" content=\"CFT Estatal Tarapac\u00e1\" \/>\n<meta property=\"article:publisher\" content=\"https:\/\/www.facebook.com\/CFTestataltarapaca\/\" \/>\n<meta property=\"article:published_time\" content=\"2020-04-27T20:38:35+00:00\" \/>\n<meta property=\"article:modified_time\" content=\"2020-05-06T19:22:05+00:00\" \/>\n<meta property=\"og:image\" content=\"https:\/\/www.cftestataltarapaca.cl\/inicio\/wp-content\/uploads\/2020\/04\/beca-tecnicos-18-mayo.png\" \/>\n\t<meta property=\"og:image:width\" content=\"1024\" \/>\n\t<meta property=\"og:image:height\" content=\"512\" \/>\n\t<meta property=\"og:image:type\" content=\"image\/png\" \/>\n<meta name=\"author\" content=\"Comunicaciones\" \/>\n<meta name=\"twitter:card\" content=\"summary_large_image\" \/>\n<meta name=\"twitter:creator\" content=\"@CFTesTarapaca\" \/>\n<meta name=\"twitter:site\" content=\"@CFTesTarapaca\" \/>\n<meta name=\"twitter:label1\" content=\"Escrito por\" \/>\n\t<meta name=\"twitter:data1\" content=\"Comunicaciones\" \/>\n\t<meta name=\"twitter:label2\" content=\"Tiempo de lectura\" \/>\n\t<meta name=\"twitter:data2\" content=\"2 minutos\" \/>\n<script type=\"application\/ld+json\" class=\"yoast-schema-graph\">{\"@context\":\"https:\\\/\\\/schema.org\",\"@graph\":[{\"@type\":\"Article\",\"@id\":\"https:\\\/\\\/www.cftestataltarapaca.cl\\\/inicio\\\/2020\\\/04\\\/27\\\/mineduc-extiende-plazo-de-postulacion-a-becas-de-perfeccionamiento-tecnico-profesional-en-el-extranjero\\\/#article\",\"isPartOf\":{\"@id\":\"https:\\\/\\\/www.cftestataltarapaca.cl\\\/inicio\\\/2020\\\/04\\\/27\\\/mineduc-extiende-plazo-de-postulacion-a-becas-de-perfeccionamiento-tecnico-profesional-en-el-extranjero\\\/\"},\"author\":{\"name\":\"Comunicaciones\",\"@id\":\"https:\\\/\\\/www.cftestataltarapaca.cl\\\/inicio\\\/#\\\/schema\\\/person\\\/ad1fbfa1fa7c3d3889f4ae5401dd660e\"},\"headline\":\"Mineduc extiende plazo de postulaci\u00f3n a becas de perfeccionamiento t\u00e9cnico profesional en el extranjero hasta 18 de mayo\",\"datePublished\":\"2020-04-27T20:38:35+00:00\",\"dateModified\":\"2020-05-06T19:22:05+00:00\",\"mainEntityOfPage\":{\"@id\":\"https:\\\/\\\/www.cftestataltarapaca.cl\\\/inicio\\\/2020\\\/04\\\/27\\\/mineduc-extiende-plazo-de-postulacion-a-becas-de-perfeccionamiento-tecnico-profesional-en-el-extranjero\\\/\"},\"wordCount\":408,\"commentCount\":0,\"publisher\":{\"@id\":\"https:\\\/\\\/www.cftestataltarapaca.cl\\\/inicio\\\/#organization\"},\"image\":{\"@id\":\"https:\\\/\\\/www.cftestataltarapaca.cl\\\/inicio\\\/2020\\\/04\\\/27\\\/mineduc-extiende-plazo-de-postulacion-a-becas-de-perfeccionamiento-tecnico-profesional-en-el-extranjero\\\/#primaryimage\"},\"thumbnailUrl\":\"https:\\\/\\\/www.cftestataltarapaca.cl\\\/inicio\\\/wp-content\\\/uploads\\\/2020\\\/04\\\/beca-tecnicos-18-mayo.png\",\"articleSection\":[\"Acad\u00e9mico\",\"Comunicados\",\"Covid 19\"],\"inLanguage\":\"es\",\"potentialAction\":[{\"@type\":\"CommentAction\",\"name\":\"Comment\",\"target\":[\"https:\\\/\\\/www.cftestataltarapaca.cl\\\/inicio\\\/2020\\\/04\\\/27\\\/mineduc-extiende-plazo-de-postulacion-a-becas-de-perfeccionamiento-tecnico-profesional-en-el-extranjero\\\/#respond\"]}]},{\"@type\":\"WebPage\",\"@id\":\"https:\\\/\\\/www.cftestataltarapaca.cl\\\/inicio\\\/2020\\\/04\\\/27\\\/mineduc-extiende-plazo-de-postulacion-a-becas-de-perfeccionamiento-tecnico-profesional-en-el-extranjero\\\/\",\"url\":\"https:\\\/\\\/www.cftestataltarapaca.cl\\\/inicio\\\/2020\\\/04\\\/27\\\/mineduc-extiende-plazo-de-postulacion-a-becas-de-perfeccionamiento-tecnico-profesional-en-el-extranjero\\\/\",\"name\":\"Mineduc extiende plazo de postulaci\u00f3n a becas de perfeccionamiento t\u00e9cnico profesional en el extranjero hasta 18 de mayo - CFT Estatal Tarapac\u00e1\",\"isPartOf\":{\"@id\":\"https:\\\/\\\/www.cftestataltarapaca.cl\\\/inicio\\\/#website\"},\"primaryImageOfPage\":{\"@id\":\"https:\\\/\\\/www.cftestataltarapaca.cl\\\/inicio\\\/2020\\\/04\\\/27\\\/mineduc-extiende-plazo-de-postulacion-a-becas-de-perfeccionamiento-tecnico-profesional-en-el-extranjero\\\/#primaryimage\"},\"image\":{\"@id\":\"https:\\\/\\\/www.cftestataltarapaca.cl\\\/inicio\\\/2020\\\/04\\\/27\\\/mineduc-extiende-plazo-de-postulacion-a-becas-de-perfeccionamiento-tecnico-profesional-en-el-extranjero\\\/#primaryimage\"},\"thumbnailUrl\":\"https:\\\/\\\/www.cftestataltarapaca.cl\\\/inicio\\\/wp-content\\\/uploads\\\/2020\\\/04\\\/beca-tecnicos-18-mayo.png\",\"datePublished\":\"2020-04-27T20:38:35+00:00\",\"dateModified\":\"2020-05-06T19:22:05+00:00\",\"breadcrumb\":{\"@id\":\"https:\\\/\\\/www.cftestataltarapaca.cl\\\/inicio\\\/2020\\\/04\\\/27\\\/mineduc-extiende-plazo-de-postulacion-a-becas-de-perfeccionamiento-tecnico-profesional-en-el-extranjero\\\/#breadcrumb\"},\"inLanguage\":\"es\",\"potentialAction\":[{\"@type\":\"ReadAction\",\"target\":[\"https:\\\/\\\/www.cftestataltarapaca.cl\\\/inicio\\\/2020\\\/04\\\/27\\\/mineduc-extiende-plazo-de-postulacion-a-becas-de-perfeccionamiento-tecnico-profesional-en-el-extranjero\\\/\"]}]},{\"@type\":\"ImageObject\",\"inLanguage\":\"es\",\"@id\":\"https:\\\/\\\/www.cftestataltarapaca.cl\\\/inicio\\\/2020\\\/04\\\/27\\\/mineduc-extiende-plazo-de-postulacion-a-becas-de-perfeccionamiento-tecnico-profesional-en-el-extranjero\\\/#primaryimage\",\"url\":\"https:\\\/\\\/www.cftestataltarapaca.cl\\\/inicio\\\/wp-content\\\/uploads\\\/2020\\\/04\\\/beca-tecnicos-18-mayo.png\",\"contentUrl\":\"https:\\\/\\\/www.cftestataltarapaca.cl\\\/inicio\\\/wp-content\\\/uploads\\\/2020\\\/04\\\/beca-tecnicos-18-mayo.png\",\"width\":1024,\"height\":512},{\"@type\":\"BreadcrumbList\",\"@id\":\"https:\\\/\\\/www.cftestataltarapaca.cl\\\/inicio\\\/2020\\\/04\\\/27\\\/mineduc-extiende-plazo-de-postulacion-a-becas-de-perfeccionamiento-tecnico-profesional-en-el-extranjero\\\/#breadcrumb\",\"itemListElement\":[{\"@type\":\"ListItem\",\"position\":1,\"name\":\"Portada\",\"item\":\"https:\\\/\\\/www.cftestataltarapaca.cl\\\/inicio\\\/\"},{\"@type\":\"ListItem\",\"position\":2,\"name\":\"Mineduc extiende plazo de postulaci\u00f3n a becas de perfeccionamiento t\u00e9cnico profesional en el extranjero hasta 18 de mayo\"}]},{\"@type\":\"WebSite\",\"@id\":\"https:\\\/\\\/www.cftestataltarapaca.cl\\\/inicio\\\/#website\",\"url\":\"https:\\\/\\\/www.cftestataltarapaca.cl\\\/inicio\\\/\",\"name\":\"CFT Estatal Tarapac\u00e1\",\"description\":\"Admisi\u00f3n 2025\",\"publisher\":{\"@id\":\"https:\\\/\\\/www.cftestataltarapaca.cl\\\/inicio\\\/#organization\"},\"potentialAction\":[{\"@type\":\"SearchAction\",\"target\":{\"@type\":\"EntryPoint\",\"urlTemplate\":\"https:\\\/\\\/www.cftestataltarapaca.cl\\\/inicio\\\/?s={search_term_string}\"},\"query-input\":{\"@type\":\"PropertyValueSpecification\",\"valueRequired\":true,\"valueName\":\"search_term_string\"}}],\"inLanguage\":\"es\"},{\"@type\":\"Organization\",\"@id\":\"https:\\\/\\\/www.cftestataltarapaca.cl\\\/inicio\\\/#organization\",\"name\":\"CFT Estatal Tarapac\u00e1\",\"url\":\"https:\\\/\\\/www.cftestataltarapaca.cl\\\/inicio\\\/\",\"logo\":{\"@type\":\"ImageObject\",\"inLanguage\":\"es\",\"@id\":\"https:\\\/\\\/www.cftestataltarapaca.cl\\\/inicio\\\/#\\\/schema\\\/logo\\\/image\\\/\",\"url\":\"https:\\\/\\\/www.cftestataltarapaca.cl\\\/inicio\\\/wp-content\\\/uploads\\\/2019\\\/03\\\/logo-retina-1.png\",\"contentUrl\":\"https:\\\/\\\/www.cftestataltarapaca.cl\\\/inicio\\\/wp-content\\\/uploads\\\/2019\\\/03\\\/logo-retina-1.png\",\"width\":401,\"height\":150,\"caption\":\"CFT Estatal Tarapac\u00e1\"},\"image\":{\"@id\":\"https:\\\/\\\/www.cftestataltarapaca.cl\\\/inicio\\\/#\\\/schema\\\/logo\\\/image\\\/\"},\"sameAs\":[\"https:\\\/\\\/www.facebook.com\\\/CFTestataltarapaca\\\/\",\"https:\\\/\\\/x.com\\\/CFTesTarapaca\",\"https:\\\/\\\/www.instagram.com\\\/CFTestataltarapaca\\\/\"]},{\"@type\":\"Person\",\"@id\":\"https:\\\/\\\/www.cftestataltarapaca.cl\\\/inicio\\\/#\\\/schema\\\/person\\\/ad1fbfa1fa7c3d3889f4ae5401dd660e\",\"name\":\"Comunicaciones\",\"image\":{\"@type\":\"ImageObject\",\"inLanguage\":\"es\",\"@id\":\"https:\\\/\\\/secure.gravatar.com\\\/avatar\\\/ed1c2728327f20a5a62edaeb7dc181858f225b765044c5314c3d1059a1bd992f?s=96&d=mm&r=g\",\"url\":\"https:\\\/\\\/secure.gravatar.com\\\/avatar\\\/ed1c2728327f20a5a62edaeb7dc181858f225b765044c5314c3d1059a1bd992f?s=96&d=mm&r=g\",\"contentUrl\":\"https:\\\/\\\/secure.gravatar.com\\\/avatar\\\/ed1c2728327f20a5a62edaeb7dc181858f225b765044c5314c3d1059a1bd992f?s=96&d=mm&r=g\",\"caption\":\"Comunicaciones\"},\"sameAs\":[\"http:\\\/\\\/www.cftestataltarapaca.cl\"],\"url\":\"https:\\\/\\\/www.cftestataltarapaca.cl\\\/inicio\\\/author\\\/comunicaciones\\\/\"}]}<\/script>\n<!-- \/ Yoast SEO plugin. -->","yoast_head_json":{"title":"Mineduc extiende plazo de postulaci\u00f3n a becas de perfeccionamiento t\u00e9cnico profesional en el extranjero hasta 18 de mayo - CFT Estatal Tarapac\u00e1","robots":{"index":"index","follow":"follow","max-snippet":"max-snippet:-1","max-image-preview":"max-image-preview:large","max-video-preview":"max-video-preview:-1"},"canonical":"https:\/\/www.cftestataltarapaca.cl\/inicio\/2020\/04\/27\/mineduc-extiende-plazo-de-postulacion-a-becas-de-perfeccionamiento-tecnico-profesional-en-el-extranjero\/","og_locale":"es_ES","og_type":"article","og_title":"Mineduc extiende plazo de postulaci\u00f3n a becas de perfeccionamiento t\u00e9cnico profesional en el extranjero hasta 18 de mayo - CFT Estatal Tarapac\u00e1","og_description":"El Ministerio de Educaci\u00f3n, a trav\u00e9s de la Subsecretar\u00eda de Educaci\u00f3n Superior, extendi\u00f3 \u2013 hasta el 18 de mayo el plazo para postular a las becas de perfeccionamiento en competencias...","og_url":"https:\/\/www.cftestataltarapaca.cl\/inicio\/2020\/04\/27\/mineduc-extiende-plazo-de-postulacion-a-becas-de-perfeccionamiento-tecnico-profesional-en-el-extranjero\/","og_site_name":"CFT Estatal Tarapac\u00e1","article_publisher":"https:\/\/www.facebook.com\/CFTestataltarapaca\/","article_published_time":"2020-04-27T20:38:35+00:00","article_modified_time":"2020-05-06T19:22:05+00:00","og_image":[{"width":1024,"height":512,"url":"https:\/\/www.cftestataltarapaca.cl\/inicio\/wp-content\/uploads\/2020\/04\/beca-tecnicos-18-mayo.png","type":"image\/png"}],"author":"Comunicaciones","twitter_card":"summary_large_image","twitter_creator":"@CFTesTarapaca","twitter_site":"@CFTesTarapaca","twitter_misc":{"Escrito por":"Comunicaciones","Tiempo de lectura":"2 minutos"},"schema":{"@context":"https:\/\/schema.org","@graph":[{"@type":"Article","@id":"https:\/\/www.cftestataltarapaca.cl\/inicio\/2020\/04\/27\/mineduc-extiende-plazo-de-postulacion-a-becas-de-perfeccionamiento-tecnico-profesional-en-el-extranjero\/#article","isPartOf":{"@id":"https:\/\/www.cftestataltarapaca.cl\/inicio\/2020\/04\/27\/mineduc-extiende-plazo-de-postulacion-a-becas-de-perfeccionamiento-tecnico-profesional-en-el-extranjero\/"},"author":{"name":"Comunicaciones","@id":"https:\/\/www.cftestataltarapaca.cl\/inicio\/#\/schema\/person\/ad1fbfa1fa7c3d3889f4ae5401dd660e"},"headline":"Mineduc extiende plazo de postulaci\u00f3n a becas de perfeccionamiento t\u00e9cnico profesional en el extranjero hasta 18 de mayo","datePublished":"2020-04-27T20:38:35+00:00","dateModified":"2020-05-06T19:22:05+00:00","mainEntityOfPage":{"@id":"https:\/\/www.cftestataltarapaca.cl\/inicio\/2020\/04\/27\/mineduc-extiende-plazo-de-postulacion-a-becas-de-perfeccionamiento-tecnico-profesional-en-el-extranjero\/"},"wordCount":408,"commentCount":0,"publisher":{"@id":"https:\/\/www.cftestataltarapaca.cl\/inicio\/#organization"},"image":{"@id":"https:\/\/www.cftestataltarapaca.cl\/inicio\/2020\/04\/27\/mineduc-extiende-plazo-de-postulacion-a-becas-de-perfeccionamiento-tecnico-profesional-en-el-extranjero\/#primaryimage"},"thumbnailUrl":"https:\/\/www.cftestataltarapaca.cl\/inicio\/wp-content\/uploads\/2020\/04\/beca-tecnicos-18-mayo.png","articleSection":["Acad\u00e9mico","Comunicados","Covid 19"],"inLanguage":"es","potentialAction":[{"@type":"CommentAction","name":"Comment","target":["https:\/\/www.cftestataltarapaca.cl\/inicio\/2020\/04\/27\/mineduc-extiende-plazo-de-postulacion-a-becas-de-perfeccionamiento-tecnico-profesional-en-el-extranjero\/#respond"]}]},{"@type":"WebPage","@id":"https:\/\/www.cftestataltarapaca.cl\/inicio\/2020\/04\/27\/mineduc-extiende-plazo-de-postulacion-a-becas-de-perfeccionamiento-tecnico-profesional-en-el-extranjero\/","url":"https:\/\/www.cftestataltarapaca.cl\/inicio\/2020\/04\/27\/mineduc-extiende-plazo-de-postulacion-a-becas-de-perfeccionamiento-tecnico-profesional-en-el-extranjero\/","name":"Mineduc extiende plazo de postulaci\u00f3n a becas de perfeccionamiento t\u00e9cnico profesional en el extranjero hasta 18 de mayo - CFT Estatal Tarapac\u00e1","isPartOf":{"@id":"https:\/\/www.cftestataltarapaca.cl\/inicio\/#website"},"primaryImageOfPage":{"@id":"https:\/\/www.cftestataltarapaca.cl\/inicio\/2020\/04\/27\/mineduc-extiende-plazo-de-postulacion-a-becas-de-perfeccionamiento-tecnico-profesional-en-el-extranjero\/#primaryimage"},"image":{"@id":"https:\/\/www.cftestataltarapaca.cl\/inicio\/2020\/04\/27\/mineduc-extiende-plazo-de-postulacion-a-becas-de-perfeccionamiento-tecnico-profesional-en-el-extranjero\/#primaryimage"},"thumbnailUrl":"https:\/\/www.cftestataltarapaca.cl\/inicio\/wp-content\/uploads\/2020\/04\/beca-tecnicos-18-mayo.png","datePublished":"2020-04-27T20:38:35+00:00","dateModified":"2020-05-06T19:22:05+00:00","breadcrumb":{"@id":"https:\/\/www.cftestataltarapaca.cl\/inicio\/2020\/04\/27\/mineduc-extiende-plazo-de-postulacion-a-becas-de-perfeccionamiento-tecnico-profesional-en-el-extranjero\/#breadcrumb"},"inLanguage":"es","potentialAction":[{"@type":"ReadAction","target":["https:\/\/www.cftestataltarapaca.cl\/inicio\/2020\/04\/27\/mineduc-extiende-plazo-de-postulacion-a-becas-de-perfeccionamiento-tecnico-profesional-en-el-extranjero\/"]}]},{"@type":"ImageObject","inLanguage":"es","@id":"https:\/\/www.cftestataltarapaca.cl\/inicio\/2020\/04\/27\/mineduc-extiende-plazo-de-postulacion-a-becas-de-perfeccionamiento-tecnico-profesional-en-el-extranjero\/#primaryimage","url":"https:\/\/www.cftestataltarapaca.cl\/inicio\/wp-content\/uploads\/2020\/04\/beca-tecnicos-18-mayo.png","contentUrl":"https:\/\/www.cftestataltarapaca.cl\/inicio\/wp-content\/uploads\/2020\/04\/beca-tecnicos-18-mayo.png","width":1024,"height":512},{"@type":"BreadcrumbList","@id":"https:\/\/www.cftestataltarapaca.cl\/inicio\/2020\/04\/27\/mineduc-extiende-plazo-de-postulacion-a-becas-de-perfeccionamiento-tecnico-profesional-en-el-extranjero\/#breadcrumb","itemListElement":[{"@type":"ListItem","position":1,"name":"Portada","item":"https:\/\/www.cftestataltarapaca.cl\/inicio\/"},{"@type":"ListItem","position":2,"name":"Mineduc extiende plazo de postulaci\u00f3n a becas de perfeccionamiento t\u00e9cnico profesional en el extranjero hasta 18 de mayo"}]},{"@type":"WebSite","@id":"https:\/\/www.cftestataltarapaca.cl\/inicio\/#website","url":"https:\/\/www.cftestataltarapaca.cl\/inicio\/","name":"CFT Estatal Tarapac\u00e1","description":"Admisi\u00f3n 2025","publisher":{"@id":"https:\/\/www.cftestataltarapaca.cl\/inicio\/#organization"},"potentialAction":[{"@type":"SearchAction","target":{"@type":"EntryPoint","urlTemplate":"https:\/\/www.cftestataltarapaca.cl\/inicio\/?s={search_term_string}"},"query-input":{"@type":"PropertyValueSpecification","valueRequired":true,"valueName":"search_term_string"}}],"inLanguage":"es"},{"@type":"Organization","@id":"https:\/\/www.cftestataltarapaca.cl\/inicio\/#organization","name":"CFT Estatal Tarapac\u00e1","url":"https:\/\/www.cftestataltarapaca.cl\/inicio\/","logo":{"@type":"ImageObject","inLanguage":"es","@id":"https:\/\/www.cftestataltarapaca.cl\/inicio\/#\/schema\/logo\/image\/","url":"https:\/\/www.cftestataltarapaca.cl\/inicio\/wp-content\/uploads\/2019\/03\/logo-retina-1.png","contentUrl":"https:\/\/www.cftestataltarapaca.cl\/inicio\/wp-content\/uploads\/2019\/03\/logo-retina-1.png","width":401,"height":150,"caption":"CFT Estatal Tarapac\u00e1"},"image":{"@id":"https:\/\/www.cftestataltarapaca.cl\/inicio\/#\/schema\/logo\/image\/"},"sameAs":["https:\/\/www.facebook.com\/CFTestataltarapaca\/","https:\/\/x.com\/CFTesTarapaca","https:\/\/www.instagram.com\/CFTestataltarapaca\/"]},{"@type":"Person","@id":"https:\/\/www.cftestataltarapaca.cl\/inicio\/#\/schema\/person\/ad1fbfa1fa7c3d3889f4ae5401dd660e","name":"Comunicaciones","image":{"@type":"ImageObject","inLanguage":"es","@id":"https:\/\/secure.gravatar.com\/avatar\/ed1c2728327f20a5a62edaeb7dc181858f225b765044c5314c3d1059a1bd992f?s=96&d=mm&r=g","url":"https:\/\/secure.gravatar.com\/avatar\/ed1c2728327f20a5a62edaeb7dc181858f225b765044c5314c3d1059a1bd992f?s=96&d=mm&r=g","contentUrl":"https:\/\/secure.gravatar.com\/avatar\/ed1c2728327f20a5a62edaeb7dc181858f225b765044c5314c3d1059a1bd992f?s=96&d=mm&r=g","caption":"Comunicaciones"},"sameAs":["http:\/\/www.cftestataltarapaca.cl"],"url":"https:\/\/www.cftestataltarapaca.cl\/inicio\/author\/comunicaciones\/"}]}},"publishpress_future_action":{"enabled":false,"date":"2026-05-08 13:51:04","action":"change-status","newStatus":"draft","terms":[],"taxonomy":"category","extraData":[]},"publishpress_future_workflow_manual_trigger":{"enabledWorkflows":[]},"_links":{"self":[{"href":"https:\/\/www.cftestataltarapaca.cl\/inicio\/wp-json\/wp\/v2\/posts\/4357","targetHints":{"allow":["GET"]}}],"collection":[{"href":"https:\/\/www.cftestataltarapaca.cl\/inicio\/wp-json\/wp\/v2\/posts"}],"about":[{"href":"https:\/\/www.cftestataltarapaca.cl\/inicio\/wp-json\/wp\/v2\/types\/post"}],"author":[{"embeddable":true,"href":"https:\/\/www.cftestataltarapaca.cl\/inicio\/wp-json\/wp\/v2\/users\/2"}],"replies":[{"embeddable":true,"href":"https:\/\/www.cftestataltarapaca.cl\/inicio\/wp-json\/wp\/v2\/comments?post=4357"}],"version-history":[{"count":6,"href":"https:\/\/www.cftestataltarapaca.cl\/inicio\/wp-json\/wp\/v2\/posts\/4357\/revisions"}],"predecessor-version":[{"id":4381,"href":"https:\/\/www.cftestataltarapaca.cl\/inicio\/wp-json\/wp\/v2\/posts\/4357\/revisions\/4381"}],"wp:featuredmedia":[{"embeddable":true,"href":"https:\/\/www.cftestataltarapaca.cl\/inicio\/wp-json\/wp\/v2\/media\/4358"}],"wp:attachment":[{"href":"https:\/\/www.cftestataltarapaca.cl\/inicio\/wp-json\/wp\/v2\/media?parent=4357"}],"wp:term":[{"taxonomy":"category","embeddable":true,"href":"https:\/\/www.cftestataltarapaca.cl\/inicio\/wp-json\/wp\/v2\/categories?post=4357"},{"taxonomy":"post_tag","embeddable":true,"href":"https:\/\/www.cftestataltarapaca.cl\/inicio\/wp-json\/wp\/v2\/tags?post=4357"}],"curies":[{"name":"wp","href":"https:\/\/api.w.org\/{rel}","templated":true}]}}