{"id":4435,"date":"2020-05-19T19:30:59","date_gmt":"2020-05-19T19:30:59","guid":{"rendered":"https:\/\/www.cftestataltarapaca.cl\/inicio\/?p=4435"},"modified":"2020-05-19T19:30:59","modified_gmt":"2020-05-19T19:30:59","slug":"asociacion-de-cft-estatales-de-chile-cftech-se-reunio-con-vicepresidente-ejecutivo-del-cruch","status":"publish","type":"post","link":"https:\/\/www.cftestataltarapaca.cl\/inicio\/2020\/05\/19\/asociacion-de-cft-estatales-de-chile-cftech-se-reunio-con-vicepresidente-ejecutivo-del-cruch\/","title":{"rendered":"Asociaci\u00f3n de CFT Estatales de Chile -CFTECH- se reuni\u00f3 con vicepresidente ejecutivo del CRUCH"},"content":{"rendered":"<p style=\"text-align: justify\">Una reuni\u00f3n por videoconferencia sostuvo la asociaci\u00f3n de Centros de Formaci\u00f3n T\u00e9cnica Estatales de Chile \u2013CFTECH con Mario Zolezzi, vicepresidente ejecutivo del Consejo de Rectores de las Universidades Chilenas \u2013 CRUCH.<\/p>\n<p style=\"text-align: justify\">El encuentro protocolar cont\u00f3 con la participaci\u00f3n de rectores de los 10 Centros de Formaci\u00f3n T\u00e9cnica Estatales pa\u00eds y en ella se convers\u00f3 sobre el trabajo que ambas entidades llevan a cabo para potenciar la educaci\u00f3n p\u00fablica.<\/p>\n<p style=\"text-align: justify\">La jornada, en la que estuvo presente el rector del CFT Estatal de Tarapac\u00e1, Jorge Villegas, forma parte de las acciones a trav\u00e9s de las cuales se busca fortalecer la formaci\u00f3n t\u00e9cnica de nivel superior.<\/p>\n","protected":false},"excerpt":{"rendered":"<p>Una reuni\u00f3n por videoconferencia sostuvo la asociaci\u00f3n de Centros de Formaci\u00f3n T\u00e9cnica Estatales de Chile \u2013CFTECH con Mario Zolezzi, vicepresidente ejecutivo del Consejo de Rectores de las Universidades Chilenas \u2013&#8230;<\/p>\n","protected":false},"author":2,"featured_media":4436,"comment_status":"open","ping_status":"open","sticky":false,"template":"","format":"standard","meta":{"_joinchat":[],"footnotes":""},"categories":[49,52,45],"tags":[75,86,80,68],"class_list":["post-4435","post","type-post","status-publish","format-standard","has-post-thumbnail","hentry","category-academico","category-comunicados","category-vinculacion","tag-alto-hospicio","tag-cft-estatal-tarapaca","tag-educacion","tag-tecnicos"],"yoast_head":"<!-- This site is optimized with the Yoast SEO plugin v27.4 - https:\/\/yoast.com\/product\/yoast-seo-wordpress\/ -->\n<title>Asociaci\u00f3n de CFT Estatales de Chile -CFTECH- se reuni\u00f3 con vicepresidente ejecutivo del CRUCH - CFT Estatal Tarapac\u00e1<\/title>\n<meta name=\"robots\" content=\"index, follow, max-snippet:-1, max-image-preview:large, max-video-preview:-1\" \/>\n<link rel=\"canonical\" href=\"https:\/\/www.cftestataltarapaca.cl\/inicio\/2020\/05\/19\/asociacion-de-cft-estatales-de-chile-cftech-se-reunio-con-vicepresidente-ejecutivo-del-cruch\/\" \/>\n<meta property=\"og:locale\" content=\"es_ES\" \/>\n<meta property=\"og:type\" content=\"article\" \/>\n<meta property=\"og:title\" content=\"Asociaci\u00f3n de CFT Estatales de Chile -CFTECH- se reuni\u00f3 con vicepresidente ejecutivo del CRUCH - CFT Estatal Tarapac\u00e1\" \/>\n<meta property=\"og:description\" content=\"Una reuni\u00f3n por videoconferencia sostuvo la asociaci\u00f3n de Centros de Formaci\u00f3n T\u00e9cnica Estatales de Chile \u2013CFTECH con Mario Zolezzi, vicepresidente ejecutivo del Consejo de Rectores de las Universidades Chilenas \u2013...\" \/>\n<meta property=\"og:url\" content=\"https:\/\/www.cftestataltarapaca.cl\/inicio\/2020\/05\/19\/asociacion-de-cft-estatales-de-chile-cftech-se-reunio-con-vicepresidente-ejecutivo-del-cruch\/\" \/>\n<meta property=\"og:site_name\" content=\"CFT Estatal Tarapac\u00e1\" \/>\n<meta property=\"article:publisher\" content=\"https:\/\/www.facebook.com\/CFTestataltarapaca\/\" \/>\n<meta property=\"article:published_time\" content=\"2020-05-19T19:30:59+00:00\" \/>\n<meta property=\"og:image\" content=\"https:\/\/www.cftestataltarapaca.cl\/inicio\/wp-content\/uploads\/2020\/05\/reuni\u00f3n-CFTECH-Mayo.jpg\" \/>\n\t<meta property=\"og:image:width\" content=\"1280\" \/>\n\t<meta property=\"og:image:height\" content=\"679\" \/>\n\t<meta property=\"og:image:type\" content=\"image\/jpeg\" \/>\n<meta name=\"author\" content=\"Comunicaciones\" \/>\n<meta name=\"twitter:card\" content=\"summary_large_image\" \/>\n<meta name=\"twitter:creator\" content=\"@CFTesTarapaca\" \/>\n<meta name=\"twitter:site\" content=\"@CFTesTarapaca\" \/>\n<meta name=\"twitter:label1\" content=\"Escrito por\" \/>\n\t<meta name=\"twitter:data1\" content=\"Comunicaciones\" \/>\n\t<meta name=\"twitter:label2\" content=\"Tiempo de lectura\" \/>\n\t<meta name=\"twitter:data2\" content=\"1 minuto\" \/>\n<script type=\"application\/ld+json\" class=\"yoast-schema-graph\">{\"@context\":\"https:\\\/\\\/schema.org\",\"@graph\":[{\"@type\":\"Article\",\"@id\":\"https:\\\/\\\/www.cftestataltarapaca.cl\\\/inicio\\\/2020\\\/05\\\/19\\\/asociacion-de-cft-estatales-de-chile-cftech-se-reunio-con-vicepresidente-ejecutivo-del-cruch\\\/#article\",\"isPartOf\":{\"@id\":\"https:\\\/\\\/www.cftestataltarapaca.cl\\\/inicio\\\/2020\\\/05\\\/19\\\/asociacion-de-cft-estatales-de-chile-cftech-se-reunio-con-vicepresidente-ejecutivo-del-cruch\\\/\"},\"author\":{\"name\":\"Comunicaciones\",\"@id\":\"https:\\\/\\\/www.cftestataltarapaca.cl\\\/inicio\\\/#\\\/schema\\\/person\\\/ad1fbfa1fa7c3d3889f4ae5401dd660e\"},\"headline\":\"Asociaci\u00f3n de CFT Estatales de Chile -CFTECH- se reuni\u00f3 con vicepresidente ejecutivo del CRUCH\",\"datePublished\":\"2020-05-19T19:30:59+00:00\",\"mainEntityOfPage\":{\"@id\":\"https:\\\/\\\/www.cftestataltarapaca.cl\\\/inicio\\\/2020\\\/05\\\/19\\\/asociacion-de-cft-estatales-de-chile-cftech-se-reunio-con-vicepresidente-ejecutivo-del-cruch\\\/\"},\"wordCount\":129,\"commentCount\":0,\"publisher\":{\"@id\":\"https:\\\/\\\/www.cftestataltarapaca.cl\\\/inicio\\\/#organization\"},\"image\":{\"@id\":\"https:\\\/\\\/www.cftestataltarapaca.cl\\\/inicio\\\/2020\\\/05\\\/19\\\/asociacion-de-cft-estatales-de-chile-cftech-se-reunio-con-vicepresidente-ejecutivo-del-cruch\\\/#primaryimage\"},\"thumbnailUrl\":\"https:\\\/\\\/www.cftestataltarapaca.cl\\\/inicio\\\/wp-content\\\/uploads\\\/2020\\\/05\\\/reuni\u00f3n-CFTECH-Mayo.jpg\",\"keywords\":[\"Alto Hospicio\",\"CFT Estatal Tarapac\u00e1\",\"educaci\u00f3n\",\"t\u00e9cnicos\"],\"articleSection\":[\"Acad\u00e9mico\",\"Comunicados\",\"Vinculaci\u00f3n\"],\"inLanguage\":\"es\",\"potentialAction\":[{\"@type\":\"CommentAction\",\"name\":\"Comment\",\"target\":[\"https:\\\/\\\/www.cftestataltarapaca.cl\\\/inicio\\\/2020\\\/05\\\/19\\\/asociacion-de-cft-estatales-de-chile-cftech-se-reunio-con-vicepresidente-ejecutivo-del-cruch\\\/#respond\"]}]},{\"@type\":\"WebPage\",\"@id\":\"https:\\\/\\\/www.cftestataltarapaca.cl\\\/inicio\\\/2020\\\/05\\\/19\\\/asociacion-de-cft-estatales-de-chile-cftech-se-reunio-con-vicepresidente-ejecutivo-del-cruch\\\/\",\"url\":\"https:\\\/\\\/www.cftestataltarapaca.cl\\\/inicio\\\/2020\\\/05\\\/19\\\/asociacion-de-cft-estatales-de-chile-cftech-se-reunio-con-vicepresidente-ejecutivo-del-cruch\\\/\",\"name\":\"Asociaci\u00f3n de CFT Estatales de Chile -CFTECH- se reuni\u00f3 con vicepresidente ejecutivo del CRUCH - CFT Estatal Tarapac\u00e1\",\"isPartOf\":{\"@id\":\"https:\\\/\\\/www.cftestataltarapaca.cl\\\/inicio\\\/#website\"},\"primaryImageOfPage\":{\"@id\":\"https:\\\/\\\/www.cftestataltarapaca.cl\\\/inicio\\\/2020\\\/05\\\/19\\\/asociacion-de-cft-estatales-de-chile-cftech-se-reunio-con-vicepresidente-ejecutivo-del-cruch\\\/#primaryimage\"},\"image\":{\"@id\":\"https:\\\/\\\/www.cftestataltarapaca.cl\\\/inicio\\\/2020\\\/05\\\/19\\\/asociacion-de-cft-estatales-de-chile-cftech-se-reunio-con-vicepresidente-ejecutivo-del-cruch\\\/#primaryimage\"},\"thumbnailUrl\":\"https:\\\/\\\/www.cftestataltarapaca.cl\\\/inicio\\\/wp-content\\\/uploads\\\/2020\\\/05\\\/reuni\u00f3n-CFTECH-Mayo.jpg\",\"datePublished\":\"2020-05-19T19:30:59+00:00\",\"breadcrumb\":{\"@id\":\"https:\\\/\\\/www.cftestataltarapaca.cl\\\/inicio\\\/2020\\\/05\\\/19\\\/asociacion-de-cft-estatales-de-chile-cftech-se-reunio-con-vicepresidente-ejecutivo-del-cruch\\\/#breadcrumb\"},\"inLanguage\":\"es\",\"potentialAction\":[{\"@type\":\"ReadAction\",\"target\":[\"https:\\\/\\\/www.cftestataltarapaca.cl\\\/inicio\\\/2020\\\/05\\\/19\\\/asociacion-de-cft-estatales-de-chile-cftech-se-reunio-con-vicepresidente-ejecutivo-del-cruch\\\/\"]}]},{\"@type\":\"ImageObject\",\"inLanguage\":\"es\",\"@id\":\"https:\\\/\\\/www.cftestataltarapaca.cl\\\/inicio\\\/2020\\\/05\\\/19\\\/asociacion-de-cft-estatales-de-chile-cftech-se-reunio-con-vicepresidente-ejecutivo-del-cruch\\\/#primaryimage\",\"url\":\"https:\\\/\\\/www.cftestataltarapaca.cl\\\/inicio\\\/wp-content\\\/uploads\\\/2020\\\/05\\\/reuni\u00f3n-CFTECH-Mayo.jpg\",\"contentUrl\":\"https:\\\/\\\/www.cftestataltarapaca.cl\\\/inicio\\\/wp-content\\\/uploads\\\/2020\\\/05\\\/reuni\u00f3n-CFTECH-Mayo.jpg\",\"width\":1280,\"height\":679},{\"@type\":\"BreadcrumbList\",\"@id\":\"https:\\\/\\\/www.cftestataltarapaca.cl\\\/inicio\\\/2020\\\/05\\\/19\\\/asociacion-de-cft-estatales-de-chile-cftech-se-reunio-con-vicepresidente-ejecutivo-del-cruch\\\/#breadcrumb\",\"itemListElement\":[{\"@type\":\"ListItem\",\"position\":1,\"name\":\"Portada\",\"item\":\"https:\\\/\\\/www.cftestataltarapaca.cl\\\/inicio\\\/\"},{\"@type\":\"ListItem\",\"position\":2,\"name\":\"Asociaci\u00f3n de CFT Estatales de Chile -CFTECH- se reuni\u00f3 con vicepresidente ejecutivo del CRUCH\"}]},{\"@type\":\"WebSite\",\"@id\":\"https:\\\/\\\/www.cftestataltarapaca.cl\\\/inicio\\\/#website\",\"url\":\"https:\\\/\\\/www.cftestataltarapaca.cl\\\/inicio\\\/\",\"name\":\"CFT Estatal Tarapac\u00e1\",\"description\":\"Admisi\u00f3n 2025\",\"publisher\":{\"@id\":\"https:\\\/\\\/www.cftestataltarapaca.cl\\\/inicio\\\/#organization\"},\"potentialAction\":[{\"@type\":\"SearchAction\",\"target\":{\"@type\":\"EntryPoint\",\"urlTemplate\":\"https:\\\/\\\/www.cftestataltarapaca.cl\\\/inicio\\\/?s={search_term_string}\"},\"query-input\":{\"@type\":\"PropertyValueSpecification\",\"valueRequired\":true,\"valueName\":\"search_term_string\"}}],\"inLanguage\":\"es\"},{\"@type\":\"Organization\",\"@id\":\"https:\\\/\\\/www.cftestataltarapaca.cl\\\/inicio\\\/#organization\",\"name\":\"CFT Estatal Tarapac\u00e1\",\"url\":\"https:\\\/\\\/www.cftestataltarapaca.cl\\\/inicio\\\/\",\"logo\":{\"@type\":\"ImageObject\",\"inLanguage\":\"es\",\"@id\":\"https:\\\/\\\/www.cftestataltarapaca.cl\\\/inicio\\\/#\\\/schema\\\/logo\\\/image\\\/\",\"url\":\"https:\\\/\\\/www.cftestataltarapaca.cl\\\/inicio\\\/wp-content\\\/uploads\\\/2019\\\/03\\\/logo-retina-1.png\",\"contentUrl\":\"https:\\\/\\\/www.cftestataltarapaca.cl\\\/inicio\\\/wp-content\\\/uploads\\\/2019\\\/03\\\/logo-retina-1.png\",\"width\":401,\"height\":150,\"caption\":\"CFT Estatal Tarapac\u00e1\"},\"image\":{\"@id\":\"https:\\\/\\\/www.cftestataltarapaca.cl\\\/inicio\\\/#\\\/schema\\\/logo\\\/image\\\/\"},\"sameAs\":[\"https:\\\/\\\/www.facebook.com\\\/CFTestataltarapaca\\\/\",\"https:\\\/\\\/x.com\\\/CFTesTarapaca\",\"https:\\\/\\\/www.instagram.com\\\/CFTestataltarapaca\\\/\"]},{\"@type\":\"Person\",\"@id\":\"https:\\\/\\\/www.cftestataltarapaca.cl\\\/inicio\\\/#\\\/schema\\\/person\\\/ad1fbfa1fa7c3d3889f4ae5401dd660e\",\"name\":\"Comunicaciones\",\"image\":{\"@type\":\"ImageObject\",\"inLanguage\":\"es\",\"@id\":\"https:\\\/\\\/secure.gravatar.com\\\/avatar\\\/ed1c2728327f20a5a62edaeb7dc181858f225b765044c5314c3d1059a1bd992f?s=96&d=mm&r=g\",\"url\":\"https:\\\/\\\/secure.gravatar.com\\\/avatar\\\/ed1c2728327f20a5a62edaeb7dc181858f225b765044c5314c3d1059a1bd992f?s=96&d=mm&r=g\",\"contentUrl\":\"https:\\\/\\\/secure.gravatar.com\\\/avatar\\\/ed1c2728327f20a5a62edaeb7dc181858f225b765044c5314c3d1059a1bd992f?s=96&d=mm&r=g\",\"caption\":\"Comunicaciones\"},\"sameAs\":[\"http:\\\/\\\/www.cftestataltarapaca.cl\"],\"url\":\"https:\\\/\\\/www.cftestataltarapaca.cl\\\/inicio\\\/author\\\/comunicaciones\\\/\"}]}<\/script>\n<!-- \/ Yoast SEO plugin. -->","yoast_head_json":{"title":"Asociaci\u00f3n de CFT Estatales de Chile -CFTECH- se reuni\u00f3 con vicepresidente ejecutivo del CRUCH - CFT Estatal Tarapac\u00e1","robots":{"index":"index","follow":"follow","max-snippet":"max-snippet:-1","max-image-preview":"max-image-preview:large","max-video-preview":"max-video-preview:-1"},"canonical":"https:\/\/www.cftestataltarapaca.cl\/inicio\/2020\/05\/19\/asociacion-de-cft-estatales-de-chile-cftech-se-reunio-con-vicepresidente-ejecutivo-del-cruch\/","og_locale":"es_ES","og_type":"article","og_title":"Asociaci\u00f3n de CFT Estatales de Chile -CFTECH- se reuni\u00f3 con vicepresidente ejecutivo del CRUCH - CFT Estatal Tarapac\u00e1","og_description":"Una reuni\u00f3n por videoconferencia sostuvo la asociaci\u00f3n de Centros de Formaci\u00f3n T\u00e9cnica Estatales de Chile \u2013CFTECH con Mario Zolezzi, vicepresidente ejecutivo del Consejo de Rectores de las Universidades Chilenas \u2013...","og_url":"https:\/\/www.cftestataltarapaca.cl\/inicio\/2020\/05\/19\/asociacion-de-cft-estatales-de-chile-cftech-se-reunio-con-vicepresidente-ejecutivo-del-cruch\/","og_site_name":"CFT Estatal Tarapac\u00e1","article_publisher":"https:\/\/www.facebook.com\/CFTestataltarapaca\/","article_published_time":"2020-05-19T19:30:59+00:00","og_image":[{"width":1280,"height":679,"url":"https:\/\/www.cftestataltarapaca.cl\/inicio\/wp-content\/uploads\/2020\/05\/reuni\u00f3n-CFTECH-Mayo.jpg","type":"image\/jpeg"}],"author":"Comunicaciones","twitter_card":"summary_large_image","twitter_creator":"@CFTesTarapaca","twitter_site":"@CFTesTarapaca","twitter_misc":{"Escrito por":"Comunicaciones","Tiempo de lectura":"1 minuto"},"schema":{"@context":"https:\/\/schema.org","@graph":[{"@type":"Article","@id":"https:\/\/www.cftestataltarapaca.cl\/inicio\/2020\/05\/19\/asociacion-de-cft-estatales-de-chile-cftech-se-reunio-con-vicepresidente-ejecutivo-del-cruch\/#article","isPartOf":{"@id":"https:\/\/www.cftestataltarapaca.cl\/inicio\/2020\/05\/19\/asociacion-de-cft-estatales-de-chile-cftech-se-reunio-con-vicepresidente-ejecutivo-del-cruch\/"},"author":{"name":"Comunicaciones","@id":"https:\/\/www.cftestataltarapaca.cl\/inicio\/#\/schema\/person\/ad1fbfa1fa7c3d3889f4ae5401dd660e"},"headline":"Asociaci\u00f3n de CFT Estatales de Chile -CFTECH- se reuni\u00f3 con vicepresidente ejecutivo del CRUCH","datePublished":"2020-05-19T19:30:59+00:00","mainEntityOfPage":{"@id":"https:\/\/www.cftestataltarapaca.cl\/inicio\/2020\/05\/19\/asociacion-de-cft-estatales-de-chile-cftech-se-reunio-con-vicepresidente-ejecutivo-del-cruch\/"},"wordCount":129,"commentCount":0,"publisher":{"@id":"https:\/\/www.cftestataltarapaca.cl\/inicio\/#organization"},"image":{"@id":"https:\/\/www.cftestataltarapaca.cl\/inicio\/2020\/05\/19\/asociacion-de-cft-estatales-de-chile-cftech-se-reunio-con-vicepresidente-ejecutivo-del-cruch\/#primaryimage"},"thumbnailUrl":"https:\/\/www.cftestataltarapaca.cl\/inicio\/wp-content\/uploads\/2020\/05\/reuni\u00f3n-CFTECH-Mayo.jpg","keywords":["Alto Hospicio","CFT Estatal Tarapac\u00e1","educaci\u00f3n","t\u00e9cnicos"],"articleSection":["Acad\u00e9mico","Comunicados","Vinculaci\u00f3n"],"inLanguage":"es","potentialAction":[{"@type":"CommentAction","name":"Comment","target":["https:\/\/www.cftestataltarapaca.cl\/inicio\/2020\/05\/19\/asociacion-de-cft-estatales-de-chile-cftech-se-reunio-con-vicepresidente-ejecutivo-del-cruch\/#respond"]}]},{"@type":"WebPage","@id":"https:\/\/www.cftestataltarapaca.cl\/inicio\/2020\/05\/19\/asociacion-de-cft-estatales-de-chile-cftech-se-reunio-con-vicepresidente-ejecutivo-del-cruch\/","url":"https:\/\/www.cftestataltarapaca.cl\/inicio\/2020\/05\/19\/asociacion-de-cft-estatales-de-chile-cftech-se-reunio-con-vicepresidente-ejecutivo-del-cruch\/","name":"Asociaci\u00f3n de CFT Estatales de Chile -CFTECH- se reuni\u00f3 con vicepresidente ejecutivo del CRUCH - CFT Estatal Tarapac\u00e1","isPartOf":{"@id":"https:\/\/www.cftestataltarapaca.cl\/inicio\/#website"},"primaryImageOfPage":{"@id":"https:\/\/www.cftestataltarapaca.cl\/inicio\/2020\/05\/19\/asociacion-de-cft-estatales-de-chile-cftech-se-reunio-con-vicepresidente-ejecutivo-del-cruch\/#primaryimage"},"image":{"@id":"https:\/\/www.cftestataltarapaca.cl\/inicio\/2020\/05\/19\/asociacion-de-cft-estatales-de-chile-cftech-se-reunio-con-vicepresidente-ejecutivo-del-cruch\/#primaryimage"},"thumbnailUrl":"https:\/\/www.cftestataltarapaca.cl\/inicio\/wp-content\/uploads\/2020\/05\/reuni\u00f3n-CFTECH-Mayo.jpg","datePublished":"2020-05-19T19:30:59+00:00","breadcrumb":{"@id":"https:\/\/www.cftestataltarapaca.cl\/inicio\/2020\/05\/19\/asociacion-de-cft-estatales-de-chile-cftech-se-reunio-con-vicepresidente-ejecutivo-del-cruch\/#breadcrumb"},"inLanguage":"es","potentialAction":[{"@type":"ReadAction","target":["https:\/\/www.cftestataltarapaca.cl\/inicio\/2020\/05\/19\/asociacion-de-cft-estatales-de-chile-cftech-se-reunio-con-vicepresidente-ejecutivo-del-cruch\/"]}]},{"@type":"ImageObject","inLanguage":"es","@id":"https:\/\/www.cftestataltarapaca.cl\/inicio\/2020\/05\/19\/asociacion-de-cft-estatales-de-chile-cftech-se-reunio-con-vicepresidente-ejecutivo-del-cruch\/#primaryimage","url":"https:\/\/www.cftestataltarapaca.cl\/inicio\/wp-content\/uploads\/2020\/05\/reuni\u00f3n-CFTECH-Mayo.jpg","contentUrl":"https:\/\/www.cftestataltarapaca.cl\/inicio\/wp-content\/uploads\/2020\/05\/reuni\u00f3n-CFTECH-Mayo.jpg","width":1280,"height":679},{"@type":"BreadcrumbList","@id":"https:\/\/www.cftestataltarapaca.cl\/inicio\/2020\/05\/19\/asociacion-de-cft-estatales-de-chile-cftech-se-reunio-con-vicepresidente-ejecutivo-del-cruch\/#breadcrumb","itemListElement":[{"@type":"ListItem","position":1,"name":"Portada","item":"https:\/\/www.cftestataltarapaca.cl\/inicio\/"},{"@type":"ListItem","position":2,"name":"Asociaci\u00f3n de CFT Estatales de Chile -CFTECH- se reuni\u00f3 con vicepresidente ejecutivo del CRUCH"}]},{"@type":"WebSite","@id":"https:\/\/www.cftestataltarapaca.cl\/inicio\/#website","url":"https:\/\/www.cftestataltarapaca.cl\/inicio\/","name":"CFT Estatal Tarapac\u00e1","description":"Admisi\u00f3n 2025","publisher":{"@id":"https:\/\/www.cftestataltarapaca.cl\/inicio\/#organization"},"potentialAction":[{"@type":"SearchAction","target":{"@type":"EntryPoint","urlTemplate":"https:\/\/www.cftestataltarapaca.cl\/inicio\/?s={search_term_string}"},"query-input":{"@type":"PropertyValueSpecification","valueRequired":true,"valueName":"search_term_string"}}],"inLanguage":"es"},{"@type":"Organization","@id":"https:\/\/www.cftestataltarapaca.cl\/inicio\/#organization","name":"CFT Estatal Tarapac\u00e1","url":"https:\/\/www.cftestataltarapaca.cl\/inicio\/","logo":{"@type":"ImageObject","inLanguage":"es","@id":"https:\/\/www.cftestataltarapaca.cl\/inicio\/#\/schema\/logo\/image\/","url":"https:\/\/www.cftestataltarapaca.cl\/inicio\/wp-content\/uploads\/2019\/03\/logo-retina-1.png","contentUrl":"https:\/\/www.cftestataltarapaca.cl\/inicio\/wp-content\/uploads\/2019\/03\/logo-retina-1.png","width":401,"height":150,"caption":"CFT Estatal Tarapac\u00e1"},"image":{"@id":"https:\/\/www.cftestataltarapaca.cl\/inicio\/#\/schema\/logo\/image\/"},"sameAs":["https:\/\/www.facebook.com\/CFTestataltarapaca\/","https:\/\/x.com\/CFTesTarapaca","https:\/\/www.instagram.com\/CFTestataltarapaca\/"]},{"@type":"Person","@id":"https:\/\/www.cftestataltarapaca.cl\/inicio\/#\/schema\/person\/ad1fbfa1fa7c3d3889f4ae5401dd660e","name":"Comunicaciones","image":{"@type":"ImageObject","inLanguage":"es","@id":"https:\/\/secure.gravatar.com\/avatar\/ed1c2728327f20a5a62edaeb7dc181858f225b765044c5314c3d1059a1bd992f?s=96&d=mm&r=g","url":"https:\/\/secure.gravatar.com\/avatar\/ed1c2728327f20a5a62edaeb7dc181858f225b765044c5314c3d1059a1bd992f?s=96&d=mm&r=g","contentUrl":"https:\/\/secure.gravatar.com\/avatar\/ed1c2728327f20a5a62edaeb7dc181858f225b765044c5314c3d1059a1bd992f?s=96&d=mm&r=g","caption":"Comunicaciones"},"sameAs":["http:\/\/www.cftestataltarapaca.cl"],"url":"https:\/\/www.cftestataltarapaca.cl\/inicio\/author\/comunicaciones\/"}]}},"publishpress_future_action":{"enabled":false,"date":"2026-05-08 22:25:39","action":"change-status","newStatus":"draft","terms":[],"taxonomy":"category","extraData":[]},"publishpress_future_workflow_manual_trigger":{"enabledWorkflows":[]},"_links":{"self":[{"href":"https:\/\/www.cftestataltarapaca.cl\/inicio\/wp-json\/wp\/v2\/posts\/4435","targetHints":{"allow":["GET"]}}],"collection":[{"href":"https:\/\/www.cftestataltarapaca.cl\/inicio\/wp-json\/wp\/v2\/posts"}],"about":[{"href":"https:\/\/www.cftestataltarapaca.cl\/inicio\/wp-json\/wp\/v2\/types\/post"}],"author":[{"embeddable":true,"href":"https:\/\/www.cftestataltarapaca.cl\/inicio\/wp-json\/wp\/v2\/users\/2"}],"replies":[{"embeddable":true,"href":"https:\/\/www.cftestataltarapaca.cl\/inicio\/wp-json\/wp\/v2\/comments?post=4435"}],"version-history":[{"count":2,"href":"https:\/\/www.cftestataltarapaca.cl\/inicio\/wp-json\/wp\/v2\/posts\/4435\/revisions"}],"predecessor-version":[{"id":4438,"href":"https:\/\/www.cftestataltarapaca.cl\/inicio\/wp-json\/wp\/v2\/posts\/4435\/revisions\/4438"}],"wp:featuredmedia":[{"embeddable":true,"href":"https:\/\/www.cftestataltarapaca.cl\/inicio\/wp-json\/wp\/v2\/media\/4436"}],"wp:attachment":[{"href":"https:\/\/www.cftestataltarapaca.cl\/inicio\/wp-json\/wp\/v2\/media?parent=4435"}],"wp:term":[{"taxonomy":"category","embeddable":true,"href":"https:\/\/www.cftestataltarapaca.cl\/inicio\/wp-json\/wp\/v2\/categories?post=4435"},{"taxonomy":"post_tag","embeddable":true,"href":"https:\/\/www.cftestataltarapaca.cl\/inicio\/wp-json\/wp\/v2\/tags?post=4435"}],"curies":[{"name":"wp","href":"https:\/\/api.w.org\/{rel}","templated":true}]}}