{"id":4445,"date":"2020-05-22T13:26:41","date_gmt":"2020-05-22T13:26:41","guid":{"rendered":"https:\/\/www.cftestataltarapaca.cl\/inicio\/?p=4445"},"modified":"2020-05-22T13:26:41","modified_gmt":"2020-05-22T13:26:41","slug":"cft-estatal-tarapaca-participa-en-mesa-social-covid-de-alto-hospicio","status":"publish","type":"post","link":"https:\/\/www.cftestataltarapaca.cl\/inicio\/2020\/05\/22\/cft-estatal-tarapaca-participa-en-mesa-social-covid-de-alto-hospicio\/","title":{"rendered":"CFT Estatal Tarapac\u00e1 participa en Mesa Social COVID de Alto Hospicio"},"content":{"rendered":"<p style=\"text-align: justify\">La noche del pasado 20 de mayo el municipio de Alto Hospicio, liderado por su alcalde Patricio Ferreira, constituy\u00f3 la Mesa Social COVID Comunal.<\/p>\n<p style=\"text-align: justify\">La iniciativa convoc\u00f3 a m\u00e1s de 30 instituciones representantes de distintas \u00e1reas de la sociedad como es la productiva, deportiva, social y educativa presentes en Alto Hospicio. El Centro de Formaci\u00f3n T\u00e9cnica Estatal de Tarapac\u00e1 particip\u00f3 en dicho encuentro a trav\u00e9s del rector, Jorge Villegas Ahumada, quien agradeci\u00f3 la oportunidad de ser parte de esa instancia que tiene como objetivo colaborar a la comuna durante el per\u00edodo de emergencia sanitaria.<\/p>\n<p style=\"text-align: justify\">Seg\u00fan explic\u00f3 el alcalde de Alto Hospicio, la Mesa Social COVID Comunal, que lidera el municipio, busca canalizar de mejor forma las acciones que se realicen en beneficio de los vecinos, durante la pandemia.<\/p>\n","protected":false},"excerpt":{"rendered":"<p>La noche del pasado 20 de mayo el municipio de Alto Hospicio, liderado por su alcalde Patricio Ferreira, constituy\u00f3 la Mesa Social COVID Comunal. La iniciativa convoc\u00f3 a m\u00e1s de&#8230;<\/p>\n","protected":false},"author":2,"featured_media":4446,"comment_status":"open","ping_status":"open","sticky":false,"template":"","format":"standard","meta":{"_joinchat":[],"footnotes":""},"categories":[49,52,118,45],"tags":[75,86,112,113],"class_list":["post-4445","post","type-post","status-publish","format-standard","has-post-thumbnail","hentry","category-academico","category-comunicados","category-covid-19","category-vinculacion","tag-alto-hospicio","tag-cft-estatal-tarapaca","tag-coronavirus","tag-salud"],"yoast_head":"<!-- This site is optimized with the Yoast SEO plugin v27.4 - https:\/\/yoast.com\/product\/yoast-seo-wordpress\/ -->\n<title>CFT Estatal Tarapac\u00e1 participa en Mesa Social COVID de Alto Hospicio - CFT Estatal Tarapac\u00e1<\/title>\n<meta name=\"robots\" content=\"index, follow, max-snippet:-1, max-image-preview:large, max-video-preview:-1\" \/>\n<link rel=\"canonical\" href=\"https:\/\/www.cftestataltarapaca.cl\/inicio\/2020\/05\/22\/cft-estatal-tarapaca-participa-en-mesa-social-covid-de-alto-hospicio\/\" \/>\n<meta property=\"og:locale\" content=\"es_ES\" \/>\n<meta property=\"og:type\" content=\"article\" \/>\n<meta property=\"og:title\" content=\"CFT Estatal Tarapac\u00e1 participa en Mesa Social COVID de Alto Hospicio - CFT Estatal Tarapac\u00e1\" \/>\n<meta property=\"og:description\" content=\"La noche del pasado 20 de mayo el municipio de Alto Hospicio, liderado por su alcalde Patricio Ferreira, constituy\u00f3 la Mesa Social COVID Comunal. La iniciativa convoc\u00f3 a m\u00e1s de...\" \/>\n<meta property=\"og:url\" content=\"https:\/\/www.cftestataltarapaca.cl\/inicio\/2020\/05\/22\/cft-estatal-tarapaca-participa-en-mesa-social-covid-de-alto-hospicio\/\" \/>\n<meta property=\"og:site_name\" content=\"CFT Estatal Tarapac\u00e1\" \/>\n<meta property=\"article:publisher\" content=\"https:\/\/www.facebook.com\/CFTestataltarapaca\/\" \/>\n<meta property=\"article:published_time\" content=\"2020-05-22T13:26:41+00:00\" \/>\n<meta property=\"og:image\" content=\"https:\/\/www.cftestataltarapaca.cl\/inicio\/wp-content\/uploads\/2020\/05\/mesa-covid-AH.jpg\" \/>\n\t<meta property=\"og:image:width\" content=\"1280\" \/>\n\t<meta property=\"og:image:height\" content=\"710\" \/>\n\t<meta property=\"og:image:type\" content=\"image\/jpeg\" \/>\n<meta name=\"author\" content=\"Comunicaciones\" \/>\n<meta name=\"twitter:card\" content=\"summary_large_image\" \/>\n<meta name=\"twitter:creator\" content=\"@CFTesTarapaca\" \/>\n<meta name=\"twitter:site\" content=\"@CFTesTarapaca\" \/>\n<meta name=\"twitter:label1\" content=\"Escrito por\" \/>\n\t<meta name=\"twitter:data1\" content=\"Comunicaciones\" \/>\n\t<meta name=\"twitter:label2\" content=\"Tiempo de lectura\" \/>\n\t<meta name=\"twitter:data2\" content=\"1 minuto\" \/>\n<script type=\"application\/ld+json\" class=\"yoast-schema-graph\">{\"@context\":\"https:\\\/\\\/schema.org\",\"@graph\":[{\"@type\":\"Article\",\"@id\":\"https:\\\/\\\/www.cftestataltarapaca.cl\\\/inicio\\\/2020\\\/05\\\/22\\\/cft-estatal-tarapaca-participa-en-mesa-social-covid-de-alto-hospicio\\\/#article\",\"isPartOf\":{\"@id\":\"https:\\\/\\\/www.cftestataltarapaca.cl\\\/inicio\\\/2020\\\/05\\\/22\\\/cft-estatal-tarapaca-participa-en-mesa-social-covid-de-alto-hospicio\\\/\"},\"author\":{\"name\":\"Comunicaciones\",\"@id\":\"https:\\\/\\\/www.cftestataltarapaca.cl\\\/inicio\\\/#\\\/schema\\\/person\\\/ad1fbfa1fa7c3d3889f4ae5401dd660e\"},\"headline\":\"CFT Estatal Tarapac\u00e1 participa en Mesa Social COVID de Alto Hospicio\",\"datePublished\":\"2020-05-22T13:26:41+00:00\",\"mainEntityOfPage\":{\"@id\":\"https:\\\/\\\/www.cftestataltarapaca.cl\\\/inicio\\\/2020\\\/05\\\/22\\\/cft-estatal-tarapaca-participa-en-mesa-social-covid-de-alto-hospicio\\\/\"},\"wordCount\":143,\"commentCount\":0,\"publisher\":{\"@id\":\"https:\\\/\\\/www.cftestataltarapaca.cl\\\/inicio\\\/#organization\"},\"image\":{\"@id\":\"https:\\\/\\\/www.cftestataltarapaca.cl\\\/inicio\\\/2020\\\/05\\\/22\\\/cft-estatal-tarapaca-participa-en-mesa-social-covid-de-alto-hospicio\\\/#primaryimage\"},\"thumbnailUrl\":\"https:\\\/\\\/www.cftestataltarapaca.cl\\\/inicio\\\/wp-content\\\/uploads\\\/2020\\\/05\\\/mesa-covid-AH.jpg\",\"keywords\":[\"Alto Hospicio\",\"CFT Estatal Tarapac\u00e1\",\"Coronavirus\",\"salud\"],\"articleSection\":[\"Acad\u00e9mico\",\"Comunicados\",\"Covid 19\",\"Vinculaci\u00f3n\"],\"inLanguage\":\"es\",\"potentialAction\":[{\"@type\":\"CommentAction\",\"name\":\"Comment\",\"target\":[\"https:\\\/\\\/www.cftestataltarapaca.cl\\\/inicio\\\/2020\\\/05\\\/22\\\/cft-estatal-tarapaca-participa-en-mesa-social-covid-de-alto-hospicio\\\/#respond\"]}]},{\"@type\":\"WebPage\",\"@id\":\"https:\\\/\\\/www.cftestataltarapaca.cl\\\/inicio\\\/2020\\\/05\\\/22\\\/cft-estatal-tarapaca-participa-en-mesa-social-covid-de-alto-hospicio\\\/\",\"url\":\"https:\\\/\\\/www.cftestataltarapaca.cl\\\/inicio\\\/2020\\\/05\\\/22\\\/cft-estatal-tarapaca-participa-en-mesa-social-covid-de-alto-hospicio\\\/\",\"name\":\"CFT Estatal Tarapac\u00e1 participa en Mesa Social COVID de Alto Hospicio - CFT Estatal Tarapac\u00e1\",\"isPartOf\":{\"@id\":\"https:\\\/\\\/www.cftestataltarapaca.cl\\\/inicio\\\/#website\"},\"primaryImageOfPage\":{\"@id\":\"https:\\\/\\\/www.cftestataltarapaca.cl\\\/inicio\\\/2020\\\/05\\\/22\\\/cft-estatal-tarapaca-participa-en-mesa-social-covid-de-alto-hospicio\\\/#primaryimage\"},\"image\":{\"@id\":\"https:\\\/\\\/www.cftestataltarapaca.cl\\\/inicio\\\/2020\\\/05\\\/22\\\/cft-estatal-tarapaca-participa-en-mesa-social-covid-de-alto-hospicio\\\/#primaryimage\"},\"thumbnailUrl\":\"https:\\\/\\\/www.cftestataltarapaca.cl\\\/inicio\\\/wp-content\\\/uploads\\\/2020\\\/05\\\/mesa-covid-AH.jpg\",\"datePublished\":\"2020-05-22T13:26:41+00:00\",\"breadcrumb\":{\"@id\":\"https:\\\/\\\/www.cftestataltarapaca.cl\\\/inicio\\\/2020\\\/05\\\/22\\\/cft-estatal-tarapaca-participa-en-mesa-social-covid-de-alto-hospicio\\\/#breadcrumb\"},\"inLanguage\":\"es\",\"potentialAction\":[{\"@type\":\"ReadAction\",\"target\":[\"https:\\\/\\\/www.cftestataltarapaca.cl\\\/inicio\\\/2020\\\/05\\\/22\\\/cft-estatal-tarapaca-participa-en-mesa-social-covid-de-alto-hospicio\\\/\"]}]},{\"@type\":\"ImageObject\",\"inLanguage\":\"es\",\"@id\":\"https:\\\/\\\/www.cftestataltarapaca.cl\\\/inicio\\\/2020\\\/05\\\/22\\\/cft-estatal-tarapaca-participa-en-mesa-social-covid-de-alto-hospicio\\\/#primaryimage\",\"url\":\"https:\\\/\\\/www.cftestataltarapaca.cl\\\/inicio\\\/wp-content\\\/uploads\\\/2020\\\/05\\\/mesa-covid-AH.jpg\",\"contentUrl\":\"https:\\\/\\\/www.cftestataltarapaca.cl\\\/inicio\\\/wp-content\\\/uploads\\\/2020\\\/05\\\/mesa-covid-AH.jpg\",\"width\":1280,\"height\":710},{\"@type\":\"BreadcrumbList\",\"@id\":\"https:\\\/\\\/www.cftestataltarapaca.cl\\\/inicio\\\/2020\\\/05\\\/22\\\/cft-estatal-tarapaca-participa-en-mesa-social-covid-de-alto-hospicio\\\/#breadcrumb\",\"itemListElement\":[{\"@type\":\"ListItem\",\"position\":1,\"name\":\"Portada\",\"item\":\"https:\\\/\\\/www.cftestataltarapaca.cl\\\/inicio\\\/\"},{\"@type\":\"ListItem\",\"position\":2,\"name\":\"CFT Estatal Tarapac\u00e1 participa en Mesa Social COVID de Alto Hospicio\"}]},{\"@type\":\"WebSite\",\"@id\":\"https:\\\/\\\/www.cftestataltarapaca.cl\\\/inicio\\\/#website\",\"url\":\"https:\\\/\\\/www.cftestataltarapaca.cl\\\/inicio\\\/\",\"name\":\"CFT Estatal Tarapac\u00e1\",\"description\":\"Admisi\u00f3n 2025\",\"publisher\":{\"@id\":\"https:\\\/\\\/www.cftestataltarapaca.cl\\\/inicio\\\/#organization\"},\"potentialAction\":[{\"@type\":\"SearchAction\",\"target\":{\"@type\":\"EntryPoint\",\"urlTemplate\":\"https:\\\/\\\/www.cftestataltarapaca.cl\\\/inicio\\\/?s={search_term_string}\"},\"query-input\":{\"@type\":\"PropertyValueSpecification\",\"valueRequired\":true,\"valueName\":\"search_term_string\"}}],\"inLanguage\":\"es\"},{\"@type\":\"Organization\",\"@id\":\"https:\\\/\\\/www.cftestataltarapaca.cl\\\/inicio\\\/#organization\",\"name\":\"CFT Estatal Tarapac\u00e1\",\"url\":\"https:\\\/\\\/www.cftestataltarapaca.cl\\\/inicio\\\/\",\"logo\":{\"@type\":\"ImageObject\",\"inLanguage\":\"es\",\"@id\":\"https:\\\/\\\/www.cftestataltarapaca.cl\\\/inicio\\\/#\\\/schema\\\/logo\\\/image\\\/\",\"url\":\"https:\\\/\\\/www.cftestataltarapaca.cl\\\/inicio\\\/wp-content\\\/uploads\\\/2019\\\/03\\\/logo-retina-1.png\",\"contentUrl\":\"https:\\\/\\\/www.cftestataltarapaca.cl\\\/inicio\\\/wp-content\\\/uploads\\\/2019\\\/03\\\/logo-retina-1.png\",\"width\":401,\"height\":150,\"caption\":\"CFT Estatal Tarapac\u00e1\"},\"image\":{\"@id\":\"https:\\\/\\\/www.cftestataltarapaca.cl\\\/inicio\\\/#\\\/schema\\\/logo\\\/image\\\/\"},\"sameAs\":[\"https:\\\/\\\/www.facebook.com\\\/CFTestataltarapaca\\\/\",\"https:\\\/\\\/x.com\\\/CFTesTarapaca\",\"https:\\\/\\\/www.instagram.com\\\/CFTestataltarapaca\\\/\"]},{\"@type\":\"Person\",\"@id\":\"https:\\\/\\\/www.cftestataltarapaca.cl\\\/inicio\\\/#\\\/schema\\\/person\\\/ad1fbfa1fa7c3d3889f4ae5401dd660e\",\"name\":\"Comunicaciones\",\"image\":{\"@type\":\"ImageObject\",\"inLanguage\":\"es\",\"@id\":\"https:\\\/\\\/secure.gravatar.com\\\/avatar\\\/ed1c2728327f20a5a62edaeb7dc181858f225b765044c5314c3d1059a1bd992f?s=96&d=mm&r=g\",\"url\":\"https:\\\/\\\/secure.gravatar.com\\\/avatar\\\/ed1c2728327f20a5a62edaeb7dc181858f225b765044c5314c3d1059a1bd992f?s=96&d=mm&r=g\",\"contentUrl\":\"https:\\\/\\\/secure.gravatar.com\\\/avatar\\\/ed1c2728327f20a5a62edaeb7dc181858f225b765044c5314c3d1059a1bd992f?s=96&d=mm&r=g\",\"caption\":\"Comunicaciones\"},\"sameAs\":[\"http:\\\/\\\/www.cftestataltarapaca.cl\"],\"url\":\"https:\\\/\\\/www.cftestataltarapaca.cl\\\/inicio\\\/author\\\/comunicaciones\\\/\"}]}<\/script>\n<!-- \/ Yoast SEO plugin. -->","yoast_head_json":{"title":"CFT Estatal Tarapac\u00e1 participa en Mesa Social COVID de Alto Hospicio - CFT Estatal Tarapac\u00e1","robots":{"index":"index","follow":"follow","max-snippet":"max-snippet:-1","max-image-preview":"max-image-preview:large","max-video-preview":"max-video-preview:-1"},"canonical":"https:\/\/www.cftestataltarapaca.cl\/inicio\/2020\/05\/22\/cft-estatal-tarapaca-participa-en-mesa-social-covid-de-alto-hospicio\/","og_locale":"es_ES","og_type":"article","og_title":"CFT Estatal Tarapac\u00e1 participa en Mesa Social COVID de Alto Hospicio - CFT Estatal Tarapac\u00e1","og_description":"La noche del pasado 20 de mayo el municipio de Alto Hospicio, liderado por su alcalde Patricio Ferreira, constituy\u00f3 la Mesa Social COVID Comunal. La iniciativa convoc\u00f3 a m\u00e1s de...","og_url":"https:\/\/www.cftestataltarapaca.cl\/inicio\/2020\/05\/22\/cft-estatal-tarapaca-participa-en-mesa-social-covid-de-alto-hospicio\/","og_site_name":"CFT Estatal Tarapac\u00e1","article_publisher":"https:\/\/www.facebook.com\/CFTestataltarapaca\/","article_published_time":"2020-05-22T13:26:41+00:00","og_image":[{"width":1280,"height":710,"url":"https:\/\/www.cftestataltarapaca.cl\/inicio\/wp-content\/uploads\/2020\/05\/mesa-covid-AH.jpg","type":"image\/jpeg"}],"author":"Comunicaciones","twitter_card":"summary_large_image","twitter_creator":"@CFTesTarapaca","twitter_site":"@CFTesTarapaca","twitter_misc":{"Escrito por":"Comunicaciones","Tiempo de lectura":"1 minuto"},"schema":{"@context":"https:\/\/schema.org","@graph":[{"@type":"Article","@id":"https:\/\/www.cftestataltarapaca.cl\/inicio\/2020\/05\/22\/cft-estatal-tarapaca-participa-en-mesa-social-covid-de-alto-hospicio\/#article","isPartOf":{"@id":"https:\/\/www.cftestataltarapaca.cl\/inicio\/2020\/05\/22\/cft-estatal-tarapaca-participa-en-mesa-social-covid-de-alto-hospicio\/"},"author":{"name":"Comunicaciones","@id":"https:\/\/www.cftestataltarapaca.cl\/inicio\/#\/schema\/person\/ad1fbfa1fa7c3d3889f4ae5401dd660e"},"headline":"CFT Estatal Tarapac\u00e1 participa en Mesa Social COVID de Alto Hospicio","datePublished":"2020-05-22T13:26:41+00:00","mainEntityOfPage":{"@id":"https:\/\/www.cftestataltarapaca.cl\/inicio\/2020\/05\/22\/cft-estatal-tarapaca-participa-en-mesa-social-covid-de-alto-hospicio\/"},"wordCount":143,"commentCount":0,"publisher":{"@id":"https:\/\/www.cftestataltarapaca.cl\/inicio\/#organization"},"image":{"@id":"https:\/\/www.cftestataltarapaca.cl\/inicio\/2020\/05\/22\/cft-estatal-tarapaca-participa-en-mesa-social-covid-de-alto-hospicio\/#primaryimage"},"thumbnailUrl":"https:\/\/www.cftestataltarapaca.cl\/inicio\/wp-content\/uploads\/2020\/05\/mesa-covid-AH.jpg","keywords":["Alto Hospicio","CFT Estatal Tarapac\u00e1","Coronavirus","salud"],"articleSection":["Acad\u00e9mico","Comunicados","Covid 19","Vinculaci\u00f3n"],"inLanguage":"es","potentialAction":[{"@type":"CommentAction","name":"Comment","target":["https:\/\/www.cftestataltarapaca.cl\/inicio\/2020\/05\/22\/cft-estatal-tarapaca-participa-en-mesa-social-covid-de-alto-hospicio\/#respond"]}]},{"@type":"WebPage","@id":"https:\/\/www.cftestataltarapaca.cl\/inicio\/2020\/05\/22\/cft-estatal-tarapaca-participa-en-mesa-social-covid-de-alto-hospicio\/","url":"https:\/\/www.cftestataltarapaca.cl\/inicio\/2020\/05\/22\/cft-estatal-tarapaca-participa-en-mesa-social-covid-de-alto-hospicio\/","name":"CFT Estatal Tarapac\u00e1 participa en Mesa Social COVID de Alto Hospicio - CFT Estatal Tarapac\u00e1","isPartOf":{"@id":"https:\/\/www.cftestataltarapaca.cl\/inicio\/#website"},"primaryImageOfPage":{"@id":"https:\/\/www.cftestataltarapaca.cl\/inicio\/2020\/05\/22\/cft-estatal-tarapaca-participa-en-mesa-social-covid-de-alto-hospicio\/#primaryimage"},"image":{"@id":"https:\/\/www.cftestataltarapaca.cl\/inicio\/2020\/05\/22\/cft-estatal-tarapaca-participa-en-mesa-social-covid-de-alto-hospicio\/#primaryimage"},"thumbnailUrl":"https:\/\/www.cftestataltarapaca.cl\/inicio\/wp-content\/uploads\/2020\/05\/mesa-covid-AH.jpg","datePublished":"2020-05-22T13:26:41+00:00","breadcrumb":{"@id":"https:\/\/www.cftestataltarapaca.cl\/inicio\/2020\/05\/22\/cft-estatal-tarapaca-participa-en-mesa-social-covid-de-alto-hospicio\/#breadcrumb"},"inLanguage":"es","potentialAction":[{"@type":"ReadAction","target":["https:\/\/www.cftestataltarapaca.cl\/inicio\/2020\/05\/22\/cft-estatal-tarapaca-participa-en-mesa-social-covid-de-alto-hospicio\/"]}]},{"@type":"ImageObject","inLanguage":"es","@id":"https:\/\/www.cftestataltarapaca.cl\/inicio\/2020\/05\/22\/cft-estatal-tarapaca-participa-en-mesa-social-covid-de-alto-hospicio\/#primaryimage","url":"https:\/\/www.cftestataltarapaca.cl\/inicio\/wp-content\/uploads\/2020\/05\/mesa-covid-AH.jpg","contentUrl":"https:\/\/www.cftestataltarapaca.cl\/inicio\/wp-content\/uploads\/2020\/05\/mesa-covid-AH.jpg","width":1280,"height":710},{"@type":"BreadcrumbList","@id":"https:\/\/www.cftestataltarapaca.cl\/inicio\/2020\/05\/22\/cft-estatal-tarapaca-participa-en-mesa-social-covid-de-alto-hospicio\/#breadcrumb","itemListElement":[{"@type":"ListItem","position":1,"name":"Portada","item":"https:\/\/www.cftestataltarapaca.cl\/inicio\/"},{"@type":"ListItem","position":2,"name":"CFT Estatal Tarapac\u00e1 participa en Mesa Social COVID de Alto Hospicio"}]},{"@type":"WebSite","@id":"https:\/\/www.cftestataltarapaca.cl\/inicio\/#website","url":"https:\/\/www.cftestataltarapaca.cl\/inicio\/","name":"CFT Estatal Tarapac\u00e1","description":"Admisi\u00f3n 2025","publisher":{"@id":"https:\/\/www.cftestataltarapaca.cl\/inicio\/#organization"},"potentialAction":[{"@type":"SearchAction","target":{"@type":"EntryPoint","urlTemplate":"https:\/\/www.cftestataltarapaca.cl\/inicio\/?s={search_term_string}"},"query-input":{"@type":"PropertyValueSpecification","valueRequired":true,"valueName":"search_term_string"}}],"inLanguage":"es"},{"@type":"Organization","@id":"https:\/\/www.cftestataltarapaca.cl\/inicio\/#organization","name":"CFT Estatal Tarapac\u00e1","url":"https:\/\/www.cftestataltarapaca.cl\/inicio\/","logo":{"@type":"ImageObject","inLanguage":"es","@id":"https:\/\/www.cftestataltarapaca.cl\/inicio\/#\/schema\/logo\/image\/","url":"https:\/\/www.cftestataltarapaca.cl\/inicio\/wp-content\/uploads\/2019\/03\/logo-retina-1.png","contentUrl":"https:\/\/www.cftestataltarapaca.cl\/inicio\/wp-content\/uploads\/2019\/03\/logo-retina-1.png","width":401,"height":150,"caption":"CFT Estatal Tarapac\u00e1"},"image":{"@id":"https:\/\/www.cftestataltarapaca.cl\/inicio\/#\/schema\/logo\/image\/"},"sameAs":["https:\/\/www.facebook.com\/CFTestataltarapaca\/","https:\/\/x.com\/CFTesTarapaca","https:\/\/www.instagram.com\/CFTestataltarapaca\/"]},{"@type":"Person","@id":"https:\/\/www.cftestataltarapaca.cl\/inicio\/#\/schema\/person\/ad1fbfa1fa7c3d3889f4ae5401dd660e","name":"Comunicaciones","image":{"@type":"ImageObject","inLanguage":"es","@id":"https:\/\/secure.gravatar.com\/avatar\/ed1c2728327f20a5a62edaeb7dc181858f225b765044c5314c3d1059a1bd992f?s=96&d=mm&r=g","url":"https:\/\/secure.gravatar.com\/avatar\/ed1c2728327f20a5a62edaeb7dc181858f225b765044c5314c3d1059a1bd992f?s=96&d=mm&r=g","contentUrl":"https:\/\/secure.gravatar.com\/avatar\/ed1c2728327f20a5a62edaeb7dc181858f225b765044c5314c3d1059a1bd992f?s=96&d=mm&r=g","caption":"Comunicaciones"},"sameAs":["http:\/\/www.cftestataltarapaca.cl"],"url":"https:\/\/www.cftestataltarapaca.cl\/inicio\/author\/comunicaciones\/"}]}},"publishpress_future_action":{"enabled":false,"date":"2026-05-08 13:50:43","action":"change-status","newStatus":"draft","terms":[],"taxonomy":"category","extraData":[]},"publishpress_future_workflow_manual_trigger":{"enabledWorkflows":[]},"_links":{"self":[{"href":"https:\/\/www.cftestataltarapaca.cl\/inicio\/wp-json\/wp\/v2\/posts\/4445","targetHints":{"allow":["GET"]}}],"collection":[{"href":"https:\/\/www.cftestataltarapaca.cl\/inicio\/wp-json\/wp\/v2\/posts"}],"about":[{"href":"https:\/\/www.cftestataltarapaca.cl\/inicio\/wp-json\/wp\/v2\/types\/post"}],"author":[{"embeddable":true,"href":"https:\/\/www.cftestataltarapaca.cl\/inicio\/wp-json\/wp\/v2\/users\/2"}],"replies":[{"embeddable":true,"href":"https:\/\/www.cftestataltarapaca.cl\/inicio\/wp-json\/wp\/v2\/comments?post=4445"}],"version-history":[{"count":3,"href":"https:\/\/www.cftestataltarapaca.cl\/inicio\/wp-json\/wp\/v2\/posts\/4445\/revisions"}],"predecessor-version":[{"id":4449,"href":"https:\/\/www.cftestataltarapaca.cl\/inicio\/wp-json\/wp\/v2\/posts\/4445\/revisions\/4449"}],"wp:featuredmedia":[{"embeddable":true,"href":"https:\/\/www.cftestataltarapaca.cl\/inicio\/wp-json\/wp\/v2\/media\/4446"}],"wp:attachment":[{"href":"https:\/\/www.cftestataltarapaca.cl\/inicio\/wp-json\/wp\/v2\/media?parent=4445"}],"wp:term":[{"taxonomy":"category","embeddable":true,"href":"https:\/\/www.cftestataltarapaca.cl\/inicio\/wp-json\/wp\/v2\/categories?post=4445"},{"taxonomy":"post_tag","embeddable":true,"href":"https:\/\/www.cftestataltarapaca.cl\/inicio\/wp-json\/wp\/v2\/tags?post=4445"}],"curies":[{"name":"wp","href":"https:\/\/api.w.org\/{rel}","templated":true}]}}