{"id":4466,"date":"2020-05-27T19:44:21","date_gmt":"2020-05-27T19:44:21","guid":{"rendered":"https:\/\/www.cftestataltarapaca.cl\/inicio\/?p=4466"},"modified":"2020-06-04T16:19:42","modified_gmt":"2020-06-04T16:19:42","slug":"acuerdo-de-mineduc-y-gobierno-vasco-permite-a-docentes-de-cft-estatales-capacitarse-sobre-herramientas-digitales","status":"publish","type":"post","link":"https:\/\/www.cftestataltarapaca.cl\/inicio\/2020\/05\/27\/acuerdo-de-mineduc-y-gobierno-vasco-permite-a-docentes-de-cft-estatales-capacitarse-sobre-herramientas-digitales\/","title":{"rendered":"Acuerdo de Mineduc y Gobierno Vasco permite a docentes de CFT Estatales capacitarse sobre herramientas digitales"},"content":{"rendered":"<p style=\"text-align: justify\">La iniciativa surgi\u00f3 en el marco del Plan de Acci\u00f3n en apoyo al sistema de Educaci\u00f3n Superior impulsado por el Mineduc \u2013 articulado por la Subsecretar\u00eda de Educaci\u00f3n Superior \u2013 para enfrentar la emergencia provocada por el COVID-19, y apoyar a los docentes de CFT Estatales a contar con mayores herramientas para la gesti\u00f3n y ense\u00f1anza a distancia. Pero sus positivas consecuencias trascender\u00e1n m\u00e1s all\u00e1 de la duraci\u00f3n de la pandemia, pues el curso de formaci\u00f3n para docentes de CFT Estatales, ofrecido por el Gobierno Vasco, a trav\u00e9s de su Viceconsejer\u00eda de Formaci\u00f3n Profesional puso a disposici\u00f3n 50 cupos para que docentes de los CFT Estatales tuvieran acceso a la plataforma y al material vinculado de este curso, que persigue fortalecer las competencias de los docentes, entregando distintas herramientas pedag\u00f3gicas para puedan enfrentar de mejor forma la preparaci\u00f3n y exposici\u00f3n de sus clases virtuales.<!--more--><\/p>\n<p style=\"text-align: justify\">La Jefa de la Divisi\u00f3n de Educaci\u00f3n Superior T\u00e9cnico Profesional del Ministerio de Educaci\u00f3n, M\u00f3nica Brevis, destac\u00f3 que \u201cpara nuestro Gobierno la Educaci\u00f3n T\u00e9cnico Profesional es fundamental y el contexto de emergencia por COVID-19 estamos apoyando de diversas maneras a estas instituciones. Este acuerdo sin duda permitir\u00e1 que tanto los equipos de los CFT como sus alumnos puedan verse beneficiados en el contexto de formaci\u00f3n a distancia\u201d.<\/p>\n<p style=\"text-align: justify\">Para el rector del CFT Estatal Tarapac\u00e1, Jorge Villegas Ahumada, es una gran oportunidad de capacitaci\u00f3n para acad\u00e9micos que permite fortalecer los conocimientos que ser\u00e1n traspasados a estudiantes, colaborando as\u00ed a su proceso de aprendizaje.<\/p>\n<p style=\"text-align: justify\">En la actividad participan 50 docentes de los Centros de Formaci\u00f3n T\u00e9cnica Estatales a lo largo del pa\u00eds que se encuentran dictando clases este 2020. Esta iniciativa persigue ser un aporte para apoyar el proceso de aprendizajes de los alumnos en el contexto de la pandemia mundial, que ha tenido como consecuencia esta nueva forma de realizar sus clases.<\/p>\n","protected":false},"excerpt":{"rendered":"<p>La iniciativa surgi\u00f3 en el marco del Plan de Acci\u00f3n en apoyo al sistema de Educaci\u00f3n Superior impulsado por el Mineduc \u2013 articulado por la Subsecretar\u00eda de Educaci\u00f3n Superior \u2013&#8230;<\/p>\n","protected":false},"author":2,"featured_media":4467,"comment_status":"open","ping_status":"open","sticky":false,"template":"","format":"standard","meta":{"_joinchat":[],"footnotes":""},"categories":[49,52,118],"tags":[75,86,104,112],"class_list":["post-4466","post","type-post","status-publish","format-standard","has-post-thumbnail","hentry","category-academico","category-comunicados","category-covid-19","tag-alto-hospicio","tag-cft-estatal-tarapaca","tag-clases","tag-coronavirus"],"yoast_head":"<!-- This site is optimized with the Yoast SEO plugin v27.4 - https:\/\/yoast.com\/product\/yoast-seo-wordpress\/ -->\n<title>Acuerdo de Mineduc y Gobierno Vasco permite a docentes de CFT Estatales capacitarse sobre herramientas digitales - CFT Estatal Tarapac\u00e1<\/title>\n<meta name=\"robots\" content=\"index, follow, max-snippet:-1, max-image-preview:large, max-video-preview:-1\" \/>\n<link rel=\"canonical\" href=\"https:\/\/www.cftestataltarapaca.cl\/inicio\/2020\/05\/27\/acuerdo-de-mineduc-y-gobierno-vasco-permite-a-docentes-de-cft-estatales-capacitarse-sobre-herramientas-digitales\/\" \/>\n<meta property=\"og:locale\" content=\"es_ES\" \/>\n<meta property=\"og:type\" content=\"article\" \/>\n<meta property=\"og:title\" content=\"Acuerdo de Mineduc y Gobierno Vasco permite a docentes de CFT Estatales capacitarse sobre herramientas digitales - CFT Estatal Tarapac\u00e1\" \/>\n<meta property=\"og:description\" content=\"La iniciativa surgi\u00f3 en el marco del Plan de Acci\u00f3n en apoyo al sistema de Educaci\u00f3n Superior impulsado por el Mineduc \u2013 articulado por la Subsecretar\u00eda de Educaci\u00f3n Superior \u2013...\" \/>\n<meta property=\"og:url\" content=\"https:\/\/www.cftestataltarapaca.cl\/inicio\/2020\/05\/27\/acuerdo-de-mineduc-y-gobierno-vasco-permite-a-docentes-de-cft-estatales-capacitarse-sobre-herramientas-digitales\/\" \/>\n<meta property=\"og:site_name\" content=\"CFT Estatal Tarapac\u00e1\" \/>\n<meta property=\"article:publisher\" content=\"https:\/\/www.facebook.com\/CFTestataltarapaca\/\" \/>\n<meta property=\"article:published_time\" content=\"2020-05-27T19:44:21+00:00\" \/>\n<meta property=\"article:modified_time\" content=\"2020-06-04T16:19:42+00:00\" \/>\n<meta property=\"og:image\" content=\"https:\/\/www.cftestataltarapaca.cl\/inicio\/wp-content\/uploads\/2020\/05\/Foto-curso2-660x390.png\" \/>\n\t<meta property=\"og:image:width\" content=\"660\" \/>\n\t<meta property=\"og:image:height\" content=\"390\" \/>\n\t<meta property=\"og:image:type\" content=\"image\/png\" \/>\n<meta name=\"author\" content=\"Comunicaciones\" \/>\n<meta name=\"twitter:card\" content=\"summary_large_image\" \/>\n<meta name=\"twitter:creator\" content=\"@CFTesTarapaca\" \/>\n<meta name=\"twitter:site\" content=\"@CFTesTarapaca\" \/>\n<meta name=\"twitter:label1\" content=\"Escrito por\" \/>\n\t<meta name=\"twitter:data1\" content=\"Comunicaciones\" \/>\n\t<meta name=\"twitter:label2\" content=\"Tiempo de lectura\" \/>\n\t<meta name=\"twitter:data2\" content=\"2 minutos\" \/>\n<script type=\"application\/ld+json\" class=\"yoast-schema-graph\">{\"@context\":\"https:\\\/\\\/schema.org\",\"@graph\":[{\"@type\":\"Article\",\"@id\":\"https:\\\/\\\/www.cftestataltarapaca.cl\\\/inicio\\\/2020\\\/05\\\/27\\\/acuerdo-de-mineduc-y-gobierno-vasco-permite-a-docentes-de-cft-estatales-capacitarse-sobre-herramientas-digitales\\\/#article\",\"isPartOf\":{\"@id\":\"https:\\\/\\\/www.cftestataltarapaca.cl\\\/inicio\\\/2020\\\/05\\\/27\\\/acuerdo-de-mineduc-y-gobierno-vasco-permite-a-docentes-de-cft-estatales-capacitarse-sobre-herramientas-digitales\\\/\"},\"author\":{\"name\":\"Comunicaciones\",\"@id\":\"https:\\\/\\\/www.cftestataltarapaca.cl\\\/inicio\\\/#\\\/schema\\\/person\\\/ad1fbfa1fa7c3d3889f4ae5401dd660e\"},\"headline\":\"Acuerdo de Mineduc y Gobierno Vasco permite a docentes de CFT Estatales capacitarse sobre herramientas digitales\",\"datePublished\":\"2020-05-27T19:44:21+00:00\",\"dateModified\":\"2020-06-04T16:19:42+00:00\",\"mainEntityOfPage\":{\"@id\":\"https:\\\/\\\/www.cftestataltarapaca.cl\\\/inicio\\\/2020\\\/05\\\/27\\\/acuerdo-de-mineduc-y-gobierno-vasco-permite-a-docentes-de-cft-estatales-capacitarse-sobre-herramientas-digitales\\\/\"},\"wordCount\":347,\"commentCount\":0,\"publisher\":{\"@id\":\"https:\\\/\\\/www.cftestataltarapaca.cl\\\/inicio\\\/#organization\"},\"image\":{\"@id\":\"https:\\\/\\\/www.cftestataltarapaca.cl\\\/inicio\\\/2020\\\/05\\\/27\\\/acuerdo-de-mineduc-y-gobierno-vasco-permite-a-docentes-de-cft-estatales-capacitarse-sobre-herramientas-digitales\\\/#primaryimage\"},\"thumbnailUrl\":\"https:\\\/\\\/www.cftestataltarapaca.cl\\\/inicio\\\/wp-content\\\/uploads\\\/2020\\\/05\\\/Foto-curso2-660x390.png\",\"keywords\":[\"Alto Hospicio\",\"CFT Estatal Tarapac\u00e1\",\"Clases\",\"Coronavirus\"],\"articleSection\":[\"Acad\u00e9mico\",\"Comunicados\",\"Covid 19\"],\"inLanguage\":\"es\",\"potentialAction\":[{\"@type\":\"CommentAction\",\"name\":\"Comment\",\"target\":[\"https:\\\/\\\/www.cftestataltarapaca.cl\\\/inicio\\\/2020\\\/05\\\/27\\\/acuerdo-de-mineduc-y-gobierno-vasco-permite-a-docentes-de-cft-estatales-capacitarse-sobre-herramientas-digitales\\\/#respond\"]}]},{\"@type\":\"WebPage\",\"@id\":\"https:\\\/\\\/www.cftestataltarapaca.cl\\\/inicio\\\/2020\\\/05\\\/27\\\/acuerdo-de-mineduc-y-gobierno-vasco-permite-a-docentes-de-cft-estatales-capacitarse-sobre-herramientas-digitales\\\/\",\"url\":\"https:\\\/\\\/www.cftestataltarapaca.cl\\\/inicio\\\/2020\\\/05\\\/27\\\/acuerdo-de-mineduc-y-gobierno-vasco-permite-a-docentes-de-cft-estatales-capacitarse-sobre-herramientas-digitales\\\/\",\"name\":\"Acuerdo de Mineduc y Gobierno Vasco permite a docentes de CFT Estatales capacitarse sobre herramientas digitales - CFT Estatal Tarapac\u00e1\",\"isPartOf\":{\"@id\":\"https:\\\/\\\/www.cftestataltarapaca.cl\\\/inicio\\\/#website\"},\"primaryImageOfPage\":{\"@id\":\"https:\\\/\\\/www.cftestataltarapaca.cl\\\/inicio\\\/2020\\\/05\\\/27\\\/acuerdo-de-mineduc-y-gobierno-vasco-permite-a-docentes-de-cft-estatales-capacitarse-sobre-herramientas-digitales\\\/#primaryimage\"},\"image\":{\"@id\":\"https:\\\/\\\/www.cftestataltarapaca.cl\\\/inicio\\\/2020\\\/05\\\/27\\\/acuerdo-de-mineduc-y-gobierno-vasco-permite-a-docentes-de-cft-estatales-capacitarse-sobre-herramientas-digitales\\\/#primaryimage\"},\"thumbnailUrl\":\"https:\\\/\\\/www.cftestataltarapaca.cl\\\/inicio\\\/wp-content\\\/uploads\\\/2020\\\/05\\\/Foto-curso2-660x390.png\",\"datePublished\":\"2020-05-27T19:44:21+00:00\",\"dateModified\":\"2020-06-04T16:19:42+00:00\",\"breadcrumb\":{\"@id\":\"https:\\\/\\\/www.cftestataltarapaca.cl\\\/inicio\\\/2020\\\/05\\\/27\\\/acuerdo-de-mineduc-y-gobierno-vasco-permite-a-docentes-de-cft-estatales-capacitarse-sobre-herramientas-digitales\\\/#breadcrumb\"},\"inLanguage\":\"es\",\"potentialAction\":[{\"@type\":\"ReadAction\",\"target\":[\"https:\\\/\\\/www.cftestataltarapaca.cl\\\/inicio\\\/2020\\\/05\\\/27\\\/acuerdo-de-mineduc-y-gobierno-vasco-permite-a-docentes-de-cft-estatales-capacitarse-sobre-herramientas-digitales\\\/\"]}]},{\"@type\":\"ImageObject\",\"inLanguage\":\"es\",\"@id\":\"https:\\\/\\\/www.cftestataltarapaca.cl\\\/inicio\\\/2020\\\/05\\\/27\\\/acuerdo-de-mineduc-y-gobierno-vasco-permite-a-docentes-de-cft-estatales-capacitarse-sobre-herramientas-digitales\\\/#primaryimage\",\"url\":\"https:\\\/\\\/www.cftestataltarapaca.cl\\\/inicio\\\/wp-content\\\/uploads\\\/2020\\\/05\\\/Foto-curso2-660x390.png\",\"contentUrl\":\"https:\\\/\\\/www.cftestataltarapaca.cl\\\/inicio\\\/wp-content\\\/uploads\\\/2020\\\/05\\\/Foto-curso2-660x390.png\",\"width\":660,\"height\":390},{\"@type\":\"BreadcrumbList\",\"@id\":\"https:\\\/\\\/www.cftestataltarapaca.cl\\\/inicio\\\/2020\\\/05\\\/27\\\/acuerdo-de-mineduc-y-gobierno-vasco-permite-a-docentes-de-cft-estatales-capacitarse-sobre-herramientas-digitales\\\/#breadcrumb\",\"itemListElement\":[{\"@type\":\"ListItem\",\"position\":1,\"name\":\"Portada\",\"item\":\"https:\\\/\\\/www.cftestataltarapaca.cl\\\/inicio\\\/\"},{\"@type\":\"ListItem\",\"position\":2,\"name\":\"Acuerdo de Mineduc y Gobierno Vasco permite a docentes de CFT Estatales capacitarse sobre herramientas digitales\"}]},{\"@type\":\"WebSite\",\"@id\":\"https:\\\/\\\/www.cftestataltarapaca.cl\\\/inicio\\\/#website\",\"url\":\"https:\\\/\\\/www.cftestataltarapaca.cl\\\/inicio\\\/\",\"name\":\"CFT Estatal Tarapac\u00e1\",\"description\":\"Admisi\u00f3n 2025\",\"publisher\":{\"@id\":\"https:\\\/\\\/www.cftestataltarapaca.cl\\\/inicio\\\/#organization\"},\"potentialAction\":[{\"@type\":\"SearchAction\",\"target\":{\"@type\":\"EntryPoint\",\"urlTemplate\":\"https:\\\/\\\/www.cftestataltarapaca.cl\\\/inicio\\\/?s={search_term_string}\"},\"query-input\":{\"@type\":\"PropertyValueSpecification\",\"valueRequired\":true,\"valueName\":\"search_term_string\"}}],\"inLanguage\":\"es\"},{\"@type\":\"Organization\",\"@id\":\"https:\\\/\\\/www.cftestataltarapaca.cl\\\/inicio\\\/#organization\",\"name\":\"CFT Estatal Tarapac\u00e1\",\"url\":\"https:\\\/\\\/www.cftestataltarapaca.cl\\\/inicio\\\/\",\"logo\":{\"@type\":\"ImageObject\",\"inLanguage\":\"es\",\"@id\":\"https:\\\/\\\/www.cftestataltarapaca.cl\\\/inicio\\\/#\\\/schema\\\/logo\\\/image\\\/\",\"url\":\"https:\\\/\\\/www.cftestataltarapaca.cl\\\/inicio\\\/wp-content\\\/uploads\\\/2019\\\/03\\\/logo-retina-1.png\",\"contentUrl\":\"https:\\\/\\\/www.cftestataltarapaca.cl\\\/inicio\\\/wp-content\\\/uploads\\\/2019\\\/03\\\/logo-retina-1.png\",\"width\":401,\"height\":150,\"caption\":\"CFT Estatal Tarapac\u00e1\"},\"image\":{\"@id\":\"https:\\\/\\\/www.cftestataltarapaca.cl\\\/inicio\\\/#\\\/schema\\\/logo\\\/image\\\/\"},\"sameAs\":[\"https:\\\/\\\/www.facebook.com\\\/CFTestataltarapaca\\\/\",\"https:\\\/\\\/x.com\\\/CFTesTarapaca\",\"https:\\\/\\\/www.instagram.com\\\/CFTestataltarapaca\\\/\"]},{\"@type\":\"Person\",\"@id\":\"https:\\\/\\\/www.cftestataltarapaca.cl\\\/inicio\\\/#\\\/schema\\\/person\\\/ad1fbfa1fa7c3d3889f4ae5401dd660e\",\"name\":\"Comunicaciones\",\"image\":{\"@type\":\"ImageObject\",\"inLanguage\":\"es\",\"@id\":\"https:\\\/\\\/secure.gravatar.com\\\/avatar\\\/ed1c2728327f20a5a62edaeb7dc181858f225b765044c5314c3d1059a1bd992f?s=96&d=mm&r=g\",\"url\":\"https:\\\/\\\/secure.gravatar.com\\\/avatar\\\/ed1c2728327f20a5a62edaeb7dc181858f225b765044c5314c3d1059a1bd992f?s=96&d=mm&r=g\",\"contentUrl\":\"https:\\\/\\\/secure.gravatar.com\\\/avatar\\\/ed1c2728327f20a5a62edaeb7dc181858f225b765044c5314c3d1059a1bd992f?s=96&d=mm&r=g\",\"caption\":\"Comunicaciones\"},\"sameAs\":[\"http:\\\/\\\/www.cftestataltarapaca.cl\"],\"url\":\"https:\\\/\\\/www.cftestataltarapaca.cl\\\/inicio\\\/author\\\/comunicaciones\\\/\"}]}<\/script>\n<!-- \/ Yoast SEO plugin. -->","yoast_head_json":{"title":"Acuerdo de Mineduc y Gobierno Vasco permite a docentes de CFT Estatales capacitarse sobre herramientas digitales - CFT Estatal Tarapac\u00e1","robots":{"index":"index","follow":"follow","max-snippet":"max-snippet:-1","max-image-preview":"max-image-preview:large","max-video-preview":"max-video-preview:-1"},"canonical":"https:\/\/www.cftestataltarapaca.cl\/inicio\/2020\/05\/27\/acuerdo-de-mineduc-y-gobierno-vasco-permite-a-docentes-de-cft-estatales-capacitarse-sobre-herramientas-digitales\/","og_locale":"es_ES","og_type":"article","og_title":"Acuerdo de Mineduc y Gobierno Vasco permite a docentes de CFT Estatales capacitarse sobre herramientas digitales - CFT Estatal Tarapac\u00e1","og_description":"La iniciativa surgi\u00f3 en el marco del Plan de Acci\u00f3n en apoyo al sistema de Educaci\u00f3n Superior impulsado por el Mineduc \u2013 articulado por la Subsecretar\u00eda de Educaci\u00f3n Superior \u2013...","og_url":"https:\/\/www.cftestataltarapaca.cl\/inicio\/2020\/05\/27\/acuerdo-de-mineduc-y-gobierno-vasco-permite-a-docentes-de-cft-estatales-capacitarse-sobre-herramientas-digitales\/","og_site_name":"CFT Estatal Tarapac\u00e1","article_publisher":"https:\/\/www.facebook.com\/CFTestataltarapaca\/","article_published_time":"2020-05-27T19:44:21+00:00","article_modified_time":"2020-06-04T16:19:42+00:00","og_image":[{"width":660,"height":390,"url":"https:\/\/www.cftestataltarapaca.cl\/inicio\/wp-content\/uploads\/2020\/05\/Foto-curso2-660x390.png","type":"image\/png"}],"author":"Comunicaciones","twitter_card":"summary_large_image","twitter_creator":"@CFTesTarapaca","twitter_site":"@CFTesTarapaca","twitter_misc":{"Escrito por":"Comunicaciones","Tiempo de lectura":"2 minutos"},"schema":{"@context":"https:\/\/schema.org","@graph":[{"@type":"Article","@id":"https:\/\/www.cftestataltarapaca.cl\/inicio\/2020\/05\/27\/acuerdo-de-mineduc-y-gobierno-vasco-permite-a-docentes-de-cft-estatales-capacitarse-sobre-herramientas-digitales\/#article","isPartOf":{"@id":"https:\/\/www.cftestataltarapaca.cl\/inicio\/2020\/05\/27\/acuerdo-de-mineduc-y-gobierno-vasco-permite-a-docentes-de-cft-estatales-capacitarse-sobre-herramientas-digitales\/"},"author":{"name":"Comunicaciones","@id":"https:\/\/www.cftestataltarapaca.cl\/inicio\/#\/schema\/person\/ad1fbfa1fa7c3d3889f4ae5401dd660e"},"headline":"Acuerdo de Mineduc y Gobierno Vasco permite a docentes de CFT Estatales capacitarse sobre herramientas digitales","datePublished":"2020-05-27T19:44:21+00:00","dateModified":"2020-06-04T16:19:42+00:00","mainEntityOfPage":{"@id":"https:\/\/www.cftestataltarapaca.cl\/inicio\/2020\/05\/27\/acuerdo-de-mineduc-y-gobierno-vasco-permite-a-docentes-de-cft-estatales-capacitarse-sobre-herramientas-digitales\/"},"wordCount":347,"commentCount":0,"publisher":{"@id":"https:\/\/www.cftestataltarapaca.cl\/inicio\/#organization"},"image":{"@id":"https:\/\/www.cftestataltarapaca.cl\/inicio\/2020\/05\/27\/acuerdo-de-mineduc-y-gobierno-vasco-permite-a-docentes-de-cft-estatales-capacitarse-sobre-herramientas-digitales\/#primaryimage"},"thumbnailUrl":"https:\/\/www.cftestataltarapaca.cl\/inicio\/wp-content\/uploads\/2020\/05\/Foto-curso2-660x390.png","keywords":["Alto Hospicio","CFT Estatal Tarapac\u00e1","Clases","Coronavirus"],"articleSection":["Acad\u00e9mico","Comunicados","Covid 19"],"inLanguage":"es","potentialAction":[{"@type":"CommentAction","name":"Comment","target":["https:\/\/www.cftestataltarapaca.cl\/inicio\/2020\/05\/27\/acuerdo-de-mineduc-y-gobierno-vasco-permite-a-docentes-de-cft-estatales-capacitarse-sobre-herramientas-digitales\/#respond"]}]},{"@type":"WebPage","@id":"https:\/\/www.cftestataltarapaca.cl\/inicio\/2020\/05\/27\/acuerdo-de-mineduc-y-gobierno-vasco-permite-a-docentes-de-cft-estatales-capacitarse-sobre-herramientas-digitales\/","url":"https:\/\/www.cftestataltarapaca.cl\/inicio\/2020\/05\/27\/acuerdo-de-mineduc-y-gobierno-vasco-permite-a-docentes-de-cft-estatales-capacitarse-sobre-herramientas-digitales\/","name":"Acuerdo de Mineduc y Gobierno Vasco permite a docentes de CFT Estatales capacitarse sobre herramientas digitales - CFT Estatal Tarapac\u00e1","isPartOf":{"@id":"https:\/\/www.cftestataltarapaca.cl\/inicio\/#website"},"primaryImageOfPage":{"@id":"https:\/\/www.cftestataltarapaca.cl\/inicio\/2020\/05\/27\/acuerdo-de-mineduc-y-gobierno-vasco-permite-a-docentes-de-cft-estatales-capacitarse-sobre-herramientas-digitales\/#primaryimage"},"image":{"@id":"https:\/\/www.cftestataltarapaca.cl\/inicio\/2020\/05\/27\/acuerdo-de-mineduc-y-gobierno-vasco-permite-a-docentes-de-cft-estatales-capacitarse-sobre-herramientas-digitales\/#primaryimage"},"thumbnailUrl":"https:\/\/www.cftestataltarapaca.cl\/inicio\/wp-content\/uploads\/2020\/05\/Foto-curso2-660x390.png","datePublished":"2020-05-27T19:44:21+00:00","dateModified":"2020-06-04T16:19:42+00:00","breadcrumb":{"@id":"https:\/\/www.cftestataltarapaca.cl\/inicio\/2020\/05\/27\/acuerdo-de-mineduc-y-gobierno-vasco-permite-a-docentes-de-cft-estatales-capacitarse-sobre-herramientas-digitales\/#breadcrumb"},"inLanguage":"es","potentialAction":[{"@type":"ReadAction","target":["https:\/\/www.cftestataltarapaca.cl\/inicio\/2020\/05\/27\/acuerdo-de-mineduc-y-gobierno-vasco-permite-a-docentes-de-cft-estatales-capacitarse-sobre-herramientas-digitales\/"]}]},{"@type":"ImageObject","inLanguage":"es","@id":"https:\/\/www.cftestataltarapaca.cl\/inicio\/2020\/05\/27\/acuerdo-de-mineduc-y-gobierno-vasco-permite-a-docentes-de-cft-estatales-capacitarse-sobre-herramientas-digitales\/#primaryimage","url":"https:\/\/www.cftestataltarapaca.cl\/inicio\/wp-content\/uploads\/2020\/05\/Foto-curso2-660x390.png","contentUrl":"https:\/\/www.cftestataltarapaca.cl\/inicio\/wp-content\/uploads\/2020\/05\/Foto-curso2-660x390.png","width":660,"height":390},{"@type":"BreadcrumbList","@id":"https:\/\/www.cftestataltarapaca.cl\/inicio\/2020\/05\/27\/acuerdo-de-mineduc-y-gobierno-vasco-permite-a-docentes-de-cft-estatales-capacitarse-sobre-herramientas-digitales\/#breadcrumb","itemListElement":[{"@type":"ListItem","position":1,"name":"Portada","item":"https:\/\/www.cftestataltarapaca.cl\/inicio\/"},{"@type":"ListItem","position":2,"name":"Acuerdo de Mineduc y Gobierno Vasco permite a docentes de CFT Estatales capacitarse sobre herramientas digitales"}]},{"@type":"WebSite","@id":"https:\/\/www.cftestataltarapaca.cl\/inicio\/#website","url":"https:\/\/www.cftestataltarapaca.cl\/inicio\/","name":"CFT Estatal Tarapac\u00e1","description":"Admisi\u00f3n 2025","publisher":{"@id":"https:\/\/www.cftestataltarapaca.cl\/inicio\/#organization"},"potentialAction":[{"@type":"SearchAction","target":{"@type":"EntryPoint","urlTemplate":"https:\/\/www.cftestataltarapaca.cl\/inicio\/?s={search_term_string}"},"query-input":{"@type":"PropertyValueSpecification","valueRequired":true,"valueName":"search_term_string"}}],"inLanguage":"es"},{"@type":"Organization","@id":"https:\/\/www.cftestataltarapaca.cl\/inicio\/#organization","name":"CFT Estatal Tarapac\u00e1","url":"https:\/\/www.cftestataltarapaca.cl\/inicio\/","logo":{"@type":"ImageObject","inLanguage":"es","@id":"https:\/\/www.cftestataltarapaca.cl\/inicio\/#\/schema\/logo\/image\/","url":"https:\/\/www.cftestataltarapaca.cl\/inicio\/wp-content\/uploads\/2019\/03\/logo-retina-1.png","contentUrl":"https:\/\/www.cftestataltarapaca.cl\/inicio\/wp-content\/uploads\/2019\/03\/logo-retina-1.png","width":401,"height":150,"caption":"CFT Estatal Tarapac\u00e1"},"image":{"@id":"https:\/\/www.cftestataltarapaca.cl\/inicio\/#\/schema\/logo\/image\/"},"sameAs":["https:\/\/www.facebook.com\/CFTestataltarapaca\/","https:\/\/x.com\/CFTesTarapaca","https:\/\/www.instagram.com\/CFTestataltarapaca\/"]},{"@type":"Person","@id":"https:\/\/www.cftestataltarapaca.cl\/inicio\/#\/schema\/person\/ad1fbfa1fa7c3d3889f4ae5401dd660e","name":"Comunicaciones","image":{"@type":"ImageObject","inLanguage":"es","@id":"https:\/\/secure.gravatar.com\/avatar\/ed1c2728327f20a5a62edaeb7dc181858f225b765044c5314c3d1059a1bd992f?s=96&d=mm&r=g","url":"https:\/\/secure.gravatar.com\/avatar\/ed1c2728327f20a5a62edaeb7dc181858f225b765044c5314c3d1059a1bd992f?s=96&d=mm&r=g","contentUrl":"https:\/\/secure.gravatar.com\/avatar\/ed1c2728327f20a5a62edaeb7dc181858f225b765044c5314c3d1059a1bd992f?s=96&d=mm&r=g","caption":"Comunicaciones"},"sameAs":["http:\/\/www.cftestataltarapaca.cl"],"url":"https:\/\/www.cftestataltarapaca.cl\/inicio\/author\/comunicaciones\/"}]}},"publishpress_future_action":{"enabled":false,"date":"2026-05-08 13:50:40","action":"change-status","newStatus":"draft","terms":[],"taxonomy":"category","extraData":[]},"publishpress_future_workflow_manual_trigger":{"enabledWorkflows":[]},"_links":{"self":[{"href":"https:\/\/www.cftestataltarapaca.cl\/inicio\/wp-json\/wp\/v2\/posts\/4466","targetHints":{"allow":["GET"]}}],"collection":[{"href":"https:\/\/www.cftestataltarapaca.cl\/inicio\/wp-json\/wp\/v2\/posts"}],"about":[{"href":"https:\/\/www.cftestataltarapaca.cl\/inicio\/wp-json\/wp\/v2\/types\/post"}],"author":[{"embeddable":true,"href":"https:\/\/www.cftestataltarapaca.cl\/inicio\/wp-json\/wp\/v2\/users\/2"}],"replies":[{"embeddable":true,"href":"https:\/\/www.cftestataltarapaca.cl\/inicio\/wp-json\/wp\/v2\/comments?post=4466"}],"version-history":[{"count":4,"href":"https:\/\/www.cftestataltarapaca.cl\/inicio\/wp-json\/wp\/v2\/posts\/4466\/revisions"}],"predecessor-version":[{"id":4547,"href":"https:\/\/www.cftestataltarapaca.cl\/inicio\/wp-json\/wp\/v2\/posts\/4466\/revisions\/4547"}],"wp:featuredmedia":[{"embeddable":true,"href":"https:\/\/www.cftestataltarapaca.cl\/inicio\/wp-json\/wp\/v2\/media\/4467"}],"wp:attachment":[{"href":"https:\/\/www.cftestataltarapaca.cl\/inicio\/wp-json\/wp\/v2\/media?parent=4466"}],"wp:term":[{"taxonomy":"category","embeddable":true,"href":"https:\/\/www.cftestataltarapaca.cl\/inicio\/wp-json\/wp\/v2\/categories?post=4466"},{"taxonomy":"post_tag","embeddable":true,"href":"https:\/\/www.cftestataltarapaca.cl\/inicio\/wp-json\/wp\/v2\/tags?post=4466"}],"curies":[{"name":"wp","href":"https:\/\/api.w.org\/{rel}","templated":true}]}}