{"id":4470,"date":"2020-05-28T13:59:58","date_gmt":"2020-05-28T13:59:58","guid":{"rendered":"https:\/\/www.cftestataltarapaca.cl\/inicio\/?p=4470"},"modified":"2020-06-02T16:01:41","modified_gmt":"2020-06-02T16:01:41","slug":"cft-estatal-tarapaca-realizara-semana-de-reflexion-del-proceso-de-ensenanza","status":"publish","type":"post","link":"https:\/\/www.cftestataltarapaca.cl\/inicio\/2020\/05\/28\/cft-estatal-tarapaca-realizara-semana-de-reflexion-del-proceso-de-ensenanza\/","title":{"rendered":"CFT Estatal Tarapac\u00e1 realizar\u00e1 semana de Reflexi\u00f3n del Proceso de Ense\u00f1anza"},"content":{"rendered":"<p style=\"text-align: justify;\">En reconocimiento al esfuerzo demostrado durante estos primeros meses de clases online establecidas tras la Pandemia y al compromiso demostrado por cada estudiante y docente del CFT Estatal Tarapac\u00e1 para seguir avanzando en los planes y programas de cada carrera, la Direcci\u00f3n Acad\u00e9mica determin\u00f3 planificar una Semana de Reflexi\u00f3n del Proceso Ense\u00f1anza Aprendizaje.<!--more--><\/p>\n<p style=\"text-align: justify;\">Desde el 1 y hasta el 6 de junio, estudiantes tendr\u00e1n la posibilidad de descansar de la rutina acad\u00e9mica (clases en los horarios definidos), para as\u00ed retomar fuerzas para la \u00faltima parte del primer semestre, mientras los docentes junto al equipo acad\u00e9mico del CFT revisar\u00e1n los aspectos m\u00e1s relevantes del trabajo realizado en este periodo de contingencia sanitaria.<\/p>\n<p style=\"text-align: justify;\">El objetivo de la propuesta es proporcionar tiempo para que cada estudiante pueda revisar, conversar y planificar sus metas y anhelos no solo acad\u00e9micos sino familiares, a fin estar preparados para dar t\u00e9rmino al primer semestre del presente a\u00f1o.<\/p>\n<p style=\"text-align: justify;\">Cabe mencionar que las ayudant\u00edas se realizar\u00e1n en el horario normal a lo programado, pues contribuyen a entender y comprender mejor las asignaturas.<\/p>\n","protected":false},"excerpt":{"rendered":"<p>En reconocimiento al esfuerzo demostrado durante estos primeros meses de clases online establecidas tras la Pandemia y al compromiso demostrado por cada estudiante y docente del CFT Estatal Tarapac\u00e1 para&#8230;<\/p>\n","protected":false},"author":2,"featured_media":3875,"comment_status":"open","ping_status":"open","sticky":false,"template":"","format":"standard","meta":{"_joinchat":[],"footnotes":""},"categories":[49,52,118],"tags":[75,86,104,80],"class_list":["post-4470","post","type-post","status-publish","format-standard","has-post-thumbnail","hentry","category-academico","category-comunicados","category-covid-19","tag-alto-hospicio","tag-cft-estatal-tarapaca","tag-clases","tag-educacion"],"yoast_head":"<!-- This site is optimized with the Yoast SEO plugin v27.4 - https:\/\/yoast.com\/product\/yoast-seo-wordpress\/ -->\n<title>CFT Estatal Tarapac\u00e1 realizar\u00e1 semana de Reflexi\u00f3n del Proceso de Ense\u00f1anza - CFT Estatal Tarapac\u00e1<\/title>\n<meta name=\"robots\" content=\"index, follow, max-snippet:-1, max-image-preview:large, max-video-preview:-1\" \/>\n<link rel=\"canonical\" href=\"https:\/\/www.cftestataltarapaca.cl\/inicio\/2020\/05\/28\/cft-estatal-tarapaca-realizara-semana-de-reflexion-del-proceso-de-ensenanza\/\" \/>\n<meta property=\"og:locale\" content=\"es_ES\" \/>\n<meta property=\"og:type\" content=\"article\" \/>\n<meta property=\"og:title\" content=\"CFT Estatal Tarapac\u00e1 realizar\u00e1 semana de Reflexi\u00f3n del Proceso de Ense\u00f1anza - CFT Estatal Tarapac\u00e1\" \/>\n<meta property=\"og:description\" content=\"En reconocimiento al esfuerzo demostrado durante estos primeros meses de clases online establecidas tras la Pandemia y al compromiso demostrado por cada estudiante y docente del CFT Estatal Tarapac\u00e1 para...\" \/>\n<meta property=\"og:url\" content=\"https:\/\/www.cftestataltarapaca.cl\/inicio\/2020\/05\/28\/cft-estatal-tarapaca-realizara-semana-de-reflexion-del-proceso-de-ensenanza\/\" \/>\n<meta property=\"og:site_name\" content=\"CFT Estatal Tarapac\u00e1\" \/>\n<meta property=\"article:publisher\" content=\"https:\/\/www.facebook.com\/CFTestataltarapaca\/\" \/>\n<meta property=\"article:published_time\" content=\"2020-05-28T13:59:58+00:00\" \/>\n<meta property=\"article:modified_time\" content=\"2020-06-02T16:01:41+00:00\" \/>\n<meta property=\"og:image\" content=\"https:\/\/www.cftestataltarapaca.cl\/inicio\/wp-content\/uploads\/2020\/03\/comunicados.jpg\" \/>\n\t<meta property=\"og:image:width\" content=\"1720\" \/>\n\t<meta property=\"og:image:height\" content=\"1080\" \/>\n\t<meta property=\"og:image:type\" content=\"image\/jpeg\" \/>\n<meta name=\"author\" content=\"Comunicaciones\" \/>\n<meta name=\"twitter:card\" content=\"summary_large_image\" \/>\n<meta name=\"twitter:creator\" content=\"@CFTesTarapaca\" \/>\n<meta name=\"twitter:site\" content=\"@CFTesTarapaca\" \/>\n<meta name=\"twitter:label1\" content=\"Escrito por\" \/>\n\t<meta name=\"twitter:data1\" content=\"Comunicaciones\" \/>\n\t<meta name=\"twitter:label2\" content=\"Tiempo de lectura\" \/>\n\t<meta name=\"twitter:data2\" content=\"1 minuto\" \/>\n<script type=\"application\/ld+json\" class=\"yoast-schema-graph\">{\"@context\":\"https:\\\/\\\/schema.org\",\"@graph\":[{\"@type\":\"Article\",\"@id\":\"https:\\\/\\\/www.cftestataltarapaca.cl\\\/inicio\\\/2020\\\/05\\\/28\\\/cft-estatal-tarapaca-realizara-semana-de-reflexion-del-proceso-de-ensenanza\\\/#article\",\"isPartOf\":{\"@id\":\"https:\\\/\\\/www.cftestataltarapaca.cl\\\/inicio\\\/2020\\\/05\\\/28\\\/cft-estatal-tarapaca-realizara-semana-de-reflexion-del-proceso-de-ensenanza\\\/\"},\"author\":{\"name\":\"Comunicaciones\",\"@id\":\"https:\\\/\\\/www.cftestataltarapaca.cl\\\/inicio\\\/#\\\/schema\\\/person\\\/ad1fbfa1fa7c3d3889f4ae5401dd660e\"},\"headline\":\"CFT Estatal Tarapac\u00e1 realizar\u00e1 semana de Reflexi\u00f3n del Proceso de Ense\u00f1anza\",\"datePublished\":\"2020-05-28T13:59:58+00:00\",\"dateModified\":\"2020-06-02T16:01:41+00:00\",\"mainEntityOfPage\":{\"@id\":\"https:\\\/\\\/www.cftestataltarapaca.cl\\\/inicio\\\/2020\\\/05\\\/28\\\/cft-estatal-tarapaca-realizara-semana-de-reflexion-del-proceso-de-ensenanza\\\/\"},\"wordCount\":198,\"commentCount\":0,\"publisher\":{\"@id\":\"https:\\\/\\\/www.cftestataltarapaca.cl\\\/inicio\\\/#organization\"},\"image\":{\"@id\":\"https:\\\/\\\/www.cftestataltarapaca.cl\\\/inicio\\\/2020\\\/05\\\/28\\\/cft-estatal-tarapaca-realizara-semana-de-reflexion-del-proceso-de-ensenanza\\\/#primaryimage\"},\"thumbnailUrl\":\"https:\\\/\\\/www.cftestataltarapaca.cl\\\/inicio\\\/wp-content\\\/uploads\\\/2020\\\/03\\\/comunicados.jpg\",\"keywords\":[\"Alto Hospicio\",\"CFT Estatal Tarapac\u00e1\",\"Clases\",\"educaci\u00f3n\"],\"articleSection\":[\"Acad\u00e9mico\",\"Comunicados\",\"Covid 19\"],\"inLanguage\":\"es\",\"potentialAction\":[{\"@type\":\"CommentAction\",\"name\":\"Comment\",\"target\":[\"https:\\\/\\\/www.cftestataltarapaca.cl\\\/inicio\\\/2020\\\/05\\\/28\\\/cft-estatal-tarapaca-realizara-semana-de-reflexion-del-proceso-de-ensenanza\\\/#respond\"]}]},{\"@type\":\"WebPage\",\"@id\":\"https:\\\/\\\/www.cftestataltarapaca.cl\\\/inicio\\\/2020\\\/05\\\/28\\\/cft-estatal-tarapaca-realizara-semana-de-reflexion-del-proceso-de-ensenanza\\\/\",\"url\":\"https:\\\/\\\/www.cftestataltarapaca.cl\\\/inicio\\\/2020\\\/05\\\/28\\\/cft-estatal-tarapaca-realizara-semana-de-reflexion-del-proceso-de-ensenanza\\\/\",\"name\":\"CFT Estatal Tarapac\u00e1 realizar\u00e1 semana de Reflexi\u00f3n del Proceso de Ense\u00f1anza - CFT Estatal Tarapac\u00e1\",\"isPartOf\":{\"@id\":\"https:\\\/\\\/www.cftestataltarapaca.cl\\\/inicio\\\/#website\"},\"primaryImageOfPage\":{\"@id\":\"https:\\\/\\\/www.cftestataltarapaca.cl\\\/inicio\\\/2020\\\/05\\\/28\\\/cft-estatal-tarapaca-realizara-semana-de-reflexion-del-proceso-de-ensenanza\\\/#primaryimage\"},\"image\":{\"@id\":\"https:\\\/\\\/www.cftestataltarapaca.cl\\\/inicio\\\/2020\\\/05\\\/28\\\/cft-estatal-tarapaca-realizara-semana-de-reflexion-del-proceso-de-ensenanza\\\/#primaryimage\"},\"thumbnailUrl\":\"https:\\\/\\\/www.cftestataltarapaca.cl\\\/inicio\\\/wp-content\\\/uploads\\\/2020\\\/03\\\/comunicados.jpg\",\"datePublished\":\"2020-05-28T13:59:58+00:00\",\"dateModified\":\"2020-06-02T16:01:41+00:00\",\"breadcrumb\":{\"@id\":\"https:\\\/\\\/www.cftestataltarapaca.cl\\\/inicio\\\/2020\\\/05\\\/28\\\/cft-estatal-tarapaca-realizara-semana-de-reflexion-del-proceso-de-ensenanza\\\/#breadcrumb\"},\"inLanguage\":\"es\",\"potentialAction\":[{\"@type\":\"ReadAction\",\"target\":[\"https:\\\/\\\/www.cftestataltarapaca.cl\\\/inicio\\\/2020\\\/05\\\/28\\\/cft-estatal-tarapaca-realizara-semana-de-reflexion-del-proceso-de-ensenanza\\\/\"]}]},{\"@type\":\"ImageObject\",\"inLanguage\":\"es\",\"@id\":\"https:\\\/\\\/www.cftestataltarapaca.cl\\\/inicio\\\/2020\\\/05\\\/28\\\/cft-estatal-tarapaca-realizara-semana-de-reflexion-del-proceso-de-ensenanza\\\/#primaryimage\",\"url\":\"https:\\\/\\\/www.cftestataltarapaca.cl\\\/inicio\\\/wp-content\\\/uploads\\\/2020\\\/03\\\/comunicados.jpg\",\"contentUrl\":\"https:\\\/\\\/www.cftestataltarapaca.cl\\\/inicio\\\/wp-content\\\/uploads\\\/2020\\\/03\\\/comunicados.jpg\",\"width\":1720,\"height\":1080},{\"@type\":\"BreadcrumbList\",\"@id\":\"https:\\\/\\\/www.cftestataltarapaca.cl\\\/inicio\\\/2020\\\/05\\\/28\\\/cft-estatal-tarapaca-realizara-semana-de-reflexion-del-proceso-de-ensenanza\\\/#breadcrumb\",\"itemListElement\":[{\"@type\":\"ListItem\",\"position\":1,\"name\":\"Portada\",\"item\":\"https:\\\/\\\/www.cftestataltarapaca.cl\\\/inicio\\\/\"},{\"@type\":\"ListItem\",\"position\":2,\"name\":\"CFT Estatal Tarapac\u00e1 realizar\u00e1 semana de Reflexi\u00f3n del Proceso de Ense\u00f1anza\"}]},{\"@type\":\"WebSite\",\"@id\":\"https:\\\/\\\/www.cftestataltarapaca.cl\\\/inicio\\\/#website\",\"url\":\"https:\\\/\\\/www.cftestataltarapaca.cl\\\/inicio\\\/\",\"name\":\"CFT Estatal Tarapac\u00e1\",\"description\":\"Admisi\u00f3n 2025\",\"publisher\":{\"@id\":\"https:\\\/\\\/www.cftestataltarapaca.cl\\\/inicio\\\/#organization\"},\"potentialAction\":[{\"@type\":\"SearchAction\",\"target\":{\"@type\":\"EntryPoint\",\"urlTemplate\":\"https:\\\/\\\/www.cftestataltarapaca.cl\\\/inicio\\\/?s={search_term_string}\"},\"query-input\":{\"@type\":\"PropertyValueSpecification\",\"valueRequired\":true,\"valueName\":\"search_term_string\"}}],\"inLanguage\":\"es\"},{\"@type\":\"Organization\",\"@id\":\"https:\\\/\\\/www.cftestataltarapaca.cl\\\/inicio\\\/#organization\",\"name\":\"CFT Estatal Tarapac\u00e1\",\"url\":\"https:\\\/\\\/www.cftestataltarapaca.cl\\\/inicio\\\/\",\"logo\":{\"@type\":\"ImageObject\",\"inLanguage\":\"es\",\"@id\":\"https:\\\/\\\/www.cftestataltarapaca.cl\\\/inicio\\\/#\\\/schema\\\/logo\\\/image\\\/\",\"url\":\"https:\\\/\\\/www.cftestataltarapaca.cl\\\/inicio\\\/wp-content\\\/uploads\\\/2019\\\/03\\\/logo-retina-1.png\",\"contentUrl\":\"https:\\\/\\\/www.cftestataltarapaca.cl\\\/inicio\\\/wp-content\\\/uploads\\\/2019\\\/03\\\/logo-retina-1.png\",\"width\":401,\"height\":150,\"caption\":\"CFT Estatal Tarapac\u00e1\"},\"image\":{\"@id\":\"https:\\\/\\\/www.cftestataltarapaca.cl\\\/inicio\\\/#\\\/schema\\\/logo\\\/image\\\/\"},\"sameAs\":[\"https:\\\/\\\/www.facebook.com\\\/CFTestataltarapaca\\\/\",\"https:\\\/\\\/x.com\\\/CFTesTarapaca\",\"https:\\\/\\\/www.instagram.com\\\/CFTestataltarapaca\\\/\"]},{\"@type\":\"Person\",\"@id\":\"https:\\\/\\\/www.cftestataltarapaca.cl\\\/inicio\\\/#\\\/schema\\\/person\\\/ad1fbfa1fa7c3d3889f4ae5401dd660e\",\"name\":\"Comunicaciones\",\"image\":{\"@type\":\"ImageObject\",\"inLanguage\":\"es\",\"@id\":\"https:\\\/\\\/secure.gravatar.com\\\/avatar\\\/ed1c2728327f20a5a62edaeb7dc181858f225b765044c5314c3d1059a1bd992f?s=96&d=mm&r=g\",\"url\":\"https:\\\/\\\/secure.gravatar.com\\\/avatar\\\/ed1c2728327f20a5a62edaeb7dc181858f225b765044c5314c3d1059a1bd992f?s=96&d=mm&r=g\",\"contentUrl\":\"https:\\\/\\\/secure.gravatar.com\\\/avatar\\\/ed1c2728327f20a5a62edaeb7dc181858f225b765044c5314c3d1059a1bd992f?s=96&d=mm&r=g\",\"caption\":\"Comunicaciones\"},\"sameAs\":[\"http:\\\/\\\/www.cftestataltarapaca.cl\"],\"url\":\"https:\\\/\\\/www.cftestataltarapaca.cl\\\/inicio\\\/author\\\/comunicaciones\\\/\"}]}<\/script>\n<!-- \/ Yoast SEO plugin. -->","yoast_head_json":{"title":"CFT Estatal Tarapac\u00e1 realizar\u00e1 semana de Reflexi\u00f3n del Proceso de Ense\u00f1anza - CFT Estatal Tarapac\u00e1","robots":{"index":"index","follow":"follow","max-snippet":"max-snippet:-1","max-image-preview":"max-image-preview:large","max-video-preview":"max-video-preview:-1"},"canonical":"https:\/\/www.cftestataltarapaca.cl\/inicio\/2020\/05\/28\/cft-estatal-tarapaca-realizara-semana-de-reflexion-del-proceso-de-ensenanza\/","og_locale":"es_ES","og_type":"article","og_title":"CFT Estatal Tarapac\u00e1 realizar\u00e1 semana de Reflexi\u00f3n del Proceso de Ense\u00f1anza - CFT Estatal Tarapac\u00e1","og_description":"En reconocimiento al esfuerzo demostrado durante estos primeros meses de clases online establecidas tras la Pandemia y al compromiso demostrado por cada estudiante y docente del CFT Estatal Tarapac\u00e1 para...","og_url":"https:\/\/www.cftestataltarapaca.cl\/inicio\/2020\/05\/28\/cft-estatal-tarapaca-realizara-semana-de-reflexion-del-proceso-de-ensenanza\/","og_site_name":"CFT Estatal Tarapac\u00e1","article_publisher":"https:\/\/www.facebook.com\/CFTestataltarapaca\/","article_published_time":"2020-05-28T13:59:58+00:00","article_modified_time":"2020-06-02T16:01:41+00:00","og_image":[{"width":1720,"height":1080,"url":"https:\/\/www.cftestataltarapaca.cl\/inicio\/wp-content\/uploads\/2020\/03\/comunicados.jpg","type":"image\/jpeg"}],"author":"Comunicaciones","twitter_card":"summary_large_image","twitter_creator":"@CFTesTarapaca","twitter_site":"@CFTesTarapaca","twitter_misc":{"Escrito por":"Comunicaciones","Tiempo de lectura":"1 minuto"},"schema":{"@context":"https:\/\/schema.org","@graph":[{"@type":"Article","@id":"https:\/\/www.cftestataltarapaca.cl\/inicio\/2020\/05\/28\/cft-estatal-tarapaca-realizara-semana-de-reflexion-del-proceso-de-ensenanza\/#article","isPartOf":{"@id":"https:\/\/www.cftestataltarapaca.cl\/inicio\/2020\/05\/28\/cft-estatal-tarapaca-realizara-semana-de-reflexion-del-proceso-de-ensenanza\/"},"author":{"name":"Comunicaciones","@id":"https:\/\/www.cftestataltarapaca.cl\/inicio\/#\/schema\/person\/ad1fbfa1fa7c3d3889f4ae5401dd660e"},"headline":"CFT Estatal Tarapac\u00e1 realizar\u00e1 semana de Reflexi\u00f3n del Proceso de Ense\u00f1anza","datePublished":"2020-05-28T13:59:58+00:00","dateModified":"2020-06-02T16:01:41+00:00","mainEntityOfPage":{"@id":"https:\/\/www.cftestataltarapaca.cl\/inicio\/2020\/05\/28\/cft-estatal-tarapaca-realizara-semana-de-reflexion-del-proceso-de-ensenanza\/"},"wordCount":198,"commentCount":0,"publisher":{"@id":"https:\/\/www.cftestataltarapaca.cl\/inicio\/#organization"},"image":{"@id":"https:\/\/www.cftestataltarapaca.cl\/inicio\/2020\/05\/28\/cft-estatal-tarapaca-realizara-semana-de-reflexion-del-proceso-de-ensenanza\/#primaryimage"},"thumbnailUrl":"https:\/\/www.cftestataltarapaca.cl\/inicio\/wp-content\/uploads\/2020\/03\/comunicados.jpg","keywords":["Alto Hospicio","CFT Estatal Tarapac\u00e1","Clases","educaci\u00f3n"],"articleSection":["Acad\u00e9mico","Comunicados","Covid 19"],"inLanguage":"es","potentialAction":[{"@type":"CommentAction","name":"Comment","target":["https:\/\/www.cftestataltarapaca.cl\/inicio\/2020\/05\/28\/cft-estatal-tarapaca-realizara-semana-de-reflexion-del-proceso-de-ensenanza\/#respond"]}]},{"@type":"WebPage","@id":"https:\/\/www.cftestataltarapaca.cl\/inicio\/2020\/05\/28\/cft-estatal-tarapaca-realizara-semana-de-reflexion-del-proceso-de-ensenanza\/","url":"https:\/\/www.cftestataltarapaca.cl\/inicio\/2020\/05\/28\/cft-estatal-tarapaca-realizara-semana-de-reflexion-del-proceso-de-ensenanza\/","name":"CFT Estatal Tarapac\u00e1 realizar\u00e1 semana de Reflexi\u00f3n del Proceso de Ense\u00f1anza - CFT Estatal Tarapac\u00e1","isPartOf":{"@id":"https:\/\/www.cftestataltarapaca.cl\/inicio\/#website"},"primaryImageOfPage":{"@id":"https:\/\/www.cftestataltarapaca.cl\/inicio\/2020\/05\/28\/cft-estatal-tarapaca-realizara-semana-de-reflexion-del-proceso-de-ensenanza\/#primaryimage"},"image":{"@id":"https:\/\/www.cftestataltarapaca.cl\/inicio\/2020\/05\/28\/cft-estatal-tarapaca-realizara-semana-de-reflexion-del-proceso-de-ensenanza\/#primaryimage"},"thumbnailUrl":"https:\/\/www.cftestataltarapaca.cl\/inicio\/wp-content\/uploads\/2020\/03\/comunicados.jpg","datePublished":"2020-05-28T13:59:58+00:00","dateModified":"2020-06-02T16:01:41+00:00","breadcrumb":{"@id":"https:\/\/www.cftestataltarapaca.cl\/inicio\/2020\/05\/28\/cft-estatal-tarapaca-realizara-semana-de-reflexion-del-proceso-de-ensenanza\/#breadcrumb"},"inLanguage":"es","potentialAction":[{"@type":"ReadAction","target":["https:\/\/www.cftestataltarapaca.cl\/inicio\/2020\/05\/28\/cft-estatal-tarapaca-realizara-semana-de-reflexion-del-proceso-de-ensenanza\/"]}]},{"@type":"ImageObject","inLanguage":"es","@id":"https:\/\/www.cftestataltarapaca.cl\/inicio\/2020\/05\/28\/cft-estatal-tarapaca-realizara-semana-de-reflexion-del-proceso-de-ensenanza\/#primaryimage","url":"https:\/\/www.cftestataltarapaca.cl\/inicio\/wp-content\/uploads\/2020\/03\/comunicados.jpg","contentUrl":"https:\/\/www.cftestataltarapaca.cl\/inicio\/wp-content\/uploads\/2020\/03\/comunicados.jpg","width":1720,"height":1080},{"@type":"BreadcrumbList","@id":"https:\/\/www.cftestataltarapaca.cl\/inicio\/2020\/05\/28\/cft-estatal-tarapaca-realizara-semana-de-reflexion-del-proceso-de-ensenanza\/#breadcrumb","itemListElement":[{"@type":"ListItem","position":1,"name":"Portada","item":"https:\/\/www.cftestataltarapaca.cl\/inicio\/"},{"@type":"ListItem","position":2,"name":"CFT Estatal Tarapac\u00e1 realizar\u00e1 semana de Reflexi\u00f3n del Proceso de Ense\u00f1anza"}]},{"@type":"WebSite","@id":"https:\/\/www.cftestataltarapaca.cl\/inicio\/#website","url":"https:\/\/www.cftestataltarapaca.cl\/inicio\/","name":"CFT Estatal Tarapac\u00e1","description":"Admisi\u00f3n 2025","publisher":{"@id":"https:\/\/www.cftestataltarapaca.cl\/inicio\/#organization"},"potentialAction":[{"@type":"SearchAction","target":{"@type":"EntryPoint","urlTemplate":"https:\/\/www.cftestataltarapaca.cl\/inicio\/?s={search_term_string}"},"query-input":{"@type":"PropertyValueSpecification","valueRequired":true,"valueName":"search_term_string"}}],"inLanguage":"es"},{"@type":"Organization","@id":"https:\/\/www.cftestataltarapaca.cl\/inicio\/#organization","name":"CFT Estatal Tarapac\u00e1","url":"https:\/\/www.cftestataltarapaca.cl\/inicio\/","logo":{"@type":"ImageObject","inLanguage":"es","@id":"https:\/\/www.cftestataltarapaca.cl\/inicio\/#\/schema\/logo\/image\/","url":"https:\/\/www.cftestataltarapaca.cl\/inicio\/wp-content\/uploads\/2019\/03\/logo-retina-1.png","contentUrl":"https:\/\/www.cftestataltarapaca.cl\/inicio\/wp-content\/uploads\/2019\/03\/logo-retina-1.png","width":401,"height":150,"caption":"CFT Estatal Tarapac\u00e1"},"image":{"@id":"https:\/\/www.cftestataltarapaca.cl\/inicio\/#\/schema\/logo\/image\/"},"sameAs":["https:\/\/www.facebook.com\/CFTestataltarapaca\/","https:\/\/x.com\/CFTesTarapaca","https:\/\/www.instagram.com\/CFTestataltarapaca\/"]},{"@type":"Person","@id":"https:\/\/www.cftestataltarapaca.cl\/inicio\/#\/schema\/person\/ad1fbfa1fa7c3d3889f4ae5401dd660e","name":"Comunicaciones","image":{"@type":"ImageObject","inLanguage":"es","@id":"https:\/\/secure.gravatar.com\/avatar\/ed1c2728327f20a5a62edaeb7dc181858f225b765044c5314c3d1059a1bd992f?s=96&d=mm&r=g","url":"https:\/\/secure.gravatar.com\/avatar\/ed1c2728327f20a5a62edaeb7dc181858f225b765044c5314c3d1059a1bd992f?s=96&d=mm&r=g","contentUrl":"https:\/\/secure.gravatar.com\/avatar\/ed1c2728327f20a5a62edaeb7dc181858f225b765044c5314c3d1059a1bd992f?s=96&d=mm&r=g","caption":"Comunicaciones"},"sameAs":["http:\/\/www.cftestataltarapaca.cl"],"url":"https:\/\/www.cftestataltarapaca.cl\/inicio\/author\/comunicaciones\/"}]}},"publishpress_future_action":{"enabled":false,"date":"2026-05-08 12:42:03","action":"change-status","newStatus":"draft","terms":[],"taxonomy":"category","extraData":[]},"publishpress_future_workflow_manual_trigger":{"enabledWorkflows":[]},"_links":{"self":[{"href":"https:\/\/www.cftestataltarapaca.cl\/inicio\/wp-json\/wp\/v2\/posts\/4470","targetHints":{"allow":["GET"]}}],"collection":[{"href":"https:\/\/www.cftestataltarapaca.cl\/inicio\/wp-json\/wp\/v2\/posts"}],"about":[{"href":"https:\/\/www.cftestataltarapaca.cl\/inicio\/wp-json\/wp\/v2\/types\/post"}],"author":[{"embeddable":true,"href":"https:\/\/www.cftestataltarapaca.cl\/inicio\/wp-json\/wp\/v2\/users\/2"}],"replies":[{"embeddable":true,"href":"https:\/\/www.cftestataltarapaca.cl\/inicio\/wp-json\/wp\/v2\/comments?post=4470"}],"version-history":[{"count":6,"href":"https:\/\/www.cftestataltarapaca.cl\/inicio\/wp-json\/wp\/v2\/posts\/4470\/revisions"}],"predecessor-version":[{"id":4506,"href":"https:\/\/www.cftestataltarapaca.cl\/inicio\/wp-json\/wp\/v2\/posts\/4470\/revisions\/4506"}],"wp:featuredmedia":[{"embeddable":true,"href":"https:\/\/www.cftestataltarapaca.cl\/inicio\/wp-json\/wp\/v2\/media\/3875"}],"wp:attachment":[{"href":"https:\/\/www.cftestataltarapaca.cl\/inicio\/wp-json\/wp\/v2\/media?parent=4470"}],"wp:term":[{"taxonomy":"category","embeddable":true,"href":"https:\/\/www.cftestataltarapaca.cl\/inicio\/wp-json\/wp\/v2\/categories?post=4470"},{"taxonomy":"post_tag","embeddable":true,"href":"https:\/\/www.cftestataltarapaca.cl\/inicio\/wp-json\/wp\/v2\/tags?post=4470"}],"curies":[{"name":"wp","href":"https:\/\/api.w.org\/{rel}","templated":true}]}}