{"id":4512,"date":"2020-06-03T13:41:32","date_gmt":"2020-06-03T13:41:32","guid":{"rendered":"https:\/\/www.cftestataltarapaca.cl\/inicio\/?p=4512"},"modified":"2020-06-09T15:33:00","modified_gmt":"2020-06-09T15:33:00","slug":"lideres-del-mundo-educativo-artistico-y-deportivo-envian-mensajes-a-estudiantes-del-cft-estatal-tarapaca","status":"publish","type":"post","link":"https:\/\/www.cftestataltarapaca.cl\/inicio\/2020\/06\/03\/lideres-del-mundo-educativo-artistico-y-deportivo-envian-mensajes-a-estudiantes-del-cft-estatal-tarapaca\/","title":{"rendered":"L\u00edderes del \u00e1mbito educativo, art\u00edstico y deportivo env\u00edan mensajes a estudiantes del CFT Estatal Tarapac\u00e1"},"content":{"rendered":"<p style=\"text-align: justify;\">\u201cLa Formaci\u00f3n T\u00e9cnica es la clave para el desarrollo del pa\u00eds, f\u00f3rmense al mejor nivel, tienen que ser las y los mejores t\u00e9cnicos del mundo\u201d, fueron las palabras que entreg\u00f3 a trav\u00e9s de un video, el destacado astr\u00f3nomo y Premio Nacional de Ciencias, Jos\u00e9 Maza a las y los estudiantes del Centro de Formaci\u00f3n T\u00e9cnica Estatal de Tarapac\u00e1.<!--more--><\/p>\n<p style=\"text-align: justify;\">El saludo forma parte de la campa\u00f1a que lleva a cabo el \u00e1rea de recreaci\u00f3n y deportes de la instituci\u00f3n de educaci\u00f3n superior, para motivar a trav\u00e9s de videos, a estudiantes para que sigan con sus metas acad\u00e9micas y junto con ello a desarrollar actividades deportivas. \u201cQu\u00e9date en casa, pero en movimiento\u201d es el llamado que se hace a alumnos y alumnas en estos momentos en los que por seguridad se pide mantener distancia f\u00edsica y en lo posible no exponerse, para as\u00ed evitar el aumento del contagio de Covid-19.<\/p>\n<p style=\"text-align: justify;\">El Premio Nacional de Ciencia inst\u00f3 a desarrollar las cosas \u201cde manera excelente\u201d lo que se logra leyendo y estudiado, dijo.<\/p>\n<p style=\"text-align: justify;\">El consejo de Jos\u00e9 Maza se suma a la de otros l\u00edderes del mundo art\u00edstico y deportivo tanto \u00e1mbito nacional como internacional, que han enviado sus videos para motivar a integrantes del CFT Estatal Tarapac\u00e1 a continuar con estudios y realizar actividades f\u00edsicas.<\/p>\n<p style=\"text-align: justify;\">El actor iquique\u00f1o Fernando Godoy fue el primero en saludar a la comunidad educativa, luego se sumaron el ex goleador de Colo Colo y la Roja, Carlos Caszely; el futbolista y capit\u00e1n de Deportes Iquique, Rafael Caroca y el cantante e integrante del grupo argentino Los Nocheros, C\u00e9sar \u201cKike\u201d Teruel.<\/p>\n<p style=\"text-align: justify;\">\u201cSin duda que las palabras y el \u00e1nimo que han entregado a alumnos y alumnas de nuestra instituci\u00f3n, ha sido de gran importancia, pues no solo proporciona energ\u00edas para seguir con los estudios, sino tambi\u00e9n resalta la importancia de continuar actividades f\u00edsicas, pues ayuda a la calidad de vida\u201d dijo el rector del CFT Estatal, Jorge Villegas Ahumada, quien llam\u00f3 a la comunidad educativa, en especial a las y los estudiantes, a escuchar detenidamente los mensajes y consejos dirigidos especialmente a ellos.<\/p>\n<p style=\"text-align: justify;\">La campa\u00f1a \u201cQu\u00e9date en casa, pero en movimiento\u201d es complementada con ejercicios f\u00edsicos que se pueden practicar sin necesidad de tener un equipo especial e incluso en espacios limitados, por lo cual no es necesario acudir a gimnasios ni exponerse en parques o plazas. Tales videos son posibles de ver en el Facebook e instagram del #CFTEstatalTarapac\u00e1.<\/p>\n","protected":false},"excerpt":{"rendered":"<p>\u201cLa Formaci\u00f3n T\u00e9cnica es la clave para el desarrollo del pa\u00eds, f\u00f3rmense al mejor nivel, tienen que ser las y los mejores t\u00e9cnicos del mundo\u201d, fueron las palabras que entreg\u00f3&#8230;<\/p>\n","protected":false},"author":2,"featured_media":4519,"comment_status":"open","ping_status":"open","sticky":false,"template":"","format":"standard","meta":{"_joinchat":[],"footnotes":""},"categories":[49,52,118],"tags":[],"class_list":["post-4512","post","type-post","status-publish","format-standard","has-post-thumbnail","hentry","category-academico","category-comunicados","category-covid-19"],"yoast_head":"<!-- This site is optimized with the Yoast SEO plugin v27.4 - https:\/\/yoast.com\/product\/yoast-seo-wordpress\/ -->\n<title>L\u00edderes del \u00e1mbito educativo, art\u00edstico y deportivo env\u00edan mensajes a estudiantes del CFT Estatal Tarapac\u00e1 - CFT Estatal Tarapac\u00e1<\/title>\n<meta name=\"robots\" content=\"index, follow, max-snippet:-1, max-image-preview:large, max-video-preview:-1\" \/>\n<link rel=\"canonical\" href=\"https:\/\/www.cftestataltarapaca.cl\/inicio\/2020\/06\/03\/lideres-del-mundo-educativo-artistico-y-deportivo-envian-mensajes-a-estudiantes-del-cft-estatal-tarapaca\/\" \/>\n<meta property=\"og:locale\" content=\"es_ES\" \/>\n<meta property=\"og:type\" content=\"article\" \/>\n<meta property=\"og:title\" content=\"L\u00edderes del \u00e1mbito educativo, art\u00edstico y deportivo env\u00edan mensajes a estudiantes del CFT Estatal Tarapac\u00e1 - CFT Estatal Tarapac\u00e1\" \/>\n<meta property=\"og:description\" content=\"\u201cLa Formaci\u00f3n T\u00e9cnica es la clave para el desarrollo del pa\u00eds, f\u00f3rmense al mejor nivel, tienen que ser las y los mejores t\u00e9cnicos del mundo\u201d, fueron las palabras que entreg\u00f3...\" \/>\n<meta property=\"og:url\" content=\"https:\/\/www.cftestataltarapaca.cl\/inicio\/2020\/06\/03\/lideres-del-mundo-educativo-artistico-y-deportivo-envian-mensajes-a-estudiantes-del-cft-estatal-tarapaca\/\" \/>\n<meta property=\"og:site_name\" content=\"CFT Estatal Tarapac\u00e1\" \/>\n<meta property=\"article:publisher\" content=\"https:\/\/www.facebook.com\/CFTestataltarapaca\/\" \/>\n<meta property=\"article:published_time\" content=\"2020-06-03T13:41:32+00:00\" \/>\n<meta property=\"article:modified_time\" content=\"2020-06-09T15:33:00+00:00\" \/>\n<meta property=\"og:image\" content=\"https:\/\/www.cftestataltarapaca.cl\/inicio\/wp-content\/uploads\/2020\/06\/1.jpg\" \/>\n\t<meta property=\"og:image:width\" content=\"1280\" \/>\n\t<meta property=\"og:image:height\" content=\"1280\" \/>\n\t<meta property=\"og:image:type\" content=\"image\/jpeg\" \/>\n<meta name=\"author\" content=\"Comunicaciones\" \/>\n<meta name=\"twitter:card\" content=\"summary_large_image\" \/>\n<meta name=\"twitter:creator\" content=\"@CFTesTarapaca\" \/>\n<meta name=\"twitter:site\" content=\"@CFTesTarapaca\" \/>\n<meta name=\"twitter:label1\" content=\"Escrito por\" \/>\n\t<meta name=\"twitter:data1\" content=\"Comunicaciones\" \/>\n\t<meta name=\"twitter:label2\" content=\"Tiempo de lectura\" \/>\n\t<meta name=\"twitter:data2\" content=\"2 minutos\" \/>\n<script type=\"application\/ld+json\" class=\"yoast-schema-graph\">{\"@context\":\"https:\\\/\\\/schema.org\",\"@graph\":[{\"@type\":\"Article\",\"@id\":\"https:\\\/\\\/www.cftestataltarapaca.cl\\\/inicio\\\/2020\\\/06\\\/03\\\/lideres-del-mundo-educativo-artistico-y-deportivo-envian-mensajes-a-estudiantes-del-cft-estatal-tarapaca\\\/#article\",\"isPartOf\":{\"@id\":\"https:\\\/\\\/www.cftestataltarapaca.cl\\\/inicio\\\/2020\\\/06\\\/03\\\/lideres-del-mundo-educativo-artistico-y-deportivo-envian-mensajes-a-estudiantes-del-cft-estatal-tarapaca\\\/\"},\"author\":{\"name\":\"Comunicaciones\",\"@id\":\"https:\\\/\\\/www.cftestataltarapaca.cl\\\/inicio\\\/#\\\/schema\\\/person\\\/ad1fbfa1fa7c3d3889f4ae5401dd660e\"},\"headline\":\"L\u00edderes del \u00e1mbito educativo, art\u00edstico y deportivo env\u00edan mensajes a estudiantes del CFT Estatal Tarapac\u00e1\",\"datePublished\":\"2020-06-03T13:41:32+00:00\",\"dateModified\":\"2020-06-09T15:33:00+00:00\",\"mainEntityOfPage\":{\"@id\":\"https:\\\/\\\/www.cftestataltarapaca.cl\\\/inicio\\\/2020\\\/06\\\/03\\\/lideres-del-mundo-educativo-artistico-y-deportivo-envian-mensajes-a-estudiantes-del-cft-estatal-tarapaca\\\/\"},\"wordCount\":449,\"commentCount\":0,\"publisher\":{\"@id\":\"https:\\\/\\\/www.cftestataltarapaca.cl\\\/inicio\\\/#organization\"},\"image\":{\"@id\":\"https:\\\/\\\/www.cftestataltarapaca.cl\\\/inicio\\\/2020\\\/06\\\/03\\\/lideres-del-mundo-educativo-artistico-y-deportivo-envian-mensajes-a-estudiantes-del-cft-estatal-tarapaca\\\/#primaryimage\"},\"thumbnailUrl\":\"https:\\\/\\\/www.cftestataltarapaca.cl\\\/inicio\\\/wp-content\\\/uploads\\\/2020\\\/06\\\/1.jpg\",\"articleSection\":[\"Acad\u00e9mico\",\"Comunicados\",\"Covid 19\"],\"inLanguage\":\"es\",\"potentialAction\":[{\"@type\":\"CommentAction\",\"name\":\"Comment\",\"target\":[\"https:\\\/\\\/www.cftestataltarapaca.cl\\\/inicio\\\/2020\\\/06\\\/03\\\/lideres-del-mundo-educativo-artistico-y-deportivo-envian-mensajes-a-estudiantes-del-cft-estatal-tarapaca\\\/#respond\"]}]},{\"@type\":\"WebPage\",\"@id\":\"https:\\\/\\\/www.cftestataltarapaca.cl\\\/inicio\\\/2020\\\/06\\\/03\\\/lideres-del-mundo-educativo-artistico-y-deportivo-envian-mensajes-a-estudiantes-del-cft-estatal-tarapaca\\\/\",\"url\":\"https:\\\/\\\/www.cftestataltarapaca.cl\\\/inicio\\\/2020\\\/06\\\/03\\\/lideres-del-mundo-educativo-artistico-y-deportivo-envian-mensajes-a-estudiantes-del-cft-estatal-tarapaca\\\/\",\"name\":\"L\u00edderes del \u00e1mbito educativo, art\u00edstico y deportivo env\u00edan mensajes a estudiantes del CFT Estatal Tarapac\u00e1 - CFT Estatal Tarapac\u00e1\",\"isPartOf\":{\"@id\":\"https:\\\/\\\/www.cftestataltarapaca.cl\\\/inicio\\\/#website\"},\"primaryImageOfPage\":{\"@id\":\"https:\\\/\\\/www.cftestataltarapaca.cl\\\/inicio\\\/2020\\\/06\\\/03\\\/lideres-del-mundo-educativo-artistico-y-deportivo-envian-mensajes-a-estudiantes-del-cft-estatal-tarapaca\\\/#primaryimage\"},\"image\":{\"@id\":\"https:\\\/\\\/www.cftestataltarapaca.cl\\\/inicio\\\/2020\\\/06\\\/03\\\/lideres-del-mundo-educativo-artistico-y-deportivo-envian-mensajes-a-estudiantes-del-cft-estatal-tarapaca\\\/#primaryimage\"},\"thumbnailUrl\":\"https:\\\/\\\/www.cftestataltarapaca.cl\\\/inicio\\\/wp-content\\\/uploads\\\/2020\\\/06\\\/1.jpg\",\"datePublished\":\"2020-06-03T13:41:32+00:00\",\"dateModified\":\"2020-06-09T15:33:00+00:00\",\"breadcrumb\":{\"@id\":\"https:\\\/\\\/www.cftestataltarapaca.cl\\\/inicio\\\/2020\\\/06\\\/03\\\/lideres-del-mundo-educativo-artistico-y-deportivo-envian-mensajes-a-estudiantes-del-cft-estatal-tarapaca\\\/#breadcrumb\"},\"inLanguage\":\"es\",\"potentialAction\":[{\"@type\":\"ReadAction\",\"target\":[\"https:\\\/\\\/www.cftestataltarapaca.cl\\\/inicio\\\/2020\\\/06\\\/03\\\/lideres-del-mundo-educativo-artistico-y-deportivo-envian-mensajes-a-estudiantes-del-cft-estatal-tarapaca\\\/\"]}]},{\"@type\":\"ImageObject\",\"inLanguage\":\"es\",\"@id\":\"https:\\\/\\\/www.cftestataltarapaca.cl\\\/inicio\\\/2020\\\/06\\\/03\\\/lideres-del-mundo-educativo-artistico-y-deportivo-envian-mensajes-a-estudiantes-del-cft-estatal-tarapaca\\\/#primaryimage\",\"url\":\"https:\\\/\\\/www.cftestataltarapaca.cl\\\/inicio\\\/wp-content\\\/uploads\\\/2020\\\/06\\\/1.jpg\",\"contentUrl\":\"https:\\\/\\\/www.cftestataltarapaca.cl\\\/inicio\\\/wp-content\\\/uploads\\\/2020\\\/06\\\/1.jpg\",\"width\":1280,\"height\":1280},{\"@type\":\"BreadcrumbList\",\"@id\":\"https:\\\/\\\/www.cftestataltarapaca.cl\\\/inicio\\\/2020\\\/06\\\/03\\\/lideres-del-mundo-educativo-artistico-y-deportivo-envian-mensajes-a-estudiantes-del-cft-estatal-tarapaca\\\/#breadcrumb\",\"itemListElement\":[{\"@type\":\"ListItem\",\"position\":1,\"name\":\"Portada\",\"item\":\"https:\\\/\\\/www.cftestataltarapaca.cl\\\/inicio\\\/\"},{\"@type\":\"ListItem\",\"position\":2,\"name\":\"L\u00edderes del \u00e1mbito educativo, art\u00edstico y deportivo env\u00edan mensajes a estudiantes del CFT Estatal Tarapac\u00e1\"}]},{\"@type\":\"WebSite\",\"@id\":\"https:\\\/\\\/www.cftestataltarapaca.cl\\\/inicio\\\/#website\",\"url\":\"https:\\\/\\\/www.cftestataltarapaca.cl\\\/inicio\\\/\",\"name\":\"CFT Estatal Tarapac\u00e1\",\"description\":\"Admisi\u00f3n 2025\",\"publisher\":{\"@id\":\"https:\\\/\\\/www.cftestataltarapaca.cl\\\/inicio\\\/#organization\"},\"potentialAction\":[{\"@type\":\"SearchAction\",\"target\":{\"@type\":\"EntryPoint\",\"urlTemplate\":\"https:\\\/\\\/www.cftestataltarapaca.cl\\\/inicio\\\/?s={search_term_string}\"},\"query-input\":{\"@type\":\"PropertyValueSpecification\",\"valueRequired\":true,\"valueName\":\"search_term_string\"}}],\"inLanguage\":\"es\"},{\"@type\":\"Organization\",\"@id\":\"https:\\\/\\\/www.cftestataltarapaca.cl\\\/inicio\\\/#organization\",\"name\":\"CFT Estatal Tarapac\u00e1\",\"url\":\"https:\\\/\\\/www.cftestataltarapaca.cl\\\/inicio\\\/\",\"logo\":{\"@type\":\"ImageObject\",\"inLanguage\":\"es\",\"@id\":\"https:\\\/\\\/www.cftestataltarapaca.cl\\\/inicio\\\/#\\\/schema\\\/logo\\\/image\\\/\",\"url\":\"https:\\\/\\\/www.cftestataltarapaca.cl\\\/inicio\\\/wp-content\\\/uploads\\\/2019\\\/03\\\/logo-retina-1.png\",\"contentUrl\":\"https:\\\/\\\/www.cftestataltarapaca.cl\\\/inicio\\\/wp-content\\\/uploads\\\/2019\\\/03\\\/logo-retina-1.png\",\"width\":401,\"height\":150,\"caption\":\"CFT Estatal Tarapac\u00e1\"},\"image\":{\"@id\":\"https:\\\/\\\/www.cftestataltarapaca.cl\\\/inicio\\\/#\\\/schema\\\/logo\\\/image\\\/\"},\"sameAs\":[\"https:\\\/\\\/www.facebook.com\\\/CFTestataltarapaca\\\/\",\"https:\\\/\\\/x.com\\\/CFTesTarapaca\",\"https:\\\/\\\/www.instagram.com\\\/CFTestataltarapaca\\\/\"]},{\"@type\":\"Person\",\"@id\":\"https:\\\/\\\/www.cftestataltarapaca.cl\\\/inicio\\\/#\\\/schema\\\/person\\\/ad1fbfa1fa7c3d3889f4ae5401dd660e\",\"name\":\"Comunicaciones\",\"image\":{\"@type\":\"ImageObject\",\"inLanguage\":\"es\",\"@id\":\"https:\\\/\\\/secure.gravatar.com\\\/avatar\\\/ed1c2728327f20a5a62edaeb7dc181858f225b765044c5314c3d1059a1bd992f?s=96&d=mm&r=g\",\"url\":\"https:\\\/\\\/secure.gravatar.com\\\/avatar\\\/ed1c2728327f20a5a62edaeb7dc181858f225b765044c5314c3d1059a1bd992f?s=96&d=mm&r=g\",\"contentUrl\":\"https:\\\/\\\/secure.gravatar.com\\\/avatar\\\/ed1c2728327f20a5a62edaeb7dc181858f225b765044c5314c3d1059a1bd992f?s=96&d=mm&r=g\",\"caption\":\"Comunicaciones\"},\"sameAs\":[\"http:\\\/\\\/www.cftestataltarapaca.cl\"],\"url\":\"https:\\\/\\\/www.cftestataltarapaca.cl\\\/inicio\\\/author\\\/comunicaciones\\\/\"}]}<\/script>\n<!-- \/ Yoast SEO plugin. -->","yoast_head_json":{"title":"L\u00edderes del \u00e1mbito educativo, art\u00edstico y deportivo env\u00edan mensajes a estudiantes del CFT Estatal Tarapac\u00e1 - CFT Estatal Tarapac\u00e1","robots":{"index":"index","follow":"follow","max-snippet":"max-snippet:-1","max-image-preview":"max-image-preview:large","max-video-preview":"max-video-preview:-1"},"canonical":"https:\/\/www.cftestataltarapaca.cl\/inicio\/2020\/06\/03\/lideres-del-mundo-educativo-artistico-y-deportivo-envian-mensajes-a-estudiantes-del-cft-estatal-tarapaca\/","og_locale":"es_ES","og_type":"article","og_title":"L\u00edderes del \u00e1mbito educativo, art\u00edstico y deportivo env\u00edan mensajes a estudiantes del CFT Estatal Tarapac\u00e1 - CFT Estatal Tarapac\u00e1","og_description":"\u201cLa Formaci\u00f3n T\u00e9cnica es la clave para el desarrollo del pa\u00eds, f\u00f3rmense al mejor nivel, tienen que ser las y los mejores t\u00e9cnicos del mundo\u201d, fueron las palabras que entreg\u00f3...","og_url":"https:\/\/www.cftestataltarapaca.cl\/inicio\/2020\/06\/03\/lideres-del-mundo-educativo-artistico-y-deportivo-envian-mensajes-a-estudiantes-del-cft-estatal-tarapaca\/","og_site_name":"CFT Estatal Tarapac\u00e1","article_publisher":"https:\/\/www.facebook.com\/CFTestataltarapaca\/","article_published_time":"2020-06-03T13:41:32+00:00","article_modified_time":"2020-06-09T15:33:00+00:00","og_image":[{"width":1280,"height":1280,"url":"https:\/\/www.cftestataltarapaca.cl\/inicio\/wp-content\/uploads\/2020\/06\/1.jpg","type":"image\/jpeg"}],"author":"Comunicaciones","twitter_card":"summary_large_image","twitter_creator":"@CFTesTarapaca","twitter_site":"@CFTesTarapaca","twitter_misc":{"Escrito por":"Comunicaciones","Tiempo de lectura":"2 minutos"},"schema":{"@context":"https:\/\/schema.org","@graph":[{"@type":"Article","@id":"https:\/\/www.cftestataltarapaca.cl\/inicio\/2020\/06\/03\/lideres-del-mundo-educativo-artistico-y-deportivo-envian-mensajes-a-estudiantes-del-cft-estatal-tarapaca\/#article","isPartOf":{"@id":"https:\/\/www.cftestataltarapaca.cl\/inicio\/2020\/06\/03\/lideres-del-mundo-educativo-artistico-y-deportivo-envian-mensajes-a-estudiantes-del-cft-estatal-tarapaca\/"},"author":{"name":"Comunicaciones","@id":"https:\/\/www.cftestataltarapaca.cl\/inicio\/#\/schema\/person\/ad1fbfa1fa7c3d3889f4ae5401dd660e"},"headline":"L\u00edderes del \u00e1mbito educativo, art\u00edstico y deportivo env\u00edan mensajes a estudiantes del CFT Estatal Tarapac\u00e1","datePublished":"2020-06-03T13:41:32+00:00","dateModified":"2020-06-09T15:33:00+00:00","mainEntityOfPage":{"@id":"https:\/\/www.cftestataltarapaca.cl\/inicio\/2020\/06\/03\/lideres-del-mundo-educativo-artistico-y-deportivo-envian-mensajes-a-estudiantes-del-cft-estatal-tarapaca\/"},"wordCount":449,"commentCount":0,"publisher":{"@id":"https:\/\/www.cftestataltarapaca.cl\/inicio\/#organization"},"image":{"@id":"https:\/\/www.cftestataltarapaca.cl\/inicio\/2020\/06\/03\/lideres-del-mundo-educativo-artistico-y-deportivo-envian-mensajes-a-estudiantes-del-cft-estatal-tarapaca\/#primaryimage"},"thumbnailUrl":"https:\/\/www.cftestataltarapaca.cl\/inicio\/wp-content\/uploads\/2020\/06\/1.jpg","articleSection":["Acad\u00e9mico","Comunicados","Covid 19"],"inLanguage":"es","potentialAction":[{"@type":"CommentAction","name":"Comment","target":["https:\/\/www.cftestataltarapaca.cl\/inicio\/2020\/06\/03\/lideres-del-mundo-educativo-artistico-y-deportivo-envian-mensajes-a-estudiantes-del-cft-estatal-tarapaca\/#respond"]}]},{"@type":"WebPage","@id":"https:\/\/www.cftestataltarapaca.cl\/inicio\/2020\/06\/03\/lideres-del-mundo-educativo-artistico-y-deportivo-envian-mensajes-a-estudiantes-del-cft-estatal-tarapaca\/","url":"https:\/\/www.cftestataltarapaca.cl\/inicio\/2020\/06\/03\/lideres-del-mundo-educativo-artistico-y-deportivo-envian-mensajes-a-estudiantes-del-cft-estatal-tarapaca\/","name":"L\u00edderes del \u00e1mbito educativo, art\u00edstico y deportivo env\u00edan mensajes a estudiantes del CFT Estatal Tarapac\u00e1 - CFT Estatal Tarapac\u00e1","isPartOf":{"@id":"https:\/\/www.cftestataltarapaca.cl\/inicio\/#website"},"primaryImageOfPage":{"@id":"https:\/\/www.cftestataltarapaca.cl\/inicio\/2020\/06\/03\/lideres-del-mundo-educativo-artistico-y-deportivo-envian-mensajes-a-estudiantes-del-cft-estatal-tarapaca\/#primaryimage"},"image":{"@id":"https:\/\/www.cftestataltarapaca.cl\/inicio\/2020\/06\/03\/lideres-del-mundo-educativo-artistico-y-deportivo-envian-mensajes-a-estudiantes-del-cft-estatal-tarapaca\/#primaryimage"},"thumbnailUrl":"https:\/\/www.cftestataltarapaca.cl\/inicio\/wp-content\/uploads\/2020\/06\/1.jpg","datePublished":"2020-06-03T13:41:32+00:00","dateModified":"2020-06-09T15:33:00+00:00","breadcrumb":{"@id":"https:\/\/www.cftestataltarapaca.cl\/inicio\/2020\/06\/03\/lideres-del-mundo-educativo-artistico-y-deportivo-envian-mensajes-a-estudiantes-del-cft-estatal-tarapaca\/#breadcrumb"},"inLanguage":"es","potentialAction":[{"@type":"ReadAction","target":["https:\/\/www.cftestataltarapaca.cl\/inicio\/2020\/06\/03\/lideres-del-mundo-educativo-artistico-y-deportivo-envian-mensajes-a-estudiantes-del-cft-estatal-tarapaca\/"]}]},{"@type":"ImageObject","inLanguage":"es","@id":"https:\/\/www.cftestataltarapaca.cl\/inicio\/2020\/06\/03\/lideres-del-mundo-educativo-artistico-y-deportivo-envian-mensajes-a-estudiantes-del-cft-estatal-tarapaca\/#primaryimage","url":"https:\/\/www.cftestataltarapaca.cl\/inicio\/wp-content\/uploads\/2020\/06\/1.jpg","contentUrl":"https:\/\/www.cftestataltarapaca.cl\/inicio\/wp-content\/uploads\/2020\/06\/1.jpg","width":1280,"height":1280},{"@type":"BreadcrumbList","@id":"https:\/\/www.cftestataltarapaca.cl\/inicio\/2020\/06\/03\/lideres-del-mundo-educativo-artistico-y-deportivo-envian-mensajes-a-estudiantes-del-cft-estatal-tarapaca\/#breadcrumb","itemListElement":[{"@type":"ListItem","position":1,"name":"Portada","item":"https:\/\/www.cftestataltarapaca.cl\/inicio\/"},{"@type":"ListItem","position":2,"name":"L\u00edderes del \u00e1mbito educativo, art\u00edstico y deportivo env\u00edan mensajes a estudiantes del CFT Estatal Tarapac\u00e1"}]},{"@type":"WebSite","@id":"https:\/\/www.cftestataltarapaca.cl\/inicio\/#website","url":"https:\/\/www.cftestataltarapaca.cl\/inicio\/","name":"CFT Estatal Tarapac\u00e1","description":"Admisi\u00f3n 2025","publisher":{"@id":"https:\/\/www.cftestataltarapaca.cl\/inicio\/#organization"},"potentialAction":[{"@type":"SearchAction","target":{"@type":"EntryPoint","urlTemplate":"https:\/\/www.cftestataltarapaca.cl\/inicio\/?s={search_term_string}"},"query-input":{"@type":"PropertyValueSpecification","valueRequired":true,"valueName":"search_term_string"}}],"inLanguage":"es"},{"@type":"Organization","@id":"https:\/\/www.cftestataltarapaca.cl\/inicio\/#organization","name":"CFT Estatal Tarapac\u00e1","url":"https:\/\/www.cftestataltarapaca.cl\/inicio\/","logo":{"@type":"ImageObject","inLanguage":"es","@id":"https:\/\/www.cftestataltarapaca.cl\/inicio\/#\/schema\/logo\/image\/","url":"https:\/\/www.cftestataltarapaca.cl\/inicio\/wp-content\/uploads\/2019\/03\/logo-retina-1.png","contentUrl":"https:\/\/www.cftestataltarapaca.cl\/inicio\/wp-content\/uploads\/2019\/03\/logo-retina-1.png","width":401,"height":150,"caption":"CFT Estatal Tarapac\u00e1"},"image":{"@id":"https:\/\/www.cftestataltarapaca.cl\/inicio\/#\/schema\/logo\/image\/"},"sameAs":["https:\/\/www.facebook.com\/CFTestataltarapaca\/","https:\/\/x.com\/CFTesTarapaca","https:\/\/www.instagram.com\/CFTestataltarapaca\/"]},{"@type":"Person","@id":"https:\/\/www.cftestataltarapaca.cl\/inicio\/#\/schema\/person\/ad1fbfa1fa7c3d3889f4ae5401dd660e","name":"Comunicaciones","image":{"@type":"ImageObject","inLanguage":"es","@id":"https:\/\/secure.gravatar.com\/avatar\/ed1c2728327f20a5a62edaeb7dc181858f225b765044c5314c3d1059a1bd992f?s=96&d=mm&r=g","url":"https:\/\/secure.gravatar.com\/avatar\/ed1c2728327f20a5a62edaeb7dc181858f225b765044c5314c3d1059a1bd992f?s=96&d=mm&r=g","contentUrl":"https:\/\/secure.gravatar.com\/avatar\/ed1c2728327f20a5a62edaeb7dc181858f225b765044c5314c3d1059a1bd992f?s=96&d=mm&r=g","caption":"Comunicaciones"},"sameAs":["http:\/\/www.cftestataltarapaca.cl"],"url":"https:\/\/www.cftestataltarapaca.cl\/inicio\/author\/comunicaciones\/"}]}},"publishpress_future_action":{"enabled":false,"date":"2026-05-08 08:51:56","action":"change-status","newStatus":"draft","terms":[],"taxonomy":"category","extraData":[]},"publishpress_future_workflow_manual_trigger":{"enabledWorkflows":[]},"_links":{"self":[{"href":"https:\/\/www.cftestataltarapaca.cl\/inicio\/wp-json\/wp\/v2\/posts\/4512","targetHints":{"allow":["GET"]}}],"collection":[{"href":"https:\/\/www.cftestataltarapaca.cl\/inicio\/wp-json\/wp\/v2\/posts"}],"about":[{"href":"https:\/\/www.cftestataltarapaca.cl\/inicio\/wp-json\/wp\/v2\/types\/post"}],"author":[{"embeddable":true,"href":"https:\/\/www.cftestataltarapaca.cl\/inicio\/wp-json\/wp\/v2\/users\/2"}],"replies":[{"embeddable":true,"href":"https:\/\/www.cftestataltarapaca.cl\/inicio\/wp-json\/wp\/v2\/comments?post=4512"}],"version-history":[{"count":3,"href":"https:\/\/www.cftestataltarapaca.cl\/inicio\/wp-json\/wp\/v2\/posts\/4512\/revisions"}],"predecessor-version":[{"id":4553,"href":"https:\/\/www.cftestataltarapaca.cl\/inicio\/wp-json\/wp\/v2\/posts\/4512\/revisions\/4553"}],"wp:featuredmedia":[{"embeddable":true,"href":"https:\/\/www.cftestataltarapaca.cl\/inicio\/wp-json\/wp\/v2\/media\/4519"}],"wp:attachment":[{"href":"https:\/\/www.cftestataltarapaca.cl\/inicio\/wp-json\/wp\/v2\/media?parent=4512"}],"wp:term":[{"taxonomy":"category","embeddable":true,"href":"https:\/\/www.cftestataltarapaca.cl\/inicio\/wp-json\/wp\/v2\/categories?post=4512"},{"taxonomy":"post_tag","embeddable":true,"href":"https:\/\/www.cftestataltarapaca.cl\/inicio\/wp-json\/wp\/v2\/tags?post=4512"}],"curies":[{"name":"wp","href":"https:\/\/api.w.org\/{rel}","templated":true}]}}