{"id":4539,"date":"2020-06-03T18:59:30","date_gmt":"2020-06-03T18:59:30","guid":{"rendered":"https:\/\/www.cftestataltarapaca.cl\/inicio\/?p=4539"},"modified":"2020-06-09T15:33:21","modified_gmt":"2020-06-09T15:33:21","slug":"trabajadores-del-cft-estatal-tarapaca-colaboraron-con-comedor-solidario-de-el-boro","status":"publish","type":"post","link":"https:\/\/www.cftestataltarapaca.cl\/inicio\/2020\/06\/03\/trabajadores-del-cft-estatal-tarapaca-colaboraron-con-comedor-solidario-de-el-boro\/","title":{"rendered":"Trabajadores del CFT Estatal Tarapac\u00e1 colaboraron con comedor solidario de EL Boro"},"content":{"rendered":"<p style=\"text-align: justify;\">El comedor solidario de sector de El Boro, en Alto Hospicio, recibi\u00f3 donaci\u00f3n de trabajadores del Centro de Formaci\u00f3n T\u00e9cnica Estatal de Tarapac\u00e1.<!--more--><\/p>\n<p style=\"text-align: justify;\">Funcionarios, acad\u00e9micos y directivos de la instituci\u00f3n se unieron para llevar a cabo una campa\u00f1a interna para reunir recursos para la compra de alimentos y de esa forma colaborar con el comedor solidario San Lorenzo del sector El Boro de Alto Hospicio.<\/p>\n<p style=\"text-align: justify;\">Cerca de 80 menores son atendidos en el lugar, explic\u00f3 Patricia Castillo, encargada de la organizaci\u00f3n, quien agradeci\u00f3 el aporte proporcionado por trabajadores del CFT Estatal Tarapac\u00e1, indicando que toda ayuda es importante para las ni\u00f1as y ni\u00f1os que concurren diariamente al lugar.<\/p>\n<p style=\"text-align: justify;\">Dada la emergencia sanitaria y la compleja situaci\u00f3n que enfrenta la comunidad a causa del Covid-19, integrantes de la instituci\u00f3n acad\u00e9mica consideraron necesario colaborar con organismo social que ayuda a ni\u00f1os y ni\u00f1as vulnerables.<\/p>\n<p style=\"text-align: justify;\">La iniciativa fue desarrollada a trav\u00e9s de la donaci\u00f3n voluntaria proporcionada por cada trabajador (a) del CFT, la que busca ser un aporte solidario para quienes hoy enfrentan momentos complejos.<\/p>\n<p>&nbsp;<\/p>\n<p><img loading=\"lazy\" decoding=\"async\" class=\"alignnone wp-image-4543\" src=\"https:\/\/www.cftestataltarapaca.cl\/inicio\/wp-content\/uploads\/2020\/06\/colaboraci\u00f3n-4-215x300.jpg\" alt=\"\" width=\"212\" height=\"296\" srcset=\"https:\/\/www.cftestataltarapaca.cl\/inicio\/wp-content\/uploads\/2020\/06\/colaboraci\u00f3n-4-215x300.jpg 215w, https:\/\/www.cftestataltarapaca.cl\/inicio\/wp-content\/uploads\/2020\/06\/colaboraci\u00f3n-4-768x1073.jpg 768w, https:\/\/www.cftestataltarapaca.cl\/inicio\/wp-content\/uploads\/2020\/06\/colaboraci\u00f3n-4-733x1024.jpg 733w, https:\/\/www.cftestataltarapaca.cl\/inicio\/wp-content\/uploads\/2020\/06\/colaboraci\u00f3n-4.jpg 916w\" sizes=\"auto, (max-width: 212px) 100vw, 212px\" \/> \u00a0 \u00a0 \u00a0 \u00a0 <img loading=\"lazy\" decoding=\"async\" class=\"alignnone size-medium wp-image-4544\" src=\"https:\/\/www.cftestataltarapaca.cl\/inicio\/wp-content\/uploads\/2020\/06\/colaboraci\u00f3n-5-300x225.jpg\" alt=\"\" width=\"300\" height=\"225\" srcset=\"https:\/\/www.cftestataltarapaca.cl\/inicio\/wp-content\/uploads\/2020\/06\/colaboraci\u00f3n-5-300x225.jpg 300w, https:\/\/www.cftestataltarapaca.cl\/inicio\/wp-content\/uploads\/2020\/06\/colaboraci\u00f3n-5-768x576.jpg 768w, https:\/\/www.cftestataltarapaca.cl\/inicio\/wp-content\/uploads\/2020\/06\/colaboraci\u00f3n-5-1024x768.jpg 1024w, https:\/\/www.cftestataltarapaca.cl\/inicio\/wp-content\/uploads\/2020\/06\/colaboraci\u00f3n-5.jpg 1280w\" sizes=\"auto, (max-width: 300px) 100vw, 300px\" \/><\/p>\n","protected":false},"excerpt":{"rendered":"<p>El comedor solidario de sector de El Boro, en Alto Hospicio, recibi\u00f3 donaci\u00f3n de trabajadores del Centro de Formaci\u00f3n T\u00e9cnica Estatal de Tarapac\u00e1.<\/p>\n","protected":false},"author":2,"featured_media":4540,"comment_status":"open","ping_status":"open","sticky":false,"template":"","format":"standard","meta":{"_joinchat":[],"footnotes":""},"categories":[52,118],"tags":[],"class_list":["post-4539","post","type-post","status-publish","format-standard","has-post-thumbnail","hentry","category-comunicados","category-covid-19"],"yoast_head":"<!-- This site is optimized with the Yoast SEO plugin v27.4 - https:\/\/yoast.com\/product\/yoast-seo-wordpress\/ -->\n<title>Trabajadores del CFT Estatal Tarapac\u00e1 colaboraron con comedor solidario de EL Boro - CFT Estatal Tarapac\u00e1<\/title>\n<meta name=\"robots\" content=\"index, follow, max-snippet:-1, max-image-preview:large, max-video-preview:-1\" \/>\n<link rel=\"canonical\" href=\"https:\/\/www.cftestataltarapaca.cl\/inicio\/2020\/06\/03\/trabajadores-del-cft-estatal-tarapaca-colaboraron-con-comedor-solidario-de-el-boro\/\" \/>\n<meta property=\"og:locale\" content=\"es_ES\" \/>\n<meta property=\"og:type\" content=\"article\" \/>\n<meta property=\"og:title\" content=\"Trabajadores del CFT Estatal Tarapac\u00e1 colaboraron con comedor solidario de EL Boro - CFT Estatal Tarapac\u00e1\" \/>\n<meta property=\"og:description\" content=\"El comedor solidario de sector de El Boro, en Alto Hospicio, recibi\u00f3 donaci\u00f3n de trabajadores del Centro de Formaci\u00f3n T\u00e9cnica Estatal de Tarapac\u00e1.\" \/>\n<meta property=\"og:url\" content=\"https:\/\/www.cftestataltarapaca.cl\/inicio\/2020\/06\/03\/trabajadores-del-cft-estatal-tarapaca-colaboraron-con-comedor-solidario-de-el-boro\/\" \/>\n<meta property=\"og:site_name\" content=\"CFT Estatal Tarapac\u00e1\" \/>\n<meta property=\"article:publisher\" content=\"https:\/\/www.facebook.com\/CFTestataltarapaca\/\" \/>\n<meta property=\"article:published_time\" content=\"2020-06-03T18:59:30+00:00\" \/>\n<meta property=\"article:modified_time\" content=\"2020-06-09T15:33:21+00:00\" \/>\n<meta property=\"og:image\" content=\"https:\/\/www.cftestataltarapaca.cl\/inicio\/wp-content\/uploads\/2020\/06\/colaboraci\u00f3n-1.jpg\" \/>\n\t<meta property=\"og:image:width\" content=\"1113\" \/>\n\t<meta property=\"og:image:height\" content=\"770\" \/>\n\t<meta property=\"og:image:type\" content=\"image\/jpeg\" \/>\n<meta name=\"author\" content=\"Comunicaciones\" \/>\n<meta name=\"twitter:card\" content=\"summary_large_image\" \/>\n<meta name=\"twitter:creator\" content=\"@CFTesTarapaca\" \/>\n<meta name=\"twitter:site\" content=\"@CFTesTarapaca\" \/>\n<meta name=\"twitter:label1\" content=\"Escrito por\" \/>\n\t<meta name=\"twitter:data1\" content=\"Comunicaciones\" \/>\n\t<meta name=\"twitter:label2\" content=\"Tiempo de lectura\" \/>\n\t<meta name=\"twitter:data2\" content=\"1 minuto\" \/>\n<script type=\"application\/ld+json\" class=\"yoast-schema-graph\">{\"@context\":\"https:\\\/\\\/schema.org\",\"@graph\":[{\"@type\":\"Article\",\"@id\":\"https:\\\/\\\/www.cftestataltarapaca.cl\\\/inicio\\\/2020\\\/06\\\/03\\\/trabajadores-del-cft-estatal-tarapaca-colaboraron-con-comedor-solidario-de-el-boro\\\/#article\",\"isPartOf\":{\"@id\":\"https:\\\/\\\/www.cftestataltarapaca.cl\\\/inicio\\\/2020\\\/06\\\/03\\\/trabajadores-del-cft-estatal-tarapaca-colaboraron-con-comedor-solidario-de-el-boro\\\/\"},\"author\":{\"name\":\"Comunicaciones\",\"@id\":\"https:\\\/\\\/www.cftestataltarapaca.cl\\\/inicio\\\/#\\\/schema\\\/person\\\/ad1fbfa1fa7c3d3889f4ae5401dd660e\"},\"headline\":\"Trabajadores del CFT Estatal Tarapac\u00e1 colaboraron con comedor solidario de EL Boro\",\"datePublished\":\"2020-06-03T18:59:30+00:00\",\"dateModified\":\"2020-06-09T15:33:21+00:00\",\"mainEntityOfPage\":{\"@id\":\"https:\\\/\\\/www.cftestataltarapaca.cl\\\/inicio\\\/2020\\\/06\\\/03\\\/trabajadores-del-cft-estatal-tarapaca-colaboraron-con-comedor-solidario-de-el-boro\\\/\"},\"wordCount\":200,\"commentCount\":0,\"publisher\":{\"@id\":\"https:\\\/\\\/www.cftestataltarapaca.cl\\\/inicio\\\/#organization\"},\"image\":{\"@id\":\"https:\\\/\\\/www.cftestataltarapaca.cl\\\/inicio\\\/2020\\\/06\\\/03\\\/trabajadores-del-cft-estatal-tarapaca-colaboraron-con-comedor-solidario-de-el-boro\\\/#primaryimage\"},\"thumbnailUrl\":\"https:\\\/\\\/www.cftestataltarapaca.cl\\\/inicio\\\/wp-content\\\/uploads\\\/2020\\\/06\\\/colaboraci\u00f3n-1.jpg\",\"articleSection\":[\"Comunicados\",\"Covid 19\"],\"inLanguage\":\"es\",\"potentialAction\":[{\"@type\":\"CommentAction\",\"name\":\"Comment\",\"target\":[\"https:\\\/\\\/www.cftestataltarapaca.cl\\\/inicio\\\/2020\\\/06\\\/03\\\/trabajadores-del-cft-estatal-tarapaca-colaboraron-con-comedor-solidario-de-el-boro\\\/#respond\"]}]},{\"@type\":\"WebPage\",\"@id\":\"https:\\\/\\\/www.cftestataltarapaca.cl\\\/inicio\\\/2020\\\/06\\\/03\\\/trabajadores-del-cft-estatal-tarapaca-colaboraron-con-comedor-solidario-de-el-boro\\\/\",\"url\":\"https:\\\/\\\/www.cftestataltarapaca.cl\\\/inicio\\\/2020\\\/06\\\/03\\\/trabajadores-del-cft-estatal-tarapaca-colaboraron-con-comedor-solidario-de-el-boro\\\/\",\"name\":\"Trabajadores del CFT Estatal Tarapac\u00e1 colaboraron con comedor solidario de EL Boro - CFT Estatal Tarapac\u00e1\",\"isPartOf\":{\"@id\":\"https:\\\/\\\/www.cftestataltarapaca.cl\\\/inicio\\\/#website\"},\"primaryImageOfPage\":{\"@id\":\"https:\\\/\\\/www.cftestataltarapaca.cl\\\/inicio\\\/2020\\\/06\\\/03\\\/trabajadores-del-cft-estatal-tarapaca-colaboraron-con-comedor-solidario-de-el-boro\\\/#primaryimage\"},\"image\":{\"@id\":\"https:\\\/\\\/www.cftestataltarapaca.cl\\\/inicio\\\/2020\\\/06\\\/03\\\/trabajadores-del-cft-estatal-tarapaca-colaboraron-con-comedor-solidario-de-el-boro\\\/#primaryimage\"},\"thumbnailUrl\":\"https:\\\/\\\/www.cftestataltarapaca.cl\\\/inicio\\\/wp-content\\\/uploads\\\/2020\\\/06\\\/colaboraci\u00f3n-1.jpg\",\"datePublished\":\"2020-06-03T18:59:30+00:00\",\"dateModified\":\"2020-06-09T15:33:21+00:00\",\"breadcrumb\":{\"@id\":\"https:\\\/\\\/www.cftestataltarapaca.cl\\\/inicio\\\/2020\\\/06\\\/03\\\/trabajadores-del-cft-estatal-tarapaca-colaboraron-con-comedor-solidario-de-el-boro\\\/#breadcrumb\"},\"inLanguage\":\"es\",\"potentialAction\":[{\"@type\":\"ReadAction\",\"target\":[\"https:\\\/\\\/www.cftestataltarapaca.cl\\\/inicio\\\/2020\\\/06\\\/03\\\/trabajadores-del-cft-estatal-tarapaca-colaboraron-con-comedor-solidario-de-el-boro\\\/\"]}]},{\"@type\":\"ImageObject\",\"inLanguage\":\"es\",\"@id\":\"https:\\\/\\\/www.cftestataltarapaca.cl\\\/inicio\\\/2020\\\/06\\\/03\\\/trabajadores-del-cft-estatal-tarapaca-colaboraron-con-comedor-solidario-de-el-boro\\\/#primaryimage\",\"url\":\"https:\\\/\\\/www.cftestataltarapaca.cl\\\/inicio\\\/wp-content\\\/uploads\\\/2020\\\/06\\\/colaboraci\u00f3n-1.jpg\",\"contentUrl\":\"https:\\\/\\\/www.cftestataltarapaca.cl\\\/inicio\\\/wp-content\\\/uploads\\\/2020\\\/06\\\/colaboraci\u00f3n-1.jpg\",\"width\":1113,\"height\":770},{\"@type\":\"BreadcrumbList\",\"@id\":\"https:\\\/\\\/www.cftestataltarapaca.cl\\\/inicio\\\/2020\\\/06\\\/03\\\/trabajadores-del-cft-estatal-tarapaca-colaboraron-con-comedor-solidario-de-el-boro\\\/#breadcrumb\",\"itemListElement\":[{\"@type\":\"ListItem\",\"position\":1,\"name\":\"Portada\",\"item\":\"https:\\\/\\\/www.cftestataltarapaca.cl\\\/inicio\\\/\"},{\"@type\":\"ListItem\",\"position\":2,\"name\":\"Trabajadores del CFT Estatal Tarapac\u00e1 colaboraron con comedor solidario de EL Boro\"}]},{\"@type\":\"WebSite\",\"@id\":\"https:\\\/\\\/www.cftestataltarapaca.cl\\\/inicio\\\/#website\",\"url\":\"https:\\\/\\\/www.cftestataltarapaca.cl\\\/inicio\\\/\",\"name\":\"CFT Estatal Tarapac\u00e1\",\"description\":\"Admisi\u00f3n 2025\",\"publisher\":{\"@id\":\"https:\\\/\\\/www.cftestataltarapaca.cl\\\/inicio\\\/#organization\"},\"potentialAction\":[{\"@type\":\"SearchAction\",\"target\":{\"@type\":\"EntryPoint\",\"urlTemplate\":\"https:\\\/\\\/www.cftestataltarapaca.cl\\\/inicio\\\/?s={search_term_string}\"},\"query-input\":{\"@type\":\"PropertyValueSpecification\",\"valueRequired\":true,\"valueName\":\"search_term_string\"}}],\"inLanguage\":\"es\"},{\"@type\":\"Organization\",\"@id\":\"https:\\\/\\\/www.cftestataltarapaca.cl\\\/inicio\\\/#organization\",\"name\":\"CFT Estatal Tarapac\u00e1\",\"url\":\"https:\\\/\\\/www.cftestataltarapaca.cl\\\/inicio\\\/\",\"logo\":{\"@type\":\"ImageObject\",\"inLanguage\":\"es\",\"@id\":\"https:\\\/\\\/www.cftestataltarapaca.cl\\\/inicio\\\/#\\\/schema\\\/logo\\\/image\\\/\",\"url\":\"https:\\\/\\\/www.cftestataltarapaca.cl\\\/inicio\\\/wp-content\\\/uploads\\\/2019\\\/03\\\/logo-retina-1.png\",\"contentUrl\":\"https:\\\/\\\/www.cftestataltarapaca.cl\\\/inicio\\\/wp-content\\\/uploads\\\/2019\\\/03\\\/logo-retina-1.png\",\"width\":401,\"height\":150,\"caption\":\"CFT Estatal Tarapac\u00e1\"},\"image\":{\"@id\":\"https:\\\/\\\/www.cftestataltarapaca.cl\\\/inicio\\\/#\\\/schema\\\/logo\\\/image\\\/\"},\"sameAs\":[\"https:\\\/\\\/www.facebook.com\\\/CFTestataltarapaca\\\/\",\"https:\\\/\\\/x.com\\\/CFTesTarapaca\",\"https:\\\/\\\/www.instagram.com\\\/CFTestataltarapaca\\\/\"]},{\"@type\":\"Person\",\"@id\":\"https:\\\/\\\/www.cftestataltarapaca.cl\\\/inicio\\\/#\\\/schema\\\/person\\\/ad1fbfa1fa7c3d3889f4ae5401dd660e\",\"name\":\"Comunicaciones\",\"image\":{\"@type\":\"ImageObject\",\"inLanguage\":\"es\",\"@id\":\"https:\\\/\\\/secure.gravatar.com\\\/avatar\\\/ed1c2728327f20a5a62edaeb7dc181858f225b765044c5314c3d1059a1bd992f?s=96&d=mm&r=g\",\"url\":\"https:\\\/\\\/secure.gravatar.com\\\/avatar\\\/ed1c2728327f20a5a62edaeb7dc181858f225b765044c5314c3d1059a1bd992f?s=96&d=mm&r=g\",\"contentUrl\":\"https:\\\/\\\/secure.gravatar.com\\\/avatar\\\/ed1c2728327f20a5a62edaeb7dc181858f225b765044c5314c3d1059a1bd992f?s=96&d=mm&r=g\",\"caption\":\"Comunicaciones\"},\"sameAs\":[\"http:\\\/\\\/www.cftestataltarapaca.cl\"],\"url\":\"https:\\\/\\\/www.cftestataltarapaca.cl\\\/inicio\\\/author\\\/comunicaciones\\\/\"}]}<\/script>\n<!-- \/ Yoast SEO plugin. -->","yoast_head_json":{"title":"Trabajadores del CFT Estatal Tarapac\u00e1 colaboraron con comedor solidario de EL Boro - CFT Estatal Tarapac\u00e1","robots":{"index":"index","follow":"follow","max-snippet":"max-snippet:-1","max-image-preview":"max-image-preview:large","max-video-preview":"max-video-preview:-1"},"canonical":"https:\/\/www.cftestataltarapaca.cl\/inicio\/2020\/06\/03\/trabajadores-del-cft-estatal-tarapaca-colaboraron-con-comedor-solidario-de-el-boro\/","og_locale":"es_ES","og_type":"article","og_title":"Trabajadores del CFT Estatal Tarapac\u00e1 colaboraron con comedor solidario de EL Boro - CFT Estatal Tarapac\u00e1","og_description":"El comedor solidario de sector de El Boro, en Alto Hospicio, recibi\u00f3 donaci\u00f3n de trabajadores del Centro de Formaci\u00f3n T\u00e9cnica Estatal de Tarapac\u00e1.","og_url":"https:\/\/www.cftestataltarapaca.cl\/inicio\/2020\/06\/03\/trabajadores-del-cft-estatal-tarapaca-colaboraron-con-comedor-solidario-de-el-boro\/","og_site_name":"CFT Estatal Tarapac\u00e1","article_publisher":"https:\/\/www.facebook.com\/CFTestataltarapaca\/","article_published_time":"2020-06-03T18:59:30+00:00","article_modified_time":"2020-06-09T15:33:21+00:00","og_image":[{"width":1113,"height":770,"url":"https:\/\/www.cftestataltarapaca.cl\/inicio\/wp-content\/uploads\/2020\/06\/colaboraci\u00f3n-1.jpg","type":"image\/jpeg"}],"author":"Comunicaciones","twitter_card":"summary_large_image","twitter_creator":"@CFTesTarapaca","twitter_site":"@CFTesTarapaca","twitter_misc":{"Escrito por":"Comunicaciones","Tiempo de lectura":"1 minuto"},"schema":{"@context":"https:\/\/schema.org","@graph":[{"@type":"Article","@id":"https:\/\/www.cftestataltarapaca.cl\/inicio\/2020\/06\/03\/trabajadores-del-cft-estatal-tarapaca-colaboraron-con-comedor-solidario-de-el-boro\/#article","isPartOf":{"@id":"https:\/\/www.cftestataltarapaca.cl\/inicio\/2020\/06\/03\/trabajadores-del-cft-estatal-tarapaca-colaboraron-con-comedor-solidario-de-el-boro\/"},"author":{"name":"Comunicaciones","@id":"https:\/\/www.cftestataltarapaca.cl\/inicio\/#\/schema\/person\/ad1fbfa1fa7c3d3889f4ae5401dd660e"},"headline":"Trabajadores del CFT Estatal Tarapac\u00e1 colaboraron con comedor solidario de EL Boro","datePublished":"2020-06-03T18:59:30+00:00","dateModified":"2020-06-09T15:33:21+00:00","mainEntityOfPage":{"@id":"https:\/\/www.cftestataltarapaca.cl\/inicio\/2020\/06\/03\/trabajadores-del-cft-estatal-tarapaca-colaboraron-con-comedor-solidario-de-el-boro\/"},"wordCount":200,"commentCount":0,"publisher":{"@id":"https:\/\/www.cftestataltarapaca.cl\/inicio\/#organization"},"image":{"@id":"https:\/\/www.cftestataltarapaca.cl\/inicio\/2020\/06\/03\/trabajadores-del-cft-estatal-tarapaca-colaboraron-con-comedor-solidario-de-el-boro\/#primaryimage"},"thumbnailUrl":"https:\/\/www.cftestataltarapaca.cl\/inicio\/wp-content\/uploads\/2020\/06\/colaboraci\u00f3n-1.jpg","articleSection":["Comunicados","Covid 19"],"inLanguage":"es","potentialAction":[{"@type":"CommentAction","name":"Comment","target":["https:\/\/www.cftestataltarapaca.cl\/inicio\/2020\/06\/03\/trabajadores-del-cft-estatal-tarapaca-colaboraron-con-comedor-solidario-de-el-boro\/#respond"]}]},{"@type":"WebPage","@id":"https:\/\/www.cftestataltarapaca.cl\/inicio\/2020\/06\/03\/trabajadores-del-cft-estatal-tarapaca-colaboraron-con-comedor-solidario-de-el-boro\/","url":"https:\/\/www.cftestataltarapaca.cl\/inicio\/2020\/06\/03\/trabajadores-del-cft-estatal-tarapaca-colaboraron-con-comedor-solidario-de-el-boro\/","name":"Trabajadores del CFT Estatal Tarapac\u00e1 colaboraron con comedor solidario de EL Boro - CFT Estatal Tarapac\u00e1","isPartOf":{"@id":"https:\/\/www.cftestataltarapaca.cl\/inicio\/#website"},"primaryImageOfPage":{"@id":"https:\/\/www.cftestataltarapaca.cl\/inicio\/2020\/06\/03\/trabajadores-del-cft-estatal-tarapaca-colaboraron-con-comedor-solidario-de-el-boro\/#primaryimage"},"image":{"@id":"https:\/\/www.cftestataltarapaca.cl\/inicio\/2020\/06\/03\/trabajadores-del-cft-estatal-tarapaca-colaboraron-con-comedor-solidario-de-el-boro\/#primaryimage"},"thumbnailUrl":"https:\/\/www.cftestataltarapaca.cl\/inicio\/wp-content\/uploads\/2020\/06\/colaboraci\u00f3n-1.jpg","datePublished":"2020-06-03T18:59:30+00:00","dateModified":"2020-06-09T15:33:21+00:00","breadcrumb":{"@id":"https:\/\/www.cftestataltarapaca.cl\/inicio\/2020\/06\/03\/trabajadores-del-cft-estatal-tarapaca-colaboraron-con-comedor-solidario-de-el-boro\/#breadcrumb"},"inLanguage":"es","potentialAction":[{"@type":"ReadAction","target":["https:\/\/www.cftestataltarapaca.cl\/inicio\/2020\/06\/03\/trabajadores-del-cft-estatal-tarapaca-colaboraron-con-comedor-solidario-de-el-boro\/"]}]},{"@type":"ImageObject","inLanguage":"es","@id":"https:\/\/www.cftestataltarapaca.cl\/inicio\/2020\/06\/03\/trabajadores-del-cft-estatal-tarapaca-colaboraron-con-comedor-solidario-de-el-boro\/#primaryimage","url":"https:\/\/www.cftestataltarapaca.cl\/inicio\/wp-content\/uploads\/2020\/06\/colaboraci\u00f3n-1.jpg","contentUrl":"https:\/\/www.cftestataltarapaca.cl\/inicio\/wp-content\/uploads\/2020\/06\/colaboraci\u00f3n-1.jpg","width":1113,"height":770},{"@type":"BreadcrumbList","@id":"https:\/\/www.cftestataltarapaca.cl\/inicio\/2020\/06\/03\/trabajadores-del-cft-estatal-tarapaca-colaboraron-con-comedor-solidario-de-el-boro\/#breadcrumb","itemListElement":[{"@type":"ListItem","position":1,"name":"Portada","item":"https:\/\/www.cftestataltarapaca.cl\/inicio\/"},{"@type":"ListItem","position":2,"name":"Trabajadores del CFT Estatal Tarapac\u00e1 colaboraron con comedor solidario de EL Boro"}]},{"@type":"WebSite","@id":"https:\/\/www.cftestataltarapaca.cl\/inicio\/#website","url":"https:\/\/www.cftestataltarapaca.cl\/inicio\/","name":"CFT Estatal Tarapac\u00e1","description":"Admisi\u00f3n 2025","publisher":{"@id":"https:\/\/www.cftestataltarapaca.cl\/inicio\/#organization"},"potentialAction":[{"@type":"SearchAction","target":{"@type":"EntryPoint","urlTemplate":"https:\/\/www.cftestataltarapaca.cl\/inicio\/?s={search_term_string}"},"query-input":{"@type":"PropertyValueSpecification","valueRequired":true,"valueName":"search_term_string"}}],"inLanguage":"es"},{"@type":"Organization","@id":"https:\/\/www.cftestataltarapaca.cl\/inicio\/#organization","name":"CFT Estatal Tarapac\u00e1","url":"https:\/\/www.cftestataltarapaca.cl\/inicio\/","logo":{"@type":"ImageObject","inLanguage":"es","@id":"https:\/\/www.cftestataltarapaca.cl\/inicio\/#\/schema\/logo\/image\/","url":"https:\/\/www.cftestataltarapaca.cl\/inicio\/wp-content\/uploads\/2019\/03\/logo-retina-1.png","contentUrl":"https:\/\/www.cftestataltarapaca.cl\/inicio\/wp-content\/uploads\/2019\/03\/logo-retina-1.png","width":401,"height":150,"caption":"CFT Estatal Tarapac\u00e1"},"image":{"@id":"https:\/\/www.cftestataltarapaca.cl\/inicio\/#\/schema\/logo\/image\/"},"sameAs":["https:\/\/www.facebook.com\/CFTestataltarapaca\/","https:\/\/x.com\/CFTesTarapaca","https:\/\/www.instagram.com\/CFTestataltarapaca\/"]},{"@type":"Person","@id":"https:\/\/www.cftestataltarapaca.cl\/inicio\/#\/schema\/person\/ad1fbfa1fa7c3d3889f4ae5401dd660e","name":"Comunicaciones","image":{"@type":"ImageObject","inLanguage":"es","@id":"https:\/\/secure.gravatar.com\/avatar\/ed1c2728327f20a5a62edaeb7dc181858f225b765044c5314c3d1059a1bd992f?s=96&d=mm&r=g","url":"https:\/\/secure.gravatar.com\/avatar\/ed1c2728327f20a5a62edaeb7dc181858f225b765044c5314c3d1059a1bd992f?s=96&d=mm&r=g","contentUrl":"https:\/\/secure.gravatar.com\/avatar\/ed1c2728327f20a5a62edaeb7dc181858f225b765044c5314c3d1059a1bd992f?s=96&d=mm&r=g","caption":"Comunicaciones"},"sameAs":["http:\/\/www.cftestataltarapaca.cl"],"url":"https:\/\/www.cftestataltarapaca.cl\/inicio\/author\/comunicaciones\/"}]}},"publishpress_future_action":{"enabled":false,"date":"2026-05-08 12:37:23","action":"change-status","newStatus":"draft","terms":[],"taxonomy":"category","extraData":[]},"publishpress_future_workflow_manual_trigger":{"enabledWorkflows":[]},"_links":{"self":[{"href":"https:\/\/www.cftestataltarapaca.cl\/inicio\/wp-json\/wp\/v2\/posts\/4539","targetHints":{"allow":["GET"]}}],"collection":[{"href":"https:\/\/www.cftestataltarapaca.cl\/inicio\/wp-json\/wp\/v2\/posts"}],"about":[{"href":"https:\/\/www.cftestataltarapaca.cl\/inicio\/wp-json\/wp\/v2\/types\/post"}],"author":[{"embeddable":true,"href":"https:\/\/www.cftestataltarapaca.cl\/inicio\/wp-json\/wp\/v2\/users\/2"}],"replies":[{"embeddable":true,"href":"https:\/\/www.cftestataltarapaca.cl\/inicio\/wp-json\/wp\/v2\/comments?post=4539"}],"version-history":[{"count":3,"href":"https:\/\/www.cftestataltarapaca.cl\/inicio\/wp-json\/wp\/v2\/posts\/4539\/revisions"}],"predecessor-version":[{"id":4554,"href":"https:\/\/www.cftestataltarapaca.cl\/inicio\/wp-json\/wp\/v2\/posts\/4539\/revisions\/4554"}],"wp:featuredmedia":[{"embeddable":true,"href":"https:\/\/www.cftestataltarapaca.cl\/inicio\/wp-json\/wp\/v2\/media\/4540"}],"wp:attachment":[{"href":"https:\/\/www.cftestataltarapaca.cl\/inicio\/wp-json\/wp\/v2\/media?parent=4539"}],"wp:term":[{"taxonomy":"category","embeddable":true,"href":"https:\/\/www.cftestataltarapaca.cl\/inicio\/wp-json\/wp\/v2\/categories?post=4539"},{"taxonomy":"post_tag","embeddable":true,"href":"https:\/\/www.cftestataltarapaca.cl\/inicio\/wp-json\/wp\/v2\/tags?post=4539"}],"curies":[{"name":"wp","href":"https:\/\/api.w.org\/{rel}","templated":true}]}}