{"id":4575,"date":"2020-06-11T16:36:14","date_gmt":"2020-06-11T16:36:14","guid":{"rendered":"https:\/\/www.cftestataltarapaca.cl\/inicio\/?p=4575"},"modified":"2020-07-10T15:56:34","modified_gmt":"2020-07-10T15:56:34","slug":"directorio-de-cft-estatal-tarapaca-aprobo-oferta-academica-2021","status":"publish","type":"post","link":"https:\/\/www.cftestataltarapaca.cl\/inicio\/2020\/06\/11\/directorio-de-cft-estatal-tarapaca-aprobo-oferta-academica-2021\/","title":{"rendered":"Directorio de CFT Estatal Tarapac\u00e1 aprob\u00f3 oferta acad\u00e9mica 2021"},"content":{"rendered":"<p style=\"text-align: justify;\">Siete carreras T\u00e9cnicas de Nivel Superior impartir\u00e1 el Centro de Formaci\u00f3n T\u00e9cnica Estatal de Tarapac\u00e1 durante el a\u00f1o 2021. As\u00ed fue determinado por el Directorio, que en reciente sesi\u00f3n extraordinaria aprob\u00f3 la oferta acad\u00e9mica para el pr\u00f3ximo a\u00f1o.<!--more--><\/p>\n<p style=\"text-align: justify;\">En reuni\u00f3n, efectuada por video-conferencia, el directorio que preside el rector Jorge Villegas Ahumada, determin\u00f3 que el 2021 se ofrezca e impartan las mismas carreras del presente a\u00f1o, las que corresponden TNS en Enfermer\u00eda, TNS en Educaci\u00f3n Parvularia, TNS en El\u00e9ctrico en Energ\u00edas Renovables, TNS en Administraci\u00f3n P\u00fablica, TSN en Administraci\u00f3n de Empresas, TNS en Log\u00edstica y TNS en Mec\u00e1nico Mantenimiento Predictivo.<\/p>\n<p style=\"text-align: justify;\">La oferta acad\u00e9mica est\u00e1 basada en la realidad de la regi\u00f3n y entrega conocimientos y herramientas para el desarrollo de habilidades de j\u00f3venes y adultos, que les permitir\u00e1n insertarse al mundo laboral.<\/p>\n<p style=\"text-align: justify;\">En la sesi\u00f3n extraordinaria el directorio tambi\u00e9n aprob\u00f3 la auditor\u00eda financiera 2018\u00a0 &#8211; 2019.<\/p>\n","protected":false},"excerpt":{"rendered":"<p>Siete carreras T\u00e9cnicas de Nivel Superior impartir\u00e1 el Centro de Formaci\u00f3n T\u00e9cnica Estatal de Tarapac\u00e1 durante el a\u00f1o 2021. As\u00ed fue determinado por el Directorio, que en reciente sesi\u00f3n extraordinaria&#8230;<\/p>\n","protected":false},"author":2,"featured_media":4578,"comment_status":"open","ping_status":"open","sticky":false,"template":"","format":"standard","meta":{"_joinchat":[],"footnotes":""},"categories":[49,46,52],"tags":[75,69,86,68],"class_list":["post-4575","post","type-post","status-publish","format-standard","has-post-thumbnail","hentry","category-academico","category-admision","category-comunicados","tag-alto-hospicio","tag-carreras","tag-cft-estatal-tarapaca","tag-tecnicos"],"yoast_head":"<!-- This site is optimized with the Yoast SEO plugin v27.4 - https:\/\/yoast.com\/product\/yoast-seo-wordpress\/ -->\n<title>Directorio de CFT Estatal Tarapac\u00e1 aprob\u00f3 oferta acad\u00e9mica 2021 - CFT Estatal Tarapac\u00e1<\/title>\n<meta name=\"robots\" content=\"index, follow, max-snippet:-1, max-image-preview:large, max-video-preview:-1\" \/>\n<link rel=\"canonical\" href=\"https:\/\/www.cftestataltarapaca.cl\/inicio\/2020\/06\/11\/directorio-de-cft-estatal-tarapaca-aprobo-oferta-academica-2021\/\" \/>\n<meta property=\"og:locale\" content=\"es_ES\" \/>\n<meta property=\"og:type\" content=\"article\" \/>\n<meta property=\"og:title\" content=\"Directorio de CFT Estatal Tarapac\u00e1 aprob\u00f3 oferta acad\u00e9mica 2021 - CFT Estatal Tarapac\u00e1\" \/>\n<meta property=\"og:description\" content=\"Siete carreras T\u00e9cnicas de Nivel Superior impartir\u00e1 el Centro de Formaci\u00f3n T\u00e9cnica Estatal de Tarapac\u00e1 durante el a\u00f1o 2021. As\u00ed fue determinado por el Directorio, que en reciente sesi\u00f3n extraordinaria...\" \/>\n<meta property=\"og:url\" content=\"https:\/\/www.cftestataltarapaca.cl\/inicio\/2020\/06\/11\/directorio-de-cft-estatal-tarapaca-aprobo-oferta-academica-2021\/\" \/>\n<meta property=\"og:site_name\" content=\"CFT Estatal Tarapac\u00e1\" \/>\n<meta property=\"article:publisher\" content=\"https:\/\/www.facebook.com\/CFTestataltarapaca\/\" \/>\n<meta property=\"article:published_time\" content=\"2020-06-11T16:36:14+00:00\" \/>\n<meta property=\"article:modified_time\" content=\"2020-07-10T15:56:34+00:00\" \/>\n<meta property=\"og:image\" content=\"https:\/\/www.cftestataltarapaca.cl\/inicio\/wp-content\/uploads\/2020\/06\/directorio-10-junio-01.jpg\" \/>\n\t<meta property=\"og:image:width\" content=\"1264\" \/>\n\t<meta property=\"og:image:height\" content=\"496\" \/>\n\t<meta property=\"og:image:type\" content=\"image\/jpeg\" \/>\n<meta name=\"author\" content=\"Comunicaciones\" \/>\n<meta name=\"twitter:card\" content=\"summary_large_image\" \/>\n<meta name=\"twitter:creator\" content=\"@CFTesTarapaca\" \/>\n<meta name=\"twitter:site\" content=\"@CFTesTarapaca\" \/>\n<meta name=\"twitter:label1\" content=\"Escrito por\" \/>\n\t<meta name=\"twitter:data1\" content=\"Comunicaciones\" \/>\n\t<meta name=\"twitter:label2\" content=\"Tiempo de lectura\" \/>\n\t<meta name=\"twitter:data2\" content=\"1 minuto\" \/>\n<script type=\"application\/ld+json\" class=\"yoast-schema-graph\">{\"@context\":\"https:\\\/\\\/schema.org\",\"@graph\":[{\"@type\":\"Article\",\"@id\":\"https:\\\/\\\/www.cftestataltarapaca.cl\\\/inicio\\\/2020\\\/06\\\/11\\\/directorio-de-cft-estatal-tarapaca-aprobo-oferta-academica-2021\\\/#article\",\"isPartOf\":{\"@id\":\"https:\\\/\\\/www.cftestataltarapaca.cl\\\/inicio\\\/2020\\\/06\\\/11\\\/directorio-de-cft-estatal-tarapaca-aprobo-oferta-academica-2021\\\/\"},\"author\":{\"name\":\"Comunicaciones\",\"@id\":\"https:\\\/\\\/www.cftestataltarapaca.cl\\\/inicio\\\/#\\\/schema\\\/person\\\/ad1fbfa1fa7c3d3889f4ae5401dd660e\"},\"headline\":\"Directorio de CFT Estatal Tarapac\u00e1 aprob\u00f3 oferta acad\u00e9mica 2021\",\"datePublished\":\"2020-06-11T16:36:14+00:00\",\"dateModified\":\"2020-07-10T15:56:34+00:00\",\"mainEntityOfPage\":{\"@id\":\"https:\\\/\\\/www.cftestataltarapaca.cl\\\/inicio\\\/2020\\\/06\\\/11\\\/directorio-de-cft-estatal-tarapaca-aprobo-oferta-academica-2021\\\/\"},\"wordCount\":177,\"commentCount\":0,\"publisher\":{\"@id\":\"https:\\\/\\\/www.cftestataltarapaca.cl\\\/inicio\\\/#organization\"},\"image\":{\"@id\":\"https:\\\/\\\/www.cftestataltarapaca.cl\\\/inicio\\\/2020\\\/06\\\/11\\\/directorio-de-cft-estatal-tarapaca-aprobo-oferta-academica-2021\\\/#primaryimage\"},\"thumbnailUrl\":\"https:\\\/\\\/www.cftestataltarapaca.cl\\\/inicio\\\/wp-content\\\/uploads\\\/2020\\\/06\\\/directorio-10-junio-01.jpg\",\"keywords\":[\"Alto Hospicio\",\"carreras\",\"CFT Estatal Tarapac\u00e1\",\"t\u00e9cnicos\"],\"articleSection\":[\"Acad\u00e9mico\",\"Admisi\u00f3n\",\"Comunicados\"],\"inLanguage\":\"es\",\"potentialAction\":[{\"@type\":\"CommentAction\",\"name\":\"Comment\",\"target\":[\"https:\\\/\\\/www.cftestataltarapaca.cl\\\/inicio\\\/2020\\\/06\\\/11\\\/directorio-de-cft-estatal-tarapaca-aprobo-oferta-academica-2021\\\/#respond\"]}]},{\"@type\":\"WebPage\",\"@id\":\"https:\\\/\\\/www.cftestataltarapaca.cl\\\/inicio\\\/2020\\\/06\\\/11\\\/directorio-de-cft-estatal-tarapaca-aprobo-oferta-academica-2021\\\/\",\"url\":\"https:\\\/\\\/www.cftestataltarapaca.cl\\\/inicio\\\/2020\\\/06\\\/11\\\/directorio-de-cft-estatal-tarapaca-aprobo-oferta-academica-2021\\\/\",\"name\":\"Directorio de CFT Estatal Tarapac\u00e1 aprob\u00f3 oferta acad\u00e9mica 2021 - CFT Estatal Tarapac\u00e1\",\"isPartOf\":{\"@id\":\"https:\\\/\\\/www.cftestataltarapaca.cl\\\/inicio\\\/#website\"},\"primaryImageOfPage\":{\"@id\":\"https:\\\/\\\/www.cftestataltarapaca.cl\\\/inicio\\\/2020\\\/06\\\/11\\\/directorio-de-cft-estatal-tarapaca-aprobo-oferta-academica-2021\\\/#primaryimage\"},\"image\":{\"@id\":\"https:\\\/\\\/www.cftestataltarapaca.cl\\\/inicio\\\/2020\\\/06\\\/11\\\/directorio-de-cft-estatal-tarapaca-aprobo-oferta-academica-2021\\\/#primaryimage\"},\"thumbnailUrl\":\"https:\\\/\\\/www.cftestataltarapaca.cl\\\/inicio\\\/wp-content\\\/uploads\\\/2020\\\/06\\\/directorio-10-junio-01.jpg\",\"datePublished\":\"2020-06-11T16:36:14+00:00\",\"dateModified\":\"2020-07-10T15:56:34+00:00\",\"breadcrumb\":{\"@id\":\"https:\\\/\\\/www.cftestataltarapaca.cl\\\/inicio\\\/2020\\\/06\\\/11\\\/directorio-de-cft-estatal-tarapaca-aprobo-oferta-academica-2021\\\/#breadcrumb\"},\"inLanguage\":\"es\",\"potentialAction\":[{\"@type\":\"ReadAction\",\"target\":[\"https:\\\/\\\/www.cftestataltarapaca.cl\\\/inicio\\\/2020\\\/06\\\/11\\\/directorio-de-cft-estatal-tarapaca-aprobo-oferta-academica-2021\\\/\"]}]},{\"@type\":\"ImageObject\",\"inLanguage\":\"es\",\"@id\":\"https:\\\/\\\/www.cftestataltarapaca.cl\\\/inicio\\\/2020\\\/06\\\/11\\\/directorio-de-cft-estatal-tarapaca-aprobo-oferta-academica-2021\\\/#primaryimage\",\"url\":\"https:\\\/\\\/www.cftestataltarapaca.cl\\\/inicio\\\/wp-content\\\/uploads\\\/2020\\\/06\\\/directorio-10-junio-01.jpg\",\"contentUrl\":\"https:\\\/\\\/www.cftestataltarapaca.cl\\\/inicio\\\/wp-content\\\/uploads\\\/2020\\\/06\\\/directorio-10-junio-01.jpg\",\"width\":1264,\"height\":496},{\"@type\":\"BreadcrumbList\",\"@id\":\"https:\\\/\\\/www.cftestataltarapaca.cl\\\/inicio\\\/2020\\\/06\\\/11\\\/directorio-de-cft-estatal-tarapaca-aprobo-oferta-academica-2021\\\/#breadcrumb\",\"itemListElement\":[{\"@type\":\"ListItem\",\"position\":1,\"name\":\"Portada\",\"item\":\"https:\\\/\\\/www.cftestataltarapaca.cl\\\/inicio\\\/\"},{\"@type\":\"ListItem\",\"position\":2,\"name\":\"Directorio de CFT Estatal Tarapac\u00e1 aprob\u00f3 oferta acad\u00e9mica 2021\"}]},{\"@type\":\"WebSite\",\"@id\":\"https:\\\/\\\/www.cftestataltarapaca.cl\\\/inicio\\\/#website\",\"url\":\"https:\\\/\\\/www.cftestataltarapaca.cl\\\/inicio\\\/\",\"name\":\"CFT Estatal Tarapac\u00e1\",\"description\":\"Admisi\u00f3n 2025\",\"publisher\":{\"@id\":\"https:\\\/\\\/www.cftestataltarapaca.cl\\\/inicio\\\/#organization\"},\"potentialAction\":[{\"@type\":\"SearchAction\",\"target\":{\"@type\":\"EntryPoint\",\"urlTemplate\":\"https:\\\/\\\/www.cftestataltarapaca.cl\\\/inicio\\\/?s={search_term_string}\"},\"query-input\":{\"@type\":\"PropertyValueSpecification\",\"valueRequired\":true,\"valueName\":\"search_term_string\"}}],\"inLanguage\":\"es\"},{\"@type\":\"Organization\",\"@id\":\"https:\\\/\\\/www.cftestataltarapaca.cl\\\/inicio\\\/#organization\",\"name\":\"CFT Estatal Tarapac\u00e1\",\"url\":\"https:\\\/\\\/www.cftestataltarapaca.cl\\\/inicio\\\/\",\"logo\":{\"@type\":\"ImageObject\",\"inLanguage\":\"es\",\"@id\":\"https:\\\/\\\/www.cftestataltarapaca.cl\\\/inicio\\\/#\\\/schema\\\/logo\\\/image\\\/\",\"url\":\"https:\\\/\\\/www.cftestataltarapaca.cl\\\/inicio\\\/wp-content\\\/uploads\\\/2019\\\/03\\\/logo-retina-1.png\",\"contentUrl\":\"https:\\\/\\\/www.cftestataltarapaca.cl\\\/inicio\\\/wp-content\\\/uploads\\\/2019\\\/03\\\/logo-retina-1.png\",\"width\":401,\"height\":150,\"caption\":\"CFT Estatal Tarapac\u00e1\"},\"image\":{\"@id\":\"https:\\\/\\\/www.cftestataltarapaca.cl\\\/inicio\\\/#\\\/schema\\\/logo\\\/image\\\/\"},\"sameAs\":[\"https:\\\/\\\/www.facebook.com\\\/CFTestataltarapaca\\\/\",\"https:\\\/\\\/x.com\\\/CFTesTarapaca\",\"https:\\\/\\\/www.instagram.com\\\/CFTestataltarapaca\\\/\"]},{\"@type\":\"Person\",\"@id\":\"https:\\\/\\\/www.cftestataltarapaca.cl\\\/inicio\\\/#\\\/schema\\\/person\\\/ad1fbfa1fa7c3d3889f4ae5401dd660e\",\"name\":\"Comunicaciones\",\"image\":{\"@type\":\"ImageObject\",\"inLanguage\":\"es\",\"@id\":\"https:\\\/\\\/secure.gravatar.com\\\/avatar\\\/ed1c2728327f20a5a62edaeb7dc181858f225b765044c5314c3d1059a1bd992f?s=96&d=mm&r=g\",\"url\":\"https:\\\/\\\/secure.gravatar.com\\\/avatar\\\/ed1c2728327f20a5a62edaeb7dc181858f225b765044c5314c3d1059a1bd992f?s=96&d=mm&r=g\",\"contentUrl\":\"https:\\\/\\\/secure.gravatar.com\\\/avatar\\\/ed1c2728327f20a5a62edaeb7dc181858f225b765044c5314c3d1059a1bd992f?s=96&d=mm&r=g\",\"caption\":\"Comunicaciones\"},\"sameAs\":[\"http:\\\/\\\/www.cftestataltarapaca.cl\"],\"url\":\"https:\\\/\\\/www.cftestataltarapaca.cl\\\/inicio\\\/author\\\/comunicaciones\\\/\"}]}<\/script>\n<!-- \/ Yoast SEO plugin. -->","yoast_head_json":{"title":"Directorio de CFT Estatal Tarapac\u00e1 aprob\u00f3 oferta acad\u00e9mica 2021 - CFT Estatal Tarapac\u00e1","robots":{"index":"index","follow":"follow","max-snippet":"max-snippet:-1","max-image-preview":"max-image-preview:large","max-video-preview":"max-video-preview:-1"},"canonical":"https:\/\/www.cftestataltarapaca.cl\/inicio\/2020\/06\/11\/directorio-de-cft-estatal-tarapaca-aprobo-oferta-academica-2021\/","og_locale":"es_ES","og_type":"article","og_title":"Directorio de CFT Estatal Tarapac\u00e1 aprob\u00f3 oferta acad\u00e9mica 2021 - CFT Estatal Tarapac\u00e1","og_description":"Siete carreras T\u00e9cnicas de Nivel Superior impartir\u00e1 el Centro de Formaci\u00f3n T\u00e9cnica Estatal de Tarapac\u00e1 durante el a\u00f1o 2021. As\u00ed fue determinado por el Directorio, que en reciente sesi\u00f3n extraordinaria...","og_url":"https:\/\/www.cftestataltarapaca.cl\/inicio\/2020\/06\/11\/directorio-de-cft-estatal-tarapaca-aprobo-oferta-academica-2021\/","og_site_name":"CFT Estatal Tarapac\u00e1","article_publisher":"https:\/\/www.facebook.com\/CFTestataltarapaca\/","article_published_time":"2020-06-11T16:36:14+00:00","article_modified_time":"2020-07-10T15:56:34+00:00","og_image":[{"width":1264,"height":496,"url":"https:\/\/www.cftestataltarapaca.cl\/inicio\/wp-content\/uploads\/2020\/06\/directorio-10-junio-01.jpg","type":"image\/jpeg"}],"author":"Comunicaciones","twitter_card":"summary_large_image","twitter_creator":"@CFTesTarapaca","twitter_site":"@CFTesTarapaca","twitter_misc":{"Escrito por":"Comunicaciones","Tiempo de lectura":"1 minuto"},"schema":{"@context":"https:\/\/schema.org","@graph":[{"@type":"Article","@id":"https:\/\/www.cftestataltarapaca.cl\/inicio\/2020\/06\/11\/directorio-de-cft-estatal-tarapaca-aprobo-oferta-academica-2021\/#article","isPartOf":{"@id":"https:\/\/www.cftestataltarapaca.cl\/inicio\/2020\/06\/11\/directorio-de-cft-estatal-tarapaca-aprobo-oferta-academica-2021\/"},"author":{"name":"Comunicaciones","@id":"https:\/\/www.cftestataltarapaca.cl\/inicio\/#\/schema\/person\/ad1fbfa1fa7c3d3889f4ae5401dd660e"},"headline":"Directorio de CFT Estatal Tarapac\u00e1 aprob\u00f3 oferta acad\u00e9mica 2021","datePublished":"2020-06-11T16:36:14+00:00","dateModified":"2020-07-10T15:56:34+00:00","mainEntityOfPage":{"@id":"https:\/\/www.cftestataltarapaca.cl\/inicio\/2020\/06\/11\/directorio-de-cft-estatal-tarapaca-aprobo-oferta-academica-2021\/"},"wordCount":177,"commentCount":0,"publisher":{"@id":"https:\/\/www.cftestataltarapaca.cl\/inicio\/#organization"},"image":{"@id":"https:\/\/www.cftestataltarapaca.cl\/inicio\/2020\/06\/11\/directorio-de-cft-estatal-tarapaca-aprobo-oferta-academica-2021\/#primaryimage"},"thumbnailUrl":"https:\/\/www.cftestataltarapaca.cl\/inicio\/wp-content\/uploads\/2020\/06\/directorio-10-junio-01.jpg","keywords":["Alto Hospicio","carreras","CFT Estatal Tarapac\u00e1","t\u00e9cnicos"],"articleSection":["Acad\u00e9mico","Admisi\u00f3n","Comunicados"],"inLanguage":"es","potentialAction":[{"@type":"CommentAction","name":"Comment","target":["https:\/\/www.cftestataltarapaca.cl\/inicio\/2020\/06\/11\/directorio-de-cft-estatal-tarapaca-aprobo-oferta-academica-2021\/#respond"]}]},{"@type":"WebPage","@id":"https:\/\/www.cftestataltarapaca.cl\/inicio\/2020\/06\/11\/directorio-de-cft-estatal-tarapaca-aprobo-oferta-academica-2021\/","url":"https:\/\/www.cftestataltarapaca.cl\/inicio\/2020\/06\/11\/directorio-de-cft-estatal-tarapaca-aprobo-oferta-academica-2021\/","name":"Directorio de CFT Estatal Tarapac\u00e1 aprob\u00f3 oferta acad\u00e9mica 2021 - CFT Estatal Tarapac\u00e1","isPartOf":{"@id":"https:\/\/www.cftestataltarapaca.cl\/inicio\/#website"},"primaryImageOfPage":{"@id":"https:\/\/www.cftestataltarapaca.cl\/inicio\/2020\/06\/11\/directorio-de-cft-estatal-tarapaca-aprobo-oferta-academica-2021\/#primaryimage"},"image":{"@id":"https:\/\/www.cftestataltarapaca.cl\/inicio\/2020\/06\/11\/directorio-de-cft-estatal-tarapaca-aprobo-oferta-academica-2021\/#primaryimage"},"thumbnailUrl":"https:\/\/www.cftestataltarapaca.cl\/inicio\/wp-content\/uploads\/2020\/06\/directorio-10-junio-01.jpg","datePublished":"2020-06-11T16:36:14+00:00","dateModified":"2020-07-10T15:56:34+00:00","breadcrumb":{"@id":"https:\/\/www.cftestataltarapaca.cl\/inicio\/2020\/06\/11\/directorio-de-cft-estatal-tarapaca-aprobo-oferta-academica-2021\/#breadcrumb"},"inLanguage":"es","potentialAction":[{"@type":"ReadAction","target":["https:\/\/www.cftestataltarapaca.cl\/inicio\/2020\/06\/11\/directorio-de-cft-estatal-tarapaca-aprobo-oferta-academica-2021\/"]}]},{"@type":"ImageObject","inLanguage":"es","@id":"https:\/\/www.cftestataltarapaca.cl\/inicio\/2020\/06\/11\/directorio-de-cft-estatal-tarapaca-aprobo-oferta-academica-2021\/#primaryimage","url":"https:\/\/www.cftestataltarapaca.cl\/inicio\/wp-content\/uploads\/2020\/06\/directorio-10-junio-01.jpg","contentUrl":"https:\/\/www.cftestataltarapaca.cl\/inicio\/wp-content\/uploads\/2020\/06\/directorio-10-junio-01.jpg","width":1264,"height":496},{"@type":"BreadcrumbList","@id":"https:\/\/www.cftestataltarapaca.cl\/inicio\/2020\/06\/11\/directorio-de-cft-estatal-tarapaca-aprobo-oferta-academica-2021\/#breadcrumb","itemListElement":[{"@type":"ListItem","position":1,"name":"Portada","item":"https:\/\/www.cftestataltarapaca.cl\/inicio\/"},{"@type":"ListItem","position":2,"name":"Directorio de CFT Estatal Tarapac\u00e1 aprob\u00f3 oferta acad\u00e9mica 2021"}]},{"@type":"WebSite","@id":"https:\/\/www.cftestataltarapaca.cl\/inicio\/#website","url":"https:\/\/www.cftestataltarapaca.cl\/inicio\/","name":"CFT Estatal Tarapac\u00e1","description":"Admisi\u00f3n 2025","publisher":{"@id":"https:\/\/www.cftestataltarapaca.cl\/inicio\/#organization"},"potentialAction":[{"@type":"SearchAction","target":{"@type":"EntryPoint","urlTemplate":"https:\/\/www.cftestataltarapaca.cl\/inicio\/?s={search_term_string}"},"query-input":{"@type":"PropertyValueSpecification","valueRequired":true,"valueName":"search_term_string"}}],"inLanguage":"es"},{"@type":"Organization","@id":"https:\/\/www.cftestataltarapaca.cl\/inicio\/#organization","name":"CFT Estatal Tarapac\u00e1","url":"https:\/\/www.cftestataltarapaca.cl\/inicio\/","logo":{"@type":"ImageObject","inLanguage":"es","@id":"https:\/\/www.cftestataltarapaca.cl\/inicio\/#\/schema\/logo\/image\/","url":"https:\/\/www.cftestataltarapaca.cl\/inicio\/wp-content\/uploads\/2019\/03\/logo-retina-1.png","contentUrl":"https:\/\/www.cftestataltarapaca.cl\/inicio\/wp-content\/uploads\/2019\/03\/logo-retina-1.png","width":401,"height":150,"caption":"CFT Estatal Tarapac\u00e1"},"image":{"@id":"https:\/\/www.cftestataltarapaca.cl\/inicio\/#\/schema\/logo\/image\/"},"sameAs":["https:\/\/www.facebook.com\/CFTestataltarapaca\/","https:\/\/x.com\/CFTesTarapaca","https:\/\/www.instagram.com\/CFTestataltarapaca\/"]},{"@type":"Person","@id":"https:\/\/www.cftestataltarapaca.cl\/inicio\/#\/schema\/person\/ad1fbfa1fa7c3d3889f4ae5401dd660e","name":"Comunicaciones","image":{"@type":"ImageObject","inLanguage":"es","@id":"https:\/\/secure.gravatar.com\/avatar\/ed1c2728327f20a5a62edaeb7dc181858f225b765044c5314c3d1059a1bd992f?s=96&d=mm&r=g","url":"https:\/\/secure.gravatar.com\/avatar\/ed1c2728327f20a5a62edaeb7dc181858f225b765044c5314c3d1059a1bd992f?s=96&d=mm&r=g","contentUrl":"https:\/\/secure.gravatar.com\/avatar\/ed1c2728327f20a5a62edaeb7dc181858f225b765044c5314c3d1059a1bd992f?s=96&d=mm&r=g","caption":"Comunicaciones"},"sameAs":["http:\/\/www.cftestataltarapaca.cl"],"url":"https:\/\/www.cftestataltarapaca.cl\/inicio\/author\/comunicaciones\/"}]}},"publishpress_future_action":{"enabled":false,"date":"2026-05-08 21:37:08","action":"change-status","newStatus":"draft","terms":[],"taxonomy":"category","extraData":[]},"publishpress_future_workflow_manual_trigger":{"enabledWorkflows":[]},"_links":{"self":[{"href":"https:\/\/www.cftestataltarapaca.cl\/inicio\/wp-json\/wp\/v2\/posts\/4575","targetHints":{"allow":["GET"]}}],"collection":[{"href":"https:\/\/www.cftestataltarapaca.cl\/inicio\/wp-json\/wp\/v2\/posts"}],"about":[{"href":"https:\/\/www.cftestataltarapaca.cl\/inicio\/wp-json\/wp\/v2\/types\/post"}],"author":[{"embeddable":true,"href":"https:\/\/www.cftestataltarapaca.cl\/inicio\/wp-json\/wp\/v2\/users\/2"}],"replies":[{"embeddable":true,"href":"https:\/\/www.cftestataltarapaca.cl\/inicio\/wp-json\/wp\/v2\/comments?post=4575"}],"version-history":[{"count":3,"href":"https:\/\/www.cftestataltarapaca.cl\/inicio\/wp-json\/wp\/v2\/posts\/4575\/revisions"}],"predecessor-version":[{"id":4755,"href":"https:\/\/www.cftestataltarapaca.cl\/inicio\/wp-json\/wp\/v2\/posts\/4575\/revisions\/4755"}],"wp:featuredmedia":[{"embeddable":true,"href":"https:\/\/www.cftestataltarapaca.cl\/inicio\/wp-json\/wp\/v2\/media\/4578"}],"wp:attachment":[{"href":"https:\/\/www.cftestataltarapaca.cl\/inicio\/wp-json\/wp\/v2\/media?parent=4575"}],"wp:term":[{"taxonomy":"category","embeddable":true,"href":"https:\/\/www.cftestataltarapaca.cl\/inicio\/wp-json\/wp\/v2\/categories?post=4575"},{"taxonomy":"post_tag","embeddable":true,"href":"https:\/\/www.cftestataltarapaca.cl\/inicio\/wp-json\/wp\/v2\/tags?post=4575"}],"curies":[{"name":"wp","href":"https:\/\/api.w.org\/{rel}","templated":true}]}}