{"id":4587,"date":"2020-06-12T20:33:44","date_gmt":"2020-06-12T20:33:44","guid":{"rendered":"https:\/\/www.cftestataltarapaca.cl\/inicio\/?p=4587"},"modified":"2020-07-10T15:56:16","modified_gmt":"2020-07-10T15:56:16","slug":"cft-estatal-tarapaca-amplia-su-programa-de-articulacion-con-establecimientos-de-emtp","status":"publish","type":"post","link":"https:\/\/www.cftestataltarapaca.cl\/inicio\/2020\/06\/12\/cft-estatal-tarapaca-amplia-su-programa-de-articulacion-con-establecimientos-de-emtp\/","title":{"rendered":"CFT Estatal Tarapac\u00e1 ampl\u00eda su programa de articulaci\u00f3n con establecimientos de EMTP"},"content":{"rendered":"<p style=\"text-align: justify;\">Cuatro estudiantes egresados del Colegio Metodista William Taylor de Alto Hospicio se encuentran estudiando en la actualidad la carrera t\u00e9cnica de nivel superior en Administraci\u00f3n de Empresas en el CFT Estatal Tarapac\u00e1. Se trata de los primeros beneficiados con el programa de articulaci\u00f3n que lleva a cabo la instituci\u00f3n de educaci\u00f3n superior.<!--more--><\/p>\n<p style=\"text-align: justify;\">As\u00ed lo destac\u00f3 el rector Jorge Villegas Ahumada, a directores y docentes de liceos TP en reuni\u00f3n realizada v\u00eda video-conferencia, para informar sobre el programa de articulaci\u00f3n que lleva a cabo la instituci\u00f3n de educaci\u00f3n superior y de las dos modalidades de reconocimiento de asignaturas, que contempla, las que facilitan las conexiones curriculares, pedag\u00f3gicas, institucionales, y culturales, dando as\u00ed movilidad a la prosecuci\u00f3n de estudios por medio de transferencias de los aprendizajes y fortalecimiento de competencias entre los niveles secundario y postsecundario de la Educaci\u00f3n T\u00e9cnica Profesional.<\/p>\n<p style=\"text-align: justify;\">En la reuni\u00f3n se inform\u00f3 que para el a\u00f1o 2021 las y los estudiantes egresados de liceos t\u00e9cnicos-profesionales que hayan cursado algunas de las 6 especialidades detalladas en recuadro (1) en liceo de Ense\u00f1anza Media T\u00e9cnico Profesional (EMTP), podr\u00e1n articular con 6 carreras T\u00e9cnicas de Nivel Superior (TNS) en el Centro de Formaci\u00f3n T\u00e9cnica Estatal de Tarapac\u00e1.<\/p>\n<p style=\"text-align: justify;\">Las comunas que abarcar\u00e1 el proceso de articulaci\u00f3n para el a\u00f1o 2021 son Alto Hospicio, Iquique, Huara y Pozo Almonte.<\/p>\n<ul>\n<li style=\"text-align: justify;\">La oferta acad\u00e9mica se ampl\u00eda para el per\u00edodo 2021, quedando de la siguiente forma en la continuidad de estudios:<\/li>\n<\/ul>\n<table style=\"height: 686px;\" width=\"723\">\n<tbody>\n<tr>\n<td colspan=\"2\" width=\"573\"><strong>L\u00ednea de continuidad de estudios a articular entre EMTP a ESTP <\/strong><\/p>\n<p>&nbsp;<\/td>\n<\/tr>\n<tr>\n<td width=\"286\"><strong>Especialidad EMTP <\/strong><\/td>\n<td width=\"286\"><strong>Carrera CFT Estatal de Tarapac\u00e1 <\/strong><\/td>\n<\/tr>\n<tr>\n<td width=\"286\">Administraci\u00f3n Menci\u00f3n Recursos Humanos<\/td>\n<td width=\"286\">TNS en Administraci\u00f3n de Empresas<\/td>\n<\/tr>\n<tr>\n<td width=\"286\">Administraci\u00f3n Menci\u00f3n Log\u00edstica<\/td>\n<td width=\"286\">TNS en Log\u00edstica<\/td>\n<\/tr>\n<tr>\n<td width=\"286\">Mec\u00e1nica Automotriz<\/td>\n<td rowspan=\"2\" width=\"286\">TNS mec\u00e1nico en Mantenimiento Predictivo<\/td>\n<\/tr>\n<tr>\n<td width=\"286\">Mec\u00e1nica Industrial Menci\u00f3n Mantenimiento Electromec\u00e1nico<\/td>\n<\/tr>\n<tr>\n<td width=\"286\">Atenci\u00f3n de Enfermer\u00eda, Menciones en Enfermer\u00eda y Adulto Mayor<\/td>\n<td width=\"286\">TNS en Enfermer\u00eda<\/td>\n<\/tr>\n<tr>\n<td width=\"286\">Atenci\u00f3n de P\u00e1rvulos<\/td>\n<td width=\"286\">TNS en Educaci\u00f3n Parvularia<\/td>\n<\/tr>\n<\/tbody>\n<\/table>\n<p>MODALIDADES<\/p>\n<p style=\"text-align: justify;\">CFT Estatal mantiene dos modalidades de articulaci\u00f3n, siendo la primera la correspondiente al \u201cAcuerdo de Articulaci\u00f3n\u201d, convenido entre instituciones formadoras, redes de CFT Estatales e IP a nivel nacional, emanado del Ministerio de Educaci\u00f3n (MINEDUC). Esta propuesta permite el reconocimiento inmediato de al menos 3 asignaturas\/m\u00f3dulos de alumnos egresados liceos TP y se encuentra inserto en el Proyecto \u201cFortalecimiento de capacidades de articulaci\u00f3n de trayectorias formativas de los j\u00f3venes de la regi\u00f3n de Tarapac\u00e1\u201d. Est\u00e1 dirigido a egresados de liceos TP categor\u00eda de desempe\u00f1o Alto y Medio, a lo que se suman que deber\u00e1n contar con un NEM igual o superior a 5,0 y no haber reprobado m\u00f3dulos durante su formaci\u00f3n en Educaci\u00f3n Media T\u00e9cnico Profesional (EMTP).<\/p>\n<p style=\"text-align: justify;\">La segunda modalidad de articulaci\u00f3n que ser\u00e1 activada el a\u00f1o 2021, es la denominada \u201cMecanismo articulaci\u00f3n especial CFT Estatal Tarapac\u00e1\u201d, propia de la instituci\u00f3n, que busca brindar la oportunidad de continuidad de estudios a todos aquellos colegios que no est\u00e1n dentro del alcance de los requisitos descritos en la opci\u00f3n 1 del \u201cAcuerdo de articulaci\u00f3n\u201d. Est\u00e1 dirigido a estudiantes, egresados de cuarto medio de las especialidades se\u00f1aladas, en colegios de EMTP con categor\u00eda de desempe\u00f1o Medio-Bajo y que no hayan reprobado ning\u00fan m\u00f3dulo de la especialidad. Tambi\u00e9n considera reconocimiento de aprendizajes adquiridos en EMTP, vale decir en la aprobaci\u00f3n de al menos tres asignaturas de las carreras TNS de continuidad de estudio en la misma especialidad.<\/p>\n<p style=\"text-align: justify;\">El director Acad\u00e9mico del CFT Estatal Tarapac\u00e1, Roberto Urdanivia Carvajal, record\u00f3 que para el proceso de Admisi\u00f3n 2020 se llev\u00f3 a cabo el programa piloto con articulaci\u00f3n directa para carreras TNS en Administraci\u00f3n de Empresas y TNS en Log\u00edstica, no obstante, se articul\u00f3 en Administraci\u00f3n de Empresas.<\/p>\n<p style=\"text-align: justify;\">Junto a lo anterior indic\u00f3 que para Admisi\u00f3n 2021, se aplicar\u00e1n ambos mecanismos con las carreras TNS en Administraci\u00f3n de Empresas, TSN en Educaci\u00f3n Parvularia, TNS en Enfermer\u00eda, TNS en Log\u00edstica y TNS en Mec\u00e1nico Mantenimiento Predictivo.<\/p>\n<p>Puedes acceder a <a href=\"https:\/\/www.cftestataltarapaca.cl\/inicio\/proceso-articulacion\/\">Proceso articulaci\u00f3n<\/a><\/p>\n<p>&nbsp;<\/p>\n<p><img loading=\"lazy\" decoding=\"async\" class=\"alignnone wp-image-4588\" src=\"https:\/\/www.cftestataltarapaca.cl\/inicio\/wp-content\/uploads\/2020\/06\/EMPT-2-300x108.jpg\" alt=\"\" width=\"439\" height=\"158\" srcset=\"https:\/\/www.cftestataltarapaca.cl\/inicio\/wp-content\/uploads\/2020\/06\/EMPT-2-300x108.jpg 300w, https:\/\/www.cftestataltarapaca.cl\/inicio\/wp-content\/uploads\/2020\/06\/EMPT-2-768x277.jpg 768w, https:\/\/www.cftestataltarapaca.cl\/inicio\/wp-content\/uploads\/2020\/06\/EMPT-2-1024x370.jpg 1024w, https:\/\/www.cftestataltarapaca.cl\/inicio\/wp-content\/uploads\/2020\/06\/EMPT-2.jpg 1274w\" sizes=\"auto, (max-width: 439px) 100vw, 439px\" \/><\/p>\n","protected":false},"excerpt":{"rendered":"<p>Cuatro estudiantes egresados del Colegio Metodista William Taylor de Alto Hospicio se encuentran estudiando en la actualidad la carrera t\u00e9cnica de nivel superior en Administraci\u00f3n de Empresas en el CFT&#8230;<\/p>\n","protected":false},"author":2,"featured_media":4617,"comment_status":"open","ping_status":"open","sticky":false,"template":"","format":"standard","meta":{"_joinchat":[],"footnotes":""},"categories":[49,46,52,45],"tags":[75,125,86,104],"class_list":["post-4587","post","type-post","status-publish","format-standard","has-post-thumbnail","hentry","category-academico","category-admision","category-comunicados","category-vinculacion","tag-alto-hospicio","tag-articulacion","tag-cft-estatal-tarapaca","tag-clases"],"yoast_head":"<!-- This site is optimized with the Yoast SEO plugin v27.4 - https:\/\/yoast.com\/product\/yoast-seo-wordpress\/ -->\n<title>CFT Estatal Tarapac\u00e1 ampl\u00eda su programa de articulaci\u00f3n con establecimientos de EMTP - CFT Estatal Tarapac\u00e1<\/title>\n<meta name=\"robots\" content=\"index, follow, max-snippet:-1, max-image-preview:large, max-video-preview:-1\" \/>\n<link rel=\"canonical\" href=\"https:\/\/www.cftestataltarapaca.cl\/inicio\/2020\/06\/12\/cft-estatal-tarapaca-amplia-su-programa-de-articulacion-con-establecimientos-de-emtp\/\" \/>\n<meta property=\"og:locale\" content=\"es_ES\" \/>\n<meta property=\"og:type\" content=\"article\" \/>\n<meta property=\"og:title\" content=\"CFT Estatal Tarapac\u00e1 ampl\u00eda su programa de articulaci\u00f3n con establecimientos de EMTP - CFT Estatal Tarapac\u00e1\" \/>\n<meta property=\"og:description\" content=\"Cuatro estudiantes egresados del Colegio Metodista William Taylor de Alto Hospicio se encuentran estudiando en la actualidad la carrera t\u00e9cnica de nivel superior en Administraci\u00f3n de Empresas en el CFT...\" \/>\n<meta property=\"og:url\" content=\"https:\/\/www.cftestataltarapaca.cl\/inicio\/2020\/06\/12\/cft-estatal-tarapaca-amplia-su-programa-de-articulacion-con-establecimientos-de-emtp\/\" \/>\n<meta property=\"og:site_name\" content=\"CFT Estatal Tarapac\u00e1\" \/>\n<meta property=\"article:publisher\" content=\"https:\/\/www.facebook.com\/CFTestataltarapaca\/\" \/>\n<meta property=\"article:published_time\" content=\"2020-06-12T20:33:44+00:00\" \/>\n<meta property=\"article:modified_time\" content=\"2020-07-10T15:56:16+00:00\" \/>\n<meta property=\"og:image\" content=\"https:\/\/www.cftestataltarapaca.cl\/inicio\/wp-content\/uploads\/2020\/06\/articulaci\u00f3n-acad\u00e9mica.jpg\" \/>\n\t<meta property=\"og:image:width\" content=\"1024\" \/>\n\t<meta property=\"og:image:height\" content=\"835\" \/>\n\t<meta property=\"og:image:type\" content=\"image\/jpeg\" \/>\n<meta name=\"author\" content=\"Comunicaciones\" \/>\n<meta name=\"twitter:card\" content=\"summary_large_image\" \/>\n<meta name=\"twitter:creator\" content=\"@CFTesTarapaca\" \/>\n<meta name=\"twitter:site\" content=\"@CFTesTarapaca\" \/>\n<meta name=\"twitter:label1\" content=\"Escrito por\" \/>\n\t<meta name=\"twitter:data1\" content=\"Comunicaciones\" \/>\n\t<meta name=\"twitter:label2\" content=\"Tiempo de lectura\" \/>\n\t<meta name=\"twitter:data2\" content=\"4 minutos\" \/>\n<script type=\"application\/ld+json\" class=\"yoast-schema-graph\">{\"@context\":\"https:\\\/\\\/schema.org\",\"@graph\":[{\"@type\":\"Article\",\"@id\":\"https:\\\/\\\/www.cftestataltarapaca.cl\\\/inicio\\\/2020\\\/06\\\/12\\\/cft-estatal-tarapaca-amplia-su-programa-de-articulacion-con-establecimientos-de-emtp\\\/#article\",\"isPartOf\":{\"@id\":\"https:\\\/\\\/www.cftestataltarapaca.cl\\\/inicio\\\/2020\\\/06\\\/12\\\/cft-estatal-tarapaca-amplia-su-programa-de-articulacion-con-establecimientos-de-emtp\\\/\"},\"author\":{\"name\":\"Comunicaciones\",\"@id\":\"https:\\\/\\\/www.cftestataltarapaca.cl\\\/inicio\\\/#\\\/schema\\\/person\\\/ad1fbfa1fa7c3d3889f4ae5401dd660e\"},\"headline\":\"CFT Estatal Tarapac\u00e1 ampl\u00eda su programa de articulaci\u00f3n con establecimientos de EMTP\",\"datePublished\":\"2020-06-12T20:33:44+00:00\",\"dateModified\":\"2020-07-10T15:56:16+00:00\",\"mainEntityOfPage\":{\"@id\":\"https:\\\/\\\/www.cftestataltarapaca.cl\\\/inicio\\\/2020\\\/06\\\/12\\\/cft-estatal-tarapaca-amplia-su-programa-de-articulacion-con-establecimientos-de-emtp\\\/\"},\"wordCount\":717,\"commentCount\":0,\"publisher\":{\"@id\":\"https:\\\/\\\/www.cftestataltarapaca.cl\\\/inicio\\\/#organization\"},\"image\":{\"@id\":\"https:\\\/\\\/www.cftestataltarapaca.cl\\\/inicio\\\/2020\\\/06\\\/12\\\/cft-estatal-tarapaca-amplia-su-programa-de-articulacion-con-establecimientos-de-emtp\\\/#primaryimage\"},\"thumbnailUrl\":\"https:\\\/\\\/www.cftestataltarapaca.cl\\\/inicio\\\/wp-content\\\/uploads\\\/2020\\\/06\\\/articulaci\u00f3n-acad\u00e9mica.jpg\",\"keywords\":[\"Alto Hospicio\",\"articulaci\u00f3n\",\"CFT Estatal Tarapac\u00e1\",\"Clases\"],\"articleSection\":[\"Acad\u00e9mico\",\"Admisi\u00f3n\",\"Comunicados\",\"Vinculaci\u00f3n\"],\"inLanguage\":\"es\",\"potentialAction\":[{\"@type\":\"CommentAction\",\"name\":\"Comment\",\"target\":[\"https:\\\/\\\/www.cftestataltarapaca.cl\\\/inicio\\\/2020\\\/06\\\/12\\\/cft-estatal-tarapaca-amplia-su-programa-de-articulacion-con-establecimientos-de-emtp\\\/#respond\"]}]},{\"@type\":\"WebPage\",\"@id\":\"https:\\\/\\\/www.cftestataltarapaca.cl\\\/inicio\\\/2020\\\/06\\\/12\\\/cft-estatal-tarapaca-amplia-su-programa-de-articulacion-con-establecimientos-de-emtp\\\/\",\"url\":\"https:\\\/\\\/www.cftestataltarapaca.cl\\\/inicio\\\/2020\\\/06\\\/12\\\/cft-estatal-tarapaca-amplia-su-programa-de-articulacion-con-establecimientos-de-emtp\\\/\",\"name\":\"CFT Estatal Tarapac\u00e1 ampl\u00eda su programa de articulaci\u00f3n con establecimientos de EMTP - CFT Estatal Tarapac\u00e1\",\"isPartOf\":{\"@id\":\"https:\\\/\\\/www.cftestataltarapaca.cl\\\/inicio\\\/#website\"},\"primaryImageOfPage\":{\"@id\":\"https:\\\/\\\/www.cftestataltarapaca.cl\\\/inicio\\\/2020\\\/06\\\/12\\\/cft-estatal-tarapaca-amplia-su-programa-de-articulacion-con-establecimientos-de-emtp\\\/#primaryimage\"},\"image\":{\"@id\":\"https:\\\/\\\/www.cftestataltarapaca.cl\\\/inicio\\\/2020\\\/06\\\/12\\\/cft-estatal-tarapaca-amplia-su-programa-de-articulacion-con-establecimientos-de-emtp\\\/#primaryimage\"},\"thumbnailUrl\":\"https:\\\/\\\/www.cftestataltarapaca.cl\\\/inicio\\\/wp-content\\\/uploads\\\/2020\\\/06\\\/articulaci\u00f3n-acad\u00e9mica.jpg\",\"datePublished\":\"2020-06-12T20:33:44+00:00\",\"dateModified\":\"2020-07-10T15:56:16+00:00\",\"breadcrumb\":{\"@id\":\"https:\\\/\\\/www.cftestataltarapaca.cl\\\/inicio\\\/2020\\\/06\\\/12\\\/cft-estatal-tarapaca-amplia-su-programa-de-articulacion-con-establecimientos-de-emtp\\\/#breadcrumb\"},\"inLanguage\":\"es\",\"potentialAction\":[{\"@type\":\"ReadAction\",\"target\":[\"https:\\\/\\\/www.cftestataltarapaca.cl\\\/inicio\\\/2020\\\/06\\\/12\\\/cft-estatal-tarapaca-amplia-su-programa-de-articulacion-con-establecimientos-de-emtp\\\/\"]}]},{\"@type\":\"ImageObject\",\"inLanguage\":\"es\",\"@id\":\"https:\\\/\\\/www.cftestataltarapaca.cl\\\/inicio\\\/2020\\\/06\\\/12\\\/cft-estatal-tarapaca-amplia-su-programa-de-articulacion-con-establecimientos-de-emtp\\\/#primaryimage\",\"url\":\"https:\\\/\\\/www.cftestataltarapaca.cl\\\/inicio\\\/wp-content\\\/uploads\\\/2020\\\/06\\\/articulaci\u00f3n-acad\u00e9mica.jpg\",\"contentUrl\":\"https:\\\/\\\/www.cftestataltarapaca.cl\\\/inicio\\\/wp-content\\\/uploads\\\/2020\\\/06\\\/articulaci\u00f3n-acad\u00e9mica.jpg\",\"width\":1024,\"height\":835},{\"@type\":\"BreadcrumbList\",\"@id\":\"https:\\\/\\\/www.cftestataltarapaca.cl\\\/inicio\\\/2020\\\/06\\\/12\\\/cft-estatal-tarapaca-amplia-su-programa-de-articulacion-con-establecimientos-de-emtp\\\/#breadcrumb\",\"itemListElement\":[{\"@type\":\"ListItem\",\"position\":1,\"name\":\"Portada\",\"item\":\"https:\\\/\\\/www.cftestataltarapaca.cl\\\/inicio\\\/\"},{\"@type\":\"ListItem\",\"position\":2,\"name\":\"CFT Estatal Tarapac\u00e1 ampl\u00eda su programa de articulaci\u00f3n con establecimientos de EMTP\"}]},{\"@type\":\"WebSite\",\"@id\":\"https:\\\/\\\/www.cftestataltarapaca.cl\\\/inicio\\\/#website\",\"url\":\"https:\\\/\\\/www.cftestataltarapaca.cl\\\/inicio\\\/\",\"name\":\"CFT Estatal Tarapac\u00e1\",\"description\":\"Admisi\u00f3n 2025\",\"publisher\":{\"@id\":\"https:\\\/\\\/www.cftestataltarapaca.cl\\\/inicio\\\/#organization\"},\"potentialAction\":[{\"@type\":\"SearchAction\",\"target\":{\"@type\":\"EntryPoint\",\"urlTemplate\":\"https:\\\/\\\/www.cftestataltarapaca.cl\\\/inicio\\\/?s={search_term_string}\"},\"query-input\":{\"@type\":\"PropertyValueSpecification\",\"valueRequired\":true,\"valueName\":\"search_term_string\"}}],\"inLanguage\":\"es\"},{\"@type\":\"Organization\",\"@id\":\"https:\\\/\\\/www.cftestataltarapaca.cl\\\/inicio\\\/#organization\",\"name\":\"CFT Estatal Tarapac\u00e1\",\"url\":\"https:\\\/\\\/www.cftestataltarapaca.cl\\\/inicio\\\/\",\"logo\":{\"@type\":\"ImageObject\",\"inLanguage\":\"es\",\"@id\":\"https:\\\/\\\/www.cftestataltarapaca.cl\\\/inicio\\\/#\\\/schema\\\/logo\\\/image\\\/\",\"url\":\"https:\\\/\\\/www.cftestataltarapaca.cl\\\/inicio\\\/wp-content\\\/uploads\\\/2019\\\/03\\\/logo-retina-1.png\",\"contentUrl\":\"https:\\\/\\\/www.cftestataltarapaca.cl\\\/inicio\\\/wp-content\\\/uploads\\\/2019\\\/03\\\/logo-retina-1.png\",\"width\":401,\"height\":150,\"caption\":\"CFT Estatal Tarapac\u00e1\"},\"image\":{\"@id\":\"https:\\\/\\\/www.cftestataltarapaca.cl\\\/inicio\\\/#\\\/schema\\\/logo\\\/image\\\/\"},\"sameAs\":[\"https:\\\/\\\/www.facebook.com\\\/CFTestataltarapaca\\\/\",\"https:\\\/\\\/x.com\\\/CFTesTarapaca\",\"https:\\\/\\\/www.instagram.com\\\/CFTestataltarapaca\\\/\"]},{\"@type\":\"Person\",\"@id\":\"https:\\\/\\\/www.cftestataltarapaca.cl\\\/inicio\\\/#\\\/schema\\\/person\\\/ad1fbfa1fa7c3d3889f4ae5401dd660e\",\"name\":\"Comunicaciones\",\"image\":{\"@type\":\"ImageObject\",\"inLanguage\":\"es\",\"@id\":\"https:\\\/\\\/secure.gravatar.com\\\/avatar\\\/ed1c2728327f20a5a62edaeb7dc181858f225b765044c5314c3d1059a1bd992f?s=96&d=mm&r=g\",\"url\":\"https:\\\/\\\/secure.gravatar.com\\\/avatar\\\/ed1c2728327f20a5a62edaeb7dc181858f225b765044c5314c3d1059a1bd992f?s=96&d=mm&r=g\",\"contentUrl\":\"https:\\\/\\\/secure.gravatar.com\\\/avatar\\\/ed1c2728327f20a5a62edaeb7dc181858f225b765044c5314c3d1059a1bd992f?s=96&d=mm&r=g\",\"caption\":\"Comunicaciones\"},\"sameAs\":[\"http:\\\/\\\/www.cftestataltarapaca.cl\"],\"url\":\"https:\\\/\\\/www.cftestataltarapaca.cl\\\/inicio\\\/author\\\/comunicaciones\\\/\"}]}<\/script>\n<!-- \/ Yoast SEO plugin. -->","yoast_head_json":{"title":"CFT Estatal Tarapac\u00e1 ampl\u00eda su programa de articulaci\u00f3n con establecimientos de EMTP - CFT Estatal Tarapac\u00e1","robots":{"index":"index","follow":"follow","max-snippet":"max-snippet:-1","max-image-preview":"max-image-preview:large","max-video-preview":"max-video-preview:-1"},"canonical":"https:\/\/www.cftestataltarapaca.cl\/inicio\/2020\/06\/12\/cft-estatal-tarapaca-amplia-su-programa-de-articulacion-con-establecimientos-de-emtp\/","og_locale":"es_ES","og_type":"article","og_title":"CFT Estatal Tarapac\u00e1 ampl\u00eda su programa de articulaci\u00f3n con establecimientos de EMTP - CFT Estatal Tarapac\u00e1","og_description":"Cuatro estudiantes egresados del Colegio Metodista William Taylor de Alto Hospicio se encuentran estudiando en la actualidad la carrera t\u00e9cnica de nivel superior en Administraci\u00f3n de Empresas en el CFT...","og_url":"https:\/\/www.cftestataltarapaca.cl\/inicio\/2020\/06\/12\/cft-estatal-tarapaca-amplia-su-programa-de-articulacion-con-establecimientos-de-emtp\/","og_site_name":"CFT Estatal Tarapac\u00e1","article_publisher":"https:\/\/www.facebook.com\/CFTestataltarapaca\/","article_published_time":"2020-06-12T20:33:44+00:00","article_modified_time":"2020-07-10T15:56:16+00:00","og_image":[{"width":1024,"height":835,"url":"https:\/\/www.cftestataltarapaca.cl\/inicio\/wp-content\/uploads\/2020\/06\/articulaci\u00f3n-acad\u00e9mica.jpg","type":"image\/jpeg"}],"author":"Comunicaciones","twitter_card":"summary_large_image","twitter_creator":"@CFTesTarapaca","twitter_site":"@CFTesTarapaca","twitter_misc":{"Escrito por":"Comunicaciones","Tiempo de lectura":"4 minutos"},"schema":{"@context":"https:\/\/schema.org","@graph":[{"@type":"Article","@id":"https:\/\/www.cftestataltarapaca.cl\/inicio\/2020\/06\/12\/cft-estatal-tarapaca-amplia-su-programa-de-articulacion-con-establecimientos-de-emtp\/#article","isPartOf":{"@id":"https:\/\/www.cftestataltarapaca.cl\/inicio\/2020\/06\/12\/cft-estatal-tarapaca-amplia-su-programa-de-articulacion-con-establecimientos-de-emtp\/"},"author":{"name":"Comunicaciones","@id":"https:\/\/www.cftestataltarapaca.cl\/inicio\/#\/schema\/person\/ad1fbfa1fa7c3d3889f4ae5401dd660e"},"headline":"CFT Estatal Tarapac\u00e1 ampl\u00eda su programa de articulaci\u00f3n con establecimientos de EMTP","datePublished":"2020-06-12T20:33:44+00:00","dateModified":"2020-07-10T15:56:16+00:00","mainEntityOfPage":{"@id":"https:\/\/www.cftestataltarapaca.cl\/inicio\/2020\/06\/12\/cft-estatal-tarapaca-amplia-su-programa-de-articulacion-con-establecimientos-de-emtp\/"},"wordCount":717,"commentCount":0,"publisher":{"@id":"https:\/\/www.cftestataltarapaca.cl\/inicio\/#organization"},"image":{"@id":"https:\/\/www.cftestataltarapaca.cl\/inicio\/2020\/06\/12\/cft-estatal-tarapaca-amplia-su-programa-de-articulacion-con-establecimientos-de-emtp\/#primaryimage"},"thumbnailUrl":"https:\/\/www.cftestataltarapaca.cl\/inicio\/wp-content\/uploads\/2020\/06\/articulaci\u00f3n-acad\u00e9mica.jpg","keywords":["Alto Hospicio","articulaci\u00f3n","CFT Estatal Tarapac\u00e1","Clases"],"articleSection":["Acad\u00e9mico","Admisi\u00f3n","Comunicados","Vinculaci\u00f3n"],"inLanguage":"es","potentialAction":[{"@type":"CommentAction","name":"Comment","target":["https:\/\/www.cftestataltarapaca.cl\/inicio\/2020\/06\/12\/cft-estatal-tarapaca-amplia-su-programa-de-articulacion-con-establecimientos-de-emtp\/#respond"]}]},{"@type":"WebPage","@id":"https:\/\/www.cftestataltarapaca.cl\/inicio\/2020\/06\/12\/cft-estatal-tarapaca-amplia-su-programa-de-articulacion-con-establecimientos-de-emtp\/","url":"https:\/\/www.cftestataltarapaca.cl\/inicio\/2020\/06\/12\/cft-estatal-tarapaca-amplia-su-programa-de-articulacion-con-establecimientos-de-emtp\/","name":"CFT Estatal Tarapac\u00e1 ampl\u00eda su programa de articulaci\u00f3n con establecimientos de EMTP - CFT Estatal Tarapac\u00e1","isPartOf":{"@id":"https:\/\/www.cftestataltarapaca.cl\/inicio\/#website"},"primaryImageOfPage":{"@id":"https:\/\/www.cftestataltarapaca.cl\/inicio\/2020\/06\/12\/cft-estatal-tarapaca-amplia-su-programa-de-articulacion-con-establecimientos-de-emtp\/#primaryimage"},"image":{"@id":"https:\/\/www.cftestataltarapaca.cl\/inicio\/2020\/06\/12\/cft-estatal-tarapaca-amplia-su-programa-de-articulacion-con-establecimientos-de-emtp\/#primaryimage"},"thumbnailUrl":"https:\/\/www.cftestataltarapaca.cl\/inicio\/wp-content\/uploads\/2020\/06\/articulaci\u00f3n-acad\u00e9mica.jpg","datePublished":"2020-06-12T20:33:44+00:00","dateModified":"2020-07-10T15:56:16+00:00","breadcrumb":{"@id":"https:\/\/www.cftestataltarapaca.cl\/inicio\/2020\/06\/12\/cft-estatal-tarapaca-amplia-su-programa-de-articulacion-con-establecimientos-de-emtp\/#breadcrumb"},"inLanguage":"es","potentialAction":[{"@type":"ReadAction","target":["https:\/\/www.cftestataltarapaca.cl\/inicio\/2020\/06\/12\/cft-estatal-tarapaca-amplia-su-programa-de-articulacion-con-establecimientos-de-emtp\/"]}]},{"@type":"ImageObject","inLanguage":"es","@id":"https:\/\/www.cftestataltarapaca.cl\/inicio\/2020\/06\/12\/cft-estatal-tarapaca-amplia-su-programa-de-articulacion-con-establecimientos-de-emtp\/#primaryimage","url":"https:\/\/www.cftestataltarapaca.cl\/inicio\/wp-content\/uploads\/2020\/06\/articulaci\u00f3n-acad\u00e9mica.jpg","contentUrl":"https:\/\/www.cftestataltarapaca.cl\/inicio\/wp-content\/uploads\/2020\/06\/articulaci\u00f3n-acad\u00e9mica.jpg","width":1024,"height":835},{"@type":"BreadcrumbList","@id":"https:\/\/www.cftestataltarapaca.cl\/inicio\/2020\/06\/12\/cft-estatal-tarapaca-amplia-su-programa-de-articulacion-con-establecimientos-de-emtp\/#breadcrumb","itemListElement":[{"@type":"ListItem","position":1,"name":"Portada","item":"https:\/\/www.cftestataltarapaca.cl\/inicio\/"},{"@type":"ListItem","position":2,"name":"CFT Estatal Tarapac\u00e1 ampl\u00eda su programa de articulaci\u00f3n con establecimientos de EMTP"}]},{"@type":"WebSite","@id":"https:\/\/www.cftestataltarapaca.cl\/inicio\/#website","url":"https:\/\/www.cftestataltarapaca.cl\/inicio\/","name":"CFT Estatal Tarapac\u00e1","description":"Admisi\u00f3n 2025","publisher":{"@id":"https:\/\/www.cftestataltarapaca.cl\/inicio\/#organization"},"potentialAction":[{"@type":"SearchAction","target":{"@type":"EntryPoint","urlTemplate":"https:\/\/www.cftestataltarapaca.cl\/inicio\/?s={search_term_string}"},"query-input":{"@type":"PropertyValueSpecification","valueRequired":true,"valueName":"search_term_string"}}],"inLanguage":"es"},{"@type":"Organization","@id":"https:\/\/www.cftestataltarapaca.cl\/inicio\/#organization","name":"CFT Estatal Tarapac\u00e1","url":"https:\/\/www.cftestataltarapaca.cl\/inicio\/","logo":{"@type":"ImageObject","inLanguage":"es","@id":"https:\/\/www.cftestataltarapaca.cl\/inicio\/#\/schema\/logo\/image\/","url":"https:\/\/www.cftestataltarapaca.cl\/inicio\/wp-content\/uploads\/2019\/03\/logo-retina-1.png","contentUrl":"https:\/\/www.cftestataltarapaca.cl\/inicio\/wp-content\/uploads\/2019\/03\/logo-retina-1.png","width":401,"height":150,"caption":"CFT Estatal Tarapac\u00e1"},"image":{"@id":"https:\/\/www.cftestataltarapaca.cl\/inicio\/#\/schema\/logo\/image\/"},"sameAs":["https:\/\/www.facebook.com\/CFTestataltarapaca\/","https:\/\/x.com\/CFTesTarapaca","https:\/\/www.instagram.com\/CFTestataltarapaca\/"]},{"@type":"Person","@id":"https:\/\/www.cftestataltarapaca.cl\/inicio\/#\/schema\/person\/ad1fbfa1fa7c3d3889f4ae5401dd660e","name":"Comunicaciones","image":{"@type":"ImageObject","inLanguage":"es","@id":"https:\/\/secure.gravatar.com\/avatar\/ed1c2728327f20a5a62edaeb7dc181858f225b765044c5314c3d1059a1bd992f?s=96&d=mm&r=g","url":"https:\/\/secure.gravatar.com\/avatar\/ed1c2728327f20a5a62edaeb7dc181858f225b765044c5314c3d1059a1bd992f?s=96&d=mm&r=g","contentUrl":"https:\/\/secure.gravatar.com\/avatar\/ed1c2728327f20a5a62edaeb7dc181858f225b765044c5314c3d1059a1bd992f?s=96&d=mm&r=g","caption":"Comunicaciones"},"sameAs":["http:\/\/www.cftestataltarapaca.cl"],"url":"https:\/\/www.cftestataltarapaca.cl\/inicio\/author\/comunicaciones\/"}]}},"publishpress_future_action":{"enabled":false,"date":"2026-05-08 21:33:10","action":"change-status","newStatus":"draft","terms":[],"taxonomy":"category","extraData":[]},"publishpress_future_workflow_manual_trigger":{"enabledWorkflows":[]},"_links":{"self":[{"href":"https:\/\/www.cftestataltarapaca.cl\/inicio\/wp-json\/wp\/v2\/posts\/4587","targetHints":{"allow":["GET"]}}],"collection":[{"href":"https:\/\/www.cftestataltarapaca.cl\/inicio\/wp-json\/wp\/v2\/posts"}],"about":[{"href":"https:\/\/www.cftestataltarapaca.cl\/inicio\/wp-json\/wp\/v2\/types\/post"}],"author":[{"embeddable":true,"href":"https:\/\/www.cftestataltarapaca.cl\/inicio\/wp-json\/wp\/v2\/users\/2"}],"replies":[{"embeddable":true,"href":"https:\/\/www.cftestataltarapaca.cl\/inicio\/wp-json\/wp\/v2\/comments?post=4587"}],"version-history":[{"count":5,"href":"https:\/\/www.cftestataltarapaca.cl\/inicio\/wp-json\/wp\/v2\/posts\/4587\/revisions"}],"predecessor-version":[{"id":4754,"href":"https:\/\/www.cftestataltarapaca.cl\/inicio\/wp-json\/wp\/v2\/posts\/4587\/revisions\/4754"}],"wp:featuredmedia":[{"embeddable":true,"href":"https:\/\/www.cftestataltarapaca.cl\/inicio\/wp-json\/wp\/v2\/media\/4617"}],"wp:attachment":[{"href":"https:\/\/www.cftestataltarapaca.cl\/inicio\/wp-json\/wp\/v2\/media?parent=4587"}],"wp:term":[{"taxonomy":"category","embeddable":true,"href":"https:\/\/www.cftestataltarapaca.cl\/inicio\/wp-json\/wp\/v2\/categories?post=4587"},{"taxonomy":"post_tag","embeddable":true,"href":"https:\/\/www.cftestataltarapaca.cl\/inicio\/wp-json\/wp\/v2\/tags?post=4587"}],"curies":[{"name":"wp","href":"https:\/\/api.w.org\/{rel}","templated":true}]}}