{"id":4623,"date":"2020-06-17T22:20:48","date_gmt":"2020-06-17T22:20:48","guid":{"rendered":"https:\/\/www.cftestataltarapaca.cl\/inicio\/?p=4623"},"modified":"2020-07-20T12:58:48","modified_gmt":"2020-07-20T12:58:48","slug":"estudiantes-y-academicos-conversan-sobre-propositos-y-la-adaptacion-a-los-cambios","status":"publish","type":"post","link":"https:\/\/www.cftestataltarapaca.cl\/inicio\/2020\/06\/17\/estudiantes-y-academicos-conversan-sobre-propositos-y-la-adaptacion-a-los-cambios\/","title":{"rendered":"Estudiantes y acad\u00e9micos conversan sobre prop\u00f3sitos y la adaptaci\u00f3n a los cambios"},"content":{"rendered":"<p style=\"text-align: justify\">Con el objetivo de proporcionar herramientas que permitan enfrentar cambios y modificaciones en su entorno, es que la Direcci\u00f3n Acad\u00e9mica del CFT Estatal Tarapac\u00e1, a trav\u00e9s de la unidad de Aseguramiento del Aprendizaje, desarroll\u00f3 el taller \u201cQuien importa eres t\u00fa, vive de acuerdo a tu prop\u00f3sito\u201d.<!--more--><\/p>\n<p style=\"text-align: justify\">La jornada, que cont\u00f3 con la participaci\u00f3n de 24 estudiantes de primer semestre de las 7 carreras t\u00e9cnicas de nivel superior que imparte la instituci\u00f3n, permiti\u00f3 dialogar sobre la emergencia sanitaria, con los cambios que ha causado la pandemia y el proceso de adaptaci\u00f3n de cada persona. \u201cNuestra mayor preocupaci\u00f3n y por lo cual dise\u00f1amos este taller es que muchos alumnos se han visto muy afectados por lo que actualmente est\u00e1 aconteciendo en el pa\u00eds y a nivel mundial, impactando seriamente en su salud socioemocional\u201d, dijo Susana Matis, profesional a cargo de la unidad organizadora.<\/p>\n<p style=\"text-align: justify\">La actividad tuvo una duraci\u00f3n de 2 horas y fue desarrollada a trav\u00e9s de metodolog\u00eda de video conferencia, instancia en la que tambi\u00e9n estuvo presente el profesor Felipe Zagal y que permiti\u00f3 conversar e intercambiar experiencias y conocimientos que orientar\u00e1n a las y los estudiantes respecto a seguir adelante con los prop\u00f3sitos trazados y a la adaptaci\u00f3n que de manera permanente debe enfrentar el ser humano.<\/p>\n<p style=\"text-align: justify\">Matis dijo que durante julio se llevar\u00e1 a cabo una nueva jornada, para la cual se informar\u00e1 oportunamente.<\/p>\n","protected":false},"excerpt":{"rendered":"<p>Con el objetivo de proporcionar herramientas que permitan enfrentar cambios y modificaciones en su entorno, es que la Direcci\u00f3n Acad\u00e9mica del CFT Estatal Tarapac\u00e1, a trav\u00e9s de la unidad de&#8230;<\/p>\n","protected":false},"author":2,"featured_media":4626,"comment_status":"open","ping_status":"open","sticky":false,"template":"","format":"standard","meta":{"_joinchat":[],"footnotes":""},"categories":[49,52,118],"tags":[75,86,104,112,67,68],"class_list":["post-4623","post","type-post","status-publish","format-standard","has-post-thumbnail","hentry","category-academico","category-comunicados","category-covid-19","tag-alto-hospicio","tag-cft-estatal-tarapaca","tag-clases","tag-coronavirus","tag-tarapaca","tag-tecnicos"],"yoast_head":"<!-- This site is optimized with the Yoast SEO plugin v27.4 - https:\/\/yoast.com\/product\/yoast-seo-wordpress\/ -->\n<title>Estudiantes y acad\u00e9micos conversan sobre prop\u00f3sitos y la adaptaci\u00f3n a los cambios - CFT Estatal Tarapac\u00e1<\/title>\n<meta name=\"robots\" content=\"index, follow, max-snippet:-1, max-image-preview:large, max-video-preview:-1\" \/>\n<link rel=\"canonical\" href=\"https:\/\/www.cftestataltarapaca.cl\/inicio\/2020\/06\/17\/estudiantes-y-academicos-conversan-sobre-propositos-y-la-adaptacion-a-los-cambios\/\" \/>\n<meta property=\"og:locale\" content=\"es_ES\" \/>\n<meta property=\"og:type\" content=\"article\" \/>\n<meta property=\"og:title\" content=\"Estudiantes y acad\u00e9micos conversan sobre prop\u00f3sitos y la adaptaci\u00f3n a los cambios - CFT Estatal Tarapac\u00e1\" \/>\n<meta property=\"og:description\" content=\"Con el objetivo de proporcionar herramientas que permitan enfrentar cambios y modificaciones en su entorno, es que la Direcci\u00f3n Acad\u00e9mica del CFT Estatal Tarapac\u00e1, a trav\u00e9s de la unidad de...\" \/>\n<meta property=\"og:url\" content=\"https:\/\/www.cftestataltarapaca.cl\/inicio\/2020\/06\/17\/estudiantes-y-academicos-conversan-sobre-propositos-y-la-adaptacion-a-los-cambios\/\" \/>\n<meta property=\"og:site_name\" content=\"CFT Estatal Tarapac\u00e1\" \/>\n<meta property=\"article:publisher\" content=\"https:\/\/www.facebook.com\/CFTestataltarapaca\/\" \/>\n<meta property=\"article:published_time\" content=\"2020-06-17T22:20:48+00:00\" \/>\n<meta property=\"article:modified_time\" content=\"2020-07-20T12:58:48+00:00\" \/>\n<meta property=\"og:image\" content=\"https:\/\/www.cftestataltarapaca.cl\/inicio\/wp-content\/uploads\/2020\/06\/taller-ok.jpg\" \/>\n\t<meta property=\"og:image:width\" content=\"1280\" \/>\n\t<meta property=\"og:image:height\" content=\"1280\" \/>\n\t<meta property=\"og:image:type\" content=\"image\/jpeg\" \/>\n<meta name=\"author\" content=\"Comunicaciones\" \/>\n<meta name=\"twitter:card\" content=\"summary_large_image\" \/>\n<meta name=\"twitter:creator\" content=\"@CFTesTarapaca\" \/>\n<meta name=\"twitter:site\" content=\"@CFTesTarapaca\" \/>\n<meta name=\"twitter:label1\" content=\"Escrito por\" \/>\n\t<meta name=\"twitter:data1\" content=\"Comunicaciones\" \/>\n\t<meta name=\"twitter:label2\" content=\"Tiempo de lectura\" \/>\n\t<meta name=\"twitter:data2\" content=\"1 minuto\" \/>\n<script type=\"application\/ld+json\" class=\"yoast-schema-graph\">{\"@context\":\"https:\\\/\\\/schema.org\",\"@graph\":[{\"@type\":\"Article\",\"@id\":\"https:\\\/\\\/www.cftestataltarapaca.cl\\\/inicio\\\/2020\\\/06\\\/17\\\/estudiantes-y-academicos-conversan-sobre-propositos-y-la-adaptacion-a-los-cambios\\\/#article\",\"isPartOf\":{\"@id\":\"https:\\\/\\\/www.cftestataltarapaca.cl\\\/inicio\\\/2020\\\/06\\\/17\\\/estudiantes-y-academicos-conversan-sobre-propositos-y-la-adaptacion-a-los-cambios\\\/\"},\"author\":{\"name\":\"Comunicaciones\",\"@id\":\"https:\\\/\\\/www.cftestataltarapaca.cl\\\/inicio\\\/#\\\/schema\\\/person\\\/ad1fbfa1fa7c3d3889f4ae5401dd660e\"},\"headline\":\"Estudiantes y acad\u00e9micos conversan sobre prop\u00f3sitos y la adaptaci\u00f3n a los cambios\",\"datePublished\":\"2020-06-17T22:20:48+00:00\",\"dateModified\":\"2020-07-20T12:58:48+00:00\",\"mainEntityOfPage\":{\"@id\":\"https:\\\/\\\/www.cftestataltarapaca.cl\\\/inicio\\\/2020\\\/06\\\/17\\\/estudiantes-y-academicos-conversan-sobre-propositos-y-la-adaptacion-a-los-cambios\\\/\"},\"wordCount\":255,\"commentCount\":2,\"publisher\":{\"@id\":\"https:\\\/\\\/www.cftestataltarapaca.cl\\\/inicio\\\/#organization\"},\"image\":{\"@id\":\"https:\\\/\\\/www.cftestataltarapaca.cl\\\/inicio\\\/2020\\\/06\\\/17\\\/estudiantes-y-academicos-conversan-sobre-propositos-y-la-adaptacion-a-los-cambios\\\/#primaryimage\"},\"thumbnailUrl\":\"https:\\\/\\\/www.cftestataltarapaca.cl\\\/inicio\\\/wp-content\\\/uploads\\\/2020\\\/06\\\/taller-ok.jpg\",\"keywords\":[\"Alto Hospicio\",\"CFT Estatal Tarapac\u00e1\",\"Clases\",\"Coronavirus\",\"Tarapac\u00e1\",\"t\u00e9cnicos\"],\"articleSection\":[\"Acad\u00e9mico\",\"Comunicados\",\"Covid 19\"],\"inLanguage\":\"es\",\"potentialAction\":[{\"@type\":\"CommentAction\",\"name\":\"Comment\",\"target\":[\"https:\\\/\\\/www.cftestataltarapaca.cl\\\/inicio\\\/2020\\\/06\\\/17\\\/estudiantes-y-academicos-conversan-sobre-propositos-y-la-adaptacion-a-los-cambios\\\/#respond\"]}]},{\"@type\":\"WebPage\",\"@id\":\"https:\\\/\\\/www.cftestataltarapaca.cl\\\/inicio\\\/2020\\\/06\\\/17\\\/estudiantes-y-academicos-conversan-sobre-propositos-y-la-adaptacion-a-los-cambios\\\/\",\"url\":\"https:\\\/\\\/www.cftestataltarapaca.cl\\\/inicio\\\/2020\\\/06\\\/17\\\/estudiantes-y-academicos-conversan-sobre-propositos-y-la-adaptacion-a-los-cambios\\\/\",\"name\":\"Estudiantes y acad\u00e9micos conversan sobre prop\u00f3sitos y la adaptaci\u00f3n a los cambios - CFT Estatal Tarapac\u00e1\",\"isPartOf\":{\"@id\":\"https:\\\/\\\/www.cftestataltarapaca.cl\\\/inicio\\\/#website\"},\"primaryImageOfPage\":{\"@id\":\"https:\\\/\\\/www.cftestataltarapaca.cl\\\/inicio\\\/2020\\\/06\\\/17\\\/estudiantes-y-academicos-conversan-sobre-propositos-y-la-adaptacion-a-los-cambios\\\/#primaryimage\"},\"image\":{\"@id\":\"https:\\\/\\\/www.cftestataltarapaca.cl\\\/inicio\\\/2020\\\/06\\\/17\\\/estudiantes-y-academicos-conversan-sobre-propositos-y-la-adaptacion-a-los-cambios\\\/#primaryimage\"},\"thumbnailUrl\":\"https:\\\/\\\/www.cftestataltarapaca.cl\\\/inicio\\\/wp-content\\\/uploads\\\/2020\\\/06\\\/taller-ok.jpg\",\"datePublished\":\"2020-06-17T22:20:48+00:00\",\"dateModified\":\"2020-07-20T12:58:48+00:00\",\"breadcrumb\":{\"@id\":\"https:\\\/\\\/www.cftestataltarapaca.cl\\\/inicio\\\/2020\\\/06\\\/17\\\/estudiantes-y-academicos-conversan-sobre-propositos-y-la-adaptacion-a-los-cambios\\\/#breadcrumb\"},\"inLanguage\":\"es\",\"potentialAction\":[{\"@type\":\"ReadAction\",\"target\":[\"https:\\\/\\\/www.cftestataltarapaca.cl\\\/inicio\\\/2020\\\/06\\\/17\\\/estudiantes-y-academicos-conversan-sobre-propositos-y-la-adaptacion-a-los-cambios\\\/\"]}]},{\"@type\":\"ImageObject\",\"inLanguage\":\"es\",\"@id\":\"https:\\\/\\\/www.cftestataltarapaca.cl\\\/inicio\\\/2020\\\/06\\\/17\\\/estudiantes-y-academicos-conversan-sobre-propositos-y-la-adaptacion-a-los-cambios\\\/#primaryimage\",\"url\":\"https:\\\/\\\/www.cftestataltarapaca.cl\\\/inicio\\\/wp-content\\\/uploads\\\/2020\\\/06\\\/taller-ok.jpg\",\"contentUrl\":\"https:\\\/\\\/www.cftestataltarapaca.cl\\\/inicio\\\/wp-content\\\/uploads\\\/2020\\\/06\\\/taller-ok.jpg\",\"width\":1280,\"height\":1280},{\"@type\":\"BreadcrumbList\",\"@id\":\"https:\\\/\\\/www.cftestataltarapaca.cl\\\/inicio\\\/2020\\\/06\\\/17\\\/estudiantes-y-academicos-conversan-sobre-propositos-y-la-adaptacion-a-los-cambios\\\/#breadcrumb\",\"itemListElement\":[{\"@type\":\"ListItem\",\"position\":1,\"name\":\"Portada\",\"item\":\"https:\\\/\\\/www.cftestataltarapaca.cl\\\/inicio\\\/\"},{\"@type\":\"ListItem\",\"position\":2,\"name\":\"Estudiantes y acad\u00e9micos conversan sobre prop\u00f3sitos y la adaptaci\u00f3n a los cambios\"}]},{\"@type\":\"WebSite\",\"@id\":\"https:\\\/\\\/www.cftestataltarapaca.cl\\\/inicio\\\/#website\",\"url\":\"https:\\\/\\\/www.cftestataltarapaca.cl\\\/inicio\\\/\",\"name\":\"CFT Estatal Tarapac\u00e1\",\"description\":\"Admisi\u00f3n 2025\",\"publisher\":{\"@id\":\"https:\\\/\\\/www.cftestataltarapaca.cl\\\/inicio\\\/#organization\"},\"potentialAction\":[{\"@type\":\"SearchAction\",\"target\":{\"@type\":\"EntryPoint\",\"urlTemplate\":\"https:\\\/\\\/www.cftestataltarapaca.cl\\\/inicio\\\/?s={search_term_string}\"},\"query-input\":{\"@type\":\"PropertyValueSpecification\",\"valueRequired\":true,\"valueName\":\"search_term_string\"}}],\"inLanguage\":\"es\"},{\"@type\":\"Organization\",\"@id\":\"https:\\\/\\\/www.cftestataltarapaca.cl\\\/inicio\\\/#organization\",\"name\":\"CFT Estatal Tarapac\u00e1\",\"url\":\"https:\\\/\\\/www.cftestataltarapaca.cl\\\/inicio\\\/\",\"logo\":{\"@type\":\"ImageObject\",\"inLanguage\":\"es\",\"@id\":\"https:\\\/\\\/www.cftestataltarapaca.cl\\\/inicio\\\/#\\\/schema\\\/logo\\\/image\\\/\",\"url\":\"https:\\\/\\\/www.cftestataltarapaca.cl\\\/inicio\\\/wp-content\\\/uploads\\\/2019\\\/03\\\/logo-retina-1.png\",\"contentUrl\":\"https:\\\/\\\/www.cftestataltarapaca.cl\\\/inicio\\\/wp-content\\\/uploads\\\/2019\\\/03\\\/logo-retina-1.png\",\"width\":401,\"height\":150,\"caption\":\"CFT Estatal Tarapac\u00e1\"},\"image\":{\"@id\":\"https:\\\/\\\/www.cftestataltarapaca.cl\\\/inicio\\\/#\\\/schema\\\/logo\\\/image\\\/\"},\"sameAs\":[\"https:\\\/\\\/www.facebook.com\\\/CFTestataltarapaca\\\/\",\"https:\\\/\\\/x.com\\\/CFTesTarapaca\",\"https:\\\/\\\/www.instagram.com\\\/CFTestataltarapaca\\\/\"]},{\"@type\":\"Person\",\"@id\":\"https:\\\/\\\/www.cftestataltarapaca.cl\\\/inicio\\\/#\\\/schema\\\/person\\\/ad1fbfa1fa7c3d3889f4ae5401dd660e\",\"name\":\"Comunicaciones\",\"image\":{\"@type\":\"ImageObject\",\"inLanguage\":\"es\",\"@id\":\"https:\\\/\\\/secure.gravatar.com\\\/avatar\\\/ed1c2728327f20a5a62edaeb7dc181858f225b765044c5314c3d1059a1bd992f?s=96&d=mm&r=g\",\"url\":\"https:\\\/\\\/secure.gravatar.com\\\/avatar\\\/ed1c2728327f20a5a62edaeb7dc181858f225b765044c5314c3d1059a1bd992f?s=96&d=mm&r=g\",\"contentUrl\":\"https:\\\/\\\/secure.gravatar.com\\\/avatar\\\/ed1c2728327f20a5a62edaeb7dc181858f225b765044c5314c3d1059a1bd992f?s=96&d=mm&r=g\",\"caption\":\"Comunicaciones\"},\"sameAs\":[\"http:\\\/\\\/www.cftestataltarapaca.cl\"],\"url\":\"https:\\\/\\\/www.cftestataltarapaca.cl\\\/inicio\\\/author\\\/comunicaciones\\\/\"}]}<\/script>\n<!-- \/ Yoast SEO plugin. -->","yoast_head_json":{"title":"Estudiantes y acad\u00e9micos conversan sobre prop\u00f3sitos y la adaptaci\u00f3n a los cambios - CFT Estatal Tarapac\u00e1","robots":{"index":"index","follow":"follow","max-snippet":"max-snippet:-1","max-image-preview":"max-image-preview:large","max-video-preview":"max-video-preview:-1"},"canonical":"https:\/\/www.cftestataltarapaca.cl\/inicio\/2020\/06\/17\/estudiantes-y-academicos-conversan-sobre-propositos-y-la-adaptacion-a-los-cambios\/","og_locale":"es_ES","og_type":"article","og_title":"Estudiantes y acad\u00e9micos conversan sobre prop\u00f3sitos y la adaptaci\u00f3n a los cambios - CFT Estatal Tarapac\u00e1","og_description":"Con el objetivo de proporcionar herramientas que permitan enfrentar cambios y modificaciones en su entorno, es que la Direcci\u00f3n Acad\u00e9mica del CFT Estatal Tarapac\u00e1, a trav\u00e9s de la unidad de...","og_url":"https:\/\/www.cftestataltarapaca.cl\/inicio\/2020\/06\/17\/estudiantes-y-academicos-conversan-sobre-propositos-y-la-adaptacion-a-los-cambios\/","og_site_name":"CFT Estatal Tarapac\u00e1","article_publisher":"https:\/\/www.facebook.com\/CFTestataltarapaca\/","article_published_time":"2020-06-17T22:20:48+00:00","article_modified_time":"2020-07-20T12:58:48+00:00","og_image":[{"width":1280,"height":1280,"url":"https:\/\/www.cftestataltarapaca.cl\/inicio\/wp-content\/uploads\/2020\/06\/taller-ok.jpg","type":"image\/jpeg"}],"author":"Comunicaciones","twitter_card":"summary_large_image","twitter_creator":"@CFTesTarapaca","twitter_site":"@CFTesTarapaca","twitter_misc":{"Escrito por":"Comunicaciones","Tiempo de lectura":"1 minuto"},"schema":{"@context":"https:\/\/schema.org","@graph":[{"@type":"Article","@id":"https:\/\/www.cftestataltarapaca.cl\/inicio\/2020\/06\/17\/estudiantes-y-academicos-conversan-sobre-propositos-y-la-adaptacion-a-los-cambios\/#article","isPartOf":{"@id":"https:\/\/www.cftestataltarapaca.cl\/inicio\/2020\/06\/17\/estudiantes-y-academicos-conversan-sobre-propositos-y-la-adaptacion-a-los-cambios\/"},"author":{"name":"Comunicaciones","@id":"https:\/\/www.cftestataltarapaca.cl\/inicio\/#\/schema\/person\/ad1fbfa1fa7c3d3889f4ae5401dd660e"},"headline":"Estudiantes y acad\u00e9micos conversan sobre prop\u00f3sitos y la adaptaci\u00f3n a los cambios","datePublished":"2020-06-17T22:20:48+00:00","dateModified":"2020-07-20T12:58:48+00:00","mainEntityOfPage":{"@id":"https:\/\/www.cftestataltarapaca.cl\/inicio\/2020\/06\/17\/estudiantes-y-academicos-conversan-sobre-propositos-y-la-adaptacion-a-los-cambios\/"},"wordCount":255,"commentCount":2,"publisher":{"@id":"https:\/\/www.cftestataltarapaca.cl\/inicio\/#organization"},"image":{"@id":"https:\/\/www.cftestataltarapaca.cl\/inicio\/2020\/06\/17\/estudiantes-y-academicos-conversan-sobre-propositos-y-la-adaptacion-a-los-cambios\/#primaryimage"},"thumbnailUrl":"https:\/\/www.cftestataltarapaca.cl\/inicio\/wp-content\/uploads\/2020\/06\/taller-ok.jpg","keywords":["Alto Hospicio","CFT Estatal Tarapac\u00e1","Clases","Coronavirus","Tarapac\u00e1","t\u00e9cnicos"],"articleSection":["Acad\u00e9mico","Comunicados","Covid 19"],"inLanguage":"es","potentialAction":[{"@type":"CommentAction","name":"Comment","target":["https:\/\/www.cftestataltarapaca.cl\/inicio\/2020\/06\/17\/estudiantes-y-academicos-conversan-sobre-propositos-y-la-adaptacion-a-los-cambios\/#respond"]}]},{"@type":"WebPage","@id":"https:\/\/www.cftestataltarapaca.cl\/inicio\/2020\/06\/17\/estudiantes-y-academicos-conversan-sobre-propositos-y-la-adaptacion-a-los-cambios\/","url":"https:\/\/www.cftestataltarapaca.cl\/inicio\/2020\/06\/17\/estudiantes-y-academicos-conversan-sobre-propositos-y-la-adaptacion-a-los-cambios\/","name":"Estudiantes y acad\u00e9micos conversan sobre prop\u00f3sitos y la adaptaci\u00f3n a los cambios - CFT Estatal Tarapac\u00e1","isPartOf":{"@id":"https:\/\/www.cftestataltarapaca.cl\/inicio\/#website"},"primaryImageOfPage":{"@id":"https:\/\/www.cftestataltarapaca.cl\/inicio\/2020\/06\/17\/estudiantes-y-academicos-conversan-sobre-propositos-y-la-adaptacion-a-los-cambios\/#primaryimage"},"image":{"@id":"https:\/\/www.cftestataltarapaca.cl\/inicio\/2020\/06\/17\/estudiantes-y-academicos-conversan-sobre-propositos-y-la-adaptacion-a-los-cambios\/#primaryimage"},"thumbnailUrl":"https:\/\/www.cftestataltarapaca.cl\/inicio\/wp-content\/uploads\/2020\/06\/taller-ok.jpg","datePublished":"2020-06-17T22:20:48+00:00","dateModified":"2020-07-20T12:58:48+00:00","breadcrumb":{"@id":"https:\/\/www.cftestataltarapaca.cl\/inicio\/2020\/06\/17\/estudiantes-y-academicos-conversan-sobre-propositos-y-la-adaptacion-a-los-cambios\/#breadcrumb"},"inLanguage":"es","potentialAction":[{"@type":"ReadAction","target":["https:\/\/www.cftestataltarapaca.cl\/inicio\/2020\/06\/17\/estudiantes-y-academicos-conversan-sobre-propositos-y-la-adaptacion-a-los-cambios\/"]}]},{"@type":"ImageObject","inLanguage":"es","@id":"https:\/\/www.cftestataltarapaca.cl\/inicio\/2020\/06\/17\/estudiantes-y-academicos-conversan-sobre-propositos-y-la-adaptacion-a-los-cambios\/#primaryimage","url":"https:\/\/www.cftestataltarapaca.cl\/inicio\/wp-content\/uploads\/2020\/06\/taller-ok.jpg","contentUrl":"https:\/\/www.cftestataltarapaca.cl\/inicio\/wp-content\/uploads\/2020\/06\/taller-ok.jpg","width":1280,"height":1280},{"@type":"BreadcrumbList","@id":"https:\/\/www.cftestataltarapaca.cl\/inicio\/2020\/06\/17\/estudiantes-y-academicos-conversan-sobre-propositos-y-la-adaptacion-a-los-cambios\/#breadcrumb","itemListElement":[{"@type":"ListItem","position":1,"name":"Portada","item":"https:\/\/www.cftestataltarapaca.cl\/inicio\/"},{"@type":"ListItem","position":2,"name":"Estudiantes y acad\u00e9micos conversan sobre prop\u00f3sitos y la adaptaci\u00f3n a los cambios"}]},{"@type":"WebSite","@id":"https:\/\/www.cftestataltarapaca.cl\/inicio\/#website","url":"https:\/\/www.cftestataltarapaca.cl\/inicio\/","name":"CFT Estatal Tarapac\u00e1","description":"Admisi\u00f3n 2025","publisher":{"@id":"https:\/\/www.cftestataltarapaca.cl\/inicio\/#organization"},"potentialAction":[{"@type":"SearchAction","target":{"@type":"EntryPoint","urlTemplate":"https:\/\/www.cftestataltarapaca.cl\/inicio\/?s={search_term_string}"},"query-input":{"@type":"PropertyValueSpecification","valueRequired":true,"valueName":"search_term_string"}}],"inLanguage":"es"},{"@type":"Organization","@id":"https:\/\/www.cftestataltarapaca.cl\/inicio\/#organization","name":"CFT Estatal Tarapac\u00e1","url":"https:\/\/www.cftestataltarapaca.cl\/inicio\/","logo":{"@type":"ImageObject","inLanguage":"es","@id":"https:\/\/www.cftestataltarapaca.cl\/inicio\/#\/schema\/logo\/image\/","url":"https:\/\/www.cftestataltarapaca.cl\/inicio\/wp-content\/uploads\/2019\/03\/logo-retina-1.png","contentUrl":"https:\/\/www.cftestataltarapaca.cl\/inicio\/wp-content\/uploads\/2019\/03\/logo-retina-1.png","width":401,"height":150,"caption":"CFT Estatal Tarapac\u00e1"},"image":{"@id":"https:\/\/www.cftestataltarapaca.cl\/inicio\/#\/schema\/logo\/image\/"},"sameAs":["https:\/\/www.facebook.com\/CFTestataltarapaca\/","https:\/\/x.com\/CFTesTarapaca","https:\/\/www.instagram.com\/CFTestataltarapaca\/"]},{"@type":"Person","@id":"https:\/\/www.cftestataltarapaca.cl\/inicio\/#\/schema\/person\/ad1fbfa1fa7c3d3889f4ae5401dd660e","name":"Comunicaciones","image":{"@type":"ImageObject","inLanguage":"es","@id":"https:\/\/secure.gravatar.com\/avatar\/ed1c2728327f20a5a62edaeb7dc181858f225b765044c5314c3d1059a1bd992f?s=96&d=mm&r=g","url":"https:\/\/secure.gravatar.com\/avatar\/ed1c2728327f20a5a62edaeb7dc181858f225b765044c5314c3d1059a1bd992f?s=96&d=mm&r=g","contentUrl":"https:\/\/secure.gravatar.com\/avatar\/ed1c2728327f20a5a62edaeb7dc181858f225b765044c5314c3d1059a1bd992f?s=96&d=mm&r=g","caption":"Comunicaciones"},"sameAs":["http:\/\/www.cftestataltarapaca.cl"],"url":"https:\/\/www.cftestataltarapaca.cl\/inicio\/author\/comunicaciones\/"}]}},"publishpress_future_action":{"enabled":false,"date":"2026-05-08 12:37:25","action":"change-status","newStatus":"draft","terms":[],"taxonomy":"category","extraData":[]},"publishpress_future_workflow_manual_trigger":{"enabledWorkflows":[]},"_links":{"self":[{"href":"https:\/\/www.cftestataltarapaca.cl\/inicio\/wp-json\/wp\/v2\/posts\/4623","targetHints":{"allow":["GET"]}}],"collection":[{"href":"https:\/\/www.cftestataltarapaca.cl\/inicio\/wp-json\/wp\/v2\/posts"}],"about":[{"href":"https:\/\/www.cftestataltarapaca.cl\/inicio\/wp-json\/wp\/v2\/types\/post"}],"author":[{"embeddable":true,"href":"https:\/\/www.cftestataltarapaca.cl\/inicio\/wp-json\/wp\/v2\/users\/2"}],"replies":[{"embeddable":true,"href":"https:\/\/www.cftestataltarapaca.cl\/inicio\/wp-json\/wp\/v2\/comments?post=4623"}],"version-history":[{"count":6,"href":"https:\/\/www.cftestataltarapaca.cl\/inicio\/wp-json\/wp\/v2\/posts\/4623\/revisions"}],"predecessor-version":[{"id":4782,"href":"https:\/\/www.cftestataltarapaca.cl\/inicio\/wp-json\/wp\/v2\/posts\/4623\/revisions\/4782"}],"wp:featuredmedia":[{"embeddable":true,"href":"https:\/\/www.cftestataltarapaca.cl\/inicio\/wp-json\/wp\/v2\/media\/4626"}],"wp:attachment":[{"href":"https:\/\/www.cftestataltarapaca.cl\/inicio\/wp-json\/wp\/v2\/media?parent=4623"}],"wp:term":[{"taxonomy":"category","embeddable":true,"href":"https:\/\/www.cftestataltarapaca.cl\/inicio\/wp-json\/wp\/v2\/categories?post=4623"},{"taxonomy":"post_tag","embeddable":true,"href":"https:\/\/www.cftestataltarapaca.cl\/inicio\/wp-json\/wp\/v2\/tags?post=4623"}],"curies":[{"name":"wp","href":"https:\/\/api.w.org\/{rel}","templated":true}]}}