{"id":4673,"date":"2020-06-26T13:21:50","date_gmt":"2020-06-26T13:21:50","guid":{"rendered":"https:\/\/www.cftestataltarapaca.cl\/inicio\/?p=4673"},"modified":"2020-07-10T15:54:56","modified_gmt":"2020-07-10T15:54:56","slug":"docentes-del-cft-estatal-tarapaca-participaron-en-jornada-de-reflexion","status":"publish","type":"post","link":"https:\/\/www.cftestataltarapaca.cl\/inicio\/2020\/06\/26\/docentes-del-cft-estatal-tarapaca-participaron-en-jornada-de-reflexion\/","title":{"rendered":"Docentes del CFT Estatal Tarapac\u00e1 participaron en jornada de reflexi\u00f3n"},"content":{"rendered":"<p style=\"text-align: justify;\">En su proyecto educativo institucional el Centro de Formaci\u00f3n T\u00e9cnica Estatal de Tarapac\u00e1 se\u00f1ala que uno de sus sellos es velar por una formaci\u00f3n de T\u00e9cnicos de Nivel Superior que permita dar cumplimiento a los est\u00e1ndares de calidad, as\u00ed como de competencias transversales y c\u00edvicas. Inserto en ese compromiso se encuentran las jornadas de capacitaci\u00f3n y reflexi\u00f3n que desarrolla de manera permanente la Direcci\u00f3n Acad\u00e9mica con su cuerpo docente.<!--more--><\/p>\n<p style=\"text-align: justify;\">Y es que para la instituci\u00f3n es de gran importancia el intercambio de experiencias, pues contribuyen al mejoramiento del aprendizaje y calidad de vida de las y los estudiantes.<\/p>\n<p style=\"text-align: justify;\">As\u00ed lo destac\u00f3 el director acad\u00e9mico de la instituci\u00f3n, Roberto Urdanivia, tras realizarse una reciente jornada de trabajo v\u00eda online, en la que participaron 50 docentes de la instituci\u00f3n.<\/p>\n<p style=\"text-align: justify;\">La actividad permiti\u00f3 dialogar y fortalecer conocimientos respecto al perfil docente del CFT, analizar el desarrollo del primer semestre acad\u00e9mico y programar el inicio del segundo per\u00edodo.<\/p>\n<p style=\"text-align: justify;\">En la oportunidad tambi\u00e9n se convers\u00f3 sobre la modalidad de trabajo en base a las medidas tomadas dada a pandemia y al programa de acompa\u00f1amiento docente y del alumno.<\/p>\n<p style=\"text-align: justify;\">\u201cFue una reuni\u00f3n muy positiva, donde la gran participaci\u00f3n refleja el compromiso que tienen nuestros docentes, con su buen desempe\u00f1o y con el aprendizaje de los estudiantes, especialmente en este periodo de crisis sanitaria que estamos enfrentado\u201d, dijo el director acad\u00e9mico.<\/p>\n","protected":false},"excerpt":{"rendered":"<p>En su proyecto educativo institucional el Centro de Formaci\u00f3n T\u00e9cnica Estatal de Tarapac\u00e1 se\u00f1ala que uno de sus sellos es velar por una formaci\u00f3n de T\u00e9cnicos de Nivel Superior que&#8230;<\/p>\n","protected":false},"author":2,"featured_media":4674,"comment_status":"open","ping_status":"open","sticky":false,"template":"","format":"standard","meta":{"_joinchat":[],"footnotes":""},"categories":[49,52,1],"tags":[],"class_list":["post-4673","post","type-post","status-publish","format-standard","has-post-thumbnail","hentry","category-academico","category-comunicados","category-sin-categoria"],"yoast_head":"<!-- This site is optimized with the Yoast SEO plugin v27.4 - https:\/\/yoast.com\/product\/yoast-seo-wordpress\/ -->\n<title>Docentes del CFT Estatal Tarapac\u00e1 participaron en jornada de reflexi\u00f3n - CFT Estatal Tarapac\u00e1<\/title>\n<meta name=\"robots\" content=\"index, follow, max-snippet:-1, max-image-preview:large, max-video-preview:-1\" \/>\n<link rel=\"canonical\" href=\"https:\/\/www.cftestataltarapaca.cl\/inicio\/2020\/06\/26\/docentes-del-cft-estatal-tarapaca-participaron-en-jornada-de-reflexion\/\" \/>\n<meta property=\"og:locale\" content=\"es_ES\" \/>\n<meta property=\"og:type\" content=\"article\" \/>\n<meta property=\"og:title\" content=\"Docentes del CFT Estatal Tarapac\u00e1 participaron en jornada de reflexi\u00f3n - CFT Estatal Tarapac\u00e1\" \/>\n<meta property=\"og:description\" content=\"En su proyecto educativo institucional el Centro de Formaci\u00f3n T\u00e9cnica Estatal de Tarapac\u00e1 se\u00f1ala que uno de sus sellos es velar por una formaci\u00f3n de T\u00e9cnicos de Nivel Superior que...\" \/>\n<meta property=\"og:url\" content=\"https:\/\/www.cftestataltarapaca.cl\/inicio\/2020\/06\/26\/docentes-del-cft-estatal-tarapaca-participaron-en-jornada-de-reflexion\/\" \/>\n<meta property=\"og:site_name\" content=\"CFT Estatal Tarapac\u00e1\" \/>\n<meta property=\"article:publisher\" content=\"https:\/\/www.facebook.com\/CFTestataltarapaca\/\" \/>\n<meta property=\"article:published_time\" content=\"2020-06-26T13:21:50+00:00\" \/>\n<meta property=\"article:modified_time\" content=\"2020-07-10T15:54:56+00:00\" \/>\n<meta property=\"og:image\" content=\"https:\/\/www.cftestataltarapaca.cl\/inicio\/wp-content\/uploads\/2020\/06\/Foto1.jpg\" \/>\n\t<meta property=\"og:image:width\" content=\"1280\" \/>\n\t<meta property=\"og:image:height\" content=\"720\" \/>\n\t<meta property=\"og:image:type\" content=\"image\/jpeg\" \/>\n<meta name=\"author\" content=\"Comunicaciones\" \/>\n<meta name=\"twitter:card\" content=\"summary_large_image\" \/>\n<meta name=\"twitter:creator\" content=\"@CFTesTarapaca\" \/>\n<meta name=\"twitter:site\" content=\"@CFTesTarapaca\" \/>\n<meta name=\"twitter:label1\" content=\"Escrito por\" \/>\n\t<meta name=\"twitter:data1\" content=\"Comunicaciones\" \/>\n\t<meta name=\"twitter:label2\" content=\"Tiempo de lectura\" \/>\n\t<meta name=\"twitter:data2\" content=\"1 minuto\" \/>\n<script type=\"application\/ld+json\" class=\"yoast-schema-graph\">{\"@context\":\"https:\\\/\\\/schema.org\",\"@graph\":[{\"@type\":\"Article\",\"@id\":\"https:\\\/\\\/www.cftestataltarapaca.cl\\\/inicio\\\/2020\\\/06\\\/26\\\/docentes-del-cft-estatal-tarapaca-participaron-en-jornada-de-reflexion\\\/#article\",\"isPartOf\":{\"@id\":\"https:\\\/\\\/www.cftestataltarapaca.cl\\\/inicio\\\/2020\\\/06\\\/26\\\/docentes-del-cft-estatal-tarapaca-participaron-en-jornada-de-reflexion\\\/\"},\"author\":{\"name\":\"Comunicaciones\",\"@id\":\"https:\\\/\\\/www.cftestataltarapaca.cl\\\/inicio\\\/#\\\/schema\\\/person\\\/ad1fbfa1fa7c3d3889f4ae5401dd660e\"},\"headline\":\"Docentes del CFT Estatal Tarapac\u00e1 participaron en jornada de reflexi\u00f3n\",\"datePublished\":\"2020-06-26T13:21:50+00:00\",\"dateModified\":\"2020-07-10T15:54:56+00:00\",\"mainEntityOfPage\":{\"@id\":\"https:\\\/\\\/www.cftestataltarapaca.cl\\\/inicio\\\/2020\\\/06\\\/26\\\/docentes-del-cft-estatal-tarapaca-participaron-en-jornada-de-reflexion\\\/\"},\"wordCount\":258,\"commentCount\":0,\"publisher\":{\"@id\":\"https:\\\/\\\/www.cftestataltarapaca.cl\\\/inicio\\\/#organization\"},\"image\":{\"@id\":\"https:\\\/\\\/www.cftestataltarapaca.cl\\\/inicio\\\/2020\\\/06\\\/26\\\/docentes-del-cft-estatal-tarapaca-participaron-en-jornada-de-reflexion\\\/#primaryimage\"},\"thumbnailUrl\":\"https:\\\/\\\/www.cftestataltarapaca.cl\\\/inicio\\\/wp-content\\\/uploads\\\/2020\\\/06\\\/Foto1.jpg\",\"articleSection\":[\"Acad\u00e9mico\",\"Comunicados\"],\"inLanguage\":\"es\",\"potentialAction\":[{\"@type\":\"CommentAction\",\"name\":\"Comment\",\"target\":[\"https:\\\/\\\/www.cftestataltarapaca.cl\\\/inicio\\\/2020\\\/06\\\/26\\\/docentes-del-cft-estatal-tarapaca-participaron-en-jornada-de-reflexion\\\/#respond\"]}]},{\"@type\":\"WebPage\",\"@id\":\"https:\\\/\\\/www.cftestataltarapaca.cl\\\/inicio\\\/2020\\\/06\\\/26\\\/docentes-del-cft-estatal-tarapaca-participaron-en-jornada-de-reflexion\\\/\",\"url\":\"https:\\\/\\\/www.cftestataltarapaca.cl\\\/inicio\\\/2020\\\/06\\\/26\\\/docentes-del-cft-estatal-tarapaca-participaron-en-jornada-de-reflexion\\\/\",\"name\":\"Docentes del CFT Estatal Tarapac\u00e1 participaron en jornada de reflexi\u00f3n - CFT Estatal Tarapac\u00e1\",\"isPartOf\":{\"@id\":\"https:\\\/\\\/www.cftestataltarapaca.cl\\\/inicio\\\/#website\"},\"primaryImageOfPage\":{\"@id\":\"https:\\\/\\\/www.cftestataltarapaca.cl\\\/inicio\\\/2020\\\/06\\\/26\\\/docentes-del-cft-estatal-tarapaca-participaron-en-jornada-de-reflexion\\\/#primaryimage\"},\"image\":{\"@id\":\"https:\\\/\\\/www.cftestataltarapaca.cl\\\/inicio\\\/2020\\\/06\\\/26\\\/docentes-del-cft-estatal-tarapaca-participaron-en-jornada-de-reflexion\\\/#primaryimage\"},\"thumbnailUrl\":\"https:\\\/\\\/www.cftestataltarapaca.cl\\\/inicio\\\/wp-content\\\/uploads\\\/2020\\\/06\\\/Foto1.jpg\",\"datePublished\":\"2020-06-26T13:21:50+00:00\",\"dateModified\":\"2020-07-10T15:54:56+00:00\",\"breadcrumb\":{\"@id\":\"https:\\\/\\\/www.cftestataltarapaca.cl\\\/inicio\\\/2020\\\/06\\\/26\\\/docentes-del-cft-estatal-tarapaca-participaron-en-jornada-de-reflexion\\\/#breadcrumb\"},\"inLanguage\":\"es\",\"potentialAction\":[{\"@type\":\"ReadAction\",\"target\":[\"https:\\\/\\\/www.cftestataltarapaca.cl\\\/inicio\\\/2020\\\/06\\\/26\\\/docentes-del-cft-estatal-tarapaca-participaron-en-jornada-de-reflexion\\\/\"]}]},{\"@type\":\"ImageObject\",\"inLanguage\":\"es\",\"@id\":\"https:\\\/\\\/www.cftestataltarapaca.cl\\\/inicio\\\/2020\\\/06\\\/26\\\/docentes-del-cft-estatal-tarapaca-participaron-en-jornada-de-reflexion\\\/#primaryimage\",\"url\":\"https:\\\/\\\/www.cftestataltarapaca.cl\\\/inicio\\\/wp-content\\\/uploads\\\/2020\\\/06\\\/Foto1.jpg\",\"contentUrl\":\"https:\\\/\\\/www.cftestataltarapaca.cl\\\/inicio\\\/wp-content\\\/uploads\\\/2020\\\/06\\\/Foto1.jpg\",\"width\":1280,\"height\":720,\"caption\":\"jornada de reflexi\u00f3n\"},{\"@type\":\"BreadcrumbList\",\"@id\":\"https:\\\/\\\/www.cftestataltarapaca.cl\\\/inicio\\\/2020\\\/06\\\/26\\\/docentes-del-cft-estatal-tarapaca-participaron-en-jornada-de-reflexion\\\/#breadcrumb\",\"itemListElement\":[{\"@type\":\"ListItem\",\"position\":1,\"name\":\"Portada\",\"item\":\"https:\\\/\\\/www.cftestataltarapaca.cl\\\/inicio\\\/\"},{\"@type\":\"ListItem\",\"position\":2,\"name\":\"Docentes del CFT Estatal Tarapac\u00e1 participaron en jornada de reflexi\u00f3n\"}]},{\"@type\":\"WebSite\",\"@id\":\"https:\\\/\\\/www.cftestataltarapaca.cl\\\/inicio\\\/#website\",\"url\":\"https:\\\/\\\/www.cftestataltarapaca.cl\\\/inicio\\\/\",\"name\":\"CFT Estatal Tarapac\u00e1\",\"description\":\"Admisi\u00f3n 2025\",\"publisher\":{\"@id\":\"https:\\\/\\\/www.cftestataltarapaca.cl\\\/inicio\\\/#organization\"},\"potentialAction\":[{\"@type\":\"SearchAction\",\"target\":{\"@type\":\"EntryPoint\",\"urlTemplate\":\"https:\\\/\\\/www.cftestataltarapaca.cl\\\/inicio\\\/?s={search_term_string}\"},\"query-input\":{\"@type\":\"PropertyValueSpecification\",\"valueRequired\":true,\"valueName\":\"search_term_string\"}}],\"inLanguage\":\"es\"},{\"@type\":\"Organization\",\"@id\":\"https:\\\/\\\/www.cftestataltarapaca.cl\\\/inicio\\\/#organization\",\"name\":\"CFT Estatal Tarapac\u00e1\",\"url\":\"https:\\\/\\\/www.cftestataltarapaca.cl\\\/inicio\\\/\",\"logo\":{\"@type\":\"ImageObject\",\"inLanguage\":\"es\",\"@id\":\"https:\\\/\\\/www.cftestataltarapaca.cl\\\/inicio\\\/#\\\/schema\\\/logo\\\/image\\\/\",\"url\":\"https:\\\/\\\/www.cftestataltarapaca.cl\\\/inicio\\\/wp-content\\\/uploads\\\/2019\\\/03\\\/logo-retina-1.png\",\"contentUrl\":\"https:\\\/\\\/www.cftestataltarapaca.cl\\\/inicio\\\/wp-content\\\/uploads\\\/2019\\\/03\\\/logo-retina-1.png\",\"width\":401,\"height\":150,\"caption\":\"CFT Estatal Tarapac\u00e1\"},\"image\":{\"@id\":\"https:\\\/\\\/www.cftestataltarapaca.cl\\\/inicio\\\/#\\\/schema\\\/logo\\\/image\\\/\"},\"sameAs\":[\"https:\\\/\\\/www.facebook.com\\\/CFTestataltarapaca\\\/\",\"https:\\\/\\\/x.com\\\/CFTesTarapaca\",\"https:\\\/\\\/www.instagram.com\\\/CFTestataltarapaca\\\/\"]},{\"@type\":\"Person\",\"@id\":\"https:\\\/\\\/www.cftestataltarapaca.cl\\\/inicio\\\/#\\\/schema\\\/person\\\/ad1fbfa1fa7c3d3889f4ae5401dd660e\",\"name\":\"Comunicaciones\",\"image\":{\"@type\":\"ImageObject\",\"inLanguage\":\"es\",\"@id\":\"https:\\\/\\\/secure.gravatar.com\\\/avatar\\\/ed1c2728327f20a5a62edaeb7dc181858f225b765044c5314c3d1059a1bd992f?s=96&d=mm&r=g\",\"url\":\"https:\\\/\\\/secure.gravatar.com\\\/avatar\\\/ed1c2728327f20a5a62edaeb7dc181858f225b765044c5314c3d1059a1bd992f?s=96&d=mm&r=g\",\"contentUrl\":\"https:\\\/\\\/secure.gravatar.com\\\/avatar\\\/ed1c2728327f20a5a62edaeb7dc181858f225b765044c5314c3d1059a1bd992f?s=96&d=mm&r=g\",\"caption\":\"Comunicaciones\"},\"sameAs\":[\"http:\\\/\\\/www.cftestataltarapaca.cl\"],\"url\":\"https:\\\/\\\/www.cftestataltarapaca.cl\\\/inicio\\\/author\\\/comunicaciones\\\/\"}]}<\/script>\n<!-- \/ Yoast SEO plugin. -->","yoast_head_json":{"title":"Docentes del CFT Estatal Tarapac\u00e1 participaron en jornada de reflexi\u00f3n - CFT Estatal Tarapac\u00e1","robots":{"index":"index","follow":"follow","max-snippet":"max-snippet:-1","max-image-preview":"max-image-preview:large","max-video-preview":"max-video-preview:-1"},"canonical":"https:\/\/www.cftestataltarapaca.cl\/inicio\/2020\/06\/26\/docentes-del-cft-estatal-tarapaca-participaron-en-jornada-de-reflexion\/","og_locale":"es_ES","og_type":"article","og_title":"Docentes del CFT Estatal Tarapac\u00e1 participaron en jornada de reflexi\u00f3n - CFT Estatal Tarapac\u00e1","og_description":"En su proyecto educativo institucional el Centro de Formaci\u00f3n T\u00e9cnica Estatal de Tarapac\u00e1 se\u00f1ala que uno de sus sellos es velar por una formaci\u00f3n de T\u00e9cnicos de Nivel Superior que...","og_url":"https:\/\/www.cftestataltarapaca.cl\/inicio\/2020\/06\/26\/docentes-del-cft-estatal-tarapaca-participaron-en-jornada-de-reflexion\/","og_site_name":"CFT Estatal Tarapac\u00e1","article_publisher":"https:\/\/www.facebook.com\/CFTestataltarapaca\/","article_published_time":"2020-06-26T13:21:50+00:00","article_modified_time":"2020-07-10T15:54:56+00:00","og_image":[{"width":1280,"height":720,"url":"https:\/\/www.cftestataltarapaca.cl\/inicio\/wp-content\/uploads\/2020\/06\/Foto1.jpg","type":"image\/jpeg"}],"author":"Comunicaciones","twitter_card":"summary_large_image","twitter_creator":"@CFTesTarapaca","twitter_site":"@CFTesTarapaca","twitter_misc":{"Escrito por":"Comunicaciones","Tiempo de lectura":"1 minuto"},"schema":{"@context":"https:\/\/schema.org","@graph":[{"@type":"Article","@id":"https:\/\/www.cftestataltarapaca.cl\/inicio\/2020\/06\/26\/docentes-del-cft-estatal-tarapaca-participaron-en-jornada-de-reflexion\/#article","isPartOf":{"@id":"https:\/\/www.cftestataltarapaca.cl\/inicio\/2020\/06\/26\/docentes-del-cft-estatal-tarapaca-participaron-en-jornada-de-reflexion\/"},"author":{"name":"Comunicaciones","@id":"https:\/\/www.cftestataltarapaca.cl\/inicio\/#\/schema\/person\/ad1fbfa1fa7c3d3889f4ae5401dd660e"},"headline":"Docentes del CFT Estatal Tarapac\u00e1 participaron en jornada de reflexi\u00f3n","datePublished":"2020-06-26T13:21:50+00:00","dateModified":"2020-07-10T15:54:56+00:00","mainEntityOfPage":{"@id":"https:\/\/www.cftestataltarapaca.cl\/inicio\/2020\/06\/26\/docentes-del-cft-estatal-tarapaca-participaron-en-jornada-de-reflexion\/"},"wordCount":258,"commentCount":0,"publisher":{"@id":"https:\/\/www.cftestataltarapaca.cl\/inicio\/#organization"},"image":{"@id":"https:\/\/www.cftestataltarapaca.cl\/inicio\/2020\/06\/26\/docentes-del-cft-estatal-tarapaca-participaron-en-jornada-de-reflexion\/#primaryimage"},"thumbnailUrl":"https:\/\/www.cftestataltarapaca.cl\/inicio\/wp-content\/uploads\/2020\/06\/Foto1.jpg","articleSection":["Acad\u00e9mico","Comunicados"],"inLanguage":"es","potentialAction":[{"@type":"CommentAction","name":"Comment","target":["https:\/\/www.cftestataltarapaca.cl\/inicio\/2020\/06\/26\/docentes-del-cft-estatal-tarapaca-participaron-en-jornada-de-reflexion\/#respond"]}]},{"@type":"WebPage","@id":"https:\/\/www.cftestataltarapaca.cl\/inicio\/2020\/06\/26\/docentes-del-cft-estatal-tarapaca-participaron-en-jornada-de-reflexion\/","url":"https:\/\/www.cftestataltarapaca.cl\/inicio\/2020\/06\/26\/docentes-del-cft-estatal-tarapaca-participaron-en-jornada-de-reflexion\/","name":"Docentes del CFT Estatal Tarapac\u00e1 participaron en jornada de reflexi\u00f3n - CFT Estatal Tarapac\u00e1","isPartOf":{"@id":"https:\/\/www.cftestataltarapaca.cl\/inicio\/#website"},"primaryImageOfPage":{"@id":"https:\/\/www.cftestataltarapaca.cl\/inicio\/2020\/06\/26\/docentes-del-cft-estatal-tarapaca-participaron-en-jornada-de-reflexion\/#primaryimage"},"image":{"@id":"https:\/\/www.cftestataltarapaca.cl\/inicio\/2020\/06\/26\/docentes-del-cft-estatal-tarapaca-participaron-en-jornada-de-reflexion\/#primaryimage"},"thumbnailUrl":"https:\/\/www.cftestataltarapaca.cl\/inicio\/wp-content\/uploads\/2020\/06\/Foto1.jpg","datePublished":"2020-06-26T13:21:50+00:00","dateModified":"2020-07-10T15:54:56+00:00","breadcrumb":{"@id":"https:\/\/www.cftestataltarapaca.cl\/inicio\/2020\/06\/26\/docentes-del-cft-estatal-tarapaca-participaron-en-jornada-de-reflexion\/#breadcrumb"},"inLanguage":"es","potentialAction":[{"@type":"ReadAction","target":["https:\/\/www.cftestataltarapaca.cl\/inicio\/2020\/06\/26\/docentes-del-cft-estatal-tarapaca-participaron-en-jornada-de-reflexion\/"]}]},{"@type":"ImageObject","inLanguage":"es","@id":"https:\/\/www.cftestataltarapaca.cl\/inicio\/2020\/06\/26\/docentes-del-cft-estatal-tarapaca-participaron-en-jornada-de-reflexion\/#primaryimage","url":"https:\/\/www.cftestataltarapaca.cl\/inicio\/wp-content\/uploads\/2020\/06\/Foto1.jpg","contentUrl":"https:\/\/www.cftestataltarapaca.cl\/inicio\/wp-content\/uploads\/2020\/06\/Foto1.jpg","width":1280,"height":720,"caption":"jornada de reflexi\u00f3n"},{"@type":"BreadcrumbList","@id":"https:\/\/www.cftestataltarapaca.cl\/inicio\/2020\/06\/26\/docentes-del-cft-estatal-tarapaca-participaron-en-jornada-de-reflexion\/#breadcrumb","itemListElement":[{"@type":"ListItem","position":1,"name":"Portada","item":"https:\/\/www.cftestataltarapaca.cl\/inicio\/"},{"@type":"ListItem","position":2,"name":"Docentes del CFT Estatal Tarapac\u00e1 participaron en jornada de reflexi\u00f3n"}]},{"@type":"WebSite","@id":"https:\/\/www.cftestataltarapaca.cl\/inicio\/#website","url":"https:\/\/www.cftestataltarapaca.cl\/inicio\/","name":"CFT Estatal Tarapac\u00e1","description":"Admisi\u00f3n 2025","publisher":{"@id":"https:\/\/www.cftestataltarapaca.cl\/inicio\/#organization"},"potentialAction":[{"@type":"SearchAction","target":{"@type":"EntryPoint","urlTemplate":"https:\/\/www.cftestataltarapaca.cl\/inicio\/?s={search_term_string}"},"query-input":{"@type":"PropertyValueSpecification","valueRequired":true,"valueName":"search_term_string"}}],"inLanguage":"es"},{"@type":"Organization","@id":"https:\/\/www.cftestataltarapaca.cl\/inicio\/#organization","name":"CFT Estatal Tarapac\u00e1","url":"https:\/\/www.cftestataltarapaca.cl\/inicio\/","logo":{"@type":"ImageObject","inLanguage":"es","@id":"https:\/\/www.cftestataltarapaca.cl\/inicio\/#\/schema\/logo\/image\/","url":"https:\/\/www.cftestataltarapaca.cl\/inicio\/wp-content\/uploads\/2019\/03\/logo-retina-1.png","contentUrl":"https:\/\/www.cftestataltarapaca.cl\/inicio\/wp-content\/uploads\/2019\/03\/logo-retina-1.png","width":401,"height":150,"caption":"CFT Estatal Tarapac\u00e1"},"image":{"@id":"https:\/\/www.cftestataltarapaca.cl\/inicio\/#\/schema\/logo\/image\/"},"sameAs":["https:\/\/www.facebook.com\/CFTestataltarapaca\/","https:\/\/x.com\/CFTesTarapaca","https:\/\/www.instagram.com\/CFTestataltarapaca\/"]},{"@type":"Person","@id":"https:\/\/www.cftestataltarapaca.cl\/inicio\/#\/schema\/person\/ad1fbfa1fa7c3d3889f4ae5401dd660e","name":"Comunicaciones","image":{"@type":"ImageObject","inLanguage":"es","@id":"https:\/\/secure.gravatar.com\/avatar\/ed1c2728327f20a5a62edaeb7dc181858f225b765044c5314c3d1059a1bd992f?s=96&d=mm&r=g","url":"https:\/\/secure.gravatar.com\/avatar\/ed1c2728327f20a5a62edaeb7dc181858f225b765044c5314c3d1059a1bd992f?s=96&d=mm&r=g","contentUrl":"https:\/\/secure.gravatar.com\/avatar\/ed1c2728327f20a5a62edaeb7dc181858f225b765044c5314c3d1059a1bd992f?s=96&d=mm&r=g","caption":"Comunicaciones"},"sameAs":["http:\/\/www.cftestataltarapaca.cl"],"url":"https:\/\/www.cftestataltarapaca.cl\/inicio\/author\/comunicaciones\/"}]}},"publishpress_future_action":{"enabled":false,"date":"2026-05-08 20:34:56","action":"change-status","newStatus":"draft","terms":[],"taxonomy":"category","extraData":[]},"publishpress_future_workflow_manual_trigger":{"enabledWorkflows":[]},"_links":{"self":[{"href":"https:\/\/www.cftestataltarapaca.cl\/inicio\/wp-json\/wp\/v2\/posts\/4673","targetHints":{"allow":["GET"]}}],"collection":[{"href":"https:\/\/www.cftestataltarapaca.cl\/inicio\/wp-json\/wp\/v2\/posts"}],"about":[{"href":"https:\/\/www.cftestataltarapaca.cl\/inicio\/wp-json\/wp\/v2\/types\/post"}],"author":[{"embeddable":true,"href":"https:\/\/www.cftestataltarapaca.cl\/inicio\/wp-json\/wp\/v2\/users\/2"}],"replies":[{"embeddable":true,"href":"https:\/\/www.cftestataltarapaca.cl\/inicio\/wp-json\/wp\/v2\/comments?post=4673"}],"version-history":[{"count":4,"href":"https:\/\/www.cftestataltarapaca.cl\/inicio\/wp-json\/wp\/v2\/posts\/4673\/revisions"}],"predecessor-version":[{"id":4752,"href":"https:\/\/www.cftestataltarapaca.cl\/inicio\/wp-json\/wp\/v2\/posts\/4673\/revisions\/4752"}],"wp:featuredmedia":[{"embeddable":true,"href":"https:\/\/www.cftestataltarapaca.cl\/inicio\/wp-json\/wp\/v2\/media\/4674"}],"wp:attachment":[{"href":"https:\/\/www.cftestataltarapaca.cl\/inicio\/wp-json\/wp\/v2\/media?parent=4673"}],"wp:term":[{"taxonomy":"category","embeddable":true,"href":"https:\/\/www.cftestataltarapaca.cl\/inicio\/wp-json\/wp\/v2\/categories?post=4673"},{"taxonomy":"post_tag","embeddable":true,"href":"https:\/\/www.cftestataltarapaca.cl\/inicio\/wp-json\/wp\/v2\/tags?post=4673"}],"curies":[{"name":"wp","href":"https:\/\/api.w.org\/{rel}","templated":true}]}}