{"id":4773,"date":"2020-07-17T16:41:08","date_gmt":"2020-07-17T16:41:08","guid":{"rendered":"https:\/\/www.cftestataltarapaca.cl\/inicio\/?p=4773"},"modified":"2020-07-24T15:35:58","modified_gmt":"2020-07-24T15:35:58","slug":"acceso-a-la-educacion-superior-ministerio-de-educacion-ajusta-contenidos-de-pruebas-de-transicion-2020-por-emergencia-covid-19","status":"publish","type":"post","link":"https:\/\/www.cftestataltarapaca.cl\/inicio\/2020\/07\/17\/acceso-a-la-educacion-superior-ministerio-de-educacion-ajusta-contenidos-de-pruebas-de-transicion-2020-por-emergencia-covid-19\/","title":{"rendered":"Acceso a la Educaci\u00f3n Superior: Ministerio de Educaci\u00f3n ajusta contenidos de Pruebas de Transici\u00f3n 2020 por Emergencia COVID-19"},"content":{"rendered":"<p style=\"text-align: justify;\">En el marco de la emergencia por COVID-19, el Ministerio de Educaci\u00f3n revis\u00f3 y ajust\u00f3 los contenidos de 4\u00b0 medio que considerar\u00e1n las Pruebas de Transici\u00f3n que se utilizar\u00e1n para la admisi\u00f3n a las universidades adscritas al Sistema de Acceso a la Educaci\u00f3n Superior, que a partir de este a\u00f1o est\u00e1 a cargo de la Subsecretar\u00eda de Educaci\u00f3n Superior. As\u00ed, tras un an\u00e1lisis detallado de la Unidad de Curr\u00edculum y Evaluaci\u00f3n (UCE), el Mineduc solicit\u00f3 al Departamento de Evaluaci\u00f3n, Medici\u00f3n y Registro Educacional de la Universidad de Chile (DEMRE) priorizar en las Pruebas de Transici\u00f3n 2020, los contenidos esenciales para los estudiantes de 4\u00b0 medio de todo el pa\u00eds.<!--more--><\/p>\n<p style=\"text-align: justify;\">\u201cEste ser\u00e1 un a\u00f1o distinto para los estudiantes y especialmente para los j\u00f3venes de 4\u00b0 medio que rendir\u00e1n las Pruebas de Transici\u00f3n que reemplazar\u00e1n la antigua PSU. Queremos que esta emergencia no perjudique a los alumnos y por eso estamos priorizando los contenidos para que los colegios puedan enfocarse en aquellos que son esenciales\u201d, destac\u00f3 el subsecretario de Educaci\u00f3n Superior, Juan Eduardo Vargas.<\/p>\n<p style=\"text-align: justify;\">En concreto, se actualizaron los temarios de las pruebas obligatorias de Comprensi\u00f3n Lectora y Matem\u00e1ticas, adem\u00e1s de la prueba electiva de Historia. En el caso de Ciencias, no se contempla un ajuste del temario, ya que, tanto en el m\u00f3dulo com\u00fan como en los electivos, se consideran principalmente contenidos que se imparten hasta 3\u00b0 medio. El detalle de todos los temarios de cada prueba ya se encuentra disponible en los portales de\u00a0<a href=\"https:\/\/educacionsuperior.mineduc.cl\/sobre-el-nuevo-sistema-de-acceso\/educacion-universitaria\/\" target=\"_blank\" rel=\"noreferrer noopener\">Mineduc<\/a>\u00a0y\u00a0<a href=\"https:\/\/www.demre.cl\/publicaciones\/listado-2021\" target=\"_blank\" rel=\"noreferrer noopener\">DEMRE<\/a>.<\/p>\n<div class=\"container mx-auto p-0\">\n<div class=\"container-fluid m-0 p-0\">\n<div class=\"container m-0 p-0\">\n<div class=\"container px-3\">\n<div id=\"slick2\" class=\"dkt\">\n<div class=\"slide\">\n<div class=\"card\">\n<div class=\"row m-0 mb-4 py-5 d-flex\">\n<div class=\"row col-12 col-md-10 card-body mt-3 d-flex\">\n<div class=\"d-flex\">\n<div class=\"col-12 social row\">\n<div class=\"col-12 col-md-9 offset-1\">\n<h3><strong>SOBRE LA NUEVA PRUEBA DE TRANSICI\u00d3N<\/strong><\/h3>\n<p style=\"text-align: justify;\">Cabe recordar que, a comienzos de marzo, el Ministerio de Educaci\u00f3n inform\u00f3 que a partir de este a\u00f1o el Nuevo Sistema de Acceso a la Educaci\u00f3n Superior considerar\u00e1 una Prueba de Transici\u00f3n para la admisi\u00f3n universitaria en los a\u00f1os 2020 y 2021, en la que se eliminar\u00e1n los aspectos m\u00e1s cuestionados de la PSU y sumar\u00e1n gradualmente preguntas que midan las competencias esenciales para el buen desempe\u00f1o de los estudiantes en la Educaci\u00f3n Superior. De esta forma, se suprimen alrededor de un tercio de los contenidos o secciones de la antigua prueba, que de acuerdo con toda la evidencia no eran esenciales y propiciaban inequidades entre los estudiantes.<\/p>\n<\/div>\n<\/div>\n<\/div>\n<\/div>\n<\/div>\n<\/div>\n<\/div>\n<\/div>\n<\/div>\n<\/div>\n<\/div>\n<\/div>\n<footer class=\"container-fluid px-0 px-md-2 d-none d-md-block\">\n<div class=\"container bg-gris-oscuro pt-4 pb-3\">\n<div class=\"row pr-3\">\n<div class=\"col-5 mr-auto position-md-absolute\">\n<div class=\"row\">\n<div class=\"row col-md mr-auto\"><\/div>\n<\/div>\n<\/div>\n<\/div>\n<\/div>\n<\/footer>\n","protected":false},"excerpt":{"rendered":"<p>En el marco de la emergencia por COVID-19, el Ministerio de Educaci\u00f3n revis\u00f3 y ajust\u00f3 los contenidos de 4\u00b0 medio que considerar\u00e1n las Pruebas de Transici\u00f3n que se utilizar\u00e1n para&#8230;<\/p>\n","protected":false},"author":2,"featured_media":4774,"comment_status":"open","ping_status":"open","sticky":false,"template":"","format":"standard","meta":{"_joinchat":[],"footnotes":""},"categories":[49,46,52,118],"tags":[],"class_list":["post-4773","post","type-post","status-publish","format-standard","has-post-thumbnail","hentry","category-academico","category-admision","category-comunicados","category-covid-19"],"yoast_head":"<!-- This site is optimized with the Yoast SEO plugin v27.4 - https:\/\/yoast.com\/product\/yoast-seo-wordpress\/ -->\n<title>Acceso a la Educaci\u00f3n Superior: Ministerio de Educaci\u00f3n ajusta contenidos de Pruebas de Transici\u00f3n 2020 por Emergencia COVID-19 - CFT Estatal Tarapac\u00e1<\/title>\n<meta name=\"robots\" content=\"index, follow, max-snippet:-1, max-image-preview:large, max-video-preview:-1\" \/>\n<link rel=\"canonical\" href=\"https:\/\/www.cftestataltarapaca.cl\/inicio\/2020\/07\/17\/acceso-a-la-educacion-superior-ministerio-de-educacion-ajusta-contenidos-de-pruebas-de-transicion-2020-por-emergencia-covid-19\/\" \/>\n<meta property=\"og:locale\" content=\"es_ES\" \/>\n<meta property=\"og:type\" content=\"article\" \/>\n<meta property=\"og:title\" content=\"Acceso a la Educaci\u00f3n Superior: Ministerio de Educaci\u00f3n ajusta contenidos de Pruebas de Transici\u00f3n 2020 por Emergencia COVID-19 - CFT Estatal Tarapac\u00e1\" \/>\n<meta property=\"og:description\" content=\"En el marco de la emergencia por COVID-19, el Ministerio de Educaci\u00f3n revis\u00f3 y ajust\u00f3 los contenidos de 4\u00b0 medio que considerar\u00e1n las Pruebas de Transici\u00f3n que se utilizar\u00e1n para...\" \/>\n<meta property=\"og:url\" content=\"https:\/\/www.cftestataltarapaca.cl\/inicio\/2020\/07\/17\/acceso-a-la-educacion-superior-ministerio-de-educacion-ajusta-contenidos-de-pruebas-de-transicion-2020-por-emergencia-covid-19\/\" \/>\n<meta property=\"og:site_name\" content=\"CFT Estatal Tarapac\u00e1\" \/>\n<meta property=\"article:publisher\" content=\"https:\/\/www.facebook.com\/CFTestataltarapaca\/\" \/>\n<meta property=\"article:published_time\" content=\"2020-07-17T16:41:08+00:00\" \/>\n<meta property=\"article:modified_time\" content=\"2020-07-24T15:35:58+00:00\" \/>\n<meta property=\"og:image\" content=\"https:\/\/www.cftestataltarapaca.cl\/inicio\/wp-content\/uploads\/2020\/07\/subsecretario-educ.jpg\" \/>\n\t<meta property=\"og:image:width\" content=\"1280\" \/>\n\t<meta property=\"og:image:height\" content=\"640\" \/>\n\t<meta property=\"og:image:type\" content=\"image\/jpeg\" \/>\n<meta name=\"author\" content=\"Comunicaciones\" \/>\n<meta name=\"twitter:card\" content=\"summary_large_image\" \/>\n<meta name=\"twitter:creator\" content=\"@CFTesTarapaca\" \/>\n<meta name=\"twitter:site\" content=\"@CFTesTarapaca\" \/>\n<meta name=\"twitter:label1\" content=\"Escrito por\" \/>\n\t<meta name=\"twitter:data1\" content=\"Comunicaciones\" \/>\n\t<meta name=\"twitter:label2\" content=\"Tiempo de lectura\" \/>\n\t<meta name=\"twitter:data2\" content=\"2 minutos\" \/>\n<script type=\"application\/ld+json\" class=\"yoast-schema-graph\">{\"@context\":\"https:\\\/\\\/schema.org\",\"@graph\":[{\"@type\":\"Article\",\"@id\":\"https:\\\/\\\/www.cftestataltarapaca.cl\\\/inicio\\\/2020\\\/07\\\/17\\\/acceso-a-la-educacion-superior-ministerio-de-educacion-ajusta-contenidos-de-pruebas-de-transicion-2020-por-emergencia-covid-19\\\/#article\",\"isPartOf\":{\"@id\":\"https:\\\/\\\/www.cftestataltarapaca.cl\\\/inicio\\\/2020\\\/07\\\/17\\\/acceso-a-la-educacion-superior-ministerio-de-educacion-ajusta-contenidos-de-pruebas-de-transicion-2020-por-emergencia-covid-19\\\/\"},\"author\":{\"name\":\"Comunicaciones\",\"@id\":\"https:\\\/\\\/www.cftestataltarapaca.cl\\\/inicio\\\/#\\\/schema\\\/person\\\/ad1fbfa1fa7c3d3889f4ae5401dd660e\"},\"headline\":\"Acceso a la Educaci\u00f3n Superior: Ministerio de Educaci\u00f3n ajusta contenidos de Pruebas de Transici\u00f3n 2020 por Emergencia COVID-19\",\"datePublished\":\"2020-07-17T16:41:08+00:00\",\"dateModified\":\"2020-07-24T15:35:58+00:00\",\"mainEntityOfPage\":{\"@id\":\"https:\\\/\\\/www.cftestataltarapaca.cl\\\/inicio\\\/2020\\\/07\\\/17\\\/acceso-a-la-educacion-superior-ministerio-de-educacion-ajusta-contenidos-de-pruebas-de-transicion-2020-por-emergencia-covid-19\\\/\"},\"wordCount\":413,\"commentCount\":0,\"publisher\":{\"@id\":\"https:\\\/\\\/www.cftestataltarapaca.cl\\\/inicio\\\/#organization\"},\"image\":{\"@id\":\"https:\\\/\\\/www.cftestataltarapaca.cl\\\/inicio\\\/2020\\\/07\\\/17\\\/acceso-a-la-educacion-superior-ministerio-de-educacion-ajusta-contenidos-de-pruebas-de-transicion-2020-por-emergencia-covid-19\\\/#primaryimage\"},\"thumbnailUrl\":\"https:\\\/\\\/www.cftestataltarapaca.cl\\\/inicio\\\/wp-content\\\/uploads\\\/2020\\\/07\\\/subsecretario-educ.jpg\",\"articleSection\":[\"Acad\u00e9mico\",\"Admisi\u00f3n\",\"Comunicados\",\"Covid 19\"],\"inLanguage\":\"es\",\"potentialAction\":[{\"@type\":\"CommentAction\",\"name\":\"Comment\",\"target\":[\"https:\\\/\\\/www.cftestataltarapaca.cl\\\/inicio\\\/2020\\\/07\\\/17\\\/acceso-a-la-educacion-superior-ministerio-de-educacion-ajusta-contenidos-de-pruebas-de-transicion-2020-por-emergencia-covid-19\\\/#respond\"]}]},{\"@type\":\"WebPage\",\"@id\":\"https:\\\/\\\/www.cftestataltarapaca.cl\\\/inicio\\\/2020\\\/07\\\/17\\\/acceso-a-la-educacion-superior-ministerio-de-educacion-ajusta-contenidos-de-pruebas-de-transicion-2020-por-emergencia-covid-19\\\/\",\"url\":\"https:\\\/\\\/www.cftestataltarapaca.cl\\\/inicio\\\/2020\\\/07\\\/17\\\/acceso-a-la-educacion-superior-ministerio-de-educacion-ajusta-contenidos-de-pruebas-de-transicion-2020-por-emergencia-covid-19\\\/\",\"name\":\"Acceso a la Educaci\u00f3n Superior: Ministerio de Educaci\u00f3n ajusta contenidos de Pruebas de Transici\u00f3n 2020 por Emergencia COVID-19 - CFT Estatal Tarapac\u00e1\",\"isPartOf\":{\"@id\":\"https:\\\/\\\/www.cftestataltarapaca.cl\\\/inicio\\\/#website\"},\"primaryImageOfPage\":{\"@id\":\"https:\\\/\\\/www.cftestataltarapaca.cl\\\/inicio\\\/2020\\\/07\\\/17\\\/acceso-a-la-educacion-superior-ministerio-de-educacion-ajusta-contenidos-de-pruebas-de-transicion-2020-por-emergencia-covid-19\\\/#primaryimage\"},\"image\":{\"@id\":\"https:\\\/\\\/www.cftestataltarapaca.cl\\\/inicio\\\/2020\\\/07\\\/17\\\/acceso-a-la-educacion-superior-ministerio-de-educacion-ajusta-contenidos-de-pruebas-de-transicion-2020-por-emergencia-covid-19\\\/#primaryimage\"},\"thumbnailUrl\":\"https:\\\/\\\/www.cftestataltarapaca.cl\\\/inicio\\\/wp-content\\\/uploads\\\/2020\\\/07\\\/subsecretario-educ.jpg\",\"datePublished\":\"2020-07-17T16:41:08+00:00\",\"dateModified\":\"2020-07-24T15:35:58+00:00\",\"breadcrumb\":{\"@id\":\"https:\\\/\\\/www.cftestataltarapaca.cl\\\/inicio\\\/2020\\\/07\\\/17\\\/acceso-a-la-educacion-superior-ministerio-de-educacion-ajusta-contenidos-de-pruebas-de-transicion-2020-por-emergencia-covid-19\\\/#breadcrumb\"},\"inLanguage\":\"es\",\"potentialAction\":[{\"@type\":\"ReadAction\",\"target\":[\"https:\\\/\\\/www.cftestataltarapaca.cl\\\/inicio\\\/2020\\\/07\\\/17\\\/acceso-a-la-educacion-superior-ministerio-de-educacion-ajusta-contenidos-de-pruebas-de-transicion-2020-por-emergencia-covid-19\\\/\"]}]},{\"@type\":\"ImageObject\",\"inLanguage\":\"es\",\"@id\":\"https:\\\/\\\/www.cftestataltarapaca.cl\\\/inicio\\\/2020\\\/07\\\/17\\\/acceso-a-la-educacion-superior-ministerio-de-educacion-ajusta-contenidos-de-pruebas-de-transicion-2020-por-emergencia-covid-19\\\/#primaryimage\",\"url\":\"https:\\\/\\\/www.cftestataltarapaca.cl\\\/inicio\\\/wp-content\\\/uploads\\\/2020\\\/07\\\/subsecretario-educ.jpg\",\"contentUrl\":\"https:\\\/\\\/www.cftestataltarapaca.cl\\\/inicio\\\/wp-content\\\/uploads\\\/2020\\\/07\\\/subsecretario-educ.jpg\",\"width\":1280,\"height\":640},{\"@type\":\"BreadcrumbList\",\"@id\":\"https:\\\/\\\/www.cftestataltarapaca.cl\\\/inicio\\\/2020\\\/07\\\/17\\\/acceso-a-la-educacion-superior-ministerio-de-educacion-ajusta-contenidos-de-pruebas-de-transicion-2020-por-emergencia-covid-19\\\/#breadcrumb\",\"itemListElement\":[{\"@type\":\"ListItem\",\"position\":1,\"name\":\"Portada\",\"item\":\"https:\\\/\\\/www.cftestataltarapaca.cl\\\/inicio\\\/\"},{\"@type\":\"ListItem\",\"position\":2,\"name\":\"Acceso a la Educaci\u00f3n Superior: Ministerio de Educaci\u00f3n ajusta contenidos de Pruebas de Transici\u00f3n 2020 por Emergencia COVID-19\"}]},{\"@type\":\"WebSite\",\"@id\":\"https:\\\/\\\/www.cftestataltarapaca.cl\\\/inicio\\\/#website\",\"url\":\"https:\\\/\\\/www.cftestataltarapaca.cl\\\/inicio\\\/\",\"name\":\"CFT Estatal Tarapac\u00e1\",\"description\":\"Admisi\u00f3n 2025\",\"publisher\":{\"@id\":\"https:\\\/\\\/www.cftestataltarapaca.cl\\\/inicio\\\/#organization\"},\"potentialAction\":[{\"@type\":\"SearchAction\",\"target\":{\"@type\":\"EntryPoint\",\"urlTemplate\":\"https:\\\/\\\/www.cftestataltarapaca.cl\\\/inicio\\\/?s={search_term_string}\"},\"query-input\":{\"@type\":\"PropertyValueSpecification\",\"valueRequired\":true,\"valueName\":\"search_term_string\"}}],\"inLanguage\":\"es\"},{\"@type\":\"Organization\",\"@id\":\"https:\\\/\\\/www.cftestataltarapaca.cl\\\/inicio\\\/#organization\",\"name\":\"CFT Estatal Tarapac\u00e1\",\"url\":\"https:\\\/\\\/www.cftestataltarapaca.cl\\\/inicio\\\/\",\"logo\":{\"@type\":\"ImageObject\",\"inLanguage\":\"es\",\"@id\":\"https:\\\/\\\/www.cftestataltarapaca.cl\\\/inicio\\\/#\\\/schema\\\/logo\\\/image\\\/\",\"url\":\"https:\\\/\\\/www.cftestataltarapaca.cl\\\/inicio\\\/wp-content\\\/uploads\\\/2019\\\/03\\\/logo-retina-1.png\",\"contentUrl\":\"https:\\\/\\\/www.cftestataltarapaca.cl\\\/inicio\\\/wp-content\\\/uploads\\\/2019\\\/03\\\/logo-retina-1.png\",\"width\":401,\"height\":150,\"caption\":\"CFT Estatal Tarapac\u00e1\"},\"image\":{\"@id\":\"https:\\\/\\\/www.cftestataltarapaca.cl\\\/inicio\\\/#\\\/schema\\\/logo\\\/image\\\/\"},\"sameAs\":[\"https:\\\/\\\/www.facebook.com\\\/CFTestataltarapaca\\\/\",\"https:\\\/\\\/x.com\\\/CFTesTarapaca\",\"https:\\\/\\\/www.instagram.com\\\/CFTestataltarapaca\\\/\"]},{\"@type\":\"Person\",\"@id\":\"https:\\\/\\\/www.cftestataltarapaca.cl\\\/inicio\\\/#\\\/schema\\\/person\\\/ad1fbfa1fa7c3d3889f4ae5401dd660e\",\"name\":\"Comunicaciones\",\"image\":{\"@type\":\"ImageObject\",\"inLanguage\":\"es\",\"@id\":\"https:\\\/\\\/secure.gravatar.com\\\/avatar\\\/ed1c2728327f20a5a62edaeb7dc181858f225b765044c5314c3d1059a1bd992f?s=96&d=mm&r=g\",\"url\":\"https:\\\/\\\/secure.gravatar.com\\\/avatar\\\/ed1c2728327f20a5a62edaeb7dc181858f225b765044c5314c3d1059a1bd992f?s=96&d=mm&r=g\",\"contentUrl\":\"https:\\\/\\\/secure.gravatar.com\\\/avatar\\\/ed1c2728327f20a5a62edaeb7dc181858f225b765044c5314c3d1059a1bd992f?s=96&d=mm&r=g\",\"caption\":\"Comunicaciones\"},\"sameAs\":[\"http:\\\/\\\/www.cftestataltarapaca.cl\"],\"url\":\"https:\\\/\\\/www.cftestataltarapaca.cl\\\/inicio\\\/author\\\/comunicaciones\\\/\"}]}<\/script>\n<!-- \/ Yoast SEO plugin. -->","yoast_head_json":{"title":"Acceso a la Educaci\u00f3n Superior: Ministerio de Educaci\u00f3n ajusta contenidos de Pruebas de Transici\u00f3n 2020 por Emergencia COVID-19 - CFT Estatal Tarapac\u00e1","robots":{"index":"index","follow":"follow","max-snippet":"max-snippet:-1","max-image-preview":"max-image-preview:large","max-video-preview":"max-video-preview:-1"},"canonical":"https:\/\/www.cftestataltarapaca.cl\/inicio\/2020\/07\/17\/acceso-a-la-educacion-superior-ministerio-de-educacion-ajusta-contenidos-de-pruebas-de-transicion-2020-por-emergencia-covid-19\/","og_locale":"es_ES","og_type":"article","og_title":"Acceso a la Educaci\u00f3n Superior: Ministerio de Educaci\u00f3n ajusta contenidos de Pruebas de Transici\u00f3n 2020 por Emergencia COVID-19 - CFT Estatal Tarapac\u00e1","og_description":"En el marco de la emergencia por COVID-19, el Ministerio de Educaci\u00f3n revis\u00f3 y ajust\u00f3 los contenidos de 4\u00b0 medio que considerar\u00e1n las Pruebas de Transici\u00f3n que se utilizar\u00e1n para...","og_url":"https:\/\/www.cftestataltarapaca.cl\/inicio\/2020\/07\/17\/acceso-a-la-educacion-superior-ministerio-de-educacion-ajusta-contenidos-de-pruebas-de-transicion-2020-por-emergencia-covid-19\/","og_site_name":"CFT Estatal Tarapac\u00e1","article_publisher":"https:\/\/www.facebook.com\/CFTestataltarapaca\/","article_published_time":"2020-07-17T16:41:08+00:00","article_modified_time":"2020-07-24T15:35:58+00:00","og_image":[{"width":1280,"height":640,"url":"https:\/\/www.cftestataltarapaca.cl\/inicio\/wp-content\/uploads\/2020\/07\/subsecretario-educ.jpg","type":"image\/jpeg"}],"author":"Comunicaciones","twitter_card":"summary_large_image","twitter_creator":"@CFTesTarapaca","twitter_site":"@CFTesTarapaca","twitter_misc":{"Escrito por":"Comunicaciones","Tiempo de lectura":"2 minutos"},"schema":{"@context":"https:\/\/schema.org","@graph":[{"@type":"Article","@id":"https:\/\/www.cftestataltarapaca.cl\/inicio\/2020\/07\/17\/acceso-a-la-educacion-superior-ministerio-de-educacion-ajusta-contenidos-de-pruebas-de-transicion-2020-por-emergencia-covid-19\/#article","isPartOf":{"@id":"https:\/\/www.cftestataltarapaca.cl\/inicio\/2020\/07\/17\/acceso-a-la-educacion-superior-ministerio-de-educacion-ajusta-contenidos-de-pruebas-de-transicion-2020-por-emergencia-covid-19\/"},"author":{"name":"Comunicaciones","@id":"https:\/\/www.cftestataltarapaca.cl\/inicio\/#\/schema\/person\/ad1fbfa1fa7c3d3889f4ae5401dd660e"},"headline":"Acceso a la Educaci\u00f3n Superior: Ministerio de Educaci\u00f3n ajusta contenidos de Pruebas de Transici\u00f3n 2020 por Emergencia COVID-19","datePublished":"2020-07-17T16:41:08+00:00","dateModified":"2020-07-24T15:35:58+00:00","mainEntityOfPage":{"@id":"https:\/\/www.cftestataltarapaca.cl\/inicio\/2020\/07\/17\/acceso-a-la-educacion-superior-ministerio-de-educacion-ajusta-contenidos-de-pruebas-de-transicion-2020-por-emergencia-covid-19\/"},"wordCount":413,"commentCount":0,"publisher":{"@id":"https:\/\/www.cftestataltarapaca.cl\/inicio\/#organization"},"image":{"@id":"https:\/\/www.cftestataltarapaca.cl\/inicio\/2020\/07\/17\/acceso-a-la-educacion-superior-ministerio-de-educacion-ajusta-contenidos-de-pruebas-de-transicion-2020-por-emergencia-covid-19\/#primaryimage"},"thumbnailUrl":"https:\/\/www.cftestataltarapaca.cl\/inicio\/wp-content\/uploads\/2020\/07\/subsecretario-educ.jpg","articleSection":["Acad\u00e9mico","Admisi\u00f3n","Comunicados","Covid 19"],"inLanguage":"es","potentialAction":[{"@type":"CommentAction","name":"Comment","target":["https:\/\/www.cftestataltarapaca.cl\/inicio\/2020\/07\/17\/acceso-a-la-educacion-superior-ministerio-de-educacion-ajusta-contenidos-de-pruebas-de-transicion-2020-por-emergencia-covid-19\/#respond"]}]},{"@type":"WebPage","@id":"https:\/\/www.cftestataltarapaca.cl\/inicio\/2020\/07\/17\/acceso-a-la-educacion-superior-ministerio-de-educacion-ajusta-contenidos-de-pruebas-de-transicion-2020-por-emergencia-covid-19\/","url":"https:\/\/www.cftestataltarapaca.cl\/inicio\/2020\/07\/17\/acceso-a-la-educacion-superior-ministerio-de-educacion-ajusta-contenidos-de-pruebas-de-transicion-2020-por-emergencia-covid-19\/","name":"Acceso a la Educaci\u00f3n Superior: Ministerio de Educaci\u00f3n ajusta contenidos de Pruebas de Transici\u00f3n 2020 por Emergencia COVID-19 - CFT Estatal Tarapac\u00e1","isPartOf":{"@id":"https:\/\/www.cftestataltarapaca.cl\/inicio\/#website"},"primaryImageOfPage":{"@id":"https:\/\/www.cftestataltarapaca.cl\/inicio\/2020\/07\/17\/acceso-a-la-educacion-superior-ministerio-de-educacion-ajusta-contenidos-de-pruebas-de-transicion-2020-por-emergencia-covid-19\/#primaryimage"},"image":{"@id":"https:\/\/www.cftestataltarapaca.cl\/inicio\/2020\/07\/17\/acceso-a-la-educacion-superior-ministerio-de-educacion-ajusta-contenidos-de-pruebas-de-transicion-2020-por-emergencia-covid-19\/#primaryimage"},"thumbnailUrl":"https:\/\/www.cftestataltarapaca.cl\/inicio\/wp-content\/uploads\/2020\/07\/subsecretario-educ.jpg","datePublished":"2020-07-17T16:41:08+00:00","dateModified":"2020-07-24T15:35:58+00:00","breadcrumb":{"@id":"https:\/\/www.cftestataltarapaca.cl\/inicio\/2020\/07\/17\/acceso-a-la-educacion-superior-ministerio-de-educacion-ajusta-contenidos-de-pruebas-de-transicion-2020-por-emergencia-covid-19\/#breadcrumb"},"inLanguage":"es","potentialAction":[{"@type":"ReadAction","target":["https:\/\/www.cftestataltarapaca.cl\/inicio\/2020\/07\/17\/acceso-a-la-educacion-superior-ministerio-de-educacion-ajusta-contenidos-de-pruebas-de-transicion-2020-por-emergencia-covid-19\/"]}]},{"@type":"ImageObject","inLanguage":"es","@id":"https:\/\/www.cftestataltarapaca.cl\/inicio\/2020\/07\/17\/acceso-a-la-educacion-superior-ministerio-de-educacion-ajusta-contenidos-de-pruebas-de-transicion-2020-por-emergencia-covid-19\/#primaryimage","url":"https:\/\/www.cftestataltarapaca.cl\/inicio\/wp-content\/uploads\/2020\/07\/subsecretario-educ.jpg","contentUrl":"https:\/\/www.cftestataltarapaca.cl\/inicio\/wp-content\/uploads\/2020\/07\/subsecretario-educ.jpg","width":1280,"height":640},{"@type":"BreadcrumbList","@id":"https:\/\/www.cftestataltarapaca.cl\/inicio\/2020\/07\/17\/acceso-a-la-educacion-superior-ministerio-de-educacion-ajusta-contenidos-de-pruebas-de-transicion-2020-por-emergencia-covid-19\/#breadcrumb","itemListElement":[{"@type":"ListItem","position":1,"name":"Portada","item":"https:\/\/www.cftestataltarapaca.cl\/inicio\/"},{"@type":"ListItem","position":2,"name":"Acceso a la Educaci\u00f3n Superior: Ministerio de Educaci\u00f3n ajusta contenidos de Pruebas de Transici\u00f3n 2020 por Emergencia COVID-19"}]},{"@type":"WebSite","@id":"https:\/\/www.cftestataltarapaca.cl\/inicio\/#website","url":"https:\/\/www.cftestataltarapaca.cl\/inicio\/","name":"CFT Estatal Tarapac\u00e1","description":"Admisi\u00f3n 2025","publisher":{"@id":"https:\/\/www.cftestataltarapaca.cl\/inicio\/#organization"},"potentialAction":[{"@type":"SearchAction","target":{"@type":"EntryPoint","urlTemplate":"https:\/\/www.cftestataltarapaca.cl\/inicio\/?s={search_term_string}"},"query-input":{"@type":"PropertyValueSpecification","valueRequired":true,"valueName":"search_term_string"}}],"inLanguage":"es"},{"@type":"Organization","@id":"https:\/\/www.cftestataltarapaca.cl\/inicio\/#organization","name":"CFT Estatal Tarapac\u00e1","url":"https:\/\/www.cftestataltarapaca.cl\/inicio\/","logo":{"@type":"ImageObject","inLanguage":"es","@id":"https:\/\/www.cftestataltarapaca.cl\/inicio\/#\/schema\/logo\/image\/","url":"https:\/\/www.cftestataltarapaca.cl\/inicio\/wp-content\/uploads\/2019\/03\/logo-retina-1.png","contentUrl":"https:\/\/www.cftestataltarapaca.cl\/inicio\/wp-content\/uploads\/2019\/03\/logo-retina-1.png","width":401,"height":150,"caption":"CFT Estatal Tarapac\u00e1"},"image":{"@id":"https:\/\/www.cftestataltarapaca.cl\/inicio\/#\/schema\/logo\/image\/"},"sameAs":["https:\/\/www.facebook.com\/CFTestataltarapaca\/","https:\/\/x.com\/CFTesTarapaca","https:\/\/www.instagram.com\/CFTestataltarapaca\/"]},{"@type":"Person","@id":"https:\/\/www.cftestataltarapaca.cl\/inicio\/#\/schema\/person\/ad1fbfa1fa7c3d3889f4ae5401dd660e","name":"Comunicaciones","image":{"@type":"ImageObject","inLanguage":"es","@id":"https:\/\/secure.gravatar.com\/avatar\/ed1c2728327f20a5a62edaeb7dc181858f225b765044c5314c3d1059a1bd992f?s=96&d=mm&r=g","url":"https:\/\/secure.gravatar.com\/avatar\/ed1c2728327f20a5a62edaeb7dc181858f225b765044c5314c3d1059a1bd992f?s=96&d=mm&r=g","contentUrl":"https:\/\/secure.gravatar.com\/avatar\/ed1c2728327f20a5a62edaeb7dc181858f225b765044c5314c3d1059a1bd992f?s=96&d=mm&r=g","caption":"Comunicaciones"},"sameAs":["http:\/\/www.cftestataltarapaca.cl"],"url":"https:\/\/www.cftestataltarapaca.cl\/inicio\/author\/comunicaciones\/"}]}},"publishpress_future_action":{"enabled":false,"date":"2026-05-08 11:25:25","action":"change-status","newStatus":"draft","terms":[],"taxonomy":"category","extraData":[]},"publishpress_future_workflow_manual_trigger":{"enabledWorkflows":[]},"_links":{"self":[{"href":"https:\/\/www.cftestataltarapaca.cl\/inicio\/wp-json\/wp\/v2\/posts\/4773","targetHints":{"allow":["GET"]}}],"collection":[{"href":"https:\/\/www.cftestataltarapaca.cl\/inicio\/wp-json\/wp\/v2\/posts"}],"about":[{"href":"https:\/\/www.cftestataltarapaca.cl\/inicio\/wp-json\/wp\/v2\/types\/post"}],"author":[{"embeddable":true,"href":"https:\/\/www.cftestataltarapaca.cl\/inicio\/wp-json\/wp\/v2\/users\/2"}],"replies":[{"embeddable":true,"href":"https:\/\/www.cftestataltarapaca.cl\/inicio\/wp-json\/wp\/v2\/comments?post=4773"}],"version-history":[{"count":2,"href":"https:\/\/www.cftestataltarapaca.cl\/inicio\/wp-json\/wp\/v2\/posts\/4773\/revisions"}],"predecessor-version":[{"id":4808,"href":"https:\/\/www.cftestataltarapaca.cl\/inicio\/wp-json\/wp\/v2\/posts\/4773\/revisions\/4808"}],"wp:featuredmedia":[{"embeddable":true,"href":"https:\/\/www.cftestataltarapaca.cl\/inicio\/wp-json\/wp\/v2\/media\/4774"}],"wp:attachment":[{"href":"https:\/\/www.cftestataltarapaca.cl\/inicio\/wp-json\/wp\/v2\/media?parent=4773"}],"wp:term":[{"taxonomy":"category","embeddable":true,"href":"https:\/\/www.cftestataltarapaca.cl\/inicio\/wp-json\/wp\/v2\/categories?post=4773"},{"taxonomy":"post_tag","embeddable":true,"href":"https:\/\/www.cftestataltarapaca.cl\/inicio\/wp-json\/wp\/v2\/tags?post=4773"}],"curies":[{"name":"wp","href":"https:\/\/api.w.org\/{rel}","templated":true}]}}