{"id":4971,"date":"2020-08-18T13:38:35","date_gmt":"2020-08-18T13:38:35","guid":{"rendered":"https:\/\/www.cftestataltarapaca.cl\/inicio\/?p=4971"},"modified":"2020-08-22T01:49:50","modified_gmt":"2020-08-22T01:49:50","slug":"docentes-de-liceos-tp-se-capacitan-en-estrategias-didacticas-para-asignaturas-de-matematicas-y-fisica","status":"publish","type":"post","link":"https:\/\/www.cftestataltarapaca.cl\/inicio\/2020\/08\/18\/docentes-de-liceos-tp-se-capacitan-en-estrategias-didacticas-para-asignaturas-de-matematicas-y-fisica\/","title":{"rendered":"Docentes de Liceos TP se capacitan en estrategias did\u00e1cticas para asignaturas de Matem\u00e1ticas y F\u00edsica"},"content":{"rendered":"<p style=\"text-align: justify;\">Docentes de liceos de ense\u00f1anza media T\u00e9cnica Profesional de la regi\u00f3n participan en capacitaci\u00f3n modalidad online, ejecutada por el CFT y financiada por Ministerio de Educaci\u00f3n a trav\u00e9s de su programa Futuro T\u00e9cnico, que desarrolla la consultora Conexium.<!--more--><\/p>\n<p style=\"text-align: justify;\">En ceremonia efectuada v\u00eda streaming, se dio el vamos a los cursos de Introducci\u00f3n al Desarrollo de Competencias en Matem\u00e1ticas y F\u00edsica para la Articulaci\u00f3n con EMTP, los que ser\u00e1n desarrollados en modalidad online desde el 18 de agosto.<\/p>\n<p style=\"text-align: justify;\">La actividad fue encabezada por el rector del CFT Estatal Tarapac\u00e1 Jorge Villegas y el representante de consultora Conexium, Jaime Arenas, contando con la presencia de las y los participantes.<\/p>\n<p style=\"text-align: justify;\">Treinta docentes de 15 establecimientos de la regi\u00f3n cursar\u00e1n la capacitaci\u00f3n, la que tiene como principal objetivo desarrollar y aplicar estrategias did\u00e1cticas en los procesos de ense\u00f1anza aprendizaje de las asignaturas de matem\u00e1ticas y de f\u00edsica, basadas en el enfoque de competencias, y en un proceso de aprendizaje activo y centrado en el alumno, junto a la formaci\u00f3n t\u00e9cnico profesional en educaci\u00f3n media y t\u00e9cnico de nivel superior.<\/p>\n<p style=\"text-align: justify;\">Al respecto el rector del CFT Estatal Tarapac\u00e1, Jorge Villegas, dijo que la actividad est\u00e1 inserta en el programa de Formaci\u00f3n Continua de la instituci\u00f3n y forma parte del compromiso de aportar al desarrollo de la regi\u00f3n a trav\u00e9s de la educaci\u00f3n, compartiendo conocimientos que fortalecer\u00e1n el aprendizaje de la comunidad escolar.<\/p>\n<p style=\"text-align: justify;\">En ese contexto el rector dijo que ante la situaci\u00f3n actual causada por la pandemia y con el objetivo de no aplazar la planificaci\u00f3n del programa Formaci\u00f3n Continua del CFT Estatal Tarapac\u00e1, se determin\u00f3 desarrollar el curso bajo modalidad online, resguardando de esa forma la salud de la comunidad educativa.<\/p>\n<p style=\"text-align: justify;\">Jaime Arenas, jefe de proyecto de Tarapac\u00e1 de Conexium, se\u00f1al\u00f3 que se trata de un desaf\u00edo importante que beneficiar\u00e1 la coordinaci\u00f3n curricular con ellos a las y los egresados de educaci\u00f3n TP de la regi\u00f3n.<\/p>\n<p style=\"text-align: justify;\">CURSO<\/p>\n<p style=\"text-align: justify;\">El curso se desarrolla en 4 m\u00f3dulos modalidad online, los que en total completan 60 horas de clases participativas, basado en el enfoque de competencias e incorporando una evaluaci\u00f3n por m\u00f3dulo.<\/p>\n<p style=\"text-align: justify;\">La capacitaci\u00f3n, realizada mediante plataforma Classroom, ser\u00e1 llevada a cabo por equipo de profesionales conformado por coordinadora, curriculista, tutor y cuatro facilitadores.<\/p>\n<p style=\"text-align: justify;\">FORMACION<\/p>\n<p style=\"text-align: justify;\">Se trata de la tercera capacitaci\u00f3n que CFT Estatal Tarapac\u00e1 lleva a cabo a trav\u00e9s de su programa Formaci\u00f3n Continua, correspondiendo los tres primeros a: 2 Diplomados en Desarrollo de Competencias para Docentes de Matem\u00e1ticas y de F\u00edsica; \u201cF\u00f3rmate para el Trabajo, L\u00ednea Continuidad de Estudios\u201d y el Curso: \u201cT\u00e9cnicas para el desarrollo de habilidades para un \u00f3ptimo servicio a personas\u201d, para funcionarios del Municipio de Alto Hospicio.<\/p>\n","protected":false},"excerpt":{"rendered":"<p>Docentes de liceos de ense\u00f1anza media T\u00e9cnica Profesional de la regi\u00f3n participan en capacitaci\u00f3n modalidad online, ejecutada por el CFT y financiada por Ministerio de Educaci\u00f3n a trav\u00e9s de su&#8230;<\/p>\n","protected":false},"author":2,"featured_media":4972,"comment_status":"open","ping_status":"open","sticky":false,"template":"","format":"standard","meta":{"_joinchat":[],"footnotes":""},"categories":[49,52,45],"tags":[75,111,86,104,80,89],"class_list":["post-4971","post","type-post","status-publish","format-standard","has-post-thumbnail","hentry","category-academico","category-comunicados","category-vinculacion","tag-alto-hospicio","tag-capacitacion","tag-cft-estatal-tarapaca","tag-clases","tag-educacion","tag-educacion-tecnica-profesional"],"yoast_head":"<!-- This site is optimized with the Yoast SEO plugin v27.4 - https:\/\/yoast.com\/product\/yoast-seo-wordpress\/ -->\n<title>Docentes de Liceos TP se capacitan en estrategias did\u00e1cticas para asignaturas de Matem\u00e1ticas y F\u00edsica - CFT Estatal Tarapac\u00e1<\/title>\n<meta name=\"robots\" content=\"index, follow, max-snippet:-1, max-image-preview:large, max-video-preview:-1\" \/>\n<link rel=\"canonical\" href=\"https:\/\/www.cftestataltarapaca.cl\/inicio\/2020\/08\/18\/docentes-de-liceos-tp-se-capacitan-en-estrategias-didacticas-para-asignaturas-de-matematicas-y-fisica\/\" \/>\n<meta property=\"og:locale\" content=\"es_ES\" \/>\n<meta property=\"og:type\" content=\"article\" \/>\n<meta property=\"og:title\" content=\"Docentes de Liceos TP se capacitan en estrategias did\u00e1cticas para asignaturas de Matem\u00e1ticas y F\u00edsica - CFT Estatal Tarapac\u00e1\" \/>\n<meta property=\"og:description\" content=\"Docentes de liceos de ense\u00f1anza media T\u00e9cnica Profesional de la regi\u00f3n participan en capacitaci\u00f3n modalidad online, ejecutada por el CFT y financiada por Ministerio de Educaci\u00f3n a trav\u00e9s de su...\" \/>\n<meta property=\"og:url\" content=\"https:\/\/www.cftestataltarapaca.cl\/inicio\/2020\/08\/18\/docentes-de-liceos-tp-se-capacitan-en-estrategias-didacticas-para-asignaturas-de-matematicas-y-fisica\/\" \/>\n<meta property=\"og:site_name\" content=\"CFT Estatal Tarapac\u00e1\" \/>\n<meta property=\"article:publisher\" content=\"https:\/\/www.facebook.com\/CFTestataltarapaca\/\" \/>\n<meta property=\"article:published_time\" content=\"2020-08-18T13:38:35+00:00\" \/>\n<meta property=\"article:modified_time\" content=\"2020-08-22T01:49:50+00:00\" \/>\n<meta property=\"og:image\" content=\"https:\/\/www.cftestataltarapaca.cl\/inicio\/wp-content\/uploads\/2020\/08\/curso-8.jpg\" \/>\n\t<meta property=\"og:image:width\" content=\"1257\" \/>\n\t<meta property=\"og:image:height\" content=\"584\" \/>\n\t<meta property=\"og:image:type\" content=\"image\/jpeg\" \/>\n<meta name=\"author\" content=\"Comunicaciones\" \/>\n<meta name=\"twitter:card\" content=\"summary_large_image\" \/>\n<meta name=\"twitter:creator\" content=\"@CFTesTarapaca\" \/>\n<meta name=\"twitter:site\" content=\"@CFTesTarapaca\" \/>\n<meta name=\"twitter:label1\" content=\"Escrito por\" \/>\n\t<meta name=\"twitter:data1\" content=\"Comunicaciones\" \/>\n\t<meta name=\"twitter:label2\" content=\"Tiempo de lectura\" \/>\n\t<meta name=\"twitter:data2\" content=\"2 minutos\" \/>\n<script type=\"application\/ld+json\" class=\"yoast-schema-graph\">{\"@context\":\"https:\\\/\\\/schema.org\",\"@graph\":[{\"@type\":\"Article\",\"@id\":\"https:\\\/\\\/www.cftestataltarapaca.cl\\\/inicio\\\/2020\\\/08\\\/18\\\/docentes-de-liceos-tp-se-capacitan-en-estrategias-didacticas-para-asignaturas-de-matematicas-y-fisica\\\/#article\",\"isPartOf\":{\"@id\":\"https:\\\/\\\/www.cftestataltarapaca.cl\\\/inicio\\\/2020\\\/08\\\/18\\\/docentes-de-liceos-tp-se-capacitan-en-estrategias-didacticas-para-asignaturas-de-matematicas-y-fisica\\\/\"},\"author\":{\"name\":\"Comunicaciones\",\"@id\":\"https:\\\/\\\/www.cftestataltarapaca.cl\\\/inicio\\\/#\\\/schema\\\/person\\\/ad1fbfa1fa7c3d3889f4ae5401dd660e\"},\"headline\":\"Docentes de Liceos TP se capacitan en estrategias did\u00e1cticas para asignaturas de Matem\u00e1ticas y F\u00edsica\",\"datePublished\":\"2020-08-18T13:38:35+00:00\",\"dateModified\":\"2020-08-22T01:49:50+00:00\",\"mainEntityOfPage\":{\"@id\":\"https:\\\/\\\/www.cftestataltarapaca.cl\\\/inicio\\\/2020\\\/08\\\/18\\\/docentes-de-liceos-tp-se-capacitan-en-estrategias-didacticas-para-asignaturas-de-matematicas-y-fisica\\\/\"},\"wordCount\":498,\"commentCount\":0,\"publisher\":{\"@id\":\"https:\\\/\\\/www.cftestataltarapaca.cl\\\/inicio\\\/#organization\"},\"image\":{\"@id\":\"https:\\\/\\\/www.cftestataltarapaca.cl\\\/inicio\\\/2020\\\/08\\\/18\\\/docentes-de-liceos-tp-se-capacitan-en-estrategias-didacticas-para-asignaturas-de-matematicas-y-fisica\\\/#primaryimage\"},\"thumbnailUrl\":\"https:\\\/\\\/www.cftestataltarapaca.cl\\\/inicio\\\/wp-content\\\/uploads\\\/2020\\\/08\\\/curso-8.jpg\",\"keywords\":[\"Alto Hospicio\",\"capacitaci\u00f3n\",\"CFT Estatal Tarapac\u00e1\",\"Clases\",\"educaci\u00f3n\",\"Educaci\u00f3n T\u00e9cnica Profesional\"],\"articleSection\":[\"Acad\u00e9mico\",\"Comunicados\",\"Vinculaci\u00f3n\"],\"inLanguage\":\"es\",\"potentialAction\":[{\"@type\":\"CommentAction\",\"name\":\"Comment\",\"target\":[\"https:\\\/\\\/www.cftestataltarapaca.cl\\\/inicio\\\/2020\\\/08\\\/18\\\/docentes-de-liceos-tp-se-capacitan-en-estrategias-didacticas-para-asignaturas-de-matematicas-y-fisica\\\/#respond\"]}]},{\"@type\":\"WebPage\",\"@id\":\"https:\\\/\\\/www.cftestataltarapaca.cl\\\/inicio\\\/2020\\\/08\\\/18\\\/docentes-de-liceos-tp-se-capacitan-en-estrategias-didacticas-para-asignaturas-de-matematicas-y-fisica\\\/\",\"url\":\"https:\\\/\\\/www.cftestataltarapaca.cl\\\/inicio\\\/2020\\\/08\\\/18\\\/docentes-de-liceos-tp-se-capacitan-en-estrategias-didacticas-para-asignaturas-de-matematicas-y-fisica\\\/\",\"name\":\"Docentes de Liceos TP se capacitan en estrategias did\u00e1cticas para asignaturas de Matem\u00e1ticas y F\u00edsica - CFT Estatal Tarapac\u00e1\",\"isPartOf\":{\"@id\":\"https:\\\/\\\/www.cftestataltarapaca.cl\\\/inicio\\\/#website\"},\"primaryImageOfPage\":{\"@id\":\"https:\\\/\\\/www.cftestataltarapaca.cl\\\/inicio\\\/2020\\\/08\\\/18\\\/docentes-de-liceos-tp-se-capacitan-en-estrategias-didacticas-para-asignaturas-de-matematicas-y-fisica\\\/#primaryimage\"},\"image\":{\"@id\":\"https:\\\/\\\/www.cftestataltarapaca.cl\\\/inicio\\\/2020\\\/08\\\/18\\\/docentes-de-liceos-tp-se-capacitan-en-estrategias-didacticas-para-asignaturas-de-matematicas-y-fisica\\\/#primaryimage\"},\"thumbnailUrl\":\"https:\\\/\\\/www.cftestataltarapaca.cl\\\/inicio\\\/wp-content\\\/uploads\\\/2020\\\/08\\\/curso-8.jpg\",\"datePublished\":\"2020-08-18T13:38:35+00:00\",\"dateModified\":\"2020-08-22T01:49:50+00:00\",\"breadcrumb\":{\"@id\":\"https:\\\/\\\/www.cftestataltarapaca.cl\\\/inicio\\\/2020\\\/08\\\/18\\\/docentes-de-liceos-tp-se-capacitan-en-estrategias-didacticas-para-asignaturas-de-matematicas-y-fisica\\\/#breadcrumb\"},\"inLanguage\":\"es\",\"potentialAction\":[{\"@type\":\"ReadAction\",\"target\":[\"https:\\\/\\\/www.cftestataltarapaca.cl\\\/inicio\\\/2020\\\/08\\\/18\\\/docentes-de-liceos-tp-se-capacitan-en-estrategias-didacticas-para-asignaturas-de-matematicas-y-fisica\\\/\"]}]},{\"@type\":\"ImageObject\",\"inLanguage\":\"es\",\"@id\":\"https:\\\/\\\/www.cftestataltarapaca.cl\\\/inicio\\\/2020\\\/08\\\/18\\\/docentes-de-liceos-tp-se-capacitan-en-estrategias-didacticas-para-asignaturas-de-matematicas-y-fisica\\\/#primaryimage\",\"url\":\"https:\\\/\\\/www.cftestataltarapaca.cl\\\/inicio\\\/wp-content\\\/uploads\\\/2020\\\/08\\\/curso-8.jpg\",\"contentUrl\":\"https:\\\/\\\/www.cftestataltarapaca.cl\\\/inicio\\\/wp-content\\\/uploads\\\/2020\\\/08\\\/curso-8.jpg\",\"width\":1257,\"height\":584},{\"@type\":\"BreadcrumbList\",\"@id\":\"https:\\\/\\\/www.cftestataltarapaca.cl\\\/inicio\\\/2020\\\/08\\\/18\\\/docentes-de-liceos-tp-se-capacitan-en-estrategias-didacticas-para-asignaturas-de-matematicas-y-fisica\\\/#breadcrumb\",\"itemListElement\":[{\"@type\":\"ListItem\",\"position\":1,\"name\":\"Portada\",\"item\":\"https:\\\/\\\/www.cftestataltarapaca.cl\\\/inicio\\\/\"},{\"@type\":\"ListItem\",\"position\":2,\"name\":\"Docentes de Liceos TP se capacitan en estrategias did\u00e1cticas para asignaturas de Matem\u00e1ticas y F\u00edsica\"}]},{\"@type\":\"WebSite\",\"@id\":\"https:\\\/\\\/www.cftestataltarapaca.cl\\\/inicio\\\/#website\",\"url\":\"https:\\\/\\\/www.cftestataltarapaca.cl\\\/inicio\\\/\",\"name\":\"CFT Estatal Tarapac\u00e1\",\"description\":\"Admisi\u00f3n 2025\",\"publisher\":{\"@id\":\"https:\\\/\\\/www.cftestataltarapaca.cl\\\/inicio\\\/#organization\"},\"potentialAction\":[{\"@type\":\"SearchAction\",\"target\":{\"@type\":\"EntryPoint\",\"urlTemplate\":\"https:\\\/\\\/www.cftestataltarapaca.cl\\\/inicio\\\/?s={search_term_string}\"},\"query-input\":{\"@type\":\"PropertyValueSpecification\",\"valueRequired\":true,\"valueName\":\"search_term_string\"}}],\"inLanguage\":\"es\"},{\"@type\":\"Organization\",\"@id\":\"https:\\\/\\\/www.cftestataltarapaca.cl\\\/inicio\\\/#organization\",\"name\":\"CFT Estatal Tarapac\u00e1\",\"url\":\"https:\\\/\\\/www.cftestataltarapaca.cl\\\/inicio\\\/\",\"logo\":{\"@type\":\"ImageObject\",\"inLanguage\":\"es\",\"@id\":\"https:\\\/\\\/www.cftestataltarapaca.cl\\\/inicio\\\/#\\\/schema\\\/logo\\\/image\\\/\",\"url\":\"https:\\\/\\\/www.cftestataltarapaca.cl\\\/inicio\\\/wp-content\\\/uploads\\\/2019\\\/03\\\/logo-retina-1.png\",\"contentUrl\":\"https:\\\/\\\/www.cftestataltarapaca.cl\\\/inicio\\\/wp-content\\\/uploads\\\/2019\\\/03\\\/logo-retina-1.png\",\"width\":401,\"height\":150,\"caption\":\"CFT Estatal Tarapac\u00e1\"},\"image\":{\"@id\":\"https:\\\/\\\/www.cftestataltarapaca.cl\\\/inicio\\\/#\\\/schema\\\/logo\\\/image\\\/\"},\"sameAs\":[\"https:\\\/\\\/www.facebook.com\\\/CFTestataltarapaca\\\/\",\"https:\\\/\\\/x.com\\\/CFTesTarapaca\",\"https:\\\/\\\/www.instagram.com\\\/CFTestataltarapaca\\\/\"]},{\"@type\":\"Person\",\"@id\":\"https:\\\/\\\/www.cftestataltarapaca.cl\\\/inicio\\\/#\\\/schema\\\/person\\\/ad1fbfa1fa7c3d3889f4ae5401dd660e\",\"name\":\"Comunicaciones\",\"image\":{\"@type\":\"ImageObject\",\"inLanguage\":\"es\",\"@id\":\"https:\\\/\\\/secure.gravatar.com\\\/avatar\\\/ed1c2728327f20a5a62edaeb7dc181858f225b765044c5314c3d1059a1bd992f?s=96&d=mm&r=g\",\"url\":\"https:\\\/\\\/secure.gravatar.com\\\/avatar\\\/ed1c2728327f20a5a62edaeb7dc181858f225b765044c5314c3d1059a1bd992f?s=96&d=mm&r=g\",\"contentUrl\":\"https:\\\/\\\/secure.gravatar.com\\\/avatar\\\/ed1c2728327f20a5a62edaeb7dc181858f225b765044c5314c3d1059a1bd992f?s=96&d=mm&r=g\",\"caption\":\"Comunicaciones\"},\"sameAs\":[\"http:\\\/\\\/www.cftestataltarapaca.cl\"],\"url\":\"https:\\\/\\\/www.cftestataltarapaca.cl\\\/inicio\\\/author\\\/comunicaciones\\\/\"}]}<\/script>\n<!-- \/ Yoast SEO plugin. -->","yoast_head_json":{"title":"Docentes de Liceos TP se capacitan en estrategias did\u00e1cticas para asignaturas de Matem\u00e1ticas y F\u00edsica - CFT Estatal Tarapac\u00e1","robots":{"index":"index","follow":"follow","max-snippet":"max-snippet:-1","max-image-preview":"max-image-preview:large","max-video-preview":"max-video-preview:-1"},"canonical":"https:\/\/www.cftestataltarapaca.cl\/inicio\/2020\/08\/18\/docentes-de-liceos-tp-se-capacitan-en-estrategias-didacticas-para-asignaturas-de-matematicas-y-fisica\/","og_locale":"es_ES","og_type":"article","og_title":"Docentes de Liceos TP se capacitan en estrategias did\u00e1cticas para asignaturas de Matem\u00e1ticas y F\u00edsica - CFT Estatal Tarapac\u00e1","og_description":"Docentes de liceos de ense\u00f1anza media T\u00e9cnica Profesional de la regi\u00f3n participan en capacitaci\u00f3n modalidad online, ejecutada por el CFT y financiada por Ministerio de Educaci\u00f3n a trav\u00e9s de su...","og_url":"https:\/\/www.cftestataltarapaca.cl\/inicio\/2020\/08\/18\/docentes-de-liceos-tp-se-capacitan-en-estrategias-didacticas-para-asignaturas-de-matematicas-y-fisica\/","og_site_name":"CFT Estatal Tarapac\u00e1","article_publisher":"https:\/\/www.facebook.com\/CFTestataltarapaca\/","article_published_time":"2020-08-18T13:38:35+00:00","article_modified_time":"2020-08-22T01:49:50+00:00","og_image":[{"width":1257,"height":584,"url":"https:\/\/www.cftestataltarapaca.cl\/inicio\/wp-content\/uploads\/2020\/08\/curso-8.jpg","type":"image\/jpeg"}],"author":"Comunicaciones","twitter_card":"summary_large_image","twitter_creator":"@CFTesTarapaca","twitter_site":"@CFTesTarapaca","twitter_misc":{"Escrito por":"Comunicaciones","Tiempo de lectura":"2 minutos"},"schema":{"@context":"https:\/\/schema.org","@graph":[{"@type":"Article","@id":"https:\/\/www.cftestataltarapaca.cl\/inicio\/2020\/08\/18\/docentes-de-liceos-tp-se-capacitan-en-estrategias-didacticas-para-asignaturas-de-matematicas-y-fisica\/#article","isPartOf":{"@id":"https:\/\/www.cftestataltarapaca.cl\/inicio\/2020\/08\/18\/docentes-de-liceos-tp-se-capacitan-en-estrategias-didacticas-para-asignaturas-de-matematicas-y-fisica\/"},"author":{"name":"Comunicaciones","@id":"https:\/\/www.cftestataltarapaca.cl\/inicio\/#\/schema\/person\/ad1fbfa1fa7c3d3889f4ae5401dd660e"},"headline":"Docentes de Liceos TP se capacitan en estrategias did\u00e1cticas para asignaturas de Matem\u00e1ticas y F\u00edsica","datePublished":"2020-08-18T13:38:35+00:00","dateModified":"2020-08-22T01:49:50+00:00","mainEntityOfPage":{"@id":"https:\/\/www.cftestataltarapaca.cl\/inicio\/2020\/08\/18\/docentes-de-liceos-tp-se-capacitan-en-estrategias-didacticas-para-asignaturas-de-matematicas-y-fisica\/"},"wordCount":498,"commentCount":0,"publisher":{"@id":"https:\/\/www.cftestataltarapaca.cl\/inicio\/#organization"},"image":{"@id":"https:\/\/www.cftestataltarapaca.cl\/inicio\/2020\/08\/18\/docentes-de-liceos-tp-se-capacitan-en-estrategias-didacticas-para-asignaturas-de-matematicas-y-fisica\/#primaryimage"},"thumbnailUrl":"https:\/\/www.cftestataltarapaca.cl\/inicio\/wp-content\/uploads\/2020\/08\/curso-8.jpg","keywords":["Alto Hospicio","capacitaci\u00f3n","CFT Estatal Tarapac\u00e1","Clases","educaci\u00f3n","Educaci\u00f3n T\u00e9cnica Profesional"],"articleSection":["Acad\u00e9mico","Comunicados","Vinculaci\u00f3n"],"inLanguage":"es","potentialAction":[{"@type":"CommentAction","name":"Comment","target":["https:\/\/www.cftestataltarapaca.cl\/inicio\/2020\/08\/18\/docentes-de-liceos-tp-se-capacitan-en-estrategias-didacticas-para-asignaturas-de-matematicas-y-fisica\/#respond"]}]},{"@type":"WebPage","@id":"https:\/\/www.cftestataltarapaca.cl\/inicio\/2020\/08\/18\/docentes-de-liceos-tp-se-capacitan-en-estrategias-didacticas-para-asignaturas-de-matematicas-y-fisica\/","url":"https:\/\/www.cftestataltarapaca.cl\/inicio\/2020\/08\/18\/docentes-de-liceos-tp-se-capacitan-en-estrategias-didacticas-para-asignaturas-de-matematicas-y-fisica\/","name":"Docentes de Liceos TP se capacitan en estrategias did\u00e1cticas para asignaturas de Matem\u00e1ticas y F\u00edsica - CFT Estatal Tarapac\u00e1","isPartOf":{"@id":"https:\/\/www.cftestataltarapaca.cl\/inicio\/#website"},"primaryImageOfPage":{"@id":"https:\/\/www.cftestataltarapaca.cl\/inicio\/2020\/08\/18\/docentes-de-liceos-tp-se-capacitan-en-estrategias-didacticas-para-asignaturas-de-matematicas-y-fisica\/#primaryimage"},"image":{"@id":"https:\/\/www.cftestataltarapaca.cl\/inicio\/2020\/08\/18\/docentes-de-liceos-tp-se-capacitan-en-estrategias-didacticas-para-asignaturas-de-matematicas-y-fisica\/#primaryimage"},"thumbnailUrl":"https:\/\/www.cftestataltarapaca.cl\/inicio\/wp-content\/uploads\/2020\/08\/curso-8.jpg","datePublished":"2020-08-18T13:38:35+00:00","dateModified":"2020-08-22T01:49:50+00:00","breadcrumb":{"@id":"https:\/\/www.cftestataltarapaca.cl\/inicio\/2020\/08\/18\/docentes-de-liceos-tp-se-capacitan-en-estrategias-didacticas-para-asignaturas-de-matematicas-y-fisica\/#breadcrumb"},"inLanguage":"es","potentialAction":[{"@type":"ReadAction","target":["https:\/\/www.cftestataltarapaca.cl\/inicio\/2020\/08\/18\/docentes-de-liceos-tp-se-capacitan-en-estrategias-didacticas-para-asignaturas-de-matematicas-y-fisica\/"]}]},{"@type":"ImageObject","inLanguage":"es","@id":"https:\/\/www.cftestataltarapaca.cl\/inicio\/2020\/08\/18\/docentes-de-liceos-tp-se-capacitan-en-estrategias-didacticas-para-asignaturas-de-matematicas-y-fisica\/#primaryimage","url":"https:\/\/www.cftestataltarapaca.cl\/inicio\/wp-content\/uploads\/2020\/08\/curso-8.jpg","contentUrl":"https:\/\/www.cftestataltarapaca.cl\/inicio\/wp-content\/uploads\/2020\/08\/curso-8.jpg","width":1257,"height":584},{"@type":"BreadcrumbList","@id":"https:\/\/www.cftestataltarapaca.cl\/inicio\/2020\/08\/18\/docentes-de-liceos-tp-se-capacitan-en-estrategias-didacticas-para-asignaturas-de-matematicas-y-fisica\/#breadcrumb","itemListElement":[{"@type":"ListItem","position":1,"name":"Portada","item":"https:\/\/www.cftestataltarapaca.cl\/inicio\/"},{"@type":"ListItem","position":2,"name":"Docentes de Liceos TP se capacitan en estrategias did\u00e1cticas para asignaturas de Matem\u00e1ticas y F\u00edsica"}]},{"@type":"WebSite","@id":"https:\/\/www.cftestataltarapaca.cl\/inicio\/#website","url":"https:\/\/www.cftestataltarapaca.cl\/inicio\/","name":"CFT Estatal Tarapac\u00e1","description":"Admisi\u00f3n 2025","publisher":{"@id":"https:\/\/www.cftestataltarapaca.cl\/inicio\/#organization"},"potentialAction":[{"@type":"SearchAction","target":{"@type":"EntryPoint","urlTemplate":"https:\/\/www.cftestataltarapaca.cl\/inicio\/?s={search_term_string}"},"query-input":{"@type":"PropertyValueSpecification","valueRequired":true,"valueName":"search_term_string"}}],"inLanguage":"es"},{"@type":"Organization","@id":"https:\/\/www.cftestataltarapaca.cl\/inicio\/#organization","name":"CFT Estatal Tarapac\u00e1","url":"https:\/\/www.cftestataltarapaca.cl\/inicio\/","logo":{"@type":"ImageObject","inLanguage":"es","@id":"https:\/\/www.cftestataltarapaca.cl\/inicio\/#\/schema\/logo\/image\/","url":"https:\/\/www.cftestataltarapaca.cl\/inicio\/wp-content\/uploads\/2019\/03\/logo-retina-1.png","contentUrl":"https:\/\/www.cftestataltarapaca.cl\/inicio\/wp-content\/uploads\/2019\/03\/logo-retina-1.png","width":401,"height":150,"caption":"CFT Estatal Tarapac\u00e1"},"image":{"@id":"https:\/\/www.cftestataltarapaca.cl\/inicio\/#\/schema\/logo\/image\/"},"sameAs":["https:\/\/www.facebook.com\/CFTestataltarapaca\/","https:\/\/x.com\/CFTesTarapaca","https:\/\/www.instagram.com\/CFTestataltarapaca\/"]},{"@type":"Person","@id":"https:\/\/www.cftestataltarapaca.cl\/inicio\/#\/schema\/person\/ad1fbfa1fa7c3d3889f4ae5401dd660e","name":"Comunicaciones","image":{"@type":"ImageObject","inLanguage":"es","@id":"https:\/\/secure.gravatar.com\/avatar\/ed1c2728327f20a5a62edaeb7dc181858f225b765044c5314c3d1059a1bd992f?s=96&d=mm&r=g","url":"https:\/\/secure.gravatar.com\/avatar\/ed1c2728327f20a5a62edaeb7dc181858f225b765044c5314c3d1059a1bd992f?s=96&d=mm&r=g","contentUrl":"https:\/\/secure.gravatar.com\/avatar\/ed1c2728327f20a5a62edaeb7dc181858f225b765044c5314c3d1059a1bd992f?s=96&d=mm&r=g","caption":"Comunicaciones"},"sameAs":["http:\/\/www.cftestataltarapaca.cl"],"url":"https:\/\/www.cftestataltarapaca.cl\/inicio\/author\/comunicaciones\/"}]}},"publishpress_future_action":{"enabled":false,"date":"2026-05-08 19:24:26","action":"change-status","newStatus":"draft","terms":[],"taxonomy":"category","extraData":[]},"publishpress_future_workflow_manual_trigger":{"enabledWorkflows":[]},"_links":{"self":[{"href":"https:\/\/www.cftestataltarapaca.cl\/inicio\/wp-json\/wp\/v2\/posts\/4971","targetHints":{"allow":["GET"]}}],"collection":[{"href":"https:\/\/www.cftestataltarapaca.cl\/inicio\/wp-json\/wp\/v2\/posts"}],"about":[{"href":"https:\/\/www.cftestataltarapaca.cl\/inicio\/wp-json\/wp\/v2\/types\/post"}],"author":[{"embeddable":true,"href":"https:\/\/www.cftestataltarapaca.cl\/inicio\/wp-json\/wp\/v2\/users\/2"}],"replies":[{"embeddable":true,"href":"https:\/\/www.cftestataltarapaca.cl\/inicio\/wp-json\/wp\/v2\/comments?post=4971"}],"version-history":[{"count":2,"href":"https:\/\/www.cftestataltarapaca.cl\/inicio\/wp-json\/wp\/v2\/posts\/4971\/revisions"}],"predecessor-version":[{"id":5015,"href":"https:\/\/www.cftestataltarapaca.cl\/inicio\/wp-json\/wp\/v2\/posts\/4971\/revisions\/5015"}],"wp:featuredmedia":[{"embeddable":true,"href":"https:\/\/www.cftestataltarapaca.cl\/inicio\/wp-json\/wp\/v2\/media\/4972"}],"wp:attachment":[{"href":"https:\/\/www.cftestataltarapaca.cl\/inicio\/wp-json\/wp\/v2\/media?parent=4971"}],"wp:term":[{"taxonomy":"category","embeddable":true,"href":"https:\/\/www.cftestataltarapaca.cl\/inicio\/wp-json\/wp\/v2\/categories?post=4971"},{"taxonomy":"post_tag","embeddable":true,"href":"https:\/\/www.cftestataltarapaca.cl\/inicio\/wp-json\/wp\/v2\/tags?post=4971"}],"curies":[{"name":"wp","href":"https:\/\/api.w.org\/{rel}","templated":true}]}}