{"id":5002,"date":"2020-08-21T15:20:33","date_gmt":"2020-08-21T15:20:33","guid":{"rendered":"https:\/\/www.cftestataltarapaca.cl\/inicio\/?p=5002"},"modified":"2020-08-22T01:48:53","modified_gmt":"2020-08-22T01:48:53","slug":"cft-estatal-tarapaca-celebra-semana-de-la-formacion-tecnica","status":"publish","type":"post","link":"https:\/\/www.cftestataltarapaca.cl\/inicio\/2020\/08\/21\/cft-estatal-tarapaca-celebra-semana-de-la-formacion-tecnica\/","title":{"rendered":"CFT Estatal Tarapac\u00e1 celebra Semana de la Formaci\u00f3n T\u00e9cnica"},"content":{"rendered":"<p style=\"text-align: justify;\">Un 26 de agosto del a\u00f1o 1942, a trav\u00e9s del D.F.L. N\u00ba 6-4.817 y bajo la Presidencia de Juan Antonio R\u00edo, fue creada la Direcci\u00f3n General de Ense\u00f1anza Profesional, normativa mediante la cual se reconoce la importancia de la Educaci\u00f3n T\u00e9cnico- Profesional en el desarrollo productivo del pa\u00eds.<!--more--><\/p>\n<p style=\"text-align: justify;\">Para celebrar tan importante aniversario el Centro de Formaci\u00f3n T\u00e9cnica Estatal de Tarapac\u00e1 program\u00f3 diversas actividades dirigida a sus estudiantes, a fin de dar realce a la fecha con la que se valora y pone en relieve la formaci\u00f3n t\u00e9cnica.<\/p>\n<p style=\"text-align: justify;\">Es as\u00ed como el lunes, 24 de Agosto, a las 18.20 hrs y junto a la Fundaci\u00f3n Emilia, se llevar\u00e1 a cabo el Webinar \u00abEducaci\u00f3n Ciudadana Vial: una propuesta para infancia y juventud\u00bb, para estudiantes de jornada vespertina de la carrera TNS en Educaci\u00f3n Parvularia.<\/p>\n<p style=\"text-align: justify;\">Dicha actividad se replicar\u00e1 para jornada diurna el martes 25 de agosto a las 11 hrs. Interesadas escribir a lcortes@cftestataltarapaca.cl<\/p>\n<p style=\"text-align: justify;\">Dirigida a todas y todos los estudiantes del CFT Estatal Tarapac\u00e1 es el webinar \u00abLa importancia de los t\u00e9cnicos profesionales en el desarrollo de la regi\u00f3n y el pa\u00eds\u00bb, que ofrecer\u00e1 el presidente de la Asociaci\u00f3n de Industriales de Iquique, Leopoldo Bailac. La jornada ser\u00e1 el jueves 27 de agosto, a las 18 hrs, interesados deber\u00e1n comunicarse con Javier \u00dabeda a jubeda@cftestataltarapaca.cl.<\/p>\n<p style=\"text-align: justify;\">La semana concluir\u00e1 con 2 actividades el 28 de agosto, la primera ser\u00e1 a las 13.15 hrs y corresponde a Foro-Conversatorio para todos los estudiantes que cursan la asignatura Cultura Val\u00f3rica. Dicha jornada contar\u00e1 con la exposici\u00f3n de Isa\u00edas Samit Gallardo, l\u00edder de la planta m\u00e1s austral del pa\u00eds de GASCO, ubicada en Porvenir, Regi\u00f3n de Magallanes. Interesados (as) comunicarse con Jorge Guerrero jguerrero@docentes.estatalcft.cl\u00a0 y\/ o \u00a0Susana Matis\u00a0 smatis@cftestataltarapaca.cl.<\/p>\n<p style=\"text-align: justify;\">La segunda actividad ser\u00e1 a las 16 hrs y corresponde a charla dirigida para estudiantes de TNS en Administraci\u00f3n P\u00fablica. Se trata de la exposici\u00f3n \u00abGesti\u00f3n Personal de Superaci\u00f3n\u00bb ofrecida por Santiago Antinogene. Interesados (as) contactarse con jefe de carrera a fcontreras@cftestataltarapaca.cl.<\/p>\n<p style=\"text-align: justify;\">Roberto Urdanivia, director acad\u00e9mico de la instituci\u00f3n, llam\u00f3 a estudiantes a sumarse a las actividades, comunicarse con encargados de las actividades para inscribirse y participar.<\/p>\n","protected":false},"excerpt":{"rendered":"<p>Un 26 de agosto del a\u00f1o 1942, a trav\u00e9s del D.F.L. N\u00ba 6-4.817 y bajo la Presidencia de Juan Antonio R\u00edo, fue creada la Direcci\u00f3n General de Ense\u00f1anza Profesional, normativa&#8230;<\/p>\n","protected":false},"author":2,"featured_media":5003,"comment_status":"open","ping_status":"open","sticky":false,"template":"","format":"standard","meta":{"_joinchat":[],"footnotes":""},"categories":[49,52,45],"tags":[75,86,80,89,68],"class_list":["post-5002","post","type-post","status-publish","format-standard","has-post-thumbnail","hentry","category-academico","category-comunicados","category-vinculacion","tag-alto-hospicio","tag-cft-estatal-tarapaca","tag-educacion","tag-educacion-tecnica-profesional","tag-tecnicos"],"yoast_head":"<!-- This site is optimized with the Yoast SEO plugin v27.4 - https:\/\/yoast.com\/product\/yoast-seo-wordpress\/ -->\n<title>CFT Estatal Tarapac\u00e1 celebra Semana de la Formaci\u00f3n T\u00e9cnica - CFT Estatal Tarapac\u00e1<\/title>\n<meta name=\"robots\" content=\"index, follow, max-snippet:-1, max-image-preview:large, max-video-preview:-1\" \/>\n<link rel=\"canonical\" href=\"https:\/\/www.cftestataltarapaca.cl\/inicio\/2020\/08\/21\/cft-estatal-tarapaca-celebra-semana-de-la-formacion-tecnica\/\" \/>\n<meta property=\"og:locale\" content=\"es_ES\" \/>\n<meta property=\"og:type\" content=\"article\" \/>\n<meta property=\"og:title\" content=\"CFT Estatal Tarapac\u00e1 celebra Semana de la Formaci\u00f3n T\u00e9cnica - CFT Estatal Tarapac\u00e1\" \/>\n<meta property=\"og:description\" content=\"Un 26 de agosto del a\u00f1o 1942, a trav\u00e9s del D.F.L. N\u00ba 6-4.817 y bajo la Presidencia de Juan Antonio R\u00edo, fue creada la Direcci\u00f3n General de Ense\u00f1anza Profesional, normativa...\" \/>\n<meta property=\"og:url\" content=\"https:\/\/www.cftestataltarapaca.cl\/inicio\/2020\/08\/21\/cft-estatal-tarapaca-celebra-semana-de-la-formacion-tecnica\/\" \/>\n<meta property=\"og:site_name\" content=\"CFT Estatal Tarapac\u00e1\" \/>\n<meta property=\"article:publisher\" content=\"https:\/\/www.facebook.com\/CFTestataltarapaca\/\" \/>\n<meta property=\"article:published_time\" content=\"2020-08-21T15:20:33+00:00\" \/>\n<meta property=\"article:modified_time\" content=\"2020-08-22T01:48:53+00:00\" \/>\n<meta property=\"og:image\" content=\"https:\/\/www.cftestataltarapaca.cl\/inicio\/wp-content\/uploads\/2020\/08\/SEMANA-TP1.jpg\" \/>\n\t<meta property=\"og:image:width\" content=\"1080\" \/>\n\t<meta property=\"og:image:height\" content=\"1350\" \/>\n\t<meta property=\"og:image:type\" content=\"image\/jpeg\" \/>\n<meta name=\"author\" content=\"Comunicaciones\" \/>\n<meta name=\"twitter:card\" content=\"summary_large_image\" \/>\n<meta name=\"twitter:creator\" content=\"@CFTesTarapaca\" \/>\n<meta name=\"twitter:site\" content=\"@CFTesTarapaca\" \/>\n<meta name=\"twitter:label1\" content=\"Escrito por\" \/>\n\t<meta name=\"twitter:data1\" content=\"Comunicaciones\" \/>\n\t<meta name=\"twitter:label2\" content=\"Tiempo de lectura\" \/>\n\t<meta name=\"twitter:data2\" content=\"2 minutos\" \/>\n<script type=\"application\/ld+json\" class=\"yoast-schema-graph\">{\"@context\":\"https:\\\/\\\/schema.org\",\"@graph\":[{\"@type\":\"Article\",\"@id\":\"https:\\\/\\\/www.cftestataltarapaca.cl\\\/inicio\\\/2020\\\/08\\\/21\\\/cft-estatal-tarapaca-celebra-semana-de-la-formacion-tecnica\\\/#article\",\"isPartOf\":{\"@id\":\"https:\\\/\\\/www.cftestataltarapaca.cl\\\/inicio\\\/2020\\\/08\\\/21\\\/cft-estatal-tarapaca-celebra-semana-de-la-formacion-tecnica\\\/\"},\"author\":{\"name\":\"Comunicaciones\",\"@id\":\"https:\\\/\\\/www.cftestataltarapaca.cl\\\/inicio\\\/#\\\/schema\\\/person\\\/ad1fbfa1fa7c3d3889f4ae5401dd660e\"},\"headline\":\"CFT Estatal Tarapac\u00e1 celebra Semana de la Formaci\u00f3n T\u00e9cnica\",\"datePublished\":\"2020-08-21T15:20:33+00:00\",\"dateModified\":\"2020-08-22T01:48:53+00:00\",\"mainEntityOfPage\":{\"@id\":\"https:\\\/\\\/www.cftestataltarapaca.cl\\\/inicio\\\/2020\\\/08\\\/21\\\/cft-estatal-tarapaca-celebra-semana-de-la-formacion-tecnica\\\/\"},\"wordCount\":397,\"commentCount\":0,\"publisher\":{\"@id\":\"https:\\\/\\\/www.cftestataltarapaca.cl\\\/inicio\\\/#organization\"},\"image\":{\"@id\":\"https:\\\/\\\/www.cftestataltarapaca.cl\\\/inicio\\\/2020\\\/08\\\/21\\\/cft-estatal-tarapaca-celebra-semana-de-la-formacion-tecnica\\\/#primaryimage\"},\"thumbnailUrl\":\"https:\\\/\\\/www.cftestataltarapaca.cl\\\/inicio\\\/wp-content\\\/uploads\\\/2020\\\/08\\\/SEMANA-TP1.jpg\",\"keywords\":[\"Alto Hospicio\",\"CFT Estatal Tarapac\u00e1\",\"educaci\u00f3n\",\"Educaci\u00f3n T\u00e9cnica Profesional\",\"t\u00e9cnicos\"],\"articleSection\":[\"Acad\u00e9mico\",\"Comunicados\",\"Vinculaci\u00f3n\"],\"inLanguage\":\"es\",\"potentialAction\":[{\"@type\":\"CommentAction\",\"name\":\"Comment\",\"target\":[\"https:\\\/\\\/www.cftestataltarapaca.cl\\\/inicio\\\/2020\\\/08\\\/21\\\/cft-estatal-tarapaca-celebra-semana-de-la-formacion-tecnica\\\/#respond\"]}]},{\"@type\":\"WebPage\",\"@id\":\"https:\\\/\\\/www.cftestataltarapaca.cl\\\/inicio\\\/2020\\\/08\\\/21\\\/cft-estatal-tarapaca-celebra-semana-de-la-formacion-tecnica\\\/\",\"url\":\"https:\\\/\\\/www.cftestataltarapaca.cl\\\/inicio\\\/2020\\\/08\\\/21\\\/cft-estatal-tarapaca-celebra-semana-de-la-formacion-tecnica\\\/\",\"name\":\"CFT Estatal Tarapac\u00e1 celebra Semana de la Formaci\u00f3n T\u00e9cnica - CFT Estatal Tarapac\u00e1\",\"isPartOf\":{\"@id\":\"https:\\\/\\\/www.cftestataltarapaca.cl\\\/inicio\\\/#website\"},\"primaryImageOfPage\":{\"@id\":\"https:\\\/\\\/www.cftestataltarapaca.cl\\\/inicio\\\/2020\\\/08\\\/21\\\/cft-estatal-tarapaca-celebra-semana-de-la-formacion-tecnica\\\/#primaryimage\"},\"image\":{\"@id\":\"https:\\\/\\\/www.cftestataltarapaca.cl\\\/inicio\\\/2020\\\/08\\\/21\\\/cft-estatal-tarapaca-celebra-semana-de-la-formacion-tecnica\\\/#primaryimage\"},\"thumbnailUrl\":\"https:\\\/\\\/www.cftestataltarapaca.cl\\\/inicio\\\/wp-content\\\/uploads\\\/2020\\\/08\\\/SEMANA-TP1.jpg\",\"datePublished\":\"2020-08-21T15:20:33+00:00\",\"dateModified\":\"2020-08-22T01:48:53+00:00\",\"breadcrumb\":{\"@id\":\"https:\\\/\\\/www.cftestataltarapaca.cl\\\/inicio\\\/2020\\\/08\\\/21\\\/cft-estatal-tarapaca-celebra-semana-de-la-formacion-tecnica\\\/#breadcrumb\"},\"inLanguage\":\"es\",\"potentialAction\":[{\"@type\":\"ReadAction\",\"target\":[\"https:\\\/\\\/www.cftestataltarapaca.cl\\\/inicio\\\/2020\\\/08\\\/21\\\/cft-estatal-tarapaca-celebra-semana-de-la-formacion-tecnica\\\/\"]}]},{\"@type\":\"ImageObject\",\"inLanguage\":\"es\",\"@id\":\"https:\\\/\\\/www.cftestataltarapaca.cl\\\/inicio\\\/2020\\\/08\\\/21\\\/cft-estatal-tarapaca-celebra-semana-de-la-formacion-tecnica\\\/#primaryimage\",\"url\":\"https:\\\/\\\/www.cftestataltarapaca.cl\\\/inicio\\\/wp-content\\\/uploads\\\/2020\\\/08\\\/SEMANA-TP1.jpg\",\"contentUrl\":\"https:\\\/\\\/www.cftestataltarapaca.cl\\\/inicio\\\/wp-content\\\/uploads\\\/2020\\\/08\\\/SEMANA-TP1.jpg\",\"width\":1080,\"height\":1350},{\"@type\":\"BreadcrumbList\",\"@id\":\"https:\\\/\\\/www.cftestataltarapaca.cl\\\/inicio\\\/2020\\\/08\\\/21\\\/cft-estatal-tarapaca-celebra-semana-de-la-formacion-tecnica\\\/#breadcrumb\",\"itemListElement\":[{\"@type\":\"ListItem\",\"position\":1,\"name\":\"Portada\",\"item\":\"https:\\\/\\\/www.cftestataltarapaca.cl\\\/inicio\\\/\"},{\"@type\":\"ListItem\",\"position\":2,\"name\":\"CFT Estatal Tarapac\u00e1 celebra Semana de la Formaci\u00f3n T\u00e9cnica\"}]},{\"@type\":\"WebSite\",\"@id\":\"https:\\\/\\\/www.cftestataltarapaca.cl\\\/inicio\\\/#website\",\"url\":\"https:\\\/\\\/www.cftestataltarapaca.cl\\\/inicio\\\/\",\"name\":\"CFT Estatal Tarapac\u00e1\",\"description\":\"Admisi\u00f3n 2025\",\"publisher\":{\"@id\":\"https:\\\/\\\/www.cftestataltarapaca.cl\\\/inicio\\\/#organization\"},\"potentialAction\":[{\"@type\":\"SearchAction\",\"target\":{\"@type\":\"EntryPoint\",\"urlTemplate\":\"https:\\\/\\\/www.cftestataltarapaca.cl\\\/inicio\\\/?s={search_term_string}\"},\"query-input\":{\"@type\":\"PropertyValueSpecification\",\"valueRequired\":true,\"valueName\":\"search_term_string\"}}],\"inLanguage\":\"es\"},{\"@type\":\"Organization\",\"@id\":\"https:\\\/\\\/www.cftestataltarapaca.cl\\\/inicio\\\/#organization\",\"name\":\"CFT Estatal Tarapac\u00e1\",\"url\":\"https:\\\/\\\/www.cftestataltarapaca.cl\\\/inicio\\\/\",\"logo\":{\"@type\":\"ImageObject\",\"inLanguage\":\"es\",\"@id\":\"https:\\\/\\\/www.cftestataltarapaca.cl\\\/inicio\\\/#\\\/schema\\\/logo\\\/image\\\/\",\"url\":\"https:\\\/\\\/www.cftestataltarapaca.cl\\\/inicio\\\/wp-content\\\/uploads\\\/2019\\\/03\\\/logo-retina-1.png\",\"contentUrl\":\"https:\\\/\\\/www.cftestataltarapaca.cl\\\/inicio\\\/wp-content\\\/uploads\\\/2019\\\/03\\\/logo-retina-1.png\",\"width\":401,\"height\":150,\"caption\":\"CFT Estatal Tarapac\u00e1\"},\"image\":{\"@id\":\"https:\\\/\\\/www.cftestataltarapaca.cl\\\/inicio\\\/#\\\/schema\\\/logo\\\/image\\\/\"},\"sameAs\":[\"https:\\\/\\\/www.facebook.com\\\/CFTestataltarapaca\\\/\",\"https:\\\/\\\/x.com\\\/CFTesTarapaca\",\"https:\\\/\\\/www.instagram.com\\\/CFTestataltarapaca\\\/\"]},{\"@type\":\"Person\",\"@id\":\"https:\\\/\\\/www.cftestataltarapaca.cl\\\/inicio\\\/#\\\/schema\\\/person\\\/ad1fbfa1fa7c3d3889f4ae5401dd660e\",\"name\":\"Comunicaciones\",\"image\":{\"@type\":\"ImageObject\",\"inLanguage\":\"es\",\"@id\":\"https:\\\/\\\/secure.gravatar.com\\\/avatar\\\/ed1c2728327f20a5a62edaeb7dc181858f225b765044c5314c3d1059a1bd992f?s=96&d=mm&r=g\",\"url\":\"https:\\\/\\\/secure.gravatar.com\\\/avatar\\\/ed1c2728327f20a5a62edaeb7dc181858f225b765044c5314c3d1059a1bd992f?s=96&d=mm&r=g\",\"contentUrl\":\"https:\\\/\\\/secure.gravatar.com\\\/avatar\\\/ed1c2728327f20a5a62edaeb7dc181858f225b765044c5314c3d1059a1bd992f?s=96&d=mm&r=g\",\"caption\":\"Comunicaciones\"},\"sameAs\":[\"http:\\\/\\\/www.cftestataltarapaca.cl\"],\"url\":\"https:\\\/\\\/www.cftestataltarapaca.cl\\\/inicio\\\/author\\\/comunicaciones\\\/\"}]}<\/script>\n<!-- \/ Yoast SEO plugin. -->","yoast_head_json":{"title":"CFT Estatal Tarapac\u00e1 celebra Semana de la Formaci\u00f3n T\u00e9cnica - CFT Estatal Tarapac\u00e1","robots":{"index":"index","follow":"follow","max-snippet":"max-snippet:-1","max-image-preview":"max-image-preview:large","max-video-preview":"max-video-preview:-1"},"canonical":"https:\/\/www.cftestataltarapaca.cl\/inicio\/2020\/08\/21\/cft-estatal-tarapaca-celebra-semana-de-la-formacion-tecnica\/","og_locale":"es_ES","og_type":"article","og_title":"CFT Estatal Tarapac\u00e1 celebra Semana de la Formaci\u00f3n T\u00e9cnica - CFT Estatal Tarapac\u00e1","og_description":"Un 26 de agosto del a\u00f1o 1942, a trav\u00e9s del D.F.L. N\u00ba 6-4.817 y bajo la Presidencia de Juan Antonio R\u00edo, fue creada la Direcci\u00f3n General de Ense\u00f1anza Profesional, normativa...","og_url":"https:\/\/www.cftestataltarapaca.cl\/inicio\/2020\/08\/21\/cft-estatal-tarapaca-celebra-semana-de-la-formacion-tecnica\/","og_site_name":"CFT Estatal Tarapac\u00e1","article_publisher":"https:\/\/www.facebook.com\/CFTestataltarapaca\/","article_published_time":"2020-08-21T15:20:33+00:00","article_modified_time":"2020-08-22T01:48:53+00:00","og_image":[{"width":1080,"height":1350,"url":"https:\/\/www.cftestataltarapaca.cl\/inicio\/wp-content\/uploads\/2020\/08\/SEMANA-TP1.jpg","type":"image\/jpeg"}],"author":"Comunicaciones","twitter_card":"summary_large_image","twitter_creator":"@CFTesTarapaca","twitter_site":"@CFTesTarapaca","twitter_misc":{"Escrito por":"Comunicaciones","Tiempo de lectura":"2 minutos"},"schema":{"@context":"https:\/\/schema.org","@graph":[{"@type":"Article","@id":"https:\/\/www.cftestataltarapaca.cl\/inicio\/2020\/08\/21\/cft-estatal-tarapaca-celebra-semana-de-la-formacion-tecnica\/#article","isPartOf":{"@id":"https:\/\/www.cftestataltarapaca.cl\/inicio\/2020\/08\/21\/cft-estatal-tarapaca-celebra-semana-de-la-formacion-tecnica\/"},"author":{"name":"Comunicaciones","@id":"https:\/\/www.cftestataltarapaca.cl\/inicio\/#\/schema\/person\/ad1fbfa1fa7c3d3889f4ae5401dd660e"},"headline":"CFT Estatal Tarapac\u00e1 celebra Semana de la Formaci\u00f3n T\u00e9cnica","datePublished":"2020-08-21T15:20:33+00:00","dateModified":"2020-08-22T01:48:53+00:00","mainEntityOfPage":{"@id":"https:\/\/www.cftestataltarapaca.cl\/inicio\/2020\/08\/21\/cft-estatal-tarapaca-celebra-semana-de-la-formacion-tecnica\/"},"wordCount":397,"commentCount":0,"publisher":{"@id":"https:\/\/www.cftestataltarapaca.cl\/inicio\/#organization"},"image":{"@id":"https:\/\/www.cftestataltarapaca.cl\/inicio\/2020\/08\/21\/cft-estatal-tarapaca-celebra-semana-de-la-formacion-tecnica\/#primaryimage"},"thumbnailUrl":"https:\/\/www.cftestataltarapaca.cl\/inicio\/wp-content\/uploads\/2020\/08\/SEMANA-TP1.jpg","keywords":["Alto Hospicio","CFT Estatal Tarapac\u00e1","educaci\u00f3n","Educaci\u00f3n T\u00e9cnica Profesional","t\u00e9cnicos"],"articleSection":["Acad\u00e9mico","Comunicados","Vinculaci\u00f3n"],"inLanguage":"es","potentialAction":[{"@type":"CommentAction","name":"Comment","target":["https:\/\/www.cftestataltarapaca.cl\/inicio\/2020\/08\/21\/cft-estatal-tarapaca-celebra-semana-de-la-formacion-tecnica\/#respond"]}]},{"@type":"WebPage","@id":"https:\/\/www.cftestataltarapaca.cl\/inicio\/2020\/08\/21\/cft-estatal-tarapaca-celebra-semana-de-la-formacion-tecnica\/","url":"https:\/\/www.cftestataltarapaca.cl\/inicio\/2020\/08\/21\/cft-estatal-tarapaca-celebra-semana-de-la-formacion-tecnica\/","name":"CFT Estatal Tarapac\u00e1 celebra Semana de la Formaci\u00f3n T\u00e9cnica - CFT Estatal Tarapac\u00e1","isPartOf":{"@id":"https:\/\/www.cftestataltarapaca.cl\/inicio\/#website"},"primaryImageOfPage":{"@id":"https:\/\/www.cftestataltarapaca.cl\/inicio\/2020\/08\/21\/cft-estatal-tarapaca-celebra-semana-de-la-formacion-tecnica\/#primaryimage"},"image":{"@id":"https:\/\/www.cftestataltarapaca.cl\/inicio\/2020\/08\/21\/cft-estatal-tarapaca-celebra-semana-de-la-formacion-tecnica\/#primaryimage"},"thumbnailUrl":"https:\/\/www.cftestataltarapaca.cl\/inicio\/wp-content\/uploads\/2020\/08\/SEMANA-TP1.jpg","datePublished":"2020-08-21T15:20:33+00:00","dateModified":"2020-08-22T01:48:53+00:00","breadcrumb":{"@id":"https:\/\/www.cftestataltarapaca.cl\/inicio\/2020\/08\/21\/cft-estatal-tarapaca-celebra-semana-de-la-formacion-tecnica\/#breadcrumb"},"inLanguage":"es","potentialAction":[{"@type":"ReadAction","target":["https:\/\/www.cftestataltarapaca.cl\/inicio\/2020\/08\/21\/cft-estatal-tarapaca-celebra-semana-de-la-formacion-tecnica\/"]}]},{"@type":"ImageObject","inLanguage":"es","@id":"https:\/\/www.cftestataltarapaca.cl\/inicio\/2020\/08\/21\/cft-estatal-tarapaca-celebra-semana-de-la-formacion-tecnica\/#primaryimage","url":"https:\/\/www.cftestataltarapaca.cl\/inicio\/wp-content\/uploads\/2020\/08\/SEMANA-TP1.jpg","contentUrl":"https:\/\/www.cftestataltarapaca.cl\/inicio\/wp-content\/uploads\/2020\/08\/SEMANA-TP1.jpg","width":1080,"height":1350},{"@type":"BreadcrumbList","@id":"https:\/\/www.cftestataltarapaca.cl\/inicio\/2020\/08\/21\/cft-estatal-tarapaca-celebra-semana-de-la-formacion-tecnica\/#breadcrumb","itemListElement":[{"@type":"ListItem","position":1,"name":"Portada","item":"https:\/\/www.cftestataltarapaca.cl\/inicio\/"},{"@type":"ListItem","position":2,"name":"CFT Estatal Tarapac\u00e1 celebra Semana de la Formaci\u00f3n T\u00e9cnica"}]},{"@type":"WebSite","@id":"https:\/\/www.cftestataltarapaca.cl\/inicio\/#website","url":"https:\/\/www.cftestataltarapaca.cl\/inicio\/","name":"CFT Estatal Tarapac\u00e1","description":"Admisi\u00f3n 2025","publisher":{"@id":"https:\/\/www.cftestataltarapaca.cl\/inicio\/#organization"},"potentialAction":[{"@type":"SearchAction","target":{"@type":"EntryPoint","urlTemplate":"https:\/\/www.cftestataltarapaca.cl\/inicio\/?s={search_term_string}"},"query-input":{"@type":"PropertyValueSpecification","valueRequired":true,"valueName":"search_term_string"}}],"inLanguage":"es"},{"@type":"Organization","@id":"https:\/\/www.cftestataltarapaca.cl\/inicio\/#organization","name":"CFT Estatal Tarapac\u00e1","url":"https:\/\/www.cftestataltarapaca.cl\/inicio\/","logo":{"@type":"ImageObject","inLanguage":"es","@id":"https:\/\/www.cftestataltarapaca.cl\/inicio\/#\/schema\/logo\/image\/","url":"https:\/\/www.cftestataltarapaca.cl\/inicio\/wp-content\/uploads\/2019\/03\/logo-retina-1.png","contentUrl":"https:\/\/www.cftestataltarapaca.cl\/inicio\/wp-content\/uploads\/2019\/03\/logo-retina-1.png","width":401,"height":150,"caption":"CFT Estatal Tarapac\u00e1"},"image":{"@id":"https:\/\/www.cftestataltarapaca.cl\/inicio\/#\/schema\/logo\/image\/"},"sameAs":["https:\/\/www.facebook.com\/CFTestataltarapaca\/","https:\/\/x.com\/CFTesTarapaca","https:\/\/www.instagram.com\/CFTestataltarapaca\/"]},{"@type":"Person","@id":"https:\/\/www.cftestataltarapaca.cl\/inicio\/#\/schema\/person\/ad1fbfa1fa7c3d3889f4ae5401dd660e","name":"Comunicaciones","image":{"@type":"ImageObject","inLanguage":"es","@id":"https:\/\/secure.gravatar.com\/avatar\/ed1c2728327f20a5a62edaeb7dc181858f225b765044c5314c3d1059a1bd992f?s=96&d=mm&r=g","url":"https:\/\/secure.gravatar.com\/avatar\/ed1c2728327f20a5a62edaeb7dc181858f225b765044c5314c3d1059a1bd992f?s=96&d=mm&r=g","contentUrl":"https:\/\/secure.gravatar.com\/avatar\/ed1c2728327f20a5a62edaeb7dc181858f225b765044c5314c3d1059a1bd992f?s=96&d=mm&r=g","caption":"Comunicaciones"},"sameAs":["http:\/\/www.cftestataltarapaca.cl"],"url":"https:\/\/www.cftestataltarapaca.cl\/inicio\/author\/comunicaciones\/"}]}},"publishpress_future_action":{"enabled":false,"date":"2026-05-08 18:25:48","action":"change-status","newStatus":"draft","terms":[],"taxonomy":"category","extraData":[]},"publishpress_future_workflow_manual_trigger":{"enabledWorkflows":[]},"_links":{"self":[{"href":"https:\/\/www.cftestataltarapaca.cl\/inicio\/wp-json\/wp\/v2\/posts\/5002","targetHints":{"allow":["GET"]}}],"collection":[{"href":"https:\/\/www.cftestataltarapaca.cl\/inicio\/wp-json\/wp\/v2\/posts"}],"about":[{"href":"https:\/\/www.cftestataltarapaca.cl\/inicio\/wp-json\/wp\/v2\/types\/post"}],"author":[{"embeddable":true,"href":"https:\/\/www.cftestataltarapaca.cl\/inicio\/wp-json\/wp\/v2\/users\/2"}],"replies":[{"embeddable":true,"href":"https:\/\/www.cftestataltarapaca.cl\/inicio\/wp-json\/wp\/v2\/comments?post=5002"}],"version-history":[{"count":3,"href":"https:\/\/www.cftestataltarapaca.cl\/inicio\/wp-json\/wp\/v2\/posts\/5002\/revisions"}],"predecessor-version":[{"id":5012,"href":"https:\/\/www.cftestataltarapaca.cl\/inicio\/wp-json\/wp\/v2\/posts\/5002\/revisions\/5012"}],"wp:featuredmedia":[{"embeddable":true,"href":"https:\/\/www.cftestataltarapaca.cl\/inicio\/wp-json\/wp\/v2\/media\/5003"}],"wp:attachment":[{"href":"https:\/\/www.cftestataltarapaca.cl\/inicio\/wp-json\/wp\/v2\/media?parent=5002"}],"wp:term":[{"taxonomy":"category","embeddable":true,"href":"https:\/\/www.cftestataltarapaca.cl\/inicio\/wp-json\/wp\/v2\/categories?post=5002"},{"taxonomy":"post_tag","embeddable":true,"href":"https:\/\/www.cftestataltarapaca.cl\/inicio\/wp-json\/wp\/v2\/tags?post=5002"}],"curies":[{"name":"wp","href":"https:\/\/api.w.org\/{rel}","templated":true}]}}