{"id":5879,"date":"2020-12-01T14:08:39","date_gmt":"2020-12-01T14:08:39","guid":{"rendered":"https:\/\/www.cftestataltarapaca.cl\/inicio\/?p=5879"},"modified":"2020-12-03T20:13:58","modified_gmt":"2020-12-03T20:13:58","slug":"cft-estatal-ejecuta-plan-de-retorno-a-clases-preseciales-para-3-carreras-tecnicas-de-nivel-superior","status":"publish","type":"post","link":"https:\/\/www.cftestataltarapaca.cl\/inicio\/2020\/12\/01\/cft-estatal-ejecuta-plan-de-retorno-a-clases-preseciales-para-3-carreras-tecnicas-de-nivel-superior\/","title":{"rendered":"CFT Estatal ejecuta plan de retorno a clases preseciales para 3 carreras t\u00e9cnicas de nivel superior"},"content":{"rendered":"<p style=\"text-align: justify\">En modalidad gradual y flexible, enfocada a cursos pr\u00e1cticos de 3 de sus carreras t\u00e9cnicas de nivel superior, fue el retorno a clases presenciales en el Centro de Formaci\u00f3n T\u00e9cnica Estatal de Tarapac\u00e1.<\/p>\n<p style=\"text-align: justify\">Tras reorganizar los espacios y cumpliendo con las exigencias sanitarias necesarias en resguardo de la comunidad educativa, la instituci\u00f3n abri\u00f3 el 26 de noviembre sus puertas al alumnado de las carreras t\u00e9cnicas de nivel superior en, Mec\u00e1nico Mantenimiento Predictivo, Enfermer\u00eda y El\u00e9ctrico en Energ\u00edas Renovables.<\/p>\n<p style=\"text-align: justify\">Al respecto el rector del CFT Estatal Tarapac\u00e1, Jorge Villegas Ahumada, se\u00f1al\u00f3 que\u00a0se defini\u00f3 un plan para el retorno presencial que considera condiciones de infraestructura, seguridad y flexibilidad necesaria para los estudiantes. La autoridad se\u00f1al\u00f3 que existen actividades que deben llevarse a cabo de manera presencial y que forman parte del aprendizaje pr\u00e1ctico, como son los talleres o laboratorios, de ah\u00ed la importancia de regresar a la modalidad presencial.<\/p>\n<p style=\"text-align: justify\">El plan contempla 4 ejes que corresponden a gradualidad, seguridad, voluntariedad y flexibilidad acad\u00e9mica. Y es que el retorno seguro contempla la organizaci\u00f3n en grupos y en aquellas actividades acad\u00e9micas que\u00a0comprenden asignaturas de car\u00e1cter pr\u00e1ctico.<\/p>\n<p style=\"text-align: justify\">Se facilitar\u00e1n los medios adecuados para estudiantes que por razones de salud, f\u00edsicas u otras, no puedan acceder a la modalidad presencial. El plan busca complementar el aprendizaje adquirido en el Aula Virtual.<\/p>\n<p style=\"text-align: justify\">ASIGNATURAS<\/p>\n<p style=\"text-align: justify\">En TNS en Mec\u00e1nica Mantenimiento Predictivo las asignaturas contempladas son Tecnolog\u00eda Mec\u00e1nica I y III, Mantenimiento Predictivo II y Mec\u00e1nica de Fluidos; en TNS en Enfermer\u00eda corresponde a Enfermer\u00eda B\u00e1sica Aplicada, Primeros Auxilios y Prevenci\u00f3n de Riesgos II, y Administraci\u00f3n de Medicamentos; en El\u00e9ctrico en Energ\u00edas Renovables retornar\u00e1n a presencial las asignaturas Instalaci\u00f3n El\u00e9ctrica de Baja Tensi\u00f3n II y Normas T\u00e9cnicas El\u00e9ctricas II<\/p>\n<p style=\"text-align: justify\">En paralelo se llevan a cabo las clases online de las asignaturas del resto de las carreras.<\/p>\n<p style=\"text-align: justify\">Seg\u00fan el calendario dise\u00f1ado por la direcci\u00f3n acad\u00e9mica se espera finalizar las actividades acad\u00e9micas la primera semana de enero del 2021.<\/p>\n","protected":false},"excerpt":{"rendered":"<p>En modalidad gradual y flexible, enfocada a cursos pr\u00e1cticos de 3 de sus carreras t\u00e9cnicas de nivel superior, fue el retorno a clases presenciales en el Centro de Formaci\u00f3n T\u00e9cnica&#8230;<\/p>\n","protected":false},"author":2,"featured_media":5880,"comment_status":"open","ping_status":"open","sticky":false,"template":"","format":"standard","meta":{"_joinchat":[],"footnotes":""},"categories":[49,52,1],"tags":[],"class_list":["post-5879","post","type-post","status-publish","format-standard","has-post-thumbnail","hentry","category-academico","category-comunicados","category-sin-categoria"],"yoast_head":"<!-- This site is optimized with the Yoast SEO plugin v27.4 - https:\/\/yoast.com\/product\/yoast-seo-wordpress\/ -->\n<title>CFT Estatal ejecuta plan de retorno a clases preseciales para 3 carreras t\u00e9cnicas de nivel superior - CFT Estatal Tarapac\u00e1<\/title>\n<meta name=\"robots\" content=\"index, follow, max-snippet:-1, max-image-preview:large, max-video-preview:-1\" \/>\n<link rel=\"canonical\" href=\"https:\/\/www.cftestataltarapaca.cl\/inicio\/2020\/12\/01\/cft-estatal-ejecuta-plan-de-retorno-a-clases-preseciales-para-3-carreras-tecnicas-de-nivel-superior\/\" \/>\n<meta property=\"og:locale\" content=\"es_ES\" \/>\n<meta property=\"og:type\" content=\"article\" \/>\n<meta property=\"og:title\" content=\"CFT Estatal ejecuta plan de retorno a clases preseciales para 3 carreras t\u00e9cnicas de nivel superior - CFT Estatal Tarapac\u00e1\" \/>\n<meta property=\"og:description\" content=\"En modalidad gradual y flexible, enfocada a cursos pr\u00e1cticos de 3 de sus carreras t\u00e9cnicas de nivel superior, fue el retorno a clases presenciales en el Centro de Formaci\u00f3n T\u00e9cnica...\" \/>\n<meta property=\"og:url\" content=\"https:\/\/www.cftestataltarapaca.cl\/inicio\/2020\/12\/01\/cft-estatal-ejecuta-plan-de-retorno-a-clases-preseciales-para-3-carreras-tecnicas-de-nivel-superior\/\" \/>\n<meta property=\"og:site_name\" content=\"CFT Estatal Tarapac\u00e1\" \/>\n<meta property=\"article:publisher\" content=\"https:\/\/www.facebook.com\/CFTestataltarapaca\/\" \/>\n<meta property=\"article:published_time\" content=\"2020-12-01T14:08:39+00:00\" \/>\n<meta property=\"article:modified_time\" content=\"2020-12-03T20:13:58+00:00\" \/>\n<meta property=\"og:image\" content=\"https:\/\/www.cftestataltarapaca.cl\/inicio\/wp-content\/uploads\/2020\/12\/clases-presenciales.jpeg\" \/>\n\t<meta property=\"og:image:width\" content=\"1280\" \/>\n\t<meta property=\"og:image:height\" content=\"960\" \/>\n\t<meta property=\"og:image:type\" content=\"image\/jpeg\" \/>\n<meta name=\"author\" content=\"Comunicaciones\" \/>\n<meta name=\"twitter:card\" content=\"summary_large_image\" \/>\n<meta name=\"twitter:creator\" content=\"@CFTesTarapaca\" \/>\n<meta name=\"twitter:site\" content=\"@CFTesTarapaca\" \/>\n<meta name=\"twitter:label1\" content=\"Escrito por\" \/>\n\t<meta name=\"twitter:data1\" content=\"Comunicaciones\" \/>\n\t<meta name=\"twitter:label2\" content=\"Tiempo de lectura\" \/>\n\t<meta name=\"twitter:data2\" content=\"2 minutos\" \/>\n<script type=\"application\/ld+json\" class=\"yoast-schema-graph\">{\"@context\":\"https:\\\/\\\/schema.org\",\"@graph\":[{\"@type\":\"Article\",\"@id\":\"https:\\\/\\\/www.cftestataltarapaca.cl\\\/inicio\\\/2020\\\/12\\\/01\\\/cft-estatal-ejecuta-plan-de-retorno-a-clases-preseciales-para-3-carreras-tecnicas-de-nivel-superior\\\/#article\",\"isPartOf\":{\"@id\":\"https:\\\/\\\/www.cftestataltarapaca.cl\\\/inicio\\\/2020\\\/12\\\/01\\\/cft-estatal-ejecuta-plan-de-retorno-a-clases-preseciales-para-3-carreras-tecnicas-de-nivel-superior\\\/\"},\"author\":{\"name\":\"Comunicaciones\",\"@id\":\"https:\\\/\\\/www.cftestataltarapaca.cl\\\/inicio\\\/#\\\/schema\\\/person\\\/ad1fbfa1fa7c3d3889f4ae5401dd660e\"},\"headline\":\"CFT Estatal ejecuta plan de retorno a clases preseciales para 3 carreras t\u00e9cnicas de nivel superior\",\"datePublished\":\"2020-12-01T14:08:39+00:00\",\"dateModified\":\"2020-12-03T20:13:58+00:00\",\"mainEntityOfPage\":{\"@id\":\"https:\\\/\\\/www.cftestataltarapaca.cl\\\/inicio\\\/2020\\\/12\\\/01\\\/cft-estatal-ejecuta-plan-de-retorno-a-clases-preseciales-para-3-carreras-tecnicas-de-nivel-superior\\\/\"},\"wordCount\":373,\"commentCount\":0,\"publisher\":{\"@id\":\"https:\\\/\\\/www.cftestataltarapaca.cl\\\/inicio\\\/#organization\"},\"image\":{\"@id\":\"https:\\\/\\\/www.cftestataltarapaca.cl\\\/inicio\\\/2020\\\/12\\\/01\\\/cft-estatal-ejecuta-plan-de-retorno-a-clases-preseciales-para-3-carreras-tecnicas-de-nivel-superior\\\/#primaryimage\"},\"thumbnailUrl\":\"https:\\\/\\\/www.cftestataltarapaca.cl\\\/inicio\\\/wp-content\\\/uploads\\\/2020\\\/12\\\/clases-presenciales.jpeg\",\"articleSection\":[\"Acad\u00e9mico\",\"Comunicados\"],\"inLanguage\":\"es\",\"potentialAction\":[{\"@type\":\"CommentAction\",\"name\":\"Comment\",\"target\":[\"https:\\\/\\\/www.cftestataltarapaca.cl\\\/inicio\\\/2020\\\/12\\\/01\\\/cft-estatal-ejecuta-plan-de-retorno-a-clases-preseciales-para-3-carreras-tecnicas-de-nivel-superior\\\/#respond\"]}]},{\"@type\":\"WebPage\",\"@id\":\"https:\\\/\\\/www.cftestataltarapaca.cl\\\/inicio\\\/2020\\\/12\\\/01\\\/cft-estatal-ejecuta-plan-de-retorno-a-clases-preseciales-para-3-carreras-tecnicas-de-nivel-superior\\\/\",\"url\":\"https:\\\/\\\/www.cftestataltarapaca.cl\\\/inicio\\\/2020\\\/12\\\/01\\\/cft-estatal-ejecuta-plan-de-retorno-a-clases-preseciales-para-3-carreras-tecnicas-de-nivel-superior\\\/\",\"name\":\"CFT Estatal ejecuta plan de retorno a clases preseciales para 3 carreras t\u00e9cnicas de nivel superior - CFT Estatal Tarapac\u00e1\",\"isPartOf\":{\"@id\":\"https:\\\/\\\/www.cftestataltarapaca.cl\\\/inicio\\\/#website\"},\"primaryImageOfPage\":{\"@id\":\"https:\\\/\\\/www.cftestataltarapaca.cl\\\/inicio\\\/2020\\\/12\\\/01\\\/cft-estatal-ejecuta-plan-de-retorno-a-clases-preseciales-para-3-carreras-tecnicas-de-nivel-superior\\\/#primaryimage\"},\"image\":{\"@id\":\"https:\\\/\\\/www.cftestataltarapaca.cl\\\/inicio\\\/2020\\\/12\\\/01\\\/cft-estatal-ejecuta-plan-de-retorno-a-clases-preseciales-para-3-carreras-tecnicas-de-nivel-superior\\\/#primaryimage\"},\"thumbnailUrl\":\"https:\\\/\\\/www.cftestataltarapaca.cl\\\/inicio\\\/wp-content\\\/uploads\\\/2020\\\/12\\\/clases-presenciales.jpeg\",\"datePublished\":\"2020-12-01T14:08:39+00:00\",\"dateModified\":\"2020-12-03T20:13:58+00:00\",\"breadcrumb\":{\"@id\":\"https:\\\/\\\/www.cftestataltarapaca.cl\\\/inicio\\\/2020\\\/12\\\/01\\\/cft-estatal-ejecuta-plan-de-retorno-a-clases-preseciales-para-3-carreras-tecnicas-de-nivel-superior\\\/#breadcrumb\"},\"inLanguage\":\"es\",\"potentialAction\":[{\"@type\":\"ReadAction\",\"target\":[\"https:\\\/\\\/www.cftestataltarapaca.cl\\\/inicio\\\/2020\\\/12\\\/01\\\/cft-estatal-ejecuta-plan-de-retorno-a-clases-preseciales-para-3-carreras-tecnicas-de-nivel-superior\\\/\"]}]},{\"@type\":\"ImageObject\",\"inLanguage\":\"es\",\"@id\":\"https:\\\/\\\/www.cftestataltarapaca.cl\\\/inicio\\\/2020\\\/12\\\/01\\\/cft-estatal-ejecuta-plan-de-retorno-a-clases-preseciales-para-3-carreras-tecnicas-de-nivel-superior\\\/#primaryimage\",\"url\":\"https:\\\/\\\/www.cftestataltarapaca.cl\\\/inicio\\\/wp-content\\\/uploads\\\/2020\\\/12\\\/clases-presenciales.jpeg\",\"contentUrl\":\"https:\\\/\\\/www.cftestataltarapaca.cl\\\/inicio\\\/wp-content\\\/uploads\\\/2020\\\/12\\\/clases-presenciales.jpeg\",\"width\":1280,\"height\":960},{\"@type\":\"BreadcrumbList\",\"@id\":\"https:\\\/\\\/www.cftestataltarapaca.cl\\\/inicio\\\/2020\\\/12\\\/01\\\/cft-estatal-ejecuta-plan-de-retorno-a-clases-preseciales-para-3-carreras-tecnicas-de-nivel-superior\\\/#breadcrumb\",\"itemListElement\":[{\"@type\":\"ListItem\",\"position\":1,\"name\":\"Portada\",\"item\":\"https:\\\/\\\/www.cftestataltarapaca.cl\\\/inicio\\\/\"},{\"@type\":\"ListItem\",\"position\":2,\"name\":\"CFT Estatal ejecuta plan de retorno a clases preseciales para 3 carreras t\u00e9cnicas de nivel superior\"}]},{\"@type\":\"WebSite\",\"@id\":\"https:\\\/\\\/www.cftestataltarapaca.cl\\\/inicio\\\/#website\",\"url\":\"https:\\\/\\\/www.cftestataltarapaca.cl\\\/inicio\\\/\",\"name\":\"CFT Estatal Tarapac\u00e1\",\"description\":\"Admisi\u00f3n 2025\",\"publisher\":{\"@id\":\"https:\\\/\\\/www.cftestataltarapaca.cl\\\/inicio\\\/#organization\"},\"potentialAction\":[{\"@type\":\"SearchAction\",\"target\":{\"@type\":\"EntryPoint\",\"urlTemplate\":\"https:\\\/\\\/www.cftestataltarapaca.cl\\\/inicio\\\/?s={search_term_string}\"},\"query-input\":{\"@type\":\"PropertyValueSpecification\",\"valueRequired\":true,\"valueName\":\"search_term_string\"}}],\"inLanguage\":\"es\"},{\"@type\":\"Organization\",\"@id\":\"https:\\\/\\\/www.cftestataltarapaca.cl\\\/inicio\\\/#organization\",\"name\":\"CFT Estatal Tarapac\u00e1\",\"url\":\"https:\\\/\\\/www.cftestataltarapaca.cl\\\/inicio\\\/\",\"logo\":{\"@type\":\"ImageObject\",\"inLanguage\":\"es\",\"@id\":\"https:\\\/\\\/www.cftestataltarapaca.cl\\\/inicio\\\/#\\\/schema\\\/logo\\\/image\\\/\",\"url\":\"https:\\\/\\\/www.cftestataltarapaca.cl\\\/inicio\\\/wp-content\\\/uploads\\\/2019\\\/03\\\/logo-retina-1.png\",\"contentUrl\":\"https:\\\/\\\/www.cftestataltarapaca.cl\\\/inicio\\\/wp-content\\\/uploads\\\/2019\\\/03\\\/logo-retina-1.png\",\"width\":401,\"height\":150,\"caption\":\"CFT Estatal Tarapac\u00e1\"},\"image\":{\"@id\":\"https:\\\/\\\/www.cftestataltarapaca.cl\\\/inicio\\\/#\\\/schema\\\/logo\\\/image\\\/\"},\"sameAs\":[\"https:\\\/\\\/www.facebook.com\\\/CFTestataltarapaca\\\/\",\"https:\\\/\\\/x.com\\\/CFTesTarapaca\",\"https:\\\/\\\/www.instagram.com\\\/CFTestataltarapaca\\\/\"]},{\"@type\":\"Person\",\"@id\":\"https:\\\/\\\/www.cftestataltarapaca.cl\\\/inicio\\\/#\\\/schema\\\/person\\\/ad1fbfa1fa7c3d3889f4ae5401dd660e\",\"name\":\"Comunicaciones\",\"image\":{\"@type\":\"ImageObject\",\"inLanguage\":\"es\",\"@id\":\"https:\\\/\\\/secure.gravatar.com\\\/avatar\\\/ed1c2728327f20a5a62edaeb7dc181858f225b765044c5314c3d1059a1bd992f?s=96&d=mm&r=g\",\"url\":\"https:\\\/\\\/secure.gravatar.com\\\/avatar\\\/ed1c2728327f20a5a62edaeb7dc181858f225b765044c5314c3d1059a1bd992f?s=96&d=mm&r=g\",\"contentUrl\":\"https:\\\/\\\/secure.gravatar.com\\\/avatar\\\/ed1c2728327f20a5a62edaeb7dc181858f225b765044c5314c3d1059a1bd992f?s=96&d=mm&r=g\",\"caption\":\"Comunicaciones\"},\"sameAs\":[\"http:\\\/\\\/www.cftestataltarapaca.cl\"],\"url\":\"https:\\\/\\\/www.cftestataltarapaca.cl\\\/inicio\\\/author\\\/comunicaciones\\\/\"}]}<\/script>\n<!-- \/ Yoast SEO plugin. -->","yoast_head_json":{"title":"CFT Estatal ejecuta plan de retorno a clases preseciales para 3 carreras t\u00e9cnicas de nivel superior - CFT Estatal Tarapac\u00e1","robots":{"index":"index","follow":"follow","max-snippet":"max-snippet:-1","max-image-preview":"max-image-preview:large","max-video-preview":"max-video-preview:-1"},"canonical":"https:\/\/www.cftestataltarapaca.cl\/inicio\/2020\/12\/01\/cft-estatal-ejecuta-plan-de-retorno-a-clases-preseciales-para-3-carreras-tecnicas-de-nivel-superior\/","og_locale":"es_ES","og_type":"article","og_title":"CFT Estatal ejecuta plan de retorno a clases preseciales para 3 carreras t\u00e9cnicas de nivel superior - CFT Estatal Tarapac\u00e1","og_description":"En modalidad gradual y flexible, enfocada a cursos pr\u00e1cticos de 3 de sus carreras t\u00e9cnicas de nivel superior, fue el retorno a clases presenciales en el Centro de Formaci\u00f3n T\u00e9cnica...","og_url":"https:\/\/www.cftestataltarapaca.cl\/inicio\/2020\/12\/01\/cft-estatal-ejecuta-plan-de-retorno-a-clases-preseciales-para-3-carreras-tecnicas-de-nivel-superior\/","og_site_name":"CFT Estatal Tarapac\u00e1","article_publisher":"https:\/\/www.facebook.com\/CFTestataltarapaca\/","article_published_time":"2020-12-01T14:08:39+00:00","article_modified_time":"2020-12-03T20:13:58+00:00","og_image":[{"width":1280,"height":960,"url":"https:\/\/www.cftestataltarapaca.cl\/inicio\/wp-content\/uploads\/2020\/12\/clases-presenciales.jpeg","type":"image\/jpeg"}],"author":"Comunicaciones","twitter_card":"summary_large_image","twitter_creator":"@CFTesTarapaca","twitter_site":"@CFTesTarapaca","twitter_misc":{"Escrito por":"Comunicaciones","Tiempo de lectura":"2 minutos"},"schema":{"@context":"https:\/\/schema.org","@graph":[{"@type":"Article","@id":"https:\/\/www.cftestataltarapaca.cl\/inicio\/2020\/12\/01\/cft-estatal-ejecuta-plan-de-retorno-a-clases-preseciales-para-3-carreras-tecnicas-de-nivel-superior\/#article","isPartOf":{"@id":"https:\/\/www.cftestataltarapaca.cl\/inicio\/2020\/12\/01\/cft-estatal-ejecuta-plan-de-retorno-a-clases-preseciales-para-3-carreras-tecnicas-de-nivel-superior\/"},"author":{"name":"Comunicaciones","@id":"https:\/\/www.cftestataltarapaca.cl\/inicio\/#\/schema\/person\/ad1fbfa1fa7c3d3889f4ae5401dd660e"},"headline":"CFT Estatal ejecuta plan de retorno a clases preseciales para 3 carreras t\u00e9cnicas de nivel superior","datePublished":"2020-12-01T14:08:39+00:00","dateModified":"2020-12-03T20:13:58+00:00","mainEntityOfPage":{"@id":"https:\/\/www.cftestataltarapaca.cl\/inicio\/2020\/12\/01\/cft-estatal-ejecuta-plan-de-retorno-a-clases-preseciales-para-3-carreras-tecnicas-de-nivel-superior\/"},"wordCount":373,"commentCount":0,"publisher":{"@id":"https:\/\/www.cftestataltarapaca.cl\/inicio\/#organization"},"image":{"@id":"https:\/\/www.cftestataltarapaca.cl\/inicio\/2020\/12\/01\/cft-estatal-ejecuta-plan-de-retorno-a-clases-preseciales-para-3-carreras-tecnicas-de-nivel-superior\/#primaryimage"},"thumbnailUrl":"https:\/\/www.cftestataltarapaca.cl\/inicio\/wp-content\/uploads\/2020\/12\/clases-presenciales.jpeg","articleSection":["Acad\u00e9mico","Comunicados"],"inLanguage":"es","potentialAction":[{"@type":"CommentAction","name":"Comment","target":["https:\/\/www.cftestataltarapaca.cl\/inicio\/2020\/12\/01\/cft-estatal-ejecuta-plan-de-retorno-a-clases-preseciales-para-3-carreras-tecnicas-de-nivel-superior\/#respond"]}]},{"@type":"WebPage","@id":"https:\/\/www.cftestataltarapaca.cl\/inicio\/2020\/12\/01\/cft-estatal-ejecuta-plan-de-retorno-a-clases-preseciales-para-3-carreras-tecnicas-de-nivel-superior\/","url":"https:\/\/www.cftestataltarapaca.cl\/inicio\/2020\/12\/01\/cft-estatal-ejecuta-plan-de-retorno-a-clases-preseciales-para-3-carreras-tecnicas-de-nivel-superior\/","name":"CFT Estatal ejecuta plan de retorno a clases preseciales para 3 carreras t\u00e9cnicas de nivel superior - CFT Estatal Tarapac\u00e1","isPartOf":{"@id":"https:\/\/www.cftestataltarapaca.cl\/inicio\/#website"},"primaryImageOfPage":{"@id":"https:\/\/www.cftestataltarapaca.cl\/inicio\/2020\/12\/01\/cft-estatal-ejecuta-plan-de-retorno-a-clases-preseciales-para-3-carreras-tecnicas-de-nivel-superior\/#primaryimage"},"image":{"@id":"https:\/\/www.cftestataltarapaca.cl\/inicio\/2020\/12\/01\/cft-estatal-ejecuta-plan-de-retorno-a-clases-preseciales-para-3-carreras-tecnicas-de-nivel-superior\/#primaryimage"},"thumbnailUrl":"https:\/\/www.cftestataltarapaca.cl\/inicio\/wp-content\/uploads\/2020\/12\/clases-presenciales.jpeg","datePublished":"2020-12-01T14:08:39+00:00","dateModified":"2020-12-03T20:13:58+00:00","breadcrumb":{"@id":"https:\/\/www.cftestataltarapaca.cl\/inicio\/2020\/12\/01\/cft-estatal-ejecuta-plan-de-retorno-a-clases-preseciales-para-3-carreras-tecnicas-de-nivel-superior\/#breadcrumb"},"inLanguage":"es","potentialAction":[{"@type":"ReadAction","target":["https:\/\/www.cftestataltarapaca.cl\/inicio\/2020\/12\/01\/cft-estatal-ejecuta-plan-de-retorno-a-clases-preseciales-para-3-carreras-tecnicas-de-nivel-superior\/"]}]},{"@type":"ImageObject","inLanguage":"es","@id":"https:\/\/www.cftestataltarapaca.cl\/inicio\/2020\/12\/01\/cft-estatal-ejecuta-plan-de-retorno-a-clases-preseciales-para-3-carreras-tecnicas-de-nivel-superior\/#primaryimage","url":"https:\/\/www.cftestataltarapaca.cl\/inicio\/wp-content\/uploads\/2020\/12\/clases-presenciales.jpeg","contentUrl":"https:\/\/www.cftestataltarapaca.cl\/inicio\/wp-content\/uploads\/2020\/12\/clases-presenciales.jpeg","width":1280,"height":960},{"@type":"BreadcrumbList","@id":"https:\/\/www.cftestataltarapaca.cl\/inicio\/2020\/12\/01\/cft-estatal-ejecuta-plan-de-retorno-a-clases-preseciales-para-3-carreras-tecnicas-de-nivel-superior\/#breadcrumb","itemListElement":[{"@type":"ListItem","position":1,"name":"Portada","item":"https:\/\/www.cftestataltarapaca.cl\/inicio\/"},{"@type":"ListItem","position":2,"name":"CFT Estatal ejecuta plan de retorno a clases preseciales para 3 carreras t\u00e9cnicas de nivel superior"}]},{"@type":"WebSite","@id":"https:\/\/www.cftestataltarapaca.cl\/inicio\/#website","url":"https:\/\/www.cftestataltarapaca.cl\/inicio\/","name":"CFT Estatal Tarapac\u00e1","description":"Admisi\u00f3n 2025","publisher":{"@id":"https:\/\/www.cftestataltarapaca.cl\/inicio\/#organization"},"potentialAction":[{"@type":"SearchAction","target":{"@type":"EntryPoint","urlTemplate":"https:\/\/www.cftestataltarapaca.cl\/inicio\/?s={search_term_string}"},"query-input":{"@type":"PropertyValueSpecification","valueRequired":true,"valueName":"search_term_string"}}],"inLanguage":"es"},{"@type":"Organization","@id":"https:\/\/www.cftestataltarapaca.cl\/inicio\/#organization","name":"CFT Estatal Tarapac\u00e1","url":"https:\/\/www.cftestataltarapaca.cl\/inicio\/","logo":{"@type":"ImageObject","inLanguage":"es","@id":"https:\/\/www.cftestataltarapaca.cl\/inicio\/#\/schema\/logo\/image\/","url":"https:\/\/www.cftestataltarapaca.cl\/inicio\/wp-content\/uploads\/2019\/03\/logo-retina-1.png","contentUrl":"https:\/\/www.cftestataltarapaca.cl\/inicio\/wp-content\/uploads\/2019\/03\/logo-retina-1.png","width":401,"height":150,"caption":"CFT Estatal Tarapac\u00e1"},"image":{"@id":"https:\/\/www.cftestataltarapaca.cl\/inicio\/#\/schema\/logo\/image\/"},"sameAs":["https:\/\/www.facebook.com\/CFTestataltarapaca\/","https:\/\/x.com\/CFTesTarapaca","https:\/\/www.instagram.com\/CFTestataltarapaca\/"]},{"@type":"Person","@id":"https:\/\/www.cftestataltarapaca.cl\/inicio\/#\/schema\/person\/ad1fbfa1fa7c3d3889f4ae5401dd660e","name":"Comunicaciones","image":{"@type":"ImageObject","inLanguage":"es","@id":"https:\/\/secure.gravatar.com\/avatar\/ed1c2728327f20a5a62edaeb7dc181858f225b765044c5314c3d1059a1bd992f?s=96&d=mm&r=g","url":"https:\/\/secure.gravatar.com\/avatar\/ed1c2728327f20a5a62edaeb7dc181858f225b765044c5314c3d1059a1bd992f?s=96&d=mm&r=g","contentUrl":"https:\/\/secure.gravatar.com\/avatar\/ed1c2728327f20a5a62edaeb7dc181858f225b765044c5314c3d1059a1bd992f?s=96&d=mm&r=g","caption":"Comunicaciones"},"sameAs":["http:\/\/www.cftestataltarapaca.cl"],"url":"https:\/\/www.cftestataltarapaca.cl\/inicio\/author\/comunicaciones\/"}]}},"publishpress_future_action":{"enabled":false,"date":"2026-05-08 17:21:17","action":"change-status","newStatus":"draft","terms":[],"taxonomy":"category","extraData":[]},"publishpress_future_workflow_manual_trigger":{"enabledWorkflows":[]},"_links":{"self":[{"href":"https:\/\/www.cftestataltarapaca.cl\/inicio\/wp-json\/wp\/v2\/posts\/5879","targetHints":{"allow":["GET"]}}],"collection":[{"href":"https:\/\/www.cftestataltarapaca.cl\/inicio\/wp-json\/wp\/v2\/posts"}],"about":[{"href":"https:\/\/www.cftestataltarapaca.cl\/inicio\/wp-json\/wp\/v2\/types\/post"}],"author":[{"embeddable":true,"href":"https:\/\/www.cftestataltarapaca.cl\/inicio\/wp-json\/wp\/v2\/users\/2"}],"replies":[{"embeddable":true,"href":"https:\/\/www.cftestataltarapaca.cl\/inicio\/wp-json\/wp\/v2\/comments?post=5879"}],"version-history":[{"count":3,"href":"https:\/\/www.cftestataltarapaca.cl\/inicio\/wp-json\/wp\/v2\/posts\/5879\/revisions"}],"predecessor-version":[{"id":5903,"href":"https:\/\/www.cftestataltarapaca.cl\/inicio\/wp-json\/wp\/v2\/posts\/5879\/revisions\/5903"}],"wp:featuredmedia":[{"embeddable":true,"href":"https:\/\/www.cftestataltarapaca.cl\/inicio\/wp-json\/wp\/v2\/media\/5880"}],"wp:attachment":[{"href":"https:\/\/www.cftestataltarapaca.cl\/inicio\/wp-json\/wp\/v2\/media?parent=5879"}],"wp:term":[{"taxonomy":"category","embeddable":true,"href":"https:\/\/www.cftestataltarapaca.cl\/inicio\/wp-json\/wp\/v2\/categories?post=5879"},{"taxonomy":"post_tag","embeddable":true,"href":"https:\/\/www.cftestataltarapaca.cl\/inicio\/wp-json\/wp\/v2\/tags?post=5879"}],"curies":[{"name":"wp","href":"https:\/\/api.w.org\/{rel}","templated":true}]}}