{"id":5889,"date":"2020-12-01T20:33:16","date_gmt":"2020-12-01T20:33:16","guid":{"rendered":"https:\/\/www.cftestataltarapaca.cl\/inicio\/?p=5889"},"modified":"2020-12-01T20:33:16","modified_gmt":"2020-12-01T20:33:16","slug":"cft-estatal-reconoce-a-estudiantes-academicos-y-funcionarios-en-su-tercer-aniversario","status":"publish","type":"post","link":"https:\/\/www.cftestataltarapaca.cl\/inicio\/2020\/12\/01\/cft-estatal-reconoce-a-estudiantes-academicos-y-funcionarios-en-su-tercer-aniversario\/","title":{"rendered":"CFT Estatal reconoce a estudiantes, acad\u00e9micos y funcionarios en su Tercer Aniversario"},"content":{"rendered":"<p style=\"text-align: justify\">Su tercer aniversario celebr\u00f3 este 1 de diciembre el Centro de Formaci\u00f3n T\u00e9cnica Estatal de Tarapac\u00e1. Respetando todas las medidas sanitarias exigidas, la instituci\u00f3n llev\u00f3 a cabo una sencilla y simb\u00f3lica actividad para recordar la fecha en la que comenz\u00f3 a escribir su historia en la formaci\u00f3n de t\u00e9cnicos de la regi\u00f3n.<\/p>\n<p style=\"text-align: justify\">Liderada por el rector Jorge Villegas Ahumada y contando con la presencia del director acad\u00e9mico, Roberto Urdanivia, la fiscal Leticia Robles y la directora econ\u00f3mica, Fernanda Salazar, la actividad estuvo centrada en reconocer tanto a estudiantes de todas las carreras y en jornada diurna como vespertina, as\u00ed como docentes y funcionarios que representan los valores y principios de la instituci\u00f3n.<\/p>\n<p style=\"text-align: justify\">La ceremonia comenz\u00f3 con las palabras del rector, quien se refiri\u00f3 al esfuerzo y dedicaci\u00f3n de cada integrante del CFT por llevar a cabo su trabajo, teniendo siempre como eje principal el no detener el aprendizaje de cada estudiante de las siete carreras t\u00e9cnicas de la instituci\u00f3n. La autoridad agradeci\u00f3 tanto a funcionarios, acad\u00e9micos como estudiantes e inst\u00f3 a seguir avanzando y fortaleciendo la formaci\u00f3n t\u00e9cnica de nivel superior.<\/p>\n<p>RECONOCIMIENTOS<\/p>\n<p style=\"text-align: justify\">En la oportunidad se entregaron los siguientes reconocimientos a estudiantes por su compromiso y esfuerzo en su proceso acad\u00e9mico:<\/p>\n<ul style=\"text-align: justify\">\n<li>Carrera TNS en Log\u00edstica jornada diurna y en vespertina: Angelina Carrero y Jordan R\u00edos, respectivamente.<\/li>\n<li>Carrera TNS en Administraci\u00f3n de Empresas, en diurna y vespertina: Mar\u00eda Gaete y El\u00edas Rojas.<\/li>\n<li>Carrera TNS en Administraci\u00f3n P\u00fablica, diurna y vespertina: Claudia Sandoval Pablo Gonz\u00e1lez.<\/li>\n<li>Carrera TNS en El\u00e9ctrico Energ\u00edas Renovables, diurna y vespertina: Melvin Bernal y Diego Gatica.<\/li>\n<li>Carrera TNS en Educaci\u00f3n de P\u00e1rvulos, diurna y vespertina: Sof\u00eda P\u00e9rez y Angela Chicahual.<\/li>\n<li>Carrera TNS en Enfermer\u00eda, en diurna y vespertina: Marcela Palomino y Martha Valle.<\/li>\n<li>Carrera TNS en Mec\u00e1nico Mantenimiento Predictivo, en diurno y vespertino: Adonyz Aguilar y Esteban Cartes.<\/li>\n<\/ul>\n<p style=\"text-align: justify\">Tambi\u00e9n se reconoci\u00f3 a las y los siguientes profesores: Luis Contreras, Manuel Leiva, Diana Leyton, Karen Vidal, Yarella Corrotea, Gisleine Far\u00edas y Elio Gallardo.<\/p>\n<p style=\"text-align: justify\">La ceremonia concluy\u00f3 con la premiaci\u00f3n a funcionarios de la instituci\u00f3n, Miriam Huerta, Mar\u00eda Teresa Pe\u00f1a y Francisco Contreras, por su compromiso y pasi\u00f3n por el trabajo.<\/p>\n<p style=\"text-align: justify\">La celebraci\u00f3n del aniversario continuar\u00e1 el 3 de diciembre a las 19 hrs con una jornada recreativa que contar\u00e1 con la participaci\u00f3n del cantante Andr\u00e9s de Le\u00f3n. Ser\u00e1 a trav\u00e9s de conexi\u00f3n Meet y tambi\u00e9n por Facebook Live.<\/p>\n","protected":false},"excerpt":{"rendered":"<p>Su tercer aniversario celebr\u00f3 este 1 de diciembre el Centro de Formaci\u00f3n T\u00e9cnica Estatal de Tarapac\u00e1. Respetando todas las medidas sanitarias exigidas, la instituci\u00f3n llev\u00f3 a cabo una sencilla y&#8230;<\/p>\n","protected":false},"author":2,"featured_media":5890,"comment_status":"open","ping_status":"open","sticky":false,"template":"","format":"standard","meta":{"_joinchat":[],"footnotes":""},"categories":[49,52],"tags":[75,142,86,67],"class_list":["post-5889","post","type-post","status-publish","format-standard","has-post-thumbnail","hentry","category-academico","category-comunicados","tag-alto-hospicio","tag-aniversario","tag-cft-estatal-tarapaca","tag-tarapaca"],"yoast_head":"<!-- This site is optimized with the Yoast SEO plugin v27.4 - https:\/\/yoast.com\/product\/yoast-seo-wordpress\/ -->\n<title>CFT Estatal reconoce a estudiantes, acad\u00e9micos y funcionarios en su Tercer Aniversario - CFT Estatal Tarapac\u00e1<\/title>\n<meta name=\"robots\" content=\"index, follow, max-snippet:-1, max-image-preview:large, max-video-preview:-1\" \/>\n<link rel=\"canonical\" href=\"https:\/\/www.cftestataltarapaca.cl\/inicio\/2020\/12\/01\/cft-estatal-reconoce-a-estudiantes-academicos-y-funcionarios-en-su-tercer-aniversario\/\" \/>\n<meta property=\"og:locale\" content=\"es_ES\" \/>\n<meta property=\"og:type\" content=\"article\" \/>\n<meta property=\"og:title\" content=\"CFT Estatal reconoce a estudiantes, acad\u00e9micos y funcionarios en su Tercer Aniversario - CFT Estatal Tarapac\u00e1\" \/>\n<meta property=\"og:description\" content=\"Su tercer aniversario celebr\u00f3 este 1 de diciembre el Centro de Formaci\u00f3n T\u00e9cnica Estatal de Tarapac\u00e1. Respetando todas las medidas sanitarias exigidas, la instituci\u00f3n llev\u00f3 a cabo una sencilla y...\" \/>\n<meta property=\"og:url\" content=\"https:\/\/www.cftestataltarapaca.cl\/inicio\/2020\/12\/01\/cft-estatal-reconoce-a-estudiantes-academicos-y-funcionarios-en-su-tercer-aniversario\/\" \/>\n<meta property=\"og:site_name\" content=\"CFT Estatal Tarapac\u00e1\" \/>\n<meta property=\"article:publisher\" content=\"https:\/\/www.facebook.com\/CFTestataltarapaca\/\" \/>\n<meta property=\"article:published_time\" content=\"2020-12-01T20:33:16+00:00\" \/>\n<meta property=\"og:image\" content=\"https:\/\/www.cftestataltarapaca.cl\/inicio\/wp-content\/uploads\/2020\/12\/WhatsApp-Image-2020-12-01-at-17.16.30.jpeg\" \/>\n\t<meta property=\"og:image:width\" content=\"1280\" \/>\n\t<meta property=\"og:image:height\" content=\"960\" \/>\n\t<meta property=\"og:image:type\" content=\"image\/jpeg\" \/>\n<meta name=\"author\" content=\"Comunicaciones\" \/>\n<meta name=\"twitter:card\" content=\"summary_large_image\" \/>\n<meta name=\"twitter:creator\" content=\"@CFTesTarapaca\" \/>\n<meta name=\"twitter:site\" content=\"@CFTesTarapaca\" \/>\n<meta name=\"twitter:label1\" content=\"Escrito por\" \/>\n\t<meta name=\"twitter:data1\" content=\"Comunicaciones\" \/>\n\t<meta name=\"twitter:label2\" content=\"Tiempo de lectura\" \/>\n\t<meta name=\"twitter:data2\" content=\"2 minutos\" \/>\n<script type=\"application\/ld+json\" class=\"yoast-schema-graph\">{\"@context\":\"https:\\\/\\\/schema.org\",\"@graph\":[{\"@type\":\"Article\",\"@id\":\"https:\\\/\\\/www.cftestataltarapaca.cl\\\/inicio\\\/2020\\\/12\\\/01\\\/cft-estatal-reconoce-a-estudiantes-academicos-y-funcionarios-en-su-tercer-aniversario\\\/#article\",\"isPartOf\":{\"@id\":\"https:\\\/\\\/www.cftestataltarapaca.cl\\\/inicio\\\/2020\\\/12\\\/01\\\/cft-estatal-reconoce-a-estudiantes-academicos-y-funcionarios-en-su-tercer-aniversario\\\/\"},\"author\":{\"name\":\"Comunicaciones\",\"@id\":\"https:\\\/\\\/www.cftestataltarapaca.cl\\\/inicio\\\/#\\\/schema\\\/person\\\/ad1fbfa1fa7c3d3889f4ae5401dd660e\"},\"headline\":\"CFT Estatal reconoce a estudiantes, acad\u00e9micos y funcionarios en su Tercer Aniversario\",\"datePublished\":\"2020-12-01T20:33:16+00:00\",\"mainEntityOfPage\":{\"@id\":\"https:\\\/\\\/www.cftestataltarapaca.cl\\\/inicio\\\/2020\\\/12\\\/01\\\/cft-estatal-reconoce-a-estudiantes-academicos-y-funcionarios-en-su-tercer-aniversario\\\/\"},\"wordCount\":445,\"commentCount\":0,\"publisher\":{\"@id\":\"https:\\\/\\\/www.cftestataltarapaca.cl\\\/inicio\\\/#organization\"},\"image\":{\"@id\":\"https:\\\/\\\/www.cftestataltarapaca.cl\\\/inicio\\\/2020\\\/12\\\/01\\\/cft-estatal-reconoce-a-estudiantes-academicos-y-funcionarios-en-su-tercer-aniversario\\\/#primaryimage\"},\"thumbnailUrl\":\"https:\\\/\\\/www.cftestataltarapaca.cl\\\/inicio\\\/wp-content\\\/uploads\\\/2020\\\/12\\\/WhatsApp-Image-2020-12-01-at-17.16.30.jpeg\",\"keywords\":[\"Alto Hospicio\",\"aniversario\",\"CFT Estatal Tarapac\u00e1\",\"Tarapac\u00e1\"],\"articleSection\":[\"Acad\u00e9mico\",\"Comunicados\"],\"inLanguage\":\"es\",\"potentialAction\":[{\"@type\":\"CommentAction\",\"name\":\"Comment\",\"target\":[\"https:\\\/\\\/www.cftestataltarapaca.cl\\\/inicio\\\/2020\\\/12\\\/01\\\/cft-estatal-reconoce-a-estudiantes-academicos-y-funcionarios-en-su-tercer-aniversario\\\/#respond\"]}]},{\"@type\":\"WebPage\",\"@id\":\"https:\\\/\\\/www.cftestataltarapaca.cl\\\/inicio\\\/2020\\\/12\\\/01\\\/cft-estatal-reconoce-a-estudiantes-academicos-y-funcionarios-en-su-tercer-aniversario\\\/\",\"url\":\"https:\\\/\\\/www.cftestataltarapaca.cl\\\/inicio\\\/2020\\\/12\\\/01\\\/cft-estatal-reconoce-a-estudiantes-academicos-y-funcionarios-en-su-tercer-aniversario\\\/\",\"name\":\"CFT Estatal reconoce a estudiantes, acad\u00e9micos y funcionarios en su Tercer Aniversario - CFT Estatal Tarapac\u00e1\",\"isPartOf\":{\"@id\":\"https:\\\/\\\/www.cftestataltarapaca.cl\\\/inicio\\\/#website\"},\"primaryImageOfPage\":{\"@id\":\"https:\\\/\\\/www.cftestataltarapaca.cl\\\/inicio\\\/2020\\\/12\\\/01\\\/cft-estatal-reconoce-a-estudiantes-academicos-y-funcionarios-en-su-tercer-aniversario\\\/#primaryimage\"},\"image\":{\"@id\":\"https:\\\/\\\/www.cftestataltarapaca.cl\\\/inicio\\\/2020\\\/12\\\/01\\\/cft-estatal-reconoce-a-estudiantes-academicos-y-funcionarios-en-su-tercer-aniversario\\\/#primaryimage\"},\"thumbnailUrl\":\"https:\\\/\\\/www.cftestataltarapaca.cl\\\/inicio\\\/wp-content\\\/uploads\\\/2020\\\/12\\\/WhatsApp-Image-2020-12-01-at-17.16.30.jpeg\",\"datePublished\":\"2020-12-01T20:33:16+00:00\",\"breadcrumb\":{\"@id\":\"https:\\\/\\\/www.cftestataltarapaca.cl\\\/inicio\\\/2020\\\/12\\\/01\\\/cft-estatal-reconoce-a-estudiantes-academicos-y-funcionarios-en-su-tercer-aniversario\\\/#breadcrumb\"},\"inLanguage\":\"es\",\"potentialAction\":[{\"@type\":\"ReadAction\",\"target\":[\"https:\\\/\\\/www.cftestataltarapaca.cl\\\/inicio\\\/2020\\\/12\\\/01\\\/cft-estatal-reconoce-a-estudiantes-academicos-y-funcionarios-en-su-tercer-aniversario\\\/\"]}]},{\"@type\":\"ImageObject\",\"inLanguage\":\"es\",\"@id\":\"https:\\\/\\\/www.cftestataltarapaca.cl\\\/inicio\\\/2020\\\/12\\\/01\\\/cft-estatal-reconoce-a-estudiantes-academicos-y-funcionarios-en-su-tercer-aniversario\\\/#primaryimage\",\"url\":\"https:\\\/\\\/www.cftestataltarapaca.cl\\\/inicio\\\/wp-content\\\/uploads\\\/2020\\\/12\\\/WhatsApp-Image-2020-12-01-at-17.16.30.jpeg\",\"contentUrl\":\"https:\\\/\\\/www.cftestataltarapaca.cl\\\/inicio\\\/wp-content\\\/uploads\\\/2020\\\/12\\\/WhatsApp-Image-2020-12-01-at-17.16.30.jpeg\",\"width\":1280,\"height\":960},{\"@type\":\"BreadcrumbList\",\"@id\":\"https:\\\/\\\/www.cftestataltarapaca.cl\\\/inicio\\\/2020\\\/12\\\/01\\\/cft-estatal-reconoce-a-estudiantes-academicos-y-funcionarios-en-su-tercer-aniversario\\\/#breadcrumb\",\"itemListElement\":[{\"@type\":\"ListItem\",\"position\":1,\"name\":\"Portada\",\"item\":\"https:\\\/\\\/www.cftestataltarapaca.cl\\\/inicio\\\/\"},{\"@type\":\"ListItem\",\"position\":2,\"name\":\"CFT Estatal reconoce a estudiantes, acad\u00e9micos y funcionarios en su Tercer Aniversario\"}]},{\"@type\":\"WebSite\",\"@id\":\"https:\\\/\\\/www.cftestataltarapaca.cl\\\/inicio\\\/#website\",\"url\":\"https:\\\/\\\/www.cftestataltarapaca.cl\\\/inicio\\\/\",\"name\":\"CFT Estatal Tarapac\u00e1\",\"description\":\"Admisi\u00f3n 2025\",\"publisher\":{\"@id\":\"https:\\\/\\\/www.cftestataltarapaca.cl\\\/inicio\\\/#organization\"},\"potentialAction\":[{\"@type\":\"SearchAction\",\"target\":{\"@type\":\"EntryPoint\",\"urlTemplate\":\"https:\\\/\\\/www.cftestataltarapaca.cl\\\/inicio\\\/?s={search_term_string}\"},\"query-input\":{\"@type\":\"PropertyValueSpecification\",\"valueRequired\":true,\"valueName\":\"search_term_string\"}}],\"inLanguage\":\"es\"},{\"@type\":\"Organization\",\"@id\":\"https:\\\/\\\/www.cftestataltarapaca.cl\\\/inicio\\\/#organization\",\"name\":\"CFT Estatal Tarapac\u00e1\",\"url\":\"https:\\\/\\\/www.cftestataltarapaca.cl\\\/inicio\\\/\",\"logo\":{\"@type\":\"ImageObject\",\"inLanguage\":\"es\",\"@id\":\"https:\\\/\\\/www.cftestataltarapaca.cl\\\/inicio\\\/#\\\/schema\\\/logo\\\/image\\\/\",\"url\":\"https:\\\/\\\/www.cftestataltarapaca.cl\\\/inicio\\\/wp-content\\\/uploads\\\/2019\\\/03\\\/logo-retina-1.png\",\"contentUrl\":\"https:\\\/\\\/www.cftestataltarapaca.cl\\\/inicio\\\/wp-content\\\/uploads\\\/2019\\\/03\\\/logo-retina-1.png\",\"width\":401,\"height\":150,\"caption\":\"CFT Estatal Tarapac\u00e1\"},\"image\":{\"@id\":\"https:\\\/\\\/www.cftestataltarapaca.cl\\\/inicio\\\/#\\\/schema\\\/logo\\\/image\\\/\"},\"sameAs\":[\"https:\\\/\\\/www.facebook.com\\\/CFTestataltarapaca\\\/\",\"https:\\\/\\\/x.com\\\/CFTesTarapaca\",\"https:\\\/\\\/www.instagram.com\\\/CFTestataltarapaca\\\/\"]},{\"@type\":\"Person\",\"@id\":\"https:\\\/\\\/www.cftestataltarapaca.cl\\\/inicio\\\/#\\\/schema\\\/person\\\/ad1fbfa1fa7c3d3889f4ae5401dd660e\",\"name\":\"Comunicaciones\",\"image\":{\"@type\":\"ImageObject\",\"inLanguage\":\"es\",\"@id\":\"https:\\\/\\\/secure.gravatar.com\\\/avatar\\\/ed1c2728327f20a5a62edaeb7dc181858f225b765044c5314c3d1059a1bd992f?s=96&d=mm&r=g\",\"url\":\"https:\\\/\\\/secure.gravatar.com\\\/avatar\\\/ed1c2728327f20a5a62edaeb7dc181858f225b765044c5314c3d1059a1bd992f?s=96&d=mm&r=g\",\"contentUrl\":\"https:\\\/\\\/secure.gravatar.com\\\/avatar\\\/ed1c2728327f20a5a62edaeb7dc181858f225b765044c5314c3d1059a1bd992f?s=96&d=mm&r=g\",\"caption\":\"Comunicaciones\"},\"sameAs\":[\"http:\\\/\\\/www.cftestataltarapaca.cl\"],\"url\":\"https:\\\/\\\/www.cftestataltarapaca.cl\\\/inicio\\\/author\\\/comunicaciones\\\/\"}]}<\/script>\n<!-- \/ Yoast SEO plugin. -->","yoast_head_json":{"title":"CFT Estatal reconoce a estudiantes, acad\u00e9micos y funcionarios en su Tercer Aniversario - CFT Estatal Tarapac\u00e1","robots":{"index":"index","follow":"follow","max-snippet":"max-snippet:-1","max-image-preview":"max-image-preview:large","max-video-preview":"max-video-preview:-1"},"canonical":"https:\/\/www.cftestataltarapaca.cl\/inicio\/2020\/12\/01\/cft-estatal-reconoce-a-estudiantes-academicos-y-funcionarios-en-su-tercer-aniversario\/","og_locale":"es_ES","og_type":"article","og_title":"CFT Estatal reconoce a estudiantes, acad\u00e9micos y funcionarios en su Tercer Aniversario - CFT Estatal Tarapac\u00e1","og_description":"Su tercer aniversario celebr\u00f3 este 1 de diciembre el Centro de Formaci\u00f3n T\u00e9cnica Estatal de Tarapac\u00e1. Respetando todas las medidas sanitarias exigidas, la instituci\u00f3n llev\u00f3 a cabo una sencilla y...","og_url":"https:\/\/www.cftestataltarapaca.cl\/inicio\/2020\/12\/01\/cft-estatal-reconoce-a-estudiantes-academicos-y-funcionarios-en-su-tercer-aniversario\/","og_site_name":"CFT Estatal Tarapac\u00e1","article_publisher":"https:\/\/www.facebook.com\/CFTestataltarapaca\/","article_published_time":"2020-12-01T20:33:16+00:00","og_image":[{"width":1280,"height":960,"url":"https:\/\/www.cftestataltarapaca.cl\/inicio\/wp-content\/uploads\/2020\/12\/WhatsApp-Image-2020-12-01-at-17.16.30.jpeg","type":"image\/jpeg"}],"author":"Comunicaciones","twitter_card":"summary_large_image","twitter_creator":"@CFTesTarapaca","twitter_site":"@CFTesTarapaca","twitter_misc":{"Escrito por":"Comunicaciones","Tiempo de lectura":"2 minutos"},"schema":{"@context":"https:\/\/schema.org","@graph":[{"@type":"Article","@id":"https:\/\/www.cftestataltarapaca.cl\/inicio\/2020\/12\/01\/cft-estatal-reconoce-a-estudiantes-academicos-y-funcionarios-en-su-tercer-aniversario\/#article","isPartOf":{"@id":"https:\/\/www.cftestataltarapaca.cl\/inicio\/2020\/12\/01\/cft-estatal-reconoce-a-estudiantes-academicos-y-funcionarios-en-su-tercer-aniversario\/"},"author":{"name":"Comunicaciones","@id":"https:\/\/www.cftestataltarapaca.cl\/inicio\/#\/schema\/person\/ad1fbfa1fa7c3d3889f4ae5401dd660e"},"headline":"CFT Estatal reconoce a estudiantes, acad\u00e9micos y funcionarios en su Tercer Aniversario","datePublished":"2020-12-01T20:33:16+00:00","mainEntityOfPage":{"@id":"https:\/\/www.cftestataltarapaca.cl\/inicio\/2020\/12\/01\/cft-estatal-reconoce-a-estudiantes-academicos-y-funcionarios-en-su-tercer-aniversario\/"},"wordCount":445,"commentCount":0,"publisher":{"@id":"https:\/\/www.cftestataltarapaca.cl\/inicio\/#organization"},"image":{"@id":"https:\/\/www.cftestataltarapaca.cl\/inicio\/2020\/12\/01\/cft-estatal-reconoce-a-estudiantes-academicos-y-funcionarios-en-su-tercer-aniversario\/#primaryimage"},"thumbnailUrl":"https:\/\/www.cftestataltarapaca.cl\/inicio\/wp-content\/uploads\/2020\/12\/WhatsApp-Image-2020-12-01-at-17.16.30.jpeg","keywords":["Alto Hospicio","aniversario","CFT Estatal Tarapac\u00e1","Tarapac\u00e1"],"articleSection":["Acad\u00e9mico","Comunicados"],"inLanguage":"es","potentialAction":[{"@type":"CommentAction","name":"Comment","target":["https:\/\/www.cftestataltarapaca.cl\/inicio\/2020\/12\/01\/cft-estatal-reconoce-a-estudiantes-academicos-y-funcionarios-en-su-tercer-aniversario\/#respond"]}]},{"@type":"WebPage","@id":"https:\/\/www.cftestataltarapaca.cl\/inicio\/2020\/12\/01\/cft-estatal-reconoce-a-estudiantes-academicos-y-funcionarios-en-su-tercer-aniversario\/","url":"https:\/\/www.cftestataltarapaca.cl\/inicio\/2020\/12\/01\/cft-estatal-reconoce-a-estudiantes-academicos-y-funcionarios-en-su-tercer-aniversario\/","name":"CFT Estatal reconoce a estudiantes, acad\u00e9micos y funcionarios en su Tercer Aniversario - CFT Estatal Tarapac\u00e1","isPartOf":{"@id":"https:\/\/www.cftestataltarapaca.cl\/inicio\/#website"},"primaryImageOfPage":{"@id":"https:\/\/www.cftestataltarapaca.cl\/inicio\/2020\/12\/01\/cft-estatal-reconoce-a-estudiantes-academicos-y-funcionarios-en-su-tercer-aniversario\/#primaryimage"},"image":{"@id":"https:\/\/www.cftestataltarapaca.cl\/inicio\/2020\/12\/01\/cft-estatal-reconoce-a-estudiantes-academicos-y-funcionarios-en-su-tercer-aniversario\/#primaryimage"},"thumbnailUrl":"https:\/\/www.cftestataltarapaca.cl\/inicio\/wp-content\/uploads\/2020\/12\/WhatsApp-Image-2020-12-01-at-17.16.30.jpeg","datePublished":"2020-12-01T20:33:16+00:00","breadcrumb":{"@id":"https:\/\/www.cftestataltarapaca.cl\/inicio\/2020\/12\/01\/cft-estatal-reconoce-a-estudiantes-academicos-y-funcionarios-en-su-tercer-aniversario\/#breadcrumb"},"inLanguage":"es","potentialAction":[{"@type":"ReadAction","target":["https:\/\/www.cftestataltarapaca.cl\/inicio\/2020\/12\/01\/cft-estatal-reconoce-a-estudiantes-academicos-y-funcionarios-en-su-tercer-aniversario\/"]}]},{"@type":"ImageObject","inLanguage":"es","@id":"https:\/\/www.cftestataltarapaca.cl\/inicio\/2020\/12\/01\/cft-estatal-reconoce-a-estudiantes-academicos-y-funcionarios-en-su-tercer-aniversario\/#primaryimage","url":"https:\/\/www.cftestataltarapaca.cl\/inicio\/wp-content\/uploads\/2020\/12\/WhatsApp-Image-2020-12-01-at-17.16.30.jpeg","contentUrl":"https:\/\/www.cftestataltarapaca.cl\/inicio\/wp-content\/uploads\/2020\/12\/WhatsApp-Image-2020-12-01-at-17.16.30.jpeg","width":1280,"height":960},{"@type":"BreadcrumbList","@id":"https:\/\/www.cftestataltarapaca.cl\/inicio\/2020\/12\/01\/cft-estatal-reconoce-a-estudiantes-academicos-y-funcionarios-en-su-tercer-aniversario\/#breadcrumb","itemListElement":[{"@type":"ListItem","position":1,"name":"Portada","item":"https:\/\/www.cftestataltarapaca.cl\/inicio\/"},{"@type":"ListItem","position":2,"name":"CFT Estatal reconoce a estudiantes, acad\u00e9micos y funcionarios en su Tercer Aniversario"}]},{"@type":"WebSite","@id":"https:\/\/www.cftestataltarapaca.cl\/inicio\/#website","url":"https:\/\/www.cftestataltarapaca.cl\/inicio\/","name":"CFT Estatal Tarapac\u00e1","description":"Admisi\u00f3n 2025","publisher":{"@id":"https:\/\/www.cftestataltarapaca.cl\/inicio\/#organization"},"potentialAction":[{"@type":"SearchAction","target":{"@type":"EntryPoint","urlTemplate":"https:\/\/www.cftestataltarapaca.cl\/inicio\/?s={search_term_string}"},"query-input":{"@type":"PropertyValueSpecification","valueRequired":true,"valueName":"search_term_string"}}],"inLanguage":"es"},{"@type":"Organization","@id":"https:\/\/www.cftestataltarapaca.cl\/inicio\/#organization","name":"CFT Estatal Tarapac\u00e1","url":"https:\/\/www.cftestataltarapaca.cl\/inicio\/","logo":{"@type":"ImageObject","inLanguage":"es","@id":"https:\/\/www.cftestataltarapaca.cl\/inicio\/#\/schema\/logo\/image\/","url":"https:\/\/www.cftestataltarapaca.cl\/inicio\/wp-content\/uploads\/2019\/03\/logo-retina-1.png","contentUrl":"https:\/\/www.cftestataltarapaca.cl\/inicio\/wp-content\/uploads\/2019\/03\/logo-retina-1.png","width":401,"height":150,"caption":"CFT Estatal Tarapac\u00e1"},"image":{"@id":"https:\/\/www.cftestataltarapaca.cl\/inicio\/#\/schema\/logo\/image\/"},"sameAs":["https:\/\/www.facebook.com\/CFTestataltarapaca\/","https:\/\/x.com\/CFTesTarapaca","https:\/\/www.instagram.com\/CFTestataltarapaca\/"]},{"@type":"Person","@id":"https:\/\/www.cftestataltarapaca.cl\/inicio\/#\/schema\/person\/ad1fbfa1fa7c3d3889f4ae5401dd660e","name":"Comunicaciones","image":{"@type":"ImageObject","inLanguage":"es","@id":"https:\/\/secure.gravatar.com\/avatar\/ed1c2728327f20a5a62edaeb7dc181858f225b765044c5314c3d1059a1bd992f?s=96&d=mm&r=g","url":"https:\/\/secure.gravatar.com\/avatar\/ed1c2728327f20a5a62edaeb7dc181858f225b765044c5314c3d1059a1bd992f?s=96&d=mm&r=g","contentUrl":"https:\/\/secure.gravatar.com\/avatar\/ed1c2728327f20a5a62edaeb7dc181858f225b765044c5314c3d1059a1bd992f?s=96&d=mm&r=g","caption":"Comunicaciones"},"sameAs":["http:\/\/www.cftestataltarapaca.cl"],"url":"https:\/\/www.cftestataltarapaca.cl\/inicio\/author\/comunicaciones\/"}]}},"publishpress_future_action":{"enabled":false,"date":"2026-05-08 17:22:52","action":"change-status","newStatus":"draft","terms":[],"taxonomy":"category","extraData":[]},"publishpress_future_workflow_manual_trigger":{"enabledWorkflows":[]},"_links":{"self":[{"href":"https:\/\/www.cftestataltarapaca.cl\/inicio\/wp-json\/wp\/v2\/posts\/5889","targetHints":{"allow":["GET"]}}],"collection":[{"href":"https:\/\/www.cftestataltarapaca.cl\/inicio\/wp-json\/wp\/v2\/posts"}],"about":[{"href":"https:\/\/www.cftestataltarapaca.cl\/inicio\/wp-json\/wp\/v2\/types\/post"}],"author":[{"embeddable":true,"href":"https:\/\/www.cftestataltarapaca.cl\/inicio\/wp-json\/wp\/v2\/users\/2"}],"replies":[{"embeddable":true,"href":"https:\/\/www.cftestataltarapaca.cl\/inicio\/wp-json\/wp\/v2\/comments?post=5889"}],"version-history":[{"count":1,"href":"https:\/\/www.cftestataltarapaca.cl\/inicio\/wp-json\/wp\/v2\/posts\/5889\/revisions"}],"predecessor-version":[{"id":5891,"href":"https:\/\/www.cftestataltarapaca.cl\/inicio\/wp-json\/wp\/v2\/posts\/5889\/revisions\/5891"}],"wp:featuredmedia":[{"embeddable":true,"href":"https:\/\/www.cftestataltarapaca.cl\/inicio\/wp-json\/wp\/v2\/media\/5890"}],"wp:attachment":[{"href":"https:\/\/www.cftestataltarapaca.cl\/inicio\/wp-json\/wp\/v2\/media?parent=5889"}],"wp:term":[{"taxonomy":"category","embeddable":true,"href":"https:\/\/www.cftestataltarapaca.cl\/inicio\/wp-json\/wp\/v2\/categories?post=5889"},{"taxonomy":"post_tag","embeddable":true,"href":"https:\/\/www.cftestataltarapaca.cl\/inicio\/wp-json\/wp\/v2\/tags?post=5889"}],"curies":[{"name":"wp","href":"https:\/\/api.w.org\/{rel}","templated":true}]}}